{"id":79751487,"date":"2025-01-29T18:46:46","date_gmt":"2025-01-29T21:46:46","guid":{"rendered":"https:\/\/faculdade.grancursosonline.com.br\/blog\/?p=79751487"},"modified":"2025-01-29T18:46:49","modified_gmt":"2025-01-29T21:46:49","slug":"seguranca-publica-e-curso-superior","status":"publish","type":"post","link":"https:\/\/faculdade.grancursosonline.com.br\/blog\/seguranca-publica-e-curso-superior\/","title":{"rendered":"Gest\u00e3o em Seguran\u00e7a P\u00fablica \u00e9 curso superior? O que faz?"},"content":{"rendered":"\n<p>Gest\u00e3o em Seguran\u00e7a P\u00fablica \u00e9 uma \u00e1rea importante para o desenvolvimento de estrat\u00e9gias voltadas \u00e0 prote\u00e7\u00e3o da sociedade. Profissionais dessa \u00e1rea atuam no planejamento e execu\u00e7\u00e3o de pol\u00edticas de seguran\u00e7a, garantindo um ambiente mais seguro para todos. A atua\u00e7\u00e3o pode ocorrer em \u00f3rg\u00e3os p\u00fablicos, empresas privadas e consultorias especializadas.<\/p>\n\n\n\n<p>Esse campo exige conhecimentos em legisla\u00e7\u00e3o, gest\u00e3o de crises e administra\u00e7\u00e3o de recursos, tornando o profissional preparado para diferentes desafios. Al\u00e9m disso, a demanda por especialistas cresce \u00e0 medida que a seguran\u00e7a se torna uma prioridade no pa\u00eds.<\/p>\n\n\n\n<p>Mas afinal, Gest\u00e3o em Seguran\u00e7a P\u00fablica \u00e9 um curso superior? Como funciona essa forma\u00e7\u00e3o? Continue a leitura e descubra!<\/p>\n\n\n\n<div class=\"wp-block-columns is-layout-flex wp-container-core-columns-is-layout-9d6595d7 wp-block-columns-is-layout-flex\">\n<div class=\"wp-block-column is-layout-flow wp-block-column-is-layout-flow\" style=\"flex-basis:100%\"><div class=\"wp-block-image\">\n<figure class=\"aligncenter size-full\"><a href=\"https:\/\/whatsapp.com\/channel\/0029VaG1sChI7Be7PNndhL43\" target=\"_blank\" rel=\"noopener\"><img decoding=\"async\" src=\"https:\/\/blog-es-static.infra.grancursosonline.com.br\/wp-content\/uploads\/2025\/09\/09112354\/banner-wp-600x142-80.webp\" alt=\"Acesse o canal do WhatsApp da Gran Faculdade\" class=\"wp-image-79751904\"\/><\/a><\/figure>\n<\/div><\/div>\n<\/div>\n\n\n\n<p>Acompanhe o conte\u00fado na \u00edntegra ou navegue pelo \u00edndice, se preferir:<\/p>\n\n\n\n<ul class=\"wp-block-list\">\n<li><a href=\"#h-o-que-e-gestao-em-seguranca-publica\">O que \u00e9 Gest\u00e3o em Seguran\u00e7a P\u00fablica?\u00a0<\/a><\/li>\n\n\n\n<li><a href=\"#h-gestao-em-seguranca-publica-vale-como-curso-superior\">Gest\u00e3o em Seguran\u00e7a P\u00fablica vale como curso superior?<\/a><\/li>\n\n\n\n<li><a href=\"#h-o-que-se-estuda-em-gestao-de-seguranca-publica\">O que se estuda em Gest\u00e3o de Seguran\u00e7a P\u00fablica?<\/a><\/li>\n\n\n\n<li><a href=\"#h-quem-pode-fazer-gestao-em-seguranca-publica\">Quem pode fazer Gest\u00e3o em Seguran\u00e7a P\u00fablica?<\/a><\/li>\n\n\n\n<li><a href=\"#h-quanto-tempo-dura-o-curso-de-gestao-em-seguranca-publica\">Quanto tempo dura o curso de Gest\u00e3o em Seguran\u00e7a P\u00fablica?<\/a><\/li>\n\n\n\n<li><a href=\"#h-qual-a-diferenca-entre-gestao-de-seguranca-publica-e-privada\">Qual a diferen\u00e7a entre Gest\u00e3o de Seguran\u00e7a P\u00fablica e Privada?<\/a><\/li>\n\n\n\n<li><a href=\"#h-o-que-faz-uma-pessoa-formada-em-gestao-em-seguranca-publica\">O que faz uma pessoa formada em Gest\u00e3o em Seguran\u00e7a P\u00fablica?<\/a><\/li>\n\n\n\n<li><a href=\"#h-quanto-ganha-um-gestor-de-seguranca-publica\">Quanto ganha um Gestor de Seguran\u00e7a P\u00fablica?<\/a><\/li>\n\n\n\n<li><a href=\"#h-onde-trabalha-uma-pessoa-formada-em-gestao-em-seguranca-publica\">Onde trabalha uma pessoa formada em Gest\u00e3o em Seguran\u00e7a P\u00fablica?<\/a><\/li>\n<\/ul>\n\n\n\n<div class=\"wp-block-group has-background\" style=\"background-color:#8dd2fc7a\"><div class=\"wp-block-group__inner-container is-layout-constrained wp-block-group-is-layout-constrained\">\n<p><strong>Outras not\u00edcias em destaque:<\/strong><\/p>\n\n\n\n<ul class=\"wp-block-list\">\n<li><a href=\"https:\/\/faculdade.grancursosonline.com.br\/blog\/seguranca-publica\/\" target=\"_blank\" rel=\"noreferrer noopener\">Seguran\u00e7a P\u00fablica: o que \u00e9 e onde trabalhar? Confira!<\/a><\/li>\n\n\n\n<li><a href=\"https:\/\/faculdade.grancursosonline.com.br\/blog\/tecnologo-seguranca-publica\/\" target=\"_blank\" rel=\"noreferrer noopener\">Tecn\u00f3logo em Seguran\u00e7a P\u00fablica: Saiba tudo sobre o curso!<\/a><\/li>\n\n\n\n<li><a href=\"https:\/\/faculdade.grancursosonline.com.br\/blog\/tecnologia-seguranca-publica\/\" target=\"_blank\" rel=\"noreferrer noopener\">Tecnologia em Seguran\u00e7a P\u00fablica: como \u00e9 a faculdade EAD?<\/a><\/li>\n<\/ul>\n<\/div><\/div>\n\n\n\n<h2 class=\"wp-block-heading\" id=\"h-participe-de-uma-imersao-exclusiva-com-especialistas-em-ia-e-transforme-sua-carreira\">Participe de uma imers\u00e3o exclusiva com especialistas em IA e transforme sua carreira<\/h2>\n\n\n<div class=\"wp-block-image\">\n<figure class=\"aligncenter size-large is-resized\"><a href=\"https:\/\/lp.grancursosonline.com.br\/imersao-em-ia\/?utm_source=Wordpress&amp;utm_medium=sidebar&amp;utm_campaign=Capta%C3%A7%C3%A3o+Imers%C3%A3o+em+IA+-+Abril%2F2026+-+Blog+Ensino+Superior+-+Conte%C3%BAdo+e+SEO&amp;utm_id=Capta%C3%A7%C3%A3o+Imers%C3%A3o+em+IA+-+Abril%2F2026+-+Blog+Ensino+Superior+-+Conte%C3%BAdo+e+SEO\" target=\"_blank\" rel=\" noreferrer noopener\"><img loading=\"lazy\" decoding=\"async\" width=\"1024\" height=\"576\" src=\"https:\/\/blog-es-static.infra.grancursosonline.com.br\/wp-content\/uploads\/2026\/03\/31105919\/imersao_em_ia-1024x576.webp\" alt=\"\" class=\"wp-image-79763836\" style=\"width:488px;height:auto\"\/><\/a><\/figure>\n<\/div>\n\n\n<p><strong>Se voc\u00ea quer sair do b\u00e1sico e entender, na pr\u00e1tica, como a Intelig\u00eancia Artificial (IA) est\u00e1 moldando o mercado, esta \u00e9 a sua oportunidade.<\/strong> <\/p>\n\n\n\n<p>A Imers\u00e3o em IA re\u00fane especialistas renomados do mercado, incluindo profissionais com experi\u00eancia em grandes empresas de tecnologia como Google e Amazon, que v\u00e3o compartilhar<strong> insights estrat\u00e9gicos e aplica\u00e7\u00f5es reais<\/strong> para acelerar sua evolu\u00e7\u00e3o profissional.<\/p>\n\n\n\n<p>O evento acontecer\u00e1 em <strong>tr\u00eas encontros ao vivo, a partir do dia 13 de abril, sempre \u00e0s 20h<\/strong> (hor\u00e1rio de Bras\u00edlia), com uma programa\u00e7\u00e3o estruturada para levar voc\u00ea do entendimento dos conceitos at\u00e9 a aplica\u00e7\u00e3o pr\u00e1tica de agentes de IA.<\/p>\n\n\n\n<p>Clique no link abaixo e garanta sua participa\u00e7\u00e3o nesta experi\u00eancia <strong>gratuita, ao vivo e com potencial real de impacto na sua carreira<\/strong>.<\/p>\n\n\n\n<p class=\"has-text-align-center\"><strong><a href=\"https:\/\/lp.grancursosonline.com.br\/imersao-em-ia\/?utm_source=Wordpress&amp;utm_medium=sidebar&amp;utm_campaign=Capta%C3%A7%C3%A3o+Imers%C3%A3o+em+IA+-+Abril%2F2026+-+Blog+Ensino+Superior+-+Conte%C3%BAdo+e+SEO&amp;utm_id=Capta%C3%A7%C3%A3o+Imers%C3%A3o+em+IA+-+Abril%2F2026+-+Blog+Ensino+Superior+-+Conte%C3%BAdo+e+SEO\" target=\"_blank\" rel=\"noreferrer noopener\">Quero participar da Imers\u00e3o para aprender mais sobre IA<\/a><\/strong><\/p>\n\n\n\n<h2 class=\"wp-block-heading\" id=\"h-o-que-e-gestao-em-seguranca-publica\"><strong>O que \u00e9 Gest\u00e3o em Seguran\u00e7a P\u00fablica?\u00a0<\/strong><br><\/h2>\n\n\n\n<p>Gest\u00e3o em Seguran\u00e7a P\u00fablica \u00e9 uma \u00e1rea fundamental para manter a ordem e a prote\u00e7\u00e3o da sociedade. Ela envolve o planejamento e a execu\u00e7\u00e3o de estrat\u00e9gias para prevenir crimes, gerenciar crises e garantir o bom funcionamento das institui\u00e7\u00f5es de seguran\u00e7a.<\/p>\n\n\n\n<p>Os profissionais desse setor podem atuar em \u00f3rg\u00e3os p\u00fablicos, empresas privadas e at\u00e9 na consultoria de pol\u00edticas de seguran\u00e7a. O trabalho exige conhecimentos sobre leis, administra\u00e7\u00e3o de recursos e controle de riscos, tornando essa \u00e1rea indispens\u00e1vel.<\/p>\n\n\n\n<p>Se voc\u00ea se interessa por essa \u00e1rea e quer saber como se preparar para atuar no setor, continue lendo. Vamos explicar mais sobre essa forma\u00e7\u00e3o, as habilidades necess\u00e1rias e as oportunidades que ela pode oferecer!<\/p>\n\n\n\n<h2 class=\"wp-block-heading\" id=\"h-gestao-em-seguranca-publica-vale-como-curso-superior\"><strong>Gest\u00e3o em Seguran\u00e7a P\u00fablica vale como curso superior?<\/strong><br><\/h2>\n\n\n\n<p>Afinal, Gest\u00e3o em Seguran\u00e7a P\u00fablica vale como curso superior ou n\u00e3o? Sim! Essa forma\u00e7\u00e3o \u00e9 oferecida na modalidade tecn\u00f3logo, reconhecida pelo MEC.&nbsp;<\/p>\n\n\n\n<p>Com dura\u00e7\u00e3o m\u00e9dia de dois a tr\u00eas anos, o curso prepara profissionais para atuar na seguran\u00e7a p\u00fablica e privada, com foco em planejamento e gest\u00e3o estrat\u00e9gica.<\/p>\n\n\n\n<h2 class=\"wp-block-heading\" id=\"h-o-que-se-estuda-em-gestao-de-seguranca-publica\"><strong>O que se estuda em Gest\u00e3o de Seguran\u00e7a P\u00fablica?<\/strong><br><\/h2>\n\n\n\n<p>Se voc\u00ea tem interesse em atuar na \u00e1rea de seguran\u00e7a, \u00e9 fundamental entender o que se estuda em Gest\u00e3o de Seguran\u00e7a P\u00fablica. O curso abrange desde fundamentos da seguran\u00e7a at\u00e9 estrat\u00e9gias para preven\u00e7\u00e3o e combate ao crime. Confira algumas das principais disciplinas:<\/p>\n\n\n\n<ul class=\"wp-block-list\">\n<li><strong>Legisla\u00e7\u00e3o aplicada \u00e0 seguran\u00e7a<\/strong> \u2013 Estudo das leis que regem a seguran\u00e7a p\u00fablica no Brasil;<\/li>\n\n\n\n<li><strong>Gest\u00e3o de crises e emerg\u00eancias<\/strong> \u2013 T\u00e9cnicas para lidar com situa\u00e7\u00f5es de risco e crises;<\/li>\n\n\n\n<li><strong>Direitos humanos e cidadania<\/strong> \u2013 Import\u00e2ncia da \u00e9tica e dos direitos na atua\u00e7\u00e3o profissional;<\/li>\n\n\n\n<li><strong>Pol\u00edticas p\u00fablicas de seguran\u00e7a<\/strong> \u2013 Planejamento e execu\u00e7\u00e3o de a\u00e7\u00f5es para garantir a ordem p\u00fablica;<\/li>\n\n\n\n<li><strong>An\u00e1lise criminal e intelig\u00eancia policial<\/strong> \u2013 M\u00e9todos para preven\u00e7\u00e3o e investiga\u00e7\u00e3o de crimes;<\/li>\n\n\n\n<li><strong>Gest\u00e3o de pessoas e lideran\u00e7a<\/strong> \u2013 Habilidades para coordenar equipes e tomar decis\u00f5es estrat\u00e9gicas.<\/li>\n<\/ul>\n\n\n\n<p>Esses s\u00e3o apenas alguns dos temas abordados no curso. Ao longo da gradua\u00e7\u00e3o, voc\u00ea se aprofundar\u00e1 ainda mais, desenvolvendo conhecimentos essenciais para atuar na \u00e1rea!<\/p>\n\n\n\n<h2 class=\"wp-block-heading\" id=\"h-quem-pode-fazer-gestao-em-seguranca-publica\"><strong>Quem pode fazer Gest\u00e3o em Seguran\u00e7a P\u00fablica?<\/strong><br><\/h2>\n\n\n\n<p>Se voc\u00ea deseja atuar na \u00e1rea de Gest\u00e3o de Seguran\u00e7a P\u00fablica, seja no setor p\u00fablico ou privado, pode estar se perguntando: quem pode fazer Gest\u00e3o em Seguran\u00e7a P\u00fablica? O curso \u00e9 acess\u00edvel a diversos perfis de estudantes e profissionais. Veja quem pode ingressar:<\/p>\n\n\n\n<ul class=\"wp-block-list\">\n<li><strong>Interessados na \u00e1rea de seguran\u00e7a<\/strong> \u2013 Pessoas que desejam atuar na gest\u00e3o de pol\u00edticas de seguran\u00e7a;<\/li>\n\n\n\n<li><strong>Profissionais da seguran\u00e7a p\u00fablica<\/strong> \u2013 Policiais, bombeiros e agentes que buscam qualifica\u00e7\u00e3o para crescer na carreira;<\/li>\n\n\n\n<li><strong>Servidores p\u00fablicos<\/strong> \u2013 Funcion\u00e1rios de \u00f3rg\u00e3os de seguran\u00e7a que querem aprimorar seus conhecimentos;<\/li>\n\n\n\n<li><strong>Quem busca concursos p\u00fablicos<\/strong> \u2013 O curso \u00e9 uma excelente op\u00e7\u00e3o para quem deseja prestar concursos na \u00e1rea;<\/li>\n\n\n\n<li><strong>Rec\u00e9m-formados no ensino m\u00e9dio<\/strong> \u2013 Jovens que querem ingressar em uma \u00e1rea com alta demanda e estabilidade;<\/li>\n\n\n\n<li><strong>Pessoas com ensino m\u00e9dio completo<\/strong> \u2013 Ter o ensino m\u00e9dio conclu\u00eddo \u00e9 um requisito b\u00e1sico para ingressar em qualquer curso superior, incluindo Gest\u00e3o em Seguran\u00e7a P\u00fablica.<\/li>\n<\/ul>\n\n\n\n<p>Se voc\u00ea se encaixa em algum desses perfis, a gradua\u00e7\u00e3o pode ser o caminho ideal para seu desenvolvimento profissional!<\/p>\n\n\n\n<h3 class=\"wp-block-heading\" id=\"h-quanto-tempo-dura-o-curso-de-gestao-em-seguranca-publica\"><strong>Quanto tempo dura o curso de Gest\u00e3o em Seguran\u00e7a P\u00fablica?<\/strong><br><\/h3>\n\n\n\n<p>O curso de Gest\u00e3o em Seguran\u00e7a P\u00fablica geralmente tem dura\u00e7\u00e3o de 2 a 3 anos, dependendo da modalidade (presencial ou EAD) e da institui\u00e7\u00e3o.<br><\/p>\n\n\n\n<h2 class=\"wp-block-heading\" id=\"h-qual-a-diferenca-entre-gestao-de-seguranca-publica-e-privada\"><strong>Qual a diferen\u00e7a entre Gest\u00e3o de Seguran\u00e7a P\u00fablica e Privada?<\/strong><br><\/h2>\n\n\n\n<p>A diferen\u00e7a entre Gest\u00e3o de Seguran\u00e7a P\u00fablica e Privada est\u00e1 nas \u00e1reas de atua\u00e7\u00e3o, objetivos e m\u00e9todos usados. Vamos entender melhor:<\/p>\n\n\n\n<ul class=\"wp-block-list\">\n<li><strong>Gest\u00e3o de Seguran\u00e7a P\u00fablica<\/strong>: Focada em pol\u00edticas, opera\u00e7\u00f5es e estrat\u00e9gias de seguran\u00e7a promovidas pelo governo para proteger a sociedade, como policiamento, defesa civil e preven\u00e7\u00e3o de crimes;<\/li>\n\n\n\n<li><strong>Gest\u00e3o de Seguran\u00e7a Privada<\/strong>: Relacionada \u00e0 prote\u00e7\u00e3o de bens e pessoas dentro do setor privado, com atua\u00e7\u00e3o em empresas de seguran\u00e7a, vigil\u00e2ncia, monitoramento de c\u00e2meras, entre outros.<\/li>\n<\/ul>\n\n\n\n<p>Essas diferen\u00e7as impactam no campo de trabalho e nos desafios enfrentados em cada \u00e1rea.<\/p>\n\n\n\n<h2 class=\"wp-block-heading\" id=\"h-o-que-faz-uma-pessoa-formada-em-gestao-em-seguranca-publica\"><strong>O que faz uma pessoa formada em Gest\u00e3o em Seguran\u00e7a P\u00fablica?<\/strong><br><\/h2>\n\n\n\n<p>A forma\u00e7\u00e3o em Gest\u00e3o em Seguran\u00e7a P\u00fablica prepara os profissionais para atuarem em diversas \u00e1reas da seguran\u00e7a, com foco na administra\u00e7\u00e3o e desenvolvimento de pol\u00edticas p\u00fablicas. Veja abaixo algumas das principais atribui\u00e7\u00f5es dessa \u00e1rea:<\/p>\n\n\n\n<ul class=\"wp-block-list\">\n<li><strong>Elabora\u00e7\u00e3o de Pol\u00edticas de Seguran\u00e7a<\/strong>: Criar e implementar pol\u00edticas p\u00fablicas que visem garantir a seguran\u00e7a da popula\u00e7\u00e3o e a preven\u00e7\u00e3o de crimes;<\/li>\n\n\n\n<li><strong>Coordena\u00e7\u00e3o de Equipes de Seguran\u00e7a<\/strong>: Liderar equipes em diferentes \u00f3rg\u00e3os de seguran\u00e7a, como pol\u00edcia, corpo de bombeiros e defesa civil;<\/li>\n\n\n\n<li><strong>An\u00e1lise de Dados e Intelig\u00eancia<\/strong>: Utilizar informa\u00e7\u00f5es e tecnologia para mapear \u00e1reas de risco e identificar padr\u00f5es de criminalidade;<\/li>\n\n\n\n<li><strong>Gest\u00e3o de Recursos e Or\u00e7amento<\/strong>: Administrar os recursos financeiros e materiais necess\u00e1rios para o funcionamento das opera\u00e7\u00f5es de seguran\u00e7a;<\/li>\n\n\n\n<li><strong>Treinamento e Capacita\u00e7\u00e3o<\/strong>: Desenvolver programas de treinamento para policiais, guardas municipais e outros profissionais de seguran\u00e7a;<\/li>\n\n\n\n<li><strong>Atua\u00e7\u00e3o em Crises e Emerg\u00eancias<\/strong>: Coordenar a\u00e7\u00f5es r\u00e1pidas em situa\u00e7\u00f5es de crise, como desastres naturais, manifesta\u00e7\u00f5es e acidentes graves.<\/li>\n<\/ul>\n\n\n\n<p>Essas s\u00e3o algumas das fun\u00e7\u00f5es que um formado em Gest\u00e3o em Seguran\u00e7a P\u00fablica pode exercer para garantir a ordem e seguran\u00e7a em sua comunidade.<\/p>\n\n\n\n<h2 class=\"wp-block-heading\" id=\"h-quanto-ganha-um-gestor-de-seguranca-publica\"><strong>Quanto ganha um Gestor de Seguran\u00e7a P\u00fablica?<\/strong><br><\/h2>\n\n\n\n<p>De acordo com sites especializados em atra\u00e7\u00e3o e sele\u00e7\u00e3o, o sal\u00e1rio de um Gestor de Seguran\u00e7a P\u00fablica pode variar bastante, dependendo da regi\u00e3o e da institui\u00e7\u00e3o. Em m\u00e9dia, o profissional pode ganhar entre R$ 3 mil e R$ 8 mil por m\u00eas, com possibilidade de ganhos mais altos em cargos de lideran\u00e7a ou em setores espec\u00edficos do governo.<br><\/p>\n\n\n\n<h2 class=\"wp-block-heading\" id=\"h-onde-trabalha-uma-pessoa-formada-em-gestao-em-seguranca-publica\"><strong>Onde trabalha uma pessoa formada em Gest\u00e3o em Seguran\u00e7a P\u00fablica?<\/strong><br><\/h2>\n\n\n\n<p>Uma pessoa formada em Gest\u00e3o em Seguran\u00e7a P\u00fablica pode trabalhar em diversos \u00f3rg\u00e3os e institui\u00e7\u00f5es, como:<\/p>\n\n\n\n<ul class=\"wp-block-list\">\n<li><strong>Pol\u00edcias militares e civis<\/strong>: Atua\u00e7\u00e3o em estrat\u00e9gias e gerenciamento de recursos;<\/li>\n\n\n\n<li><strong>Secretarias de Seguran\u00e7a P\u00fablica<\/strong>: Planejamento e coordena\u00e7\u00e3o de a\u00e7\u00f5es de seguran\u00e7a;<\/li>\n\n\n\n<li><strong>Prefeituras e governos estaduais<\/strong>: Gest\u00e3o de pol\u00edticas p\u00fablicas voltadas para seguran\u00e7a;<\/li>\n\n\n\n<li><strong>Institui\u00e7\u00f5es de ensino e pesquisa<\/strong>: Atua\u00e7\u00e3o acad\u00eamica e desenvolvimento de estudos na \u00e1rea;<\/li>\n\n\n\n<li><strong>Empresas privadas de seguran\u00e7a<\/strong>: Gest\u00e3o de sistemas de seguran\u00e7a privada e consultoria.<\/li>\n<\/ul>\n\n\n\n<p>Esses s\u00e3o alguns dos principais locais onde um gestor pode aplicar seus conhecimentos na \u00e1rea.<\/p>\n\n\n\n<h2 class=\"wp-block-heading\" id=\"h-estude-com-a-gran-faculdade\">Estude com a Gran Faculdade<\/h2>\n\n\n\n<p>Inicie sua gradua\u00e7\u00e3o em Gest\u00e3o em <a href=\"https:\/\/faculdade.grancursosonline.com.br\/curso\/seguranca-publica\/\" target=\"_blank\" rel=\"noreferrer noopener\">Seguran\u00e7a P\u00fablica<\/a> aqui na <a href=\"https:\/\/faculdade.grancursosonline.com.br\/\" target=\"_blank\" rel=\"noreferrer noopener\">Gran faculdade<\/a> e conte com uma estrutura EAD pronta para te receber, grade curricular completa  e professores renomados. Aproveite nossos cupons e inicie hoje mesmo!<\/p>\n\n\n\n<div class=\"wp-block-group\"><div class=\"wp-block-group__inner-container is-layout-constrained wp-block-group-is-layout-constrained\">\n<h3 class=\"wp-block-heading\" id=\"h-cupons-de-desconto-graduacao-ead\">Cupons de desconto Gradua\u00e7\u00e3o EAD<\/h3>\n\n\n\n<p>Confira os descontos abaixo e selecione a op\u00e7\u00e3o que melhor se encaixa para voc\u00ea (<strong>valores v\u00e1lidos at\u00e9 o preenchimento das vagas<\/strong> <strong>dispon\u00edveis<\/strong>, os valores para sua matr\u00edcula ser\u00e3o os exibidos no site de compra na hora de fazer sua matr\u00edcula):<\/p>\n\n\n\n<figure class=\"wp-block-table\"><div class=\"container-tabela\"><table><tbody><tr><td>Categoria<\/td><td>Valor mensal<\/td><td>Cupom<\/td><\/tr><tr><td>Gradua\u00e7\u00e3o Social + Mulher<\/td><td>a partir de 12x de <strong><strong><strong><strong>R$ 89,90<\/strong><\/strong><\/strong><\/strong> <\/td><td>GRADSOCIALGRAN<\/td><\/tr><tr><td>Gradua\u00e7\u00e3o Alunos e Ex-alunos Gran<\/td><td>a partir de 12x de <strong><strong><strong><strong>R$ 89,90<\/strong><\/strong><\/strong><\/strong> <\/td><td>GRADALUNOGRAN<\/td><\/tr><tr><td>Gradua\u00e7\u00e3o Novos Alunos<\/td><td>a partir de 12x de <strong><strong><strong><strong>R$ 99,90<\/strong><\/strong><\/strong><\/strong><\/td><td>NOVOGRADGRAN<\/td><\/tr><\/tbody><\/table><\/div><\/figure>\n\n\n\n<p>Al\u00e9m disso, voc\u00ea pode obter 5% de desconto fazendo o pagamento \u00e0 vista!<\/p>\n\n\n\n<p class=\"has-text-align-center\"><strong><a href=\"https:\/\/faculdade.grancursosonline.com.br\/\" target=\"_blank\" rel=\"noopener\">Garanta sua matr\u00edcula com desconto!<\/a><\/strong><\/p>\n<\/div><\/div>\n\n\n\n<div class=\"wp-block-group\"><div class=\"wp-block-group__inner-container is-layout-constrained wp-block-group-is-layout-constrained\">\n<div class=\"wp-block-group\"><div class=\"wp-block-group__inner-container is-layout-constrained wp-block-group-is-layout-constrained\">\n<section style=\"text-align: center;\">\n<p>Quer ficar por dentro da Faculdade Digital mais inovadora do Brasil?<\/p>\n<nav>\n<p class=\"has-background has-dark-bluish-background-color\" style=\"font-size: 25px; text-align: center; background: #f0f0f0; color: #ffffff; padding: 4px 0px 4xp 0px;\"><a style=\"color: #0d134c; text-decoration: underline;\" href=\"https:\/\/faculdade.grancursosonline.com.br\/\" target=\"_blank\" rel=\"noopener\">GRADUA\u00c7\u00c3O<\/a><\/p>\n<p class=\"has-background has-dark-bluish-background-color\" style=\"font-size: 25px; text-align: center; background: #f0f0f0; color: #ffffff; padding: 4px 0px 4xp 0px;\"><a style=\"color: #0d134c; text-decoration: underline;\" href=\"https:\/\/pos.grancursosonline.com.br\/\" target=\"_blank\" rel=\"noopener\">P\u00d3S-GRADUA\u00c7\u00c3O<\/a><\/p>\n<p class=\"has-background has-dark-bluish-background-color\" style=\"font-size: 25px; text-align: center; background: #f0f0f0; color: #ffffff; padding: 4px 0px 4xp 0px;\"><a style=\"color: #0d134c; text-decoration: underline;\" href=\"https:\/\/faculdade.grancursosonline.com.br\/nossos-cursos\/\" target=\"_blank\" rel=\"noopener\">TUDO SOBRE A GRAN FACULDADE<\/a><\/p>\n<\/nav>\n<p><strong>Receba <span style=\"color: #cf1e25;\">gratuitamente<\/span> no seu celular as principais not\u00edcias sobre a Gran Faculdade! <br \/>Clique no link abaixo e inscreva-se:<\/strong><\/p>\n<p class=\"has-background has-dark-bluish-background-color\" style=\"font-size: 25px; text-align: center; background: #f0f0f0; color: #ffffff; padding: 4px 0px 4xp 0px;\"><a style=\"color: #0d134c; text-decoration: underline;\" href=\"https:\/\/whatsapp.com\/channel\/0029VaG1sChI7Be7PNndhL43\" target=\"_blank\" rel=\"noopener noreferrer\">WHATSAPP<\/a><\/p>\n<p class=\"has-background has-dark-bluish-background-color\" style=\"font-size: 25px; text-align: center; background: #f0f0f0; color: #ffffff; padding: 4px 0px 4xp 0px;\"><a style=\"color: #0d134c; text-decoration: underline;\" href=\"https:\/\/t.me\/GranFaculdade\" target=\"_blank\" rel=\"noopener noreferrer\">TELEGRAM<\/a><\/p>\n<\/section>\n<\/div><\/div>\n<\/div><\/div>\n","protected":false},"excerpt":{"rendered":"<p>Gest\u00e3o em Seguran\u00e7a P\u00fablica \u00e9 uma \u00e1rea importante para o desenvolvimento de estrat\u00e9gias voltadas \u00e0 prote\u00e7\u00e3o da sociedade. Profissionais dessa \u00e1rea atuam no planejamento e execu\u00e7\u00e3o de pol\u00edticas de seguran\u00e7a, garantindo um ambiente mais seguro para todos. A atua\u00e7\u00e3o pode ocorrer em \u00f3rg\u00e3os p\u00fablicos, empresas privadas e consultorias especializadas. Esse campo exige conhecimentos em legisla\u00e7\u00e3o,&hellip;<\/p>\n","protected":false},"author":514,"featured_media":79751489,"comment_status":"open","ping_status":"open","sticky":false,"template":"","format":"standard","meta":{"_acf_changed":false,"content-type":"","footnotes":""},"categories":[219790,218545,2],"tags":[],"class_list":["post-79751487","post","type-post","status-publish","format-standard","has-post-thumbnail","hentry","category-graduacao-ead","category-graduacao","category-ultimas-noticias"],"acf":[],"yoast_head":"<!-- This site is optimized with the Yoast SEO Premium plugin v27.2 (Yoast SEO v27.2) - https:\/\/yoast.com\/product\/yoast-seo-premium-wordpress\/ -->\n<title>Gest\u00e3o em Seguran\u00e7a P\u00fablica \u00e9 curso superior? O que faz?<\/title>\n<meta name=\"description\" content=\"Saiba o que um profissional de Gest\u00e3o em Seguran\u00e7a P\u00fablica faz e como o curso prepara voc\u00ea para atuar! Confira\" \/>\n<meta name=\"robots\" content=\"index, follow, max-snippet:-1, max-image-preview:large, max-video-preview:-1\" \/>\n<link rel=\"canonical\" href=\"https:\/\/faculdade.grancursosonline.com.br\/blog\/seguranca-publica-e-curso-superior\/\" \/>\n<meta property=\"og:locale\" content=\"pt_BR\" \/>\n<meta property=\"og:type\" content=\"article\" \/>\n<meta property=\"og:title\" content=\"Gest\u00e3o em Seguran\u00e7a P\u00fablica \u00e9 curso superior? O que faz?\" \/>\n<meta property=\"og:description\" content=\"Saiba o que um profissional de Gest\u00e3o em Seguran\u00e7a P\u00fablica faz e como o curso prepara voc\u00ea para atuar! Confira\" \/>\n<meta property=\"og:url\" content=\"https:\/\/faculdade.grancursosonline.com.br\/blog\/seguranca-publica-e-curso-superior\/\" \/>\n<meta property=\"og:site_name\" content=\"Blog Gran Faculdade\" \/>\n<meta property=\"article:publisher\" content=\"https:\/\/www.facebook.com\/grancursosonline\/\" \/>\n<meta property=\"article:published_time\" content=\"2025-01-29T21:46:46+00:00\" \/>\n<meta property=\"article:modified_time\" content=\"2025-01-29T21:46:49+00:00\" \/>\n<meta property=\"og:image\" content=\"https:\/\/blog-es-static.infra.grancursosonline.com.br\/wp-content\/uploads\/2025\/01\/29184016\/seguranca-publica.jpg\" \/>\n\t<meta property=\"og:image:width\" content=\"511\" \/>\n\t<meta property=\"og:image:height\" content=\"311\" \/>\n\t<meta property=\"og:image:type\" content=\"image\/jpeg\" \/>\n<meta name=\"author\" content=\"Guilherme Henrique\" \/>\n<meta name=\"twitter:card\" content=\"summary_large_image\" \/>\n<meta name=\"twitter:creator\" content=\"@gran_online\" \/>\n<meta name=\"twitter:site\" content=\"@gran_online\" \/>\n<meta name=\"twitter:label1\" content=\"Written by\" \/>\n\t<meta name=\"twitter:data1\" content=\"Guilherme Henrique\" \/>\n\t<meta name=\"twitter:label2\" content=\"Est. reading time\" \/>\n\t<meta name=\"twitter:data2\" content=\"10 minutos\" \/>\n<script type=\"application\/ld+json\" class=\"yoast-schema-graph\">{\"@context\":\"https:\/\/schema.org\",\"@graph\":[{\"@type\":\"NewsArticle\",\"@id\":\"https:\/\/faculdade.grancursosonline.com.br\/blog\/seguranca-publica-e-curso-superior\/#article\",\"isPartOf\":{\"@id\":\"https:\/\/faculdade.grancursosonline.com.br\/blog\/seguranca-publica-e-curso-superior\/\"},\"author\":{\"name\":\"Guilherme Henrique\",\"@id\":\"https:\/\/faculdade.grancursosonline.com.br\/blog\/#\/schema\/person\/9745f9b6db8976613c1f439dbcfe717d\"},\"headline\":\"Gest\u00e3o em Seguran\u00e7a P\u00fablica \u00e9 curso superior? O que faz?\",\"datePublished\":\"2025-01-29T21:46:46+00:00\",\"dateModified\":\"2025-01-29T21:46:49+00:00\",\"mainEntityOfPage\":{\"@id\":\"https:\/\/faculdade.grancursosonline.com.br\/blog\/seguranca-publica-e-curso-superior\/\"},\"wordCount\":1529,\"commentCount\":0,\"publisher\":{\"@id\":\"https:\/\/faculdade.grancursosonline.com.br\/blog\/#organization\"},\"image\":{\"@id\":\"https:\/\/faculdade.grancursosonline.com.br\/blog\/seguranca-publica-e-curso-superior\/#primaryimage\"},\"thumbnailUrl\":\"https:\/\/blog-es-static.infra.grancursosonline.com.br\/wp-content\/uploads\/2025\/01\/29184341\/seguranca-publica-2.jpg\",\"articleSection\":[\"Gradua\u00e7\u00e3o EAD\",\"Gradua\u00e7\u00e3o Gran Faculdade\",\"\u00daltimas Not\u00edcias\"],\"inLanguage\":\"pt-BR\",\"potentialAction\":[{\"@type\":\"CommentAction\",\"name\":\"Comment\",\"target\":[\"https:\/\/faculdade.grancursosonline.com.br\/blog\/seguranca-publica-e-curso-superior\/#respond\"]}],\"copyrightYear\":\"2025\",\"copyrightHolder\":{\"@id\":\"https:\/\/faculdade.grancursosonline.com.br\/blog\/#organization\"}},{\"@type\":\"WebPage\",\"@id\":\"https:\/\/faculdade.grancursosonline.com.br\/blog\/seguranca-publica-e-curso-superior\/\",\"url\":\"https:\/\/faculdade.grancursosonline.com.br\/blog\/seguranca-publica-e-curso-superior\/\",\"name\":\"Gest\u00e3o em Seguran\u00e7a P\u00fablica \u00e9 curso superior? O que faz?\",\"isPartOf\":{\"@id\":\"https:\/\/faculdade.grancursosonline.com.br\/blog\/#website\"},\"primaryImageOfPage\":{\"@id\":\"https:\/\/faculdade.grancursosonline.com.br\/blog\/seguranca-publica-e-curso-superior\/#primaryimage\"},\"image\":{\"@id\":\"https:\/\/faculdade.grancursosonline.com.br\/blog\/seguranca-publica-e-curso-superior\/#primaryimage\"},\"thumbnailUrl\":\"https:\/\/blog-es-static.infra.grancursosonline.com.br\/wp-content\/uploads\/2025\/01\/29184341\/seguranca-publica-2.jpg\",\"datePublished\":\"2025-01-29T21:46:46+00:00\",\"dateModified\":\"2025-01-29T21:46:49+00:00\",\"description\":\"Saiba o que um profissional de Gest\u00e3o em Seguran\u00e7a P\u00fablica faz e como o curso prepara voc\u00ea para atuar! Confira\",\"breadcrumb\":{\"@id\":\"https:\/\/faculdade.grancursosonline.com.br\/blog\/seguranca-publica-e-curso-superior\/#breadcrumb\"},\"inLanguage\":\"pt-BR\",\"potentialAction\":[{\"@type\":\"ReadAction\",\"target\":[\"https:\/\/faculdade.grancursosonline.com.br\/blog\/seguranca-publica-e-curso-superior\/\"]}]},{\"@type\":\"ImageObject\",\"inLanguage\":\"pt-BR\",\"@id\":\"https:\/\/faculdade.grancursosonline.com.br\/blog\/seguranca-publica-e-curso-superior\/#primaryimage\",\"url\":\"https:\/\/blog-es-static.infra.grancursosonline.com.br\/wp-content\/uploads\/2025\/01\/29184341\/seguranca-publica-2.jpg\",\"contentUrl\":\"https:\/\/blog-es-static.infra.grancursosonline.com.br\/wp-content\/uploads\/2025\/01\/29184341\/seguranca-publica-2.jpg\",\"width\":1001,\"height\":601},{\"@type\":\"BreadcrumbList\",\"@id\":\"https:\/\/faculdade.grancursosonline.com.br\/blog\/seguranca-publica-e-curso-superior\/#breadcrumb\",\"itemListElement\":[{\"@type\":\"ListItem\",\"position\":1,\"name\":\"In\u00edcio\",\"item\":\"https:\/\/faculdade.grancursosonline.com.br\/blog\/\"},{\"@type\":\"ListItem\",\"position\":2,\"name\":\"\u00daltimas Not\u00edcias\",\"item\":\"https:\/\/faculdade.grancursosonline.com.br\/blog\/ultimas-noticias\/\"},{\"@type\":\"ListItem\",\"position\":3,\"name\":\"Gest\u00e3o em Seguran\u00e7a P\u00fablica \u00e9 curso superior? O que faz?\"}]},{\"@type\":\"WebSite\",\"@id\":\"https:\/\/faculdade.grancursosonline.com.br\/blog\/#website\",\"url\":\"https:\/\/faculdade.grancursosonline.com.br\/blog\/\",\"name\":\"Blog Gran Faculdade\",\"description\":\"Tudo sobre ensino superior, p\u00f3s-gradua\u00e7\u00e3o, enem e carreira.\",\"publisher\":{\"@id\":\"https:\/\/faculdade.grancursosonline.com.br\/blog\/#organization\"},\"potentialAction\":[{\"@type\":\"SearchAction\",\"target\":{\"@type\":\"EntryPoint\",\"urlTemplate\":\"https:\/\/faculdade.grancursosonline.com.br\/blog\/?s={search_term_string}\"},\"query-input\":{\"@type\":\"PropertyValueSpecification\",\"valueRequired\":true,\"valueName\":\"search_term_string\"}}],\"inLanguage\":\"pt-BR\"},{\"@type\":\"Organization\",\"@id\":\"https:\/\/faculdade.grancursosonline.com.br\/blog\/#organization\",\"name\":\"Gran Cursos Online\",\"url\":\"https:\/\/faculdade.grancursosonline.com.br\/blog\/\",\"logo\":{\"@type\":\"ImageObject\",\"inLanguage\":\"pt-BR\",\"@id\":\"https:\/\/faculdade.grancursosonline.com.br\/blog\/#\/schema\/logo\/image\/\",\"url\":\"https:\/\/blog-es-static.infra.grancursosonline.com.br\/wp-content\/uploads\/2019\/08\/03123934\/logo.png\",\"contentUrl\":\"https:\/\/blog-es-static.infra.grancursosonline.com.br\/wp-content\/uploads\/2019\/08\/03123934\/logo.png\",\"width\":300,\"height\":57,\"caption\":\"Gran Cursos Online\"},\"image\":{\"@id\":\"https:\/\/faculdade.grancursosonline.com.br\/blog\/#\/schema\/logo\/image\/\"},\"sameAs\":[\"https:\/\/www.facebook.com\/grancursosonline\/\",\"https:\/\/x.com\/gran_online\",\"https:\/\/www.instagram.com\/grancursosonline\/\",\"https:\/\/www.youtube.com\/user\/grancursostv\"]},{\"@type\":\"Person\",\"@id\":\"https:\/\/faculdade.grancursosonline.com.br\/blog\/#\/schema\/person\/9745f9b6db8976613c1f439dbcfe717d\",\"name\":\"Guilherme Henrique\",\"url\":\"https:\/\/faculdade.grancursosonline.com.br\/blog\/author\/guilherme-lourenco\/\"}]}<\/script>\n<!-- \/ Yoast SEO Premium plugin. -->","yoast_head_json":{"title":"Gest\u00e3o em Seguran\u00e7a P\u00fablica \u00e9 curso superior? O que faz?","description":"Saiba o que um profissional de Gest\u00e3o em Seguran\u00e7a P\u00fablica faz e como o curso prepara voc\u00ea para atuar! Confira","robots":{"index":"index","follow":"follow","max-snippet":"max-snippet:-1","max-image-preview":"max-image-preview:large","max-video-preview":"max-video-preview:-1"},"canonical":"https:\/\/faculdade.grancursosonline.com.br\/blog\/seguranca-publica-e-curso-superior\/","og_locale":"pt_BR","og_type":"article","og_title":"Gest\u00e3o em Seguran\u00e7a P\u00fablica \u00e9 curso superior? O que faz?","og_description":"Saiba o que um profissional de Gest\u00e3o em Seguran\u00e7a P\u00fablica faz e como o curso prepara voc\u00ea para atuar! Confira","og_url":"https:\/\/faculdade.grancursosonline.com.br\/blog\/seguranca-publica-e-curso-superior\/","og_site_name":"Blog Gran Faculdade","article_publisher":"https:\/\/www.facebook.com\/grancursosonline\/","article_published_time":"2025-01-29T21:46:46+00:00","article_modified_time":"2025-01-29T21:46:49+00:00","og_image":[{"width":511,"height":311,"url":"https:\/\/blog-es-static.infra.grancursosonline.com.br\/wp-content\/uploads\/2025\/01\/29184016\/seguranca-publica.jpg","type":"image\/jpeg"}],"author":"Guilherme Henrique","twitter_card":"summary_large_image","twitter_creator":"@gran_online","twitter_site":"@gran_online","twitter_misc":{"Written by":"Guilherme Henrique","Est. reading time":"10 minutos"},"schema":{"@context":"https:\/\/schema.org","@graph":[{"@type":"NewsArticle","@id":"https:\/\/faculdade.grancursosonline.com.br\/blog\/seguranca-publica-e-curso-superior\/#article","isPartOf":{"@id":"https:\/\/faculdade.grancursosonline.com.br\/blog\/seguranca-publica-e-curso-superior\/"},"author":{"name":"Guilherme Henrique","@id":"https:\/\/faculdade.grancursosonline.com.br\/blog\/#\/schema\/person\/9745f9b6db8976613c1f439dbcfe717d"},"headline":"Gest\u00e3o em Seguran\u00e7a P\u00fablica \u00e9 curso superior? O que faz?","datePublished":"2025-01-29T21:46:46+00:00","dateModified":"2025-01-29T21:46:49+00:00","mainEntityOfPage":{"@id":"https:\/\/faculdade.grancursosonline.com.br\/blog\/seguranca-publica-e-curso-superior\/"},"wordCount":1529,"commentCount":0,"publisher":{"@id":"https:\/\/faculdade.grancursosonline.com.br\/blog\/#organization"},"image":{"@id":"https:\/\/faculdade.grancursosonline.com.br\/blog\/seguranca-publica-e-curso-superior\/#primaryimage"},"thumbnailUrl":"https:\/\/blog-es-static.infra.grancursosonline.com.br\/wp-content\/uploads\/2025\/01\/29184341\/seguranca-publica-2.jpg","articleSection":["Gradua\u00e7\u00e3o EAD","Gradua\u00e7\u00e3o Gran Faculdade","\u00daltimas Not\u00edcias"],"inLanguage":"pt-BR","potentialAction":[{"@type":"CommentAction","name":"Comment","target":["https:\/\/faculdade.grancursosonline.com.br\/blog\/seguranca-publica-e-curso-superior\/#respond"]}],"copyrightYear":"2025","copyrightHolder":{"@id":"https:\/\/faculdade.grancursosonline.com.br\/blog\/#organization"}},{"@type":"WebPage","@id":"https:\/\/faculdade.grancursosonline.com.br\/blog\/seguranca-publica-e-curso-superior\/","url":"https:\/\/faculdade.grancursosonline.com.br\/blog\/seguranca-publica-e-curso-superior\/","name":"Gest\u00e3o em Seguran\u00e7a P\u00fablica \u00e9 curso superior? O que faz?","isPartOf":{"@id":"https:\/\/faculdade.grancursosonline.com.br\/blog\/#website"},"primaryImageOfPage":{"@id":"https:\/\/faculdade.grancursosonline.com.br\/blog\/seguranca-publica-e-curso-superior\/#primaryimage"},"image":{"@id":"https:\/\/faculdade.grancursosonline.com.br\/blog\/seguranca-publica-e-curso-superior\/#primaryimage"},"thumbnailUrl":"https:\/\/blog-es-static.infra.grancursosonline.com.br\/wp-content\/uploads\/2025\/01\/29184341\/seguranca-publica-2.jpg","datePublished":"2025-01-29T21:46:46+00:00","dateModified":"2025-01-29T21:46:49+00:00","description":"Saiba o que um profissional de Gest\u00e3o em Seguran\u00e7a P\u00fablica faz e como o curso prepara voc\u00ea para atuar! Confira","breadcrumb":{"@id":"https:\/\/faculdade.grancursosonline.com.br\/blog\/seguranca-publica-e-curso-superior\/#breadcrumb"},"inLanguage":"pt-BR","potentialAction":[{"@type":"ReadAction","target":["https:\/\/faculdade.grancursosonline.com.br\/blog\/seguranca-publica-e-curso-superior\/"]}]},{"@type":"ImageObject","inLanguage":"pt-BR","@id":"https:\/\/faculdade.grancursosonline.com.br\/blog\/seguranca-publica-e-curso-superior\/#primaryimage","url":"https:\/\/blog-es-static.infra.grancursosonline.com.br\/wp-content\/uploads\/2025\/01\/29184341\/seguranca-publica-2.jpg","contentUrl":"https:\/\/blog-es-static.infra.grancursosonline.com.br\/wp-content\/uploads\/2025\/01\/29184341\/seguranca-publica-2.jpg","width":1001,"height":601},{"@type":"BreadcrumbList","@id":"https:\/\/faculdade.grancursosonline.com.br\/blog\/seguranca-publica-e-curso-superior\/#breadcrumb","itemListElement":[{"@type":"ListItem","position":1,"name":"In\u00edcio","item":"https:\/\/faculdade.grancursosonline.com.br\/blog\/"},{"@type":"ListItem","position":2,"name":"\u00daltimas Not\u00edcias","item":"https:\/\/faculdade.grancursosonline.com.br\/blog\/ultimas-noticias\/"},{"@type":"ListItem","position":3,"name":"Gest\u00e3o em Seguran\u00e7a P\u00fablica \u00e9 curso superior? O que faz?"}]},{"@type":"WebSite","@id":"https:\/\/faculdade.grancursosonline.com.br\/blog\/#website","url":"https:\/\/faculdade.grancursosonline.com.br\/blog\/","name":"Blog Gran Faculdade","description":"Tudo sobre ensino superior, p\u00f3s-gradua\u00e7\u00e3o, enem e carreira.","publisher":{"@id":"https:\/\/faculdade.grancursosonline.com.br\/blog\/#organization"},"potentialAction":[{"@type":"SearchAction","target":{"@type":"EntryPoint","urlTemplate":"https:\/\/faculdade.grancursosonline.com.br\/blog\/?s={search_term_string}"},"query-input":{"@type":"PropertyValueSpecification","valueRequired":true,"valueName":"search_term_string"}}],"inLanguage":"pt-BR"},{"@type":"Organization","@id":"https:\/\/faculdade.grancursosonline.com.br\/blog\/#organization","name":"Gran Cursos Online","url":"https:\/\/faculdade.grancursosonline.com.br\/blog\/","logo":{"@type":"ImageObject","inLanguage":"pt-BR","@id":"https:\/\/faculdade.grancursosonline.com.br\/blog\/#\/schema\/logo\/image\/","url":"https:\/\/blog-es-static.infra.grancursosonline.com.br\/wp-content\/uploads\/2019\/08\/03123934\/logo.png","contentUrl":"https:\/\/blog-es-static.infra.grancursosonline.com.br\/wp-content\/uploads\/2019\/08\/03123934\/logo.png","width":300,"height":57,"caption":"Gran Cursos Online"},"image":{"@id":"https:\/\/faculdade.grancursosonline.com.br\/blog\/#\/schema\/logo\/image\/"},"sameAs":["https:\/\/www.facebook.com\/grancursosonline\/","https:\/\/x.com\/gran_online","https:\/\/www.instagram.com\/grancursosonline\/","https:\/\/www.youtube.com\/user\/grancursostv"]},{"@type":"Person","@id":"https:\/\/faculdade.grancursosonline.com.br\/blog\/#\/schema\/person\/9745f9b6db8976613c1f439dbcfe717d","name":"Guilherme Henrique","url":"https:\/\/faculdade.grancursosonline.com.br\/blog\/author\/guilherme-lourenco\/"}]}},"_links":{"self":[{"href":"https:\/\/faculdade.grancursosonline.com.br\/blog\/wp-json\/wp\/v2\/posts\/79751487","targetHints":{"allow":["GET"]}}],"collection":[{"href":"https:\/\/faculdade.grancursosonline.com.br\/blog\/wp-json\/wp\/v2\/posts"}],"about":[{"href":"https:\/\/faculdade.grancursosonline.com.br\/blog\/wp-json\/wp\/v2\/types\/post"}],"author":[{"embeddable":true,"href":"https:\/\/faculdade.grancursosonline.com.br\/blog\/wp-json\/wp\/v2\/users\/514"}],"replies":[{"embeddable":true,"href":"https:\/\/faculdade.grancursosonline.com.br\/blog\/wp-json\/wp\/v2\/comments?post=79751487"}],"version-history":[{"count":1,"href":"https:\/\/faculdade.grancursosonline.com.br\/blog\/wp-json\/wp\/v2\/posts\/79751487\/revisions"}],"predecessor-version":[{"id":79751490,"href":"https:\/\/faculdade.grancursosonline.com.br\/blog\/wp-json\/wp\/v2\/posts\/79751487\/revisions\/79751490"}],"wp:featuredmedia":[{"embeddable":true,"href":"https:\/\/faculdade.grancursosonline.com.br\/blog\/wp-json\/wp\/v2\/media\/79751489"}],"wp:attachment":[{"href":"https:\/\/faculdade.grancursosonline.com.br\/blog\/wp-json\/wp\/v2\/media?parent=79751487"}],"wp:term":[{"taxonomy":"category","embeddable":true,"href":"https:\/\/faculdade.grancursosonline.com.br\/blog\/wp-json\/wp\/v2\/categories?post=79751487"},{"taxonomy":"post_tag","embeddable":true,"href":"https:\/\/faculdade.grancursosonline.com.br\/blog\/wp-json\/wp\/v2\/tags?post=79751487"}],"curies":[{"name":"wp","href":"https:\/\/api.w.org\/{rel}","templated":true}]}}