{"id":79751551,"date":"2025-02-04T14:19:17","date_gmt":"2025-02-04T17:19:17","guid":{"rendered":"https:\/\/faculdade.grancursosonline.com.br\/blog\/?p=79751551"},"modified":"2025-02-04T14:21:09","modified_gmt":"2025-02-04T17:21:09","slug":"fies-2025-data-de-inscricao","status":"publish","type":"post","link":"https:\/\/faculdade.grancursosonline.com.br\/blog\/fies-2025-data-de-inscricao\/","title":{"rendered":"Fies 2025: data de inscri\u00e7\u00e3o  come\u00e7a nesta ter\u00e7a (4); veja pr\u00f3ximos passos"},"content":{"rendered":"\n<p>Se voc\u00ea deseja financiar sua gradua\u00e7\u00e3o, fique atento! A Fies 2025 data de inscri\u00e7\u00e3o come\u00e7a nesta ter\u00e7a-feira, dia 4 de fevereiro, e segue at\u00e9 o dia 7. Essa \u00e9 a sua chance de ingressar no ensino superior com condi\u00e7\u00f5es facilitadas.<\/p>\n\n\n\n<p>O Fundo de Financiamento Estudantil (Fies) permite que estudantes cursem a faculdade pagando apenas depois da forma\u00e7\u00e3o. Com juros baixos e prazos acess\u00edveis, o programa \u00e9 uma \u00f3tima op\u00e7\u00e3o para quem precisa de apoio financeiro para realizar o sonho da gradua\u00e7\u00e3o.<\/p>\n\n\n\n<p>N\u00e3o perca essa oportunidade! Continue a leitura para saber como se inscrever no Fies 2025, quais s\u00e3o os crit\u00e9rios de sele\u00e7\u00e3o e como garantir sua vaga no ensino superior com tranquilidade.<\/p>\n\n\n\n<div class=\"wp-block-columns is-layout-flex wp-container-core-columns-is-layout-9d6595d7 wp-block-columns-is-layout-flex\">\n<div class=\"wp-block-column is-layout-flow wp-block-column-is-layout-flow\" style=\"flex-basis:100%\"><div class=\"wp-block-image\">\n<figure class=\"aligncenter size-full\"><a href=\"https:\/\/whatsapp.com\/channel\/0029VaG1sChI7Be7PNndhL43\" target=\"_blank\" rel=\"noopener\"><img decoding=\"async\" src=\"https:\/\/blog-es-static.infra.grancursosonline.com.br\/wp-content\/uploads\/2025\/09\/09112354\/banner-wp-600x142-80.webp\" alt=\"Acesse o canal do WhatsApp da Gran Faculdade\" class=\"wp-image-79751904\"\/><\/a><\/figure>\n<\/div><\/div>\n<\/div>\n\n\n\n<p>Acompanhe o conte\u00fado na \u00edntegra, ou navegue pelo \u00edndice se preferir:<\/p>\n\n\n\n<ul class=\"wp-block-list\">\n<li><a href=\"#h-como-funciona-o-fies\">Como funciona o Fies?<\/a><\/li>\n\n\n\n<li><a href=\"#h-quando-abre-o-fies-2025\">Quando abre o Fies 2025<\/a><\/li>\n\n\n\n<li><a href=\"#h-como-se-inscrever-no-fies-2025\">Como se inscrever no Fies 2025?<\/a><\/li>\n\n\n\n<li><a href=\"#h-quais-sao-os-requisitos-para-o-fies-2025\">Quais s\u00e3o os requisitos para o Fies 2025?<\/a><\/li>\n\n\n\n<li><a href=\"#h-fies-2025-cronograma\">Fies 2025 cronograma<\/a><\/li>\n<\/ul>\n\n\n\n<div class=\"wp-block-group has-background\" style=\"background-color:#8dd2fc7a\"><div class=\"wp-block-group__inner-container is-layout-constrained wp-block-group-is-layout-constrained\">\n<p><strong>Outras not\u00edcias em destaque:<\/strong><\/p>\n\n\n\n<ul class=\"wp-block-list\">\n<li><a href=\"https:\/\/faculdade.grancursosonline.com.br\/blog\/fies-financiamento-estudantil\/\">FIES: o que \u00e9 e como funciona o financiamento estudantil?<\/a><\/li>\n\n\n\n<li><a href=\"https:\/\/faculdade.grancursosonline.com.br\/blog\/faculdade-entenda-tudo-sobre-cursos\/\">Faculdade: entenda tudo sobre cursos e oportunidades de carreira<\/a><\/li>\n\n\n\n<li><a href=\"https:\/\/faculdade.grancursosonline.com.br\/blog\/edital-fies-2025\/\" target=\"_blank\" rel=\"noreferrer noopener\">Edital Fies 2025 foi publicado! Confira as datas e vagas<\/a><\/li>\n<\/ul>\n<\/div><\/div>\n\n\n\n<h2 class=\"wp-block-heading\" id=\"h-como-funciona-o-fies\"><strong>Como funciona o Fies?<\/strong><br><\/h2>\n\n\n\n<p>O Fies \u00e9 um programa do governo que financia a sua gradua\u00e7\u00e3o em institui\u00e7\u00f5es privadas, permitindo que voc\u00ea pague as mensalidades somente ap\u00f3s a conclus\u00e3o do curso. Com juros baixos e prazos acess\u00edveis, o Fies facilita o acesso ao ensino superior para milhares de estudantes.<\/p>\n\n\n\n<p>Para participar do Fies 2025 data de inscri\u00e7\u00e3o, \u00e9 preciso ter feito o Enem e atender aos crit\u00e9rios de renda exigidos. As inscri\u00e7\u00f5es acontecem pelo site oficial do Fies, e os selecionados garantem um financiamento que pode cobrir at\u00e9 100% da mensalidade. N\u00e3o perca essa chance de investir no seu futuro!<\/p>\n\n\n\n<h2 class=\"wp-block-heading\" id=\"h-quando-abre-o-fies-2025\"><strong>Quando abre o Fies 2025?<\/strong><br><\/h2>\n\n\n\n<p>A Fies 2025 data de inscri\u00e7\u00e3o come\u00e7a hoje, dia 4 de fevereiro vai at\u00e9 <strong>sexta-feira, dia 7 de fevereiro<\/strong>! Se voc\u00ea quer financiar sua gradua\u00e7\u00e3o e garantir um futuro promissor, essa \u00e9 a sua chance.&nbsp;<\/p>\n\n\n\n<p>Mas fique atento, porque o prazo \u00e9 curto e perder essa oportunidade significa esperar at\u00e9 o pr\u00f3ximo processo seletivo.<\/p>\n\n\n\n<h2 class=\"wp-block-heading\" id=\"h-como-se-inscrever-no-fies-2025\"><strong>Como se inscrever no Fies 2025?<\/strong><br><\/h2>\n\n\n\n<p>Para te ajudar a realizar a sua Fies inscri\u00e7\u00e3o 2025, criamos esse passo a passo:<\/p>\n\n\n\n<ol class=\"wp-block-list\">\n<li><strong>Acesse o site oficial<\/strong> \u2013 Entre no <strong>portal do Fies<\/strong>;<\/li>\n\n\n\n<li><strong>Fa\u00e7a login com gov.br<\/strong> \u2013 Utilize sua conta do governo para acessar o sistema;<\/li>\n\n\n\n<li><strong>Preencha os dados<\/strong> \u2013 Informe seu CPF, dados pessoais e acad\u00eamicos;<\/li>\n\n\n\n<li><strong>Escolha o curso e a institui\u00e7\u00e3o<\/strong> \u2013 Selecione a gradua\u00e7\u00e3o que deseja financiar;<\/li>\n\n\n\n<li><strong>Confirme as informa\u00e7\u00f5es<\/strong> \u2013 Revise tudo com aten\u00e7\u00e3o e envie a inscri\u00e7\u00e3o.<\/li>\n<\/ol>\n\n\n\n<p>Agora \u00e9 s\u00f3 aguardar o resultado e torcer para conquistar sua vaga! \ud83d\ude80<\/p>\n\n\n\n<h2 class=\"wp-block-heading\" id=\"h-quais-sao-os-requisitos-para-o-fies-2025\"><strong>Quais s\u00e3o os requisitos para o Fies 2025?<\/strong><\/h2>\n\n\n\n<p>Ap\u00f3s saber como fazer a sua Fies 2025 inscri\u00e7\u00e3o, \u00e9 importante conferir se voc\u00ea atende aos requisitos do programa. Afinal, para garantir o financiamento, \u00e9 necess\u00e1rio cumprir algumas exig\u00eancias estabelecidas pelo MEC. Veja abaixo os principais crit\u00e9rios para participar:<\/p>\n\n\n\n<h3 class=\"wp-block-heading\"><strong>Requisitos para o Fies 2025:<\/strong><\/h3>\n\n\n\n<p>\u2705 <strong>Renda familiar<\/strong> \u2013 Ter renda bruta familiar mensal de at\u00e9 <strong>tr\u00eas sal\u00e1rios m\u00ednimos por pessoa<\/strong>;<br>\u2705 <strong>Nota no Enem<\/strong> \u2013 Ter participado do <strong>Enem a partir de 2010<\/strong>, com nota m\u00ednima de <strong>450 pontos<\/strong> na m\u00e9dia geral e <strong>n\u00e3o ter zerado a reda\u00e7\u00e3o<\/strong>;<br>\u2705 <strong>Curso e institui\u00e7\u00e3o eleg\u00edveis<\/strong> \u2013 O curso escolhido deve ter <strong>avalia\u00e7\u00e3o positiva pelo MEC<\/strong> e a institui\u00e7\u00e3o precisa estar cadastrada no programa;<br>\u2705 <strong>Cadastro no sistema<\/strong> \u2013 Realizar a inscri\u00e7\u00e3o dentro do prazo oficial no <strong>portal do Fies<\/strong>.<\/p>\n\n\n\n<p>Se voc\u00ea atende a esses requisitos, j\u00e1 pode garantir sua inscri\u00e7\u00e3o e dar o primeiro passo rumo ao ensino superior! \ud83c\udf93<\/p>\n\n\n\n<h2 class=\"wp-block-heading\" id=\"h-fies-2025-cronograma\"><strong>Fies 2025 cronograma<\/strong><br><\/h2>\n\n\n\n<p>Para te ajudar a n\u00e3o perder nenhum prazo importante como a Fies 2025 data de inscri\u00e7\u00e3o, exemplificamos o cronograma do <strong>Fies 2025<\/strong> de forma simples e direta. Fique atento \u00e0s datas e garanta sua participa\u00e7\u00e3o no programa de financiamento estudantil!<\/p>\n\n\n\n<h3 class=\"wp-block-heading\"><strong>Cronograma do Fies 2025:<\/strong><\/h3>\n\n\n\n<p>\ud83d\udccc <strong>Fies 2025 data de inscri\u00e7\u00e3o: <\/strong>&nbsp;De <strong>4 a 7 de fevereiro<\/strong>;<br>\ud83d\udccc <strong>Divulga\u00e7\u00e3o do resultado<\/strong>: dia <strong>18 de fevereiro<\/strong>;<br>\ud83d\udccc <strong>Lista de espera<\/strong> :a partir de <strong>25 de fevereiro<\/strong>.<\/p>\n\n\n\n<p>Fique ligado nesses prazos e aproveite a oportunidade de financiar sua gradua\u00e7\u00e3o com condi\u00e7\u00f5es especiais! \ud83c\udf93<\/p>\n\n\n\n<h2 class=\"wp-block-heading\" id=\"h-conheca-os-cursos-da-gran-faculdade\">Conhe\u00e7a os cursos da Gran Faculdade!<\/h2>\n\n\n\n<p>Na <a href=\"https:\/\/faculdade.grancursosonline.com.br\/\" target=\"_blank\" rel=\"noreferrer noopener\">Gran Faculdade<\/a>, voc\u00ea encontra diversas op\u00e7\u00f5es para sua forma\u00e7\u00e3o, desde cursos de <a href=\"https:\/\/faculdade.grancursosonline.com.br\/\" target=\"_blank\" rel=\"noreferrer noopener\">gradua\u00e7\u00e3o<\/a> at\u00e9 <a href=\"https:\/\/pos.grancursosonline.com.br\/\" target=\"_blank\" rel=\"noreferrer noopener\">especializa\u00e7\u00f5es<\/a> e <a href=\"https:\/\/pos.grancursosonline.com.br\/mba\" target=\"_blank\" rel=\"noreferrer noopener\">MBAs<\/a>, com a flexibilidade e qualidade que voc\u00ea precisa para avan\u00e7ar na sua carreira.<\/p>\n\n\n\n<p>Nossos cursos de <a href=\"https:\/\/faculdade.grancursosonline.com.br\/\" target=\"_blank\" rel=\"noreferrer noopener\">gradua\u00e7\u00e3o<\/a> e <a href=\"https:\/\/pos.grancursosonline.com.br\/\" target=\"_blank\" rel=\"noreferrer noopener\">p\u00f3s-gradua\u00e7\u00e3o EAD<\/a> s\u00e3o 100% online, mas tamb\u00e9m oferecemos op\u00e7\u00f5es de <a href=\"https:\/\/presencial.grancursosonline.com.br\/\" target=\"_blank\" rel=\"noreferrer noopener\">cursos presenciais no Campus Curitiba<\/a>, permitindo que voc\u00ea estude de forma pr\u00e1tica e no seu ritmo e do seu jeito, otimizando tamb\u00e9m a prepara\u00e7\u00e3o para concursos p\u00fablicos. Eles oferecem uma base s\u00f3lida para sua atua\u00e7\u00e3o profissional e te ajudam a se destacar ainda mais no mercado.<\/p>\n\n\n\n<p>S\u00e3o v\u00e1rias op\u00e7\u00f5es de cursos nas \u00e1reas de Gest\u00e3o, Educa\u00e7\u00e3o, Direito, Policial, Tecnologia e Engenharia. Aqui, voc\u00ea estuda em uma institui\u00e7\u00e3o reconhecida pelo MEC com nota m\u00e1xima, aproveitando mensalidades acess\u00edveis e ajustadas \u00e0 sua rotina.<\/p>\n\n\n\n<p>N\u00e3o perca a chance de transformar sua vida acad\u00eamica e profissional! Confira nossos cursos, fa\u00e7a sua matr\u00edcula e comece hoje mesmo sua jornada com o Gran Faculdade:<\/p>\n\n\n\n<p class=\"has-text-align-center\"><a href=\"https:\/\/faculdade.grancursosonline.com.br\/\" target=\"_blank\" rel=\"noreferrer noopener\">Conhe\u00e7a os cursos da Gran Faculdade<\/a><\/p>\n\n\n\n<div class=\"wp-block-group\"><div class=\"wp-block-group__inner-container is-layout-constrained wp-block-group-is-layout-constrained\">\n<div class=\"wp-block-group\"><div class=\"wp-block-group__inner-container is-layout-constrained wp-block-group-is-layout-constrained\">\n<section style=\"text-align: center;\">\n<p>Quer ficar por dentro da Faculdade Digital mais inovadora do Brasil?<\/p>\n<nav>\n<p class=\"has-background has-dark-bluish-background-color\" style=\"font-size: 25px; text-align: center; background: #f0f0f0; color: #ffffff; padding: 4px 0px 4xp 0px;\"><a style=\"color: #0d134c; text-decoration: underline;\" href=\"https:\/\/faculdade.grancursosonline.com.br\/\" target=\"_blank\" rel=\"noopener\">GRADUA\u00c7\u00c3O<\/a><\/p>\n<p class=\"has-background has-dark-bluish-background-color\" style=\"font-size: 25px; text-align: center; background: #f0f0f0; color: #ffffff; padding: 4px 0px 4xp 0px;\"><a style=\"color: #0d134c; text-decoration: underline;\" href=\"https:\/\/pos.grancursosonline.com.br\/\" target=\"_blank\" rel=\"noopener\">P\u00d3S-GRADUA\u00c7\u00c3O<\/a><\/p>\n<p class=\"has-background has-dark-bluish-background-color\" style=\"font-size: 25px; text-align: center; background: #f0f0f0; color: #ffffff; padding: 4px 0px 4xp 0px;\"><a style=\"color: #0d134c; text-decoration: underline;\" href=\"https:\/\/faculdade.grancursosonline.com.br\/nossos-cursos\/\" target=\"_blank\" rel=\"noopener\">TUDO SOBRE A GRAN FACULDADE<\/a><\/p>\n<\/nav>\n<p><strong>Receba <span style=\"color: #cf1e25;\">gratuitamente<\/span> no seu celular as principais not\u00edcias sobre a Gran Faculdade! <br \/>Clique no link abaixo e inscreva-se:<\/strong><\/p>\n<p class=\"has-background has-dark-bluish-background-color\" style=\"font-size: 25px; text-align: center; background: #f0f0f0; color: #ffffff; padding: 4px 0px 4xp 0px;\"><a style=\"color: #0d134c; text-decoration: underline;\" href=\"https:\/\/whatsapp.com\/channel\/0029VaG1sChI7Be7PNndhL43\" target=\"_blank\" rel=\"noopener noreferrer\">WHATSAPP<\/a><\/p>\n<p class=\"has-background has-dark-bluish-background-color\" style=\"font-size: 25px; text-align: center; background: #f0f0f0; color: #ffffff; padding: 4px 0px 4xp 0px;\"><a style=\"color: #0d134c; text-decoration: underline;\" href=\"https:\/\/t.me\/GranFaculdade\" target=\"_blank\" rel=\"noopener noreferrer\">TELEGRAM<\/a><\/p>\n<\/section>\n<\/div><\/div>\n<\/div><\/div>\n","protected":false},"excerpt":{"rendered":"<p>Se voc\u00ea deseja financiar sua gradua\u00e7\u00e3o, fique atento! A Fies 2025 data de inscri\u00e7\u00e3o come\u00e7a nesta ter\u00e7a-feira, dia 4 de fevereiro, e segue at\u00e9 o dia 7. Essa \u00e9 a sua chance de ingressar no ensino superior com condi\u00e7\u00f5es facilitadas. O Fundo de Financiamento Estudantil (Fies) permite que estudantes cursem a faculdade pagando apenas depois&hellip;<\/p>\n","protected":false},"author":514,"featured_media":79751552,"comment_status":"open","ping_status":"open","sticky":false,"template":"","format":"standard","meta":{"_acf_changed":false,"content-type":"","footnotes":""},"categories":[2],"tags":[],"class_list":["post-79751551","post","type-post","status-publish","format-standard","has-post-thumbnail","hentry","category-ultimas-noticias"],"acf":[],"yoast_head":"<!-- This site is optimized with the Yoast SEO Premium plugin v27.2 (Yoast SEO v27.2) - https:\/\/yoast.com\/product\/yoast-seo-premium-wordpress\/ -->\n<title>Fies 2025: data de inscri\u00e7\u00e3o come\u00e7a nesta ter\u00e7a (4); veja pr\u00f3ximos passos<\/title>\n<meta name=\"description\" content=\"Fies 2025 data de inscri\u00e7\u00e3o acontece entre os dias 4 e 7 de fevereiro! Veja os requisitos, prazos e como garantir seu financiamento.\" \/>\n<meta name=\"robots\" content=\"index, follow, max-snippet:-1, max-image-preview:large, max-video-preview:-1\" \/>\n<link rel=\"canonical\" href=\"https:\/\/faculdade.grancursosonline.com.br\/blog\/fies-2025-data-de-inscricao\/\" \/>\n<meta property=\"og:locale\" content=\"pt_BR\" \/>\n<meta property=\"og:type\" content=\"article\" \/>\n<meta property=\"og:title\" content=\"Fies 2025: data de inscri\u00e7\u00e3o come\u00e7a nesta ter\u00e7a (4); veja pr\u00f3ximos passos\" \/>\n<meta property=\"og:description\" content=\"Fies 2025 data de inscri\u00e7\u00e3o acontece entre os dias 4 e 7 de fevereiro! Veja os requisitos, prazos e como garantir seu financiamento.\" \/>\n<meta property=\"og:url\" content=\"https:\/\/faculdade.grancursosonline.com.br\/blog\/fies-2025-data-de-inscricao\/\" \/>\n<meta property=\"og:site_name\" content=\"Blog Gran Faculdade\" \/>\n<meta property=\"article:publisher\" content=\"https:\/\/www.facebook.com\/grancursosonline\/\" \/>\n<meta property=\"article:published_time\" content=\"2025-02-04T17:19:17+00:00\" \/>\n<meta property=\"article:modified_time\" content=\"2025-02-04T17:21:09+00:00\" \/>\n<meta property=\"og:image\" content=\"https:\/\/blog-es-static.infra.grancursosonline.com.br\/wp-content\/uploads\/2025\/02\/04140451\/Fies-2025-data-de-inscricao.jpg\" \/>\n\t<meta property=\"og:image:width\" content=\"1001\" \/>\n\t<meta property=\"og:image:height\" content=\"601\" \/>\n\t<meta property=\"og:image:type\" content=\"image\/jpeg\" \/>\n<meta name=\"author\" content=\"Guilherme Henrique\" \/>\n<meta name=\"twitter:card\" content=\"summary_large_image\" \/>\n<meta name=\"twitter:creator\" content=\"@gran_online\" \/>\n<meta name=\"twitter:site\" content=\"@gran_online\" \/>\n<meta name=\"twitter:label1\" content=\"Written by\" \/>\n\t<meta name=\"twitter:data1\" content=\"Guilherme Henrique\" \/>\n\t<meta name=\"twitter:label2\" content=\"Est. reading time\" \/>\n\t<meta name=\"twitter:data2\" content=\"16 minutos\" \/>\n<script type=\"application\/ld+json\" class=\"yoast-schema-graph\">{\"@context\":\"https:\/\/schema.org\",\"@graph\":[{\"@type\":\"NewsArticle\",\"@id\":\"https:\/\/faculdade.grancursosonline.com.br\/blog\/fies-2025-data-de-inscricao\/#article\",\"isPartOf\":{\"@id\":\"https:\/\/faculdade.grancursosonline.com.br\/blog\/fies-2025-data-de-inscricao\/\"},\"author\":{\"name\":\"Guilherme Henrique\",\"@id\":\"https:\/\/faculdade.grancursosonline.com.br\/blog\/#\/schema\/person\/9745f9b6db8976613c1f439dbcfe717d\"},\"headline\":\"Fies 2025: data de inscri\u00e7\u00e3o come\u00e7a nesta ter\u00e7a (4); veja pr\u00f3ximos passos\",\"datePublished\":\"2025-02-04T17:19:17+00:00\",\"dateModified\":\"2025-02-04T17:21:09+00:00\",\"mainEntityOfPage\":{\"@id\":\"https:\/\/faculdade.grancursosonline.com.br\/blog\/fies-2025-data-de-inscricao\/\"},\"wordCount\":704,\"commentCount\":0,\"publisher\":{\"@id\":\"https:\/\/faculdade.grancursosonline.com.br\/blog\/#organization\"},\"image\":{\"@id\":\"https:\/\/faculdade.grancursosonline.com.br\/blog\/fies-2025-data-de-inscricao\/#primaryimage\"},\"thumbnailUrl\":\"https:\/\/blog-es-static.infra.grancursosonline.com.br\/wp-content\/uploads\/2025\/02\/04140451\/Fies-2025-data-de-inscricao.jpg\",\"articleSection\":[\"\u00daltimas Not\u00edcias\"],\"inLanguage\":\"pt-BR\",\"potentialAction\":[{\"@type\":\"CommentAction\",\"name\":\"Comment\",\"target\":[\"https:\/\/faculdade.grancursosonline.com.br\/blog\/fies-2025-data-de-inscricao\/#respond\"]}],\"copyrightYear\":\"2025\",\"copyrightHolder\":{\"@id\":\"https:\/\/faculdade.grancursosonline.com.br\/blog\/#organization\"}},{\"@type\":\"WebPage\",\"@id\":\"https:\/\/faculdade.grancursosonline.com.br\/blog\/fies-2025-data-de-inscricao\/\",\"url\":\"https:\/\/faculdade.grancursosonline.com.br\/blog\/fies-2025-data-de-inscricao\/\",\"name\":\"Fies 2025: data de inscri\u00e7\u00e3o come\u00e7a nesta ter\u00e7a (4); veja pr\u00f3ximos passos\",\"isPartOf\":{\"@id\":\"https:\/\/faculdade.grancursosonline.com.br\/blog\/#website\"},\"primaryImageOfPage\":{\"@id\":\"https:\/\/faculdade.grancursosonline.com.br\/blog\/fies-2025-data-de-inscricao\/#primaryimage\"},\"image\":{\"@id\":\"https:\/\/faculdade.grancursosonline.com.br\/blog\/fies-2025-data-de-inscricao\/#primaryimage\"},\"thumbnailUrl\":\"https:\/\/blog-es-static.infra.grancursosonline.com.br\/wp-content\/uploads\/2025\/02\/04140451\/Fies-2025-data-de-inscricao.jpg\",\"datePublished\":\"2025-02-04T17:19:17+00:00\",\"dateModified\":\"2025-02-04T17:21:09+00:00\",\"description\":\"Fies 2025 data de inscri\u00e7\u00e3o acontece entre os dias 4 e 7 de fevereiro! Veja os requisitos, prazos e como garantir seu financiamento.\",\"breadcrumb\":{\"@id\":\"https:\/\/faculdade.grancursosonline.com.br\/blog\/fies-2025-data-de-inscricao\/#breadcrumb\"},\"inLanguage\":\"pt-BR\",\"potentialAction\":[{\"@type\":\"ReadAction\",\"target\":[\"https:\/\/faculdade.grancursosonline.com.br\/blog\/fies-2025-data-de-inscricao\/\"]}]},{\"@type\":\"ImageObject\",\"inLanguage\":\"pt-BR\",\"@id\":\"https:\/\/faculdade.grancursosonline.com.br\/blog\/fies-2025-data-de-inscricao\/#primaryimage\",\"url\":\"https:\/\/blog-es-static.infra.grancursosonline.com.br\/wp-content\/uploads\/2025\/02\/04140451\/Fies-2025-data-de-inscricao.jpg\",\"contentUrl\":\"https:\/\/blog-es-static.infra.grancursosonline.com.br\/wp-content\/uploads\/2025\/02\/04140451\/Fies-2025-data-de-inscricao.jpg\",\"width\":1001,\"height\":601,\"caption\":\"Fies 2025: data de inscri\u00e7\u00e3o come\u00e7a nesta ter\u00e7a 4\"},{\"@type\":\"BreadcrumbList\",\"@id\":\"https:\/\/faculdade.grancursosonline.com.br\/blog\/fies-2025-data-de-inscricao\/#breadcrumb\",\"itemListElement\":[{\"@type\":\"ListItem\",\"position\":1,\"name\":\"In\u00edcio\",\"item\":\"https:\/\/faculdade.grancursosonline.com.br\/blog\/\"},{\"@type\":\"ListItem\",\"position\":2,\"name\":\"\u00daltimas Not\u00edcias\",\"item\":\"https:\/\/faculdade.grancursosonline.com.br\/blog\/ultimas-noticias\/\"},{\"@type\":\"ListItem\",\"position\":3,\"name\":\"Fies 2025: data de inscri\u00e7\u00e3o come\u00e7a nesta ter\u00e7a (4); veja pr\u00f3ximos passos\"}]},{\"@type\":\"WebSite\",\"@id\":\"https:\/\/faculdade.grancursosonline.com.br\/blog\/#website\",\"url\":\"https:\/\/faculdade.grancursosonline.com.br\/blog\/\",\"name\":\"Blog Gran Faculdade\",\"description\":\"Tudo sobre ensino superior, p\u00f3s-gradua\u00e7\u00e3o, enem e carreira.\",\"publisher\":{\"@id\":\"https:\/\/faculdade.grancursosonline.com.br\/blog\/#organization\"},\"potentialAction\":[{\"@type\":\"SearchAction\",\"target\":{\"@type\":\"EntryPoint\",\"urlTemplate\":\"https:\/\/faculdade.grancursosonline.com.br\/blog\/?s={search_term_string}\"},\"query-input\":{\"@type\":\"PropertyValueSpecification\",\"valueRequired\":true,\"valueName\":\"search_term_string\"}}],\"inLanguage\":\"pt-BR\"},{\"@type\":\"Organization\",\"@id\":\"https:\/\/faculdade.grancursosonline.com.br\/blog\/#organization\",\"name\":\"Gran Cursos Online\",\"url\":\"https:\/\/faculdade.grancursosonline.com.br\/blog\/\",\"logo\":{\"@type\":\"ImageObject\",\"inLanguage\":\"pt-BR\",\"@id\":\"https:\/\/faculdade.grancursosonline.com.br\/blog\/#\/schema\/logo\/image\/\",\"url\":\"https:\/\/blog-es-static.infra.grancursosonline.com.br\/wp-content\/uploads\/2019\/08\/03123934\/logo.png\",\"contentUrl\":\"https:\/\/blog-es-static.infra.grancursosonline.com.br\/wp-content\/uploads\/2019\/08\/03123934\/logo.png\",\"width\":300,\"height\":57,\"caption\":\"Gran Cursos Online\"},\"image\":{\"@id\":\"https:\/\/faculdade.grancursosonline.com.br\/blog\/#\/schema\/logo\/image\/\"},\"sameAs\":[\"https:\/\/www.facebook.com\/grancursosonline\/\",\"https:\/\/x.com\/gran_online\",\"https:\/\/www.instagram.com\/grancursosonline\/\",\"https:\/\/www.youtube.com\/user\/grancursostv\"]},{\"@type\":\"Person\",\"@id\":\"https:\/\/faculdade.grancursosonline.com.br\/blog\/#\/schema\/person\/9745f9b6db8976613c1f439dbcfe717d\",\"name\":\"Guilherme Henrique\",\"url\":\"https:\/\/faculdade.grancursosonline.com.br\/blog\/author\/guilherme-lourenco\/\"}]}<\/script>\n<!-- \/ Yoast SEO Premium plugin. -->","yoast_head_json":{"title":"Fies 2025: data de inscri\u00e7\u00e3o come\u00e7a nesta ter\u00e7a (4); veja pr\u00f3ximos passos","description":"Fies 2025 data de inscri\u00e7\u00e3o acontece entre os dias 4 e 7 de fevereiro! Veja os requisitos, prazos e como garantir seu financiamento.","robots":{"index":"index","follow":"follow","max-snippet":"max-snippet:-1","max-image-preview":"max-image-preview:large","max-video-preview":"max-video-preview:-1"},"canonical":"https:\/\/faculdade.grancursosonline.com.br\/blog\/fies-2025-data-de-inscricao\/","og_locale":"pt_BR","og_type":"article","og_title":"Fies 2025: data de inscri\u00e7\u00e3o come\u00e7a nesta ter\u00e7a (4); veja pr\u00f3ximos passos","og_description":"Fies 2025 data de inscri\u00e7\u00e3o acontece entre os dias 4 e 7 de fevereiro! Veja os requisitos, prazos e como garantir seu financiamento.","og_url":"https:\/\/faculdade.grancursosonline.com.br\/blog\/fies-2025-data-de-inscricao\/","og_site_name":"Blog Gran Faculdade","article_publisher":"https:\/\/www.facebook.com\/grancursosonline\/","article_published_time":"2025-02-04T17:19:17+00:00","article_modified_time":"2025-02-04T17:21:09+00:00","og_image":[{"width":1001,"height":601,"url":"https:\/\/blog-es-static.infra.grancursosonline.com.br\/wp-content\/uploads\/2025\/02\/04140451\/Fies-2025-data-de-inscricao.jpg","type":"image\/jpeg"}],"author":"Guilherme Henrique","twitter_card":"summary_large_image","twitter_creator":"@gran_online","twitter_site":"@gran_online","twitter_misc":{"Written by":"Guilherme Henrique","Est. reading time":"16 minutos"},"schema":{"@context":"https:\/\/schema.org","@graph":[{"@type":"NewsArticle","@id":"https:\/\/faculdade.grancursosonline.com.br\/blog\/fies-2025-data-de-inscricao\/#article","isPartOf":{"@id":"https:\/\/faculdade.grancursosonline.com.br\/blog\/fies-2025-data-de-inscricao\/"},"author":{"name":"Guilherme Henrique","@id":"https:\/\/faculdade.grancursosonline.com.br\/blog\/#\/schema\/person\/9745f9b6db8976613c1f439dbcfe717d"},"headline":"Fies 2025: data de inscri\u00e7\u00e3o come\u00e7a nesta ter\u00e7a (4); veja pr\u00f3ximos passos","datePublished":"2025-02-04T17:19:17+00:00","dateModified":"2025-02-04T17:21:09+00:00","mainEntityOfPage":{"@id":"https:\/\/faculdade.grancursosonline.com.br\/blog\/fies-2025-data-de-inscricao\/"},"wordCount":704,"commentCount":0,"publisher":{"@id":"https:\/\/faculdade.grancursosonline.com.br\/blog\/#organization"},"image":{"@id":"https:\/\/faculdade.grancursosonline.com.br\/blog\/fies-2025-data-de-inscricao\/#primaryimage"},"thumbnailUrl":"https:\/\/blog-es-static.infra.grancursosonline.com.br\/wp-content\/uploads\/2025\/02\/04140451\/Fies-2025-data-de-inscricao.jpg","articleSection":["\u00daltimas Not\u00edcias"],"inLanguage":"pt-BR","potentialAction":[{"@type":"CommentAction","name":"Comment","target":["https:\/\/faculdade.grancursosonline.com.br\/blog\/fies-2025-data-de-inscricao\/#respond"]}],"copyrightYear":"2025","copyrightHolder":{"@id":"https:\/\/faculdade.grancursosonline.com.br\/blog\/#organization"}},{"@type":"WebPage","@id":"https:\/\/faculdade.grancursosonline.com.br\/blog\/fies-2025-data-de-inscricao\/","url":"https:\/\/faculdade.grancursosonline.com.br\/blog\/fies-2025-data-de-inscricao\/","name":"Fies 2025: data de inscri\u00e7\u00e3o come\u00e7a nesta ter\u00e7a (4); veja pr\u00f3ximos passos","isPartOf":{"@id":"https:\/\/faculdade.grancursosonline.com.br\/blog\/#website"},"primaryImageOfPage":{"@id":"https:\/\/faculdade.grancursosonline.com.br\/blog\/fies-2025-data-de-inscricao\/#primaryimage"},"image":{"@id":"https:\/\/faculdade.grancursosonline.com.br\/blog\/fies-2025-data-de-inscricao\/#primaryimage"},"thumbnailUrl":"https:\/\/blog-es-static.infra.grancursosonline.com.br\/wp-content\/uploads\/2025\/02\/04140451\/Fies-2025-data-de-inscricao.jpg","datePublished":"2025-02-04T17:19:17+00:00","dateModified":"2025-02-04T17:21:09+00:00","description":"Fies 2025 data de inscri\u00e7\u00e3o acontece entre os dias 4 e 7 de fevereiro! Veja os requisitos, prazos e como garantir seu financiamento.","breadcrumb":{"@id":"https:\/\/faculdade.grancursosonline.com.br\/blog\/fies-2025-data-de-inscricao\/#breadcrumb"},"inLanguage":"pt-BR","potentialAction":[{"@type":"ReadAction","target":["https:\/\/faculdade.grancursosonline.com.br\/blog\/fies-2025-data-de-inscricao\/"]}]},{"@type":"ImageObject","inLanguage":"pt-BR","@id":"https:\/\/faculdade.grancursosonline.com.br\/blog\/fies-2025-data-de-inscricao\/#primaryimage","url":"https:\/\/blog-es-static.infra.grancursosonline.com.br\/wp-content\/uploads\/2025\/02\/04140451\/Fies-2025-data-de-inscricao.jpg","contentUrl":"https:\/\/blog-es-static.infra.grancursosonline.com.br\/wp-content\/uploads\/2025\/02\/04140451\/Fies-2025-data-de-inscricao.jpg","width":1001,"height":601,"caption":"Fies 2025: data de inscri\u00e7\u00e3o come\u00e7a nesta ter\u00e7a 4"},{"@type":"BreadcrumbList","@id":"https:\/\/faculdade.grancursosonline.com.br\/blog\/fies-2025-data-de-inscricao\/#breadcrumb","itemListElement":[{"@type":"ListItem","position":1,"name":"In\u00edcio","item":"https:\/\/faculdade.grancursosonline.com.br\/blog\/"},{"@type":"ListItem","position":2,"name":"\u00daltimas Not\u00edcias","item":"https:\/\/faculdade.grancursosonline.com.br\/blog\/ultimas-noticias\/"},{"@type":"ListItem","position":3,"name":"Fies 2025: data de inscri\u00e7\u00e3o come\u00e7a nesta ter\u00e7a (4); veja pr\u00f3ximos passos"}]},{"@type":"WebSite","@id":"https:\/\/faculdade.grancursosonline.com.br\/blog\/#website","url":"https:\/\/faculdade.grancursosonline.com.br\/blog\/","name":"Blog Gran Faculdade","description":"Tudo sobre ensino superior, p\u00f3s-gradua\u00e7\u00e3o, enem e carreira.","publisher":{"@id":"https:\/\/faculdade.grancursosonline.com.br\/blog\/#organization"},"potentialAction":[{"@type":"SearchAction","target":{"@type":"EntryPoint","urlTemplate":"https:\/\/faculdade.grancursosonline.com.br\/blog\/?s={search_term_string}"},"query-input":{"@type":"PropertyValueSpecification","valueRequired":true,"valueName":"search_term_string"}}],"inLanguage":"pt-BR"},{"@type":"Organization","@id":"https:\/\/faculdade.grancursosonline.com.br\/blog\/#organization","name":"Gran Cursos Online","url":"https:\/\/faculdade.grancursosonline.com.br\/blog\/","logo":{"@type":"ImageObject","inLanguage":"pt-BR","@id":"https:\/\/faculdade.grancursosonline.com.br\/blog\/#\/schema\/logo\/image\/","url":"https:\/\/blog-es-static.infra.grancursosonline.com.br\/wp-content\/uploads\/2019\/08\/03123934\/logo.png","contentUrl":"https:\/\/blog-es-static.infra.grancursosonline.com.br\/wp-content\/uploads\/2019\/08\/03123934\/logo.png","width":300,"height":57,"caption":"Gran Cursos Online"},"image":{"@id":"https:\/\/faculdade.grancursosonline.com.br\/blog\/#\/schema\/logo\/image\/"},"sameAs":["https:\/\/www.facebook.com\/grancursosonline\/","https:\/\/x.com\/gran_online","https:\/\/www.instagram.com\/grancursosonline\/","https:\/\/www.youtube.com\/user\/grancursostv"]},{"@type":"Person","@id":"https:\/\/faculdade.grancursosonline.com.br\/blog\/#\/schema\/person\/9745f9b6db8976613c1f439dbcfe717d","name":"Guilherme Henrique","url":"https:\/\/faculdade.grancursosonline.com.br\/blog\/author\/guilherme-lourenco\/"}]}},"_links":{"self":[{"href":"https:\/\/faculdade.grancursosonline.com.br\/blog\/wp-json\/wp\/v2\/posts\/79751551","targetHints":{"allow":["GET"]}}],"collection":[{"href":"https:\/\/faculdade.grancursosonline.com.br\/blog\/wp-json\/wp\/v2\/posts"}],"about":[{"href":"https:\/\/faculdade.grancursosonline.com.br\/blog\/wp-json\/wp\/v2\/types\/post"}],"author":[{"embeddable":true,"href":"https:\/\/faculdade.grancursosonline.com.br\/blog\/wp-json\/wp\/v2\/users\/514"}],"replies":[{"embeddable":true,"href":"https:\/\/faculdade.grancursosonline.com.br\/blog\/wp-json\/wp\/v2\/comments?post=79751551"}],"version-history":[{"count":1,"href":"https:\/\/faculdade.grancursosonline.com.br\/blog\/wp-json\/wp\/v2\/posts\/79751551\/revisions"}],"predecessor-version":[{"id":79751554,"href":"https:\/\/faculdade.grancursosonline.com.br\/blog\/wp-json\/wp\/v2\/posts\/79751551\/revisions\/79751554"}],"wp:featuredmedia":[{"embeddable":true,"href":"https:\/\/faculdade.grancursosonline.com.br\/blog\/wp-json\/wp\/v2\/media\/79751552"}],"wp:attachment":[{"href":"https:\/\/faculdade.grancursosonline.com.br\/blog\/wp-json\/wp\/v2\/media?parent=79751551"}],"wp:term":[{"taxonomy":"category","embeddable":true,"href":"https:\/\/faculdade.grancursosonline.com.br\/blog\/wp-json\/wp\/v2\/categories?post=79751551"},{"taxonomy":"post_tag","embeddable":true,"href":"https:\/\/faculdade.grancursosonline.com.br\/blog\/wp-json\/wp\/v2\/tags?post=79751551"}],"curies":[{"name":"wp","href":"https:\/\/api.w.org\/{rel}","templated":true}]}}