{"id":79752016,"date":"2025-02-24T17:30:57","date_gmt":"2025-02-24T20:30:57","guid":{"rendered":"https:\/\/faculdade.grancursosonline.com.br\/blog\/?p=79752016"},"modified":"2025-02-24T17:31:00","modified_gmt":"2025-02-24T20:31:00","slug":"nunca-e-tarde-para-estudar","status":"publish","type":"post","link":"https:\/\/faculdade.grancursosonline.com.br\/blog\/nunca-e-tarde-para-estudar\/","title":{"rendered":"5 frases para te lembrar que nunca \u00e9 tarde para estudar"},"content":{"rendered":"\n<p>Nunca \u00e9 tarde para estudar e transformar sua vida. O conhecimento abre portas, independente da idade ou do momento em que voc\u00ea decidir recome\u00e7ar. Cada novo aprendizado pode ser um impulso para alcan\u00e7ar seus sonhos, melhorar sua carreira ou simplesmente realizar algo que sempre desejou.<\/p>\n\n\n\n<p>Se voc\u00ea sente que passou da hora, lembre-se: sempre h\u00e1 tempo para aprender algo novo. O importante \u00e9 dar o primeiro passo e seguir em frente com determina\u00e7\u00e3o. As frases a seguir v\u00e3o te inspirar a acreditar no seu potencial e a enxergar o estudo como um caminho para novas oportunidades!<\/p>\n\n\n\n<div class=\"wp-block-columns is-layout-flex wp-container-core-columns-is-layout-9d6595d7 wp-block-columns-is-layout-flex\">\n<div class=\"wp-block-column is-layout-flow wp-block-column-is-layout-flow\" style=\"flex-basis:100%\"><div class=\"wp-block-image\">\n<figure class=\"aligncenter size-full\"><a href=\"https:\/\/whatsapp.com\/channel\/0029VaG1sChI7Be7PNndhL43\" target=\"_blank\" rel=\"noopener\"><img decoding=\"async\" src=\"https:\/\/blog-es-static.infra.grancursosonline.com.br\/wp-content\/uploads\/2025\/09\/09112354\/banner-wp-600x142-80.webp\" alt=\"Acesse o canal do WhatsApp da Gran Faculdade\" class=\"wp-image-79751904\"\/><\/a><\/figure>\n<\/div><\/div>\n<\/div>\n\n\n\n<p>Acompanhe o conte\u00fado na \u00edntegra ou pelo \u00edndice, se preferir:<\/p>\n\n\n\n<ul class=\"wp-block-list\">\n<li><a href=\"#h-antes-tarde-do-que-nunca\">\u201cAntes tarde do que nunca\u201d<\/a><\/li>\n\n\n\n<li><a href=\"#h-o-aprendizado-e-um-tesouro-que-segue-seu-dono-para-sempre\">\u201cO aprendizado \u00e9 um tesouro que segue seu dono para sempre\u201d<\/a><\/li>\n\n\n\n<li><a href=\"#h-a-idade-so-limita-quem-deixa-de-sonhar\">\u201cA idade s\u00f3 limita quem deixa de sonhar\u201d<\/a><\/li>\n\n\n\n<li><a href=\"#h-plante-hoje-o-conhecimento-que-voce-quer-colher-amanha\">\u201cPlante hoje o conhecimento que voc\u00ea quer colher amanh\u00e3\u201d<\/a><\/li>\n\n\n\n<li><a href=\"#h-quem-caminha-devagar-ainda-assim-sai-do-lugar\">\u201cQuem caminha devagar, ainda assim sai do lugar\u201d<\/a><\/li>\n\n\n\n<li><a href=\"#h-de-o-proximo-passo-com-a-gran-faculdade\">D\u00ea o pr\u00f3ximo passo com a Gran Faculdade<\/a><\/li>\n<\/ul>\n\n\n\n<div class=\"wp-block-group has-background\" style=\"background-color:#8dd2fc7a\"><div class=\"wp-block-group__inner-container is-layout-constrained wp-block-group-is-layout-constrained\">\n<p><strong>Outras not\u00edcias em destaque:<\/strong><\/p>\n\n\n\n<ul class=\"wp-block-list\">\n<li><a href=\"https:\/\/faculdade.grancursosonline.com.br\/blog\/area-de-estudo\/\" target=\"_blank\" rel=\"noreferrer noopener\">Teste vocacional: Qual \u00e1rea de estudo mais combina com voc\u00ea?<\/a><\/li>\n\n\n\n<li><a href=\"https:\/\/faculdade.grancursosonline.com.br\/blog\/graduacao-primeiro-semestre\/\" target=\"_blank\" rel=\"noreferrer noopener\">5 raz\u00f5es para iniciar uma Gradua\u00e7\u00e3o no primeiro semestre<\/a><\/li>\n\n\n\n<li><a href=\"https:\/\/faculdade.grancursosonline.com.br\/blog\/faculdade-do-futuro\/\" target=\"_blank\" rel=\"noreferrer noopener\"><a href=\"https:\/\/faculdade.grancursosonline.com.br\/blog\/faculdade-do-futuro\/\">Faculdade do Futuro: o que esperar das universidades at\u00e9 2030?<\/a><\/a><\/li>\n<\/ul>\n<\/div><\/div>\n\n\n\n<p>O conhecimento \u00e9 uma das ferramentas mais poderosas para transformar vidas e abrir novas portas. Por vezes, adiamos nossos planos por medo, inseguran\u00e7a ou pela cren\u00e7a de que o momento certo j\u00e1 passou.&nbsp;<\/p>\n\n\n\n<p>Entretanto, a verdade \u00e9 que o aprendizado n\u00e3o tem prazo de validade e cada passo dado em dire\u00e7\u00e3o ao saber pode fazer toda a diferen\u00e7a no futuro.<\/p>\n\n\n\n<p>Seja para conquistar um novo cargo, mudar de \u00e1rea ou simplesmente expandir horizontes, investir nos estudos sempre traz recompensas. Para te inspirar nessa jornada, reunimos algumas frases motivadoras que mostram que come\u00e7ar ou recome\u00e7ar \u00e9 poss\u00edvel em qualquer fase da vida. Confira e siga em frente!<\/p>\n\n\n\n<h2 class=\"wp-block-heading\" id=\"h-antes-tarde-do-que-nunca\"><strong>\u201cAntes tarde do que nunca\u201d<\/strong><br><\/h2>\n\n\n\n<p>Quando estamos diante de um desafio, sobretudo quando parte do in\u00edcio de alguma atividade que foge do padr\u00e3o temporal da nossa viv\u00eancia, \u00e9 comum ouvirmos: \u201ccomece, antes tarde do que nunca\u201d.<\/p>\n\n\n\n<p>Pode parecer clich\u00ea por ser uma frase comum, mas ao ouvi-la, reflita. Por tr\u00e1s de uma frase que ouvimos algumas vezes, pode ser dif\u00edcil ver algum significado, mas h\u00e1 ali a tentativa de expressar uma motiva\u00e7\u00e3o.&nbsp;<\/p>\n\n\n\n<p>Portanto, nunca \u00e9 tarde para estudar e buscar novos conhecimentos. Muitas pessoas adiam seus sonhos por acharem que j\u00e1 passou o tempo certo, mas a verdade \u00e9 que qualquer momento \u00e9 ideal para aprender algo novo.<\/p>\n\n\n\n<p>O importante \u00e9 dar o primeiro passo. Cada aprendizado acumulado hoje pode transformar o seu amanh\u00e3, abrindo portas e criando novas oportunidades na sua vida profissional e pessoal.<\/p>\n\n\n\n<h2 class=\"wp-block-heading\" id=\"h-o-aprendizado-e-um-tesouro-que-segue-seu-dono-para-sempre\"><strong>\u201cO aprendizado \u00e9 um tesouro que segue seu dono para sempre\u201d<\/strong><br><\/h2>\n\n\n\n<p>Quantas vezes voc\u00ea j\u00e1 sentiu que aprender algo novo poderia mudar sua vida, mas acabou adiando? A rotina, os compromissos e at\u00e9 o receio de n\u00e3o dar conta podem nos fazer pensar que n\u00e3o vale mais a pena tentar. No entanto, cada pequeno passo em dire\u00e7\u00e3o ao conhecimento pode abrir portas que antes pareciam inalcan\u00e7\u00e1veis.<\/p>\n\n\n\n<p>A sensa\u00e7\u00e3o de conquistar algo pelo pr\u00f3prio esfor\u00e7o \u00e9 \u00fanica. Quando aprendemos algo novo, levamos esse conhecimento para sempre, e ele pode nos ajudar nos momentos mais inesperados, assim como diz o ditado.<\/p>\n\n\n\n<p>Diferente de bens materiais, o conhecimento nunca pode ser tirado de voc\u00ea. Tudo que voc\u00ea aprende se torna parte de quem voc\u00ea \u00e9 e pode ser utilizado ao longo da vida, independentemente da idade ou momento.<\/p>\n\n\n\n<p>Aprender n\u00e3o \u00e9 apenas uma quest\u00e3o de qualifica\u00e7\u00e3o profissional, mas de crescimento pessoal. Quanto mais sabemos, mais preparados estamos para lidar com desafios e criar novas oportunidades para o futuro.<\/p>\n\n\n\n<h2 class=\"wp-block-heading\" id=\"h-a-idade-so-limita-quem-deixa-de-sonhar\"><strong>&#8220;A idade s\u00f3 limita quem deixa de sonhar&#8221;<\/strong><br><\/h2>\n\n\n\n<p>Ao longo da vida, a idade pode se tornar um fator que nos limita, seja por conta das responsabilidades ou por j\u00e1 termos conquistado algo. No entanto, o sonho n\u00e3o tem prazo de validade. Ele continua sendo uma for\u00e7a que nos impulsiona para frente, independentemente de quantos anos temos.<\/p>\n\n\n\n<p>\u00c9 importante lembrar que o sonho n\u00e3o tem idade. Nunca deixe que a idade ou as dificuldades apaguem seus desejos mais profundos, porque s\u00e3o eles que tornam a vida significativa.<\/p>\n\n\n\n<p>Muitas vezes, acreditamos que estudar \u00e9 algo exclusivo para os mais jovens, mas isso n\u00e3o passa de um mito. A verdade \u00e9 que a vontade de crescer e evoluir n\u00e3o tem prazo de validade.<\/p>\n\n\n\n<p>Enquanto voc\u00ea estiver disposto a aprender, a idade ser\u00e1 apenas um detalhe. O conhecimento \u00e9 uma ferramenta poderosa para realizar sonhos, mudar de carreira ou conquistar novas metas.<\/p>\n\n\n\n<h2 class=\"wp-block-heading\" id=\"h-plante-hoje-o-conhecimento-que-voce-quer-colher-amanha\"><strong>&#8220;Plante hoje o conhecimento que voc\u00ea quer colher amanh\u00e3&#8221;<\/strong><br><\/h2>\n\n\n\n<p>\u00c0s vezes, buscamos resultados r\u00e1pidos, mas o verdadeiro aprendizado leva tempo. O conhecimento \u00e9 resultado do longo prazo. \u00c9 preciso investir hoje para colher os frutos no futuro.<\/p>\n\n\n\n<p>Ao investir no seu aprendizado, voc\u00ea est\u00e1 preparando o terreno para um futuro mais promissor. N\u00e3o subestime o poder de come\u00e7ar agora, pois os frutos vir\u00e3o no momento certo, e voc\u00ea estar\u00e1 mais preparado para aproveit\u00e1-los.<\/p>\n\n\n\n<p>O futuro que voc\u00ea deseja come\u00e7a com as escolhas que faz hoje. Assim como uma semente precisa ser cultivada para crescer, o conhecimento adquirido agora ser\u00e1 fundamental para construir um futuro melhor.<\/p>\n\n\n\n<p>Cada nova habilidade ou conceito aprendido pode ser um diferencial no mercado de trabalho e na vida pessoal. O que parece um pequeno esfor\u00e7o agora pode se transformar em grandes conquistas amanh\u00e3.<\/p>\n\n\n\n<h2 class=\"wp-block-heading\" id=\"h-quem-caminha-devagar-ainda-assim-sai-do-lugar\"><strong>&#8220;Quem caminha devagar, ainda assim sai do lugar&#8221;<\/strong><br><\/h2>\n\n\n\n<p>Muitas vezes, queremos alcan\u00e7ar grandes resultados rapidamente, mas o progresso \u00e9 um processo constante, mesmo que lento. O importante \u00e9 dar os primeiros passos, mesmo que pare\u00e7am pequenos, pois eles s\u00e3o o in\u00edcio de uma jornada.<\/p>\n\n\n\n<p>A perseveran\u00e7a \u00e9 mais importante do que a velocidade. Cada pequeno avan\u00e7o conta, e o importante \u00e9 seguir em frente. Ao estudar e evoluir no seu ritmo, voc\u00ea est\u00e1 se movendo em dire\u00e7\u00e3o aos seus objetivos, n\u00e3o importa o qu\u00e3o devagar pare\u00e7a.<\/p>\n\n\n\n<p>Estudar pode parecer um desafio, especialmente ap\u00f3s muitos anos afastado dos livros, mas cada pequeno passo conta.<\/p>\n\n\n\n<p>Mesmo que o aprendizado leve tempo, cada novo conhecimento adquirido faz de voc\u00ea uma pessoa mais capacitada. O segredo \u00e9 manter a persist\u00eancia e aproveitar o caminho do aprendizado.<\/p>\n\n\n\n<h2 class=\"wp-block-heading\" id=\"h-de-o-proximo-passo-com-a-gran-faculdade\"><strong>D\u00ea o pr\u00f3ximo passo com a Gran Faculdade<\/strong><br><\/h2>\n\n\n\n<p>Nunca \u00e9 tarde para estudar e transformar a sua trajet\u00f3ria. Independentemente da sua idade ou do momento da vida, sempre h\u00e1 tempo para recome\u00e7ar e conquistar novos horizontes. O conhecimento \u00e9 a chave que abre portas para melhores oportunidades e um futuro mais promissor.<\/p>\n\n\n\n<p>Na <a href=\"https:\/\/faculdade.grancursosonline.com.br\/nossos-cursos\/\" target=\"_blank\" rel=\"noreferrer noopener\">Gran Faculdade<\/a>, voc\u00ea encontra ensino de qualidade aliado \u00e0 flexibilidade que se encaixa na sua rotina. Com cursos acess\u00edveis e uma metodologia eficiente, voc\u00ea pode dar o pr\u00f3ximo passo rumo ao seu crescimento profissional e pessoal. Seu sonho n\u00e3o precisa esperar mais!<\/p>\n\n\n\n<p>Cada dia \u00e9 uma nova chance de aprender, evoluir e mudar sua hist\u00f3ria. N\u00e3o deixe o medo ou as d\u00favidas te impedirem de alcan\u00e7ar seus objetivos. Com determina\u00e7\u00e3o e o suporte certo, voc\u00ea pode ir al\u00e9m. D\u00ea o pr\u00f3ximo passo com a Gran Faculdade e construa o seu futuro!<\/p>\n\n\n\n<h2 class=\"wp-block-heading\" id=\"h-conheca-os-cursos-da-gran-faculdade\">Conhe\u00e7a os cursos da Gran Faculdade!<\/h2>\n\n\n\n<p>Na <a href=\"https:\/\/faculdade.grancursosonline.com.br\/\" target=\"_blank\" rel=\"noreferrer noopener\">Gran Faculdade<\/a>, voc\u00ea encontra diversas op\u00e7\u00f5es para sua forma\u00e7\u00e3o, desde cursos de <a href=\"https:\/\/faculdade.grancursosonline.com.br\/\" target=\"_blank\" rel=\"noreferrer noopener\">gradua\u00e7\u00e3o<\/a> at\u00e9 <a href=\"https:\/\/pos.grancursosonline.com.br\/\" target=\"_blank\" rel=\"noreferrer noopener\">especializa\u00e7\u00f5es<\/a> e <a href=\"https:\/\/pos.grancursosonline.com.br\/mba\" target=\"_blank\" rel=\"noreferrer noopener\">MBAs<\/a>, com a flexibilidade e qualidade que voc\u00ea precisa para avan\u00e7ar na sua carreira.<\/p>\n\n\n\n<p>Nossos cursos de <a href=\"https:\/\/faculdade.grancursosonline.com.br\/\" target=\"_blank\" rel=\"noreferrer noopener\">gradua\u00e7\u00e3o<\/a> e <a href=\"https:\/\/pos.grancursosonline.com.br\/\" target=\"_blank\" rel=\"noreferrer noopener\">p\u00f3s-gradua\u00e7\u00e3o EAD<\/a> s\u00e3o 100% online, mas tamb\u00e9m oferecemos op\u00e7\u00f5es de <a href=\"https:\/\/presencial.grancursosonline.com.br\/\" target=\"_blank\" rel=\"noreferrer noopener\">cursos presenciais no Campus Curitiba<\/a>, permitindo que voc\u00ea estude de forma pr\u00e1tica e no seu ritmo e do seu jeito, otimizando tamb\u00e9m a prepara\u00e7\u00e3o para concursos p\u00fablicos. Eles oferecem uma base s\u00f3lida para sua atua\u00e7\u00e3o profissional e te ajudam a se destacar ainda mais no mercado.<\/p>\n\n\n\n<p>S\u00e3o v\u00e1rias op\u00e7\u00f5es de cursos nas \u00e1reas de Gest\u00e3o, Educa\u00e7\u00e3o, Direito, Policial, Tecnologia e Engenharia. Aqui, voc\u00ea estuda em uma institui\u00e7\u00e3o reconhecida pelo MEC com nota m\u00e1xima, aproveitando mensalidades acess\u00edveis e ajustadas \u00e0 sua rotina.<\/p>\n\n\n\n<p>N\u00e3o perca a chance de transformar sua vida acad\u00eamica e profissional! Confira nossos cursos, fa\u00e7a sua matr\u00edcula e comece hoje mesmo sua jornada com o Gran Faculdade:<\/p>\n\n\n\n<p class=\"has-text-align-center\"><a href=\"https:\/\/faculdade.grancursosonline.com.br\/\" target=\"_blank\" rel=\"noreferrer noopener\">Conhe\u00e7a os cursos da Gran Faculdade<\/a><\/p>\n\n\n\n<div class=\"wp-block-group\"><div class=\"wp-block-group__inner-container is-layout-constrained wp-block-group-is-layout-constrained\">\n<div class=\"wp-block-group\"><div class=\"wp-block-group__inner-container is-layout-constrained wp-block-group-is-layout-constrained\">\n<section style=\"text-align: center;\">\n<p>Quer ficar por dentro da Faculdade Digital mais inovadora do Brasil?<\/p>\n<nav>\n<p class=\"has-background has-dark-bluish-background-color\" style=\"font-size: 25px; text-align: center; background: #f0f0f0; color: #ffffff; padding: 4px 0px 4xp 0px;\"><a style=\"color: #0d134c; text-decoration: underline;\" href=\"https:\/\/faculdade.grancursosonline.com.br\/\" target=\"_blank\" rel=\"noopener\">GRADUA\u00c7\u00c3O<\/a><\/p>\n<p class=\"has-background has-dark-bluish-background-color\" style=\"font-size: 25px; text-align: center; background: #f0f0f0; color: #ffffff; padding: 4px 0px 4xp 0px;\"><a style=\"color: #0d134c; text-decoration: underline;\" href=\"https:\/\/pos.grancursosonline.com.br\/\" target=\"_blank\" rel=\"noopener\">P\u00d3S-GRADUA\u00c7\u00c3O<\/a><\/p>\n<p class=\"has-background has-dark-bluish-background-color\" style=\"font-size: 25px; text-align: center; background: #f0f0f0; color: #ffffff; padding: 4px 0px 4xp 0px;\"><a style=\"color: #0d134c; text-decoration: underline;\" href=\"https:\/\/faculdade.grancursosonline.com.br\/nossos-cursos\/\" target=\"_blank\" rel=\"noopener\">TUDO SOBRE A GRAN FACULDADE<\/a><\/p>\n<\/nav>\n<p><strong>Receba <span style=\"color: #cf1e25;\">gratuitamente<\/span> no seu celular as principais not\u00edcias sobre a Gran Faculdade! <br \/>Clique no link abaixo e inscreva-se:<\/strong><\/p>\n<p class=\"has-background has-dark-bluish-background-color\" style=\"font-size: 25px; text-align: center; background: #f0f0f0; color: #ffffff; padding: 4px 0px 4xp 0px;\"><a style=\"color: #0d134c; text-decoration: underline;\" href=\"https:\/\/whatsapp.com\/channel\/0029VaG1sChI7Be7PNndhL43\" target=\"_blank\" rel=\"noopener noreferrer\">WHATSAPP<\/a><\/p>\n<p class=\"has-background has-dark-bluish-background-color\" style=\"font-size: 25px; text-align: center; background: #f0f0f0; color: #ffffff; padding: 4px 0px 4xp 0px;\"><a style=\"color: #0d134c; text-decoration: underline;\" href=\"https:\/\/t.me\/GranFaculdade\" target=\"_blank\" rel=\"noopener noreferrer\">TELEGRAM<\/a><\/p>\n<\/section>\n<\/div><\/div>\n<\/div><\/div>\n","protected":false},"excerpt":{"rendered":"<p>Nunca \u00e9 tarde para estudar e transformar sua vida. O conhecimento abre portas, independente da idade ou do momento em que voc\u00ea decidir recome\u00e7ar. Cada novo aprendizado pode ser um impulso para alcan\u00e7ar seus sonhos, melhorar sua carreira ou simplesmente realizar algo que sempre desejou. Se voc\u00ea sente que passou da hora, lembre-se: sempre h\u00e1&hellip;<\/p>\n","protected":false},"author":514,"featured_media":79752019,"comment_status":"open","ping_status":"open","sticky":false,"template":"","format":"standard","meta":{"_acf_changed":false,"content-type":"","footnotes":""},"categories":[219790,218545,2],"tags":[],"class_list":["post-79752016","post","type-post","status-publish","format-standard","has-post-thumbnail","hentry","category-graduacao-ead","category-graduacao","category-ultimas-noticias"],"acf":[],"yoast_head":"<!-- This site is optimized with the Yoast SEO Premium plugin v27.2 (Yoast SEO v27.2) - https:\/\/yoast.com\/product\/yoast-seo-premium-wordpress\/ -->\n<title>5 frases para te lembrar que nunca \u00e9 tarde para estudar<\/title>\n<meta name=\"description\" content=\"Nunca \u00e9 tarde para estudar, e cada passo, por menor que seja, te aproxima dos seus sonhos. Veja 5 frases para te ajudar a retomar o processo.\" \/>\n<meta name=\"robots\" content=\"index, follow, max-snippet:-1, max-image-preview:large, max-video-preview:-1\" \/>\n<link rel=\"canonical\" href=\"https:\/\/faculdade.grancursosonline.com.br\/blog\/nunca-e-tarde-para-estudar\/\" \/>\n<meta property=\"og:locale\" content=\"pt_BR\" \/>\n<meta property=\"og:type\" content=\"article\" \/>\n<meta property=\"og:title\" content=\"5 frases para te lembrar que nunca \u00e9 tarde para estudar\" \/>\n<meta property=\"og:description\" content=\"Nunca \u00e9 tarde para estudar, e cada passo, por menor que seja, te aproxima dos seus sonhos. Veja 5 frases para te ajudar a retomar o processo.\" \/>\n<meta property=\"og:url\" content=\"https:\/\/faculdade.grancursosonline.com.br\/blog\/nunca-e-tarde-para-estudar\/\" \/>\n<meta property=\"og:site_name\" content=\"Blog Gran Faculdade\" \/>\n<meta property=\"article:publisher\" content=\"https:\/\/www.facebook.com\/grancursosonline\/\" \/>\n<meta property=\"article:published_time\" content=\"2025-02-24T20:30:57+00:00\" \/>\n<meta property=\"article:modified_time\" content=\"2025-02-24T20:31:00+00:00\" \/>\n<meta property=\"og:image\" content=\"https:\/\/blog-es-static.infra.grancursosonline.com.br\/wp-content\/uploads\/2025\/02\/24172428\/nunca-e-tarde-para-estudar.jpg\" \/>\n\t<meta property=\"og:image:width\" content=\"511\" \/>\n\t<meta property=\"og:image:height\" content=\"311\" \/>\n\t<meta property=\"og:image:type\" content=\"image\/jpeg\" \/>\n<meta name=\"author\" content=\"Guilherme Henrique\" \/>\n<meta name=\"twitter:card\" content=\"summary_large_image\" \/>\n<meta name=\"twitter:creator\" content=\"@gran_online\" \/>\n<meta name=\"twitter:site\" content=\"@gran_online\" \/>\n<meta name=\"twitter:label1\" content=\"Written by\" \/>\n\t<meta name=\"twitter:data1\" content=\"Guilherme Henrique\" \/>\n\t<meta name=\"twitter:label2\" content=\"Est. reading time\" \/>\n\t<meta name=\"twitter:data2\" content=\"8 minutos\" \/>\n<script type=\"application\/ld+json\" class=\"yoast-schema-graph\">{\"@context\":\"https:\/\/schema.org\",\"@graph\":[{\"@type\":\"NewsArticle\",\"@id\":\"https:\/\/faculdade.grancursosonline.com.br\/blog\/nunca-e-tarde-para-estudar\/#article\",\"isPartOf\":{\"@id\":\"https:\/\/faculdade.grancursosonline.com.br\/blog\/nunca-e-tarde-para-estudar\/\"},\"author\":{\"name\":\"Guilherme Henrique\",\"@id\":\"https:\/\/faculdade.grancursosonline.com.br\/blog\/#\/schema\/person\/9745f9b6db8976613c1f439dbcfe717d\"},\"headline\":\"5 frases para te lembrar que nunca \u00e9 tarde para estudar\",\"datePublished\":\"2025-02-24T20:30:57+00:00\",\"dateModified\":\"2025-02-24T20:31:00+00:00\",\"mainEntityOfPage\":{\"@id\":\"https:\/\/faculdade.grancursosonline.com.br\/blog\/nunca-e-tarde-para-estudar\/\"},\"wordCount\":1207,\"commentCount\":0,\"publisher\":{\"@id\":\"https:\/\/faculdade.grancursosonline.com.br\/blog\/#organization\"},\"image\":{\"@id\":\"https:\/\/faculdade.grancursosonline.com.br\/blog\/nunca-e-tarde-para-estudar\/#primaryimage\"},\"thumbnailUrl\":\"https:\/\/blog-es-static.infra.grancursosonline.com.br\/wp-content\/uploads\/2025\/02\/24172552\/nunca-e-tarde-para-estudar-2.jpg\",\"articleSection\":[\"Gradua\u00e7\u00e3o EAD\",\"Gradua\u00e7\u00e3o Gran Faculdade\",\"\u00daltimas Not\u00edcias\"],\"inLanguage\":\"pt-BR\",\"potentialAction\":[{\"@type\":\"CommentAction\",\"name\":\"Comment\",\"target\":[\"https:\/\/faculdade.grancursosonline.com.br\/blog\/nunca-e-tarde-para-estudar\/#respond\"]}],\"copyrightYear\":\"2025\",\"copyrightHolder\":{\"@id\":\"https:\/\/faculdade.grancursosonline.com.br\/blog\/#organization\"}},{\"@type\":\"WebPage\",\"@id\":\"https:\/\/faculdade.grancursosonline.com.br\/blog\/nunca-e-tarde-para-estudar\/\",\"url\":\"https:\/\/faculdade.grancursosonline.com.br\/blog\/nunca-e-tarde-para-estudar\/\",\"name\":\"5 frases para te lembrar que nunca \u00e9 tarde para estudar\",\"isPartOf\":{\"@id\":\"https:\/\/faculdade.grancursosonline.com.br\/blog\/#website\"},\"primaryImageOfPage\":{\"@id\":\"https:\/\/faculdade.grancursosonline.com.br\/blog\/nunca-e-tarde-para-estudar\/#primaryimage\"},\"image\":{\"@id\":\"https:\/\/faculdade.grancursosonline.com.br\/blog\/nunca-e-tarde-para-estudar\/#primaryimage\"},\"thumbnailUrl\":\"https:\/\/blog-es-static.infra.grancursosonline.com.br\/wp-content\/uploads\/2025\/02\/24172552\/nunca-e-tarde-para-estudar-2.jpg\",\"datePublished\":\"2025-02-24T20:30:57+00:00\",\"dateModified\":\"2025-02-24T20:31:00+00:00\",\"description\":\"Nunca \u00e9 tarde para estudar, e cada passo, por menor que seja, te aproxima dos seus sonhos. Veja 5 frases para te ajudar a retomar o processo.\",\"breadcrumb\":{\"@id\":\"https:\/\/faculdade.grancursosonline.com.br\/blog\/nunca-e-tarde-para-estudar\/#breadcrumb\"},\"inLanguage\":\"pt-BR\",\"potentialAction\":[{\"@type\":\"ReadAction\",\"target\":[\"https:\/\/faculdade.grancursosonline.com.br\/blog\/nunca-e-tarde-para-estudar\/\"]}]},{\"@type\":\"ImageObject\",\"inLanguage\":\"pt-BR\",\"@id\":\"https:\/\/faculdade.grancursosonline.com.br\/blog\/nunca-e-tarde-para-estudar\/#primaryimage\",\"url\":\"https:\/\/blog-es-static.infra.grancursosonline.com.br\/wp-content\/uploads\/2025\/02\/24172552\/nunca-e-tarde-para-estudar-2.jpg\",\"contentUrl\":\"https:\/\/blog-es-static.infra.grancursosonline.com.br\/wp-content\/uploads\/2025\/02\/24172552\/nunca-e-tarde-para-estudar-2.jpg\",\"width\":1001,\"height\":601,\"caption\":\"5 frases para te lembrar que nunca \u00e9 tarde para estudar\"},{\"@type\":\"BreadcrumbList\",\"@id\":\"https:\/\/faculdade.grancursosonline.com.br\/blog\/nunca-e-tarde-para-estudar\/#breadcrumb\",\"itemListElement\":[{\"@type\":\"ListItem\",\"position\":1,\"name\":\"In\u00edcio\",\"item\":\"https:\/\/faculdade.grancursosonline.com.br\/blog\/\"},{\"@type\":\"ListItem\",\"position\":2,\"name\":\"Gradua\u00e7\u00e3o Gran Faculdade\",\"item\":\"https:\/\/faculdade.grancursosonline.com.br\/blog\/graduacao\/\"},{\"@type\":\"ListItem\",\"position\":3,\"name\":\"5 frases para te lembrar que nunca \u00e9 tarde para estudar\"}]},{\"@type\":\"WebSite\",\"@id\":\"https:\/\/faculdade.grancursosonline.com.br\/blog\/#website\",\"url\":\"https:\/\/faculdade.grancursosonline.com.br\/blog\/\",\"name\":\"Blog Gran Faculdade\",\"description\":\"Tudo sobre ensino superior, p\u00f3s-gradua\u00e7\u00e3o, enem e carreira.\",\"publisher\":{\"@id\":\"https:\/\/faculdade.grancursosonline.com.br\/blog\/#organization\"},\"potentialAction\":[{\"@type\":\"SearchAction\",\"target\":{\"@type\":\"EntryPoint\",\"urlTemplate\":\"https:\/\/faculdade.grancursosonline.com.br\/blog\/?s={search_term_string}\"},\"query-input\":{\"@type\":\"PropertyValueSpecification\",\"valueRequired\":true,\"valueName\":\"search_term_string\"}}],\"inLanguage\":\"pt-BR\"},{\"@type\":\"Organization\",\"@id\":\"https:\/\/faculdade.grancursosonline.com.br\/blog\/#organization\",\"name\":\"Gran Cursos Online\",\"url\":\"https:\/\/faculdade.grancursosonline.com.br\/blog\/\",\"logo\":{\"@type\":\"ImageObject\",\"inLanguage\":\"pt-BR\",\"@id\":\"https:\/\/faculdade.grancursosonline.com.br\/blog\/#\/schema\/logo\/image\/\",\"url\":\"https:\/\/blog-es-static.infra.grancursosonline.com.br\/wp-content\/uploads\/2019\/08\/03123934\/logo.png\",\"contentUrl\":\"https:\/\/blog-es-static.infra.grancursosonline.com.br\/wp-content\/uploads\/2019\/08\/03123934\/logo.png\",\"width\":300,\"height\":57,\"caption\":\"Gran Cursos Online\"},\"image\":{\"@id\":\"https:\/\/faculdade.grancursosonline.com.br\/blog\/#\/schema\/logo\/image\/\"},\"sameAs\":[\"https:\/\/www.facebook.com\/grancursosonline\/\",\"https:\/\/x.com\/gran_online\",\"https:\/\/www.instagram.com\/grancursosonline\/\",\"https:\/\/www.youtube.com\/user\/grancursostv\"]},{\"@type\":\"Person\",\"@id\":\"https:\/\/faculdade.grancursosonline.com.br\/blog\/#\/schema\/person\/9745f9b6db8976613c1f439dbcfe717d\",\"name\":\"Guilherme Henrique\",\"url\":\"https:\/\/faculdade.grancursosonline.com.br\/blog\/author\/guilherme-lourenco\/\"}]}<\/script>\n<!-- \/ Yoast SEO Premium plugin. -->","yoast_head_json":{"title":"5 frases para te lembrar que nunca \u00e9 tarde para estudar","description":"Nunca \u00e9 tarde para estudar, e cada passo, por menor que seja, te aproxima dos seus sonhos. Veja 5 frases para te ajudar a retomar o processo.","robots":{"index":"index","follow":"follow","max-snippet":"max-snippet:-1","max-image-preview":"max-image-preview:large","max-video-preview":"max-video-preview:-1"},"canonical":"https:\/\/faculdade.grancursosonline.com.br\/blog\/nunca-e-tarde-para-estudar\/","og_locale":"pt_BR","og_type":"article","og_title":"5 frases para te lembrar que nunca \u00e9 tarde para estudar","og_description":"Nunca \u00e9 tarde para estudar, e cada passo, por menor que seja, te aproxima dos seus sonhos. Veja 5 frases para te ajudar a retomar o processo.","og_url":"https:\/\/faculdade.grancursosonline.com.br\/blog\/nunca-e-tarde-para-estudar\/","og_site_name":"Blog Gran Faculdade","article_publisher":"https:\/\/www.facebook.com\/grancursosonline\/","article_published_time":"2025-02-24T20:30:57+00:00","article_modified_time":"2025-02-24T20:31:00+00:00","og_image":[{"width":511,"height":311,"url":"https:\/\/blog-es-static.infra.grancursosonline.com.br\/wp-content\/uploads\/2025\/02\/24172428\/nunca-e-tarde-para-estudar.jpg","type":"image\/jpeg"}],"author":"Guilherme Henrique","twitter_card":"summary_large_image","twitter_creator":"@gran_online","twitter_site":"@gran_online","twitter_misc":{"Written by":"Guilherme Henrique","Est. reading time":"8 minutos"},"schema":{"@context":"https:\/\/schema.org","@graph":[{"@type":"NewsArticle","@id":"https:\/\/faculdade.grancursosonline.com.br\/blog\/nunca-e-tarde-para-estudar\/#article","isPartOf":{"@id":"https:\/\/faculdade.grancursosonline.com.br\/blog\/nunca-e-tarde-para-estudar\/"},"author":{"name":"Guilherme Henrique","@id":"https:\/\/faculdade.grancursosonline.com.br\/blog\/#\/schema\/person\/9745f9b6db8976613c1f439dbcfe717d"},"headline":"5 frases para te lembrar que nunca \u00e9 tarde para estudar","datePublished":"2025-02-24T20:30:57+00:00","dateModified":"2025-02-24T20:31:00+00:00","mainEntityOfPage":{"@id":"https:\/\/faculdade.grancursosonline.com.br\/blog\/nunca-e-tarde-para-estudar\/"},"wordCount":1207,"commentCount":0,"publisher":{"@id":"https:\/\/faculdade.grancursosonline.com.br\/blog\/#organization"},"image":{"@id":"https:\/\/faculdade.grancursosonline.com.br\/blog\/nunca-e-tarde-para-estudar\/#primaryimage"},"thumbnailUrl":"https:\/\/blog-es-static.infra.grancursosonline.com.br\/wp-content\/uploads\/2025\/02\/24172552\/nunca-e-tarde-para-estudar-2.jpg","articleSection":["Gradua\u00e7\u00e3o EAD","Gradua\u00e7\u00e3o Gran Faculdade","\u00daltimas Not\u00edcias"],"inLanguage":"pt-BR","potentialAction":[{"@type":"CommentAction","name":"Comment","target":["https:\/\/faculdade.grancursosonline.com.br\/blog\/nunca-e-tarde-para-estudar\/#respond"]}],"copyrightYear":"2025","copyrightHolder":{"@id":"https:\/\/faculdade.grancursosonline.com.br\/blog\/#organization"}},{"@type":"WebPage","@id":"https:\/\/faculdade.grancursosonline.com.br\/blog\/nunca-e-tarde-para-estudar\/","url":"https:\/\/faculdade.grancursosonline.com.br\/blog\/nunca-e-tarde-para-estudar\/","name":"5 frases para te lembrar que nunca \u00e9 tarde para estudar","isPartOf":{"@id":"https:\/\/faculdade.grancursosonline.com.br\/blog\/#website"},"primaryImageOfPage":{"@id":"https:\/\/faculdade.grancursosonline.com.br\/blog\/nunca-e-tarde-para-estudar\/#primaryimage"},"image":{"@id":"https:\/\/faculdade.grancursosonline.com.br\/blog\/nunca-e-tarde-para-estudar\/#primaryimage"},"thumbnailUrl":"https:\/\/blog-es-static.infra.grancursosonline.com.br\/wp-content\/uploads\/2025\/02\/24172552\/nunca-e-tarde-para-estudar-2.jpg","datePublished":"2025-02-24T20:30:57+00:00","dateModified":"2025-02-24T20:31:00+00:00","description":"Nunca \u00e9 tarde para estudar, e cada passo, por menor que seja, te aproxima dos seus sonhos. Veja 5 frases para te ajudar a retomar o processo.","breadcrumb":{"@id":"https:\/\/faculdade.grancursosonline.com.br\/blog\/nunca-e-tarde-para-estudar\/#breadcrumb"},"inLanguage":"pt-BR","potentialAction":[{"@type":"ReadAction","target":["https:\/\/faculdade.grancursosonline.com.br\/blog\/nunca-e-tarde-para-estudar\/"]}]},{"@type":"ImageObject","inLanguage":"pt-BR","@id":"https:\/\/faculdade.grancursosonline.com.br\/blog\/nunca-e-tarde-para-estudar\/#primaryimage","url":"https:\/\/blog-es-static.infra.grancursosonline.com.br\/wp-content\/uploads\/2025\/02\/24172552\/nunca-e-tarde-para-estudar-2.jpg","contentUrl":"https:\/\/blog-es-static.infra.grancursosonline.com.br\/wp-content\/uploads\/2025\/02\/24172552\/nunca-e-tarde-para-estudar-2.jpg","width":1001,"height":601,"caption":"5 frases para te lembrar que nunca \u00e9 tarde para estudar"},{"@type":"BreadcrumbList","@id":"https:\/\/faculdade.grancursosonline.com.br\/blog\/nunca-e-tarde-para-estudar\/#breadcrumb","itemListElement":[{"@type":"ListItem","position":1,"name":"In\u00edcio","item":"https:\/\/faculdade.grancursosonline.com.br\/blog\/"},{"@type":"ListItem","position":2,"name":"Gradua\u00e7\u00e3o Gran Faculdade","item":"https:\/\/faculdade.grancursosonline.com.br\/blog\/graduacao\/"},{"@type":"ListItem","position":3,"name":"5 frases para te lembrar que nunca \u00e9 tarde para estudar"}]},{"@type":"WebSite","@id":"https:\/\/faculdade.grancursosonline.com.br\/blog\/#website","url":"https:\/\/faculdade.grancursosonline.com.br\/blog\/","name":"Blog Gran Faculdade","description":"Tudo sobre ensino superior, p\u00f3s-gradua\u00e7\u00e3o, enem e carreira.","publisher":{"@id":"https:\/\/faculdade.grancursosonline.com.br\/blog\/#organization"},"potentialAction":[{"@type":"SearchAction","target":{"@type":"EntryPoint","urlTemplate":"https:\/\/faculdade.grancursosonline.com.br\/blog\/?s={search_term_string}"},"query-input":{"@type":"PropertyValueSpecification","valueRequired":true,"valueName":"search_term_string"}}],"inLanguage":"pt-BR"},{"@type":"Organization","@id":"https:\/\/faculdade.grancursosonline.com.br\/blog\/#organization","name":"Gran Cursos Online","url":"https:\/\/faculdade.grancursosonline.com.br\/blog\/","logo":{"@type":"ImageObject","inLanguage":"pt-BR","@id":"https:\/\/faculdade.grancursosonline.com.br\/blog\/#\/schema\/logo\/image\/","url":"https:\/\/blog-es-static.infra.grancursosonline.com.br\/wp-content\/uploads\/2019\/08\/03123934\/logo.png","contentUrl":"https:\/\/blog-es-static.infra.grancursosonline.com.br\/wp-content\/uploads\/2019\/08\/03123934\/logo.png","width":300,"height":57,"caption":"Gran Cursos Online"},"image":{"@id":"https:\/\/faculdade.grancursosonline.com.br\/blog\/#\/schema\/logo\/image\/"},"sameAs":["https:\/\/www.facebook.com\/grancursosonline\/","https:\/\/x.com\/gran_online","https:\/\/www.instagram.com\/grancursosonline\/","https:\/\/www.youtube.com\/user\/grancursostv"]},{"@type":"Person","@id":"https:\/\/faculdade.grancursosonline.com.br\/blog\/#\/schema\/person\/9745f9b6db8976613c1f439dbcfe717d","name":"Guilherme Henrique","url":"https:\/\/faculdade.grancursosonline.com.br\/blog\/author\/guilherme-lourenco\/"}]}},"_links":{"self":[{"href":"https:\/\/faculdade.grancursosonline.com.br\/blog\/wp-json\/wp\/v2\/posts\/79752016","targetHints":{"allow":["GET"]}}],"collection":[{"href":"https:\/\/faculdade.grancursosonline.com.br\/blog\/wp-json\/wp\/v2\/posts"}],"about":[{"href":"https:\/\/faculdade.grancursosonline.com.br\/blog\/wp-json\/wp\/v2\/types\/post"}],"author":[{"embeddable":true,"href":"https:\/\/faculdade.grancursosonline.com.br\/blog\/wp-json\/wp\/v2\/users\/514"}],"replies":[{"embeddable":true,"href":"https:\/\/faculdade.grancursosonline.com.br\/blog\/wp-json\/wp\/v2\/comments?post=79752016"}],"version-history":[{"count":1,"href":"https:\/\/faculdade.grancursosonline.com.br\/blog\/wp-json\/wp\/v2\/posts\/79752016\/revisions"}],"predecessor-version":[{"id":79752020,"href":"https:\/\/faculdade.grancursosonline.com.br\/blog\/wp-json\/wp\/v2\/posts\/79752016\/revisions\/79752020"}],"wp:featuredmedia":[{"embeddable":true,"href":"https:\/\/faculdade.grancursosonline.com.br\/blog\/wp-json\/wp\/v2\/media\/79752019"}],"wp:attachment":[{"href":"https:\/\/faculdade.grancursosonline.com.br\/blog\/wp-json\/wp\/v2\/media?parent=79752016"}],"wp:term":[{"taxonomy":"category","embeddable":true,"href":"https:\/\/faculdade.grancursosonline.com.br\/blog\/wp-json\/wp\/v2\/categories?post=79752016"},{"taxonomy":"post_tag","embeddable":true,"href":"https:\/\/faculdade.grancursosonline.com.br\/blog\/wp-json\/wp\/v2\/tags?post=79752016"}],"curies":[{"name":"wp","href":"https:\/\/api.w.org\/{rel}","templated":true}]}}