{"id":79752164,"date":"2025-03-05T11:37:00","date_gmt":"2025-03-05T14:37:00","guid":{"rendered":"https:\/\/faculdade.grancursosonline.com.br\/blog\/?p=79752164"},"modified":"2025-05-08T17:42:44","modified_gmt":"2025-05-08T20:42:44","slug":"depoimento-aluno-lucas-adriano","status":"publish","type":"post","link":"https:\/\/faculdade.grancursosonline.com.br\/blog\/depoimento-aluno-lucas-adriano\/","title":{"rendered":"Depoimento de aluno da Gran Faculdade: Lucas Adriano"},"content":{"rendered":"\n<p>Transformar a vida por meio da educa\u00e7\u00e3o exige determina\u00e7\u00e3o, mas tamb\u00e9m abre portas para grandes oportunidades. Para quem busca evolu\u00e7\u00e3o e novas conquistas, cada decis\u00e3o pode ser um passo essencial para o sucesso.&nbsp;<\/p>\n\n\n\n<p>Por isso, escolher uma institui\u00e7\u00e3o que ofere\u00e7a ensino de qualidade com condi\u00e7\u00f5es acess\u00edveis faz toda a diferen\u00e7a nessa caminhada.<\/p>\n\n\n\n<p>Hoje vamos contar a hist\u00f3ria de Lucas Adriano, estudante de <a href=\"https:\/\/faculdade.grancursosonline.com.br\/curso\/ciencia-da-computacao\/\" target=\"_blank\" rel=\"noreferrer noopener\">Ci\u00eancias da Computa\u00e7\u00e3o<\/a>, que encontrou na Gran Faculdade a melhor op\u00e7\u00e3o para sua forma\u00e7\u00e3o. A metodologia de ensino, que permite cursar um curso de alt\u00edssima qualidade a dist\u00e2ncia por um pre\u00e7o extremamente acess\u00edvel, foi o fator decisivo para sua matr\u00edcula.<\/p>\n\n\n\n<p>Quer saber como a Gran Faculdade tem transformado a trajet\u00f3ria do Lucas? Acompanhe seu depoimento e veja como essa escolha tem impulsionado seu futuro profissional!<\/p>\n\n\n\n<div class=\"wp-block-columns is-layout-flex wp-container-core-columns-is-layout-9d6595d7 wp-block-columns-is-layout-flex\">\n<div class=\"wp-block-column is-layout-flow wp-block-column-is-layout-flow\" style=\"flex-basis:100%\"><div class=\"wp-block-image\">\n<figure class=\"aligncenter size-full\"><a href=\"https:\/\/whatsapp.com\/channel\/0029VaG1sChI7Be7PNndhL43\" target=\"_blank\" rel=\"noopener\"><img decoding=\"async\" src=\"https:\/\/blog-es-static.infra.grancursosonline.com.br\/wp-content\/uploads\/2025\/09\/09112354\/banner-wp-600x142-80.webp\" alt=\"Acesse o canal do WhatsApp da Gran Faculdade\" class=\"wp-image-79751904\"\/><\/a><\/figure>\n<\/div><\/div>\n<\/div>\n\n\n\n<p>Acompanhe o conte\u00fado na \u00edntegra ou navegue pelo \u00edndice se preferir:&nbsp;<\/p>\n\n\n\n<ul class=\"wp-block-list\">\n<li><a href=\"#h-quem-e-lucas-adriano\">Quem \u00e9 Lucas Adriano?<\/a><\/li>\n\n\n\n<li><a href=\"#h-depoimento-do-aluno\">Depoimento do aluno<\/a><\/li>\n\n\n\n<li><a href=\"#h-como-e-o-curso-de-ciencia-da-computacao-da-gran-faculdade\">Como \u00e9 o curso de Ci\u00eancia da Computa\u00e7\u00e3o da Gran Faculdade?\u00a0<\/a><\/li>\n<\/ul>\n\n\n\n<div class=\"wp-block-group has-background\" style=\"background-color:#8dd2fc7a\"><div class=\"wp-block-group__inner-container is-layout-constrained wp-block-group-is-layout-constrained\">\n<p><strong>Outras not\u00edcias em destaque:<\/strong><\/p>\n\n\n\n<ul class=\"wp-block-list\">\n<li><a href=\"https:\/\/faculdade.grancursosonline.com.br\/blog\/depoimento-aluna-talita-vitoria\/\" target=\"_blank\" rel=\"noreferrer noopener\">Conhe\u00e7a Talita Vit\u00f3ria, aluna de Engenharia de Software da Gran Faculdade<\/a><\/li>\n\n\n\n<li><a href=\"https:\/\/faculdade.grancursosonline.com.br\/blog\/depoimento-aluno-george-frederico\/\" target=\"_blank\" rel=\"noreferrer noopener\">Conhe\u00e7a George Frederico, aluno de Ci\u00eancias Cont\u00e1beis da Gran Faculdade<\/a><\/li>\n\n\n\n<li><a href=\"https:\/\/faculdade.grancursosonline.com.br\/blog\/depoimento-aluno-william-lima\/\" target=\"_blank\" rel=\"noreferrer noopener\">Conhe\u00e7a William Lima, aluno de An\u00e1lise e Desenvolvimento de Sistemas da Gran Faculdade<\/a><\/li>\n<\/ul>\n<\/div><\/div>\n\n\n\n<h2 class=\"wp-block-heading\" id=\"h-quem-e-lucas-adriano\"><strong>Quem \u00e9 Lucas Adriano?<\/strong><br><\/h2>\n\n\n\n<p>Lucas Adriano \u00e9 morador do Distrito Federal, tem 38 anos e atualmente cursa Ci\u00eancias da Computa\u00e7\u00e3o na Gran Faculdade. O aluno revela que escolheu a \u00e1rea por sempre ter sido um entusiasta da tecnologia e do poder transformador dela no mundo.<\/p>\n\n\n\n<p>Confira o depoimento de Lucas e como tem sido a experi\u00eancia dele:<\/p>\n\n\n\n<h2 class=\"wp-block-heading\" id=\"h-depoimento-do-aluno\"><strong>Depoimento do aluno<\/strong><br><\/h2>\n\n\n\n<p>Um entusiasta da tecnologia, Lucas revela que a possibilidade de cursar uma faculdade de alt\u00edssimo n\u00edvel atrelada a um pre\u00e7o acess\u00edvel foi o fator determinante que o fez realizar a sua matr\u00edcula. Confira:<\/p>\n\n\n\n<h3 class=\"wp-block-heading\" id=\"h-qual-o-fator-decisivo-para-voce-fazer-a-sua-matricula-com-a-gente\"><strong>Qual o fator decisivo para voc\u00ea fazer a sua matr\u00edcula com a gente?<\/strong><br><\/h3>\n\n\n\n<blockquote class=\"wp-block-quote is-layout-flow wp-block-quote-is-layout-flow\">\n<p><em>Metodologia de ensino, que permite a possibilidade de cursar um curso de alt\u00edssima qualidade \u00e0 dist\u00e2ncia, com um pre\u00e7o extremamente acess\u00edvel.<\/em><br><\/p>\n<\/blockquote>\n\n\n\n<p>Lucas \u00e9 professor da Secretaria de Educa\u00e7\u00e3o do Distrito Federal, e a modalidade EAD tem sido a sua forte aliada para conciliar trabalho com a gradua\u00e7\u00e3o:<br><\/p>\n\n\n\n<h3 class=\"wp-block-heading\" id=\"h-como-esta-sendo-o-desenvolvimento-da-sua-carreira-voce-se-sente-esperancoso-com-a-graduacao-e-como-ela-podera-ampliar-o-seu-crescimento-profissional\"><strong>Como est\u00e1 sendo o desenvolvimento da sua carreira? Voc\u00ea se sente esperan\u00e7oso com a Gradua\u00e7\u00e3o e como ela poder\u00e1 ampliar o seu crescimento profissional?<\/strong><br><\/h3>\n\n\n\n<blockquote class=\"wp-block-quote is-layout-flow wp-block-quote-is-layout-flow\">\n<p><em>Tenho a inten\u00e7\u00e3o de utilizar minha gradua\u00e7\u00e3o em Ci\u00eancias da Computa\u00e7\u00e3o juntamente com minha forma\u00e7\u00e3o atual. Al\u00e9m disso, o curso de Ci\u00eancias da Computa\u00e7\u00e3o oferece diversas oportunidades de trabalho, tanto no Brasil quanto no exterior. Essa abrang\u00eancia permite, inclusive, que eu explore uma segunda fonte de renda no setor de Tecnologia da Informa\u00e7\u00e3o.<\/em><br><\/p>\n<\/blockquote>\n\n\n\n<p>Quando perguntado sobre algum momento em que pensou em desistir, Lucas revelou que por vezes a desist\u00eancia fez parte de sua jornada, mas que hoje, mais maduro, a desist\u00eancia j\u00e1 n\u00e3o faz parte de seu roteiro:<br><\/p>\n\n\n\n<h3 class=\"wp-block-heading\" id=\"h-houve-algum-momento-que-voce-pensou-em-desistir-se-sim-pode-nos-contar-o-motivo\"><strong>Houve algum momento que voc\u00ea pensou em desistir? Se sim, pode nos contar o motivo?<\/strong><\/h3>\n\n\n\n<blockquote class=\"wp-block-quote is-layout-flow wp-block-quote-is-layout-flow\">\n<p><em>A desist\u00eancia fez parte da minha jornada. J\u00e1 abandonei v\u00e1rios sonhos por acreditar que n\u00e3o eram para mim ou que j\u00e1 n\u00e3o eram mais poss\u00edveis. No entanto, aprendi que, antes de desistir, \u00e9 fundamental perseverar. Hoje, aos 38 anos, estou cursando Ci\u00eancias da Computa\u00e7\u00e3o, um curso que sempre sonhei em fazer e n\u00e3o penso em desistir.<\/em><br><\/p>\n<\/blockquote>\n\n\n\n<h2 class=\"wp-block-heading\" id=\"h-como-e-o-curso-de-ciencia-da-computacao-da-gran-faculdade\"><strong>Como \u00e9 o curso de Ci\u00eancia da Computa\u00e7\u00e3o da Gran Faculdade?\u00a0<\/strong><br><\/h2>\n\n\n\n<p>O curso de Bacharelado em <a href=\"https:\/\/faculdade.grancursosonline.com.br\/curso\/ciencia-da-computacao\" target=\"_blank\" rel=\"noreferrer noopener\">Ci\u00eancia da Computa\u00e7\u00e3o<\/a> tem dura\u00e7\u00e3o de 8 semestres e prepara os alunos com conhecimentos essenciais para atuar em \u00e1reas como desenvolvimento de software, seguran\u00e7a digital, intelig\u00eancia artificial e outras ligadas \u00e0 tecnologia.<\/p>\n\n\n\n<p>Ao escolher essa gradua\u00e7\u00e3o, voc\u00ea poder\u00e1 impulsionar a inova\u00e7\u00e3o em tecnologia da informa\u00e7\u00e3o, contribuindo para melhorias em diversos setores e impactando positivamente a sociedade.<\/p>\n\n\n\n<p>Que tal se inspirar na trajet\u00f3ria de Lucas Adriano e dar o primeiro passo na sua carreira em Ci\u00eancia da Computa\u00e7\u00e3o? Aproveite os cupons de desconto da <a href=\"https:\/\/faculdade.grancursosonline.com.br\/nossos-cursos\/\" target=\"_blank\" rel=\"noreferrer noopener\">Gran Faculdade<\/a> e garanta um valor fixo durante todo o curso!<\/p>\n\n\n\n<div class=\"wp-block-group\"><div class=\"wp-block-group__inner-container is-layout-constrained wp-block-group-is-layout-constrained\">\n<h3 class=\"wp-block-heading\" id=\"h-cupons-de-desconto-graduacao-ead\">Cupons de desconto Gradua\u00e7\u00e3o EAD<\/h3>\n\n\n\n<p>Confira os descontos abaixo e selecione a op\u00e7\u00e3o que melhor se encaixa para voc\u00ea (<strong>valores v\u00e1lidos at\u00e9 o preenchimento das vagas<\/strong> <strong>dispon\u00edveis<\/strong>, os valores para sua matr\u00edcula ser\u00e3o os exibidos no site de compra na hora de fazer sua matr\u00edcula):<\/p>\n\n\n\n<figure class=\"wp-block-table\"><div class=\"container-tabela\"><table><tbody><tr><td>Categoria<\/td><td>Valor mensal<\/td><td>Cupom<\/td><\/tr><tr><td>Gradua\u00e7\u00e3o Social + Mulher<\/td><td>a partir de 12x de <strong><strong><strong><strong>R$ 89,90<\/strong><\/strong><\/strong><\/strong> <\/td><td>GRADSOCIALGRAN<\/td><\/tr><tr><td>Gradua\u00e7\u00e3o Alunos e Ex-alunos Gran<\/td><td>a partir de 12x de <strong><strong><strong><strong>R$ 89,90<\/strong><\/strong><\/strong><\/strong> <\/td><td>GRADALUNOGRAN<\/td><\/tr><tr><td>Gradua\u00e7\u00e3o Novos Alunos<\/td><td>a partir de 12x de <strong><strong><strong><strong>R$ 99,90<\/strong><\/strong><\/strong><\/strong><\/td><td>NOVOGRADGRAN<\/td><\/tr><\/tbody><\/table><\/div><\/figure>\n\n\n\n<p>Al\u00e9m disso, voc\u00ea pode obter 5% de desconto fazendo o pagamento \u00e0 vista!<\/p>\n\n\n\n<p class=\"has-text-align-center\"><strong><a href=\"https:\/\/faculdade.grancursosonline.com.br\/\" target=\"_blank\" rel=\"noopener\">Garanta sua matr\u00edcula com desconto!<\/a><\/strong><\/p>\n<\/div><\/div>\n\n\n\n<div class=\"wp-block-group\"><div class=\"wp-block-group__inner-container is-layout-constrained wp-block-group-is-layout-constrained\">\n<div class=\"wp-block-group\"><div class=\"wp-block-group__inner-container is-layout-constrained wp-block-group-is-layout-constrained\">\n<section style=\"text-align: center;\">\n<p>Quer ficar por dentro da Faculdade Digital mais inovadora do Brasil?<\/p>\n<nav>\n<p class=\"has-background has-dark-bluish-background-color\" style=\"font-size: 25px; text-align: center; background: #f0f0f0; color: #ffffff; padding: 4px 0px 4xp 0px;\"><a style=\"color: #0d134c; text-decoration: underline;\" href=\"https:\/\/faculdade.grancursosonline.com.br\/\" target=\"_blank\" rel=\"noopener\">GRADUA\u00c7\u00c3O<\/a><\/p>\n<p class=\"has-background has-dark-bluish-background-color\" style=\"font-size: 25px; text-align: center; background: #f0f0f0; color: #ffffff; padding: 4px 0px 4xp 0px;\"><a style=\"color: #0d134c; text-decoration: underline;\" href=\"https:\/\/pos.grancursosonline.com.br\/\" target=\"_blank\" rel=\"noopener\">P\u00d3S-GRADUA\u00c7\u00c3O<\/a><\/p>\n<p class=\"has-background has-dark-bluish-background-color\" style=\"font-size: 25px; text-align: center; background: #f0f0f0; color: #ffffff; padding: 4px 0px 4xp 0px;\"><a style=\"color: #0d134c; text-decoration: underline;\" href=\"https:\/\/faculdade.grancursosonline.com.br\/nossos-cursos\/\" target=\"_blank\" rel=\"noopener\">TUDO SOBRE A GRAN FACULDADE<\/a><\/p>\n<\/nav>\n<p><strong>Receba <span style=\"color: #cf1e25;\">gratuitamente<\/span> no seu celular as principais not\u00edcias sobre a Gran Faculdade! <br \/>Clique no link abaixo e inscreva-se:<\/strong><\/p>\n<p class=\"has-background has-dark-bluish-background-color\" style=\"font-size: 25px; text-align: center; background: #f0f0f0; color: #ffffff; padding: 4px 0px 4xp 0px;\"><a style=\"color: #0d134c; text-decoration: underline;\" href=\"https:\/\/whatsapp.com\/channel\/0029VaG1sChI7Be7PNndhL43\" target=\"_blank\" rel=\"noopener noreferrer\">WHATSAPP<\/a><\/p>\n<p class=\"has-background has-dark-bluish-background-color\" style=\"font-size: 25px; text-align: center; background: #f0f0f0; color: #ffffff; padding: 4px 0px 4xp 0px;\"><a style=\"color: #0d134c; text-decoration: underline;\" href=\"https:\/\/t.me\/GranFaculdade\" target=\"_blank\" rel=\"noopener noreferrer\">TELEGRAM<\/a><\/p>\n<\/section>\n<\/div><\/div>\n<\/div><\/div>\n\n\n\n<p><br><\/p>\n\n\n\n<p><br><br><br><\/p>\n","protected":false},"excerpt":{"rendered":"<p>Transformar a vida por meio da educa\u00e7\u00e3o exige determina\u00e7\u00e3o, mas tamb\u00e9m abre portas para grandes oportunidades. Para quem busca evolu\u00e7\u00e3o e novas conquistas, cada decis\u00e3o pode ser um passo essencial para o sucesso.&nbsp; Por isso, escolher uma institui\u00e7\u00e3o que ofere\u00e7a ensino de qualidade com condi\u00e7\u00f5es acess\u00edveis faz toda a diferen\u00e7a nessa caminhada. Hoje vamos contar&hellip;<\/p>\n","protected":false},"author":514,"featured_media":79752166,"comment_status":"open","ping_status":"open","sticky":false,"template":"","format":"standard","meta":{"_acf_changed":false,"content-type":"","footnotes":""},"categories":[220347,219790,218545,2],"tags":[],"class_list":["post-79752164","post","type-post","status-publish","format-standard","has-post-thumbnail","hentry","category-depoimentos","category-graduacao-ead","category-graduacao","category-ultimas-noticias"],"acf":[],"yoast_head":"<!-- This site is optimized with the Yoast SEO Premium plugin v27.2 (Yoast SEO v27.2) - https:\/\/yoast.com\/product\/yoast-seo-premium-wordpress\/ -->\n<title>Depoimento de aluno da Gran Faculdade: Lucas Adriano<\/title>\n<meta name=\"description\" content=\"Descubra a hist\u00f3ria de Lucas Adriano, aluno de Ci\u00eancias da Computa\u00e7\u00e3o, e como a Gran Faculdade tem transformado sua jornada profissional.\" \/>\n<meta name=\"robots\" content=\"index, follow, max-snippet:-1, max-image-preview:large, max-video-preview:-1\" \/>\n<link rel=\"canonical\" href=\"https:\/\/faculdade.grancursosonline.com.br\/blog\/depoimento-aluno-lucas-adriano\/\" \/>\n<meta property=\"og:locale\" content=\"pt_BR\" \/>\n<meta property=\"og:type\" content=\"article\" \/>\n<meta property=\"og:title\" content=\"Depoimento de aluno da Gran Faculdade: Lucas Adriano\" \/>\n<meta property=\"og:description\" content=\"Descubra a hist\u00f3ria de Lucas Adriano, aluno de Ci\u00eancias da Computa\u00e7\u00e3o, e como a Gran Faculdade tem transformado sua jornada profissional.\" \/>\n<meta property=\"og:url\" content=\"https:\/\/faculdade.grancursosonline.com.br\/blog\/depoimento-aluno-lucas-adriano\/\" \/>\n<meta property=\"og:site_name\" content=\"Blog Gran Faculdade\" \/>\n<meta property=\"article:publisher\" content=\"https:\/\/www.facebook.com\/grancursosonline\/\" \/>\n<meta property=\"article:published_time\" content=\"2025-03-05T14:37:00+00:00\" \/>\n<meta property=\"article:modified_time\" content=\"2025-05-08T20:42:44+00:00\" \/>\n<meta property=\"og:image\" content=\"https:\/\/blog-es-static.infra.grancursosonline.com.br\/wp-content\/uploads\/2025\/03\/03175031\/depoimento-Lucas-Adriano.jpg\" \/>\n\t<meta property=\"og:image:width\" content=\"511\" \/>\n\t<meta property=\"og:image:height\" content=\"311\" \/>\n\t<meta property=\"og:image:type\" content=\"image\/jpeg\" \/>\n<meta name=\"author\" content=\"Guilherme Henrique\" \/>\n<meta name=\"twitter:card\" content=\"summary_large_image\" \/>\n<meta name=\"twitter:creator\" content=\"@gran_online\" \/>\n<meta name=\"twitter:site\" content=\"@gran_online\" \/>\n<meta name=\"twitter:label1\" content=\"Written by\" \/>\n\t<meta name=\"twitter:data1\" content=\"Guilherme Henrique\" \/>\n\t<meta name=\"twitter:label2\" content=\"Est. reading time\" \/>\n\t<meta name=\"twitter:data2\" content=\"12 minutos\" \/>\n<script type=\"application\/ld+json\" class=\"yoast-schema-graph\">{\"@context\":\"https:\/\/schema.org\",\"@graph\":[{\"@type\":\"NewsArticle\",\"@id\":\"https:\/\/faculdade.grancursosonline.com.br\/blog\/depoimento-aluno-lucas-adriano\/#article\",\"isPartOf\":{\"@id\":\"https:\/\/faculdade.grancursosonline.com.br\/blog\/depoimento-aluno-lucas-adriano\/\"},\"author\":{\"name\":\"Guilherme Henrique\",\"@id\":\"https:\/\/faculdade.grancursosonline.com.br\/blog\/#\/schema\/person\/9745f9b6db8976613c1f439dbcfe717d\"},\"headline\":\"Depoimento de aluno da Gran Faculdade: Lucas Adriano\",\"datePublished\":\"2025-03-05T14:37:00+00:00\",\"dateModified\":\"2025-05-08T20:42:44+00:00\",\"mainEntityOfPage\":{\"@id\":\"https:\/\/faculdade.grancursosonline.com.br\/blog\/depoimento-aluno-lucas-adriano\/\"},\"wordCount\":722,\"commentCount\":0,\"publisher\":{\"@id\":\"https:\/\/faculdade.grancursosonline.com.br\/blog\/#organization\"},\"image\":{\"@id\":\"https:\/\/faculdade.grancursosonline.com.br\/blog\/depoimento-aluno-lucas-adriano\/#primaryimage\"},\"thumbnailUrl\":\"https:\/\/blog-es-static.infra.grancursosonline.com.br\/wp-content\/uploads\/2025\/03\/03175142\/depoimento-Lucas-Adriano-2.jpg\",\"articleSection\":[\"Eu Sou Gran\",\"Gradua\u00e7\u00e3o EAD\",\"Gradua\u00e7\u00e3o Gran Faculdade\",\"\u00daltimas Not\u00edcias\"],\"inLanguage\":\"pt-BR\",\"potentialAction\":[{\"@type\":\"CommentAction\",\"name\":\"Comment\",\"target\":[\"https:\/\/faculdade.grancursosonline.com.br\/blog\/depoimento-aluno-lucas-adriano\/#respond\"]}],\"copyrightYear\":\"2025\",\"copyrightHolder\":{\"@id\":\"https:\/\/faculdade.grancursosonline.com.br\/blog\/#organization\"}},{\"@type\":\"WebPage\",\"@id\":\"https:\/\/faculdade.grancursosonline.com.br\/blog\/depoimento-aluno-lucas-adriano\/\",\"url\":\"https:\/\/faculdade.grancursosonline.com.br\/blog\/depoimento-aluno-lucas-adriano\/\",\"name\":\"Depoimento de aluno da Gran Faculdade: Lucas Adriano\",\"isPartOf\":{\"@id\":\"https:\/\/faculdade.grancursosonline.com.br\/blog\/#website\"},\"primaryImageOfPage\":{\"@id\":\"https:\/\/faculdade.grancursosonline.com.br\/blog\/depoimento-aluno-lucas-adriano\/#primaryimage\"},\"image\":{\"@id\":\"https:\/\/faculdade.grancursosonline.com.br\/blog\/depoimento-aluno-lucas-adriano\/#primaryimage\"},\"thumbnailUrl\":\"https:\/\/blog-es-static.infra.grancursosonline.com.br\/wp-content\/uploads\/2025\/03\/03175142\/depoimento-Lucas-Adriano-2.jpg\",\"datePublished\":\"2025-03-05T14:37:00+00:00\",\"dateModified\":\"2025-05-08T20:42:44+00:00\",\"description\":\"Descubra a hist\u00f3ria de Lucas Adriano, aluno de Ci\u00eancias da Computa\u00e7\u00e3o, e como a Gran Faculdade tem transformado sua jornada profissional.\",\"breadcrumb\":{\"@id\":\"https:\/\/faculdade.grancursosonline.com.br\/blog\/depoimento-aluno-lucas-adriano\/#breadcrumb\"},\"inLanguage\":\"pt-BR\",\"potentialAction\":[{\"@type\":\"ReadAction\",\"target\":[\"https:\/\/faculdade.grancursosonline.com.br\/blog\/depoimento-aluno-lucas-adriano\/\"]}]},{\"@type\":\"ImageObject\",\"inLanguage\":\"pt-BR\",\"@id\":\"https:\/\/faculdade.grancursosonline.com.br\/blog\/depoimento-aluno-lucas-adriano\/#primaryimage\",\"url\":\"https:\/\/blog-es-static.infra.grancursosonline.com.br\/wp-content\/uploads\/2025\/03\/03175142\/depoimento-Lucas-Adriano-2.jpg\",\"contentUrl\":\"https:\/\/blog-es-static.infra.grancursosonline.com.br\/wp-content\/uploads\/2025\/03\/03175142\/depoimento-Lucas-Adriano-2.jpg\",\"width\":1001,\"height\":601},{\"@type\":\"BreadcrumbList\",\"@id\":\"https:\/\/faculdade.grancursosonline.com.br\/blog\/depoimento-aluno-lucas-adriano\/#breadcrumb\",\"itemListElement\":[{\"@type\":\"ListItem\",\"position\":1,\"name\":\"In\u00edcio\",\"item\":\"https:\/\/faculdade.grancursosonline.com.br\/blog\/\"},{\"@type\":\"ListItem\",\"position\":2,\"name\":\"Eu Sou Gran\",\"item\":\"https:\/\/faculdade.grancursosonline.com.br\/blog\/depoimentos\/\"},{\"@type\":\"ListItem\",\"position\":3,\"name\":\"Depoimento de aluno da Gran Faculdade: Lucas Adriano\"}]},{\"@type\":\"WebSite\",\"@id\":\"https:\/\/faculdade.grancursosonline.com.br\/blog\/#website\",\"url\":\"https:\/\/faculdade.grancursosonline.com.br\/blog\/\",\"name\":\"Blog Gran Faculdade\",\"description\":\"Tudo sobre ensino superior, p\u00f3s-gradua\u00e7\u00e3o, enem e carreira.\",\"publisher\":{\"@id\":\"https:\/\/faculdade.grancursosonline.com.br\/blog\/#organization\"},\"potentialAction\":[{\"@type\":\"SearchAction\",\"target\":{\"@type\":\"EntryPoint\",\"urlTemplate\":\"https:\/\/faculdade.grancursosonline.com.br\/blog\/?s={search_term_string}\"},\"query-input\":{\"@type\":\"PropertyValueSpecification\",\"valueRequired\":true,\"valueName\":\"search_term_string\"}}],\"inLanguage\":\"pt-BR\"},{\"@type\":\"Organization\",\"@id\":\"https:\/\/faculdade.grancursosonline.com.br\/blog\/#organization\",\"name\":\"Gran Cursos Online\",\"url\":\"https:\/\/faculdade.grancursosonline.com.br\/blog\/\",\"logo\":{\"@type\":\"ImageObject\",\"inLanguage\":\"pt-BR\",\"@id\":\"https:\/\/faculdade.grancursosonline.com.br\/blog\/#\/schema\/logo\/image\/\",\"url\":\"https:\/\/blog-es-static.infra.grancursosonline.com.br\/wp-content\/uploads\/2019\/08\/03123934\/logo.png\",\"contentUrl\":\"https:\/\/blog-es-static.infra.grancursosonline.com.br\/wp-content\/uploads\/2019\/08\/03123934\/logo.png\",\"width\":300,\"height\":57,\"caption\":\"Gran Cursos Online\"},\"image\":{\"@id\":\"https:\/\/faculdade.grancursosonline.com.br\/blog\/#\/schema\/logo\/image\/\"},\"sameAs\":[\"https:\/\/www.facebook.com\/grancursosonline\/\",\"https:\/\/x.com\/gran_online\",\"https:\/\/www.instagram.com\/grancursosonline\/\",\"https:\/\/www.youtube.com\/user\/grancursostv\"]},{\"@type\":\"Person\",\"@id\":\"https:\/\/faculdade.grancursosonline.com.br\/blog\/#\/schema\/person\/9745f9b6db8976613c1f439dbcfe717d\",\"name\":\"Guilherme Henrique\",\"url\":\"https:\/\/faculdade.grancursosonline.com.br\/blog\/author\/guilherme-lourenco\/\"}]}<\/script>\n<!-- \/ Yoast SEO Premium plugin. -->","yoast_head_json":{"title":"Depoimento de aluno da Gran Faculdade: Lucas Adriano","description":"Descubra a hist\u00f3ria de Lucas Adriano, aluno de Ci\u00eancias da Computa\u00e7\u00e3o, e como a Gran Faculdade tem transformado sua jornada profissional.","robots":{"index":"index","follow":"follow","max-snippet":"max-snippet:-1","max-image-preview":"max-image-preview:large","max-video-preview":"max-video-preview:-1"},"canonical":"https:\/\/faculdade.grancursosonline.com.br\/blog\/depoimento-aluno-lucas-adriano\/","og_locale":"pt_BR","og_type":"article","og_title":"Depoimento de aluno da Gran Faculdade: Lucas Adriano","og_description":"Descubra a hist\u00f3ria de Lucas Adriano, aluno de Ci\u00eancias da Computa\u00e7\u00e3o, e como a Gran Faculdade tem transformado sua jornada profissional.","og_url":"https:\/\/faculdade.grancursosonline.com.br\/blog\/depoimento-aluno-lucas-adriano\/","og_site_name":"Blog Gran Faculdade","article_publisher":"https:\/\/www.facebook.com\/grancursosonline\/","article_published_time":"2025-03-05T14:37:00+00:00","article_modified_time":"2025-05-08T20:42:44+00:00","og_image":[{"width":511,"height":311,"url":"https:\/\/blog-es-static.infra.grancursosonline.com.br\/wp-content\/uploads\/2025\/03\/03175031\/depoimento-Lucas-Adriano.jpg","type":"image\/jpeg"}],"author":"Guilherme Henrique","twitter_card":"summary_large_image","twitter_creator":"@gran_online","twitter_site":"@gran_online","twitter_misc":{"Written by":"Guilherme Henrique","Est. reading time":"12 minutos"},"schema":{"@context":"https:\/\/schema.org","@graph":[{"@type":"NewsArticle","@id":"https:\/\/faculdade.grancursosonline.com.br\/blog\/depoimento-aluno-lucas-adriano\/#article","isPartOf":{"@id":"https:\/\/faculdade.grancursosonline.com.br\/blog\/depoimento-aluno-lucas-adriano\/"},"author":{"name":"Guilherme Henrique","@id":"https:\/\/faculdade.grancursosonline.com.br\/blog\/#\/schema\/person\/9745f9b6db8976613c1f439dbcfe717d"},"headline":"Depoimento de aluno da Gran Faculdade: Lucas Adriano","datePublished":"2025-03-05T14:37:00+00:00","dateModified":"2025-05-08T20:42:44+00:00","mainEntityOfPage":{"@id":"https:\/\/faculdade.grancursosonline.com.br\/blog\/depoimento-aluno-lucas-adriano\/"},"wordCount":722,"commentCount":0,"publisher":{"@id":"https:\/\/faculdade.grancursosonline.com.br\/blog\/#organization"},"image":{"@id":"https:\/\/faculdade.grancursosonline.com.br\/blog\/depoimento-aluno-lucas-adriano\/#primaryimage"},"thumbnailUrl":"https:\/\/blog-es-static.infra.grancursosonline.com.br\/wp-content\/uploads\/2025\/03\/03175142\/depoimento-Lucas-Adriano-2.jpg","articleSection":["Eu Sou Gran","Gradua\u00e7\u00e3o EAD","Gradua\u00e7\u00e3o Gran Faculdade","\u00daltimas Not\u00edcias"],"inLanguage":"pt-BR","potentialAction":[{"@type":"CommentAction","name":"Comment","target":["https:\/\/faculdade.grancursosonline.com.br\/blog\/depoimento-aluno-lucas-adriano\/#respond"]}],"copyrightYear":"2025","copyrightHolder":{"@id":"https:\/\/faculdade.grancursosonline.com.br\/blog\/#organization"}},{"@type":"WebPage","@id":"https:\/\/faculdade.grancursosonline.com.br\/blog\/depoimento-aluno-lucas-adriano\/","url":"https:\/\/faculdade.grancursosonline.com.br\/blog\/depoimento-aluno-lucas-adriano\/","name":"Depoimento de aluno da Gran Faculdade: Lucas Adriano","isPartOf":{"@id":"https:\/\/faculdade.grancursosonline.com.br\/blog\/#website"},"primaryImageOfPage":{"@id":"https:\/\/faculdade.grancursosonline.com.br\/blog\/depoimento-aluno-lucas-adriano\/#primaryimage"},"image":{"@id":"https:\/\/faculdade.grancursosonline.com.br\/blog\/depoimento-aluno-lucas-adriano\/#primaryimage"},"thumbnailUrl":"https:\/\/blog-es-static.infra.grancursosonline.com.br\/wp-content\/uploads\/2025\/03\/03175142\/depoimento-Lucas-Adriano-2.jpg","datePublished":"2025-03-05T14:37:00+00:00","dateModified":"2025-05-08T20:42:44+00:00","description":"Descubra a hist\u00f3ria de Lucas Adriano, aluno de Ci\u00eancias da Computa\u00e7\u00e3o, e como a Gran Faculdade tem transformado sua jornada profissional.","breadcrumb":{"@id":"https:\/\/faculdade.grancursosonline.com.br\/blog\/depoimento-aluno-lucas-adriano\/#breadcrumb"},"inLanguage":"pt-BR","potentialAction":[{"@type":"ReadAction","target":["https:\/\/faculdade.grancursosonline.com.br\/blog\/depoimento-aluno-lucas-adriano\/"]}]},{"@type":"ImageObject","inLanguage":"pt-BR","@id":"https:\/\/faculdade.grancursosonline.com.br\/blog\/depoimento-aluno-lucas-adriano\/#primaryimage","url":"https:\/\/blog-es-static.infra.grancursosonline.com.br\/wp-content\/uploads\/2025\/03\/03175142\/depoimento-Lucas-Adriano-2.jpg","contentUrl":"https:\/\/blog-es-static.infra.grancursosonline.com.br\/wp-content\/uploads\/2025\/03\/03175142\/depoimento-Lucas-Adriano-2.jpg","width":1001,"height":601},{"@type":"BreadcrumbList","@id":"https:\/\/faculdade.grancursosonline.com.br\/blog\/depoimento-aluno-lucas-adriano\/#breadcrumb","itemListElement":[{"@type":"ListItem","position":1,"name":"In\u00edcio","item":"https:\/\/faculdade.grancursosonline.com.br\/blog\/"},{"@type":"ListItem","position":2,"name":"Eu Sou Gran","item":"https:\/\/faculdade.grancursosonline.com.br\/blog\/depoimentos\/"},{"@type":"ListItem","position":3,"name":"Depoimento de aluno da Gran Faculdade: Lucas Adriano"}]},{"@type":"WebSite","@id":"https:\/\/faculdade.grancursosonline.com.br\/blog\/#website","url":"https:\/\/faculdade.grancursosonline.com.br\/blog\/","name":"Blog Gran Faculdade","description":"Tudo sobre ensino superior, p\u00f3s-gradua\u00e7\u00e3o, enem e carreira.","publisher":{"@id":"https:\/\/faculdade.grancursosonline.com.br\/blog\/#organization"},"potentialAction":[{"@type":"SearchAction","target":{"@type":"EntryPoint","urlTemplate":"https:\/\/faculdade.grancursosonline.com.br\/blog\/?s={search_term_string}"},"query-input":{"@type":"PropertyValueSpecification","valueRequired":true,"valueName":"search_term_string"}}],"inLanguage":"pt-BR"},{"@type":"Organization","@id":"https:\/\/faculdade.grancursosonline.com.br\/blog\/#organization","name":"Gran Cursos Online","url":"https:\/\/faculdade.grancursosonline.com.br\/blog\/","logo":{"@type":"ImageObject","inLanguage":"pt-BR","@id":"https:\/\/faculdade.grancursosonline.com.br\/blog\/#\/schema\/logo\/image\/","url":"https:\/\/blog-es-static.infra.grancursosonline.com.br\/wp-content\/uploads\/2019\/08\/03123934\/logo.png","contentUrl":"https:\/\/blog-es-static.infra.grancursosonline.com.br\/wp-content\/uploads\/2019\/08\/03123934\/logo.png","width":300,"height":57,"caption":"Gran Cursos Online"},"image":{"@id":"https:\/\/faculdade.grancursosonline.com.br\/blog\/#\/schema\/logo\/image\/"},"sameAs":["https:\/\/www.facebook.com\/grancursosonline\/","https:\/\/x.com\/gran_online","https:\/\/www.instagram.com\/grancursosonline\/","https:\/\/www.youtube.com\/user\/grancursostv"]},{"@type":"Person","@id":"https:\/\/faculdade.grancursosonline.com.br\/blog\/#\/schema\/person\/9745f9b6db8976613c1f439dbcfe717d","name":"Guilherme Henrique","url":"https:\/\/faculdade.grancursosonline.com.br\/blog\/author\/guilherme-lourenco\/"}]}},"_links":{"self":[{"href":"https:\/\/faculdade.grancursosonline.com.br\/blog\/wp-json\/wp\/v2\/posts\/79752164","targetHints":{"allow":["GET"]}}],"collection":[{"href":"https:\/\/faculdade.grancursosonline.com.br\/blog\/wp-json\/wp\/v2\/posts"}],"about":[{"href":"https:\/\/faculdade.grancursosonline.com.br\/blog\/wp-json\/wp\/v2\/types\/post"}],"author":[{"embeddable":true,"href":"https:\/\/faculdade.grancursosonline.com.br\/blog\/wp-json\/wp\/v2\/users\/514"}],"replies":[{"embeddable":true,"href":"https:\/\/faculdade.grancursosonline.com.br\/blog\/wp-json\/wp\/v2\/comments?post=79752164"}],"version-history":[{"count":3,"href":"https:\/\/faculdade.grancursosonline.com.br\/blog\/wp-json\/wp\/v2\/posts\/79752164\/revisions"}],"predecessor-version":[{"id":79753865,"href":"https:\/\/faculdade.grancursosonline.com.br\/blog\/wp-json\/wp\/v2\/posts\/79752164\/revisions\/79753865"}],"wp:featuredmedia":[{"embeddable":true,"href":"https:\/\/faculdade.grancursosonline.com.br\/blog\/wp-json\/wp\/v2\/media\/79752166"}],"wp:attachment":[{"href":"https:\/\/faculdade.grancursosonline.com.br\/blog\/wp-json\/wp\/v2\/media?parent=79752164"}],"wp:term":[{"taxonomy":"category","embeddable":true,"href":"https:\/\/faculdade.grancursosonline.com.br\/blog\/wp-json\/wp\/v2\/categories?post=79752164"},{"taxonomy":"post_tag","embeddable":true,"href":"https:\/\/faculdade.grancursosonline.com.br\/blog\/wp-json\/wp\/v2\/tags?post=79752164"}],"curies":[{"name":"wp","href":"https:\/\/api.w.org\/{rel}","templated":true}]}}