{"id":79752416,"date":"2025-03-17T17:15:18","date_gmt":"2025-03-17T20:15:18","guid":{"rendered":"https:\/\/faculdade.grancursosonline.com.br\/blog\/?p=79752416"},"modified":"2025-03-18T13:27:23","modified_gmt":"2025-03-18T16:27:23","slug":"marco-civil-da-internet","status":"publish","type":"post","link":"https:\/\/faculdade.grancursosonline.com.br\/blog\/marco-civil-da-internet\/","title":{"rendered":"Marco Civil da Internet: Os Direitos e Deveres na Era Digital"},"content":{"rendered":"\n<p>Voc\u00ea j\u00e1 parou para pensar em como seus direitos s\u00e3o protegidos no ambiente digital? O <strong>Marco Civil da Internet<\/strong> regula o uso da internet no Brasil, garantindo princ\u00edpios como a privacidade e a liberdade de express\u00e3o. Ele surgiu para proteger os usu\u00e1rios e definir responsabilidades no meio digital.<\/p>\n\n\n\n<p>Al\u00e9m disso, o Marco Civil dialoga com temas como a <strong>LGPD<\/strong> e a <strong>ciberseguran\u00e7a<\/strong>, refor\u00e7ando a prote\u00e7\u00e3o de dados pessoais e a seguran\u00e7a nas intera\u00e7\u00f5es online. Com a digitaliza\u00e7\u00e3o crescente, essas normas s\u00e3o importantes para prevenir abusos e assegurar direitos.<\/p>\n\n\n\n<p>Se voc\u00ea deseja atuar nas \u00e1reas jur\u00eddicas ou tecnol\u00f3gicas, conhecer essas leis \u00e9 um diferencial importante. Profissionais dessas \u00e1reas precisam entender os mecanismos de prote\u00e7\u00e3o e responsabilidade digital. Que tal explorar esse tema e ampliar seu conhecimento? Fique por aqui e confira!<\/p>\n\n\n\n<div class=\"wp-block-columns is-layout-flex wp-container-core-columns-is-layout-9d6595d7 wp-block-columns-is-layout-flex\">\n<div class=\"wp-block-column is-layout-flow wp-block-column-is-layout-flow\" style=\"flex-basis:100%\"><div class=\"wp-block-image\">\n<figure class=\"aligncenter size-full\"><a href=\"https:\/\/whatsapp.com\/channel\/0029VaG1sChI7Be7PNndhL43\" target=\"_blank\" rel=\"noopener\"><img decoding=\"async\" src=\"https:\/\/blog-es-static.infra.grancursosonline.com.br\/wp-content\/uploads\/2025\/09\/09112354\/banner-wp-600x142-80.webp\" alt=\"Acesse o canal do WhatsApp da Gran Faculdade\" class=\"wp-image-79751904\"\/><\/a><\/figure>\n<\/div><\/div>\n<\/div>\n\n\n\n<p>Acompanhe o conte\u00fado na \u00edntegra, ou navegue pelo \u00edndice se preferir:<\/p>\n\n\n\n<ul class=\"wp-block-list\">\n<li><a href=\"#h-o-que-e-o-marco-civil-da-internet\">O que \u00e9 o Marco Civil da Internet?<\/a><\/li>\n\n\n\n<li><a href=\"#h-a-lei-que-regulamenta-o-marco-civil\">A Lei que regulamenta o Marco Civil<\/a><\/li>\n\n\n\n<li><a href=\"#h-a-necessidade-de-um-marco-civil-no-ambiente-digital\">A necessidade de um Marco Civil no ambiente digital<\/a><\/li>\n\n\n\n<li><a href=\"#h-marco-civil-lgpd-e-ciberseguranca\">Marco Civil, LGPD e Ciberseguran\u00e7a<\/a><\/li>\n\n\n\n<li><a href=\"#h-novos-desafios-para-profissionais-do-direito-e-tecnologia\">Novos desafios para profissionais do direito e tecnologia<\/a><\/li>\n\n\n\n<li><a href=\"#h-atuacao-na-area-juridica-e-tecnologica\">Atua\u00e7\u00e3o em Ci\u00eancias Jur\u00eddicas, Gest\u00e3o Judicial e Seguran\u00e7a da Informa\u00e7\u00e3o<\/a><\/li>\n<\/ul>\n\n\n\n<div class=\"wp-block-group has-background\" style=\"background-color:#8dd2fc7a\"><div class=\"wp-block-group__inner-container is-layout-constrained wp-block-group-is-layout-constrained\">\n<p><strong>Outras not\u00edcias em destaque:<\/strong><\/p>\n\n\n\n<ul class=\"wp-block-list\">\n<li><a href=\"https:\/\/faculdade.grancursosonline.com.br\/blog\/direito-digital-dicas-profissionais\/\" target=\"_blank\" rel=\"noreferrer noopener\">Direito Digital: o que \u00e9, p\u00f3s e 5 dicas para se destacar!<\/a><\/li>\n\n\n\n<li><a href=\"https:\/\/faculdade.grancursosonline.com.br\/blog\/curso-livre-de-responsabilidade-juridica\/\" target=\"_blank\" rel=\"noreferrer noopener\">Conhe\u00e7a o Curso Livre de Responsabilidade Jur\u00eddica nos Ambientes Digitais<\/a><\/li>\n\n\n\n<li><a href=\"https:\/\/faculdade.grancursosonline.com.br\/blog\/seguranca-de-dados\/\" target=\"_blank\" rel=\"noreferrer noopener\">Seguran\u00e7a de Dados: o que \u00e9 e por que \u00e9 importante?<\/a><\/li>\n<\/ul>\n<\/div><\/div>\n\n\n\n<h2 class=\"wp-block-heading\" id=\"h-o-que-e-o-marco-civil-da-internet\"><strong>O que \u00e9 o Marco Civil da Internet?<\/strong><br><\/h2>\n\n\n\n<p>O <strong>Marco Civil da Internet<\/strong> <strong>\u00e9 uma lei que regula o uso da internet no Brasil<\/strong>, estabelecendo direitos e deveres para todos os usu\u00e1rios e empresas que atuam na rede. Ele foi criado para garantir um ambiente digital mais seguro e justo, com regras claras para proteger a privacidade e a liberdade de express\u00e3o.&nbsp;<\/p>\n\n\n\n<p>Essa lei <strong>surgiu em 2014<\/strong> e \u00e9 considerada um marco importante para a internet no pa\u00eds. Os <strong>princ\u00edpios fundamentais<\/strong> do Marco Civil incluem <strong>a prote\u00e7\u00e3o da privacidade dos usu\u00e1rios, a liberdade de express\u00e3o e a neutralidade da rede.<\/strong><\/p>\n\n\n\n<p>Isso significa que todos t\u00eam o direito de se expressar livremente online, sem sofrer censura, e os provedores de internet devem tratar todos os dados da mesma forma, sem discrimina\u00e7\u00e3o. Al\u00e9m disso, a privacidade dos dados \u00e9 um direito garantido por essa lei. O Marco Civil tamb\u00e9m <strong>define os<\/strong> <strong>direitos e deveres dos usu\u00e1rios e provedores<\/strong>.&nbsp;<\/p>\n\n\n\n<p>Os usu\u00e1rios t\u00eam o direito de proteger suas informa\u00e7\u00f5es pessoais e escolher o que compartilham na internet. J\u00e1 os provedores devem garantir a seguran\u00e7a dos dados e informar claramente como esses dados ser\u00e3o usados, respeitando os direitos dos usu\u00e1rios em todo momento.<\/p>\n\n\n\n<h2 class=\"wp-block-heading\" id=\"h-a-lei-que-regulamenta-o-marco-civil\"><strong>A Lei que regulamenta o Marco Civil<\/strong><br><\/h2>\n\n\n\n<p>A <strong>Lei n\u00ba 12.965\/2014<\/strong> foi criada para regulamentar o uso da internet no Brasil, com o objetivo de proteger os direitos dos cidad\u00e3os no ambiente digital. Ela surge como resposta \u00e0 necessidade de uma legisla\u00e7\u00e3o que acompanhasse o crescimento da internet no pa\u00eds.&nbsp;<\/p>\n\n\n\n<p>Essa lei define regras importantes para o funcionamento da internet e a rela\u00e7\u00e3o entre usu\u00e1rios e provedores. A aprova\u00e7\u00e3o do Marco Civil da Internet foi um marco hist\u00f3rico para o Brasil, tornando-se uma refer\u00eancia mundial em regulamenta\u00e7\u00e3o digital.&nbsp;<\/p>\n\n\n\n<p>Ao criar uma legisla\u00e7\u00e3o espec\u00edfica para a internet, o Brasil assumiu um papel de lideran\u00e7a na prote\u00e7\u00e3o dos direitos dos cidad\u00e3os no meio digital. A lei foi um avan\u00e7o significativo no cen\u00e1rio jur\u00eddico do pa\u00eds.<\/p>\n\n\n\n<h2 class=\"wp-block-heading\" id=\"h-a-necessidade-de-um-marco-civil-no-ambiente-digital\"><strong>A necessidade de um Marco Civil no ambiente digital<\/strong><br><\/h2>\n\n\n\n<p>A necessidade de um Marco Civil da Internet surgiu com o crescimento do uso da internet e a digitaliza\u00e7\u00e3o das rela\u00e7\u00f5es sociais e comerciais. Sem uma regulamenta\u00e7\u00e3o espec\u00edfica, o ambiente digital era, em muitos casos, um espa\u00e7o sem regras claras, onde abusos e viola\u00e7\u00f5es de direitos aconteciam com frequ\u00eancia.&nbsp;<\/p>\n\n\n\n<p>A cria\u00e7\u00e3o do Marco Civil veio para resolver esse problema, garantindo que todos, desde usu\u00e1rios at\u00e9 provedores de servi\u00e7os, soubessem exatamente seus direitos e responsabilidades.<\/p>\n\n\n\n<h3 class=\"wp-block-heading\"><strong>Prote\u00e7\u00e3o de direitos no meio digital<\/strong><\/h3>\n\n\n\n<ul class=\"wp-block-list\">\n<li><strong>Garantia da<\/strong> <strong>privacidade<\/strong>: A lei protege os dados pessoais dos usu\u00e1rios, assegurando que suas informa\u00e7\u00f5es sejam tratadas com transpar\u00eancia e seguran\u00e7a;<\/li>\n\n\n\n<li><strong>Liberdade de express\u00e3o<\/strong>: O Marco Civil assegura que os usu\u00e1rios possam se expressar livremente na internet, sem censura indevida, respeitando o direito \u00e0 informa\u00e7\u00e3o;<\/li>\n\n\n\n<li><strong>Neutralidade da rede<\/strong>: A lei garante que todos os dados na internet sejam tratados de forma igualit\u00e1ria, sem discrimina\u00e7\u00e3o ou favorecimento de conte\u00fados, servi\u00e7os ou aplica\u00e7\u00f5es.<\/li>\n<\/ul>\n\n\n\n<h3 class=\"wp-block-heading\"><strong>Controle de abusos e responsabilidades online<\/strong><\/h3>\n\n\n\n<ul class=\"wp-block-list\">\n<li><strong>Combate a abusos<\/strong>: Com a regulamenta\u00e7\u00e3o, h\u00e1 um controle mais eficaz de comportamentos abusivos, como a dissemina\u00e7\u00e3o de conte\u00fado ilegal, cyberbullying ou viola\u00e7\u00e3o de direitos autorais;<\/li>\n\n\n\n<li><strong>Responsabilidade dos provedores<\/strong>: A lei define claramente a responsabilidade dos provedores de internet em rela\u00e7\u00e3o ao conte\u00fado gerado pelos usu\u00e1rios e \u00e0 prote\u00e7\u00e3o de dados;<\/li>\n\n\n\n<li><strong>Transpar\u00eancia e seguran\u00e7a<\/strong>: Os provedores s\u00e3o obrigados a garantir a seguran\u00e7a dos dados e a informar claramente como esses dados ser\u00e3o utilizados, assegurando maior transpar\u00eancia para os usu\u00e1rios.<\/li>\n<\/ul>\n\n\n\n<p>A cria\u00e7\u00e3o do Marco Civil foi importante para estabelecer um equil\u00edbrio no ambiente digital, protegendo direitos e controlando abusos, promovendo um espa\u00e7o mais seguro e justo para todos.<\/p>\n\n\n\n<h2 class=\"wp-block-heading\" id=\"h-marco-civil-lgpd-e-ciberseguranca\"><strong>Marco Civil, LGPD e Ciberseguran\u00e7a<\/strong><br><\/h2>\n\n\n\n<p>O <strong>Marco Civil da Internet<\/strong> estabelece princ\u00edpios fundamentais para o uso da internet no Brasil, e quando analisamos sua rela\u00e7\u00e3o com a <strong>LGPD<\/strong> e a <strong>ciberseguran\u00e7a<\/strong>, vemos como essas leis se complementam para fortalecer a prote\u00e7\u00e3o no ambiente digital.<\/p>\n\n\n\n<p>A <strong>LGPD<\/strong> (Lei Geral de Prote\u00e7\u00e3o de Dados) trabalha em sintonia com o Marco Civil, especialmente no que diz respeito \u00e0 prote\u00e7\u00e3o de dados pessoais.&nbsp;<\/p>\n\n\n\n<p>Enquanto o Marco Civil define a privacidade como um direito, a LGPD detalha como os dados devem ser coletados, armazenados e compartilhados, oferecendo maior controle aos usu\u00e1rios sobre suas informa\u00e7\u00f5es. Juntas, as leis garantem que a privacidade e a seguran\u00e7a dos dados sejam respeitadas e protegidas por todos os envolvidos.<\/p>\n\n\n\n<p>A <strong>Ciberseguran\u00e7a<\/strong>, por sua vez, complementa o Marco Civil ao focar na prote\u00e7\u00e3o dos sistemas e infraestrutura digitais contra ataques e amea\u00e7as.&nbsp;<\/p>\n\n\n\n<p>Enquanto o Marco Civil estabelece as responsabilidades dos provedores em rela\u00e7\u00e3o aos dados dos usu\u00e1rios, a ciberseguran\u00e7a assegura que esses dados sejam protegidos de forma eficiente contra vazamentos e cibercrimes, refor\u00e7ando a seguran\u00e7a no ambiente online.&nbsp;<\/p>\n\n\n\n<p>Assim, essas tr\u00eas regulamenta\u00e7\u00f5es formam um conjunto robusto para proteger os usu\u00e1rios e garantir um ambiente digital mais seguro.<\/p>\n\n\n\n<h2 class=\"wp-block-heading\" id=\"h-novos-desafios-para-profissionais-do-direito-e-tecnologia\"><strong>Novos desafios para profissionais do direito e tecnologia<\/strong><br><\/h2>\n\n\n\n<p>A crescente complexidade das leis digitais criou uma demanda por <strong>profissionais especializados<\/strong> em direito digital e tecnologia. Os advogados agora precisam compreender profundamente as regulamenta\u00e7\u00f5es como o <strong>Marco Civil<\/strong> e a <strong>LGPD<\/strong>, al\u00e9m de estarem atualizados sobre os desafios de ciberseguran\u00e7a.&nbsp;<\/p>\n\n\n\n<p>Isso significa que quest\u00f5es como prote\u00e7\u00e3o de dados, seguran\u00e7a digital e responsabiliza\u00e7\u00e3o de provedores de servi\u00e7os ter\u00e3o que ser integradas no dia a dia da atua\u00e7\u00e3o jur\u00eddica. Profissionais da \u00e1rea devem estar preparados para lidar com novas demandas, como lit\u00edgios envolvendo dados pessoais e a regulamenta\u00e7\u00e3o do uso da internet.<\/p>\n\n\n\n<h2 class=\"wp-block-heading\" id=\"h-atuacao-na-area-juridica-e-tecnologica-nbsp\"><strong>Atua\u00e7\u00e3o na \u00e1rea jur\u00eddica e tecnol\u00f3gica&nbsp;<\/strong><br><\/h2>\n\n\n\n<p>Com o crescente uso da internet e a digitaliza\u00e7\u00e3o das rela\u00e7\u00f5es sociais e comerciais, o cen\u00e1rio jur\u00eddico e tecnol\u00f3gico tem se tornado cada vez mais interconectado. A necessidade de profissionais preparados para atuar nas \u00e1reas de <strong>direito digital<\/strong>, <strong>prote\u00e7\u00e3o de dados<\/strong>, <strong>ciberseguran\u00e7a<\/strong> e <strong>gest\u00e3o judicial<\/strong> nunca foi t\u00e3o grande.&nbsp;<\/p>\n\n\n\n<p>As regulamenta\u00e7\u00f5es como o <strong>Marco Civil da Internet<\/strong> e a <strong>LGPD<\/strong> exigem conhecimentos especializados para garantir a prote\u00e7\u00e3o dos direitos dos usu\u00e1rios e a seguran\u00e7a digital.&nbsp;<\/p>\n\n\n\n<p>A seguir, vamos explorar como diferentes cursos de gradua\u00e7\u00e3o da <a href=\"https:\/\/faculdade.grancursosonline.com.br\/nossos-cursos\/\" target=\"_blank\" rel=\"noreferrer noopener\">Gran Faculdade<\/a> podem ajudar a formar profissionais capacitados para enfrentar esses desafios e atuar no mercado digital.<\/p>\n\n\n\n<h3 class=\"wp-block-heading\"><strong><a href=\"https:\/\/faculdade.grancursosonline.com.br\/curso\/ciencias-juridicas-e-sociais\" target=\"_blank\" rel=\"noreferrer noopener\">Ci\u00eancias Jur\u00eddicas e Sociais<\/a><\/strong><\/h3>\n\n\n\n<p>O curso de <a href=\"https:\/\/faculdade.grancursosonline.com.br\/curso\/ciencias-juridicas-e-sociais\/\" target=\"_blank\" rel=\"noreferrer noopener\"><strong>Ci\u00eancias Jur\u00eddicas e Sociais<\/strong> da Gran Faculdade<\/a> tem dura\u00e7\u00e3o de 5 semestres e  prepara os alunos para lidar com quest\u00f5es legais relacionadas \u00e0 <strong>internet<\/strong> e \u00e0 <strong>prote\u00e7\u00e3o de dados<\/strong>. Profissionais dessa \u00e1rea podem se especializar em <strong>direito digital<\/strong>, abordando temas como a <strong>LGPD<\/strong> e o <strong>Marco Civil da Internet<\/strong>.&nbsp;<\/p>\n\n\n\n<p>A forma\u00e7\u00e3o capacita os alunos para atuar em empresas e \u00f3rg\u00e3os p\u00fablicos, oferecendo consultoria jur\u00eddica em temas de privacidade e responsabilidade digital. A crescente demanda por advogados especializados em temas digitais torna esse campo altamente relevante no cen\u00e1rio atual.&nbsp;<\/p>\n\n\n\n<p>Com o avan\u00e7o da legisla\u00e7\u00e3o digital, esses profissionais s\u00e3o fundamentais para proteger os direitos dos usu\u00e1rios e garantir a conformidade legal.<\/p>\n\n\n\n<h3 class=\"wp-block-heading\"><strong><a href=\"https:\/\/faculdade.grancursosonline.com.br\/curso\/gestao-de-servicos-judiciais\" target=\"_blank\" rel=\"noreferrer noopener\">Gest\u00e3o de Servi\u00e7os Judiciais<\/a><\/strong><\/h3>\n\n\n\n<p>O curso de <a href=\"https:\/\/faculdade.grancursosonline.com.br\/curso\/gestao-de-servicos-judiciais\/\" target=\"_blank\" rel=\"noreferrer noopener\"><strong>Gest\u00e3o de Servi\u00e7os Judiciais<\/strong> da Gran Faculdade<\/a> tem dura\u00e7\u00e3o de 4 semestres e capacita os alunos a entenderem a <strong>digitaliza\u00e7\u00e3o da justi\u00e7a<\/strong> e os impactos das leis digitais nos processos jur\u00eddicos. Profissionais dessa \u00e1rea gerenciam sistemas de dados sens\u00edveis e asseguram que as plataformas digitais atendam aos requisitos do Marco Civil e da LGPD.&nbsp;<\/p>\n\n\n\n<p>A forma\u00e7\u00e3o prepara os alunos para atuar na gest\u00e3o de processos judiciais e administrativos, garantindo a seguran\u00e7a, a transpar\u00eancia e a efici\u00eancia dos servi\u00e7os. Al\u00e9m disso, esses gestores devem estar preparados para implementar e gerenciar novas tecnologias que melhorem a presta\u00e7\u00e3o de servi\u00e7os judiciais.&nbsp;<\/p>\n\n\n\n<p>A crescente digitaliza\u00e7\u00e3o dos tribunais exige profissionais capacitados para lidar com esses novos desafios.<\/p>\n\n\n\n<h3 class=\"wp-block-heading\"><strong><a href=\"https:\/\/faculdade.grancursosonline.com.br\/curso\/defesa-cibernetica\" target=\"_blank\" rel=\"noreferrer noopener\">Defesa Cibern\u00e9tica<\/a><\/strong><\/h3>\n\n\n\n<p>O curso de <a href=\"https:\/\/faculdade.grancursosonline.com.br\/curso\/defesa-cibernetica\/\" target=\"_blank\" rel=\"noreferrer noopener\"><strong>Defesa Cibern\u00e9tica<\/strong> da Gran Faculdade<\/a> tem dura\u00e7\u00e3o de 5 semestres e forma especialistas em <strong>seguran\u00e7a digital<\/strong> e <strong>prote\u00e7\u00e3o contra cibercrimes<\/strong>, sendo fundamental no cen\u00e1rio atual de crescente amea\u00e7a digital.&nbsp;<\/p>\n\n\n\n<p>Profissionais dessa \u00e1rea trabalham para proteger dados sens\u00edveis e sistemas contra ataques, garantindo que as empresas sigam as exig\u00eancias de seguran\u00e7a do Marco Civil e da LGPD.&nbsp;<\/p>\n\n\n\n<p>A forma\u00e7\u00e3o oferece uma base s\u00f3lida em <strong>ciberseguran\u00e7a<\/strong>, preparando os alunos para atuar na defesa de redes e na prote\u00e7\u00e3o de dados pessoais. A demanda por especialistas em ciberseguran\u00e7a \u00e9 cada vez mais alta, dada a complexidade dos ataques cibern\u00e9ticos modernos.&nbsp;<\/p>\n\n\n\n<p>Esses profissionais s\u00e3o fundamentais para manter a integridade dos sistemas e dados em um ambiente digital cada vez mais arriscado.<\/p>\n\n\n\n<h3 class=\"wp-block-heading\"><strong><a href=\"https:\/\/faculdade.grancursosonline.com.br\/curso\/seguranca-da-informacao\" target=\"_blank\" rel=\"noreferrer noopener\">Seguran\u00e7a da Informa\u00e7\u00e3o<\/a><\/strong><\/h3>\n\n\n\n<p>O curso de <a href=\"https:\/\/faculdade.grancursosonline.com.br\/curso\/seguranca-da-informacao\/\" target=\"_blank\" rel=\"noreferrer noopener\"><strong>Seguran\u00e7a da Informa\u00e7\u00e3o<\/strong> da Gran Faculdade<\/a> tem dura\u00e7\u00e3o de 5 semestre e capacita os alunos a garantir a prote\u00e7\u00e3o de dados em sistemas digitais, com foco nas regulamenta\u00e7\u00f5es de <strong>LGPD<\/strong> e <strong>Marco Civil da Internet<\/strong>. Profissionais dessa \u00e1rea s\u00e3o respons\u00e1veis por implementar pol\u00edticas de seguran\u00e7a, proteger sistemas contra vazamentos e garantir a privacidade das informa\u00e7\u00f5es.&nbsp;<\/p>\n\n\n\n<p>A forma\u00e7\u00e3o prepara os alunos para atuar em diferentes setores, oferecendo solu\u00e7\u00f5es que assegurem o cumprimento das normas legais de seguran\u00e7a digital. Al\u00e9m disso, esses especialistas ajudam as organiza\u00e7\u00f5es a prevenir ciberataques e gerenciar crises relacionadas a dados vazados.&nbsp;<\/p>\n\n\n\n<p>A seguran\u00e7a da informa\u00e7\u00e3o \u00e9 fundamental para qualquer empresa ou institui\u00e7\u00e3o que lide com dados sens\u00edveis e queira garantir a confian\u00e7a dos usu\u00e1rios.<\/p>\n\n\n\n<p>Se voc\u00ea quer se destacar em um mercado em constante evolu\u00e7\u00e3o, a <strong>Gran Faculdade<\/strong> oferece cursos fundamentais para quem deseja atuar nas \u00e1reas de <strong>responsabilidade jur\u00eddica digital<\/strong>, <strong>prote\u00e7\u00e3o de dados<\/strong> e <strong>ciberseguran\u00e7a<\/strong>.<\/p>\n\n\n\n<p>Nossos cursos s\u00e3o ideais para quem busca se especializar no cen\u00e1rio digital atual, com base nas mais recentes regulamenta\u00e7\u00f5es, como o <strong>Marco Civil da Internet<\/strong> e a <strong>LGPD<\/strong>.<\/p>\n\n\n\n<p>N\u00e3o perca a oportunidade de se capacitar em uma \u00e1rea em alta, onde o conhecimento das leis digitais e da seguran\u00e7a online \u00e9 cada vez mais fundamental. <strong>Matricule-se agora<\/strong> e prepare-se para enfrentar os desafios da era digital com um ensino de qualidade e professores especializados!<\/p>\n\n\n\n<p>Aproveite os cupons de desconto e pague uma mensalidade baixa durante todo o curso:<\/p>\n\n\n\n<div class=\"wp-block-group\"><div class=\"wp-block-group__inner-container is-layout-constrained wp-block-group-is-layout-constrained\">\n<h3 class=\"wp-block-heading\" id=\"h-cupons-de-desconto-graduacao-ead\">Cupons de desconto Gradua\u00e7\u00e3o EAD<\/h3>\n\n\n\n<p>Confira os descontos abaixo e selecione a op\u00e7\u00e3o que melhor se encaixa para voc\u00ea (<strong>valores v\u00e1lidos at\u00e9 o preenchimento das vagas<\/strong> <strong>dispon\u00edveis<\/strong>, os valores para sua matr\u00edcula ser\u00e3o os exibidos no site de compra na hora de fazer sua matr\u00edcula):<\/p>\n\n\n\n<figure class=\"wp-block-table\"><div class=\"container-tabela\"><table><tbody><tr><td>Categoria<\/td><td>Valor mensal<\/td><td>Cupom<\/td><\/tr><tr><td>Gradua\u00e7\u00e3o Social + Mulher<\/td><td>a partir de 12x de <strong><strong><strong><strong>R$ 89,90<\/strong><\/strong><\/strong><\/strong> <\/td><td>GRADSOCIALGRAN<\/td><\/tr><tr><td>Gradua\u00e7\u00e3o Alunos e Ex-alunos Gran<\/td><td>a partir de 12x de <strong><strong><strong><strong>R$ 89,90<\/strong><\/strong><\/strong><\/strong> <\/td><td>GRADALUNOGRAN<\/td><\/tr><tr><td>Gradua\u00e7\u00e3o Novos Alunos<\/td><td>a partir de 12x de <strong><strong><strong><strong>R$ 99,90<\/strong><\/strong><\/strong><\/strong><\/td><td>NOVOGRADGRAN<\/td><\/tr><\/tbody><\/table><\/div><\/figure>\n\n\n\n<p>Al\u00e9m disso, voc\u00ea pode obter 5% de desconto fazendo o pagamento \u00e0 vista!<\/p>\n\n\n\n<p class=\"has-text-align-center\"><strong><a href=\"https:\/\/faculdade.grancursosonline.com.br\/\" target=\"_blank\" rel=\"noopener\">Garanta sua matr\u00edcula com desconto!<\/a><\/strong><\/p>\n<\/div><\/div>\n\n\n\n<div class=\"wp-block-group\"><div class=\"wp-block-group__inner-container is-layout-constrained wp-block-group-is-layout-constrained\">\n<div class=\"wp-block-group\"><div class=\"wp-block-group__inner-container is-layout-constrained wp-block-group-is-layout-constrained\">\n<section style=\"text-align: center;\">\n<p>Quer ficar por dentro da Faculdade Digital mais inovadora do Brasil?<\/p>\n<nav>\n<p class=\"has-background has-dark-bluish-background-color\" style=\"font-size: 25px; text-align: center; background: #f0f0f0; color: #ffffff; padding: 4px 0px 4xp 0px;\"><a style=\"color: #0d134c; text-decoration: underline;\" href=\"https:\/\/faculdade.grancursosonline.com.br\/\" target=\"_blank\" rel=\"noopener\">GRADUA\u00c7\u00c3O<\/a><\/p>\n<p class=\"has-background has-dark-bluish-background-color\" style=\"font-size: 25px; text-align: center; background: #f0f0f0; color: #ffffff; padding: 4px 0px 4xp 0px;\"><a style=\"color: #0d134c; text-decoration: underline;\" href=\"https:\/\/pos.grancursosonline.com.br\/\" target=\"_blank\" rel=\"noopener\">P\u00d3S-GRADUA\u00c7\u00c3O<\/a><\/p>\n<p class=\"has-background has-dark-bluish-background-color\" style=\"font-size: 25px; text-align: center; background: #f0f0f0; color: #ffffff; padding: 4px 0px 4xp 0px;\"><a style=\"color: #0d134c; text-decoration: underline;\" href=\"https:\/\/faculdade.grancursosonline.com.br\/nossos-cursos\/\" target=\"_blank\" rel=\"noopener\">TUDO SOBRE A GRAN FACULDADE<\/a><\/p>\n<\/nav>\n<p><strong>Receba <span style=\"color: #cf1e25;\">gratuitamente<\/span> no seu celular as principais not\u00edcias sobre a Gran Faculdade! <br \/>Clique no link abaixo e inscreva-se:<\/strong><\/p>\n<p class=\"has-background has-dark-bluish-background-color\" style=\"font-size: 25px; text-align: center; background: #f0f0f0; color: #ffffff; padding: 4px 0px 4xp 0px;\"><a style=\"color: #0d134c; text-decoration: underline;\" href=\"https:\/\/whatsapp.com\/channel\/0029VaG1sChI7Be7PNndhL43\" target=\"_blank\" rel=\"noopener noreferrer\">WHATSAPP<\/a><\/p>\n<p class=\"has-background has-dark-bluish-background-color\" style=\"font-size: 25px; text-align: center; background: #f0f0f0; color: #ffffff; padding: 4px 0px 4xp 0px;\"><a style=\"color: #0d134c; text-decoration: underline;\" href=\"https:\/\/t.me\/GranFaculdade\" target=\"_blank\" rel=\"noopener noreferrer\">TELEGRAM<\/a><\/p>\n<\/section>\n<\/div><\/div>\n<\/div><\/div>\n","protected":false},"excerpt":{"rendered":"<p>Voc\u00ea j\u00e1 parou para pensar em como seus direitos s\u00e3o protegidos no ambiente digital? O Marco Civil da Internet regula o uso da internet no Brasil, garantindo princ\u00edpios como a privacidade e a liberdade de express\u00e3o. Ele surgiu para proteger os usu\u00e1rios e definir responsabilidades no meio digital. Al\u00e9m disso, o Marco Civil dialoga com&hellip;<\/p>\n","protected":false},"author":514,"featured_media":79752444,"comment_status":"open","ping_status":"open","sticky":false,"template":"","format":"standard","meta":{"_acf_changed":false,"content-type":"","footnotes":""},"categories":[219790,218545,2],"tags":[],"class_list":["post-79752416","post","type-post","status-publish","format-standard","has-post-thumbnail","hentry","category-graduacao-ead","category-graduacao","category-ultimas-noticias"],"acf":[],"yoast_head":"<!-- This site is optimized with the Yoast SEO Premium plugin v27.2 (Yoast SEO v27.2) - https:\/\/yoast.com\/product\/yoast-seo-premium-wordpress\/ -->\n<title>Marco Civil da Internet: Os Direitos e Deveres na Era Digital<\/title>\n<meta name=\"description\" content=\"O Marco Civil, LGPD e ciberseguran\u00e7a s\u00e3o fundamentais para a prote\u00e7\u00e3o digital. Prepare-se com os cursos da Gran Faculdade.\" \/>\n<meta name=\"robots\" content=\"index, follow, max-snippet:-1, max-image-preview:large, max-video-preview:-1\" \/>\n<link rel=\"canonical\" href=\"https:\/\/faculdade.grancursosonline.com.br\/blog\/marco-civil-da-internet\/\" \/>\n<meta property=\"og:locale\" content=\"pt_BR\" \/>\n<meta property=\"og:type\" content=\"article\" \/>\n<meta property=\"og:title\" content=\"Marco Civil da Internet: Os Direitos e Deveres na Era Digital\" \/>\n<meta property=\"og:description\" content=\"O Marco Civil, LGPD e ciberseguran\u00e7a s\u00e3o fundamentais para a prote\u00e7\u00e3o digital. Prepare-se com os cursos da Gran Faculdade.\" \/>\n<meta property=\"og:url\" content=\"https:\/\/faculdade.grancursosonline.com.br\/blog\/marco-civil-da-internet\/\" \/>\n<meta property=\"og:site_name\" content=\"Blog Gran Faculdade\" \/>\n<meta property=\"article:publisher\" content=\"https:\/\/www.facebook.com\/grancursosonline\/\" \/>\n<meta property=\"article:published_time\" content=\"2025-03-17T20:15:18+00:00\" \/>\n<meta property=\"article:modified_time\" content=\"2025-03-18T16:27:23+00:00\" \/>\n<meta property=\"og:image\" content=\"https:\/\/blog-es-static.infra.grancursosonline.com.br\/wp-content\/uploads\/2025\/03\/18125407\/Marco-Civil-da-Internet-2.jpg\" \/>\n\t<meta property=\"og:image:width\" content=\"510\" \/>\n\t<meta property=\"og:image:height\" content=\"310\" \/>\n\t<meta property=\"og:image:type\" content=\"image\/jpeg\" \/>\n<meta name=\"author\" content=\"Guilherme Henrique\" \/>\n<meta name=\"twitter:card\" content=\"summary_large_image\" \/>\n<meta name=\"twitter:creator\" content=\"@gran_online\" \/>\n<meta name=\"twitter:site\" content=\"@gran_online\" \/>\n<meta name=\"twitter:label1\" content=\"Written by\" \/>\n\t<meta name=\"twitter:data1\" content=\"Guilherme Henrique\" \/>\n\t<meta name=\"twitter:label2\" content=\"Est. reading time\" \/>\n\t<meta name=\"twitter:data2\" content=\"12 minutos\" \/>\n<script type=\"application\/ld+json\" class=\"yoast-schema-graph\">{\"@context\":\"https:\/\/schema.org\",\"@graph\":[{\"@type\":\"NewsArticle\",\"@id\":\"https:\/\/faculdade.grancursosonline.com.br\/blog\/marco-civil-da-internet\/#article\",\"isPartOf\":{\"@id\":\"https:\/\/faculdade.grancursosonline.com.br\/blog\/marco-civil-da-internet\/\"},\"author\":{\"name\":\"Guilherme Henrique\",\"@id\":\"https:\/\/faculdade.grancursosonline.com.br\/blog\/#\/schema\/person\/9745f9b6db8976613c1f439dbcfe717d\"},\"headline\":\"Marco Civil da Internet: Os Direitos e Deveres na Era Digital\",\"datePublished\":\"2025-03-17T20:15:18+00:00\",\"dateModified\":\"2025-03-18T16:27:23+00:00\",\"mainEntityOfPage\":{\"@id\":\"https:\/\/faculdade.grancursosonline.com.br\/blog\/marco-civil-da-internet\/\"},\"wordCount\":2069,\"commentCount\":0,\"publisher\":{\"@id\":\"https:\/\/faculdade.grancursosonline.com.br\/blog\/#organization\"},\"image\":{\"@id\":\"https:\/\/faculdade.grancursosonline.com.br\/blog\/marco-civil-da-internet\/#primaryimage\"},\"thumbnailUrl\":\"https:\/\/blog-es-static.infra.grancursosonline.com.br\/wp-content\/uploads\/2025\/03\/18125246\/Marco-Civil-da-Internet.jpg\",\"articleSection\":[\"Gradua\u00e7\u00e3o EAD\",\"Gradua\u00e7\u00e3o Gran Faculdade\",\"\u00daltimas Not\u00edcias\"],\"inLanguage\":\"pt-BR\",\"potentialAction\":[{\"@type\":\"CommentAction\",\"name\":\"Comment\",\"target\":[\"https:\/\/faculdade.grancursosonline.com.br\/blog\/marco-civil-da-internet\/#respond\"]}],\"copyrightYear\":\"2025\",\"copyrightHolder\":{\"@id\":\"https:\/\/faculdade.grancursosonline.com.br\/blog\/#organization\"}},{\"@type\":\"WebPage\",\"@id\":\"https:\/\/faculdade.grancursosonline.com.br\/blog\/marco-civil-da-internet\/\",\"url\":\"https:\/\/faculdade.grancursosonline.com.br\/blog\/marco-civil-da-internet\/\",\"name\":\"Marco Civil da Internet: Os Direitos e Deveres na Era Digital\",\"isPartOf\":{\"@id\":\"https:\/\/faculdade.grancursosonline.com.br\/blog\/#website\"},\"primaryImageOfPage\":{\"@id\":\"https:\/\/faculdade.grancursosonline.com.br\/blog\/marco-civil-da-internet\/#primaryimage\"},\"image\":{\"@id\":\"https:\/\/faculdade.grancursosonline.com.br\/blog\/marco-civil-da-internet\/#primaryimage\"},\"thumbnailUrl\":\"https:\/\/blog-es-static.infra.grancursosonline.com.br\/wp-content\/uploads\/2025\/03\/18125246\/Marco-Civil-da-Internet.jpg\",\"datePublished\":\"2025-03-17T20:15:18+00:00\",\"dateModified\":\"2025-03-18T16:27:23+00:00\",\"description\":\"O Marco Civil, LGPD e ciberseguran\u00e7a s\u00e3o fundamentais para a prote\u00e7\u00e3o digital. Prepare-se com os cursos da Gran Faculdade.\",\"breadcrumb\":{\"@id\":\"https:\/\/faculdade.grancursosonline.com.br\/blog\/marco-civil-da-internet\/#breadcrumb\"},\"inLanguage\":\"pt-BR\",\"potentialAction\":[{\"@type\":\"ReadAction\",\"target\":[\"https:\/\/faculdade.grancursosonline.com.br\/blog\/marco-civil-da-internet\/\"]}]},{\"@type\":\"ImageObject\",\"inLanguage\":\"pt-BR\",\"@id\":\"https:\/\/faculdade.grancursosonline.com.br\/blog\/marco-civil-da-internet\/#primaryimage\",\"url\":\"https:\/\/blog-es-static.infra.grancursosonline.com.br\/wp-content\/uploads\/2025\/03\/18125246\/Marco-Civil-da-Internet.jpg\",\"contentUrl\":\"https:\/\/blog-es-static.infra.grancursosonline.com.br\/wp-content\/uploads\/2025\/03\/18125246\/Marco-Civil-da-Internet.jpg\",\"width\":1000,\"height\":600,\"caption\":\"Marco Civil da Internet: Os direitos e Deveres na era digital\"},{\"@type\":\"BreadcrumbList\",\"@id\":\"https:\/\/faculdade.grancursosonline.com.br\/blog\/marco-civil-da-internet\/#breadcrumb\",\"itemListElement\":[{\"@type\":\"ListItem\",\"position\":1,\"name\":\"In\u00edcio\",\"item\":\"https:\/\/faculdade.grancursosonline.com.br\/blog\/\"},{\"@type\":\"ListItem\",\"position\":2,\"name\":\"Gradua\u00e7\u00e3o Gran Faculdade\",\"item\":\"https:\/\/faculdade.grancursosonline.com.br\/blog\/graduacao\/\"},{\"@type\":\"ListItem\",\"position\":3,\"name\":\"Gradua\u00e7\u00e3o EAD\",\"item\":\"https:\/\/faculdade.grancursosonline.com.br\/blog\/graduacao\/graduacao-ead\/\"},{\"@type\":\"ListItem\",\"position\":4,\"name\":\"Marco Civil da Internet: Os Direitos e Deveres na Era Digital\"}]},{\"@type\":\"WebSite\",\"@id\":\"https:\/\/faculdade.grancursosonline.com.br\/blog\/#website\",\"url\":\"https:\/\/faculdade.grancursosonline.com.br\/blog\/\",\"name\":\"Blog Gran Faculdade\",\"description\":\"Tudo sobre ensino superior, p\u00f3s-gradua\u00e7\u00e3o, enem e carreira.\",\"publisher\":{\"@id\":\"https:\/\/faculdade.grancursosonline.com.br\/blog\/#organization\"},\"potentialAction\":[{\"@type\":\"SearchAction\",\"target\":{\"@type\":\"EntryPoint\",\"urlTemplate\":\"https:\/\/faculdade.grancursosonline.com.br\/blog\/?s={search_term_string}\"},\"query-input\":{\"@type\":\"PropertyValueSpecification\",\"valueRequired\":true,\"valueName\":\"search_term_string\"}}],\"inLanguage\":\"pt-BR\"},{\"@type\":\"Organization\",\"@id\":\"https:\/\/faculdade.grancursosonline.com.br\/blog\/#organization\",\"name\":\"Gran Cursos Online\",\"url\":\"https:\/\/faculdade.grancursosonline.com.br\/blog\/\",\"logo\":{\"@type\":\"ImageObject\",\"inLanguage\":\"pt-BR\",\"@id\":\"https:\/\/faculdade.grancursosonline.com.br\/blog\/#\/schema\/logo\/image\/\",\"url\":\"https:\/\/blog-es-static.infra.grancursosonline.com.br\/wp-content\/uploads\/2019\/08\/03123934\/logo.png\",\"contentUrl\":\"https:\/\/blog-es-static.infra.grancursosonline.com.br\/wp-content\/uploads\/2019\/08\/03123934\/logo.png\",\"width\":300,\"height\":57,\"caption\":\"Gran Cursos Online\"},\"image\":{\"@id\":\"https:\/\/faculdade.grancursosonline.com.br\/blog\/#\/schema\/logo\/image\/\"},\"sameAs\":[\"https:\/\/www.facebook.com\/grancursosonline\/\",\"https:\/\/x.com\/gran_online\",\"https:\/\/www.instagram.com\/grancursosonline\/\",\"https:\/\/www.youtube.com\/user\/grancursostv\"]},{\"@type\":\"Person\",\"@id\":\"https:\/\/faculdade.grancursosonline.com.br\/blog\/#\/schema\/person\/9745f9b6db8976613c1f439dbcfe717d\",\"name\":\"Guilherme Henrique\",\"url\":\"https:\/\/faculdade.grancursosonline.com.br\/blog\/author\/guilherme-lourenco\/\"}]}<\/script>\n<!-- \/ Yoast SEO Premium plugin. -->","yoast_head_json":{"title":"Marco Civil da Internet: Os Direitos e Deveres na Era Digital","description":"O Marco Civil, LGPD e ciberseguran\u00e7a s\u00e3o fundamentais para a prote\u00e7\u00e3o digital. Prepare-se com os cursos da Gran Faculdade.","robots":{"index":"index","follow":"follow","max-snippet":"max-snippet:-1","max-image-preview":"max-image-preview:large","max-video-preview":"max-video-preview:-1"},"canonical":"https:\/\/faculdade.grancursosonline.com.br\/blog\/marco-civil-da-internet\/","og_locale":"pt_BR","og_type":"article","og_title":"Marco Civil da Internet: Os Direitos e Deveres na Era Digital","og_description":"O Marco Civil, LGPD e ciberseguran\u00e7a s\u00e3o fundamentais para a prote\u00e7\u00e3o digital. Prepare-se com os cursos da Gran Faculdade.","og_url":"https:\/\/faculdade.grancursosonline.com.br\/blog\/marco-civil-da-internet\/","og_site_name":"Blog Gran Faculdade","article_publisher":"https:\/\/www.facebook.com\/grancursosonline\/","article_published_time":"2025-03-17T20:15:18+00:00","article_modified_time":"2025-03-18T16:27:23+00:00","og_image":[{"width":510,"height":310,"url":"https:\/\/blog-es-static.infra.grancursosonline.com.br\/wp-content\/uploads\/2025\/03\/18125407\/Marco-Civil-da-Internet-2.jpg","type":"image\/jpeg"}],"author":"Guilherme Henrique","twitter_card":"summary_large_image","twitter_creator":"@gran_online","twitter_site":"@gran_online","twitter_misc":{"Written by":"Guilherme Henrique","Est. reading time":"12 minutos"},"schema":{"@context":"https:\/\/schema.org","@graph":[{"@type":"NewsArticle","@id":"https:\/\/faculdade.grancursosonline.com.br\/blog\/marco-civil-da-internet\/#article","isPartOf":{"@id":"https:\/\/faculdade.grancursosonline.com.br\/blog\/marco-civil-da-internet\/"},"author":{"name":"Guilherme Henrique","@id":"https:\/\/faculdade.grancursosonline.com.br\/blog\/#\/schema\/person\/9745f9b6db8976613c1f439dbcfe717d"},"headline":"Marco Civil da Internet: Os Direitos e Deveres na Era Digital","datePublished":"2025-03-17T20:15:18+00:00","dateModified":"2025-03-18T16:27:23+00:00","mainEntityOfPage":{"@id":"https:\/\/faculdade.grancursosonline.com.br\/blog\/marco-civil-da-internet\/"},"wordCount":2069,"commentCount":0,"publisher":{"@id":"https:\/\/faculdade.grancursosonline.com.br\/blog\/#organization"},"image":{"@id":"https:\/\/faculdade.grancursosonline.com.br\/blog\/marco-civil-da-internet\/#primaryimage"},"thumbnailUrl":"https:\/\/blog-es-static.infra.grancursosonline.com.br\/wp-content\/uploads\/2025\/03\/18125246\/Marco-Civil-da-Internet.jpg","articleSection":["Gradua\u00e7\u00e3o EAD","Gradua\u00e7\u00e3o Gran Faculdade","\u00daltimas Not\u00edcias"],"inLanguage":"pt-BR","potentialAction":[{"@type":"CommentAction","name":"Comment","target":["https:\/\/faculdade.grancursosonline.com.br\/blog\/marco-civil-da-internet\/#respond"]}],"copyrightYear":"2025","copyrightHolder":{"@id":"https:\/\/faculdade.grancursosonline.com.br\/blog\/#organization"}},{"@type":"WebPage","@id":"https:\/\/faculdade.grancursosonline.com.br\/blog\/marco-civil-da-internet\/","url":"https:\/\/faculdade.grancursosonline.com.br\/blog\/marco-civil-da-internet\/","name":"Marco Civil da Internet: Os Direitos e Deveres na Era Digital","isPartOf":{"@id":"https:\/\/faculdade.grancursosonline.com.br\/blog\/#website"},"primaryImageOfPage":{"@id":"https:\/\/faculdade.grancursosonline.com.br\/blog\/marco-civil-da-internet\/#primaryimage"},"image":{"@id":"https:\/\/faculdade.grancursosonline.com.br\/blog\/marco-civil-da-internet\/#primaryimage"},"thumbnailUrl":"https:\/\/blog-es-static.infra.grancursosonline.com.br\/wp-content\/uploads\/2025\/03\/18125246\/Marco-Civil-da-Internet.jpg","datePublished":"2025-03-17T20:15:18+00:00","dateModified":"2025-03-18T16:27:23+00:00","description":"O Marco Civil, LGPD e ciberseguran\u00e7a s\u00e3o fundamentais para a prote\u00e7\u00e3o digital. Prepare-se com os cursos da Gran Faculdade.","breadcrumb":{"@id":"https:\/\/faculdade.grancursosonline.com.br\/blog\/marco-civil-da-internet\/#breadcrumb"},"inLanguage":"pt-BR","potentialAction":[{"@type":"ReadAction","target":["https:\/\/faculdade.grancursosonline.com.br\/blog\/marco-civil-da-internet\/"]}]},{"@type":"ImageObject","inLanguage":"pt-BR","@id":"https:\/\/faculdade.grancursosonline.com.br\/blog\/marco-civil-da-internet\/#primaryimage","url":"https:\/\/blog-es-static.infra.grancursosonline.com.br\/wp-content\/uploads\/2025\/03\/18125246\/Marco-Civil-da-Internet.jpg","contentUrl":"https:\/\/blog-es-static.infra.grancursosonline.com.br\/wp-content\/uploads\/2025\/03\/18125246\/Marco-Civil-da-Internet.jpg","width":1000,"height":600,"caption":"Marco Civil da Internet: Os direitos e Deveres na era digital"},{"@type":"BreadcrumbList","@id":"https:\/\/faculdade.grancursosonline.com.br\/blog\/marco-civil-da-internet\/#breadcrumb","itemListElement":[{"@type":"ListItem","position":1,"name":"In\u00edcio","item":"https:\/\/faculdade.grancursosonline.com.br\/blog\/"},{"@type":"ListItem","position":2,"name":"Gradua\u00e7\u00e3o Gran Faculdade","item":"https:\/\/faculdade.grancursosonline.com.br\/blog\/graduacao\/"},{"@type":"ListItem","position":3,"name":"Gradua\u00e7\u00e3o EAD","item":"https:\/\/faculdade.grancursosonline.com.br\/blog\/graduacao\/graduacao-ead\/"},{"@type":"ListItem","position":4,"name":"Marco Civil da Internet: Os Direitos e Deveres na Era Digital"}]},{"@type":"WebSite","@id":"https:\/\/faculdade.grancursosonline.com.br\/blog\/#website","url":"https:\/\/faculdade.grancursosonline.com.br\/blog\/","name":"Blog Gran Faculdade","description":"Tudo sobre ensino superior, p\u00f3s-gradua\u00e7\u00e3o, enem e carreira.","publisher":{"@id":"https:\/\/faculdade.grancursosonline.com.br\/blog\/#organization"},"potentialAction":[{"@type":"SearchAction","target":{"@type":"EntryPoint","urlTemplate":"https:\/\/faculdade.grancursosonline.com.br\/blog\/?s={search_term_string}"},"query-input":{"@type":"PropertyValueSpecification","valueRequired":true,"valueName":"search_term_string"}}],"inLanguage":"pt-BR"},{"@type":"Organization","@id":"https:\/\/faculdade.grancursosonline.com.br\/blog\/#organization","name":"Gran Cursos Online","url":"https:\/\/faculdade.grancursosonline.com.br\/blog\/","logo":{"@type":"ImageObject","inLanguage":"pt-BR","@id":"https:\/\/faculdade.grancursosonline.com.br\/blog\/#\/schema\/logo\/image\/","url":"https:\/\/blog-es-static.infra.grancursosonline.com.br\/wp-content\/uploads\/2019\/08\/03123934\/logo.png","contentUrl":"https:\/\/blog-es-static.infra.grancursosonline.com.br\/wp-content\/uploads\/2019\/08\/03123934\/logo.png","width":300,"height":57,"caption":"Gran Cursos Online"},"image":{"@id":"https:\/\/faculdade.grancursosonline.com.br\/blog\/#\/schema\/logo\/image\/"},"sameAs":["https:\/\/www.facebook.com\/grancursosonline\/","https:\/\/x.com\/gran_online","https:\/\/www.instagram.com\/grancursosonline\/","https:\/\/www.youtube.com\/user\/grancursostv"]},{"@type":"Person","@id":"https:\/\/faculdade.grancursosonline.com.br\/blog\/#\/schema\/person\/9745f9b6db8976613c1f439dbcfe717d","name":"Guilherme Henrique","url":"https:\/\/faculdade.grancursosonline.com.br\/blog\/author\/guilherme-lourenco\/"}]}},"_links":{"self":[{"href":"https:\/\/faculdade.grancursosonline.com.br\/blog\/wp-json\/wp\/v2\/posts\/79752416","targetHints":{"allow":["GET"]}}],"collection":[{"href":"https:\/\/faculdade.grancursosonline.com.br\/blog\/wp-json\/wp\/v2\/posts"}],"about":[{"href":"https:\/\/faculdade.grancursosonline.com.br\/blog\/wp-json\/wp\/v2\/types\/post"}],"author":[{"embeddable":true,"href":"https:\/\/faculdade.grancursosonline.com.br\/blog\/wp-json\/wp\/v2\/users\/514"}],"replies":[{"embeddable":true,"href":"https:\/\/faculdade.grancursosonline.com.br\/blog\/wp-json\/wp\/v2\/comments?post=79752416"}],"version-history":[{"count":3,"href":"https:\/\/faculdade.grancursosonline.com.br\/blog\/wp-json\/wp\/v2\/posts\/79752416\/revisions"}],"predecessor-version":[{"id":79752458,"href":"https:\/\/faculdade.grancursosonline.com.br\/blog\/wp-json\/wp\/v2\/posts\/79752416\/revisions\/79752458"}],"wp:featuredmedia":[{"embeddable":true,"href":"https:\/\/faculdade.grancursosonline.com.br\/blog\/wp-json\/wp\/v2\/media\/79752444"}],"wp:attachment":[{"href":"https:\/\/faculdade.grancursosonline.com.br\/blog\/wp-json\/wp\/v2\/media?parent=79752416"}],"wp:term":[{"taxonomy":"category","embeddable":true,"href":"https:\/\/faculdade.grancursosonline.com.br\/blog\/wp-json\/wp\/v2\/categories?post=79752416"},{"taxonomy":"post_tag","embeddable":true,"href":"https:\/\/faculdade.grancursosonline.com.br\/blog\/wp-json\/wp\/v2\/tags?post=79752416"}],"curies":[{"name":"wp","href":"https:\/\/api.w.org\/{rel}","templated":true}]}}