{"id":79752519,"date":"2025-03-19T17:36:39","date_gmt":"2025-03-19T20:36:39","guid":{"rendered":"https:\/\/faculdade.grancursosonline.com.br\/blog\/?p=79752519"},"modified":"2025-05-08T17:39:16","modified_gmt":"2025-05-08T20:39:16","slug":"depoimento-aluno-rogerio-costa","status":"publish","type":"post","link":"https:\/\/faculdade.grancursosonline.com.br\/blog\/depoimento-aluno-rogerio-costa\/","title":{"rendered":"Depoimento de aluno da Gran Faculdade: Rog\u00e9rio Costa"},"content":{"rendered":"\n<p>Tomar a decis\u00e3o de ingressar em uma faculdade envolve muitos fatores, e para Rog\u00e9rio Costa, a escolha foi clara: a Gran Faculdade oferecia o que ele mais buscava \u2014 ensino de qualidade a um pre\u00e7o acess\u00edvel.&nbsp;<\/p>\n\n\n\n<p>Sempre interessado em <a href=\"https:\/\/faculdade.grancursosonline.com.br\/curso\/analise-e-desenvolvimento-de-sistemas\/\" target=\"_blank\" rel=\"noreferrer noopener\">An\u00e1lise e Desenvolvimento de Sistemas<\/a>, Rog\u00e9rio encontrou na institui\u00e7\u00e3o o suporte ideal para alavancar sua carreira e mergulhar no universo da tecnologia. Optar pela Gran Faculdade foi um passo importante em sua jornada.\u00a0<\/p>\n\n\n\n<p>A combina\u00e7\u00e3o entre a seriedade acad\u00eamica e a possibilidade de conciliar os estudos com a rotina do dia a dia fez toda a diferen\u00e7a. Ele sente que est\u00e1 no caminho certo, adquirindo conhecimentos que v\u00e3o prepar\u00e1-lo para os desafios do mercado de trabalho.<\/p>\n\n\n\n<p>Quer saber mais sobre a experi\u00eancia de Rog\u00e9rio e como a Gran Faculdade tem sido parte fundamental do seu crescimento profissional? Confira seu depoimento e inspire-se com essa trajet\u00f3ria de dedica\u00e7\u00e3o e conquistas<\/p>\n\n\n\n<div class=\"wp-block-columns is-layout-flex wp-container-core-columns-is-layout-9d6595d7 wp-block-columns-is-layout-flex\">\n<div class=\"wp-block-column is-layout-flow wp-block-column-is-layout-flow\" style=\"flex-basis:100%\"><div class=\"wp-block-image\">\n<figure class=\"aligncenter size-full\"><a href=\"https:\/\/whatsapp.com\/channel\/0029VaG1sChI7Be7PNndhL43\" target=\"_blank\" rel=\"noopener\"><img decoding=\"async\" src=\"https:\/\/blog-es-static.infra.grancursosonline.com.br\/wp-content\/uploads\/2025\/09\/09112354\/banner-wp-600x142-80.webp\" alt=\"Acesse o canal do WhatsApp da Gran Faculdade\" class=\"wp-image-79751904\"\/><\/a><\/figure>\n<\/div><\/div>\n<\/div>\n\n\n\n<p>Acompanhe o conte\u00fado na \u00edntegra, ou navegue pelo \u00edndice se preferir:<\/p>\n\n\n\n<ul class=\"wp-block-list\">\n<li><a href=\"#h-quem-e-rogerio-costa\">Quem \u00e9 Rog\u00e9rio Costa<\/a><\/li>\n\n\n\n<li><a href=\"#h-depoimento-do-aluno\">Depoimento do aluno<\/a><\/li>\n\n\n\n<li><a href=\"#h-como-e-o-curso-de-analise-e-desenvolvimento-de-sistemas\">Como \u00e9 o curso de An\u00e1lise e Desenvolvimento de Sistemas?<\/a><\/li>\n<\/ul>\n\n\n\n<h2 class=\"wp-block-heading\" id=\"h-quem-e-rogerio-costa\"><strong>Quem \u00e9 Rog\u00e9rio Costa<\/strong><br><\/h2>\n\n\n\n<p>Rog\u00e9rio Costa&nbsp; \u00e9 morador de Minas Gerais,casado e pai de um filho, tem 35 anos e estuda An\u00e1lise e Desenvolvimento de Sistemas pela Gran Faculdade. O estudante \u00e9 funcion\u00e1rio da prefeitura de Uberl\u00e2ndia no per\u00edodo da tarde e barbeiro a noite.<\/p>\n\n\n\n<p>Confira o depoimento de Rog\u00e9rio e como tem sido a experi\u00eancia dele:<\/p>\n\n\n\n<h2 class=\"wp-block-heading\" id=\"h-depoimento-do-aluno\"><strong>Depoimento do aluno<\/strong><br><\/h2>\n\n\n\n<p>A vida para Rog\u00e9rio nunca foi f\u00e1cil, saiu cedo da casa dos pais e descobriu logo as frustra\u00e7\u00f5es e desafios da vida:<br><\/p>\n\n\n\n<h3 class=\"wp-block-heading\" id=\"h-conte-um-pouco-sobre-a-sua-historia-fale-sobre-o-seu-dia-a-dia-como-voce-organiza-a-sua-rotina-de-estudos-e-como-voce-avalia-o-seu-desenvolvimento\"><strong>Conte um pouco sobre a sua hist\u00f3ria. Fale sobre o seu dia a dia, como voc\u00ea organiza a sua rotina de estudos e como voc\u00ea avalia o seu desenvolvimento.<\/strong><\/h3>\n\n\n\n<blockquote class=\"wp-block-quote is-layout-flow wp-block-quote-is-layout-flow\">\n<p><em>Conclu\u00ed o ensino m\u00e9dio em 2006 com 17 anos, ao completar os t\u00e3o esperados 18 sa\u00ed da casa dos meus pais em S\u00e3o Francisco no Norte de Minas e me mudei para Uberl\u00e2ndia onde resido atualmente.&nbsp;<\/em><\/p>\n\n\n\n<p><em>Ao chegar aqui em 2007 logo ap\u00f3s conseguir um primeiro emprego(barman em uma casa de eventos), j\u00e1 fui atr\u00e1s de cursos profissionalizantes e de uma primeira gradua\u00e7\u00e3o(Administra\u00e7\u00e3o mas&nbsp; querendo cursar Direito)mas as coisas n\u00e3o foram t\u00e3o simples quanto imaginei que seriam.&nbsp;<\/em><\/p>\n\n\n\n<p><em>Acreditava eu que os conselhos da minha m\u00e3e eram tipo &#8220;preto no branco&#8221; como dizia meu av\u00f4 paterno, estudou, vai ter um bom emprego. Comigo, hoje estou olhando pra tr\u00e1s e posso agradecer a Deus, n\u00e3o foi assim. Ap\u00f3s concluir diversos cursos profissionalizantes e na faculdade, veio a primeira grande decep\u00e7\u00e3o, os empregos &#8220;bons&#8221; n\u00e3o vieram, continuava&nbsp; na mesma, somente empregos exaustivos e que n\u00e3o permitiam que eu continuasse estudando.<\/em><\/p>\n\n\n\n<p><em>Ent\u00e3o vi no servi\u00e7o p\u00fablico a possibilidade de ter um emprego que me permitisse voltar a estudar, ap\u00f3s alguns anos sem estudar voltei estudar, s\u00f3 que dessa vez com foco nos concursos, PMMG, Bombeiros, Penal (a \u00e9poca Agente Penitenci\u00e1rio). Essa foi minha segunda frustra\u00e7\u00e3o com os estudos, at\u00e9 consegui algumas aprova\u00e7\u00f5es, mas, a classifica\u00e7\u00e3o n\u00e3o vinha.&nbsp;<\/em><\/p>\n\n\n\n<p><em>Por fim, em meados de 2017, conheci o <\/em><strong><em>Gran Cursos Online<\/em><\/strong><em> no YouTube, s\u00f3 ent\u00e3o os estudos come\u00e7aram dar resultado em minha carreira de estudante; estudando apenas com o conte\u00fado disponibilizado gratuitamente, passei dessa vez com classifica\u00e7\u00e3o em dois cargos aqui no munic\u00edpio; motorista do departamento de \u00e1gua e esgoto, e agente da autoridade de tr\u00e2nsito.&nbsp;<\/em><\/p>\n\n\n\n<p><em>Hoje estou como agente de tr\u00e2nsito, terminando minha primeira gradua\u00e7\u00e3o com a Gran Faculdade, pois tive que abandonar a primeira,&nbsp; j\u00e1 me preparando para a P\u00f3s Gradua\u00e7\u00e3o que com certeza tamb\u00e9m ser\u00e1 com a Gran Faculdade e estudando para concurso da c\u00e2mara dos deputados logicamente com o Gran Preparat\u00f3rios.<\/em><\/p>\n\n\n\n<p><em>Minha rotina \u00e9 basicamente estudos no per\u00edodo da manh\u00e3, trabalho na Prefeitura de Uberl\u00e2ndia MG no per\u00edodo da tarde, trabalho na barbearia noite e no meio disso fam\u00edlia (tentando aumentar cada dia mais tempo com minha mulher e meu pequeno de 2 aninhos) e trabalho volunt\u00e1rio ao menos uma vez na semana.&nbsp;<\/em><\/p>\n<\/blockquote>\n\n\n\n<p>Em meio a todos esses desafios e supera\u00e7\u00f5es, Rog\u00e9rio revela que j\u00e1 teve sim vontade de desistir:<br><\/p>\n\n\n\n<h3 class=\"wp-block-heading\" id=\"h-houve-algum-momento-que-voce-pensou-em-desistir-se-sim-pode-nos-contar-o-motivo\"><strong>Houve algum momento que voc\u00ea pensou em desistir? Se sim, pode nos contar o motivo?<\/strong><br><\/h3>\n\n\n\n<blockquote class=\"wp-block-quote is-layout-flow wp-block-quote-is-layout-flow\">\n<p><em>Sim, por frustra\u00e7\u00f5es, primeiro no mercado de trabalho privado, cursos e mais cursos e nada de empregos melhor ou sal\u00e1rios melhores. Depois em provas de concursos. Por fim, motivos pessoais e familiares; financeiro, ansiedade, casamento, div\u00f3rcio dos meus pais,etc.&nbsp;<\/em><\/p>\n<\/blockquote>\n\n\n\n<p>Rog\u00e9rio revela ter sido escolhido pela \u00e1rea de An\u00e1lise e Desenvolvimento de Sistemas, antes de conhecer o curso, ele tinha o intuito de cursar outra gradua\u00e7\u00e3o:<br><\/p>\n\n\n\n<h3 class=\"wp-block-heading\" id=\"h-por-que-voce-escolheu-essa-area-de-trabalho\"><strong>Por que voc\u00ea escolheu essa \u00e1rea de trabalho?<\/strong><br><\/h3>\n\n\n\n<blockquote class=\"wp-block-quote is-layout-flow wp-block-quote-is-layout-flow\">\n<p><em>Na verdade, costumo dizer que n\u00e3o escolhi. Fui escolhido. Minha inten\u00e7\u00e3o at\u00e9 conhecer essa \u00e1rea era cursar Direito.<\/em><br><\/p>\n<\/blockquote>\n\n\n\n<p>Ap\u00f3s iniciar a gradua\u00e7\u00e3o, Rog\u00e9rio se encantou com a qualidade das aulas e o suporte da equipe Gran:<br><\/p>\n\n\n\n<h3 class=\"wp-block-heading\" id=\"h-o-que-voce-mais-gosta-como-aluno-da-gran-faculdade\"><strong>O que voc\u00ea mais gosta como aluno da Gran Faculdade?<\/strong><\/h3>\n\n\n\n<blockquote class=\"wp-block-quote is-layout-flow wp-block-quote-is-layout-flow\">\n<p><em>Qualidade das aulas (did\u00e1tica dos professores e plataforma de aprendizagem) e suporte da equipe Gran em todos os imprevistos.<\/em><br><\/p>\n<\/blockquote>\n\n\n\n<h2 class=\"wp-block-heading\" id=\"h-como-e-o-curso-de-analise-e-desenvolvimento-de-sistemas\"><strong>Como \u00e9 o curso de An\u00e1lise e Desenvolvimento de Sistemas?<\/strong><br><\/h2>\n\n\n\n<p>O <a href=\"https:\/\/faculdade.grancursosonline.com.br\/curso\/analise-e-desenvolvimento-de-sistemas\/\" target=\"_blank\" rel=\"noreferrer noopener\">curso de An\u00e1lise e Desenvolvimento de Sistemas <\/a>da Gran Faculdade, tem dura\u00e7\u00e3o de 5 semestres e tem por objetivo geral formar profissionais qualificados, com \u00e9tica e tecnicamente competentes, para atuar no mercado de trabalho, planejando e desenvolvendo programas computacionais.<\/p>\n\n\n\n<p>O curso de An\u00e1lise e Desenvolvimento de Sistemas \u00e9 ideal para quem busca ingressar no mercado tech \u2014 um dos mais promissores da atualidade.<\/p>\n\n\n\n<p>Na <a href=\"https:\/\/faculdade.grancursosonline.com.br\/nossos-cursos\/\" target=\"_blank\" rel=\"noreferrer noopener\">Gran Faculdade<\/a>, a forma\u00e7\u00e3o combina um m\u00e9todo de ensino avan\u00e7ado com tecnologias que potencializam o aprendizado, al\u00e9m de oferecer conte\u00fados atualizados com as demandas do setor.<\/p>\n\n\n\n<p>Inspire-se na trajet\u00f3ria de Rog\u00e9rio Costa e d\u00ea o primeiro passo na carreira de An\u00e1lise e Desenvolvimento de Sistemas. N\u00e3o perca a chance e aproveite os cupons oferecidos pela Gran Faculdade!<\/p>\n\n\n\n<div class=\"wp-block-group\"><div class=\"wp-block-group__inner-container is-layout-constrained wp-block-group-is-layout-constrained\">\n<h3 class=\"wp-block-heading\" id=\"h-cupons-de-desconto-graduacao-ead\">Cupons de desconto Gradua\u00e7\u00e3o EAD<\/h3>\n\n\n\n<p>Confira os descontos abaixo e selecione a op\u00e7\u00e3o que melhor se encaixa para voc\u00ea (<strong>valores v\u00e1lidos at\u00e9 o preenchimento das vagas<\/strong> <strong>dispon\u00edveis<\/strong>, os valores para sua matr\u00edcula ser\u00e3o os exibidos no site de compra na hora de fazer sua matr\u00edcula):<\/p>\n\n\n\n<figure class=\"wp-block-table\"><div class=\"container-tabela\"><table><tbody><tr><td>Categoria<\/td><td>Valor mensal<\/td><td>Cupom<\/td><\/tr><tr><td>Gradua\u00e7\u00e3o Social + Mulher<\/td><td>a partir de 12x de <strong><strong><strong><strong>R$ 89,90<\/strong><\/strong><\/strong><\/strong> <\/td><td>GRADSOCIALGRAN<\/td><\/tr><tr><td>Gradua\u00e7\u00e3o Alunos e Ex-alunos Gran<\/td><td>a partir de 12x de <strong><strong><strong><strong>R$ 89,90<\/strong><\/strong><\/strong><\/strong> <\/td><td>GRADALUNOGRAN<\/td><\/tr><tr><td>Gradua\u00e7\u00e3o Novos Alunos<\/td><td>a partir de 12x de <strong><strong><strong><strong>R$ 99,90<\/strong><\/strong><\/strong><\/strong><\/td><td>NOVOGRADGRAN<\/td><\/tr><\/tbody><\/table><\/div><\/figure>\n\n\n\n<p>Al\u00e9m disso, voc\u00ea pode obter 5% de desconto fazendo o pagamento \u00e0 vista!<\/p>\n\n\n\n<p class=\"has-text-align-center\"><strong><a href=\"https:\/\/faculdade.grancursosonline.com.br\/\" target=\"_blank\" rel=\"noopener\">Garanta sua matr\u00edcula com desconto!<\/a><\/strong><\/p>\n<\/div><\/div>\n\n\n\n<div class=\"wp-block-group has-background\" style=\"background-color:#8dd2fc7a\"><div class=\"wp-block-group__inner-container is-layout-constrained wp-block-group-is-layout-constrained\">\n<p><strong>Outras not\u00edcias em destaque:<\/strong><\/p>\n\n\n\n<ul class=\"wp-block-list\">\n<li><a href=\"https:\/\/faculdade.grancursosonline.com.br\/blog\/depoimento-aluna-talita-vitoria\/\" target=\"_blank\" rel=\"noreferrer noopener\">Conhe\u00e7a Talita Vit\u00f3ria, aluna de Engenharia de Software da Gran Faculdade<\/a><\/li>\n\n\n\n<li><a href=\"https:\/\/faculdade.grancursosonline.com.br\/blog\/depoimento-aluno-george-frederico\/\" target=\"_blank\" rel=\"noreferrer noopener\">Conhe\u00e7a George Frederico, aluno de Ci\u00eancias Cont\u00e1beis da Gran Faculdade<\/a><\/li>\n\n\n\n<li><a href=\"https:\/\/faculdade.grancursosonline.com.br\/blog\/depoimento-aluna-tatiana-de-jesus\/\" target=\"_blank\" rel=\"noreferrer noopener\">Depoimento de aluna da Gran Faculdade: Tatiana de Jesus<\/a><\/li>\n<\/ul>\n<\/div><\/div>\n\n\n\n<div class=\"wp-block-group\"><div class=\"wp-block-group__inner-container is-layout-constrained wp-block-group-is-layout-constrained\">\n<div class=\"wp-block-group\"><div class=\"wp-block-group__inner-container is-layout-constrained wp-block-group-is-layout-constrained\">\n<section style=\"text-align: center;\">\n<p>Quer ficar por dentro da Faculdade Digital mais inovadora do Brasil?<\/p>\n<nav>\n<p class=\"has-background has-dark-bluish-background-color\" style=\"font-size: 25px; text-align: center; background: #f0f0f0; color: #ffffff; padding: 4px 0px 4xp 0px;\"><a style=\"color: #0d134c; text-decoration: underline;\" href=\"https:\/\/faculdade.grancursosonline.com.br\/\" target=\"_blank\" rel=\"noopener\">GRADUA\u00c7\u00c3O<\/a><\/p>\n<p class=\"has-background has-dark-bluish-background-color\" style=\"font-size: 25px; text-align: center; background: #f0f0f0; color: #ffffff; padding: 4px 0px 4xp 0px;\"><a style=\"color: #0d134c; text-decoration: underline;\" href=\"https:\/\/pos.grancursosonline.com.br\/\" target=\"_blank\" rel=\"noopener\">P\u00d3S-GRADUA\u00c7\u00c3O<\/a><\/p>\n<p class=\"has-background has-dark-bluish-background-color\" style=\"font-size: 25px; text-align: center; background: #f0f0f0; color: #ffffff; padding: 4px 0px 4xp 0px;\"><a style=\"color: #0d134c; text-decoration: underline;\" href=\"https:\/\/faculdade.grancursosonline.com.br\/nossos-cursos\/\" target=\"_blank\" rel=\"noopener\">TUDO SOBRE A GRAN FACULDADE<\/a><\/p>\n<\/nav>\n<p><strong>Receba <span style=\"color: #cf1e25;\">gratuitamente<\/span> no seu celular as principais not\u00edcias sobre a Gran Faculdade! <br \/>Clique no link abaixo e inscreva-se:<\/strong><\/p>\n<p class=\"has-background has-dark-bluish-background-color\" style=\"font-size: 25px; text-align: center; background: #f0f0f0; color: #ffffff; padding: 4px 0px 4xp 0px;\"><a style=\"color: #0d134c; text-decoration: underline;\" href=\"https:\/\/whatsapp.com\/channel\/0029VaG1sChI7Be7PNndhL43\" target=\"_blank\" rel=\"noopener noreferrer\">WHATSAPP<\/a><\/p>\n<p class=\"has-background has-dark-bluish-background-color\" style=\"font-size: 25px; text-align: center; background: #f0f0f0; color: #ffffff; padding: 4px 0px 4xp 0px;\"><a style=\"color: #0d134c; text-decoration: underline;\" href=\"https:\/\/t.me\/GranFaculdade\" target=\"_blank\" rel=\"noopener noreferrer\">TELEGRAM<\/a><\/p>\n<\/section>\n<\/div><\/div>\n<\/div><\/div>\n","protected":false},"excerpt":{"rendered":"<p>Tomar a decis\u00e3o de ingressar em uma faculdade envolve muitos fatores, e para Rog\u00e9rio Costa, a escolha foi clara: a Gran Faculdade oferecia o que ele mais buscava \u2014 ensino de qualidade a um pre\u00e7o acess\u00edvel.&nbsp; Sempre interessado em An\u00e1lise e Desenvolvimento de Sistemas, Rog\u00e9rio encontrou na institui\u00e7\u00e3o o suporte ideal para alavancar sua carreira&hellip;<\/p>\n","protected":false},"author":514,"featured_media":79752520,"comment_status":"open","ping_status":"open","sticky":false,"template":"","format":"standard","meta":{"_acf_changed":false,"content-type":"","footnotes":""},"categories":[220347,219790,218545,2],"tags":[],"class_list":["post-79752519","post","type-post","status-publish","format-standard","has-post-thumbnail","hentry","category-depoimentos","category-graduacao-ead","category-graduacao","category-ultimas-noticias"],"acf":[],"yoast_head":"<!-- This site is optimized with the Yoast SEO Premium plugin v27.2 (Yoast SEO v27.2) - https:\/\/yoast.com\/product\/yoast-seo-premium-wordpress\/ -->\n<title>Depoimento de aluno da Gran Faculdade: Rog\u00e9rio Costa<\/title>\n<meta name=\"description\" content=\"Descubra a jornada de Rog\u00e9rio Costa, aluno de An\u00e1lise e Desenvolvimento de Sistemas, e sua transforma\u00e7\u00e3o na Gran Faculdade.\" \/>\n<meta name=\"robots\" content=\"index, follow, max-snippet:-1, max-image-preview:large, max-video-preview:-1\" \/>\n<link rel=\"canonical\" href=\"https:\/\/faculdade.grancursosonline.com.br\/blog\/depoimento-aluno-rogerio-costa\/\" \/>\n<meta property=\"og:locale\" content=\"pt_BR\" \/>\n<meta property=\"og:type\" content=\"article\" \/>\n<meta property=\"og:title\" content=\"Depoimento de aluno da Gran Faculdade: Rog\u00e9rio Costa\" \/>\n<meta property=\"og:description\" content=\"Descubra a jornada de Rog\u00e9rio Costa, aluno de An\u00e1lise e Desenvolvimento de Sistemas, e sua transforma\u00e7\u00e3o na Gran Faculdade.\" \/>\n<meta property=\"og:url\" content=\"https:\/\/faculdade.grancursosonline.com.br\/blog\/depoimento-aluno-rogerio-costa\/\" \/>\n<meta property=\"og:site_name\" content=\"Blog Gran Faculdade\" \/>\n<meta property=\"article:publisher\" content=\"https:\/\/www.facebook.com\/grancursosonline\/\" \/>\n<meta property=\"article:published_time\" content=\"2025-03-19T20:36:39+00:00\" \/>\n<meta property=\"article:modified_time\" content=\"2025-05-08T20:39:16+00:00\" \/>\n<meta property=\"og:image\" content=\"https:\/\/blog-es-static.infra.grancursosonline.com.br\/wp-content\/uploads\/2025\/03\/19173333\/Depoimento-Rogerio-Costa.jpg\" \/>\n\t<meta property=\"og:image:width\" content=\"511\" \/>\n\t<meta property=\"og:image:height\" content=\"311\" \/>\n\t<meta property=\"og:image:type\" content=\"image\/jpeg\" \/>\n<meta name=\"author\" content=\"Guilherme Henrique\" \/>\n<meta name=\"twitter:card\" content=\"summary_large_image\" \/>\n<meta name=\"twitter:creator\" content=\"@gran_online\" \/>\n<meta name=\"twitter:site\" content=\"@gran_online\" \/>\n<meta name=\"twitter:label1\" content=\"Written by\" \/>\n\t<meta name=\"twitter:data1\" content=\"Guilherme Henrique\" \/>\n\t<meta name=\"twitter:label2\" content=\"Est. reading time\" \/>\n\t<meta name=\"twitter:data2\" content=\"13 minutos\" \/>\n<script type=\"application\/ld+json\" class=\"yoast-schema-graph\">{\"@context\":\"https:\/\/schema.org\",\"@graph\":[{\"@type\":\"NewsArticle\",\"@id\":\"https:\/\/faculdade.grancursosonline.com.br\/blog\/depoimento-aluno-rogerio-costa\/#article\",\"isPartOf\":{\"@id\":\"https:\/\/faculdade.grancursosonline.com.br\/blog\/depoimento-aluno-rogerio-costa\/\"},\"author\":{\"name\":\"Guilherme Henrique\",\"@id\":\"https:\/\/faculdade.grancursosonline.com.br\/blog\/#\/schema\/person\/9745f9b6db8976613c1f439dbcfe717d\"},\"headline\":\"Depoimento de aluno da Gran Faculdade: Rog\u00e9rio Costa\",\"datePublished\":\"2025-03-19T20:36:39+00:00\",\"dateModified\":\"2025-05-08T20:39:16+00:00\",\"mainEntityOfPage\":{\"@id\":\"https:\/\/faculdade.grancursosonline.com.br\/blog\/depoimento-aluno-rogerio-costa\/\"},\"wordCount\":1098,\"commentCount\":0,\"publisher\":{\"@id\":\"https:\/\/faculdade.grancursosonline.com.br\/blog\/#organization\"},\"image\":{\"@id\":\"https:\/\/faculdade.grancursosonline.com.br\/blog\/depoimento-aluno-rogerio-costa\/#primaryimage\"},\"thumbnailUrl\":\"https:\/\/blog-es-static.infra.grancursosonline.com.br\/wp-content\/uploads\/2025\/03\/19173213\/Depoimento-Rogerio-Costa-2.jpg\",\"articleSection\":[\"Eu Sou Gran\",\"Gradua\u00e7\u00e3o EAD\",\"Gradua\u00e7\u00e3o Gran Faculdade\",\"\u00daltimas Not\u00edcias\"],\"inLanguage\":\"pt-BR\",\"potentialAction\":[{\"@type\":\"CommentAction\",\"name\":\"Comment\",\"target\":[\"https:\/\/faculdade.grancursosonline.com.br\/blog\/depoimento-aluno-rogerio-costa\/#respond\"]}],\"copyrightYear\":\"2025\",\"copyrightHolder\":{\"@id\":\"https:\/\/faculdade.grancursosonline.com.br\/blog\/#organization\"}},{\"@type\":\"WebPage\",\"@id\":\"https:\/\/faculdade.grancursosonline.com.br\/blog\/depoimento-aluno-rogerio-costa\/\",\"url\":\"https:\/\/faculdade.grancursosonline.com.br\/blog\/depoimento-aluno-rogerio-costa\/\",\"name\":\"Depoimento de aluno da Gran Faculdade: Rog\u00e9rio Costa\",\"isPartOf\":{\"@id\":\"https:\/\/faculdade.grancursosonline.com.br\/blog\/#website\"},\"primaryImageOfPage\":{\"@id\":\"https:\/\/faculdade.grancursosonline.com.br\/blog\/depoimento-aluno-rogerio-costa\/#primaryimage\"},\"image\":{\"@id\":\"https:\/\/faculdade.grancursosonline.com.br\/blog\/depoimento-aluno-rogerio-costa\/#primaryimage\"},\"thumbnailUrl\":\"https:\/\/blog-es-static.infra.grancursosonline.com.br\/wp-content\/uploads\/2025\/03\/19173213\/Depoimento-Rogerio-Costa-2.jpg\",\"datePublished\":\"2025-03-19T20:36:39+00:00\",\"dateModified\":\"2025-05-08T20:39:16+00:00\",\"description\":\"Descubra a jornada de Rog\u00e9rio Costa, aluno de An\u00e1lise e Desenvolvimento de Sistemas, e sua transforma\u00e7\u00e3o na Gran Faculdade.\",\"breadcrumb\":{\"@id\":\"https:\/\/faculdade.grancursosonline.com.br\/blog\/depoimento-aluno-rogerio-costa\/#breadcrumb\"},\"inLanguage\":\"pt-BR\",\"potentialAction\":[{\"@type\":\"ReadAction\",\"target\":[\"https:\/\/faculdade.grancursosonline.com.br\/blog\/depoimento-aluno-rogerio-costa\/\"]}]},{\"@type\":\"ImageObject\",\"inLanguage\":\"pt-BR\",\"@id\":\"https:\/\/faculdade.grancursosonline.com.br\/blog\/depoimento-aluno-rogerio-costa\/#primaryimage\",\"url\":\"https:\/\/blog-es-static.infra.grancursosonline.com.br\/wp-content\/uploads\/2025\/03\/19173213\/Depoimento-Rogerio-Costa-2.jpg\",\"contentUrl\":\"https:\/\/blog-es-static.infra.grancursosonline.com.br\/wp-content\/uploads\/2025\/03\/19173213\/Depoimento-Rogerio-Costa-2.jpg\",\"width\":1001,\"height\":601,\"caption\":\"Depoimento de Aluno da Gran Faculdade: Rog\u00e9rio Costa\"},{\"@type\":\"BreadcrumbList\",\"@id\":\"https:\/\/faculdade.grancursosonline.com.br\/blog\/depoimento-aluno-rogerio-costa\/#breadcrumb\",\"itemListElement\":[{\"@type\":\"ListItem\",\"position\":1,\"name\":\"In\u00edcio\",\"item\":\"https:\/\/faculdade.grancursosonline.com.br\/blog\/\"},{\"@type\":\"ListItem\",\"position\":2,\"name\":\"Eu Sou Gran\",\"item\":\"https:\/\/faculdade.grancursosonline.com.br\/blog\/depoimentos\/\"},{\"@type\":\"ListItem\",\"position\":3,\"name\":\"Depoimento de aluno da Gran Faculdade: Rog\u00e9rio Costa\"}]},{\"@type\":\"WebSite\",\"@id\":\"https:\/\/faculdade.grancursosonline.com.br\/blog\/#website\",\"url\":\"https:\/\/faculdade.grancursosonline.com.br\/blog\/\",\"name\":\"Blog Gran Faculdade\",\"description\":\"Tudo sobre ensino superior, p\u00f3s-gradua\u00e7\u00e3o, enem e carreira.\",\"publisher\":{\"@id\":\"https:\/\/faculdade.grancursosonline.com.br\/blog\/#organization\"},\"potentialAction\":[{\"@type\":\"SearchAction\",\"target\":{\"@type\":\"EntryPoint\",\"urlTemplate\":\"https:\/\/faculdade.grancursosonline.com.br\/blog\/?s={search_term_string}\"},\"query-input\":{\"@type\":\"PropertyValueSpecification\",\"valueRequired\":true,\"valueName\":\"search_term_string\"}}],\"inLanguage\":\"pt-BR\"},{\"@type\":\"Organization\",\"@id\":\"https:\/\/faculdade.grancursosonline.com.br\/blog\/#organization\",\"name\":\"Gran Cursos Online\",\"url\":\"https:\/\/faculdade.grancursosonline.com.br\/blog\/\",\"logo\":{\"@type\":\"ImageObject\",\"inLanguage\":\"pt-BR\",\"@id\":\"https:\/\/faculdade.grancursosonline.com.br\/blog\/#\/schema\/logo\/image\/\",\"url\":\"https:\/\/blog-es-static.infra.grancursosonline.com.br\/wp-content\/uploads\/2019\/08\/03123934\/logo.png\",\"contentUrl\":\"https:\/\/blog-es-static.infra.grancursosonline.com.br\/wp-content\/uploads\/2019\/08\/03123934\/logo.png\",\"width\":300,\"height\":57,\"caption\":\"Gran Cursos Online\"},\"image\":{\"@id\":\"https:\/\/faculdade.grancursosonline.com.br\/blog\/#\/schema\/logo\/image\/\"},\"sameAs\":[\"https:\/\/www.facebook.com\/grancursosonline\/\",\"https:\/\/x.com\/gran_online\",\"https:\/\/www.instagram.com\/grancursosonline\/\",\"https:\/\/www.youtube.com\/user\/grancursostv\"]},{\"@type\":\"Person\",\"@id\":\"https:\/\/faculdade.grancursosonline.com.br\/blog\/#\/schema\/person\/9745f9b6db8976613c1f439dbcfe717d\",\"name\":\"Guilherme Henrique\",\"url\":\"https:\/\/faculdade.grancursosonline.com.br\/blog\/author\/guilherme-lourenco\/\"}]}<\/script>\n<!-- \/ Yoast SEO Premium plugin. -->","yoast_head_json":{"title":"Depoimento de aluno da Gran Faculdade: Rog\u00e9rio Costa","description":"Descubra a jornada de Rog\u00e9rio Costa, aluno de An\u00e1lise e Desenvolvimento de Sistemas, e sua transforma\u00e7\u00e3o na Gran Faculdade.","robots":{"index":"index","follow":"follow","max-snippet":"max-snippet:-1","max-image-preview":"max-image-preview:large","max-video-preview":"max-video-preview:-1"},"canonical":"https:\/\/faculdade.grancursosonline.com.br\/blog\/depoimento-aluno-rogerio-costa\/","og_locale":"pt_BR","og_type":"article","og_title":"Depoimento de aluno da Gran Faculdade: Rog\u00e9rio Costa","og_description":"Descubra a jornada de Rog\u00e9rio Costa, aluno de An\u00e1lise e Desenvolvimento de Sistemas, e sua transforma\u00e7\u00e3o na Gran Faculdade.","og_url":"https:\/\/faculdade.grancursosonline.com.br\/blog\/depoimento-aluno-rogerio-costa\/","og_site_name":"Blog Gran Faculdade","article_publisher":"https:\/\/www.facebook.com\/grancursosonline\/","article_published_time":"2025-03-19T20:36:39+00:00","article_modified_time":"2025-05-08T20:39:16+00:00","og_image":[{"width":511,"height":311,"url":"https:\/\/blog-es-static.infra.grancursosonline.com.br\/wp-content\/uploads\/2025\/03\/19173333\/Depoimento-Rogerio-Costa.jpg","type":"image\/jpeg"}],"author":"Guilherme Henrique","twitter_card":"summary_large_image","twitter_creator":"@gran_online","twitter_site":"@gran_online","twitter_misc":{"Written by":"Guilherme Henrique","Est. reading time":"13 minutos"},"schema":{"@context":"https:\/\/schema.org","@graph":[{"@type":"NewsArticle","@id":"https:\/\/faculdade.grancursosonline.com.br\/blog\/depoimento-aluno-rogerio-costa\/#article","isPartOf":{"@id":"https:\/\/faculdade.grancursosonline.com.br\/blog\/depoimento-aluno-rogerio-costa\/"},"author":{"name":"Guilherme Henrique","@id":"https:\/\/faculdade.grancursosonline.com.br\/blog\/#\/schema\/person\/9745f9b6db8976613c1f439dbcfe717d"},"headline":"Depoimento de aluno da Gran Faculdade: Rog\u00e9rio Costa","datePublished":"2025-03-19T20:36:39+00:00","dateModified":"2025-05-08T20:39:16+00:00","mainEntityOfPage":{"@id":"https:\/\/faculdade.grancursosonline.com.br\/blog\/depoimento-aluno-rogerio-costa\/"},"wordCount":1098,"commentCount":0,"publisher":{"@id":"https:\/\/faculdade.grancursosonline.com.br\/blog\/#organization"},"image":{"@id":"https:\/\/faculdade.grancursosonline.com.br\/blog\/depoimento-aluno-rogerio-costa\/#primaryimage"},"thumbnailUrl":"https:\/\/blog-es-static.infra.grancursosonline.com.br\/wp-content\/uploads\/2025\/03\/19173213\/Depoimento-Rogerio-Costa-2.jpg","articleSection":["Eu Sou Gran","Gradua\u00e7\u00e3o EAD","Gradua\u00e7\u00e3o Gran Faculdade","\u00daltimas Not\u00edcias"],"inLanguage":"pt-BR","potentialAction":[{"@type":"CommentAction","name":"Comment","target":["https:\/\/faculdade.grancursosonline.com.br\/blog\/depoimento-aluno-rogerio-costa\/#respond"]}],"copyrightYear":"2025","copyrightHolder":{"@id":"https:\/\/faculdade.grancursosonline.com.br\/blog\/#organization"}},{"@type":"WebPage","@id":"https:\/\/faculdade.grancursosonline.com.br\/blog\/depoimento-aluno-rogerio-costa\/","url":"https:\/\/faculdade.grancursosonline.com.br\/blog\/depoimento-aluno-rogerio-costa\/","name":"Depoimento de aluno da Gran Faculdade: Rog\u00e9rio Costa","isPartOf":{"@id":"https:\/\/faculdade.grancursosonline.com.br\/blog\/#website"},"primaryImageOfPage":{"@id":"https:\/\/faculdade.grancursosonline.com.br\/blog\/depoimento-aluno-rogerio-costa\/#primaryimage"},"image":{"@id":"https:\/\/faculdade.grancursosonline.com.br\/blog\/depoimento-aluno-rogerio-costa\/#primaryimage"},"thumbnailUrl":"https:\/\/blog-es-static.infra.grancursosonline.com.br\/wp-content\/uploads\/2025\/03\/19173213\/Depoimento-Rogerio-Costa-2.jpg","datePublished":"2025-03-19T20:36:39+00:00","dateModified":"2025-05-08T20:39:16+00:00","description":"Descubra a jornada de Rog\u00e9rio Costa, aluno de An\u00e1lise e Desenvolvimento de Sistemas, e sua transforma\u00e7\u00e3o na Gran Faculdade.","breadcrumb":{"@id":"https:\/\/faculdade.grancursosonline.com.br\/blog\/depoimento-aluno-rogerio-costa\/#breadcrumb"},"inLanguage":"pt-BR","potentialAction":[{"@type":"ReadAction","target":["https:\/\/faculdade.grancursosonline.com.br\/blog\/depoimento-aluno-rogerio-costa\/"]}]},{"@type":"ImageObject","inLanguage":"pt-BR","@id":"https:\/\/faculdade.grancursosonline.com.br\/blog\/depoimento-aluno-rogerio-costa\/#primaryimage","url":"https:\/\/blog-es-static.infra.grancursosonline.com.br\/wp-content\/uploads\/2025\/03\/19173213\/Depoimento-Rogerio-Costa-2.jpg","contentUrl":"https:\/\/blog-es-static.infra.grancursosonline.com.br\/wp-content\/uploads\/2025\/03\/19173213\/Depoimento-Rogerio-Costa-2.jpg","width":1001,"height":601,"caption":"Depoimento de Aluno da Gran Faculdade: Rog\u00e9rio Costa"},{"@type":"BreadcrumbList","@id":"https:\/\/faculdade.grancursosonline.com.br\/blog\/depoimento-aluno-rogerio-costa\/#breadcrumb","itemListElement":[{"@type":"ListItem","position":1,"name":"In\u00edcio","item":"https:\/\/faculdade.grancursosonline.com.br\/blog\/"},{"@type":"ListItem","position":2,"name":"Eu Sou Gran","item":"https:\/\/faculdade.grancursosonline.com.br\/blog\/depoimentos\/"},{"@type":"ListItem","position":3,"name":"Depoimento de aluno da Gran Faculdade: Rog\u00e9rio Costa"}]},{"@type":"WebSite","@id":"https:\/\/faculdade.grancursosonline.com.br\/blog\/#website","url":"https:\/\/faculdade.grancursosonline.com.br\/blog\/","name":"Blog Gran Faculdade","description":"Tudo sobre ensino superior, p\u00f3s-gradua\u00e7\u00e3o, enem e carreira.","publisher":{"@id":"https:\/\/faculdade.grancursosonline.com.br\/blog\/#organization"},"potentialAction":[{"@type":"SearchAction","target":{"@type":"EntryPoint","urlTemplate":"https:\/\/faculdade.grancursosonline.com.br\/blog\/?s={search_term_string}"},"query-input":{"@type":"PropertyValueSpecification","valueRequired":true,"valueName":"search_term_string"}}],"inLanguage":"pt-BR"},{"@type":"Organization","@id":"https:\/\/faculdade.grancursosonline.com.br\/blog\/#organization","name":"Gran Cursos Online","url":"https:\/\/faculdade.grancursosonline.com.br\/blog\/","logo":{"@type":"ImageObject","inLanguage":"pt-BR","@id":"https:\/\/faculdade.grancursosonline.com.br\/blog\/#\/schema\/logo\/image\/","url":"https:\/\/blog-es-static.infra.grancursosonline.com.br\/wp-content\/uploads\/2019\/08\/03123934\/logo.png","contentUrl":"https:\/\/blog-es-static.infra.grancursosonline.com.br\/wp-content\/uploads\/2019\/08\/03123934\/logo.png","width":300,"height":57,"caption":"Gran Cursos Online"},"image":{"@id":"https:\/\/faculdade.grancursosonline.com.br\/blog\/#\/schema\/logo\/image\/"},"sameAs":["https:\/\/www.facebook.com\/grancursosonline\/","https:\/\/x.com\/gran_online","https:\/\/www.instagram.com\/grancursosonline\/","https:\/\/www.youtube.com\/user\/grancursostv"]},{"@type":"Person","@id":"https:\/\/faculdade.grancursosonline.com.br\/blog\/#\/schema\/person\/9745f9b6db8976613c1f439dbcfe717d","name":"Guilherme Henrique","url":"https:\/\/faculdade.grancursosonline.com.br\/blog\/author\/guilherme-lourenco\/"}]}},"_links":{"self":[{"href":"https:\/\/faculdade.grancursosonline.com.br\/blog\/wp-json\/wp\/v2\/posts\/79752519","targetHints":{"allow":["GET"]}}],"collection":[{"href":"https:\/\/faculdade.grancursosonline.com.br\/blog\/wp-json\/wp\/v2\/posts"}],"about":[{"href":"https:\/\/faculdade.grancursosonline.com.br\/blog\/wp-json\/wp\/v2\/types\/post"}],"author":[{"embeddable":true,"href":"https:\/\/faculdade.grancursosonline.com.br\/blog\/wp-json\/wp\/v2\/users\/514"}],"replies":[{"embeddable":true,"href":"https:\/\/faculdade.grancursosonline.com.br\/blog\/wp-json\/wp\/v2\/comments?post=79752519"}],"version-history":[{"count":3,"href":"https:\/\/faculdade.grancursosonline.com.br\/blog\/wp-json\/wp\/v2\/posts\/79752519\/revisions"}],"predecessor-version":[{"id":79753859,"href":"https:\/\/faculdade.grancursosonline.com.br\/blog\/wp-json\/wp\/v2\/posts\/79752519\/revisions\/79753859"}],"wp:featuredmedia":[{"embeddable":true,"href":"https:\/\/faculdade.grancursosonline.com.br\/blog\/wp-json\/wp\/v2\/media\/79752520"}],"wp:attachment":[{"href":"https:\/\/faculdade.grancursosonline.com.br\/blog\/wp-json\/wp\/v2\/media?parent=79752519"}],"wp:term":[{"taxonomy":"category","embeddable":true,"href":"https:\/\/faculdade.grancursosonline.com.br\/blog\/wp-json\/wp\/v2\/categories?post=79752519"},{"taxonomy":"post_tag","embeddable":true,"href":"https:\/\/faculdade.grancursosonline.com.br\/blog\/wp-json\/wp\/v2\/tags?post=79752519"}],"curies":[{"name":"wp","href":"https:\/\/api.w.org\/{rel}","templated":true}]}}