{"id":79752545,"date":"2025-04-03T11:17:00","date_gmt":"2025-04-03T14:17:00","guid":{"rendered":"https:\/\/faculdade.grancursosonline.com.br\/blog\/?p=79752545"},"modified":"2025-04-03T15:39:51","modified_gmt":"2025-04-03T18:39:51","slug":"gestao-compartilhada","status":"publish","type":"post","link":"https:\/\/faculdade.grancursosonline.com.br\/blog\/gestao-compartilhada\/","title":{"rendered":"Gest\u00e3o Compartilhada: o poder da colabora\u00e7\u00e3o para transformar ambientes corporativos"},"content":{"rendered":"\n<p>Voc\u00ea j\u00e1 ouviu falar em gest\u00e3o compartilhada e como ela pode transformar o ambiente corporativo?&nbsp;<\/p>\n\n\n\n<p>Esse modelo, tamb\u00e9m conhecido como gest\u00e3o inter ou multidisciplinar, valoriza a colabora\u00e7\u00e3o entre diferentes \u00e1reas e profissionais, criando solu\u00e7\u00f5es mais inovadoras e eficientes. Cada voz tem espa\u00e7o, e as decis\u00f5es s\u00e3o constru\u00eddas de forma coletiva.<\/p>\n\n\n\n<p>No cen\u00e1rio atual, empresas que adotam a gest\u00e3o compartilhada se destacam por promover uma cultura de trabalho mais inclusiva e din\u00e2mica. Esse formato n\u00e3o apenas potencializa a criatividade, mas tamb\u00e9m melhora a comunica\u00e7\u00e3o interna e fortalece o engajamento das equipes, resultando em ambientes mais produtivos e harmoniosos.<\/p>\n\n\n\n<p>Quer saber como aplicar esse conceito no seu dia a dia profissional? Continue a leitura e descubra os benef\u00edcios desse modelo, al\u00e9m de conhecer cursos como os de Recursos Humanos e Gest\u00e3o P\u00fablica da Gran Faculdade, que preparam voc\u00ea para liderar com colabora\u00e7\u00e3o e inova\u00e7\u00e3o.<\/p>\n\n\n\n<div class=\"wp-block-columns is-layout-flex wp-container-core-columns-is-layout-9d6595d7 wp-block-columns-is-layout-flex\">\n<div class=\"wp-block-column is-layout-flow wp-block-column-is-layout-flow\" style=\"flex-basis:100%\"><div class=\"wp-block-image\">\n<figure class=\"aligncenter size-full\"><a href=\"https:\/\/whatsapp.com\/channel\/0029VaG1sChI7Be7PNndhL43\" target=\"_blank\" rel=\"noopener\"><img decoding=\"async\" src=\"https:\/\/blog-es-static.infra.grancursosonline.com.br\/wp-content\/uploads\/2025\/09\/09112354\/banner-wp-600x142-80.webp\" alt=\"Acesse o canal do WhatsApp da Gran Faculdade\" class=\"wp-image-79751904\"\/><\/a><\/figure>\n<\/div><\/div>\n<\/div>\n\n\n\n<p>Acompanhe o conte\u00fado na \u00edntegra, ou navegue pelo \u00edndice, se preferir:<\/p>\n\n\n\n<ul class=\"wp-block-list\">\n<li><a href=\"#h-o-que-e-gestao-compartilhada\">O que \u00e9 gest\u00e3o compartilhada?<\/a><\/li>\n\n\n\n<li><a href=\"#h-os-principais-beneficios-para-empresas-e-equipes\">Os principais benef\u00edcios para empresas e equipes<\/a><\/li>\n\n\n\n<li><a href=\"#h-a-importancia-da-colaboracao-interdisciplinar\">A import\u00e2ncia da colabora\u00e7\u00e3o interdisciplinar<\/a><\/li>\n\n\n\n<li><a href=\"#h-como-implementar-a-gestao-compartilhada-no-ambiente-corporativo\">Como implementar a gest\u00e3o compartilhada no ambiente corporativo<\/a><\/li>\n\n\n\n<li><a href=\"#h-capacitacao-para-a-gestao-do-futuro\">Capacita\u00e7\u00e3o para a gest\u00e3o do futuro<\/a><\/li>\n<\/ul>\n\n\n\n<h2 class=\"wp-block-heading\" id=\"h-o-que-e-gestao-compartilhada\"><strong>O que \u00e9 gest\u00e3o compartilhada?<\/strong><br><\/h2>\n\n\n\n<p>A gest\u00e3o compartilhada \u00e9 um modelo de administra\u00e7\u00e3o que valoriza a colabora\u00e7\u00e3o entre diferentes setores e profissionais dentro de uma organiza\u00e7\u00e3o.<\/p>\n\n\n\n<p>Em vez de decis\u00f5es centralizadas, o foco est\u00e1 no trabalho em equipe, promovendo a troca de ideias e a busca conjunta por solu\u00e7\u00f5es. Esse formato cria um ambiente mais din\u00e2mico e participativo.<\/p>\n\n\n\n<p>Diferente da gest\u00e3o tradicional, onde as decis\u00f5es costumam vir de cima para baixo, a gest\u00e3o compartilhada incentiva a horizontalidade. Isso significa que a opini\u00e3o de cada membro da equipe \u00e9 valorizada, independentemente do cargo ocupado. Dessa forma, todos contribuem ativamente para os resultados.<\/p>\n\n\n\n<p>Esse modelo surgiu da necessidade de tornar as empresas mais \u00e1geis e adapt\u00e1veis em um cen\u00e1rio cada vez mais complexo. Com a colabora\u00e7\u00e3o no centro das decis\u00f5es, as organiza\u00e7\u00f5es conseguem se reinventar com mais facilidade, respondendo rapidamente \u00e0s mudan\u00e7as do mercado.<\/p>\n\n\n\n<h2 class=\"wp-block-heading\" id=\"h-os-principais-beneficios-para-empresas-e-equipes\"><strong>Os principais benef\u00edcios para empresas e equipes<\/strong><br><\/h2>\n\n\n\n<p>A gest\u00e3o compartilhada oferece v\u00e1rios benef\u00edcios para as empresas e suas equipes, proporcionando um ambiente mais colaborativo e produtivo. Abaixo, exploramos alguns dos principais pontos positivos desse modelo:<\/p>\n\n\n\n<p><strong>1. Melhora na comunica\u00e7\u00e3o interna<\/strong><br>Com a gest\u00e3o compartilhada, a comunica\u00e7\u00e3o interna se torna mais eficiente e transparente. A troca constante de informa\u00e7\u00f5es entre os membros da equipe cria um fluxo de trabalho mais claro e reduz os erros causados pela falta de alinhamento. A participa\u00e7\u00e3o de todos no processo de tomada de decis\u00e3o tamb\u00e9m facilita a dissemina\u00e7\u00e3o de ideias e o entendimento dos objetivos comuns.<\/p>\n\n\n\n<p><strong>2. Est\u00edmulo \u00e0 criatividade e inova\u00e7\u00e3o<\/strong><br>Ao envolver diferentes pessoas nas decis\u00f5es, a gest\u00e3o compartilhada abre portas para uma maior diversidade de ideias. Esse ambiente colaborativo favorece a criatividade, permitindo que diferentes perspectivas se juntem para resolver problemas de maneiras inovadoras. As equipes que trabalham de forma compartilhada tendem a ser mais \u00e1geis e criativas, gerando solu\u00e7\u00f5es mais eficientes e diferenciadas.<\/p>\n\n\n\n<p><strong>3. Maior engajamento e valoriza\u00e7\u00e3o dos colaboradores<\/strong><br>Quando os colaboradores se sentem ouvidos e respeitados, o engajamento e a motiva\u00e7\u00e3o aumentam. A gest\u00e3o compartilhada oferece um ambiente onde todos podem contribuir com suas ideias, o que eleva o senso de pertencimento. Esse reconhecimento e valoriza\u00e7\u00e3o fazem com que os membros da equipe se sintam mais comprometidos e satisfeitos com o trabalho, resultando em equipes mais produtivas e harmoniosas.<\/p>\n\n\n\n<p>Esse modelo de gest\u00e3o fortalece a rela\u00e7\u00e3o entre empresa e equipe, promovendo uma cultura de colabora\u00e7\u00e3o e crescimento m\u00fatuo. <\/p>\n\n\n\n<h2 class=\"wp-block-heading\" id=\"h-a-importancia-da-colaboracao-interdisciplinar\"><strong>A import\u00e2ncia da colabora\u00e7\u00e3o interdisciplinar<\/strong><br><\/h2>\n\n\n\n<p>A colabora\u00e7\u00e3o entre diferentes \u00e1reas \u00e9 um dos pilares da gest\u00e3o compartilhada. Cada setor traz um olhar \u00fanico para os desafios do dia a dia, enriquecendo as discuss\u00f5es e permitindo a constru\u00e7\u00e3o de solu\u00e7\u00f5es mais completas. A diversidade de pensamento \u00e9 um grande diferencial competitivo.<\/p>\n\n\n\n<p>Imagine um projeto que envolve tecnologia, marketing e atendimento ao cliente. Se cada \u00e1rea trabalhar isoladamente, as chances de desalinhamento s\u00e3o grandes. No entanto, com a colabora\u00e7\u00e3o interdisciplinar, essas equipes trocam conhecimentos, antecipam problemas e garantem uma entrega mais integrada e eficiente.<\/p>\n\n\n\n<p>Al\u00e9m de melhorar os resultados, essa troca constante cria um ambiente de aprendizado m\u00fatuo. Profissionais de diferentes \u00e1reas ampliam seu repert\u00f3rio, desenvolvem novas habilidades e constroem uma vis\u00e3o mais ampla sobre o funcionamento da empresa como um todo.<\/p>\n\n\n\n<h2 class=\"wp-block-heading\" id=\"h-como-implementar-a-gestao-compartilhada-no-ambiente-corporativo\"><strong>Como implementar a gest\u00e3o compartilhada no ambiente corporativo<\/strong><br><\/h2>\n\n\n\n<p>Adotar a gest\u00e3o compartilhada exige algumas mudan\u00e7as de mentalidade e processos. O primeiro passo \u00e9 criar um ambiente de confian\u00e7a, onde os colaboradores se sintam \u00e0 vontade para expressar suas ideias sem medo de julgamentos. Isso fortalece a cultura de colabora\u00e7\u00e3o.<\/p>\n\n\n\n<p>Outro ponto importante \u00e9 definir processos claros de comunica\u00e7\u00e3o e tomada de decis\u00e3o. Ferramentas de gest\u00e3o de projetos, como metodologias \u00e1geis, ajudam a organizar o fluxo de trabalho e manter todos informados sobre o andamento das tarefas. A transpar\u00eancia \u00e9 fundamental nesse processo.<\/p>\n\n\n\n<p>Por fim, \u00e9 fundamental capacitar a equipe para trabalhar nesse modelo. Oferecer treinamentos e promover a troca de experi\u00eancias entre os colaboradores fortalece o esp\u00edrito de equipe e garante que todos estejam alinhados com a nova forma de trabalhar.<\/p>\n\n\n\n<h2 class=\"wp-block-heading\" id=\"h-capacitacao-para-a-gestao-do-futuro\"><strong>Capacita\u00e7\u00e3o para a gest\u00e3o do futuro<\/strong><br><\/h2>\n\n\n\n<p>Desenvolver habilidades de gest\u00e3o compartilhada \u00e9 um diferencial no mercado atual. A Gran Faculdade oferece cursos que preparam profissionais para esse cen\u00e1rio, como o <strong><a href=\"https:\/\/promo.grancursosonline.com.br\/curso-gratuito-criatividade-inovacao-gestao-mindset-negocios\/\" target=\"_blank\" rel=\"noreferrer noopener\">Curso livre de Criatividade e Inova\u00e7\u00e3o: o Novo Mindset dos Neg\u00f3cios<\/a><\/strong>. Nele, os alunos aprendem a aplicar metodologias inovadoras e a criar ambientes colaborativos.<\/p>\n\n\n\n<p>Al\u00e9m disso, gradua\u00e7\u00f5es em <strong><a href=\"https:\/\/faculdade.grancursosonline.com.br\/curso\/administracao\" target=\"_blank\" rel=\"noreferrer noopener\">Administra\u00e7\u00e3o<\/a>, <a href=\"https:\/\/faculdade.grancursosonline.com.br\/curso\/marketing\" target=\"_blank\" rel=\"noreferrer noopener\">Marketing<\/a>, <a href=\"https:\/\/faculdade.grancursosonline.com.br\/curso\/gestao-de-recursos-humanos\" target=\"_blank\" rel=\"noreferrer noopener\">Recursos Humanos<\/a> <\/strong>e<strong> <a href=\"https:\/\/faculdade.grancursosonline.com.br\/curso\/gestao-publica\" target=\"_blank\" rel=\"noreferrer noopener\">Gest\u00e3o P\u00fablica<\/a><\/strong> ampliam a vis\u00e3o estrat\u00e9gica e oferecem ferramentas pr\u00e1ticas para a implementa\u00e7\u00e3o desse modelo. Essas forma\u00e7\u00f5es s\u00e3o fundamentais para quem deseja liderar equipes de forma colaborativa e eficiente.<\/p>\n\n\n\n<p>Investir nesse tipo de capacita\u00e7\u00e3o n\u00e3o s\u00f3 abre portas no mercado, mas tamb\u00e9m prepara os profissionais para enfrentarem os desafios de um mundo corporativo em constante transforma\u00e7\u00e3o. Com o aprendizado certo, voc\u00ea pode ser o agente de mudan\u00e7a que sua equipe e sua empresa precisam.<\/p>\n\n\n\n<div class=\"wp-block-group has-background\" style=\"background-color:#8dd2fc7a\"><div class=\"wp-block-group__inner-container is-layout-constrained wp-block-group-is-layout-constrained\">\n<p><strong>Outras not\u00edcias em destaque:<\/strong><\/p>\n\n\n\n<ul class=\"wp-block-list\">\n<li><a href=\"https:\/\/faculdade.grancursosonline.com.br\/blog\/curso-livre-em-criatividade-e-inovacao\/\" target=\"_blank\" rel=\"noreferrer noopener\">Conhe\u00e7a o Curso Livre em Criatividade e Inova\u00e7\u00e3o: o novo mindset dos neg\u00f3cios<\/a><\/li>\n\n\n\n<li><a href=\"https:\/\/faculdade.grancursosonline.com.br\/blog\/cursos-livres-da-gran-faculdade\/\" target=\"_blank\" rel=\"noreferrer noopener\">Cursos livres da Gran Faculdade: o que s\u00e3o e como ter acesso?<\/a><\/li>\n\n\n\n<li><a href=\"https:\/\/faculdade.grancursosonline.com.br\/blog\/mindset\/\" target=\"_blank\" rel=\"noreferrer noopener\">Mindset: o segredo para decis\u00f5es \u00e1geis e solu\u00e7\u00f5es inovadoras nos neg\u00f3cios<\/a><\/li>\n<\/ul>\n<\/div><\/div>\n\n\n\n<div class=\"wp-block-group\"><div class=\"wp-block-group__inner-container is-layout-constrained wp-block-group-is-layout-constrained\">\n<div class=\"wp-block-group\"><div class=\"wp-block-group__inner-container is-layout-constrained wp-block-group-is-layout-constrained\">\n<section style=\"text-align: center;\">\n<p>Quer ficar por dentro da Faculdade Digital mais inovadora do Brasil?<\/p>\n<nav>\n<p class=\"has-background has-dark-bluish-background-color\" style=\"font-size: 25px; text-align: center; background: #f0f0f0; color: #ffffff; padding: 4px 0px 4xp 0px;\"><a style=\"color: #0d134c; text-decoration: underline;\" href=\"https:\/\/faculdade.grancursosonline.com.br\/\" target=\"_blank\" rel=\"noopener\">GRADUA\u00c7\u00c3O<\/a><\/p>\n<p class=\"has-background has-dark-bluish-background-color\" style=\"font-size: 25px; text-align: center; background: #f0f0f0; color: #ffffff; padding: 4px 0px 4xp 0px;\"><a style=\"color: #0d134c; text-decoration: underline;\" href=\"https:\/\/pos.grancursosonline.com.br\/\" target=\"_blank\" rel=\"noopener\">P\u00d3S-GRADUA\u00c7\u00c3O<\/a><\/p>\n<p class=\"has-background has-dark-bluish-background-color\" style=\"font-size: 25px; text-align: center; background: #f0f0f0; color: #ffffff; padding: 4px 0px 4xp 0px;\"><a style=\"color: #0d134c; text-decoration: underline;\" href=\"https:\/\/faculdade.grancursosonline.com.br\/nossos-cursos\/\" target=\"_blank\" rel=\"noopener\">TUDO SOBRE A GRAN FACULDADE<\/a><\/p>\n<\/nav>\n<p><strong>Receba <span style=\"color: #cf1e25;\">gratuitamente<\/span> no seu celular as principais not\u00edcias sobre a Gran Faculdade! <br \/>Clique no link abaixo e inscreva-se:<\/strong><\/p>\n<p class=\"has-background has-dark-bluish-background-color\" style=\"font-size: 25px; text-align: center; background: #f0f0f0; color: #ffffff; padding: 4px 0px 4xp 0px;\"><a style=\"color: #0d134c; text-decoration: underline;\" href=\"https:\/\/whatsapp.com\/channel\/0029VaG1sChI7Be7PNndhL43\" target=\"_blank\" rel=\"noopener noreferrer\">WHATSAPP<\/a><\/p>\n<p class=\"has-background has-dark-bluish-background-color\" style=\"font-size: 25px; text-align: center; background: #f0f0f0; color: #ffffff; padding: 4px 0px 4xp 0px;\"><a style=\"color: #0d134c; text-decoration: underline;\" href=\"https:\/\/t.me\/GranFaculdade\" target=\"_blank\" rel=\"noopener noreferrer\">TELEGRAM<\/a><\/p>\n<\/section>\n<\/div><\/div>\n<\/div><\/div>\n","protected":false},"excerpt":{"rendered":"<p>Voc\u00ea j\u00e1 ouviu falar em gest\u00e3o compartilhada e como ela pode transformar o ambiente corporativo?&nbsp; Esse modelo, tamb\u00e9m conhecido como gest\u00e3o inter ou multidisciplinar, valoriza a colabora\u00e7\u00e3o entre diferentes \u00e1reas e profissionais, criando solu\u00e7\u00f5es mais inovadoras e eficientes. Cada voz tem espa\u00e7o, e as decis\u00f5es s\u00e3o constru\u00eddas de forma coletiva. No cen\u00e1rio atual, empresas que&hellip;<\/p>\n","protected":false},"author":514,"featured_media":79752546,"comment_status":"open","ping_status":"open","sticky":false,"template":"","format":"standard","meta":{"_acf_changed":false,"content-type":"","footnotes":""},"categories":[219790,218545,2],"tags":[],"class_list":["post-79752545","post","type-post","status-publish","format-standard","has-post-thumbnail","hentry","category-graduacao-ead","category-graduacao","category-ultimas-noticias"],"acf":[],"yoast_head":"<!-- This site is optimized with the Yoast SEO Premium plugin v27.2 (Yoast SEO v27.2) - https:\/\/yoast.com\/product\/yoast-seo-premium-wordpress\/ -->\n<title>Gest\u00e3o Compartilhada: o poder da colabora\u00e7\u00e3o para transformar ambientes corporativos<\/title>\n<meta name=\"description\" content=\"Gest\u00e3o compartilhada transforma empresas com colabora\u00e7\u00e3o e inova\u00e7\u00e3o, criando ambientes din\u00e2micos, comunicativos e altamente produtivos.\" \/>\n<meta name=\"robots\" content=\"index, follow, max-snippet:-1, max-image-preview:large, max-video-preview:-1\" \/>\n<link rel=\"canonical\" href=\"https:\/\/faculdade.grancursosonline.com.br\/blog\/gestao-compartilhada\/\" \/>\n<meta property=\"og:locale\" content=\"pt_BR\" \/>\n<meta property=\"og:type\" content=\"article\" \/>\n<meta property=\"og:title\" content=\"Gest\u00e3o Compartilhada: o poder da colabora\u00e7\u00e3o para transformar ambientes corporativos\" \/>\n<meta property=\"og:description\" content=\"Gest\u00e3o compartilhada transforma empresas com colabora\u00e7\u00e3o e inova\u00e7\u00e3o, criando ambientes din\u00e2micos, comunicativos e altamente produtivos.\" \/>\n<meta property=\"og:url\" content=\"https:\/\/faculdade.grancursosonline.com.br\/blog\/gestao-compartilhada\/\" \/>\n<meta property=\"og:site_name\" content=\"Blog Gran Faculdade\" \/>\n<meta property=\"article:publisher\" content=\"https:\/\/www.facebook.com\/grancursosonline\/\" \/>\n<meta property=\"article:published_time\" content=\"2025-04-03T14:17:00+00:00\" \/>\n<meta property=\"article:modified_time\" content=\"2025-04-03T18:39:51+00:00\" \/>\n<meta property=\"og:image\" content=\"https:\/\/blog-es-static.infra.grancursosonline.com.br\/wp-content\/uploads\/2025\/03\/20180944\/Gestao-Compartilhada.jpg\" \/>\n\t<meta property=\"og:image:width\" content=\"511\" \/>\n\t<meta property=\"og:image:height\" content=\"311\" \/>\n\t<meta property=\"og:image:type\" content=\"image\/jpeg\" \/>\n<meta name=\"author\" content=\"Guilherme Henrique\" \/>\n<meta name=\"twitter:card\" content=\"summary_large_image\" \/>\n<meta name=\"twitter:creator\" content=\"@gran_online\" \/>\n<meta name=\"twitter:site\" content=\"@gran_online\" \/>\n<meta name=\"twitter:label1\" content=\"Written by\" \/>\n\t<meta name=\"twitter:data1\" content=\"Guilherme Henrique\" \/>\n\t<meta name=\"twitter:label2\" content=\"Est. reading time\" \/>\n\t<meta name=\"twitter:data2\" content=\"7 minutos\" \/>\n<script type=\"application\/ld+json\" class=\"yoast-schema-graph\">{\"@context\":\"https:\/\/schema.org\",\"@graph\":[{\"@type\":\"NewsArticle\",\"@id\":\"https:\/\/faculdade.grancursosonline.com.br\/blog\/gestao-compartilhada\/#article\",\"isPartOf\":{\"@id\":\"https:\/\/faculdade.grancursosonline.com.br\/blog\/gestao-compartilhada\/\"},\"author\":{\"name\":\"Guilherme Henrique\",\"@id\":\"https:\/\/faculdade.grancursosonline.com.br\/blog\/#\/schema\/person\/9745f9b6db8976613c1f439dbcfe717d\"},\"headline\":\"Gest\u00e3o Compartilhada: o poder da colabora\u00e7\u00e3o para transformar ambientes corporativos\",\"datePublished\":\"2025-04-03T14:17:00+00:00\",\"dateModified\":\"2025-04-03T18:39:51+00:00\",\"mainEntityOfPage\":{\"@id\":\"https:\/\/faculdade.grancursosonline.com.br\/blog\/gestao-compartilhada\/\"},\"wordCount\":1136,\"commentCount\":0,\"publisher\":{\"@id\":\"https:\/\/faculdade.grancursosonline.com.br\/blog\/#organization\"},\"image\":{\"@id\":\"https:\/\/faculdade.grancursosonline.com.br\/blog\/gestao-compartilhada\/#primaryimage\"},\"thumbnailUrl\":\"https:\/\/blog-es-static.infra.grancursosonline.com.br\/wp-content\/uploads\/2025\/03\/20180819\/Gestao-Compartilhada-2.jpg\",\"articleSection\":[\"Gradua\u00e7\u00e3o EAD\",\"Gradua\u00e7\u00e3o Gran Faculdade\",\"\u00daltimas Not\u00edcias\"],\"inLanguage\":\"pt-BR\",\"potentialAction\":[{\"@type\":\"CommentAction\",\"name\":\"Comment\",\"target\":[\"https:\/\/faculdade.grancursosonline.com.br\/blog\/gestao-compartilhada\/#respond\"]}],\"copyrightYear\":\"2025\",\"copyrightHolder\":{\"@id\":\"https:\/\/faculdade.grancursosonline.com.br\/blog\/#organization\"}},{\"@type\":\"WebPage\",\"@id\":\"https:\/\/faculdade.grancursosonline.com.br\/blog\/gestao-compartilhada\/\",\"url\":\"https:\/\/faculdade.grancursosonline.com.br\/blog\/gestao-compartilhada\/\",\"name\":\"Gest\u00e3o Compartilhada: o poder da colabora\u00e7\u00e3o para transformar ambientes corporativos\",\"isPartOf\":{\"@id\":\"https:\/\/faculdade.grancursosonline.com.br\/blog\/#website\"},\"primaryImageOfPage\":{\"@id\":\"https:\/\/faculdade.grancursosonline.com.br\/blog\/gestao-compartilhada\/#primaryimage\"},\"image\":{\"@id\":\"https:\/\/faculdade.grancursosonline.com.br\/blog\/gestao-compartilhada\/#primaryimage\"},\"thumbnailUrl\":\"https:\/\/blog-es-static.infra.grancursosonline.com.br\/wp-content\/uploads\/2025\/03\/20180819\/Gestao-Compartilhada-2.jpg\",\"datePublished\":\"2025-04-03T14:17:00+00:00\",\"dateModified\":\"2025-04-03T18:39:51+00:00\",\"description\":\"Gest\u00e3o compartilhada transforma empresas com colabora\u00e7\u00e3o e inova\u00e7\u00e3o, criando ambientes din\u00e2micos, comunicativos e altamente produtivos.\",\"breadcrumb\":{\"@id\":\"https:\/\/faculdade.grancursosonline.com.br\/blog\/gestao-compartilhada\/#breadcrumb\"},\"inLanguage\":\"pt-BR\",\"potentialAction\":[{\"@type\":\"ReadAction\",\"target\":[\"https:\/\/faculdade.grancursosonline.com.br\/blog\/gestao-compartilhada\/\"]}]},{\"@type\":\"ImageObject\",\"inLanguage\":\"pt-BR\",\"@id\":\"https:\/\/faculdade.grancursosonline.com.br\/blog\/gestao-compartilhada\/#primaryimage\",\"url\":\"https:\/\/blog-es-static.infra.grancursosonline.com.br\/wp-content\/uploads\/2025\/03\/20180819\/Gestao-Compartilhada-2.jpg\",\"contentUrl\":\"https:\/\/blog-es-static.infra.grancursosonline.com.br\/wp-content\/uploads\/2025\/03\/20180819\/Gestao-Compartilhada-2.jpg\",\"width\":1001,\"height\":601,\"caption\":\"Gest\u00e3o Compartilhada: o poder da colabora\u00e7\u00e3o para transformar ambientes corporativos\"},{\"@type\":\"BreadcrumbList\",\"@id\":\"https:\/\/faculdade.grancursosonline.com.br\/blog\/gestao-compartilhada\/#breadcrumb\",\"itemListElement\":[{\"@type\":\"ListItem\",\"position\":1,\"name\":\"In\u00edcio\",\"item\":\"https:\/\/faculdade.grancursosonline.com.br\/blog\/\"},{\"@type\":\"ListItem\",\"position\":2,\"name\":\"Gradua\u00e7\u00e3o Gran Faculdade\",\"item\":\"https:\/\/faculdade.grancursosonline.com.br\/blog\/graduacao\/\"},{\"@type\":\"ListItem\",\"position\":3,\"name\":\"Gest\u00e3o Compartilhada: o poder da colabora\u00e7\u00e3o para transformar ambientes corporativos\"}]},{\"@type\":\"WebSite\",\"@id\":\"https:\/\/faculdade.grancursosonline.com.br\/blog\/#website\",\"url\":\"https:\/\/faculdade.grancursosonline.com.br\/blog\/\",\"name\":\"Blog Gran Faculdade\",\"description\":\"Tudo sobre ensino superior, p\u00f3s-gradua\u00e7\u00e3o, enem e carreira.\",\"publisher\":{\"@id\":\"https:\/\/faculdade.grancursosonline.com.br\/blog\/#organization\"},\"potentialAction\":[{\"@type\":\"SearchAction\",\"target\":{\"@type\":\"EntryPoint\",\"urlTemplate\":\"https:\/\/faculdade.grancursosonline.com.br\/blog\/?s={search_term_string}\"},\"query-input\":{\"@type\":\"PropertyValueSpecification\",\"valueRequired\":true,\"valueName\":\"search_term_string\"}}],\"inLanguage\":\"pt-BR\"},{\"@type\":\"Organization\",\"@id\":\"https:\/\/faculdade.grancursosonline.com.br\/blog\/#organization\",\"name\":\"Gran Cursos Online\",\"url\":\"https:\/\/faculdade.grancursosonline.com.br\/blog\/\",\"logo\":{\"@type\":\"ImageObject\",\"inLanguage\":\"pt-BR\",\"@id\":\"https:\/\/faculdade.grancursosonline.com.br\/blog\/#\/schema\/logo\/image\/\",\"url\":\"https:\/\/blog-es-static.infra.grancursosonline.com.br\/wp-content\/uploads\/2019\/08\/03123934\/logo.png\",\"contentUrl\":\"https:\/\/blog-es-static.infra.grancursosonline.com.br\/wp-content\/uploads\/2019\/08\/03123934\/logo.png\",\"width\":300,\"height\":57,\"caption\":\"Gran Cursos Online\"},\"image\":{\"@id\":\"https:\/\/faculdade.grancursosonline.com.br\/blog\/#\/schema\/logo\/image\/\"},\"sameAs\":[\"https:\/\/www.facebook.com\/grancursosonline\/\",\"https:\/\/x.com\/gran_online\",\"https:\/\/www.instagram.com\/grancursosonline\/\",\"https:\/\/www.youtube.com\/user\/grancursostv\"]},{\"@type\":\"Person\",\"@id\":\"https:\/\/faculdade.grancursosonline.com.br\/blog\/#\/schema\/person\/9745f9b6db8976613c1f439dbcfe717d\",\"name\":\"Guilherme Henrique\",\"url\":\"https:\/\/faculdade.grancursosonline.com.br\/blog\/author\/guilherme-lourenco\/\"}]}<\/script>\n<!-- \/ Yoast SEO Premium plugin. -->","yoast_head_json":{"title":"Gest\u00e3o Compartilhada: o poder da colabora\u00e7\u00e3o para transformar ambientes corporativos","description":"Gest\u00e3o compartilhada transforma empresas com colabora\u00e7\u00e3o e inova\u00e7\u00e3o, criando ambientes din\u00e2micos, comunicativos e altamente produtivos.","robots":{"index":"index","follow":"follow","max-snippet":"max-snippet:-1","max-image-preview":"max-image-preview:large","max-video-preview":"max-video-preview:-1"},"canonical":"https:\/\/faculdade.grancursosonline.com.br\/blog\/gestao-compartilhada\/","og_locale":"pt_BR","og_type":"article","og_title":"Gest\u00e3o Compartilhada: o poder da colabora\u00e7\u00e3o para transformar ambientes corporativos","og_description":"Gest\u00e3o compartilhada transforma empresas com colabora\u00e7\u00e3o e inova\u00e7\u00e3o, criando ambientes din\u00e2micos, comunicativos e altamente produtivos.","og_url":"https:\/\/faculdade.grancursosonline.com.br\/blog\/gestao-compartilhada\/","og_site_name":"Blog Gran Faculdade","article_publisher":"https:\/\/www.facebook.com\/grancursosonline\/","article_published_time":"2025-04-03T14:17:00+00:00","article_modified_time":"2025-04-03T18:39:51+00:00","og_image":[{"width":511,"height":311,"url":"https:\/\/blog-es-static.infra.grancursosonline.com.br\/wp-content\/uploads\/2025\/03\/20180944\/Gestao-Compartilhada.jpg","type":"image\/jpeg"}],"author":"Guilherme Henrique","twitter_card":"summary_large_image","twitter_creator":"@gran_online","twitter_site":"@gran_online","twitter_misc":{"Written by":"Guilherme Henrique","Est. reading time":"7 minutos"},"schema":{"@context":"https:\/\/schema.org","@graph":[{"@type":"NewsArticle","@id":"https:\/\/faculdade.grancursosonline.com.br\/blog\/gestao-compartilhada\/#article","isPartOf":{"@id":"https:\/\/faculdade.grancursosonline.com.br\/blog\/gestao-compartilhada\/"},"author":{"name":"Guilherme Henrique","@id":"https:\/\/faculdade.grancursosonline.com.br\/blog\/#\/schema\/person\/9745f9b6db8976613c1f439dbcfe717d"},"headline":"Gest\u00e3o Compartilhada: o poder da colabora\u00e7\u00e3o para transformar ambientes corporativos","datePublished":"2025-04-03T14:17:00+00:00","dateModified":"2025-04-03T18:39:51+00:00","mainEntityOfPage":{"@id":"https:\/\/faculdade.grancursosonline.com.br\/blog\/gestao-compartilhada\/"},"wordCount":1136,"commentCount":0,"publisher":{"@id":"https:\/\/faculdade.grancursosonline.com.br\/blog\/#organization"},"image":{"@id":"https:\/\/faculdade.grancursosonline.com.br\/blog\/gestao-compartilhada\/#primaryimage"},"thumbnailUrl":"https:\/\/blog-es-static.infra.grancursosonline.com.br\/wp-content\/uploads\/2025\/03\/20180819\/Gestao-Compartilhada-2.jpg","articleSection":["Gradua\u00e7\u00e3o EAD","Gradua\u00e7\u00e3o Gran Faculdade","\u00daltimas Not\u00edcias"],"inLanguage":"pt-BR","potentialAction":[{"@type":"CommentAction","name":"Comment","target":["https:\/\/faculdade.grancursosonline.com.br\/blog\/gestao-compartilhada\/#respond"]}],"copyrightYear":"2025","copyrightHolder":{"@id":"https:\/\/faculdade.grancursosonline.com.br\/blog\/#organization"}},{"@type":"WebPage","@id":"https:\/\/faculdade.grancursosonline.com.br\/blog\/gestao-compartilhada\/","url":"https:\/\/faculdade.grancursosonline.com.br\/blog\/gestao-compartilhada\/","name":"Gest\u00e3o Compartilhada: o poder da colabora\u00e7\u00e3o para transformar ambientes corporativos","isPartOf":{"@id":"https:\/\/faculdade.grancursosonline.com.br\/blog\/#website"},"primaryImageOfPage":{"@id":"https:\/\/faculdade.grancursosonline.com.br\/blog\/gestao-compartilhada\/#primaryimage"},"image":{"@id":"https:\/\/faculdade.grancursosonline.com.br\/blog\/gestao-compartilhada\/#primaryimage"},"thumbnailUrl":"https:\/\/blog-es-static.infra.grancursosonline.com.br\/wp-content\/uploads\/2025\/03\/20180819\/Gestao-Compartilhada-2.jpg","datePublished":"2025-04-03T14:17:00+00:00","dateModified":"2025-04-03T18:39:51+00:00","description":"Gest\u00e3o compartilhada transforma empresas com colabora\u00e7\u00e3o e inova\u00e7\u00e3o, criando ambientes din\u00e2micos, comunicativos e altamente produtivos.","breadcrumb":{"@id":"https:\/\/faculdade.grancursosonline.com.br\/blog\/gestao-compartilhada\/#breadcrumb"},"inLanguage":"pt-BR","potentialAction":[{"@type":"ReadAction","target":["https:\/\/faculdade.grancursosonline.com.br\/blog\/gestao-compartilhada\/"]}]},{"@type":"ImageObject","inLanguage":"pt-BR","@id":"https:\/\/faculdade.grancursosonline.com.br\/blog\/gestao-compartilhada\/#primaryimage","url":"https:\/\/blog-es-static.infra.grancursosonline.com.br\/wp-content\/uploads\/2025\/03\/20180819\/Gestao-Compartilhada-2.jpg","contentUrl":"https:\/\/blog-es-static.infra.grancursosonline.com.br\/wp-content\/uploads\/2025\/03\/20180819\/Gestao-Compartilhada-2.jpg","width":1001,"height":601,"caption":"Gest\u00e3o Compartilhada: o poder da colabora\u00e7\u00e3o para transformar ambientes corporativos"},{"@type":"BreadcrumbList","@id":"https:\/\/faculdade.grancursosonline.com.br\/blog\/gestao-compartilhada\/#breadcrumb","itemListElement":[{"@type":"ListItem","position":1,"name":"In\u00edcio","item":"https:\/\/faculdade.grancursosonline.com.br\/blog\/"},{"@type":"ListItem","position":2,"name":"Gradua\u00e7\u00e3o Gran Faculdade","item":"https:\/\/faculdade.grancursosonline.com.br\/blog\/graduacao\/"},{"@type":"ListItem","position":3,"name":"Gest\u00e3o Compartilhada: o poder da colabora\u00e7\u00e3o para transformar ambientes corporativos"}]},{"@type":"WebSite","@id":"https:\/\/faculdade.grancursosonline.com.br\/blog\/#website","url":"https:\/\/faculdade.grancursosonline.com.br\/blog\/","name":"Blog Gran Faculdade","description":"Tudo sobre ensino superior, p\u00f3s-gradua\u00e7\u00e3o, enem e carreira.","publisher":{"@id":"https:\/\/faculdade.grancursosonline.com.br\/blog\/#organization"},"potentialAction":[{"@type":"SearchAction","target":{"@type":"EntryPoint","urlTemplate":"https:\/\/faculdade.grancursosonline.com.br\/blog\/?s={search_term_string}"},"query-input":{"@type":"PropertyValueSpecification","valueRequired":true,"valueName":"search_term_string"}}],"inLanguage":"pt-BR"},{"@type":"Organization","@id":"https:\/\/faculdade.grancursosonline.com.br\/blog\/#organization","name":"Gran Cursos Online","url":"https:\/\/faculdade.grancursosonline.com.br\/blog\/","logo":{"@type":"ImageObject","inLanguage":"pt-BR","@id":"https:\/\/faculdade.grancursosonline.com.br\/blog\/#\/schema\/logo\/image\/","url":"https:\/\/blog-es-static.infra.grancursosonline.com.br\/wp-content\/uploads\/2019\/08\/03123934\/logo.png","contentUrl":"https:\/\/blog-es-static.infra.grancursosonline.com.br\/wp-content\/uploads\/2019\/08\/03123934\/logo.png","width":300,"height":57,"caption":"Gran Cursos Online"},"image":{"@id":"https:\/\/faculdade.grancursosonline.com.br\/blog\/#\/schema\/logo\/image\/"},"sameAs":["https:\/\/www.facebook.com\/grancursosonline\/","https:\/\/x.com\/gran_online","https:\/\/www.instagram.com\/grancursosonline\/","https:\/\/www.youtube.com\/user\/grancursostv"]},{"@type":"Person","@id":"https:\/\/faculdade.grancursosonline.com.br\/blog\/#\/schema\/person\/9745f9b6db8976613c1f439dbcfe717d","name":"Guilherme Henrique","url":"https:\/\/faculdade.grancursosonline.com.br\/blog\/author\/guilherme-lourenco\/"}]}},"_links":{"self":[{"href":"https:\/\/faculdade.grancursosonline.com.br\/blog\/wp-json\/wp\/v2\/posts\/79752545","targetHints":{"allow":["GET"]}}],"collection":[{"href":"https:\/\/faculdade.grancursosonline.com.br\/blog\/wp-json\/wp\/v2\/posts"}],"about":[{"href":"https:\/\/faculdade.grancursosonline.com.br\/blog\/wp-json\/wp\/v2\/types\/post"}],"author":[{"embeddable":true,"href":"https:\/\/faculdade.grancursosonline.com.br\/blog\/wp-json\/wp\/v2\/users\/514"}],"replies":[{"embeddable":true,"href":"https:\/\/faculdade.grancursosonline.com.br\/blog\/wp-json\/wp\/v2\/comments?post=79752545"}],"version-history":[{"count":4,"href":"https:\/\/faculdade.grancursosonline.com.br\/blog\/wp-json\/wp\/v2\/posts\/79752545\/revisions"}],"predecessor-version":[{"id":79752878,"href":"https:\/\/faculdade.grancursosonline.com.br\/blog\/wp-json\/wp\/v2\/posts\/79752545\/revisions\/79752878"}],"wp:featuredmedia":[{"embeddable":true,"href":"https:\/\/faculdade.grancursosonline.com.br\/blog\/wp-json\/wp\/v2\/media\/79752546"}],"wp:attachment":[{"href":"https:\/\/faculdade.grancursosonline.com.br\/blog\/wp-json\/wp\/v2\/media?parent=79752545"}],"wp:term":[{"taxonomy":"category","embeddable":true,"href":"https:\/\/faculdade.grancursosonline.com.br\/blog\/wp-json\/wp\/v2\/categories?post=79752545"},{"taxonomy":"post_tag","embeddable":true,"href":"https:\/\/faculdade.grancursosonline.com.br\/blog\/wp-json\/wp\/v2\/tags?post=79752545"}],"curies":[{"name":"wp","href":"https:\/\/api.w.org\/{rel}","templated":true}]}}