{"id":79752667,"date":"2025-03-26T17:17:32","date_gmt":"2025-03-26T20:17:32","guid":{"rendered":"https:\/\/faculdade.grancursosonline.com.br\/blog\/?p=79752667"},"modified":"2025-05-08T17:37:47","modified_gmt":"2025-05-08T20:37:47","slug":"depoimento-cristiane-rodrigues-gran-faculdade","status":"publish","type":"post","link":"https:\/\/faculdade.grancursosonline.com.br\/blog\/depoimento-cristiane-rodrigues-gran-faculdade\/","title":{"rendered":"Cristiane Rodrigues \u00e9 aluna da Gran Faculdade: conhe\u00e7a sua hist\u00f3ria!"},"content":{"rendered":"\n<p>Dar in\u00edcio a uma nova fase acad\u00eamica \u00e9 como tra\u00e7ar um caminho desconhecido \u2013 exige coragem, determina\u00e7\u00e3o e, principalmente, o apoio certo para seguir em frente. Para quem busca crescimento profissional, escolher uma institui\u00e7\u00e3o comprometida com o aprendizado faz toda a diferen\u00e7a nessa jornada.<\/p>\n\n\n\n<p>Hoje vamos compartilhar a hist\u00f3ria de Cristiane Rodrigues, estudante de <a href=\"https:\/\/faculdade.grancursosonline.com.br\/curso\/gestao-publica\/\" target=\"_blank\" rel=\"noreferrer noopener\">Gest\u00e3o P\u00fablica<\/a>, que encontrou na <a href=\"https:\/\/faculdade.grancursosonline.com.br\/\" target=\"_blank\" rel=\"noreferrer noopener\">Gran Faculdade<\/a> a motiva\u00e7\u00e3o e o suporte necess\u00e1rios para transformar sua trajet\u00f3ria. Um dos grandes fatores que a fez tomar essa decis\u00e3o foi o professor Aragon\u00ea Fernandes, cuja simplicidade e ensinamentos mostraram que nenhuma dificuldade \u00e9 grande o suficiente para impedir a conquista de um sonho.<\/p>\n\n\n\n<p>Quer saber mais sobre a jornada da Cristiane e como a Gran Faculdade tem sido fundamental em sua forma\u00e7\u00e3o? Confira seu depoimento e inspire-se com essa hist\u00f3ria de supera\u00e7\u00e3o e determina\u00e7\u00e3o!<\/p>\n\n\n\n<div class=\"wp-block-columns is-layout-flex wp-container-core-columns-is-layout-9d6595d7 wp-block-columns-is-layout-flex\">\n<div class=\"wp-block-column is-layout-flow wp-block-column-is-layout-flow\" style=\"flex-basis:100%\"><div class=\"wp-block-image\">\n<figure class=\"aligncenter size-full\"><a href=\"https:\/\/whatsapp.com\/channel\/0029VaG1sChI7Be7PNndhL43\" target=\"_blank\" rel=\"noopener\"><img decoding=\"async\" src=\"https:\/\/blog-es-static.infra.grancursosonline.com.br\/wp-content\/uploads\/2025\/09\/09112354\/banner-wp-600x142-80.webp\" alt=\"Acesse o canal do WhatsApp da Gran Faculdade\" class=\"wp-image-79751904\"\/><\/a><\/figure>\n<\/div><\/div>\n<\/div>\n\n\n\n<p>Acompanhe o conte\u00fado na \u00edntegra, ou navegue pelo \u00edndice se preferir:<\/p>\n\n\n\n<ul class=\"wp-block-list\">\n<li><a href=\"#h-quem-e-cristiane-rodrigues\">Quem \u00e9 Cristiane Rodrigues?<\/a><\/li>\n\n\n\n<li><a href=\"#h-depoimento-da-aluna\">Depoimento da aluna<\/a><\/li>\n\n\n\n<li><a href=\"#h-como-e-o-curso-de-gestao-publica-da-gran-faculdade\">Como \u00e9 o curso de Gest\u00e3o P\u00fablica da Gran Faculdade?<\/a><\/li>\n<\/ul>\n\n\n\n<h2 class=\"wp-block-heading\" id=\"h-quem-e-cristiane-rodrigues\"><strong>Quem \u00e9 Cristiane Rodrigues?<\/strong><br><\/h2>\n\n\n\n<p>Cristiane Rodrigues \u00e9 moradora do Rio de Janeiro, m\u00e3e de dois filhos, tem 35 anos e cursa Gest\u00e3o P\u00fablica pela Gran Faculdade. A aluna destaca a import\u00e2ncia do Professor Aragon\u00ea em sua jornada, atrav\u00e9s dele, Cristiane enxergou que n\u00e3o importava o tamanho das dificuldades, ela podia sim vencer!<\/p>\n\n\n\n<p>Confira o depoimento de Cristiane e como tem sido a jornada dela:<\/p>\n\n\n\n<h2 class=\"wp-block-heading\" id=\"h-depoimento-da-aluna\"><strong>Depoimento da aluna<\/strong><br><\/h2>\n\n\n\n<p>Cristiane gosta de trabalhar diretamente com pessoas, e a escolha dela por atuar na \u00e1rea de Gest\u00e3o P\u00fablica passa muito por isso:<br><\/p>\n\n\n\n<h3 class=\"wp-block-heading\" id=\"h-por-que-voce-escolheu-essa-area-de-trabalho\"><strong>Por que voc\u00ea escolheu essa \u00e1rea de trabalho?<\/strong><br><\/h3>\n\n\n\n<blockquote class=\"wp-block-quote is-layout-flow wp-block-quote-is-layout-flow\">\n<p><em>Gosto de trabalhar com pessoas e lidar com a gest\u00e3o p\u00fablica \u00e9 algo que me motiva muito<\/em>.<br><\/p>\n<\/blockquote>\n\n\n\n<p>Enquanto aluna da Gran Faculdade, Cristiane destaca a intera\u00e7\u00e3o entre os alunos e a praticidade de estudar em qualquer lugar, como algo que agrega bastante no seu aprendizado:<br><\/p>\n\n\n\n<h3 class=\"wp-block-heading\" id=\"h-o-que-voce-mais-gosta-como-aluno-da-gran-faculdade\"><strong>O que voc\u00ea mais gosta como aluno da Gran Faculdade?<\/strong><br><\/h3>\n\n\n\n<blockquote class=\"wp-block-quote is-layout-flow wp-block-quote-is-layout-flow\">\n<p><em>Gosto da praticidade de estudar em qualquer hor\u00e1rio e ambiente e na intera\u00e7\u00e3o entre os alunos o que na minha perspectiva agrega muito o aprendizado.<\/em><\/p>\n<\/blockquote>\n\n\n\n<p>A Aluna destaca ainda a esperan\u00e7a que tem ao cursar Gest\u00e3o P\u00fablica:<br><\/p>\n\n\n\n<h3 class=\"wp-block-heading\" id=\"h-como-esta-sendo-o-desenvolvimento-da-sua-carreira-voce-se-sente-esperancoso-com-a-graduacao-e-como-ela-podera-ampliar-o-seu-crescimento-profissional\"><strong>Como est\u00e1 sendo o desenvolvimento da sua carreira? Voc\u00ea se sente esperan\u00e7oso com a Gradua\u00e7\u00e3o e como ela poder\u00e1 ampliar o seu crescimento profissional?<\/strong><\/h3>\n\n\n\n<blockquote class=\"wp-block-quote is-layout-flow wp-block-quote-is-layout-flow\">\n<p><em>Sim, vejo que a minha \u00e1rea de atua\u00e7\u00e3o abrange v\u00e1rias outras \u00e1reas me dando assim um leque infinito para atuar.<\/em><br><\/p>\n<\/blockquote>\n\n\n\n<p>Cristiane busca a estabilidade financeira atrav\u00e9s dos estudos, e luta dia ap\u00f3s dia contra o preconceito:<\/p>\n\n\n\n<h2 class=\"wp-block-heading\" id=\"h-agora-conte-um-pouco-sobre-a-sua-historia-fale-sobre-o-seu-dia-a-dia-como-voce-organiza-a-sua-rotina-de-estudos-e-como-voce-avalia-o-seu-desenvolvimento\"><strong>Agora, conte um pouco sobre a sua hist\u00f3ria. Fale sobre o seu dia a dia, como voc\u00ea organiza a sua rotina de estudos e como voc\u00ea avalia o seu desenvolvimento.<\/strong><br><\/h2>\n\n\n\n<blockquote class=\"wp-block-quote is-layout-flow wp-block-quote-is-layout-flow\">\n<p><em>Assim como muitas mulheres no mundo, sou pai e m\u00e3e e procuro o meu crescimento profissional para assim conseguir finalmente a minha sonhada estabilidade financeira.&nbsp;<\/em><\/p>\n\n\n\n<p><em>Muitas vezes fui desvalorizada por ser negra, por ser mulher e acredite se quiser por ser m\u00e3e solteira, sempre gostei de leis e sempre busquei mesmo de forma solit\u00e1ria aprender e quando conheci o Gran vi a oportunidade que sempre procurei, quero que a minha filha tenha as oportunidades de estudos que meus pais me deram e principalmente que ela possa se orgulhar da sua trajet\u00f3ria e principalmente das suas conquistas como mulher, como ser humano e mostrar pra nossa sociedade que n\u00e3o importa a cor da sua pele, da sua condi\u00e7\u00e3o social e biol\u00f3gica todos temos direitos, esses mesmos direitos que est\u00e3o garantidos por lei na CF\/88 no artigo 5 e que devem sim ser respeitados.&nbsp;<\/em><\/p>\n\n\n\n<p><em>Quero que as oportunidades sejam iguais, que homens e mulheres sejam tratados no mesmo patamar e que principalmente que a m\u00e3e solo seja respeitada, pois n\u00f3s desempenhamos dois pap\u00e9is, al\u00e9m de trabalhar, estudar e arcar com toda a responsabilidade e press\u00e3o que a sociedade nos imp\u00f5e.<\/em><\/p>\n<\/blockquote>\n\n\n\n<h3 class=\"wp-block-heading\" id=\"h-como-e-o-curso-de-gestao-publica-da-gran-faculdade\"><strong>Como \u00e9 o curso de Gest\u00e3o P\u00fablica da Gran Faculdade?<\/strong><br><\/h3>\n\n\n\n<p>O curso de <a href=\"https:\/\/faculdade.grancursosonline.com.br\/curso\/gestao-publica\/\" target=\"_blank\" rel=\"noreferrer noopener\">Gest\u00e3o P\u00fablica da Gran Faculdade<\/a> tem dura\u00e7\u00e3o de 4 semestres e tem como objetivo formar gestores competentes, tanto do ponto de vista \u00e9tico quanto t\u00e9cnico, aptos a gerir projetos p\u00fablicos estatais e n\u00e3o estatais, a partir da defini\u00e7\u00e3o e da execu\u00e7\u00e3o de t\u00e9cnicas e estrat\u00e9gias.<\/p>\n\n\n\n<p>O curso de Gest\u00e3o P\u00fablica \u00e9 perfeito para quem deseja contribuir para o bem-estar da sociedade e promover mudan\u00e7as positivas. Afinal, o papel do gestor p\u00fablico \u00e9 fundamental para impulsionar o desenvolvimento social e econ\u00f4mico, por meio da cria\u00e7\u00e3o e implementa\u00e7\u00e3o de pol\u00edticas e estrat\u00e9gias eficientes.<\/p>\n\n\n\n<p>Que tal inspirar-se na trajet\u00f3ria de Cristiane Rodrigues e dar o primeiro passo na carreira em Gest\u00e3o P\u00fablica? N\u00e3o fique de fora e aproveite os cupons de desconto da Gran Faculdade. Os valores s\u00e3o os mesmos por todo o curso!<\/p>\n\n\n\n<div class=\"wp-block-group\"><div class=\"wp-block-group__inner-container is-layout-constrained wp-block-group-is-layout-constrained\">\n<h3 class=\"wp-block-heading\" id=\"h-cupons-de-desconto-graduacao-ead\">Cupons de desconto Gradua\u00e7\u00e3o EAD<\/h3>\n\n\n\n<p>Confira os descontos abaixo e selecione a op\u00e7\u00e3o que melhor se encaixa para voc\u00ea (<strong>valores v\u00e1lidos at\u00e9 o preenchimento das vagas<\/strong> <strong>dispon\u00edveis<\/strong>, os valores para sua matr\u00edcula ser\u00e3o os exibidos no site de compra na hora de fazer sua matr\u00edcula):<\/p>\n\n\n\n<figure class=\"wp-block-table\"><div class=\"container-tabela\"><table><tbody><tr><td>Categoria<\/td><td>Valor mensal<\/td><td>Cupom<\/td><\/tr><tr><td>Gradua\u00e7\u00e3o Social + Mulher<\/td><td>a partir de 12x de <strong><strong><strong><strong>R$ 89,90<\/strong><\/strong><\/strong><\/strong> <\/td><td>GRADSOCIALGRAN<\/td><\/tr><tr><td>Gradua\u00e7\u00e3o Alunos e Ex-alunos Gran<\/td><td>a partir de 12x de <strong><strong><strong><strong>R$ 89,90<\/strong><\/strong><\/strong><\/strong> <\/td><td>GRADALUNOGRAN<\/td><\/tr><tr><td>Gradua\u00e7\u00e3o Novos Alunos<\/td><td>a partir de 12x de <strong><strong><strong><strong>R$ 99,90<\/strong><\/strong><\/strong><\/strong><\/td><td>NOVOGRADGRAN<\/td><\/tr><\/tbody><\/table><\/div><\/figure>\n\n\n\n<p>Al\u00e9m disso, voc\u00ea pode obter 5% de desconto fazendo o pagamento \u00e0 vista!<\/p>\n\n\n\n<p class=\"has-text-align-center\"><strong><a href=\"https:\/\/faculdade.grancursosonline.com.br\/\" target=\"_blank\" rel=\"noopener\">Garanta sua matr\u00edcula com desconto!<\/a><\/strong><\/p>\n<\/div><\/div>\n\n\n\n<div class=\"wp-block-group has-background\" style=\"background-color:#8dd2fc7a\"><div class=\"wp-block-group__inner-container is-layout-constrained wp-block-group-is-layout-constrained\">\n<p><strong>Outras not\u00edcias em destaque:<\/strong><\/p>\n\n\n\n<ul class=\"wp-block-list\">\n<li><a href=\"https:\/\/faculdade.grancursosonline.com.br\/blog\/depoimento-aluna-talita-vitoria\/\" target=\"_blank\" rel=\"noreferrer noopener\">Conhe\u00e7a Talita Vit\u00f3ria, aluna de Engenharia de Software da Gran Faculdade<\/a><\/li>\n\n\n\n<li><a href=\"https:\/\/faculdade.grancursosonline.com.br\/blog\/depoimento-aluno-george-frederico\/\" target=\"_blank\" rel=\"noreferrer noopener\">Conhe\u00e7a George Frederico, aluno de Ci\u00eancias Cont\u00e1beis da Gran Faculdade<\/a><\/li>\n\n\n\n<li><a href=\"https:\/\/faculdade.grancursosonline.com.br\/blog\/depoimento-aluna-tatiana-de-jesus\/\" target=\"_blank\" rel=\"noreferrer noopener\">Depoimento de aluna da Gran Faculdade: Tatiana de Jesus<\/a><\/li>\n<\/ul>\n<\/div><\/div>\n\n\n\n<div class=\"wp-block-group\"><div class=\"wp-block-group__inner-container is-layout-constrained wp-block-group-is-layout-constrained\">\n<div class=\"wp-block-group\"><div class=\"wp-block-group__inner-container is-layout-constrained wp-block-group-is-layout-constrained\">\n<section style=\"text-align: center;\">\n<p>Quer ficar por dentro da Faculdade Digital mais inovadora do Brasil?<\/p>\n<nav>\n<p class=\"has-background has-dark-bluish-background-color\" style=\"font-size: 25px; text-align: center; background: #f0f0f0; color: #ffffff; padding: 4px 0px 4xp 0px;\"><a style=\"color: #0d134c; text-decoration: underline;\" href=\"https:\/\/faculdade.grancursosonline.com.br\/\" target=\"_blank\" rel=\"noopener\">GRADUA\u00c7\u00c3O<\/a><\/p>\n<p class=\"has-background has-dark-bluish-background-color\" style=\"font-size: 25px; text-align: center; background: #f0f0f0; color: #ffffff; padding: 4px 0px 4xp 0px;\"><a style=\"color: #0d134c; text-decoration: underline;\" href=\"https:\/\/pos.grancursosonline.com.br\/\" target=\"_blank\" rel=\"noopener\">P\u00d3S-GRADUA\u00c7\u00c3O<\/a><\/p>\n<p class=\"has-background has-dark-bluish-background-color\" style=\"font-size: 25px; text-align: center; background: #f0f0f0; color: #ffffff; padding: 4px 0px 4xp 0px;\"><a style=\"color: #0d134c; text-decoration: underline;\" href=\"https:\/\/faculdade.grancursosonline.com.br\/nossos-cursos\/\" target=\"_blank\" rel=\"noopener\">TUDO SOBRE A GRAN FACULDADE<\/a><\/p>\n<\/nav>\n<p><strong>Receba <span style=\"color: #cf1e25;\">gratuitamente<\/span> no seu celular as principais not\u00edcias sobre a Gran Faculdade! <br \/>Clique no link abaixo e inscreva-se:<\/strong><\/p>\n<p class=\"has-background has-dark-bluish-background-color\" style=\"font-size: 25px; text-align: center; background: #f0f0f0; color: #ffffff; padding: 4px 0px 4xp 0px;\"><a style=\"color: #0d134c; text-decoration: underline;\" href=\"https:\/\/whatsapp.com\/channel\/0029VaG1sChI7Be7PNndhL43\" target=\"_blank\" rel=\"noopener noreferrer\">WHATSAPP<\/a><\/p>\n<p class=\"has-background has-dark-bluish-background-color\" style=\"font-size: 25px; text-align: center; background: #f0f0f0; color: #ffffff; padding: 4px 0px 4xp 0px;\"><a style=\"color: #0d134c; text-decoration: underline;\" href=\"https:\/\/t.me\/GranFaculdade\" target=\"_blank\" rel=\"noopener noreferrer\">TELEGRAM<\/a><\/p>\n<\/section>\n<\/div><\/div>\n<\/div><\/div>\n\n\n\n<p><br><\/p>\n\n\n\n<p><br><\/p>\n","protected":false},"excerpt":{"rendered":"<p>Dar in\u00edcio a uma nova fase acad\u00eamica \u00e9 como tra\u00e7ar um caminho desconhecido \u2013 exige coragem, determina\u00e7\u00e3o e, principalmente, o apoio certo para seguir em frente. Para quem busca crescimento profissional, escolher uma institui\u00e7\u00e3o comprometida com o aprendizado faz toda a diferen\u00e7a nessa jornada. Hoje vamos compartilhar a hist\u00f3ria de Cristiane Rodrigues, estudante de Gest\u00e3o&hellip;<\/p>\n","protected":false},"author":514,"featured_media":79752668,"comment_status":"open","ping_status":"open","sticky":false,"template":"","format":"standard","meta":{"_acf_changed":false,"content-type":"","footnotes":""},"categories":[220347,2],"tags":[],"class_list":["post-79752667","post","type-post","status-publish","format-standard","has-post-thumbnail","hentry","category-depoimentos","category-ultimas-noticias"],"acf":[],"yoast_head":"<!-- This site is optimized with the Yoast SEO Premium plugin v27.2 (Yoast SEO v27.2) - https:\/\/yoast.com\/product\/yoast-seo-premium-wordpress\/ -->\n<title>Cristiane Rodrigues \u00e9 aluna da Gran Faculdade: conhe\u00e7a sua hist\u00f3ria!<\/title>\n<meta name=\"description\" content=\"Cristiane Rodrigues encontrou na Gran Faculdade motiva\u00e7\u00e3o e apoio para superar desafios e construir uma carreira promissora!\" \/>\n<meta name=\"robots\" content=\"index, follow, max-snippet:-1, max-image-preview:large, max-video-preview:-1\" \/>\n<link rel=\"canonical\" href=\"https:\/\/faculdade.grancursosonline.com.br\/blog\/depoimento-cristiane-rodrigues-gran-faculdade\/\" \/>\n<meta property=\"og:locale\" content=\"pt_BR\" \/>\n<meta property=\"og:type\" content=\"article\" \/>\n<meta property=\"og:title\" content=\"Cristiane Rodrigues \u00e9 aluna da Gran Faculdade: conhe\u00e7a sua hist\u00f3ria!\" \/>\n<meta property=\"og:description\" content=\"Cristiane Rodrigues encontrou na Gran Faculdade motiva\u00e7\u00e3o e apoio para superar desafios e construir uma carreira promissora!\" \/>\n<meta property=\"og:url\" content=\"https:\/\/faculdade.grancursosonline.com.br\/blog\/depoimento-cristiane-rodrigues-gran-faculdade\/\" \/>\n<meta property=\"og:site_name\" content=\"Blog Gran Faculdade\" \/>\n<meta property=\"article:publisher\" content=\"https:\/\/www.facebook.com\/grancursosonline\/\" \/>\n<meta property=\"article:published_time\" content=\"2025-03-26T20:17:32+00:00\" \/>\n<meta property=\"article:modified_time\" content=\"2025-05-08T20:37:47+00:00\" \/>\n<meta property=\"og:image\" content=\"https:\/\/blog-es-static.infra.grancursosonline.com.br\/wp-content\/uploads\/2025\/03\/26171521\/depoimento-Cristiane-Rodrigues.jpg\" \/>\n\t<meta property=\"og:image:width\" content=\"511\" \/>\n\t<meta property=\"og:image:height\" content=\"311\" \/>\n\t<meta property=\"og:image:type\" content=\"image\/jpeg\" \/>\n<meta name=\"author\" content=\"Guilherme Henrique\" \/>\n<meta name=\"twitter:card\" content=\"summary_large_image\" \/>\n<meta name=\"twitter:creator\" content=\"@gran_online\" \/>\n<meta name=\"twitter:site\" content=\"@gran_online\" \/>\n<meta name=\"twitter:label1\" content=\"Written by\" \/>\n\t<meta name=\"twitter:data1\" content=\"Guilherme Henrique\" \/>\n\t<meta name=\"twitter:label2\" content=\"Est. reading time\" \/>\n\t<meta name=\"twitter:data2\" content=\"13 minutos\" \/>\n<script type=\"application\/ld+json\" class=\"yoast-schema-graph\">{\"@context\":\"https:\/\/schema.org\",\"@graph\":[{\"@type\":\"NewsArticle\",\"@id\":\"https:\/\/faculdade.grancursosonline.com.br\/blog\/depoimento-cristiane-rodrigues-gran-faculdade\/#article\",\"isPartOf\":{\"@id\":\"https:\/\/faculdade.grancursosonline.com.br\/blog\/depoimento-cristiane-rodrigues-gran-faculdade\/\"},\"author\":{\"name\":\"Guilherme Henrique\",\"@id\":\"https:\/\/faculdade.grancursosonline.com.br\/blog\/#\/schema\/person\/9745f9b6db8976613c1f439dbcfe717d\"},\"headline\":\"Cristiane Rodrigues \u00e9 aluna da Gran Faculdade: conhe\u00e7a sua hist\u00f3ria!\",\"datePublished\":\"2025-03-26T20:17:32+00:00\",\"dateModified\":\"2025-05-08T20:37:47+00:00\",\"mainEntityOfPage\":{\"@id\":\"https:\/\/faculdade.grancursosonline.com.br\/blog\/depoimento-cristiane-rodrigues-gran-faculdade\/\"},\"wordCount\":897,\"commentCount\":0,\"publisher\":{\"@id\":\"https:\/\/faculdade.grancursosonline.com.br\/blog\/#organization\"},\"image\":{\"@id\":\"https:\/\/faculdade.grancursosonline.com.br\/blog\/depoimento-cristiane-rodrigues-gran-faculdade\/#primaryimage\"},\"thumbnailUrl\":\"https:\/\/blog-es-static.infra.grancursosonline.com.br\/wp-content\/uploads\/2025\/03\/26171347\/depoimento-Cristiane-Rodrigues-2.jpg\",\"articleSection\":[\"Eu Sou Gran\",\"\u00daltimas Not\u00edcias\"],\"inLanguage\":\"pt-BR\",\"potentialAction\":[{\"@type\":\"CommentAction\",\"name\":\"Comment\",\"target\":[\"https:\/\/faculdade.grancursosonline.com.br\/blog\/depoimento-cristiane-rodrigues-gran-faculdade\/#respond\"]}],\"copyrightYear\":\"2025\",\"copyrightHolder\":{\"@id\":\"https:\/\/faculdade.grancursosonline.com.br\/blog\/#organization\"}},{\"@type\":\"WebPage\",\"@id\":\"https:\/\/faculdade.grancursosonline.com.br\/blog\/depoimento-cristiane-rodrigues-gran-faculdade\/\",\"url\":\"https:\/\/faculdade.grancursosonline.com.br\/blog\/depoimento-cristiane-rodrigues-gran-faculdade\/\",\"name\":\"Cristiane Rodrigues \u00e9 aluna da Gran Faculdade: conhe\u00e7a sua hist\u00f3ria!\",\"isPartOf\":{\"@id\":\"https:\/\/faculdade.grancursosonline.com.br\/blog\/#website\"},\"primaryImageOfPage\":{\"@id\":\"https:\/\/faculdade.grancursosonline.com.br\/blog\/depoimento-cristiane-rodrigues-gran-faculdade\/#primaryimage\"},\"image\":{\"@id\":\"https:\/\/faculdade.grancursosonline.com.br\/blog\/depoimento-cristiane-rodrigues-gran-faculdade\/#primaryimage\"},\"thumbnailUrl\":\"https:\/\/blog-es-static.infra.grancursosonline.com.br\/wp-content\/uploads\/2025\/03\/26171347\/depoimento-Cristiane-Rodrigues-2.jpg\",\"datePublished\":\"2025-03-26T20:17:32+00:00\",\"dateModified\":\"2025-05-08T20:37:47+00:00\",\"description\":\"Cristiane Rodrigues encontrou na Gran Faculdade motiva\u00e7\u00e3o e apoio para superar desafios e construir uma carreira promissora!\",\"breadcrumb\":{\"@id\":\"https:\/\/faculdade.grancursosonline.com.br\/blog\/depoimento-cristiane-rodrigues-gran-faculdade\/#breadcrumb\"},\"inLanguage\":\"pt-BR\",\"potentialAction\":[{\"@type\":\"ReadAction\",\"target\":[\"https:\/\/faculdade.grancursosonline.com.br\/blog\/depoimento-cristiane-rodrigues-gran-faculdade\/\"]}]},{\"@type\":\"ImageObject\",\"inLanguage\":\"pt-BR\",\"@id\":\"https:\/\/faculdade.grancursosonline.com.br\/blog\/depoimento-cristiane-rodrigues-gran-faculdade\/#primaryimage\",\"url\":\"https:\/\/blog-es-static.infra.grancursosonline.com.br\/wp-content\/uploads\/2025\/03\/26171347\/depoimento-Cristiane-Rodrigues-2.jpg\",\"contentUrl\":\"https:\/\/blog-es-static.infra.grancursosonline.com.br\/wp-content\/uploads\/2025\/03\/26171347\/depoimento-Cristiane-Rodrigues-2.jpg\",\"width\":1001,\"height\":601,\"caption\":\"Cristiane Rodrigues \u00e9 aluna da Gran Faculdade: conhe\u00e7a sua hist\u00f3ria!\"},{\"@type\":\"BreadcrumbList\",\"@id\":\"https:\/\/faculdade.grancursosonline.com.br\/blog\/depoimento-cristiane-rodrigues-gran-faculdade\/#breadcrumb\",\"itemListElement\":[{\"@type\":\"ListItem\",\"position\":1,\"name\":\"In\u00edcio\",\"item\":\"https:\/\/faculdade.grancursosonline.com.br\/blog\/\"},{\"@type\":\"ListItem\",\"position\":2,\"name\":\"Eu Sou Gran\",\"item\":\"https:\/\/faculdade.grancursosonline.com.br\/blog\/depoimentos\/\"},{\"@type\":\"ListItem\",\"position\":3,\"name\":\"Cristiane Rodrigues \u00e9 aluna da Gran Faculdade: conhe\u00e7a sua hist\u00f3ria!\"}]},{\"@type\":\"WebSite\",\"@id\":\"https:\/\/faculdade.grancursosonline.com.br\/blog\/#website\",\"url\":\"https:\/\/faculdade.grancursosonline.com.br\/blog\/\",\"name\":\"Blog Gran Faculdade\",\"description\":\"Tudo sobre ensino superior, p\u00f3s-gradua\u00e7\u00e3o, enem e carreira.\",\"publisher\":{\"@id\":\"https:\/\/faculdade.grancursosonline.com.br\/blog\/#organization\"},\"potentialAction\":[{\"@type\":\"SearchAction\",\"target\":{\"@type\":\"EntryPoint\",\"urlTemplate\":\"https:\/\/faculdade.grancursosonline.com.br\/blog\/?s={search_term_string}\"},\"query-input\":{\"@type\":\"PropertyValueSpecification\",\"valueRequired\":true,\"valueName\":\"search_term_string\"}}],\"inLanguage\":\"pt-BR\"},{\"@type\":\"Organization\",\"@id\":\"https:\/\/faculdade.grancursosonline.com.br\/blog\/#organization\",\"name\":\"Gran Cursos Online\",\"url\":\"https:\/\/faculdade.grancursosonline.com.br\/blog\/\",\"logo\":{\"@type\":\"ImageObject\",\"inLanguage\":\"pt-BR\",\"@id\":\"https:\/\/faculdade.grancursosonline.com.br\/blog\/#\/schema\/logo\/image\/\",\"url\":\"https:\/\/blog-es-static.infra.grancursosonline.com.br\/wp-content\/uploads\/2019\/08\/03123934\/logo.png\",\"contentUrl\":\"https:\/\/blog-es-static.infra.grancursosonline.com.br\/wp-content\/uploads\/2019\/08\/03123934\/logo.png\",\"width\":300,\"height\":57,\"caption\":\"Gran Cursos Online\"},\"image\":{\"@id\":\"https:\/\/faculdade.grancursosonline.com.br\/blog\/#\/schema\/logo\/image\/\"},\"sameAs\":[\"https:\/\/www.facebook.com\/grancursosonline\/\",\"https:\/\/x.com\/gran_online\",\"https:\/\/www.instagram.com\/grancursosonline\/\",\"https:\/\/www.youtube.com\/user\/grancursostv\"]},{\"@type\":\"Person\",\"@id\":\"https:\/\/faculdade.grancursosonline.com.br\/blog\/#\/schema\/person\/9745f9b6db8976613c1f439dbcfe717d\",\"name\":\"Guilherme Henrique\",\"url\":\"https:\/\/faculdade.grancursosonline.com.br\/blog\/author\/guilherme-lourenco\/\"}]}<\/script>\n<!-- \/ Yoast SEO Premium plugin. -->","yoast_head_json":{"title":"Cristiane Rodrigues \u00e9 aluna da Gran Faculdade: conhe\u00e7a sua hist\u00f3ria!","description":"Cristiane Rodrigues encontrou na Gran Faculdade motiva\u00e7\u00e3o e apoio para superar desafios e construir uma carreira promissora!","robots":{"index":"index","follow":"follow","max-snippet":"max-snippet:-1","max-image-preview":"max-image-preview:large","max-video-preview":"max-video-preview:-1"},"canonical":"https:\/\/faculdade.grancursosonline.com.br\/blog\/depoimento-cristiane-rodrigues-gran-faculdade\/","og_locale":"pt_BR","og_type":"article","og_title":"Cristiane Rodrigues \u00e9 aluna da Gran Faculdade: conhe\u00e7a sua hist\u00f3ria!","og_description":"Cristiane Rodrigues encontrou na Gran Faculdade motiva\u00e7\u00e3o e apoio para superar desafios e construir uma carreira promissora!","og_url":"https:\/\/faculdade.grancursosonline.com.br\/blog\/depoimento-cristiane-rodrigues-gran-faculdade\/","og_site_name":"Blog Gran Faculdade","article_publisher":"https:\/\/www.facebook.com\/grancursosonline\/","article_published_time":"2025-03-26T20:17:32+00:00","article_modified_time":"2025-05-08T20:37:47+00:00","og_image":[{"width":511,"height":311,"url":"https:\/\/blog-es-static.infra.grancursosonline.com.br\/wp-content\/uploads\/2025\/03\/26171521\/depoimento-Cristiane-Rodrigues.jpg","type":"image\/jpeg"}],"author":"Guilherme Henrique","twitter_card":"summary_large_image","twitter_creator":"@gran_online","twitter_site":"@gran_online","twitter_misc":{"Written by":"Guilherme Henrique","Est. reading time":"13 minutos"},"schema":{"@context":"https:\/\/schema.org","@graph":[{"@type":"NewsArticle","@id":"https:\/\/faculdade.grancursosonline.com.br\/blog\/depoimento-cristiane-rodrigues-gran-faculdade\/#article","isPartOf":{"@id":"https:\/\/faculdade.grancursosonline.com.br\/blog\/depoimento-cristiane-rodrigues-gran-faculdade\/"},"author":{"name":"Guilherme Henrique","@id":"https:\/\/faculdade.grancursosonline.com.br\/blog\/#\/schema\/person\/9745f9b6db8976613c1f439dbcfe717d"},"headline":"Cristiane Rodrigues \u00e9 aluna da Gran Faculdade: conhe\u00e7a sua hist\u00f3ria!","datePublished":"2025-03-26T20:17:32+00:00","dateModified":"2025-05-08T20:37:47+00:00","mainEntityOfPage":{"@id":"https:\/\/faculdade.grancursosonline.com.br\/blog\/depoimento-cristiane-rodrigues-gran-faculdade\/"},"wordCount":897,"commentCount":0,"publisher":{"@id":"https:\/\/faculdade.grancursosonline.com.br\/blog\/#organization"},"image":{"@id":"https:\/\/faculdade.grancursosonline.com.br\/blog\/depoimento-cristiane-rodrigues-gran-faculdade\/#primaryimage"},"thumbnailUrl":"https:\/\/blog-es-static.infra.grancursosonline.com.br\/wp-content\/uploads\/2025\/03\/26171347\/depoimento-Cristiane-Rodrigues-2.jpg","articleSection":["Eu Sou Gran","\u00daltimas Not\u00edcias"],"inLanguage":"pt-BR","potentialAction":[{"@type":"CommentAction","name":"Comment","target":["https:\/\/faculdade.grancursosonline.com.br\/blog\/depoimento-cristiane-rodrigues-gran-faculdade\/#respond"]}],"copyrightYear":"2025","copyrightHolder":{"@id":"https:\/\/faculdade.grancursosonline.com.br\/blog\/#organization"}},{"@type":"WebPage","@id":"https:\/\/faculdade.grancursosonline.com.br\/blog\/depoimento-cristiane-rodrigues-gran-faculdade\/","url":"https:\/\/faculdade.grancursosonline.com.br\/blog\/depoimento-cristiane-rodrigues-gran-faculdade\/","name":"Cristiane Rodrigues \u00e9 aluna da Gran Faculdade: conhe\u00e7a sua hist\u00f3ria!","isPartOf":{"@id":"https:\/\/faculdade.grancursosonline.com.br\/blog\/#website"},"primaryImageOfPage":{"@id":"https:\/\/faculdade.grancursosonline.com.br\/blog\/depoimento-cristiane-rodrigues-gran-faculdade\/#primaryimage"},"image":{"@id":"https:\/\/faculdade.grancursosonline.com.br\/blog\/depoimento-cristiane-rodrigues-gran-faculdade\/#primaryimage"},"thumbnailUrl":"https:\/\/blog-es-static.infra.grancursosonline.com.br\/wp-content\/uploads\/2025\/03\/26171347\/depoimento-Cristiane-Rodrigues-2.jpg","datePublished":"2025-03-26T20:17:32+00:00","dateModified":"2025-05-08T20:37:47+00:00","description":"Cristiane Rodrigues encontrou na Gran Faculdade motiva\u00e7\u00e3o e apoio para superar desafios e construir uma carreira promissora!","breadcrumb":{"@id":"https:\/\/faculdade.grancursosonline.com.br\/blog\/depoimento-cristiane-rodrigues-gran-faculdade\/#breadcrumb"},"inLanguage":"pt-BR","potentialAction":[{"@type":"ReadAction","target":["https:\/\/faculdade.grancursosonline.com.br\/blog\/depoimento-cristiane-rodrigues-gran-faculdade\/"]}]},{"@type":"ImageObject","inLanguage":"pt-BR","@id":"https:\/\/faculdade.grancursosonline.com.br\/blog\/depoimento-cristiane-rodrigues-gran-faculdade\/#primaryimage","url":"https:\/\/blog-es-static.infra.grancursosonline.com.br\/wp-content\/uploads\/2025\/03\/26171347\/depoimento-Cristiane-Rodrigues-2.jpg","contentUrl":"https:\/\/blog-es-static.infra.grancursosonline.com.br\/wp-content\/uploads\/2025\/03\/26171347\/depoimento-Cristiane-Rodrigues-2.jpg","width":1001,"height":601,"caption":"Cristiane Rodrigues \u00e9 aluna da Gran Faculdade: conhe\u00e7a sua hist\u00f3ria!"},{"@type":"BreadcrumbList","@id":"https:\/\/faculdade.grancursosonline.com.br\/blog\/depoimento-cristiane-rodrigues-gran-faculdade\/#breadcrumb","itemListElement":[{"@type":"ListItem","position":1,"name":"In\u00edcio","item":"https:\/\/faculdade.grancursosonline.com.br\/blog\/"},{"@type":"ListItem","position":2,"name":"Eu Sou Gran","item":"https:\/\/faculdade.grancursosonline.com.br\/blog\/depoimentos\/"},{"@type":"ListItem","position":3,"name":"Cristiane Rodrigues \u00e9 aluna da Gran Faculdade: conhe\u00e7a sua hist\u00f3ria!"}]},{"@type":"WebSite","@id":"https:\/\/faculdade.grancursosonline.com.br\/blog\/#website","url":"https:\/\/faculdade.grancursosonline.com.br\/blog\/","name":"Blog Gran Faculdade","description":"Tudo sobre ensino superior, p\u00f3s-gradua\u00e7\u00e3o, enem e carreira.","publisher":{"@id":"https:\/\/faculdade.grancursosonline.com.br\/blog\/#organization"},"potentialAction":[{"@type":"SearchAction","target":{"@type":"EntryPoint","urlTemplate":"https:\/\/faculdade.grancursosonline.com.br\/blog\/?s={search_term_string}"},"query-input":{"@type":"PropertyValueSpecification","valueRequired":true,"valueName":"search_term_string"}}],"inLanguage":"pt-BR"},{"@type":"Organization","@id":"https:\/\/faculdade.grancursosonline.com.br\/blog\/#organization","name":"Gran Cursos Online","url":"https:\/\/faculdade.grancursosonline.com.br\/blog\/","logo":{"@type":"ImageObject","inLanguage":"pt-BR","@id":"https:\/\/faculdade.grancursosonline.com.br\/blog\/#\/schema\/logo\/image\/","url":"https:\/\/blog-es-static.infra.grancursosonline.com.br\/wp-content\/uploads\/2019\/08\/03123934\/logo.png","contentUrl":"https:\/\/blog-es-static.infra.grancursosonline.com.br\/wp-content\/uploads\/2019\/08\/03123934\/logo.png","width":300,"height":57,"caption":"Gran Cursos Online"},"image":{"@id":"https:\/\/faculdade.grancursosonline.com.br\/blog\/#\/schema\/logo\/image\/"},"sameAs":["https:\/\/www.facebook.com\/grancursosonline\/","https:\/\/x.com\/gran_online","https:\/\/www.instagram.com\/grancursosonline\/","https:\/\/www.youtube.com\/user\/grancursostv"]},{"@type":"Person","@id":"https:\/\/faculdade.grancursosonline.com.br\/blog\/#\/schema\/person\/9745f9b6db8976613c1f439dbcfe717d","name":"Guilherme Henrique","url":"https:\/\/faculdade.grancursosonline.com.br\/blog\/author\/guilherme-lourenco\/"}]}},"_links":{"self":[{"href":"https:\/\/faculdade.grancursosonline.com.br\/blog\/wp-json\/wp\/v2\/posts\/79752667","targetHints":{"allow":["GET"]}}],"collection":[{"href":"https:\/\/faculdade.grancursosonline.com.br\/blog\/wp-json\/wp\/v2\/posts"}],"about":[{"href":"https:\/\/faculdade.grancursosonline.com.br\/blog\/wp-json\/wp\/v2\/types\/post"}],"author":[{"embeddable":true,"href":"https:\/\/faculdade.grancursosonline.com.br\/blog\/wp-json\/wp\/v2\/users\/514"}],"replies":[{"embeddable":true,"href":"https:\/\/faculdade.grancursosonline.com.br\/blog\/wp-json\/wp\/v2\/comments?post=79752667"}],"version-history":[{"count":3,"href":"https:\/\/faculdade.grancursosonline.com.br\/blog\/wp-json\/wp\/v2\/posts\/79752667\/revisions"}],"predecessor-version":[{"id":79753856,"href":"https:\/\/faculdade.grancursosonline.com.br\/blog\/wp-json\/wp\/v2\/posts\/79752667\/revisions\/79753856"}],"wp:featuredmedia":[{"embeddable":true,"href":"https:\/\/faculdade.grancursosonline.com.br\/blog\/wp-json\/wp\/v2\/media\/79752668"}],"wp:attachment":[{"href":"https:\/\/faculdade.grancursosonline.com.br\/blog\/wp-json\/wp\/v2\/media?parent=79752667"}],"wp:term":[{"taxonomy":"category","embeddable":true,"href":"https:\/\/faculdade.grancursosonline.com.br\/blog\/wp-json\/wp\/v2\/categories?post=79752667"},{"taxonomy":"post_tag","embeddable":true,"href":"https:\/\/faculdade.grancursosonline.com.br\/blog\/wp-json\/wp\/v2\/tags?post=79752667"}],"curies":[{"name":"wp","href":"https:\/\/api.w.org\/{rel}","templated":true}]}}