{"id":79753005,"date":"2025-04-10T18:00:42","date_gmt":"2025-04-10T21:00:42","guid":{"rendered":"https:\/\/faculdade.grancursosonline.com.br\/blog\/?p=79753005"},"modified":"2025-04-10T18:00:44","modified_gmt":"2025-04-10T21:00:44","slug":"pos-graduacao-gestao-projetos","status":"publish","type":"post","link":"https:\/\/faculdade.grancursosonline.com.br\/blog\/pos-graduacao-gestao-projetos\/","title":{"rendered":"Conhe\u00e7a a p\u00f3s em Gest\u00e3o de Projetos e Processo"},"content":{"rendered":"\n<p>A gest\u00e3o eficiente de projetos \u00e9 uma das compet\u00eancias mais valorizadas no mercado atual, tanto no setor privado quanto no p\u00fablico. Empresas e institui\u00e7\u00f5es exigem profissionais que saibam planejar, executar, monitorar e entregar resultados com qualidade e dentro do prazo. <\/p>\n\n\n\n<p>Nesse contexto, a P\u00f3s em Gest\u00e3o de Projetos e Processos do Gra surge como uma especializa\u00e7\u00e3o estrat\u00e9gica para quem deseja se destacar profissionalmente, assumir posi\u00e7\u00f5es de lideran\u00e7a ou aprimorar seus conhecimentos em gerenciamento. Mas afinal, o que se aprende nesse curso, como ele \u00e9 reconhecido, e quais s\u00e3o os diferenciais?<\/p>\n\n\n\n<div class=\"wp-block-columns is-layout-flex wp-container-core-columns-is-layout-9d6595d7 wp-block-columns-is-layout-flex\">\n<div class=\"wp-block-column is-layout-flow wp-block-column-is-layout-flow\" style=\"flex-basis:100%\"><div class=\"wp-block-image\">\n<figure class=\"aligncenter size-full\"><a href=\"https:\/\/whatsapp.com\/channel\/0029VaG1sChI7Be7PNndhL43\" target=\"_blank\" rel=\"noopener\"><img decoding=\"async\" src=\"https:\/\/blog-es-static.infra.grancursosonline.com.br\/wp-content\/uploads\/2025\/09\/09112354\/banner-wp-600x142-80.webp\" alt=\"Acesse o canal do WhatsApp da Gran Faculdade\" class=\"wp-image-79751904\"\/><\/a><\/figure>\n<\/div><\/div>\n<\/div>\n\n\n\n<p>Acompanhe o artigo para saber mais ou navegue pelo \u00edndice:<\/p>\n\n\n\n<ul class=\"wp-block-list\">\n<li><a href=\"#conteudo\">O que se aprende na p\u00f3s em Gest\u00e3o de Projetos e Processos?<\/a><\/li>\n\n\n\n<li><a href=\"#mec\">P\u00f3s em gest\u00e3o de projetos e processos \u00e9 reconhecida pelo MEC?<\/a><\/li>\n\n\n\n<li><a href=\"#atuacao\">Gest\u00e3o de projetos e processos: quais s\u00e3o as \u00e1reas de atua\u00e7\u00e3o?<\/a><\/li>\n\n\n\n<li><a href=\"#profissional\">Quanto ganha um profissional com p\u00f3s em gest\u00e3o de projetos?<\/a><\/li>\n\n\n\n<li><a href=\"#diferenca\">Qual a diferen\u00e7a entre gest\u00e3o de projetos e processos?<\/a><\/li>\n\n\n\n<li><a href=\"#vale-a-pena\">Vale a pena fazer p\u00f3s-gradua\u00e7\u00e3o em Gest\u00e3o de Projetos?<\/a><\/li>\n<\/ul>\n\n\n\n<h2 class=\"wp-block-heading\" id=\"h-conheca-o-guia-da-carreira-em-gestao-e-administracao-e-saiba-como-comecar-na-area\">Conhe\u00e7a o Guia da Carreira em Gest\u00e3o e Administra\u00e7\u00e3o e saiba como come\u00e7ar na \u00e1rea!<\/h2>\n\n\n\n<p>A Gest\u00e3o e a Administra\u00e7\u00e3o s\u00e3o disciplinas fundamentais que permeiam todos os setores da economia, das pequenas startups \u00e0s grandes corpora\u00e7\u00f5es multinacionais. A habilidade de gerenciar recursos, liderar equipes e implementar estrat\u00e9gias eficazes \u00e9 essencial para o sucesso organizacional seja no setor privado, mas tamb\u00e9m no p\u00fablico.<\/p>\n\n\n\n<p>Este e-book foi criado para fornecer a voc\u00ea uma vis\u00e3o completa sobre o universo da Gest\u00e3o e da Administra\u00e7\u00e3o, suas diversas \u00e1reas e como voc\u00ea pode iniciar uma carreira de sucesso nesse campo t\u00e3o din\u00e2mico e essencial para o funcionamento das organiza\u00e7\u00f5es.<\/p>\n\n\n\n<script charset=\"utf-8\" type=\"text\/javascript\" src=\"\/\/js.hsforms.net\/forms\/embed\/v2.js\"><\/script>\n<script>\n  hbspt.forms.create({\n    region: \"na1\",\n    portalId: \"302036\",\n    formId: \"3ecdc206-b6ce-42d2-911c-54c8000f6ac6\"\n  });\n<\/script>\n\n\n\n<h2 class=\"wp-block-heading\" id=\"conteudo\">O que se aprende na p\u00f3s em Gest\u00e3o de Projetos e Processos?<\/h2>\n\n\n\n<p>A especializa\u00e7\u00e3o em Gest\u00e3o de Projetos e Processos prepara profissionais para atuarem de forma estrat\u00e9gica e t\u00e9cnica na administra\u00e7\u00e3o de projetos e fluxos organizacionais. Ao longo do curso, o aluno desenvolve compet\u00eancias essenciais para planejar, executar e gerenciar processos com foco em resultados, qualidade e inova\u00e7\u00e3o.<\/p>\n\n\n\n<p>A forma\u00e7\u00e3o alia teoria e pr\u00e1tica por meio de uma metodologia ativa, baseada na resolu\u00e7\u00e3o de problemas, na interdisciplinaridade e na aplica\u00e7\u00e3o pr\u00e1tica dos conte\u00fados. As disciplinas abrangem temas como mapeamento de processos; an\u00e1lise de riscos; planejamento estrat\u00e9gico; metodologias \u00e1geis; indicadores de desempenho; gest\u00e3o de pessoas; e uso de ferramentas digitais de apoio \u00e0 gest\u00e3o.<\/p>\n\n\n\n<p>Com esse repert\u00f3rio, o profissional sai preparado para enfrentar os desafios do mercado, promovendo melhorias significativas na efici\u00eancia e na produtividade das organiza\u00e7\u00f5es.<\/p>\n\n\n\n<h2 class=\"wp-block-heading\" id=\"mec\">P\u00f3s em gest\u00e3o de projetos e processos \u00e9 reconhecida pelo MEC?<\/h2>\n\n\n\n<p>Sim. A P\u00f3s-gradua\u00e7\u00e3o em Gest\u00e3o de Projetos e Processos da Gran Faculdade \u00e9 devidamente autorizada e reconhecida pelo Minist\u00e9rio da Educa\u00e7\u00e3o (MEC), conforme as diretrizes da Resolu\u00e7\u00e3o CNE\/CES n\u00ba 01, de 6 de abril de 2018. <\/p>\n\n\n\n<p>A institui\u00e7\u00e3o tamb\u00e9m possui credenciamento oficial, garantido pela Portaria N\u00ba 402, de 03 de junho de 2022, publicada no Di\u00e1rio Oficial da Uni\u00e3o.<\/p>\n\n\n\n<p>Essa valida\u00e7\u00e3o \u00e9 fundamental para assegurar a legitimidade do t\u00edtulo e a sua aceita\u00e7\u00e3o em processos seletivos, concursos p\u00fablicos e progress\u00f5es de carreira em institui\u00e7\u00f5es p\u00fablicas e privadas.<\/p>\n\n\n\n<h2 class=\"wp-block-heading\" id=\"atuacao\">Gest\u00e3o de projetos e processos: quais s\u00e3o as \u00e1reas de atua\u00e7\u00e3o?<\/h2>\n\n\n\n<p>O profissional com p\u00f3s-gradua\u00e7\u00e3o em Gest\u00e3o de Projetos e Processos pode atuar em diversos setores da economia. As principais \u00e1reas de atua\u00e7\u00e3o incluem:<\/p>\n\n\n\n<ul class=\"wp-block-list\">\n<li>Ind\u00fastrias de pequeno, m\u00e9dio e grande porte;<\/li>\n\n\n\n<li>Empresas de tecnologia da informa\u00e7\u00e3o;<\/li>\n\n\n\n<li>Setor p\u00fablico e \u00f3rg\u00e3os governamentais;<\/li>\n\n\n\n<li>Organiza\u00e7\u00f5es do terceiro setor;<\/li>\n\n\n\n<li>Startups e empresas de inova\u00e7\u00e3o;<\/li>\n\n\n\n<li>Consultorias em gest\u00e3o e planejamento estrat\u00e9gico;<\/li>\n\n\n\n<li>Institui\u00e7\u00f5es financeiras;<\/li>\n\n\n\n<li>Varejo e setor de servi\u00e7os.<\/li>\n<\/ul>\n\n\n\n<p>Al\u00e9m disso, h\u00e1 oportunidades em \u00e1reas espec\u00edficas como educa\u00e7\u00e3o, sa\u00fade, constru\u00e7\u00e3o civil e log\u00edstica, que demandam cada vez mais profissionais especializados na condu\u00e7\u00e3o de projetos com foco em efici\u00eancia e inova\u00e7\u00e3o.<\/p>\n\n\n\n<h2 class=\"wp-block-heading\" id=\"h-quanto-ganha-um-profissional-com-pos-em-gestao-de-projetos\">Quanto ganha um profissional com p\u00f3s em gest\u00e3o de projetos?<\/h2>\n\n\n\n<p>A remunera\u00e7\u00e3o pode variar conforme o setor, a experi\u00eancia do profissional e a regi\u00e3o do pa\u00eds. De todo modo, segundo pesquisas de mercado, profissionais com p\u00f3s-gradua\u00e7\u00e3o em Gest\u00e3o de Projetos costumam receber sal\u00e1rios acima da m\u00e9dia nacional.<\/p>\n\n\n\n<p>Coordenadores e gerentes de projeto com especializa\u00e7\u00e3o podem ganhar entre R$ 6 mil e R$ 15 mil mensais, dependendo da complexidade dos projetos e do porte da organiza\u00e7\u00e3o. Em concursos p\u00fablicos, o t\u00edtulo tamb\u00e9m pode somar pontos valiosos nas etapas de avalia\u00e7\u00e3o, ampliando as chances de aprova\u00e7\u00e3o e melhores remunera\u00e7\u00f5es.<\/p>\n\n\n\n<h2 class=\"wp-block-heading\" id=\"diferenca\">Qual a diferen\u00e7a entre gest\u00e3o de projetos e processos?<\/h2>\n\n\n\n<p>Embora estejam interligadas, gest\u00e3o de projetos e gest\u00e3o de processos t\u00eam focos distintos:<\/p>\n\n\n\n<p><strong>A gest\u00e3o de projetos<\/strong> lida com iniciativas tempor\u00e1rias, que t\u00eam in\u00edcio, meio e fim definidos. O objetivo \u00e9 entregar um produto, servi\u00e7o ou resultado \u00fanico, dentro de prazos, or\u00e7amentos e escopos estabelecidos.<\/p>\n\n\n\n<p><strong>J\u00e1 a gest\u00e3o de processos<\/strong> foca nas atividades cont\u00ednuas dentro da organiza\u00e7\u00e3o. Envolve o mapeamento, an\u00e1lise, padroniza\u00e7\u00e3o e melhoria de processos operacionais, com o objetivo de aumentar a efici\u00eancia e reduzir custos.<\/p>\n\n\n\n<p>A p\u00f3s-gradua\u00e7\u00e3o que une os dois campos permite que o profissional atue de forma integrada, com uma vis\u00e3o sist\u00eamica e estrat\u00e9gica, sendo capaz de propor solu\u00e7\u00f5es tanto para projetos pontuais quanto para a melhoria cont\u00ednua das opera\u00e7\u00f5es.<\/p>\n\n\n\n<h3 class=\"wp-block-heading\" id=\"pmp\">Preciso de certifica\u00e7\u00e3o PMP para atuar com gest\u00e3o de projetos?<\/h3>\n\n\n\n<p>N\u00e3o necessariamente. A certifica\u00e7\u00e3o PMP (Project Management Professional) \u00e9 uma das mais reconhecidas internacionalmente e pode agregar valor ao curr\u00edculo, especialmente para quem deseja atuar com gest\u00e3o de grandes projetos ou no mercado internacional.<\/p>\n\n\n\n<p>No entanto, n\u00e3o \u00e9 obrigat\u00f3ria para atuar na \u00e1rea. A p\u00f3s-gradua\u00e7\u00e3o em Gest\u00e3o de Projetos e Processos oferece uma base s\u00f3lida de conhecimento e compet\u00eancias que permitem ingressar ou se consolidar na carreira, sendo uma alternativa acess\u00edvel e reconhecida academicamente.<\/p>\n\n\n\n<h2 class=\"wp-block-heading\" id=\"vale-a-pena\">Vale a pena fazer p\u00f3s-gradua\u00e7\u00e3o em Gest\u00e3o de Projetos?<\/h2>\n\n\n\n<p>Sim, vale muito a pena. A especializa\u00e7\u00e3o \u00e9 indicada tanto para profissionais que j\u00e1 atuam na \u00e1rea e buscam aprofundamento, quanto para aqueles que desejam migrar de carreira ou ampliar suas oportunidades no mercado.<\/p>\n\n\n\n<p>Al\u00e9m do conte\u00fado atualizado e das pr\u00e1ticas alinhadas \u00e0s exig\u00eancias do mercado, a p\u00f3s-gradua\u00e7\u00e3o tamb\u00e9m conta como t\u00edtulo v\u00e1lido em concursos p\u00fablicos e pode oferecer pontua\u00e7\u00e3o extra em provas de t\u00edtulos. Dessa forma, o aluno estuda, se atualiza e ainda aumenta suas chances de aprova\u00e7\u00e3o e crescimento na carreira.<\/p>\n\n\n\n<p>Com reconhecimento do MEC e uma forma\u00e7\u00e3o s\u00f3lida, a p\u00f3s-gradua\u00e7\u00e3o em Gest\u00e3o de Projetos e Processos da Gran Faculdade \u00e9 a escolha certa para quem busca se destacar em um mercado cada vez mais competitivo.<\/p>\n\n\n\n<h2 class=\"wp-block-heading\" id=\"h-vem-pra-gran-faculdade\">Vem pra Gran Faculdade!<\/h2>\n\n\n\n<p>A Gran Faculdade vem mudando a vida de milhares de pessoas por meio de cursos \u00e0 dist\u00e2ncia de <a href=\"https:\/\/faculdade.grancursosonline.com.br\/\" target=\"_blank\" rel=\"noreferrer noopener\">gradua\u00e7\u00e3o<\/a>, <a href=\"https:\/\/pos.grancursosonline.com.br\/\" target=\"_blank\" rel=\"noreferrer noopener\">p\u00f3s-gradua\u00e7\u00e3o<\/a> e <a href=\"https:\/\/pos.grancursosonline.com.br\/mba\" target=\"_blank\" rel=\"noreferrer noopener\">MBA<\/a>. Seja no digital ou em nosso <a href=\"https:\/\/presencial.grancursosonline.com.br\/\" target=\"_blank\" rel=\"noreferrer noopener\">Campus Presencial em Curitiba<\/a>, a nossa miss\u00e3o \u00e9 transformar a educa\u00e7\u00e3o superior.<\/p>\n\n\n\n<p>Como parte de Sistema Gran de Ensino, que \u00e9 reconhecido como marca aprovadora h\u00e1 mais de 10 anos, constru\u00edmos uma renomada reputa\u00e7\u00e3o na \u00e1rea de educa\u00e7\u00e3o.<\/p>\n\n\n\n<p>Veja algumas de nossas conquistas:<\/p>\n\n\n\n<ul class=\"wp-block-list\">\n<li>Reconhecido pela Amazon como um dos projetos mais relevantes do mundo na \u00e1rea de Tecnologia e Educa\u00e7\u00e3o;<\/li>\n\n\n\n<li>Foi eleito pelo Project Management Institute (PMI), um dos 50 Projetos Mais Influentes do mundo;<\/li>\n\n\n\n<li>Somos o site de educa\u00e7\u00e3o mais acessado do Brasil;<\/li>\n\n\n\n<li>Somos avaliados com a nota m\u00e1xima pelo MEC;<\/li>\n\n\n\n<li>Aqui o semestre come\u00e7a quando quiser: entrada imediata e cont\u00ednua!<\/li>\n\n\n\n<li>Melhores pre\u00e7os do mercado;<\/li>\n\n\n\n<li>Mais de 500 mil alunos pagantes e mais de 1000 funcion\u00e1rios;<\/li>\n\n\n\n<li>Diversas ferramentas de estudo: PDFs, audiobooks, mapas mentais, videoaulas, quest\u00f5es, gerenciador de estudos e muito mais!<\/li>\n\n\n\n<li>Professores experientes e capacitados;<\/li>\n\n\n\n<li>Acesso imediato e 100% online.<\/li>\n<\/ul>\n\n\n\n<p class=\"has-text-align-center has-text-align-center\"><strong><a href=\"https:\/\/faculdade.grancursosonline.com.br\/\" target=\"_blank\" rel=\"noreferrer noopener\">Quero ser aluno da Gran Faculdade!<\/a><\/strong><\/p>\n","protected":false},"excerpt":{"rendered":"<p>A gest\u00e3o eficiente de projetos \u00e9 uma das compet\u00eancias mais valorizadas no mercado atual, tanto no setor privado quanto no p\u00fablico. Empresas e institui\u00e7\u00f5es exigem profissionais que saibam planejar, executar, monitorar e entregar resultados com qualidade e dentro do prazo. Nesse contexto, a P\u00f3s em Gest\u00e3o de Projetos e Processos do Gra surge como uma&hellip;<\/p>\n","protected":false},"author":486,"featured_media":79753006,"comment_status":"open","ping_status":"open","sticky":false,"template":"","format":"standard","meta":{"_acf_changed":false,"content-type":"","footnotes":""},"categories":[209229,2],"tags":[],"class_list":["post-79753005","post","type-post","status-publish","format-standard","has-post-thumbnail","hentry","category-pos-graduacao","category-ultimas-noticias"],"acf":[],"yoast_head":"<!-- This site is optimized with the Yoast SEO Premium plugin v27.2 (Yoast SEO v27.2) - https:\/\/yoast.com\/product\/yoast-seo-premium-wordpress\/ -->\n<title>Conhe\u00e7a a p\u00f3s em Gest\u00e3o de Projetos e Processo<\/title>\n<meta name=\"description\" content=\"Descubra como a p\u00f3s-gradua\u00e7\u00e3o em Gest\u00e3o de Projetos e Processos pode impulsionar sua carreira, aumentar sua produtividade e preparar voc\u00ea para liderar equipes com efici\u00eancia\" \/>\n<meta name=\"robots\" content=\"index, follow, max-snippet:-1, max-image-preview:large, max-video-preview:-1\" \/>\n<link rel=\"canonical\" href=\"https:\/\/faculdade.grancursosonline.com.br\/blog\/pos-graduacao-gestao-projetos\/\" \/>\n<meta property=\"og:locale\" content=\"pt_BR\" \/>\n<meta property=\"og:type\" content=\"article\" \/>\n<meta property=\"og:title\" content=\"Conhe\u00e7a a p\u00f3s em Gest\u00e3o de Projetos e Processo\" \/>\n<meta property=\"og:description\" content=\"Descubra como a p\u00f3s-gradua\u00e7\u00e3o em Gest\u00e3o de Projetos e Processos pode impulsionar sua carreira, aumentar sua produtividade e preparar voc\u00ea para liderar equipes com efici\u00eancia\" \/>\n<meta property=\"og:url\" content=\"https:\/\/faculdade.grancursosonline.com.br\/blog\/pos-graduacao-gestao-projetos\/\" \/>\n<meta property=\"og:site_name\" content=\"Blog Gran Faculdade\" \/>\n<meta property=\"article:publisher\" content=\"https:\/\/www.facebook.com\/grancursosonline\/\" \/>\n<meta property=\"article:published_time\" content=\"2025-04-10T21:00:42+00:00\" \/>\n<meta property=\"article:modified_time\" content=\"2025-04-10T21:00:44+00:00\" \/>\n<meta property=\"og:image\" content=\"https:\/\/blog-es-static.infra.grancursosonline.com.br\/wp-content\/uploads\/2025\/04\/10115408\/pos-graduacao-gestao-projetos-social.jpg\" \/>\n\t<meta property=\"og:image:width\" content=\"511\" \/>\n\t<meta property=\"og:image:height\" content=\"311\" \/>\n\t<meta property=\"og:image:type\" content=\"image\/jpeg\" \/>\n<meta name=\"author\" content=\"Equipe Gran\" \/>\n<meta name=\"twitter:card\" content=\"summary_large_image\" \/>\n<meta name=\"twitter:creator\" content=\"@gran_online\" \/>\n<meta name=\"twitter:site\" content=\"@gran_online\" \/>\n<meta name=\"twitter:label1\" content=\"Written by\" \/>\n\t<meta name=\"twitter:data1\" content=\"Equipe Gran\" \/>\n\t<meta name=\"twitter:label2\" content=\"Est. reading time\" \/>\n\t<meta name=\"twitter:data2\" content=\"8 minutos\" \/>\n<script type=\"application\/ld+json\" class=\"yoast-schema-graph\">{\"@context\":\"https:\/\/schema.org\",\"@graph\":[{\"@type\":\"NewsArticle\",\"@id\":\"https:\/\/faculdade.grancursosonline.com.br\/blog\/pos-graduacao-gestao-projetos\/#article\",\"isPartOf\":{\"@id\":\"https:\/\/faculdade.grancursosonline.com.br\/blog\/pos-graduacao-gestao-projetos\/\"},\"author\":{\"name\":\"Equipe Gran\",\"@id\":\"https:\/\/faculdade.grancursosonline.com.br\/blog\/#\/schema\/person\/c05f350f8ea43a7138aaffc6a87bc5e0\"},\"headline\":\"Conhe\u00e7a a p\u00f3s em Gest\u00e3o de Projetos e Processo\",\"datePublished\":\"2025-04-10T21:00:42+00:00\",\"dateModified\":\"2025-04-10T21:00:44+00:00\",\"mainEntityOfPage\":{\"@id\":\"https:\/\/faculdade.grancursosonline.com.br\/blog\/pos-graduacao-gestao-projetos\/\"},\"wordCount\":1097,\"commentCount\":0,\"publisher\":{\"@id\":\"https:\/\/faculdade.grancursosonline.com.br\/blog\/#organization\"},\"image\":{\"@id\":\"https:\/\/faculdade.grancursosonline.com.br\/blog\/pos-graduacao-gestao-projetos\/#primaryimage\"},\"thumbnailUrl\":\"https:\/\/blog-es-static.infra.grancursosonline.com.br\/wp-content\/uploads\/2025\/04\/10115404\/pos-graduacao-gestao-projetos.jpg\",\"articleSection\":[\"P\u00f3s-Gradua\u00e7\u00e3o Gran Faculdade\",\"\u00daltimas Not\u00edcias\"],\"inLanguage\":\"pt-BR\",\"potentialAction\":[{\"@type\":\"CommentAction\",\"name\":\"Comment\",\"target\":[\"https:\/\/faculdade.grancursosonline.com.br\/blog\/pos-graduacao-gestao-projetos\/#respond\"]}],\"copyrightYear\":\"2025\",\"copyrightHolder\":{\"@id\":\"https:\/\/faculdade.grancursosonline.com.br\/blog\/#organization\"}},{\"@type\":\"WebPage\",\"@id\":\"https:\/\/faculdade.grancursosonline.com.br\/blog\/pos-graduacao-gestao-projetos\/\",\"url\":\"https:\/\/faculdade.grancursosonline.com.br\/blog\/pos-graduacao-gestao-projetos\/\",\"name\":\"Conhe\u00e7a a p\u00f3s em Gest\u00e3o de Projetos e Processo\",\"isPartOf\":{\"@id\":\"https:\/\/faculdade.grancursosonline.com.br\/blog\/#website\"},\"primaryImageOfPage\":{\"@id\":\"https:\/\/faculdade.grancursosonline.com.br\/blog\/pos-graduacao-gestao-projetos\/#primaryimage\"},\"image\":{\"@id\":\"https:\/\/faculdade.grancursosonline.com.br\/blog\/pos-graduacao-gestao-projetos\/#primaryimage\"},\"thumbnailUrl\":\"https:\/\/blog-es-static.infra.grancursosonline.com.br\/wp-content\/uploads\/2025\/04\/10115404\/pos-graduacao-gestao-projetos.jpg\",\"datePublished\":\"2025-04-10T21:00:42+00:00\",\"dateModified\":\"2025-04-10T21:00:44+00:00\",\"description\":\"Descubra como a p\u00f3s-gradua\u00e7\u00e3o em Gest\u00e3o de Projetos e Processos pode impulsionar sua carreira, aumentar sua produtividade e preparar voc\u00ea para liderar equipes com efici\u00eancia\",\"breadcrumb\":{\"@id\":\"https:\/\/faculdade.grancursosonline.com.br\/blog\/pos-graduacao-gestao-projetos\/#breadcrumb\"},\"inLanguage\":\"pt-BR\",\"potentialAction\":[{\"@type\":\"ReadAction\",\"target\":[\"https:\/\/faculdade.grancursosonline.com.br\/blog\/pos-graduacao-gestao-projetos\/\"]}]},{\"@type\":\"ImageObject\",\"inLanguage\":\"pt-BR\",\"@id\":\"https:\/\/faculdade.grancursosonline.com.br\/blog\/pos-graduacao-gestao-projetos\/#primaryimage\",\"url\":\"https:\/\/blog-es-static.infra.grancursosonline.com.br\/wp-content\/uploads\/2025\/04\/10115404\/pos-graduacao-gestao-projetos.jpg\",\"contentUrl\":\"https:\/\/blog-es-static.infra.grancursosonline.com.br\/wp-content\/uploads\/2025\/04\/10115404\/pos-graduacao-gestao-projetos.jpg\",\"width\":1001,\"height\":601,\"caption\":\"Conhe\u00e7a a p\u00f3s em Gest\u00e3o de Projetos e Processo\"},{\"@type\":\"BreadcrumbList\",\"@id\":\"https:\/\/faculdade.grancursosonline.com.br\/blog\/pos-graduacao-gestao-projetos\/#breadcrumb\",\"itemListElement\":[{\"@type\":\"ListItem\",\"position\":1,\"name\":\"In\u00edcio\",\"item\":\"https:\/\/faculdade.grancursosonline.com.br\/blog\/\"},{\"@type\":\"ListItem\",\"position\":2,\"name\":\"P\u00f3s-Gradua\u00e7\u00e3o Gran Faculdade\",\"item\":\"https:\/\/faculdade.grancursosonline.com.br\/blog\/pos-graduacao\/\"},{\"@type\":\"ListItem\",\"position\":3,\"name\":\"Conhe\u00e7a a p\u00f3s em Gest\u00e3o de Projetos e Processo\"}]},{\"@type\":\"WebSite\",\"@id\":\"https:\/\/faculdade.grancursosonline.com.br\/blog\/#website\",\"url\":\"https:\/\/faculdade.grancursosonline.com.br\/blog\/\",\"name\":\"Blog Gran Faculdade\",\"description\":\"Tudo sobre ensino superior, p\u00f3s-gradua\u00e7\u00e3o, enem e carreira.\",\"publisher\":{\"@id\":\"https:\/\/faculdade.grancursosonline.com.br\/blog\/#organization\"},\"potentialAction\":[{\"@type\":\"SearchAction\",\"target\":{\"@type\":\"EntryPoint\",\"urlTemplate\":\"https:\/\/faculdade.grancursosonline.com.br\/blog\/?s={search_term_string}\"},\"query-input\":{\"@type\":\"PropertyValueSpecification\",\"valueRequired\":true,\"valueName\":\"search_term_string\"}}],\"inLanguage\":\"pt-BR\"},{\"@type\":\"Organization\",\"@id\":\"https:\/\/faculdade.grancursosonline.com.br\/blog\/#organization\",\"name\":\"Gran Cursos Online\",\"url\":\"https:\/\/faculdade.grancursosonline.com.br\/blog\/\",\"logo\":{\"@type\":\"ImageObject\",\"inLanguage\":\"pt-BR\",\"@id\":\"https:\/\/faculdade.grancursosonline.com.br\/blog\/#\/schema\/logo\/image\/\",\"url\":\"https:\/\/blog-es-static.infra.grancursosonline.com.br\/wp-content\/uploads\/2019\/08\/03123934\/logo.png\",\"contentUrl\":\"https:\/\/blog-es-static.infra.grancursosonline.com.br\/wp-content\/uploads\/2019\/08\/03123934\/logo.png\",\"width\":300,\"height\":57,\"caption\":\"Gran Cursos Online\"},\"image\":{\"@id\":\"https:\/\/faculdade.grancursosonline.com.br\/blog\/#\/schema\/logo\/image\/\"},\"sameAs\":[\"https:\/\/www.facebook.com\/grancursosonline\/\",\"https:\/\/x.com\/gran_online\",\"https:\/\/www.instagram.com\/grancursosonline\/\",\"https:\/\/www.youtube.com\/user\/grancursostv\"]},{\"@type\":\"Person\",\"@id\":\"https:\/\/faculdade.grancursosonline.com.br\/blog\/#\/schema\/person\/c05f350f8ea43a7138aaffc6a87bc5e0\",\"name\":\"Equipe Gran\",\"sameAs\":[\"http:\/\/www.grancursosonline.com.br\"],\"url\":\"https:\/\/faculdade.grancursosonline.com.br\/blog\/author\/hugo-oliveira\/\"}]}<\/script>\n<!-- \/ Yoast SEO Premium plugin. -->","yoast_head_json":{"title":"Conhe\u00e7a a p\u00f3s em Gest\u00e3o de Projetos e Processo","description":"Descubra como a p\u00f3s-gradua\u00e7\u00e3o em Gest\u00e3o de Projetos e Processos pode impulsionar sua carreira, aumentar sua produtividade e preparar voc\u00ea para liderar equipes com efici\u00eancia","robots":{"index":"index","follow":"follow","max-snippet":"max-snippet:-1","max-image-preview":"max-image-preview:large","max-video-preview":"max-video-preview:-1"},"canonical":"https:\/\/faculdade.grancursosonline.com.br\/blog\/pos-graduacao-gestao-projetos\/","og_locale":"pt_BR","og_type":"article","og_title":"Conhe\u00e7a a p\u00f3s em Gest\u00e3o de Projetos e Processo","og_description":"Descubra como a p\u00f3s-gradua\u00e7\u00e3o em Gest\u00e3o de Projetos e Processos pode impulsionar sua carreira, aumentar sua produtividade e preparar voc\u00ea para liderar equipes com efici\u00eancia","og_url":"https:\/\/faculdade.grancursosonline.com.br\/blog\/pos-graduacao-gestao-projetos\/","og_site_name":"Blog Gran Faculdade","article_publisher":"https:\/\/www.facebook.com\/grancursosonline\/","article_published_time":"2025-04-10T21:00:42+00:00","article_modified_time":"2025-04-10T21:00:44+00:00","og_image":[{"width":511,"height":311,"url":"https:\/\/blog-es-static.infra.grancursosonline.com.br\/wp-content\/uploads\/2025\/04\/10115408\/pos-graduacao-gestao-projetos-social.jpg","type":"image\/jpeg"}],"author":"Equipe Gran","twitter_card":"summary_large_image","twitter_creator":"@gran_online","twitter_site":"@gran_online","twitter_misc":{"Written by":"Equipe Gran","Est. reading time":"8 minutos"},"schema":{"@context":"https:\/\/schema.org","@graph":[{"@type":"NewsArticle","@id":"https:\/\/faculdade.grancursosonline.com.br\/blog\/pos-graduacao-gestao-projetos\/#article","isPartOf":{"@id":"https:\/\/faculdade.grancursosonline.com.br\/blog\/pos-graduacao-gestao-projetos\/"},"author":{"name":"Equipe Gran","@id":"https:\/\/faculdade.grancursosonline.com.br\/blog\/#\/schema\/person\/c05f350f8ea43a7138aaffc6a87bc5e0"},"headline":"Conhe\u00e7a a p\u00f3s em Gest\u00e3o de Projetos e Processo","datePublished":"2025-04-10T21:00:42+00:00","dateModified":"2025-04-10T21:00:44+00:00","mainEntityOfPage":{"@id":"https:\/\/faculdade.grancursosonline.com.br\/blog\/pos-graduacao-gestao-projetos\/"},"wordCount":1097,"commentCount":0,"publisher":{"@id":"https:\/\/faculdade.grancursosonline.com.br\/blog\/#organization"},"image":{"@id":"https:\/\/faculdade.grancursosonline.com.br\/blog\/pos-graduacao-gestao-projetos\/#primaryimage"},"thumbnailUrl":"https:\/\/blog-es-static.infra.grancursosonline.com.br\/wp-content\/uploads\/2025\/04\/10115404\/pos-graduacao-gestao-projetos.jpg","articleSection":["P\u00f3s-Gradua\u00e7\u00e3o Gran Faculdade","\u00daltimas Not\u00edcias"],"inLanguage":"pt-BR","potentialAction":[{"@type":"CommentAction","name":"Comment","target":["https:\/\/faculdade.grancursosonline.com.br\/blog\/pos-graduacao-gestao-projetos\/#respond"]}],"copyrightYear":"2025","copyrightHolder":{"@id":"https:\/\/faculdade.grancursosonline.com.br\/blog\/#organization"}},{"@type":"WebPage","@id":"https:\/\/faculdade.grancursosonline.com.br\/blog\/pos-graduacao-gestao-projetos\/","url":"https:\/\/faculdade.grancursosonline.com.br\/blog\/pos-graduacao-gestao-projetos\/","name":"Conhe\u00e7a a p\u00f3s em Gest\u00e3o de Projetos e Processo","isPartOf":{"@id":"https:\/\/faculdade.grancursosonline.com.br\/blog\/#website"},"primaryImageOfPage":{"@id":"https:\/\/faculdade.grancursosonline.com.br\/blog\/pos-graduacao-gestao-projetos\/#primaryimage"},"image":{"@id":"https:\/\/faculdade.grancursosonline.com.br\/blog\/pos-graduacao-gestao-projetos\/#primaryimage"},"thumbnailUrl":"https:\/\/blog-es-static.infra.grancursosonline.com.br\/wp-content\/uploads\/2025\/04\/10115404\/pos-graduacao-gestao-projetos.jpg","datePublished":"2025-04-10T21:00:42+00:00","dateModified":"2025-04-10T21:00:44+00:00","description":"Descubra como a p\u00f3s-gradua\u00e7\u00e3o em Gest\u00e3o de Projetos e Processos pode impulsionar sua carreira, aumentar sua produtividade e preparar voc\u00ea para liderar equipes com efici\u00eancia","breadcrumb":{"@id":"https:\/\/faculdade.grancursosonline.com.br\/blog\/pos-graduacao-gestao-projetos\/#breadcrumb"},"inLanguage":"pt-BR","potentialAction":[{"@type":"ReadAction","target":["https:\/\/faculdade.grancursosonline.com.br\/blog\/pos-graduacao-gestao-projetos\/"]}]},{"@type":"ImageObject","inLanguage":"pt-BR","@id":"https:\/\/faculdade.grancursosonline.com.br\/blog\/pos-graduacao-gestao-projetos\/#primaryimage","url":"https:\/\/blog-es-static.infra.grancursosonline.com.br\/wp-content\/uploads\/2025\/04\/10115404\/pos-graduacao-gestao-projetos.jpg","contentUrl":"https:\/\/blog-es-static.infra.grancursosonline.com.br\/wp-content\/uploads\/2025\/04\/10115404\/pos-graduacao-gestao-projetos.jpg","width":1001,"height":601,"caption":"Conhe\u00e7a a p\u00f3s em Gest\u00e3o de Projetos e Processo"},{"@type":"BreadcrumbList","@id":"https:\/\/faculdade.grancursosonline.com.br\/blog\/pos-graduacao-gestao-projetos\/#breadcrumb","itemListElement":[{"@type":"ListItem","position":1,"name":"In\u00edcio","item":"https:\/\/faculdade.grancursosonline.com.br\/blog\/"},{"@type":"ListItem","position":2,"name":"P\u00f3s-Gradua\u00e7\u00e3o Gran Faculdade","item":"https:\/\/faculdade.grancursosonline.com.br\/blog\/pos-graduacao\/"},{"@type":"ListItem","position":3,"name":"Conhe\u00e7a a p\u00f3s em Gest\u00e3o de Projetos e Processo"}]},{"@type":"WebSite","@id":"https:\/\/faculdade.grancursosonline.com.br\/blog\/#website","url":"https:\/\/faculdade.grancursosonline.com.br\/blog\/","name":"Blog Gran Faculdade","description":"Tudo sobre ensino superior, p\u00f3s-gradua\u00e7\u00e3o, enem e carreira.","publisher":{"@id":"https:\/\/faculdade.grancursosonline.com.br\/blog\/#organization"},"potentialAction":[{"@type":"SearchAction","target":{"@type":"EntryPoint","urlTemplate":"https:\/\/faculdade.grancursosonline.com.br\/blog\/?s={search_term_string}"},"query-input":{"@type":"PropertyValueSpecification","valueRequired":true,"valueName":"search_term_string"}}],"inLanguage":"pt-BR"},{"@type":"Organization","@id":"https:\/\/faculdade.grancursosonline.com.br\/blog\/#organization","name":"Gran Cursos Online","url":"https:\/\/faculdade.grancursosonline.com.br\/blog\/","logo":{"@type":"ImageObject","inLanguage":"pt-BR","@id":"https:\/\/faculdade.grancursosonline.com.br\/blog\/#\/schema\/logo\/image\/","url":"https:\/\/blog-es-static.infra.grancursosonline.com.br\/wp-content\/uploads\/2019\/08\/03123934\/logo.png","contentUrl":"https:\/\/blog-es-static.infra.grancursosonline.com.br\/wp-content\/uploads\/2019\/08\/03123934\/logo.png","width":300,"height":57,"caption":"Gran Cursos Online"},"image":{"@id":"https:\/\/faculdade.grancursosonline.com.br\/blog\/#\/schema\/logo\/image\/"},"sameAs":["https:\/\/www.facebook.com\/grancursosonline\/","https:\/\/x.com\/gran_online","https:\/\/www.instagram.com\/grancursosonline\/","https:\/\/www.youtube.com\/user\/grancursostv"]},{"@type":"Person","@id":"https:\/\/faculdade.grancursosonline.com.br\/blog\/#\/schema\/person\/c05f350f8ea43a7138aaffc6a87bc5e0","name":"Equipe Gran","sameAs":["http:\/\/www.grancursosonline.com.br"],"url":"https:\/\/faculdade.grancursosonline.com.br\/blog\/author\/hugo-oliveira\/"}]}},"_links":{"self":[{"href":"https:\/\/faculdade.grancursosonline.com.br\/blog\/wp-json\/wp\/v2\/posts\/79753005","targetHints":{"allow":["GET"]}}],"collection":[{"href":"https:\/\/faculdade.grancursosonline.com.br\/blog\/wp-json\/wp\/v2\/posts"}],"about":[{"href":"https:\/\/faculdade.grancursosonline.com.br\/blog\/wp-json\/wp\/v2\/types\/post"}],"author":[{"embeddable":true,"href":"https:\/\/faculdade.grancursosonline.com.br\/blog\/wp-json\/wp\/v2\/users\/486"}],"replies":[{"embeddable":true,"href":"https:\/\/faculdade.grancursosonline.com.br\/blog\/wp-json\/wp\/v2\/comments?post=79753005"}],"version-history":[{"count":1,"href":"https:\/\/faculdade.grancursosonline.com.br\/blog\/wp-json\/wp\/v2\/posts\/79753005\/revisions"}],"predecessor-version":[{"id":79753008,"href":"https:\/\/faculdade.grancursosonline.com.br\/blog\/wp-json\/wp\/v2\/posts\/79753005\/revisions\/79753008"}],"wp:featuredmedia":[{"embeddable":true,"href":"https:\/\/faculdade.grancursosonline.com.br\/blog\/wp-json\/wp\/v2\/media\/79753006"}],"wp:attachment":[{"href":"https:\/\/faculdade.grancursosonline.com.br\/blog\/wp-json\/wp\/v2\/media?parent=79753005"}],"wp:term":[{"taxonomy":"category","embeddable":true,"href":"https:\/\/faculdade.grancursosonline.com.br\/blog\/wp-json\/wp\/v2\/categories?post=79753005"},{"taxonomy":"post_tag","embeddable":true,"href":"https:\/\/faculdade.grancursosonline.com.br\/blog\/wp-json\/wp\/v2\/tags?post=79753005"}],"curies":[{"name":"wp","href":"https:\/\/api.w.org\/{rel}","templated":true}]}}