{"id":79753080,"date":"2025-04-28T14:15:23","date_gmt":"2025-04-28T17:15:23","guid":{"rendered":"https:\/\/faculdade.grancursosonline.com.br\/blog\/?p=79753080"},"modified":"2025-04-28T14:16:00","modified_gmt":"2025-04-28T17:16:00","slug":"isencao-enem-2025","status":"publish","type":"post","link":"https:\/\/faculdade.grancursosonline.com.br\/blog\/isencao-enem-2025\/","title":{"rendered":"Isen\u00e7\u00e3o Enem 2025: prazo de solicita\u00e7\u00e3o prorrogado; Saiba\u00a0novas datas!"},"content":{"rendered":"\n<p>A solicita\u00e7\u00e3o de Isen\u00e7\u00e3o Enem 2025, que come\u00e7ou no dia 14 de abril, foi prorrogada at\u00e9 o dia 2 de maio. Os estudantes que se encaixarem nos requisitos podem conseguir ficar isentos de pagar a taxa de inscri\u00e7\u00e3o, que nas \u00faltimas edi\u00e7\u00f5es t\u00eam sido R$ 85.<\/p>\n\n\n\n<p>As inscri\u00e7\u00f5es para o <a href=\"https:\/\/faculdade.grancursosonline.com.br\/blog\/enem-exame-nacional-do-ensino-medio\/\" target=\"_blank\" rel=\"noreferrer noopener\">Exame Nacional do Ensino M\u00e9dio<\/a> ainda n\u00e3o est\u00e3o abertas. No entanto, o Minist\u00e9rio da Educa\u00e7\u00e3o (MEC) anunciou que o per\u00edodo para solicitar a isen\u00e7\u00e3o da taxa de inscri\u00e7\u00e3o que antes seria entre os dias 14 e 25 de abril, ganhar\u00e1 um novo prazo.\u00a0<\/p>\n\n\n\n<p>Acompanhe, ao longo do post, mais informa\u00e7\u00f5es e saiba se voc\u00ea se encaixa nos requisitos para solicitar a isen\u00e7\u00e3o!<\/p>\n\n\n\n<div class=\"wp-block-columns is-layout-flex wp-container-core-columns-is-layout-9d6595d7 wp-block-columns-is-layout-flex\">\n<div class=\"wp-block-column is-layout-flow wp-block-column-is-layout-flow\" style=\"flex-basis:100%\"><div class=\"wp-block-image\">\n<figure class=\"aligncenter size-full\"><a href=\"https:\/\/whatsapp.com\/channel\/0029VaG1sChI7Be7PNndhL43\" target=\"_blank\" rel=\"noopener\"><img decoding=\"async\" src=\"https:\/\/blog-es-static.infra.grancursosonline.com.br\/wp-content\/uploads\/2025\/09\/09112354\/banner-wp-600x142-80.webp\" alt=\"Acesse o canal do WhatsApp da Gran Faculdade\" class=\"wp-image-79751904\"\/><\/a><\/figure>\n<\/div><\/div>\n<\/div>\n\n\n\n<p>Acompanhe o conte\u00fado na \u00edntegra, ou navegue pelo \u00edndice caso prefira:<\/p>\n\n\n\n<ul class=\"wp-block-list\">\n<li><a href=\"#h-isencao-enem-2025-o-que-e\">Isen\u00e7\u00e3o Enem 2025: o que \u00e9?<\/a><\/li>\n\n\n\n<li><a href=\"#h-quem-tem-direito-a-isencao-no-enem-2025\">Quem tem direito \u00e0 isen\u00e7\u00e3o no Enem 2025?<\/a><\/li>\n\n\n\n<li><a href=\"#h-isencao-enem-2025-como-solicitar\">Isen\u00e7\u00e3o Enem 2025: como solicitar?<\/a><\/li>\n\n\n\n<li><a href=\"#h-quais-documentos-sao-necessarios-para-pedir-a-isencao\">Quais documentos s\u00e3o necess\u00e1rios para pedir a Isen\u00e7\u00e3o?<\/a><\/li>\n\n\n\n<li><a href=\"#h-quando-sai-o-resultado-da-isencao-do-enem\">Quando sai o resultado da isen\u00e7\u00e3o do Enem?<\/a><\/li>\n\n\n\n<li><a href=\"#h-cronograma-enem-2025\">Cronograma Enem 2025<\/a><\/li>\n<\/ul>\n\n\n\n<h2 class=\"wp-block-heading\" id=\"h-isencao-enem-2025-o-que-e\"><strong>Isen\u00e7\u00e3o Enem 2025: o que \u00e9?<\/strong><br><\/h2>\n\n\n\n<p>A Isen\u00e7\u00e3o Enem 2025 visa assegurar o acesso dos estudantes ao exame de maneira gratuita. Nesse sentido, os candidatos devem atender aos requisitos listados pelo Minist\u00e9rio da educa\u00e7\u00e3o e solicitar a isen\u00e7\u00e3o na data determinada.<\/p>\n\n\n\n<p>Dessa forma a Enem Isen\u00e7\u00e3o, busca democratizar o acesso ao Enem para estudantes sem condi\u00e7\u00f5es financeiras e assim possibilitar a realiza\u00e7\u00e3o da prova sem o pagamento da taxa de R$ 85.<\/p>\n\n\n\n<h2 class=\"wp-block-heading\" id=\"h-quem-tem-direito-a-isencao-no-enem-2025\"><strong>Quem tem direito \u00e0 isen\u00e7\u00e3o no Enem 2025?<\/strong><br><\/h2>\n\n\n\n<p>Para ter direito \u00e0 Isen\u00e7\u00e3o do Enem, o(a) estudante deve atender a algum dos seguintes requisitos:<\/p>\n\n\n\n<ul class=\"wp-block-list\">\n<li>Estudantes que est\u00e3o no \u00faltimo ano do ensino m\u00e9dio em escola p\u00fablica ou em escola particular na condi\u00e7\u00e3o de bolsistas integrais (100%), desde que a renda familiar por pessoa n\u00e3o ultrapasse um sal\u00e1rio m\u00ednimo e meio;<\/li>\n\n\n\n<li>Estudantes em situa\u00e7\u00e3o de vulnerabilidade social que est\u00e3o registradas no Cadastro \u00danico para Programas Sociais do Governo Federal (Cad\u00danico);<\/li>\n\n\n\n<li>Estudantes que participam do Programa P\u00e9-de-Meia, do Governo Federal.<\/li>\n<\/ul>\n\n\n\n<p>O MEC solicita documentos que comprovem que o(a) candidato(a) atende aos crit\u00e9rios exigidos. Entre eles, podem estar o comprovante de matr\u00edcula, hist\u00f3rico escolar ou um N\u00famero de Identifica\u00e7\u00e3o Social (NIS) v\u00e1lido e individual, entre outros.&nbsp;<\/p>\n\n\n\n<p>Caso o pedido de isen\u00e7\u00e3o seja negado por algum motivo, o candidato ainda pode entrar com um recurso e solicitar uma nova an\u00e1lise, dentro do prazo determinado para isso.<\/p>\n\n\n\n<h2 class=\"wp-block-heading\" id=\"h-isencao-enem-2025-como-solicitar\"><strong>Isen\u00e7\u00e3o Enem 2025: como solicitar?<\/strong><br><\/h2>\n\n\n\n<p>Entre os dias 14 de abril e 2 de maio, os candidatos que atendam aos requisitos devem acessar o site do participante (<a href=\"http:\/\/www.enem.inep.gov.br\/participante\/\">www.enem.inep.gov.br\/participante\/<\/a>) com CPF, data de nascimento, e-mail e telefone.<\/p>\n\n\n\n<p>Depois de realizar o acesso, basta preencher os dados que o sistema solicita e enviar os documentos necess\u00e1rios nos formatos PDF, PNG ou JPG, com at\u00e9 2MB.<\/p>\n\n\n\n<p>O(a) estudante que faltou em um ou nos dois dias de prova do Enem anterior e quer pedir isen\u00e7\u00e3o este ano, precisa justificar com documentos v\u00e1lidos, como atestado m\u00e9dico. Se n\u00e3o fizer isso, ter\u00e1 que pagar a taxa de inscri\u00e7\u00e3o Enem para se inscrever.<\/p>\n\n\n\n<h2 class=\"wp-block-heading\" id=\"h-quais-documentos-sao-necessarios-para-pedir-a-isencao\"><strong>Quais documentos s\u00e3o necess\u00e1rios para pedir a Isen\u00e7\u00e3o?<\/strong><br><\/h2>\n\n\n\n<p>Confira os documentos solicitados para pedir a isen\u00e7\u00e3o da taxa do Enem:<\/p>\n\n\n\n<ul class=\"wp-block-list\">\n<li>Documento de identidade do participante e de todos os membros da fam\u00edlia que residem juntos;<br><\/li>\n\n\n\n<li>Comprovante de que fez todo o ensino m\u00e9dio em escola p\u00fablica (pode ser hist\u00f3rico escolar ou declara\u00e7\u00e3o com assinatura e carimbo da escola). Se for bolsista, necess\u00e1rio uma declara\u00e7\u00e3o da escola dizendo que teve bolsa 100% durante todo o ensino m\u00e9dio;<br><\/li>\n\n\n\n<li>Comprovante de renda do m\u00eas atual ou dos tr\u00eas meses anteriores:<br>\n<ul class=\"wp-block-list\">\n<li>Pode ser holerite, contracheque, recibo de pagamento, envelope de pagamento ou uma declara\u00e7\u00e3o do empregador;<br><\/li>\n\n\n\n<li>Para quem \u00e9 aut\u00f4nomo ou trabalha por conta, precisa fazer uma declara\u00e7\u00e3o pr\u00f3pria com nome, o que faz, onde trabalha, h\u00e1 quanto tempo e quanto ganha por m\u00eas;<br><\/li>\n\n\n\n<li>Extrato de rendimentos do INSS ou outros (aposentadoria, pens\u00e3o, aux\u00edlio etc.). Se n\u00e3o tiver, pode ser o extrato banc\u00e1rio mostrando o dep\u00f3sito;<br><\/li>\n\n\n\n<li>Comprovantes de comiss\u00e3o, aluguel, pr\u00f3-labore, seguro-desemprego, FGTS, pens\u00e3o aliment\u00edcia (pode ser extrato ou declara\u00e7\u00e3o de quem paga, informando o valor);<br><\/li>\n\n\n\n<li>Se receber ajuda financeira, deve apresentar uma declara\u00e7\u00e3o de quem ajuda, com nome, endere\u00e7o, telefone, valor e motivo da ajuda;<br><\/li>\n\n\n\n<li>Comprovantes de programas sociais (como Bolsa Fam\u00edlia).<br><\/li>\n<\/ul>\n<\/li>\n\n\n\n<li>Comprovante de resid\u00eancia: conta de \u00e1gua, luz, g\u00e1s, telefone, carn\u00ea de IPTU ou correspond\u00eancia oficial.<br><\/li>\n\n\n\n<li>Para quem est\u00e1 no Cad\u00danico: c\u00f3pia do cart\u00e3o com o NIS v\u00e1lido, com o nome completo e o CPF da m\u00e3e do participante.<\/li>\n<\/ul>\n\n\n\n<h2 class=\"wp-block-heading\" id=\"h-quando-sai-o-resultado-da-isencao-do-enem\"><strong>Quando sai o resultado da isen\u00e7\u00e3o do Enem?<\/strong><br><\/h2>\n\n\n\n<p>O resultado preliminar do pedido de isen\u00e7\u00e3o do Enem 2025 deve sair no dia 12 de maio. J\u00e1 o resultado final, ap\u00f3s a an\u00e1lise dos recursos, est\u00e1 previsto para o dia 22 de maio.<br><\/p>\n\n\n\n<h2 class=\"wp-block-heading\" id=\"h-cronograma-enem-2025\"><strong>Cronograma Enem 2025<\/strong><br><\/h2>\n\n\n\n<p>At\u00e9 o momento, o edital do Enem com datas oficiais e prazos determinados ainda n\u00e3o foi publicado. No entanto, com base nas edi\u00e7\u00f5es anteriores, \u00e9 poss\u00edvel ter uma estimativa das fases do exame, confira:<\/p>\n\n\n\n<ul class=\"wp-block-list\">\n<li>Isen\u00e7\u00e3o Enem 2025 e Justificativa de Aus\u00eancia: 14 de abril a 2 de maio de 2025;<\/li>\n\n\n\n<li>Resultado Isen\u00e7\u00e3o Enem 2025: 12 de maio de 2025 (resultado preliminar) e 22 de maio de 2025 (resultado definitivo);<\/li>\n\n\n\n<li>Per\u00edodo de inscri\u00e7\u00f5es Enem 2025: provavelmente em maio de 2025;<\/li>\n\n\n\n<li>Publica\u00e7\u00e3o do local de prova Enem 2025: at\u00e9 o fim de outubro de 2025;<\/li>\n\n\n\n<li>Aplica\u00e7\u00e3o das Provas do Enem 2025: provavelmente nos dois primeiros finais de semana de novembro de 2025;<\/li>\n\n\n\n<li>Publica\u00e7\u00e3o do gabarito oficial: 10 dias ap\u00f3s a realiza\u00e7\u00e3o das provas;<\/li>\n\n\n\n<li>Divulga\u00e7\u00e3o do resultado: janeiro de 2026<\/li>\n<\/ul>\n\n\n\n<div class=\"wp-block-group has-background\" style=\"background-color:#8dd2fc7a\"><div class=\"wp-block-group__inner-container is-layout-constrained wp-block-group-is-layout-constrained\">\n<div class=\"wp-block-group\"><div class=\"wp-block-group__inner-container is-layout-constrained wp-block-group-is-layout-constrained\">\n<p><strong>Outras not\u00edcias em destaque:<\/strong><\/p>\n\n\n\n<ul class=\"wp-block-list\">\n<li><a href=\"https:\/\/blog.grancursosonline.com.br\/enem-exame-nacional-do-ensino-medio\/\" target=\"_blank\" rel=\"noreferrer noopener\">ENEM: o que \u00e9, para que serve e como funciona o Exame?<\/a><\/li>\n\n\n\n<li><a href=\"https:\/\/faculdade.grancursosonline.com.br\/blog\/isencao-enem\/\" target=\"_blank\" rel=\"noreferrer noopener\">Isen\u00e7\u00e3o Enem 2025: como pedir, datas e quem tem direito?<\/a><\/li>\n\n\n\n<li><a href=\"https:\/\/blog.grancursosonline.com.br\/inscricao-enem\/\" target=\"_blank\" rel=\"noreferrer noopener\">INSCRI\u00c7\u00c3O ENEM 2025: veja o que sabemos at\u00e9 agora!<\/a><\/li>\n<\/ul>\n<\/div><\/div>\n<\/div><\/div>\n\n\n\n<h2 class=\"wp-block-heading\" id=\"h-quer-saber-mais-sobre-o-enem-preparamos-um-manual-completo-para-voce-baixar-gratuitamente\">Quer saber mais sobre o Enem? Preparamos um manual completo para voc\u00ea baixar gratuitamente!<\/h2>\n\n\n\n<p>O Manual do Enem da Gran Faculdade <strong>foi baseado no Edital publicado pelo MEC e Inep <\/strong>e conta com todas as informa\u00e7\u00f5es oficiais que foram utilizadas no programa.<\/p>\n\n\n\n<p>Neste material 100% gratuito voc\u00ea vai saber:<\/p>\n\n\n\n<ul class=\"wp-block-list\">\n<li>Hist\u00f3ria e import\u00e2ncia do Enem;<\/li>\n\n\n\n<li>Datas, prazos e taxas de inscri\u00e7\u00e3o;<\/li>\n\n\n\n<li>Como fazer o Teste Vocacional;<\/li>\n\n\n\n<li>O que estudar para o Enem;<\/li>\n\n\n\n<li>Como \u00e9 calculada a nota do Enem;<\/li>\n\n\n\n<li>E mais de 40 t\u00f3picos explicativos sobre outras d\u00favidas relacionadas ao programa.<\/li>\n<\/ul>\n\n\n\n<p>Preencha o formul\u00e1rio abaixo e receba o manual gratuitamente:<\/p>\n\n\n\n<script charset=\"utf-8\" type=\"text\/javascript\" src=\"\/\/js.hsforms.net\/forms\/embed\/v2.js\"><\/script>\n<script>\n  hbspt.forms.create({\n    region: \"na1\",\n    portalId: \"302036\",\n    formId: \"0fe5415a-ece9-4459-950a-7a8aa13baf90\"\n  });\n<\/script>\n\n\n<p><script charset=\"utf-8\" type=\"text\/javascript\" src=\"\/\/js.hsforms.net\/forms\/embed\/v2.js\"><\/script> <script><br \/>\n  hbspt.forms.create({<br \/>\n    region: \"na1\",<br \/>\n    portalId: \"302036\",<br \/>\n    formId: \"0fe5415a-ece9-4459-950a-7a8aa13baf90\"<br \/>\n  });<br \/>\n<\/script><\/p>\n\n\n<h2 class=\"wp-block-heading\" id=\"h-conheca-os-cursos-da-gran-faculdade\">Conhe\u00e7a os cursos da Gran Faculdade!<\/h2>\n\n\n\n<p>Na <a href=\"https:\/\/faculdade.grancursosonline.com.br\/\" target=\"_blank\" rel=\"noreferrer noopener\">Gran Faculdade<\/a>, voc\u00ea encontra diversas op\u00e7\u00f5es para sua forma\u00e7\u00e3o, desde cursos de <a href=\"https:\/\/faculdade.grancursosonline.com.br\/\" target=\"_blank\" rel=\"noreferrer noopener\">gradua\u00e7\u00e3o<\/a> at\u00e9 <a href=\"https:\/\/pos.grancursosonline.com.br\/\" target=\"_blank\" rel=\"noreferrer noopener\">especializa\u00e7\u00f5es<\/a> e <a href=\"https:\/\/pos.grancursosonline.com.br\/mba\" target=\"_blank\" rel=\"noreferrer noopener\">MBAs<\/a>, com a flexibilidade e qualidade que voc\u00ea precisa para avan\u00e7ar na sua carreira.<\/p>\n\n\n\n<p>Nossos cursos de <a href=\"https:\/\/faculdade.grancursosonline.com.br\/\" target=\"_blank\" rel=\"noreferrer noopener\">gradua\u00e7\u00e3o<\/a> e <a href=\"https:\/\/pos.grancursosonline.com.br\/\" target=\"_blank\" rel=\"noreferrer noopener\">p\u00f3s-gradua\u00e7\u00e3o EAD<\/a> s\u00e3o 100% online, mas tamb\u00e9m oferecemos op\u00e7\u00f5es de <a href=\"https:\/\/presencial.grancursosonline.com.br\/\" target=\"_blank\" rel=\"noreferrer noopener\">cursos presenciais no Campus Curitiba<\/a>, permitindo que voc\u00ea estude de forma pr\u00e1tica e no seu ritmo e do seu jeito, otimizando tamb\u00e9m a prepara\u00e7\u00e3o para concursos p\u00fablicos. Eles oferecem uma base s\u00f3lida para sua atua\u00e7\u00e3o profissional e te ajudam a se destacar ainda mais no mercado.<\/p>\n\n\n\n<p>S\u00e3o v\u00e1rias op\u00e7\u00f5es de cursos nas \u00e1reas de Gest\u00e3o, Educa\u00e7\u00e3o, Direito, Policial, Tecnologia e Engenharia. Aqui, voc\u00ea estuda em uma institui\u00e7\u00e3o reconhecida pelo MEC com nota m\u00e1xima, aproveitando mensalidades acess\u00edveis e ajustadas \u00e0 sua rotina.<\/p>\n\n\n\n<p>N\u00e3o perca a chance de transformar sua vida acad\u00eamica e profissional! Confira nossos cursos, fa\u00e7a sua matr\u00edcula e comece hoje mesmo sua jornada com o Gran Faculdade:<\/p>\n\n\n\n<p class=\"has-text-align-center\"><a href=\"https:\/\/faculdade.grancursosonline.com.br\/\" target=\"_blank\" rel=\"noreferrer noopener\">Conhe\u00e7a os cursos da Gran Faculdade<\/a><\/p>\n\n\n\n<div class=\"wp-block-group\"><div class=\"wp-block-group__inner-container is-layout-constrained wp-block-group-is-layout-constrained\">\n<div class=\"wp-block-group\"><div class=\"wp-block-group__inner-container is-layout-constrained wp-block-group-is-layout-constrained\">\n<section style=\"text-align: center;\">\n<p>Quer ficar por dentro da Faculdade Digital mais inovadora do Brasil?<\/p>\n<nav>\n<p class=\"has-background has-dark-bluish-background-color\" style=\"font-size: 25px; text-align: center; background: #f0f0f0; color: #ffffff; padding: 4px 0px 4xp 0px;\"><a style=\"color: #0d134c; text-decoration: underline;\" href=\"https:\/\/faculdade.grancursosonline.com.br\/\" target=\"_blank\" rel=\"noopener\">GRADUA\u00c7\u00c3O<\/a><\/p>\n<p class=\"has-background has-dark-bluish-background-color\" style=\"font-size: 25px; text-align: center; background: #f0f0f0; color: #ffffff; padding: 4px 0px 4xp 0px;\"><a style=\"color: #0d134c; text-decoration: underline;\" href=\"https:\/\/pos.grancursosonline.com.br\/\" target=\"_blank\" rel=\"noopener\">P\u00d3S-GRADUA\u00c7\u00c3O<\/a><\/p>\n<p class=\"has-background has-dark-bluish-background-color\" style=\"font-size: 25px; text-align: center; background: #f0f0f0; color: #ffffff; padding: 4px 0px 4xp 0px;\"><a style=\"color: #0d134c; text-decoration: underline;\" href=\"https:\/\/faculdade.grancursosonline.com.br\/nossos-cursos\/\" target=\"_blank\" rel=\"noopener\">TUDO SOBRE A GRAN FACULDADE<\/a><\/p>\n<\/nav>\n<p><strong>Receba <span style=\"color: #cf1e25;\">gratuitamente<\/span> no seu celular as principais not\u00edcias sobre a Gran Faculdade! <br \/>Clique no link abaixo e inscreva-se:<\/strong><\/p>\n<p class=\"has-background has-dark-bluish-background-color\" style=\"font-size: 25px; text-align: center; background: #f0f0f0; color: #ffffff; padding: 4px 0px 4xp 0px;\"><a style=\"color: #0d134c; text-decoration: underline;\" href=\"https:\/\/whatsapp.com\/channel\/0029VaG1sChI7Be7PNndhL43\" target=\"_blank\" rel=\"noopener noreferrer\">WHATSAPP<\/a><\/p>\n<p class=\"has-background has-dark-bluish-background-color\" style=\"font-size: 25px; text-align: center; background: #f0f0f0; color: #ffffff; padding: 4px 0px 4xp 0px;\"><a style=\"color: #0d134c; text-decoration: underline;\" href=\"https:\/\/t.me\/GranFaculdade\" target=\"_blank\" rel=\"noopener noreferrer\">TELEGRAM<\/a><\/p>\n<\/section>\n<\/div><\/div>\n<\/div><\/div>\n","protected":false},"excerpt":{"rendered":"<p>A solicita\u00e7\u00e3o de Isen\u00e7\u00e3o Enem 2025, que come\u00e7ou no dia 14 de abril, foi prorrogada at\u00e9 o dia 2 de maio. Os estudantes que se encaixarem nos requisitos podem conseguir ficar isentos de pagar a taxa de inscri\u00e7\u00e3o, que nas \u00faltimas edi\u00e7\u00f5es t\u00eam sido R$ 85. As inscri\u00e7\u00f5es para o Exame Nacional do Ensino M\u00e9dio&hellip;<\/p>\n","protected":false},"author":513,"featured_media":79753081,"comment_status":"open","ping_status":"open","sticky":false,"template":"","format":"standard","meta":{"_acf_changed":false,"content-type":"","footnotes":""},"categories":[1543,2],"tags":[],"class_list":["post-79753080","post","type-post","status-publish","format-standard","has-post-thumbnail","hentry","category-enem","category-ultimas-noticias"],"acf":[],"yoast_head":"<!-- This site is optimized with the Yoast SEO Premium plugin v27.2 (Yoast SEO v27.2) - https:\/\/yoast.com\/product\/yoast-seo-premium-wordpress\/ -->\n<title>Isen\u00e7\u00e3o Enem 2025: prazo de solicita\u00e7\u00e3o prorrogado; Saiba\u00a0novas datas!<\/title>\n<meta name=\"description\" content=\"Descubra quem pode pedir a isen\u00e7\u00e3o Enem 2025, como fazer a solicita\u00e7\u00e3o, os prazos e como garantir o benef\u00edcio. Confira todos os detalhes!\" \/>\n<meta name=\"robots\" content=\"index, follow, max-snippet:-1, max-image-preview:large, max-video-preview:-1\" \/>\n<link rel=\"canonical\" href=\"https:\/\/faculdade.grancursosonline.com.br\/blog\/isencao-enem-2025\/\" \/>\n<meta property=\"og:locale\" content=\"pt_BR\" \/>\n<meta property=\"og:type\" content=\"article\" \/>\n<meta property=\"og:title\" content=\"Isen\u00e7\u00e3o Enem 2025: prazo de solicita\u00e7\u00e3o prorrogado; Saiba\u00a0novas datas!\" \/>\n<meta property=\"og:description\" content=\"Descubra quem pode pedir a isen\u00e7\u00e3o Enem 2025, como fazer a solicita\u00e7\u00e3o, os prazos e como garantir o benef\u00edcio. Confira todos os detalhes!\" \/>\n<meta property=\"og:url\" content=\"https:\/\/faculdade.grancursosonline.com.br\/blog\/isencao-enem-2025\/\" \/>\n<meta property=\"og:site_name\" content=\"Blog Gran Faculdade\" \/>\n<meta property=\"article:publisher\" content=\"https:\/\/www.facebook.com\/grancursosonline\/\" \/>\n<meta property=\"article:published_time\" content=\"2025-04-28T17:15:23+00:00\" \/>\n<meta property=\"article:modified_time\" content=\"2025-04-28T17:16:00+00:00\" \/>\n<meta property=\"og:image\" content=\"https:\/\/blog-es-static.infra.grancursosonline.com.br\/wp-content\/uploads\/2025\/04\/14153637\/Isencao-Enem-2025-prazo-para-solicitar-comeca-hoje-Saiba-como-pedir-a-sua.jpg\" \/>\n\t<meta property=\"og:image:width\" content=\"1000\" \/>\n\t<meta property=\"og:image:height\" content=\"600\" \/>\n\t<meta property=\"og:image:type\" content=\"image\/jpeg\" \/>\n<meta name=\"author\" content=\"Larissa de Fran\u00e7a\" \/>\n<meta name=\"twitter:card\" content=\"summary_large_image\" \/>\n<meta name=\"twitter:creator\" content=\"@gran_online\" \/>\n<meta name=\"twitter:site\" content=\"@gran_online\" \/>\n<meta name=\"twitter:label1\" content=\"Written by\" \/>\n\t<meta name=\"twitter:data1\" content=\"Larissa de Fran\u00e7a\" \/>\n\t<meta name=\"twitter:label2\" content=\"Est. reading time\" \/>\n\t<meta name=\"twitter:data2\" content=\"8 minutos\" \/>\n<script type=\"application\/ld+json\" class=\"yoast-schema-graph\">{\"@context\":\"https:\/\/schema.org\",\"@graph\":[{\"@type\":\"NewsArticle\",\"@id\":\"https:\/\/faculdade.grancursosonline.com.br\/blog\/isencao-enem-2025\/#article\",\"isPartOf\":{\"@id\":\"https:\/\/faculdade.grancursosonline.com.br\/blog\/isencao-enem-2025\/\"},\"author\":{\"name\":\"Larissa de Fran\u00e7a\",\"@id\":\"https:\/\/faculdade.grancursosonline.com.br\/blog\/#\/schema\/person\/e41590de43e91fa2adf3cf8b740a6a34\"},\"headline\":\"Isen\u00e7\u00e3o Enem 2025: prazo de solicita\u00e7\u00e3o prorrogado; Saiba\u00a0novas datas!\",\"datePublished\":\"2025-04-28T17:15:23+00:00\",\"dateModified\":\"2025-04-28T17:16:00+00:00\",\"mainEntityOfPage\":{\"@id\":\"https:\/\/faculdade.grancursosonline.com.br\/blog\/isencao-enem-2025\/\"},\"wordCount\":1029,\"commentCount\":0,\"publisher\":{\"@id\":\"https:\/\/faculdade.grancursosonline.com.br\/blog\/#organization\"},\"image\":{\"@id\":\"https:\/\/faculdade.grancursosonline.com.br\/blog\/isencao-enem-2025\/#primaryimage\"},\"thumbnailUrl\":\"https:\/\/blog-es-static.infra.grancursosonline.com.br\/wp-content\/uploads\/2025\/04\/14153637\/Isencao-Enem-2025-prazo-para-solicitar-comeca-hoje-Saiba-como-pedir-a-sua.jpg\",\"articleSection\":[\"ENEM\",\"\u00daltimas Not\u00edcias\"],\"inLanguage\":\"pt-BR\",\"potentialAction\":[{\"@type\":\"CommentAction\",\"name\":\"Comment\",\"target\":[\"https:\/\/faculdade.grancursosonline.com.br\/blog\/isencao-enem-2025\/#respond\"]}],\"copyrightYear\":\"2025\",\"copyrightHolder\":{\"@id\":\"https:\/\/faculdade.grancursosonline.com.br\/blog\/#organization\"}},{\"@type\":\"WebPage\",\"@id\":\"https:\/\/faculdade.grancursosonline.com.br\/blog\/isencao-enem-2025\/\",\"url\":\"https:\/\/faculdade.grancursosonline.com.br\/blog\/isencao-enem-2025\/\",\"name\":\"Isen\u00e7\u00e3o Enem 2025: prazo de solicita\u00e7\u00e3o prorrogado; Saiba\u00a0novas datas!\",\"isPartOf\":{\"@id\":\"https:\/\/faculdade.grancursosonline.com.br\/blog\/#website\"},\"primaryImageOfPage\":{\"@id\":\"https:\/\/faculdade.grancursosonline.com.br\/blog\/isencao-enem-2025\/#primaryimage\"},\"image\":{\"@id\":\"https:\/\/faculdade.grancursosonline.com.br\/blog\/isencao-enem-2025\/#primaryimage\"},\"thumbnailUrl\":\"https:\/\/blog-es-static.infra.grancursosonline.com.br\/wp-content\/uploads\/2025\/04\/14153637\/Isencao-Enem-2025-prazo-para-solicitar-comeca-hoje-Saiba-como-pedir-a-sua.jpg\",\"datePublished\":\"2025-04-28T17:15:23+00:00\",\"dateModified\":\"2025-04-28T17:16:00+00:00\",\"description\":\"Descubra quem pode pedir a isen\u00e7\u00e3o Enem 2025, como fazer a solicita\u00e7\u00e3o, os prazos e como garantir o benef\u00edcio. Confira todos os detalhes!\",\"breadcrumb\":{\"@id\":\"https:\/\/faculdade.grancursosonline.com.br\/blog\/isencao-enem-2025\/#breadcrumb\"},\"inLanguage\":\"pt-BR\",\"potentialAction\":[{\"@type\":\"ReadAction\",\"target\":[\"https:\/\/faculdade.grancursosonline.com.br\/blog\/isencao-enem-2025\/\"]}]},{\"@type\":\"ImageObject\",\"inLanguage\":\"pt-BR\",\"@id\":\"https:\/\/faculdade.grancursosonline.com.br\/blog\/isencao-enem-2025\/#primaryimage\",\"url\":\"https:\/\/blog-es-static.infra.grancursosonline.com.br\/wp-content\/uploads\/2025\/04\/14153637\/Isencao-Enem-2025-prazo-para-solicitar-comeca-hoje-Saiba-como-pedir-a-sua.jpg\",\"contentUrl\":\"https:\/\/blog-es-static.infra.grancursosonline.com.br\/wp-content\/uploads\/2025\/04\/14153637\/Isencao-Enem-2025-prazo-para-solicitar-comeca-hoje-Saiba-como-pedir-a-sua.jpg\",\"width\":1000,\"height\":600},{\"@type\":\"BreadcrumbList\",\"@id\":\"https:\/\/faculdade.grancursosonline.com.br\/blog\/isencao-enem-2025\/#breadcrumb\",\"itemListElement\":[{\"@type\":\"ListItem\",\"position\":1,\"name\":\"In\u00edcio\",\"item\":\"https:\/\/faculdade.grancursosonline.com.br\/blog\/\"},{\"@type\":\"ListItem\",\"position\":2,\"name\":\"ENEM\",\"item\":\"https:\/\/faculdade.grancursosonline.com.br\/blog\/enem\/\"},{\"@type\":\"ListItem\",\"position\":3,\"name\":\"Isen\u00e7\u00e3o Enem 2025: prazo de solicita\u00e7\u00e3o prorrogado; Saiba\u00a0novas datas!\"}]},{\"@type\":\"WebSite\",\"@id\":\"https:\/\/faculdade.grancursosonline.com.br\/blog\/#website\",\"url\":\"https:\/\/faculdade.grancursosonline.com.br\/blog\/\",\"name\":\"Blog Gran Faculdade\",\"description\":\"Tudo sobre ensino superior, p\u00f3s-gradua\u00e7\u00e3o, enem e carreira.\",\"publisher\":{\"@id\":\"https:\/\/faculdade.grancursosonline.com.br\/blog\/#organization\"},\"potentialAction\":[{\"@type\":\"SearchAction\",\"target\":{\"@type\":\"EntryPoint\",\"urlTemplate\":\"https:\/\/faculdade.grancursosonline.com.br\/blog\/?s={search_term_string}\"},\"query-input\":{\"@type\":\"PropertyValueSpecification\",\"valueRequired\":true,\"valueName\":\"search_term_string\"}}],\"inLanguage\":\"pt-BR\"},{\"@type\":\"Organization\",\"@id\":\"https:\/\/faculdade.grancursosonline.com.br\/blog\/#organization\",\"name\":\"Gran Cursos Online\",\"url\":\"https:\/\/faculdade.grancursosonline.com.br\/blog\/\",\"logo\":{\"@type\":\"ImageObject\",\"inLanguage\":\"pt-BR\",\"@id\":\"https:\/\/faculdade.grancursosonline.com.br\/blog\/#\/schema\/logo\/image\/\",\"url\":\"https:\/\/blog-es-static.infra.grancursosonline.com.br\/wp-content\/uploads\/2019\/08\/03123934\/logo.png\",\"contentUrl\":\"https:\/\/blog-es-static.infra.grancursosonline.com.br\/wp-content\/uploads\/2019\/08\/03123934\/logo.png\",\"width\":300,\"height\":57,\"caption\":\"Gran Cursos Online\"},\"image\":{\"@id\":\"https:\/\/faculdade.grancursosonline.com.br\/blog\/#\/schema\/logo\/image\/\"},\"sameAs\":[\"https:\/\/www.facebook.com\/grancursosonline\/\",\"https:\/\/x.com\/gran_online\",\"https:\/\/www.instagram.com\/grancursosonline\/\",\"https:\/\/www.youtube.com\/user\/grancursostv\"]},{\"@type\":\"Person\",\"@id\":\"https:\/\/faculdade.grancursosonline.com.br\/blog\/#\/schema\/person\/e41590de43e91fa2adf3cf8b740a6a34\",\"name\":\"Larissa de Fran\u00e7a\",\"url\":\"https:\/\/faculdade.grancursosonline.com.br\/blog\/author\/larisa-leonardo\/\"}]}<\/script>\n<!-- \/ Yoast SEO Premium plugin. -->","yoast_head_json":{"title":"Isen\u00e7\u00e3o Enem 2025: prazo de solicita\u00e7\u00e3o prorrogado; Saiba\u00a0novas datas!","description":"Descubra quem pode pedir a isen\u00e7\u00e3o Enem 2025, como fazer a solicita\u00e7\u00e3o, os prazos e como garantir o benef\u00edcio. Confira todos os detalhes!","robots":{"index":"index","follow":"follow","max-snippet":"max-snippet:-1","max-image-preview":"max-image-preview:large","max-video-preview":"max-video-preview:-1"},"canonical":"https:\/\/faculdade.grancursosonline.com.br\/blog\/isencao-enem-2025\/","og_locale":"pt_BR","og_type":"article","og_title":"Isen\u00e7\u00e3o Enem 2025: prazo de solicita\u00e7\u00e3o prorrogado; Saiba\u00a0novas datas!","og_description":"Descubra quem pode pedir a isen\u00e7\u00e3o Enem 2025, como fazer a solicita\u00e7\u00e3o, os prazos e como garantir o benef\u00edcio. Confira todos os detalhes!","og_url":"https:\/\/faculdade.grancursosonline.com.br\/blog\/isencao-enem-2025\/","og_site_name":"Blog Gran Faculdade","article_publisher":"https:\/\/www.facebook.com\/grancursosonline\/","article_published_time":"2025-04-28T17:15:23+00:00","article_modified_time":"2025-04-28T17:16:00+00:00","og_image":[{"width":1000,"height":600,"url":"https:\/\/blog-es-static.infra.grancursosonline.com.br\/wp-content\/uploads\/2025\/04\/14153637\/Isencao-Enem-2025-prazo-para-solicitar-comeca-hoje-Saiba-como-pedir-a-sua.jpg","type":"image\/jpeg"}],"author":"Larissa de Fran\u00e7a","twitter_card":"summary_large_image","twitter_creator":"@gran_online","twitter_site":"@gran_online","twitter_misc":{"Written by":"Larissa de Fran\u00e7a","Est. reading time":"8 minutos"},"schema":{"@context":"https:\/\/schema.org","@graph":[{"@type":"NewsArticle","@id":"https:\/\/faculdade.grancursosonline.com.br\/blog\/isencao-enem-2025\/#article","isPartOf":{"@id":"https:\/\/faculdade.grancursosonline.com.br\/blog\/isencao-enem-2025\/"},"author":{"name":"Larissa de Fran\u00e7a","@id":"https:\/\/faculdade.grancursosonline.com.br\/blog\/#\/schema\/person\/e41590de43e91fa2adf3cf8b740a6a34"},"headline":"Isen\u00e7\u00e3o Enem 2025: prazo de solicita\u00e7\u00e3o prorrogado; Saiba\u00a0novas datas!","datePublished":"2025-04-28T17:15:23+00:00","dateModified":"2025-04-28T17:16:00+00:00","mainEntityOfPage":{"@id":"https:\/\/faculdade.grancursosonline.com.br\/blog\/isencao-enem-2025\/"},"wordCount":1029,"commentCount":0,"publisher":{"@id":"https:\/\/faculdade.grancursosonline.com.br\/blog\/#organization"},"image":{"@id":"https:\/\/faculdade.grancursosonline.com.br\/blog\/isencao-enem-2025\/#primaryimage"},"thumbnailUrl":"https:\/\/blog-es-static.infra.grancursosonline.com.br\/wp-content\/uploads\/2025\/04\/14153637\/Isencao-Enem-2025-prazo-para-solicitar-comeca-hoje-Saiba-como-pedir-a-sua.jpg","articleSection":["ENEM","\u00daltimas Not\u00edcias"],"inLanguage":"pt-BR","potentialAction":[{"@type":"CommentAction","name":"Comment","target":["https:\/\/faculdade.grancursosonline.com.br\/blog\/isencao-enem-2025\/#respond"]}],"copyrightYear":"2025","copyrightHolder":{"@id":"https:\/\/faculdade.grancursosonline.com.br\/blog\/#organization"}},{"@type":"WebPage","@id":"https:\/\/faculdade.grancursosonline.com.br\/blog\/isencao-enem-2025\/","url":"https:\/\/faculdade.grancursosonline.com.br\/blog\/isencao-enem-2025\/","name":"Isen\u00e7\u00e3o Enem 2025: prazo de solicita\u00e7\u00e3o prorrogado; Saiba\u00a0novas datas!","isPartOf":{"@id":"https:\/\/faculdade.grancursosonline.com.br\/blog\/#website"},"primaryImageOfPage":{"@id":"https:\/\/faculdade.grancursosonline.com.br\/blog\/isencao-enem-2025\/#primaryimage"},"image":{"@id":"https:\/\/faculdade.grancursosonline.com.br\/blog\/isencao-enem-2025\/#primaryimage"},"thumbnailUrl":"https:\/\/blog-es-static.infra.grancursosonline.com.br\/wp-content\/uploads\/2025\/04\/14153637\/Isencao-Enem-2025-prazo-para-solicitar-comeca-hoje-Saiba-como-pedir-a-sua.jpg","datePublished":"2025-04-28T17:15:23+00:00","dateModified":"2025-04-28T17:16:00+00:00","description":"Descubra quem pode pedir a isen\u00e7\u00e3o Enem 2025, como fazer a solicita\u00e7\u00e3o, os prazos e como garantir o benef\u00edcio. Confira todos os detalhes!","breadcrumb":{"@id":"https:\/\/faculdade.grancursosonline.com.br\/blog\/isencao-enem-2025\/#breadcrumb"},"inLanguage":"pt-BR","potentialAction":[{"@type":"ReadAction","target":["https:\/\/faculdade.grancursosonline.com.br\/blog\/isencao-enem-2025\/"]}]},{"@type":"ImageObject","inLanguage":"pt-BR","@id":"https:\/\/faculdade.grancursosonline.com.br\/blog\/isencao-enem-2025\/#primaryimage","url":"https:\/\/blog-es-static.infra.grancursosonline.com.br\/wp-content\/uploads\/2025\/04\/14153637\/Isencao-Enem-2025-prazo-para-solicitar-comeca-hoje-Saiba-como-pedir-a-sua.jpg","contentUrl":"https:\/\/blog-es-static.infra.grancursosonline.com.br\/wp-content\/uploads\/2025\/04\/14153637\/Isencao-Enem-2025-prazo-para-solicitar-comeca-hoje-Saiba-como-pedir-a-sua.jpg","width":1000,"height":600},{"@type":"BreadcrumbList","@id":"https:\/\/faculdade.grancursosonline.com.br\/blog\/isencao-enem-2025\/#breadcrumb","itemListElement":[{"@type":"ListItem","position":1,"name":"In\u00edcio","item":"https:\/\/faculdade.grancursosonline.com.br\/blog\/"},{"@type":"ListItem","position":2,"name":"ENEM","item":"https:\/\/faculdade.grancursosonline.com.br\/blog\/enem\/"},{"@type":"ListItem","position":3,"name":"Isen\u00e7\u00e3o Enem 2025: prazo de solicita\u00e7\u00e3o prorrogado; Saiba\u00a0novas datas!"}]},{"@type":"WebSite","@id":"https:\/\/faculdade.grancursosonline.com.br\/blog\/#website","url":"https:\/\/faculdade.grancursosonline.com.br\/blog\/","name":"Blog Gran Faculdade","description":"Tudo sobre ensino superior, p\u00f3s-gradua\u00e7\u00e3o, enem e carreira.","publisher":{"@id":"https:\/\/faculdade.grancursosonline.com.br\/blog\/#organization"},"potentialAction":[{"@type":"SearchAction","target":{"@type":"EntryPoint","urlTemplate":"https:\/\/faculdade.grancursosonline.com.br\/blog\/?s={search_term_string}"},"query-input":{"@type":"PropertyValueSpecification","valueRequired":true,"valueName":"search_term_string"}}],"inLanguage":"pt-BR"},{"@type":"Organization","@id":"https:\/\/faculdade.grancursosonline.com.br\/blog\/#organization","name":"Gran Cursos Online","url":"https:\/\/faculdade.grancursosonline.com.br\/blog\/","logo":{"@type":"ImageObject","inLanguage":"pt-BR","@id":"https:\/\/faculdade.grancursosonline.com.br\/blog\/#\/schema\/logo\/image\/","url":"https:\/\/blog-es-static.infra.grancursosonline.com.br\/wp-content\/uploads\/2019\/08\/03123934\/logo.png","contentUrl":"https:\/\/blog-es-static.infra.grancursosonline.com.br\/wp-content\/uploads\/2019\/08\/03123934\/logo.png","width":300,"height":57,"caption":"Gran Cursos Online"},"image":{"@id":"https:\/\/faculdade.grancursosonline.com.br\/blog\/#\/schema\/logo\/image\/"},"sameAs":["https:\/\/www.facebook.com\/grancursosonline\/","https:\/\/x.com\/gran_online","https:\/\/www.instagram.com\/grancursosonline\/","https:\/\/www.youtube.com\/user\/grancursostv"]},{"@type":"Person","@id":"https:\/\/faculdade.grancursosonline.com.br\/blog\/#\/schema\/person\/e41590de43e91fa2adf3cf8b740a6a34","name":"Larissa de Fran\u00e7a","url":"https:\/\/faculdade.grancursosonline.com.br\/blog\/author\/larisa-leonardo\/"}]}},"_links":{"self":[{"href":"https:\/\/faculdade.grancursosonline.com.br\/blog\/wp-json\/wp\/v2\/posts\/79753080","targetHints":{"allow":["GET"]}}],"collection":[{"href":"https:\/\/faculdade.grancursosonline.com.br\/blog\/wp-json\/wp\/v2\/posts"}],"about":[{"href":"https:\/\/faculdade.grancursosonline.com.br\/blog\/wp-json\/wp\/v2\/types\/post"}],"author":[{"embeddable":true,"href":"https:\/\/faculdade.grancursosonline.com.br\/blog\/wp-json\/wp\/v2\/users\/513"}],"replies":[{"embeddable":true,"href":"https:\/\/faculdade.grancursosonline.com.br\/blog\/wp-json\/wp\/v2\/comments?post=79753080"}],"version-history":[{"count":3,"href":"https:\/\/faculdade.grancursosonline.com.br\/blog\/wp-json\/wp\/v2\/posts\/79753080\/revisions"}],"predecessor-version":[{"id":79753539,"href":"https:\/\/faculdade.grancursosonline.com.br\/blog\/wp-json\/wp\/v2\/posts\/79753080\/revisions\/79753539"}],"wp:featuredmedia":[{"embeddable":true,"href":"https:\/\/faculdade.grancursosonline.com.br\/blog\/wp-json\/wp\/v2\/media\/79753081"}],"wp:attachment":[{"href":"https:\/\/faculdade.grancursosonline.com.br\/blog\/wp-json\/wp\/v2\/media?parent=79753080"}],"wp:term":[{"taxonomy":"category","embeddable":true,"href":"https:\/\/faculdade.grancursosonline.com.br\/blog\/wp-json\/wp\/v2\/categories?post=79753080"},{"taxonomy":"post_tag","embeddable":true,"href":"https:\/\/faculdade.grancursosonline.com.br\/blog\/wp-json\/wp\/v2\/tags?post=79753080"}],"curies":[{"name":"wp","href":"https:\/\/api.w.org\/{rel}","templated":true}]}}