{"id":79753156,"date":"2026-08-27T16:37:19","date_gmt":"2026-08-27T19:37:19","guid":{"rendered":"https:\/\/faculdade.grancursosonline.com.br\/blog\/?p=79753156"},"modified":"2026-08-27T16:38:19","modified_gmt":"2026-08-27T19:38:19","slug":"direito-profissoes","status":"publish","type":"post","link":"https:\/\/faculdade.grancursosonline.com.br\/blog\/direito-profissoes\/","title":{"rendered":"Profiss\u00f5es em Direito: 15 op\u00e7\u00f5es de carreiras"},"content":{"rendered":"\n<p class=\"wp-block-paragraph\">Voc\u00ea j\u00e1 pensou em seguir carreira na \u00e1rea jur\u00eddica, mas ainda n\u00e3o sabe qual caminho escolher?<\/p>\n\n\n\n<p class=\"wp-block-paragraph\">As <strong>profiss\u00f5es em Direito<\/strong> v\u00e3o muito al\u00e9m da advocacia e oferecem op\u00e7\u00f5es para todos os perfis, desde quem gosta de resolver conflitos at\u00e9 quem prefere atuar nos bastidores de grandes empresas.<\/p>\n\n\n\n<p class=\"wp-block-paragraph\">Com tantas possibilidades, \u00e9 normal ficar em d\u00favida sobre qual delas combina mais com voc\u00ea. Mas calma! Preparamos este guia de 15 op\u00e7\u00f5es de carreiras em Direito, com a explica\u00e7\u00e3o do que faz cada profissional e quais s\u00e3o as principais \u00e1reas de atua\u00e7\u00e3o.&nbsp;<\/p>\n\n\n\n<p class=\"wp-block-paragraph\">Assim, voc\u00ea consegue visualizar melhor suas op\u00e7\u00f5es e pode come\u00e7ar a planejar seu futuro. Confira agora!<\/p>\n\n\n\n<div class=\"wp-block-yoast-seo-table-of-contents yoast-table-of-contents\"><ul><li><a href=\"#h-vale-a-pena-fazer-direito\" data-level=\"2\">Vale a pena fazer Direito?<\/a><\/li><li><a href=\"#h-15-profissoes-para-formados-em-direito\" data-level=\"2\">15 profiss\u00f5es para formados em Direito<\/a><ul><li><a href=\"#h-1-advogado-civil\" data-level=\"3\">1. Advogado civil<\/a><\/li><li><a href=\"#h-2-advogado-criminal\" data-level=\"3\">2. Advogado criminal<\/a><\/li><li><a href=\"#h-3-advogado-trabalhista\" data-level=\"3\">3. Advogado trabalhista<\/a><\/li><li><a href=\"#h-4-advogado-empresarial\" data-level=\"3\">4. Advogado empresarial<\/a><\/li><li><a href=\"#h-5-advogado-ambiental\" data-level=\"3\">5. Advogado ambiental<\/a><\/li><li><a href=\"#h-6-defensor-publico\" data-level=\"3\">6. Defensor p\u00fablico<\/a><\/li><li><a href=\"#h-7-delegado-de-policia\" data-level=\"3\">7. Delegado de pol\u00edcia<\/a><\/li><li><a href=\"#h-8-juiz-de-direito\" data-level=\"3\">8. Juiz de direito<\/a><\/li><li><a href=\"#h-9-promotor-de-justica\" data-level=\"3\">9. Promotor de justi\u00e7a<\/a><\/li><li><a href=\"#h-10-procurador-da-republica\" data-level=\"3\">10. Procurador da rep\u00fablica<\/a><\/li><li><a href=\"#h-11-tabeliao-de-cartorio\" data-level=\"3\">11. Tabeli\u00e3o de cart\u00f3rio<\/a><\/li><li><a href=\"#h-12-oficial-de-justica\" data-level=\"3\">12. Oficial de justi\u00e7a<\/a><\/li><li><a href=\"#h-13-consultor-juridico\" data-level=\"3\">13. Consultor jur\u00eddico<\/a><\/li><li><a href=\"#h-14-compliance-officer\" data-level=\"3\">14. Compliance officer<\/a><\/li><li><a href=\"#h-15-professor-de-direito\" data-level=\"3\">15. Professor de Direito<\/a><\/li><\/ul><\/li><li><a href=\"#h-areas-do-direito-mais-trabalhadas-no-brasil\" data-level=\"2\">\u00c1reas do Direito mais trabalhadas no Brasil<\/a><\/li><li><a href=\"#h-quanto-ganha-um-profissional-de-direito\" data-level=\"2\">Quanto ganha um profissional de Direito?<\/a><ul><li><a href=\"#h-exigencias-e-caminhos-de-carreira\" data-level=\"3\">Exig\u00eancias e caminhos de carreira<\/a><\/li><\/ul><\/li><li><a href=\"#h-3-erros-ao-planejar-sua-carreira-no-direito\" data-level=\"2\">3 erros ao planejar sua carreira no Direito<\/a><\/li><li><a href=\"#h-faq-duvidas-frequentes-sobre-carreiras-no-direito\" data-level=\"2\">FAQ: d\u00favidas frequentes sobre carreiras no Direito<\/a><\/li><li><a href=\"#h-conheca-a-pos-graduacao-da-gran-faculdade\" data-level=\"2\">Conhe\u00e7a a p\u00f3s-gradua\u00e7\u00e3o da Gran Faculdade<\/a><\/li><\/ul><\/div>\n\n\n\n<figure class=\"wp-block-image size-large is-resized\"><img loading=\"lazy\" decoding=\"async\" width=\"1024\" height=\"683\" src=\"https:\/\/blog-es-static.infra.grancursosonline.com.br\/wp-content\/uploads\/2025\/04\/27161611\/Profissoes-em-Direito-1024x683.png\" alt=\"A imagem mostra uma jovem profissional em um ambiente de estudos e trabalho jur\u00eddico, cercada por livros e elementos tradicionais da \u00e1rea.\nA composi\u00e7\u00e3o representa as diversas possibilidades de carreira para quem escolhe o Direito, tema central do conte\u00fado.\nO cen\u00e1rio transmite profissionalismo, aprendizado e planejamento para diferentes trajet\u00f3rias no mercado jur\u00eddico.\" class=\"wp-image-79768842\" style=\"aspect-ratio:1.499310034979622;width:613px;height:auto\"\/><\/figure>\n\n\n\n<p class=\"wp-block-paragraph\"><em>Conhe\u00e7a os diferentes caminhos para construir sua carreira jur\u00eddica.<\/em><\/p>\n\n\n\n<h2 id=\"h-vale-a-pena-fazer-direito\" class=\"wp-block-heading\">Vale a pena fazer Direito?<\/h2>\n\n\n\n<p class=\"wp-block-paragraph\">Se vale a pena ou n\u00e3o fazer direito <strong>depende dos seus objetivos<\/strong> e interesses, mas, no geral, a \u00e1rea jur\u00eddica \u00e9 uma das <strong>mais valorizadas e aquecidas do mercado<\/strong>.<\/p>\n\n\n\n<p class=\"wp-block-paragraph\">Com um diploma em Direito, voc\u00ea pode escolher entre <strong>diversas \u00e1reas<\/strong>, desde as mais tradicionais, como advocacia e magistratura, at\u00e9 os campos recentes, como Analista de Dados Jur\u00eddico ou Mediador\/Conciliador.<\/p>\n\n\n\n<p class=\"wp-block-paragraph\">Outro ponto positivo \u00e9 a<strong> versatilidade da atua\u00e7\u00e3o<\/strong>. Ela n\u00e3o se limita ao setor p\u00fablico ou aos tribunais, startups, ONGs e \u00f3rg\u00e3os internacionais tamb\u00e9m precisam de profissionais com conhecimento jur\u00eddico.<\/p>\n\n\n\n<p class=\"wp-block-paragraph\">Ou seja, esse curso abre portas para diferentes ambientes e perfis, o que aumenta ainda mais suas chances de construir uma carreira de sucesso e com prop\u00f3sito.<\/p>\n\n\n\n<h2 id=\"h-15-profissoes-para-formados-em-direito\" class=\"wp-block-heading\">15 profiss\u00f5es para formados em Direito<\/h2>\n\n\n\n<p class=\"wp-block-paragraph\">A <a href=\"https:\/\/faculdade.grancursosonline.com.br\/blog\/faculdade-direito-gran\/\" target=\"_blank\" rel=\"noopener\">faculdade de Direito<\/a> abre diversas possibilidades de atua\u00e7\u00e3o, desde a advocacia at\u00e9 cargos p\u00fablicos de grande prest\u00edgio. Voc\u00ea pode atuar como Advogado Civil, resolvendo conflitos entre pessoas e empresas, ou seguir a carreira de Juiz de Direito, tomando decis\u00f5es impactantes nos tribunais.<\/p>\n\n\n\n<p class=\"wp-block-paragraph\">E essas s\u00e3o s\u00f3 algumas op\u00e7\u00f5es! Nos pr\u00f3ximos t\u00f3picos, conhe\u00e7a 15 profiss\u00f5es para formados em Direito, suas fun\u00e7\u00f5es e os sal\u00e1rios m\u00e9dios de cada uma.<\/p>\n\n\n\n<h3 id=\"h-1-advogado-civil\" class=\"wp-block-heading\">1. Advogado civil<\/h3>\n\n\n\n<p class=\"wp-block-paragraph\">Este ramo envolve a atua\u00e7\u00e3o em casos que envolvem Direito Civil, ou seja, situa\u00e7\u00f5es do dia a dia, como <strong>contratos, indeniza\u00e7\u00f5es, problemas de vizinhan\u00e7a, direito do consumidor, entre outros<\/strong>.<\/p>\n\n\n\n<p class=\"wp-block-paragraph\">Este advogado representa tanto pessoas f\u00edsicas quanto empresas, e busca resolver conflitos de forma amig\u00e1vel ou por meio de processos judiciais.<\/p>\n\n\n\n<p class=\"wp-block-paragraph\">O mercado para advogados civis \u00e9 bastante convidativo, com oportunidades em escrit\u00f3rios de advocacia, empresas ou na atua\u00e7\u00e3o aut\u00f4noma. O sal\u00e1rio varia bastante conforme a experi\u00eancia e a regi\u00e3o, mas, em geral, a remunera\u00e7\u00e3o inicial gira em torno de R$ 3.500 e pode ultrapassar R$ 10.000 para profissionais com mais tempo de carreira.<\/p>\n\n\n\n<h3 id=\"h-2-advogado-criminal\" class=\"wp-block-heading\">2. Advogado criminal<\/h3>\n\n\n\n<p class=\"wp-block-paragraph\">Um advogado criminalista \u00e9 um dos mais respeitados do meio jur\u00eddico, sendo respons\u00e1vel por atuar em casos relacionados ao Direito Penal. Ou seja, ele <strong>defende ou acusa pessoas envolvidas em crimes<\/strong>, que v\u00e3o de furtos e agress\u00f5es at\u00e9 crimes mais complexos, como lavagem de dinheiro ou organiza\u00e7\u00e3o criminosa.<\/p>\n\n\n\n<p class=\"wp-block-paragraph\">Este profissional atua tanto na defesa quanto na acusa\u00e7\u00e3o, a depender de sua escolha de carreira. O campo de atua\u00e7\u00e3o \u00e9 bastante diversificado, com oportunidades em escrit\u00f3rios especializados, atua\u00e7\u00e3o aut\u00f4noma ou at\u00e9 em concursos p\u00fablicos para defensorias.<\/p>\n\n\n\n<p class=\"wp-block-paragraph\">Para quem deseja se destacar ainda mais, uma <a href=\"https:\/\/pos.grancursosonline.com.br\/curso\/processo-penal-aplicado-a-advocacia-criminal\" target=\"_blank\" rel=\"noopener\">especializa\u00e7\u00e3o em Processo Penal Aplicado \u00e0 Advocacia Criminal<\/a> pode fazer toda a diferen\u00e7a. Com ela, voc\u00ea amplia o conhecimento t\u00e9cnico e estrat\u00e9gico necess\u00e1rio para lidar com casos complexos no tribunal.<\/p>\n\n\n\n<p class=\"wp-block-paragraph\">Os sal\u00e1rios variam conforme a experi\u00eancia e o porte dos casos atendidos, mas come\u00e7a por volta de R$ 4.000 e pode ultrapassar R$ 10.000 em casos de grande notoriedade.<\/p>\n\n\n\n<h3 id=\"h-3-advogado-trabalhista\" class=\"wp-block-heading\">3. Advogado trabalhista<\/h3>\n\n\n\n<p class=\"wp-block-paragraph\">Um advogado trabalhista atua na media\u00e7\u00e3o de conflitos entre empresas e funcion\u00e1rios. Sua atua\u00e7\u00e3o \u00e9 em processos relacionados a direitos trabalhistas, como <strong>demiss\u00f5es, horas extras, ass\u00e9dio e condi\u00e7\u00f5es inadequadas de trabalho<\/strong>.<\/p>\n\n\n\n<p class=\"wp-block-paragraph\">Os sal\u00e1rios variam de acordo com a experi\u00eancia do advogado e o porte da empresa ou caso em que atua. Normalmente, inicia-se ganhando em torno de R$ 3.500 e pode ultrapassar os R$ 10.000.<\/p>\n\n\n\n<h3 id=\"h-4-advogado-empresarial\" class=\"wp-block-heading\">4. Advogado empresarial<\/h3>\n\n\n\n<p class=\"wp-block-paragraph\">A advocacia empresarial lida com <strong>contratos, fus\u00f5es, quest\u00f5es tribut\u00e1rias e trabalhistas<\/strong>, al\u00e9m de representar empresas em disputas judiciais.<\/p>\n\n\n\n<p class=\"wp-block-paragraph\">Essa \u00e1rea oferece \u00f3timas oportunidades, especialmente para quem tem o sonho de atuar em escrit\u00f3rios renomados ou como consultor jur\u00eddico interno em corpora\u00e7\u00f5es. Os sal\u00e1rios se iniciam em R$ 3.500, na m\u00e9dia, e podem chegar a mais de R$ 8.000 para um advogado j\u00e1 consolidado no mercado.<\/p>\n\n\n\n<h3 id=\"h-5-advogado-ambiental\" class=\"wp-block-heading\">5. Advogado ambiental<\/h3>\n\n\n\n<p class=\"wp-block-paragraph\">Um especialista em Direito Ambiental garante que as leis ambientais sejam cumpridas, ao proteger ecossistemas e comunidades afetadas por atividades irregulares.<\/p>\n\n\n\n<p class=\"wp-block-paragraph\">Essa carreira \u00e9 ideal para quem deseja unir o Direito a causas sustent\u00e1veis e <strong>trabalhar com licenciamento ambiental, pol\u00edticas p\u00fablicas e lit\u00edgios<\/strong>. Dependendo do porte dos casos e da regi\u00e3o, os ganhos se iniciam em R$ 3.000 e podem superar os R$ 15.000 mensais.<\/p>\n\n\n\n<h3 id=\"h-6-defensor-publico\" class=\"wp-block-heading\">6. Defensor p\u00fablico<\/h3>\n\n\n\n<p class=\"wp-block-paragraph\">J\u00e1 assistiu a filmes ou s\u00e9ries em que um advogado se dedica a defender pessoas que n\u00e3o t\u00eam condi\u00e7\u00f5es de pagar por um? Voc\u00ea pode ser a pessoa respons\u00e1vel por garantir justi\u00e7a para quem mais precisa, como nesses casos.<\/p>\n\n\n\n<p class=\"wp-block-paragraph\">Essa carreira exige muito compromisso e prepara\u00e7\u00e3o, j\u00e1 que \u00e9 necess\u00e1rio ser aprovado em um concurso p\u00fablico. O sal\u00e1rio inicial de um defensor p\u00fablico depende do estado, mas pode ultrapassar os R$ 20.000, o que torna a profiss\u00e3o uma das mais desejadas por quem sonha em usar o Direito para mudar vidas.<\/p>\n\n\n\n<h3 id=\"h-7-delegado-de-policia\" class=\"wp-block-heading\">7. Delegado de pol\u00edcia<\/h3>\n\n\n\n<p class=\"wp-block-paragraph\">Agora, pense em como deve ser estar \u00e0 frente de investiga\u00e7\u00f5es, liderar equipes e garantir a seguran\u00e7a da sociedade? O delegado \u00e9 o respons\u00e1vel por <strong>conduzir inqu\u00e9ritos criminais, coordenar opera\u00e7\u00f5es e assegurar que a lei seja cumprida<\/strong>.<\/p>\n\n\n\n<p class=\"wp-block-paragraph\">Para seguir essa carreira, \u00e9 necess\u00e1rio passar em um dos concursos mais pleiteados do pa\u00eds. Al\u00e9m disso, o delegado de pol\u00edcia precisa ter habilidades como lideran\u00e7a, tomada de decis\u00e3o r\u00e1pida e capacidade de lidar com situa\u00e7\u00f5es de alta press\u00e3o no dia a dia.<\/p>\n\n\n\n<p class=\"wp-block-paragraph\">Os sal\u00e1rios podem ficar entre R$ 11.000 e R$ 22.000 mensais, dependendo do estado de atua\u00e7\u00e3o. Com progress\u00e3o na carreira e adicionais, essa remunera\u00e7\u00e3o fica ainda maior.<\/p>\n\n\n\n<h3 id=\"h-8-juiz-de-direito\" class=\"wp-block-heading\">8. Juiz de direito<\/h3>\n\n\n\n<p class=\"wp-block-paragraph\">Juiz \u00e9 um dos cargos mais respeitados e influentes do sistema judici\u00e1rio, e \u00e9 um desafio ainda maior do que a concorrida carreira de delegado de pol\u00edcia. Com autoridade para tomar decis\u00f5es que impactam a sociedade, esse profissional precisa ter um vasto conhecimento jur\u00eddico, al\u00e9m de imparcialidade e responsabilidade na aplica\u00e7\u00e3o das leis.<\/p>\n\n\n\n<p class=\"wp-block-paragraph\">Al\u00e9m da gradua\u00e7\u00e3o em Direito, <strong>\u00e9 preciso ter, no m\u00ednimo, tr\u00eas anos de experi\u00eancia jur\u00eddica<\/strong> e ser aprovado em um disputado concurso p\u00fablico, que exige muita prepara\u00e7\u00e3o.<\/p>\n\n\n\n<p class=\"wp-block-paragraph\">Em contrapartida, a estabilidade, os benef\u00edcios e os altos sal\u00e1rios fazem valer o esfor\u00e7o. A remunera\u00e7\u00e3o inicial de um juiz de direito ultrapassa os R$ 28.000, sem contar aux\u00edlios e adicionais, o que torna essa uma das carreiras mais bem pagas entre as profiss\u00f5es no meio de Direito.<\/p>\n\n\n\n<h3 id=\"h-9-promotor-de-justica\" class=\"wp-block-heading\">9. Promotor de justi\u00e7a<\/h3>\n\n\n\n<p class=\"wp-block-paragraph\">Ser promotor \u00e9 ter prest\u00edgio, mas tamb\u00e9m grande responsabilidade. Esses profissionais atuam na defesa da sociedade, ao<strong> investigar crimes, denunciar infratores e garantir o cumprimento das leis<\/strong>. Para essa fun\u00e7\u00e3o, \u00e9 preciso ter um forte senso de justi\u00e7a e comprometimento com o bem p\u00fablico.<\/p>\n\n\n\n<p class=\"wp-block-paragraph\">Al\u00e9m da gradua\u00e7\u00e3o em Direito, \u00e9 necess\u00e1rio ter, pelo menos, tr\u00eas anos de experi\u00eancia jur\u00eddica e ser aprovado em um concurso p\u00fablico extremamente disputado.<\/p>\n\n\n\n<p class=\"wp-block-paragraph\">A carreira \u00e9 bastante atrativa no \u00e2mbito financeiro, com sal\u00e1rio inicial acima de R$ 28.000, al\u00e9m de benef\u00edcios e estabilidade, o que a torna uma das profiss\u00f5es mais desejadas.<\/p>\n\n\n\n<h3 id=\"h-10-procurador-da-republica\" class=\"wp-block-heading\">10. Procurador da rep\u00fablica<\/h3>\n\n\n\n<p class=\"wp-block-paragraph\">O procurador da rep\u00fablica \u00e9 o profissional do Minist\u00e9rio P\u00fablico Federal (MPF) que defende os direitos fundamentais e interesses coletivos, como o meio ambiente, o patrim\u00f4nio p\u00fablico e os direitos humanos.<\/p>\n\n\n\n<p class=\"wp-block-paragraph\">Diferentemente do promotor de justi\u00e7a, que atua na esfera estadual, o procurador trabalha em <strong>processos que envolvem a Uni\u00e3o<\/strong>, como grandes investiga\u00e7\u00f5es e a\u00e7\u00f5es contra autoridades p\u00fablicas.<\/p>\n\n\n\n<p class=\"wp-block-paragraph\">Al\u00e9m da forma\u00e7\u00e3o em direito, essa profiss\u00e3o exige ter, no m\u00ednimo, tr\u00eas anos de pr\u00e1tica jur\u00eddica e ser aprovado em um dos concursos mais concorridos do pa\u00eds.<\/p>\n\n\n\n<p class=\"wp-block-paragraph\">O sal\u00e1rio tamb\u00e9m chama aten\u00e7\u00e3o: pode j\u00e1 come\u00e7ar em R$ 31.000, sem contar os adicionais.<\/p>\n\n\n\n<h3 id=\"h-11-tabeliao-de-cartorio\" class=\"wp-block-heading\">11. Tabeli\u00e3o de cart\u00f3rio<\/h3>\n\n\n\n<p class=\"wp-block-paragraph\">O tabeli\u00e3o \u00e9 o respons\u00e1vel por autenticar documentos, fazer registros de nascimento, casamento, \u00f3bitos e at\u00e9 mesmo dar f\u00e9 p\u00fablica a assinaturas. Al\u00e9m disso, quem ocupa esse cargo tem autoridade para<strong> redigir e formalizar atos legais importantes<\/strong>, como contratos e testamentos.<\/p>\n\n\n\n<p class=\"wp-block-paragraph\">A caminhada para tornar tabeli\u00e3o de cart\u00f3rio exige muito empenho, pois \u00e9 preciso ser aprovado em concurso disputado. Para se destacar, voc\u00ea precisa ter experi\u00eancia em outras \u00e1reas do Direito e se dedicar bastante aos estudos.<\/p>\n\n\n\n<p class=\"wp-block-paragraph\">Em m\u00e9dia, os ganhos mensais ficam acima de R$ 7.000.<\/p>\n\n\n\n<h3 id=\"h-12-oficial-de-justica\" class=\"wp-block-heading\">12. Oficial de justi\u00e7a<\/h3>\n\n\n\n<p class=\"wp-block-paragraph\">Ser oficial de justi\u00e7a envolve muito mais do que apenas entregar documentos. Essa carreira busca cumprir ordens judiciais, como mandados de busca e apreens\u00e3o, intima\u00e7\u00f5es e notifica\u00e7\u00f5es.<\/p>\n\n\n\n<p class=\"wp-block-paragraph\">Al\u00e9m disso, o oficial de justi\u00e7a <strong>deve garantir que as decis\u00f5es do juiz sejam executadas corretamente<\/strong>, al\u00e9m de lidar com situa\u00e7\u00f5es que exigem firmeza e discri\u00e7\u00e3o.<\/p>\n\n\n\n<p class=\"wp-block-paragraph\">Para seguir nessa carreira, voc\u00ea precisa passar por um concurso p\u00fablico, que costuma exigir conhecimento em \u00e1reas relacionadas \u00e0 execu\u00e7\u00e3o e cumprimento de mandados. O trabalho tamb\u00e9m envolve deslocamentos para \u00e1reas distantes, para cumprir as ordens judiciais em diversas localidades.<\/p>\n\n\n\n<p class=\"wp-block-paragraph\">O sal\u00e1rio do \u00faltimo certame do TJSP, por exemplo, foi de R$ 9.157,82. Em alguns casos, pode haver adicional por produtividade, o que aumenta ainda mais os ganhos. A estabilidade do cargo e a possibilidade de progress\u00e3o de carreira s\u00e3o pontos-chave!<\/p>\n\n\n\n<h3 id=\"h-13-consultor-juridico\" class=\"wp-block-heading\">13. Consultor jur\u00eddico<\/h3>\n\n\n\n<p class=\"wp-block-paragraph\">Para quem n\u00e3o deseja seguir o caminho tradicional da advocacia, mas ainda quer atuar no universo jur\u00eddico, a profiss\u00e3o de consultor \u00e9 uma boa escolha.<\/p>\n\n\n\n<p class=\"wp-block-paragraph\">Este profissional presta <strong>assessoria e aconselhamento para empresas, organiza\u00e7\u00f5es e at\u00e9 pessoas f\u00edsicas<\/strong>, sem a necessidade de estar ativamente envolvido em processos judiciais. Ele \u00e9 um especialista em \u00e1reas espec\u00edficas do Direito, como Direito Tribut\u00e1rio, Ambiental, Trabalhista, entre outras.<\/p>\n\n\n\n<p class=\"wp-block-paragraph\">Aliado a uma boa reputa\u00e7\u00e3o, seu trabalho pode gerar entre R$ 3.500 e R$ 10.000 mensais.<\/p>\n\n\n\n<h3 id=\"h-14-compliance-officer\" class=\"wp-block-heading\">14. Compliance officer<\/h3>\n\n\n\n<p class=\"wp-block-paragraph\">Essa pessoa \u00e9 respons\u00e1vel por garantir que uma empresa siga todas as leis e regras do mercado. Se voc\u00ea gosta de organizar processos, garantir que tudo esteja dentro da lei e tem um olhar atento para detalhes, esse ramo do Direito \u00e9 a sua cara.<\/p>\n\n\n\n<p class=\"wp-block-paragraph\">O trabalho de um compliance officer \u00e9 <strong>garantir que a empresa esteja em conformidade com as normas legais e regulat\u00f3rias<\/strong>. Ele atua na preven\u00e7\u00e3o de fraudes, corrup\u00e7\u00e3o e outras pr\u00e1ticas ilegais, al\u00e9m de ajudar a evitar problemas legais para as organiza\u00e7\u00f5es.<\/p>\n\n\n\n<p class=\"wp-block-paragraph\">Este profissional tamb\u00e9m cria e implementa pol\u00edticas internas que asseguram que todas as empresas ajam conforme as regras. O sal\u00e1rio fica entre R$ 5.000 e R$ 10.000 por m\u00eas.<\/p>\n\n\n\n<h3 id=\"h-15-professor-de-direito\" class=\"wp-block-heading\">15. Professor de Direito<\/h3>\n\n\n\n<p class=\"wp-block-paragraph\">Voc\u00ea tamb\u00e9m pode compartilhar o seu conhecimento sobre Direito com a pr\u00f3xima gera\u00e7\u00e3o de advogados, ju\u00edzes e profissionais da \u00e1rea. Se sua paix\u00e3o \u00e9 ensinar e estar no meio acad\u00eamico, essa \u00e9 a melhor escolha!<\/p>\n\n\n\n<p class=\"wp-block-paragraph\">Como professor de Direito, voc\u00ea ter\u00e1 a chance de <strong>lecionar em universidades ou cursos preparat\u00f3rios<\/strong>, ajudando os alunos a entender as leis e se preparar para a carreira jur\u00eddica.<\/p>\n\n\n\n<p class=\"wp-block-paragraph\">Al\u00e9m disso, esse trabalho oferece uma conex\u00e3o com a evolu\u00e7\u00e3o do Direito, j\u00e1 que voc\u00ea estar\u00e1 sempre por dentro das atualiza\u00e7\u00f5es e dividindo esse conhecimento.<\/p>\n\n\n\n<p class=\"wp-block-paragraph\">O sal\u00e1rio de um professor de Direito depende da institui\u00e7\u00e3o, mas, em m\u00e9dia, \u00e9 entre R$ 5.000 e R$ 15.000 por m\u00eas. \u00c9 uma carreira gratificante e que traz um prop\u00f3sito muito bonito para quem busca fazer a diferen\u00e7a.<\/p>\n\n\n\n<h2 id=\"h-areas-do-direito-mais-trabalhadas-no-brasil\" class=\"wp-block-heading\">\u00c1reas do Direito mais trabalhadas no Brasil<\/h2>\n\n\n\n<p class=\"wp-block-paragraph\">Algumas <a href=\"https:\/\/faculdade.grancursosonline.com.br\/blog\/areas-direito\/\" target=\"_blank\" rel=\"noopener\">\u00e1reas do Direito<\/a> se destacam pela quantidade de profissionais. De acordo com um estudo da Funda\u00e7\u00e3o Get\u00falio Vargas (FGV), o Direito Civil lidera o ranking com folga, seguido por outro ramo dentro do Direito Civil.<\/p>\n\n\n\n<ul class=\"wp-block-list\">\n<li>Direito Civil: 26%;<\/li>\n\n\n\n<li>Fam\u00edlia e Sucess\u00f5es: 14%;<\/li>\n\n\n\n<li>Direito Trabalhista: 12%;<\/li>\n\n\n\n<li>Direito Previdenci\u00e1rio: 11%.<\/li>\n<\/ul>\n\n\n\n<p class=\"wp-block-paragraph\">Outro dado interessante da pesquisa \u00e9 a diferen\u00e7a na escolha das \u00e1reas entre homens e mulheres. No Direito Civil, os n\u00fameros s\u00e3o equilibrados, mas em Fam\u00edlia e Sucess\u00f5es, a presen\u00e7a feminina \u00e9 muito maior: 18% das advogadas preferem essa \u00e1rea, contra apenas 9% dos advogados.&nbsp;<\/p>\n\n\n\n<p class=\"wp-block-paragraph\">Essas informa\u00e7\u00f5es ajudam a entender melhor as<strong> tend\u00eancias da advocacia no Brasil <\/strong>e podem ser \u00fateis para quem ainda est\u00e1 decidindo qual caminho seguir na carreira jur\u00eddica.<\/p>\n\n\n\n<h2 id=\"h-quanto-ganha-um-profissional-de-direito\" class=\"wp-block-heading\">Quanto ganha um profissional de Direito?<\/h2>\n\n\n\n<p class=\"wp-block-paragraph\">Ao longo dos t\u00f3picos anteriores, deu para ter uma ideia do quanto o sal\u00e1rio de um profissional de Direito pode variar, n\u00e9? Ju\u00edzes e promotores, por exemplo, ganham os rendimentos mais atrativos e passam dos <strong>R$ 30 mil<\/strong>.<\/p>\n\n\n\n<p class=\"wp-block-paragraph\">J\u00e1 advogados aut\u00f4nomos t\u00eam uma renda mais flex\u00edvel, dependendo da experi\u00eancia e da carteira de clientes. Cursar uma <a href=\"https:\/\/pos.grancursosonline.com.br\/curso\/ciencias-juridicas-aplicadas-a-advocacia-privada\" target=\"_blank\" rel=\"noopener\">p\u00f3s-gradua\u00e7\u00e3o em Ci\u00eancias Jur\u00eddicas aplicadas \u00e0 Advocacia Privada<\/a> tamb\u00e9m pode ajudar a aumentar os ganhos e entender melhor o mercado.<\/p>\n\n\n\n<p class=\"wp-block-paragraph\">No setor privado, cargos como compliance officer e consultor jur\u00eddico tamb\u00e9m podem oferecer bons sal\u00e1rios, de cerca de R$ 7.000. No fim das contas, tudo depende da \u00e1rea escolhida, do tempo de carreira, especializa\u00e7\u00f5es e, claro, da dedica\u00e7\u00e3o de cada um.<\/p>\n\n\n\n<h3 id=\"h-exigencias-e-caminhos-de-carreira\" class=\"wp-block-heading\">Exig\u00eancias e caminhos de carreira<\/h3>\n\n\n\n<figure class=\"wp-block-table\"><div class=\"container-tabela\"><table class=\"has-fixed-layout\"><thead><tr><td><strong>Profiss\u00e3o<\/strong><\/td><td><strong>Exige Carteira da OAB?<\/strong><\/td><td><strong>Exige Pr\u00e1tica Jur\u00eddica?<\/strong><\/td><td><strong>Foco Principal de Atua\u00e7\u00e3o<\/strong><\/td><\/tr><\/thead><tbody><tr><td><strong>Advogado Privado<\/strong><\/td><td><strong>Sim.<\/strong><\/td><td>N\u00e3o (apenas aprova\u00e7\u00e3o no Exame de Ordem).<\/td><td>Defesa dos interesses de clientes e empresas.<\/td><\/tr><tr><td><strong>Juiz \/ Promotor<\/strong><\/td><td>N\u00e3o (basta o diploma).<\/td><td><strong>Sim<\/strong> (geralmente 3 anos).<\/td><td>Aplica\u00e7\u00e3o da justi\u00e7a e defesa da ordem jur\u00eddica.<\/td><\/tr><tr><td><strong>Delegado de Pol\u00edcia<\/strong><\/td><td>N\u00e3o (basta o diploma).<\/td><td><strong>Sim<\/strong> (geralmente 3 anos, a depender do edital).<\/td><td>Investiga\u00e7\u00e3o criminal e seguran\u00e7a p\u00fablica.<\/td><\/tr><tr><td><strong>Analista Judici\u00e1rio<\/strong><\/td><td>N\u00e3o (basta o diploma).<\/td><td>N\u00e3o.<\/td><td>Suporte t\u00e9cnico em tribunais e \u00f3rg\u00e3os p\u00fablicos.<\/td><\/tr><tr><td><strong>DPO \/ Compliance<\/strong><\/td><td>N\u00e3o (mas \u00e9 um diferencial).<\/td><td>N\u00e3o.<\/td><td>Governan\u00e7a corporativa, LGPD e preven\u00e7\u00e3o de riscos.<\/td><\/tr><\/tbody><\/table><\/div><\/figure>\n\n\n\n<p class=\"wp-block-paragraph\"><\/p>\n\n\n\n<h2 id=\"h-3-erros-ao-planejar-sua-carreira-no-direito\" class=\"wp-block-heading\">3 erros ao planejar sua carreira no Direito<\/h2>\n\n\n\n<ul class=\"wp-block-list\">\n<li><strong>Esperar concluir os 5 anos para come\u00e7ar a estudar para concursos:<\/strong> quem deseja um cargo p\u00fablico deve alinhar o estudo das disciplinas da faculdade ao edital-foco desde os primeiros semestres;<\/li>\n\n\n\n<li><strong>Negligenciar a p\u00f3s-gradua\u00e7\u00e3o:<\/strong> a gradua\u00e7\u00e3o fornece a base geral. \u00c9 a <strong>p\u00f3s-gradua\u00e7\u00e3o <em>Lato Sensu<\/em><\/strong> que confere o n\u00edvel de especialista necess\u00e1rio para cobrar honor\u00e1rios mais altos ou garantir pontos na Prova de T\u00edtulos de concursos;<\/li>\n\n\n\n<li><strong>Ignorar o impacto da tecnologia:<\/strong> o profissional do Direito moderno precisa dominar ferramentas de automa\u00e7\u00e3o, jurimetria e reda\u00e7\u00e3o jur\u00eddica otimizada.<\/li>\n<\/ul>\n\n\n\n<h2 id=\"h-faq-duvidas-frequentes-sobre-carreiras-no-direito\" class=\"wp-block-heading\">FAQ: d\u00favidas frequentes sobre carreiras no Direito<\/h2>\n\n\n\n<p class=\"wp-block-paragraph\"><strong>Quem se forma em Direito \u00e9 considerado advogado?<\/strong><\/p>\n\n\n\n<p class=\"wp-block-paragraph\">N\u00e3o. O formado em Direito \u00e9 um <strong>bacharel em Direito<\/strong>. Para se tornar advogado e exercer a advocacia, o bacharel precisa ser aprovado no Exame de Ordem da OAB e manter sua inscri\u00e7\u00e3o ativa na institui\u00e7\u00e3o.<\/p>\n\n\n\n<p class=\"wp-block-paragraph\"><strong>\u00c9 poss\u00edvel passar em um concurso da carreira jur\u00eddica antes de se formar?<\/strong><\/p>\n\n\n\n<p class=\"wp-block-paragraph\">Voc\u00ea pode fazer as provas de concursos p\u00fablicos enquanto cursa a faculdade. No entanto, a comprova\u00e7\u00e3o do diploma de bacharel e da pr\u00e1tica jur\u00eddica (quando exigida) deve ser apresentada na data da <strong>posse do cargo<\/strong>, e n\u00e3o no momento da inscri\u00e7\u00e3o do concurso.<\/p>\n\n\n\n<p class=\"wp-block-paragraph\"><strong>O que conta como pr\u00e1tica jur\u00eddica para concursos?<\/strong><\/p>\n\n\n\n<p class=\"wp-block-paragraph\">A defini\u00e7\u00e3o varia por edital, mas em geral contam: o exerc\u00edcio efetivo da advocacia (m\u00ednimo de 5 atos privativos por ano), o cumprimento de est\u00e1gio p\u00f3s-gradua\u00e7\u00e3o, e o exerc\u00edcio de cargos, empregos ou fun\u00e7\u00f5es p\u00fablicas que exijam a utiliza\u00e7\u00e3o preponderante de conhecimentos jur\u00eddicos.<\/p>\n\n\n\n<h2 id=\"h-conheca-a-pos-graduacao-da-gran-faculdade\" class=\"wp-block-heading\">Conhe\u00e7a a p\u00f3s-gradua\u00e7\u00e3o da Gran Faculdade<\/h2>\n\n\n\n<p class=\"wp-block-paragraph\">Quer se especializar e conquistar ainda mais oportunidades no mundo do Direito? A p\u00f3s-gradua\u00e7\u00e3o da Gran Faculdade \u00e9 o caminho certo! Com <a href=\"https:\/\/faculdade.grancursosonline.com.br\/nossos-cursos\/\" target=\"_blank\" rel=\"noopener\">cursos de gradua\u00e7\u00e3o e p\u00f3s EAD<\/a> focados no mercado e na pr\u00e1tica jur\u00eddica, voc\u00ea se prepara para os desafios da carreira.<\/p>\n\n\n\n<p class=\"wp-block-paragraph\">A Gran Faculdade vem mudando a vida de milhares de pessoas por meio de cursos \u00e0 dist\u00e2ncia de <a href=\"https:\/\/faculdade.grancursosonline.com.br\/\" target=\"_blank\" rel=\"noreferrer noopener\">gradua\u00e7\u00e3o<\/a>, <a href=\"https:\/\/pos.grancursosonline.com.br\/\" target=\"_blank\" rel=\"noreferrer noopener\">p\u00f3s-gradua\u00e7\u00e3o<\/a> e <a href=\"https:\/\/pos.grancursosonline.com.br\/mba\" target=\"_blank\" rel=\"noreferrer noopener\">MBA<\/a>. Seja no digital ou em nosso <a href=\"https:\/\/presencial.grancursosonline.com.br\/\" target=\"_blank\" rel=\"noreferrer noopener\">Campus Presencial em Curitiba<\/a>, a nossa miss\u00e3o \u00e9 transformar a educa\u00e7\u00e3o superior.<\/p>\n\n\n\n<p class=\"wp-block-paragraph\">Como parte de Sistema Gran de Ensino, que \u00e9 reconhecido como marca aprovadora h\u00e1 mais de 10 anos, constru\u00edmos uma renomada reputa\u00e7\u00e3o na \u00e1rea de educa\u00e7\u00e3o.<\/p>\n\n\n\n<p class=\"wp-block-paragraph\">Veja algumas de nossas conquistas:<\/p>\n\n\n\n<ul class=\"wp-block-list\">\n<li>Reconhecido pela Amazon como um dos projetos mais relevantes do mundo na \u00e1rea de Tecnologia e Educa\u00e7\u00e3o;<\/li>\n\n\n\n<li>Foi eleito pelo Project Management Institute (PMI), um dos 50 Projetos Mais Influentes do mundo;<\/li>\n\n\n\n<li>Somos o site de educa\u00e7\u00e3o mais acessado do Brasil;<\/li>\n\n\n\n<li>Somos avaliados com a nota m\u00e1xima pelo MEC;<\/li>\n\n\n\n<li>Aqui o semestre come\u00e7a quando quiser: entrada imediata e cont\u00ednua!<\/li>\n\n\n\n<li>Melhores pre\u00e7os do mercado;<\/li>\n\n\n\n<li>Mais de 800 mil alunos pagantes e mais de 1000 funcion\u00e1rios;<\/li>\n\n\n\n<li>Diversas ferramentas de estudo: PDFs, audiobooks, mapas mentais, videoaulas, quest\u00f5es, gerenciador de estudos e muito mais!<\/li>\n\n\n\n<li>Professores experientes e capacitados;<\/li>\n\n\n\n<li>Acesso imediato e 100% online.<\/li>\n<\/ul>\n\n\n\n<p class=\"has-text-align-center wp-block-paragraph\"><strong><a href=\"https:\/\/faculdade.grancursosonline.com.br\/\">Quero ser aluno da Gran Faculdade<\/a><\/strong><\/p>\n\n\n\n<div class=\"wp-block-group has-background\" style=\"background-color:#8dd2fc7a\"><div class=\"wp-block-group__inner-container is-layout-constrained wp-block-group-is-layout-constrained\">\n<p class=\"wp-block-paragraph\"><strong>Outras not\u00edcias em destaque:<\/strong><\/p>\n\n\n\n<ul class=\"wp-block-list\">\n<li><a href=\"https:\/\/blog.grancursosonline.com.br\/como-decidir-qual-a-melhor-pos-graduacao\/\" target=\"_blank\" rel=\"noopener\">Como decidir qual a melhor p\u00f3s-gradua\u00e7\u00e3o para voc\u00ea?<\/a> <\/li>\n\n\n\n<li><a href=\"https:\/\/blog.grancursosonline.com.br\/pos-graduacao-em-direito-digital\/\" target=\"_blank\" rel=\"noopener\">P\u00f3s-Gradua\u00e7\u00e3o em Direito Digital: por que fazer? Veja!<\/a> <\/li>\n\n\n\n<li><a href=\"https:\/\/blog.grancursosonline.com.br\/me-formei-em-direito-e-agora\/\" target=\"_blank\" rel=\"noopener\">Me formei em Direito e agora? OAB, p\u00f3s ou concurso p\u00fablico?<\/a><\/li>\n<\/ul>\n<\/div><\/div>\n\n\n\n<div class=\"wp-block-group\"><div class=\"wp-block-group__inner-container is-layout-constrained wp-block-group-is-layout-constrained\">\n<div class=\"wp-block-group\"><div class=\"wp-block-group__inner-container is-layout-constrained wp-block-group-is-layout-constrained\">\n<section style=\"text-align: center;\">\n<p>Quer ficar por dentro da Faculdade Digital mais inovadora do Brasil?<\/p>\n<nav>\n<p class=\"has-background has-dark-bluish-background-color\" style=\"font-size: 25px; text-align: center; background: #f0f0f0; color: #ffffff; padding: 4px 0px 4xp 0px;\"><a style=\"color: #0d134c; text-decoration: underline;\" href=\"https:\/\/faculdade.grancursosonline.com.br\/\" target=\"_blank\" rel=\"noopener\">GRADUA\u00c7\u00c3O<\/a><\/p>\n<p class=\"has-background has-dark-bluish-background-color\" style=\"font-size: 25px; text-align: center; background: #f0f0f0; color: #ffffff; padding: 4px 0px 4xp 0px;\"><a style=\"color: #0d134c; text-decoration: underline;\" href=\"https:\/\/pos.grancursosonline.com.br\/\" target=\"_blank\" rel=\"noopener\">P\u00d3S-GRADUA\u00c7\u00c3O<\/a><\/p>\n<p class=\"has-background has-dark-bluish-background-color\" style=\"font-size: 25px; text-align: center; background: #f0f0f0; color: #ffffff; padding: 4px 0px 4xp 0px;\"><a style=\"color: #0d134c; text-decoration: underline;\" href=\"https:\/\/faculdade.grancursosonline.com.br\/nossos-cursos\/\" target=\"_blank\" rel=\"noopener\">TUDO SOBRE A GRAN FACULDADE<\/a><\/p>\n<\/nav>\n<p><strong>Receba <span style=\"color: #cf1e25;\">gratuitamente<\/span> no seu celular as principais not\u00edcias sobre a Gran Faculdade! <br \/>Clique no link abaixo e inscreva-se:<\/strong><\/p>\n<p class=\"has-background has-dark-bluish-background-color\" style=\"font-size: 25px; text-align: center; background: #f0f0f0; color: #ffffff; padding: 4px 0px 4xp 0px;\"><a style=\"color: #0d134c; text-decoration: underline;\" href=\"https:\/\/whatsapp.com\/channel\/0029VaG1sChI7Be7PNndhL43\" target=\"_blank\" rel=\"noopener noreferrer\">WHATSAPP<\/a><\/p>\n<p class=\"has-background has-dark-bluish-background-color\" style=\"font-size: 25px; text-align: center; background: #f0f0f0; color: #ffffff; padding: 4px 0px 4xp 0px;\"><a style=\"color: #0d134c; text-decoration: underline;\" href=\"https:\/\/t.me\/GranFaculdade\" target=\"_blank\" rel=\"noopener noreferrer\">TELEGRAM<\/a><\/p>\n<\/section>\n<\/div><\/div>\n<\/div><\/div>\n\n\n\n<p class=\"wp-block-paragraph\"><\/p>\n","protected":false},"excerpt":{"rendered":"<p>Voc\u00ea j\u00e1 pensou em seguir carreira na \u00e1rea jur\u00eddica, mas ainda n\u00e3o sabe qual caminho escolher? As profiss\u00f5es em Direito v\u00e3o muito al\u00e9m da advocacia e oferecem op\u00e7\u00f5es para todos os perfis, desde quem gosta de resolver conflitos at\u00e9 quem prefere atuar nos bastidores de grandes empresas. Com tantas possibilidades, \u00e9 normal ficar em d\u00favida&hellip;<\/p>\n","protected":false},"author":525,"featured_media":79768834,"comment_status":"open","ping_status":"open","sticky":false,"template":"","format":"standard","meta":{"_acf_changed":false,"content-type":"","footnotes":""},"categories":[219790,218545,209229,2],"tags":[],"class_list":["post-79753156","post","type-post","status-publish","format-standard","has-post-thumbnail","hentry","category-graduacao-ead","category-graduacao","category-pos-graduacao","category-ultimas-noticias"],"acf":[],"yoast_head":"<!-- This site is optimized with the Yoast SEO Premium plugin v27.2 (Yoast SEO v27.2) - https:\/\/yoast.com\/product\/yoast-seo-premium-wordpress\/ -->\n<title>Profiss\u00f5es em Direito: 15 carreiras e oportunidades na \u00e1rea<\/title>\n<meta name=\"description\" content=\"Descubra as principais profiss\u00f5es em Direito e as oportunidades de carreira na \u00e1rea. Confira os sal\u00e1rios e perspectivas. Leia mais!\" \/>\n<meta name=\"robots\" content=\"index, follow, max-snippet:-1, max-image-preview:large, max-video-preview:-1\" \/>\n<link rel=\"canonical\" href=\"https:\/\/faculdade.grancursosonline.com.br\/blog\/direito-profissoes\/\" \/>\n<meta property=\"og:locale\" content=\"pt_BR\" \/>\n<meta property=\"og:type\" content=\"article\" \/>\n<meta property=\"og:title\" content=\"Profiss\u00f5es em Direito: 15 op\u00e7\u00f5es de carreiras\" \/>\n<meta property=\"og:description\" content=\"Descubra as principais profiss\u00f5es em Direito e as oportunidades de carreira na \u00e1rea. Confira os sal\u00e1rios e perspectivas. Leia mais!\" \/>\n<meta property=\"og:url\" content=\"https:\/\/faculdade.grancursosonline.com.br\/blog\/direito-profissoes\/\" \/>\n<meta property=\"og:site_name\" content=\"Blog Gran Faculdade\" \/>\n<meta property=\"article:publisher\" content=\"https:\/\/www.facebook.com\/grancursosonline\/\" \/>\n<meta property=\"article:published_time\" content=\"2026-08-27T19:37:19+00:00\" \/>\n<meta property=\"article:modified_time\" content=\"2026-08-27T19:38:19+00:00\" \/>\n<meta property=\"og:image\" content=\"https:\/\/blog-es-static.infra.grancursosonline.com.br\/wp-content\/uploads\/2025\/04\/27152758\/Profissoes-em-Direito.jpg\" \/>\n\t<meta property=\"og:image:width\" content=\"511\" \/>\n\t<meta property=\"og:image:height\" content=\"311\" \/>\n\t<meta property=\"og:image:type\" content=\"image\/jpeg\" \/>\n<meta name=\"author\" content=\"Aline Damettos\" \/>\n<meta name=\"twitter:card\" content=\"summary_large_image\" \/>\n<meta name=\"twitter:creator\" content=\"@gran_online\" \/>\n<meta name=\"twitter:site\" content=\"@gran_online\" \/>\n<meta name=\"twitter:label1\" content=\"Written by\" \/>\n\t<meta name=\"twitter:data1\" content=\"Aline Damettos\" \/>\n\t<meta name=\"twitter:label2\" content=\"Est. reading time\" \/>\n\t<meta name=\"twitter:data2\" content=\"16 minutos\" \/>\n<script type=\"application\/ld+json\" class=\"yoast-schema-graph\">{\"@context\":\"https:\/\/schema.org\",\"@graph\":[{\"@type\":\"NewsArticle\",\"@id\":\"https:\/\/faculdade.grancursosonline.com.br\/blog\/direito-profissoes\/#article\",\"isPartOf\":{\"@id\":\"https:\/\/faculdade.grancursosonline.com.br\/blog\/direito-profissoes\/\"},\"author\":{\"name\":\"Aline Damettos\",\"@id\":\"https:\/\/faculdade.grancursosonline.com.br\/blog\/#\/schema\/person\/14e0fa771c0614c4b7434ee70589c075\"},\"headline\":\"Profiss\u00f5es em Direito: 15 op\u00e7\u00f5es de carreiras\",\"datePublished\":\"2026-08-27T19:37:19+00:00\",\"dateModified\":\"2026-08-27T19:38:19+00:00\",\"mainEntityOfPage\":{\"@id\":\"https:\/\/faculdade.grancursosonline.com.br\/blog\/direito-profissoes\/\"},\"wordCount\":2937,\"commentCount\":0,\"publisher\":{\"@id\":\"https:\/\/faculdade.grancursosonline.com.br\/blog\/#organization\"},\"image\":{\"@id\":\"https:\/\/faculdade.grancursosonline.com.br\/blog\/direito-profissoes\/#primaryimage\"},\"thumbnailUrl\":\"https:\/\/blog-es-static.infra.grancursosonline.com.br\/wp-content\/uploads\/2025\/04\/27152736\/Profissoes-em-Direito-2.jpg\",\"articleSection\":[\"Gradua\u00e7\u00e3o EAD\",\"Gradua\u00e7\u00e3o Gran Faculdade\",\"P\u00f3s-Gradua\u00e7\u00e3o Gran Faculdade\",\"\u00daltimas Not\u00edcias\"],\"inLanguage\":\"pt-BR\",\"potentialAction\":[{\"@type\":\"CommentAction\",\"name\":\"Comment\",\"target\":[\"https:\/\/faculdade.grancursosonline.com.br\/blog\/direito-profissoes\/#respond\"]}],\"copyrightYear\":\"2026\",\"copyrightHolder\":{\"@id\":\"https:\/\/faculdade.grancursosonline.com.br\/blog\/#organization\"},\"accessibilityFeature\":[\"tableOfContents\"]},{\"@type\":\"WebPage\",\"@id\":\"https:\/\/faculdade.grancursosonline.com.br\/blog\/direito-profissoes\/\",\"url\":\"https:\/\/faculdade.grancursosonline.com.br\/blog\/direito-profissoes\/\",\"name\":\"Profiss\u00f5es em Direito: 15 carreiras e oportunidades na \u00e1rea\",\"isPartOf\":{\"@id\":\"https:\/\/faculdade.grancursosonline.com.br\/blog\/#website\"},\"primaryImageOfPage\":{\"@id\":\"https:\/\/faculdade.grancursosonline.com.br\/blog\/direito-profissoes\/#primaryimage\"},\"image\":{\"@id\":\"https:\/\/faculdade.grancursosonline.com.br\/blog\/direito-profissoes\/#primaryimage\"},\"thumbnailUrl\":\"https:\/\/blog-es-static.infra.grancursosonline.com.br\/wp-content\/uploads\/2025\/04\/27152736\/Profissoes-em-Direito-2.jpg\",\"datePublished\":\"2026-08-27T19:37:19+00:00\",\"dateModified\":\"2026-08-27T19:38:19+00:00\",\"description\":\"Descubra as principais profiss\u00f5es em Direito e as oportunidades de carreira na \u00e1rea. Confira os sal\u00e1rios e perspectivas. Leia mais!\",\"breadcrumb\":{\"@id\":\"https:\/\/faculdade.grancursosonline.com.br\/blog\/direito-profissoes\/#breadcrumb\"},\"inLanguage\":\"pt-BR\",\"potentialAction\":[{\"@type\":\"ReadAction\",\"target\":[\"https:\/\/faculdade.grancursosonline.com.br\/blog\/direito-profissoes\/\"]}]},{\"@type\":\"ImageObject\",\"inLanguage\":\"pt-BR\",\"@id\":\"https:\/\/faculdade.grancursosonline.com.br\/blog\/direito-profissoes\/#primaryimage\",\"url\":\"https:\/\/blog-es-static.infra.grancursosonline.com.br\/wp-content\/uploads\/2025\/04\/27152736\/Profissoes-em-Direito-2.jpg\",\"contentUrl\":\"https:\/\/blog-es-static.infra.grancursosonline.com.br\/wp-content\/uploads\/2025\/04\/27152736\/Profissoes-em-Direito-2.jpg\",\"width\":1001,\"height\":601,\"caption\":\"Profissoes-em-Direito\"},{\"@type\":\"BreadcrumbList\",\"@id\":\"https:\/\/faculdade.grancursosonline.com.br\/blog\/direito-profissoes\/#breadcrumb\",\"itemListElement\":[{\"@type\":\"ListItem\",\"position\":1,\"name\":\"In\u00edcio\",\"item\":\"https:\/\/faculdade.grancursosonline.com.br\/blog\/\"},{\"@type\":\"ListItem\",\"position\":2,\"name\":\"Gradua\u00e7\u00e3o Gran Faculdade\",\"item\":\"https:\/\/faculdade.grancursosonline.com.br\/blog\/graduacao\/\"},{\"@type\":\"ListItem\",\"position\":3,\"name\":\"Gradua\u00e7\u00e3o EAD\",\"item\":\"https:\/\/faculdade.grancursosonline.com.br\/blog\/graduacao\/graduacao-ead\/\"},{\"@type\":\"ListItem\",\"position\":4,\"name\":\"Profiss\u00f5es em Direito: 15 op\u00e7\u00f5es de carreiras\"}]},{\"@type\":\"WebSite\",\"@id\":\"https:\/\/faculdade.grancursosonline.com.br\/blog\/#website\",\"url\":\"https:\/\/faculdade.grancursosonline.com.br\/blog\/\",\"name\":\"Blog Gran Faculdade\",\"description\":\"Tudo sobre ensino superior, p\u00f3s-gradua\u00e7\u00e3o, enem e carreira.\",\"publisher\":{\"@id\":\"https:\/\/faculdade.grancursosonline.com.br\/blog\/#organization\"},\"potentialAction\":[{\"@type\":\"SearchAction\",\"target\":{\"@type\":\"EntryPoint\",\"urlTemplate\":\"https:\/\/faculdade.grancursosonline.com.br\/blog\/?s={search_term_string}\"},\"query-input\":{\"@type\":\"PropertyValueSpecification\",\"valueRequired\":true,\"valueName\":\"search_term_string\"}}],\"inLanguage\":\"pt-BR\"},{\"@type\":\"Organization\",\"@id\":\"https:\/\/faculdade.grancursosonline.com.br\/blog\/#organization\",\"name\":\"Gran Cursos Online\",\"url\":\"https:\/\/faculdade.grancursosonline.com.br\/blog\/\",\"logo\":{\"@type\":\"ImageObject\",\"inLanguage\":\"pt-BR\",\"@id\":\"https:\/\/faculdade.grancursosonline.com.br\/blog\/#\/schema\/logo\/image\/\",\"url\":\"https:\/\/blog-es-static.infra.grancursosonline.com.br\/wp-content\/uploads\/2019\/08\/03123934\/logo.png\",\"contentUrl\":\"https:\/\/blog-es-static.infra.grancursosonline.com.br\/wp-content\/uploads\/2019\/08\/03123934\/logo.png\",\"width\":300,\"height\":57,\"caption\":\"Gran Cursos Online\"},\"image\":{\"@id\":\"https:\/\/faculdade.grancursosonline.com.br\/blog\/#\/schema\/logo\/image\/\"},\"sameAs\":[\"https:\/\/www.facebook.com\/grancursosonline\/\",\"https:\/\/x.com\/gran_online\",\"https:\/\/www.instagram.com\/grancursosonline\/\",\"https:\/\/www.youtube.com\/user\/grancursostv\"]},{\"@type\":\"Person\",\"@id\":\"https:\/\/faculdade.grancursosonline.com.br\/blog\/#\/schema\/person\/14e0fa771c0614c4b7434ee70589c075\",\"name\":\"Aline Damettos\",\"url\":\"https:\/\/faculdade.grancursosonline.com.br\/blog\/author\/aline-damettos\/\"}]}<\/script>\n<!-- \/ Yoast SEO Premium plugin. -->","yoast_head_json":{"title":"Profiss\u00f5es em Direito: 15 carreiras e oportunidades na \u00e1rea","description":"Descubra as principais profiss\u00f5es em Direito e as oportunidades de carreira na \u00e1rea. Confira os sal\u00e1rios e perspectivas. Leia mais!","robots":{"index":"index","follow":"follow","max-snippet":"max-snippet:-1","max-image-preview":"max-image-preview:large","max-video-preview":"max-video-preview:-1"},"canonical":"https:\/\/faculdade.grancursosonline.com.br\/blog\/direito-profissoes\/","og_locale":"pt_BR","og_type":"article","og_title":"Profiss\u00f5es em Direito: 15 op\u00e7\u00f5es de carreiras","og_description":"Descubra as principais profiss\u00f5es em Direito e as oportunidades de carreira na \u00e1rea. Confira os sal\u00e1rios e perspectivas. Leia mais!","og_url":"https:\/\/faculdade.grancursosonline.com.br\/blog\/direito-profissoes\/","og_site_name":"Blog Gran Faculdade","article_publisher":"https:\/\/www.facebook.com\/grancursosonline\/","article_published_time":"2026-08-27T19:37:19+00:00","article_modified_time":"2026-08-27T19:38:19+00:00","og_image":[{"width":511,"height":311,"url":"https:\/\/blog-es-static.infra.grancursosonline.com.br\/wp-content\/uploads\/2025\/04\/27152758\/Profissoes-em-Direito.jpg","type":"image\/jpeg"}],"author":"Aline Damettos","twitter_card":"summary_large_image","twitter_creator":"@gran_online","twitter_site":"@gran_online","twitter_misc":{"Written by":"Aline Damettos","Est. reading time":"16 minutos"},"schema":{"@context":"https:\/\/schema.org","@graph":[{"@type":"NewsArticle","@id":"https:\/\/faculdade.grancursosonline.com.br\/blog\/direito-profissoes\/#article","isPartOf":{"@id":"https:\/\/faculdade.grancursosonline.com.br\/blog\/direito-profissoes\/"},"author":{"name":"Aline Damettos","@id":"https:\/\/faculdade.grancursosonline.com.br\/blog\/#\/schema\/person\/14e0fa771c0614c4b7434ee70589c075"},"headline":"Profiss\u00f5es em Direito: 15 op\u00e7\u00f5es de carreiras","datePublished":"2026-08-27T19:37:19+00:00","dateModified":"2026-08-27T19:38:19+00:00","mainEntityOfPage":{"@id":"https:\/\/faculdade.grancursosonline.com.br\/blog\/direito-profissoes\/"},"wordCount":2937,"commentCount":0,"publisher":{"@id":"https:\/\/faculdade.grancursosonline.com.br\/blog\/#organization"},"image":{"@id":"https:\/\/faculdade.grancursosonline.com.br\/blog\/direito-profissoes\/#primaryimage"},"thumbnailUrl":"https:\/\/blog-es-static.infra.grancursosonline.com.br\/wp-content\/uploads\/2025\/04\/27152736\/Profissoes-em-Direito-2.jpg","articleSection":["Gradua\u00e7\u00e3o EAD","Gradua\u00e7\u00e3o Gran Faculdade","P\u00f3s-Gradua\u00e7\u00e3o Gran Faculdade","\u00daltimas Not\u00edcias"],"inLanguage":"pt-BR","potentialAction":[{"@type":"CommentAction","name":"Comment","target":["https:\/\/faculdade.grancursosonline.com.br\/blog\/direito-profissoes\/#respond"]}],"copyrightYear":"2026","copyrightHolder":{"@id":"https:\/\/faculdade.grancursosonline.com.br\/blog\/#organization"},"accessibilityFeature":["tableOfContents"]},{"@type":"WebPage","@id":"https:\/\/faculdade.grancursosonline.com.br\/blog\/direito-profissoes\/","url":"https:\/\/faculdade.grancursosonline.com.br\/blog\/direito-profissoes\/","name":"Profiss\u00f5es em Direito: 15 carreiras e oportunidades na \u00e1rea","isPartOf":{"@id":"https:\/\/faculdade.grancursosonline.com.br\/blog\/#website"},"primaryImageOfPage":{"@id":"https:\/\/faculdade.grancursosonline.com.br\/blog\/direito-profissoes\/#primaryimage"},"image":{"@id":"https:\/\/faculdade.grancursosonline.com.br\/blog\/direito-profissoes\/#primaryimage"},"thumbnailUrl":"https:\/\/blog-es-static.infra.grancursosonline.com.br\/wp-content\/uploads\/2025\/04\/27152736\/Profissoes-em-Direito-2.jpg","datePublished":"2026-08-27T19:37:19+00:00","dateModified":"2026-08-27T19:38:19+00:00","description":"Descubra as principais profiss\u00f5es em Direito e as oportunidades de carreira na \u00e1rea. Confira os sal\u00e1rios e perspectivas. Leia mais!","breadcrumb":{"@id":"https:\/\/faculdade.grancursosonline.com.br\/blog\/direito-profissoes\/#breadcrumb"},"inLanguage":"pt-BR","potentialAction":[{"@type":"ReadAction","target":["https:\/\/faculdade.grancursosonline.com.br\/blog\/direito-profissoes\/"]}]},{"@type":"ImageObject","inLanguage":"pt-BR","@id":"https:\/\/faculdade.grancursosonline.com.br\/blog\/direito-profissoes\/#primaryimage","url":"https:\/\/blog-es-static.infra.grancursosonline.com.br\/wp-content\/uploads\/2025\/04\/27152736\/Profissoes-em-Direito-2.jpg","contentUrl":"https:\/\/blog-es-static.infra.grancursosonline.com.br\/wp-content\/uploads\/2025\/04\/27152736\/Profissoes-em-Direito-2.jpg","width":1001,"height":601,"caption":"Profissoes-em-Direito"},{"@type":"BreadcrumbList","@id":"https:\/\/faculdade.grancursosonline.com.br\/blog\/direito-profissoes\/#breadcrumb","itemListElement":[{"@type":"ListItem","position":1,"name":"In\u00edcio","item":"https:\/\/faculdade.grancursosonline.com.br\/blog\/"},{"@type":"ListItem","position":2,"name":"Gradua\u00e7\u00e3o Gran Faculdade","item":"https:\/\/faculdade.grancursosonline.com.br\/blog\/graduacao\/"},{"@type":"ListItem","position":3,"name":"Gradua\u00e7\u00e3o EAD","item":"https:\/\/faculdade.grancursosonline.com.br\/blog\/graduacao\/graduacao-ead\/"},{"@type":"ListItem","position":4,"name":"Profiss\u00f5es em Direito: 15 op\u00e7\u00f5es de carreiras"}]},{"@type":"WebSite","@id":"https:\/\/faculdade.grancursosonline.com.br\/blog\/#website","url":"https:\/\/faculdade.grancursosonline.com.br\/blog\/","name":"Blog Gran Faculdade","description":"Tudo sobre ensino superior, p\u00f3s-gradua\u00e7\u00e3o, enem e carreira.","publisher":{"@id":"https:\/\/faculdade.grancursosonline.com.br\/blog\/#organization"},"potentialAction":[{"@type":"SearchAction","target":{"@type":"EntryPoint","urlTemplate":"https:\/\/faculdade.grancursosonline.com.br\/blog\/?s={search_term_string}"},"query-input":{"@type":"PropertyValueSpecification","valueRequired":true,"valueName":"search_term_string"}}],"inLanguage":"pt-BR"},{"@type":"Organization","@id":"https:\/\/faculdade.grancursosonline.com.br\/blog\/#organization","name":"Gran Cursos Online","url":"https:\/\/faculdade.grancursosonline.com.br\/blog\/","logo":{"@type":"ImageObject","inLanguage":"pt-BR","@id":"https:\/\/faculdade.grancursosonline.com.br\/blog\/#\/schema\/logo\/image\/","url":"https:\/\/blog-es-static.infra.grancursosonline.com.br\/wp-content\/uploads\/2019\/08\/03123934\/logo.png","contentUrl":"https:\/\/blog-es-static.infra.grancursosonline.com.br\/wp-content\/uploads\/2019\/08\/03123934\/logo.png","width":300,"height":57,"caption":"Gran Cursos Online"},"image":{"@id":"https:\/\/faculdade.grancursosonline.com.br\/blog\/#\/schema\/logo\/image\/"},"sameAs":["https:\/\/www.facebook.com\/grancursosonline\/","https:\/\/x.com\/gran_online","https:\/\/www.instagram.com\/grancursosonline\/","https:\/\/www.youtube.com\/user\/grancursostv"]},{"@type":"Person","@id":"https:\/\/faculdade.grancursosonline.com.br\/blog\/#\/schema\/person\/14e0fa771c0614c4b7434ee70589c075","name":"Aline Damettos","url":"https:\/\/faculdade.grancursosonline.com.br\/blog\/author\/aline-damettos\/"}]}},"_links":{"self":[{"href":"https:\/\/faculdade.grancursosonline.com.br\/blog\/wp-json\/wp\/v2\/posts\/79753156","targetHints":{"allow":["GET"]}}],"collection":[{"href":"https:\/\/faculdade.grancursosonline.com.br\/blog\/wp-json\/wp\/v2\/posts"}],"about":[{"href":"https:\/\/faculdade.grancursosonline.com.br\/blog\/wp-json\/wp\/v2\/types\/post"}],"author":[{"embeddable":true,"href":"https:\/\/faculdade.grancursosonline.com.br\/blog\/wp-json\/wp\/v2\/users\/525"}],"replies":[{"embeddable":true,"href":"https:\/\/faculdade.grancursosonline.com.br\/blog\/wp-json\/wp\/v2\/comments?post=79753156"}],"version-history":[{"count":3,"href":"https:\/\/faculdade.grancursosonline.com.br\/blog\/wp-json\/wp\/v2\/posts\/79753156\/revisions"}],"predecessor-version":[{"id":79768845,"href":"https:\/\/faculdade.grancursosonline.com.br\/blog\/wp-json\/wp\/v2\/posts\/79753156\/revisions\/79768845"}],"wp:featuredmedia":[{"embeddable":true,"href":"https:\/\/faculdade.grancursosonline.com.br\/blog\/wp-json\/wp\/v2\/media\/79768834"}],"wp:attachment":[{"href":"https:\/\/faculdade.grancursosonline.com.br\/blog\/wp-json\/wp\/v2\/media?parent=79753156"}],"wp:term":[{"taxonomy":"category","embeddable":true,"href":"https:\/\/faculdade.grancursosonline.com.br\/blog\/wp-json\/wp\/v2\/categories?post=79753156"},{"taxonomy":"post_tag","embeddable":true,"href":"https:\/\/faculdade.grancursosonline.com.br\/blog\/wp-json\/wp\/v2\/tags?post=79753156"}],"curies":[{"name":"wp","href":"https:\/\/api.w.org\/{rel}","templated":true}]}}