{"id":79753344,"date":"2025-04-30T10:16:00","date_gmt":"2025-04-30T13:16:00","guid":{"rendered":"https:\/\/faculdade.grancursosonline.com.br\/blog\/?p=79753344"},"modified":"2025-05-08T15:48:45","modified_gmt":"2025-05-08T18:48:45","slug":"depoimento-adamir-cordeiro-gran-faculdade","status":"publish","type":"post","link":"https:\/\/faculdade.grancursosonline.com.br\/blog\/depoimento-adamir-cordeiro-gran-faculdade\/","title":{"rendered":"Veja como a Gran Faculdade est\u00e1 mudando a vida de Adamir Cordeiro"},"content":{"rendered":"\n<p>Come\u00e7ar uma <a href=\"https:\/\/faculdade.grancursosonline.com.br\/curso\/gestao-da-tecnologia-da-informacao\/\" target=\"_blank\" rel=\"noreferrer noopener\">gradua\u00e7\u00e3o em Gest\u00e3o da TI<\/a> \u00e9 dar um passo importante rumo a uma carreira promissora e cheia de oportunidades. Mas para o aluno Adamir Cordeiro, esse caminho ficou ainda mais leve quando ele encontrou uma faculdade que realmente entende suas necessidades e oferece tudo o que ele procura: praticidade, qualidade e condi\u00e7\u00f5es que cabem no bolso.<\/p>\n\n\n\n<p>Aluno da Gran Faculdade, Adamir destaca que se surpreendeu com o quanto a institui\u00e7\u00e3o facilita a vida do estudante. A qualidade do ensino \u00e9 inquestion\u00e1vel, e a parte financeira foi um al\u00edvio \u2014 o que, segundo ele, fez toda a diferen\u00e7a para manter o foco nos estudos e na constru\u00e7\u00e3o de um futuro s\u00f3lido.<\/p>\n\n\n\n<p>Quer saber por que o Adamir recomenda a Gran Faculdade com tanta confian\u00e7a? Continue lendo e descubra como a experi\u00eancia dele pode inspirar a sua \u2014 com uma forma\u00e7\u00e3o de excel\u00eancia, acess\u00edvel e pensada para transformar vidas.<\/p>\n\n\n\n<div class=\"wp-block-columns is-layout-flex wp-container-core-columns-is-layout-9d6595d7 wp-block-columns-is-layout-flex\">\n<div class=\"wp-block-column is-layout-flow wp-block-column-is-layout-flow\" style=\"flex-basis:100%\"><div class=\"wp-block-image\">\n<figure class=\"aligncenter size-full\"><a href=\"https:\/\/whatsapp.com\/channel\/0029VaG1sChI7Be7PNndhL43\" target=\"_blank\" rel=\"noopener\"><img decoding=\"async\" src=\"https:\/\/blog-es-static.infra.grancursosonline.com.br\/wp-content\/uploads\/2025\/09\/09112354\/banner-wp-600x142-80.webp\" alt=\"Acesse o canal do WhatsApp da Gran Faculdade\" class=\"wp-image-79751904\"\/><\/a><\/figure>\n<\/div><\/div>\n<\/div>\n\n\n\n<p>Acompanhe o conte\u00fado na \u00edntegra, ou navegue pelo \u00edndice se preferir:<\/p>\n\n\n\n<ul class=\"wp-block-list\">\n<li><a href=\"#h-quem-e-adamir-cordeiro\">Quem \u00e9 Adamir Cordeiro?<\/a><\/li>\n\n\n\n<li><a href=\"#h-depoimento-do-aluno\">Depoimento do Aluno<\/a><\/li>\n\n\n\n<li><a href=\"#h-como-e-o-curso-de-gestao-da-ti-da-gran-faculdade\">Como \u00e9 o curso de Gest\u00e3o da TI da Gran Faculdade?<\/a><\/li>\n<\/ul>\n\n\n\n<h2 class=\"wp-block-heading\" id=\"h-quem-e-adamir-cordeiro\"><strong>Quem \u00e9 Adamir Cordeiro?<\/strong><br><\/h2>\n\n\n\n<p>Adamir Cordeiro tem 35 anos e mora em Goi\u00e1s. O aluno tem por pr\u00e1tica a leitura e cursa <a href=\"https:\/\/faculdade.grancursosonline.com.br\/curso\/gestao-da-tecnologia-da-informacao\/\" target=\"_blank\" rel=\"noreferrer noopener\">Gest\u00e3o da TI na Gran Faculdade<\/a>. Entre outras coisas, um dos diferenciais da Gran Faculdade que o encanta \u00e9 a praticidade oferecida pela institui\u00e7\u00e3o.<\/p>\n\n\n\n<p>Confira mais sobre o depoimento do aluno e como t\u00eam sido a trajet\u00f3ria dele como nosso aluno:<\/p>\n\n\n\n<h2 class=\"wp-block-heading\" id=\"h-depoimento-do-aluno\"><strong>Depoimento do aluno<\/strong><br><\/h2>\n\n\n\n<p>Adamir \u00e9 um amante da tecnologia e da gest\u00e3o, fator que o influenciou diretamente a escolher cursar Gest\u00e3o da TI:<br><\/p>\n\n\n\n<h3 class=\"wp-block-heading\" id=\"h-por-que-voce-escolheu-essa-area-de-trabalho\"><strong>Por que voc\u00ea escolheu essa \u00e1rea de trabalho?<\/strong><br><\/h3>\n\n\n\n<blockquote class=\"wp-block-quote is-layout-flow wp-block-quote-is-layout-flow\">\n<p><em>Porque gosto da \u00e1rea de gest\u00e3o, gerir pessoas, gerir carga de trabalho e amo tecnologia.<\/em><br><\/p>\n<\/blockquote>\n\n\n\n<p>O aluno da Gran Faculdade destaca que a praticidade, a facilidade financeira e a qualidade do ensino, s\u00e3o fatores que o conquistaram:<br><\/p>\n\n\n\n<h3 class=\"wp-block-heading\" id=\"h-o-que-voce-mais-gosta-como-aluno-da-gran-faculdade\"><strong>O que voc\u00ea mais gosta como aluno da Gran Faculdade?<\/strong><br><\/h3>\n\n\n\n<blockquote class=\"wp-block-quote is-layout-flow wp-block-quote-is-layout-flow\">\n<p><em>Da praticidade que \u00e9 a Gran Faculdade, da facilidade financeira que \u00e9 proporcionada e a qualidade que \u00e9 indiscut\u00edvel.\u00a0<\/em><br><\/p>\n<\/blockquote>\n\n\n\n<p>Adamir enxerga o futuro com bons olhos, ele tem esperan\u00e7a de que a forma\u00e7\u00e3o ser\u00e1 um divisor de \u00e1guas para ele:<br><\/p>\n\n\n\n<h3 class=\"wp-block-heading\" id=\"h-como-esta-sendo-o-desenvolvimento-da-sua-carreira-voce-se-sente-esperancoso-com-a-graduacao-e-como-ela-podera-ampliar-o-seu-crescimento-profissional\"><strong>Como est\u00e1 sendo o desenvolvimento da sua carreira? Voc\u00ea se sente esperan\u00e7oso com a Gradua\u00e7\u00e3o e como ela poder\u00e1 ampliar o seu crescimento profissional?<\/strong><br><\/h3>\n\n\n\n<blockquote class=\"wp-block-quote is-layout-flow wp-block-quote-is-layout-flow\">\n<p><em>Eu acredito que ser\u00e1 como um trampolim para alcan\u00e7ar longos voos na vida profissional.<\/em><br><\/p>\n<\/blockquote>\n\n\n\n<p>O sonho de Adamir \u00e9 o mesmo de milhares de brasileiros: concluir a faculdade e prestar concurso p\u00fablico. O aluno \u00e9 um entusiasta da \u00e1rea fiscal:<\/p>\n\n\n\n<h3 class=\"wp-block-heading\" id=\"h-o-que-voce-almeja-com-a-conclusao-do-seu-curso-de-graduacao\"><strong>O que voc\u00ea almeja com a conclus\u00e3o do seu curso de gradua\u00e7\u00e3o?<\/strong><br><\/h3>\n\n\n\n<blockquote class=\"wp-block-quote is-layout-flow wp-block-quote-is-layout-flow\">\n<p><em>Um cargo p\u00fablico na \u00e1rea fiscal.<\/em><br><\/p>\n<\/blockquote>\n\n\n\n<p>A mensagem que Adamir desejaria ouvir ao iniciar a gradua\u00e7\u00e3o, e que deixa para quem deseja trilhar o mesmo caminho que ele, \u00e9:<\/p>\n\n\n\n<blockquote class=\"wp-block-quote is-layout-flow wp-block-quote-is-layout-flow\">\n<p><em>Continue, vai valer muito a pena e aproveite a jornada, essa \u00e9 a parte mais gostosa do processo.<\/em><br><\/p>\n<\/blockquote>\n\n\n\n<h2 class=\"wp-block-heading\" id=\"h-como-e-o-curso-de-gestao-da-ti-da-gran-faculdade\"><strong>Como \u00e9 o curso de Gest\u00e3o da TI da Gran Faculdade?<\/strong><br><\/h2>\n\n\n\n<p>O <a href=\"https:\/\/faculdade.grancursosonline.com.br\/curso\/gestao-da-tecnologia-da-informacao\/\" target=\"_blank\" rel=\"noreferrer noopener\">curso de Gest\u00e3o da Tecnologia da Informa\u00e7\u00e3o<\/a> da <a href=\"https:\/\/faculdade.grancursosonline.com.br\/\" target=\"_blank\" rel=\"noreferrer noopener\">Gran Faculdade<\/a> \u00e9 um tecn\u00f3logo com 5 semestres de dura\u00e7\u00e3o, com in\u00edcio imediato logo ap\u00f3s a matr\u00edcula, a forma\u00e7\u00e3o visa preparar profissionais para atuar no mercado tech.<\/p>\n\n\n\n<p>Durante a gradua\u00e7\u00e3o voc\u00ea ir\u00e1 aprender t\u00e9cnicas de programa\u00e7\u00e3o e de desenvolvimento de softwares, bem como gerenciamento de projetos e muito mais!<\/p>\n\n\n\n<p>Se inspirou na trajet\u00f3ria de Adamir? Ent\u00e3o fa\u00e7a j\u00e1 a sua matr\u00edcula com as condi\u00e7\u00f5es imperd\u00edveis da Gran Faculdade, e inicie hoje mesmo a sua jornada de ensino!<\/p>\n\n\n\n<div class=\"wp-block-group\"><div class=\"wp-block-group__inner-container is-layout-constrained wp-block-group-is-layout-constrained\">\n<h3 class=\"wp-block-heading\" id=\"h-cupons-de-desconto-graduacao-ead\">Cupons de desconto Gradua\u00e7\u00e3o EAD<\/h3>\n\n\n\n<p>Confira os descontos abaixo e selecione a op\u00e7\u00e3o que melhor se encaixa para voc\u00ea (<strong>valores v\u00e1lidos at\u00e9 o preenchimento das vagas<\/strong> <strong>dispon\u00edveis<\/strong>, os valores para sua matr\u00edcula ser\u00e3o os exibidos no site de compra na hora de fazer sua matr\u00edcula):<\/p>\n\n\n\n<figure class=\"wp-block-table\"><div class=\"container-tabela\"><table><tbody><tr><td>Categoria<\/td><td>Valor mensal<\/td><td>Cupom<\/td><\/tr><tr><td>Gradua\u00e7\u00e3o Social + Mulher<\/td><td>a partir de 12x de <strong><strong><strong><strong>R$ 89,90<\/strong><\/strong><\/strong><\/strong> <\/td><td>GRADSOCIALGRAN<\/td><\/tr><tr><td>Gradua\u00e7\u00e3o Alunos e Ex-alunos Gran<\/td><td>a partir de 12x de <strong><strong><strong><strong>R$ 89,90<\/strong><\/strong><\/strong><\/strong> <\/td><td>GRADALUNOGRAN<\/td><\/tr><tr><td>Gradua\u00e7\u00e3o Novos Alunos<\/td><td>a partir de 12x de <strong><strong><strong><strong>R$ 99,90<\/strong><\/strong><\/strong><\/strong><\/td><td>NOVOGRADGRAN<\/td><\/tr><\/tbody><\/table><\/div><\/figure>\n\n\n\n<p>Al\u00e9m disso, voc\u00ea pode obter 5% de desconto fazendo o pagamento \u00e0 vista!<\/p>\n\n\n\n<p class=\"has-text-align-center\"><strong><a href=\"https:\/\/faculdade.grancursosonline.com.br\/\" target=\"_blank\" rel=\"noopener\">Garanta sua matr\u00edcula com desconto!<\/a><\/strong><\/p>\n<\/div><\/div>\n\n\n\n<div class=\"wp-block-group has-background\" style=\"background-color:#8dd2fc7a\"><div class=\"wp-block-group__inner-container is-layout-constrained wp-block-group-is-layout-constrained\">\n<p><strong>Outras not\u00edcias em destaque:<\/strong><\/p>\n\n\n\n<ul class=\"wp-block-list\">\n<li><a href=\"https:\/\/faculdade.grancursosonline.com.br\/blog\/depoimento-nicole-buratti-gran-faculdade\/\" target=\"_blank\" rel=\"noreferrer noopener\">Veja como a Gran Faculdade est\u00e1 mudando a vida de Nicole Buratti<\/a><\/li>\n\n\n\n<li><a href=\"https:\/\/faculdade.grancursosonline.com.br\/blog\/depoimento-laila-cristina-gran-faculdade\/\" target=\"_blank\" rel=\"noreferrer noopener\">Veja como a Gran Faculdade est\u00e1 mudando a vida de Laila Cristina<\/a><\/li>\n\n\n\n<li><a href=\"https:\/\/faculdade.grancursosonline.com.br\/blog\/depoimento-aluna-talita-vitoria\/\" target=\"_blank\" rel=\"noreferrer noopener\">Conhe\u00e7a Talita Vit\u00f3ria, aluna de Engenharia de Software da Gran Faculdade<\/a><\/li>\n<\/ul>\n<\/div><\/div>\n\n\n\n<div class=\"wp-block-group\"><div class=\"wp-block-group__inner-container is-layout-constrained wp-block-group-is-layout-constrained\">\n<div class=\"wp-block-group\"><div class=\"wp-block-group__inner-container is-layout-constrained wp-block-group-is-layout-constrained\">\n<section style=\"text-align: center;\">\n<p>Quer ficar por dentro da Faculdade Digital mais inovadora do Brasil?<\/p>\n<nav>\n<p class=\"has-background has-dark-bluish-background-color\" style=\"font-size: 25px; text-align: center; background: #f0f0f0; color: #ffffff; padding: 4px 0px 4xp 0px;\"><a style=\"color: #0d134c; text-decoration: underline;\" href=\"https:\/\/faculdade.grancursosonline.com.br\/\" target=\"_blank\" rel=\"noopener\">GRADUA\u00c7\u00c3O<\/a><\/p>\n<p class=\"has-background has-dark-bluish-background-color\" style=\"font-size: 25px; text-align: center; background: #f0f0f0; color: #ffffff; padding: 4px 0px 4xp 0px;\"><a style=\"color: #0d134c; text-decoration: underline;\" href=\"https:\/\/pos.grancursosonline.com.br\/\" target=\"_blank\" rel=\"noopener\">P\u00d3S-GRADUA\u00c7\u00c3O<\/a><\/p>\n<p class=\"has-background has-dark-bluish-background-color\" style=\"font-size: 25px; text-align: center; background: #f0f0f0; color: #ffffff; padding: 4px 0px 4xp 0px;\"><a style=\"color: #0d134c; text-decoration: underline;\" href=\"https:\/\/faculdade.grancursosonline.com.br\/nossos-cursos\/\" target=\"_blank\" rel=\"noopener\">TUDO SOBRE A GRAN FACULDADE<\/a><\/p>\n<\/nav>\n<p><strong>Receba <span style=\"color: #cf1e25;\">gratuitamente<\/span> no seu celular as principais not\u00edcias sobre a Gran Faculdade! <br \/>Clique no link abaixo e inscreva-se:<\/strong><\/p>\n<p class=\"has-background has-dark-bluish-background-color\" style=\"font-size: 25px; text-align: center; background: #f0f0f0; color: #ffffff; padding: 4px 0px 4xp 0px;\"><a style=\"color: #0d134c; text-decoration: underline;\" href=\"https:\/\/whatsapp.com\/channel\/0029VaG1sChI7Be7PNndhL43\" target=\"_blank\" rel=\"noopener noreferrer\">WHATSAPP<\/a><\/p>\n<p class=\"has-background has-dark-bluish-background-color\" style=\"font-size: 25px; text-align: center; background: #f0f0f0; color: #ffffff; padding: 4px 0px 4xp 0px;\"><a style=\"color: #0d134c; text-decoration: underline;\" href=\"https:\/\/t.me\/GranFaculdade\" target=\"_blank\" rel=\"noopener noreferrer\">TELEGRAM<\/a><\/p>\n<\/section>\n<\/div><\/div>\n<\/div><\/div>\n\n\n\n<p><\/p>\n","protected":false},"excerpt":{"rendered":"<p>Come\u00e7ar uma gradua\u00e7\u00e3o em Gest\u00e3o da TI \u00e9 dar um passo importante rumo a uma carreira promissora e cheia de oportunidades. Mas para o aluno Adamir Cordeiro, esse caminho ficou ainda mais leve quando ele encontrou uma faculdade que realmente entende suas necessidades e oferece tudo o que ele procura: praticidade, qualidade e condi\u00e7\u00f5es que&hellip;<\/p>\n","protected":false},"author":514,"featured_media":79753345,"comment_status":"open","ping_status":"open","sticky":false,"template":"","format":"standard","meta":{"_acf_changed":false,"content-type":"","footnotes":""},"categories":[220347,219790,218545,2],"tags":[],"class_list":["post-79753344","post","type-post","status-publish","format-standard","has-post-thumbnail","hentry","category-depoimentos","category-graduacao-ead","category-graduacao","category-ultimas-noticias"],"acf":[],"yoast_head":"<!-- This site is optimized with the Yoast SEO Premium plugin v27.2 (Yoast SEO v27.2) - https:\/\/yoast.com\/product\/yoast-seo-premium-wordpress\/ -->\n<title>Veja como a Gran Faculdade est\u00e1 mudando a vida de Adamir Cordeiro<\/title>\n<meta name=\"description\" content=\"Descubra como a Gran Faculdade mudou a vida de Adamir Cordeiro com ensino acess\u00edvel, pr\u00e1tico e de qualidade.\" \/>\n<meta name=\"robots\" content=\"index, follow, max-snippet:-1, max-image-preview:large, max-video-preview:-1\" \/>\n<link rel=\"canonical\" href=\"https:\/\/faculdade.grancursosonline.com.br\/blog\/depoimento-adamir-cordeiro-gran-faculdade\/\" \/>\n<meta property=\"og:locale\" content=\"pt_BR\" \/>\n<meta property=\"og:type\" content=\"article\" \/>\n<meta property=\"og:title\" content=\"Veja como a Gran Faculdade est\u00e1 mudando a vida de Adamir Cordeiro\" \/>\n<meta property=\"og:description\" content=\"Descubra como a Gran Faculdade mudou a vida de Adamir Cordeiro com ensino acess\u00edvel, pr\u00e1tico e de qualidade.\" \/>\n<meta property=\"og:url\" content=\"https:\/\/faculdade.grancursosonline.com.br\/blog\/depoimento-adamir-cordeiro-gran-faculdade\/\" \/>\n<meta property=\"og:site_name\" content=\"Blog Gran Faculdade\" \/>\n<meta property=\"article:publisher\" content=\"https:\/\/www.facebook.com\/grancursosonline\/\" \/>\n<meta property=\"article:published_time\" content=\"2025-04-30T13:16:00+00:00\" \/>\n<meta property=\"article:modified_time\" content=\"2025-05-08T18:48:45+00:00\" \/>\n<meta property=\"og:image\" content=\"https:\/\/blog-es-static.infra.grancursosonline.com.br\/wp-content\/uploads\/2025\/04\/22182254\/Depoimento-aluno-Gran-Faculdade-Adamir-Cordeiro.jpg\" \/>\n\t<meta property=\"og:image:width\" content=\"510\" \/>\n\t<meta property=\"og:image:height\" content=\"310\" \/>\n\t<meta property=\"og:image:type\" content=\"image\/jpeg\" \/>\n<meta name=\"author\" content=\"Guilherme Henrique\" \/>\n<meta name=\"twitter:card\" content=\"summary_large_image\" \/>\n<meta name=\"twitter:creator\" content=\"@gran_online\" \/>\n<meta name=\"twitter:site\" content=\"@gran_online\" \/>\n<meta name=\"twitter:label1\" content=\"Written by\" \/>\n\t<meta name=\"twitter:data1\" content=\"Guilherme Henrique\" \/>\n\t<meta name=\"twitter:label2\" content=\"Est. reading time\" \/>\n\t<meta name=\"twitter:data2\" content=\"13 minutos\" \/>\n<script type=\"application\/ld+json\" class=\"yoast-schema-graph\">{\"@context\":\"https:\/\/schema.org\",\"@graph\":[{\"@type\":\"NewsArticle\",\"@id\":\"https:\/\/faculdade.grancursosonline.com.br\/blog\/depoimento-adamir-cordeiro-gran-faculdade\/#article\",\"isPartOf\":{\"@id\":\"https:\/\/faculdade.grancursosonline.com.br\/blog\/depoimento-adamir-cordeiro-gran-faculdade\/\"},\"author\":{\"name\":\"Guilherme Henrique\",\"@id\":\"https:\/\/faculdade.grancursosonline.com.br\/blog\/#\/schema\/person\/9745f9b6db8976613c1f439dbcfe717d\"},\"headline\":\"Veja como a Gran Faculdade est\u00e1 mudando a vida de Adamir Cordeiro\",\"datePublished\":\"2025-04-30T13:16:00+00:00\",\"dateModified\":\"2025-05-08T18:48:45+00:00\",\"mainEntityOfPage\":{\"@id\":\"https:\/\/faculdade.grancursosonline.com.br\/blog\/depoimento-adamir-cordeiro-gran-faculdade\/\"},\"wordCount\":669,\"commentCount\":0,\"publisher\":{\"@id\":\"https:\/\/faculdade.grancursosonline.com.br\/blog\/#organization\"},\"image\":{\"@id\":\"https:\/\/faculdade.grancursosonline.com.br\/blog\/depoimento-adamir-cordeiro-gran-faculdade\/#primaryimage\"},\"thumbnailUrl\":\"https:\/\/blog-es-static.infra.grancursosonline.com.br\/wp-content\/uploads\/2025\/04\/22182227\/Depoimento-aluno-Gran-Faculdade-Adamir-Cordeiro-2.jpg\",\"articleSection\":[\"Eu Sou Gran\",\"Gradua\u00e7\u00e3o EAD\",\"Gradua\u00e7\u00e3o Gran Faculdade\",\"\u00daltimas Not\u00edcias\"],\"inLanguage\":\"pt-BR\",\"potentialAction\":[{\"@type\":\"CommentAction\",\"name\":\"Comment\",\"target\":[\"https:\/\/faculdade.grancursosonline.com.br\/blog\/depoimento-adamir-cordeiro-gran-faculdade\/#respond\"]}],\"copyrightYear\":\"2025\",\"copyrightHolder\":{\"@id\":\"https:\/\/faculdade.grancursosonline.com.br\/blog\/#organization\"}},{\"@type\":\"WebPage\",\"@id\":\"https:\/\/faculdade.grancursosonline.com.br\/blog\/depoimento-adamir-cordeiro-gran-faculdade\/\",\"url\":\"https:\/\/faculdade.grancursosonline.com.br\/blog\/depoimento-adamir-cordeiro-gran-faculdade\/\",\"name\":\"Veja como a Gran Faculdade est\u00e1 mudando a vida de Adamir Cordeiro\",\"isPartOf\":{\"@id\":\"https:\/\/faculdade.grancursosonline.com.br\/blog\/#website\"},\"primaryImageOfPage\":{\"@id\":\"https:\/\/faculdade.grancursosonline.com.br\/blog\/depoimento-adamir-cordeiro-gran-faculdade\/#primaryimage\"},\"image\":{\"@id\":\"https:\/\/faculdade.grancursosonline.com.br\/blog\/depoimento-adamir-cordeiro-gran-faculdade\/#primaryimage\"},\"thumbnailUrl\":\"https:\/\/blog-es-static.infra.grancursosonline.com.br\/wp-content\/uploads\/2025\/04\/22182227\/Depoimento-aluno-Gran-Faculdade-Adamir-Cordeiro-2.jpg\",\"datePublished\":\"2025-04-30T13:16:00+00:00\",\"dateModified\":\"2025-05-08T18:48:45+00:00\",\"description\":\"Descubra como a Gran Faculdade mudou a vida de Adamir Cordeiro com ensino acess\u00edvel, pr\u00e1tico e de qualidade.\",\"breadcrumb\":{\"@id\":\"https:\/\/faculdade.grancursosonline.com.br\/blog\/depoimento-adamir-cordeiro-gran-faculdade\/#breadcrumb\"},\"inLanguage\":\"pt-BR\",\"potentialAction\":[{\"@type\":\"ReadAction\",\"target\":[\"https:\/\/faculdade.grancursosonline.com.br\/blog\/depoimento-adamir-cordeiro-gran-faculdade\/\"]}]},{\"@type\":\"ImageObject\",\"inLanguage\":\"pt-BR\",\"@id\":\"https:\/\/faculdade.grancursosonline.com.br\/blog\/depoimento-adamir-cordeiro-gran-faculdade\/#primaryimage\",\"url\":\"https:\/\/blog-es-static.infra.grancursosonline.com.br\/wp-content\/uploads\/2025\/04\/22182227\/Depoimento-aluno-Gran-Faculdade-Adamir-Cordeiro-2.jpg\",\"contentUrl\":\"https:\/\/blog-es-static.infra.grancursosonline.com.br\/wp-content\/uploads\/2025\/04\/22182227\/Depoimento-aluno-Gran-Faculdade-Adamir-Cordeiro-2.jpg\",\"width\":1000,\"height\":600,\"caption\":\"Veja como a Gran Faculdade est\u00e1 mudando a vida de Adamir Cordeiro\"},{\"@type\":\"BreadcrumbList\",\"@id\":\"https:\/\/faculdade.grancursosonline.com.br\/blog\/depoimento-adamir-cordeiro-gran-faculdade\/#breadcrumb\",\"itemListElement\":[{\"@type\":\"ListItem\",\"position\":1,\"name\":\"In\u00edcio\",\"item\":\"https:\/\/faculdade.grancursosonline.com.br\/blog\/\"},{\"@type\":\"ListItem\",\"position\":2,\"name\":\"Eu Sou Gran\",\"item\":\"https:\/\/faculdade.grancursosonline.com.br\/blog\/depoimentos\/\"},{\"@type\":\"ListItem\",\"position\":3,\"name\":\"Veja como a Gran Faculdade est\u00e1 mudando a vida de Adamir Cordeiro\"}]},{\"@type\":\"WebSite\",\"@id\":\"https:\/\/faculdade.grancursosonline.com.br\/blog\/#website\",\"url\":\"https:\/\/faculdade.grancursosonline.com.br\/blog\/\",\"name\":\"Blog Gran Faculdade\",\"description\":\"Tudo sobre ensino superior, p\u00f3s-gradua\u00e7\u00e3o, enem e carreira.\",\"publisher\":{\"@id\":\"https:\/\/faculdade.grancursosonline.com.br\/blog\/#organization\"},\"potentialAction\":[{\"@type\":\"SearchAction\",\"target\":{\"@type\":\"EntryPoint\",\"urlTemplate\":\"https:\/\/faculdade.grancursosonline.com.br\/blog\/?s={search_term_string}\"},\"query-input\":{\"@type\":\"PropertyValueSpecification\",\"valueRequired\":true,\"valueName\":\"search_term_string\"}}],\"inLanguage\":\"pt-BR\"},{\"@type\":\"Organization\",\"@id\":\"https:\/\/faculdade.grancursosonline.com.br\/blog\/#organization\",\"name\":\"Gran Cursos Online\",\"url\":\"https:\/\/faculdade.grancursosonline.com.br\/blog\/\",\"logo\":{\"@type\":\"ImageObject\",\"inLanguage\":\"pt-BR\",\"@id\":\"https:\/\/faculdade.grancursosonline.com.br\/blog\/#\/schema\/logo\/image\/\",\"url\":\"https:\/\/blog-es-static.infra.grancursosonline.com.br\/wp-content\/uploads\/2019\/08\/03123934\/logo.png\",\"contentUrl\":\"https:\/\/blog-es-static.infra.grancursosonline.com.br\/wp-content\/uploads\/2019\/08\/03123934\/logo.png\",\"width\":300,\"height\":57,\"caption\":\"Gran Cursos Online\"},\"image\":{\"@id\":\"https:\/\/faculdade.grancursosonline.com.br\/blog\/#\/schema\/logo\/image\/\"},\"sameAs\":[\"https:\/\/www.facebook.com\/grancursosonline\/\",\"https:\/\/x.com\/gran_online\",\"https:\/\/www.instagram.com\/grancursosonline\/\",\"https:\/\/www.youtube.com\/user\/grancursostv\"]},{\"@type\":\"Person\",\"@id\":\"https:\/\/faculdade.grancursosonline.com.br\/blog\/#\/schema\/person\/9745f9b6db8976613c1f439dbcfe717d\",\"name\":\"Guilherme Henrique\",\"url\":\"https:\/\/faculdade.grancursosonline.com.br\/blog\/author\/guilherme-lourenco\/\"}]}<\/script>\n<!-- \/ Yoast SEO Premium plugin. -->","yoast_head_json":{"title":"Veja como a Gran Faculdade est\u00e1 mudando a vida de Adamir Cordeiro","description":"Descubra como a Gran Faculdade mudou a vida de Adamir Cordeiro com ensino acess\u00edvel, pr\u00e1tico e de qualidade.","robots":{"index":"index","follow":"follow","max-snippet":"max-snippet:-1","max-image-preview":"max-image-preview:large","max-video-preview":"max-video-preview:-1"},"canonical":"https:\/\/faculdade.grancursosonline.com.br\/blog\/depoimento-adamir-cordeiro-gran-faculdade\/","og_locale":"pt_BR","og_type":"article","og_title":"Veja como a Gran Faculdade est\u00e1 mudando a vida de Adamir Cordeiro","og_description":"Descubra como a Gran Faculdade mudou a vida de Adamir Cordeiro com ensino acess\u00edvel, pr\u00e1tico e de qualidade.","og_url":"https:\/\/faculdade.grancursosonline.com.br\/blog\/depoimento-adamir-cordeiro-gran-faculdade\/","og_site_name":"Blog Gran Faculdade","article_publisher":"https:\/\/www.facebook.com\/grancursosonline\/","article_published_time":"2025-04-30T13:16:00+00:00","article_modified_time":"2025-05-08T18:48:45+00:00","og_image":[{"width":510,"height":310,"url":"https:\/\/blog-es-static.infra.grancursosonline.com.br\/wp-content\/uploads\/2025\/04\/22182254\/Depoimento-aluno-Gran-Faculdade-Adamir-Cordeiro.jpg","type":"image\/jpeg"}],"author":"Guilherme Henrique","twitter_card":"summary_large_image","twitter_creator":"@gran_online","twitter_site":"@gran_online","twitter_misc":{"Written by":"Guilherme Henrique","Est. reading time":"13 minutos"},"schema":{"@context":"https:\/\/schema.org","@graph":[{"@type":"NewsArticle","@id":"https:\/\/faculdade.grancursosonline.com.br\/blog\/depoimento-adamir-cordeiro-gran-faculdade\/#article","isPartOf":{"@id":"https:\/\/faculdade.grancursosonline.com.br\/blog\/depoimento-adamir-cordeiro-gran-faculdade\/"},"author":{"name":"Guilherme Henrique","@id":"https:\/\/faculdade.grancursosonline.com.br\/blog\/#\/schema\/person\/9745f9b6db8976613c1f439dbcfe717d"},"headline":"Veja como a Gran Faculdade est\u00e1 mudando a vida de Adamir Cordeiro","datePublished":"2025-04-30T13:16:00+00:00","dateModified":"2025-05-08T18:48:45+00:00","mainEntityOfPage":{"@id":"https:\/\/faculdade.grancursosonline.com.br\/blog\/depoimento-adamir-cordeiro-gran-faculdade\/"},"wordCount":669,"commentCount":0,"publisher":{"@id":"https:\/\/faculdade.grancursosonline.com.br\/blog\/#organization"},"image":{"@id":"https:\/\/faculdade.grancursosonline.com.br\/blog\/depoimento-adamir-cordeiro-gran-faculdade\/#primaryimage"},"thumbnailUrl":"https:\/\/blog-es-static.infra.grancursosonline.com.br\/wp-content\/uploads\/2025\/04\/22182227\/Depoimento-aluno-Gran-Faculdade-Adamir-Cordeiro-2.jpg","articleSection":["Eu Sou Gran","Gradua\u00e7\u00e3o EAD","Gradua\u00e7\u00e3o Gran Faculdade","\u00daltimas Not\u00edcias"],"inLanguage":"pt-BR","potentialAction":[{"@type":"CommentAction","name":"Comment","target":["https:\/\/faculdade.grancursosonline.com.br\/blog\/depoimento-adamir-cordeiro-gran-faculdade\/#respond"]}],"copyrightYear":"2025","copyrightHolder":{"@id":"https:\/\/faculdade.grancursosonline.com.br\/blog\/#organization"}},{"@type":"WebPage","@id":"https:\/\/faculdade.grancursosonline.com.br\/blog\/depoimento-adamir-cordeiro-gran-faculdade\/","url":"https:\/\/faculdade.grancursosonline.com.br\/blog\/depoimento-adamir-cordeiro-gran-faculdade\/","name":"Veja como a Gran Faculdade est\u00e1 mudando a vida de Adamir Cordeiro","isPartOf":{"@id":"https:\/\/faculdade.grancursosonline.com.br\/blog\/#website"},"primaryImageOfPage":{"@id":"https:\/\/faculdade.grancursosonline.com.br\/blog\/depoimento-adamir-cordeiro-gran-faculdade\/#primaryimage"},"image":{"@id":"https:\/\/faculdade.grancursosonline.com.br\/blog\/depoimento-adamir-cordeiro-gran-faculdade\/#primaryimage"},"thumbnailUrl":"https:\/\/blog-es-static.infra.grancursosonline.com.br\/wp-content\/uploads\/2025\/04\/22182227\/Depoimento-aluno-Gran-Faculdade-Adamir-Cordeiro-2.jpg","datePublished":"2025-04-30T13:16:00+00:00","dateModified":"2025-05-08T18:48:45+00:00","description":"Descubra como a Gran Faculdade mudou a vida de Adamir Cordeiro com ensino acess\u00edvel, pr\u00e1tico e de qualidade.","breadcrumb":{"@id":"https:\/\/faculdade.grancursosonline.com.br\/blog\/depoimento-adamir-cordeiro-gran-faculdade\/#breadcrumb"},"inLanguage":"pt-BR","potentialAction":[{"@type":"ReadAction","target":["https:\/\/faculdade.grancursosonline.com.br\/blog\/depoimento-adamir-cordeiro-gran-faculdade\/"]}]},{"@type":"ImageObject","inLanguage":"pt-BR","@id":"https:\/\/faculdade.grancursosonline.com.br\/blog\/depoimento-adamir-cordeiro-gran-faculdade\/#primaryimage","url":"https:\/\/blog-es-static.infra.grancursosonline.com.br\/wp-content\/uploads\/2025\/04\/22182227\/Depoimento-aluno-Gran-Faculdade-Adamir-Cordeiro-2.jpg","contentUrl":"https:\/\/blog-es-static.infra.grancursosonline.com.br\/wp-content\/uploads\/2025\/04\/22182227\/Depoimento-aluno-Gran-Faculdade-Adamir-Cordeiro-2.jpg","width":1000,"height":600,"caption":"Veja como a Gran Faculdade est\u00e1 mudando a vida de Adamir Cordeiro"},{"@type":"BreadcrumbList","@id":"https:\/\/faculdade.grancursosonline.com.br\/blog\/depoimento-adamir-cordeiro-gran-faculdade\/#breadcrumb","itemListElement":[{"@type":"ListItem","position":1,"name":"In\u00edcio","item":"https:\/\/faculdade.grancursosonline.com.br\/blog\/"},{"@type":"ListItem","position":2,"name":"Eu Sou Gran","item":"https:\/\/faculdade.grancursosonline.com.br\/blog\/depoimentos\/"},{"@type":"ListItem","position":3,"name":"Veja como a Gran Faculdade est\u00e1 mudando a vida de Adamir Cordeiro"}]},{"@type":"WebSite","@id":"https:\/\/faculdade.grancursosonline.com.br\/blog\/#website","url":"https:\/\/faculdade.grancursosonline.com.br\/blog\/","name":"Blog Gran Faculdade","description":"Tudo sobre ensino superior, p\u00f3s-gradua\u00e7\u00e3o, enem e carreira.","publisher":{"@id":"https:\/\/faculdade.grancursosonline.com.br\/blog\/#organization"},"potentialAction":[{"@type":"SearchAction","target":{"@type":"EntryPoint","urlTemplate":"https:\/\/faculdade.grancursosonline.com.br\/blog\/?s={search_term_string}"},"query-input":{"@type":"PropertyValueSpecification","valueRequired":true,"valueName":"search_term_string"}}],"inLanguage":"pt-BR"},{"@type":"Organization","@id":"https:\/\/faculdade.grancursosonline.com.br\/blog\/#organization","name":"Gran Cursos Online","url":"https:\/\/faculdade.grancursosonline.com.br\/blog\/","logo":{"@type":"ImageObject","inLanguage":"pt-BR","@id":"https:\/\/faculdade.grancursosonline.com.br\/blog\/#\/schema\/logo\/image\/","url":"https:\/\/blog-es-static.infra.grancursosonline.com.br\/wp-content\/uploads\/2019\/08\/03123934\/logo.png","contentUrl":"https:\/\/blog-es-static.infra.grancursosonline.com.br\/wp-content\/uploads\/2019\/08\/03123934\/logo.png","width":300,"height":57,"caption":"Gran Cursos Online"},"image":{"@id":"https:\/\/faculdade.grancursosonline.com.br\/blog\/#\/schema\/logo\/image\/"},"sameAs":["https:\/\/www.facebook.com\/grancursosonline\/","https:\/\/x.com\/gran_online","https:\/\/www.instagram.com\/grancursosonline\/","https:\/\/www.youtube.com\/user\/grancursostv"]},{"@type":"Person","@id":"https:\/\/faculdade.grancursosonline.com.br\/blog\/#\/schema\/person\/9745f9b6db8976613c1f439dbcfe717d","name":"Guilherme Henrique","url":"https:\/\/faculdade.grancursosonline.com.br\/blog\/author\/guilherme-lourenco\/"}]}},"_links":{"self":[{"href":"https:\/\/faculdade.grancursosonline.com.br\/blog\/wp-json\/wp\/v2\/posts\/79753344","targetHints":{"allow":["GET"]}}],"collection":[{"href":"https:\/\/faculdade.grancursosonline.com.br\/blog\/wp-json\/wp\/v2\/posts"}],"about":[{"href":"https:\/\/faculdade.grancursosonline.com.br\/blog\/wp-json\/wp\/v2\/types\/post"}],"author":[{"embeddable":true,"href":"https:\/\/faculdade.grancursosonline.com.br\/blog\/wp-json\/wp\/v2\/users\/514"}],"replies":[{"embeddable":true,"href":"https:\/\/faculdade.grancursosonline.com.br\/blog\/wp-json\/wp\/v2\/comments?post=79753344"}],"version-history":[{"count":3,"href":"https:\/\/faculdade.grancursosonline.com.br\/blog\/wp-json\/wp\/v2\/posts\/79753344\/revisions"}],"predecessor-version":[{"id":79753838,"href":"https:\/\/faculdade.grancursosonline.com.br\/blog\/wp-json\/wp\/v2\/posts\/79753344\/revisions\/79753838"}],"wp:featuredmedia":[{"embeddable":true,"href":"https:\/\/faculdade.grancursosonline.com.br\/blog\/wp-json\/wp\/v2\/media\/79753345"}],"wp:attachment":[{"href":"https:\/\/faculdade.grancursosonline.com.br\/blog\/wp-json\/wp\/v2\/media?parent=79753344"}],"wp:term":[{"taxonomy":"category","embeddable":true,"href":"https:\/\/faculdade.grancursosonline.com.br\/blog\/wp-json\/wp\/v2\/categories?post=79753344"},{"taxonomy":"post_tag","embeddable":true,"href":"https:\/\/faculdade.grancursosonline.com.br\/blog\/wp-json\/wp\/v2\/tags?post=79753344"}],"curies":[{"name":"wp","href":"https:\/\/api.w.org\/{rel}","templated":true}]}}