{"id":79753369,"date":"2025-04-23T18:13:33","date_gmt":"2025-04-23T21:13:33","guid":{"rendered":"https:\/\/faculdade.grancursosonline.com.br\/blog\/?p=79753369"},"modified":"2025-05-08T17:05:17","modified_gmt":"2025-05-08T20:05:17","slug":"depoimento-jucimara-oliveira-gran-faculdade","status":"publish","type":"post","link":"https:\/\/faculdade.grancursosonline.com.br\/blog\/depoimento-jucimara-oliveira-gran-faculdade\/","title":{"rendered":"Conhe\u00e7a a hist\u00f3ria de Jucimara Oliveira, aluna da Gran Faculdade!"},"content":{"rendered":"\n<p>Dar continuidade aos estudos com quem voc\u00ea j\u00e1 confia faz toda a diferen\u00e7a. Para Jucimara Oliveira, que j\u00e1 era aluna do Gran nos cursos preparat\u00f3rios para concursos, a escolha pela gradua\u00e7\u00e3o na Gran Faculdade foi natural. O m\u00e9todo de ensino e a qualidade dos professores a conquistaram desde o in\u00edcio.<\/p>\n\n\n\n<p>Agora como aluna de gradua\u00e7\u00e3o, Jucimara destaca que a experi\u00eancia s\u00f3 confirmou suas expectativas. A institui\u00e7\u00e3o oferece uma estrutura que facilita o aprendizado, com conte\u00fado acess\u00edvel e did\u00e1tica envolvente. Isso tudo contribui para uma rotina de estudos mais leve e eficiente.<\/p>\n\n\n\n<p>Quer entender por que Jucimara decidiu seguir com a Gran tamb\u00e9m na faculdade? Continue lendo e descubra como o ensino de qualidade e a confian\u00e7a constru\u00edda com a institui\u00e7\u00e3o foram decisivos para ela dar mais um passo rumo ao sucesso profissional.<\/p>\n\n\n\n<div class=\"wp-block-columns is-layout-flex wp-container-core-columns-is-layout-9d6595d7 wp-block-columns-is-layout-flex\">\n<div class=\"wp-block-column is-layout-flow wp-block-column-is-layout-flow\" style=\"flex-basis:100%\"><div class=\"wp-block-image\">\n<figure class=\"aligncenter size-full\"><a href=\"https:\/\/whatsapp.com\/channel\/0029VaG1sChI7Be7PNndhL43\" target=\"_blank\" rel=\"noopener\"><img decoding=\"async\" src=\"https:\/\/blog-es-static.infra.grancursosonline.com.br\/wp-content\/uploads\/2025\/09\/09112354\/banner-wp-600x142-80.webp\" alt=\"Acesse o canal do WhatsApp da Gran Faculdade\" class=\"wp-image-79751904\"\/><\/a><\/figure>\n<\/div><\/div>\n<\/div>\n\n\n\n<p>Acompanhe o conte\u00fado na \u00edntegra, ou navegue pelo \u00edndice se preferir:<\/p>\n\n\n\n<ul class=\"wp-block-list\">\n<li><a href=\"#h-quem-e-jucimara-oliveira\">Quem \u00e9 Jucimara Oliveira?<\/a><\/li>\n\n\n\n<li><a href=\"#h-depoimento-da-aluna\">Depoimento da Aluna<\/a><\/li>\n\n\n\n<li><a href=\"#h-como-e-o-curso-de-administracao-da-gran-faculdade\">Como \u00e9 o curso de Administra\u00e7\u00e3o da Gran Faculdade?<\/a><\/li>\n<\/ul>\n\n\n\n<h2 class=\"wp-block-heading\" id=\"h-quem-e-jucimara-oliveira\"><strong>Quem \u00e9 Jucimara Oliveira?<\/strong><br><\/h2>\n\n\n\n<p>Jucimara Oliveira, \u00e9 formada em Direito e cursa Administra\u00e7\u00e3o na Gran Faculdade, tem 34 anos e mora no Paran\u00e1. A aluna da nossa institui\u00e7\u00e3o destaca que j\u00e1 estudava com o Gran, preparando-se para concursos p\u00fablicos, conhecendo nosso m\u00e9todo de ensino e os professores, ela optou por fazer a sua segunda gradua\u00e7\u00e3o com a gente:<\/p>\n\n\n\n<p>Confira como tem sido a trajet\u00f3ria de Jucimara:<\/p>\n\n\n\n<h2 class=\"wp-block-heading\" id=\"h-depoimento-da-aluna\"><strong>Depoimento da aluna<\/strong><br><\/h2>\n\n\n\n<p>Jucimara atualmente \u00e9 estagi\u00e1ria, e revela que aproveita cada momento livre para estudar e se dedicar:<\/p>\n\n\n\n<h3 class=\"wp-block-heading\" id=\"h-voce-ja-esta-inserido-no-mercado-de-trabalho-se-sim-como-voce-consegue-conciliar-os-estudos-com-o-seu-emprego\"><strong>Voc\u00ea j\u00e1 est\u00e1 inserido no mercado de trabalho? Se sim, como voc\u00ea consegue conciliar os estudos com o seu emprego?<\/strong><br><\/h3>\n\n\n\n<blockquote class=\"wp-block-quote is-layout-flow wp-block-quote-is-layout-flow\">\n<p><em>Sim, atualmente sou estagi\u00e1ria. Estudo at\u00e9 no hor\u00e1rio de almo\u00e7o, aproveitando cada minuto para avan\u00e7ar. Sempre estou ouvindo minhas videoaulas, absorvendo conhecimento a qualquer instante. E \u00e0 noite, meu foco se intensifica ainda mais. Minha dedica\u00e7\u00e3o n\u00e3o tem pausa!<\/em><br><\/p>\n<\/blockquote>\n\n\n\n<p>A aluna destaca ainda que t\u00eam sido desafiador o desenvolvimento de sua carreira, mas em contrapartida t\u00eam sido extremamente gratificante.&nbsp;<br><\/p>\n\n\n\n<h3 class=\"wp-block-heading\" id=\"h-como-esta-sendo-o-desenvolvimento-da-sua-carreira-voce-se-sente-esperancosa-com-a-graduacao-e-como-ela-podera-ampliar-o-seu-crescimento-profissional\"><strong>Como est\u00e1 sendo o desenvolvimento da sua carreira? Voc\u00ea se sente esperan\u00e7osa com a Gradua\u00e7\u00e3o e como ela poder\u00e1 ampliar o seu crescimento profissional?<\/strong><br><\/h3>\n\n\n\n<blockquote class=\"wp-block-quote is-layout-flow wp-block-quote-is-layout-flow\">\n<p><em>O desenvolvimento da minha carreira tem sido desafiador, mas extremamente gratificante. Cada etapa, desde os estudos at\u00e9 as experi\u00eancias pr\u00e1ticas, tem sido um aprendizado valioso. Mesmo com a rotina intensa, sigo firme, buscando sempre aprimorar meus conhecimentos e habilidades.<\/em><\/p>\n\n\n\n<p><em>Quanto \u00e0 gradua\u00e7\u00e3o, sinto-me esperan\u00e7osa e motivada, pois sei que ela ser\u00e1 um grande diferencial para o meu crescimento profissional. Acredito que, com dedica\u00e7\u00e3o e esfor\u00e7o, poderei ampliar minhas oportunidades, construir uma trajet\u00f3ria s\u00f3lida e alcan\u00e7ar meus objetivos na \u00e1rea jur\u00eddica.<\/em><\/p>\n<\/blockquote>\n\n\n\n<p>Jucimara \u00e9 uma guerreira, e sonha em atuar na \u00e1rea jur\u00eddica. Ela revela que atuou durante anos como cabeleireira, e que enxergou na gradua\u00e7\u00e3o em Administra\u00e7\u00e3o, uma oportunidade de incrementar o seu curr\u00edculo e obter mais chances no mercado de trabalho:<br><\/p>\n\n\n\n<h3 class=\"wp-block-heading\" id=\"h-agora-conte-um-pouco-sobre-a-sua-historia-fale-sobre-o-seu-dia-a-dia-como-voce-organiza-a-sua-rotina-de-estudos-e-como-voce-avalia-o-seu-desenvolvimento\"><strong>Agora, conte um pouco sobre a sua hist\u00f3ria. Fale sobre o seu dia a dia, como voc\u00ea organiza a sua rotina de estudos e como voc\u00ea avalia o seu desenvolvimento.<\/strong><br><\/h3>\n\n\n\n<blockquote class=\"wp-block-quote is-layout-flow wp-block-quote-is-layout-flow\">\n<p><em>Ol\u00e1, sou Jucimara, tenho 34 anos e sou formada em Direito. Atualmente, estou em prepara\u00e7\u00e3o para o exame da OAB. Diante das dificuldades do mercado de trabalho, percebi a necessidade de ampliar minhas qualifica\u00e7\u00f5es para aumentar minhas oportunidades. Em minha cidade, a \u00e1rea administrativa \u00e9 um requisito essencial para muitas vagas, o que me levou a ingressar em uma nova gradua\u00e7\u00e3o em Administra\u00e7\u00e3o. Meu objetivo \u00e9 garantir estabilidade financeira, manter meus estudos na \u00e1rea jur\u00eddica e, assim, concretizar meu grande sonho de atuar no Direito.<\/em><\/p>\n\n\n\n<p><\/p>\n\n\n\n<p><em>Atualmente, trabalho em uma construtora no setor administrativo como estagi\u00e1ria. Minhas principais atividades incluem a elabora\u00e7\u00e3o de contratos e o cadastro de clientes, o que tem me proporcionado uma valiosa experi\u00eancia em administra\u00e7\u00e3o e comunica\u00e7\u00e3o organizacional. O ambiente corporativo \u00e9 din\u00e2mico e repleto de aprendizados, o que fortalece minhas habilidades de gest\u00e3o e intera\u00e7\u00e3o profissional.<\/em><\/p>\n\n\n\n<p><\/p>\n\n\n\n<p><em>Minha rotina \u00e9 intensa e exige disciplina. Acordo diariamente \u00e0s 5h15 para estudar para a OAB. Inicio o expediente \u00e0s 8h, e, como minha fun\u00e7\u00e3o \u00e9 essencialmente baseada em sistemas, aproveito para ouvir videoaulas sempre que poss\u00edvel. Durante o hor\u00e1rio de almo\u00e7o, em vez de ir para casa, reviso e resumo minhas anota\u00e7\u00f5es. No per\u00edodo da tarde, acompanho conte\u00fados da gradua\u00e7\u00e3o em Administra\u00e7\u00e3o e fa\u00e7o registros estrat\u00e9gicos para consolidar o aprendizado. \u00c0 noite, reviso aulas, resolvo quest\u00f5es e mantenho um cronograma rigoroso de estudos. Al\u00e9m disso, treino tr\u00eas vezes por semana, sempre conciliando minha rotina acad\u00eamica.<\/em><\/p>\n\n\n\n<p><\/p>\n\n\n\n<p><em>Minha trajet\u00f3ria n\u00e3o tem sido f\u00e1cil. Durante anos atuei como cabeleireira, e a transi\u00e7\u00e3o para o ambiente corporativo tem sido desafiadora, uma vez que n\u00e3o possuo experi\u00eancia anterior em escrit\u00f3rios e empresas. No entanto, estou determinada a me reinventar e a conquistar meu espa\u00e7o. Meu compromisso com os estudos \u00e9 total, o que impactou minha vida social e restringiu meu tempo para lazer. Muitos fins de semana s\u00e3o dedicados a simulados ou recupera\u00e7\u00e3o do cansa\u00e7o acumulado.<\/em><\/p>\n\n\n\n<p><\/p>\n\n\n\n<p><em>Estudar para concursos e, ao mesmo tempo, cursar uma segunda gradua\u00e7\u00e3o exige resili\u00eancia. Escolhi a plataforma Gran porque j\u00e1 utilizava seus materiais e me identifico com sua metodologia. Desde 2019, venho me preparando para essa jornada, e, em 2024, alcancei uma grande conquista: minha formatura em Direito, ocorrida no dia 02\/02\/2024, uma data que simboliza o in\u00edcio de uma nova etapa.<\/em><\/p>\n\n\n\n<p><\/p>\n\n\n\n<p><em>Em agosto de 2024, iniciei a gradua\u00e7\u00e3o em Administra\u00e7\u00e3o ao perceber que essa \u00e1rea complementaria minha forma\u00e7\u00e3o jur\u00eddica e atenderia \u00e0s exig\u00eancias do mercado, garantindo melhores condi\u00e7\u00f5es para sustentar meu sonho profissional. Apesar dos desafios di\u00e1rios e semanas exaustivas, mantenho minha determina\u00e7\u00e3o e f\u00e9 inabal\u00e1veis. A cada dia, sou grata pelo aprendizado e pelas oportunidades que me aproximam do meu prop\u00f3sito.<\/em><\/p>\n<\/blockquote>\n\n\n\n<p>Jucimara acredita que a combina\u00e7\u00e3o de conhecimentos entre a \u00e1rea do Direito e da Administra\u00e7\u00e3o, ser\u00e1 a combina\u00e7\u00e3o perfeita que ir\u00e1 permitir a ela alcan\u00e7ar posi\u00e7\u00f5es estrat\u00e9gicas e garantir um desenvolvimento profissional:<br><\/p>\n\n\n\n<h3 class=\"wp-block-heading\" id=\"h-o-que-voce-almeja-com-a-conclusao-do-seu-curso-de-graduacao\"><strong>O que voc\u00ea almeja com a conclus\u00e3o do seu curso de gradua\u00e7\u00e3o?<\/strong><br><\/h3>\n\n\n\n<blockquote class=\"wp-block-quote is-layout-flow wp-block-quote-is-layout-flow\">\n<p><em>Com a conclus\u00e3o da minha gradua\u00e7\u00e3o, almejo consolidar uma carreira s\u00f3lida e estrat\u00e9gica, unindo meus conhecimentos em Direito e Administra\u00e7\u00e3o para ampliar minhas possibilidades no mercado de trabalho. Minha forma\u00e7\u00e3o jur\u00eddica me proporciona uma base essencial para atuar com seguran\u00e7a e embasamento t\u00e9cnico, enquanto a Administra\u00e7\u00e3o agrega habilidades de gest\u00e3o, planejamento e tomada de decis\u00e3o, qualifica\u00e7\u00f5es cada vez mais exigidas no cen\u00e1rio corporativo e institucional.<\/em><\/p>\n\n\n\n<p><em>Meu objetivo \u00e9 atuar de forma eficiente na \u00e1rea jur\u00eddica, seja no setor p\u00fablico ou privado, aplicando uma vis\u00e3o administrativa para otimizar processos e aprimorar a gest\u00e3o organizacional. Al\u00e9m disso, pretendo utilizar essa forma\u00e7\u00e3o multidisciplinar para empreender e estruturar minha trajet\u00f3ria com independ\u00eancia e assertividade. Acredito que essa combina\u00e7\u00e3o de conhecimentos me permitir\u00e1 alcan\u00e7ar posi\u00e7\u00f5es estrat\u00e9gicas, garantindo um desenvolvimento profissional cont\u00ednuo e s\u00f3lido.<\/em><\/p>\n<\/blockquote>\n\n\n\n<p>Quando questionada se em algum momento pensou em desistir, a resposta de Jucimara \u00e9 inspiradora:<br><\/p>\n\n\n\n<blockquote class=\"wp-block-quote is-layout-flow wp-block-quote-is-layout-flow\">\n<p><em>\u00c0s vezes, sinto uma vontade imensa de desistir. Desde que comecei a estudar, a solid\u00e3o tem sido uma companheira constante. Ou\u00e7o piadas, cr\u00edticas, gente dizendo que estudo, estudo e continuo no mesmo lugar. E, por um momento, essas palavras pesam. Mas ent\u00e3o eu respiro fundo e lembro do meu objetivo: minha forma\u00e7\u00e3o e a estabilidade no trabalho.<\/em><\/p>\n\n\n\n<p><\/p>\n\n\n\n<p><em>Nem sempre estudo com motiva\u00e7\u00e3o. Muitas vezes, estudo com cansa\u00e7o, com frustra\u00e7\u00e3o, at\u00e9 mesmo com raiva. N\u00e3o existe essa hist\u00f3ria de &#8220;estudar por amor&#8221; todos os dias, porque a verdade \u00e9 que nem sempre estou bem. H\u00e1 dias em que simplesmente desabo, choro, e preciso parar. Mas no dia seguinte, volto. Porque sei que cada sacrif\u00edcio tem um prop\u00f3sito.<\/em><\/p>\n\n\n\n<p><\/p>\n\n\n\n<p><em>Minha jornada \u00e9 feita de altos e baixos, momentos de solid\u00e3o e frustra\u00e7\u00e3o. Mas quando acerto uma quest\u00e3o, quando vejo meu progresso, sinto uma felicidade genu\u00edna e me lembro de que meu objetivo \u00e9 muito maior do que a opini\u00e3o dos outros. As cr\u00edticas doem, as piadas diminuem, mas eu me recuso a permitir que isso me pare.<\/em><\/p>\n\n\n\n<p><\/p>\n\n\n\n<p><em>O que mais me motiva \u00e9 saber que minha filha depende de mim. Ela est\u00e1 no segundo ano do ensino m\u00e9dio e na forma\u00e7\u00e3o docente, e juntas acompanhamos nossas notas, simulados e progresso. Ela me inspira tanto quanto eu quero inspir\u00e1-la. N\u00e3o quero voltar \u00e0 vida que tinha em 2018. Eu ganhava bem com o sal\u00e3o, mas n\u00e3o tinha estabilidade, e abrir m\u00e3o dessa op\u00e7\u00e3o foi uma escolha consciente. Hoje, minha luta \u00e9 por um futuro diferente, por seguran\u00e7a e crescimento.<\/em><\/p>\n\n\n\n<p><\/p>\n\n\n\n<p><em>\u00c9 dif\u00edcil, mas sigo em frente. Porque meu sonho vale mais do que qualquer obst\u00e1culo.<\/em><\/p>\n<\/blockquote>\n\n\n\n<p>A mensagem que Jucimara deixa para aqueles que assim como ela precisam conciliar estudo, trabalho, escuta piadas e luta por um futuro melhor, \u00e9:<\/p>\n\n\n\n<blockquote class=\"wp-block-quote is-layout-flow wp-block-quote-is-layout-flow\">\n<p><em>Perca amigos, se for preciso, mas nunca abandone a miss\u00e3o. O estudo \u00e9 o \u00fanico caminho quando a vida imp\u00f5e a press\u00e3o.<\/em><\/p>\n\n\n\n<p><\/p>\n\n\n\n<p><em>Se est\u00e1s cem passos atr\u00e1s, por injusti\u00e7a ou preconceito, persista, lute, avance mais, pois o saber \u00e9 teu direito.<\/em><\/p>\n<\/blockquote>\n\n\n\n<h2 class=\"wp-block-heading\" id=\"h-como-e-o-curso-de-administracao-da-gran-faculdade\"><strong>Como \u00e9 o curso de Administra\u00e7\u00e3o da Gran Faculdade?<\/strong><br><\/h2>\n\n\n\n<p>O <a href=\"https:\/\/faculdade.grancursosonline.com.br\/curso\/administracao\/\" target=\"_blank\" rel=\"noreferrer noopener\">curso de Administra\u00e7\u00e3o<\/a> da <a href=\"https:\/\/faculdade.grancursosonline.com.br\/\">Gran Faculdade<\/a>, tem 8 semestres de dura\u00e7\u00e3o e visa formar Administradores competentes, aptos para atuar em diferentes cen\u00e1rios e na execu\u00e7\u00e3o de atividades estrat\u00e9gicas e determinantes na organiza\u00e7\u00e3o onde for atuar.<\/p>\n\n\n\n<p>Se a trajet\u00f3ria de Jucimara te inspirou, inicie hoje mesmo a sua gradua\u00e7\u00e3o em Administra\u00e7\u00e3o e veja como a educa\u00e7\u00e3o pode mudar a sua vida!<\/p>\n\n\n\n<div class=\"wp-block-group\"><div class=\"wp-block-group__inner-container is-layout-constrained wp-block-group-is-layout-constrained\">\n<h3 class=\"wp-block-heading\" id=\"h-cupons-de-desconto-graduacao-ead\">Cupons de desconto Gradua\u00e7\u00e3o EAD<\/h3>\n\n\n\n<p>Confira os descontos abaixo e selecione a op\u00e7\u00e3o que melhor se encaixa para voc\u00ea (<strong>valores v\u00e1lidos at\u00e9 o preenchimento das vagas<\/strong> <strong>dispon\u00edveis<\/strong>, os valores para sua matr\u00edcula ser\u00e3o os exibidos no site de compra na hora de fazer sua matr\u00edcula):<\/p>\n\n\n\n<figure class=\"wp-block-table\"><div class=\"container-tabela\"><table><tbody><tr><td>Categoria<\/td><td>Valor mensal<\/td><td>Cupom<\/td><\/tr><tr><td>Gradua\u00e7\u00e3o Social + Mulher<\/td><td>a partir de 12x de <strong><strong><strong><strong>R$ 89,90<\/strong><\/strong><\/strong><\/strong> <\/td><td>GRADSOCIALGRAN<\/td><\/tr><tr><td>Gradua\u00e7\u00e3o Alunos e Ex-alunos Gran<\/td><td>a partir de 12x de <strong><strong><strong><strong>R$ 89,90<\/strong><\/strong><\/strong><\/strong> <\/td><td>GRADALUNOGRAN<\/td><\/tr><tr><td>Gradua\u00e7\u00e3o Novos Alunos<\/td><td>a partir de 12x de <strong><strong><strong><strong>R$ 99,90<\/strong><\/strong><\/strong><\/strong><\/td><td>NOVOGRADGRAN<\/td><\/tr><\/tbody><\/table><\/div><\/figure>\n\n\n\n<p>Al\u00e9m disso, voc\u00ea pode obter 5% de desconto fazendo o pagamento \u00e0 vista!<\/p>\n\n\n\n<p class=\"has-text-align-center\"><strong><a href=\"https:\/\/faculdade.grancursosonline.com.br\/\" target=\"_blank\" rel=\"noopener\">Garanta sua matr\u00edcula com desconto!<\/a><\/strong><\/p>\n<\/div><\/div>\n\n\n\n<div class=\"wp-block-group has-background\" style=\"background-color:#8dd2fc7a\"><div class=\"wp-block-group__inner-container is-layout-constrained wp-block-group-is-layout-constrained\">\n<p><strong>Outras not\u00edcias em destaque:<\/strong><\/p>\n\n\n\n<ul class=\"wp-block-list\">\n<li><a href=\"https:\/\/faculdade.grancursosonline.com.br\/blog\/depoimento-nicole-buratti-gran-faculdade\/\" target=\"_blank\" rel=\"noreferrer noopener\">Veja como a Gran Faculdade est\u00e1 mudando a vida de Nicole Buratti<\/a><\/li>\n\n\n\n<li><a href=\"https:\/\/faculdade.grancursosonline.com.br\/blog\/depoimento-laila-cristina-gran-faculdade\/\">Veja como a Gran Faculdade est\u00e1 mudando a vida de Laila Cristina<\/a><\/li>\n\n\n\n<li><a href=\"https:\/\/faculdade.grancursosonline.com.br\/blog\/depoimento-aluna-talita-vitoria\/\" target=\"_blank\" rel=\"noreferrer noopener\">Conhe\u00e7a Talita Vit\u00f3ria, aluna de Engenharia de Software da Gran Faculdade<\/a><\/li>\n<\/ul>\n<\/div><\/div>\n\n\n\n<div class=\"wp-block-group\"><div class=\"wp-block-group__inner-container is-layout-constrained wp-block-group-is-layout-constrained\">\n<div class=\"wp-block-group\"><div class=\"wp-block-group__inner-container is-layout-constrained wp-block-group-is-layout-constrained\">\n<section style=\"text-align: center;\">\n<p>Quer ficar por dentro da Faculdade Digital mais inovadora do Brasil?<\/p>\n<nav>\n<p class=\"has-background has-dark-bluish-background-color\" style=\"font-size: 25px; text-align: center; background: #f0f0f0; color: #ffffff; padding: 4px 0px 4xp 0px;\"><a style=\"color: #0d134c; text-decoration: underline;\" href=\"https:\/\/faculdade.grancursosonline.com.br\/\" target=\"_blank\" rel=\"noopener\">GRADUA\u00c7\u00c3O<\/a><\/p>\n<p class=\"has-background has-dark-bluish-background-color\" style=\"font-size: 25px; text-align: center; background: #f0f0f0; color: #ffffff; padding: 4px 0px 4xp 0px;\"><a style=\"color: #0d134c; text-decoration: underline;\" href=\"https:\/\/pos.grancursosonline.com.br\/\" target=\"_blank\" rel=\"noopener\">P\u00d3S-GRADUA\u00c7\u00c3O<\/a><\/p>\n<p class=\"has-background has-dark-bluish-background-color\" style=\"font-size: 25px; text-align: center; background: #f0f0f0; color: #ffffff; padding: 4px 0px 4xp 0px;\"><a style=\"color: #0d134c; text-decoration: underline;\" href=\"https:\/\/faculdade.grancursosonline.com.br\/nossos-cursos\/\" target=\"_blank\" rel=\"noopener\">TUDO SOBRE A GRAN FACULDADE<\/a><\/p>\n<\/nav>\n<p><strong>Receba <span style=\"color: #cf1e25;\">gratuitamente<\/span> no seu celular as principais not\u00edcias sobre a Gran Faculdade! <br \/>Clique no link abaixo e inscreva-se:<\/strong><\/p>\n<p class=\"has-background has-dark-bluish-background-color\" style=\"font-size: 25px; text-align: center; background: #f0f0f0; color: #ffffff; padding: 4px 0px 4xp 0px;\"><a style=\"color: #0d134c; text-decoration: underline;\" href=\"https:\/\/whatsapp.com\/channel\/0029VaG1sChI7Be7PNndhL43\" target=\"_blank\" rel=\"noopener noreferrer\">WHATSAPP<\/a><\/p>\n<p class=\"has-background has-dark-bluish-background-color\" style=\"font-size: 25px; text-align: center; background: #f0f0f0; color: #ffffff; padding: 4px 0px 4xp 0px;\"><a style=\"color: #0d134c; text-decoration: underline;\" href=\"https:\/\/t.me\/GranFaculdade\" target=\"_blank\" rel=\"noopener noreferrer\">TELEGRAM<\/a><\/p>\n<\/section>\n<\/div><\/div>\n<\/div><\/div>\n","protected":false},"excerpt":{"rendered":"<p>Dar continuidade aos estudos com quem voc\u00ea j\u00e1 confia faz toda a diferen\u00e7a. Para Jucimara Oliveira, que j\u00e1 era aluna do Gran nos cursos preparat\u00f3rios para concursos, a escolha pela gradua\u00e7\u00e3o na Gran Faculdade foi natural. O m\u00e9todo de ensino e a qualidade dos professores a conquistaram desde o in\u00edcio. Agora como aluna de gradua\u00e7\u00e3o,&hellip;<\/p>\n","protected":false},"author":514,"featured_media":79753418,"comment_status":"open","ping_status":"open","sticky":false,"template":"","format":"standard","meta":{"_acf_changed":false,"content-type":"","footnotes":""},"categories":[220347,2],"tags":[],"class_list":["post-79753369","post","type-post","status-publish","format-standard","has-post-thumbnail","hentry","category-depoimentos","category-ultimas-noticias"],"acf":[],"yoast_head":"<!-- This site is optimized with the Yoast SEO Premium plugin v27.2 (Yoast SEO v27.2) - https:\/\/yoast.com\/product\/yoast-seo-premium-wordpress\/ -->\n<title>Conhe\u00e7a a hist\u00f3ria de Jucimara Oliveira, aluna da Gran Faculdade!<\/title>\n<meta name=\"description\" content=\"Jucimara escolheu a Gran Faculdade pela confian\u00e7a no m\u00e9todo. Sua trajet\u00f3ria inspira dedica\u00e7\u00e3o, supera\u00e7\u00e3o e conquista profissional.\" \/>\n<meta name=\"robots\" content=\"index, follow, max-snippet:-1, max-image-preview:large, max-video-preview:-1\" \/>\n<link rel=\"canonical\" href=\"https:\/\/faculdade.grancursosonline.com.br\/blog\/depoimento-jucimara-oliveira-gran-faculdade\/\" \/>\n<meta property=\"og:locale\" content=\"pt_BR\" \/>\n<meta property=\"og:type\" content=\"article\" \/>\n<meta property=\"og:title\" content=\"Conhe\u00e7a a hist\u00f3ria de Jucimara Oliveira, aluna da Gran Faculdade!\" \/>\n<meta property=\"og:description\" content=\"Jucimara escolheu a Gran Faculdade pela confian\u00e7a no m\u00e9todo. Sua trajet\u00f3ria inspira dedica\u00e7\u00e3o, supera\u00e7\u00e3o e conquista profissional.\" \/>\n<meta property=\"og:url\" content=\"https:\/\/faculdade.grancursosonline.com.br\/blog\/depoimento-jucimara-oliveira-gran-faculdade\/\" \/>\n<meta property=\"og:site_name\" content=\"Blog Gran Faculdade\" \/>\n<meta property=\"article:publisher\" content=\"https:\/\/www.facebook.com\/grancursosonline\/\" \/>\n<meta property=\"article:published_time\" content=\"2025-04-23T21:13:33+00:00\" \/>\n<meta property=\"article:modified_time\" content=\"2025-05-08T20:05:17+00:00\" \/>\n<meta property=\"og:image\" content=\"https:\/\/blog-es-static.infra.grancursosonline.com.br\/wp-content\/uploads\/2025\/04\/24174549\/depoimento-de-aluna-da-Gran-Faculdade.jpg\" \/>\n\t<meta property=\"og:image:width\" content=\"511\" \/>\n\t<meta property=\"og:image:height\" content=\"311\" \/>\n\t<meta property=\"og:image:type\" content=\"image\/jpeg\" \/>\n<meta name=\"author\" content=\"Guilherme Henrique\" \/>\n<meta name=\"twitter:card\" content=\"summary_large_image\" \/>\n<meta name=\"twitter:creator\" content=\"@gran_online\" \/>\n<meta name=\"twitter:site\" content=\"@gran_online\" \/>\n<meta name=\"twitter:label1\" content=\"Written by\" \/>\n\t<meta name=\"twitter:data1\" content=\"Guilherme Henrique\" \/>\n\t<meta name=\"twitter:label2\" content=\"Est. reading time\" \/>\n\t<meta name=\"twitter:data2\" content=\"13 minutos\" \/>\n<script type=\"application\/ld+json\" class=\"yoast-schema-graph\">{\"@context\":\"https:\/\/schema.org\",\"@graph\":[{\"@type\":\"NewsArticle\",\"@id\":\"https:\/\/faculdade.grancursosonline.com.br\/blog\/depoimento-jucimara-oliveira-gran-faculdade\/#article\",\"isPartOf\":{\"@id\":\"https:\/\/faculdade.grancursosonline.com.br\/blog\/depoimento-jucimara-oliveira-gran-faculdade\/\"},\"author\":{\"name\":\"Guilherme Henrique\",\"@id\":\"https:\/\/faculdade.grancursosonline.com.br\/blog\/#\/schema\/person\/9745f9b6db8976613c1f439dbcfe717d\"},\"headline\":\"Conhe\u00e7a a hist\u00f3ria de Jucimara Oliveira, aluna da Gran Faculdade!\",\"datePublished\":\"2025-04-23T21:13:33+00:00\",\"dateModified\":\"2025-05-08T20:05:17+00:00\",\"mainEntityOfPage\":{\"@id\":\"https:\/\/faculdade.grancursosonline.com.br\/blog\/depoimento-jucimara-oliveira-gran-faculdade\/\"},\"wordCount\":1726,\"commentCount\":0,\"publisher\":{\"@id\":\"https:\/\/faculdade.grancursosonline.com.br\/blog\/#organization\"},\"image\":{\"@id\":\"https:\/\/faculdade.grancursosonline.com.br\/blog\/depoimento-jucimara-oliveira-gran-faculdade\/#primaryimage\"},\"thumbnailUrl\":\"https:\/\/blog-es-static.infra.grancursosonline.com.br\/wp-content\/uploads\/2025\/04\/24174512\/depoimento-de-aluna-da-Gran-Faculdade-2.jpg\",\"articleSection\":[\"Eu Sou Gran\",\"\u00daltimas Not\u00edcias\"],\"inLanguage\":\"pt-BR\",\"potentialAction\":[{\"@type\":\"CommentAction\",\"name\":\"Comment\",\"target\":[\"https:\/\/faculdade.grancursosonline.com.br\/blog\/depoimento-jucimara-oliveira-gran-faculdade\/#respond\"]}],\"copyrightYear\":\"2025\",\"copyrightHolder\":{\"@id\":\"https:\/\/faculdade.grancursosonline.com.br\/blog\/#organization\"}},{\"@type\":\"WebPage\",\"@id\":\"https:\/\/faculdade.grancursosonline.com.br\/blog\/depoimento-jucimara-oliveira-gran-faculdade\/\",\"url\":\"https:\/\/faculdade.grancursosonline.com.br\/blog\/depoimento-jucimara-oliveira-gran-faculdade\/\",\"name\":\"Conhe\u00e7a a hist\u00f3ria de Jucimara Oliveira, aluna da Gran Faculdade!\",\"isPartOf\":{\"@id\":\"https:\/\/faculdade.grancursosonline.com.br\/blog\/#website\"},\"primaryImageOfPage\":{\"@id\":\"https:\/\/faculdade.grancursosonline.com.br\/blog\/depoimento-jucimara-oliveira-gran-faculdade\/#primaryimage\"},\"image\":{\"@id\":\"https:\/\/faculdade.grancursosonline.com.br\/blog\/depoimento-jucimara-oliveira-gran-faculdade\/#primaryimage\"},\"thumbnailUrl\":\"https:\/\/blog-es-static.infra.grancursosonline.com.br\/wp-content\/uploads\/2025\/04\/24174512\/depoimento-de-aluna-da-Gran-Faculdade-2.jpg\",\"datePublished\":\"2025-04-23T21:13:33+00:00\",\"dateModified\":\"2025-05-08T20:05:17+00:00\",\"description\":\"Jucimara escolheu a Gran Faculdade pela confian\u00e7a no m\u00e9todo. Sua trajet\u00f3ria inspira dedica\u00e7\u00e3o, supera\u00e7\u00e3o e conquista profissional.\",\"breadcrumb\":{\"@id\":\"https:\/\/faculdade.grancursosonline.com.br\/blog\/depoimento-jucimara-oliveira-gran-faculdade\/#breadcrumb\"},\"inLanguage\":\"pt-BR\",\"potentialAction\":[{\"@type\":\"ReadAction\",\"target\":[\"https:\/\/faculdade.grancursosonline.com.br\/blog\/depoimento-jucimara-oliveira-gran-faculdade\/\"]}]},{\"@type\":\"ImageObject\",\"inLanguage\":\"pt-BR\",\"@id\":\"https:\/\/faculdade.grancursosonline.com.br\/blog\/depoimento-jucimara-oliveira-gran-faculdade\/#primaryimage\",\"url\":\"https:\/\/blog-es-static.infra.grancursosonline.com.br\/wp-content\/uploads\/2025\/04\/24174512\/depoimento-de-aluna-da-Gran-Faculdade-2.jpg\",\"contentUrl\":\"https:\/\/blog-es-static.infra.grancursosonline.com.br\/wp-content\/uploads\/2025\/04\/24174512\/depoimento-de-aluna-da-Gran-Faculdade-2.jpg\",\"width\":1001,\"height\":601,\"caption\":\"Conhe\u00e7a a hist\u00f3ria de Jucimara Oliveira: aluna da Gran Faculdade\"},{\"@type\":\"BreadcrumbList\",\"@id\":\"https:\/\/faculdade.grancursosonline.com.br\/blog\/depoimento-jucimara-oliveira-gran-faculdade\/#breadcrumb\",\"itemListElement\":[{\"@type\":\"ListItem\",\"position\":1,\"name\":\"In\u00edcio\",\"item\":\"https:\/\/faculdade.grancursosonline.com.br\/blog\/\"},{\"@type\":\"ListItem\",\"position\":2,\"name\":\"Eu Sou Gran\",\"item\":\"https:\/\/faculdade.grancursosonline.com.br\/blog\/depoimentos\/\"},{\"@type\":\"ListItem\",\"position\":3,\"name\":\"Conhe\u00e7a a hist\u00f3ria de Jucimara Oliveira, aluna da Gran Faculdade!\"}]},{\"@type\":\"WebSite\",\"@id\":\"https:\/\/faculdade.grancursosonline.com.br\/blog\/#website\",\"url\":\"https:\/\/faculdade.grancursosonline.com.br\/blog\/\",\"name\":\"Blog Gran Faculdade\",\"description\":\"Tudo sobre ensino superior, p\u00f3s-gradua\u00e7\u00e3o, enem e carreira.\",\"publisher\":{\"@id\":\"https:\/\/faculdade.grancursosonline.com.br\/blog\/#organization\"},\"potentialAction\":[{\"@type\":\"SearchAction\",\"target\":{\"@type\":\"EntryPoint\",\"urlTemplate\":\"https:\/\/faculdade.grancursosonline.com.br\/blog\/?s={search_term_string}\"},\"query-input\":{\"@type\":\"PropertyValueSpecification\",\"valueRequired\":true,\"valueName\":\"search_term_string\"}}],\"inLanguage\":\"pt-BR\"},{\"@type\":\"Organization\",\"@id\":\"https:\/\/faculdade.grancursosonline.com.br\/blog\/#organization\",\"name\":\"Gran Cursos Online\",\"url\":\"https:\/\/faculdade.grancursosonline.com.br\/blog\/\",\"logo\":{\"@type\":\"ImageObject\",\"inLanguage\":\"pt-BR\",\"@id\":\"https:\/\/faculdade.grancursosonline.com.br\/blog\/#\/schema\/logo\/image\/\",\"url\":\"https:\/\/blog-es-static.infra.grancursosonline.com.br\/wp-content\/uploads\/2019\/08\/03123934\/logo.png\",\"contentUrl\":\"https:\/\/blog-es-static.infra.grancursosonline.com.br\/wp-content\/uploads\/2019\/08\/03123934\/logo.png\",\"width\":300,\"height\":57,\"caption\":\"Gran Cursos Online\"},\"image\":{\"@id\":\"https:\/\/faculdade.grancursosonline.com.br\/blog\/#\/schema\/logo\/image\/\"},\"sameAs\":[\"https:\/\/www.facebook.com\/grancursosonline\/\",\"https:\/\/x.com\/gran_online\",\"https:\/\/www.instagram.com\/grancursosonline\/\",\"https:\/\/www.youtube.com\/user\/grancursostv\"]},{\"@type\":\"Person\",\"@id\":\"https:\/\/faculdade.grancursosonline.com.br\/blog\/#\/schema\/person\/9745f9b6db8976613c1f439dbcfe717d\",\"name\":\"Guilherme Henrique\",\"url\":\"https:\/\/faculdade.grancursosonline.com.br\/blog\/author\/guilherme-lourenco\/\"}]}<\/script>\n<!-- \/ Yoast SEO Premium plugin. -->","yoast_head_json":{"title":"Conhe\u00e7a a hist\u00f3ria de Jucimara Oliveira, aluna da Gran Faculdade!","description":"Jucimara escolheu a Gran Faculdade pela confian\u00e7a no m\u00e9todo. Sua trajet\u00f3ria inspira dedica\u00e7\u00e3o, supera\u00e7\u00e3o e conquista profissional.","robots":{"index":"index","follow":"follow","max-snippet":"max-snippet:-1","max-image-preview":"max-image-preview:large","max-video-preview":"max-video-preview:-1"},"canonical":"https:\/\/faculdade.grancursosonline.com.br\/blog\/depoimento-jucimara-oliveira-gran-faculdade\/","og_locale":"pt_BR","og_type":"article","og_title":"Conhe\u00e7a a hist\u00f3ria de Jucimara Oliveira, aluna da Gran Faculdade!","og_description":"Jucimara escolheu a Gran Faculdade pela confian\u00e7a no m\u00e9todo. Sua trajet\u00f3ria inspira dedica\u00e7\u00e3o, supera\u00e7\u00e3o e conquista profissional.","og_url":"https:\/\/faculdade.grancursosonline.com.br\/blog\/depoimento-jucimara-oliveira-gran-faculdade\/","og_site_name":"Blog Gran Faculdade","article_publisher":"https:\/\/www.facebook.com\/grancursosonline\/","article_published_time":"2025-04-23T21:13:33+00:00","article_modified_time":"2025-05-08T20:05:17+00:00","og_image":[{"width":511,"height":311,"url":"https:\/\/blog-es-static.infra.grancursosonline.com.br\/wp-content\/uploads\/2025\/04\/24174549\/depoimento-de-aluna-da-Gran-Faculdade.jpg","type":"image\/jpeg"}],"author":"Guilherme Henrique","twitter_card":"summary_large_image","twitter_creator":"@gran_online","twitter_site":"@gran_online","twitter_misc":{"Written by":"Guilherme Henrique","Est. reading time":"13 minutos"},"schema":{"@context":"https:\/\/schema.org","@graph":[{"@type":"NewsArticle","@id":"https:\/\/faculdade.grancursosonline.com.br\/blog\/depoimento-jucimara-oliveira-gran-faculdade\/#article","isPartOf":{"@id":"https:\/\/faculdade.grancursosonline.com.br\/blog\/depoimento-jucimara-oliveira-gran-faculdade\/"},"author":{"name":"Guilherme Henrique","@id":"https:\/\/faculdade.grancursosonline.com.br\/blog\/#\/schema\/person\/9745f9b6db8976613c1f439dbcfe717d"},"headline":"Conhe\u00e7a a hist\u00f3ria de Jucimara Oliveira, aluna da Gran Faculdade!","datePublished":"2025-04-23T21:13:33+00:00","dateModified":"2025-05-08T20:05:17+00:00","mainEntityOfPage":{"@id":"https:\/\/faculdade.grancursosonline.com.br\/blog\/depoimento-jucimara-oliveira-gran-faculdade\/"},"wordCount":1726,"commentCount":0,"publisher":{"@id":"https:\/\/faculdade.grancursosonline.com.br\/blog\/#organization"},"image":{"@id":"https:\/\/faculdade.grancursosonline.com.br\/blog\/depoimento-jucimara-oliveira-gran-faculdade\/#primaryimage"},"thumbnailUrl":"https:\/\/blog-es-static.infra.grancursosonline.com.br\/wp-content\/uploads\/2025\/04\/24174512\/depoimento-de-aluna-da-Gran-Faculdade-2.jpg","articleSection":["Eu Sou Gran","\u00daltimas Not\u00edcias"],"inLanguage":"pt-BR","potentialAction":[{"@type":"CommentAction","name":"Comment","target":["https:\/\/faculdade.grancursosonline.com.br\/blog\/depoimento-jucimara-oliveira-gran-faculdade\/#respond"]}],"copyrightYear":"2025","copyrightHolder":{"@id":"https:\/\/faculdade.grancursosonline.com.br\/blog\/#organization"}},{"@type":"WebPage","@id":"https:\/\/faculdade.grancursosonline.com.br\/blog\/depoimento-jucimara-oliveira-gran-faculdade\/","url":"https:\/\/faculdade.grancursosonline.com.br\/blog\/depoimento-jucimara-oliveira-gran-faculdade\/","name":"Conhe\u00e7a a hist\u00f3ria de Jucimara Oliveira, aluna da Gran Faculdade!","isPartOf":{"@id":"https:\/\/faculdade.grancursosonline.com.br\/blog\/#website"},"primaryImageOfPage":{"@id":"https:\/\/faculdade.grancursosonline.com.br\/blog\/depoimento-jucimara-oliveira-gran-faculdade\/#primaryimage"},"image":{"@id":"https:\/\/faculdade.grancursosonline.com.br\/blog\/depoimento-jucimara-oliveira-gran-faculdade\/#primaryimage"},"thumbnailUrl":"https:\/\/blog-es-static.infra.grancursosonline.com.br\/wp-content\/uploads\/2025\/04\/24174512\/depoimento-de-aluna-da-Gran-Faculdade-2.jpg","datePublished":"2025-04-23T21:13:33+00:00","dateModified":"2025-05-08T20:05:17+00:00","description":"Jucimara escolheu a Gran Faculdade pela confian\u00e7a no m\u00e9todo. Sua trajet\u00f3ria inspira dedica\u00e7\u00e3o, supera\u00e7\u00e3o e conquista profissional.","breadcrumb":{"@id":"https:\/\/faculdade.grancursosonline.com.br\/blog\/depoimento-jucimara-oliveira-gran-faculdade\/#breadcrumb"},"inLanguage":"pt-BR","potentialAction":[{"@type":"ReadAction","target":["https:\/\/faculdade.grancursosonline.com.br\/blog\/depoimento-jucimara-oliveira-gran-faculdade\/"]}]},{"@type":"ImageObject","inLanguage":"pt-BR","@id":"https:\/\/faculdade.grancursosonline.com.br\/blog\/depoimento-jucimara-oliveira-gran-faculdade\/#primaryimage","url":"https:\/\/blog-es-static.infra.grancursosonline.com.br\/wp-content\/uploads\/2025\/04\/24174512\/depoimento-de-aluna-da-Gran-Faculdade-2.jpg","contentUrl":"https:\/\/blog-es-static.infra.grancursosonline.com.br\/wp-content\/uploads\/2025\/04\/24174512\/depoimento-de-aluna-da-Gran-Faculdade-2.jpg","width":1001,"height":601,"caption":"Conhe\u00e7a a hist\u00f3ria de Jucimara Oliveira: aluna da Gran Faculdade"},{"@type":"BreadcrumbList","@id":"https:\/\/faculdade.grancursosonline.com.br\/blog\/depoimento-jucimara-oliveira-gran-faculdade\/#breadcrumb","itemListElement":[{"@type":"ListItem","position":1,"name":"In\u00edcio","item":"https:\/\/faculdade.grancursosonline.com.br\/blog\/"},{"@type":"ListItem","position":2,"name":"Eu Sou Gran","item":"https:\/\/faculdade.grancursosonline.com.br\/blog\/depoimentos\/"},{"@type":"ListItem","position":3,"name":"Conhe\u00e7a a hist\u00f3ria de Jucimara Oliveira, aluna da Gran Faculdade!"}]},{"@type":"WebSite","@id":"https:\/\/faculdade.grancursosonline.com.br\/blog\/#website","url":"https:\/\/faculdade.grancursosonline.com.br\/blog\/","name":"Blog Gran Faculdade","description":"Tudo sobre ensino superior, p\u00f3s-gradua\u00e7\u00e3o, enem e carreira.","publisher":{"@id":"https:\/\/faculdade.grancursosonline.com.br\/blog\/#organization"},"potentialAction":[{"@type":"SearchAction","target":{"@type":"EntryPoint","urlTemplate":"https:\/\/faculdade.grancursosonline.com.br\/blog\/?s={search_term_string}"},"query-input":{"@type":"PropertyValueSpecification","valueRequired":true,"valueName":"search_term_string"}}],"inLanguage":"pt-BR"},{"@type":"Organization","@id":"https:\/\/faculdade.grancursosonline.com.br\/blog\/#organization","name":"Gran Cursos Online","url":"https:\/\/faculdade.grancursosonline.com.br\/blog\/","logo":{"@type":"ImageObject","inLanguage":"pt-BR","@id":"https:\/\/faculdade.grancursosonline.com.br\/blog\/#\/schema\/logo\/image\/","url":"https:\/\/blog-es-static.infra.grancursosonline.com.br\/wp-content\/uploads\/2019\/08\/03123934\/logo.png","contentUrl":"https:\/\/blog-es-static.infra.grancursosonline.com.br\/wp-content\/uploads\/2019\/08\/03123934\/logo.png","width":300,"height":57,"caption":"Gran Cursos Online"},"image":{"@id":"https:\/\/faculdade.grancursosonline.com.br\/blog\/#\/schema\/logo\/image\/"},"sameAs":["https:\/\/www.facebook.com\/grancursosonline\/","https:\/\/x.com\/gran_online","https:\/\/www.instagram.com\/grancursosonline\/","https:\/\/www.youtube.com\/user\/grancursostv"]},{"@type":"Person","@id":"https:\/\/faculdade.grancursosonline.com.br\/blog\/#\/schema\/person\/9745f9b6db8976613c1f439dbcfe717d","name":"Guilherme Henrique","url":"https:\/\/faculdade.grancursosonline.com.br\/blog\/author\/guilherme-lourenco\/"}]}},"_links":{"self":[{"href":"https:\/\/faculdade.grancursosonline.com.br\/blog\/wp-json\/wp\/v2\/posts\/79753369","targetHints":{"allow":["GET"]}}],"collection":[{"href":"https:\/\/faculdade.grancursosonline.com.br\/blog\/wp-json\/wp\/v2\/posts"}],"about":[{"href":"https:\/\/faculdade.grancursosonline.com.br\/blog\/wp-json\/wp\/v2\/types\/post"}],"author":[{"embeddable":true,"href":"https:\/\/faculdade.grancursosonline.com.br\/blog\/wp-json\/wp\/v2\/users\/514"}],"replies":[{"embeddable":true,"href":"https:\/\/faculdade.grancursosonline.com.br\/blog\/wp-json\/wp\/v2\/comments?post=79753369"}],"version-history":[{"count":4,"href":"https:\/\/faculdade.grancursosonline.com.br\/blog\/wp-json\/wp\/v2\/posts\/79753369\/revisions"}],"predecessor-version":[{"id":79753844,"href":"https:\/\/faculdade.grancursosonline.com.br\/blog\/wp-json\/wp\/v2\/posts\/79753369\/revisions\/79753844"}],"wp:featuredmedia":[{"embeddable":true,"href":"https:\/\/faculdade.grancursosonline.com.br\/blog\/wp-json\/wp\/v2\/media\/79753418"}],"wp:attachment":[{"href":"https:\/\/faculdade.grancursosonline.com.br\/blog\/wp-json\/wp\/v2\/media?parent=79753369"}],"wp:term":[{"taxonomy":"category","embeddable":true,"href":"https:\/\/faculdade.grancursosonline.com.br\/blog\/wp-json\/wp\/v2\/categories?post=79753369"},{"taxonomy":"post_tag","embeddable":true,"href":"https:\/\/faculdade.grancursosonline.com.br\/blog\/wp-json\/wp\/v2\/tags?post=79753369"}],"curies":[{"name":"wp","href":"https:\/\/api.w.org\/{rel}","templated":true}]}}