{"id":79753793,"date":"2025-05-09T15:09:38","date_gmt":"2025-05-09T18:09:38","guid":{"rendered":"https:\/\/faculdade.grancursosonline.com.br\/blog\/?p=79753793"},"modified":"2025-05-09T15:10:44","modified_gmt":"2025-05-09T18:10:44","slug":"lideranca-sustentavel","status":"publish","type":"post","link":"https:\/\/faculdade.grancursosonline.com.br\/blog\/lideranca-sustentavel\/","title":{"rendered":"Lideran\u00e7a sustent\u00e1vel: formando gestores conscientes para o ESG"},"content":{"rendered":"\n<p>A pauta da sustentabilidade se consolidou como um fator essencial na condu\u00e7\u00e3o de neg\u00f3cios respons\u00e1veis, inovadores e conectados com os desafios contempor\u00e2neos. No Ensino Superior, formar l\u00edderes com vis\u00e3o ESG (Ambiental, Social e de Governan\u00e7a) tornou-se prioridade para atender \u00e0s novas demandas do mercado. <\/p>\n\n\n\n<div class=\"wp-block-columns is-layout-flex wp-container-core-columns-is-layout-9d6595d7 wp-block-columns-is-layout-flex\">\n<div class=\"wp-block-column is-layout-flow wp-block-column-is-layout-flow\" style=\"flex-basis:100%\"><div class=\"wp-block-image\">\n<figure class=\"aligncenter size-full\"><a href=\"https:\/\/whatsapp.com\/channel\/0029VaG1sChI7Be7PNndhL43\" target=\"_blank\" rel=\"noopener\"><img decoding=\"async\" src=\"https:\/\/blog-es-static.infra.grancursosonline.com.br\/wp-content\/uploads\/2025\/09\/09112354\/banner-wp-600x142-80.webp\" alt=\"Acesse o canal do WhatsApp da Gran Faculdade\" class=\"wp-image-79751904\"\/><\/a><\/figure>\n<\/div><\/div>\n<\/div>\n\n\n\n<p>Nesse cen\u00e1rio, a lideran\u00e7a sustent\u00e1vel surge como um conceito-chave para transformar a cultura organizacional e construir empresas mais resilientes, \u00e9ticas e preparadas para o futuro. Acompanhe o artigo para saber mais ou navegue pelo \u00edndice:<\/p>\n\n\n\n<ul class=\"wp-block-list\">\n<li><a href=\"#conceito\">O que \u00e9 gest\u00e3o sustent\u00e1vel?<\/a><\/li>\n\n\n\n<li><a href=\"#lideranca\">Como a lideran\u00e7a se relaciona com o ESG?<\/a><\/li>\n\n\n\n<li><a href=\"#exemplo\">Exemplo de lideran\u00e7a sustent\u00e1vel<\/a><\/li>\n\n\n\n<li><a href=\"#diferenca\">Diferen\u00e7a entre lideran\u00e7a tradicional e sustent\u00e1vel<\/a><\/li>\n\n\n\n<li><a href=\"#formar\">Como formar l\u00edderes com vis\u00e3o ESG?<\/a><\/li>\n\n\n\n<li><a href=\"#importante\">Por que \u00e9 importante uma gest\u00e3o sustent\u00e1vel nas empresas?<\/a><\/li>\n<\/ul>\n\n\n\n<h2 class=\"wp-block-heading\" id=\"h-conheca-o-guia-da-carreira-em-gestao-e-administracao-e-saiba-como-comecar-na-area\">Conhe\u00e7a o Guia da Carreira em Gest\u00e3o e Administra\u00e7\u00e3o e saiba como come\u00e7ar na \u00e1rea!<\/h2>\n\n\n\n<p>A Gest\u00e3o e a Administra\u00e7\u00e3o s\u00e3o disciplinas fundamentais que permeiam todos os setores da economia, das pequenas startups \u00e0s grandes corpora\u00e7\u00f5es multinacionais. A habilidade de gerenciar recursos, liderar equipes e implementar estrat\u00e9gias eficazes \u00e9 essencial para o sucesso organizacional seja no setor privado, mas tamb\u00e9m no p\u00fablico.<\/p>\n\n\n\n<p>Este e-book foi criado para fornecer a voc\u00ea uma vis\u00e3o completa sobre o universo da Gest\u00e3o e da Administra\u00e7\u00e3o, suas diversas \u00e1reas e como voc\u00ea pode iniciar uma carreira de sucesso nesse campo t\u00e3o din\u00e2mico e essencial para o funcionamento das organiza\u00e7\u00f5es.<\/p>\n\n\n\n<script charset=\"utf-8\" type=\"text\/javascript\" src=\"\/\/js.hsforms.net\/forms\/embed\/v2.js\"><\/script>\n<script>\n  hbspt.forms.create({\n    region: \"na1\",\n    portalId: \"302036\",\n    formId: \"3ecdc206-b6ce-42d2-911c-54c8000f6ac6\"\n  });\n<\/script>\n\n\n\n<h2 class=\"wp-block-heading\" id=\"conceito\">O que \u00e9 gest\u00e3o sustent\u00e1vel?<\/h2>\n\n\n\n<p>A gest\u00e3o sustent\u00e1vel \u00e9 uma abordagem estrat\u00e9gica voltada para equilibrar os interesses econ\u00f4micos, ambientais e sociais de uma organiza\u00e7\u00e3o. Seu foco est\u00e1 em tomar decis\u00f5es que garantam o desenvolvimento da empresa no longo prazo, respeitando os limites dos recursos naturais, promovendo o bem-estar social e adotando pr\u00e1ticas \u00e9ticas e transparentes.<\/p>\n\n\n\n<p>Trata-se de um modelo de gest\u00e3o que busca o crescimento sustent\u00e1vel e a gera\u00e7\u00e3o de valor compartilhado com todas as partes interessadas: colaboradores; clientes; fornecedores; comunidade; meio ambiente; acionistas.<\/p>\n\n\n\n<h2 class=\"wp-block-heading\" id=\"lideranca\">Como a lideran\u00e7a se relaciona com o ESG?<\/h2>\n\n\n\n<p>A lideran\u00e7a sustent\u00e1vel \u00e9 o motor que impulsiona a aplica\u00e7\u00e3o pr\u00e1tica dos princ\u00edpios ESG dentro das organiza\u00e7\u00f5es. L\u00edderes com esse perfil assumem a responsabilidade de promover uma cultura empresarial mais consciente e alinhada com os objetivos de desenvolvimento sustent\u00e1vel.<\/p>\n\n\n\n<p>S\u00e3o esses profissionais que tomam decis\u00f5es com base em crit\u00e9rios \u00e9ticos; priorizam pr\u00e1ticas ambientais respons\u00e1veis; promovem a diversidade e inclus\u00e3o nas equipes; implementam pol\u00edticas de governan\u00e7a claras e eficazes; estimulam a inova\u00e7\u00e3o orientada para o impacto social positivo.<\/p>\n\n\n\n<p>Portanto, n\u00e3o basta que uma organiza\u00e7\u00e3o declare compromissos ESG, \u00e9 necess\u00e1rio que a lideran\u00e7a incorpore esses princ\u00edpios de forma estrat\u00e9gica e coerente com suas a\u00e7\u00f5es di\u00e1rias.<\/p>\n\n\n\n<h2 class=\"wp-block-heading\" id=\"exemplo\">Exemplo de lideran\u00e7a sustent\u00e1vel<\/h2>\n\n\n\n<p>Um exemplo pr\u00e1tico de lideran\u00e7a sustent\u00e1vel pode ser observado em uma empresa do setor de tecnologia que decide, por iniciativa de sua lideran\u00e7a, reduzir sua pegada de carbono. O CEO promove mudan\u00e7as na cadeia de suprimentos; incentiva o uso de energia limpa em suas opera\u00e7\u00f5es; estabelece metas p\u00fablicas de redu\u00e7\u00e3o de emiss\u00f5es; investe em capacita\u00e7\u00e3o de funcion\u00e1rios para pr\u00e1ticas mais sustent\u00e1veis.<\/p>\n\n\n\n<p>Mais do que uma diretriz isolada, essa mudan\u00e7a \u00e9 liderada com base em prop\u00f3sito e engajamento, envolvendo todas as \u00e1reas da organiza\u00e7\u00e3o. O resultado n\u00e3o \u00e9 apenas ambiental, mas tamb\u00e9m econ\u00f4mico e reputacional, posicionando a marca como refer\u00eancia em sustentabilidade no setor.<\/p>\n\n\n\n<h2 class=\"wp-block-heading\" id=\"diferenca\">Diferen\u00e7a entre lideran\u00e7a tradicional e sustent\u00e1vel<\/h2>\n\n\n\n<p>A lideran\u00e7a tradicional est\u00e1 geralmente orientada para resultados de curto prazo; foco exclusivo em metas financeiras; manuten\u00e7\u00e3o de estruturas hier\u00e1rquicas r\u00edgidas; pouca abertura para inova\u00e7\u00e3o social.<\/p>\n\n\n\n<p>J\u00e1 a lideran\u00e7a sustent\u00e1vel se caracteriza por uma vis\u00e3o de longo prazo; equil\u00edbrio entre lucro e prop\u00f3sito; preocupa\u00e7\u00e3o com o impacto das decis\u00f5es no meio ambiente e na sociedade; promo\u00e7\u00e3o de ambientes de trabalho inclusivos e colaborativos.<\/p>\n\n\n\n<p>Enquanto a lideran\u00e7a tradicional busca efici\u00eancia imediata, a sustent\u00e1vel busca legado e transforma\u00e7\u00e3o.<\/p>\n\n\n\n<h2 class=\"wp-block-heading\" id=\"formar\">Como formar l\u00edderes com vis\u00e3o ESG?<\/h2>\n\n\n\n<p>A forma\u00e7\u00e3o de l\u00edderes com vis\u00e3o ESG passa pela educa\u00e7\u00e3o cont\u00ednua e pela transforma\u00e7\u00e3o dos curr\u00edculos dos cursos de gradua\u00e7\u00e3o e p\u00f3s-gradua\u00e7\u00e3o. \u00c9 essencial que as institui\u00e7\u00f5es de Ensino Superior incorporem disciplinas que abordem:<\/p>\n\n\n\n<ul class=\"wp-block-list\">\n<li>Sustentabilidade empresarial;<\/li>\n\n\n\n<li>Responsabilidade socioambiental;<\/li>\n\n\n\n<li>Governan\u00e7a corporativa;<\/li>\n\n\n\n<li>\u00c9tica e diversidade organizacional;<\/li>\n\n\n\n<li>Inova\u00e7\u00e3o orientada a impacto;<\/li>\n\n\n\n<li>Gest\u00e3o de riscos e compliance.<\/li>\n<\/ul>\n\n\n\n<p>Al\u00e9m disso, projetos de extens\u00e3o universit\u00e1ria, est\u00e1gios com foco em ESG e mentorias com l\u00edderes do setor s\u00e3o fundamentais para o desenvolvimento dessa mentalidade.<\/p>\n\n\n\n<h2 class=\"wp-block-heading\" id=\"importante\">Por que \u00e9 importante uma gest\u00e3o sustent\u00e1vel nas empresas?<\/h2>\n\n\n\n<p>A gest\u00e3o sustent\u00e1vel \u00e9 um diferencial competitivo e uma exig\u00eancia crescente por parte de consumidores, investidores e reguladores. Empresas que adotam esse modelo tendem a apresentar:<\/p>\n\n\n\n<ul class=\"wp-block-list\">\n<li>Maior longevidade e resili\u00eancia diante de crises;<\/li>\n\n\n\n<li>Melhor reputa\u00e7\u00e3o institucional;<\/li>\n\n\n\n<li>Atra\u00e7\u00e3o e reten\u00e7\u00e3o de talentos comprometidos com prop\u00f3sito;<\/li>\n\n\n\n<li>Redu\u00e7\u00e3o de riscos legais e ambientais;<\/li>\n\n\n\n<li>Acesso facilitado a investimentos e linhas de cr\u00e9dito verdes;<\/li>\n\n\n\n<li>Contribui\u00e7\u00e3o real para os Objetivos de Desenvolvimento Sustent\u00e1vel (ODS) da ONU.<\/li>\n<\/ul>\n\n\n\n<p>Adotar uma lideran\u00e7a sustent\u00e1vel \u00e9, portanto, uma escolha estrat\u00e9gica. No contexto educacional, preparar profissionais para esse novo paradigma \u00e9 papel central das institui\u00e7\u00f5es de ensino superior comprometidas com o futuro da sociedade e dos neg\u00f3cios.<\/p>\n\n\n\n<div class=\"wp-block-group has-background\" style=\"background-color:#8dd2fc7a\"><div class=\"wp-block-group__inner-container is-layout-constrained wp-block-group-is-layout-constrained\">\n<p><strong>Outras not\u00edcias em destaque:<\/strong><\/p>\n\n\n\n<ul class=\"wp-block-list\">\n<li><a href=\"https:\/\/faculdade.grancursosonline.com.br\/blog\/carreira-em-esg\/\" target=\"_blank\" rel=\"noreferrer noopener\">Como fazer carreira em ESG ou ASG? Curso, sal\u00e1rio e vagas<\/a><\/li>\n\n\n\n<li><a href=\"https:\/\/faculdade.grancursosonline.com.br\/blog\/curso-de-gestao\/\" target=\"_blank\" rel=\"noreferrer noopener\">Como um curso de gest\u00e3o pode alavancar minha carreira?<\/a><\/li>\n\n\n\n<li><a href=\"https:\/\/faculdade.grancursosonline.com.br\/blog\/por-que-estudar-na-gran-faculdade\/\" target=\"_blank\" rel=\"noreferrer noopener\">Por que fazer gradua\u00e7\u00e3o na Gran Faculdade? Saiba tudo!<\/a><\/li>\n<\/ul>\n<\/div><\/div>\n\n\n\n<h2 class=\"wp-block-heading\" id=\"h-vem-pra-gran-faculdade\">Vem pra Gran Faculdade!<\/h2>\n\n\n\n<p>A Gran Faculdade vem mudando a vida de milhares de pessoas por meio de cursos \u00e0 dist\u00e2ncia de <a href=\"https:\/\/faculdade.grancursosonline.com.br\/\" target=\"_blank\" rel=\"noreferrer noopener\">gradua\u00e7\u00e3o<\/a>, <a href=\"https:\/\/pos.grancursosonline.com.br\/\" target=\"_blank\" rel=\"noreferrer noopener\">p\u00f3s-gradua\u00e7\u00e3o<\/a> e <a href=\"https:\/\/pos.grancursosonline.com.br\/mba\" target=\"_blank\" rel=\"noreferrer noopener\">MBA<\/a>. Seja no digital ou em nosso <a href=\"https:\/\/presencial.grancursosonline.com.br\/\" target=\"_blank\" rel=\"noreferrer noopener\">Campus Presencial em Curitiba<\/a>, a nossa miss\u00e3o \u00e9 transformar a educa\u00e7\u00e3o superior.<\/p>\n\n\n\n<p>Como parte de Sistema Gran de Ensino, que \u00e9 reconhecido como marca aprovadora h\u00e1 mais de 10 anos, constru\u00edmos uma renomada reputa\u00e7\u00e3o na \u00e1rea de educa\u00e7\u00e3o.<\/p>\n\n\n\n<p>Veja algumas de nossas conquistas:<\/p>\n\n\n\n<ul class=\"wp-block-list\">\n<li>Reconhecido pela Amazon como um dos projetos mais relevantes do mundo na \u00e1rea de Tecnologia e Educa\u00e7\u00e3o;<\/li>\n\n\n\n<li>Foi eleito pelo Project Management Institute (PMI), um dos 50 Projetos Mais Influentes do mundo;<\/li>\n\n\n\n<li>Somos o site de educa\u00e7\u00e3o mais acessado do Brasil;<\/li>\n\n\n\n<li>Somos avaliados com a nota m\u00e1xima pelo MEC;<\/li>\n\n\n\n<li>Aqui o semestre come\u00e7a quando quiser: entrada imediata e cont\u00ednua!<\/li>\n\n\n\n<li>Melhores pre\u00e7os do mercado;<\/li>\n\n\n\n<li>Mais de 500 mil alunos pagantes e mais de 1000 funcion\u00e1rios;<\/li>\n\n\n\n<li>Diversas ferramentas de estudo: PDFs, audiobooks, mapas mentais, videoaulas, quest\u00f5es, gerenciador de estudos e muito mais!<\/li>\n\n\n\n<li>Professores experientes e capacitados;<\/li>\n\n\n\n<li>Acesso imediato e 100% online.<\/li>\n<\/ul>\n\n\n\n<p class=\"has-text-align-center has-text-align-center\"><strong><a href=\"https:\/\/faculdade.grancursosonline.com.br\/\" target=\"_blank\" rel=\"noreferrer noopener\">Quero ser aluno da Gran Faculdade!<\/a><\/strong><\/p>\n","protected":false},"excerpt":{"rendered":"<p>A pauta da sustentabilidade se consolidou como um fator essencial na condu\u00e7\u00e3o de neg\u00f3cios respons\u00e1veis, inovadores e conectados com os desafios contempor\u00e2neos. No Ensino Superior, formar l\u00edderes com vis\u00e3o ESG (Ambiental, Social e de Governan\u00e7a) tornou-se prioridade para atender \u00e0s novas demandas do mercado. Nesse cen\u00e1rio, a lideran\u00e7a sustent\u00e1vel surge como um conceito-chave para transformar&hellip;<\/p>\n","protected":false},"author":486,"featured_media":79753795,"comment_status":"open","ping_status":"open","sticky":false,"template":"","format":"standard","meta":{"_acf_changed":false,"content-type":"","footnotes":""},"categories":[209229,2],"tags":[],"class_list":["post-79753793","post","type-post","status-publish","format-standard","has-post-thumbnail","hentry","category-pos-graduacao","category-ultimas-noticias"],"acf":[],"yoast_head":"<!-- This site is optimized with the Yoast SEO Premium plugin v27.2 (Yoast SEO v27.2) - https:\/\/yoast.com\/product\/yoast-seo-premium-wordpress\/ -->\n<title>Lideran\u00e7a sustent\u00e1vel: formando gestores conscientes para o ESG<\/title>\n<meta name=\"description\" content=\"Descubra o que \u00e9 lideran\u00e7a sustent\u00e1vel, como ela se relaciona com o ESG, suas diferen\u00e7as em rela\u00e7\u00e3o \u00e0 lideran\u00e7a tradicional e por que \u00e9 essencial para uma gest\u00e3o corporativa de longo prazo\" \/>\n<meta name=\"robots\" content=\"index, follow, max-snippet:-1, max-image-preview:large, max-video-preview:-1\" \/>\n<link rel=\"canonical\" href=\"https:\/\/faculdade.grancursosonline.com.br\/blog\/lideranca-sustentavel\/\" \/>\n<meta property=\"og:locale\" content=\"pt_BR\" \/>\n<meta property=\"og:type\" content=\"article\" \/>\n<meta property=\"og:title\" content=\"Lideran\u00e7a sustent\u00e1vel: formando gestores conscientes para o ESG\" \/>\n<meta property=\"og:description\" content=\"Descubra o que \u00e9 lideran\u00e7a sustent\u00e1vel, como ela se relaciona com o ESG, suas diferen\u00e7as em rela\u00e7\u00e3o \u00e0 lideran\u00e7a tradicional e por que \u00e9 essencial para uma gest\u00e3o corporativa de longo prazo\" \/>\n<meta property=\"og:url\" content=\"https:\/\/faculdade.grancursosonline.com.br\/blog\/lideranca-sustentavel\/\" \/>\n<meta property=\"og:site_name\" content=\"Blog Gran Faculdade\" \/>\n<meta property=\"article:publisher\" content=\"https:\/\/www.facebook.com\/grancursosonline\/\" \/>\n<meta property=\"article:published_time\" content=\"2025-05-09T18:09:38+00:00\" \/>\n<meta property=\"article:modified_time\" content=\"2025-05-09T18:10:44+00:00\" \/>\n<meta property=\"og:image\" content=\"https:\/\/blog-es-static.infra.grancursosonline.com.br\/wp-content\/uploads\/2025\/05\/07165740\/lideranca-sustentavel.jpg\" \/>\n\t<meta property=\"og:image:width\" content=\"1001\" \/>\n\t<meta property=\"og:image:height\" content=\"601\" \/>\n\t<meta property=\"og:image:type\" content=\"image\/jpeg\" \/>\n<meta name=\"author\" content=\"Equipe Gran\" \/>\n<meta name=\"twitter:card\" content=\"summary_large_image\" \/>\n<meta name=\"twitter:creator\" content=\"@gran_online\" \/>\n<meta name=\"twitter:site\" content=\"@gran_online\" \/>\n<meta name=\"twitter:label1\" content=\"Written by\" \/>\n\t<meta name=\"twitter:data1\" content=\"Equipe Gran\" \/>\n\t<meta name=\"twitter:label2\" content=\"Est. reading time\" \/>\n\t<meta name=\"twitter:data2\" content=\"17 minutos\" \/>\n<script type=\"application\/ld+json\" class=\"yoast-schema-graph\">{\"@context\":\"https:\/\/schema.org\",\"@graph\":[{\"@type\":\"NewsArticle\",\"@id\":\"https:\/\/faculdade.grancursosonline.com.br\/blog\/lideranca-sustentavel\/#article\",\"isPartOf\":{\"@id\":\"https:\/\/faculdade.grancursosonline.com.br\/blog\/lideranca-sustentavel\/\"},\"author\":{\"name\":\"Equipe Gran\",\"@id\":\"https:\/\/faculdade.grancursosonline.com.br\/blog\/#\/schema\/person\/c05f350f8ea43a7138aaffc6a87bc5e0\"},\"headline\":\"Lideran\u00e7a sustent\u00e1vel: formando gestores conscientes para o ESG\",\"datePublished\":\"2025-05-09T18:09:38+00:00\",\"dateModified\":\"2025-05-09T18:10:44+00:00\",\"mainEntityOfPage\":{\"@id\":\"https:\/\/faculdade.grancursosonline.com.br\/blog\/lideranca-sustentavel\/\"},\"wordCount\":875,\"commentCount\":0,\"publisher\":{\"@id\":\"https:\/\/faculdade.grancursosonline.com.br\/blog\/#organization\"},\"image\":{\"@id\":\"https:\/\/faculdade.grancursosonline.com.br\/blog\/lideranca-sustentavel\/#primaryimage\"},\"thumbnailUrl\":\"https:\/\/blog-es-static.infra.grancursosonline.com.br\/wp-content\/uploads\/2025\/05\/07165740\/lideranca-sustentavel.jpg\",\"articleSection\":[\"P\u00f3s-Gradua\u00e7\u00e3o Gran Faculdade\",\"\u00daltimas Not\u00edcias\"],\"inLanguage\":\"pt-BR\",\"potentialAction\":[{\"@type\":\"CommentAction\",\"name\":\"Comment\",\"target\":[\"https:\/\/faculdade.grancursosonline.com.br\/blog\/lideranca-sustentavel\/#respond\"]}],\"copyrightYear\":\"2025\",\"copyrightHolder\":{\"@id\":\"https:\/\/faculdade.grancursosonline.com.br\/blog\/#organization\"}},{\"@type\":\"WebPage\",\"@id\":\"https:\/\/faculdade.grancursosonline.com.br\/blog\/lideranca-sustentavel\/\",\"url\":\"https:\/\/faculdade.grancursosonline.com.br\/blog\/lideranca-sustentavel\/\",\"name\":\"Lideran\u00e7a sustent\u00e1vel: formando gestores conscientes para o ESG\",\"isPartOf\":{\"@id\":\"https:\/\/faculdade.grancursosonline.com.br\/blog\/#website\"},\"primaryImageOfPage\":{\"@id\":\"https:\/\/faculdade.grancursosonline.com.br\/blog\/lideranca-sustentavel\/#primaryimage\"},\"image\":{\"@id\":\"https:\/\/faculdade.grancursosonline.com.br\/blog\/lideranca-sustentavel\/#primaryimage\"},\"thumbnailUrl\":\"https:\/\/blog-es-static.infra.grancursosonline.com.br\/wp-content\/uploads\/2025\/05\/07165740\/lideranca-sustentavel.jpg\",\"datePublished\":\"2025-05-09T18:09:38+00:00\",\"dateModified\":\"2025-05-09T18:10:44+00:00\",\"description\":\"Descubra o que \u00e9 lideran\u00e7a sustent\u00e1vel, como ela se relaciona com o ESG, suas diferen\u00e7as em rela\u00e7\u00e3o \u00e0 lideran\u00e7a tradicional e por que \u00e9 essencial para uma gest\u00e3o corporativa de longo prazo\",\"breadcrumb\":{\"@id\":\"https:\/\/faculdade.grancursosonline.com.br\/blog\/lideranca-sustentavel\/#breadcrumb\"},\"inLanguage\":\"pt-BR\",\"potentialAction\":[{\"@type\":\"ReadAction\",\"target\":[\"https:\/\/faculdade.grancursosonline.com.br\/blog\/lideranca-sustentavel\/\"]}]},{\"@type\":\"ImageObject\",\"inLanguage\":\"pt-BR\",\"@id\":\"https:\/\/faculdade.grancursosonline.com.br\/blog\/lideranca-sustentavel\/#primaryimage\",\"url\":\"https:\/\/blog-es-static.infra.grancursosonline.com.br\/wp-content\/uploads\/2025\/05\/07165740\/lideranca-sustentavel.jpg\",\"contentUrl\":\"https:\/\/blog-es-static.infra.grancursosonline.com.br\/wp-content\/uploads\/2025\/05\/07165740\/lideranca-sustentavel.jpg\",\"width\":1001,\"height\":601,\"caption\":\"Lideran\u00e7a sustent\u00e1vel\"},{\"@type\":\"BreadcrumbList\",\"@id\":\"https:\/\/faculdade.grancursosonline.com.br\/blog\/lideranca-sustentavel\/#breadcrumb\",\"itemListElement\":[{\"@type\":\"ListItem\",\"position\":1,\"name\":\"In\u00edcio\",\"item\":\"https:\/\/faculdade.grancursosonline.com.br\/blog\/\"},{\"@type\":\"ListItem\",\"position\":2,\"name\":\"P\u00f3s-Gradua\u00e7\u00e3o Gran Faculdade\",\"item\":\"https:\/\/faculdade.grancursosonline.com.br\/blog\/pos-graduacao\/\"},{\"@type\":\"ListItem\",\"position\":3,\"name\":\"Lideran\u00e7a sustent\u00e1vel: formando gestores conscientes para o ESG\"}]},{\"@type\":\"WebSite\",\"@id\":\"https:\/\/faculdade.grancursosonline.com.br\/blog\/#website\",\"url\":\"https:\/\/faculdade.grancursosonline.com.br\/blog\/\",\"name\":\"Blog Gran Faculdade\",\"description\":\"Tudo sobre ensino superior, p\u00f3s-gradua\u00e7\u00e3o, enem e carreira.\",\"publisher\":{\"@id\":\"https:\/\/faculdade.grancursosonline.com.br\/blog\/#organization\"},\"potentialAction\":[{\"@type\":\"SearchAction\",\"target\":{\"@type\":\"EntryPoint\",\"urlTemplate\":\"https:\/\/faculdade.grancursosonline.com.br\/blog\/?s={search_term_string}\"},\"query-input\":{\"@type\":\"PropertyValueSpecification\",\"valueRequired\":true,\"valueName\":\"search_term_string\"}}],\"inLanguage\":\"pt-BR\"},{\"@type\":\"Organization\",\"@id\":\"https:\/\/faculdade.grancursosonline.com.br\/blog\/#organization\",\"name\":\"Gran Cursos Online\",\"url\":\"https:\/\/faculdade.grancursosonline.com.br\/blog\/\",\"logo\":{\"@type\":\"ImageObject\",\"inLanguage\":\"pt-BR\",\"@id\":\"https:\/\/faculdade.grancursosonline.com.br\/blog\/#\/schema\/logo\/image\/\",\"url\":\"https:\/\/blog-es-static.infra.grancursosonline.com.br\/wp-content\/uploads\/2019\/08\/03123934\/logo.png\",\"contentUrl\":\"https:\/\/blog-es-static.infra.grancursosonline.com.br\/wp-content\/uploads\/2019\/08\/03123934\/logo.png\",\"width\":300,\"height\":57,\"caption\":\"Gran Cursos Online\"},\"image\":{\"@id\":\"https:\/\/faculdade.grancursosonline.com.br\/blog\/#\/schema\/logo\/image\/\"},\"sameAs\":[\"https:\/\/www.facebook.com\/grancursosonline\/\",\"https:\/\/x.com\/gran_online\",\"https:\/\/www.instagram.com\/grancursosonline\/\",\"https:\/\/www.youtube.com\/user\/grancursostv\"]},{\"@type\":\"Person\",\"@id\":\"https:\/\/faculdade.grancursosonline.com.br\/blog\/#\/schema\/person\/c05f350f8ea43a7138aaffc6a87bc5e0\",\"name\":\"Equipe Gran\",\"sameAs\":[\"http:\/\/www.grancursosonline.com.br\"],\"url\":\"https:\/\/faculdade.grancursosonline.com.br\/blog\/author\/hugo-oliveira\/\"}]}<\/script>\n<!-- \/ Yoast SEO Premium plugin. -->","yoast_head_json":{"title":"Lideran\u00e7a sustent\u00e1vel: formando gestores conscientes para o ESG","description":"Descubra o que \u00e9 lideran\u00e7a sustent\u00e1vel, como ela se relaciona com o ESG, suas diferen\u00e7as em rela\u00e7\u00e3o \u00e0 lideran\u00e7a tradicional e por que \u00e9 essencial para uma gest\u00e3o corporativa de longo prazo","robots":{"index":"index","follow":"follow","max-snippet":"max-snippet:-1","max-image-preview":"max-image-preview:large","max-video-preview":"max-video-preview:-1"},"canonical":"https:\/\/faculdade.grancursosonline.com.br\/blog\/lideranca-sustentavel\/","og_locale":"pt_BR","og_type":"article","og_title":"Lideran\u00e7a sustent\u00e1vel: formando gestores conscientes para o ESG","og_description":"Descubra o que \u00e9 lideran\u00e7a sustent\u00e1vel, como ela se relaciona com o ESG, suas diferen\u00e7as em rela\u00e7\u00e3o \u00e0 lideran\u00e7a tradicional e por que \u00e9 essencial para uma gest\u00e3o corporativa de longo prazo","og_url":"https:\/\/faculdade.grancursosonline.com.br\/blog\/lideranca-sustentavel\/","og_site_name":"Blog Gran Faculdade","article_publisher":"https:\/\/www.facebook.com\/grancursosonline\/","article_published_time":"2025-05-09T18:09:38+00:00","article_modified_time":"2025-05-09T18:10:44+00:00","og_image":[{"width":1001,"height":601,"url":"https:\/\/blog-es-static.infra.grancursosonline.com.br\/wp-content\/uploads\/2025\/05\/07165740\/lideranca-sustentavel.jpg","type":"image\/jpeg"}],"author":"Equipe Gran","twitter_card":"summary_large_image","twitter_creator":"@gran_online","twitter_site":"@gran_online","twitter_misc":{"Written by":"Equipe Gran","Est. reading time":"17 minutos"},"schema":{"@context":"https:\/\/schema.org","@graph":[{"@type":"NewsArticle","@id":"https:\/\/faculdade.grancursosonline.com.br\/blog\/lideranca-sustentavel\/#article","isPartOf":{"@id":"https:\/\/faculdade.grancursosonline.com.br\/blog\/lideranca-sustentavel\/"},"author":{"name":"Equipe Gran","@id":"https:\/\/faculdade.grancursosonline.com.br\/blog\/#\/schema\/person\/c05f350f8ea43a7138aaffc6a87bc5e0"},"headline":"Lideran\u00e7a sustent\u00e1vel: formando gestores conscientes para o ESG","datePublished":"2025-05-09T18:09:38+00:00","dateModified":"2025-05-09T18:10:44+00:00","mainEntityOfPage":{"@id":"https:\/\/faculdade.grancursosonline.com.br\/blog\/lideranca-sustentavel\/"},"wordCount":875,"commentCount":0,"publisher":{"@id":"https:\/\/faculdade.grancursosonline.com.br\/blog\/#organization"},"image":{"@id":"https:\/\/faculdade.grancursosonline.com.br\/blog\/lideranca-sustentavel\/#primaryimage"},"thumbnailUrl":"https:\/\/blog-es-static.infra.grancursosonline.com.br\/wp-content\/uploads\/2025\/05\/07165740\/lideranca-sustentavel.jpg","articleSection":["P\u00f3s-Gradua\u00e7\u00e3o Gran Faculdade","\u00daltimas Not\u00edcias"],"inLanguage":"pt-BR","potentialAction":[{"@type":"CommentAction","name":"Comment","target":["https:\/\/faculdade.grancursosonline.com.br\/blog\/lideranca-sustentavel\/#respond"]}],"copyrightYear":"2025","copyrightHolder":{"@id":"https:\/\/faculdade.grancursosonline.com.br\/blog\/#organization"}},{"@type":"WebPage","@id":"https:\/\/faculdade.grancursosonline.com.br\/blog\/lideranca-sustentavel\/","url":"https:\/\/faculdade.grancursosonline.com.br\/blog\/lideranca-sustentavel\/","name":"Lideran\u00e7a sustent\u00e1vel: formando gestores conscientes para o ESG","isPartOf":{"@id":"https:\/\/faculdade.grancursosonline.com.br\/blog\/#website"},"primaryImageOfPage":{"@id":"https:\/\/faculdade.grancursosonline.com.br\/blog\/lideranca-sustentavel\/#primaryimage"},"image":{"@id":"https:\/\/faculdade.grancursosonline.com.br\/blog\/lideranca-sustentavel\/#primaryimage"},"thumbnailUrl":"https:\/\/blog-es-static.infra.grancursosonline.com.br\/wp-content\/uploads\/2025\/05\/07165740\/lideranca-sustentavel.jpg","datePublished":"2025-05-09T18:09:38+00:00","dateModified":"2025-05-09T18:10:44+00:00","description":"Descubra o que \u00e9 lideran\u00e7a sustent\u00e1vel, como ela se relaciona com o ESG, suas diferen\u00e7as em rela\u00e7\u00e3o \u00e0 lideran\u00e7a tradicional e por que \u00e9 essencial para uma gest\u00e3o corporativa de longo prazo","breadcrumb":{"@id":"https:\/\/faculdade.grancursosonline.com.br\/blog\/lideranca-sustentavel\/#breadcrumb"},"inLanguage":"pt-BR","potentialAction":[{"@type":"ReadAction","target":["https:\/\/faculdade.grancursosonline.com.br\/blog\/lideranca-sustentavel\/"]}]},{"@type":"ImageObject","inLanguage":"pt-BR","@id":"https:\/\/faculdade.grancursosonline.com.br\/blog\/lideranca-sustentavel\/#primaryimage","url":"https:\/\/blog-es-static.infra.grancursosonline.com.br\/wp-content\/uploads\/2025\/05\/07165740\/lideranca-sustentavel.jpg","contentUrl":"https:\/\/blog-es-static.infra.grancursosonline.com.br\/wp-content\/uploads\/2025\/05\/07165740\/lideranca-sustentavel.jpg","width":1001,"height":601,"caption":"Lideran\u00e7a sustent\u00e1vel"},{"@type":"BreadcrumbList","@id":"https:\/\/faculdade.grancursosonline.com.br\/blog\/lideranca-sustentavel\/#breadcrumb","itemListElement":[{"@type":"ListItem","position":1,"name":"In\u00edcio","item":"https:\/\/faculdade.grancursosonline.com.br\/blog\/"},{"@type":"ListItem","position":2,"name":"P\u00f3s-Gradua\u00e7\u00e3o Gran Faculdade","item":"https:\/\/faculdade.grancursosonline.com.br\/blog\/pos-graduacao\/"},{"@type":"ListItem","position":3,"name":"Lideran\u00e7a sustent\u00e1vel: formando gestores conscientes para o ESG"}]},{"@type":"WebSite","@id":"https:\/\/faculdade.grancursosonline.com.br\/blog\/#website","url":"https:\/\/faculdade.grancursosonline.com.br\/blog\/","name":"Blog Gran Faculdade","description":"Tudo sobre ensino superior, p\u00f3s-gradua\u00e7\u00e3o, enem e carreira.","publisher":{"@id":"https:\/\/faculdade.grancursosonline.com.br\/blog\/#organization"},"potentialAction":[{"@type":"SearchAction","target":{"@type":"EntryPoint","urlTemplate":"https:\/\/faculdade.grancursosonline.com.br\/blog\/?s={search_term_string}"},"query-input":{"@type":"PropertyValueSpecification","valueRequired":true,"valueName":"search_term_string"}}],"inLanguage":"pt-BR"},{"@type":"Organization","@id":"https:\/\/faculdade.grancursosonline.com.br\/blog\/#organization","name":"Gran Cursos Online","url":"https:\/\/faculdade.grancursosonline.com.br\/blog\/","logo":{"@type":"ImageObject","inLanguage":"pt-BR","@id":"https:\/\/faculdade.grancursosonline.com.br\/blog\/#\/schema\/logo\/image\/","url":"https:\/\/blog-es-static.infra.grancursosonline.com.br\/wp-content\/uploads\/2019\/08\/03123934\/logo.png","contentUrl":"https:\/\/blog-es-static.infra.grancursosonline.com.br\/wp-content\/uploads\/2019\/08\/03123934\/logo.png","width":300,"height":57,"caption":"Gran Cursos Online"},"image":{"@id":"https:\/\/faculdade.grancursosonline.com.br\/blog\/#\/schema\/logo\/image\/"},"sameAs":["https:\/\/www.facebook.com\/grancursosonline\/","https:\/\/x.com\/gran_online","https:\/\/www.instagram.com\/grancursosonline\/","https:\/\/www.youtube.com\/user\/grancursostv"]},{"@type":"Person","@id":"https:\/\/faculdade.grancursosonline.com.br\/blog\/#\/schema\/person\/c05f350f8ea43a7138aaffc6a87bc5e0","name":"Equipe Gran","sameAs":["http:\/\/www.grancursosonline.com.br"],"url":"https:\/\/faculdade.grancursosonline.com.br\/blog\/author\/hugo-oliveira\/"}]}},"_links":{"self":[{"href":"https:\/\/faculdade.grancursosonline.com.br\/blog\/wp-json\/wp\/v2\/posts\/79753793","targetHints":{"allow":["GET"]}}],"collection":[{"href":"https:\/\/faculdade.grancursosonline.com.br\/blog\/wp-json\/wp\/v2\/posts"}],"about":[{"href":"https:\/\/faculdade.grancursosonline.com.br\/blog\/wp-json\/wp\/v2\/types\/post"}],"author":[{"embeddable":true,"href":"https:\/\/faculdade.grancursosonline.com.br\/blog\/wp-json\/wp\/v2\/users\/486"}],"replies":[{"embeddable":true,"href":"https:\/\/faculdade.grancursosonline.com.br\/blog\/wp-json\/wp\/v2\/comments?post=79753793"}],"version-history":[{"count":4,"href":"https:\/\/faculdade.grancursosonline.com.br\/blog\/wp-json\/wp\/v2\/posts\/79753793\/revisions"}],"predecessor-version":[{"id":79753975,"href":"https:\/\/faculdade.grancursosonline.com.br\/blog\/wp-json\/wp\/v2\/posts\/79753793\/revisions\/79753975"}],"wp:featuredmedia":[{"embeddable":true,"href":"https:\/\/faculdade.grancursosonline.com.br\/blog\/wp-json\/wp\/v2\/media\/79753795"}],"wp:attachment":[{"href":"https:\/\/faculdade.grancursosonline.com.br\/blog\/wp-json\/wp\/v2\/media?parent=79753793"}],"wp:term":[{"taxonomy":"category","embeddable":true,"href":"https:\/\/faculdade.grancursosonline.com.br\/blog\/wp-json\/wp\/v2\/categories?post=79753793"},{"taxonomy":"post_tag","embeddable":true,"href":"https:\/\/faculdade.grancursosonline.com.br\/blog\/wp-json\/wp\/v2\/tags?post=79753793"}],"curies":[{"name":"wp","href":"https:\/\/api.w.org\/{rel}","templated":true}]}}