{"id":79754160,"date":"2025-05-21T12:20:45","date_gmt":"2025-05-21T15:20:45","guid":{"rendered":"https:\/\/faculdade.grancursosonline.com.br\/blog\/?p=79754160"},"modified":"2025-05-26T14:28:54","modified_gmt":"2025-05-26T17:28:54","slug":"encceja-ppl-2025","status":"publish","type":"post","link":"https:\/\/faculdade.grancursosonline.com.br\/blog\/encceja-ppl-2025\/","title":{"rendered":"Encceja PPL 2025: quem pode participar e como se inscrever"},"content":{"rendered":"\n<p>Na \u00faltima segunda-feira, dia 19, o Inep publicou o Edital do Encceja PPL 2025, o Exame Nacional para Certifica\u00e7\u00e3o de Compet\u00eancias de Jovens e Adultos para Pessoas Privadas de Liberdade.&nbsp;<\/p>\n\n\n\n<p>A prova do Encceja PPL \u00e9 voltada para pessoas em condi\u00e7\u00e3o de priva\u00e7\u00e3o de liberdade que desejam ter a oportunidade de terminar seus estudos e ter em m\u00e3os o certificado de conclus\u00e3o do ensino fundamental e\/ou m\u00e9dio.&nbsp;<\/p>\n\n\n\n<p>As inscri\u00e7\u00f5es para a realiza\u00e7\u00e3o do Encceja PPL est\u00e3o pr\u00f3ximas, ser\u00e1 entre os dias 23 de junho a 11 de julho de 2025. Fique por aqui que te mostraremos mais detalhes e um passo a passo de como efetuar sua inscri\u00e7\u00e3o.<\/p>\n\n\n\n<div class=\"wp-block-columns is-layout-flex wp-container-core-columns-is-layout-9d6595d7 wp-block-columns-is-layout-flex\">\n<div class=\"wp-block-column is-layout-flow wp-block-column-is-layout-flow\" style=\"flex-basis:100%\"><div class=\"wp-block-image\">\n<figure class=\"aligncenter size-full\"><a href=\"https:\/\/whatsapp.com\/channel\/0029VaG1sChI7Be7PNndhL43\" target=\"_blank\" rel=\"noopener\"><img decoding=\"async\" src=\"https:\/\/blog-es-static.infra.grancursosonline.com.br\/wp-content\/uploads\/2025\/09\/09112354\/banner-wp-600x142-80.webp\" alt=\"Acesse o canal do WhatsApp da Gran Faculdade\" class=\"wp-image-79751904\"\/><\/a><\/figure>\n<\/div><\/div>\n<\/div>\n\n\n\n<p>Acompanhe pelo \u00edndice, caso prefira:<\/p>\n\n\n\n<ul class=\"wp-block-list\">\n<li><a href=\"#h-o-que-e-o-encceja-ppl-e-quem-pode-participar\">O que \u00e9 o Encceja PPL e quem pode participar?<\/a><\/li>\n\n\n\n<li><a href=\"#h-calendario-oficial-do-encceja-ppl-2025\">Calend\u00e1rio Oficial do Encceja PPL 2025<\/a><\/li>\n\n\n\n<li><a href=\"#h-como-acessar-o-edital-completo-do-encceja-ppl-2025\">Como acessar o edital completo do Encceja PPL 2025<\/a><\/li>\n\n\n\n<li><a href=\"#h-prepare-se-para-o-encceja-ppl-com-recursos-gratuitos\">Prepare-se para o Encceja PPL com recursos gratuitos<\/a><\/li>\n\n\n\n<li><a href=\"#h-o-que-fazer-apos-concluir-o-ensino-medio-com-o-encceja-ppl\">O que fazer ap\u00f3s concluir o ensino m\u00e9dio com o Encceja PPL?<\/a><\/li>\n<\/ul>\n\n\n\n<h2 class=\"wp-block-heading\" id=\"h-o-que-e-o-encceja-ppl-e-quem-pode-participar\"><strong>O que \u00e9 o Encceja PPL e quem pode participar?<\/strong><br><\/h2>\n\n\n\n<p>O Encceja PPL \u00e9 uma vers\u00e3o do Exame Nacional para Certifica\u00e7\u00e3o de Compet\u00eancias de Jovens e Adultos voltado para pessoas em situa\u00e7\u00e3o de priva\u00e7\u00e3o de liberdade ou que est\u00e3o sob medida socioeducativa.&nbsp;<\/p>\n\n\n\n<p>O Exame oferece a chance de concluir os ensinos fundamental e\/ou m\u00e9dio por meio de uma prova, por mais que a pessoa esteja em reclus\u00e3o. \u00c9 uma verdadeira oportunidade de recome\u00e7o atrav\u00e9s da educa\u00e7\u00e3o.&nbsp;<\/p>\n\n\n\n<p>Diferentemente do Encceja tradicional, o PPL \u00e9 aplicado em unidades prisionais e socioeducativas, com acompanhamento de respons\u00e1veis pedag\u00f3gicos. No entanto, o conte\u00fado e estrutura s\u00e3o os mesmos para o Encceja PPL e o tradicional.<\/p>\n\n\n\n<p><strong>Podem participar do Encceja PPL pessoas que n\u00e3o conclu\u00edram os estudos na idade prevista e est\u00e3o em situa\u00e7\u00e3o de priva\u00e7\u00e3o de liberdade ou cumprem medida socioeducativa.<\/strong><\/p>\n\n\n\n<p>Para o ensino fundamental, \u00e9 necess\u00e1rio ter no m\u00ednimo 15 anos, e para o ensino m\u00e9dio, pelo menos 18 anos completos. A inscri\u00e7\u00e3o deve ser feita pela unidade onde o participante est\u00e1 custodiado.<\/p>\n\n\n\n<h2 class=\"wp-block-heading\" id=\"h-calendario-oficial-do-encceja-ppl-2025\"><strong>Calend\u00e1rio Oficial do Encceja PPL 2025<\/strong><br><\/h2>\n\n\n\n<p>O edital do Encceja PPL foi divulgado na segunda-feira, 19 de maio, pelo Inep. Confira aqui as principais datas para n\u00e3o perder nenhum prazo:<\/p>\n\n\n\n<ul class=\"wp-block-list\">\n<li><strong>Per\u00edodo para ades\u00e3o dos \u00f3rg\u00e3os aplicadores:<\/strong> 16 de junho a 4 de julho de 2025;<br><\/li>\n\n\n\n<li><strong>Prazo para indica\u00e7\u00e3o de unidades e cadastro\/vincula\u00e7\u00e3o dos Respons\u00e1veis Pedag\u00f3gicos:<\/strong> 16 de junho a 4 de julho de 2025;<br><\/li>\n\n\n\n<li><strong>Envio de cadastro de novas unidades:<\/strong> 16 de junho a 2 de julho de 2025;<br><\/li>\n\n\n\n<li><strong>Abertura das inscri\u00e7\u00f5es para o Encceja PPL:<\/strong> 23 de junho a 11 de julho de 2025;<br><\/li>\n\n\n\n<li><strong>Per\u00edodo para solicitar tratamento pelo nome social:<\/strong> 23 de junho a 11 de julho de 2025;<br><\/li>\n\n\n\n<li><strong>Solicita\u00e7\u00e3o de atendimento especializado:<\/strong> 23 de junho a 11 de julho de 2025;<br><\/li>\n\n\n\n<li><strong>Divulga\u00e7\u00e3o do resultado dos pedidos de atendimento especializado:<\/strong> 18 de julho de 2025;<br><\/li>\n\n\n\n<li><strong>Envio de recursos sobre o atendimento especializado:<\/strong> 21 a 25 de julho de 2025;<br><\/li>\n\n\n\n<li><strong>Resultado dos recursos do atendimento especializado:<\/strong> 1\u00ba de agosto de 2025;<br><\/li>\n\n\n\n<li><strong>Datas de aplica\u00e7\u00e3o das provas:<\/strong> 23 e 24 de setembro de 2025;<br><\/li>\n\n\n\n<li><strong>Publica\u00e7\u00e3o dos gabaritos oficiais:<\/strong> 6 de outubro de 2025;<br><\/li>\n\n\n\n<li><strong>Disponibiliza\u00e7\u00e3o dos resultados finais:<\/strong> 15 de dezembro de 2025.<\/li>\n<\/ul>\n\n\n\n<h2 class=\"wp-block-heading\" id=\"h-como-acessar-o-edital-completo-do-encceja-ppl-2025\"><strong>Como acessar o edital completo do Encceja PPL 2025<\/strong><br><\/h2>\n\n\n\n<p>Caso deseje conferir o edital do Encceja PPL 2025 na \u00edntegra, clique <a href=\"https:\/\/www.in.gov.br\/en\/web\/dou\/-\/edital-n-47-de-15-de-maio-de-2025-630224395\" target=\"_blank\" rel=\"noreferrer noopener\"><strong>aqui<\/strong><\/a><strong> <\/strong>e saiba mais!\u00a0<\/p>\n\n\n\n<p>O documento traz tudo o que voc\u00ea precisa saber para participar com tranquilidade e se preparar da melhor forma poss\u00edvel. Al\u00e9m disso, ler o edital ajuda a evitar erros no momento da inscri\u00e7\u00e3o e garante que voc\u00ea fique por dentro de todos os seus direitos durante o processo.<\/p>\n\n\n\n<h2 class=\"wp-block-heading\" id=\"h-prepare-se-para-o-encceja-ppl-com-recursos-gratuitos\"><strong>Prepare-se para o Encceja PPL com recursos gratuitos<\/strong><br><\/h2>\n\n\n\n<p>Se voc\u00ea vai fazer o Encceja PPL, uma boa prepara\u00e7\u00e3o \u00e9 o in\u00edcio ideal! E o melhor: voc\u00ea pode se preparar de gra\u00e7a!&nbsp;<\/p>\n\n\n\n<p>Clique <a href=\"https:\/\/faculdade.grancursosonline.com.br\/blog\/o-que-cai-prova-encceja\/\" target=\"_blank\" rel=\"noreferrer noopener\"><strong>aqui<\/strong><\/a><strong> <\/strong>e confira o que cai na prova do Encceja e como estudar! S\u00e3o dicas \u00fateis e o spoiler completo dos conte\u00fados que s\u00e3o cobrados na prova.<\/p>\n\n\n\n<h2 class=\"wp-block-heading\" id=\"h-o-que-fazer-apos-concluir-o-ensino-medio-com-o-encceja-ppl\"><strong>O que fazer ap\u00f3s concluir o ensino m\u00e9dio com o Encceja PPL?<\/strong><br><\/h2>\n\n\n\n<p>Concluir o ensino m\u00e9dio por meio do Encceja PPL \u00e9 um passo transformador. Com o certificado em m\u00e3os, voc\u00ea abre novas portas: pode prestar vestibulares, fazer o Enem ou ingressar em cursos t\u00e9cnicos e superiores. \u00c9 um oceano de novas possibilidades para mudar de vida.<\/p>\n\n\n\n<p>Muita gente n\u00e3o sabe, mas quem passa no Encceja pode usar a nota para ingressar em faculdades.A <strong>Gran Faculdade<\/strong>, por exemplo, oferece gradua\u00e7\u00f5es com pre\u00e7os acess\u00edveis e tem o Encceja PPL tamb\u00e9m como forma de ingresso.<\/p>\n\n\n\n<p>Por isso, n\u00e3o subestime a import\u00e2ncia desse exame. Ele n\u00e3o s\u00f3 garante o diploma do ensino m\u00e9dio, como tamb\u00e9m \u00e9 o primeiro passo para quem quer ir al\u00e9m.&nbsp;<\/p>\n\n\n\n<h2 class=\"wp-block-heading\" id=\"h-conheca-o-guia-completo-do-encceja-e-saiba-tudo-sobre-a-prova\">Conhe\u00e7a o Guia Completo do Encceja e saiba tudo sobre a prova!<\/h2>\n\n\n\n<p>O Encceja, ou Exame Nacional para Certifica\u00e7\u00e3o de Compet\u00eancias de Jovens e Adultos, \u00e9 um programa criado pelo governo federal com o objetivo de oferecer uma nova oportunidade para quem n\u00e3o conseguiu concluir o Ensino Fundamental ou M\u00e9dio na idade certa.<\/p>\n\n\n\n<p>Sabemos que a vida \u00e9 cheia de desafios, e nem sempre conseguimos terminar nossos estudos no tempo esperado. Neste guia, n\u00f3s vamos te mostrar como tudo funciona, quem pode participar dele e todas as informa\u00e7\u00f5es que voc\u00ea precisa para se preparar e conquistar o seu certificado!<\/p>\n\n\n\n<script charset=\"utf-8\" type=\"text\/javascript\" src=\"\/\/js.hsforms.net\/forms\/embed\/v2.js\"><\/script>\n<script>\n  hbspt.forms.create({\n    region: \"na1\",\n    portalId: \"302036\",\n    formId: \"1a745688-4154-46b2-9ecc-4072c1be8a22\"\n  });\n<\/script>\n\n\n\n<div class=\"wp-block-group has-background\" style=\"background-color:#8dd2fc7a\"><div class=\"wp-block-group__inner-container is-layout-constrained wp-block-group-is-layout-constrained\">\n<p><strong>Outras not\u00edcias em destaque<\/strong>:<\/p>\n\n\n\n<ul class=\"wp-block-list\">\n<li><a href=\"https:\/\/faculdade.grancursosonline.com.br\/blog\/o-que-cai-prova-encceja\/\" target=\"_blank\" rel=\"noreferrer noopener\">O que cai na prova do Encceja? Saiba o que e como estudar!<\/a><\/li>\n\n\n\n<li><a href=\"https:\/\/faculdade.grancursosonline.com.br\/blog\/edital-encceja-2025\/\" target=\"_blank\" rel=\"noreferrer noopener\">O Edital Encceja 2025 foi publicado! Confira os detalhes<\/a><\/li>\n\n\n\n<li><a href=\"https:\/\/faculdade.grancursosonline.com.br\/blog\/encceja\/\" target=\"_blank\" rel=\"noreferrer noopener\">O que \u00e9 o Encceja e como funciona a educa\u00e7\u00e3o para adultos?<\/a><\/li>\n<\/ul>\n<\/div><\/div>\n\n\n\n<div class=\"wp-block-group\"><div class=\"wp-block-group__inner-container is-layout-constrained wp-block-group-is-layout-constrained\">\n<div class=\"wp-block-group\"><div class=\"wp-block-group__inner-container is-layout-constrained wp-block-group-is-layout-constrained\">\n<section style=\"text-align: center;\">\n<p>Quer ficar por dentro da Faculdade Digital mais inovadora do Brasil?<\/p>\n<nav>\n<p class=\"has-background has-dark-bluish-background-color\" style=\"font-size: 25px; text-align: center; background: #f0f0f0; color: #ffffff; padding: 4px 0px 4xp 0px;\"><a style=\"color: #0d134c; text-decoration: underline;\" href=\"https:\/\/faculdade.grancursosonline.com.br\/\" target=\"_blank\" rel=\"noopener\">GRADUA\u00c7\u00c3O<\/a><\/p>\n<p class=\"has-background has-dark-bluish-background-color\" style=\"font-size: 25px; text-align: center; background: #f0f0f0; color: #ffffff; padding: 4px 0px 4xp 0px;\"><a style=\"color: #0d134c; text-decoration: underline;\" href=\"https:\/\/pos.grancursosonline.com.br\/\" target=\"_blank\" rel=\"noopener\">P\u00d3S-GRADUA\u00c7\u00c3O<\/a><\/p>\n<p class=\"has-background has-dark-bluish-background-color\" style=\"font-size: 25px; text-align: center; background: #f0f0f0; color: #ffffff; padding: 4px 0px 4xp 0px;\"><a style=\"color: #0d134c; text-decoration: underline;\" href=\"https:\/\/faculdade.grancursosonline.com.br\/nossos-cursos\/\" target=\"_blank\" rel=\"noopener\">TUDO SOBRE A GRAN FACULDADE<\/a><\/p>\n<\/nav>\n<p><strong>Receba <span style=\"color: #cf1e25;\">gratuitamente<\/span> no seu celular as principais not\u00edcias sobre a Gran Faculdade! <br \/>Clique no link abaixo e inscreva-se:<\/strong><\/p>\n<p class=\"has-background has-dark-bluish-background-color\" style=\"font-size: 25px; text-align: center; background: #f0f0f0; color: #ffffff; padding: 4px 0px 4xp 0px;\"><a style=\"color: #0d134c; text-decoration: underline;\" href=\"https:\/\/whatsapp.com\/channel\/0029VaG1sChI7Be7PNndhL43\" target=\"_blank\" rel=\"noopener noreferrer\">WHATSAPP<\/a><\/p>\n<p class=\"has-background has-dark-bluish-background-color\" style=\"font-size: 25px; text-align: center; background: #f0f0f0; color: #ffffff; padding: 4px 0px 4xp 0px;\"><a style=\"color: #0d134c; text-decoration: underline;\" href=\"https:\/\/t.me\/GranFaculdade\" target=\"_blank\" rel=\"noopener noreferrer\">TELEGRAM<\/a><\/p>\n<\/section>\n<\/div><\/div>\n<\/div><\/div>\n","protected":false},"excerpt":{"rendered":"<p>Na \u00faltima segunda-feira, dia 19, o Inep publicou o Edital do Encceja PPL 2025, o Exame Nacional para Certifica\u00e7\u00e3o de Compet\u00eancias de Jovens e Adultos para Pessoas Privadas de Liberdade.&nbsp; A prova do Encceja PPL \u00e9 voltada para pessoas em condi\u00e7\u00e3o de priva\u00e7\u00e3o de liberdade que desejam ter a oportunidade de terminar seus estudos e&hellip;<\/p>\n","protected":false},"author":514,"featured_media":79754161,"comment_status":"open","ping_status":"open","sticky":false,"template":"","format":"standard","meta":{"_acf_changed":false,"content-type":"","footnotes":""},"categories":[218667,219790,218545,2],"tags":[],"class_list":["post-79754160","post","type-post","status-publish","format-standard","has-post-thumbnail","hentry","category-encceja","category-graduacao-ead","category-graduacao","category-ultimas-noticias"],"acf":[],"yoast_head":"<!-- This site is optimized with the Yoast SEO Premium plugin v27.2 (Yoast SEO v27.2) - https:\/\/yoast.com\/product\/yoast-seo-premium-wordpress\/ -->\n<title>Encceja PPL 2025: quem pode participar e como se inscrever<\/title>\n<meta name=\"description\" content=\"Confira tudo sobre o Encceja PPL 2025: quem tem direito, como ser\u00e1 a aplica\u00e7\u00e3o das provas, cronograma completo e como fazer sua inscri\u00e7\u00e3o.\" \/>\n<meta name=\"robots\" content=\"index, follow, max-snippet:-1, max-image-preview:large, max-video-preview:-1\" \/>\n<link rel=\"canonical\" href=\"https:\/\/faculdade.grancursosonline.com.br\/blog\/encceja-ppl-2025\/\" \/>\n<meta property=\"og:locale\" content=\"pt_BR\" \/>\n<meta property=\"og:type\" content=\"article\" \/>\n<meta property=\"og:title\" content=\"Encceja PPL 2025: quem pode participar e como se inscrever\" \/>\n<meta property=\"og:description\" content=\"Confira tudo sobre o Encceja PPL 2025: quem tem direito, como ser\u00e1 a aplica\u00e7\u00e3o das provas, cronograma completo e como fazer sua inscri\u00e7\u00e3o.\" \/>\n<meta property=\"og:url\" content=\"https:\/\/faculdade.grancursosonline.com.br\/blog\/encceja-ppl-2025\/\" \/>\n<meta property=\"og:site_name\" content=\"Blog Gran Faculdade\" \/>\n<meta property=\"article:publisher\" content=\"https:\/\/www.facebook.com\/grancursosonline\/\" \/>\n<meta property=\"article:published_time\" content=\"2025-05-21T15:20:45+00:00\" \/>\n<meta property=\"article:modified_time\" content=\"2025-05-26T17:28:54+00:00\" \/>\n<meta property=\"og:image\" content=\"https:\/\/blog-es-static.infra.grancursosonline.com.br\/wp-content\/uploads\/2025\/05\/21121929\/Encceja-PPL-2.jpg\" \/>\n\t<meta property=\"og:image:width\" content=\"511\" \/>\n\t<meta property=\"og:image:height\" content=\"311\" \/>\n\t<meta property=\"og:image:type\" content=\"image\/jpeg\" \/>\n<meta name=\"author\" content=\"Guilherme Henrique\" \/>\n<meta name=\"twitter:card\" content=\"summary_large_image\" \/>\n<meta name=\"twitter:creator\" content=\"@gran_online\" \/>\n<meta name=\"twitter:site\" content=\"@gran_online\" \/>\n<meta name=\"twitter:label1\" content=\"Written by\" \/>\n\t<meta name=\"twitter:data1\" content=\"Guilherme Henrique\" \/>\n\t<meta name=\"twitter:label2\" content=\"Est. reading time\" \/>\n\t<meta name=\"twitter:data2\" content=\"19 minutos\" \/>\n<script type=\"application\/ld+json\" class=\"yoast-schema-graph\">{\"@context\":\"https:\/\/schema.org\",\"@graph\":[{\"@type\":\"NewsArticle\",\"@id\":\"https:\/\/faculdade.grancursosonline.com.br\/blog\/encceja-ppl-2025\/#article\",\"isPartOf\":{\"@id\":\"https:\/\/faculdade.grancursosonline.com.br\/blog\/encceja-ppl-2025\/\"},\"author\":{\"name\":\"Guilherme Henrique\",\"@id\":\"https:\/\/faculdade.grancursosonline.com.br\/blog\/#\/schema\/person\/9745f9b6db8976613c1f439dbcfe717d\"},\"headline\":\"Encceja PPL 2025: quem pode participar e como se inscrever\",\"datePublished\":\"2025-05-21T15:20:45+00:00\",\"dateModified\":\"2025-05-26T17:28:54+00:00\",\"mainEntityOfPage\":{\"@id\":\"https:\/\/faculdade.grancursosonline.com.br\/blog\/encceja-ppl-2025\/\"},\"wordCount\":853,\"commentCount\":0,\"publisher\":{\"@id\":\"https:\/\/faculdade.grancursosonline.com.br\/blog\/#organization\"},\"image\":{\"@id\":\"https:\/\/faculdade.grancursosonline.com.br\/blog\/encceja-ppl-2025\/#primaryimage\"},\"thumbnailUrl\":\"https:\/\/blog-es-static.infra.grancursosonline.com.br\/wp-content\/uploads\/2025\/05\/21121834\/Encceja-PPL.jpg\",\"articleSection\":[\"ENCCEJA\",\"Gradua\u00e7\u00e3o EAD\",\"Gradua\u00e7\u00e3o Gran Faculdade\",\"\u00daltimas Not\u00edcias\"],\"inLanguage\":\"pt-BR\",\"potentialAction\":[{\"@type\":\"CommentAction\",\"name\":\"Comment\",\"target\":[\"https:\/\/faculdade.grancursosonline.com.br\/blog\/encceja-ppl-2025\/#respond\"]}],\"copyrightYear\":\"2025\",\"copyrightHolder\":{\"@id\":\"https:\/\/faculdade.grancursosonline.com.br\/blog\/#organization\"}},{\"@type\":\"WebPage\",\"@id\":\"https:\/\/faculdade.grancursosonline.com.br\/blog\/encceja-ppl-2025\/\",\"url\":\"https:\/\/faculdade.grancursosonline.com.br\/blog\/encceja-ppl-2025\/\",\"name\":\"Encceja PPL 2025: quem pode participar e como se inscrever\",\"isPartOf\":{\"@id\":\"https:\/\/faculdade.grancursosonline.com.br\/blog\/#website\"},\"primaryImageOfPage\":{\"@id\":\"https:\/\/faculdade.grancursosonline.com.br\/blog\/encceja-ppl-2025\/#primaryimage\"},\"image\":{\"@id\":\"https:\/\/faculdade.grancursosonline.com.br\/blog\/encceja-ppl-2025\/#primaryimage\"},\"thumbnailUrl\":\"https:\/\/blog-es-static.infra.grancursosonline.com.br\/wp-content\/uploads\/2025\/05\/21121834\/Encceja-PPL.jpg\",\"datePublished\":\"2025-05-21T15:20:45+00:00\",\"dateModified\":\"2025-05-26T17:28:54+00:00\",\"description\":\"Confira tudo sobre o Encceja PPL 2025: quem tem direito, como ser\u00e1 a aplica\u00e7\u00e3o das provas, cronograma completo e como fazer sua inscri\u00e7\u00e3o.\",\"breadcrumb\":{\"@id\":\"https:\/\/faculdade.grancursosonline.com.br\/blog\/encceja-ppl-2025\/#breadcrumb\"},\"inLanguage\":\"pt-BR\",\"potentialAction\":[{\"@type\":\"ReadAction\",\"target\":[\"https:\/\/faculdade.grancursosonline.com.br\/blog\/encceja-ppl-2025\/\"]}]},{\"@type\":\"ImageObject\",\"inLanguage\":\"pt-BR\",\"@id\":\"https:\/\/faculdade.grancursosonline.com.br\/blog\/encceja-ppl-2025\/#primaryimage\",\"url\":\"https:\/\/blog-es-static.infra.grancursosonline.com.br\/wp-content\/uploads\/2025\/05\/21121834\/Encceja-PPL.jpg\",\"contentUrl\":\"https:\/\/blog-es-static.infra.grancursosonline.com.br\/wp-content\/uploads\/2025\/05\/21121834\/Encceja-PPL.jpg\",\"width\":1001,\"height\":601,\"caption\":\"Encceja PPL 2025: veja quem pode participar, como se inscrever e datas importantes\"},{\"@type\":\"BreadcrumbList\",\"@id\":\"https:\/\/faculdade.grancursosonline.com.br\/blog\/encceja-ppl-2025\/#breadcrumb\",\"itemListElement\":[{\"@type\":\"ListItem\",\"position\":1,\"name\":\"In\u00edcio\",\"item\":\"https:\/\/faculdade.grancursosonline.com.br\/blog\/\"},{\"@type\":\"ListItem\",\"position\":2,\"name\":\"Gradua\u00e7\u00e3o Gran Faculdade\",\"item\":\"https:\/\/faculdade.grancursosonline.com.br\/blog\/graduacao\/\"},{\"@type\":\"ListItem\",\"position\":3,\"name\":\"Encceja PPL 2025: quem pode participar e como se inscrever\"}]},{\"@type\":\"WebSite\",\"@id\":\"https:\/\/faculdade.grancursosonline.com.br\/blog\/#website\",\"url\":\"https:\/\/faculdade.grancursosonline.com.br\/blog\/\",\"name\":\"Blog Gran Faculdade\",\"description\":\"Tudo sobre ensino superior, p\u00f3s-gradua\u00e7\u00e3o, enem e carreira.\",\"publisher\":{\"@id\":\"https:\/\/faculdade.grancursosonline.com.br\/blog\/#organization\"},\"potentialAction\":[{\"@type\":\"SearchAction\",\"target\":{\"@type\":\"EntryPoint\",\"urlTemplate\":\"https:\/\/faculdade.grancursosonline.com.br\/blog\/?s={search_term_string}\"},\"query-input\":{\"@type\":\"PropertyValueSpecification\",\"valueRequired\":true,\"valueName\":\"search_term_string\"}}],\"inLanguage\":\"pt-BR\"},{\"@type\":\"Organization\",\"@id\":\"https:\/\/faculdade.grancursosonline.com.br\/blog\/#organization\",\"name\":\"Gran Cursos Online\",\"url\":\"https:\/\/faculdade.grancursosonline.com.br\/blog\/\",\"logo\":{\"@type\":\"ImageObject\",\"inLanguage\":\"pt-BR\",\"@id\":\"https:\/\/faculdade.grancursosonline.com.br\/blog\/#\/schema\/logo\/image\/\",\"url\":\"https:\/\/blog-es-static.infra.grancursosonline.com.br\/wp-content\/uploads\/2019\/08\/03123934\/logo.png\",\"contentUrl\":\"https:\/\/blog-es-static.infra.grancursosonline.com.br\/wp-content\/uploads\/2019\/08\/03123934\/logo.png\",\"width\":300,\"height\":57,\"caption\":\"Gran Cursos Online\"},\"image\":{\"@id\":\"https:\/\/faculdade.grancursosonline.com.br\/blog\/#\/schema\/logo\/image\/\"},\"sameAs\":[\"https:\/\/www.facebook.com\/grancursosonline\/\",\"https:\/\/x.com\/gran_online\",\"https:\/\/www.instagram.com\/grancursosonline\/\",\"https:\/\/www.youtube.com\/user\/grancursostv\"]},{\"@type\":\"Person\",\"@id\":\"https:\/\/faculdade.grancursosonline.com.br\/blog\/#\/schema\/person\/9745f9b6db8976613c1f439dbcfe717d\",\"name\":\"Guilherme Henrique\",\"url\":\"https:\/\/faculdade.grancursosonline.com.br\/blog\/author\/guilherme-lourenco\/\"}]}<\/script>\n<!-- \/ Yoast SEO Premium plugin. -->","yoast_head_json":{"title":"Encceja PPL 2025: quem pode participar e como se inscrever","description":"Confira tudo sobre o Encceja PPL 2025: quem tem direito, como ser\u00e1 a aplica\u00e7\u00e3o das provas, cronograma completo e como fazer sua inscri\u00e7\u00e3o.","robots":{"index":"index","follow":"follow","max-snippet":"max-snippet:-1","max-image-preview":"max-image-preview:large","max-video-preview":"max-video-preview:-1"},"canonical":"https:\/\/faculdade.grancursosonline.com.br\/blog\/encceja-ppl-2025\/","og_locale":"pt_BR","og_type":"article","og_title":"Encceja PPL 2025: quem pode participar e como se inscrever","og_description":"Confira tudo sobre o Encceja PPL 2025: quem tem direito, como ser\u00e1 a aplica\u00e7\u00e3o das provas, cronograma completo e como fazer sua inscri\u00e7\u00e3o.","og_url":"https:\/\/faculdade.grancursosonline.com.br\/blog\/encceja-ppl-2025\/","og_site_name":"Blog Gran Faculdade","article_publisher":"https:\/\/www.facebook.com\/grancursosonline\/","article_published_time":"2025-05-21T15:20:45+00:00","article_modified_time":"2025-05-26T17:28:54+00:00","og_image":[{"width":511,"height":311,"url":"https:\/\/blog-es-static.infra.grancursosonline.com.br\/wp-content\/uploads\/2025\/05\/21121929\/Encceja-PPL-2.jpg","type":"image\/jpeg"}],"author":"Guilherme Henrique","twitter_card":"summary_large_image","twitter_creator":"@gran_online","twitter_site":"@gran_online","twitter_misc":{"Written by":"Guilherme Henrique","Est. reading time":"19 minutos"},"schema":{"@context":"https:\/\/schema.org","@graph":[{"@type":"NewsArticle","@id":"https:\/\/faculdade.grancursosonline.com.br\/blog\/encceja-ppl-2025\/#article","isPartOf":{"@id":"https:\/\/faculdade.grancursosonline.com.br\/blog\/encceja-ppl-2025\/"},"author":{"name":"Guilherme Henrique","@id":"https:\/\/faculdade.grancursosonline.com.br\/blog\/#\/schema\/person\/9745f9b6db8976613c1f439dbcfe717d"},"headline":"Encceja PPL 2025: quem pode participar e como se inscrever","datePublished":"2025-05-21T15:20:45+00:00","dateModified":"2025-05-26T17:28:54+00:00","mainEntityOfPage":{"@id":"https:\/\/faculdade.grancursosonline.com.br\/blog\/encceja-ppl-2025\/"},"wordCount":853,"commentCount":0,"publisher":{"@id":"https:\/\/faculdade.grancursosonline.com.br\/blog\/#organization"},"image":{"@id":"https:\/\/faculdade.grancursosonline.com.br\/blog\/encceja-ppl-2025\/#primaryimage"},"thumbnailUrl":"https:\/\/blog-es-static.infra.grancursosonline.com.br\/wp-content\/uploads\/2025\/05\/21121834\/Encceja-PPL.jpg","articleSection":["ENCCEJA","Gradua\u00e7\u00e3o EAD","Gradua\u00e7\u00e3o Gran Faculdade","\u00daltimas Not\u00edcias"],"inLanguage":"pt-BR","potentialAction":[{"@type":"CommentAction","name":"Comment","target":["https:\/\/faculdade.grancursosonline.com.br\/blog\/encceja-ppl-2025\/#respond"]}],"copyrightYear":"2025","copyrightHolder":{"@id":"https:\/\/faculdade.grancursosonline.com.br\/blog\/#organization"}},{"@type":"WebPage","@id":"https:\/\/faculdade.grancursosonline.com.br\/blog\/encceja-ppl-2025\/","url":"https:\/\/faculdade.grancursosonline.com.br\/blog\/encceja-ppl-2025\/","name":"Encceja PPL 2025: quem pode participar e como se inscrever","isPartOf":{"@id":"https:\/\/faculdade.grancursosonline.com.br\/blog\/#website"},"primaryImageOfPage":{"@id":"https:\/\/faculdade.grancursosonline.com.br\/blog\/encceja-ppl-2025\/#primaryimage"},"image":{"@id":"https:\/\/faculdade.grancursosonline.com.br\/blog\/encceja-ppl-2025\/#primaryimage"},"thumbnailUrl":"https:\/\/blog-es-static.infra.grancursosonline.com.br\/wp-content\/uploads\/2025\/05\/21121834\/Encceja-PPL.jpg","datePublished":"2025-05-21T15:20:45+00:00","dateModified":"2025-05-26T17:28:54+00:00","description":"Confira tudo sobre o Encceja PPL 2025: quem tem direito, como ser\u00e1 a aplica\u00e7\u00e3o das provas, cronograma completo e como fazer sua inscri\u00e7\u00e3o.","breadcrumb":{"@id":"https:\/\/faculdade.grancursosonline.com.br\/blog\/encceja-ppl-2025\/#breadcrumb"},"inLanguage":"pt-BR","potentialAction":[{"@type":"ReadAction","target":["https:\/\/faculdade.grancursosonline.com.br\/blog\/encceja-ppl-2025\/"]}]},{"@type":"ImageObject","inLanguage":"pt-BR","@id":"https:\/\/faculdade.grancursosonline.com.br\/blog\/encceja-ppl-2025\/#primaryimage","url":"https:\/\/blog-es-static.infra.grancursosonline.com.br\/wp-content\/uploads\/2025\/05\/21121834\/Encceja-PPL.jpg","contentUrl":"https:\/\/blog-es-static.infra.grancursosonline.com.br\/wp-content\/uploads\/2025\/05\/21121834\/Encceja-PPL.jpg","width":1001,"height":601,"caption":"Encceja PPL 2025: veja quem pode participar, como se inscrever e datas importantes"},{"@type":"BreadcrumbList","@id":"https:\/\/faculdade.grancursosonline.com.br\/blog\/encceja-ppl-2025\/#breadcrumb","itemListElement":[{"@type":"ListItem","position":1,"name":"In\u00edcio","item":"https:\/\/faculdade.grancursosonline.com.br\/blog\/"},{"@type":"ListItem","position":2,"name":"Gradua\u00e7\u00e3o Gran Faculdade","item":"https:\/\/faculdade.grancursosonline.com.br\/blog\/graduacao\/"},{"@type":"ListItem","position":3,"name":"Encceja PPL 2025: quem pode participar e como se inscrever"}]},{"@type":"WebSite","@id":"https:\/\/faculdade.grancursosonline.com.br\/blog\/#website","url":"https:\/\/faculdade.grancursosonline.com.br\/blog\/","name":"Blog Gran Faculdade","description":"Tudo sobre ensino superior, p\u00f3s-gradua\u00e7\u00e3o, enem e carreira.","publisher":{"@id":"https:\/\/faculdade.grancursosonline.com.br\/blog\/#organization"},"potentialAction":[{"@type":"SearchAction","target":{"@type":"EntryPoint","urlTemplate":"https:\/\/faculdade.grancursosonline.com.br\/blog\/?s={search_term_string}"},"query-input":{"@type":"PropertyValueSpecification","valueRequired":true,"valueName":"search_term_string"}}],"inLanguage":"pt-BR"},{"@type":"Organization","@id":"https:\/\/faculdade.grancursosonline.com.br\/blog\/#organization","name":"Gran Cursos Online","url":"https:\/\/faculdade.grancursosonline.com.br\/blog\/","logo":{"@type":"ImageObject","inLanguage":"pt-BR","@id":"https:\/\/faculdade.grancursosonline.com.br\/blog\/#\/schema\/logo\/image\/","url":"https:\/\/blog-es-static.infra.grancursosonline.com.br\/wp-content\/uploads\/2019\/08\/03123934\/logo.png","contentUrl":"https:\/\/blog-es-static.infra.grancursosonline.com.br\/wp-content\/uploads\/2019\/08\/03123934\/logo.png","width":300,"height":57,"caption":"Gran Cursos Online"},"image":{"@id":"https:\/\/faculdade.grancursosonline.com.br\/blog\/#\/schema\/logo\/image\/"},"sameAs":["https:\/\/www.facebook.com\/grancursosonline\/","https:\/\/x.com\/gran_online","https:\/\/www.instagram.com\/grancursosonline\/","https:\/\/www.youtube.com\/user\/grancursostv"]},{"@type":"Person","@id":"https:\/\/faculdade.grancursosonline.com.br\/blog\/#\/schema\/person\/9745f9b6db8976613c1f439dbcfe717d","name":"Guilherme Henrique","url":"https:\/\/faculdade.grancursosonline.com.br\/blog\/author\/guilherme-lourenco\/"}]}},"_links":{"self":[{"href":"https:\/\/faculdade.grancursosonline.com.br\/blog\/wp-json\/wp\/v2\/posts\/79754160","targetHints":{"allow":["GET"]}}],"collection":[{"href":"https:\/\/faculdade.grancursosonline.com.br\/blog\/wp-json\/wp\/v2\/posts"}],"about":[{"href":"https:\/\/faculdade.grancursosonline.com.br\/blog\/wp-json\/wp\/v2\/types\/post"}],"author":[{"embeddable":true,"href":"https:\/\/faculdade.grancursosonline.com.br\/blog\/wp-json\/wp\/v2\/users\/514"}],"replies":[{"embeddable":true,"href":"https:\/\/faculdade.grancursosonline.com.br\/blog\/wp-json\/wp\/v2\/comments?post=79754160"}],"version-history":[{"count":2,"href":"https:\/\/faculdade.grancursosonline.com.br\/blog\/wp-json\/wp\/v2\/posts\/79754160\/revisions"}],"predecessor-version":[{"id":79754289,"href":"https:\/\/faculdade.grancursosonline.com.br\/blog\/wp-json\/wp\/v2\/posts\/79754160\/revisions\/79754289"}],"wp:featuredmedia":[{"embeddable":true,"href":"https:\/\/faculdade.grancursosonline.com.br\/blog\/wp-json\/wp\/v2\/media\/79754161"}],"wp:attachment":[{"href":"https:\/\/faculdade.grancursosonline.com.br\/blog\/wp-json\/wp\/v2\/media?parent=79754160"}],"wp:term":[{"taxonomy":"category","embeddable":true,"href":"https:\/\/faculdade.grancursosonline.com.br\/blog\/wp-json\/wp\/v2\/categories?post=79754160"},{"taxonomy":"post_tag","embeddable":true,"href":"https:\/\/faculdade.grancursosonline.com.br\/blog\/wp-json\/wp\/v2\/tags?post=79754160"}],"curies":[{"name":"wp","href":"https:\/\/api.w.org\/{rel}","templated":true}]}}