{"id":79754355,"date":"2025-05-28T17:14:38","date_gmt":"2025-05-28T20:14:38","guid":{"rendered":"https:\/\/faculdade.grancursosonline.com.br\/blog\/?p=79754355"},"modified":"2025-06-09T11:49:05","modified_gmt":"2025-06-09T14:49:05","slug":"enem-2025-vai-mudar","status":"publish","type":"post","link":"https:\/\/faculdade.grancursosonline.com.br\/blog\/enem-2025-vai-mudar\/","title":{"rendered":"Enem 2025 vai mudar? Entenda tudo"},"content":{"rendered":"\n<p>O Enem 2025 vai mudar, e se voc\u00ea vai fazer a prova, \u00e9 bom se atentar! Algumas novidades importantes j\u00e1 foram confirmadas e podem impactar diretamente a sua participa\u00e7\u00e3o. Mas calma, vamos te explicar tudo de forma simples e direta.<\/p>\n\n\n\n<p>Quer saber o que est\u00e1 diferente nesta edi\u00e7\u00e3o? Tem mudan\u00e7a no calend\u00e1rio, na inscri\u00e7\u00e3o e outras informa\u00e7\u00f5es que voc\u00ea n\u00e3o pode deixar passar. Continue lendo e descubra tudo o que vai rolar no Enem 2025!<\/p>\n\n\n\n<p>Navegue pelo \u00edndice, se preferir:<\/p>\n\n\n\n<ul class=\"wp-block-list\">\n<li><a href=\"#h-o-enem-2025-vai-mudar\">O Enem 2025 vai mudar?<\/a><\/li>\n\n\n\n<li><a href=\"#h-quais-as-mudancas-no-enem-2025\">Quais as mudan\u00e7as no Enem 2025?<\/a><\/li>\n\n\n\n<li><a href=\"#h-cop-30-vai-mudar-a-data-do-enem\">COP 30 vai mudar a data do Enem?<\/a><\/li>\n\n\n\n<li><a href=\"#h-vai-ser-possivel-usar-o-enem-como-certificado-do-ensino-medio\">Vai ser poss\u00edvel usar o Enem como certificado do ensino m\u00e9dio?<\/a><\/li>\n\n\n\n<li><a href=\"#h-calendario-do-enem-2025-ja-saiu\">Calend\u00e1rio do Enem 2025 j\u00e1 saiu?<\/a><\/li>\n<\/ul>\n\n\n\n<div class=\"wp-block-columns is-layout-flex wp-container-core-columns-is-layout-9d6595d7 wp-block-columns-is-layout-flex\">\n<div class=\"wp-block-column is-layout-flow wp-block-column-is-layout-flow\" style=\"flex-basis:100%\"><div class=\"wp-block-image\">\n<figure class=\"aligncenter size-full\"><a href=\"https:\/\/whatsapp.com\/channel\/0029VaG1sChI7Be7PNndhL43\" target=\"_blank\" rel=\"noopener\"><img decoding=\"async\" src=\"https:\/\/blog-es-static.infra.grancursosonline.com.br\/wp-content\/uploads\/2025\/09\/09112354\/banner-wp-600x142-80.webp\" alt=\"Acesse o canal do WhatsApp da Gran Faculdade\" class=\"wp-image-79751904\"\/><\/a><\/figure>\n<\/div><\/div>\n<\/div>\n\n\n\n<h2 class=\"wp-block-heading\" id=\"h-o-enem-2025-vai-mudar\"><strong>O Enem 2025 vai mudar?<\/strong><br><\/h2>\n\n\n\n<p>Edital publicado, inscri\u00e7\u00f5es abertas, e a pergunta que fica \u00e9: Afinal, o Enem 2025 vai mudar? Os candidatos podem tranquilizar o cora\u00e7\u00e3o, o Enem vai mudar, mas n\u00e3o \u00e9 nada relacionado a conte\u00fados ou estrutura da prova.&nbsp;<\/p>\n\n\n\n<p>As mudan\u00e7as do Enem ser\u00e3o pontuais e mais relacionadas a inscri\u00e7\u00e3o, datas de aplica\u00e7\u00e3o em respectivas cidades e uso da prova. Confira a seguir como o Enem 2025 vai mudar.<\/p>\n\n\n\n<h2 class=\"wp-block-heading\" id=\"h-quais-as-mudancas-no-enem-2025\">Quais as mudan\u00e7as no Enem 2025?<\/h2>\n\n\n\n<p>O Enem 2025 apresenta tr\u00eas mudan\u00e7as significativas, sendo elas:<\/p>\n\n\n\n<h3 class=\"wp-block-heading\" id=\"h-enem-como-certificado-de-conclusao-do-ensino-medio\"><strong>Enem como certificado de conclus\u00e3o do Ensino M\u00e9dio<\/strong><\/h3>\n\n\n\n<p>O exame voltar\u00e1 a ser usado como <a href=\"https:\/\/faculdade.grancursosonline.com.br\/blog\/enem-como-certificado-do-ensino-medio\/\" target=\"_blank\" rel=\"noreferrer noopener\">certificado de conclus\u00e3o do ensino m\u00e9dio<\/a> para participantes com mais de 18 anos que ainda n\u00e3o tenham conclu\u00eddo a etapa de ensino, a depender da nota do candidato.<\/p>\n\n\n\n<h3 class=\"wp-block-heading\" id=\"h-pre-inscricao-para-alunos-do-ensino-medio\"><strong>Pr\u00e9-inscri\u00e7\u00e3o para alunos do Ensino m\u00e9dio<\/strong><\/h3>\n\n\n\n<p>Os alunos que estiverem devidamente matriculados no 3\u00ba ano do ensino m\u00e9dio ser\u00e3o pr\u00e9-inscritos de forma autom\u00e1tica no Enem 2025. S\u00f3 ser\u00e1 necess\u00e1rio acessar a P\u00e1gina do Participante para confirmar seus dados e selecionar a l\u00edngua estrangeira da prova. J\u00e1 os estudantes do 1\u00ba e 2\u00ba ano, assim como quem j\u00e1 concluiu o ensino m\u00e9dio, ainda ter\u00e3o que realizar o processo de inscri\u00e7\u00e3o completo.<\/p>\n\n\n\n<h3 class=\"wp-block-heading\" id=\"h-datas-diferentes-em-cidades-do-para\"><strong>Datas diferentes em cidades do Par\u00e1<\/strong><\/h3>\n\n\n\n<p>outra mudan\u00e7a pontual desta edi\u00e7\u00e3o, \u00e9 a data de aplica\u00e7\u00e3o nas cidades de Bel\u00e9m, Marituba e Ananindeua no Par\u00e1. A capital do estado sediar\u00e1 a <a href=\"https:\/\/faculdade.grancursosonline.com.br\/blog\/enem-cop30-em-belem\/\" target=\"_blank\" rel=\"noreferrer noopener\">COP 30 <\/a>este ano entre os dias 10 e 21 de novembro. Com isso, a data de aplica\u00e7\u00e3o da prova nas cidades ser\u00e1 nos dias 30 de novembro e 7 de dezembro.<\/p>\n\n\n\n<h2 class=\"wp-block-heading\" id=\"h-cop-30-vai-mudar-a-data-do-enem\"><strong>COP 30 vai mudar a data do Enem?<\/strong><br><\/h2>\n\n\n\n<p>A 30\u00aa Confer\u00eancia das Na\u00e7\u00f5es Unidas sobre Mudan\u00e7as Clim\u00e1ticas (COP 30) ser\u00e1 um evento com diversos l\u00edderes mundiais que ser\u00e1 sediado na cidade de Bel\u00e9m no estado do Par\u00e1.<\/p>\n\n\n\n<p>No entanto, o evento n\u00e3o ir\u00e1 alterar a data do Enem em todo o pa\u00eds, apenas nas cidades de Bel\u00e9m, Ananindeua e Marituba, onde a prova do Enem 2025 ser\u00e1 realizada nos dias 30 de novembro e 7 de dezembro. J\u00e1 nas demais cidades do Par\u00e1 e do Brasil, as provas ser\u00e3o nos dias 9 e 16 de novembro.<\/p>\n\n\n\n<h2 class=\"wp-block-heading\" id=\"h-vai-ser-possivel-usar-o-enem-como-certificado-do-ensino-medio\">Vai ser poss\u00edvel usar o Enem como certificado do ensino m\u00e9dio?<\/h2>\n\n\n\n<p>Sim! O Enem deixou de valer como certificado do ensino m\u00e9dio em 2017, no entanto esse ano o edital da edi\u00e7\u00e3o enfatizou que o exame voltar\u00e1 a contar como certificado de conclus\u00e3o do ensino m\u00e9dio mediante os seguintes crit\u00e9rios:<\/p>\n\n\n\n<ul class=\"wp-block-list\">\n<li>Ao se inscrever, o candidato deve indicar que deseja utilizar a nota do Enem para fins de certifica\u00e7\u00e3o do ensino m\u00e9dio, nesse caso o participante ainda n\u00e3o ter\u00e1 a necessidade de pagar taxa de inscri\u00e7\u00e3o;<\/li>\n\n\n\n<li>\u00c9 necess\u00e1rio alcan\u00e7ar, no m\u00ednimo, 450 pontos em cada uma das \u00e1reas do conhecimento, conforme crit\u00e9rios estabelecidos pelo Inep;<\/li>\n\n\n\n<li>Na reda\u00e7\u00e3o, o participante precisa obter uma pontua\u00e7\u00e3o igual ou superior a 500 pontos;<\/li>\n\n\n\n<li>Ter completado 18 anos at\u00e9 a data da primeira aplica\u00e7\u00e3o do Enem 2025 \u00e9 um requisito obrigat\u00f3rio.<\/li>\n<\/ul>\n\n\n\n<h2 class=\"wp-block-heading\" id=\"h-calendario-do-enem-2025-ja-saiu\"><strong>Calend\u00e1rio do Enem 2025 j\u00e1 saiu?<\/strong><br><\/h2>\n\n\n\n<p>Com o edital publicado na \u00faltima sexta-feira (23), o <a href=\"https:\/\/faculdade.grancursosonline.com.br\/blog\/enem-2025\/\" target=\"_blank\" rel=\"noreferrer noopener\">cronograma completo do Enem<\/a> j\u00e1 saiu. Confira:&nbsp;<\/p>\n\n\n\n<ul class=\"wp-block-list\">\n<li><strong>Edital do Enem 2025<\/strong>: publicado em 23 de maio;<br><\/li>\n\n\n\n<li><strong>Inscri\u00e7\u00f5es abertas<\/strong>:&nbsp; de 26 de maio a 13 de junho de 2025;<br><\/li>\n\n\n\n<li><strong>Prazo para pagamento da taxa de inscri\u00e7\u00e3o<\/strong>: de 26 de maio at\u00e9 18 de junho;<br><\/li>\n\n\n\n<li><strong>Prazo para solicitar tratamento pelo nome social:<\/strong> entre 26 de maio e 13 de junho;<br><\/li>\n\n\n\n<li><strong>Pedido de atendimento especializado<\/strong>: entre 26 de maio e 13 de junho;<br><\/li>\n\n\n\n<li><strong>Resultado dos pedidos de atendimento especializado: <\/strong>ser\u00e1 divulgado em 20 de junho;<br><\/li>\n\n\n\n<li><strong>Recursos para esses pedidos poder\u00e3o ser enviados entre os dias<\/strong>: 16 e 20 de junho;<br><\/li>\n\n\n\n<li><strong>Resultado dos recursos<\/strong>:&nbsp; 27 de junho;<br><\/li>\n\n\n\n<li><strong>Data de aplica\u00e7\u00e3o das provas do Enem<\/strong>: 9 e 16 de novembro;<br><\/li>\n\n\n\n<li><strong>Data de aplica\u00e7\u00e3o das provas do Enem 2025 nas cidades de Bel\u00e9m, Ananindeua e Marituba (PA)<\/strong>: em 30 de novembro e 7 de dezembro;<\/li>\n\n\n\n<li><strong>Reaplica\u00e7\u00e3o do Enem 2025:<\/strong>&nbsp; 16 e 17 de dezembro de 2025;<\/li>\n\n\n\n<li><strong>Divulga\u00e7\u00e3o do resultado oficial do Enem 2025<\/strong>: 16 de janeiro de 2026.<\/li>\n<\/ul>\n\n\n\n<div class=\"wp-block-group has-background\" style=\"background-color:#8dd2fc7a\"><div class=\"wp-block-group__inner-container is-layout-constrained wp-block-group-is-layout-constrained\">\n<p><strong>Outras not\u00edcias em destaque:<\/strong><\/p>\n\n\n\n<ul class=\"wp-block-list\">\n<li><a href=\"https:\/\/faculdade.grancursosonline.com.br\/blog\/inscricao-do-enem-2025-passo-a-passo\/\" target=\"_blank\" rel=\"noreferrer noopener\">Inscri\u00e7\u00e3o do Enem 2025: confira o passo a passo!<\/a><\/li>\n\n\n\n<li><a href=\"https:\/\/faculdade.grancursosonline.com.br\/blog\/edital-enem-2025\/\" target=\"_blank\" rel=\"noreferrer noopener\">Edital Enem 2025 SAIU! Confira mudan\u00e7as e todas as datas importantes<\/a><\/li>\n\n\n\n<li><a href=\"https:\/\/faculdade.grancursosonline.com.br\/blog\/enem-cop30-em-belem\/\" target=\"_blank\" rel=\"noreferrer noopener\">Enem 2025: Par\u00e1 ter\u00e1 mudan\u00e7as por conta da COP 30 em Bel\u00e9m! Confira<\/a><\/li>\n<\/ul>\n<\/div><\/div>\n\n\n\n<h2 class=\"wp-block-heading\" id=\"h-quer-saber-mais-sobre-o-enem-preparamos-um-manual-completo-para-voce-baixar-gratuitamente\">Quer saber mais sobre o Enem? Preparamos um manual completo para voc\u00ea baixar gratuitamente!<\/h2>\n\n\n\n<p>O Manual do Enem da Gran Faculdade <strong>foi baseado no Edital publicado pelo MEC e Inep <\/strong>e conta com todas as informa\u00e7\u00f5es oficiais que foram utilizadas no programa.<\/p>\n\n\n\n<p>Neste material 100% gratuito voc\u00ea vai saber:<\/p>\n\n\n\n<ul class=\"wp-block-list\">\n<li>Hist\u00f3ria e import\u00e2ncia do Enem;<\/li>\n\n\n\n<li>Datas, prazos e taxas de inscri\u00e7\u00e3o;<\/li>\n\n\n\n<li>Como fazer o Teste Vocacional;<\/li>\n\n\n\n<li>O que estudar para o Enem;<\/li>\n\n\n\n<li>Como \u00e9 calculada a nota do Enem;<\/li>\n\n\n\n<li>E mais de 40 t\u00f3picos explicativos sobre outras d\u00favidas relacionadas ao programa.<\/li>\n<\/ul>\n\n\n\n<p>Preencha o formul\u00e1rio abaixo e receba o manual gratuitamente:<\/p>\n\n\n\n<script charset=\"utf-8\" type=\"text\/javascript\" src=\"\/\/js.hsforms.net\/forms\/embed\/v2.js\"><\/script>\n<script>\n  hbspt.forms.create({\n    region: \"na1\",\n    portalId: \"302036\",\n    formId: \"0fe5415a-ece9-4459-950a-7a8aa13baf90\"\n  });\n<\/script>\n\n\n<p><script charset=\"utf-8\" type=\"text\/javascript\" src=\"\/\/js.hsforms.net\/forms\/embed\/v2.js\"><\/script> <script><br \/>\n  hbspt.forms.create({<br \/>\n    region: \"na1\",<br \/>\n    portalId: \"302036\",<br \/>\n    formId: \"0fe5415a-ece9-4459-950a-7a8aa13baf90\"<br \/>\n  });<br \/>\n<\/script><\/p>\n\n\n<div class=\"wp-block-group\"><div class=\"wp-block-group__inner-container is-layout-constrained wp-block-group-is-layout-constrained\">\n<div class=\"wp-block-group\"><div class=\"wp-block-group__inner-container is-layout-constrained wp-block-group-is-layout-constrained\">\n<section style=\"text-align: center;\">\n<p>Quer ficar por dentro da Faculdade Digital mais inovadora do Brasil?<\/p>\n<nav>\n<p class=\"has-background has-dark-bluish-background-color\" style=\"font-size: 25px; text-align: center; background: #f0f0f0; color: #ffffff; padding: 4px 0px 4xp 0px;\"><a style=\"color: #0d134c; text-decoration: underline;\" href=\"https:\/\/faculdade.grancursosonline.com.br\/\" target=\"_blank\" rel=\"noopener\">GRADUA\u00c7\u00c3O<\/a><\/p>\n<p class=\"has-background has-dark-bluish-background-color\" style=\"font-size: 25px; text-align: center; background: #f0f0f0; color: #ffffff; padding: 4px 0px 4xp 0px;\"><a style=\"color: #0d134c; text-decoration: underline;\" href=\"https:\/\/pos.grancursosonline.com.br\/\" target=\"_blank\" rel=\"noopener\">P\u00d3S-GRADUA\u00c7\u00c3O<\/a><\/p>\n<p class=\"has-background has-dark-bluish-background-color\" style=\"font-size: 25px; text-align: center; background: #f0f0f0; color: #ffffff; padding: 4px 0px 4xp 0px;\"><a style=\"color: #0d134c; text-decoration: underline;\" href=\"https:\/\/faculdade.grancursosonline.com.br\/nossos-cursos\/\" target=\"_blank\" rel=\"noopener\">TUDO SOBRE A GRAN FACULDADE<\/a><\/p>\n<\/nav>\n<p><strong>Receba <span style=\"color: #cf1e25;\">gratuitamente<\/span> no seu celular as principais not\u00edcias sobre a Gran Faculdade! <br \/>Clique no link abaixo e inscreva-se:<\/strong><\/p>\n<p class=\"has-background has-dark-bluish-background-color\" style=\"font-size: 25px; text-align: center; background: #f0f0f0; color: #ffffff; padding: 4px 0px 4xp 0px;\"><a style=\"color: #0d134c; text-decoration: underline;\" href=\"https:\/\/whatsapp.com\/channel\/0029VaG1sChI7Be7PNndhL43\" target=\"_blank\" rel=\"noopener noreferrer\">WHATSAPP<\/a><\/p>\n<p class=\"has-background has-dark-bluish-background-color\" style=\"font-size: 25px; text-align: center; background: #f0f0f0; color: #ffffff; padding: 4px 0px 4xp 0px;\"><a style=\"color: #0d134c; text-decoration: underline;\" href=\"https:\/\/t.me\/GranFaculdade\" target=\"_blank\" rel=\"noopener noreferrer\">TELEGRAM<\/a><\/p>\n<\/section>\n<\/div><\/div>\n<\/div><\/div>\n","protected":false},"excerpt":{"rendered":"<p>O Enem 2025 vai mudar, e se voc\u00ea vai fazer a prova, \u00e9 bom se atentar! Algumas novidades importantes j\u00e1 foram confirmadas e podem impactar diretamente a sua participa\u00e7\u00e3o. Mas calma, vamos te explicar tudo de forma simples e direta. Quer saber o que est\u00e1 diferente nesta edi\u00e7\u00e3o? Tem mudan\u00e7a no calend\u00e1rio, na inscri\u00e7\u00e3o e&hellip;<\/p>\n","protected":false},"author":514,"featured_media":79754385,"comment_status":"open","ping_status":"open","sticky":false,"template":"","format":"standard","meta":{"_acf_changed":false,"content-type":"","footnotes":""},"categories":[1543,219790,218545,2],"tags":[],"class_list":["post-79754355","post","type-post","status-publish","format-standard","has-post-thumbnail","hentry","category-enem","category-graduacao-ead","category-graduacao","category-ultimas-noticias"],"acf":[],"yoast_head":"<!-- This site is optimized with the Yoast SEO Premium plugin v27.2 (Yoast SEO v27.2) - https:\/\/yoast.com\/product\/yoast-seo-premium-wordpress\/ -->\n<title>Enem 2025 vai mudar? Entenda tudo<\/title>\n<meta name=\"description\" content=\"O Enem 2025 vai mudar? Veja todas as novidades publicada no edital do exame e detalhes sobre cada uma neste post!\" \/>\n<meta name=\"robots\" content=\"index, follow, max-snippet:-1, max-image-preview:large, max-video-preview:-1\" \/>\n<link rel=\"canonical\" href=\"https:\/\/faculdade.grancursosonline.com.br\/blog\/enem-2025-vai-mudar\/\" \/>\n<meta property=\"og:locale\" content=\"pt_BR\" \/>\n<meta property=\"og:type\" content=\"article\" \/>\n<meta property=\"og:title\" content=\"Enem 2025 vai mudar? Entenda tudo\" \/>\n<meta property=\"og:description\" content=\"O Enem 2025 vai mudar? Veja todas as novidades publicada no edital do exame e detalhes sobre cada uma neste post!\" \/>\n<meta property=\"og:url\" content=\"https:\/\/faculdade.grancursosonline.com.br\/blog\/enem-2025-vai-mudar\/\" \/>\n<meta property=\"og:site_name\" content=\"Blog Gran Faculdade\" \/>\n<meta property=\"article:publisher\" content=\"https:\/\/www.facebook.com\/grancursosonline\/\" \/>\n<meta property=\"article:published_time\" content=\"2025-05-28T20:14:38+00:00\" \/>\n<meta property=\"article:modified_time\" content=\"2025-06-09T14:49:05+00:00\" \/>\n<meta property=\"og:image\" content=\"https:\/\/blog-es-static.infra.grancursosonline.com.br\/wp-content\/uploads\/2025\/05\/29135411\/Enem-2025-vai-mudar.jpg\" \/>\n\t<meta property=\"og:image:width\" content=\"511\" \/>\n\t<meta property=\"og:image:height\" content=\"311\" \/>\n\t<meta property=\"og:image:type\" content=\"image\/jpeg\" \/>\n<meta name=\"author\" content=\"Guilherme Henrique\" \/>\n<meta name=\"twitter:card\" content=\"summary_large_image\" \/>\n<meta name=\"twitter:creator\" content=\"@gran_online\" \/>\n<meta name=\"twitter:site\" content=\"@gran_online\" \/>\n<meta name=\"twitter:label1\" content=\"Written by\" \/>\n\t<meta name=\"twitter:data1\" content=\"Guilherme Henrique\" \/>\n\t<meta name=\"twitter:label2\" content=\"Est. reading time\" \/>\n\t<meta name=\"twitter:data2\" content=\"6 minutos\" \/>\n<script type=\"application\/ld+json\" class=\"yoast-schema-graph\">{\"@context\":\"https:\/\/schema.org\",\"@graph\":[{\"@type\":\"NewsArticle\",\"@id\":\"https:\/\/faculdade.grancursosonline.com.br\/blog\/enem-2025-vai-mudar\/#article\",\"isPartOf\":{\"@id\":\"https:\/\/faculdade.grancursosonline.com.br\/blog\/enem-2025-vai-mudar\/\"},\"author\":{\"name\":\"Guilherme Henrique\",\"@id\":\"https:\/\/faculdade.grancursosonline.com.br\/blog\/#\/schema\/person\/9745f9b6db8976613c1f439dbcfe717d\"},\"headline\":\"Enem 2025 vai mudar? Entenda tudo\",\"datePublished\":\"2025-05-28T20:14:38+00:00\",\"dateModified\":\"2025-06-09T14:49:05+00:00\",\"mainEntityOfPage\":{\"@id\":\"https:\/\/faculdade.grancursosonline.com.br\/blog\/enem-2025-vai-mudar\/\"},\"wordCount\":850,\"commentCount\":0,\"publisher\":{\"@id\":\"https:\/\/faculdade.grancursosonline.com.br\/blog\/#organization\"},\"image\":{\"@id\":\"https:\/\/faculdade.grancursosonline.com.br\/blog\/enem-2025-vai-mudar\/#primaryimage\"},\"thumbnailUrl\":\"https:\/\/blog-es-static.infra.grancursosonline.com.br\/wp-content\/uploads\/2025\/05\/29135320\/Enem-2025-vai-mudar-2.jpg\",\"articleSection\":[\"ENEM\",\"Gradua\u00e7\u00e3o EAD\",\"Gradua\u00e7\u00e3o Gran Faculdade\",\"\u00daltimas Not\u00edcias\"],\"inLanguage\":\"pt-BR\",\"potentialAction\":[{\"@type\":\"CommentAction\",\"name\":\"Comment\",\"target\":[\"https:\/\/faculdade.grancursosonline.com.br\/blog\/enem-2025-vai-mudar\/#respond\"]}],\"copyrightYear\":\"2025\",\"copyrightHolder\":{\"@id\":\"https:\/\/faculdade.grancursosonline.com.br\/blog\/#organization\"}},{\"@type\":\"WebPage\",\"@id\":\"https:\/\/faculdade.grancursosonline.com.br\/blog\/enem-2025-vai-mudar\/\",\"url\":\"https:\/\/faculdade.grancursosonline.com.br\/blog\/enem-2025-vai-mudar\/\",\"name\":\"Enem 2025 vai mudar? Entenda tudo\",\"isPartOf\":{\"@id\":\"https:\/\/faculdade.grancursosonline.com.br\/blog\/#website\"},\"primaryImageOfPage\":{\"@id\":\"https:\/\/faculdade.grancursosonline.com.br\/blog\/enem-2025-vai-mudar\/#primaryimage\"},\"image\":{\"@id\":\"https:\/\/faculdade.grancursosonline.com.br\/blog\/enem-2025-vai-mudar\/#primaryimage\"},\"thumbnailUrl\":\"https:\/\/blog-es-static.infra.grancursosonline.com.br\/wp-content\/uploads\/2025\/05\/29135320\/Enem-2025-vai-mudar-2.jpg\",\"datePublished\":\"2025-05-28T20:14:38+00:00\",\"dateModified\":\"2025-06-09T14:49:05+00:00\",\"description\":\"O Enem 2025 vai mudar? Veja todas as novidades publicada no edital do exame e detalhes sobre cada uma neste post!\",\"breadcrumb\":{\"@id\":\"https:\/\/faculdade.grancursosonline.com.br\/blog\/enem-2025-vai-mudar\/#breadcrumb\"},\"inLanguage\":\"pt-BR\",\"potentialAction\":[{\"@type\":\"ReadAction\",\"target\":[\"https:\/\/faculdade.grancursosonline.com.br\/blog\/enem-2025-vai-mudar\/\"]}]},{\"@type\":\"ImageObject\",\"inLanguage\":\"pt-BR\",\"@id\":\"https:\/\/faculdade.grancursosonline.com.br\/blog\/enem-2025-vai-mudar\/#primaryimage\",\"url\":\"https:\/\/blog-es-static.infra.grancursosonline.com.br\/wp-content\/uploads\/2025\/05\/29135320\/Enem-2025-vai-mudar-2.jpg\",\"contentUrl\":\"https:\/\/blog-es-static.infra.grancursosonline.com.br\/wp-content\/uploads\/2025\/05\/29135320\/Enem-2025-vai-mudar-2.jpg\",\"width\":1001,\"height\":601,\"caption\":\"Enem 2025 vai mudar? Entenda tudo!\"},{\"@type\":\"BreadcrumbList\",\"@id\":\"https:\/\/faculdade.grancursosonline.com.br\/blog\/enem-2025-vai-mudar\/#breadcrumb\",\"itemListElement\":[{\"@type\":\"ListItem\",\"position\":1,\"name\":\"In\u00edcio\",\"item\":\"https:\/\/faculdade.grancursosonline.com.br\/blog\/\"},{\"@type\":\"ListItem\",\"position\":2,\"name\":\"ENEM\",\"item\":\"https:\/\/faculdade.grancursosonline.com.br\/blog\/enem\/\"},{\"@type\":\"ListItem\",\"position\":3,\"name\":\"Enem 2025 vai mudar? Entenda tudo\"}]},{\"@type\":\"WebSite\",\"@id\":\"https:\/\/faculdade.grancursosonline.com.br\/blog\/#website\",\"url\":\"https:\/\/faculdade.grancursosonline.com.br\/blog\/\",\"name\":\"Blog Gran Faculdade\",\"description\":\"Tudo sobre ensino superior, p\u00f3s-gradua\u00e7\u00e3o, enem e carreira.\",\"publisher\":{\"@id\":\"https:\/\/faculdade.grancursosonline.com.br\/blog\/#organization\"},\"potentialAction\":[{\"@type\":\"SearchAction\",\"target\":{\"@type\":\"EntryPoint\",\"urlTemplate\":\"https:\/\/faculdade.grancursosonline.com.br\/blog\/?s={search_term_string}\"},\"query-input\":{\"@type\":\"PropertyValueSpecification\",\"valueRequired\":true,\"valueName\":\"search_term_string\"}}],\"inLanguage\":\"pt-BR\"},{\"@type\":\"Organization\",\"@id\":\"https:\/\/faculdade.grancursosonline.com.br\/blog\/#organization\",\"name\":\"Gran Cursos Online\",\"url\":\"https:\/\/faculdade.grancursosonline.com.br\/blog\/\",\"logo\":{\"@type\":\"ImageObject\",\"inLanguage\":\"pt-BR\",\"@id\":\"https:\/\/faculdade.grancursosonline.com.br\/blog\/#\/schema\/logo\/image\/\",\"url\":\"https:\/\/blog-es-static.infra.grancursosonline.com.br\/wp-content\/uploads\/2019\/08\/03123934\/logo.png\",\"contentUrl\":\"https:\/\/blog-es-static.infra.grancursosonline.com.br\/wp-content\/uploads\/2019\/08\/03123934\/logo.png\",\"width\":300,\"height\":57,\"caption\":\"Gran Cursos Online\"},\"image\":{\"@id\":\"https:\/\/faculdade.grancursosonline.com.br\/blog\/#\/schema\/logo\/image\/\"},\"sameAs\":[\"https:\/\/www.facebook.com\/grancursosonline\/\",\"https:\/\/x.com\/gran_online\",\"https:\/\/www.instagram.com\/grancursosonline\/\",\"https:\/\/www.youtube.com\/user\/grancursostv\"]},{\"@type\":\"Person\",\"@id\":\"https:\/\/faculdade.grancursosonline.com.br\/blog\/#\/schema\/person\/9745f9b6db8976613c1f439dbcfe717d\",\"name\":\"Guilherme Henrique\",\"url\":\"https:\/\/faculdade.grancursosonline.com.br\/blog\/author\/guilherme-lourenco\/\"}]}<\/script>\n<!-- \/ Yoast SEO Premium plugin. -->","yoast_head_json":{"title":"Enem 2025 vai mudar? Entenda tudo","description":"O Enem 2025 vai mudar? Veja todas as novidades publicada no edital do exame e detalhes sobre cada uma neste post!","robots":{"index":"index","follow":"follow","max-snippet":"max-snippet:-1","max-image-preview":"max-image-preview:large","max-video-preview":"max-video-preview:-1"},"canonical":"https:\/\/faculdade.grancursosonline.com.br\/blog\/enem-2025-vai-mudar\/","og_locale":"pt_BR","og_type":"article","og_title":"Enem 2025 vai mudar? Entenda tudo","og_description":"O Enem 2025 vai mudar? Veja todas as novidades publicada no edital do exame e detalhes sobre cada uma neste post!","og_url":"https:\/\/faculdade.grancursosonline.com.br\/blog\/enem-2025-vai-mudar\/","og_site_name":"Blog Gran Faculdade","article_publisher":"https:\/\/www.facebook.com\/grancursosonline\/","article_published_time":"2025-05-28T20:14:38+00:00","article_modified_time":"2025-06-09T14:49:05+00:00","og_image":[{"width":511,"height":311,"url":"https:\/\/blog-es-static.infra.grancursosonline.com.br\/wp-content\/uploads\/2025\/05\/29135411\/Enem-2025-vai-mudar.jpg","type":"image\/jpeg"}],"author":"Guilherme Henrique","twitter_card":"summary_large_image","twitter_creator":"@gran_online","twitter_site":"@gran_online","twitter_misc":{"Written by":"Guilherme Henrique","Est. reading time":"6 minutos"},"schema":{"@context":"https:\/\/schema.org","@graph":[{"@type":"NewsArticle","@id":"https:\/\/faculdade.grancursosonline.com.br\/blog\/enem-2025-vai-mudar\/#article","isPartOf":{"@id":"https:\/\/faculdade.grancursosonline.com.br\/blog\/enem-2025-vai-mudar\/"},"author":{"name":"Guilherme Henrique","@id":"https:\/\/faculdade.grancursosonline.com.br\/blog\/#\/schema\/person\/9745f9b6db8976613c1f439dbcfe717d"},"headline":"Enem 2025 vai mudar? Entenda tudo","datePublished":"2025-05-28T20:14:38+00:00","dateModified":"2025-06-09T14:49:05+00:00","mainEntityOfPage":{"@id":"https:\/\/faculdade.grancursosonline.com.br\/blog\/enem-2025-vai-mudar\/"},"wordCount":850,"commentCount":0,"publisher":{"@id":"https:\/\/faculdade.grancursosonline.com.br\/blog\/#organization"},"image":{"@id":"https:\/\/faculdade.grancursosonline.com.br\/blog\/enem-2025-vai-mudar\/#primaryimage"},"thumbnailUrl":"https:\/\/blog-es-static.infra.grancursosonline.com.br\/wp-content\/uploads\/2025\/05\/29135320\/Enem-2025-vai-mudar-2.jpg","articleSection":["ENEM","Gradua\u00e7\u00e3o EAD","Gradua\u00e7\u00e3o Gran Faculdade","\u00daltimas Not\u00edcias"],"inLanguage":"pt-BR","potentialAction":[{"@type":"CommentAction","name":"Comment","target":["https:\/\/faculdade.grancursosonline.com.br\/blog\/enem-2025-vai-mudar\/#respond"]}],"copyrightYear":"2025","copyrightHolder":{"@id":"https:\/\/faculdade.grancursosonline.com.br\/blog\/#organization"}},{"@type":"WebPage","@id":"https:\/\/faculdade.grancursosonline.com.br\/blog\/enem-2025-vai-mudar\/","url":"https:\/\/faculdade.grancursosonline.com.br\/blog\/enem-2025-vai-mudar\/","name":"Enem 2025 vai mudar? Entenda tudo","isPartOf":{"@id":"https:\/\/faculdade.grancursosonline.com.br\/blog\/#website"},"primaryImageOfPage":{"@id":"https:\/\/faculdade.grancursosonline.com.br\/blog\/enem-2025-vai-mudar\/#primaryimage"},"image":{"@id":"https:\/\/faculdade.grancursosonline.com.br\/blog\/enem-2025-vai-mudar\/#primaryimage"},"thumbnailUrl":"https:\/\/blog-es-static.infra.grancursosonline.com.br\/wp-content\/uploads\/2025\/05\/29135320\/Enem-2025-vai-mudar-2.jpg","datePublished":"2025-05-28T20:14:38+00:00","dateModified":"2025-06-09T14:49:05+00:00","description":"O Enem 2025 vai mudar? Veja todas as novidades publicada no edital do exame e detalhes sobre cada uma neste post!","breadcrumb":{"@id":"https:\/\/faculdade.grancursosonline.com.br\/blog\/enem-2025-vai-mudar\/#breadcrumb"},"inLanguage":"pt-BR","potentialAction":[{"@type":"ReadAction","target":["https:\/\/faculdade.grancursosonline.com.br\/blog\/enem-2025-vai-mudar\/"]}]},{"@type":"ImageObject","inLanguage":"pt-BR","@id":"https:\/\/faculdade.grancursosonline.com.br\/blog\/enem-2025-vai-mudar\/#primaryimage","url":"https:\/\/blog-es-static.infra.grancursosonline.com.br\/wp-content\/uploads\/2025\/05\/29135320\/Enem-2025-vai-mudar-2.jpg","contentUrl":"https:\/\/blog-es-static.infra.grancursosonline.com.br\/wp-content\/uploads\/2025\/05\/29135320\/Enem-2025-vai-mudar-2.jpg","width":1001,"height":601,"caption":"Enem 2025 vai mudar? Entenda tudo!"},{"@type":"BreadcrumbList","@id":"https:\/\/faculdade.grancursosonline.com.br\/blog\/enem-2025-vai-mudar\/#breadcrumb","itemListElement":[{"@type":"ListItem","position":1,"name":"In\u00edcio","item":"https:\/\/faculdade.grancursosonline.com.br\/blog\/"},{"@type":"ListItem","position":2,"name":"ENEM","item":"https:\/\/faculdade.grancursosonline.com.br\/blog\/enem\/"},{"@type":"ListItem","position":3,"name":"Enem 2025 vai mudar? Entenda tudo"}]},{"@type":"WebSite","@id":"https:\/\/faculdade.grancursosonline.com.br\/blog\/#website","url":"https:\/\/faculdade.grancursosonline.com.br\/blog\/","name":"Blog Gran Faculdade","description":"Tudo sobre ensino superior, p\u00f3s-gradua\u00e7\u00e3o, enem e carreira.","publisher":{"@id":"https:\/\/faculdade.grancursosonline.com.br\/blog\/#organization"},"potentialAction":[{"@type":"SearchAction","target":{"@type":"EntryPoint","urlTemplate":"https:\/\/faculdade.grancursosonline.com.br\/blog\/?s={search_term_string}"},"query-input":{"@type":"PropertyValueSpecification","valueRequired":true,"valueName":"search_term_string"}}],"inLanguage":"pt-BR"},{"@type":"Organization","@id":"https:\/\/faculdade.grancursosonline.com.br\/blog\/#organization","name":"Gran Cursos Online","url":"https:\/\/faculdade.grancursosonline.com.br\/blog\/","logo":{"@type":"ImageObject","inLanguage":"pt-BR","@id":"https:\/\/faculdade.grancursosonline.com.br\/blog\/#\/schema\/logo\/image\/","url":"https:\/\/blog-es-static.infra.grancursosonline.com.br\/wp-content\/uploads\/2019\/08\/03123934\/logo.png","contentUrl":"https:\/\/blog-es-static.infra.grancursosonline.com.br\/wp-content\/uploads\/2019\/08\/03123934\/logo.png","width":300,"height":57,"caption":"Gran Cursos Online"},"image":{"@id":"https:\/\/faculdade.grancursosonline.com.br\/blog\/#\/schema\/logo\/image\/"},"sameAs":["https:\/\/www.facebook.com\/grancursosonline\/","https:\/\/x.com\/gran_online","https:\/\/www.instagram.com\/grancursosonline\/","https:\/\/www.youtube.com\/user\/grancursostv"]},{"@type":"Person","@id":"https:\/\/faculdade.grancursosonline.com.br\/blog\/#\/schema\/person\/9745f9b6db8976613c1f439dbcfe717d","name":"Guilherme Henrique","url":"https:\/\/faculdade.grancursosonline.com.br\/blog\/author\/guilherme-lourenco\/"}]}},"_links":{"self":[{"href":"https:\/\/faculdade.grancursosonline.com.br\/blog\/wp-json\/wp\/v2\/posts\/79754355","targetHints":{"allow":["GET"]}}],"collection":[{"href":"https:\/\/faculdade.grancursosonline.com.br\/blog\/wp-json\/wp\/v2\/posts"}],"about":[{"href":"https:\/\/faculdade.grancursosonline.com.br\/blog\/wp-json\/wp\/v2\/types\/post"}],"author":[{"embeddable":true,"href":"https:\/\/faculdade.grancursosonline.com.br\/blog\/wp-json\/wp\/v2\/users\/514"}],"replies":[{"embeddable":true,"href":"https:\/\/faculdade.grancursosonline.com.br\/blog\/wp-json\/wp\/v2\/comments?post=79754355"}],"version-history":[{"count":3,"href":"https:\/\/faculdade.grancursosonline.com.br\/blog\/wp-json\/wp\/v2\/posts\/79754355\/revisions"}],"predecessor-version":[{"id":79754662,"href":"https:\/\/faculdade.grancursosonline.com.br\/blog\/wp-json\/wp\/v2\/posts\/79754355\/revisions\/79754662"}],"wp:featuredmedia":[{"embeddable":true,"href":"https:\/\/faculdade.grancursosonline.com.br\/blog\/wp-json\/wp\/v2\/media\/79754385"}],"wp:attachment":[{"href":"https:\/\/faculdade.grancursosonline.com.br\/blog\/wp-json\/wp\/v2\/media?parent=79754355"}],"wp:term":[{"taxonomy":"category","embeddable":true,"href":"https:\/\/faculdade.grancursosonline.com.br\/blog\/wp-json\/wp\/v2\/categories?post=79754355"},{"taxonomy":"post_tag","embeddable":true,"href":"https:\/\/faculdade.grancursosonline.com.br\/blog\/wp-json\/wp\/v2\/tags?post=79754355"}],"curies":[{"name":"wp","href":"https:\/\/api.w.org\/{rel}","templated":true}]}}