{"id":79754521,"date":"2025-06-03T18:26:11","date_gmt":"2025-06-03T21:26:11","guid":{"rendered":"https:\/\/faculdade.grancursosonline.com.br\/blog\/?p=79754521"},"modified":"2025-06-04T15:55:37","modified_gmt":"2025-06-04T18:55:37","slug":"edital-enade-2025","status":"publish","type":"post","link":"https:\/\/faculdade.grancursosonline.com.br\/blog\/edital-enade-2025\/","title":{"rendered":"Edital Enade 2025: confira todas as informa\u00e7\u00f5es!"},"content":{"rendered":"\n<p>O Instituto Nacional de Estudos e Pesquisas Educacionais An\u00edsio Teixeira (Inep) divulgou o edital do Enade 2025. O exame \u00e9 importante para avaliar o rendimento dos estudantes de cursos superiores em todo o pa\u00eds. Ele tamb\u00e9m \u00e9 componente obrigat\u00f3rio para a conclus\u00e3o da gradua\u00e7\u00e3o.<\/p>\n\n\n\n<p>O edital traz detalhes importantes sobre prazos, inscri\u00e7\u00f5es e cronograma das provas. As avalia\u00e7\u00f5es ser\u00e3o aplicadas conforme a modalidade e \u00e1rea do curso. Ficar atento \u00e0s datas \u00e9 fundamental para n\u00e3o perder nenhuma etapa.<\/p>\n\n\n\n<p>Acompanhe o post, ou navegue pelo \u00edndice se preferir:<\/p>\n\n\n\n<ul class=\"wp-block-list\">\n<li><a href=\"#h-o-que-e-o-enade\">O que \u00e9 o Enade?<\/a><\/li>\n\n\n\n<li><a href=\"#h-quando-sai-o-edital-do-enade-2025\">Quando sai o edital do Enade 2025?<\/a><\/li>\n\n\n\n<li><a href=\"#h-quem-vai-fazer-o-enade-2025\">Quem vai fazer o Enade 2025?<\/a><\/li>\n\n\n\n<li><a href=\"#h-quais-cursos-participam-do-enade-2025\">Quais cursos participam do Enade 2025?<\/a><\/li>\n\n\n\n<li><a href=\"#h-onde-acessar-o-edital-do-enade-2025\">Onde acessar o edital do Enade 2025?<\/a><\/li>\n\n\n\n<li><a href=\"#h-e-obrigatorio-fazer-o-enade-2025\">\u00c9 obrigat\u00f3rio fazer o Enade 2025?<\/a><\/li>\n\n\n\n<li><a href=\"#h-qual-a-data-da-prova-do-enade-2025\">Qual a data da prova do Enade 2025?<\/a><\/li>\n\n\n\n<li><a href=\"#h-o-enade-reprova-o-aluno\">O Enade reprova o aluno?<\/a><\/li>\n\n\n\n<li><a href=\"#h-como-funciona-a-inscricao-no-enade-2025\">Como funciona a inscri\u00e7\u00e3o no Enade 2025?<\/a><\/li>\n<\/ul>\n\n\n\n<div class=\"wp-block-columns is-layout-flex wp-container-core-columns-is-layout-9d6595d7 wp-block-columns-is-layout-flex\">\n<div class=\"wp-block-column is-layout-flow wp-block-column-is-layout-flow\" style=\"flex-basis:100%\"><div class=\"wp-block-image\">\n<figure class=\"aligncenter size-full\"><a href=\"https:\/\/whatsapp.com\/channel\/0029VaG1sChI7Be7PNndhL43\" target=\"_blank\" rel=\"noopener\"><img decoding=\"async\" src=\"https:\/\/blog-es-static.infra.grancursosonline.com.br\/wp-content\/uploads\/2025\/09\/09112354\/banner-wp-600x142-80.webp\" alt=\"Acesse o canal do WhatsApp da Gran Faculdade\" class=\"wp-image-79751904\"\/><\/a><\/figure>\n<\/div><\/div>\n<\/div>\n\n\n\n<h2 class=\"wp-block-heading\" id=\"h-o-que-e-o-enade\"><strong>O que \u00e9 o Enade?<\/strong><\/h2>\n\n\n\n<p>Voc\u00ea j\u00e1 ouviu falar no Enade, mas n\u00e3o sabe exatamente o que \u00e9? Fica tranquilo, que eu te explico de forma simples. O Enade \u00e9 o Exame Nacional de Desempenho dos Estudantes, feito por alunos do ensino superior.<\/p>\n\n\n\n<p>Ele serve para avaliar o quanto os estudantes aprenderam ao longo do curso. Isso ajuda o governo a entender a qualidade das faculdades e universidades do Brasil. Ou seja, \u00e9 uma forma de medir como anda o ensino superior por aqui.<\/p>\n\n\n\n<p>Se voc\u00ea est\u00e1 perto de se formar, \u00e9 bom ficar ligado! Fazer o Enade \u00e9 obrigat\u00f3rio para concluir o curso e colar grau. Mesmo que a nota n\u00e3o v\u00e1 para o seu curr\u00edculo, a participa\u00e7\u00e3o \u00e9 levada a s\u00e9rio.<\/p>\n\n\n\n<h2 class=\"wp-block-heading\" id=\"h-quando-sai-o-edital-do-enade-2025\"><strong>Quando sai o edital do Enade 2025?<\/strong><br><\/h2>\n\n\n\n<p>O edital do Enade foi publicado no \u00faltimo dia 30 de maio no Di\u00e1rio Oficial da Uni\u00e3o (DOU).<br><\/p>\n\n\n\n<h2 class=\"wp-block-heading\" id=\"h-quem-vai-fazer-o-enade-2025\"><strong>Quem vai fazer o Enade 2025?<\/strong><br><\/h2>\n\n\n\n<p>\u2705 Estudantes <strong>concluintes de cursos de gradua\u00e7\u00e3o<\/strong> nas seguintes modalidades:<\/p>\n\n\n\n<ul class=\"wp-block-list\">\n<li><strong>Licenciatura;<\/strong><strong><br><\/strong><\/li>\n\n\n\n<li><strong>Bacharelado;<\/strong><strong><br><\/strong><\/li>\n\n\n\n<li><strong>Tecnologia.<\/strong><strong><br><\/strong><\/li>\n<\/ul>\n\n\n\n<p>\u2705 Requisitos por modalidade:<\/p>\n\n\n\n<ul class=\"wp-block-list\">\n<li><strong>Licenciatura<\/strong>: ter cumprido 80% ou mais da carga hor\u00e1ria e n\u00e3o ter colado grau at\u00e9 a data limite, ou previs\u00e3o de conclus\u00e3o at\u00e9 julho de 2026;<br><\/li>\n\n\n\n<li><strong>Bacharelado<\/strong>: os mesmos crit\u00e9rios da licenciatura;<br><\/li>\n\n\n\n<li><strong>Tecnologia<\/strong>: ter cumprido 75% ou mais da carga hor\u00e1ria e n\u00e3o ter colado grau at\u00e9 31 de agosto de 2025, ou previs\u00e3o de conclus\u00e3o at\u00e9 dezembro de 2025;<br><\/li>\n\n\n\n<li><strong>Medicina<\/strong>: far\u00e1 o Enamed, agendado para 19 de outubro de 2025.<br><\/li>\n<\/ul>\n\n\n\n<p>\ud83d\udccc As <strong>institui\u00e7\u00f5es de ensino<\/strong> s\u00e3o respons\u00e1veis pela inscri\u00e7\u00e3o dos alunos habilitados e pela comunica\u00e7\u00e3o sobre a participa\u00e7\u00e3o no exame. A realiza\u00e7\u00e3o do Enade \u00e9 obrigat\u00f3ria para colar grau e concluir o curso.<\/p>\n\n\n\n<h2 class=\"wp-block-heading\" id=\"h-quais-cursos-participam-do-enade-2025\"><strong>Quais cursos participam do Enade 2025?<\/strong><br><\/h2>\n\n\n\n<p>De acordo com o Edital Enade 2025, publicado no dia 30 de maio, os cursos avaliados na edi\u00e7\u00e3o deste ano, s\u00e3o:<\/p>\n\n\n\n<p>Os cursos de licenciatura:<\/p>\n\n\n\n<ul class=\"wp-block-list\">\n<li>Artes Visuais;<\/li>\n\n\n\n<li>Ci\u00eancias Biol\u00f3gicas;<\/li>\n\n\n\n<li>Ci\u00eancias Sociais;<\/li>\n\n\n\n<li>Computa\u00e7\u00e3o;<\/li>\n\n\n\n<li>Educa\u00e7\u00e3o F\u00edsica;<\/li>\n\n\n\n<li>Filosofia;<\/li>\n\n\n\n<li>F\u00edsica;<\/li>\n\n\n\n<li>Geografia;<\/li>\n\n\n\n<li>Hist\u00f3ria;<\/li>\n\n\n\n<li>Letras \u2013 Ingl\u00eas;<\/li>\n\n\n\n<li>Letras \u2013 Portugu\u00eas;<\/li>\n\n\n\n<li>Letras \u2013 Portugu\u00eas e Espanhol;<\/li>\n\n\n\n<li>Letras \u2013 Portugu\u00eas e Ingl\u00eas;<\/li>\n\n\n\n<li>Matem\u00e1tica;<\/li>\n\n\n\n<li>M\u00fasica;<\/li>\n\n\n\n<li>Pedagogia;<\/li>\n\n\n\n<li>Qu\u00edmica.<\/li>\n<\/ul>\n\n\n\n<p>Cursos de bacharelado:<\/p>\n\n\n\n<ul class=\"wp-block-list\">\n<li>Administra\u00e7\u00e3o;<\/li>\n\n\n\n<li>Ci\u00eancias Cont\u00e1beis;<\/li>\n\n\n\n<li>Ci\u00eancias Econ\u00f4micas;<\/li>\n\n\n\n<li>Design;<\/li>\n\n\n\n<li>Direito;<\/li>\n\n\n\n<li>Jornalismo;<\/li>\n\n\n\n<li>Medicina;<\/li>\n\n\n\n<li>Psicologia;<\/li>\n\n\n\n<li>Publicidade e propagando;<\/li>\n\n\n\n<li>Rela\u00e7\u00f5es internacionais<\/li>\n<\/ul>\n\n\n\n<p>E os de tecn\u00f3logos:<\/p>\n\n\n\n<ul class=\"wp-block-list\">\n<li>Design Gr\u00e1fico;<\/li>\n\n\n\n<li>Gest\u00e3o Comercial;<\/li>\n\n\n\n<li>Gest\u00e3o de Recursos Humanos;<\/li>\n\n\n\n<li>Gest\u00e3o Financeira;<\/li>\n\n\n\n<li>Gest\u00e3o P\u00fablica;<\/li>\n\n\n\n<li>Log\u00edstica;<\/li>\n\n\n\n<li>Marketing;<\/li>\n\n\n\n<li>Processos Gerenciais.<\/li>\n<\/ul>\n\n\n\n<h2 class=\"wp-block-heading\" id=\"h-onde-acessar-o-edital-do-enade-2025\"><strong>Onde acessar o edital do Enade 2025?<\/strong><br><\/h2>\n\n\n\n<p>O edital do Enade foi publicado pelo Inep na sexta-feira (30 de maio) e pode ser acessado <a href=\"https:\/\/www.in.gov.br\/en\/web\/dou\/-\/edital-n-57-de-29-de-maio-de-2025-633123690\">clicando aqui<\/a>!<br><\/p>\n\n\n\n<h2 class=\"wp-block-heading\" id=\"h-e-obrigatorio-fazer-o-enade-2025\"><strong>\u00c9 obrigat\u00f3rio fazer o Enade 2025?<\/strong><br><\/h2>\n\n\n\n<p>Sim, o Enade \u00e9 obrigat\u00f3rio para quem for selecionado. Se o estudante n\u00e3o fizer a prova ou n\u00e3o preencher o question\u00e1rio, n\u00e3o poder\u00e1 pegar o diploma.<\/p>\n\n\n\n<p>Se voc\u00ea estiver habilitado e n\u00e3o participar do Enade, infelizmente, n\u00e3o poder\u00e1 concluir oficialmente o curso. A participa\u00e7\u00e3o \u00e9 registrada e exigida por lei.<\/p>\n\n\n\n<p>Mas nem todos fazem o Enade todo ano. \u00c9 preciso ver se seu curso est\u00e1 no ciclo avaliativo e se voc\u00ea se encaixa como ingressante ou concluinte. Fale com o coordenador para ter certeza.<\/p>\n\n\n\n<h2 class=\"wp-block-heading\" id=\"h-qual-a-data-da-prova-do-enade-2025\"><strong>Qual a data da prova do Enade 2025?<\/strong><br><\/h2>\n\n\n\n<p>As provas do Enade 2025 ter\u00e3o datas de aplica\u00e7\u00e3o diferentes para cada grupo de cursos avaliados, confira:<\/p>\n\n\n\n<ul class=\"wp-block-list\">\n<li><strong>Medicina (Enamed)<\/strong>: a prova ser\u00e1 aplicada em <strong>19 de outubro de 2025<\/strong>;<br><\/li>\n\n\n\n<li><strong>Licenciaturas (Prova Nacional Docente)<\/strong>: acontece em <strong>26 de outubro de 2025<\/strong>;<br><\/li>\n\n\n\n<li><strong>Bacharelados e cursos superiores de tecnologia<\/strong>: a aplica\u00e7\u00e3o ser\u00e1 em <strong>23 de novembro de 2025<\/strong>.<\/li>\n<\/ul>\n\n\n\n<h2 class=\"wp-block-heading\" id=\"h-o-enade-reprova-o-aluno\"><strong>O Enade reprova o aluno?<\/strong><br><\/h2>\n\n\n\n<p>N\u00e3o, o Enade n\u00e3o reprova o aluno.<\/p>\n\n\n\n<p>A nota do Enade n\u00e3o interfere diretamente no seu hist\u00f3rico escolar nem serve para aprova\u00e7\u00e3o ou reprova\u00e7\u00e3o na gradua\u00e7\u00e3o. O que realmente importa \u00e9 participar do exame e preencher o question\u00e1rio \u2014 isso sim \u00e9 obrigat\u00f3rio.<\/p>\n\n\n\n<p>Se voc\u00ea for habilitado e n\u00e3o comparecer sem justificativa, a\u00ed sim pode ter problemas: n\u00e3o poder\u00e1 colar grau nem receber o diploma at\u00e9 regularizar a situa\u00e7\u00e3o.<\/p>\n\n\n\n<h2 class=\"wp-block-heading\" id=\"h-como-funciona-a-inscricao-no-enade-2025\"><strong>Como funciona a inscri\u00e7\u00e3o no Enade 2025?<\/strong><br><\/h2>\n\n\n\n<p>A inscri\u00e7\u00e3o do Enade \u00e9 de responsabilidade das institui\u00e7\u00f5es de ensino superior. Cada coordenador deve cadastrar os estudantes habilitados no sistema Enade.&nbsp;<\/p>\n\n\n\n<p>Para os estudantes de medicina, a inscri\u00e7\u00e3o no Exame Nacional de Avalia\u00e7\u00e3o da Forma\u00e7\u00e3o M\u00e9dica (Enamed) deve ser realizada pelo pr\u00f3prio aluno, no per\u00edodo de 7 a 18 de julho de 2025, por meio do Sistema Enamed. Durante esse per\u00edodo, os estudantes tamb\u00e9m poder\u00e3o solicitar atendimento especializado, se necess\u00e1rio.<\/p>\n\n\n\n<p>\u00c9 importante que os estudantes verifiquem com anteced\u00eancia se est\u00e3o habilitados a participar do Enade 2025, consultando o coordenador do curso ou a secretaria da IES. A participa\u00e7\u00e3o no exame \u00e9 obrigat\u00f3ria para a conclus\u00e3o do curso e emiss\u00e3o do diploma.<\/p>\n\n\n\n<div class=\"wp-block-group has-background\" style=\"background-color:#8dd2fc7a\"><div class=\"wp-block-group__inner-container is-layout-constrained wp-block-group-is-layout-constrained\">\n<p><strong>Outras not\u00edcias em destaque:<\/strong><\/p>\n\n\n\n<ul class=\"wp-block-list\">\n<li><a href=\"https:\/\/blog.grancursosonline.com.br\/o-que-e-inep\/\" target=\"_blank\" rel=\"noopener\">Inep: o que \u00e9, para que serve, site e principais programas!<\/a> <\/li>\n\n\n\n<li><a href=\"https:\/\/blog.grancursosonline.com.br\/como-saber-faculdade-reconhecida-mec\/\" target=\"_blank\" rel=\"noopener\">Como saber se a Faculdade \u00e9 reconhecida pelo MEC?<\/a> <\/li>\n\n\n\n<li><a href=\"https:\/\/faculdade.grancursosonline.com.br\/blog\/enade\/\" target=\"_blank\" rel=\"noreferrer noopener\">Enade: o que \u00e9 e quem deve fazer? Veja o edital Enade 2025!<\/a><\/li>\n<\/ul>\n<\/div><\/div>\n\n\n\n<h2 class=\"wp-block-heading\" id=\"h-conheca-os-cursos-da-gran-faculdade\">Conhe\u00e7a os cursos da Gran Faculdade!<\/h2>\n\n\n\n<p>Na <a href=\"https:\/\/faculdade.grancursosonline.com.br\/\" target=\"_blank\" rel=\"noreferrer noopener\">Gran Faculdade<\/a>, voc\u00ea encontra diversas op\u00e7\u00f5es para sua forma\u00e7\u00e3o, desde cursos de <a href=\"https:\/\/faculdade.grancursosonline.com.br\/\" target=\"_blank\" rel=\"noreferrer noopener\">gradua\u00e7\u00e3o<\/a> at\u00e9 <a href=\"https:\/\/pos.grancursosonline.com.br\/\" target=\"_blank\" rel=\"noreferrer noopener\">especializa\u00e7\u00f5es<\/a> e <a href=\"https:\/\/pos.grancursosonline.com.br\/mba\" target=\"_blank\" rel=\"noreferrer noopener\">MBAs<\/a>, com a flexibilidade e qualidade que voc\u00ea precisa para avan\u00e7ar na sua carreira.<\/p>\n\n\n\n<p>Nossos cursos de <a href=\"https:\/\/faculdade.grancursosonline.com.br\/\" target=\"_blank\" rel=\"noreferrer noopener\">gradua\u00e7\u00e3o<\/a> e <a href=\"https:\/\/pos.grancursosonline.com.br\/\" target=\"_blank\" rel=\"noreferrer noopener\">p\u00f3s-gradua\u00e7\u00e3o EAD<\/a> s\u00e3o 100% online, mas tamb\u00e9m oferecemos op\u00e7\u00f5es de <a href=\"https:\/\/presencial.grancursosonline.com.br\/\" target=\"_blank\" rel=\"noreferrer noopener\">cursos presenciais no Campus Curitiba<\/a>, permitindo que voc\u00ea estude de forma pr\u00e1tica e no seu ritmo e do seu jeito, otimizando tamb\u00e9m a prepara\u00e7\u00e3o para concursos p\u00fablicos. Eles oferecem uma base s\u00f3lida para sua atua\u00e7\u00e3o profissional e te ajudam a se destacar ainda mais no mercado.<\/p>\n\n\n\n<p>S\u00e3o v\u00e1rias op\u00e7\u00f5es de cursos nas \u00e1reas de Gest\u00e3o, Educa\u00e7\u00e3o, Direito, Policial, Tecnologia e Engenharia. Aqui, voc\u00ea estuda em uma institui\u00e7\u00e3o reconhecida pelo MEC com nota m\u00e1xima, aproveitando mensalidades acess\u00edveis e ajustadas \u00e0 sua rotina.<\/p>\n\n\n\n<p>N\u00e3o perca a chance de transformar sua vida acad\u00eamica e profissional! Confira nossos cursos, fa\u00e7a sua matr\u00edcula e comece hoje mesmo sua jornada com o Gran Faculdade:<\/p>\n\n\n\n<p class=\"has-text-align-center\"><a href=\"https:\/\/faculdade.grancursosonline.com.br\/\" target=\"_blank\" rel=\"noreferrer noopener\">Conhe\u00e7a os cursos da Gran Faculdade<\/a><\/p>\n\n\n\n<div class=\"wp-block-group\"><div class=\"wp-block-group__inner-container is-layout-constrained wp-block-group-is-layout-constrained\">\n<div class=\"wp-block-group\"><div class=\"wp-block-group__inner-container is-layout-constrained wp-block-group-is-layout-constrained\">\n<section style=\"text-align: center;\">\n<p>Quer ficar por dentro da Faculdade Digital mais inovadora do Brasil?<\/p>\n<nav>\n<p class=\"has-background has-dark-bluish-background-color\" style=\"font-size: 25px; text-align: center; background: #f0f0f0; color: #ffffff; padding: 4px 0px 4xp 0px;\"><a style=\"color: #0d134c; text-decoration: underline;\" href=\"https:\/\/faculdade.grancursosonline.com.br\/\" target=\"_blank\" rel=\"noopener\">GRADUA\u00c7\u00c3O<\/a><\/p>\n<p class=\"has-background has-dark-bluish-background-color\" style=\"font-size: 25px; text-align: center; background: #f0f0f0; color: #ffffff; padding: 4px 0px 4xp 0px;\"><a style=\"color: #0d134c; text-decoration: underline;\" href=\"https:\/\/pos.grancursosonline.com.br\/\" target=\"_blank\" rel=\"noopener\">P\u00d3S-GRADUA\u00c7\u00c3O<\/a><\/p>\n<p class=\"has-background has-dark-bluish-background-color\" style=\"font-size: 25px; text-align: center; background: #f0f0f0; color: #ffffff; padding: 4px 0px 4xp 0px;\"><a style=\"color: #0d134c; text-decoration: underline;\" href=\"https:\/\/faculdade.grancursosonline.com.br\/nossos-cursos\/\" target=\"_blank\" rel=\"noopener\">TUDO SOBRE A GRAN FACULDADE<\/a><\/p>\n<\/nav>\n<p><strong>Receba <span style=\"color: #cf1e25;\">gratuitamente<\/span> no seu celular as principais not\u00edcias sobre a Gran Faculdade! <br \/>Clique no link abaixo e inscreva-se:<\/strong><\/p>\n<p class=\"has-background has-dark-bluish-background-color\" style=\"font-size: 25px; text-align: center; background: #f0f0f0; color: #ffffff; padding: 4px 0px 4xp 0px;\"><a style=\"color: #0d134c; text-decoration: underline;\" href=\"https:\/\/whatsapp.com\/channel\/0029VaG1sChI7Be7PNndhL43\" target=\"_blank\" rel=\"noopener noreferrer\">WHATSAPP<\/a><\/p>\n<p class=\"has-background has-dark-bluish-background-color\" style=\"font-size: 25px; text-align: center; background: #f0f0f0; color: #ffffff; padding: 4px 0px 4xp 0px;\"><a style=\"color: #0d134c; text-decoration: underline;\" href=\"https:\/\/t.me\/GranFaculdade\" target=\"_blank\" rel=\"noopener noreferrer\">TELEGRAM<\/a><\/p>\n<\/section>\n<\/div><\/div>\n<\/div><\/div>\n","protected":false},"excerpt":{"rendered":"<p>O Instituto Nacional de Estudos e Pesquisas Educacionais An\u00edsio Teixeira (Inep) divulgou o edital do Enade 2025. O exame \u00e9 importante para avaliar o rendimento dos estudantes de cursos superiores em todo o pa\u00eds. Ele tamb\u00e9m \u00e9 componente obrigat\u00f3rio para a conclus\u00e3o da gradua\u00e7\u00e3o. O edital traz detalhes importantes sobre prazos, inscri\u00e7\u00f5es e cronograma das&hellip;<\/p>\n","protected":false},"author":514,"featured_media":79754547,"comment_status":"open","ping_status":"open","sticky":false,"template":"","format":"standard","meta":{"_acf_changed":false,"content-type":"","footnotes":""},"categories":[219790,218545,2],"tags":[],"class_list":["post-79754521","post","type-post","status-publish","format-standard","has-post-thumbnail","hentry","category-graduacao-ead","category-graduacao","category-ultimas-noticias"],"acf":[],"yoast_head":"<!-- This site is optimized with the Yoast SEO Premium plugin v27.2 (Yoast SEO v27.2) - https:\/\/yoast.com\/product\/yoast-seo-premium-wordpress\/ -->\n<title>Edital Enade 2025: confira todas as informa\u00e7\u00f5es!<\/title>\n<meta name=\"description\" content=\"O Edital Enade 2025 traz tudo o que voc\u00ea precisa saber sobre datas, cursos participantes e regras obrigat\u00f3rias. Fique por dentro dos detalhes!\" \/>\n<meta name=\"robots\" content=\"index, follow, max-snippet:-1, max-image-preview:large, max-video-preview:-1\" \/>\n<link rel=\"canonical\" href=\"https:\/\/faculdade.grancursosonline.com.br\/blog\/edital-enade-2025\/\" \/>\n<meta property=\"og:locale\" content=\"pt_BR\" \/>\n<meta property=\"og:type\" content=\"article\" \/>\n<meta property=\"og:title\" content=\"Edital Enade 2025: confira todas as informa\u00e7\u00f5es!\" \/>\n<meta property=\"og:description\" content=\"O Edital Enade 2025 traz tudo o que voc\u00ea precisa saber sobre datas, cursos participantes e regras obrigat\u00f3rias. Fique por dentro dos detalhes!\" \/>\n<meta property=\"og:url\" content=\"https:\/\/faculdade.grancursosonline.com.br\/blog\/edital-enade-2025\/\" \/>\n<meta property=\"og:site_name\" content=\"Blog Gran Faculdade\" \/>\n<meta property=\"article:publisher\" content=\"https:\/\/www.facebook.com\/grancursosonline\/\" \/>\n<meta property=\"article:published_time\" content=\"2025-06-03T21:26:11+00:00\" \/>\n<meta property=\"article:modified_time\" content=\"2025-06-04T18:55:37+00:00\" \/>\n<meta property=\"og:image\" content=\"https:\/\/blog-es-static.infra.grancursosonline.com.br\/wp-content\/uploads\/2025\/06\/04155514\/edital-Enade-2025.jpg\" \/>\n\t<meta property=\"og:image:width\" content=\"511\" \/>\n\t<meta property=\"og:image:height\" content=\"311\" \/>\n\t<meta property=\"og:image:type\" content=\"image\/jpeg\" \/>\n<meta name=\"author\" content=\"Guilherme Henrique\" \/>\n<meta name=\"twitter:card\" content=\"summary_large_image\" \/>\n<meta name=\"twitter:creator\" content=\"@gran_online\" \/>\n<meta name=\"twitter:site\" content=\"@gran_online\" \/>\n<meta name=\"twitter:label1\" content=\"Written by\" \/>\n\t<meta name=\"twitter:data1\" content=\"Guilherme Henrique\" \/>\n\t<meta name=\"twitter:label2\" content=\"Est. reading time\" \/>\n\t<meta name=\"twitter:data2\" content=\"21 minutos\" \/>\n<script type=\"application\/ld+json\" class=\"yoast-schema-graph\">{\"@context\":\"https:\/\/schema.org\",\"@graph\":[{\"@type\":\"NewsArticle\",\"@id\":\"https:\/\/faculdade.grancursosonline.com.br\/blog\/edital-enade-2025\/#article\",\"isPartOf\":{\"@id\":\"https:\/\/faculdade.grancursosonline.com.br\/blog\/edital-enade-2025\/\"},\"author\":{\"name\":\"Guilherme Henrique\",\"@id\":\"https:\/\/faculdade.grancursosonline.com.br\/blog\/#\/schema\/person\/9745f9b6db8976613c1f439dbcfe717d\"},\"headline\":\"Edital Enade 2025: confira todas as informa\u00e7\u00f5es!\",\"datePublished\":\"2025-06-03T21:26:11+00:00\",\"dateModified\":\"2025-06-04T18:55:37+00:00\",\"mainEntityOfPage\":{\"@id\":\"https:\/\/faculdade.grancursosonline.com.br\/blog\/edital-enade-2025\/\"},\"wordCount\":980,\"commentCount\":0,\"publisher\":{\"@id\":\"https:\/\/faculdade.grancursosonline.com.br\/blog\/#organization\"},\"image\":{\"@id\":\"https:\/\/faculdade.grancursosonline.com.br\/blog\/edital-enade-2025\/#primaryimage\"},\"thumbnailUrl\":\"https:\/\/blog-es-static.infra.grancursosonline.com.br\/wp-content\/uploads\/2025\/06\/04155450\/edital-Enade-2025-2.jpg\",\"articleSection\":[\"Gradua\u00e7\u00e3o EAD\",\"Gradua\u00e7\u00e3o Gran Faculdade\",\"\u00daltimas Not\u00edcias\"],\"inLanguage\":\"pt-BR\",\"potentialAction\":[{\"@type\":\"CommentAction\",\"name\":\"Comment\",\"target\":[\"https:\/\/faculdade.grancursosonline.com.br\/blog\/edital-enade-2025\/#respond\"]}],\"copyrightYear\":\"2025\",\"copyrightHolder\":{\"@id\":\"https:\/\/faculdade.grancursosonline.com.br\/blog\/#organization\"}},{\"@type\":\"WebPage\",\"@id\":\"https:\/\/faculdade.grancursosonline.com.br\/blog\/edital-enade-2025\/\",\"url\":\"https:\/\/faculdade.grancursosonline.com.br\/blog\/edital-enade-2025\/\",\"name\":\"Edital Enade 2025: confira todas as informa\u00e7\u00f5es!\",\"isPartOf\":{\"@id\":\"https:\/\/faculdade.grancursosonline.com.br\/blog\/#website\"},\"primaryImageOfPage\":{\"@id\":\"https:\/\/faculdade.grancursosonline.com.br\/blog\/edital-enade-2025\/#primaryimage\"},\"image\":{\"@id\":\"https:\/\/faculdade.grancursosonline.com.br\/blog\/edital-enade-2025\/#primaryimage\"},\"thumbnailUrl\":\"https:\/\/blog-es-static.infra.grancursosonline.com.br\/wp-content\/uploads\/2025\/06\/04155450\/edital-Enade-2025-2.jpg\",\"datePublished\":\"2025-06-03T21:26:11+00:00\",\"dateModified\":\"2025-06-04T18:55:37+00:00\",\"description\":\"O Edital Enade 2025 traz tudo o que voc\u00ea precisa saber sobre datas, cursos participantes e regras obrigat\u00f3rias. Fique por dentro dos detalhes!\",\"breadcrumb\":{\"@id\":\"https:\/\/faculdade.grancursosonline.com.br\/blog\/edital-enade-2025\/#breadcrumb\"},\"inLanguage\":\"pt-BR\",\"potentialAction\":[{\"@type\":\"ReadAction\",\"target\":[\"https:\/\/faculdade.grancursosonline.com.br\/blog\/edital-enade-2025\/\"]}]},{\"@type\":\"ImageObject\",\"inLanguage\":\"pt-BR\",\"@id\":\"https:\/\/faculdade.grancursosonline.com.br\/blog\/edital-enade-2025\/#primaryimage\",\"url\":\"https:\/\/blog-es-static.infra.grancursosonline.com.br\/wp-content\/uploads\/2025\/06\/04155450\/edital-Enade-2025-2.jpg\",\"contentUrl\":\"https:\/\/blog-es-static.infra.grancursosonline.com.br\/wp-content\/uploads\/2025\/06\/04155450\/edital-Enade-2025-2.jpg\",\"width\":1001,\"height\":601,\"caption\":\"Edital Enade 2025: confira todas as informa\u00e7\u00f5es!\"},{\"@type\":\"BreadcrumbList\",\"@id\":\"https:\/\/faculdade.grancursosonline.com.br\/blog\/edital-enade-2025\/#breadcrumb\",\"itemListElement\":[{\"@type\":\"ListItem\",\"position\":1,\"name\":\"In\u00edcio\",\"item\":\"https:\/\/faculdade.grancursosonline.com.br\/blog\/\"},{\"@type\":\"ListItem\",\"position\":2,\"name\":\"Gradua\u00e7\u00e3o Gran Faculdade\",\"item\":\"https:\/\/faculdade.grancursosonline.com.br\/blog\/graduacao\/\"},{\"@type\":\"ListItem\",\"position\":3,\"name\":\"Gradua\u00e7\u00e3o EAD\",\"item\":\"https:\/\/faculdade.grancursosonline.com.br\/blog\/graduacao\/graduacao-ead\/\"},{\"@type\":\"ListItem\",\"position\":4,\"name\":\"Edital Enade 2025: confira todas as informa\u00e7\u00f5es!\"}]},{\"@type\":\"WebSite\",\"@id\":\"https:\/\/faculdade.grancursosonline.com.br\/blog\/#website\",\"url\":\"https:\/\/faculdade.grancursosonline.com.br\/blog\/\",\"name\":\"Blog Gran Faculdade\",\"description\":\"Tudo sobre ensino superior, p\u00f3s-gradua\u00e7\u00e3o, enem e carreira.\",\"publisher\":{\"@id\":\"https:\/\/faculdade.grancursosonline.com.br\/blog\/#organization\"},\"potentialAction\":[{\"@type\":\"SearchAction\",\"target\":{\"@type\":\"EntryPoint\",\"urlTemplate\":\"https:\/\/faculdade.grancursosonline.com.br\/blog\/?s={search_term_string}\"},\"query-input\":{\"@type\":\"PropertyValueSpecification\",\"valueRequired\":true,\"valueName\":\"search_term_string\"}}],\"inLanguage\":\"pt-BR\"},{\"@type\":\"Organization\",\"@id\":\"https:\/\/faculdade.grancursosonline.com.br\/blog\/#organization\",\"name\":\"Gran Cursos Online\",\"url\":\"https:\/\/faculdade.grancursosonline.com.br\/blog\/\",\"logo\":{\"@type\":\"ImageObject\",\"inLanguage\":\"pt-BR\",\"@id\":\"https:\/\/faculdade.grancursosonline.com.br\/blog\/#\/schema\/logo\/image\/\",\"url\":\"https:\/\/blog-es-static.infra.grancursosonline.com.br\/wp-content\/uploads\/2019\/08\/03123934\/logo.png\",\"contentUrl\":\"https:\/\/blog-es-static.infra.grancursosonline.com.br\/wp-content\/uploads\/2019\/08\/03123934\/logo.png\",\"width\":300,\"height\":57,\"caption\":\"Gran Cursos Online\"},\"image\":{\"@id\":\"https:\/\/faculdade.grancursosonline.com.br\/blog\/#\/schema\/logo\/image\/\"},\"sameAs\":[\"https:\/\/www.facebook.com\/grancursosonline\/\",\"https:\/\/x.com\/gran_online\",\"https:\/\/www.instagram.com\/grancursosonline\/\",\"https:\/\/www.youtube.com\/user\/grancursostv\"]},{\"@type\":\"Person\",\"@id\":\"https:\/\/faculdade.grancursosonline.com.br\/blog\/#\/schema\/person\/9745f9b6db8976613c1f439dbcfe717d\",\"name\":\"Guilherme Henrique\",\"url\":\"https:\/\/faculdade.grancursosonline.com.br\/blog\/author\/guilherme-lourenco\/\"}]}<\/script>\n<!-- \/ Yoast SEO Premium plugin. -->","yoast_head_json":{"title":"Edital Enade 2025: confira todas as informa\u00e7\u00f5es!","description":"O Edital Enade 2025 traz tudo o que voc\u00ea precisa saber sobre datas, cursos participantes e regras obrigat\u00f3rias. Fique por dentro dos detalhes!","robots":{"index":"index","follow":"follow","max-snippet":"max-snippet:-1","max-image-preview":"max-image-preview:large","max-video-preview":"max-video-preview:-1"},"canonical":"https:\/\/faculdade.grancursosonline.com.br\/blog\/edital-enade-2025\/","og_locale":"pt_BR","og_type":"article","og_title":"Edital Enade 2025: confira todas as informa\u00e7\u00f5es!","og_description":"O Edital Enade 2025 traz tudo o que voc\u00ea precisa saber sobre datas, cursos participantes e regras obrigat\u00f3rias. Fique por dentro dos detalhes!","og_url":"https:\/\/faculdade.grancursosonline.com.br\/blog\/edital-enade-2025\/","og_site_name":"Blog Gran Faculdade","article_publisher":"https:\/\/www.facebook.com\/grancursosonline\/","article_published_time":"2025-06-03T21:26:11+00:00","article_modified_time":"2025-06-04T18:55:37+00:00","og_image":[{"width":511,"height":311,"url":"https:\/\/blog-es-static.infra.grancursosonline.com.br\/wp-content\/uploads\/2025\/06\/04155514\/edital-Enade-2025.jpg","type":"image\/jpeg"}],"author":"Guilherme Henrique","twitter_card":"summary_large_image","twitter_creator":"@gran_online","twitter_site":"@gran_online","twitter_misc":{"Written by":"Guilherme Henrique","Est. reading time":"21 minutos"},"schema":{"@context":"https:\/\/schema.org","@graph":[{"@type":"NewsArticle","@id":"https:\/\/faculdade.grancursosonline.com.br\/blog\/edital-enade-2025\/#article","isPartOf":{"@id":"https:\/\/faculdade.grancursosonline.com.br\/blog\/edital-enade-2025\/"},"author":{"name":"Guilherme Henrique","@id":"https:\/\/faculdade.grancursosonline.com.br\/blog\/#\/schema\/person\/9745f9b6db8976613c1f439dbcfe717d"},"headline":"Edital Enade 2025: confira todas as informa\u00e7\u00f5es!","datePublished":"2025-06-03T21:26:11+00:00","dateModified":"2025-06-04T18:55:37+00:00","mainEntityOfPage":{"@id":"https:\/\/faculdade.grancursosonline.com.br\/blog\/edital-enade-2025\/"},"wordCount":980,"commentCount":0,"publisher":{"@id":"https:\/\/faculdade.grancursosonline.com.br\/blog\/#organization"},"image":{"@id":"https:\/\/faculdade.grancursosonline.com.br\/blog\/edital-enade-2025\/#primaryimage"},"thumbnailUrl":"https:\/\/blog-es-static.infra.grancursosonline.com.br\/wp-content\/uploads\/2025\/06\/04155450\/edital-Enade-2025-2.jpg","articleSection":["Gradua\u00e7\u00e3o EAD","Gradua\u00e7\u00e3o Gran Faculdade","\u00daltimas Not\u00edcias"],"inLanguage":"pt-BR","potentialAction":[{"@type":"CommentAction","name":"Comment","target":["https:\/\/faculdade.grancursosonline.com.br\/blog\/edital-enade-2025\/#respond"]}],"copyrightYear":"2025","copyrightHolder":{"@id":"https:\/\/faculdade.grancursosonline.com.br\/blog\/#organization"}},{"@type":"WebPage","@id":"https:\/\/faculdade.grancursosonline.com.br\/blog\/edital-enade-2025\/","url":"https:\/\/faculdade.grancursosonline.com.br\/blog\/edital-enade-2025\/","name":"Edital Enade 2025: confira todas as informa\u00e7\u00f5es!","isPartOf":{"@id":"https:\/\/faculdade.grancursosonline.com.br\/blog\/#website"},"primaryImageOfPage":{"@id":"https:\/\/faculdade.grancursosonline.com.br\/blog\/edital-enade-2025\/#primaryimage"},"image":{"@id":"https:\/\/faculdade.grancursosonline.com.br\/blog\/edital-enade-2025\/#primaryimage"},"thumbnailUrl":"https:\/\/blog-es-static.infra.grancursosonline.com.br\/wp-content\/uploads\/2025\/06\/04155450\/edital-Enade-2025-2.jpg","datePublished":"2025-06-03T21:26:11+00:00","dateModified":"2025-06-04T18:55:37+00:00","description":"O Edital Enade 2025 traz tudo o que voc\u00ea precisa saber sobre datas, cursos participantes e regras obrigat\u00f3rias. Fique por dentro dos detalhes!","breadcrumb":{"@id":"https:\/\/faculdade.grancursosonline.com.br\/blog\/edital-enade-2025\/#breadcrumb"},"inLanguage":"pt-BR","potentialAction":[{"@type":"ReadAction","target":["https:\/\/faculdade.grancursosonline.com.br\/blog\/edital-enade-2025\/"]}]},{"@type":"ImageObject","inLanguage":"pt-BR","@id":"https:\/\/faculdade.grancursosonline.com.br\/blog\/edital-enade-2025\/#primaryimage","url":"https:\/\/blog-es-static.infra.grancursosonline.com.br\/wp-content\/uploads\/2025\/06\/04155450\/edital-Enade-2025-2.jpg","contentUrl":"https:\/\/blog-es-static.infra.grancursosonline.com.br\/wp-content\/uploads\/2025\/06\/04155450\/edital-Enade-2025-2.jpg","width":1001,"height":601,"caption":"Edital Enade 2025: confira todas as informa\u00e7\u00f5es!"},{"@type":"BreadcrumbList","@id":"https:\/\/faculdade.grancursosonline.com.br\/blog\/edital-enade-2025\/#breadcrumb","itemListElement":[{"@type":"ListItem","position":1,"name":"In\u00edcio","item":"https:\/\/faculdade.grancursosonline.com.br\/blog\/"},{"@type":"ListItem","position":2,"name":"Gradua\u00e7\u00e3o Gran Faculdade","item":"https:\/\/faculdade.grancursosonline.com.br\/blog\/graduacao\/"},{"@type":"ListItem","position":3,"name":"Gradua\u00e7\u00e3o EAD","item":"https:\/\/faculdade.grancursosonline.com.br\/blog\/graduacao\/graduacao-ead\/"},{"@type":"ListItem","position":4,"name":"Edital Enade 2025: confira todas as informa\u00e7\u00f5es!"}]},{"@type":"WebSite","@id":"https:\/\/faculdade.grancursosonline.com.br\/blog\/#website","url":"https:\/\/faculdade.grancursosonline.com.br\/blog\/","name":"Blog Gran Faculdade","description":"Tudo sobre ensino superior, p\u00f3s-gradua\u00e7\u00e3o, enem e carreira.","publisher":{"@id":"https:\/\/faculdade.grancursosonline.com.br\/blog\/#organization"},"potentialAction":[{"@type":"SearchAction","target":{"@type":"EntryPoint","urlTemplate":"https:\/\/faculdade.grancursosonline.com.br\/blog\/?s={search_term_string}"},"query-input":{"@type":"PropertyValueSpecification","valueRequired":true,"valueName":"search_term_string"}}],"inLanguage":"pt-BR"},{"@type":"Organization","@id":"https:\/\/faculdade.grancursosonline.com.br\/blog\/#organization","name":"Gran Cursos Online","url":"https:\/\/faculdade.grancursosonline.com.br\/blog\/","logo":{"@type":"ImageObject","inLanguage":"pt-BR","@id":"https:\/\/faculdade.grancursosonline.com.br\/blog\/#\/schema\/logo\/image\/","url":"https:\/\/blog-es-static.infra.grancursosonline.com.br\/wp-content\/uploads\/2019\/08\/03123934\/logo.png","contentUrl":"https:\/\/blog-es-static.infra.grancursosonline.com.br\/wp-content\/uploads\/2019\/08\/03123934\/logo.png","width":300,"height":57,"caption":"Gran Cursos Online"},"image":{"@id":"https:\/\/faculdade.grancursosonline.com.br\/blog\/#\/schema\/logo\/image\/"},"sameAs":["https:\/\/www.facebook.com\/grancursosonline\/","https:\/\/x.com\/gran_online","https:\/\/www.instagram.com\/grancursosonline\/","https:\/\/www.youtube.com\/user\/grancursostv"]},{"@type":"Person","@id":"https:\/\/faculdade.grancursosonline.com.br\/blog\/#\/schema\/person\/9745f9b6db8976613c1f439dbcfe717d","name":"Guilherme Henrique","url":"https:\/\/faculdade.grancursosonline.com.br\/blog\/author\/guilherme-lourenco\/"}]}},"_links":{"self":[{"href":"https:\/\/faculdade.grancursosonline.com.br\/blog\/wp-json\/wp\/v2\/posts\/79754521","targetHints":{"allow":["GET"]}}],"collection":[{"href":"https:\/\/faculdade.grancursosonline.com.br\/blog\/wp-json\/wp\/v2\/posts"}],"about":[{"href":"https:\/\/faculdade.grancursosonline.com.br\/blog\/wp-json\/wp\/v2\/types\/post"}],"author":[{"embeddable":true,"href":"https:\/\/faculdade.grancursosonline.com.br\/blog\/wp-json\/wp\/v2\/users\/514"}],"replies":[{"embeddable":true,"href":"https:\/\/faculdade.grancursosonline.com.br\/blog\/wp-json\/wp\/v2\/comments?post=79754521"}],"version-history":[{"count":1,"href":"https:\/\/faculdade.grancursosonline.com.br\/blog\/wp-json\/wp\/v2\/posts\/79754521\/revisions"}],"predecessor-version":[{"id":79754523,"href":"https:\/\/faculdade.grancursosonline.com.br\/blog\/wp-json\/wp\/v2\/posts\/79754521\/revisions\/79754523"}],"wp:featuredmedia":[{"embeddable":true,"href":"https:\/\/faculdade.grancursosonline.com.br\/blog\/wp-json\/wp\/v2\/media\/79754547"}],"wp:attachment":[{"href":"https:\/\/faculdade.grancursosonline.com.br\/blog\/wp-json\/wp\/v2\/media?parent=79754521"}],"wp:term":[{"taxonomy":"category","embeddable":true,"href":"https:\/\/faculdade.grancursosonline.com.br\/blog\/wp-json\/wp\/v2\/categories?post=79754521"},{"taxonomy":"post_tag","embeddable":true,"href":"https:\/\/faculdade.grancursosonline.com.br\/blog\/wp-json\/wp\/v2\/tags?post=79754521"}],"curies":[{"name":"wp","href":"https:\/\/api.w.org\/{rel}","templated":true}]}}