{"id":79754993,"date":"2025-06-18T16:28:02","date_gmt":"2025-06-18T19:28:02","guid":{"rendered":"https:\/\/faculdade.grancursosonline.com.br\/blog\/?p=79754993"},"modified":"2025-06-18T18:20:04","modified_gmt":"2025-06-18T21:20:04","slug":"tema-redacao-enem-2025-desinformacao","status":"publish","type":"post","link":"https:\/\/faculdade.grancursosonline.com.br\/blog\/tema-redacao-enem-2025-desinformacao\/","title":{"rendered":"Tema Reda\u00e7\u00e3o Enem 2025: Papel da educa\u00e7\u00e3o no combate \u00e0 desinforma\u00e7\u00e3o"},"content":{"rendered":"\n<p>Ano ap\u00f3s ano, o <a href=\"https:\/\/faculdade.grancursosonline.com.br\/blog\/enem-exame-nacional-do-ensino-medio\/\" target=\"_blank\" rel=\"noreferrer noopener\">Exame Nacional do Ensino M\u00e9dio (Enem<\/a>), traz quest\u00f5es atuais sobre diversos problemas ou dilemas da sociedade como tema para reda\u00e7\u00e3o do Enem. Essa abordagem visa avaliar a capacidade de argumenta\u00e7\u00e3o do candidato e como ele coloca suas ideias.\u00a0<\/p>\n\n\n\n<p>Para te ajudar nesta etapa, n\u00f3s da Gran Faculdade nos adiantamos e iniciamos uma s\u00e9rie de posts focados nos poss\u00edveis temas reda\u00e7\u00e3o Enem 2025. Mapeamos assuntos relevantes da atualidade e nos pr\u00f3ximos meses voc\u00ea poder\u00e1 acompanhar aqui diversos conte\u00fados com dicas para a reda\u00e7\u00e3o do exame.<\/p>\n\n\n\n<p>Hoje, abordaremos o seguinte tema: \u201cPapel da educa\u00e7\u00e3o no combate \u00e0 desinforma\u00e7\u00e3o\u201d. No conte\u00fado voc\u00ea encontrar\u00e1 dicas pr\u00e1ticas e contexto sobre o prov\u00e1vel tema, para j\u00e1 treinar a sua escrita sobre e construir uma boa reda\u00e7\u00e3o sobre o assunto.<\/p>\n\n\n\n<p>Acompanhe o conte\u00fado na \u00edntegra, ou navegue pelo \u00edndice se preferir:&nbsp;<\/p>\n\n\n\n<ul class=\"wp-block-list\">\n<li><a href=\"#h-o-que-e-desinformacao-e-por-que-ela-e-um-problema-social\">O que \u00e9 desinforma\u00e7\u00e3o e por que ela \u00e9 um problema social?<\/a><\/li>\n\n\n\n<li><a href=\"#h-as-consequencias-da-desinformacao-na-sociedade-atual\">As consequ\u00eancias da desinforma\u00e7\u00e3o na sociedade atual<\/a><\/li>\n\n\n\n<li><a href=\"#h-o-papel-fundamental-da-educacao-no-combate-a-desinformacao\">O papel fundamental da educa\u00e7\u00e3o no combate \u00e0 desinforma\u00e7\u00e3o<\/a><\/li>\n\n\n\n<li><a href=\"#h-estrategias-educacionais-para-desenvolver-o-senso-critico\">Estrat\u00e9gias educacionais para desenvolver o senso cr\u00edtico<\/a><\/li>\n\n\n\n<li><a href=\"#h-desinformacao-e-o-enem-por-que-este-e-um-possivel-tema-redacao-enem-2025\">Desinforma\u00e7\u00e3o e o Enem: por que este \u00e9 um poss\u00edvel tema reda\u00e7\u00e3o Enem 2025?<\/a><\/li>\n\n\n\n<li><a href=\"#h-como-abordar-a-desinformacao-e-a-educacao-na-redacao-do-enem\">Como abordar a desinforma\u00e7\u00e3o e a educa\u00e7\u00e3o na reda\u00e7\u00e3o do Enem<\/a><\/li>\n\n\n\n<li><a href=\"#h-dicas-finais-para-uma-redacao-de-sucesso-sobre-desinformacao\">Dicas finais para uma reda\u00e7\u00e3o de sucesso sobre desinforma\u00e7\u00e3o<\/a><\/li>\n<\/ul>\n\n\n\n<div class=\"wp-block-columns is-layout-flex wp-container-core-columns-is-layout-9d6595d7 wp-block-columns-is-layout-flex\">\n<div class=\"wp-block-column is-layout-flow wp-block-column-is-layout-flow\" style=\"flex-basis:100%\"><div class=\"wp-block-image\">\n<figure class=\"aligncenter size-full\"><a href=\"https:\/\/whatsapp.com\/channel\/0029VaG1sChI7Be7PNndhL43\" target=\"_blank\" rel=\"noopener\"><img decoding=\"async\" src=\"https:\/\/blog-es-static.infra.grancursosonline.com.br\/wp-content\/uploads\/2025\/09\/09112354\/banner-wp-600x142-80.webp\" alt=\"Acesse o canal do WhatsApp da Gran Faculdade\" class=\"wp-image-79751904\"\/><\/a><\/figure>\n<\/div><\/div>\n<\/div>\n\n\n\n<h2 class=\"wp-block-heading\" id=\"h-o-que-e-desinformacao-e-por-que-ela-e-um-problema-social\"><strong>O que \u00e9 desinforma\u00e7\u00e3o e por que ela \u00e9 um problema social?<\/strong><br><\/h2>\n\n\n\n<p>A desinforma\u00e7\u00e3o, apelidada atualmente como &#8220;fake news&#8221;, \u00e9 a circula\u00e7\u00e3o de informa\u00e7\u00f5es falsas, criadas e espalhadas com a inten\u00e7\u00e3o de enganar as pessoas. Ela n\u00e3o \u00e9 apenas um erro, mas sim uma mentira planejada ou n\u00e3o, para manipular opini\u00f5es ou causar algum tipo de dano.<\/p>\n\n\n\n<p>Esse fen\u00f4meno se tornou um grande problema social porque mina a confian\u00e7a nas institui\u00e7\u00f5es, na imprensa e at\u00e9 mesmo nas rela\u00e7\u00f5es entre as pessoas. Quando n\u00e3o sabemos mais no que acreditar, a sociedade fica mais vulner\u00e1vel e dividida, dificultando o di\u00e1logo e a busca por solu\u00e7\u00f5es para problemas reais.<\/p>\n\n\n\n<p>Al\u00e9m disso, a desinforma\u00e7\u00e3o pode ter consequ\u00eancias graves na vida das pessoas, influenciando decis\u00f5es importantes sobre sa\u00fade, pol\u00edtica, economia e seguran\u00e7a. Ela pode espalhar p\u00e2nico, prejudicar a sa\u00fade p\u00fablica ou at\u00e9 mesmo incitar a viol\u00eancia, tornando-se uma amea\u00e7a \u00e0 estabilidade social.<\/p>\n\n\n\n<h2 class=\"wp-block-heading\" id=\"h-as-consequencias-da-desinformacao-na-sociedade-atual\"><strong>As consequ\u00eancias da desinforma\u00e7\u00e3o na sociedade atual<\/strong><\/h2>\n\n\n\n<p>A desinforma\u00e7\u00e3o n\u00e3o \u00e9 um problema te\u00f3rico, ela tem impactos muito concretos e negativos na nossa sociedade. Suas consequ\u00eancias podem ser sentidas em diversas \u00e1reas, afetando a vida de milh\u00f5es de pessoas e a pr\u00f3pria democracia.<\/p>\n\n\n\n<p>Aqui est\u00e3o algumas das principais consequ\u00eancias da desinforma\u00e7\u00e3o:<\/p>\n\n\n\n<ul class=\"wp-block-list\">\n<li><strong>Risco \u00e0 sa\u00fade p\u00fablica<\/strong>: not\u00edcias falsas sobre vacinas, tratamentos ou doen\u00e7as podem levar as pessoas a tomar decis\u00f5es perigosas para sua sa\u00fade e a de suas fam\u00edlias, comprometendo campanhas de sa\u00fade e gerando medo;<\/li>\n\n\n\n<li><strong>Polariza\u00e7\u00e3o e divis\u00e3o social<\/strong>: ao espalhar informa\u00e7\u00f5es distorcidas sobre grupos sociais, pol\u00edticos ou religiosos, a desinforma\u00e7\u00e3o intensifica conflitos, aumenta o \u00f3dio e dificulta o di\u00e1logo e a conviv\u00eancia pac\u00edfica;<\/li>\n\n\n\n<li><strong>Danos econ\u00f4micos<\/strong>: not\u00edcias falsas sobre empresas, produtos ou o mercado financeiro podem causar grandes perdas econ\u00f4micas, afetando investimentos e a confian\u00e7a dos consumidores;<\/li>\n\n\n\n<li><strong>Perda de confian\u00e7a<\/strong>: A constante exposi\u00e7\u00e3o \u00e0 desinforma\u00e7\u00e3o faz com que as pessoas percam a confian\u00e7a em fontes de informa\u00e7\u00e3o leg\u00edtimas, como a imprensa s\u00e9ria e as institui\u00e7\u00f5es de pesquisa;<\/li>\n\n\n\n<li><strong>Viol\u00eancia e intoler\u00e2ncia<\/strong>: em casos extremos, a desinforma\u00e7\u00e3o pode incitar a viol\u00eancia contra grupos espec\u00edficos, espalhar preconceitos e gerar atos de intoler\u00e2ncia.<\/li>\n<\/ul>\n\n\n\n<h2 class=\"wp-block-heading\" id=\"h-o-papel-fundamental-da-educacao-no-combate-a-desinformacao\"><strong>O papel fundamental da educa\u00e7\u00e3o no combate \u00e0 desinforma\u00e7\u00e3o<\/strong><\/h2>\n\n\n\n<p>Diante de um cen\u00e1rio onde a desinforma\u00e7\u00e3o se espalha rapidamente, a educa\u00e7\u00e3o surge como uma ferramenta eficaz e duradoura para combat\u00ea-la. N\u00e3o basta apenas desmentir uma not\u00edcia falsa, \u00e9 preciso equipar as pessoas com as habilidades necess\u00e1rias para que consigam identificar e combater uma fake news.<\/p>\n\n\n\n<p>A educa\u00e7\u00e3o atua no desenvolvimento do senso cr\u00edtico, ensinando as pessoas a questionar, a buscar diferentes fontes e a analisar as informa\u00e7\u00f5es de forma mais profunda antes de aceit\u00e1-las como verdade. \u00c9 um processo que capacita o cidad\u00e3o a ser mais independente e respons\u00e1vel nos conte\u00fados que consome.<\/p>\n\n\n\n<p>Ao promover o uso consciente da m\u00eddia e das tecnologias, a educa\u00e7\u00e3o ensina como funciona o ambiente online e como identificar armadilhas da desinforma\u00e7\u00e3o. Assim, ela constr\u00f3i uma esp\u00e9cie de defesa contra as mentiras, fortalecendo a capacidade da sociedade de discernir o fato do fake.<\/p>\n\n\n\n<h2 class=\"wp-block-heading\" id=\"h-estrategias-educacionais-para-desenvolver-o-senso-critico\"><strong>Estrat\u00e9gias educacionais para desenvolver o senso cr\u00edtico<\/strong><br><\/h2>\n\n\n\n<p>Para que a educa\u00e7\u00e3o cumpra seu papel no combate \u00e0 desinforma\u00e7\u00e3o, \u00e9 preciso ir al\u00e9m do ensino tradicional. Desenvolver o senso cr\u00edtico exige estrat\u00e9gias que preparem os estudantes para os desafios do mundo digital.<\/p>\n\n\n\n<p>Aqui est\u00e3o algumas estrat\u00e9gias educacionais importantes:<\/p>\n\n\n\n<ul class=\"wp-block-list\">\n<li><strong>Alfabetiza\u00e7\u00e3o midi\u00e1tica e digital<\/strong>: ensinar desde cedo como as m\u00eddias funcionam, como identificar diferentes tipos de conte\u00fado (not\u00edcia, opini\u00e3o, publicidade) e como navegar de forma segura e cr\u00edtica na internet;<\/li>\n\n\n\n<li><strong>An\u00e1lise de fontes<\/strong>: capacitar os alunos a verificar a credibilidade das fontes de informa\u00e7\u00e3o, ensinando a pesquisar quem publicou, quando, onde e com que prop\u00f3sito;<\/li>\n\n\n\n<li><strong>Debate e discuss\u00e3o<\/strong>: promover ambientes onde os estudantes possam discutir temas controversos, apresentar argumentos e ouvir diferentes pontos de vista, aprendendo a respeitar a diversidade de opini\u00f5es;<\/li>\n\n\n\n<li><strong>Identifica\u00e7\u00e3o de manipula\u00e7\u00e3o<\/strong>: ensinar a reconhecer t\u00e1ticas comuns da desinforma\u00e7\u00e3o, como t\u00edtulos sensacionalistas, uso de emo\u00e7\u00f5es, distor\u00e7\u00e3o de fatos e uso de imagens fora de contexto;<\/li>\n\n\n\n<li><strong>Produ\u00e7\u00e3o de conte\u00fado<\/strong>: incentivar os alunos a criar seus pr\u00f3prios conte\u00fados (textos, v\u00eddeos, podcasts), para que entendam o processo de produ\u00e7\u00e3o de informa\u00e7\u00e3o e a responsabilidade envolvida;<\/li>\n\n\n\n<li><strong>Educa\u00e7\u00e3o para a cidadania digital<\/strong>: abordar temas como privacidade online, cyberbullying (bullying no ambiente digital) e o impacto das redes sociais na forma\u00e7\u00e3o de opini\u00f5es.<\/li>\n<\/ul>\n\n\n\n<h2 class=\"wp-block-heading\" id=\"h-desinformacao-e-o-enem-por-que-este-e-um-possivel-tema-redacao-enem-2025\"><strong>Desinforma\u00e7\u00e3o e o Enem: por que este \u00e9 um poss\u00edvel tema reda\u00e7\u00e3o Enem 2025?<\/strong><br><\/h2>\n\n\n\n<p>A desinforma\u00e7\u00e3o e o papel da educa\u00e7\u00e3o em seu combate \u00e9 um forte candidato a tema reda\u00e7\u00e3o Enem 2025 por diversas raz\u00f5es que se alinham perfeitamente com o perfil de temas que s\u00e3o cobrados no exame:<\/p>\n\n\n\n<ul class=\"wp-block-list\">\n<li><strong>Relev\u00e2ncia social e atualidade<\/strong>: a desinforma\u00e7\u00e3o \u00e9 um problema global e urgente, com impactos diretos na vida das pessoas e na estabilidade social. O Enem costuma buscar temas que reflitam os desafios atuais da sociedade brasileira.<\/li>\n\n\n\n<li><strong>Interdisciplinaridade<\/strong>: o tema permite ao exame cobrar conhecimentos de diversas \u00e1reas, como Sociologia (impacto social, polariza\u00e7\u00e3o), Filosofia (\u00e9tica, verdade) e Direito (liberdade de express\u00e3o);\u00a0<\/li>\n\n\n\n<li><strong>Potencial de argumenta\u00e7\u00e3o<\/strong>: o assunto oferece um vasto campo para a constru\u00e7\u00e3o de argumentos complexos, permitindo ao estudante explorar o que causa a desinforma\u00e7\u00e3o, suas consequ\u00eancias e, principalmente, as solu\u00e7\u00f5es atrav\u00e9s da educa\u00e7\u00e3o;<\/li>\n\n\n\n<li><strong>Proposta de interven\u00e7\u00e3o<\/strong>: o Enem quer que o participante n\u00e3o apenas discuta um problema, mas tamb\u00e9m proponha solu\u00e7\u00f5es detalhadas. O papel da educa\u00e7\u00e3o no combate \u00e0 desinforma\u00e7\u00e3o pode ser um campo vasto para propostas de interven\u00e7\u00e3o que envolvam escolas, fam\u00edlias, governo e sociedade civil;<\/li>\n\n\n\n<li><strong>Debate p\u00fablico intenso<\/strong>: a discuss\u00e3o sobre desinforma\u00e7\u00e3o est\u00e1 em alta na m\u00eddia, no meio acad\u00eamico e nas redes sociais, o que aumenta a probabilidade de os estudantes terem contato com o tema e formarem suas pr\u00f3prias opini\u00f5es.<\/li>\n<\/ul>\n\n\n\n<h2 class=\"wp-block-heading\" id=\"h-como-abordar-a-desinformacao-e-a-educacao-na-redacao-do-enem\"><strong>Como abordar a desinforma\u00e7\u00e3o e a educa\u00e7\u00e3o na reda\u00e7\u00e3o do Enem<\/strong><br><\/h2>\n\n\n\n<p>Para construir uma reda\u00e7\u00e3o que gere impacto sobre o tema reda\u00e7\u00e3o Enem 2025 &#8220;Papel da educa\u00e7\u00e3o no combate \u00e0 desinforma\u00e7\u00e3o&#8221;, \u00e9 fundamental organizar suas ideias de forma clara e argumentativa. Lembre-se da estrutura dissertativo-argumentativa cobrada pelo exame.<\/p>\n\n\n\n<p>Aqui est\u00e3o algumas dicas para abordar o tema:<\/p>\n\n\n\n<ul class=\"wp-block-list\">\n<li><strong>Introdu\u00e7\u00e3o<\/strong>: comece contextualizando a desinforma\u00e7\u00e3o como um problema atual e em seguida apresente a tese de que a educa\u00e7\u00e3o \u00e9 a principal ferramenta para combater o problema. Voc\u00ea pode usar um problema real gerado pela desinforma\u00e7\u00e3o nos \u00faltimos tempos, por exemplo;<\/li>\n\n\n\n<li><strong>Desenvolvimento (argumenta\u00e7\u00e3o)<\/strong>: dedique cada par\u00e1grafo a um aspecto da rela\u00e7\u00e3o entre educa\u00e7\u00e3o e desinforma\u00e7\u00e3o. Por exemplo, um par\u00e1grafo pode discutir como a falta de senso cr\u00edtico facilita a desinforma\u00e7\u00e3o, outro sobre como a educa\u00e7\u00e3o midi\u00e1tica pode ajudar o cidad\u00e3o, e um terceiro sobre o papel da escola e da fam\u00edlia;<\/li>\n\n\n\n<li><strong>Conecte os desafios<\/strong>: mostre como a desinforma\u00e7\u00e3o afeta diferentes esferas, como sa\u00fade, pol\u00edtica e social e mostre tamb\u00e9m como a educa\u00e7\u00e3o pode ser a chave para diminuir esses impactos.<\/li>\n\n\n\n<li><strong>Use repert\u00f3rio sociocultural<\/strong>: integre filmes, livros, s\u00e9ries, pensadores, leis ou eventos atuais que se relacionem com a desinforma\u00e7\u00e3o, a verdade e o papel da educa\u00e7\u00e3o para enriquecer sua argumenta\u00e7\u00e3o;<\/li>\n\n\n\n<li><strong>Conclus\u00e3o (proposta de interven\u00e7\u00e3o)<\/strong>: apresente solu\u00e7\u00f5es concretas que fortale\u00e7am o papel da educa\u00e7\u00e3o no combate \u00e0 desinforma\u00e7\u00e3o. Lembre de incluir o agente (quem far\u00e1), a a\u00e7\u00e3o (o que ser\u00e1 feito), o meio\/modo (como ser\u00e1 feito) e a finalidade (para que servir\u00e1). Por exemplo, o Minist\u00e9rio da Educa\u00e7\u00e3o pode criar programas educacionais, as escolas podem promover oficinas de verifica\u00e7\u00e3o de fatos, e a fam\u00edlia pode incentivar o di\u00e1logo cr\u00edtico.<\/li>\n<\/ul>\n\n\n\n<h2 class=\"wp-block-heading\" id=\"h-dicas-finais-para-uma-redacao-de-sucesso-sobre-desinformacao\"><strong>Dicas finais para uma reda\u00e7\u00e3o de sucesso sobre desinforma\u00e7\u00e3o<\/strong><br><\/h2>\n\n\n\n<p>Para conseguir uma nota alta no tema reda\u00e7\u00e3o Enem 2025 sobre desinforma\u00e7\u00e3o, al\u00e9m de um bom conte\u00fado, a forma \u00e9 importante:<\/p>\n\n\n\n<ul class=\"wp-block-list\">\n<li><strong>Mantenha a linguagem formal e objetiva<\/strong>: evite g\u00edrias e express\u00f5es informais. Use a norma-padr\u00e3o da l\u00edngua portuguesa;<\/li>\n\n\n\n<li><strong>Seja preciso nos conceitos<\/strong>: diferencie &#8220;desinforma\u00e7\u00e3o&#8221; de &#8220;erro&#8221; ou &#8220;opini\u00e3o&#8221;. Mostre que voc\u00ea entende a inten\u00e7\u00e3o por tr\u00e1s da desinforma\u00e7\u00e3o;<\/li>\n\n\n\n<li><strong>Evite o senso comum<\/strong>: fuja de frases gen\u00e9ricas. Aprofunde-se nos mecanismos da desinforma\u00e7\u00e3o e nas solu\u00e7\u00f5es educacionais, apresentando an\u00e1lises bem fundamentadas;<\/li>\n\n\n\n<li><strong>Revise a gram\u00e1tica e a coes\u00e3o<\/strong>: erros de portugu\u00eas podem comprometer sua nota. Fa\u00e7a bom uso da folha de rascunho, use bem o seu tempo e corrija sua reda\u00e7\u00e3o, leia e releia com aten\u00e7\u00e3o, verificando pontua\u00e7\u00e3o, coes\u00e3o e coer\u00eancia.<\/li>\n\n\n\n<li><strong>Proponha solu\u00e7\u00f5es que sejam vi\u00e1veis<\/strong>: sua proposta de interven\u00e7\u00e3o deve ser realista e detalhada, mostrando como a educa\u00e7\u00e3o deve ser fortalecida para combater a desinforma\u00e7\u00e3o na pr\u00e1tica.<\/li>\n<\/ul>\n\n\n\n<h2 class=\"wp-block-heading\" id=\"h-redacao-nota-mil-comece-a-preparar-a-sua-agora\">Reda\u00e7\u00e3o Nota Mil: Comece a preparar a sua agora!<\/h2>\n\n\n\n<p>Seja no Enem, em vestibulares ou at\u00e9 mesmo nos concursos p\u00fablicos, surge a necessidade de dominar t\u00e9cnicas de escrita para obter um bom desempenho nas provas dissertativas.<\/p>\n\n\n\n<p>Se voc\u00ea quer escrever melhor e conseguir pontuar bem na Reda\u00e7\u00e3o, baixe gratuitamente o Guia que a Gran Faculdade preparou para voc\u00ea. Basta preencher o formul\u00e1rio abaixo:<\/p>\n\n\n\n<script charset=\"utf-8\" type=\"text\/javascript\" src=\"\/\/js.hsforms.net\/forms\/embed\/v2.js\"><\/script>\n<script>\n  hbspt.forms.create({\n    portalId: \"302036\",\n    formId: \"d401baf7-44f0-4c45-82dd-b63f4ebc4740\",\n    region: \"na1\"\n  });\n<\/script>\n\n\n\n<div class=\"wp-block-group has-background\" style=\"background-color:#8dd2fc7a\"><div class=\"wp-block-group__inner-container is-layout-constrained wp-block-group-is-layout-constrained\">\n<p><strong>Outras not\u00edcias em destaque:<\/strong><\/p>\n\n\n\n<ul class=\"wp-block-list\">\n<li><a href=\"https:\/\/faculdade.grancursosonline.com.br\/blog\/tema-redacao-enem-2025-o-avanco-da-ia\/\" target=\"_blank\" rel=\"noreferrer noopener\">Tema Reda\u00e7\u00e3o Enem 2025: O avan\u00e7o da Intelig\u00eancia Artificial e os desafios \u00e9ticos<\/a><\/li>\n\n\n\n<li><a href=\"https:\/\/faculdade.grancursosonline.com.br\/blog\/tema-redacao-enem-2025-crise-ambiental\/\" target=\"_blank\" rel=\"noreferrer noopener\">Tema Reda\u00e7\u00e3o Enem 2025: Crise ambiental e responsabilidade coletiva<\/a><\/li>\n\n\n\n<li><a href=\"https:\/\/faculdade.grancursosonline.com.br\/blog\/citacoes-para-redacao\/\" target=\"_blank\" rel=\"noreferrer noopener\">Cita\u00e7\u00f5es para Reda\u00e7\u00e3o: como usar e impressionar na prova<\/a><\/li>\n<\/ul>\n<\/div><\/div>\n\n\n\n<div class=\"wp-block-group\"><div class=\"wp-block-group__inner-container is-layout-constrained wp-block-group-is-layout-constrained\">\n<div class=\"wp-block-group\"><div class=\"wp-block-group__inner-container is-layout-constrained wp-block-group-is-layout-constrained\">\n<section style=\"text-align: center;\">\n<p>Quer ficar por dentro da Faculdade Digital mais inovadora do Brasil?<\/p>\n<nav>\n<p class=\"has-background has-dark-bluish-background-color\" style=\"font-size: 25px; text-align: center; background: #f0f0f0; color: #ffffff; padding: 4px 0px 4xp 0px;\"><a style=\"color: #0d134c; text-decoration: underline;\" href=\"https:\/\/faculdade.grancursosonline.com.br\/\" target=\"_blank\" rel=\"noopener\">GRADUA\u00c7\u00c3O<\/a><\/p>\n<p class=\"has-background has-dark-bluish-background-color\" style=\"font-size: 25px; text-align: center; background: #f0f0f0; color: #ffffff; padding: 4px 0px 4xp 0px;\"><a style=\"color: #0d134c; text-decoration: underline;\" href=\"https:\/\/pos.grancursosonline.com.br\/\" target=\"_blank\" rel=\"noopener\">P\u00d3S-GRADUA\u00c7\u00c3O<\/a><\/p>\n<p class=\"has-background has-dark-bluish-background-color\" style=\"font-size: 25px; text-align: center; background: #f0f0f0; color: #ffffff; padding: 4px 0px 4xp 0px;\"><a style=\"color: #0d134c; text-decoration: underline;\" href=\"https:\/\/faculdade.grancursosonline.com.br\/nossos-cursos\/\" target=\"_blank\" rel=\"noopener\">TUDO SOBRE A GRAN FACULDADE<\/a><\/p>\n<\/nav>\n<p><strong>Receba <span style=\"color: #cf1e25;\">gratuitamente<\/span> no seu celular as principais not\u00edcias sobre a Gran Faculdade! <br \/>Clique no link abaixo e inscreva-se:<\/strong><\/p>\n<p class=\"has-background has-dark-bluish-background-color\" style=\"font-size: 25px; text-align: center; background: #f0f0f0; color: #ffffff; padding: 4px 0px 4xp 0px;\"><a style=\"color: #0d134c; text-decoration: underline;\" href=\"https:\/\/whatsapp.com\/channel\/0029VaG1sChI7Be7PNndhL43\" target=\"_blank\" rel=\"noopener noreferrer\">WHATSAPP<\/a><\/p>\n<p class=\"has-background has-dark-bluish-background-color\" style=\"font-size: 25px; text-align: center; background: #f0f0f0; color: #ffffff; padding: 4px 0px 4xp 0px;\"><a style=\"color: #0d134c; text-decoration: underline;\" href=\"https:\/\/t.me\/GranFaculdade\" target=\"_blank\" rel=\"noopener noreferrer\">TELEGRAM<\/a><\/p>\n<\/section>\n<\/div><\/div>\n<\/div><\/div>\n","protected":false},"excerpt":{"rendered":"<p>Ano ap\u00f3s ano, o Exame Nacional do Ensino M\u00e9dio (Enem), traz quest\u00f5es atuais sobre diversos problemas ou dilemas da sociedade como tema para reda\u00e7\u00e3o do Enem. Essa abordagem visa avaliar a capacidade de argumenta\u00e7\u00e3o do candidato e como ele coloca suas ideias.\u00a0 Para te ajudar nesta etapa, n\u00f3s da Gran Faculdade nos adiantamos e iniciamos&hellip;<\/p>\n","protected":false},"author":514,"featured_media":79754994,"comment_status":"open","ping_status":"open","sticky":false,"template":"","format":"standard","meta":{"_acf_changed":false,"content-type":"","footnotes":""},"categories":[1543,219790,218545,2],"tags":[],"class_list":["post-79754993","post","type-post","status-publish","format-standard","has-post-thumbnail","hentry","category-enem","category-graduacao-ead","category-graduacao","category-ultimas-noticias"],"acf":[],"yoast_head":"<!-- This site is optimized with the Yoast SEO Premium plugin v27.2 (Yoast SEO v27.2) - https:\/\/yoast.com\/product\/yoast-seo-premium-wordpress\/ -->\n<title>Tema Reda\u00e7\u00e3o Enem 2025: Papel da educa\u00e7\u00e3o no combate \u00e0 desinforma\u00e7\u00e3o<\/title>\n<meta name=\"description\" content=\"Tema reda\u00e7\u00e3o Enem 2025: veja dicas valiosas para montar o seu texto sobre o papel da educa\u00e7\u00e3o no combate \u00e0 desinforma\u00e7\u00e3o!\" \/>\n<meta name=\"robots\" content=\"index, follow, max-snippet:-1, max-image-preview:large, max-video-preview:-1\" \/>\n<link rel=\"canonical\" href=\"https:\/\/faculdade.grancursosonline.com.br\/blog\/tema-redacao-enem-2025-desinformacao\/\" \/>\n<meta property=\"og:locale\" content=\"pt_BR\" \/>\n<meta property=\"og:type\" content=\"article\" \/>\n<meta property=\"og:title\" content=\"Tema Reda\u00e7\u00e3o Enem 2025: Papel da educa\u00e7\u00e3o no combate \u00e0 desinforma\u00e7\u00e3o\" \/>\n<meta property=\"og:description\" content=\"Tema reda\u00e7\u00e3o Enem 2025: veja dicas valiosas para montar o seu texto sobre o papel da educa\u00e7\u00e3o no combate \u00e0 desinforma\u00e7\u00e3o!\" \/>\n<meta property=\"og:url\" content=\"https:\/\/faculdade.grancursosonline.com.br\/blog\/tema-redacao-enem-2025-desinformacao\/\" \/>\n<meta property=\"og:site_name\" content=\"Blog Gran Faculdade\" \/>\n<meta property=\"article:publisher\" content=\"https:\/\/www.facebook.com\/grancursosonline\/\" \/>\n<meta property=\"article:published_time\" content=\"2025-06-18T19:28:02+00:00\" \/>\n<meta property=\"article:modified_time\" content=\"2025-06-18T21:20:04+00:00\" \/>\n<meta property=\"og:image\" content=\"https:\/\/blog-es-static.infra.grancursosonline.com.br\/wp-content\/uploads\/2025\/06\/18162429\/tema-redacao-enem-1.jpg\" \/>\n\t<meta property=\"og:image:width\" content=\"511\" \/>\n\t<meta property=\"og:image:height\" content=\"311\" \/>\n\t<meta property=\"og:image:type\" content=\"image\/jpeg\" \/>\n<meta name=\"author\" content=\"Guilherme Henrique\" \/>\n<meta name=\"twitter:card\" content=\"summary_large_image\" \/>\n<meta name=\"twitter:creator\" content=\"@gran_online\" \/>\n<meta name=\"twitter:site\" content=\"@gran_online\" \/>\n<meta name=\"twitter:label1\" content=\"Written by\" \/>\n\t<meta name=\"twitter:data1\" content=\"Guilherme Henrique\" \/>\n\t<meta name=\"twitter:label2\" content=\"Est. reading time\" \/>\n\t<meta name=\"twitter:data2\" content=\"36 minutos\" \/>\n<script type=\"application\/ld+json\" class=\"yoast-schema-graph\">{\"@context\":\"https:\/\/schema.org\",\"@graph\":[{\"@type\":\"NewsArticle\",\"@id\":\"https:\/\/faculdade.grancursosonline.com.br\/blog\/tema-redacao-enem-2025-desinformacao\/#article\",\"isPartOf\":{\"@id\":\"https:\/\/faculdade.grancursosonline.com.br\/blog\/tema-redacao-enem-2025-desinformacao\/\"},\"author\":{\"name\":\"Guilherme Henrique\",\"@id\":\"https:\/\/faculdade.grancursosonline.com.br\/blog\/#\/schema\/person\/9745f9b6db8976613c1f439dbcfe717d\"},\"headline\":\"Tema Reda\u00e7\u00e3o Enem 2025: Papel da educa\u00e7\u00e3o no combate \u00e0 desinforma\u00e7\u00e3o\",\"datePublished\":\"2025-06-18T19:28:02+00:00\",\"dateModified\":\"2025-06-18T21:20:04+00:00\",\"mainEntityOfPage\":{\"@id\":\"https:\/\/faculdade.grancursosonline.com.br\/blog\/tema-redacao-enem-2025-desinformacao\/\"},\"wordCount\":1851,\"commentCount\":0,\"publisher\":{\"@id\":\"https:\/\/faculdade.grancursosonline.com.br\/blog\/#organization\"},\"image\":{\"@id\":\"https:\/\/faculdade.grancursosonline.com.br\/blog\/tema-redacao-enem-2025-desinformacao\/#primaryimage\"},\"thumbnailUrl\":\"https:\/\/blog-es-static.infra.grancursosonline.com.br\/wp-content\/uploads\/2025\/06\/18162415\/tema-redacao-enem-2-1.jpg\",\"articleSection\":[\"ENEM\",\"Gradua\u00e7\u00e3o EAD\",\"Gradua\u00e7\u00e3o Gran Faculdade\",\"\u00daltimas Not\u00edcias\"],\"inLanguage\":\"pt-BR\",\"potentialAction\":[{\"@type\":\"CommentAction\",\"name\":\"Comment\",\"target\":[\"https:\/\/faculdade.grancursosonline.com.br\/blog\/tema-redacao-enem-2025-desinformacao\/#respond\"]}],\"copyrightYear\":\"2025\",\"copyrightHolder\":{\"@id\":\"https:\/\/faculdade.grancursosonline.com.br\/blog\/#organization\"}},{\"@type\":\"WebPage\",\"@id\":\"https:\/\/faculdade.grancursosonline.com.br\/blog\/tema-redacao-enem-2025-desinformacao\/\",\"url\":\"https:\/\/faculdade.grancursosonline.com.br\/blog\/tema-redacao-enem-2025-desinformacao\/\",\"name\":\"Tema Reda\u00e7\u00e3o Enem 2025: Papel da educa\u00e7\u00e3o no combate \u00e0 desinforma\u00e7\u00e3o\",\"isPartOf\":{\"@id\":\"https:\/\/faculdade.grancursosonline.com.br\/blog\/#website\"},\"primaryImageOfPage\":{\"@id\":\"https:\/\/faculdade.grancursosonline.com.br\/blog\/tema-redacao-enem-2025-desinformacao\/#primaryimage\"},\"image\":{\"@id\":\"https:\/\/faculdade.grancursosonline.com.br\/blog\/tema-redacao-enem-2025-desinformacao\/#primaryimage\"},\"thumbnailUrl\":\"https:\/\/blog-es-static.infra.grancursosonline.com.br\/wp-content\/uploads\/2025\/06\/18162415\/tema-redacao-enem-2-1.jpg\",\"datePublished\":\"2025-06-18T19:28:02+00:00\",\"dateModified\":\"2025-06-18T21:20:04+00:00\",\"description\":\"Tema reda\u00e7\u00e3o Enem 2025: veja dicas valiosas para montar o seu texto sobre o papel da educa\u00e7\u00e3o no combate \u00e0 desinforma\u00e7\u00e3o!\",\"breadcrumb\":{\"@id\":\"https:\/\/faculdade.grancursosonline.com.br\/blog\/tema-redacao-enem-2025-desinformacao\/#breadcrumb\"},\"inLanguage\":\"pt-BR\",\"potentialAction\":[{\"@type\":\"ReadAction\",\"target\":[\"https:\/\/faculdade.grancursosonline.com.br\/blog\/tema-redacao-enem-2025-desinformacao\/\"]}]},{\"@type\":\"ImageObject\",\"inLanguage\":\"pt-BR\",\"@id\":\"https:\/\/faculdade.grancursosonline.com.br\/blog\/tema-redacao-enem-2025-desinformacao\/#primaryimage\",\"url\":\"https:\/\/blog-es-static.infra.grancursosonline.com.br\/wp-content\/uploads\/2025\/06\/18162415\/tema-redacao-enem-2-1.jpg\",\"contentUrl\":\"https:\/\/blog-es-static.infra.grancursosonline.com.br\/wp-content\/uploads\/2025\/06\/18162415\/tema-redacao-enem-2-1.jpg\",\"width\":1001,\"height\":601,\"caption\":\"Tema Reda\u00e7\u00e3o Enem 2025: Papel da educa\u00e7\u00e3o no combate \u00e0 desinforma\u00e7\u00e3o\"},{\"@type\":\"BreadcrumbList\",\"@id\":\"https:\/\/faculdade.grancursosonline.com.br\/blog\/tema-redacao-enem-2025-desinformacao\/#breadcrumb\",\"itemListElement\":[{\"@type\":\"ListItem\",\"position\":1,\"name\":\"In\u00edcio\",\"item\":\"https:\/\/faculdade.grancursosonline.com.br\/blog\/\"},{\"@type\":\"ListItem\",\"position\":2,\"name\":\"ENEM\",\"item\":\"https:\/\/faculdade.grancursosonline.com.br\/blog\/enem\/\"},{\"@type\":\"ListItem\",\"position\":3,\"name\":\"Tema Reda\u00e7\u00e3o Enem 2025: Papel da educa\u00e7\u00e3o no combate \u00e0 desinforma\u00e7\u00e3o\"}]},{\"@type\":\"WebSite\",\"@id\":\"https:\/\/faculdade.grancursosonline.com.br\/blog\/#website\",\"url\":\"https:\/\/faculdade.grancursosonline.com.br\/blog\/\",\"name\":\"Blog Gran Faculdade\",\"description\":\"Tudo sobre ensino superior, p\u00f3s-gradua\u00e7\u00e3o, enem e carreira.\",\"publisher\":{\"@id\":\"https:\/\/faculdade.grancursosonline.com.br\/blog\/#organization\"},\"potentialAction\":[{\"@type\":\"SearchAction\",\"target\":{\"@type\":\"EntryPoint\",\"urlTemplate\":\"https:\/\/faculdade.grancursosonline.com.br\/blog\/?s={search_term_string}\"},\"query-input\":{\"@type\":\"PropertyValueSpecification\",\"valueRequired\":true,\"valueName\":\"search_term_string\"}}],\"inLanguage\":\"pt-BR\"},{\"@type\":\"Organization\",\"@id\":\"https:\/\/faculdade.grancursosonline.com.br\/blog\/#organization\",\"name\":\"Gran Cursos Online\",\"url\":\"https:\/\/faculdade.grancursosonline.com.br\/blog\/\",\"logo\":{\"@type\":\"ImageObject\",\"inLanguage\":\"pt-BR\",\"@id\":\"https:\/\/faculdade.grancursosonline.com.br\/blog\/#\/schema\/logo\/image\/\",\"url\":\"https:\/\/blog-es-static.infra.grancursosonline.com.br\/wp-content\/uploads\/2019\/08\/03123934\/logo.png\",\"contentUrl\":\"https:\/\/blog-es-static.infra.grancursosonline.com.br\/wp-content\/uploads\/2019\/08\/03123934\/logo.png\",\"width\":300,\"height\":57,\"caption\":\"Gran Cursos Online\"},\"image\":{\"@id\":\"https:\/\/faculdade.grancursosonline.com.br\/blog\/#\/schema\/logo\/image\/\"},\"sameAs\":[\"https:\/\/www.facebook.com\/grancursosonline\/\",\"https:\/\/x.com\/gran_online\",\"https:\/\/www.instagram.com\/grancursosonline\/\",\"https:\/\/www.youtube.com\/user\/grancursostv\"]},{\"@type\":\"Person\",\"@id\":\"https:\/\/faculdade.grancursosonline.com.br\/blog\/#\/schema\/person\/9745f9b6db8976613c1f439dbcfe717d\",\"name\":\"Guilherme Henrique\",\"url\":\"https:\/\/faculdade.grancursosonline.com.br\/blog\/author\/guilherme-lourenco\/\"}]}<\/script>\n<!-- \/ Yoast SEO Premium plugin. -->","yoast_head_json":{"title":"Tema Reda\u00e7\u00e3o Enem 2025: Papel da educa\u00e7\u00e3o no combate \u00e0 desinforma\u00e7\u00e3o","description":"Tema reda\u00e7\u00e3o Enem 2025: veja dicas valiosas para montar o seu texto sobre o papel da educa\u00e7\u00e3o no combate \u00e0 desinforma\u00e7\u00e3o!","robots":{"index":"index","follow":"follow","max-snippet":"max-snippet:-1","max-image-preview":"max-image-preview:large","max-video-preview":"max-video-preview:-1"},"canonical":"https:\/\/faculdade.grancursosonline.com.br\/blog\/tema-redacao-enem-2025-desinformacao\/","og_locale":"pt_BR","og_type":"article","og_title":"Tema Reda\u00e7\u00e3o Enem 2025: Papel da educa\u00e7\u00e3o no combate \u00e0 desinforma\u00e7\u00e3o","og_description":"Tema reda\u00e7\u00e3o Enem 2025: veja dicas valiosas para montar o seu texto sobre o papel da educa\u00e7\u00e3o no combate \u00e0 desinforma\u00e7\u00e3o!","og_url":"https:\/\/faculdade.grancursosonline.com.br\/blog\/tema-redacao-enem-2025-desinformacao\/","og_site_name":"Blog Gran Faculdade","article_publisher":"https:\/\/www.facebook.com\/grancursosonline\/","article_published_time":"2025-06-18T19:28:02+00:00","article_modified_time":"2025-06-18T21:20:04+00:00","og_image":[{"width":511,"height":311,"url":"https:\/\/blog-es-static.infra.grancursosonline.com.br\/wp-content\/uploads\/2025\/06\/18162429\/tema-redacao-enem-1.jpg","type":"image\/jpeg"}],"author":"Guilherme Henrique","twitter_card":"summary_large_image","twitter_creator":"@gran_online","twitter_site":"@gran_online","twitter_misc":{"Written by":"Guilherme Henrique","Est. reading time":"36 minutos"},"schema":{"@context":"https:\/\/schema.org","@graph":[{"@type":"NewsArticle","@id":"https:\/\/faculdade.grancursosonline.com.br\/blog\/tema-redacao-enem-2025-desinformacao\/#article","isPartOf":{"@id":"https:\/\/faculdade.grancursosonline.com.br\/blog\/tema-redacao-enem-2025-desinformacao\/"},"author":{"name":"Guilherme Henrique","@id":"https:\/\/faculdade.grancursosonline.com.br\/blog\/#\/schema\/person\/9745f9b6db8976613c1f439dbcfe717d"},"headline":"Tema Reda\u00e7\u00e3o Enem 2025: Papel da educa\u00e7\u00e3o no combate \u00e0 desinforma\u00e7\u00e3o","datePublished":"2025-06-18T19:28:02+00:00","dateModified":"2025-06-18T21:20:04+00:00","mainEntityOfPage":{"@id":"https:\/\/faculdade.grancursosonline.com.br\/blog\/tema-redacao-enem-2025-desinformacao\/"},"wordCount":1851,"commentCount":0,"publisher":{"@id":"https:\/\/faculdade.grancursosonline.com.br\/blog\/#organization"},"image":{"@id":"https:\/\/faculdade.grancursosonline.com.br\/blog\/tema-redacao-enem-2025-desinformacao\/#primaryimage"},"thumbnailUrl":"https:\/\/blog-es-static.infra.grancursosonline.com.br\/wp-content\/uploads\/2025\/06\/18162415\/tema-redacao-enem-2-1.jpg","articleSection":["ENEM","Gradua\u00e7\u00e3o EAD","Gradua\u00e7\u00e3o Gran Faculdade","\u00daltimas Not\u00edcias"],"inLanguage":"pt-BR","potentialAction":[{"@type":"CommentAction","name":"Comment","target":["https:\/\/faculdade.grancursosonline.com.br\/blog\/tema-redacao-enem-2025-desinformacao\/#respond"]}],"copyrightYear":"2025","copyrightHolder":{"@id":"https:\/\/faculdade.grancursosonline.com.br\/blog\/#organization"}},{"@type":"WebPage","@id":"https:\/\/faculdade.grancursosonline.com.br\/blog\/tema-redacao-enem-2025-desinformacao\/","url":"https:\/\/faculdade.grancursosonline.com.br\/blog\/tema-redacao-enem-2025-desinformacao\/","name":"Tema Reda\u00e7\u00e3o Enem 2025: Papel da educa\u00e7\u00e3o no combate \u00e0 desinforma\u00e7\u00e3o","isPartOf":{"@id":"https:\/\/faculdade.grancursosonline.com.br\/blog\/#website"},"primaryImageOfPage":{"@id":"https:\/\/faculdade.grancursosonline.com.br\/blog\/tema-redacao-enem-2025-desinformacao\/#primaryimage"},"image":{"@id":"https:\/\/faculdade.grancursosonline.com.br\/blog\/tema-redacao-enem-2025-desinformacao\/#primaryimage"},"thumbnailUrl":"https:\/\/blog-es-static.infra.grancursosonline.com.br\/wp-content\/uploads\/2025\/06\/18162415\/tema-redacao-enem-2-1.jpg","datePublished":"2025-06-18T19:28:02+00:00","dateModified":"2025-06-18T21:20:04+00:00","description":"Tema reda\u00e7\u00e3o Enem 2025: veja dicas valiosas para montar o seu texto sobre o papel da educa\u00e7\u00e3o no combate \u00e0 desinforma\u00e7\u00e3o!","breadcrumb":{"@id":"https:\/\/faculdade.grancursosonline.com.br\/blog\/tema-redacao-enem-2025-desinformacao\/#breadcrumb"},"inLanguage":"pt-BR","potentialAction":[{"@type":"ReadAction","target":["https:\/\/faculdade.grancursosonline.com.br\/blog\/tema-redacao-enem-2025-desinformacao\/"]}]},{"@type":"ImageObject","inLanguage":"pt-BR","@id":"https:\/\/faculdade.grancursosonline.com.br\/blog\/tema-redacao-enem-2025-desinformacao\/#primaryimage","url":"https:\/\/blog-es-static.infra.grancursosonline.com.br\/wp-content\/uploads\/2025\/06\/18162415\/tema-redacao-enem-2-1.jpg","contentUrl":"https:\/\/blog-es-static.infra.grancursosonline.com.br\/wp-content\/uploads\/2025\/06\/18162415\/tema-redacao-enem-2-1.jpg","width":1001,"height":601,"caption":"Tema Reda\u00e7\u00e3o Enem 2025: Papel da educa\u00e7\u00e3o no combate \u00e0 desinforma\u00e7\u00e3o"},{"@type":"BreadcrumbList","@id":"https:\/\/faculdade.grancursosonline.com.br\/blog\/tema-redacao-enem-2025-desinformacao\/#breadcrumb","itemListElement":[{"@type":"ListItem","position":1,"name":"In\u00edcio","item":"https:\/\/faculdade.grancursosonline.com.br\/blog\/"},{"@type":"ListItem","position":2,"name":"ENEM","item":"https:\/\/faculdade.grancursosonline.com.br\/blog\/enem\/"},{"@type":"ListItem","position":3,"name":"Tema Reda\u00e7\u00e3o Enem 2025: Papel da educa\u00e7\u00e3o no combate \u00e0 desinforma\u00e7\u00e3o"}]},{"@type":"WebSite","@id":"https:\/\/faculdade.grancursosonline.com.br\/blog\/#website","url":"https:\/\/faculdade.grancursosonline.com.br\/blog\/","name":"Blog Gran Faculdade","description":"Tudo sobre ensino superior, p\u00f3s-gradua\u00e7\u00e3o, enem e carreira.","publisher":{"@id":"https:\/\/faculdade.grancursosonline.com.br\/blog\/#organization"},"potentialAction":[{"@type":"SearchAction","target":{"@type":"EntryPoint","urlTemplate":"https:\/\/faculdade.grancursosonline.com.br\/blog\/?s={search_term_string}"},"query-input":{"@type":"PropertyValueSpecification","valueRequired":true,"valueName":"search_term_string"}}],"inLanguage":"pt-BR"},{"@type":"Organization","@id":"https:\/\/faculdade.grancursosonline.com.br\/blog\/#organization","name":"Gran Cursos Online","url":"https:\/\/faculdade.grancursosonline.com.br\/blog\/","logo":{"@type":"ImageObject","inLanguage":"pt-BR","@id":"https:\/\/faculdade.grancursosonline.com.br\/blog\/#\/schema\/logo\/image\/","url":"https:\/\/blog-es-static.infra.grancursosonline.com.br\/wp-content\/uploads\/2019\/08\/03123934\/logo.png","contentUrl":"https:\/\/blog-es-static.infra.grancursosonline.com.br\/wp-content\/uploads\/2019\/08\/03123934\/logo.png","width":300,"height":57,"caption":"Gran Cursos Online"},"image":{"@id":"https:\/\/faculdade.grancursosonline.com.br\/blog\/#\/schema\/logo\/image\/"},"sameAs":["https:\/\/www.facebook.com\/grancursosonline\/","https:\/\/x.com\/gran_online","https:\/\/www.instagram.com\/grancursosonline\/","https:\/\/www.youtube.com\/user\/grancursostv"]},{"@type":"Person","@id":"https:\/\/faculdade.grancursosonline.com.br\/blog\/#\/schema\/person\/9745f9b6db8976613c1f439dbcfe717d","name":"Guilherme Henrique","url":"https:\/\/faculdade.grancursosonline.com.br\/blog\/author\/guilherme-lourenco\/"}]}},"_links":{"self":[{"href":"https:\/\/faculdade.grancursosonline.com.br\/blog\/wp-json\/wp\/v2\/posts\/79754993","targetHints":{"allow":["GET"]}}],"collection":[{"href":"https:\/\/faculdade.grancursosonline.com.br\/blog\/wp-json\/wp\/v2\/posts"}],"about":[{"href":"https:\/\/faculdade.grancursosonline.com.br\/blog\/wp-json\/wp\/v2\/types\/post"}],"author":[{"embeddable":true,"href":"https:\/\/faculdade.grancursosonline.com.br\/blog\/wp-json\/wp\/v2\/users\/514"}],"replies":[{"embeddable":true,"href":"https:\/\/faculdade.grancursosonline.com.br\/blog\/wp-json\/wp\/v2\/comments?post=79754993"}],"version-history":[{"count":1,"href":"https:\/\/faculdade.grancursosonline.com.br\/blog\/wp-json\/wp\/v2\/posts\/79754993\/revisions"}],"predecessor-version":[{"id":79754996,"href":"https:\/\/faculdade.grancursosonline.com.br\/blog\/wp-json\/wp\/v2\/posts\/79754993\/revisions\/79754996"}],"wp:featuredmedia":[{"embeddable":true,"href":"https:\/\/faculdade.grancursosonline.com.br\/blog\/wp-json\/wp\/v2\/media\/79754994"}],"wp:attachment":[{"href":"https:\/\/faculdade.grancursosonline.com.br\/blog\/wp-json\/wp\/v2\/media?parent=79754993"}],"wp:term":[{"taxonomy":"category","embeddable":true,"href":"https:\/\/faculdade.grancursosonline.com.br\/blog\/wp-json\/wp\/v2\/categories?post=79754993"},{"taxonomy":"post_tag","embeddable":true,"href":"https:\/\/faculdade.grancursosonline.com.br\/blog\/wp-json\/wp\/v2\/tags?post=79754993"}],"curies":[{"name":"wp","href":"https:\/\/api.w.org\/{rel}","templated":true}]}}