{"id":79754997,"date":"2025-06-19T10:18:00","date_gmt":"2025-06-19T13:18:00","guid":{"rendered":"https:\/\/faculdade.grancursosonline.com.br\/blog\/?p=79754997"},"modified":"2025-06-18T18:22:26","modified_gmt":"2025-06-18T21:22:26","slug":"tema-redacao-enem-2025-precarizacao-do-trabalho","status":"publish","type":"post","link":"https:\/\/faculdade.grancursosonline.com.br\/blog\/tema-redacao-enem-2025-precarizacao-do-trabalho\/","title":{"rendered":"Tema Reda\u00e7\u00e3o Enem 2025: Precariza\u00e7\u00e3o do trabalho e o futuro das profiss\u00f5es"},"content":{"rendered":"\n<p>O tema reda\u00e7\u00e3o Enem sempre prop\u00f5e reflex\u00f5es sobre quest\u00f5es importantes que afetam a vida em sociedade. Em geral, os temas escolhidos pelo <a href=\"https:\/\/faculdade.grancursosonline.com.br\/blog\/enem-exame-nacional-do-ensino-medio\/\" target=\"_blank\" rel=\"noreferrer noopener\">Exame Nacional do Ensino M\u00e9dio (Enem)<\/a> envolvem desafios sociais, culturais ou econ\u00f4micos que exigem do estudante pensamento cr\u00edtico e boa argumenta\u00e7\u00e3o.<\/p>\n\n\n\n<p>Pensando nisso, n\u00f3s da <a href=\"https:\/\/faculdade.grancursosonline.com.br\/nossos-cursos\/\" target=\"_blank\" rel=\"noreferrer noopener\">Gran Faculdade<\/a> iniciamos uma s\u00e9rie de posts focados nos poss\u00edveis temas reda\u00e7\u00e3o Enem 2025. Mapeamos assuntos relevantes da atualidade e nos pr\u00f3ximos meses voc\u00ea poder\u00e1 acompanhar aqui diversos conte\u00fados com dicas para a reda\u00e7\u00e3o do exame.<\/p>\n\n\n\n<p>Neste post, vamos tratar de um assunto atual e que pode ser tema de reda\u00e7\u00e3o: \u201cA precariza\u00e7\u00e3o do trabalho e o futuro das profiss\u00f5es\u201d. Acompanhe as informa\u00e7\u00f5es e use esse material como ponto de partida para desenvolver suas ideias com mais clareza e confian\u00e7a na hora da prova.<\/p>\n\n\n\n<p>Acompanhe o conte\u00fado na \u00edntegra, ou navegue pelo \u00edndice se preferir:<\/p>\n\n\n\n<ul class=\"wp-block-list\">\n<li><a href=\"#h-o-que-e-a-precarizacao-do-trabalho-e-suas-caracteristicas\">O que \u00e9 a precariza\u00e7\u00e3o do trabalho e suas caracter\u00edsticas?<\/a><\/li>\n\n\n\n<li><a href=\"#h-as-causas-da-precarizacao-do-trabalho-na-sociedade-atual\">As causas da precariza\u00e7\u00e3o do trabalho na sociedade atual<\/a><\/li>\n\n\n\n<li><a href=\"#h-o-futuro-das-profissoes-automacao-ia-e-novas-demandas\">O futuro das profiss\u00f5es: automa\u00e7\u00e3o, IA e novas demandas<\/a><\/li>\n\n\n\n<li><a href=\"#h-impactos-da-precarizacao-e-da-transformacao-do-trabalho-na-sociedade\">Impactos da precariza\u00e7\u00e3o e da transforma\u00e7\u00e3o do trabalho na sociedade<\/a><\/li>\n\n\n\n<li><a href=\"#h-precarizacao-do-trabalho-e-o-futuro-das-profissoes-um-possivel-tema-redacao-enem-2025\">Precariza\u00e7\u00e3o do trabalho e o futuro das profiss\u00f5es: um poss\u00edvel tema reda\u00e7\u00e3o Enem 2025?<\/a><\/li>\n\n\n\n<li><a href=\"#h-como-abordar-a-precarizacao-e-o-futuro-do-trabalho-na-redacao-do-enem\">Como abordar a precariza\u00e7\u00e3o e o futuro do trabalho na reda\u00e7\u00e3o do Enem<\/a><\/li>\n\n\n\n<li><a href=\"#h-dicas-finais-para-uma-redacao-de-sucesso-sobre-o-tema\">Dicas finais para uma reda\u00e7\u00e3o de sucesso sobre o tema<\/a><\/li>\n<\/ul>\n\n\n\n<div class=\"wp-block-columns is-layout-flex wp-container-core-columns-is-layout-9d6595d7 wp-block-columns-is-layout-flex\">\n<div class=\"wp-block-column is-layout-flow wp-block-column-is-layout-flow\" style=\"flex-basis:100%\"><div class=\"wp-block-image\">\n<figure class=\"aligncenter size-full\"><a href=\"https:\/\/whatsapp.com\/channel\/0029VaG1sChI7Be7PNndhL43\" target=\"_blank\" rel=\"noopener\"><img decoding=\"async\" src=\"https:\/\/blog-es-static.infra.grancursosonline.com.br\/wp-content\/uploads\/2025\/09\/09112354\/banner-wp-600x142-80.webp\" alt=\"Acesse o canal do WhatsApp da Gran Faculdade\" class=\"wp-image-79751904\"\/><\/a><\/figure>\n<\/div><\/div>\n<\/div>\n\n\n\n<h2 class=\"wp-block-heading\" id=\"h-o-que-e-a-precarizacao-do-trabalho-e-suas-caracteristicas\"><strong>O que \u00e9 a precariza\u00e7\u00e3o do trabalho e suas caracter\u00edsticas?<\/strong><\/h2>\n\n\n\n<p>A precariza\u00e7\u00e3o do trabalho \u00e9 um processo que torna as condi\u00e7\u00f5es de emprego mais inst\u00e1veis, inseguras e com menos direitos para o trabalhador. Ela ocorre quando as rela\u00e7\u00f5es de trabalho perdem a prote\u00e7\u00e3o que antes existia, como contratos fixos e benef\u00edcios.<\/p>\n\n\n\n<p>Isso significa que o emprego se torna mais fr\u00e1gil, com menos garantias de estabilidade, sal\u00e1rios mais baixos e, muitas vezes, sem acesso a direitos b\u00e1sicos como f\u00e9rias, 13\u00ba sal\u00e1rio ou seguro desemprego. \u00c9 uma mudan\u00e7a na forma como o trabalho \u00e9 organizado e valorizado.<\/p>\n\n\n\n<p>Em resumo, a precariza\u00e7\u00e3o reflete uma diminui\u00e7\u00e3o da qualidade do emprego, onde a seguran\u00e7a e os direitos do trabalhador s\u00e3o reduzidos em busca de uma maior flexibilidade para as empresas.<\/p>\n\n\n\n<p>Suas principais caracter\u00edsticas incluem:<\/p>\n\n\n\n<ul class=\"wp-block-list\">\n<li><strong>Contratos flex\u00edveis e tempor\u00e1rios<\/strong>: predomin\u00e2ncia de contratos por tempo determinado, trabalho intermitente ou por projeto, sem v\u00ednculo empregat\u00edcio fixo;<\/li>\n\n\n\n<li><strong>Aus\u00eancia ou redu\u00e7\u00e3o de direitos<\/strong>: menor acesso a benef\u00edcios como f\u00e9rias remuneradas, 13\u00ba sal\u00e1rio, FGTS, seguro-desemprego e previd\u00eancia social;<\/li>\n\n\n\n<li><strong>Jornadas de trabalho irregulares<\/strong>: hor\u00e1rios imprevis\u00edveis, longas jornadas sem remunera\u00e7\u00e3o extra ou trabalho por demanda, sem garantia de horas m\u00ednimas;<\/li>\n\n\n\n<li><strong>Baixos sal\u00e1rios<\/strong>: remunera\u00e7\u00f5es que muitas vezes n\u00e3o acompanham o custo de vida e est\u00e3o abaixo do que seria considerado justo para a fun\u00e7\u00e3o;<\/li>\n\n\n\n<li><strong>Falta de seguran\u00e7a e sa\u00fade no trabalho<\/strong>: menor investimento em condi\u00e7\u00f5es seguras e saud\u00e1veis, aumentando os riscos de acidentes e doen\u00e7as ocupacionais;<\/li>\n\n\n\n<li><strong>Individualiza\u00e7\u00e3o das rela\u00e7\u00f5es<\/strong>: o trabalhador lida diretamente com a empresa, sem a prote\u00e7\u00e3o de sindicatos ou acordos coletivos.<\/li>\n<\/ul>\n\n\n\n<h2 class=\"wp-block-heading\" id=\"h-as-causas-da-precarizacao-do-trabalho-na-sociedade-atual\"><strong>As causas da precariza\u00e7\u00e3o do trabalho na sociedade atual<\/strong><br><\/h2>\n\n\n\n<p>A precariza\u00e7\u00e3o do trabalho n\u00e3o \u00e9 um fen\u00f4meno isolado, mas resultado de uma s\u00e9rie de mudan\u00e7as na economia e na sociedade. Entender suas causas \u00e9 fundamental para compreender esse complexo poss\u00edvel tema reda\u00e7\u00e3o Enem 2025.<\/p>\n\n\n\n<p>Uma das principais causas \u00e9 a globaliza\u00e7\u00e3o, que intensificou a concorr\u00eancia entre empresas em n\u00edvel mundial. Para reduzir custos e se manterem competitivas, muitas empresas buscam m\u00e3o de obra mais barata e flex\u00edvel, o que leva \u00e0 redu\u00e7\u00e3o de direitos e sal\u00e1rios.<\/p>\n\n\n\n<p>Outro fator importante \u00e9 o avan\u00e7o tecnol\u00f3gico, especialmente a automa\u00e7\u00e3o e a Intelig\u00eancia Artificial (IA). M\u00e1quinas e softwares passaram a realizar tarefas que antes eram feitas por pessoas, diminuindo a necessidade de certos tipos de trabalho e pressionando os sal\u00e1rios para baixo.<\/p>\n\n\n\n<p>Por fim, a busca por maior lucratividade por parte das empresas e a press\u00e3o por resultados r\u00e1pidos tamb\u00e9m impulsionam a precariza\u00e7\u00e3o. Com isso, muitas empresas passam a contratar pessoas sem carteira assinada, at\u00e9 para as fun\u00e7\u00f5es principais. Tamb\u00e9m deixam de oferecer direitos e investem menos em boas condi\u00e7\u00f5es de trabalho.<\/p>\n\n\n\n<h2 class=\"wp-block-heading\" id=\"h-o-futuro-das-profissoes-automacao-ia-e-novas-demandas\"><strong>O futuro das profiss\u00f5es: automa\u00e7\u00e3o, IA e novas demandas<\/strong><br><\/h2>\n\n\n\n<p>Em outro post da nossa s\u00e9rie sobre poss\u00edveis tema reda\u00e7\u00e3o Enem, abordamos o<a href=\"https:\/\/faculdade.grancursosonline.com.br\/blog\/tema-redacao-enem-2025-desinformacao\/\" target=\"_blank\" rel=\"noreferrer noopener\"> <strong>avan\u00e7o da Intelig\u00eancia Artificial e os desafios \u00e9ticos<\/strong><\/a>. No texto, entre os desafios \u00e9ticos, estava presente o impacto da IA no emprego.\u00a0<\/p>\n\n\n\n<p>Muitas tarefas repetitivas e previs\u00edveis que hoje s\u00e3o feitas por humanos tendem a ser assumidas por m\u00e1quinas, o que pode gerar mudan\u00e7as significativas no mercado de trabalho.<\/p>\n\n\n\n<p>No entanto, essa transforma\u00e7\u00e3o n\u00e3o significa o fim do trabalho humano, mas sim uma redefini\u00e7\u00e3o. Enquanto algumas profiss\u00f5es podem desaparecer ou ser alteradas, outras novas surgir\u00e3o e exigir\u00e3o habilidades que as m\u00e1quinas ainda n\u00e3o conseguem desenvolver, como criatividade, empatia e emo\u00e7\u00f5es.<\/p>\n\n\n\n<p>A demanda por profissionais com habilidades digitais e capacidade de adapta\u00e7\u00e3o ser\u00e1 cada vez maior. O futuro do trabalho aponta para a necessidade de aprendizado cont\u00ednuo e para a valoriza\u00e7\u00e3o de compet\u00eancias humanas que complementem a efici\u00eancia das m\u00e1quinas, criando um cen\u00e1rio de colabora\u00e7\u00e3o entre as pessoas e a tecnologia.<\/p>\n\n\n\n<h2 class=\"wp-block-heading\" id=\"h-impactos-da-precarizacao-e-da-transformacao-do-trabalho-na-sociedade\"><strong>Impactos da precariza\u00e7\u00e3o e da transforma\u00e7\u00e3o do trabalho na sociedade<\/strong><br><\/h2>\n\n\n\n<p>A precariza\u00e7\u00e3o e a transforma\u00e7\u00e3o do trabalho t\u00eam impactos profundos na sociedade, afetando n\u00e3o apenas a vida dos trabalhadores, mas tamb\u00e9m a economia e a estrutura da sociedade como um todo. Compreender esses impactos \u00e9 importante para abordar o tema reda\u00e7\u00e3o Enem 2025.<\/p>\n\n\n\n<p>Confira alguns dos principais impactos:<\/p>\n\n\n\n<ul class=\"wp-block-list\">\n<li><strong>Aumento da desigualdade social<\/strong>: a precariza\u00e7\u00e3o tende a gerar concentra\u00e7\u00e3o de renda, pois os lucros das empresas aumentam enquanto os sal\u00e1rios e direitos dos trabalhadores diminuem, aumentando a desigualdade entre ricos e pobres;<\/li>\n\n\n\n<li><strong>Piora na qualidade de vida<\/strong>: trabalhadores precarizados enfrentam maior instabilidade financeira, estresse, falta de seguran\u00e7a e dificuldades para planejar o futuro, impactando sua sa\u00fade f\u00edsica e mental;<\/li>\n\n\n\n<li><strong>Redu\u00e7\u00e3o do poder de compra<\/strong>: com sal\u00e1rios mais baixos e menos benef\u00edcios, o consumo das fam\u00edlias diminui, o que pode desacelerar a economia e afetar o com\u00e9rcio;<\/li>\n\n\n\n<li><strong>Impacto na previd\u00eancia social<\/strong>: a informalidade e a falta de contribui\u00e7\u00e3o para a previd\u00eancia social por parte dos trabalhadores precarizados podem comprometer a sustentabilidade dos sistemas de aposentadoria no futuro;<\/li>\n\n\n\n<li><strong>Aumento da inseguran\u00e7a e medo<\/strong>: a constante amea\u00e7a de perder o emprego ou de ter suas condi\u00e7\u00f5es de trabalho pioradas gera um ambiente de inseguran\u00e7a que afeta a produtividade e a sa\u00fade mental.<\/li>\n<\/ul>\n\n\n\n<h2 class=\"wp-block-heading\" id=\"h-precarizacao-do-trabalho-e-o-futuro-das-profissoes-um-possivel-tema-redacao-enem-2025\"><strong>Precariza\u00e7\u00e3o do trabalho e o futuro das profiss\u00f5es: um poss\u00edvel Tema Reda\u00e7\u00e3o Enem 2025?<\/strong><br><\/h2>\n\n\n\n<p>A precariza\u00e7\u00e3o do trabalho e o futuro das profiss\u00f5es s\u00e3o um forte candidato a tema reda\u00e7\u00e3o Enem 2025 por sua relev\u00e2ncia e complexidade. Como sabemos, o exame busca temas que reflitam os desafios contempor\u00e2neos da sociedade brasileira e global, e o mundo do trabalho est\u00e1 passando por uma das maiores transforma\u00e7\u00f5es j\u00e1 vistas.<\/p>\n\n\n\n<p>Este tema permite uma abordagem interdisciplinar, adentrando conhecimentos de Sociologia (rela\u00e7\u00f5es de trabalho, desigualdade), Hist\u00f3ria (revolu\u00e7\u00f5es industriais), Filosofia (\u00e9tica do trabalho, dignidade humana) e at\u00e9 Tecnologia (IA, automa\u00e7\u00e3o). Essa amplitude \u00e9 valorizada no Enem, pois permite ao estudante ser avaliado de forma mais ampla.<\/p>\n\n\n\n<p>Al\u00e9m disso, o tema \u00e9 prop\u00edcio para a elabora\u00e7\u00e3o de propostas de interven\u00e7\u00e3o detalhadas e vi\u00e1veis. O Enem cobra que o participante n\u00e3o apenas discuta um problema, mas tamb\u00e9m apresente solu\u00e7\u00f5es.&nbsp;<\/p>\n\n\n\n<h2 class=\"wp-block-heading\" id=\"h-como-abordar-a-precarizacao-e-o-futuro-do-trabalho-na-redacao-do-enem\"><strong>Como abordar a precariza\u00e7\u00e3o e o futuro do trabalho na reda\u00e7\u00e3o do Enem<\/strong><br><\/h2>\n\n\n\n<p>Para construir uma reda\u00e7\u00e3o impactante sobre o tema reda\u00e7\u00e3o Enem 2025 &#8220;Precariza\u00e7\u00e3o do trabalho e o futuro das profiss\u00f5es&#8221;, \u00e9 fundamental organizar suas ideias de forma clara e argumentativa. Lembre-se de montar um texto com estrutura dissertativo-argumentativa, conforme o exame pede.<\/p>\n\n\n\n<p>Veja algumas dicas de como estruturar seus argumentos para abordar o tema:<\/p>\n\n\n\n<ul class=\"wp-block-list\">\n<li><strong>Introdu\u00e7\u00e3o<\/strong>: comece contextualizando a transforma\u00e7\u00e3o do mundo do trabalho e a ascens\u00e3o da precariza\u00e7\u00e3o. Apresente a tese de que esse cen\u00e1rio exige uma reflex\u00e3o sobre o futuro das profiss\u00f5es e a necessidade de novas abordagens para garantir a dignidade do trabalhador;<\/li>\n<\/ul>\n\n\n\n<ul class=\"wp-block-list\">\n<li><strong>Desenvolvimento (argumenta\u00e7\u00e3o)<\/strong>: dedique cada par\u00e1grafo a um aspecto do tema. Por exemplo, um par\u00e1grafo pode discutir as causas da precariza\u00e7\u00e3o (globaliza\u00e7\u00e3o, tecnologia), outro os impactos sociais (desigualdade, sa\u00fade mental), e um terceiro sobre como a automa\u00e7\u00e3o e a IA redefinem as profiss\u00f5es;<\/li>\n<\/ul>\n\n\n\n<ul class=\"wp-block-list\">\n<li><strong>Conecte os conceitos<\/strong>: mostre como a precariza\u00e7\u00e3o e o avan\u00e7o tecnol\u00f3gico est\u00e3o interligados, n\u00e3o como problemas isolados, mas como parte da mesma transforma\u00e7\u00e3o;<\/li>\n<\/ul>\n\n\n\n<ul class=\"wp-block-list\">\n<li><strong>Use repert\u00f3rio sociocultural<\/strong>: O Enem d\u00e1 valor nisso. Busque integrar filmes, livros, pensadores ou eventos atuais que se relacionem com o trabalho, a tecnologia e a sociedade para enriquecer sua argumenta\u00e7\u00e3o;<\/li>\n<\/ul>\n\n\n\n<ul class=\"wp-block-list\">\n<li><strong>Conclus\u00e3o (proposta de interven\u00e7\u00e3o)<\/strong>: apresente solu\u00e7\u00f5es concretas e detalhadas para solucionar a precariza\u00e7\u00e3o e preparar a sociedade para o futuro do trabalho. Lembre-se de incluir o agente (quem far\u00e1), a a\u00e7\u00e3o (o que ser\u00e1 feito), o meio\/modo (como ser\u00e1 feito) e a finalidade (para que servir\u00e1). Por exemplo, o governo pode investir em pol\u00edticas de requalifica\u00e7\u00e3o profissional, as empresas podem adotar modelos de trabalho mais justos, e as escolas podem focar no desenvolvimento de habilidades do futuro.<\/li>\n<\/ul>\n\n\n\n<h2 class=\"wp-block-heading\" id=\"h-dicas-finais-para-uma-redacao-de-sucesso-sobre-o-tema\"><strong>Dicas finais para uma reda\u00e7\u00e3o de sucesso sobre o tema<\/strong><br><\/h2>\n\n\n\n<p>Para garantir uma boa nota no tema reda\u00e7\u00e3o Enem 2025 sobre precariza\u00e7\u00e3o do trabalho e o futuro das profiss\u00f5es, al\u00e9m de um bom conte\u00fado, a forma \u00e9 importante.<\/p>\n\n\n\n<p>Confira dicas que podem ser \u00fateis:<\/p>\n\n\n\n<ul class=\"wp-block-list\">\n<li><strong>Mantenha a linguagem formal e objetiva<\/strong>: Evite dialetos e express\u00f5es informais. Use a norma-padr\u00e3o da l\u00edngua portuguesa;<\/li>\n\n\n\n<li><strong>Seja preciso nos conceitos<\/strong>: diferencie &#8220;precariza\u00e7\u00e3o&#8221; de &#8220;desemprego&#8221; ou &#8220;informalidade&#8221;, embora estejam relacionados. Mostre que voc\u00ea entende as nuances do tema;<\/li>\n\n\n\n<li><strong>Evite o senso comum<\/strong>: fuja de frases gen\u00e9ricas. Aprofunde-se nas causas, consequ\u00eancias e solu\u00e7\u00f5es, apresentando an\u00e1lises cr\u00edticas e fundamentadas;<\/li>\n\n\n\n<li><strong>Revise a gram\u00e1tica e a coes\u00e3o<\/strong>: Administre bem o seu tempo de prova e fa\u00e7a bom uso da sua folha de reda\u00e7\u00e3o. Erros de portugu\u00eas podem prejudicar sua nota. Leia e releia sua reda\u00e7\u00e3o com aten\u00e7\u00e3o, verifique a acentua\u00e7\u00e3o, reg\u00eancia, pontua\u00e7\u00e3o e a clareza das frases;<\/li>\n\n\n\n<li><strong>Proponha solu\u00e7\u00f5es vi\u00e1veis<\/strong>: sua proposta de interven\u00e7\u00e3o deve ser realista e detalhada, mostrando como \u00e9 poss\u00edvel construir um futuro do trabalho mais justo e adaptado \u00e0s novas realidades.<\/li>\n<\/ul>\n\n\n\n<h2 class=\"wp-block-heading\" id=\"h-redacao-nota-mil-comece-a-preparar-a-sua-agora\">Reda\u00e7\u00e3o Nota Mil: Comece a preparar a sua agora!<\/h2>\n\n\n\n<p>Seja no Enem, em vestibulares ou at\u00e9 mesmo nos concursos p\u00fablicos, surge a necessidade de dominar t\u00e9cnicas de escrita para obter um bom desempenho nas provas dissertativas.<\/p>\n\n\n\n<p>Se voc\u00ea quer escrever melhor e conseguir pontuar bem na Reda\u00e7\u00e3o, baixe gratuitamente o Guia que a Gran Faculdade preparou para voc\u00ea. Basta preencher o formul\u00e1rio abaixo:<\/p>\n\n\n\n<script charset=\"utf-8\" type=\"text\/javascript\" src=\"\/\/js.hsforms.net\/forms\/embed\/v2.js\"><\/script>\n<script>\n  hbspt.forms.create({\n    portalId: \"302036\",\n    formId: \"d401baf7-44f0-4c45-82dd-b63f4ebc4740\",\n    region: \"na1\"\n  });\n<\/script>\n\n\n\n<div class=\"wp-block-group has-background\" style=\"background-color:#8dd2fc7a\"><div class=\"wp-block-group__inner-container is-layout-constrained wp-block-group-is-layout-constrained\">\n<p><strong>Outras not\u00edcias em destaque:<\/strong><\/p>\n\n\n\n<ul class=\"wp-block-list\">\n<li><a href=\"https:\/\/faculdade.grancursosonline.com.br\/blog\/tema-redacao-enem-2025-o-avanco-da-ia\/\" target=\"_blank\" rel=\"noreferrer noopener\">Tema Reda\u00e7\u00e3o Enem 2025: O avan\u00e7o da Intelig\u00eancia Artificial e os desafios \u00e9ticos<\/a><\/li>\n\n\n\n<li><a href=\"https:\/\/faculdade.grancursosonline.com.br\/blog\/tema-redacao-enem-2025-crise-ambiental\/\" target=\"_blank\" rel=\"noreferrer noopener\">Tema Reda\u00e7\u00e3o Enem 2025: Crise ambiental e responsabilidade coletiva<\/a><\/li>\n\n\n\n<li><a href=\"https:\/\/faculdade.grancursosonline.com.br\/blog\/tema-redacao-enem-2025-desinformacao\/\" target=\"_blank\" rel=\"noreferrer noopener\">Tema Reda\u00e7\u00e3o Enem 2025: Papel da educa\u00e7\u00e3o no combate \u00e0 desinforma\u00e7\u00e3o<\/a><\/li>\n<\/ul>\n<\/div><\/div>\n\n\n\n<div class=\"wp-block-group\"><div class=\"wp-block-group__inner-container is-layout-constrained wp-block-group-is-layout-constrained\">\n<div class=\"wp-block-group\"><div class=\"wp-block-group__inner-container is-layout-constrained wp-block-group-is-layout-constrained\">\n<section style=\"text-align: center;\">\n<p>Quer ficar por dentro da Faculdade Digital mais inovadora do Brasil?<\/p>\n<nav>\n<p class=\"has-background has-dark-bluish-background-color\" style=\"font-size: 25px; text-align: center; background: #f0f0f0; color: #ffffff; padding: 4px 0px 4xp 0px;\"><a style=\"color: #0d134c; text-decoration: underline;\" href=\"https:\/\/faculdade.grancursosonline.com.br\/\" target=\"_blank\" rel=\"noopener\">GRADUA\u00c7\u00c3O<\/a><\/p>\n<p class=\"has-background has-dark-bluish-background-color\" style=\"font-size: 25px; text-align: center; background: #f0f0f0; color: #ffffff; padding: 4px 0px 4xp 0px;\"><a style=\"color: #0d134c; text-decoration: underline;\" href=\"https:\/\/pos.grancursosonline.com.br\/\" target=\"_blank\" rel=\"noopener\">P\u00d3S-GRADUA\u00c7\u00c3O<\/a><\/p>\n<p class=\"has-background has-dark-bluish-background-color\" style=\"font-size: 25px; text-align: center; background: #f0f0f0; color: #ffffff; padding: 4px 0px 4xp 0px;\"><a style=\"color: #0d134c; text-decoration: underline;\" href=\"https:\/\/faculdade.grancursosonline.com.br\/nossos-cursos\/\" target=\"_blank\" rel=\"noopener\">TUDO SOBRE A GRAN FACULDADE<\/a><\/p>\n<\/nav>\n<p><strong>Receba <span style=\"color: #cf1e25;\">gratuitamente<\/span> no seu celular as principais not\u00edcias sobre a Gran Faculdade! <br \/>Clique no link abaixo e inscreva-se:<\/strong><\/p>\n<p class=\"has-background has-dark-bluish-background-color\" style=\"font-size: 25px; text-align: center; background: #f0f0f0; color: #ffffff; padding: 4px 0px 4xp 0px;\"><a style=\"color: #0d134c; text-decoration: underline;\" href=\"https:\/\/whatsapp.com\/channel\/0029VaG1sChI7Be7PNndhL43\" target=\"_blank\" rel=\"noopener noreferrer\">WHATSAPP<\/a><\/p>\n<p class=\"has-background has-dark-bluish-background-color\" style=\"font-size: 25px; text-align: center; background: #f0f0f0; color: #ffffff; padding: 4px 0px 4xp 0px;\"><a style=\"color: #0d134c; text-decoration: underline;\" href=\"https:\/\/t.me\/GranFaculdade\" target=\"_blank\" rel=\"noopener noreferrer\">TELEGRAM<\/a><\/p>\n<\/section>\n<\/div><\/div>\n<\/div><\/div>\n","protected":false},"excerpt":{"rendered":"<p>O tema reda\u00e7\u00e3o Enem sempre prop\u00f5e reflex\u00f5es sobre quest\u00f5es importantes que afetam a vida em sociedade. Em geral, os temas escolhidos pelo Exame Nacional do Ensino M\u00e9dio (Enem) envolvem desafios sociais, culturais ou econ\u00f4micos que exigem do estudante pensamento cr\u00edtico e boa argumenta\u00e7\u00e3o. Pensando nisso, n\u00f3s da Gran Faculdade iniciamos uma s\u00e9rie de posts focados&hellip;<\/p>\n","protected":false},"author":514,"featured_media":79754998,"comment_status":"open","ping_status":"open","sticky":false,"template":"","format":"standard","meta":{"_acf_changed":false,"content-type":"","footnotes":""},"categories":[1543,219790,218545,2],"tags":[],"class_list":["post-79754997","post","type-post","status-publish","format-standard","has-post-thumbnail","hentry","category-enem","category-graduacao-ead","category-graduacao","category-ultimas-noticias"],"acf":[],"yoast_head":"<!-- This site is optimized with the Yoast SEO Premium plugin v27.2 (Yoast SEO v27.2) - https:\/\/yoast.com\/product\/yoast-seo-premium-wordpress\/ -->\n<title>Tema Reda\u00e7\u00e3o Enem 2025: Precariza\u00e7\u00e3o do trabalho e o futuro das profiss\u00f5es<\/title>\n<meta name=\"description\" content=\"Tema reda\u00e7\u00e3o Enem 2025: precariza\u00e7\u00e3o do trabalho e o futuro das profiss\u00f5es, confira como redigir uma boa reda\u00e7\u00e3o sobre o poss\u00edvel tema!\" \/>\n<meta name=\"robots\" content=\"index, follow, max-snippet:-1, max-image-preview:large, max-video-preview:-1\" \/>\n<link rel=\"canonical\" href=\"https:\/\/faculdade.grancursosonline.com.br\/blog\/tema-redacao-enem-2025-precarizacao-do-trabalho\/\" \/>\n<meta property=\"og:locale\" content=\"pt_BR\" \/>\n<meta property=\"og:type\" content=\"article\" \/>\n<meta property=\"og:title\" content=\"Tema Reda\u00e7\u00e3o Enem 2025: Precariza\u00e7\u00e3o do trabalho e o futuro das profiss\u00f5es\" \/>\n<meta property=\"og:description\" content=\"Tema reda\u00e7\u00e3o Enem 2025: precariza\u00e7\u00e3o do trabalho e o futuro das profiss\u00f5es, confira como redigir uma boa reda\u00e7\u00e3o sobre o poss\u00edvel tema!\" \/>\n<meta property=\"og:url\" content=\"https:\/\/faculdade.grancursosonline.com.br\/blog\/tema-redacao-enem-2025-precarizacao-do-trabalho\/\" \/>\n<meta property=\"og:site_name\" content=\"Blog Gran Faculdade\" \/>\n<meta property=\"article:publisher\" content=\"https:\/\/www.facebook.com\/grancursosonline\/\" \/>\n<meta property=\"article:published_time\" content=\"2025-06-19T13:18:00+00:00\" \/>\n<meta property=\"og:image\" content=\"https:\/\/blog-es-static.infra.grancursosonline.com.br\/wp-content\/uploads\/2025\/06\/18182130\/tema-redacao-Enem-2025-2-1.jpg\" \/>\n\t<meta property=\"og:image:width\" content=\"511\" \/>\n\t<meta property=\"og:image:height\" content=\"311\" \/>\n\t<meta property=\"og:image:type\" content=\"image\/jpeg\" \/>\n<meta name=\"author\" content=\"Guilherme Henrique\" \/>\n<meta name=\"twitter:card\" content=\"summary_large_image\" \/>\n<meta name=\"twitter:creator\" content=\"@gran_online\" \/>\n<meta name=\"twitter:site\" content=\"@gran_online\" \/>\n<meta name=\"twitter:label1\" content=\"Written by\" \/>\n\t<meta name=\"twitter:data1\" content=\"Guilherme Henrique\" \/>\n\t<meta name=\"twitter:label2\" content=\"Est. reading time\" \/>\n\t<meta name=\"twitter:data2\" content=\"11 minutos\" \/>\n<script type=\"application\/ld+json\" class=\"yoast-schema-graph\">{\"@context\":\"https:\/\/schema.org\",\"@graph\":[{\"@type\":\"NewsArticle\",\"@id\":\"https:\/\/faculdade.grancursosonline.com.br\/blog\/tema-redacao-enem-2025-precarizacao-do-trabalho\/#article\",\"isPartOf\":{\"@id\":\"https:\/\/faculdade.grancursosonline.com.br\/blog\/tema-redacao-enem-2025-precarizacao-do-trabalho\/\"},\"author\":{\"name\":\"Guilherme Henrique\",\"@id\":\"https:\/\/faculdade.grancursosonline.com.br\/blog\/#\/schema\/person\/9745f9b6db8976613c1f439dbcfe717d\"},\"headline\":\"Tema Reda\u00e7\u00e3o Enem 2025: Precariza\u00e7\u00e3o do trabalho e o futuro das profiss\u00f5es\",\"datePublished\":\"2025-06-19T13:18:00+00:00\",\"mainEntityOfPage\":{\"@id\":\"https:\/\/faculdade.grancursosonline.com.br\/blog\/tema-redacao-enem-2025-precarizacao-do-trabalho\/\"},\"wordCount\":1896,\"commentCount\":0,\"publisher\":{\"@id\":\"https:\/\/faculdade.grancursosonline.com.br\/blog\/#organization\"},\"image\":{\"@id\":\"https:\/\/faculdade.grancursosonline.com.br\/blog\/tema-redacao-enem-2025-precarizacao-do-trabalho\/#primaryimage\"},\"thumbnailUrl\":\"https:\/\/blog-es-static.infra.grancursosonline.com.br\/wp-content\/uploads\/2025\/06\/18182117\/tema-redacao-Enem-2025-1.jpg\",\"articleSection\":[\"ENEM\",\"Gradua\u00e7\u00e3o EAD\",\"Gradua\u00e7\u00e3o Gran Faculdade\",\"\u00daltimas Not\u00edcias\"],\"inLanguage\":\"pt-BR\",\"potentialAction\":[{\"@type\":\"CommentAction\",\"name\":\"Comment\",\"target\":[\"https:\/\/faculdade.grancursosonline.com.br\/blog\/tema-redacao-enem-2025-precarizacao-do-trabalho\/#respond\"]}],\"copyrightYear\":\"2025\",\"copyrightHolder\":{\"@id\":\"https:\/\/faculdade.grancursosonline.com.br\/blog\/#organization\"}},{\"@type\":\"WebPage\",\"@id\":\"https:\/\/faculdade.grancursosonline.com.br\/blog\/tema-redacao-enem-2025-precarizacao-do-trabalho\/\",\"url\":\"https:\/\/faculdade.grancursosonline.com.br\/blog\/tema-redacao-enem-2025-precarizacao-do-trabalho\/\",\"name\":\"Tema Reda\u00e7\u00e3o Enem 2025: Precariza\u00e7\u00e3o do trabalho e o futuro das profiss\u00f5es\",\"isPartOf\":{\"@id\":\"https:\/\/faculdade.grancursosonline.com.br\/blog\/#website\"},\"primaryImageOfPage\":{\"@id\":\"https:\/\/faculdade.grancursosonline.com.br\/blog\/tema-redacao-enem-2025-precarizacao-do-trabalho\/#primaryimage\"},\"image\":{\"@id\":\"https:\/\/faculdade.grancursosonline.com.br\/blog\/tema-redacao-enem-2025-precarizacao-do-trabalho\/#primaryimage\"},\"thumbnailUrl\":\"https:\/\/blog-es-static.infra.grancursosonline.com.br\/wp-content\/uploads\/2025\/06\/18182117\/tema-redacao-Enem-2025-1.jpg\",\"datePublished\":\"2025-06-19T13:18:00+00:00\",\"description\":\"Tema reda\u00e7\u00e3o Enem 2025: precariza\u00e7\u00e3o do trabalho e o futuro das profiss\u00f5es, confira como redigir uma boa reda\u00e7\u00e3o sobre o poss\u00edvel tema!\",\"breadcrumb\":{\"@id\":\"https:\/\/faculdade.grancursosonline.com.br\/blog\/tema-redacao-enem-2025-precarizacao-do-trabalho\/#breadcrumb\"},\"inLanguage\":\"pt-BR\",\"potentialAction\":[{\"@type\":\"ReadAction\",\"target\":[\"https:\/\/faculdade.grancursosonline.com.br\/blog\/tema-redacao-enem-2025-precarizacao-do-trabalho\/\"]}]},{\"@type\":\"ImageObject\",\"inLanguage\":\"pt-BR\",\"@id\":\"https:\/\/faculdade.grancursosonline.com.br\/blog\/tema-redacao-enem-2025-precarizacao-do-trabalho\/#primaryimage\",\"url\":\"https:\/\/blog-es-static.infra.grancursosonline.com.br\/wp-content\/uploads\/2025\/06\/18182117\/tema-redacao-Enem-2025-1.jpg\",\"contentUrl\":\"https:\/\/blog-es-static.infra.grancursosonline.com.br\/wp-content\/uploads\/2025\/06\/18182117\/tema-redacao-Enem-2025-1.jpg\",\"width\":1001,\"height\":601,\"caption\":\"Tema Reda\u00e7\u00e3o Enem 2025: Precariza\u00e7\u00e3o do trabalho e o futuro das profiss\u00f5es\"},{\"@type\":\"BreadcrumbList\",\"@id\":\"https:\/\/faculdade.grancursosonline.com.br\/blog\/tema-redacao-enem-2025-precarizacao-do-trabalho\/#breadcrumb\",\"itemListElement\":[{\"@type\":\"ListItem\",\"position\":1,\"name\":\"In\u00edcio\",\"item\":\"https:\/\/faculdade.grancursosonline.com.br\/blog\/\"},{\"@type\":\"ListItem\",\"position\":2,\"name\":\"ENEM\",\"item\":\"https:\/\/faculdade.grancursosonline.com.br\/blog\/enem\/\"},{\"@type\":\"ListItem\",\"position\":3,\"name\":\"Tema Reda\u00e7\u00e3o Enem 2025: Precariza\u00e7\u00e3o do trabalho e o futuro das profiss\u00f5es\"}]},{\"@type\":\"WebSite\",\"@id\":\"https:\/\/faculdade.grancursosonline.com.br\/blog\/#website\",\"url\":\"https:\/\/faculdade.grancursosonline.com.br\/blog\/\",\"name\":\"Blog Gran Faculdade\",\"description\":\"Tudo sobre ensino superior, p\u00f3s-gradua\u00e7\u00e3o, enem e carreira.\",\"publisher\":{\"@id\":\"https:\/\/faculdade.grancursosonline.com.br\/blog\/#organization\"},\"potentialAction\":[{\"@type\":\"SearchAction\",\"target\":{\"@type\":\"EntryPoint\",\"urlTemplate\":\"https:\/\/faculdade.grancursosonline.com.br\/blog\/?s={search_term_string}\"},\"query-input\":{\"@type\":\"PropertyValueSpecification\",\"valueRequired\":true,\"valueName\":\"search_term_string\"}}],\"inLanguage\":\"pt-BR\"},{\"@type\":\"Organization\",\"@id\":\"https:\/\/faculdade.grancursosonline.com.br\/blog\/#organization\",\"name\":\"Gran Cursos Online\",\"url\":\"https:\/\/faculdade.grancursosonline.com.br\/blog\/\",\"logo\":{\"@type\":\"ImageObject\",\"inLanguage\":\"pt-BR\",\"@id\":\"https:\/\/faculdade.grancursosonline.com.br\/blog\/#\/schema\/logo\/image\/\",\"url\":\"https:\/\/blog-es-static.infra.grancursosonline.com.br\/wp-content\/uploads\/2019\/08\/03123934\/logo.png\",\"contentUrl\":\"https:\/\/blog-es-static.infra.grancursosonline.com.br\/wp-content\/uploads\/2019\/08\/03123934\/logo.png\",\"width\":300,\"height\":57,\"caption\":\"Gran Cursos Online\"},\"image\":{\"@id\":\"https:\/\/faculdade.grancursosonline.com.br\/blog\/#\/schema\/logo\/image\/\"},\"sameAs\":[\"https:\/\/www.facebook.com\/grancursosonline\/\",\"https:\/\/x.com\/gran_online\",\"https:\/\/www.instagram.com\/grancursosonline\/\",\"https:\/\/www.youtube.com\/user\/grancursostv\"]},{\"@type\":\"Person\",\"@id\":\"https:\/\/faculdade.grancursosonline.com.br\/blog\/#\/schema\/person\/9745f9b6db8976613c1f439dbcfe717d\",\"name\":\"Guilherme Henrique\",\"url\":\"https:\/\/faculdade.grancursosonline.com.br\/blog\/author\/guilherme-lourenco\/\"}]}<\/script>\n<!-- \/ Yoast SEO Premium plugin. -->","yoast_head_json":{"title":"Tema Reda\u00e7\u00e3o Enem 2025: Precariza\u00e7\u00e3o do trabalho e o futuro das profiss\u00f5es","description":"Tema reda\u00e7\u00e3o Enem 2025: precariza\u00e7\u00e3o do trabalho e o futuro das profiss\u00f5es, confira como redigir uma boa reda\u00e7\u00e3o sobre o poss\u00edvel tema!","robots":{"index":"index","follow":"follow","max-snippet":"max-snippet:-1","max-image-preview":"max-image-preview:large","max-video-preview":"max-video-preview:-1"},"canonical":"https:\/\/faculdade.grancursosonline.com.br\/blog\/tema-redacao-enem-2025-precarizacao-do-trabalho\/","og_locale":"pt_BR","og_type":"article","og_title":"Tema Reda\u00e7\u00e3o Enem 2025: Precariza\u00e7\u00e3o do trabalho e o futuro das profiss\u00f5es","og_description":"Tema reda\u00e7\u00e3o Enem 2025: precariza\u00e7\u00e3o do trabalho e o futuro das profiss\u00f5es, confira como redigir uma boa reda\u00e7\u00e3o sobre o poss\u00edvel tema!","og_url":"https:\/\/faculdade.grancursosonline.com.br\/blog\/tema-redacao-enem-2025-precarizacao-do-trabalho\/","og_site_name":"Blog Gran Faculdade","article_publisher":"https:\/\/www.facebook.com\/grancursosonline\/","article_published_time":"2025-06-19T13:18:00+00:00","og_image":[{"width":511,"height":311,"url":"https:\/\/blog-es-static.infra.grancursosonline.com.br\/wp-content\/uploads\/2025\/06\/18182130\/tema-redacao-Enem-2025-2-1.jpg","type":"image\/jpeg"}],"author":"Guilherme Henrique","twitter_card":"summary_large_image","twitter_creator":"@gran_online","twitter_site":"@gran_online","twitter_misc":{"Written by":"Guilherme Henrique","Est. reading time":"11 minutos"},"schema":{"@context":"https:\/\/schema.org","@graph":[{"@type":"NewsArticle","@id":"https:\/\/faculdade.grancursosonline.com.br\/blog\/tema-redacao-enem-2025-precarizacao-do-trabalho\/#article","isPartOf":{"@id":"https:\/\/faculdade.grancursosonline.com.br\/blog\/tema-redacao-enem-2025-precarizacao-do-trabalho\/"},"author":{"name":"Guilherme Henrique","@id":"https:\/\/faculdade.grancursosonline.com.br\/blog\/#\/schema\/person\/9745f9b6db8976613c1f439dbcfe717d"},"headline":"Tema Reda\u00e7\u00e3o Enem 2025: Precariza\u00e7\u00e3o do trabalho e o futuro das profiss\u00f5es","datePublished":"2025-06-19T13:18:00+00:00","mainEntityOfPage":{"@id":"https:\/\/faculdade.grancursosonline.com.br\/blog\/tema-redacao-enem-2025-precarizacao-do-trabalho\/"},"wordCount":1896,"commentCount":0,"publisher":{"@id":"https:\/\/faculdade.grancursosonline.com.br\/blog\/#organization"},"image":{"@id":"https:\/\/faculdade.grancursosonline.com.br\/blog\/tema-redacao-enem-2025-precarizacao-do-trabalho\/#primaryimage"},"thumbnailUrl":"https:\/\/blog-es-static.infra.grancursosonline.com.br\/wp-content\/uploads\/2025\/06\/18182117\/tema-redacao-Enem-2025-1.jpg","articleSection":["ENEM","Gradua\u00e7\u00e3o EAD","Gradua\u00e7\u00e3o Gran Faculdade","\u00daltimas Not\u00edcias"],"inLanguage":"pt-BR","potentialAction":[{"@type":"CommentAction","name":"Comment","target":["https:\/\/faculdade.grancursosonline.com.br\/blog\/tema-redacao-enem-2025-precarizacao-do-trabalho\/#respond"]}],"copyrightYear":"2025","copyrightHolder":{"@id":"https:\/\/faculdade.grancursosonline.com.br\/blog\/#organization"}},{"@type":"WebPage","@id":"https:\/\/faculdade.grancursosonline.com.br\/blog\/tema-redacao-enem-2025-precarizacao-do-trabalho\/","url":"https:\/\/faculdade.grancursosonline.com.br\/blog\/tema-redacao-enem-2025-precarizacao-do-trabalho\/","name":"Tema Reda\u00e7\u00e3o Enem 2025: Precariza\u00e7\u00e3o do trabalho e o futuro das profiss\u00f5es","isPartOf":{"@id":"https:\/\/faculdade.grancursosonline.com.br\/blog\/#website"},"primaryImageOfPage":{"@id":"https:\/\/faculdade.grancursosonline.com.br\/blog\/tema-redacao-enem-2025-precarizacao-do-trabalho\/#primaryimage"},"image":{"@id":"https:\/\/faculdade.grancursosonline.com.br\/blog\/tema-redacao-enem-2025-precarizacao-do-trabalho\/#primaryimage"},"thumbnailUrl":"https:\/\/blog-es-static.infra.grancursosonline.com.br\/wp-content\/uploads\/2025\/06\/18182117\/tema-redacao-Enem-2025-1.jpg","datePublished":"2025-06-19T13:18:00+00:00","description":"Tema reda\u00e7\u00e3o Enem 2025: precariza\u00e7\u00e3o do trabalho e o futuro das profiss\u00f5es, confira como redigir uma boa reda\u00e7\u00e3o sobre o poss\u00edvel tema!","breadcrumb":{"@id":"https:\/\/faculdade.grancursosonline.com.br\/blog\/tema-redacao-enem-2025-precarizacao-do-trabalho\/#breadcrumb"},"inLanguage":"pt-BR","potentialAction":[{"@type":"ReadAction","target":["https:\/\/faculdade.grancursosonline.com.br\/blog\/tema-redacao-enem-2025-precarizacao-do-trabalho\/"]}]},{"@type":"ImageObject","inLanguage":"pt-BR","@id":"https:\/\/faculdade.grancursosonline.com.br\/blog\/tema-redacao-enem-2025-precarizacao-do-trabalho\/#primaryimage","url":"https:\/\/blog-es-static.infra.grancursosonline.com.br\/wp-content\/uploads\/2025\/06\/18182117\/tema-redacao-Enem-2025-1.jpg","contentUrl":"https:\/\/blog-es-static.infra.grancursosonline.com.br\/wp-content\/uploads\/2025\/06\/18182117\/tema-redacao-Enem-2025-1.jpg","width":1001,"height":601,"caption":"Tema Reda\u00e7\u00e3o Enem 2025: Precariza\u00e7\u00e3o do trabalho e o futuro das profiss\u00f5es"},{"@type":"BreadcrumbList","@id":"https:\/\/faculdade.grancursosonline.com.br\/blog\/tema-redacao-enem-2025-precarizacao-do-trabalho\/#breadcrumb","itemListElement":[{"@type":"ListItem","position":1,"name":"In\u00edcio","item":"https:\/\/faculdade.grancursosonline.com.br\/blog\/"},{"@type":"ListItem","position":2,"name":"ENEM","item":"https:\/\/faculdade.grancursosonline.com.br\/blog\/enem\/"},{"@type":"ListItem","position":3,"name":"Tema Reda\u00e7\u00e3o Enem 2025: Precariza\u00e7\u00e3o do trabalho e o futuro das profiss\u00f5es"}]},{"@type":"WebSite","@id":"https:\/\/faculdade.grancursosonline.com.br\/blog\/#website","url":"https:\/\/faculdade.grancursosonline.com.br\/blog\/","name":"Blog Gran Faculdade","description":"Tudo sobre ensino superior, p\u00f3s-gradua\u00e7\u00e3o, enem e carreira.","publisher":{"@id":"https:\/\/faculdade.grancursosonline.com.br\/blog\/#organization"},"potentialAction":[{"@type":"SearchAction","target":{"@type":"EntryPoint","urlTemplate":"https:\/\/faculdade.grancursosonline.com.br\/blog\/?s={search_term_string}"},"query-input":{"@type":"PropertyValueSpecification","valueRequired":true,"valueName":"search_term_string"}}],"inLanguage":"pt-BR"},{"@type":"Organization","@id":"https:\/\/faculdade.grancursosonline.com.br\/blog\/#organization","name":"Gran Cursos Online","url":"https:\/\/faculdade.grancursosonline.com.br\/blog\/","logo":{"@type":"ImageObject","inLanguage":"pt-BR","@id":"https:\/\/faculdade.grancursosonline.com.br\/blog\/#\/schema\/logo\/image\/","url":"https:\/\/blog-es-static.infra.grancursosonline.com.br\/wp-content\/uploads\/2019\/08\/03123934\/logo.png","contentUrl":"https:\/\/blog-es-static.infra.grancursosonline.com.br\/wp-content\/uploads\/2019\/08\/03123934\/logo.png","width":300,"height":57,"caption":"Gran Cursos Online"},"image":{"@id":"https:\/\/faculdade.grancursosonline.com.br\/blog\/#\/schema\/logo\/image\/"},"sameAs":["https:\/\/www.facebook.com\/grancursosonline\/","https:\/\/x.com\/gran_online","https:\/\/www.instagram.com\/grancursosonline\/","https:\/\/www.youtube.com\/user\/grancursostv"]},{"@type":"Person","@id":"https:\/\/faculdade.grancursosonline.com.br\/blog\/#\/schema\/person\/9745f9b6db8976613c1f439dbcfe717d","name":"Guilherme Henrique","url":"https:\/\/faculdade.grancursosonline.com.br\/blog\/author\/guilherme-lourenco\/"}]}},"_links":{"self":[{"href":"https:\/\/faculdade.grancursosonline.com.br\/blog\/wp-json\/wp\/v2\/posts\/79754997","targetHints":{"allow":["GET"]}}],"collection":[{"href":"https:\/\/faculdade.grancursosonline.com.br\/blog\/wp-json\/wp\/v2\/posts"}],"about":[{"href":"https:\/\/faculdade.grancursosonline.com.br\/blog\/wp-json\/wp\/v2\/types\/post"}],"author":[{"embeddable":true,"href":"https:\/\/faculdade.grancursosonline.com.br\/blog\/wp-json\/wp\/v2\/users\/514"}],"replies":[{"embeddable":true,"href":"https:\/\/faculdade.grancursosonline.com.br\/blog\/wp-json\/wp\/v2\/comments?post=79754997"}],"version-history":[{"count":1,"href":"https:\/\/faculdade.grancursosonline.com.br\/blog\/wp-json\/wp\/v2\/posts\/79754997\/revisions"}],"predecessor-version":[{"id":79755000,"href":"https:\/\/faculdade.grancursosonline.com.br\/blog\/wp-json\/wp\/v2\/posts\/79754997\/revisions\/79755000"}],"wp:featuredmedia":[{"embeddable":true,"href":"https:\/\/faculdade.grancursosonline.com.br\/blog\/wp-json\/wp\/v2\/media\/79754998"}],"wp:attachment":[{"href":"https:\/\/faculdade.grancursosonline.com.br\/blog\/wp-json\/wp\/v2\/media?parent=79754997"}],"wp:term":[{"taxonomy":"category","embeddable":true,"href":"https:\/\/faculdade.grancursosonline.com.br\/blog\/wp-json\/wp\/v2\/categories?post=79754997"},{"taxonomy":"post_tag","embeddable":true,"href":"https:\/\/faculdade.grancursosonline.com.br\/blog\/wp-json\/wp\/v2\/tags?post=79754997"}],"curies":[{"name":"wp","href":"https:\/\/api.w.org\/{rel}","templated":true}]}}