{"id":79755544,"date":"2025-07-09T17:39:04","date_gmt":"2025-07-09T20:39:04","guid":{"rendered":"https:\/\/faculdade.grancursosonline.com.br\/blog\/?p=79755544"},"modified":"2025-07-09T17:39:39","modified_gmt":"2025-07-09T20:39:39","slug":"quanto-aumenta-salario-pos-graduacao","status":"publish","type":"post","link":"https:\/\/faculdade.grancursosonline.com.br\/blog\/quanto-aumenta-salario-pos-graduacao\/","title":{"rendered":"Quanto aumenta o sal\u00e1rio com uma p\u00f3s-gradua\u00e7\u00e3o?"},"content":{"rendered":"\n<p>Investir em uma p\u00f3s-gradua\u00e7\u00e3o \u00e9 uma das estrat\u00e9gias mais eficazes para quem deseja crescer profissionalmente e alcan\u00e7ar melhores sal\u00e1rios. A forma\u00e7\u00e3o continuada, especialmente em cursos de p\u00f3s-gradua\u00e7\u00e3o lato sensu na modalidade EAD, permite ao profissional aprofundar conhecimentos, se atualizar diante das demandas do mercado e conquistar posi\u00e7\u00f5es mais valorizadas.<\/p>\n\n\n\n<p>Mas afinal, quanto aumenta o sal\u00e1rio com uma p\u00f3s-gradua\u00e7\u00e3o? A resposta varia de acordo com a \u00e1rea de atua\u00e7\u00e3o, experi\u00eancia pr\u00e9via e a reputa\u00e7\u00e3o da institui\u00e7\u00e3o de ensino. Ainda assim, os dados mostram que o impacto no rendimento \u00e9 real e significativo.<\/p>\n\n\n\n<div class=\"wp-block-columns is-layout-flex wp-container-core-columns-is-layout-9d6595d7 wp-block-columns-is-layout-flex\">\n<div class=\"wp-block-column is-layout-flow wp-block-column-is-layout-flow\" style=\"flex-basis:100%\"><div class=\"wp-block-image\">\n<figure class=\"aligncenter size-full\"><a href=\"https:\/\/whatsapp.com\/channel\/0029VaG1sChI7Be7PNndhL43\" target=\"_blank\" rel=\"noopener\"><img decoding=\"async\" src=\"https:\/\/blog-es-static.infra.grancursosonline.com.br\/wp-content\/uploads\/2025\/09\/09112354\/banner-wp-600x142-80.webp\" alt=\"Acesse o canal do WhatsApp da Gran Faculdade\" class=\"wp-image-79751904\"\/><\/a><\/figure>\n<\/div><\/div>\n<\/div>\n\n\n\n<p>Acompanhe o artigo para saber mais ou navegue pelo \u00edndice:<\/p>\n\n\n\n<ul class=\"wp-block-list\">\n<li><a href=\"#salario\">P\u00f3s-gradua\u00e7\u00e3o garante aumento de sal\u00e1rio?<\/a><\/li>\n\n\n\n<li><a href=\"#diferenca\">Diferen\u00e7a salarial entre quem tem p\u00f3s e quem tem s\u00f3 gradua\u00e7\u00e3o<\/a><\/li>\n\n\n\n<li><a href=\"#aumenta\">Quanto uma p\u00f3s-gradua\u00e7\u00e3o aumenta o sal\u00e1rio?<\/a><\/li>\n\n\n\n<li><a href=\"#mercado\">P\u00f3s em institui\u00e7\u00e3o p\u00fablica ou privada: diferen\u00e7a no mercado<\/a><\/li>\n\n\n\n<li><a href=\"#experiencia\">Vale mais uma p\u00f3s ou experi\u00eancia pr\u00e1tica no curr\u00edculo?<\/a><\/li>\n\n\n\n<li><a href=\"#ganhar-mais\">Vale a pena fazer p\u00f3s para ganhar mais?<\/a><\/li>\n<\/ul>\n\n\n\n<h2 class=\"wp-block-heading\" id=\"salario\">P\u00f3s-gradua\u00e7\u00e3o garante aumento de sal\u00e1rio?<\/h2>\n\n\n\n<p>N\u00e3o existe uma regra \u00fanica, mas a p\u00f3s-gradua\u00e7\u00e3o \u00e9, sim, um dos principais fatores que influenciam o crescimento salarial ao longo da carreira. Profissionais com especializa\u00e7\u00e3o tendem a ser mais valorizados, ocupam cargos de maior responsabilidade e t\u00eam mais condi\u00e7\u00f5es de negociar melhores remunera\u00e7\u00f5es.<\/p>\n\n\n\n<p>Essa perspectiva vale tanto para o mercado privado, quanto para o p\u00fablico. Todavia, \u00e9 comum que no setor p\u00fablico o aumento seja mais seguro devido a evolu\u00e7\u00e3o na carreira, retribui\u00e7\u00f5es e gratifica\u00e7\u00f5es por titula\u00e7\u00e3o e outros tipos de aumentos salariais.<\/p>\n\n\n\n<p>Al\u00e9m disso, ao investir em uma p\u00f3s-gradua\u00e7\u00e3o EAD, como as oferecidas pela Gran Faculdade, o aluno consegue conciliar estudo com trabalho, aplicando o conte\u00fado aprendido diretamente em sua rotina profissional.<\/p>\n\n\n\n<h2 class=\"wp-block-heading\" id=\"diferenca\">Diferen\u00e7a salarial entre quem tem p\u00f3s e quem tem s\u00f3 gradua\u00e7\u00e3o<\/h2>\n\n\n\n<p>Segundo a Pnad Cont\u00ednua do IBGE, profissionais com p\u00f3s-gradua\u00e7\u00e3o recebem, em m\u00e9dia, at\u00e9 66% a mais do que aqueles com apenas gradua\u00e7\u00e3o. Essa diferen\u00e7a pode ser ainda maior em setores com alta exig\u00eancia t\u00e9cnica ou em fun\u00e7\u00f5es de lideran\u00e7a.<\/p>\n\n\n\n<p>A especializa\u00e7\u00e3o \u00e9 uma forma de demonstrar comprometimento com o desenvolvimento profissional e um diferencial competitivo no curr\u00edculo.<\/p>\n\n\n\n<h2 class=\"wp-block-heading\" id=\"aumenta\">Quanto uma p\u00f3s-gradua\u00e7\u00e3o aumenta o sal\u00e1rio?<\/h2>\n\n\n\n<p>Estudos de mercado do IBGE e Catho apontam que a valoriza\u00e7\u00e3o salarial pode variar entre 25% e 50%, dependendo da \u00e1rea e do tipo de atua\u00e7\u00e3o. Profissionais especializados em \u00e1reas de crescimento, como marketing digital e tecnologia, tendem a alcan\u00e7ar aumentos ainda mais expressivos.<\/p>\n\n\n\n<p>A forma\u00e7\u00e3o continuada tamb\u00e9m fortalece o networking e prepara o aluno para assumir novas fun\u00e7\u00f5es com maior responsabilidade e, consequentemente, melhor remunera\u00e7\u00e3o.<\/p>\n\n\n\n<h3 class=\"wp-block-heading\" id=\"h-quanto-ganha-um-profissional-com-pos-em-marketing-digital\">Quanto ganha um profissional com p\u00f3s em marketing digital?<\/h3>\n\n\n\n<p>O marketing digital \u00e9 um dos setores que mais crescem no pa\u00eds. Um profissional com p\u00f3s-gradua\u00e7\u00e3o na \u00e1rea pode receber sal\u00e1rios que variam de R$ 6 mil a R$ 15 mil, dependendo da fun\u00e7\u00e3o e do porte da empresa.<\/p>\n\n\n\n<p>Na Gran Faculdade, o MBA em Marketing Digital e Comunica\u00e7\u00e3o \u00e9 pensada para atender \u00e0s demandas reais do mercado, com foco em performance, estrat\u00e9gias digitais e inova\u00e7\u00e3o. Confira os cursos:<\/p>\n\n\n\n<ul class=\"wp-block-list\">\n<li><a href=\"https:\/\/pos.grancursosonline.com.br\/mba\/mba-em-marketing-e-comunicacao-digital\" target=\"_blank\" rel=\"noreferrer noopener\">MBA em Marketing e Comunica\u00e7\u00e3o Digital<\/a><\/li>\n\n\n\n<li><a href=\"https:\/\/pos.grancursosonline.com.br\/mba\/mba-em-design-estrategico-experiencia-de-consumo-e-canais-de-marketing\" target=\"_blank\" rel=\"noreferrer noopener\">MBA em Design Estrat\u00e9gico, Experi\u00eancia de Consumo e Canais de Marketing<\/a><\/li>\n<\/ul>\n\n\n\n<h3 class=\"wp-block-heading\" id=\"h-pos-graduacao-aumenta-salario-na-area-de-educacao\">P\u00f3s-gradua\u00e7\u00e3o aumenta sal\u00e1rio na \u00e1rea de educa\u00e7\u00e3o?<\/h3>\n\n\n\n<p>Sim. Na \u00e1rea da educa\u00e7\u00e3o, uma p\u00f3s-gradua\u00e7\u00e3o lato sensu pode representar aumento de 20% a 40% na remunera\u00e7\u00e3o, al\u00e9m de possibilitar a atua\u00e7\u00e3o em cargos de gest\u00e3o pedag\u00f3gica, coordena\u00e7\u00e3o e orienta\u00e7\u00e3o educacional.<\/p>\n\n\n\n<p>Al\u00e9m disso, em redes p\u00fablicas de ensino, a titula\u00e7\u00e3o \u00e9 crit\u00e9rio para progress\u00e3o na carreira e concess\u00e3o de gratifica\u00e7\u00f5es. Confira algumas oportunidades no Gran:<\/p>\n\n\n\n<ul class=\"wp-block-list\">\n<li><a href=\"https:\/\/pos.grancursosonline.com.br\/curso\/coordenacao-pedagogica-e-supervisao-escolar\" target=\"_blank\" rel=\"noreferrer noopener\">P\u00f3s-Gradua\u00e7\u00e3o em Coordena\u00e7\u00e3o Pedag\u00f3gica e Supervis\u00e3o Escolar<\/a><\/li>\n\n\n\n<li><a href=\"https:\/\/pos.grancursosonline.com.br\/curso\/pos-graduacao-em-docencia-do-ensino-superior-lato-sensu\" target=\"_blank\" rel=\"noreferrer noopener\">P\u00f3s-Gradua\u00e7\u00e3o em Doc\u00eancia do Ensino Superior<\/a><\/li>\n\n\n\n<li><a href=\"https:\/\/pos.grancursosonline.com.br\/curso\/pos-graduacao-em-educacao-especial-na-perspectiva-da-educacao-inclusiva-lato-sensu\" target=\"_blank\" rel=\"noreferrer noopener\">P\u00f3s-Gradua\u00e7\u00e3o em Educa\u00e7\u00e3o Especial na Perspectiva da Educa\u00e7\u00e3o Inclusiva<\/a><\/li>\n\n\n\n<li><a href=\"https:\/\/pos.grancursosonline.com.br\/curso\/gestao-escolar\" target=\"_blank\" rel=\"noreferrer noopener\">P\u00f3s-Gradua\u00e7\u00e3o em Gest\u00e3o Escolar<\/a><\/li>\n\n\n\n<li><a href=\"https:\/\/pos.grancursosonline.com.br\/curso\/orientacao-educacional\" target=\"_blank\" rel=\"noreferrer noopener\">P\u00f3s-Gradua\u00e7\u00e3o em Orienta\u00e7\u00e3o Educacional<\/a><\/li>\n<\/ul>\n\n\n\n<h3 class=\"wp-block-heading\" id=\"h-aumento-salarial-com-pos-graduacao-em-tecnologia\">Aumento salarial com p\u00f3s-gradua\u00e7\u00e3o em tecnologia<\/h3>\n\n\n\n<p>Em tecnologia, a valoriza\u00e7\u00e3o da especializa\u00e7\u00e3o \u00e9 clara. Profissionais com p\u00f3s em ci\u00eancia de dados, intelig\u00eancia artificial ou seguran\u00e7a da informa\u00e7\u00e3o podem ganhar mais de R$ 20 mil em posi\u00e7\u00f5es estrat\u00e9gicas.<\/p>\n\n\n\n<p>A p\u00f3s-gradua\u00e7\u00e3o EAD \u00e9 particularmente vantajosa nessa \u00e1rea, permitindo ao aluno adaptar os estudos \u00e0 din\u00e2mica intensa do setor e aplicar os conte\u00fados de forma pr\u00e1tica e imediata. Confira algumas op\u00e7\u00f5es:<\/p>\n\n\n\n<ul class=\"wp-block-list\">\n<li><a href=\"https:\/\/pos.grancursosonline.com.br\/curso\/arquitetura-e-desenvolvimento-de-sistemas-com-enfase-em-padroes-de-projeto\" target=\"_blank\" rel=\"noreferrer noopener\">P\u00f3s-Gradua\u00e7\u00e3o em Arquitetura e Desenvolvimento de Sistemas com \u00eanfase em Padr\u00f5es de Projeto<\/a><\/li>\n\n\n\n<li><a href=\"https:\/\/pos.grancursosonline.com.br\/curso\/arquitetura-e-projetos-de-cloud-computing\" target=\"_blank\" rel=\"noreferrer noopener\">P\u00f3s-Gradua\u00e7\u00e3o em Arquitetura e Projetos de Cloud Computing<\/a><\/li>\n\n\n\n<li><a href=\"https:\/\/pos.grancursosonline.com.br\/curso\/ciencia-de-dados\" target=\"_blank\" rel=\"noreferrer noopener\">P\u00f3s-Gradua\u00e7\u00e3o em Ci\u00eancia de Dados<\/a><\/li>\n\n\n\n<li><a href=\"https:\/\/pos.grancursosonline.com.br\/curso\/desenvolvimento-e-testes-de-software\" target=\"_blank\" rel=\"noreferrer noopener\">P\u00f3s-Gradua\u00e7\u00e3o em Desenvolvimento e Testes de Software<\/a><\/li>\n\n\n\n<li><a href=\"https:\/\/pos.grancursosonline.com.br\/curso\/desenvolvimento-full-stack-e-cloud-computing\" target=\"_blank\" rel=\"noreferrer noopener\">P\u00f3s-Gradua\u00e7\u00e3o em Desenvolvimento Full Stack e Cloud Computing<\/a><\/li>\n\n\n\n<li><a href=\"https:\/\/pos.grancursosonline.com.br\/curso\/governanca-de-ti\" target=\"_blank\" rel=\"noreferrer noopener\">P\u00f3s-Gradua\u00e7\u00e3o em Governan\u00e7a de TI<\/a><\/li>\n\n\n\n<li><a href=\"https:\/\/pos.grancursosonline.com.br\/curso\/inovacao-e-transformacao-digital\" target=\"_blank\" rel=\"noreferrer noopener\">P\u00f3s-Gradua\u00e7\u00e3o em Inova\u00e7\u00e3o e Transforma\u00e7\u00e3o Digital<\/a><\/li>\n\n\n\n<li><a href=\"https:\/\/pos.grancursosonline.com.br\/curso\/inovacao-inteligencia-artificial-e-robotica-educacional\" target=\"_blank\" rel=\"noreferrer noopener\">P\u00f3s-Gradua\u00e7\u00e3o em Inova\u00e7\u00e3o, Intelig\u00eancia Artificial e Rob\u00f3tica Educacional<\/a><\/li>\n\n\n\n<li><a href=\"https:\/\/pos.grancursosonline.com.br\/curso\/inteligencia-artificial-e-tecnologia-na-gestao-publica\" target=\"_blank\" rel=\"noreferrer noopener\">P\u00f3s-Gradua\u00e7\u00e3o em Intelig\u00eancia Artificial e Tecnologia na Gest\u00e3o P\u00fablica<\/a><\/li>\n\n\n\n<li><a href=\"https:\/\/pos.grancursosonline.com.br\/curso\/linguagens-e-paradigmas-de-programacao\" target=\"_blank\" rel=\"noreferrer noopener\">P\u00f3s-Gradua\u00e7\u00e3o em Linguagens e Paradigmas de Programa\u00e7\u00e3o<\/a><\/li>\n\n\n\n<li><a href=\"https:\/\/pos.grancursosonline.com.br\/curso\/seguranca-da-informacao-\" target=\"_blank\" rel=\"noreferrer noopener\">P\u00f3s-gradua\u00e7\u00e3 em Seguran\u00e7a da Informa\u00e7\u00e3o<\/a><\/li>\n\n\n\n<li><a href=\"https:\/\/pos.grancursosonline.com.br\/curso\/tecnologia-inovacao-e-agilidade\" target=\"_blank\" rel=\"noreferrer noopener\">P\u00f3s-Gradua\u00e7\u00e3o em Tecnologia, Inova\u00e7\u00e3o e Agilidade<\/a><\/li>\n<\/ul>\n\n\n\n<h3 class=\"wp-block-heading\" id=\"h-pos-graduacao-aumenta-salario-no-servico-publico\">P\u00f3s-gradua\u00e7\u00e3o aumenta sal\u00e1rio no servi\u00e7o p\u00fablico?<\/h3>\n\n\n\n<p>Sim. Em muitas carreiras p\u00fablicas, a especializa\u00e7\u00e3o \u00e9 reconhecida nos planos de cargos e sal\u00e1rios e gera gratifica\u00e7\u00f5es por qualifica\u00e7\u00e3o. Al\u00e9m disso, \u00e9 comum que a p\u00f3s-gradua\u00e7\u00e3o some pontos importantes na etapa de t\u00edtulos de concursos.<\/p>\n\n\n\n<p>Com os cursos EAD da Gran Faculdade, servidores p\u00fablicos t\u00eam acesso a forma\u00e7\u00f5es reconhecidas pelo MEC, com flexibilidade para estudar no pr\u00f3prio ritmo, sem comprometer o desempenho profissional.<\/p>\n\n\n\n<h3 class=\"wp-block-heading\" id=\"h-pos-graduacao-compensa-financeiramente-em-carreira-autonoma\">P\u00f3s-gradua\u00e7\u00e3o compensa financeiramente em carreira aut\u00f4noma?<\/h3>\n\n\n\n<p>Para quem atua de forma aut\u00f4noma, omo consultores, freelancers ou empreendedores digitais, a p\u00f3s-gradua\u00e7\u00e3o representa mais do que aumento de sal\u00e1rio: ela aumenta o valor percebido pelo cliente e permite cobrar mais por servi\u00e7os especializados.<\/p>\n\n\n\n<p>Al\u00e9m disso, a especializa\u00e7\u00e3o agrega autoridade, melhora a comunica\u00e7\u00e3o com o p\u00fablico e abre espa\u00e7o para atuar em novos nichos.<\/p>\n\n\n\n<h2 class=\"wp-block-heading\" id=\"mercado\">P\u00f3s em institui\u00e7\u00e3o p\u00fablica ou privada: diferen\u00e7a no mercado<\/h2>\n\n\n\n<p>Hoje em dia n\u00e3o h\u00e1 distin\u00e7\u00e3o entre o valor agregado pelo mercado entre quem tem p\u00f3s em institui\u00e7\u00e3o p\u00fablica ou privada. Conta mais a reputa\u00e7\u00e3o da institui\u00e7\u00e3o, corpo pedag\u00f3gico experiente e a qualidade dos conte\u00fados ministrados.<\/p>\n\n\n\n<p>Mais importante do que ser p\u00fablica ou privada \u00e9 a qualidade do ensino, a relev\u00e2ncia dos temas abordados e o reconhecimento da institui\u00e7\u00e3o.<\/p>\n\n\n\n<p>A Gran Faculdade oferece cursos de p\u00f3s-gradua\u00e7\u00e3o EAD lato sensu com foco em empregabilidade, conte\u00fado atualizado e uma plataforma intuitiva, facilitando o aprendizado e o avan\u00e7o na carreira.<\/p>\n\n\n\n<h2 class=\"wp-block-heading\" id=\"experiencia\">Vale mais uma p\u00f3s ou experi\u00eancia pr\u00e1tica no curr\u00edculo?<\/h2>\n\n\n\n<p>Os dois s\u00e3o importantes e, juntos, formam um perfil mais completo. A experi\u00eancia pr\u00e1tica mostra viv\u00eancia, enquanto a p\u00f3s-gradua\u00e7\u00e3o demonstra dom\u00ednio te\u00f3rico, capacidade anal\u00edtica e atualiza\u00e7\u00e3o profissional.<\/p>\n\n\n\n<p>Uma especializa\u00e7\u00e3o bem escolhida potencializa a experi\u00eancia acumulada e abre novas portas para o crescimento profissional.<\/p>\n\n\n\n<h2 class=\"wp-block-heading\" id=\"ganhar-mais\">Vale a pena fazer p\u00f3s para ganhar mais?<\/h2>\n\n\n\n<p>Sim. A especializa\u00e7\u00e3o \u00e9 um investimento com retorno financeiro e profissional. Al\u00e9m do poss\u00edvel aumento salarial, ela amplia horizontes, fortalece a rede de contatos e abre oportunidades em \u00e1reas que exigem maior qualifica\u00e7\u00e3o.<\/p>\n\n\n\n<h3 class=\"wp-block-heading\" id=\"h-titulos-de-pos-graduacao-somam-pontos-em-concurso\">T\u00edtulos de p\u00f3s-gradua\u00e7\u00e3o somam pontos em concurso?<\/h3>\n\n\n\n<p>Sim. Em concursos p\u00fablicos, os t\u00edtulos de p\u00f3s-gradua\u00e7\u00e3o somam pontos na fase de avalia\u00e7\u00e3o de t\u00edtulos, que pode ser decisiva para a classifica\u00e7\u00e3o final, especialmente em certames muito disputados. No entanto, \u00e9 importante que o curso de p\u00f3s seja reconhecido pelo MEC e analisar os detalhes do edital sobre \u00e1rea e validade dos certificados ou diplomas.<\/p>\n\n\n\n<h3 class=\"wp-block-heading\" id=\"h-pos-graduacao-ou-mba-qual-aumenta-mais-o-salario\">P\u00f3s-gradua\u00e7\u00e3o ou MBA: qual aumenta mais o sal\u00e1rio?<\/h3>\n\n\n\n<p>O MBA costuma ser mais voltado para executivos e \u00e1reas de gest\u00e3o, enquanto a p\u00f3s lato sensu pode ser t\u00e9cnica, pedag\u00f3gica ou gerencial. Ambos podem trazer retorno financeiro, mas a escolha deve considerar os objetivos profissionais.<\/p>\n\n\n\n<h3 class=\"wp-block-heading\" id=\"h-fazer-especializacao-ou-investir-em-certificacoes\">Fazer especializa\u00e7\u00e3o ou investir em certifica\u00e7\u00f5es?<\/h3>\n\n\n\n<p>As certifica\u00e7\u00f5es s\u00e3o importantes em \u00e1reas espec\u00edficas como tecnologia ou finan\u00e7as, mas a p\u00f3s-gradua\u00e7\u00e3o oferece forma\u00e7\u00e3o mais ampla e reconhecida oficialmente, o que \u00e9 decisivo em processos seletivos, concursos e promo\u00e7\u00f5es.<\/p>\n\n\n\n<p>O ideal \u00e9 combinar as duas estrat\u00e9gias: come\u00e7ar por uma p\u00f3s para fortalecer a base e complementar com certifica\u00e7\u00f5es espec\u00edficas conforme a evolu\u00e7\u00e3o na carreira.<\/p>\n\n\n\n<h2 class=\"wp-block-heading\" id=\"h-quer-comecar-uma-especializacao-mas-ainda-tem-duvidas-de-qual-caminho-seguir-baixe-gratuitamente-o-guia-da-pos-graduacao\">Quer come\u00e7ar uma especializa\u00e7\u00e3o mas ainda tem d\u00favidas de qual caminho seguir? Baixe gratuitamente o Guia da P\u00f3s-gradua\u00e7\u00e3o!<\/h2>\n\n\n\n<p>Concluiu a Gradua\u00e7\u00e3o e agora quer se especializar em uma \u00e1rea para garantir melhores oportunidades de emprego ou sal\u00e1rio? <strong>Chegou a hora de come\u00e7ar uma P\u00f3s na Gran Faculdade!<\/strong><\/p>\n\n\n\n<p><strong>Se voc\u00ea quer iniciar a sua jornada e n\u00e3o sabe qual caminho seguir, <\/strong>n\u00f3s fizemos um e-book com todo o passo a passo de como come\u00e7ar uma p\u00f3s-gradua\u00e7\u00e3o. No material que preparamos para voc\u00ea, falamos sobre:<\/p>\n\n\n\n<ul class=\"wp-block-list\">\n<li>O que \u00e9 p\u00f3s-gradua\u00e7\u00e3o<\/li>\n\n\n\n<li>Tipos de p\u00f3s-gradua\u00e7\u00e3o;<\/li>\n\n\n\n<li>Como come\u00e7ar uma p\u00f3s-gradua\u00e7\u00e3o;<\/li>\n\n\n\n<li>Sugest\u00f5es de cursos que voc\u00ea pode seguir de acordo com sua \u00e1rea.<\/li>\n<\/ul>\n\n\n\n<p>E o melhor de tudo: todo esse conte\u00fado \u00e9 gratuito! Basta preencher o formul\u00e1rio abaixo que voc\u00ea ter\u00e1 acesso ao material:<\/p>\n\n\n<p><script charset=\"utf-8\" type=\"text\/javascript\" src=\"\/\/js.hsforms.net\/forms\/embed\/v2.js\"><\/script> <script>\n  hbspt.forms.create({\n    region: \"na1\",\n    portalId: \"302036\",\n    formId: \"97738608-304f-4f6f-b94d-2fcde9b29e5d\"\n  });\n<\/script><\/p>\n\n\n<div class=\"wp-block-group has-background\" style=\"background-color:#8dd2fc7a\"><div class=\"wp-block-group__inner-container is-layout-constrained wp-block-group-is-layout-constrained\">\n<p><strong>Outras not\u00edcias em destaque:<\/strong><\/p>\n\n\n\n<ul class=\"wp-block-list\">\n<li><a href=\"https:\/\/faculdade.grancursosonline.com.br\/blog\/aumento-salarial-pos-graduacao\/\" target=\"_blank\" rel=\"noreferrer noopener\">Pesquisa revela 255% de aumento salarial para quem tem p\u00f3s!<\/a><\/li>\n\n\n\n<li><a href=\"https:\/\/faculdade.grancursosonline.com.br\/blog\/cursos-de-pos-graduacao-a-distancia\/\" target=\"_blank\" rel=\"noreferrer noopener\">Cursos de p\u00f3s-gradua\u00e7\u00e3o a dist\u00e2ncia: como funcionam?<\/a><\/li>\n\n\n\n<li><a href=\"https:\/\/faculdade.grancursosonline.com.br\/blog\/pos-graduacao-servidor-publico\/\" target=\"_blank\" rel=\"noreferrer noopener\">P\u00f3s-gradua\u00e7\u00e3o para servidor p\u00fablico: por que fazer?<\/a><\/li>\n<\/ul>\n<\/div><\/div>\n\n\n\n<h2 class=\"wp-block-heading\" id=\"h-vem-pra-gran-faculdade\">Vem pra Gran Faculdade!<\/h2>\n\n\n\n<p>A Gran Faculdade vem mudando a vida de milhares de pessoas por meio de cursos \u00e0 dist\u00e2ncia de <a href=\"https:\/\/faculdade.grancursosonline.com.br\/\" target=\"_blank\" rel=\"noreferrer noopener\">gradua\u00e7\u00e3o<\/a>, <a href=\"https:\/\/pos.grancursosonline.com.br\/\" target=\"_blank\" rel=\"noreferrer noopener\">p\u00f3s-gradua\u00e7\u00e3o<\/a> e <a href=\"https:\/\/pos.grancursosonline.com.br\/mba\" target=\"_blank\" rel=\"noreferrer noopener\">MBA<\/a>. Seja no digital ou em nosso <a href=\"https:\/\/presencial.grancursosonline.com.br\/\" target=\"_blank\" rel=\"noreferrer noopener\">Campus Presencial em Curitiba<\/a>, a nossa miss\u00e3o \u00e9 transformar a educa\u00e7\u00e3o superior.<\/p>\n\n\n\n<p>Como parte de Sistema Gran de Ensino, que \u00e9 reconhecido como marca aprovadora h\u00e1 mais de 10 anos, constru\u00edmos uma renomada reputa\u00e7\u00e3o na \u00e1rea de educa\u00e7\u00e3o.<\/p>\n\n\n\n<p>Veja algumas de nossas conquistas:<\/p>\n\n\n\n<ul class=\"wp-block-list\">\n<li>Reconhecido pela Amazon como um dos projetos mais relevantes do mundo na \u00e1rea de Tecnologia e Educa\u00e7\u00e3o;<\/li>\n\n\n\n<li>Foi eleito pelo Project Management Institute (PMI), um dos 50 Projetos Mais Influentes do mundo;<\/li>\n\n\n\n<li>Somos o site de educa\u00e7\u00e3o mais acessado do Brasil;<\/li>\n\n\n\n<li>Somos avaliados com a nota m\u00e1xima pelo MEC;<\/li>\n\n\n\n<li>Aqui o semestre come\u00e7a quando quiser: entrada imediata e cont\u00ednua!<\/li>\n\n\n\n<li>Melhores pre\u00e7os do mercado;<\/li>\n\n\n\n<li>Mais de 500 mil alunos pagantes e mais de 1000 funcion\u00e1rios;<\/li>\n\n\n\n<li>Diversas ferramentas de estudo: PDFs, audiobooks, mapas mentais, videoaulas, quest\u00f5es, gerenciador de estudos e muito mais!<\/li>\n\n\n\n<li>Professores experientes e capacitados;<\/li>\n\n\n\n<li>Acesso imediato e 100% online.<\/li>\n<\/ul>\n\n\n\n<p class=\"has-text-align-center has-text-align-center\"><strong><a href=\"https:\/\/faculdade.grancursosonline.com.br\/\" target=\"_blank\" rel=\"noreferrer noopener\">Quero ser aluno da Gran Faculdade!<\/a><\/strong><\/p>\n","protected":false},"excerpt":{"rendered":"<p>Investir em uma p\u00f3s-gradua\u00e7\u00e3o \u00e9 uma das estrat\u00e9gias mais eficazes para quem deseja crescer profissionalmente e alcan\u00e7ar melhores sal\u00e1rios. A forma\u00e7\u00e3o continuada, especialmente em cursos de p\u00f3s-gradua\u00e7\u00e3o lato sensu na modalidade EAD, permite ao profissional aprofundar conhecimentos, se atualizar diante das demandas do mercado e conquistar posi\u00e7\u00f5es mais valorizadas. Mas afinal, quanto aumenta o sal\u00e1rio&hellip;<\/p>\n","protected":false},"author":486,"featured_media":79755577,"comment_status":"open","ping_status":"open","sticky":false,"template":"","format":"standard","meta":{"_acf_changed":false,"content-type":"","footnotes":""},"categories":[209229,2],"tags":[],"class_list":["post-79755544","post","type-post","status-publish","format-standard","has-post-thumbnail","hentry","category-pos-graduacao","category-ultimas-noticias"],"acf":[],"yoast_head":"<!-- This site is optimized with the Yoast SEO Premium plugin v27.2 (Yoast SEO v27.2) - https:\/\/yoast.com\/product\/yoast-seo-premium-wordpress\/ -->\n<title>Quanto aumenta o sal\u00e1rio com uma p\u00f3s-gradua\u00e7\u00e3o?<\/title>\n<meta name=\"description\" content=\"Quer saber quanto aumenta o sal\u00e1rio com uma p\u00f3s-gradua\u00e7\u00e3o? Veja diferen\u00e7as por \u00e1rea e como a Gran Faculdade pode te ajudar!\" \/>\n<meta name=\"robots\" content=\"index, follow, max-snippet:-1, max-image-preview:large, max-video-preview:-1\" \/>\n<link rel=\"canonical\" href=\"https:\/\/faculdade.grancursosonline.com.br\/blog\/quanto-aumenta-salario-pos-graduacao\/\" \/>\n<meta property=\"og:locale\" content=\"pt_BR\" \/>\n<meta property=\"og:type\" content=\"article\" \/>\n<meta property=\"og:title\" content=\"Quanto aumenta o sal\u00e1rio com uma p\u00f3s-gradua\u00e7\u00e3o?\" \/>\n<meta property=\"og:description\" content=\"Quer saber quanto aumenta o sal\u00e1rio com uma p\u00f3s-gradua\u00e7\u00e3o? Veja diferen\u00e7as por \u00e1rea e como a Gran Faculdade pode te ajudar!\" \/>\n<meta property=\"og:url\" content=\"https:\/\/faculdade.grancursosonline.com.br\/blog\/quanto-aumenta-salario-pos-graduacao\/\" \/>\n<meta property=\"og:site_name\" content=\"Blog Gran Faculdade\" \/>\n<meta property=\"article:publisher\" content=\"https:\/\/www.facebook.com\/grancursosonline\/\" \/>\n<meta property=\"article:published_time\" content=\"2025-07-09T20:39:04+00:00\" \/>\n<meta property=\"article:modified_time\" content=\"2025-07-09T20:39:39+00:00\" \/>\n<meta property=\"og:image\" content=\"https:\/\/blog-es-static.infra.grancursosonline.com.br\/wp-content\/uploads\/2025\/07\/09173504\/quanto-aumenta-salario-pos-graduacao-social.jpg\" \/>\n\t<meta property=\"og:image:width\" content=\"511\" \/>\n\t<meta property=\"og:image:height\" content=\"311\" \/>\n\t<meta property=\"og:image:type\" content=\"image\/jpeg\" \/>\n<meta name=\"author\" content=\"Equipe Gran\" \/>\n<meta name=\"twitter:card\" content=\"summary_large_image\" \/>\n<meta name=\"twitter:creator\" content=\"@gran_online\" \/>\n<meta name=\"twitter:site\" content=\"@gran_online\" \/>\n<meta name=\"twitter:label1\" content=\"Written by\" \/>\n\t<meta name=\"twitter:data1\" content=\"Equipe Gran\" \/>\n\t<meta name=\"twitter:label2\" content=\"Est. reading time\" \/>\n\t<meta name=\"twitter:data2\" content=\"10 minutos\" \/>\n<script type=\"application\/ld+json\" class=\"yoast-schema-graph\">{\"@context\":\"https:\/\/schema.org\",\"@graph\":[{\"@type\":\"NewsArticle\",\"@id\":\"https:\/\/faculdade.grancursosonline.com.br\/blog\/quanto-aumenta-salario-pos-graduacao\/#article\",\"isPartOf\":{\"@id\":\"https:\/\/faculdade.grancursosonline.com.br\/blog\/quanto-aumenta-salario-pos-graduacao\/\"},\"author\":{\"name\":\"Equipe Gran\",\"@id\":\"https:\/\/faculdade.grancursosonline.com.br\/blog\/#\/schema\/person\/c05f350f8ea43a7138aaffc6a87bc5e0\"},\"headline\":\"Quanto aumenta o sal\u00e1rio com uma p\u00f3s-gradua\u00e7\u00e3o?\",\"datePublished\":\"2025-07-09T20:39:04+00:00\",\"dateModified\":\"2025-07-09T20:39:39+00:00\",\"mainEntityOfPage\":{\"@id\":\"https:\/\/faculdade.grancursosonline.com.br\/blog\/quanto-aumenta-salario-pos-graduacao\/\"},\"wordCount\":1551,\"commentCount\":0,\"publisher\":{\"@id\":\"https:\/\/faculdade.grancursosonline.com.br\/blog\/#organization\"},\"image\":{\"@id\":\"https:\/\/faculdade.grancursosonline.com.br\/blog\/quanto-aumenta-salario-pos-graduacao\/#primaryimage\"},\"thumbnailUrl\":\"https:\/\/blog-es-static.infra.grancursosonline.com.br\/wp-content\/uploads\/2025\/07\/09173509\/quanto-aumenta-salario-pos-graduacao.jpg\",\"articleSection\":[\"P\u00f3s-Gradua\u00e7\u00e3o Gran Faculdade\",\"\u00daltimas Not\u00edcias\"],\"inLanguage\":\"pt-BR\",\"potentialAction\":[{\"@type\":\"CommentAction\",\"name\":\"Comment\",\"target\":[\"https:\/\/faculdade.grancursosonline.com.br\/blog\/quanto-aumenta-salario-pos-graduacao\/#respond\"]}],\"copyrightYear\":\"2025\",\"copyrightHolder\":{\"@id\":\"https:\/\/faculdade.grancursosonline.com.br\/blog\/#organization\"}},{\"@type\":\"WebPage\",\"@id\":\"https:\/\/faculdade.grancursosonline.com.br\/blog\/quanto-aumenta-salario-pos-graduacao\/\",\"url\":\"https:\/\/faculdade.grancursosonline.com.br\/blog\/quanto-aumenta-salario-pos-graduacao\/\",\"name\":\"Quanto aumenta o sal\u00e1rio com uma p\u00f3s-gradua\u00e7\u00e3o?\",\"isPartOf\":{\"@id\":\"https:\/\/faculdade.grancursosonline.com.br\/blog\/#website\"},\"primaryImageOfPage\":{\"@id\":\"https:\/\/faculdade.grancursosonline.com.br\/blog\/quanto-aumenta-salario-pos-graduacao\/#primaryimage\"},\"image\":{\"@id\":\"https:\/\/faculdade.grancursosonline.com.br\/blog\/quanto-aumenta-salario-pos-graduacao\/#primaryimage\"},\"thumbnailUrl\":\"https:\/\/blog-es-static.infra.grancursosonline.com.br\/wp-content\/uploads\/2025\/07\/09173509\/quanto-aumenta-salario-pos-graduacao.jpg\",\"datePublished\":\"2025-07-09T20:39:04+00:00\",\"dateModified\":\"2025-07-09T20:39:39+00:00\",\"description\":\"Quer saber quanto aumenta o sal\u00e1rio com uma p\u00f3s-gradua\u00e7\u00e3o? Veja diferen\u00e7as por \u00e1rea e como a Gran Faculdade pode te ajudar!\",\"breadcrumb\":{\"@id\":\"https:\/\/faculdade.grancursosonline.com.br\/blog\/quanto-aumenta-salario-pos-graduacao\/#breadcrumb\"},\"inLanguage\":\"pt-BR\",\"potentialAction\":[{\"@type\":\"ReadAction\",\"target\":[\"https:\/\/faculdade.grancursosonline.com.br\/blog\/quanto-aumenta-salario-pos-graduacao\/\"]}]},{\"@type\":\"ImageObject\",\"inLanguage\":\"pt-BR\",\"@id\":\"https:\/\/faculdade.grancursosonline.com.br\/blog\/quanto-aumenta-salario-pos-graduacao\/#primaryimage\",\"url\":\"https:\/\/blog-es-static.infra.grancursosonline.com.br\/wp-content\/uploads\/2025\/07\/09173509\/quanto-aumenta-salario-pos-graduacao.jpg\",\"contentUrl\":\"https:\/\/blog-es-static.infra.grancursosonline.com.br\/wp-content\/uploads\/2025\/07\/09173509\/quanto-aumenta-salario-pos-graduacao.jpg\",\"width\":1001,\"height\":601,\"caption\":\"Quanto aumenta o sal\u00e1rio com uma p\u00f3s-gradua\u00e7\u00e3o?\"},{\"@type\":\"BreadcrumbList\",\"@id\":\"https:\/\/faculdade.grancursosonline.com.br\/blog\/quanto-aumenta-salario-pos-graduacao\/#breadcrumb\",\"itemListElement\":[{\"@type\":\"ListItem\",\"position\":1,\"name\":\"In\u00edcio\",\"item\":\"https:\/\/faculdade.grancursosonline.com.br\/blog\/\"},{\"@type\":\"ListItem\",\"position\":2,\"name\":\"P\u00f3s-Gradua\u00e7\u00e3o Gran Faculdade\",\"item\":\"https:\/\/faculdade.grancursosonline.com.br\/blog\/pos-graduacao\/\"},{\"@type\":\"ListItem\",\"position\":3,\"name\":\"Quanto aumenta o sal\u00e1rio com uma p\u00f3s-gradua\u00e7\u00e3o?\"}]},{\"@type\":\"WebSite\",\"@id\":\"https:\/\/faculdade.grancursosonline.com.br\/blog\/#website\",\"url\":\"https:\/\/faculdade.grancursosonline.com.br\/blog\/\",\"name\":\"Blog Gran Faculdade\",\"description\":\"Tudo sobre ensino superior, p\u00f3s-gradua\u00e7\u00e3o, enem e carreira.\",\"publisher\":{\"@id\":\"https:\/\/faculdade.grancursosonline.com.br\/blog\/#organization\"},\"potentialAction\":[{\"@type\":\"SearchAction\",\"target\":{\"@type\":\"EntryPoint\",\"urlTemplate\":\"https:\/\/faculdade.grancursosonline.com.br\/blog\/?s={search_term_string}\"},\"query-input\":{\"@type\":\"PropertyValueSpecification\",\"valueRequired\":true,\"valueName\":\"search_term_string\"}}],\"inLanguage\":\"pt-BR\"},{\"@type\":\"Organization\",\"@id\":\"https:\/\/faculdade.grancursosonline.com.br\/blog\/#organization\",\"name\":\"Gran Cursos Online\",\"url\":\"https:\/\/faculdade.grancursosonline.com.br\/blog\/\",\"logo\":{\"@type\":\"ImageObject\",\"inLanguage\":\"pt-BR\",\"@id\":\"https:\/\/faculdade.grancursosonline.com.br\/blog\/#\/schema\/logo\/image\/\",\"url\":\"https:\/\/blog-es-static.infra.grancursosonline.com.br\/wp-content\/uploads\/2019\/08\/03123934\/logo.png\",\"contentUrl\":\"https:\/\/blog-es-static.infra.grancursosonline.com.br\/wp-content\/uploads\/2019\/08\/03123934\/logo.png\",\"width\":300,\"height\":57,\"caption\":\"Gran Cursos Online\"},\"image\":{\"@id\":\"https:\/\/faculdade.grancursosonline.com.br\/blog\/#\/schema\/logo\/image\/\"},\"sameAs\":[\"https:\/\/www.facebook.com\/grancursosonline\/\",\"https:\/\/x.com\/gran_online\",\"https:\/\/www.instagram.com\/grancursosonline\/\",\"https:\/\/www.youtube.com\/user\/grancursostv\"]},{\"@type\":\"Person\",\"@id\":\"https:\/\/faculdade.grancursosonline.com.br\/blog\/#\/schema\/person\/c05f350f8ea43a7138aaffc6a87bc5e0\",\"name\":\"Equipe Gran\",\"sameAs\":[\"http:\/\/www.grancursosonline.com.br\"],\"url\":\"https:\/\/faculdade.grancursosonline.com.br\/blog\/author\/hugo-oliveira\/\"}]}<\/script>\n<!-- \/ Yoast SEO Premium plugin. -->","yoast_head_json":{"title":"Quanto aumenta o sal\u00e1rio com uma p\u00f3s-gradua\u00e7\u00e3o?","description":"Quer saber quanto aumenta o sal\u00e1rio com uma p\u00f3s-gradua\u00e7\u00e3o? Veja diferen\u00e7as por \u00e1rea e como a Gran Faculdade pode te ajudar!","robots":{"index":"index","follow":"follow","max-snippet":"max-snippet:-1","max-image-preview":"max-image-preview:large","max-video-preview":"max-video-preview:-1"},"canonical":"https:\/\/faculdade.grancursosonline.com.br\/blog\/quanto-aumenta-salario-pos-graduacao\/","og_locale":"pt_BR","og_type":"article","og_title":"Quanto aumenta o sal\u00e1rio com uma p\u00f3s-gradua\u00e7\u00e3o?","og_description":"Quer saber quanto aumenta o sal\u00e1rio com uma p\u00f3s-gradua\u00e7\u00e3o? Veja diferen\u00e7as por \u00e1rea e como a Gran Faculdade pode te ajudar!","og_url":"https:\/\/faculdade.grancursosonline.com.br\/blog\/quanto-aumenta-salario-pos-graduacao\/","og_site_name":"Blog Gran Faculdade","article_publisher":"https:\/\/www.facebook.com\/grancursosonline\/","article_published_time":"2025-07-09T20:39:04+00:00","article_modified_time":"2025-07-09T20:39:39+00:00","og_image":[{"width":511,"height":311,"url":"https:\/\/blog-es-static.infra.grancursosonline.com.br\/wp-content\/uploads\/2025\/07\/09173504\/quanto-aumenta-salario-pos-graduacao-social.jpg","type":"image\/jpeg"}],"author":"Equipe Gran","twitter_card":"summary_large_image","twitter_creator":"@gran_online","twitter_site":"@gran_online","twitter_misc":{"Written by":"Equipe Gran","Est. reading time":"10 minutos"},"schema":{"@context":"https:\/\/schema.org","@graph":[{"@type":"NewsArticle","@id":"https:\/\/faculdade.grancursosonline.com.br\/blog\/quanto-aumenta-salario-pos-graduacao\/#article","isPartOf":{"@id":"https:\/\/faculdade.grancursosonline.com.br\/blog\/quanto-aumenta-salario-pos-graduacao\/"},"author":{"name":"Equipe Gran","@id":"https:\/\/faculdade.grancursosonline.com.br\/blog\/#\/schema\/person\/c05f350f8ea43a7138aaffc6a87bc5e0"},"headline":"Quanto aumenta o sal\u00e1rio com uma p\u00f3s-gradua\u00e7\u00e3o?","datePublished":"2025-07-09T20:39:04+00:00","dateModified":"2025-07-09T20:39:39+00:00","mainEntityOfPage":{"@id":"https:\/\/faculdade.grancursosonline.com.br\/blog\/quanto-aumenta-salario-pos-graduacao\/"},"wordCount":1551,"commentCount":0,"publisher":{"@id":"https:\/\/faculdade.grancursosonline.com.br\/blog\/#organization"},"image":{"@id":"https:\/\/faculdade.grancursosonline.com.br\/blog\/quanto-aumenta-salario-pos-graduacao\/#primaryimage"},"thumbnailUrl":"https:\/\/blog-es-static.infra.grancursosonline.com.br\/wp-content\/uploads\/2025\/07\/09173509\/quanto-aumenta-salario-pos-graduacao.jpg","articleSection":["P\u00f3s-Gradua\u00e7\u00e3o Gran Faculdade","\u00daltimas Not\u00edcias"],"inLanguage":"pt-BR","potentialAction":[{"@type":"CommentAction","name":"Comment","target":["https:\/\/faculdade.grancursosonline.com.br\/blog\/quanto-aumenta-salario-pos-graduacao\/#respond"]}],"copyrightYear":"2025","copyrightHolder":{"@id":"https:\/\/faculdade.grancursosonline.com.br\/blog\/#organization"}},{"@type":"WebPage","@id":"https:\/\/faculdade.grancursosonline.com.br\/blog\/quanto-aumenta-salario-pos-graduacao\/","url":"https:\/\/faculdade.grancursosonline.com.br\/blog\/quanto-aumenta-salario-pos-graduacao\/","name":"Quanto aumenta o sal\u00e1rio com uma p\u00f3s-gradua\u00e7\u00e3o?","isPartOf":{"@id":"https:\/\/faculdade.grancursosonline.com.br\/blog\/#website"},"primaryImageOfPage":{"@id":"https:\/\/faculdade.grancursosonline.com.br\/blog\/quanto-aumenta-salario-pos-graduacao\/#primaryimage"},"image":{"@id":"https:\/\/faculdade.grancursosonline.com.br\/blog\/quanto-aumenta-salario-pos-graduacao\/#primaryimage"},"thumbnailUrl":"https:\/\/blog-es-static.infra.grancursosonline.com.br\/wp-content\/uploads\/2025\/07\/09173509\/quanto-aumenta-salario-pos-graduacao.jpg","datePublished":"2025-07-09T20:39:04+00:00","dateModified":"2025-07-09T20:39:39+00:00","description":"Quer saber quanto aumenta o sal\u00e1rio com uma p\u00f3s-gradua\u00e7\u00e3o? Veja diferen\u00e7as por \u00e1rea e como a Gran Faculdade pode te ajudar!","breadcrumb":{"@id":"https:\/\/faculdade.grancursosonline.com.br\/blog\/quanto-aumenta-salario-pos-graduacao\/#breadcrumb"},"inLanguage":"pt-BR","potentialAction":[{"@type":"ReadAction","target":["https:\/\/faculdade.grancursosonline.com.br\/blog\/quanto-aumenta-salario-pos-graduacao\/"]}]},{"@type":"ImageObject","inLanguage":"pt-BR","@id":"https:\/\/faculdade.grancursosonline.com.br\/blog\/quanto-aumenta-salario-pos-graduacao\/#primaryimage","url":"https:\/\/blog-es-static.infra.grancursosonline.com.br\/wp-content\/uploads\/2025\/07\/09173509\/quanto-aumenta-salario-pos-graduacao.jpg","contentUrl":"https:\/\/blog-es-static.infra.grancursosonline.com.br\/wp-content\/uploads\/2025\/07\/09173509\/quanto-aumenta-salario-pos-graduacao.jpg","width":1001,"height":601,"caption":"Quanto aumenta o sal\u00e1rio com uma p\u00f3s-gradua\u00e7\u00e3o?"},{"@type":"BreadcrumbList","@id":"https:\/\/faculdade.grancursosonline.com.br\/blog\/quanto-aumenta-salario-pos-graduacao\/#breadcrumb","itemListElement":[{"@type":"ListItem","position":1,"name":"In\u00edcio","item":"https:\/\/faculdade.grancursosonline.com.br\/blog\/"},{"@type":"ListItem","position":2,"name":"P\u00f3s-Gradua\u00e7\u00e3o Gran Faculdade","item":"https:\/\/faculdade.grancursosonline.com.br\/blog\/pos-graduacao\/"},{"@type":"ListItem","position":3,"name":"Quanto aumenta o sal\u00e1rio com uma p\u00f3s-gradua\u00e7\u00e3o?"}]},{"@type":"WebSite","@id":"https:\/\/faculdade.grancursosonline.com.br\/blog\/#website","url":"https:\/\/faculdade.grancursosonline.com.br\/blog\/","name":"Blog Gran Faculdade","description":"Tudo sobre ensino superior, p\u00f3s-gradua\u00e7\u00e3o, enem e carreira.","publisher":{"@id":"https:\/\/faculdade.grancursosonline.com.br\/blog\/#organization"},"potentialAction":[{"@type":"SearchAction","target":{"@type":"EntryPoint","urlTemplate":"https:\/\/faculdade.grancursosonline.com.br\/blog\/?s={search_term_string}"},"query-input":{"@type":"PropertyValueSpecification","valueRequired":true,"valueName":"search_term_string"}}],"inLanguage":"pt-BR"},{"@type":"Organization","@id":"https:\/\/faculdade.grancursosonline.com.br\/blog\/#organization","name":"Gran Cursos Online","url":"https:\/\/faculdade.grancursosonline.com.br\/blog\/","logo":{"@type":"ImageObject","inLanguage":"pt-BR","@id":"https:\/\/faculdade.grancursosonline.com.br\/blog\/#\/schema\/logo\/image\/","url":"https:\/\/blog-es-static.infra.grancursosonline.com.br\/wp-content\/uploads\/2019\/08\/03123934\/logo.png","contentUrl":"https:\/\/blog-es-static.infra.grancursosonline.com.br\/wp-content\/uploads\/2019\/08\/03123934\/logo.png","width":300,"height":57,"caption":"Gran Cursos Online"},"image":{"@id":"https:\/\/faculdade.grancursosonline.com.br\/blog\/#\/schema\/logo\/image\/"},"sameAs":["https:\/\/www.facebook.com\/grancursosonline\/","https:\/\/x.com\/gran_online","https:\/\/www.instagram.com\/grancursosonline\/","https:\/\/www.youtube.com\/user\/grancursostv"]},{"@type":"Person","@id":"https:\/\/faculdade.grancursosonline.com.br\/blog\/#\/schema\/person\/c05f350f8ea43a7138aaffc6a87bc5e0","name":"Equipe Gran","sameAs":["http:\/\/www.grancursosonline.com.br"],"url":"https:\/\/faculdade.grancursosonline.com.br\/blog\/author\/hugo-oliveira\/"}]}},"_links":{"self":[{"href":"https:\/\/faculdade.grancursosonline.com.br\/blog\/wp-json\/wp\/v2\/posts\/79755544","targetHints":{"allow":["GET"]}}],"collection":[{"href":"https:\/\/faculdade.grancursosonline.com.br\/blog\/wp-json\/wp\/v2\/posts"}],"about":[{"href":"https:\/\/faculdade.grancursosonline.com.br\/blog\/wp-json\/wp\/v2\/types\/post"}],"author":[{"embeddable":true,"href":"https:\/\/faculdade.grancursosonline.com.br\/blog\/wp-json\/wp\/v2\/users\/486"}],"replies":[{"embeddable":true,"href":"https:\/\/faculdade.grancursosonline.com.br\/blog\/wp-json\/wp\/v2\/comments?post=79755544"}],"version-history":[{"count":4,"href":"https:\/\/faculdade.grancursosonline.com.br\/blog\/wp-json\/wp\/v2\/posts\/79755544\/revisions"}],"predecessor-version":[{"id":79755579,"href":"https:\/\/faculdade.grancursosonline.com.br\/blog\/wp-json\/wp\/v2\/posts\/79755544\/revisions\/79755579"}],"wp:featuredmedia":[{"embeddable":true,"href":"https:\/\/faculdade.grancursosonline.com.br\/blog\/wp-json\/wp\/v2\/media\/79755577"}],"wp:attachment":[{"href":"https:\/\/faculdade.grancursosonline.com.br\/blog\/wp-json\/wp\/v2\/media?parent=79755544"}],"wp:term":[{"taxonomy":"category","embeddable":true,"href":"https:\/\/faculdade.grancursosonline.com.br\/blog\/wp-json\/wp\/v2\/categories?post=79755544"},{"taxonomy":"post_tag","embeddable":true,"href":"https:\/\/faculdade.grancursosonline.com.br\/blog\/wp-json\/wp\/v2\/tags?post=79755544"}],"curies":[{"name":"wp","href":"https:\/\/api.w.org\/{rel}","templated":true}]}}