{"id":79755694,"date":"2025-07-11T16:53:48","date_gmt":"2025-07-11T19:53:48","guid":{"rendered":"https:\/\/faculdade.grancursosonline.com.br\/blog\/?p=79755694"},"modified":"2025-07-11T16:55:27","modified_gmt":"2025-07-11T19:55:27","slug":"ter-um-diploma-diferencial","status":"publish","type":"post","link":"https:\/\/faculdade.grancursosonline.com.br\/blog\/ter-um-diploma-diferencial\/","title":{"rendered":"Ter um diploma n\u00e3o \u00e9 mais diferencial: mito ou verdade?"},"content":{"rendered":"\n<p>Por muito tempo, conquistar um diploma de gradua\u00e7\u00e3o era sin\u00f4nimo de sucesso profissional. Mas, com as r\u00e1pidas mudan\u00e7as no mercado de trabalho e o avan\u00e7o da tecnologia, essa percep\u00e7\u00e3o tem sido questionada. Afinal, ter um diploma n\u00e3o \u00e9 mais diferencial? <\/p>\n\n\n\n<p>Neste artigo, vamos esclarecer esse debate, analisando o valor da forma\u00e7\u00e3o acad\u00eamica hoje, e como a educa\u00e7\u00e3o continuada, especialmente por meio de p\u00f3s-gradua\u00e7\u00f5es EAD, pode ser a chave para manter-se competitivo.<\/p>\n\n\n\n<div class=\"wp-block-columns is-layout-flex wp-container-core-columns-is-layout-9d6595d7 wp-block-columns-is-layout-flex\">\n<div class=\"wp-block-column is-layout-flow wp-block-column-is-layout-flow\" style=\"flex-basis:100%\"><div class=\"wp-block-image\">\n<figure class=\"aligncenter size-full\"><a href=\"https:\/\/whatsapp.com\/channel\/0029VaG1sChI7Be7PNndhL43\" target=\"_blank\" rel=\"noopener\"><img decoding=\"async\" src=\"https:\/\/blog-es-static.infra.grancursosonline.com.br\/wp-content\/uploads\/2025\/09\/09112354\/banner-wp-600x142-80.webp\" alt=\"Acesse o canal do WhatsApp da Gran Faculdade\" class=\"wp-image-79751904\"\/><\/a><\/figure>\n<\/div><\/div>\n<\/div>\n\n\n\n<p>Acompanhe o artigo para saber mais ou navegue pelo \u00edndice:<\/p>\n\n\n\n<ul class=\"wp-block-list\">\n<li><a href=\"#diploma\">N\u00e3o adianta ter diploma: \u00e9 verdade?<\/a><\/li>\n\n\n\n<li><a href=\"#emprego\">\u00c9 verdade que o diploma n\u00e3o garante mais emprego?<\/a><\/li>\n\n\n\n<li><a href=\"#importante\">Ter diploma ainda \u00e9 importante para conseguir emprego?<\/a><\/li>\n\n\n\n<li><a href=\"#faculdade\">Ainda vale a pena investir anos em uma faculdade?<\/a><\/li>\n\n\n\n<li><a href=\"#mec\">Como ter um diploma reconhecido pelo MEC?<\/a><\/li>\n<\/ul>\n\n\n\n<h2 class=\"wp-block-heading\" id=\"diploma\">N\u00e3o adianta ter diploma: \u00e9 verdade?<\/h2>\n\n\n\n<p>Depende. Ter apenas um diploma, sem atualiza\u00e7\u00e3o constante ou experi\u00eancia pr\u00e1tica, pode realmente n\u00e3o ser suficiente. No entanto, isso n\u00e3o significa que o diploma tenha perdido seu valor. <\/p>\n\n\n\n<p>Embora alguns nomes famosos, como Mark Zuckerberg e Steve Jobs, tenham alcan\u00e7ado sucesso sem concluir a gradua\u00e7\u00e3o, eles est\u00e3o longe de ser regra. Ele continua sendo a base para diversas carreiras, al\u00e9m de ser requisito m\u00ednimo em muitos processos seletivos. <\/p>\n\n\n\n<p>Uma pesquisa conduzida por Ilya Strebulaev, da Stanford Graduate School of Business, desmonta o mito de que a educa\u00e7\u00e3o superior perdeu valor entre os grandes empreendedores. <\/p>\n\n\n\n<p>O estudo analisou mais de mil fundadores de empresas unic\u00f3rnio (startups avaliadas em mais de US$ 1 bilh\u00e3o) nos Estados Unidos e revelou que:<\/p>\n\n\n\n<ul class=\"wp-block-list\">\n<li>Eles t\u00eam seis vezes mais chance de possuir doutorado do que a m\u00e9dia da popula\u00e7\u00e3o americana;<\/li>\n\n\n\n<li>T\u00eam tr\u00eas vezes mais probabilidade de concluir um mestrado;<\/li>\n\n\n\n<li>E s\u00e3o duas vezes mais propensos a terem diploma de gradua\u00e7\u00e3o.<\/li>\n<\/ul>\n\n\n\n<p>As \u00e1reas mais recorrentes entre esses fundadores s\u00e3o ci\u00eancia da computa\u00e7\u00e3o, engenharia e economia. Apesar da predomin\u00e2ncia de forma\u00e7\u00f5es t\u00e9cnicas, o estudo tamb\u00e9m identificou profissionais com diplomas em mais de 40 \u00e1reas diferentes, como filosofia, teologia e antropologia.<\/p>\n\n\n\n<p>E mais: as institui\u00e7\u00f5es de ensino frequentadas incluem universidades de excel\u00eancia mundial. Cerca de 21% dos fundadores tamb\u00e9m tiveram parte de sua forma\u00e7\u00e3o fora dos Estados Unidos, destacando o papel do interc\u00e2mbio e da experi\u00eancia internacional.<\/p>\n\n\n\n<p>O recado \u00e9 claro: o diploma continua sendo uma das bases mais s\u00f3lidas para construir uma carreira de sucesso, mesmo no ecossistema altamente inovador das startups.<\/p>\n\n\n\n<h3 class=\"wp-block-heading\" id=\"h-ter-um-diploma-nao-te-faz-melhor-que-ninguem-verdade-ou-mentira\">Ter um diploma n\u00e3o te faz melhor que ningu\u00e9m: verdade ou mentira?<\/h3>\n\n\n\n<p>Verdade. Um diploma n\u00e3o determina o valor pessoal ou profissional de ningu\u00e9m. O que realmente faz diferen\u00e7a \u00e9 como o profissional aplica seu conhecimento, continua aprendendo e se adapta \u00e0s mudan\u00e7as. <\/p>\n\n\n\n<p>Por isso, mais do que ter um diploma, \u00e9 preciso ter uma atitude de aprendizado cont\u00ednuo.<\/p>\n\n\n\n<h2 class=\"wp-block-heading\" id=\"emprego\">\u00c9 verdade que o diploma n\u00e3o garante mais emprego?<\/h2>\n\n\n\n<p>Sim, \u00e9 verdade: nenhuma forma\u00e7\u00e3o, isoladamente, garante coloca\u00e7\u00e3o profissional. O mercado busca compet\u00eancias pr\u00e1ticas, habilidades interpessoais e atualiza\u00e7\u00e3o constante. <\/p>\n\n\n\n<p>Por\u00e9m, o diploma ainda \u00e9 exigido como crit\u00e9rio b\u00e1sico em diversas vagas, principalmente no setor p\u00fablico e em \u00e1reas regulamentadas. A combina\u00e7\u00e3o entre diploma, especializa\u00e7\u00e3o e experi\u00eancia \u00e9 o que mais conta.<\/p>\n\n\n\n<h3 class=\"wp-block-heading\" id=\"h-diploma-ou-curso-tecnico-o-que-vale-mais-em-2025\">Diploma ou curso t\u00e9cnico: o que vale mais em 2025?<\/h3>\n\n\n\n<p>Tudo depende da \u00e1rea de atua\u00e7\u00e3o. Os cursos t\u00e9cnicos t\u00eam ganhado destaque por sua objetividade e r\u00e1pida inser\u00e7\u00e3o no mercado, especialmente em \u00e1reas operacionais. <\/p>\n\n\n\n<p>J\u00e1 a gradua\u00e7\u00e3o oferece uma forma\u00e7\u00e3o mais ampla e te\u00f3rica, fundamental em setores como educa\u00e7\u00e3o, sa\u00fade e administra\u00e7\u00e3o p\u00fablica. Em muitos casos, o ideal \u00e9 combinar as duas forma\u00e7\u00f5es para ampliar as possibilidades de carreira.<\/p>\n\n\n\n<h3 class=\"wp-block-heading\" id=\"h-certificacoes-valem-mais-que-diploma-em-tecnologia\">Certifica\u00e7\u00f5es valem mais que diploma em tecnologia?<\/h3>\n\n\n\n<p>Na \u00e1rea de tecnologia, certifica\u00e7\u00f5es s\u00e3o altamente valorizadas, pois demonstram conhecimento pr\u00e1tico e atualizado. No entanto, o diploma ainda \u00e9 importante, especialmente em cargos de lideran\u00e7a e desenvolvimento estrat\u00e9gico. A forma\u00e7\u00e3o superior abre portas e pode ser complementada com certifica\u00e7\u00f5es espec\u00edficas. <\/p>\n\n\n\n<h3 class=\"wp-block-heading\" id=\"h-curso-livre-pode-substituir-graduacao-no-curriculo\">Curso livre pode substituir gradua\u00e7\u00e3o no curr\u00edculo?<\/h3>\n\n\n\n<p>Cursos livres s\u00e3o excelentes para ampliar conhecimentos, mas n\u00e3o substituem uma gradua\u00e7\u00e3o no que diz respeito a exig\u00eancias legais ou formais de diversas profiss\u00f5es. <\/p>\n\n\n\n<p>No entanto, s\u00e3o boas alternativas para desenvolver compet\u00eancias espec\u00edficas ou se atualizar em um tema pontual.<\/p>\n\n\n\n<h2 class=\"wp-block-heading\" id=\"importante\">Ter diploma ainda \u00e9 importante para conseguir emprego?<\/h2>\n\n\n\n<p>Sim. Apesar da valoriza\u00e7\u00e3o de habilidades pr\u00e1ticas, muitas empresas ainda exigem o diploma como crit\u00e9rio eliminat\u00f3rio. <\/p>\n\n\n\n<p>Al\u00e9m disso, ter um curso superior pode ampliar as chances de empregabilidade e oferecer sal\u00e1rios mais altos, principalmente se for complementado por uma especializa\u00e7\u00e3o lato sensu.<\/p>\n\n\n\n<h3 class=\"wp-block-heading\" id=\"h-para-ser-jornalista-precisa-ter-diploma\">Para ser jornalista precisa ter diploma?<\/h3>\n\n\n\n<p>Desde 2009, n\u00e3o \u00e9 obrigat\u00f3rio ter diploma para atuar como jornalista. No entanto, muitas empresas de comunica\u00e7\u00e3o ainda preferem profissionais com forma\u00e7\u00e3o espec\u00edfica. Ter uma gradua\u00e7\u00e3o ou p\u00f3s-gradua\u00e7\u00e3o em Jornalismo ou Comunica\u00e7\u00e3o continua sendo um diferencial competitivo.<\/p>\n\n\n\n<h3 class=\"wp-block-heading\" id=\"h-ter-diploma-ainda-e-essencial-na-area-de-educacao\">Ter diploma ainda \u00e9 essencial na \u00e1rea de educa\u00e7\u00e3o?<\/h3>\n\n\n\n<p>Sim. Para atuar como professor da educa\u00e7\u00e3o b\u00e1sica, o diploma \u00e9 obrigat\u00f3rio. Al\u00e9m disso, quem busca cargos de coordena\u00e7\u00e3o ou gest\u00e3o escolar precisa investir em forma\u00e7\u00f5es adicionais, como uma p\u00f3s-gradua\u00e7\u00e3o em gest\u00e3o educacional.<\/p>\n\n\n\n<h3 class=\"wp-block-heading\" id=\"h-para-trabalhar-com-ti-preciso-de-diploma-universitario\">Para trabalhar com TI preciso de diploma universit\u00e1rio?<\/h3>\n\n\n\n<p>N\u00e3o obrigatoriamente. A \u00e1rea de TI \u00e9 uma das mais flex\u00edveis nesse sentido. Ainda assim, empresas valorizam quem possui forma\u00e7\u00e3o superior, principalmente quando combinada com certifica\u00e7\u00f5es t\u00e9cnicas e experi\u00eancias reais. Uma p\u00f3s-gradua\u00e7\u00e3o EAD em Desenvolvimento de Sistemas, Ci\u00eancia de Dados ou Ciberseguran\u00e7a pode ser o diferencial.<\/p>\n\n\n\n<h3 class=\"wp-block-heading\" id=\"h-empresas-de-tecnologia-contratam-sem-diploma\">Empresas de tecnologia contratam sem diploma?<\/h3>\n\n\n\n<p>Sim, principalmente startups e empresas inovadoras que priorizam habilidades pr\u00e1ticas. No entanto, um diploma pode abrir portas para vagas mais estrat\u00e9gicas ou de lideran\u00e7a. A Gran Faculdade oferece forma\u00e7\u00f5es que equilibram teoria e pr\u00e1tica, ideais para profissionais de tecnologia em busca de crescimento.<\/p>\n\n\n\n<h3 class=\"wp-block-heading\" id=\"h-na-area-da-saude-posso-atuar-sem-graduacao\">Na \u00e1rea da sa\u00fade, posso atuar sem gradua\u00e7\u00e3o?<\/h3>\n\n\n\n<p>N\u00e3o. Na maioria das profiss\u00f5es da sa\u00fade, o diploma \u00e9 obrigat\u00f3rio por lei, al\u00e9m do registro profissional. M\u00e9dicos, enfermeiros, psic\u00f3logos, fisioterapeutas e outros precisam de gradua\u00e7\u00e3o reconhecida pelo MEC. Ap\u00f3s a gradua\u00e7\u00e3o, a especializa\u00e7\u00e3o EAD \u00e9 essencial para atuar em \u00e1reas espec\u00edficas e se destacar no setor.<\/p>\n\n\n\n<h3 class=\"wp-block-heading\" id=\"h-qual-o-peso-do-diploma-em-concursos-publicos\">Qual o peso do diploma em concursos p\u00fablicos?<\/h3>\n\n\n\n<p>Enorme. Em concursos de n\u00edvel superior, o diploma \u00e9 exig\u00eancia b\u00e1sica. Al\u00e9m disso, ter uma p\u00f3s-gradua\u00e7\u00e3o pode somar pontos importantes na prova de t\u00edtulos, melhorando a classifica\u00e7\u00e3o final. A Gran Faculdade, com seu portf\u00f3lio de cursos reconhecidos, \u00e9 uma excelente aliada de quem busca estabilidade via concursos.<\/p>\n\n\n\n<h2 class=\"wp-block-heading\" id=\"investir\">Ainda vale a pena investir anos em uma faculdade?<\/h2>\n\n\n\n<p>Sim, especialmente se o curso estiver alinhado aos seus objetivos profissionais. Al\u00e9m de oferecer uma base s\u00f3lida, a gradua\u00e7\u00e3o continua sendo a porta de entrada para diversas carreiras. <\/p>\n\n\n\n<p>Mas vale lembrar: n\u00e3o basta o diploma, \u00e9 preciso manter-se em constante forma\u00e7\u00e3o, e a p\u00f3s-gradua\u00e7\u00e3o EAD \u00e9 a maneira mais eficiente de seguir aprendendo com flexibilidade.<\/p>\n\n\n\n<h3 class=\"wp-block-heading\" id=\"h-ter-graduacao-aumenta-o-salario\">Ter gradua\u00e7\u00e3o aumenta o sal\u00e1rio?<\/h3>\n\n\n\n<p>Em geral, sim. Diversas pesquisas apontam que profissionais com ensino superior ganham, em m\u00e9dia, mais que aqueles com apenas o ensino m\u00e9dio. E quando esse diploma \u00e9 complementado com uma p\u00f3s-gradua\u00e7\u00e3o, especialmente EAD, o aumento salarial pode ser ainda mais expressivo, pela qualifica\u00e7\u00e3o especializada que ela oferece.<\/p>\n\n\n\n<h3 class=\"wp-block-heading\" id=\"h-diploma-faz-diferenca-na-hora-da-promocao\">Diploma faz diferen\u00e7a na hora da promo\u00e7\u00e3o?<\/h3>\n\n\n\n<p>Sim. Empresas costumam considerar o n\u00edvel de forma\u00e7\u00e3o ao promover colaboradores. Ter uma especializa\u00e7\u00e3o pode ser decisivo em processos internos de sele\u00e7\u00e3o, al\u00e9m de demonstrar compromisso com o desenvolvimento profissional. <\/p>\n\n\n\n<p>A Gran Faculdade oferece cursos atualizados, voltados para o mercado, ideais para quem busca crescimento na carreira.<\/p>\n\n\n\n<h3 class=\"wp-block-heading\" id=\"h-diploma-e-mais-valorizado-no-setor-publico-ou-privado\">Diploma \u00e9 mais valorizado no setor p\u00fablico ou privado?<\/h3>\n\n\n\n<p>No setor p\u00fablico, o diploma \u00e9 frequentemente uma exig\u00eancia formal. No privado, apesar da valoriza\u00e7\u00e3o de habilidades pr\u00e1ticas, o diploma ainda tem peso, especialmente quando combinado com experi\u00eancia e forma\u00e7\u00e3o continuada. Portanto, ter gradua\u00e7\u00e3o e uma p\u00f3s-gradua\u00e7\u00e3o \u00e9 um bom caminho em ambos os setores.<\/p>\n\n\n\n<h2 class=\"wp-block-heading\" id=\"mec\">Como ter um diploma reconhecido pelo MEC?<\/h2>\n\n\n\n<p>Escolha uma institui\u00e7\u00e3o autorizada e credenciada. A Gran Faculdade \u00e9 reconhecida pelo MEC e oferece p\u00f3s-gradua\u00e7\u00f5es lato sensu EAD, com validade nacional e foco em empregabilidade. Optar por uma institui\u00e7\u00e3o confi\u00e1vel garante que seu diploma seja aceito em processos seletivos, concursos e promo\u00e7\u00f5es.<\/p>\n\n\n\n<h2 class=\"wp-block-heading\" id=\"conheca\">Conhe\u00e7a os cursos de p\u00f3s-gradua\u00e7\u00e3o do Gran!<\/h2>\n\n\n\n<p>Aqui na <a href=\"https:\/\/faculdade.grancursosonline.com.br\/\" target=\"_blank\" rel=\"noreferrer noopener\">Gran Faculdade<\/a>, os <a href=\"https:\/\/pos.grancursosonline.com.br\/nossos-cursos\" target=\"_blank\" rel=\"noreferrer noopener\">cursos de p\u00f3s-gradua\u00e7\u00e3o EAD<\/a> s\u00e3o especializa\u00e7\u00f5es 100% online que otimizam tamb\u00e9m seus estudos para concursos e podem ser conclu\u00eddos entre 6 e 18 meses.<\/p>\n\n\n\n<p>S\u00e3o mais de 80 op\u00e7\u00f5es de cursos de especializa\u00e7\u00e3o EAD para as \u00e1reas de Gest\u00e3o, Educa\u00e7\u00e3o, Direito, Policial, Tecnologia e Engenharia. Dessa forma, voc\u00ea estuda em uma institui\u00e7\u00e3o reconhecida com nota m\u00e1xima pelo MEC, com mensalidades que cabem no seu bolso, de acordo com seu tempo e rotina!<\/p>\n\n\n\n<p>Confira nossos cursos, fa\u00e7a sua matr\u00edcula e comece hoje mesmo seu curso de <a href=\"https:\/\/blog.grancursosonline.com.br\/pos-ead-como-tirar-duvidas\/\" target=\"_blank\" rel=\"noreferrer noopener\">p\u00f3s EAD<\/a> da Gran Faculdade. Clique na sua \u00e1rea de interesse e encontre a p\u00f3s-gradua\u00e7\u00e3o que voc\u00ea deseja fazer com o Gran:<\/p>\n\n\n\n<ul class=\"wp-block-list\">\n<li><a href=\"https:\/\/pos.grancursosonline.com.br\/nossos-cursos?category=educacao\" target=\"_blank\" rel=\"noreferrer noopener\">Educa\u00e7\u00e3o<\/a><\/li>\n\n\n\n<li><a href=\"https:\/\/pos.grancursosonline.com.br\/nossos-cursos?category=administracao\" target=\"_blank\" rel=\"noreferrer noopener\">Gest\u00e3o<\/a><\/li>\n\n\n\n<li><a href=\"https:\/\/pos.grancursosonline.com.br\/nossos-cursos?category=tecnologia-da-informacao\" target=\"_blank\" rel=\"noreferrer noopener\">Tecnologia<\/a><\/li>\n\n\n\n<li><a href=\"https:\/\/pos.grancursosonline.com.br\/nossos-cursos?category=policial\" target=\"_blank\" rel=\"noreferrer noopener\">Policial<\/a><\/li>\n\n\n\n<li><a href=\"https:\/\/pos.grancursosonline.com.br\/nossos-cursos?category=saude\" target=\"_blank\" rel=\"noreferrer noopener\">Sa\u00fade<\/a><\/li>\n\n\n\n<li><a href=\"https:\/\/pos.grancursosonline.com.br\/nossos-cursos?category=engenharia\" target=\"_blank\" rel=\"noreferrer noopener\">Engenharia<\/a><\/li>\n\n\n\n<li><a href=\"https:\/\/pos.grancursosonline.com.br\/nossos-cursos?category=controle&amp;category=economia&amp;category=fiscal\" target=\"_blank\" rel=\"noreferrer noopener\">Finan\u00e7as<\/a> (Controle e Contabilidade, Economia e Fiscal)<\/li>\n\n\n\n<li><a href=\"https:\/\/pos.grancursosonline.com.br\/nossos-cursos?category=advocacia&amp;category=direito&amp;category=magistratura\" target=\"_blank\" rel=\"noreferrer noopener\">Jur\u00eddicas<\/a> (Direito, Advocacia e Magistratura)<\/li>\n<\/ul>\n\n\n\n<div class=\"wp-block-group has-background\" style=\"background-color:#8dd2fc7a\"><div class=\"wp-block-group__inner-container is-layout-constrained wp-block-group-is-layout-constrained\">\n<p><strong>Outras not\u00edcias em destaque:<\/strong><\/p>\n\n\n\n<ul class=\"wp-block-list\">\n<li><a href=\"https:\/\/faculdade.grancursosonline.com.br\/blog\/quanto-aumenta-salario-pos-graduacao\/\" target=\"_blank\" rel=\"noreferrer noopener\">Quanto aumenta o sal\u00e1rio com uma p\u00f3s-gradua\u00e7\u00e3o?<\/a><\/li>\n\n\n\n<li><a href=\"https:\/\/faculdade.grancursosonline.com.br\/blog\/como-escolher-uma-pos-base-carreira\/\" target=\"_blank\" rel=\"noreferrer noopener\">Como escolher uma p\u00f3s? 10 Dicas com base na sua carreira!<\/a><\/li>\n\n\n\n<li><a href=\"https:\/\/faculdade.grancursosonline.com.br\/blog\/pos-mulheres\/\" target=\"_blank\" rel=\"noreferrer noopener\">P\u00f3s para mulheres: como o curso ajuda a crescer na carreira?<\/a><\/li>\n<\/ul>\n<\/div><\/div>\n\n\n\n<h2 class=\"wp-block-heading\" id=\"h-vem-pra-gran-faculdade\">Vem pra Gran Faculdade!<\/h2>\n\n\n\n<p>A Gran Faculdade vem mudando a vida de milhares de pessoas por meio de cursos \u00e0 dist\u00e2ncia de <a href=\"https:\/\/faculdade.grancursosonline.com.br\/\" target=\"_blank\" rel=\"noreferrer noopener\">gradua\u00e7\u00e3o<\/a>, <a href=\"https:\/\/pos.grancursosonline.com.br\/\" target=\"_blank\" rel=\"noreferrer noopener\">p\u00f3s-gradua\u00e7\u00e3o<\/a> e <a href=\"https:\/\/pos.grancursosonline.com.br\/mba\" target=\"_blank\" rel=\"noreferrer noopener\">MBA<\/a>. Seja no digital ou em nosso <a href=\"https:\/\/presencial.grancursosonline.com.br\/\" target=\"_blank\" rel=\"noreferrer noopener\">Campus Presencial em Curitiba<\/a>, a nossa miss\u00e3o \u00e9 transformar a educa\u00e7\u00e3o superior.<\/p>\n\n\n\n<p>Como parte de Sistema Gran de Ensino, que \u00e9 reconhecido como marca aprovadora h\u00e1 mais de 10 anos, constru\u00edmos uma renomada reputa\u00e7\u00e3o na \u00e1rea de educa\u00e7\u00e3o.<\/p>\n\n\n\n<p>Veja algumas de nossas conquistas:<\/p>\n\n\n\n<ul class=\"wp-block-list\">\n<li>Reconhecido pela Amazon como um dos projetos mais relevantes do mundo na \u00e1rea de Tecnologia e Educa\u00e7\u00e3o;<\/li>\n\n\n\n<li>Foi eleito pelo Project Management Institute (PMI), um dos 50 Projetos Mais Influentes do mundo;<\/li>\n\n\n\n<li>Somos o site de educa\u00e7\u00e3o mais acessado do Brasil;<\/li>\n\n\n\n<li>Somos avaliados com a nota m\u00e1xima pelo MEC;<\/li>\n\n\n\n<li>Aqui o semestre come\u00e7a quando quiser: entrada imediata e cont\u00ednua!<\/li>\n\n\n\n<li>Melhores pre\u00e7os do mercado;<\/li>\n\n\n\n<li>Mais de 500 mil alunos pagantes e mais de 1000 funcion\u00e1rios;<\/li>\n\n\n\n<li>Diversas ferramentas de estudo: PDFs, audiobooks, mapas mentais, videoaulas, quest\u00f5es, gerenciador de estudos e muito mais!<\/li>\n\n\n\n<li>Professores experientes e capacitados;<\/li>\n\n\n\n<li>Acesso imediato e 100% online.<\/li>\n<\/ul>\n\n\n\n<p class=\"has-text-align-center has-text-align-center\"><strong><a href=\"https:\/\/faculdade.grancursosonline.com.br\/\" target=\"_blank\" rel=\"noreferrer noopener\">Quero ser aluno da Gran Faculdade!<\/a><\/strong><\/p>\n","protected":false},"excerpt":{"rendered":"<p>Por muito tempo, conquistar um diploma de gradua\u00e7\u00e3o era sin\u00f4nimo de sucesso profissional. Mas, com as r\u00e1pidas mudan\u00e7as no mercado de trabalho e o avan\u00e7o da tecnologia, essa percep\u00e7\u00e3o tem sido questionada. Afinal, ter um diploma n\u00e3o \u00e9 mais diferencial? Neste artigo, vamos esclarecer esse debate, analisando o valor da forma\u00e7\u00e3o acad\u00eamica hoje, e como&hellip;<\/p>\n","protected":false},"author":486,"featured_media":79755700,"comment_status":"open","ping_status":"open","sticky":false,"template":"","format":"standard","meta":{"_acf_changed":false,"content-type":"","footnotes":""},"categories":[209229,2],"tags":[],"class_list":["post-79755694","post","type-post","status-publish","format-standard","has-post-thumbnail","hentry","category-pos-graduacao","category-ultimas-noticias"],"acf":[],"yoast_head":"<!-- This site is optimized with the Yoast SEO Premium plugin v27.2 (Yoast SEO v27.2) - https:\/\/yoast.com\/product\/yoast-seo-premium-wordpress\/ -->\n<title>Ter um diploma n\u00e3o \u00e9 mais diferencial: mito ou verdade?<\/title>\n<meta name=\"description\" content=\"Ter um diploma n\u00e3o \u00e9 mais diferencial: mito ou verdade? Descubra dados, tend\u00eancias e a import\u00e2ncia da forma\u00e7\u00e3o continuada!\" \/>\n<meta name=\"robots\" content=\"index, follow, max-snippet:-1, max-image-preview:large, max-video-preview:-1\" \/>\n<link rel=\"canonical\" href=\"https:\/\/faculdade.grancursosonline.com.br\/blog\/ter-um-diploma-diferencial\/\" \/>\n<meta property=\"og:locale\" content=\"pt_BR\" \/>\n<meta property=\"og:type\" content=\"article\" \/>\n<meta property=\"og:title\" content=\"Ter um diploma n\u00e3o \u00e9 mais diferencial: mito ou verdade?\" \/>\n<meta property=\"og:description\" content=\"Ter um diploma n\u00e3o \u00e9 mais diferencial: mito ou verdade? Descubra dados, tend\u00eancias e a import\u00e2ncia da forma\u00e7\u00e3o continuada!\" \/>\n<meta property=\"og:url\" content=\"https:\/\/faculdade.grancursosonline.com.br\/blog\/ter-um-diploma-diferencial\/\" \/>\n<meta property=\"og:site_name\" content=\"Blog Gran Faculdade\" \/>\n<meta property=\"article:publisher\" content=\"https:\/\/www.facebook.com\/grancursosonline\/\" \/>\n<meta property=\"article:published_time\" content=\"2025-07-11T19:53:48+00:00\" \/>\n<meta property=\"article:modified_time\" content=\"2025-07-11T19:55:27+00:00\" \/>\n<meta property=\"og:image\" content=\"https:\/\/blog-es-static.infra.grancursosonline.com.br\/wp-content\/uploads\/2025\/07\/11112532\/ter-um-diploma-diferencial-social.jpg\" \/>\n\t<meta property=\"og:image:width\" content=\"511\" \/>\n\t<meta property=\"og:image:height\" content=\"311\" \/>\n\t<meta property=\"og:image:type\" content=\"image\/jpeg\" \/>\n<meta name=\"author\" content=\"Equipe Gran\" \/>\n<meta name=\"twitter:card\" content=\"summary_large_image\" \/>\n<meta name=\"twitter:creator\" content=\"@gran_online\" \/>\n<meta name=\"twitter:site\" content=\"@gran_online\" \/>\n<meta name=\"twitter:label1\" content=\"Written by\" \/>\n\t<meta name=\"twitter:data1\" content=\"Equipe Gran\" \/>\n\t<meta name=\"twitter:label2\" content=\"Est. reading time\" \/>\n\t<meta name=\"twitter:data2\" content=\"30 minutos\" \/>\n<script type=\"application\/ld+json\" class=\"yoast-schema-graph\">{\"@context\":\"https:\/\/schema.org\",\"@graph\":[{\"@type\":\"NewsArticle\",\"@id\":\"https:\/\/faculdade.grancursosonline.com.br\/blog\/ter-um-diploma-diferencial\/#article\",\"isPartOf\":{\"@id\":\"https:\/\/faculdade.grancursosonline.com.br\/blog\/ter-um-diploma-diferencial\/\"},\"author\":{\"name\":\"Equipe Gran\",\"@id\":\"https:\/\/faculdade.grancursosonline.com.br\/blog\/#\/schema\/person\/c05f350f8ea43a7138aaffc6a87bc5e0\"},\"headline\":\"Ter um diploma n\u00e3o \u00e9 mais diferencial: mito ou verdade?\",\"datePublished\":\"2025-07-11T19:53:48+00:00\",\"dateModified\":\"2025-07-11T19:55:27+00:00\",\"mainEntityOfPage\":{\"@id\":\"https:\/\/faculdade.grancursosonline.com.br\/blog\/ter-um-diploma-diferencial\/\"},\"wordCount\":1504,\"commentCount\":0,\"publisher\":{\"@id\":\"https:\/\/faculdade.grancursosonline.com.br\/blog\/#organization\"},\"image\":{\"@id\":\"https:\/\/faculdade.grancursosonline.com.br\/blog\/ter-um-diploma-diferencial\/#primaryimage\"},\"thumbnailUrl\":\"https:\/\/blog-es-static.infra.grancursosonline.com.br\/wp-content\/uploads\/2025\/07\/11112536\/ter-um-diploma-diferencial.jpg\",\"articleSection\":[\"P\u00f3s-Gradua\u00e7\u00e3o Gran Faculdade\",\"\u00daltimas Not\u00edcias\"],\"inLanguage\":\"pt-BR\",\"potentialAction\":[{\"@type\":\"CommentAction\",\"name\":\"Comment\",\"target\":[\"https:\/\/faculdade.grancursosonline.com.br\/blog\/ter-um-diploma-diferencial\/#respond\"]}],\"copyrightYear\":\"2025\",\"copyrightHolder\":{\"@id\":\"https:\/\/faculdade.grancursosonline.com.br\/blog\/#organization\"}},{\"@type\":\"WebPage\",\"@id\":\"https:\/\/faculdade.grancursosonline.com.br\/blog\/ter-um-diploma-diferencial\/\",\"url\":\"https:\/\/faculdade.grancursosonline.com.br\/blog\/ter-um-diploma-diferencial\/\",\"name\":\"Ter um diploma n\u00e3o \u00e9 mais diferencial: mito ou verdade?\",\"isPartOf\":{\"@id\":\"https:\/\/faculdade.grancursosonline.com.br\/blog\/#website\"},\"primaryImageOfPage\":{\"@id\":\"https:\/\/faculdade.grancursosonline.com.br\/blog\/ter-um-diploma-diferencial\/#primaryimage\"},\"image\":{\"@id\":\"https:\/\/faculdade.grancursosonline.com.br\/blog\/ter-um-diploma-diferencial\/#primaryimage\"},\"thumbnailUrl\":\"https:\/\/blog-es-static.infra.grancursosonline.com.br\/wp-content\/uploads\/2025\/07\/11112536\/ter-um-diploma-diferencial.jpg\",\"datePublished\":\"2025-07-11T19:53:48+00:00\",\"dateModified\":\"2025-07-11T19:55:27+00:00\",\"description\":\"Ter um diploma n\u00e3o \u00e9 mais diferencial: mito ou verdade? Descubra dados, tend\u00eancias e a import\u00e2ncia da forma\u00e7\u00e3o continuada!\",\"breadcrumb\":{\"@id\":\"https:\/\/faculdade.grancursosonline.com.br\/blog\/ter-um-diploma-diferencial\/#breadcrumb\"},\"inLanguage\":\"pt-BR\",\"potentialAction\":[{\"@type\":\"ReadAction\",\"target\":[\"https:\/\/faculdade.grancursosonline.com.br\/blog\/ter-um-diploma-diferencial\/\"]}]},{\"@type\":\"ImageObject\",\"inLanguage\":\"pt-BR\",\"@id\":\"https:\/\/faculdade.grancursosonline.com.br\/blog\/ter-um-diploma-diferencial\/#primaryimage\",\"url\":\"https:\/\/blog-es-static.infra.grancursosonline.com.br\/wp-content\/uploads\/2025\/07\/11112536\/ter-um-diploma-diferencial.jpg\",\"contentUrl\":\"https:\/\/blog-es-static.infra.grancursosonline.com.br\/wp-content\/uploads\/2025\/07\/11112536\/ter-um-diploma-diferencial.jpg\",\"width\":1001,\"height\":601,\"caption\":\"Ter um diploma n\u00e3o \u00e9 mais diferencial\"},{\"@type\":\"BreadcrumbList\",\"@id\":\"https:\/\/faculdade.grancursosonline.com.br\/blog\/ter-um-diploma-diferencial\/#breadcrumb\",\"itemListElement\":[{\"@type\":\"ListItem\",\"position\":1,\"name\":\"In\u00edcio\",\"item\":\"https:\/\/faculdade.grancursosonline.com.br\/blog\/\"},{\"@type\":\"ListItem\",\"position\":2,\"name\":\"P\u00f3s-Gradua\u00e7\u00e3o Gran Faculdade\",\"item\":\"https:\/\/faculdade.grancursosonline.com.br\/blog\/pos-graduacao\/\"},{\"@type\":\"ListItem\",\"position\":3,\"name\":\"Ter um diploma n\u00e3o \u00e9 mais diferencial: mito ou verdade?\"}]},{\"@type\":\"WebSite\",\"@id\":\"https:\/\/faculdade.grancursosonline.com.br\/blog\/#website\",\"url\":\"https:\/\/faculdade.grancursosonline.com.br\/blog\/\",\"name\":\"Blog Gran Faculdade\",\"description\":\"Tudo sobre ensino superior, p\u00f3s-gradua\u00e7\u00e3o, enem e carreira.\",\"publisher\":{\"@id\":\"https:\/\/faculdade.grancursosonline.com.br\/blog\/#organization\"},\"potentialAction\":[{\"@type\":\"SearchAction\",\"target\":{\"@type\":\"EntryPoint\",\"urlTemplate\":\"https:\/\/faculdade.grancursosonline.com.br\/blog\/?s={search_term_string}\"},\"query-input\":{\"@type\":\"PropertyValueSpecification\",\"valueRequired\":true,\"valueName\":\"search_term_string\"}}],\"inLanguage\":\"pt-BR\"},{\"@type\":\"Organization\",\"@id\":\"https:\/\/faculdade.grancursosonline.com.br\/blog\/#organization\",\"name\":\"Gran Cursos Online\",\"url\":\"https:\/\/faculdade.grancursosonline.com.br\/blog\/\",\"logo\":{\"@type\":\"ImageObject\",\"inLanguage\":\"pt-BR\",\"@id\":\"https:\/\/faculdade.grancursosonline.com.br\/blog\/#\/schema\/logo\/image\/\",\"url\":\"https:\/\/blog-es-static.infra.grancursosonline.com.br\/wp-content\/uploads\/2019\/08\/03123934\/logo.png\",\"contentUrl\":\"https:\/\/blog-es-static.infra.grancursosonline.com.br\/wp-content\/uploads\/2019\/08\/03123934\/logo.png\",\"width\":300,\"height\":57,\"caption\":\"Gran Cursos Online\"},\"image\":{\"@id\":\"https:\/\/faculdade.grancursosonline.com.br\/blog\/#\/schema\/logo\/image\/\"},\"sameAs\":[\"https:\/\/www.facebook.com\/grancursosonline\/\",\"https:\/\/x.com\/gran_online\",\"https:\/\/www.instagram.com\/grancursosonline\/\",\"https:\/\/www.youtube.com\/user\/grancursostv\"]},{\"@type\":\"Person\",\"@id\":\"https:\/\/faculdade.grancursosonline.com.br\/blog\/#\/schema\/person\/c05f350f8ea43a7138aaffc6a87bc5e0\",\"name\":\"Equipe Gran\",\"sameAs\":[\"http:\/\/www.grancursosonline.com.br\"],\"url\":\"https:\/\/faculdade.grancursosonline.com.br\/blog\/author\/hugo-oliveira\/\"}]}<\/script>\n<!-- \/ Yoast SEO Premium plugin. -->","yoast_head_json":{"title":"Ter um diploma n\u00e3o \u00e9 mais diferencial: mito ou verdade?","description":"Ter um diploma n\u00e3o \u00e9 mais diferencial: mito ou verdade? Descubra dados, tend\u00eancias e a import\u00e2ncia da forma\u00e7\u00e3o continuada!","robots":{"index":"index","follow":"follow","max-snippet":"max-snippet:-1","max-image-preview":"max-image-preview:large","max-video-preview":"max-video-preview:-1"},"canonical":"https:\/\/faculdade.grancursosonline.com.br\/blog\/ter-um-diploma-diferencial\/","og_locale":"pt_BR","og_type":"article","og_title":"Ter um diploma n\u00e3o \u00e9 mais diferencial: mito ou verdade?","og_description":"Ter um diploma n\u00e3o \u00e9 mais diferencial: mito ou verdade? Descubra dados, tend\u00eancias e a import\u00e2ncia da forma\u00e7\u00e3o continuada!","og_url":"https:\/\/faculdade.grancursosonline.com.br\/blog\/ter-um-diploma-diferencial\/","og_site_name":"Blog Gran Faculdade","article_publisher":"https:\/\/www.facebook.com\/grancursosonline\/","article_published_time":"2025-07-11T19:53:48+00:00","article_modified_time":"2025-07-11T19:55:27+00:00","og_image":[{"width":511,"height":311,"url":"https:\/\/blog-es-static.infra.grancursosonline.com.br\/wp-content\/uploads\/2025\/07\/11112532\/ter-um-diploma-diferencial-social.jpg","type":"image\/jpeg"}],"author":"Equipe Gran","twitter_card":"summary_large_image","twitter_creator":"@gran_online","twitter_site":"@gran_online","twitter_misc":{"Written by":"Equipe Gran","Est. reading time":"30 minutos"},"schema":{"@context":"https:\/\/schema.org","@graph":[{"@type":"NewsArticle","@id":"https:\/\/faculdade.grancursosonline.com.br\/blog\/ter-um-diploma-diferencial\/#article","isPartOf":{"@id":"https:\/\/faculdade.grancursosonline.com.br\/blog\/ter-um-diploma-diferencial\/"},"author":{"name":"Equipe Gran","@id":"https:\/\/faculdade.grancursosonline.com.br\/blog\/#\/schema\/person\/c05f350f8ea43a7138aaffc6a87bc5e0"},"headline":"Ter um diploma n\u00e3o \u00e9 mais diferencial: mito ou verdade?","datePublished":"2025-07-11T19:53:48+00:00","dateModified":"2025-07-11T19:55:27+00:00","mainEntityOfPage":{"@id":"https:\/\/faculdade.grancursosonline.com.br\/blog\/ter-um-diploma-diferencial\/"},"wordCount":1504,"commentCount":0,"publisher":{"@id":"https:\/\/faculdade.grancursosonline.com.br\/blog\/#organization"},"image":{"@id":"https:\/\/faculdade.grancursosonline.com.br\/blog\/ter-um-diploma-diferencial\/#primaryimage"},"thumbnailUrl":"https:\/\/blog-es-static.infra.grancursosonline.com.br\/wp-content\/uploads\/2025\/07\/11112536\/ter-um-diploma-diferencial.jpg","articleSection":["P\u00f3s-Gradua\u00e7\u00e3o Gran Faculdade","\u00daltimas Not\u00edcias"],"inLanguage":"pt-BR","potentialAction":[{"@type":"CommentAction","name":"Comment","target":["https:\/\/faculdade.grancursosonline.com.br\/blog\/ter-um-diploma-diferencial\/#respond"]}],"copyrightYear":"2025","copyrightHolder":{"@id":"https:\/\/faculdade.grancursosonline.com.br\/blog\/#organization"}},{"@type":"WebPage","@id":"https:\/\/faculdade.grancursosonline.com.br\/blog\/ter-um-diploma-diferencial\/","url":"https:\/\/faculdade.grancursosonline.com.br\/blog\/ter-um-diploma-diferencial\/","name":"Ter um diploma n\u00e3o \u00e9 mais diferencial: mito ou verdade?","isPartOf":{"@id":"https:\/\/faculdade.grancursosonline.com.br\/blog\/#website"},"primaryImageOfPage":{"@id":"https:\/\/faculdade.grancursosonline.com.br\/blog\/ter-um-diploma-diferencial\/#primaryimage"},"image":{"@id":"https:\/\/faculdade.grancursosonline.com.br\/blog\/ter-um-diploma-diferencial\/#primaryimage"},"thumbnailUrl":"https:\/\/blog-es-static.infra.grancursosonline.com.br\/wp-content\/uploads\/2025\/07\/11112536\/ter-um-diploma-diferencial.jpg","datePublished":"2025-07-11T19:53:48+00:00","dateModified":"2025-07-11T19:55:27+00:00","description":"Ter um diploma n\u00e3o \u00e9 mais diferencial: mito ou verdade? Descubra dados, tend\u00eancias e a import\u00e2ncia da forma\u00e7\u00e3o continuada!","breadcrumb":{"@id":"https:\/\/faculdade.grancursosonline.com.br\/blog\/ter-um-diploma-diferencial\/#breadcrumb"},"inLanguage":"pt-BR","potentialAction":[{"@type":"ReadAction","target":["https:\/\/faculdade.grancursosonline.com.br\/blog\/ter-um-diploma-diferencial\/"]}]},{"@type":"ImageObject","inLanguage":"pt-BR","@id":"https:\/\/faculdade.grancursosonline.com.br\/blog\/ter-um-diploma-diferencial\/#primaryimage","url":"https:\/\/blog-es-static.infra.grancursosonline.com.br\/wp-content\/uploads\/2025\/07\/11112536\/ter-um-diploma-diferencial.jpg","contentUrl":"https:\/\/blog-es-static.infra.grancursosonline.com.br\/wp-content\/uploads\/2025\/07\/11112536\/ter-um-diploma-diferencial.jpg","width":1001,"height":601,"caption":"Ter um diploma n\u00e3o \u00e9 mais diferencial"},{"@type":"BreadcrumbList","@id":"https:\/\/faculdade.grancursosonline.com.br\/blog\/ter-um-diploma-diferencial\/#breadcrumb","itemListElement":[{"@type":"ListItem","position":1,"name":"In\u00edcio","item":"https:\/\/faculdade.grancursosonline.com.br\/blog\/"},{"@type":"ListItem","position":2,"name":"P\u00f3s-Gradua\u00e7\u00e3o Gran Faculdade","item":"https:\/\/faculdade.grancursosonline.com.br\/blog\/pos-graduacao\/"},{"@type":"ListItem","position":3,"name":"Ter um diploma n\u00e3o \u00e9 mais diferencial: mito ou verdade?"}]},{"@type":"WebSite","@id":"https:\/\/faculdade.grancursosonline.com.br\/blog\/#website","url":"https:\/\/faculdade.grancursosonline.com.br\/blog\/","name":"Blog Gran Faculdade","description":"Tudo sobre ensino superior, p\u00f3s-gradua\u00e7\u00e3o, enem e carreira.","publisher":{"@id":"https:\/\/faculdade.grancursosonline.com.br\/blog\/#organization"},"potentialAction":[{"@type":"SearchAction","target":{"@type":"EntryPoint","urlTemplate":"https:\/\/faculdade.grancursosonline.com.br\/blog\/?s={search_term_string}"},"query-input":{"@type":"PropertyValueSpecification","valueRequired":true,"valueName":"search_term_string"}}],"inLanguage":"pt-BR"},{"@type":"Organization","@id":"https:\/\/faculdade.grancursosonline.com.br\/blog\/#organization","name":"Gran Cursos Online","url":"https:\/\/faculdade.grancursosonline.com.br\/blog\/","logo":{"@type":"ImageObject","inLanguage":"pt-BR","@id":"https:\/\/faculdade.grancursosonline.com.br\/blog\/#\/schema\/logo\/image\/","url":"https:\/\/blog-es-static.infra.grancursosonline.com.br\/wp-content\/uploads\/2019\/08\/03123934\/logo.png","contentUrl":"https:\/\/blog-es-static.infra.grancursosonline.com.br\/wp-content\/uploads\/2019\/08\/03123934\/logo.png","width":300,"height":57,"caption":"Gran Cursos Online"},"image":{"@id":"https:\/\/faculdade.grancursosonline.com.br\/blog\/#\/schema\/logo\/image\/"},"sameAs":["https:\/\/www.facebook.com\/grancursosonline\/","https:\/\/x.com\/gran_online","https:\/\/www.instagram.com\/grancursosonline\/","https:\/\/www.youtube.com\/user\/grancursostv"]},{"@type":"Person","@id":"https:\/\/faculdade.grancursosonline.com.br\/blog\/#\/schema\/person\/c05f350f8ea43a7138aaffc6a87bc5e0","name":"Equipe Gran","sameAs":["http:\/\/www.grancursosonline.com.br"],"url":"https:\/\/faculdade.grancursosonline.com.br\/blog\/author\/hugo-oliveira\/"}]}},"_links":{"self":[{"href":"https:\/\/faculdade.grancursosonline.com.br\/blog\/wp-json\/wp\/v2\/posts\/79755694","targetHints":{"allow":["GET"]}}],"collection":[{"href":"https:\/\/faculdade.grancursosonline.com.br\/blog\/wp-json\/wp\/v2\/posts"}],"about":[{"href":"https:\/\/faculdade.grancursosonline.com.br\/blog\/wp-json\/wp\/v2\/types\/post"}],"author":[{"embeddable":true,"href":"https:\/\/faculdade.grancursosonline.com.br\/blog\/wp-json\/wp\/v2\/users\/486"}],"replies":[{"embeddable":true,"href":"https:\/\/faculdade.grancursosonline.com.br\/blog\/wp-json\/wp\/v2\/comments?post=79755694"}],"version-history":[{"count":4,"href":"https:\/\/faculdade.grancursosonline.com.br\/blog\/wp-json\/wp\/v2\/posts\/79755694\/revisions"}],"predecessor-version":[{"id":79755726,"href":"https:\/\/faculdade.grancursosonline.com.br\/blog\/wp-json\/wp\/v2\/posts\/79755694\/revisions\/79755726"}],"wp:featuredmedia":[{"embeddable":true,"href":"https:\/\/faculdade.grancursosonline.com.br\/blog\/wp-json\/wp\/v2\/media\/79755700"}],"wp:attachment":[{"href":"https:\/\/faculdade.grancursosonline.com.br\/blog\/wp-json\/wp\/v2\/media?parent=79755694"}],"wp:term":[{"taxonomy":"category","embeddable":true,"href":"https:\/\/faculdade.grancursosonline.com.br\/blog\/wp-json\/wp\/v2\/categories?post=79755694"},{"taxonomy":"post_tag","embeddable":true,"href":"https:\/\/faculdade.grancursosonline.com.br\/blog\/wp-json\/wp\/v2\/tags?post=79755694"}],"curies":[{"name":"wp","href":"https:\/\/api.w.org\/{rel}","templated":true}]}}