{"id":79755848,"date":"2025-07-16T15:36:59","date_gmt":"2025-07-16T18:36:59","guid":{"rendered":"https:\/\/faculdade.grancursosonline.com.br\/blog\/?p=79755848"},"modified":"2026-01-06T10:51:27","modified_gmt":"2026-01-06T13:51:27","slug":"considerar-antes-matricular-pos-graduacao","status":"publish","type":"post","link":"https:\/\/faculdade.grancursosonline.com.br\/blog\/considerar-antes-matricular-pos-graduacao\/","title":{"rendered":"O que considerar antes de se matricular em uma p\u00f3s-gradua\u00e7\u00e3o?"},"content":{"rendered":"\n<p>Investir em uma p\u00f3s-gradua\u00e7\u00e3o \u00e9 um passo importante para quem deseja se destacar no mercado de trabalho e conquistar novas oportunidades. No entanto, essa decis\u00e3o vai al\u00e9m do desejo de estudar: \u00e9 preciso avaliar fatores como alinhamento com objetivos profissionais, reconhecimento do curso e formato das aulas.<\/p>\n\n\n\n<p>Com a crescente demanda por forma\u00e7\u00e3o continuada, os cursos de p\u00f3s-gradua\u00e7\u00e3o, especialmente os lato sensu na modalidade EAD, tornaram-se alternativas acess\u00edveis e de alta qualidade. Mas como escolher o melhor? <\/p>\n\n\n\n<div class=\"wp-block-columns is-layout-flex wp-container-core-columns-is-layout-9d6595d7 wp-block-columns-is-layout-flex\">\n<div class=\"wp-block-column is-layout-flow wp-block-column-is-layout-flow\" style=\"flex-basis:100%\"><div class=\"wp-block-image\">\n<figure class=\"aligncenter size-full\"><a href=\"https:\/\/whatsapp.com\/channel\/0029VaG1sChI7Be7PNndhL43\" target=\"_blank\" rel=\"noopener\"><img decoding=\"async\" src=\"https:\/\/blog-es-static.infra.grancursosonline.com.br\/wp-content\/uploads\/2025\/09\/09112354\/banner-wp-600x142-80.webp\" alt=\"Acesse o canal do WhatsApp da Gran Faculdade\" class=\"wp-image-79751904\"\/><\/a><\/figure>\n<\/div><\/div>\n<\/div>\n\n\n\n<p>Neste artigo, voc\u00ea vai entender o que realmente considerar antes de se matricular em uma p\u00f3s-gradua\u00e7\u00e3o e por que institui\u00e7\u00f5es como a Gran Faculdade t\u00eam se destacado nessa jornada. Acompanhe para saber mais ou navegue pelo \u00edndice:<\/p>\n\n\n\n<ol class=\"wp-block-list\">\n<li><a href=\"#reconhecimento\">Reconhecimento e validade do curso<\/a><\/li>\n\n\n\n<li><a href=\"#objetivos\">Alinhamento com objetivos profissionais<\/a><\/li>\n\n\n\n<li><a href=\"#formato\">Formato e carga hor\u00e1ria adequada ao seu ritmo<\/a><\/li>\n\n\n\n<li><a href=\"#custo\">Custo vs. retorno esperado na carreira<\/a><\/li>\n\n\n\n<li><a href=\"#tendencias\">Tend\u00eancias de mercado para escolher a \u00e1rea certa<\/a><\/li>\n<\/ol>\n\n\n\n<h2 class=\"wp-block-heading\" id=\"h-o-que-e-pos-graduacao\"><br>O que \u00e9 p\u00f3s-gradua\u00e7\u00e3o?<\/h2>\n\n\n\n<p>A p\u00f3s-gradua\u00e7\u00e3o \u00e9 um n\u00edvel de ensino que aprofunda conhecimentos em determinada \u00e1rea, sendo indicada para profissionais que buscam especializa\u00e7\u00e3o ou atualiza\u00e7\u00e3o. Ela pode ser lato sensu, como os cursos de especializa\u00e7\u00e3o e MBAs, ou stricto sensu, voltada para pesquisa acad\u00eamica e forma\u00e7\u00e3o cient\u00edfica.<\/p>\n\n\n\n<p>Para quem busca crescimento r\u00e1pido na carreira, o lato sensu EAD \u00e9 a escolha mais pr\u00e1tica e flex\u00edvel, permitindo conciliar estudos com trabalho e demais compromissos.<\/p>\n\n\n\n<h2 class=\"wp-block-heading\" id=\"h-como-funciona-a-pos-graduacao\">Como funciona a p\u00f3s-gradua\u00e7\u00e3o?<\/h2>\n\n\n\n<p>Nos cursos de p\u00f3s-gradua\u00e7\u00e3o, o conte\u00fado \u00e9 direcionado para aplica\u00e7\u00f5es pr\u00e1ticas e atualiza\u00e7\u00e3o de compet\u00eancias. Na modalidade EAD, as aulas s\u00e3o online, com acesso a materiais did\u00e1ticos interativos, videoaulas gravadas e f\u00f3runs de discuss\u00e3o que facilitam o networking.<\/p>\n\n\n\n<p>A Gran Faculdade, por exemplo, oferece uma plataforma moderna, professores especialistas e suporte acad\u00eamico cont\u00ednuo, garantindo uma experi\u00eancia completa mesmo a dist\u00e2ncia.<\/p>\n\n\n\n<h2 class=\"wp-block-heading\" id=\"h-quanto-tempo-leva-para-fazer-uma-pos-graduacao\">Quanto tempo leva para fazer uma pos gradua\u00e7\u00e3o?<\/h2>\n\n\n\n<p>O tempo varia conforme o curso escolhido. Normalmente, uma especializa\u00e7\u00e3o lato sensu tem dura\u00e7\u00e3o entre 6 e 18 meses, dependendo da carga hor\u00e1ria e do ritmo de estudo do aluno.<\/p>\n\n\n\n<p>Os cursos EAD oferecem mais flexibilidade para quem tem agenda apertada, permitindo acelerar ou organizar os estudos de acordo com a disponibilidade, sem comprometer a qualidade da forma\u00e7\u00e3o.<\/p>\n\n\n\n<h2 class=\"wp-block-heading\" id=\"h-vale-a-pena-fazer-pos-graduacao\">Vale a pena fazer p\u00f3s gradua\u00e7\u00e3o?<\/h2>\n\n\n\n<p>Sim, principalmente em um mercado competitivo, onde diferencia\u00e7\u00e3o \u00e9 essencial. Uma p\u00f3s-gradua\u00e7\u00e3o:<\/p>\n\n\n\n<ul class=\"wp-block-list\">\n<li>amplia o conhecimento t\u00e9cnico;<\/li>\n\n\n\n<li>fortalece o networking profissional;<\/li>\n\n\n\n<li>aumenta as chances de promo\u00e7\u00f5es e melhores sal\u00e1rios;<\/li>\n\n\n\n<li>melhora a empregabilidade em diferentes \u00e1reas.<\/li>\n<\/ul>\n\n\n\n<h3 class=\"wp-block-heading\" id=\"h-reconhecimento-e-validade-do-curso\">Reconhecimento e validade do curso<\/h3>\n\n\n\n<p>Antes de se matricular, \u00e9 fundamental verificar se a institui\u00e7\u00e3o \u00e9 credenciada pelo MEC e se o curso possui validade nacional. Um diploma reconhecido garante seguran\u00e7a jur\u00eddica e reconhecimento no mercado.<\/p>\n\n\n\n<p>A Gran Faculdade \u00e9 autorizada pelo MEC e oferece diplomas com validade em todo o territ\u00f3rio nacional, refor\u00e7ando a credibilidade de seus programas de p\u00f3s-gradua\u00e7\u00e3o.<\/p>\n\n\n\n<h3 class=\"wp-block-heading\" id=\"h-alinhamento-com-objetivos-profissionais\">Alinhamento com objetivos profissionais<\/h3>\n\n\n\n<p>Escolher um curso apenas pela tend\u00eancia pode ser um erro. Avalie se a \u00e1rea est\u00e1 alinhada com seus objetivos de carreira e se complementa suas compet\u00eancias atuais. <\/p>\n\n\n\n<p>Por exemplo, quem atua com gest\u00e3o pode buscar um MBA em Gest\u00e3o P\u00fablica ou Empresarial, enquanto profissionais de tecnologia podem investir em Intelig\u00eancia Artificial ou People Analytics.<\/p>\n\n\n\n<p>A Gran Faculdade conta com um portf\u00f3lio diversificado, o que facilita encontrar o curso certo para o momento da sua trajet\u00f3ria profissional.<\/p>\n\n\n\n<h3 class=\"wp-block-heading\" id=\"h-formato-e-carga-horaria-adequada-ao-seu-ritmo\">Formato e carga hor\u00e1ria adequada ao seu ritmo<\/h3>\n\n\n\n<p>Se voc\u00ea trabalha em tempo integral ou tem outros compromissos, o formato EAD pode ser a melhor op\u00e7\u00e3o. Al\u00e9m da flexibilidade, \u00e9 poss\u00edvel estudar de qualquer lugar e no hor\u00e1rio mais conveniente.<\/p>\n\n\n\n<p>Na Gran Faculdade, os cursos s\u00e3o planejados para atender diferentes perfis de alunos, com materiais din\u00e2micos e carga hor\u00e1ria ajustada para que o aprendizado seja eficiente e sem sobrecarga.<\/p>\n\n\n\n<h3 class=\"wp-block-heading\" id=\"h-custo-vs-retorno-esperado-na-carreira\">Custo vs. retorno esperado na carreira<\/h3>\n\n\n\n<p>Avaliar o investimento \u00e9 essencial. O ideal \u00e9 equilibrar custo acess\u00edvel com qualidade de ensino. Lembre-se de considerar o retorno que o curso pode trazer em termos de melhores oportunidades, sal\u00e1rios mais competitivos e crescimento profissional.<\/p>\n\n\n\n<p>A modalidade EAD geralmente apresenta valores mais acess\u00edveis, sem comprometer a qualidade. A Gran Faculdade se destaca por unir pre\u00e7os competitivos a uma forma\u00e7\u00e3o robusta e atualizada.<\/p>\n\n\n\n<p>Com a Gran Faculdade, queremos te ajudar a conquistar todos seus objetivos acad\u00eamicos e profissionais. Por isso, disponibilizamos uma s\u00e9rie de promo\u00e7\u00f5es que facilitam os seus estudos. Afinal, a educa\u00e7\u00e3o deve e pode ser para todos! <\/p>\n\n\n\n<p><strong>Veja quais s\u00e3o os cupons v\u00e1lidos at\u00e9 o preenchimento das vagas dispon\u00edveis:<\/strong><\/p>\n\n\n\n<figure class=\"wp-block-table\"><div class=\"container-tabela\"><table class=\"has-fixed-layout\"><thead><tr><th>Tipo de Desconto<\/th><th>Curso<\/th><th>Valores<\/th><th>Cupons<\/th><\/tr><\/thead><tbody><tr><td rowspan=\"2\">SOCIAL<\/td><td>P\u00f3s-Gradua\u00e7\u00e3o<\/td><td>12x de R$ 89,90<\/td><td>POSGRANSOCIAL<\/td><\/tr><tr><td>MBA<\/td><td>12x de R$ 89,90<\/td><td>MBAGRANSOCIAL<\/td><\/tr><tr><td rowspan=\"2\">ALUNOS GRAN<\/td><td>P\u00f3s-Gradua\u00e7\u00e3o<\/td><td>12x de R$ 89,90<\/td><td>SOUALUNOGRAN<\/td><\/tr><tr><td>MBA<\/td><td>12x de R$ 89,90<\/td><td>MBAALUNOGRAN<\/td><\/tr><tr><td rowspan=\"2\">EX-ALUNOS<\/td><td>P\u00f3s-Gradua\u00e7\u00e3o<\/td><td>12x de R$ 89,90<\/td><td>VOLTEIPROGRAN<\/td><\/tr><tr><td>MBA<\/td><td>12x de R$ 89,90<\/td><td>MBAVOLTEIPROGRAN<\/td><\/tr><tr><td rowspan=\"2\">NOVOS ALUNOS <\/td><td>P\u00f3s-Gradua\u00e7\u00e3o<\/td><td>12x de R$ 109,90<\/td><td>NOVONOGRAN<\/td><\/tr><tr><td>MBA<\/td><td>12x de R$ 109,90<\/td><td>MBANOVONOGRAN<\/td><\/tr><tr><td>COMBO CARREIRA<\/td><td>P\u00f3s-gradua\u00e7\u00e3o<\/td><td>12x de R$ 109,90<\/td><td>COMBOCARREIRA<\/td><\/tr><tr><td>COMBO P\u00d3S*<\/td><td>P\u00f3s-Gradua\u00e7\u00e3o e\/ou MBA<\/td><td>12x de R$ 109,90<\/td><td>COMBOPOS<\/td><\/tr><\/tbody><\/table><\/div><figcaption class=\"wp-element-caption\">*A condi\u00e7\u00e3o de 2 cursos pelo pre\u00e7o de inclui os cursos de MBA<\/figcaption><\/figure>\n\n\n\n<p><strong>\u00c0 vista no PIX ou Boleto voc\u00ea ainda adquire MAIS 5% DE DESCONTO!<\/strong><\/p>\n\n\n\n<p>Para garantir os pre\u00e7os promocionais, basta acessar a p\u00e1gina da sua especializa\u00e7\u00e3o de prefer\u00eancia e visualizar todos os cupons ao lado do pre\u00e7o final! <\/p>\n\n\n\n<p>Se, por acaso, o desconto n\u00e3o for aplicado imediatamente, voc\u00ea tamb\u00e9m poder\u00e1 digitar o c\u00f3digo do cupom informado na tabela acima!<\/p>\n\n\n\n<p class=\"has-text-align-center has-text-align-center\"><a href=\"https:\/\/pos.grancursosonline.com.br\/\" target=\"_blank\" rel=\"noreferrer noopener\"><strong>Garanta sua matr\u00edcula com desconto!<\/strong><\/a><\/p>\n\n\n\n<h3 class=\"wp-block-heading\" id=\"h-tendencias-de-mercado-para-escolher-a-area-certa\">Tend\u00eancias de mercado para escolher a \u00e1rea certa<\/h3>\n\n\n\n<p>Observar as tend\u00eancias de mercado ajuda a tomar uma decis\u00e3o mais estrat\u00e9gica. \u00c1reas como tecnologia, sa\u00fade, educa\u00e7\u00e3o, gest\u00e3o p\u00fablica e sustentabilidade est\u00e3o em alta e prometem grande demanda para os pr\u00f3ximos anos.<\/p>\n\n\n\n<p>A Gran Faculdade acompanha essas tend\u00eancias, oferecendo cursos atualizados com as necessidades reais do mercado de trabalho.<\/p>\n\n\n\n<h2 class=\"wp-block-heading\" id=\"h-quer-comecar-uma-especializacao-mas-ainda-tem-duvidas-de-qual-caminho-seguir-baixe-gratuitamente-o-guia-da-pos-graduacao\">Quer come\u00e7ar uma especializa\u00e7\u00e3o mas ainda tem d\u00favidas de qual caminho seguir? Baixe gratuitamente o Guia da P\u00f3s-gradua\u00e7\u00e3o!<\/h2>\n\n\n\n<p>Concluiu a Gradua\u00e7\u00e3o e agora quer se especializar em uma \u00e1rea para garantir melhores oportunidades de emprego ou sal\u00e1rio? <strong>Chegou a hora de come\u00e7ar uma P\u00f3s na Gran Faculdade!<\/strong><\/p>\n\n\n\n<p><strong>Se voc\u00ea quer iniciar a sua jornada e n\u00e3o sabe qual caminho seguir, <\/strong>n\u00f3s fizemos um e-book com todo o passo a passo de como come\u00e7ar uma p\u00f3s-gradua\u00e7\u00e3o. No material que preparamos para voc\u00ea, falamos sobre:<\/p>\n\n\n\n<ul class=\"wp-block-list\">\n<li>O que \u00e9 p\u00f3s-gradua\u00e7\u00e3o<\/li>\n\n\n\n<li>Tipos de p\u00f3s-gradua\u00e7\u00e3o;<\/li>\n\n\n\n<li>Como come\u00e7ar uma p\u00f3s-gradua\u00e7\u00e3o;<\/li>\n\n\n\n<li>Sugest\u00f5es de cursos que voc\u00ea pode seguir de acordo com sua \u00e1rea.<\/li>\n<\/ul>\n\n\n\n<p>E o melhor de tudo: todo esse conte\u00fado \u00e9 gratuito! Basta preencher o formul\u00e1rio abaixo que voc\u00ea ter\u00e1 acesso ao material:<\/p>\n\n\n<p><script charset=\"utf-8\" type=\"text\/javascript\" src=\"\/\/js.hsforms.net\/forms\/embed\/v2.js\"><\/script> <script>\n  hbspt.forms.create({\n    region: \"na1\",\n    portalId: \"302036\",\n    formId: \"97738608-304f-4f6f-b94d-2fcde9b29e5d\"\n  });\n<\/script><\/p>\n\n\n<div class=\"wp-block-group has-background\" style=\"background-color:#8dd2fc7a\"><div class=\"wp-block-group__inner-container is-layout-constrained wp-block-group-is-layout-constrained\">\n<p><strong>Outras not\u00edcias em destaque:<\/strong><\/p>\n\n\n\n<ul class=\"wp-block-list\">\n<li><a href=\"https:\/\/faculdade.grancursosonline.com.br\/blog\/pos-inicio-imediato\/\" target=\"_blank\" rel=\"noopener\">P\u00f3s com in\u00edcio imediato existe? Confira!<\/a><\/li>\n\n\n\n<li><a href=\"https:\/\/faculdade.grancursosonline.com.br\/blog\/pos-em-alta-no-linkedin\/\" target=\"_blank\" rel=\"noopener\">Quais p\u00f3s-gradua\u00e7\u00f5es est\u00e3o em alta no LinkedIn em 2025?<\/a><\/li>\n\n\n\n<li><a href=\"https:\/\/faculdade.grancursosonline.com.br\/blog\/pagar-pos-graduacao-ganhando-pouco\/\" target=\"_blank\" rel=\"noopener\">Como pagar uma p\u00f3s-gradua\u00e7\u00e3o mesmo ganhando pouco?<\/a><\/li>\n<\/ul>\n<\/div><\/div>\n\n\n\n<h2 class=\"wp-block-heading\" id=\"h-vem-pra-gran-faculdade\">Vem pra Gran Faculdade!<\/h2>\n\n\n\n<p>A Gran Faculdade vem mudando a vida de milhares de pessoas por meio de cursos \u00e0 dist\u00e2ncia de <a href=\"https:\/\/faculdade.grancursosonline.com.br\/\" target=\"_blank\" rel=\"noreferrer noopener\">gradua\u00e7\u00e3o<\/a>, <a href=\"https:\/\/pos.grancursosonline.com.br\/\" target=\"_blank\" rel=\"noreferrer noopener\">p\u00f3s-gradua\u00e7\u00e3o<\/a> e <a href=\"https:\/\/pos.grancursosonline.com.br\/mba\" target=\"_blank\" rel=\"noreferrer noopener\">MBA<\/a>. Seja no digital ou em nosso <a href=\"https:\/\/presencial.grancursosonline.com.br\/\" target=\"_blank\" rel=\"noreferrer noopener\">Campus Presencial em Curitiba<\/a>, a nossa miss\u00e3o \u00e9 transformar a educa\u00e7\u00e3o superior.<\/p>\n\n\n\n<p>Como parte de Sistema Gran de Ensino, que \u00e9 reconhecido como marca aprovadora h\u00e1 mais de 10 anos, constru\u00edmos uma renomada reputa\u00e7\u00e3o na \u00e1rea de educa\u00e7\u00e3o.<\/p>\n\n\n\n<p>Veja algumas de nossas conquistas:<\/p>\n\n\n\n<ul class=\"wp-block-list\">\n<li>Reconhecido pela Amazon como um dos projetos mais relevantes do mundo na \u00e1rea de Tecnologia e Educa\u00e7\u00e3o;<\/li>\n\n\n\n<li>Foi eleito pelo Project Management Institute (PMI), um dos 50 Projetos Mais Influentes do mundo;<\/li>\n\n\n\n<li>Somos o site de educa\u00e7\u00e3o mais acessado do Brasil;<\/li>\n\n\n\n<li>Somos avaliados com a nota m\u00e1xima pelo MEC;<\/li>\n\n\n\n<li>Aqui o semestre come\u00e7a quando quiser: entrada imediata e cont\u00ednua!<\/li>\n\n\n\n<li>Melhores pre\u00e7os do mercado;<\/li>\n\n\n\n<li>Mais de 500 mil alunos pagantes e mais de 1000 funcion\u00e1rios;<\/li>\n\n\n\n<li>Diversas ferramentas de estudo: PDFs, audiobooks, mapas mentais, videoaulas, quest\u00f5es, gerenciador de estudos e muito mais!<\/li>\n\n\n\n<li>Professores experientes e capacitados;<\/li>\n\n\n\n<li>Acesso imediato e 100% online.<\/li>\n<\/ul>\n\n\n\n<p class=\"has-text-align-center has-text-align-center\"><strong><a href=\"https:\/\/faculdade.grancursosonline.com.br\/\" target=\"_blank\" rel=\"noreferrer noopener\">Quero ser aluno da Gran Faculdade!<\/a><\/strong><\/p>\n","protected":false},"excerpt":{"rendered":"<p>Investir em uma p\u00f3s-gradua\u00e7\u00e3o \u00e9 um passo importante para quem deseja se destacar no mercado de trabalho e conquistar novas oportunidades. No entanto, essa decis\u00e3o vai al\u00e9m do desejo de estudar: \u00e9 preciso avaliar fatores como alinhamento com objetivos profissionais, reconhecimento do curso e formato das aulas. Com a crescente demanda por forma\u00e7\u00e3o continuada, os&hellip;<\/p>\n","protected":false},"author":486,"featured_media":79755851,"comment_status":"open","ping_status":"open","sticky":false,"template":"","format":"standard","meta":{"_acf_changed":false,"content-type":"","footnotes":""},"categories":[209229,2],"tags":[],"class_list":["post-79755848","post","type-post","status-publish","format-standard","has-post-thumbnail","hentry","category-pos-graduacao","category-ultimas-noticias"],"acf":[],"yoast_head":"<!-- This site is optimized with the Yoast SEO Premium plugin v27.2 (Yoast SEO v27.2) - https:\/\/yoast.com\/product\/yoast-seo-premium-wordpress\/ -->\n<title>O que considerar antes de se matricular em uma p\u00f3s-gradua\u00e7\u00e3o?<\/title>\n<meta name=\"description\" content=\"Descubra o que considerar antes de se matricular em uma p\u00f3s-gradua\u00e7\u00e3o e como escolher o curso certo para sua carreira!\" \/>\n<meta name=\"robots\" content=\"index, follow, max-snippet:-1, max-image-preview:large, max-video-preview:-1\" \/>\n<link rel=\"canonical\" href=\"https:\/\/faculdade.grancursosonline.com.br\/blog\/considerar-antes-matricular-pos-graduacao\/\" \/>\n<meta property=\"og:locale\" content=\"pt_BR\" \/>\n<meta property=\"og:type\" content=\"article\" \/>\n<meta property=\"og:title\" content=\"O que considerar antes de se matricular em uma p\u00f3s-gradua\u00e7\u00e3o?\" \/>\n<meta property=\"og:description\" content=\"Descubra o que considerar antes de se matricular em uma p\u00f3s-gradua\u00e7\u00e3o e como escolher o curso certo para sua carreira!\" \/>\n<meta property=\"og:url\" content=\"https:\/\/faculdade.grancursosonline.com.br\/blog\/considerar-antes-matricular-pos-graduacao\/\" \/>\n<meta property=\"og:site_name\" content=\"Blog Gran Faculdade\" \/>\n<meta property=\"article:publisher\" content=\"https:\/\/www.facebook.com\/grancursosonline\/\" \/>\n<meta property=\"article:published_time\" content=\"2025-07-16T18:36:59+00:00\" \/>\n<meta property=\"article:modified_time\" content=\"2026-01-06T13:51:27+00:00\" \/>\n<meta property=\"og:image\" content=\"https:\/\/blog-es-static.infra.grancursosonline.com.br\/wp-content\/uploads\/2025\/07\/16105103\/considerar-antes-matricular-pos-graduacao-social.jpg\" \/>\n\t<meta property=\"og:image:width\" content=\"510\" \/>\n\t<meta property=\"og:image:height\" content=\"310\" \/>\n\t<meta property=\"og:image:type\" content=\"image\/jpeg\" \/>\n<meta name=\"author\" content=\"Equipe Gran\" \/>\n<meta name=\"twitter:card\" content=\"summary_large_image\" \/>\n<meta name=\"twitter:creator\" content=\"@gran_online\" \/>\n<meta name=\"twitter:site\" content=\"@gran_online\" \/>\n<meta name=\"twitter:label1\" content=\"Written by\" \/>\n\t<meta name=\"twitter:data1\" content=\"Equipe Gran\" \/>\n\t<meta name=\"twitter:label2\" content=\"Est. reading time\" \/>\n\t<meta name=\"twitter:data2\" content=\"21 minutos\" \/>\n<script type=\"application\/ld+json\" class=\"yoast-schema-graph\">{\"@context\":\"https:\/\/schema.org\",\"@graph\":[{\"@type\":\"NewsArticle\",\"@id\":\"https:\/\/faculdade.grancursosonline.com.br\/blog\/considerar-antes-matricular-pos-graduacao\/#article\",\"isPartOf\":{\"@id\":\"https:\/\/faculdade.grancursosonline.com.br\/blog\/considerar-antes-matricular-pos-graduacao\/\"},\"author\":{\"name\":\"Equipe Gran\",\"@id\":\"https:\/\/faculdade.grancursosonline.com.br\/blog\/#\/schema\/person\/c05f350f8ea43a7138aaffc6a87bc5e0\"},\"headline\":\"O que considerar antes de se matricular em uma p\u00f3s-gradua\u00e7\u00e3o?\",\"datePublished\":\"2025-07-16T18:36:59+00:00\",\"dateModified\":\"2026-01-06T13:51:27+00:00\",\"mainEntityOfPage\":{\"@id\":\"https:\/\/faculdade.grancursosonline.com.br\/blog\/considerar-antes-matricular-pos-graduacao\/\"},\"wordCount\":852,\"commentCount\":0,\"publisher\":{\"@id\":\"https:\/\/faculdade.grancursosonline.com.br\/blog\/#organization\"},\"image\":{\"@id\":\"https:\/\/faculdade.grancursosonline.com.br\/blog\/considerar-antes-matricular-pos-graduacao\/#primaryimage\"},\"thumbnailUrl\":\"https:\/\/blog-es-static.infra.grancursosonline.com.br\/wp-content\/uploads\/2025\/07\/16105059\/considerar-antes-matricular-pos-graduacao.jpg\",\"articleSection\":[\"P\u00f3s-Gradua\u00e7\u00e3o Gran Faculdade\",\"\u00daltimas Not\u00edcias\"],\"inLanguage\":\"pt-BR\",\"potentialAction\":[{\"@type\":\"CommentAction\",\"name\":\"Comment\",\"target\":[\"https:\/\/faculdade.grancursosonline.com.br\/blog\/considerar-antes-matricular-pos-graduacao\/#respond\"]}],\"copyrightYear\":\"2025\",\"copyrightHolder\":{\"@id\":\"https:\/\/faculdade.grancursosonline.com.br\/blog\/#organization\"}},{\"@type\":\"WebPage\",\"@id\":\"https:\/\/faculdade.grancursosonline.com.br\/blog\/considerar-antes-matricular-pos-graduacao\/\",\"url\":\"https:\/\/faculdade.grancursosonline.com.br\/blog\/considerar-antes-matricular-pos-graduacao\/\",\"name\":\"O que considerar antes de se matricular em uma p\u00f3s-gradua\u00e7\u00e3o?\",\"isPartOf\":{\"@id\":\"https:\/\/faculdade.grancursosonline.com.br\/blog\/#website\"},\"primaryImageOfPage\":{\"@id\":\"https:\/\/faculdade.grancursosonline.com.br\/blog\/considerar-antes-matricular-pos-graduacao\/#primaryimage\"},\"image\":{\"@id\":\"https:\/\/faculdade.grancursosonline.com.br\/blog\/considerar-antes-matricular-pos-graduacao\/#primaryimage\"},\"thumbnailUrl\":\"https:\/\/blog-es-static.infra.grancursosonline.com.br\/wp-content\/uploads\/2025\/07\/16105059\/considerar-antes-matricular-pos-graduacao.jpg\",\"datePublished\":\"2025-07-16T18:36:59+00:00\",\"dateModified\":\"2026-01-06T13:51:27+00:00\",\"description\":\"Descubra o que considerar antes de se matricular em uma p\u00f3s-gradua\u00e7\u00e3o e como escolher o curso certo para sua carreira!\",\"breadcrumb\":{\"@id\":\"https:\/\/faculdade.grancursosonline.com.br\/blog\/considerar-antes-matricular-pos-graduacao\/#breadcrumb\"},\"inLanguage\":\"pt-BR\",\"potentialAction\":[{\"@type\":\"ReadAction\",\"target\":[\"https:\/\/faculdade.grancursosonline.com.br\/blog\/considerar-antes-matricular-pos-graduacao\/\"]}]},{\"@type\":\"ImageObject\",\"inLanguage\":\"pt-BR\",\"@id\":\"https:\/\/faculdade.grancursosonline.com.br\/blog\/considerar-antes-matricular-pos-graduacao\/#primaryimage\",\"url\":\"https:\/\/blog-es-static.infra.grancursosonline.com.br\/wp-content\/uploads\/2025\/07\/16105059\/considerar-antes-matricular-pos-graduacao.jpg\",\"contentUrl\":\"https:\/\/blog-es-static.infra.grancursosonline.com.br\/wp-content\/uploads\/2025\/07\/16105059\/considerar-antes-matricular-pos-graduacao.jpg\",\"width\":1000,\"height\":600,\"caption\":\"O que considerar antes de se matricular em uma p\u00f3s-gradua\u00e7\u00e3o?\"},{\"@type\":\"BreadcrumbList\",\"@id\":\"https:\/\/faculdade.grancursosonline.com.br\/blog\/considerar-antes-matricular-pos-graduacao\/#breadcrumb\",\"itemListElement\":[{\"@type\":\"ListItem\",\"position\":1,\"name\":\"In\u00edcio\",\"item\":\"https:\/\/faculdade.grancursosonline.com.br\/blog\/\"},{\"@type\":\"ListItem\",\"position\":2,\"name\":\"P\u00f3s-Gradua\u00e7\u00e3o Gran Faculdade\",\"item\":\"https:\/\/faculdade.grancursosonline.com.br\/blog\/pos-graduacao\/\"},{\"@type\":\"ListItem\",\"position\":3,\"name\":\"O que considerar antes de se matricular em uma p\u00f3s-gradua\u00e7\u00e3o?\"}]},{\"@type\":\"WebSite\",\"@id\":\"https:\/\/faculdade.grancursosonline.com.br\/blog\/#website\",\"url\":\"https:\/\/faculdade.grancursosonline.com.br\/blog\/\",\"name\":\"Blog Gran Faculdade\",\"description\":\"Tudo sobre ensino superior, p\u00f3s-gradua\u00e7\u00e3o, enem e carreira.\",\"publisher\":{\"@id\":\"https:\/\/faculdade.grancursosonline.com.br\/blog\/#organization\"},\"potentialAction\":[{\"@type\":\"SearchAction\",\"target\":{\"@type\":\"EntryPoint\",\"urlTemplate\":\"https:\/\/faculdade.grancursosonline.com.br\/blog\/?s={search_term_string}\"},\"query-input\":{\"@type\":\"PropertyValueSpecification\",\"valueRequired\":true,\"valueName\":\"search_term_string\"}}],\"inLanguage\":\"pt-BR\"},{\"@type\":\"Organization\",\"@id\":\"https:\/\/faculdade.grancursosonline.com.br\/blog\/#organization\",\"name\":\"Gran Cursos Online\",\"url\":\"https:\/\/faculdade.grancursosonline.com.br\/blog\/\",\"logo\":{\"@type\":\"ImageObject\",\"inLanguage\":\"pt-BR\",\"@id\":\"https:\/\/faculdade.grancursosonline.com.br\/blog\/#\/schema\/logo\/image\/\",\"url\":\"https:\/\/blog-es-static.infra.grancursosonline.com.br\/wp-content\/uploads\/2019\/08\/03123934\/logo.png\",\"contentUrl\":\"https:\/\/blog-es-static.infra.grancursosonline.com.br\/wp-content\/uploads\/2019\/08\/03123934\/logo.png\",\"width\":300,\"height\":57,\"caption\":\"Gran Cursos Online\"},\"image\":{\"@id\":\"https:\/\/faculdade.grancursosonline.com.br\/blog\/#\/schema\/logo\/image\/\"},\"sameAs\":[\"https:\/\/www.facebook.com\/grancursosonline\/\",\"https:\/\/x.com\/gran_online\",\"https:\/\/www.instagram.com\/grancursosonline\/\",\"https:\/\/www.youtube.com\/user\/grancursostv\"]},{\"@type\":\"Person\",\"@id\":\"https:\/\/faculdade.grancursosonline.com.br\/blog\/#\/schema\/person\/c05f350f8ea43a7138aaffc6a87bc5e0\",\"name\":\"Equipe Gran\",\"sameAs\":[\"http:\/\/www.grancursosonline.com.br\"],\"url\":\"https:\/\/faculdade.grancursosonline.com.br\/blog\/author\/hugo-oliveira\/\"}]}<\/script>\n<!-- \/ Yoast SEO Premium plugin. -->","yoast_head_json":{"title":"O que considerar antes de se matricular em uma p\u00f3s-gradua\u00e7\u00e3o?","description":"Descubra o que considerar antes de se matricular em uma p\u00f3s-gradua\u00e7\u00e3o e como escolher o curso certo para sua carreira!","robots":{"index":"index","follow":"follow","max-snippet":"max-snippet:-1","max-image-preview":"max-image-preview:large","max-video-preview":"max-video-preview:-1"},"canonical":"https:\/\/faculdade.grancursosonline.com.br\/blog\/considerar-antes-matricular-pos-graduacao\/","og_locale":"pt_BR","og_type":"article","og_title":"O que considerar antes de se matricular em uma p\u00f3s-gradua\u00e7\u00e3o?","og_description":"Descubra o que considerar antes de se matricular em uma p\u00f3s-gradua\u00e7\u00e3o e como escolher o curso certo para sua carreira!","og_url":"https:\/\/faculdade.grancursosonline.com.br\/blog\/considerar-antes-matricular-pos-graduacao\/","og_site_name":"Blog Gran Faculdade","article_publisher":"https:\/\/www.facebook.com\/grancursosonline\/","article_published_time":"2025-07-16T18:36:59+00:00","article_modified_time":"2026-01-06T13:51:27+00:00","og_image":[{"width":510,"height":310,"url":"https:\/\/blog-es-static.infra.grancursosonline.com.br\/wp-content\/uploads\/2025\/07\/16105103\/considerar-antes-matricular-pos-graduacao-social.jpg","type":"image\/jpeg"}],"author":"Equipe Gran","twitter_card":"summary_large_image","twitter_creator":"@gran_online","twitter_site":"@gran_online","twitter_misc":{"Written by":"Equipe Gran","Est. reading time":"21 minutos"},"schema":{"@context":"https:\/\/schema.org","@graph":[{"@type":"NewsArticle","@id":"https:\/\/faculdade.grancursosonline.com.br\/blog\/considerar-antes-matricular-pos-graduacao\/#article","isPartOf":{"@id":"https:\/\/faculdade.grancursosonline.com.br\/blog\/considerar-antes-matricular-pos-graduacao\/"},"author":{"name":"Equipe Gran","@id":"https:\/\/faculdade.grancursosonline.com.br\/blog\/#\/schema\/person\/c05f350f8ea43a7138aaffc6a87bc5e0"},"headline":"O que considerar antes de se matricular em uma p\u00f3s-gradua\u00e7\u00e3o?","datePublished":"2025-07-16T18:36:59+00:00","dateModified":"2026-01-06T13:51:27+00:00","mainEntityOfPage":{"@id":"https:\/\/faculdade.grancursosonline.com.br\/blog\/considerar-antes-matricular-pos-graduacao\/"},"wordCount":852,"commentCount":0,"publisher":{"@id":"https:\/\/faculdade.grancursosonline.com.br\/blog\/#organization"},"image":{"@id":"https:\/\/faculdade.grancursosonline.com.br\/blog\/considerar-antes-matricular-pos-graduacao\/#primaryimage"},"thumbnailUrl":"https:\/\/blog-es-static.infra.grancursosonline.com.br\/wp-content\/uploads\/2025\/07\/16105059\/considerar-antes-matricular-pos-graduacao.jpg","articleSection":["P\u00f3s-Gradua\u00e7\u00e3o Gran Faculdade","\u00daltimas Not\u00edcias"],"inLanguage":"pt-BR","potentialAction":[{"@type":"CommentAction","name":"Comment","target":["https:\/\/faculdade.grancursosonline.com.br\/blog\/considerar-antes-matricular-pos-graduacao\/#respond"]}],"copyrightYear":"2025","copyrightHolder":{"@id":"https:\/\/faculdade.grancursosonline.com.br\/blog\/#organization"}},{"@type":"WebPage","@id":"https:\/\/faculdade.grancursosonline.com.br\/blog\/considerar-antes-matricular-pos-graduacao\/","url":"https:\/\/faculdade.grancursosonline.com.br\/blog\/considerar-antes-matricular-pos-graduacao\/","name":"O que considerar antes de se matricular em uma p\u00f3s-gradua\u00e7\u00e3o?","isPartOf":{"@id":"https:\/\/faculdade.grancursosonline.com.br\/blog\/#website"},"primaryImageOfPage":{"@id":"https:\/\/faculdade.grancursosonline.com.br\/blog\/considerar-antes-matricular-pos-graduacao\/#primaryimage"},"image":{"@id":"https:\/\/faculdade.grancursosonline.com.br\/blog\/considerar-antes-matricular-pos-graduacao\/#primaryimage"},"thumbnailUrl":"https:\/\/blog-es-static.infra.grancursosonline.com.br\/wp-content\/uploads\/2025\/07\/16105059\/considerar-antes-matricular-pos-graduacao.jpg","datePublished":"2025-07-16T18:36:59+00:00","dateModified":"2026-01-06T13:51:27+00:00","description":"Descubra o que considerar antes de se matricular em uma p\u00f3s-gradua\u00e7\u00e3o e como escolher o curso certo para sua carreira!","breadcrumb":{"@id":"https:\/\/faculdade.grancursosonline.com.br\/blog\/considerar-antes-matricular-pos-graduacao\/#breadcrumb"},"inLanguage":"pt-BR","potentialAction":[{"@type":"ReadAction","target":["https:\/\/faculdade.grancursosonline.com.br\/blog\/considerar-antes-matricular-pos-graduacao\/"]}]},{"@type":"ImageObject","inLanguage":"pt-BR","@id":"https:\/\/faculdade.grancursosonline.com.br\/blog\/considerar-antes-matricular-pos-graduacao\/#primaryimage","url":"https:\/\/blog-es-static.infra.grancursosonline.com.br\/wp-content\/uploads\/2025\/07\/16105059\/considerar-antes-matricular-pos-graduacao.jpg","contentUrl":"https:\/\/blog-es-static.infra.grancursosonline.com.br\/wp-content\/uploads\/2025\/07\/16105059\/considerar-antes-matricular-pos-graduacao.jpg","width":1000,"height":600,"caption":"O que considerar antes de se matricular em uma p\u00f3s-gradua\u00e7\u00e3o?"},{"@type":"BreadcrumbList","@id":"https:\/\/faculdade.grancursosonline.com.br\/blog\/considerar-antes-matricular-pos-graduacao\/#breadcrumb","itemListElement":[{"@type":"ListItem","position":1,"name":"In\u00edcio","item":"https:\/\/faculdade.grancursosonline.com.br\/blog\/"},{"@type":"ListItem","position":2,"name":"P\u00f3s-Gradua\u00e7\u00e3o Gran Faculdade","item":"https:\/\/faculdade.grancursosonline.com.br\/blog\/pos-graduacao\/"},{"@type":"ListItem","position":3,"name":"O que considerar antes de se matricular em uma p\u00f3s-gradua\u00e7\u00e3o?"}]},{"@type":"WebSite","@id":"https:\/\/faculdade.grancursosonline.com.br\/blog\/#website","url":"https:\/\/faculdade.grancursosonline.com.br\/blog\/","name":"Blog Gran Faculdade","description":"Tudo sobre ensino superior, p\u00f3s-gradua\u00e7\u00e3o, enem e carreira.","publisher":{"@id":"https:\/\/faculdade.grancursosonline.com.br\/blog\/#organization"},"potentialAction":[{"@type":"SearchAction","target":{"@type":"EntryPoint","urlTemplate":"https:\/\/faculdade.grancursosonline.com.br\/blog\/?s={search_term_string}"},"query-input":{"@type":"PropertyValueSpecification","valueRequired":true,"valueName":"search_term_string"}}],"inLanguage":"pt-BR"},{"@type":"Organization","@id":"https:\/\/faculdade.grancursosonline.com.br\/blog\/#organization","name":"Gran Cursos Online","url":"https:\/\/faculdade.grancursosonline.com.br\/blog\/","logo":{"@type":"ImageObject","inLanguage":"pt-BR","@id":"https:\/\/faculdade.grancursosonline.com.br\/blog\/#\/schema\/logo\/image\/","url":"https:\/\/blog-es-static.infra.grancursosonline.com.br\/wp-content\/uploads\/2019\/08\/03123934\/logo.png","contentUrl":"https:\/\/blog-es-static.infra.grancursosonline.com.br\/wp-content\/uploads\/2019\/08\/03123934\/logo.png","width":300,"height":57,"caption":"Gran Cursos Online"},"image":{"@id":"https:\/\/faculdade.grancursosonline.com.br\/blog\/#\/schema\/logo\/image\/"},"sameAs":["https:\/\/www.facebook.com\/grancursosonline\/","https:\/\/x.com\/gran_online","https:\/\/www.instagram.com\/grancursosonline\/","https:\/\/www.youtube.com\/user\/grancursostv"]},{"@type":"Person","@id":"https:\/\/faculdade.grancursosonline.com.br\/blog\/#\/schema\/person\/c05f350f8ea43a7138aaffc6a87bc5e0","name":"Equipe Gran","sameAs":["http:\/\/www.grancursosonline.com.br"],"url":"https:\/\/faculdade.grancursosonline.com.br\/blog\/author\/hugo-oliveira\/"}]}},"_links":{"self":[{"href":"https:\/\/faculdade.grancursosonline.com.br\/blog\/wp-json\/wp\/v2\/posts\/79755848","targetHints":{"allow":["GET"]}}],"collection":[{"href":"https:\/\/faculdade.grancursosonline.com.br\/blog\/wp-json\/wp\/v2\/posts"}],"about":[{"href":"https:\/\/faculdade.grancursosonline.com.br\/blog\/wp-json\/wp\/v2\/types\/post"}],"author":[{"embeddable":true,"href":"https:\/\/faculdade.grancursosonline.com.br\/blog\/wp-json\/wp\/v2\/users\/486"}],"replies":[{"embeddable":true,"href":"https:\/\/faculdade.grancursosonline.com.br\/blog\/wp-json\/wp\/v2\/comments?post=79755848"}],"version-history":[{"count":4,"href":"https:\/\/faculdade.grancursosonline.com.br\/blog\/wp-json\/wp\/v2\/posts\/79755848\/revisions"}],"predecessor-version":[{"id":79760294,"href":"https:\/\/faculdade.grancursosonline.com.br\/blog\/wp-json\/wp\/v2\/posts\/79755848\/revisions\/79760294"}],"wp:featuredmedia":[{"embeddable":true,"href":"https:\/\/faculdade.grancursosonline.com.br\/blog\/wp-json\/wp\/v2\/media\/79755851"}],"wp:attachment":[{"href":"https:\/\/faculdade.grancursosonline.com.br\/blog\/wp-json\/wp\/v2\/media?parent=79755848"}],"wp:term":[{"taxonomy":"category","embeddable":true,"href":"https:\/\/faculdade.grancursosonline.com.br\/blog\/wp-json\/wp\/v2\/categories?post=79755848"},{"taxonomy":"post_tag","embeddable":true,"href":"https:\/\/faculdade.grancursosonline.com.br\/blog\/wp-json\/wp\/v2\/tags?post=79755848"}],"curies":[{"name":"wp","href":"https:\/\/api.w.org\/{rel}","templated":true}]}}