{"id":79755953,"date":"2025-07-18T16:34:02","date_gmt":"2025-07-18T19:34:02","guid":{"rendered":"https:\/\/faculdade.grancursosonline.com.br\/blog\/?p=79755953"},"modified":"2025-07-22T11:56:05","modified_gmt":"2025-07-22T14:56:05","slug":"como-conciliar-estagio-e-faculdade","status":"publish","type":"post","link":"https:\/\/faculdade.grancursosonline.com.br\/blog\/como-conciliar-estagio-e-faculdade\/","title":{"rendered":"Como conciliar Est\u00e1gio e Faculdade sem prejudicar o desempenho?\u00a0"},"content":{"rendered":"\n<p>Conseguir um est\u00e1gio na sua \u00e1rea \u00e9 um passo incr\u00edvel na carreira, mas logo vem o desafio: como dar conta de tudo? A rotina de conciliar est\u00e1gio e faculdade pode ser bem puxada, e o medo de o desempenho cair em um dos dois lados \u00e9 super comum.<\/p>\n\n\n\n<p>Mas, com organiza\u00e7\u00e3o e algumas estrat\u00e9gias inteligentes, \u00e9 totalmente poss\u00edvel equilibrar os pratos e tirar o melhor dos dois mundos. Hoje, vamos te dar algumas dicas para que voc\u00ea consiga conciliar est\u00e1gio e faculdade sem estresse e com muito sucesso.<\/p>\n\n\n\n<p>Acompanhe o conte\u00fado na \u00edntegra ou navegue pelo \u00edndice se preferir:<\/p>\n\n\n\n<ul class=\"wp-block-list\">\n<li><a href=\"#h-como-organizar-uma-rotina-para-conciliar-estagio-e-faculdade\">Como organizar uma rotina para conciliar est\u00e1gio e faculdade?<\/a><\/li>\n\n\n\n<li><a href=\"#h-dicas-de-gestao-de-tempo-para-quem-precisa-conciliar-estagio-e-faculdade\">Dicas de gest\u00e3o de tempo para quem precisa conciliar est\u00e1gio e faculdade<\/a><\/li>\n\n\n\n<li><a href=\"#h-como-evitar-o-burnout-ao-conciliar-estagio-e-faculdade\">Como evitar o burnout ao conciliar est\u00e1gio e faculdade?<\/a><\/li>\n\n\n\n<li><a href=\"#h-e-possivel-conciliar-estagio-e-faculdade-e-ainda-ter-vida-social\">\u00c9 poss\u00edvel conciliar est\u00e1gio e faculdade e ainda ter vida social?<\/a><\/li>\n\n\n\n<li><a href=\"#h-ferramentas-e-aplicativos-que-ajudam-a-conciliar-estagio-e-faculdade\">Ferramentas e aplicativos que ajudam a conciliar est\u00e1gio e faculdade<\/a><\/li>\n\n\n\n<li><a href=\"#h-como-conversar-na-faculdade-e-no-estagio-para-conseguir-mais-flexibilidade\">Como conversar na faculdade e no est\u00e1gio para conseguir mais flexibilidade?<\/a><\/li>\n<\/ul>\n\n\n\n<div class=\"wp-block-columns is-layout-flex wp-container-core-columns-is-layout-9d6595d7 wp-block-columns-is-layout-flex\">\n<div class=\"wp-block-column is-layout-flow wp-block-column-is-layout-flow\" style=\"flex-basis:100%\"><div class=\"wp-block-image\">\n<figure class=\"aligncenter size-full\"><a href=\"https:\/\/whatsapp.com\/channel\/0029VaG1sChI7Be7PNndhL43\" target=\"_blank\" rel=\"noopener\"><img decoding=\"async\" src=\"https:\/\/blog-es-static.infra.grancursosonline.com.br\/wp-content\/uploads\/2025\/09\/09112354\/banner-wp-600x142-80.webp\" alt=\"Acesse o canal do WhatsApp da Gran Faculdade\" class=\"wp-image-79751904\"\/><\/a><\/figure>\n<\/div><\/div>\n<\/div>\n\n\n\n<h2 class=\"wp-block-heading\" id=\"h-como-organizar-uma-rotina-para-conciliar-estagio-e-faculdade\"><strong>Como organizar uma rotina para conciliar est\u00e1gio e faculdade?<\/strong><br><\/h2>\n\n\n\n<p>Organizar a rotina \u00e9 o primeiro e mais importante passo para n\u00e3o cair de rendimento em suas atividades. A ideia n\u00e3o \u00e9 ter um controle absoluto sobre cada minuto, mas sim ter um mapa para guiar sua semana e garantir que nada importante fique para tr\u00e1s.<\/p>\n\n\n\n<p>Comece usando uma agenda ou um aplicativo de calend\u00e1rio. Coloque primeiro seus compromissos fixos: aulas da faculdade, hor\u00e1rio do est\u00e1gio e o tempo de deslocamento entre um e outro. Isso vai te dar uma no\u00e7\u00e3o clara de quanto tempo livre voc\u00ea realmente tem.<\/p>\n\n\n\n<p>Depois, distribua as tarefas de estudo nesses blocos de tempo livre. Seja realista! N\u00e3o adianta planejar estudar por 4 horas seguidas depois de um dia cheio. \u00c9 melhor dividir em blocos menores, de 1 ou 2 horas, e ser consistente.&nbsp;<\/p>\n\n\n\n<p>Lembre-se de incluir tamb\u00e9m os momentos de descanso, lazer e sono. Eles n\u00e3o s\u00e3o luxo, s\u00e3o essenciais para voc\u00ea aguentar o tranco.<\/p>\n\n\n\n<h2 class=\"wp-block-heading\" id=\"h-dicas-de-gestao-de-tempo-para-quem-precisa-conciliar-estagio-e-faculdade\"><strong>Dicas de gest\u00e3o de tempo para quem precisa conciliar est\u00e1gio e faculdade<\/strong><br><\/h2>\n\n\n\n<p>Gerenciar bem o tempo \u00e9 a chave do sucesso para quem tem jornada dupla. Aqui v\u00e3o umas dicas pr\u00e1ticas que realmente funcionam:<\/p>\n\n\n\n<ul class=\"wp-block-list\">\n<li><strong>Aproveite as horas vagas<\/strong>: sabe aquele tempo no \u00f4nibus, no metr\u00f4 ou no intervalo do est\u00e1gio? Use para adiantar uma leitura, revisar anota\u00e7\u00f5es ou organizar sua lista de tarefas. Esses minutinhos somados fazem uma diferen\u00e7a enorme no final do dia;<\/li>\n\n\n\n<li><strong>Defina prioridades<\/strong>: use a &#8220;matriz de urg\u00eancia e import\u00e2ncia&#8221;. O que \u00e9 urgente e importante, fa\u00e7a agora. O que \u00e9 importante, mas n\u00e3o urgente, agende. O que \u00e9 urgente, mas n\u00e3o importante, delegue se puder. O que n\u00e3o \u00e9 nem um nem outro, talvez voc\u00ea possa eliminar;<\/li>\n\n\n\n<li><strong>Aprenda a dizer &#8220;n\u00e3o&#8221;<\/strong>: vai aparecer convite pra sair, pedido de ajuda em trabalho, novas tarefas&#8230; Se voc\u00ea j\u00e1 est\u00e1 no seu limite, aprenda a dizer &#8220;n\u00e3o&#8221; de forma educada. Sua sa\u00fade mental agradece;<\/li>\n\n\n\n<li><strong>T\u00e9cnica do <\/strong><a href=\"https:\/\/faculdade.grancursosonline.com.br\/blog\/pomodoro\/\"><strong>Pomodoro<\/strong><\/a>: trabalhe focado por 25 minutos e descanse 5. Essa t\u00e9cnica \u00e9 \u00f3tima para manter a concentra\u00e7\u00e3o e evitar a exaust\u00e3o, tanto no est\u00e1gio quanto nos estudos;<\/li>\n\n\n\n<li><strong>Deixe tudo pronto no dia anterior<\/strong>: separe a roupa que vai usar, arrume a mochila, deixe o almo\u00e7o encaminhado. Isso economiza um tempo precioso e diminui o estresse da manh\u00e3.<\/li>\n<\/ul>\n\n\n\n<h2 class=\"wp-block-heading\" id=\"h-como-evitar-o-burnout-ao-conciliar-estagio-e-faculdade\"><strong>Como evitar o burnout ao conciliar est\u00e1gio e faculdade?<\/strong><br><\/h2>\n\n\n\n<p>O burnout (esgotamento f\u00edsico e mental) \u00e9 um risco real para quem tenta abra\u00e7ar o mundo. Para evitar chegar nesse ponto, o segredo \u00e9 o equil\u00edbrio e o autoconhecimento.<\/p>\n\n\n\n<p>Primeiro, escute seu corpo. Se voc\u00ea est\u00e1 se sentindo cansado o tempo todo, irritado e sem motiva\u00e7\u00e3o, pode ser um sinal de alerta. N\u00e3o ignore esses sinais. Tire um tempo para descansar, mesmo que pare\u00e7a que voc\u00ea n\u00e3o pode. Um dia de descanso pode te fazer render muito mais nos outros dias.<\/p>\n\n\n\n<p>Segundo, tenha um hobby. Fa\u00e7a algo que n\u00e3o tenha nada a ver com est\u00e1gio ou faculdade. Pode ser um esporte, um instrumento musical, maratonar uma s\u00e9rie, qualquer coisa que te d\u00ea prazer e &#8220;desligue&#8221; seu c\u00e9rebro um pouco das obriga\u00e7\u00f5es.<\/p>\n\n\n\n<p>Por fim, n\u00e3o se cobre tanto. Entenda que voc\u00ea n\u00e3o vai conseguir ser 100% em tudo, o tempo todo. V\u00e3o ter dias em que o est\u00e1gio vai exigir mais, e outros em que a faculdade ser\u00e1 a prioridade. Seja gentil consigo mesmo nesse processo.<\/p>\n\n\n\n<h2 class=\"wp-block-heading\" id=\"h-e-possivel-conciliar-estagio-e-faculdade-e-ainda-ter-vida-social\"><strong>\u00c9 poss\u00edvel conciliar est\u00e1gio e faculdade e ainda ter vida social?<\/strong><br><\/h2>\n\n\n\n<p>Sim, \u00e9 totalmente poss\u00edvel! Mas exige planejamento e, principalmente, aceitar que sua vida social vai ser um pouco diferente da de quem s\u00f3 estuda ou s\u00f3 trabalha.<\/p>\n\n\n\n<p>A chave \u00e9 a qualidade, n\u00e3o a quantidade. Talvez voc\u00ea n\u00e3o consiga sair toda sexta e s\u00e1bado, mas pode combinar um caf\u00e9 com um amigo durante a semana, um almo\u00e7o mais longo na sexta ou um programa legal no domingo.<\/p>\n\n\n\n<p>Planeje seus momentos de lazer com a mesma seriedade que voc\u00ea planeja seus estudos. Coloque na sua agenda: &#8220;S\u00e1bado \u00e0 noite: sair com amigos&#8221;. Isso te ajuda a proteger seu tempo de descanso e a n\u00e3o marcar outros compromissos por cima. <\/p>\n\n\n\n<p>Converse com seus amigos e explique sua rotina; com certeza eles v\u00e3o entender e se adaptar para te encontrar.<\/p>\n\n\n\n<h2 class=\"wp-block-heading\" id=\"h-ferramentas-e-aplicativos-que-ajudam-a-conciliar-estagio-e-faculdade\"><strong>Ferramentas e aplicativos que ajudam a conciliar est\u00e1gio e faculdade<\/strong><br><\/h2>\n\n\n\n<p>A tecnologia pode ser sua melhor amiga nessa jornada. Existem v\u00e1rios aplicativos que podem te ajudar a se organizar e a otimizar seu tempo. Confira alguns:<\/p>\n\n\n\n<ul class=\"wp-block-list\">\n<li><strong>Agendas e Calend\u00e1rios<\/strong>: Google Agenda ou o calend\u00e1rio do seu celular s\u00e3o essenciais para visualizar seus compromissos e hor\u00e1rios;<\/li>\n\n\n\n<li><strong>Gerenciadores de tarefas<\/strong>: aplicativos como Trello, Monday ou at\u00e9 mesmo o bloco de notas do seu celular, s\u00e3o \u00f3timos para listar suas tarefas, definir prazos e acompanhar o que j\u00e1 foi feito;<\/li>\n\n\n\n<li><strong>Aplicativos de anota\u00e7\u00f5es<\/strong>: use o Google Keep, Evernote ou Notion para anotar ideias, fazer resumos e ter suas informa\u00e7\u00f5es sempre \u00e0 m\u00e3o, seja no celular ou no computador;<\/li>\n\n\n\n<li><strong>Bloqueadores de distra\u00e7\u00e3o<\/strong>: se voc\u00ea se distrai f\u00e1cil, a fun\u00e7\u00e3o \u201cn\u00e3o perturbe\u201d ou o modo avi\u00e3o do seu celular, podem te ajudar a receber notifica\u00e7\u00f5es durante seu hor\u00e1rio de estudo e assim perder o seu foco.<\/li>\n<\/ul>\n\n\n\n<h2 class=\"wp-block-heading\" id=\"h-como-conversar-na-faculdade-e-no-estagio-para-conseguir-mais-flexibilidade\"><strong>Como conversar na faculdade e no est\u00e1gio para conseguir mais flexibilidade?<\/strong><br><\/h2>\n\n\n\n<p>Uma boa conversa pode resolver muita coisa. Tanto a faculdade quanto o est\u00e1gio sabem que muitos estudantes vivem essa jornada dupla, e geralmente est\u00e3o abertos a ajudar.<\/p>\n\n\n\n<p>No est\u00e1gio: Converse com seu gestor de forma transparente. Explique sua rotina de aulas e provas e veja se existe a possibilidade de ter um hor\u00e1rio um pouco mais flex\u00edvel em semanas de provas, por exemplo. Mostre que voc\u00ea \u00e9 respons\u00e1vel e que a flexibilidade vai te ajudar a render mais no trabalho.<\/p>\n\n\n\n<p>Na faculdade: Fale com seus professores. Se voc\u00ea tiver um compromisso de trabalho que choque com uma entrega, por exemplo, converse com anteced\u00eancia. Muitos professores s\u00e3o compreensivos e podem oferecer alternativas, desde que voc\u00ea n\u00e3o deixe para avisar na \u00faltima hora.<\/p>\n\n\n\n<p>O segredo \u00e9 a comunica\u00e7\u00e3o proativa e honesta. Mostre que voc\u00ea est\u00e1 se esfor\u00e7ando para dar conta de tudo e que s\u00f3 precisa de um pouco de compreens\u00e3o para fazer as coisas funcionarem.<\/p>\n\n\n\n<div class=\"wp-block-group has-background\" style=\"background-color:#8dd2fc7a\"><div class=\"wp-block-group__inner-container is-layout-constrained wp-block-group-is-layout-constrained\">\n<p>Outras not\u00edcias em destaque:<\/p>\n\n\n\n<ul class=\"wp-block-list\">\n<li><a href=\"https:\/\/faculdade.grancursosonline.com.br\/blog\/simulado-enem\/\" target=\"_blank\" rel=\"noreferrer noopener\">Simulado Enem: como montar o seu em casa<\/a><\/li>\n\n\n\n<li><a href=\"https:\/\/faculdade.grancursosonline.com.br\/blog\/horario-de-estudo-como-conciliar\/\" target=\"_blank\" rel=\"noreferrer noopener\">Hor\u00e1rio de estudo: como conciliar para quem trabalha o dia todo?<\/a><\/li>\n\n\n\n<li><a href=\"https:\/\/faculdade.grancursosonline.com.br\/blog\/como-usar-o-linkedin\/\" target=\"_blank\" rel=\"noreferrer noopener\">Como usar o LinkedIn? Dicas para conseguir emprego no 1\u00ba semestre da faculdade<\/a><\/li>\n<\/ul>\n<\/div><\/div>\n\n\n\n<h2 class=\"wp-block-heading\" id=\"h-vem-para-a-gran-faculdade\">Vem para a Gran Faculdade!<\/h2>\n\n\n\n<p>A Gran Faculdade vem mudando a vida de milhares de pessoas por meio de cursos \u00e0 dist\u00e2ncia de <a href=\"https:\/\/faculdade.grancursosonline.com.br\/\" target=\"_blank\" rel=\"noreferrer noopener\">gradua\u00e7\u00e3o<\/a>, <a href=\"https:\/\/pos.grancursosonline.com.br\/\" target=\"_blank\" rel=\"noreferrer noopener\">p\u00f3s-gradua\u00e7\u00e3o<\/a> e <a href=\"https:\/\/pos.grancursosonline.com.br\/mba\" target=\"_blank\" rel=\"noreferrer noopener\">MBA<\/a>. Seja no digital ou em nosso <a href=\"https:\/\/presencial.grancursosonline.com.br\/\" target=\"_blank\" rel=\"noreferrer noopener\">Campus Presencial em Curitiba<\/a>, a nossa miss\u00e3o \u00e9 transformar a educa\u00e7\u00e3o superior.<\/p>\n\n\n\n<p>Como parte de Sistema Gran de Ensino, que \u00e9 reconhecido como marca aprovadora h\u00e1 mais de 10 anos, constru\u00edmos uma renomada reputa\u00e7\u00e3o na \u00e1rea de educa\u00e7\u00e3o.<\/p>\n\n\n\n<p>Veja algumas de nossas conquistas:<\/p>\n\n\n\n<ul class=\"wp-block-list\">\n<li>Reconhecido pela Amazon como um dos projetos mais relevantes do mundo na \u00e1rea de Tecnologia e Educa\u00e7\u00e3o;<\/li>\n\n\n\n<li>Foi eleito pelo Project Management Institute (PMI), um dos 50 Projetos Mais Influentes do mundo;<\/li>\n\n\n\n<li>Somos o site de educa\u00e7\u00e3o mais acessado do Brasil;<\/li>\n\n\n\n<li>Somos avaliados com a nota m\u00e1xima pelo MEC;<\/li>\n\n\n\n<li>Aqui o semestre come\u00e7a quando quiser: entrada imediata e cont\u00ednua!<\/li>\n\n\n\n<li>Melhores pre\u00e7os do mercado;<\/li>\n\n\n\n<li>Mais de 800 mil alunos pagantes e mais de 1000 funcion\u00e1rios;<\/li>\n\n\n\n<li>Diversas ferramentas de estudo: PDFs, audiobooks, mapas mentais, videoaulas, quest\u00f5es, gerenciador de estudos e muito mais!<\/li>\n\n\n\n<li>Professores experientes e capacitados;<\/li>\n\n\n\n<li>Acesso imediato e 100% online.<\/li>\n<\/ul>\n\n\n\n<p class=\"has-text-align-center has-text-align-center\"><strong><a href=\"https:\/\/faculdade.grancursosonline.com.br\/\">Quero ser aluno da Gran Faculdade<\/a><\/strong><\/p>\n\n\n\n<div class=\"wp-block-group\"><div class=\"wp-block-group__inner-container is-layout-constrained wp-block-group-is-layout-constrained\">\n<div class=\"wp-block-group\"><div class=\"wp-block-group__inner-container is-layout-constrained wp-block-group-is-layout-constrained\">\n<section style=\"text-align: center;\">\n<p>Quer ficar por dentro da Faculdade Digital mais inovadora do Brasil?<\/p>\n<nav>\n<p class=\"has-background has-dark-bluish-background-color\" style=\"font-size: 25px; text-align: center; background: #f0f0f0; color: #ffffff; padding: 4px 0px 4xp 0px;\"><a style=\"color: #0d134c; text-decoration: underline;\" href=\"https:\/\/faculdade.grancursosonline.com.br\/\" target=\"_blank\" rel=\"noopener\">GRADUA\u00c7\u00c3O<\/a><\/p>\n<p class=\"has-background has-dark-bluish-background-color\" style=\"font-size: 25px; text-align: center; background: #f0f0f0; color: #ffffff; padding: 4px 0px 4xp 0px;\"><a style=\"color: #0d134c; text-decoration: underline;\" href=\"https:\/\/pos.grancursosonline.com.br\/\" target=\"_blank\" rel=\"noopener\">P\u00d3S-GRADUA\u00c7\u00c3O<\/a><\/p>\n<p class=\"has-background has-dark-bluish-background-color\" style=\"font-size: 25px; text-align: center; background: #f0f0f0; color: #ffffff; padding: 4px 0px 4xp 0px;\"><a style=\"color: #0d134c; text-decoration: underline;\" href=\"https:\/\/faculdade.grancursosonline.com.br\/nossos-cursos\/\" target=\"_blank\" rel=\"noopener\">TUDO SOBRE A GRAN FACULDADE<\/a><\/p>\n<\/nav>\n<p><strong>Receba <span style=\"color: #cf1e25;\">gratuitamente<\/span> no seu celular as principais not\u00edcias sobre a Gran Faculdade! <br \/>Clique no link abaixo e inscreva-se:<\/strong><\/p>\n<p class=\"has-background has-dark-bluish-background-color\" style=\"font-size: 25px; text-align: center; background: #f0f0f0; color: #ffffff; padding: 4px 0px 4xp 0px;\"><a style=\"color: #0d134c; text-decoration: underline;\" href=\"https:\/\/whatsapp.com\/channel\/0029VaG1sChI7Be7PNndhL43\" target=\"_blank\" rel=\"noopener noreferrer\">WHATSAPP<\/a><\/p>\n<p class=\"has-background has-dark-bluish-background-color\" style=\"font-size: 25px; text-align: center; background: #f0f0f0; color: #ffffff; padding: 4px 0px 4xp 0px;\"><a style=\"color: #0d134c; text-decoration: underline;\" href=\"https:\/\/t.me\/GranFaculdade\" target=\"_blank\" rel=\"noopener noreferrer\">TELEGRAM<\/a><\/p>\n<\/section>\n<\/div><\/div>\n<\/div><\/div>\n","protected":false},"excerpt":{"rendered":"<p>Conseguir um est\u00e1gio na sua \u00e1rea \u00e9 um passo incr\u00edvel na carreira, mas logo vem o desafio: como dar conta de tudo? A rotina de conciliar est\u00e1gio e faculdade pode ser bem puxada, e o medo de o desempenho cair em um dos dois lados \u00e9 super comum. Mas, com organiza\u00e7\u00e3o e algumas estrat\u00e9gias inteligentes,&hellip;<\/p>\n","protected":false},"author":514,"featured_media":79756069,"comment_status":"open","ping_status":"open","sticky":false,"template":"","format":"standard","meta":{"_acf_changed":false,"content-type":"","footnotes":""},"categories":[219790,218545,2],"tags":[],"class_list":["post-79755953","post","type-post","status-publish","format-standard","has-post-thumbnail","hentry","category-graduacao-ead","category-graduacao","category-ultimas-noticias"],"acf":[],"yoast_head":"<!-- This site is optimized with the Yoast SEO Premium plugin v27.2 (Yoast SEO v27.2) - https:\/\/yoast.com\/product\/yoast-seo-premium-wordpress\/ -->\n<title>Como conciliar Est\u00e1gio e Faculdade sem prejudicar o desempenho?\u00a0<\/title>\n<meta name=\"description\" content=\"Veja dicas diretas de como conciliar est\u00e1gio e faculdade sem ter queda de rendimento em nenhuma das atividades.\" \/>\n<meta name=\"robots\" content=\"index, follow, max-snippet:-1, max-image-preview:large, max-video-preview:-1\" \/>\n<link rel=\"canonical\" href=\"https:\/\/faculdade.grancursosonline.com.br\/blog\/como-conciliar-estagio-e-faculdade\/\" \/>\n<meta property=\"og:locale\" content=\"pt_BR\" \/>\n<meta property=\"og:type\" content=\"article\" \/>\n<meta property=\"og:title\" content=\"Como conciliar Est\u00e1gio e Faculdade sem prejudicar o desempenho?\u00a0\" \/>\n<meta property=\"og:description\" content=\"Veja dicas diretas de como conciliar est\u00e1gio e faculdade sem ter queda de rendimento em nenhuma das atividades.\" \/>\n<meta property=\"og:url\" content=\"https:\/\/faculdade.grancursosonline.com.br\/blog\/como-conciliar-estagio-e-faculdade\/\" \/>\n<meta property=\"og:site_name\" content=\"Blog Gran Faculdade\" \/>\n<meta property=\"article:publisher\" content=\"https:\/\/www.facebook.com\/grancursosonline\/\" \/>\n<meta property=\"article:published_time\" content=\"2025-07-18T19:34:02+00:00\" \/>\n<meta property=\"article:modified_time\" content=\"2025-07-22T14:56:05+00:00\" \/>\n<meta property=\"og:image\" content=\"https:\/\/blog-es-static.infra.grancursosonline.com.br\/wp-content\/uploads\/2025\/07\/22115545\/conciliar-estagio-e-faculdade.jpg\" \/>\n\t<meta property=\"og:image:width\" content=\"511\" \/>\n\t<meta property=\"og:image:height\" content=\"311\" \/>\n\t<meta property=\"og:image:type\" content=\"image\/jpeg\" \/>\n<meta name=\"author\" content=\"Guilherme Henrique\" \/>\n<meta name=\"twitter:card\" content=\"summary_large_image\" \/>\n<meta name=\"twitter:creator\" content=\"@gran_online\" \/>\n<meta name=\"twitter:site\" content=\"@gran_online\" \/>\n<meta name=\"twitter:label1\" content=\"Written by\" \/>\n\t<meta name=\"twitter:data1\" content=\"Guilherme Henrique\" \/>\n\t<meta name=\"twitter:label2\" content=\"Est. reading time\" \/>\n\t<meta name=\"twitter:data2\" content=\"27 minutos\" \/>\n<script type=\"application\/ld+json\" class=\"yoast-schema-graph\">{\"@context\":\"https:\/\/schema.org\",\"@graph\":[{\"@type\":\"NewsArticle\",\"@id\":\"https:\/\/faculdade.grancursosonline.com.br\/blog\/como-conciliar-estagio-e-faculdade\/#article\",\"isPartOf\":{\"@id\":\"https:\/\/faculdade.grancursosonline.com.br\/blog\/como-conciliar-estagio-e-faculdade\/\"},\"author\":{\"name\":\"Guilherme Henrique\",\"@id\":\"https:\/\/faculdade.grancursosonline.com.br\/blog\/#\/schema\/person\/9745f9b6db8976613c1f439dbcfe717d\"},\"headline\":\"Como conciliar Est\u00e1gio e Faculdade sem prejudicar o desempenho?\u00a0\",\"datePublished\":\"2025-07-18T19:34:02+00:00\",\"dateModified\":\"2025-07-22T14:56:05+00:00\",\"mainEntityOfPage\":{\"@id\":\"https:\/\/faculdade.grancursosonline.com.br\/blog\/como-conciliar-estagio-e-faculdade\/\"},\"wordCount\":1297,\"commentCount\":0,\"publisher\":{\"@id\":\"https:\/\/faculdade.grancursosonline.com.br\/blog\/#organization\"},\"image\":{\"@id\":\"https:\/\/faculdade.grancursosonline.com.br\/blog\/como-conciliar-estagio-e-faculdade\/#primaryimage\"},\"thumbnailUrl\":\"https:\/\/blog-es-static.infra.grancursosonline.com.br\/wp-content\/uploads\/2025\/07\/22115519\/conciliar-estagio-e-faculdade-2.jpg\",\"articleSection\":[\"Gradua\u00e7\u00e3o EAD\",\"Gradua\u00e7\u00e3o Gran Faculdade\",\"\u00daltimas Not\u00edcias\"],\"inLanguage\":\"pt-BR\",\"potentialAction\":[{\"@type\":\"CommentAction\",\"name\":\"Comment\",\"target\":[\"https:\/\/faculdade.grancursosonline.com.br\/blog\/como-conciliar-estagio-e-faculdade\/#respond\"]}],\"copyrightYear\":\"2025\",\"copyrightHolder\":{\"@id\":\"https:\/\/faculdade.grancursosonline.com.br\/blog\/#organization\"}},{\"@type\":\"WebPage\",\"@id\":\"https:\/\/faculdade.grancursosonline.com.br\/blog\/como-conciliar-estagio-e-faculdade\/\",\"url\":\"https:\/\/faculdade.grancursosonline.com.br\/blog\/como-conciliar-estagio-e-faculdade\/\",\"name\":\"Como conciliar Est\u00e1gio e Faculdade sem prejudicar o desempenho?\u00a0\",\"isPartOf\":{\"@id\":\"https:\/\/faculdade.grancursosonline.com.br\/blog\/#website\"},\"primaryImageOfPage\":{\"@id\":\"https:\/\/faculdade.grancursosonline.com.br\/blog\/como-conciliar-estagio-e-faculdade\/#primaryimage\"},\"image\":{\"@id\":\"https:\/\/faculdade.grancursosonline.com.br\/blog\/como-conciliar-estagio-e-faculdade\/#primaryimage\"},\"thumbnailUrl\":\"https:\/\/blog-es-static.infra.grancursosonline.com.br\/wp-content\/uploads\/2025\/07\/22115519\/conciliar-estagio-e-faculdade-2.jpg\",\"datePublished\":\"2025-07-18T19:34:02+00:00\",\"dateModified\":\"2025-07-22T14:56:05+00:00\",\"description\":\"Veja dicas diretas de como conciliar est\u00e1gio e faculdade sem ter queda de rendimento em nenhuma das atividades.\",\"breadcrumb\":{\"@id\":\"https:\/\/faculdade.grancursosonline.com.br\/blog\/como-conciliar-estagio-e-faculdade\/#breadcrumb\"},\"inLanguage\":\"pt-BR\",\"potentialAction\":[{\"@type\":\"ReadAction\",\"target\":[\"https:\/\/faculdade.grancursosonline.com.br\/blog\/como-conciliar-estagio-e-faculdade\/\"]}]},{\"@type\":\"ImageObject\",\"inLanguage\":\"pt-BR\",\"@id\":\"https:\/\/faculdade.grancursosonline.com.br\/blog\/como-conciliar-estagio-e-faculdade\/#primaryimage\",\"url\":\"https:\/\/blog-es-static.infra.grancursosonline.com.br\/wp-content\/uploads\/2025\/07\/22115519\/conciliar-estagio-e-faculdade-2.jpg\",\"contentUrl\":\"https:\/\/blog-es-static.infra.grancursosonline.com.br\/wp-content\/uploads\/2025\/07\/22115519\/conciliar-estagio-e-faculdade-2.jpg\",\"width\":1001,\"height\":601,\"caption\":\"Est\u00e1gio e faculdade: como conciliar sem prejudicar o desempenho\"},{\"@type\":\"BreadcrumbList\",\"@id\":\"https:\/\/faculdade.grancursosonline.com.br\/blog\/como-conciliar-estagio-e-faculdade\/#breadcrumb\",\"itemListElement\":[{\"@type\":\"ListItem\",\"position\":1,\"name\":\"In\u00edcio\",\"item\":\"https:\/\/faculdade.grancursosonline.com.br\/blog\/\"},{\"@type\":\"ListItem\",\"position\":2,\"name\":\"Gradua\u00e7\u00e3o Gran Faculdade\",\"item\":\"https:\/\/faculdade.grancursosonline.com.br\/blog\/graduacao\/\"},{\"@type\":\"ListItem\",\"position\":3,\"name\":\"Como conciliar Est\u00e1gio e Faculdade sem prejudicar o desempenho?\u00a0\"}]},{\"@type\":\"WebSite\",\"@id\":\"https:\/\/faculdade.grancursosonline.com.br\/blog\/#website\",\"url\":\"https:\/\/faculdade.grancursosonline.com.br\/blog\/\",\"name\":\"Blog Gran Faculdade\",\"description\":\"Tudo sobre ensino superior, p\u00f3s-gradua\u00e7\u00e3o, enem e carreira.\",\"publisher\":{\"@id\":\"https:\/\/faculdade.grancursosonline.com.br\/blog\/#organization\"},\"potentialAction\":[{\"@type\":\"SearchAction\",\"target\":{\"@type\":\"EntryPoint\",\"urlTemplate\":\"https:\/\/faculdade.grancursosonline.com.br\/blog\/?s={search_term_string}\"},\"query-input\":{\"@type\":\"PropertyValueSpecification\",\"valueRequired\":true,\"valueName\":\"search_term_string\"}}],\"inLanguage\":\"pt-BR\"},{\"@type\":\"Organization\",\"@id\":\"https:\/\/faculdade.grancursosonline.com.br\/blog\/#organization\",\"name\":\"Gran Cursos Online\",\"url\":\"https:\/\/faculdade.grancursosonline.com.br\/blog\/\",\"logo\":{\"@type\":\"ImageObject\",\"inLanguage\":\"pt-BR\",\"@id\":\"https:\/\/faculdade.grancursosonline.com.br\/blog\/#\/schema\/logo\/image\/\",\"url\":\"https:\/\/blog-es-static.infra.grancursosonline.com.br\/wp-content\/uploads\/2019\/08\/03123934\/logo.png\",\"contentUrl\":\"https:\/\/blog-es-static.infra.grancursosonline.com.br\/wp-content\/uploads\/2019\/08\/03123934\/logo.png\",\"width\":300,\"height\":57,\"caption\":\"Gran Cursos Online\"},\"image\":{\"@id\":\"https:\/\/faculdade.grancursosonline.com.br\/blog\/#\/schema\/logo\/image\/\"},\"sameAs\":[\"https:\/\/www.facebook.com\/grancursosonline\/\",\"https:\/\/x.com\/gran_online\",\"https:\/\/www.instagram.com\/grancursosonline\/\",\"https:\/\/www.youtube.com\/user\/grancursostv\"]},{\"@type\":\"Person\",\"@id\":\"https:\/\/faculdade.grancursosonline.com.br\/blog\/#\/schema\/person\/9745f9b6db8976613c1f439dbcfe717d\",\"name\":\"Guilherme Henrique\",\"url\":\"https:\/\/faculdade.grancursosonline.com.br\/blog\/author\/guilherme-lourenco\/\"}]}<\/script>\n<!-- \/ Yoast SEO Premium plugin. -->","yoast_head_json":{"title":"Como conciliar Est\u00e1gio e Faculdade sem prejudicar o desempenho?\u00a0","description":"Veja dicas diretas de como conciliar est\u00e1gio e faculdade sem ter queda de rendimento em nenhuma das atividades.","robots":{"index":"index","follow":"follow","max-snippet":"max-snippet:-1","max-image-preview":"max-image-preview:large","max-video-preview":"max-video-preview:-1"},"canonical":"https:\/\/faculdade.grancursosonline.com.br\/blog\/como-conciliar-estagio-e-faculdade\/","og_locale":"pt_BR","og_type":"article","og_title":"Como conciliar Est\u00e1gio e Faculdade sem prejudicar o desempenho?\u00a0","og_description":"Veja dicas diretas de como conciliar est\u00e1gio e faculdade sem ter queda de rendimento em nenhuma das atividades.","og_url":"https:\/\/faculdade.grancursosonline.com.br\/blog\/como-conciliar-estagio-e-faculdade\/","og_site_name":"Blog Gran Faculdade","article_publisher":"https:\/\/www.facebook.com\/grancursosonline\/","article_published_time":"2025-07-18T19:34:02+00:00","article_modified_time":"2025-07-22T14:56:05+00:00","og_image":[{"width":511,"height":311,"url":"https:\/\/blog-es-static.infra.grancursosonline.com.br\/wp-content\/uploads\/2025\/07\/22115545\/conciliar-estagio-e-faculdade.jpg","type":"image\/jpeg"}],"author":"Guilherme Henrique","twitter_card":"summary_large_image","twitter_creator":"@gran_online","twitter_site":"@gran_online","twitter_misc":{"Written by":"Guilherme Henrique","Est. reading time":"27 minutos"},"schema":{"@context":"https:\/\/schema.org","@graph":[{"@type":"NewsArticle","@id":"https:\/\/faculdade.grancursosonline.com.br\/blog\/como-conciliar-estagio-e-faculdade\/#article","isPartOf":{"@id":"https:\/\/faculdade.grancursosonline.com.br\/blog\/como-conciliar-estagio-e-faculdade\/"},"author":{"name":"Guilherme Henrique","@id":"https:\/\/faculdade.grancursosonline.com.br\/blog\/#\/schema\/person\/9745f9b6db8976613c1f439dbcfe717d"},"headline":"Como conciliar Est\u00e1gio e Faculdade sem prejudicar o desempenho?\u00a0","datePublished":"2025-07-18T19:34:02+00:00","dateModified":"2025-07-22T14:56:05+00:00","mainEntityOfPage":{"@id":"https:\/\/faculdade.grancursosonline.com.br\/blog\/como-conciliar-estagio-e-faculdade\/"},"wordCount":1297,"commentCount":0,"publisher":{"@id":"https:\/\/faculdade.grancursosonline.com.br\/blog\/#organization"},"image":{"@id":"https:\/\/faculdade.grancursosonline.com.br\/blog\/como-conciliar-estagio-e-faculdade\/#primaryimage"},"thumbnailUrl":"https:\/\/blog-es-static.infra.grancursosonline.com.br\/wp-content\/uploads\/2025\/07\/22115519\/conciliar-estagio-e-faculdade-2.jpg","articleSection":["Gradua\u00e7\u00e3o EAD","Gradua\u00e7\u00e3o Gran Faculdade","\u00daltimas Not\u00edcias"],"inLanguage":"pt-BR","potentialAction":[{"@type":"CommentAction","name":"Comment","target":["https:\/\/faculdade.grancursosonline.com.br\/blog\/como-conciliar-estagio-e-faculdade\/#respond"]}],"copyrightYear":"2025","copyrightHolder":{"@id":"https:\/\/faculdade.grancursosonline.com.br\/blog\/#organization"}},{"@type":"WebPage","@id":"https:\/\/faculdade.grancursosonline.com.br\/blog\/como-conciliar-estagio-e-faculdade\/","url":"https:\/\/faculdade.grancursosonline.com.br\/blog\/como-conciliar-estagio-e-faculdade\/","name":"Como conciliar Est\u00e1gio e Faculdade sem prejudicar o desempenho?\u00a0","isPartOf":{"@id":"https:\/\/faculdade.grancursosonline.com.br\/blog\/#website"},"primaryImageOfPage":{"@id":"https:\/\/faculdade.grancursosonline.com.br\/blog\/como-conciliar-estagio-e-faculdade\/#primaryimage"},"image":{"@id":"https:\/\/faculdade.grancursosonline.com.br\/blog\/como-conciliar-estagio-e-faculdade\/#primaryimage"},"thumbnailUrl":"https:\/\/blog-es-static.infra.grancursosonline.com.br\/wp-content\/uploads\/2025\/07\/22115519\/conciliar-estagio-e-faculdade-2.jpg","datePublished":"2025-07-18T19:34:02+00:00","dateModified":"2025-07-22T14:56:05+00:00","description":"Veja dicas diretas de como conciliar est\u00e1gio e faculdade sem ter queda de rendimento em nenhuma das atividades.","breadcrumb":{"@id":"https:\/\/faculdade.grancursosonline.com.br\/blog\/como-conciliar-estagio-e-faculdade\/#breadcrumb"},"inLanguage":"pt-BR","potentialAction":[{"@type":"ReadAction","target":["https:\/\/faculdade.grancursosonline.com.br\/blog\/como-conciliar-estagio-e-faculdade\/"]}]},{"@type":"ImageObject","inLanguage":"pt-BR","@id":"https:\/\/faculdade.grancursosonline.com.br\/blog\/como-conciliar-estagio-e-faculdade\/#primaryimage","url":"https:\/\/blog-es-static.infra.grancursosonline.com.br\/wp-content\/uploads\/2025\/07\/22115519\/conciliar-estagio-e-faculdade-2.jpg","contentUrl":"https:\/\/blog-es-static.infra.grancursosonline.com.br\/wp-content\/uploads\/2025\/07\/22115519\/conciliar-estagio-e-faculdade-2.jpg","width":1001,"height":601,"caption":"Est\u00e1gio e faculdade: como conciliar sem prejudicar o desempenho"},{"@type":"BreadcrumbList","@id":"https:\/\/faculdade.grancursosonline.com.br\/blog\/como-conciliar-estagio-e-faculdade\/#breadcrumb","itemListElement":[{"@type":"ListItem","position":1,"name":"In\u00edcio","item":"https:\/\/faculdade.grancursosonline.com.br\/blog\/"},{"@type":"ListItem","position":2,"name":"Gradua\u00e7\u00e3o Gran Faculdade","item":"https:\/\/faculdade.grancursosonline.com.br\/blog\/graduacao\/"},{"@type":"ListItem","position":3,"name":"Como conciliar Est\u00e1gio e Faculdade sem prejudicar o desempenho?\u00a0"}]},{"@type":"WebSite","@id":"https:\/\/faculdade.grancursosonline.com.br\/blog\/#website","url":"https:\/\/faculdade.grancursosonline.com.br\/blog\/","name":"Blog Gran Faculdade","description":"Tudo sobre ensino superior, p\u00f3s-gradua\u00e7\u00e3o, enem e carreira.","publisher":{"@id":"https:\/\/faculdade.grancursosonline.com.br\/blog\/#organization"},"potentialAction":[{"@type":"SearchAction","target":{"@type":"EntryPoint","urlTemplate":"https:\/\/faculdade.grancursosonline.com.br\/blog\/?s={search_term_string}"},"query-input":{"@type":"PropertyValueSpecification","valueRequired":true,"valueName":"search_term_string"}}],"inLanguage":"pt-BR"},{"@type":"Organization","@id":"https:\/\/faculdade.grancursosonline.com.br\/blog\/#organization","name":"Gran Cursos Online","url":"https:\/\/faculdade.grancursosonline.com.br\/blog\/","logo":{"@type":"ImageObject","inLanguage":"pt-BR","@id":"https:\/\/faculdade.grancursosonline.com.br\/blog\/#\/schema\/logo\/image\/","url":"https:\/\/blog-es-static.infra.grancursosonline.com.br\/wp-content\/uploads\/2019\/08\/03123934\/logo.png","contentUrl":"https:\/\/blog-es-static.infra.grancursosonline.com.br\/wp-content\/uploads\/2019\/08\/03123934\/logo.png","width":300,"height":57,"caption":"Gran Cursos Online"},"image":{"@id":"https:\/\/faculdade.grancursosonline.com.br\/blog\/#\/schema\/logo\/image\/"},"sameAs":["https:\/\/www.facebook.com\/grancursosonline\/","https:\/\/x.com\/gran_online","https:\/\/www.instagram.com\/grancursosonline\/","https:\/\/www.youtube.com\/user\/grancursostv"]},{"@type":"Person","@id":"https:\/\/faculdade.grancursosonline.com.br\/blog\/#\/schema\/person\/9745f9b6db8976613c1f439dbcfe717d","name":"Guilherme Henrique","url":"https:\/\/faculdade.grancursosonline.com.br\/blog\/author\/guilherme-lourenco\/"}]}},"_links":{"self":[{"href":"https:\/\/faculdade.grancursosonline.com.br\/blog\/wp-json\/wp\/v2\/posts\/79755953","targetHints":{"allow":["GET"]}}],"collection":[{"href":"https:\/\/faculdade.grancursosonline.com.br\/blog\/wp-json\/wp\/v2\/posts"}],"about":[{"href":"https:\/\/faculdade.grancursosonline.com.br\/blog\/wp-json\/wp\/v2\/types\/post"}],"author":[{"embeddable":true,"href":"https:\/\/faculdade.grancursosonline.com.br\/blog\/wp-json\/wp\/v2\/users\/514"}],"replies":[{"embeddable":true,"href":"https:\/\/faculdade.grancursosonline.com.br\/blog\/wp-json\/wp\/v2\/comments?post=79755953"}],"version-history":[{"count":1,"href":"https:\/\/faculdade.grancursosonline.com.br\/blog\/wp-json\/wp\/v2\/posts\/79755953\/revisions"}],"predecessor-version":[{"id":79755955,"href":"https:\/\/faculdade.grancursosonline.com.br\/blog\/wp-json\/wp\/v2\/posts\/79755953\/revisions\/79755955"}],"wp:featuredmedia":[{"embeddable":true,"href":"https:\/\/faculdade.grancursosonline.com.br\/blog\/wp-json\/wp\/v2\/media\/79756069"}],"wp:attachment":[{"href":"https:\/\/faculdade.grancursosonline.com.br\/blog\/wp-json\/wp\/v2\/media?parent=79755953"}],"wp:term":[{"taxonomy":"category","embeddable":true,"href":"https:\/\/faculdade.grancursosonline.com.br\/blog\/wp-json\/wp\/v2\/categories?post=79755953"},{"taxonomy":"post_tag","embeddable":true,"href":"https:\/\/faculdade.grancursosonline.com.br\/blog\/wp-json\/wp\/v2\/tags?post=79755953"}],"curies":[{"name":"wp","href":"https:\/\/api.w.org\/{rel}","templated":true}]}}