{"id":79756175,"date":"2025-07-24T16:41:13","date_gmt":"2025-07-24T19:41:13","guid":{"rendered":"https:\/\/faculdade.grancursosonline.com.br\/blog\/?p=79756175"},"modified":"2025-07-24T16:41:57","modified_gmt":"2025-07-24T19:41:57","slug":"pos-graduacao-final-de-semana","status":"publish","type":"post","link":"https:\/\/faculdade.grancursosonline.com.br\/blog\/pos-graduacao-final-de-semana\/","title":{"rendered":"P\u00f3s-gradua\u00e7\u00e3o final de semana: como fazer?"},"content":{"rendered":"\n<p>A rotina corrida, o trabalho em tempo integral e os compromissos pessoais muitas vezes dificultam a busca por qualifica\u00e7\u00e3o. <\/p>\n\n\n\n<p>\u00c9 nesse cen\u00e1rio que surge a p\u00f3s-gradua\u00e7\u00e3o final de semana, uma alternativa pr\u00e1tica para quem deseja evoluir na carreira sem comprometer o dia a dia. Seja de forma presencial, aos s\u00e1bados e domingos, ou em formato EAD lato sensu, essa modalidade oferece flexibilidade sem abrir m\u00e3o da qualidade.<\/p>\n\n\n\n<p>Al\u00e9m de ampliar conhecimentos, investir em forma\u00e7\u00e3o continuada \u00e9 essencial para se manter competitivo no mercado. E, hoje, institui\u00e7\u00f5es como a Gran Faculdade disponibilizam cursos reconhecidos pelo MEC que podem ser realizados de forma mais flex\u00edvel, conciliando trabalho, vida pessoal e estudos.<\/p>\n\n\n\n<div class=\"wp-block-columns is-layout-flex wp-container-core-columns-is-layout-9d6595d7 wp-block-columns-is-layout-flex\">\n<div class=\"wp-block-column is-layout-flow wp-block-column-is-layout-flow\" style=\"flex-basis:100%\"><div class=\"wp-block-image\">\n<figure class=\"aligncenter size-full\"><a href=\"https:\/\/whatsapp.com\/channel\/0029VaG1sChI7Be7PNndhL43\" target=\"_blank\" rel=\"noopener\"><img decoding=\"async\" src=\"https:\/\/blog-es-static.infra.grancursosonline.com.br\/wp-content\/uploads\/2025\/09\/09112354\/banner-wp-600x142-80.webp\" alt=\"Acesse o canal do WhatsApp da Gran Faculdade\" class=\"wp-image-79751904\"\/><\/a><\/figure>\n<\/div><\/div>\n<\/div>\n\n\n\n<p>Acompanhe o artigo para saber mais ou navegue pelo \u00edndice:<\/p>\n\n\n\n<ul class=\"wp-block-list\">\n<li><a href=\"#presencial\">Existe p\u00f3s-gradua\u00e7\u00e3o presencial s\u00f3 aos s\u00e1bados e domingos?<\/a><\/li>\n\n\n\n<li><a href=\"#areas\">Quais \u00e1reas oferecem cursos de p\u00f3s-gradua\u00e7\u00e3o concentrados no fim de semana?<\/a><\/li>\n\n\n\n<li><a href=\"#mec\">H\u00e1 p\u00f3s-gradua\u00e7\u00e3o de final de semana reconhecida pelo MEC?<\/a><\/li>\n\n\n\n<li><a href=\"#duracao\">Qual a dura\u00e7\u00e3o m\u00e9dia de uma p\u00f3s-gradua\u00e7\u00e3o de final de semana?<\/a><\/li>\n\n\n\n<li><a href=\"#conciliar\">\u00c9 poss\u00edvel conciliar trabalho e p\u00f3s-gradua\u00e7\u00e3o aos finais de semana?<\/a><\/li>\n\n\n\n<li><a href=\"#custo\">Quanto custa uma p\u00f3s-gradua\u00e7\u00e3o de final de semana?<\/a><\/li>\n\n\n\n<li><a href=\"#vale-a-pena\">Vale a pena fazer uma p\u00f3s-gradua\u00e7\u00e3o aos finais de semana?<\/a><\/li>\n<\/ul>\n\n\n\n<h2 class=\"wp-block-heading\" id=\"presencial\">Existe p\u00f3s-gradua\u00e7\u00e3o presencial s\u00f3 aos s\u00e1bados e domingos?<\/h2>\n\n\n\n<p>Sim, algumas institui\u00e7\u00f5es oferecem turmas presenciais concentradas exclusivamente nos finais de semana. Essa \u00e9 uma op\u00e7\u00e3o interessante para quem prefere o contato direto com professores e colegas, mas s\u00f3 tem disponibilidade aos s\u00e1bados e domingos.<\/p>\n\n\n\n<p>No entanto, \u00e9 importante considerar o tempo de deslocamento, os custos com transporte e a eventual limita\u00e7\u00e3o de hor\u00e1rios. Por isso, muitos profissionais optam por p\u00f3s-gradua\u00e7\u00e3o EAD, que permite estudar em qualquer hor\u00e1rio, inclusive nos finais de semana, com a mesma validade de um curso presencial.<\/p>\n\n\n\n<h2 class=\"wp-block-heading\" id=\"areas\">Quais \u00e1reas oferecem cursos de p\u00f3s-gradua\u00e7\u00e3o concentrados no fim de semana?<\/h2>\n\n\n\n<p>As op\u00e7\u00f5es s\u00e3o variadas e atendem diferentes perfis profissionais. Entre as \u00e1reas mais procuradas est\u00e3o:<\/p>\n\n\n\n<ul class=\"wp-block-list\">\n<li>Gest\u00e3o e Neg\u00f3cios, com foco em lideran\u00e7a e planejamento estrat\u00e9gico;<\/li>\n\n\n\n<li>Educa\u00e7\u00e3o, com especializa\u00e7\u00f5es para professores e coordenadores pedag\u00f3gicos;<\/li>\n\n\n\n<li>Direito, com cursos voltados a \u00e1reas espec\u00edficas de atua\u00e7\u00e3o;<\/li>\n\n\n\n<li>Tecnologia e Inova\u00e7\u00e3o, cada vez mais requisitados no mercado;<\/li>\n\n\n\n<li>Sa\u00fade e Bem-estar, abrangendo fisioterapia, nutri\u00e7\u00e3o e \u00e1reas correlatas.<\/li>\n<\/ul>\n\n\n\n<p>A Gran Faculdade, por exemplo, conta com um portf\u00f3lio amplo de cursos lato sensu, que podem ser feitos integralmente online, permitindo estudar de forma flex\u00edvel e sem deslocamentos.<\/p>\n\n\n\n<h2 class=\"wp-block-heading\" id=\"mec\">H\u00e1 p\u00f3s-gradua\u00e7\u00e3o de final de semana reconhecida pelo MEC?<\/h2>\n\n\n\n<p>Sim. Tanto os cursos presenciais concentrados no fim de semana quanto os EAD lato sensu devem ser reconhecidos pelo MEC, desde que oferecidos por institui\u00e7\u00f5es credenciadas. Antes de se matricular, \u00e9 essencial verificar a regulamenta\u00e7\u00e3o da institui\u00e7\u00e3o para garantir que o certificado tenha validade nacional.<\/p>\n\n\n\n<p>A Gran Faculdade \u00e9 refer\u00eancia nesse aspecto, pois todos os seus cursos contam com reconhecimento do MEC, garantindo credibilidade ao seu curr\u00edculo.<\/p>\n\n\n\n<h2 class=\"wp-block-heading\" id=\"duracao\">Qual a dura\u00e7\u00e3o m\u00e9dia de uma p\u00f3s-gradua\u00e7\u00e3o de final de semana?<\/h2>\n\n\n\n<p>A dura\u00e7\u00e3o varia conforme a carga hor\u00e1ria do curso, mas, em geral, uma p\u00f3s-gradua\u00e7\u00e3o final de semana tem dura\u00e7\u00e3o entre 6 e 18 meses. Em cursos presenciais aos s\u00e1bados e domingos, o tempo pode ser um pouco maior por conta da limita\u00e7\u00e3o de encontros.<\/p>\n\n\n\n<p>No formato EAD, \u00e9 poss\u00edvel fazer concluir no mesmo per\u00edodo, organizando os estudos de acordo com seu ritmo, o que torna a forma\u00e7\u00e3o mais din\u00e2mica.<\/p>\n\n\n\n<h2 class=\"wp-block-heading\" id=\"conciliar\">\u00c9 poss\u00edvel conciliar trabalho e p\u00f3s-gradua\u00e7\u00e3o aos finais de semana?<\/h2>\n\n\n\n<p>Sim, e esse \u00e9 justamente o principal objetivo dessa modalidade. Ao concentrar as aulas aos finais de semana \u2013 ou ao estudar online em hor\u00e1rios livres: o aluno consegue manter a rotina profissional sem grandes impactos.<\/p>\n\n\n\n<p>No entanto, \u00e9 importante ter disciplina e reservar hor\u00e1rios fixos para os estudos. Plataformas modernas, como a da Gran Faculdade, facilitam esse processo, oferecendo materiais de qualidade, videoaulas e apoio pedag\u00f3gico online.<\/p>\n\n\n\n<h2 class=\"wp-block-heading\" id=\"custo\">Quanto custa uma p\u00f3s-gradua\u00e7\u00e3o de final de semana?<\/h2>\n\n\n\n<p>Os valores variam conforme a institui\u00e7\u00e3o e a \u00e1rea de atua\u00e7\u00e3o, mas, em geral, cursos presenciais concentrados aos s\u00e1bados e domingos tendem a ser mais caros devido \u00e0 log\u00edstica e infraestrutura.<\/p>\n\n\n\n<p>J\u00e1 as op\u00e7\u00f5es EAD lato sensu s\u00e3o mais acess\u00edveis, sem abrir m\u00e3o da qualidade. A Gran Faculdade, por exemplo, oferece pre\u00e7os competitivos, possibilidade de parcelamento e um excelente custo-benef\u00edcio para quem busca se especializar.<\/p>\n\n\n\n<h2 class=\"wp-block-heading\" id=\"vale-a-pena\">Vale a pena fazer uma p\u00f3s-gradua\u00e7\u00e3o aos finais de semana?<\/h2>\n\n\n\n<p>Tudo depende do seu objetivo, mas uma coisa \u00e9 certa: o conhecimento sempre vale a pena. <\/p>\n\n\n\n<p>Nesse sentido, optar por um curso 100% digital pode ser muito mais interessante do que um curso que tem aulas apenas no final de semana. Com a Gran Faculdade voc\u00ea estuda no seu ritmo, a hora que quiser e quando quiser: seja no final de semana ou n\u00e3o!<\/p>\n\n\n\n<p>Al\u00e9m de garantir uma forma\u00e7\u00e3o continuada sem comprometer sua rotina, essa modalidade ajuda a:<\/p>\n\n\n\n<ul class=\"wp-block-list\">\n<li>Aumentar as chances de crescimento na carreira;<\/li>\n\n\n\n<li>Atualizar conhecimentos em \u00e1reas estrat\u00e9gicas;<\/li>\n\n\n\n<li>Ampliar o networking com outros profissionais;<\/li>\n\n\n\n<li>Melhorar a remunera\u00e7\u00e3o a m\u00e9dio e longo prazo.<\/li>\n<\/ul>\n\n\n\n<p>Optar por uma p\u00f3s-gradua\u00e7\u00e3o final de semana \u00e9 uma forma inteligente de investir no futuro sem abrir m\u00e3o da estabilidade do presente. Com institui\u00e7\u00f5es como a Gran Faculdade, \u00e9 poss\u00edvel ter acesso a cursos reconhecidos, flex\u00edveis e de alta qualidade, especialmente no formato EAD lato sensu, que une praticidade e credibilidade.<\/p>\n\n\n\n<h2 class=\"wp-block-heading\" id=\"h-vem-pra-gran-faculdade\">Vem pra Gran Faculdade!<\/h2>\n\n\n\n<p>A Gran Faculdade vem mudando a vida de milhares de pessoas por meio de cursos \u00e0 dist\u00e2ncia de <a href=\"https:\/\/faculdade.grancursosonline.com.br\/\" target=\"_blank\" rel=\"noreferrer noopener\">gradua\u00e7\u00e3o<\/a>, <a href=\"https:\/\/pos.grancursosonline.com.br\/\" target=\"_blank\" rel=\"noreferrer noopener\">p\u00f3s-gradua\u00e7\u00e3o<\/a> e <a href=\"https:\/\/pos.grancursosonline.com.br\/mba\" target=\"_blank\" rel=\"noreferrer noopener\">MBA<\/a>. Seja no digital ou em nosso <a href=\"https:\/\/presencial.grancursosonline.com.br\/\" target=\"_blank\" rel=\"noreferrer noopener\">Campus Presencial em Curitiba<\/a>, a nossa miss\u00e3o \u00e9 transformar a educa\u00e7\u00e3o superior.<\/p>\n\n\n\n<p>Como parte de Sistema Gran de Ensino, que \u00e9 reconhecido como marca aprovadora h\u00e1 mais de 10 anos, constru\u00edmos uma renomada reputa\u00e7\u00e3o na \u00e1rea de educa\u00e7\u00e3o.<\/p>\n\n\n\n<p>Veja algumas de nossas conquistas:<\/p>\n\n\n\n<ul class=\"wp-block-list\">\n<li>Reconhecido pela Amazon como um dos projetos mais relevantes do mundo na \u00e1rea de Tecnologia e Educa\u00e7\u00e3o;<\/li>\n\n\n\n<li>Foi eleito pelo Project Management Institute (PMI), um dos 50 Projetos Mais Influentes do mundo;<\/li>\n\n\n\n<li>Somos o site de educa\u00e7\u00e3o mais acessado do Brasil;<\/li>\n\n\n\n<li>Somos avaliados com a nota m\u00e1xima pelo MEC;<\/li>\n\n\n\n<li>Aqui o semestre come\u00e7a quando quiser: entrada imediata e cont\u00ednua!<\/li>\n\n\n\n<li>Melhores pre\u00e7os do mercado;<\/li>\n\n\n\n<li>Mais de 500 mil alunos pagantes e mais de 1000 funcion\u00e1rios;<\/li>\n\n\n\n<li>Diversas ferramentas de estudo: PDFs, audiobooks, mapas mentais, videoaulas, quest\u00f5es, gerenciador de estudos e muito mais!<\/li>\n\n\n\n<li>Professores experientes e capacitados;<\/li>\n\n\n\n<li>Acesso imediato e 100% online.<\/li>\n<\/ul>\n\n\n\n<p class=\"has-text-align-center has-text-align-center\"><strong><a href=\"https:\/\/faculdade.grancursosonline.com.br\/\" target=\"_blank\" rel=\"noreferrer noopener\">Quero ser aluno da Gran Faculdade!<\/a><\/strong><\/p>\n\n\n\n<div class=\"wp-block-group has-background\" style=\"background-color:#8dd2fc7a\"><div class=\"wp-block-group__inner-container is-layout-constrained wp-block-group-is-layout-constrained\">\n<p><strong>Outras not\u00edcias em destaque:<\/strong><\/p>\n\n\n\n<ul class=\"wp-block-list\">\n<li><a href=\"https:\/\/faculdade.grancursosonline.com.br\/blog\/certificacoes-ou-pos-graduacao\/\" target=\"_blank\" rel=\"noreferrer noopener\">Certifica\u00e7\u00f5es ou p\u00f3s-gradua\u00e7\u00e3o: qual desenvolve a carreira?<\/a><\/li>\n\n\n\n<li><a href=\"https:\/\/faculdade.grancursosonline.com.br\/blog\/considerar-antes-matricular-pos-graduacao\/\" target=\"_blank\" rel=\"noreferrer noopener\">O que considerar antes de se matricular em uma p\u00f3s-gradua\u00e7\u00e3o?<\/a><\/li>\n\n\n\n<li><a href=\"https:\/\/faculdade.grancursosonline.com.br\/blog\/fazer-pos-depois-dos-30\/\" target=\"_blank\" rel=\"noreferrer noopener\">Vale a pena fazer p\u00f3s-gradua\u00e7\u00e3o depois dos 30? Descubra!<\/a><\/li>\n<\/ul>\n<\/div><\/div>\n\n\n\n<div class=\"wp-block-group\"><div class=\"wp-block-group__inner-container is-layout-constrained wp-block-group-is-layout-constrained\">\n<div class=\"wp-block-group\"><div class=\"wp-block-group__inner-container is-layout-constrained wp-block-group-is-layout-constrained\">\n<section style=\"text-align: center;\">\n<p>Quer ficar por dentro da Faculdade Digital mais inovadora do Brasil?<\/p>\n<nav>\n<p class=\"has-background has-dark-bluish-background-color\" style=\"font-size: 25px; text-align: center; background: #f0f0f0; color: #ffffff; padding: 4px 0px 4xp 0px;\"><a style=\"color: #0d134c; text-decoration: underline;\" href=\"https:\/\/faculdade.grancursosonline.com.br\/\" target=\"_blank\" rel=\"noopener\">GRADUA\u00c7\u00c3O<\/a><\/p>\n<p class=\"has-background has-dark-bluish-background-color\" style=\"font-size: 25px; text-align: center; background: #f0f0f0; color: #ffffff; padding: 4px 0px 4xp 0px;\"><a style=\"color: #0d134c; text-decoration: underline;\" href=\"https:\/\/pos.grancursosonline.com.br\/\" target=\"_blank\" rel=\"noopener\">P\u00d3S-GRADUA\u00c7\u00c3O<\/a><\/p>\n<p class=\"has-background has-dark-bluish-background-color\" style=\"font-size: 25px; text-align: center; background: #f0f0f0; color: #ffffff; padding: 4px 0px 4xp 0px;\"><a style=\"color: #0d134c; text-decoration: underline;\" href=\"https:\/\/faculdade.grancursosonline.com.br\/nossos-cursos\/\" target=\"_blank\" rel=\"noopener\">TUDO SOBRE A GRAN FACULDADE<\/a><\/p>\n<\/nav>\n<p><strong>Receba <span style=\"color: #cf1e25;\">gratuitamente<\/span> no seu celular as principais not\u00edcias sobre a Gran Faculdade! <br \/>Clique no link abaixo e inscreva-se:<\/strong><\/p>\n<p class=\"has-background has-dark-bluish-background-color\" style=\"font-size: 25px; text-align: center; background: #f0f0f0; color: #ffffff; padding: 4px 0px 4xp 0px;\"><a style=\"color: #0d134c; text-decoration: underline;\" href=\"https:\/\/whatsapp.com\/channel\/0029VaG1sChI7Be7PNndhL43\" target=\"_blank\" rel=\"noopener noreferrer\">WHATSAPP<\/a><\/p>\n<p class=\"has-background has-dark-bluish-background-color\" style=\"font-size: 25px; text-align: center; background: #f0f0f0; color: #ffffff; padding: 4px 0px 4xp 0px;\"><a style=\"color: #0d134c; text-decoration: underline;\" href=\"https:\/\/t.me\/GranFaculdade\" target=\"_blank\" rel=\"noopener noreferrer\">TELEGRAM<\/a><\/p>\n<\/section>\n<\/div><\/div>\n<\/div><\/div>\n","protected":false},"excerpt":{"rendered":"<p>A rotina corrida, o trabalho em tempo integral e os compromissos pessoais muitas vezes dificultam a busca por qualifica\u00e7\u00e3o. \u00c9 nesse cen\u00e1rio que surge a p\u00f3s-gradua\u00e7\u00e3o final de semana, uma alternativa pr\u00e1tica para quem deseja evoluir na carreira sem comprometer o dia a dia. Seja de forma presencial, aos s\u00e1bados e domingos, ou em formato&hellip;<\/p>\n","protected":false},"author":486,"featured_media":79756187,"comment_status":"open","ping_status":"open","sticky":false,"template":"","format":"standard","meta":{"_acf_changed":false,"content-type":"","footnotes":""},"categories":[209229,2],"tags":[],"class_list":["post-79756175","post","type-post","status-publish","format-standard","has-post-thumbnail","hentry","category-pos-graduacao","category-ultimas-noticias"],"acf":[],"yoast_head":"<!-- This site is optimized with the Yoast SEO Premium plugin v27.2 (Yoast SEO v27.2) - https:\/\/yoast.com\/product\/yoast-seo-premium-wordpress\/ -->\n<title>P\u00f3s-gradua\u00e7\u00e3o final de semana: como fazer?<\/title>\n<meta name=\"description\" content=\"Descubra como funciona a p\u00f3s-gradua\u00e7\u00e3o final de semana, \u00e1reas dispon\u00edveis, dura\u00e7\u00e3o, custos e por que o EAD lato sensu da Gran Faculdade \u00e9 ideal.\" \/>\n<meta name=\"robots\" content=\"index, follow, max-snippet:-1, max-image-preview:large, max-video-preview:-1\" \/>\n<link rel=\"canonical\" href=\"https:\/\/faculdade.grancursosonline.com.br\/blog\/pos-graduacao-final-de-semana\/\" \/>\n<meta property=\"og:locale\" content=\"pt_BR\" \/>\n<meta property=\"og:type\" content=\"article\" \/>\n<meta property=\"og:title\" content=\"P\u00f3s-gradua\u00e7\u00e3o final de semana: como fazer?\" \/>\n<meta property=\"og:description\" content=\"Descubra como funciona a p\u00f3s-gradua\u00e7\u00e3o final de semana, \u00e1reas dispon\u00edveis, dura\u00e7\u00e3o, custos e por que o EAD lato sensu da Gran Faculdade \u00e9 ideal.\" \/>\n<meta property=\"og:url\" content=\"https:\/\/faculdade.grancursosonline.com.br\/blog\/pos-graduacao-final-de-semana\/\" \/>\n<meta property=\"og:site_name\" content=\"Blog Gran Faculdade\" \/>\n<meta property=\"article:publisher\" content=\"https:\/\/www.facebook.com\/grancursosonline\/\" \/>\n<meta property=\"article:published_time\" content=\"2025-07-24T19:41:13+00:00\" \/>\n<meta property=\"article:modified_time\" content=\"2025-07-24T19:41:57+00:00\" \/>\n<meta property=\"og:image\" content=\"https:\/\/blog-es-static.infra.grancursosonline.com.br\/wp-content\/uploads\/2025\/07\/24145128\/pos-graduacao-final-de-semana-social.jpg\" \/>\n\t<meta property=\"og:image:width\" content=\"511\" \/>\n\t<meta property=\"og:image:height\" content=\"311\" \/>\n\t<meta property=\"og:image:type\" content=\"image\/jpeg\" \/>\n<meta name=\"author\" content=\"Equipe Gran\" \/>\n<meta name=\"twitter:card\" content=\"summary_large_image\" \/>\n<meta name=\"twitter:creator\" content=\"@gran_online\" \/>\n<meta name=\"twitter:site\" content=\"@gran_online\" \/>\n<meta name=\"twitter:label1\" content=\"Written by\" \/>\n\t<meta name=\"twitter:data1\" content=\"Equipe Gran\" \/>\n\t<meta name=\"twitter:label2\" content=\"Est. reading time\" \/>\n\t<meta name=\"twitter:data2\" content=\"20 minutos\" \/>\n<script type=\"application\/ld+json\" class=\"yoast-schema-graph\">{\"@context\":\"https:\/\/schema.org\",\"@graph\":[{\"@type\":\"NewsArticle\",\"@id\":\"https:\/\/faculdade.grancursosonline.com.br\/blog\/pos-graduacao-final-de-semana\/#article\",\"isPartOf\":{\"@id\":\"https:\/\/faculdade.grancursosonline.com.br\/blog\/pos-graduacao-final-de-semana\/\"},\"author\":{\"name\":\"Equipe Gran\",\"@id\":\"https:\/\/faculdade.grancursosonline.com.br\/blog\/#\/schema\/person\/c05f350f8ea43a7138aaffc6a87bc5e0\"},\"headline\":\"P\u00f3s-gradua\u00e7\u00e3o final de semana: como fazer?\",\"datePublished\":\"2025-07-24T19:41:13+00:00\",\"dateModified\":\"2025-07-24T19:41:57+00:00\",\"mainEntityOfPage\":{\"@id\":\"https:\/\/faculdade.grancursosonline.com.br\/blog\/pos-graduacao-final-de-semana\/\"},\"wordCount\":985,\"commentCount\":0,\"publisher\":{\"@id\":\"https:\/\/faculdade.grancursosonline.com.br\/blog\/#organization\"},\"image\":{\"@id\":\"https:\/\/faculdade.grancursosonline.com.br\/blog\/pos-graduacao-final-de-semana\/#primaryimage\"},\"thumbnailUrl\":\"https:\/\/blog-es-static.infra.grancursosonline.com.br\/wp-content\/uploads\/2025\/07\/24145125\/pos-graduacao-final-de-semana.jpg\",\"articleSection\":[\"P\u00f3s-Gradua\u00e7\u00e3o Gran Faculdade\",\"\u00daltimas Not\u00edcias\"],\"inLanguage\":\"pt-BR\",\"potentialAction\":[{\"@type\":\"CommentAction\",\"name\":\"Comment\",\"target\":[\"https:\/\/faculdade.grancursosonline.com.br\/blog\/pos-graduacao-final-de-semana\/#respond\"]}],\"copyrightYear\":\"2025\",\"copyrightHolder\":{\"@id\":\"https:\/\/faculdade.grancursosonline.com.br\/blog\/#organization\"}},{\"@type\":\"WebPage\",\"@id\":\"https:\/\/faculdade.grancursosonline.com.br\/blog\/pos-graduacao-final-de-semana\/\",\"url\":\"https:\/\/faculdade.grancursosonline.com.br\/blog\/pos-graduacao-final-de-semana\/\",\"name\":\"P\u00f3s-gradua\u00e7\u00e3o final de semana: como fazer?\",\"isPartOf\":{\"@id\":\"https:\/\/faculdade.grancursosonline.com.br\/blog\/#website\"},\"primaryImageOfPage\":{\"@id\":\"https:\/\/faculdade.grancursosonline.com.br\/blog\/pos-graduacao-final-de-semana\/#primaryimage\"},\"image\":{\"@id\":\"https:\/\/faculdade.grancursosonline.com.br\/blog\/pos-graduacao-final-de-semana\/#primaryimage\"},\"thumbnailUrl\":\"https:\/\/blog-es-static.infra.grancursosonline.com.br\/wp-content\/uploads\/2025\/07\/24145125\/pos-graduacao-final-de-semana.jpg\",\"datePublished\":\"2025-07-24T19:41:13+00:00\",\"dateModified\":\"2025-07-24T19:41:57+00:00\",\"description\":\"Descubra como funciona a p\u00f3s-gradua\u00e7\u00e3o final de semana, \u00e1reas dispon\u00edveis, dura\u00e7\u00e3o, custos e por que o EAD lato sensu da Gran Faculdade \u00e9 ideal.\",\"breadcrumb\":{\"@id\":\"https:\/\/faculdade.grancursosonline.com.br\/blog\/pos-graduacao-final-de-semana\/#breadcrumb\"},\"inLanguage\":\"pt-BR\",\"potentialAction\":[{\"@type\":\"ReadAction\",\"target\":[\"https:\/\/faculdade.grancursosonline.com.br\/blog\/pos-graduacao-final-de-semana\/\"]}]},{\"@type\":\"ImageObject\",\"inLanguage\":\"pt-BR\",\"@id\":\"https:\/\/faculdade.grancursosonline.com.br\/blog\/pos-graduacao-final-de-semana\/#primaryimage\",\"url\":\"https:\/\/blog-es-static.infra.grancursosonline.com.br\/wp-content\/uploads\/2025\/07\/24145125\/pos-graduacao-final-de-semana.jpg\",\"contentUrl\":\"https:\/\/blog-es-static.infra.grancursosonline.com.br\/wp-content\/uploads\/2025\/07\/24145125\/pos-graduacao-final-de-semana.jpg\",\"width\":1001,\"height\":601,\"caption\":\"P\u00f3s-gradua\u00e7\u00e3o final de semana\"},{\"@type\":\"BreadcrumbList\",\"@id\":\"https:\/\/faculdade.grancursosonline.com.br\/blog\/pos-graduacao-final-de-semana\/#breadcrumb\",\"itemListElement\":[{\"@type\":\"ListItem\",\"position\":1,\"name\":\"In\u00edcio\",\"item\":\"https:\/\/faculdade.grancursosonline.com.br\/blog\/\"},{\"@type\":\"ListItem\",\"position\":2,\"name\":\"P\u00f3s-Gradua\u00e7\u00e3o Gran Faculdade\",\"item\":\"https:\/\/faculdade.grancursosonline.com.br\/blog\/pos-graduacao\/\"},{\"@type\":\"ListItem\",\"position\":3,\"name\":\"P\u00f3s-gradua\u00e7\u00e3o final de semana: como fazer?\"}]},{\"@type\":\"WebSite\",\"@id\":\"https:\/\/faculdade.grancursosonline.com.br\/blog\/#website\",\"url\":\"https:\/\/faculdade.grancursosonline.com.br\/blog\/\",\"name\":\"Blog Gran Faculdade\",\"description\":\"Tudo sobre ensino superior, p\u00f3s-gradua\u00e7\u00e3o, enem e carreira.\",\"publisher\":{\"@id\":\"https:\/\/faculdade.grancursosonline.com.br\/blog\/#organization\"},\"potentialAction\":[{\"@type\":\"SearchAction\",\"target\":{\"@type\":\"EntryPoint\",\"urlTemplate\":\"https:\/\/faculdade.grancursosonline.com.br\/blog\/?s={search_term_string}\"},\"query-input\":{\"@type\":\"PropertyValueSpecification\",\"valueRequired\":true,\"valueName\":\"search_term_string\"}}],\"inLanguage\":\"pt-BR\"},{\"@type\":\"Organization\",\"@id\":\"https:\/\/faculdade.grancursosonline.com.br\/blog\/#organization\",\"name\":\"Gran Cursos Online\",\"url\":\"https:\/\/faculdade.grancursosonline.com.br\/blog\/\",\"logo\":{\"@type\":\"ImageObject\",\"inLanguage\":\"pt-BR\",\"@id\":\"https:\/\/faculdade.grancursosonline.com.br\/blog\/#\/schema\/logo\/image\/\",\"url\":\"https:\/\/blog-es-static.infra.grancursosonline.com.br\/wp-content\/uploads\/2019\/08\/03123934\/logo.png\",\"contentUrl\":\"https:\/\/blog-es-static.infra.grancursosonline.com.br\/wp-content\/uploads\/2019\/08\/03123934\/logo.png\",\"width\":300,\"height\":57,\"caption\":\"Gran Cursos Online\"},\"image\":{\"@id\":\"https:\/\/faculdade.grancursosonline.com.br\/blog\/#\/schema\/logo\/image\/\"},\"sameAs\":[\"https:\/\/www.facebook.com\/grancursosonline\/\",\"https:\/\/x.com\/gran_online\",\"https:\/\/www.instagram.com\/grancursosonline\/\",\"https:\/\/www.youtube.com\/user\/grancursostv\"]},{\"@type\":\"Person\",\"@id\":\"https:\/\/faculdade.grancursosonline.com.br\/blog\/#\/schema\/person\/c05f350f8ea43a7138aaffc6a87bc5e0\",\"name\":\"Equipe Gran\",\"sameAs\":[\"http:\/\/www.grancursosonline.com.br\"],\"url\":\"https:\/\/faculdade.grancursosonline.com.br\/blog\/author\/hugo-oliveira\/\"}]}<\/script>\n<!-- \/ Yoast SEO Premium plugin. -->","yoast_head_json":{"title":"P\u00f3s-gradua\u00e7\u00e3o final de semana: como fazer?","description":"Descubra como funciona a p\u00f3s-gradua\u00e7\u00e3o final de semana, \u00e1reas dispon\u00edveis, dura\u00e7\u00e3o, custos e por que o EAD lato sensu da Gran Faculdade \u00e9 ideal.","robots":{"index":"index","follow":"follow","max-snippet":"max-snippet:-1","max-image-preview":"max-image-preview:large","max-video-preview":"max-video-preview:-1"},"canonical":"https:\/\/faculdade.grancursosonline.com.br\/blog\/pos-graduacao-final-de-semana\/","og_locale":"pt_BR","og_type":"article","og_title":"P\u00f3s-gradua\u00e7\u00e3o final de semana: como fazer?","og_description":"Descubra como funciona a p\u00f3s-gradua\u00e7\u00e3o final de semana, \u00e1reas dispon\u00edveis, dura\u00e7\u00e3o, custos e por que o EAD lato sensu da Gran Faculdade \u00e9 ideal.","og_url":"https:\/\/faculdade.grancursosonline.com.br\/blog\/pos-graduacao-final-de-semana\/","og_site_name":"Blog Gran Faculdade","article_publisher":"https:\/\/www.facebook.com\/grancursosonline\/","article_published_time":"2025-07-24T19:41:13+00:00","article_modified_time":"2025-07-24T19:41:57+00:00","og_image":[{"width":511,"height":311,"url":"https:\/\/blog-es-static.infra.grancursosonline.com.br\/wp-content\/uploads\/2025\/07\/24145128\/pos-graduacao-final-de-semana-social.jpg","type":"image\/jpeg"}],"author":"Equipe Gran","twitter_card":"summary_large_image","twitter_creator":"@gran_online","twitter_site":"@gran_online","twitter_misc":{"Written by":"Equipe Gran","Est. reading time":"20 minutos"},"schema":{"@context":"https:\/\/schema.org","@graph":[{"@type":"NewsArticle","@id":"https:\/\/faculdade.grancursosonline.com.br\/blog\/pos-graduacao-final-de-semana\/#article","isPartOf":{"@id":"https:\/\/faculdade.grancursosonline.com.br\/blog\/pos-graduacao-final-de-semana\/"},"author":{"name":"Equipe Gran","@id":"https:\/\/faculdade.grancursosonline.com.br\/blog\/#\/schema\/person\/c05f350f8ea43a7138aaffc6a87bc5e0"},"headline":"P\u00f3s-gradua\u00e7\u00e3o final de semana: como fazer?","datePublished":"2025-07-24T19:41:13+00:00","dateModified":"2025-07-24T19:41:57+00:00","mainEntityOfPage":{"@id":"https:\/\/faculdade.grancursosonline.com.br\/blog\/pos-graduacao-final-de-semana\/"},"wordCount":985,"commentCount":0,"publisher":{"@id":"https:\/\/faculdade.grancursosonline.com.br\/blog\/#organization"},"image":{"@id":"https:\/\/faculdade.grancursosonline.com.br\/blog\/pos-graduacao-final-de-semana\/#primaryimage"},"thumbnailUrl":"https:\/\/blog-es-static.infra.grancursosonline.com.br\/wp-content\/uploads\/2025\/07\/24145125\/pos-graduacao-final-de-semana.jpg","articleSection":["P\u00f3s-Gradua\u00e7\u00e3o Gran Faculdade","\u00daltimas Not\u00edcias"],"inLanguage":"pt-BR","potentialAction":[{"@type":"CommentAction","name":"Comment","target":["https:\/\/faculdade.grancursosonline.com.br\/blog\/pos-graduacao-final-de-semana\/#respond"]}],"copyrightYear":"2025","copyrightHolder":{"@id":"https:\/\/faculdade.grancursosonline.com.br\/blog\/#organization"}},{"@type":"WebPage","@id":"https:\/\/faculdade.grancursosonline.com.br\/blog\/pos-graduacao-final-de-semana\/","url":"https:\/\/faculdade.grancursosonline.com.br\/blog\/pos-graduacao-final-de-semana\/","name":"P\u00f3s-gradua\u00e7\u00e3o final de semana: como fazer?","isPartOf":{"@id":"https:\/\/faculdade.grancursosonline.com.br\/blog\/#website"},"primaryImageOfPage":{"@id":"https:\/\/faculdade.grancursosonline.com.br\/blog\/pos-graduacao-final-de-semana\/#primaryimage"},"image":{"@id":"https:\/\/faculdade.grancursosonline.com.br\/blog\/pos-graduacao-final-de-semana\/#primaryimage"},"thumbnailUrl":"https:\/\/blog-es-static.infra.grancursosonline.com.br\/wp-content\/uploads\/2025\/07\/24145125\/pos-graduacao-final-de-semana.jpg","datePublished":"2025-07-24T19:41:13+00:00","dateModified":"2025-07-24T19:41:57+00:00","description":"Descubra como funciona a p\u00f3s-gradua\u00e7\u00e3o final de semana, \u00e1reas dispon\u00edveis, dura\u00e7\u00e3o, custos e por que o EAD lato sensu da Gran Faculdade \u00e9 ideal.","breadcrumb":{"@id":"https:\/\/faculdade.grancursosonline.com.br\/blog\/pos-graduacao-final-de-semana\/#breadcrumb"},"inLanguage":"pt-BR","potentialAction":[{"@type":"ReadAction","target":["https:\/\/faculdade.grancursosonline.com.br\/blog\/pos-graduacao-final-de-semana\/"]}]},{"@type":"ImageObject","inLanguage":"pt-BR","@id":"https:\/\/faculdade.grancursosonline.com.br\/blog\/pos-graduacao-final-de-semana\/#primaryimage","url":"https:\/\/blog-es-static.infra.grancursosonline.com.br\/wp-content\/uploads\/2025\/07\/24145125\/pos-graduacao-final-de-semana.jpg","contentUrl":"https:\/\/blog-es-static.infra.grancursosonline.com.br\/wp-content\/uploads\/2025\/07\/24145125\/pos-graduacao-final-de-semana.jpg","width":1001,"height":601,"caption":"P\u00f3s-gradua\u00e7\u00e3o final de semana"},{"@type":"BreadcrumbList","@id":"https:\/\/faculdade.grancursosonline.com.br\/blog\/pos-graduacao-final-de-semana\/#breadcrumb","itemListElement":[{"@type":"ListItem","position":1,"name":"In\u00edcio","item":"https:\/\/faculdade.grancursosonline.com.br\/blog\/"},{"@type":"ListItem","position":2,"name":"P\u00f3s-Gradua\u00e7\u00e3o Gran Faculdade","item":"https:\/\/faculdade.grancursosonline.com.br\/blog\/pos-graduacao\/"},{"@type":"ListItem","position":3,"name":"P\u00f3s-gradua\u00e7\u00e3o final de semana: como fazer?"}]},{"@type":"WebSite","@id":"https:\/\/faculdade.grancursosonline.com.br\/blog\/#website","url":"https:\/\/faculdade.grancursosonline.com.br\/blog\/","name":"Blog Gran Faculdade","description":"Tudo sobre ensino superior, p\u00f3s-gradua\u00e7\u00e3o, enem e carreira.","publisher":{"@id":"https:\/\/faculdade.grancursosonline.com.br\/blog\/#organization"},"potentialAction":[{"@type":"SearchAction","target":{"@type":"EntryPoint","urlTemplate":"https:\/\/faculdade.grancursosonline.com.br\/blog\/?s={search_term_string}"},"query-input":{"@type":"PropertyValueSpecification","valueRequired":true,"valueName":"search_term_string"}}],"inLanguage":"pt-BR"},{"@type":"Organization","@id":"https:\/\/faculdade.grancursosonline.com.br\/blog\/#organization","name":"Gran Cursos Online","url":"https:\/\/faculdade.grancursosonline.com.br\/blog\/","logo":{"@type":"ImageObject","inLanguage":"pt-BR","@id":"https:\/\/faculdade.grancursosonline.com.br\/blog\/#\/schema\/logo\/image\/","url":"https:\/\/blog-es-static.infra.grancursosonline.com.br\/wp-content\/uploads\/2019\/08\/03123934\/logo.png","contentUrl":"https:\/\/blog-es-static.infra.grancursosonline.com.br\/wp-content\/uploads\/2019\/08\/03123934\/logo.png","width":300,"height":57,"caption":"Gran Cursos Online"},"image":{"@id":"https:\/\/faculdade.grancursosonline.com.br\/blog\/#\/schema\/logo\/image\/"},"sameAs":["https:\/\/www.facebook.com\/grancursosonline\/","https:\/\/x.com\/gran_online","https:\/\/www.instagram.com\/grancursosonline\/","https:\/\/www.youtube.com\/user\/grancursostv"]},{"@type":"Person","@id":"https:\/\/faculdade.grancursosonline.com.br\/blog\/#\/schema\/person\/c05f350f8ea43a7138aaffc6a87bc5e0","name":"Equipe Gran","sameAs":["http:\/\/www.grancursosonline.com.br"],"url":"https:\/\/faculdade.grancursosonline.com.br\/blog\/author\/hugo-oliveira\/"}]}},"_links":{"self":[{"href":"https:\/\/faculdade.grancursosonline.com.br\/blog\/wp-json\/wp\/v2\/posts\/79756175","targetHints":{"allow":["GET"]}}],"collection":[{"href":"https:\/\/faculdade.grancursosonline.com.br\/blog\/wp-json\/wp\/v2\/posts"}],"about":[{"href":"https:\/\/faculdade.grancursosonline.com.br\/blog\/wp-json\/wp\/v2\/types\/post"}],"author":[{"embeddable":true,"href":"https:\/\/faculdade.grancursosonline.com.br\/blog\/wp-json\/wp\/v2\/users\/486"}],"replies":[{"embeddable":true,"href":"https:\/\/faculdade.grancursosonline.com.br\/blog\/wp-json\/wp\/v2\/comments?post=79756175"}],"version-history":[{"count":3,"href":"https:\/\/faculdade.grancursosonline.com.br\/blog\/wp-json\/wp\/v2\/posts\/79756175\/revisions"}],"predecessor-version":[{"id":79756206,"href":"https:\/\/faculdade.grancursosonline.com.br\/blog\/wp-json\/wp\/v2\/posts\/79756175\/revisions\/79756206"}],"wp:featuredmedia":[{"embeddable":true,"href":"https:\/\/faculdade.grancursosonline.com.br\/blog\/wp-json\/wp\/v2\/media\/79756187"}],"wp:attachment":[{"href":"https:\/\/faculdade.grancursosonline.com.br\/blog\/wp-json\/wp\/v2\/media?parent=79756175"}],"wp:term":[{"taxonomy":"category","embeddable":true,"href":"https:\/\/faculdade.grancursosonline.com.br\/blog\/wp-json\/wp\/v2\/categories?post=79756175"},{"taxonomy":"post_tag","embeddable":true,"href":"https:\/\/faculdade.grancursosonline.com.br\/blog\/wp-json\/wp\/v2\/tags?post=79756175"}],"curies":[{"name":"wp","href":"https:\/\/api.w.org\/{rel}","templated":true}]}}