{"id":79756274,"date":"2025-07-28T16:09:11","date_gmt":"2025-07-28T19:09:11","guid":{"rendered":"https:\/\/faculdade.grancursosonline.com.br\/blog\/?p=79756274"},"modified":"2025-08-01T15:50:33","modified_gmt":"2025-08-01T18:50:33","slug":"pos-para-autonomos","status":"publish","type":"post","link":"https:\/\/faculdade.grancursosonline.com.br\/blog\/pos-para-autonomos\/","title":{"rendered":"P\u00f3s para aut\u00f4nomos: quais as op\u00e7\u00f5es e como escolher uma?"},"content":{"rendered":"\n<p>Trabalhar por conta pr\u00f3pria \u00e9 sin\u00f4nimo de liberdade, mas tamb\u00e9m de um grande desafio: ser o \u00fanico respons\u00e1vel pelo pr\u00f3prio sucesso. Em um mercado din\u00e2mico, onde novas demandas surgem a todo momento, a busca por qualifica\u00e7\u00e3o n\u00e3o \u00e9 um luxo, mas uma necessidade estrat\u00e9gica. \u00c9 nesse cen\u00e1rio que uma p\u00f3s para aut\u00f4nomos se revela a ferramenta ideal para quem deseja n\u00e3o apenas sobreviver, mas prosperar.<\/p>\n\n\n\n<p>Se voc\u00ea busca consolidar sua autoridade, expandir seus servi\u00e7os e aumentar seus rendimentos, este guia ir\u00e1 mostrar como a educa\u00e7\u00e3o continuada pode ser o motor para o seu crescimento.<\/p>\n\n\n\n<div class=\"wp-block-columns is-layout-flex wp-container-core-columns-is-layout-9d6595d7 wp-block-columns-is-layout-flex\">\n<div class=\"wp-block-column is-layout-flow wp-block-column-is-layout-flow\" style=\"flex-basis:100%\"><div class=\"wp-block-image\">\n<figure class=\"aligncenter size-full\"><a href=\"https:\/\/whatsapp.com\/channel\/0029VaG1sChI7Be7PNndhL43\" target=\"_blank\" rel=\"noopener\"><img decoding=\"async\" src=\"https:\/\/blog-es-static.infra.grancursosonline.com.br\/wp-content\/uploads\/2025\/09\/09112354\/banner-wp-600x142-80.webp\" alt=\"Acesse o canal do WhatsApp da Gran Faculdade\" class=\"wp-image-79751904\"\/><\/a><\/figure>\n<\/div><\/div>\n<\/div>\n\n\n\n<p>Acompanhe o artigo para saber mais ou navegue pelo \u00edndice:<\/p>\n\n\n\n<ul class=\"wp-block-list\">\n<li><a href=\"#conceit\">Como uma p\u00f3s-gradua\u00e7\u00e3o pode ajudar quem trabalha por conta pr\u00f3pria?<\/a><\/li>\n\n\n\n<li><a href=\"#ead\">P\u00f3s-gradua\u00e7\u00e3o EAD \u00e9 indicada para profissionais aut\u00f4nomos?<\/a><\/li>\n\n\n\n<li><a href=\"#tecnico\">P\u00f3s-gradua\u00e7\u00e3o ou curso t\u00e9cnico: o que \u00e9 melhor para aut\u00f4nomos?<\/a><\/li>\n\n\n\n<li><a href=\"#areas\">Que \u00e1reas de especializa\u00e7\u00e3o s\u00e3o mais vantajosas para aut\u00f4nomos?<\/a><\/li>\n\n\n\n<li><a href=\"#pos-ideal\">Como escolher a p\u00f3s ideal para meu perfil de aut\u00f4nomo?<\/a><\/li>\n\n\n\n<li><a href=\"#empreendedores\">Existe p\u00f3s-gradua\u00e7\u00e3o espec\u00edfica para empreendedores ou aut\u00f4nomos?<\/a><\/li>\n\n\n\n<li><a href=\"#conciliar\">Como conciliar o trabalho aut\u00f4nomo com uma p\u00f3s-gradua\u00e7\u00e3o?<\/a><\/li>\n\n\n\n<li><a href=\"#opcoes\">Quais s\u00e3o as melhores op\u00e7\u00f5es de p\u00f3s-gradua\u00e7\u00e3o para aut\u00f4nomos?<\/a><\/li>\n\n\n\n<li><a href=\"#vale-a-pena\">Vale a pena fazer uma p\u00f3s-gradua\u00e7\u00e3o sendo aut\u00f4nomo?<\/a><\/li>\n<\/ul>\n\n\n\n<h2 class=\"wp-block-heading\" id=\"conceito\">Como uma p\u00f3s-gradua\u00e7\u00e3o pode ajudar quem trabalha por conta pr\u00f3pria?<\/h2>\n\n\n\n<p>Para o profissional aut\u00f4nomo, uma p\u00f3s-gradua\u00e7\u00e3o vai muito al\u00e9m do diploma. Ela representa um investimento direto no seu principal ativo: voc\u00ea mesmo. Os benef\u00edcios s\u00e3o pr\u00e1ticos e imediatos:<\/p>\n\n\n\n<ul class=\"wp-block-list\">\n<li><strong>Aumento da Credibilidade<\/strong>: uma especializa\u00e7\u00e3o confere autoridade e confian\u00e7a, elementos decisivos para que um cliente escolha voc\u00ea em vez de um concorrente.<\/li>\n\n\n\n<li><strong>Novas Habilidades<\/strong>: permite agregar novos servi\u00e7os ao seu portf\u00f3lio, atendendo a demandas mais complexas e, consequentemente, de maior valor.<\/li>\n\n\n\n<li><strong>Precifica\u00e7\u00e3o Justa<\/strong>: com uma qualifica\u00e7\u00e3o superior, voc\u00ea tem argumentos s\u00f3lidos para justificar um pre\u00e7o mais elevado por seu trabalho.<\/li>\n\n\n\n<li><strong>Networking Qualificado: <\/strong>o contato com professores e colegas, muitos tamb\u00e9m empreendedores, cria uma valiosa rede de contatos, parcerias e potenciais clientes.<\/li>\n<\/ul>\n\n\n\n<h2 class=\"wp-block-heading\" id=\"ead\">P\u00f3s-gradua\u00e7\u00e3o EAD \u00e9 indicada para profissionais aut\u00f4nomos?<\/h2>\n\n\n\n<p>Sem d\u00favida. A modalidade de Ensino a Dist\u00e2ncia (EAD) parece ter sido desenhada para as necessidades de quem tem uma rotina flex\u00edvel, mas intensa. <\/p>\n\n\n\n<p>A p\u00f3s para aut\u00f4nomos em formato EAD elimina barreiras geogr\u00e1ficas e oferece a flexibilidade de estudar nos hor\u00e1rios mais convenientes, seja no in\u00edcio da manh\u00e3, no final do dia ou nos fins de semana. <\/p>\n\n\n\n<p>Al\u00e9m disso, as mensalidades costumam ser mais acess\u00edveis e h\u00e1 economia com transporte e alimenta\u00e7\u00e3o, otimizando seu investimento.<\/p>\n\n\n\n<h2 class=\"wp-block-heading\" id=\"tecnico\">P\u00f3s-gradua\u00e7\u00e3o ou curso t\u00e9cnico: o que \u00e9 melhor para aut\u00f4nomos?<\/h2>\n\n\n\n<p>A escolha depende do seu objetivo. <\/p>\n\n\n\n<p>Um curso t\u00e9cnico \u00e9 excelente para adquirir uma habilidade espec\u00edfica e de aplica\u00e7\u00e3o r\u00e1pida. Contudo, uma p\u00f3s-gradua\u00e7\u00e3o (lato sensu) oferece uma vis\u00e3o mais ampla e estrat\u00e9gica. <\/p>\n\n\n\n<p>Esse tipo de curso n\u00e3o ensina apenas o &#8220;como fazer&#8221;, mas o &#8220;porqu\u00ea fazer&#8221;, desenvolvendo o pensamento cr\u00edtico e a capacidade de gest\u00e3o. Para quem busca crescimento a longo prazo e a capacidade de atuar de forma mais estrat\u00e9gica, a p\u00f3s-gradua\u00e7\u00e3o \u00e9 o caminho mais indicado.<\/p>\n\n\n\n<h2 class=\"wp-block-heading\" id=\"areas\">Que \u00e1reas de especializa\u00e7\u00e3o s\u00e3o mais vantajosas para aut\u00f4nomos?<\/h2>\n\n\n\n<p>A melhor \u00e1rea \u00e9 aquela que complementa sua atua\u00e7\u00e3o principal ou que abre portas para mercados mais lucrativos. Algumas das especializa\u00e7\u00f5es mais procuradas por aut\u00f4nomos incluem:<\/p>\n\n\n\n<ul class=\"wp-block-list\">\n<li><strong><a href=\"https:\/\/pos.grancursosonline.com.br\/mba\/mba-em-marketing-e-comunicacao-digital\" target=\"_blank\" rel=\"noreferrer noopener\">Marketing Digital e M\u00eddias Sociais<\/a>: <\/strong>Essencial para qualquer profissional que precise divulgar seu pr\u00f3prio trabalho e conquistar clientes online.<\/li>\n\n\n\n<li><strong><a href=\"https:\/\/pos.grancursosonline.com.br\/curso\/controladoria-financas-publicas\" target=\"_blank\" rel=\"noreferrer noopener\">Gest\u00e3o Financeira e Controladoria<\/a><\/strong>: Para quem precisa dominar as finan\u00e7as do pr\u00f3prio neg\u00f3cio e oferecer consultoria na \u00e1rea.<\/li>\n\n\n\n<li><strong><a href=\"https:\/\/pos.grancursosonline.com.br\/mba\/mba-em-gestao-de-projetos\" target=\"_blank\" rel=\"noreferrer noopener\">Gest\u00e3o de Projetos<\/a><\/strong>: Ajuda a organizar o fluxo de trabalho, cumprir prazos e gerenciar entregas complexas de forma eficiente.<\/li>\n\n\n\n<li><strong><a href=\"https:\/\/pos.grancursosonline.com.br\/curso\/psicologia-organizacional\" target=\"_blank\" rel=\"noreferrer noopener\">Psicologia Organizacional<\/a> e <a href=\"https:\/\/pos.grancursosonline.com.br\/curso\/gestao-de-pessoas\" target=\"_blank\" rel=\"noreferrer noopener\">Gest\u00e3o de Pessoas<\/a><\/strong>: Ideal para consultores de RH ou l\u00edderes que precisam entender o comportamento humano nas corpora\u00e7\u00f5es.<\/li>\n\n\n\n<li><strong>Tecnologia e <a href=\"https:\/\/pos.grancursosonline.com.br\/curso\/ciencia-de-dados\" target=\"_blank\" rel=\"noreferrer noopener\">Ci\u00eancia de Dados<\/a><\/strong>: \u00c1reas em alta que permitem oferecer servi\u00e7os inovadores de an\u00e1lise de dados para outras empresas.<\/li>\n<\/ul>\n\n\n\n<h2 class=\"wp-block-heading\" id=\"pos-ideal\">Como escolher a p\u00f3s ideal para meu perfil de aut\u00f4nomo?<\/h2>\n\n\n\n<p>Para fazer a escolha certa, analise tr\u00eas pontos principais:<\/p>\n\n\n\n<ul class=\"wp-block-list\">\n<li>A p\u00f3s vai aprofundar o que voc\u00ea j\u00e1 faz ou adicionar uma compet\u00eancia nova?<\/li>\n\n\n\n<li>Quais habilidades seus clientes atuais e futuros mais valorizam? Pesquise tend\u00eancias na sua \u00e1rea.<\/li>\n\n\n\n<li>Opte por uma institui\u00e7\u00e3o que ofere\u00e7a uma modalidade de ensino compat\u00edvel com sua rotina e que tenha o curso reconhecido pelo MEC, garantindo a validade do seu diploma.<\/li>\n<\/ul>\n\n\n\n<h2 class=\"wp-block-heading\" id=\"empreendedores\">Existe p\u00f3s-gradua\u00e7\u00e3o espec\u00edfica para empreendedores ou aut\u00f4nomos?<\/h2>\n\n\n\n<p>Sim. Al\u00e9m das \u00e1reas tradicionais, diversas institui\u00e7\u00f5es desenvolveram cursos focados diretamente nas dores de quem empreende. <\/p>\n\n\n\n<p>Procure por especializa\u00e7\u00f5es como &#8220;MBA em Empreendedorismo e Inova\u00e7\u00e3o&#8221;, &#8220;Gest\u00e3o de Pequenos Neg\u00f3cios&#8221; ou &#8220;Lideran\u00e7a e Desenvolvimento de Neg\u00f3cios&#8221;. Esses cursos t\u00eam grades curriculares voltadas para o desenvolvimento de planos de neg\u00f3cio, estrat\u00e9gias de crescimento e gest\u00e3o enxuta, sendo uma excelente p\u00f3s para aut\u00f4nomos.<\/p>\n\n\n\n<h2 class=\"wp-block-heading\" id=\"conciliar\">Como conciliar o trabalho aut\u00f4nomo com uma p\u00f3s-gradua\u00e7\u00e3o?<\/h2>\n\n\n\n<p>A organiza\u00e7\u00e3o \u00e9 a chave. Com a flexibilidade do EAD, a tarefa fica mais simples:<\/p>\n\n\n\n<ul class=\"wp-block-list\">\n<li>Defina um cronograma e reserve blocos de hor\u00e1rio fixos na sua semana para se dedicar aos estudos.<\/li>\n\n\n\n<li>Use a tecnologia a seu favor e aproveite os aplicativos e plataformas online para estudar de qualquer lugar.<\/li>\n\n\n\n<li>Seja realista e entenda que haver\u00e1 picos de trabalho e de estudo. Ajuste sua agenda conforme a necessidade, sem se cobrar em excesso.<\/li>\n\n\n\n<li>Comunique-se e, se necess\u00e1rio, informe seus clientes sobre per\u00edodos de menor disponibilidade para se dedicar a entregas acad\u00eamicas.<\/li>\n<\/ul>\n\n\n\n<h2 class=\"wp-block-heading\" id=\"opcoes\">Quais s\u00e3o as melhores op\u00e7\u00f5es de p\u00f3s-gradua\u00e7\u00e3o para aut\u00f4nomos?<\/h2>\n\n\n\n<p>As melhores op\u00e7\u00f5es s\u00e3o aquelas que aliam um curr\u00edculo moderno, corpo docente com experi\u00eancia de mercado, flexibilidade do EAD e um diploma reconhecido. Esse \u00e9 o caso da Gran Faculdade, que oferece cursos de p\u00f3s para aut\u00f4nomos em diversas \u00e1reas:<\/p>\n\n\n\n<ul class=\"wp-block-list\">\n<li><a href=\"https:\/\/pos.grancursosonline.com.br\/nossos-cursos?category=educacao\" target=\"_blank\" rel=\"noreferrer noopener\">Educa\u00e7\u00e3o<\/a><\/li>\n\n\n\n<li><a href=\"https:\/\/pos.grancursosonline.com.br\/nossos-cursos?category=administracao\" target=\"_blank\" rel=\"noreferrer noopener\">Gest\u00e3o<\/a><\/li>\n\n\n\n<li><a href=\"https:\/\/pos.grancursosonline.com.br\/nossos-cursos?category=tecnologia-da-informacao\" target=\"_blank\" rel=\"noreferrer noopener\">Tecnologia<\/a><\/li>\n\n\n\n<li><a href=\"https:\/\/pos.grancursosonline.com.br\/nossos-cursos?category=policial\" target=\"_blank\" rel=\"noreferrer noopener\">Policial<\/a><\/li>\n\n\n\n<li><a href=\"https:\/\/pos.grancursosonline.com.br\/nossos-cursos?category=saude\" target=\"_blank\" rel=\"noreferrer noopener\">Sa\u00fade<\/a><\/li>\n\n\n\n<li><a href=\"https:\/\/pos.grancursosonline.com.br\/nossos-cursos?category=engenharia\" target=\"_blank\" rel=\"noreferrer noopener\">Engenharia<\/a><\/li>\n\n\n\n<li><a href=\"https:\/\/pos.grancursosonline.com.br\/nossos-cursos?category=controle&amp;category=economia&amp;category=fiscal\" target=\"_blank\" rel=\"noreferrer noopener\">Finan\u00e7as<\/a>\u00a0(Controle e Contabilidade, Economia e Fiscal)<\/li>\n\n\n\n<li><a href=\"https:\/\/pos.grancursosonline.com.br\/nossos-cursos?category=advocacia&amp;category=direito&amp;category=magistratura\" target=\"_blank\" rel=\"noreferrer noopener\">Jur\u00eddicas<\/a>\u00a0(Direito, Advocacia e Magistratura)<\/li>\n<\/ul>\n\n\n\n<p>Essas op\u00e7\u00f5es permitem ao aluno escolher a forma\u00e7\u00e3o que mais se conecta com seus objetivos profissionais.<\/p>\n\n\n\n<h2 class=\"wp-block-heading\" id=\"vale-a-pena\">Vale a pena fazer uma p\u00f3s-gradua\u00e7\u00e3o sendo aut\u00f4nomo?<\/h2>\n\n\n\n<p>Sim! O mercado para aut\u00f4nomos \u00e9 uma competi\u00e7\u00e3o constante por visibilidade e relev\u00e2ncia. <\/p>\n\n\n\n<p>Enquanto muitos se contentam com a experi\u00eancia pr\u00e1tica, voc\u00ea pode ir al\u00e9m. Uma p\u00f3s-gradua\u00e7\u00e3o \u00e9 o diferencial que valida sua expertise, amplia sua vis\u00e3o de mercado e o capacita a cobrar mais pelo seu trabalho. \u00c9 um investimento com retorno garantido, n\u00e3o apenas no faturamento, mas na solidez e longevidade da sua carreira.<\/p>\n\n\n\n<p>A hora de investir em voc\u00ea \u00e9 agora. D\u00ea o pr\u00f3ximo passo e transforme seu conhecimento em seu maior diferencial competitivo.<\/p>\n\n\n\n<h2 class=\"wp-block-heading\" id=\"h-vem-pra-gran-faculdade\">Vem pra Gran Faculdade!<\/h2>\n\n\n\n<p>A Gran Faculdade vem mudando a vida de milhares de pessoas por meio de cursos \u00e0 dist\u00e2ncia de <a href=\"https:\/\/faculdade.grancursosonline.com.br\/\" target=\"_blank\" rel=\"noreferrer noopener\">gradua\u00e7\u00e3o<\/a>, <a href=\"https:\/\/pos.grancursosonline.com.br\/\" target=\"_blank\" rel=\"noreferrer noopener\">p\u00f3s-gradua\u00e7\u00e3o<\/a> e <a href=\"https:\/\/pos.grancursosonline.com.br\/mba\" target=\"_blank\" rel=\"noreferrer noopener\">MBA<\/a>. Seja no digital ou em nosso <a href=\"https:\/\/presencial.grancursosonline.com.br\/\" target=\"_blank\" rel=\"noreferrer noopener\">Campus Presencial em Curitiba<\/a>, a nossa miss\u00e3o \u00e9 transformar a educa\u00e7\u00e3o superior.<\/p>\n\n\n\n<p>Como parte de Sistema Gran de Ensino, que \u00e9 reconhecido como marca aprovadora h\u00e1 mais de 10 anos, constru\u00edmos uma renomada reputa\u00e7\u00e3o na \u00e1rea de educa\u00e7\u00e3o.<\/p>\n\n\n\n<p>Veja algumas de nossas conquistas:<\/p>\n\n\n\n<ul class=\"wp-block-list\">\n<li>Reconhecido pela Amazon como um dos projetos mais relevantes do mundo na \u00e1rea de Tecnologia e Educa\u00e7\u00e3o;<\/li>\n\n\n\n<li>Foi eleito pelo Project Management Institute (PMI), um dos 50 Projetos Mais Influentes do mundo;<\/li>\n\n\n\n<li>Somos o site de educa\u00e7\u00e3o mais acessado do Brasil;<\/li>\n\n\n\n<li>Somos avaliados com a nota m\u00e1xima pelo MEC;<\/li>\n\n\n\n<li>Aqui o semestre come\u00e7a quando quiser: entrada imediata e cont\u00ednua!<\/li>\n\n\n\n<li>Melhores pre\u00e7os do mercado;<\/li>\n\n\n\n<li>Mais de 500 mil alunos pagantes e mais de 1000 funcion\u00e1rios;<\/li>\n\n\n\n<li>Diversas ferramentas de estudo: PDFs, audiobooks, mapas mentais, videoaulas, quest\u00f5es, gerenciador de estudos e muito mais!<\/li>\n\n\n\n<li>Professores experientes e capacitados;<\/li>\n\n\n\n<li>Acesso imediato e 100% online.<\/li>\n<\/ul>\n\n\n\n<p class=\"has-text-align-center has-text-align-center\"><strong><a href=\"https:\/\/faculdade.grancursosonline.com.br\/\" target=\"_blank\" rel=\"noreferrer noopener\">Quero ser aluno da Gran Faculdade!<\/a><\/strong><\/p>\n\n\n\n<div class=\"wp-block-group has-background\" style=\"background-color:#8dd2fc7a\"><div class=\"wp-block-group__inner-container is-layout-constrained wp-block-group-is-layout-constrained\">\n<p><strong>Outras not\u00edcias em destaque:<\/strong><\/p>\n\n\n\n<ul class=\"wp-block-list\">\n<li><a href=\"https:\/\/faculdade.grancursosonline.com.br\/blog\/pos-graduacao-final-de-semana\/\" target=\"_blank\" rel=\"noreferrer noopener\">P\u00f3s-gradua\u00e7\u00e3o final de semana: como fazer?<\/a><\/li>\n\n\n\n<li><a href=\"https:\/\/faculdade.grancursosonline.com.br\/blog\/considerar-antes-matricular-pos-graduacao\/\" target=\"_blank\" rel=\"noreferrer noopener\">O que considerar antes de se matricular em uma p\u00f3s-gradua\u00e7\u00e3o?<\/a><\/li>\n\n\n\n<li><a href=\"https:\/\/faculdade.grancursosonline.com.br\/blog\/certificacoes-ou-pos-graduacao\/\" target=\"_blank\" rel=\"noreferrer noopener\">Certifica\u00e7\u00f5es ou p\u00f3s-gradua\u00e7\u00e3o: qual desenvolve a carreira?<\/a><\/li>\n<\/ul>\n<\/div><\/div>\n\n\n\n<div class=\"wp-block-group\"><div class=\"wp-block-group__inner-container is-layout-constrained wp-block-group-is-layout-constrained\">\n<div class=\"wp-block-group\"><div class=\"wp-block-group__inner-container is-layout-constrained wp-block-group-is-layout-constrained\">\n<section style=\"text-align: center;\">\n<p>Quer ficar por dentro da Faculdade Digital mais inovadora do Brasil?<\/p>\n<nav>\n<p class=\"has-background has-dark-bluish-background-color\" style=\"font-size: 25px; text-align: center; background: #f0f0f0; color: #ffffff; padding: 4px 0px 4xp 0px;\"><a style=\"color: #0d134c; text-decoration: underline;\" href=\"https:\/\/faculdade.grancursosonline.com.br\/\" target=\"_blank\" rel=\"noopener\">GRADUA\u00c7\u00c3O<\/a><\/p>\n<p class=\"has-background has-dark-bluish-background-color\" style=\"font-size: 25px; text-align: center; background: #f0f0f0; color: #ffffff; padding: 4px 0px 4xp 0px;\"><a style=\"color: #0d134c; text-decoration: underline;\" href=\"https:\/\/pos.grancursosonline.com.br\/\" target=\"_blank\" rel=\"noopener\">P\u00d3S-GRADUA\u00c7\u00c3O<\/a><\/p>\n<p class=\"has-background has-dark-bluish-background-color\" style=\"font-size: 25px; text-align: center; background: #f0f0f0; color: #ffffff; padding: 4px 0px 4xp 0px;\"><a style=\"color: #0d134c; text-decoration: underline;\" href=\"https:\/\/faculdade.grancursosonline.com.br\/nossos-cursos\/\" target=\"_blank\" rel=\"noopener\">TUDO SOBRE A GRAN FACULDADE<\/a><\/p>\n<\/nav>\n<p><strong>Receba <span style=\"color: #cf1e25;\">gratuitamente<\/span> no seu celular as principais not\u00edcias sobre a Gran Faculdade! <br \/>Clique no link abaixo e inscreva-se:<\/strong><\/p>\n<p class=\"has-background has-dark-bluish-background-color\" style=\"font-size: 25px; text-align: center; background: #f0f0f0; color: #ffffff; padding: 4px 0px 4xp 0px;\"><a style=\"color: #0d134c; text-decoration: underline;\" href=\"https:\/\/whatsapp.com\/channel\/0029VaG1sChI7Be7PNndhL43\" target=\"_blank\" rel=\"noopener noreferrer\">WHATSAPP<\/a><\/p>\n<p class=\"has-background has-dark-bluish-background-color\" style=\"font-size: 25px; text-align: center; background: #f0f0f0; color: #ffffff; padding: 4px 0px 4xp 0px;\"><a style=\"color: #0d134c; text-decoration: underline;\" href=\"https:\/\/t.me\/GranFaculdade\" target=\"_blank\" rel=\"noopener noreferrer\">TELEGRAM<\/a><\/p>\n<\/section>\n<\/div><\/div>\n<\/div><\/div>\n","protected":false},"excerpt":{"rendered":"<p>Trabalhar por conta pr\u00f3pria \u00e9 sin\u00f4nimo de liberdade, mas tamb\u00e9m de um grande desafio: ser o \u00fanico respons\u00e1vel pelo pr\u00f3prio sucesso. Em um mercado din\u00e2mico, onde novas demandas surgem a todo momento, a busca por qualifica\u00e7\u00e3o n\u00e3o \u00e9 um luxo, mas uma necessidade estrat\u00e9gica. \u00c9 nesse cen\u00e1rio que uma p\u00f3s para aut\u00f4nomos se revela a&hellip;<\/p>\n","protected":false},"author":486,"featured_media":79756486,"comment_status":"open","ping_status":"open","sticky":false,"template":"","format":"standard","meta":{"_acf_changed":false,"content-type":"","footnotes":""},"categories":[209229,2],"tags":[],"class_list":["post-79756274","post","type-post","status-publish","format-standard","has-post-thumbnail","hentry","category-pos-graduacao","category-ultimas-noticias"],"acf":[],"yoast_head":"<!-- This site is optimized with the Yoast SEO Premium plugin v27.2 (Yoast SEO v27.2) - https:\/\/yoast.com\/product\/yoast-seo-premium-wordpress\/ -->\n<title>P\u00f3s para aut\u00f4nomos: quais as op\u00e7\u00f5es e como escolher uma?<\/title>\n<meta name=\"description\" content=\"Quer se destacar no mercado? Saiba como uma p\u00f3s-gradua\u00e7\u00e3o EAD pode impulsionar sua carreira e como escolher a especializa\u00e7\u00e3o ideal para voc\u00ea!\" \/>\n<meta name=\"robots\" content=\"index, follow, max-snippet:-1, max-image-preview:large, max-video-preview:-1\" \/>\n<link rel=\"canonical\" href=\"https:\/\/faculdade.grancursosonline.com.br\/blog\/pos-para-autonomos\/\" \/>\n<meta property=\"og:locale\" content=\"pt_BR\" \/>\n<meta property=\"og:type\" content=\"article\" \/>\n<meta property=\"og:title\" content=\"P\u00f3s para aut\u00f4nomos: quais as op\u00e7\u00f5es e como escolher uma?\" \/>\n<meta property=\"og:description\" content=\"Quer se destacar no mercado? Saiba como uma p\u00f3s-gradua\u00e7\u00e3o EAD pode impulsionar sua carreira e como escolher a especializa\u00e7\u00e3o ideal para voc\u00ea!\" \/>\n<meta property=\"og:url\" content=\"https:\/\/faculdade.grancursosonline.com.br\/blog\/pos-para-autonomos\/\" \/>\n<meta property=\"og:site_name\" content=\"Blog Gran Faculdade\" \/>\n<meta property=\"article:publisher\" content=\"https:\/\/www.facebook.com\/grancursosonline\/\" \/>\n<meta property=\"article:published_time\" content=\"2025-07-28T19:09:11+00:00\" \/>\n<meta property=\"article:modified_time\" content=\"2025-08-01T18:50:33+00:00\" \/>\n<meta property=\"og:image\" content=\"https:\/\/blog-es-static.infra.grancursosonline.com.br\/wp-content\/uploads\/2025\/07\/01154941\/pos-para-autonomos-social.webp\" \/>\n\t<meta property=\"og:image:width\" content=\"511\" \/>\n\t<meta property=\"og:image:height\" content=\"311\" \/>\n\t<meta property=\"og:image:type\" content=\"image\/webp\" \/>\n<meta name=\"author\" content=\"Equipe Gran\" \/>\n<meta name=\"twitter:card\" content=\"summary_large_image\" \/>\n<meta name=\"twitter:creator\" content=\"@gran_online\" \/>\n<meta name=\"twitter:site\" content=\"@gran_online\" \/>\n<meta name=\"twitter:label1\" content=\"Written by\" \/>\n\t<meta name=\"twitter:data1\" content=\"Equipe Gran\" \/>\n\t<meta name=\"twitter:label2\" content=\"Est. reading time\" \/>\n\t<meta name=\"twitter:data2\" content=\"24 minutos\" \/>\n<script type=\"application\/ld+json\" class=\"yoast-schema-graph\">{\"@context\":\"https:\/\/schema.org\",\"@graph\":[{\"@type\":\"NewsArticle\",\"@id\":\"https:\/\/faculdade.grancursosonline.com.br\/blog\/pos-para-autonomos\/#article\",\"isPartOf\":{\"@id\":\"https:\/\/faculdade.grancursosonline.com.br\/blog\/pos-para-autonomos\/\"},\"author\":{\"name\":\"Equipe Gran\",\"@id\":\"https:\/\/faculdade.grancursosonline.com.br\/blog\/#\/schema\/person\/c05f350f8ea43a7138aaffc6a87bc5e0\"},\"headline\":\"P\u00f3s para aut\u00f4nomos: quais as op\u00e7\u00f5es e como escolher uma?\",\"datePublished\":\"2025-07-28T19:09:11+00:00\",\"dateModified\":\"2025-08-01T18:50:33+00:00\",\"mainEntityOfPage\":{\"@id\":\"https:\/\/faculdade.grancursosonline.com.br\/blog\/pos-para-autonomos\/\"},\"wordCount\":1237,\"commentCount\":0,\"publisher\":{\"@id\":\"https:\/\/faculdade.grancursosonline.com.br\/blog\/#organization\"},\"image\":{\"@id\":\"https:\/\/faculdade.grancursosonline.com.br\/blog\/pos-para-autonomos\/#primaryimage\"},\"thumbnailUrl\":\"https:\/\/blog-es-static.infra.grancursosonline.com.br\/wp-content\/uploads\/2025\/07\/01154944\/pos-para-autonomos.webp\",\"articleSection\":[\"P\u00f3s-Gradua\u00e7\u00e3o Gran Faculdade\",\"\u00daltimas Not\u00edcias\"],\"inLanguage\":\"pt-BR\",\"potentialAction\":[{\"@type\":\"CommentAction\",\"name\":\"Comment\",\"target\":[\"https:\/\/faculdade.grancursosonline.com.br\/blog\/pos-para-autonomos\/#respond\"]}],\"copyrightYear\":\"2025\",\"copyrightHolder\":{\"@id\":\"https:\/\/faculdade.grancursosonline.com.br\/blog\/#organization\"}},{\"@type\":\"WebPage\",\"@id\":\"https:\/\/faculdade.grancursosonline.com.br\/blog\/pos-para-autonomos\/\",\"url\":\"https:\/\/faculdade.grancursosonline.com.br\/blog\/pos-para-autonomos\/\",\"name\":\"P\u00f3s para aut\u00f4nomos: quais as op\u00e7\u00f5es e como escolher uma?\",\"isPartOf\":{\"@id\":\"https:\/\/faculdade.grancursosonline.com.br\/blog\/#website\"},\"primaryImageOfPage\":{\"@id\":\"https:\/\/faculdade.grancursosonline.com.br\/blog\/pos-para-autonomos\/#primaryimage\"},\"image\":{\"@id\":\"https:\/\/faculdade.grancursosonline.com.br\/blog\/pos-para-autonomos\/#primaryimage\"},\"thumbnailUrl\":\"https:\/\/blog-es-static.infra.grancursosonline.com.br\/wp-content\/uploads\/2025\/07\/01154944\/pos-para-autonomos.webp\",\"datePublished\":\"2025-07-28T19:09:11+00:00\",\"dateModified\":\"2025-08-01T18:50:33+00:00\",\"description\":\"Quer se destacar no mercado? Saiba como uma p\u00f3s-gradua\u00e7\u00e3o EAD pode impulsionar sua carreira e como escolher a especializa\u00e7\u00e3o ideal para voc\u00ea!\",\"breadcrumb\":{\"@id\":\"https:\/\/faculdade.grancursosonline.com.br\/blog\/pos-para-autonomos\/#breadcrumb\"},\"inLanguage\":\"pt-BR\",\"potentialAction\":[{\"@type\":\"ReadAction\",\"target\":[\"https:\/\/faculdade.grancursosonline.com.br\/blog\/pos-para-autonomos\/\"]}]},{\"@type\":\"ImageObject\",\"inLanguage\":\"pt-BR\",\"@id\":\"https:\/\/faculdade.grancursosonline.com.br\/blog\/pos-para-autonomos\/#primaryimage\",\"url\":\"https:\/\/blog-es-static.infra.grancursosonline.com.br\/wp-content\/uploads\/2025\/07\/01154944\/pos-para-autonomos.webp\",\"contentUrl\":\"https:\/\/blog-es-static.infra.grancursosonline.com.br\/wp-content\/uploads\/2025\/07\/01154944\/pos-para-autonomos.webp\",\"width\":1001,\"height\":601,\"caption\":\"P\u00f3s para aut\u00f4nomos\"},{\"@type\":\"BreadcrumbList\",\"@id\":\"https:\/\/faculdade.grancursosonline.com.br\/blog\/pos-para-autonomos\/#breadcrumb\",\"itemListElement\":[{\"@type\":\"ListItem\",\"position\":1,\"name\":\"In\u00edcio\",\"item\":\"https:\/\/faculdade.grancursosonline.com.br\/blog\/\"},{\"@type\":\"ListItem\",\"position\":2,\"name\":\"P\u00f3s-Gradua\u00e7\u00e3o Gran Faculdade\",\"item\":\"https:\/\/faculdade.grancursosonline.com.br\/blog\/pos-graduacao\/\"},{\"@type\":\"ListItem\",\"position\":3,\"name\":\"P\u00f3s para aut\u00f4nomos: quais as op\u00e7\u00f5es e como escolher uma?\"}]},{\"@type\":\"WebSite\",\"@id\":\"https:\/\/faculdade.grancursosonline.com.br\/blog\/#website\",\"url\":\"https:\/\/faculdade.grancursosonline.com.br\/blog\/\",\"name\":\"Blog Gran Faculdade\",\"description\":\"Tudo sobre ensino superior, p\u00f3s-gradua\u00e7\u00e3o, enem e carreira.\",\"publisher\":{\"@id\":\"https:\/\/faculdade.grancursosonline.com.br\/blog\/#organization\"},\"potentialAction\":[{\"@type\":\"SearchAction\",\"target\":{\"@type\":\"EntryPoint\",\"urlTemplate\":\"https:\/\/faculdade.grancursosonline.com.br\/blog\/?s={search_term_string}\"},\"query-input\":{\"@type\":\"PropertyValueSpecification\",\"valueRequired\":true,\"valueName\":\"search_term_string\"}}],\"inLanguage\":\"pt-BR\"},{\"@type\":\"Organization\",\"@id\":\"https:\/\/faculdade.grancursosonline.com.br\/blog\/#organization\",\"name\":\"Gran Cursos Online\",\"url\":\"https:\/\/faculdade.grancursosonline.com.br\/blog\/\",\"logo\":{\"@type\":\"ImageObject\",\"inLanguage\":\"pt-BR\",\"@id\":\"https:\/\/faculdade.grancursosonline.com.br\/blog\/#\/schema\/logo\/image\/\",\"url\":\"https:\/\/blog-es-static.infra.grancursosonline.com.br\/wp-content\/uploads\/2019\/08\/03123934\/logo.png\",\"contentUrl\":\"https:\/\/blog-es-static.infra.grancursosonline.com.br\/wp-content\/uploads\/2019\/08\/03123934\/logo.png\",\"width\":300,\"height\":57,\"caption\":\"Gran Cursos Online\"},\"image\":{\"@id\":\"https:\/\/faculdade.grancursosonline.com.br\/blog\/#\/schema\/logo\/image\/\"},\"sameAs\":[\"https:\/\/www.facebook.com\/grancursosonline\/\",\"https:\/\/x.com\/gran_online\",\"https:\/\/www.instagram.com\/grancursosonline\/\",\"https:\/\/www.youtube.com\/user\/grancursostv\"]},{\"@type\":\"Person\",\"@id\":\"https:\/\/faculdade.grancursosonline.com.br\/blog\/#\/schema\/person\/c05f350f8ea43a7138aaffc6a87bc5e0\",\"name\":\"Equipe Gran\",\"sameAs\":[\"http:\/\/www.grancursosonline.com.br\"],\"url\":\"https:\/\/faculdade.grancursosonline.com.br\/blog\/author\/hugo-oliveira\/\"}]}<\/script>\n<!-- \/ Yoast SEO Premium plugin. -->","yoast_head_json":{"title":"P\u00f3s para aut\u00f4nomos: quais as op\u00e7\u00f5es e como escolher uma?","description":"Quer se destacar no mercado? Saiba como uma p\u00f3s-gradua\u00e7\u00e3o EAD pode impulsionar sua carreira e como escolher a especializa\u00e7\u00e3o ideal para voc\u00ea!","robots":{"index":"index","follow":"follow","max-snippet":"max-snippet:-1","max-image-preview":"max-image-preview:large","max-video-preview":"max-video-preview:-1"},"canonical":"https:\/\/faculdade.grancursosonline.com.br\/blog\/pos-para-autonomos\/","og_locale":"pt_BR","og_type":"article","og_title":"P\u00f3s para aut\u00f4nomos: quais as op\u00e7\u00f5es e como escolher uma?","og_description":"Quer se destacar no mercado? Saiba como uma p\u00f3s-gradua\u00e7\u00e3o EAD pode impulsionar sua carreira e como escolher a especializa\u00e7\u00e3o ideal para voc\u00ea!","og_url":"https:\/\/faculdade.grancursosonline.com.br\/blog\/pos-para-autonomos\/","og_site_name":"Blog Gran Faculdade","article_publisher":"https:\/\/www.facebook.com\/grancursosonline\/","article_published_time":"2025-07-28T19:09:11+00:00","article_modified_time":"2025-08-01T18:50:33+00:00","og_image":[{"width":511,"height":311,"url":"https:\/\/blog-es-static.infra.grancursosonline.com.br\/wp-content\/uploads\/2025\/07\/01154941\/pos-para-autonomos-social.webp","type":"image\/webp"}],"author":"Equipe Gran","twitter_card":"summary_large_image","twitter_creator":"@gran_online","twitter_site":"@gran_online","twitter_misc":{"Written by":"Equipe Gran","Est. reading time":"24 minutos"},"schema":{"@context":"https:\/\/schema.org","@graph":[{"@type":"NewsArticle","@id":"https:\/\/faculdade.grancursosonline.com.br\/blog\/pos-para-autonomos\/#article","isPartOf":{"@id":"https:\/\/faculdade.grancursosonline.com.br\/blog\/pos-para-autonomos\/"},"author":{"name":"Equipe Gran","@id":"https:\/\/faculdade.grancursosonline.com.br\/blog\/#\/schema\/person\/c05f350f8ea43a7138aaffc6a87bc5e0"},"headline":"P\u00f3s para aut\u00f4nomos: quais as op\u00e7\u00f5es e como escolher uma?","datePublished":"2025-07-28T19:09:11+00:00","dateModified":"2025-08-01T18:50:33+00:00","mainEntityOfPage":{"@id":"https:\/\/faculdade.grancursosonline.com.br\/blog\/pos-para-autonomos\/"},"wordCount":1237,"commentCount":0,"publisher":{"@id":"https:\/\/faculdade.grancursosonline.com.br\/blog\/#organization"},"image":{"@id":"https:\/\/faculdade.grancursosonline.com.br\/blog\/pos-para-autonomos\/#primaryimage"},"thumbnailUrl":"https:\/\/blog-es-static.infra.grancursosonline.com.br\/wp-content\/uploads\/2025\/07\/01154944\/pos-para-autonomos.webp","articleSection":["P\u00f3s-Gradua\u00e7\u00e3o Gran Faculdade","\u00daltimas Not\u00edcias"],"inLanguage":"pt-BR","potentialAction":[{"@type":"CommentAction","name":"Comment","target":["https:\/\/faculdade.grancursosonline.com.br\/blog\/pos-para-autonomos\/#respond"]}],"copyrightYear":"2025","copyrightHolder":{"@id":"https:\/\/faculdade.grancursosonline.com.br\/blog\/#organization"}},{"@type":"WebPage","@id":"https:\/\/faculdade.grancursosonline.com.br\/blog\/pos-para-autonomos\/","url":"https:\/\/faculdade.grancursosonline.com.br\/blog\/pos-para-autonomos\/","name":"P\u00f3s para aut\u00f4nomos: quais as op\u00e7\u00f5es e como escolher uma?","isPartOf":{"@id":"https:\/\/faculdade.grancursosonline.com.br\/blog\/#website"},"primaryImageOfPage":{"@id":"https:\/\/faculdade.grancursosonline.com.br\/blog\/pos-para-autonomos\/#primaryimage"},"image":{"@id":"https:\/\/faculdade.grancursosonline.com.br\/blog\/pos-para-autonomos\/#primaryimage"},"thumbnailUrl":"https:\/\/blog-es-static.infra.grancursosonline.com.br\/wp-content\/uploads\/2025\/07\/01154944\/pos-para-autonomos.webp","datePublished":"2025-07-28T19:09:11+00:00","dateModified":"2025-08-01T18:50:33+00:00","description":"Quer se destacar no mercado? Saiba como uma p\u00f3s-gradua\u00e7\u00e3o EAD pode impulsionar sua carreira e como escolher a especializa\u00e7\u00e3o ideal para voc\u00ea!","breadcrumb":{"@id":"https:\/\/faculdade.grancursosonline.com.br\/blog\/pos-para-autonomos\/#breadcrumb"},"inLanguage":"pt-BR","potentialAction":[{"@type":"ReadAction","target":["https:\/\/faculdade.grancursosonline.com.br\/blog\/pos-para-autonomos\/"]}]},{"@type":"ImageObject","inLanguage":"pt-BR","@id":"https:\/\/faculdade.grancursosonline.com.br\/blog\/pos-para-autonomos\/#primaryimage","url":"https:\/\/blog-es-static.infra.grancursosonline.com.br\/wp-content\/uploads\/2025\/07\/01154944\/pos-para-autonomos.webp","contentUrl":"https:\/\/blog-es-static.infra.grancursosonline.com.br\/wp-content\/uploads\/2025\/07\/01154944\/pos-para-autonomos.webp","width":1001,"height":601,"caption":"P\u00f3s para aut\u00f4nomos"},{"@type":"BreadcrumbList","@id":"https:\/\/faculdade.grancursosonline.com.br\/blog\/pos-para-autonomos\/#breadcrumb","itemListElement":[{"@type":"ListItem","position":1,"name":"In\u00edcio","item":"https:\/\/faculdade.grancursosonline.com.br\/blog\/"},{"@type":"ListItem","position":2,"name":"P\u00f3s-Gradua\u00e7\u00e3o Gran Faculdade","item":"https:\/\/faculdade.grancursosonline.com.br\/blog\/pos-graduacao\/"},{"@type":"ListItem","position":3,"name":"P\u00f3s para aut\u00f4nomos: quais as op\u00e7\u00f5es e como escolher uma?"}]},{"@type":"WebSite","@id":"https:\/\/faculdade.grancursosonline.com.br\/blog\/#website","url":"https:\/\/faculdade.grancursosonline.com.br\/blog\/","name":"Blog Gran Faculdade","description":"Tudo sobre ensino superior, p\u00f3s-gradua\u00e7\u00e3o, enem e carreira.","publisher":{"@id":"https:\/\/faculdade.grancursosonline.com.br\/blog\/#organization"},"potentialAction":[{"@type":"SearchAction","target":{"@type":"EntryPoint","urlTemplate":"https:\/\/faculdade.grancursosonline.com.br\/blog\/?s={search_term_string}"},"query-input":{"@type":"PropertyValueSpecification","valueRequired":true,"valueName":"search_term_string"}}],"inLanguage":"pt-BR"},{"@type":"Organization","@id":"https:\/\/faculdade.grancursosonline.com.br\/blog\/#organization","name":"Gran Cursos Online","url":"https:\/\/faculdade.grancursosonline.com.br\/blog\/","logo":{"@type":"ImageObject","inLanguage":"pt-BR","@id":"https:\/\/faculdade.grancursosonline.com.br\/blog\/#\/schema\/logo\/image\/","url":"https:\/\/blog-es-static.infra.grancursosonline.com.br\/wp-content\/uploads\/2019\/08\/03123934\/logo.png","contentUrl":"https:\/\/blog-es-static.infra.grancursosonline.com.br\/wp-content\/uploads\/2019\/08\/03123934\/logo.png","width":300,"height":57,"caption":"Gran Cursos Online"},"image":{"@id":"https:\/\/faculdade.grancursosonline.com.br\/blog\/#\/schema\/logo\/image\/"},"sameAs":["https:\/\/www.facebook.com\/grancursosonline\/","https:\/\/x.com\/gran_online","https:\/\/www.instagram.com\/grancursosonline\/","https:\/\/www.youtube.com\/user\/grancursostv"]},{"@type":"Person","@id":"https:\/\/faculdade.grancursosonline.com.br\/blog\/#\/schema\/person\/c05f350f8ea43a7138aaffc6a87bc5e0","name":"Equipe Gran","sameAs":["http:\/\/www.grancursosonline.com.br"],"url":"https:\/\/faculdade.grancursosonline.com.br\/blog\/author\/hugo-oliveira\/"}]}},"_links":{"self":[{"href":"https:\/\/faculdade.grancursosonline.com.br\/blog\/wp-json\/wp\/v2\/posts\/79756274","targetHints":{"allow":["GET"]}}],"collection":[{"href":"https:\/\/faculdade.grancursosonline.com.br\/blog\/wp-json\/wp\/v2\/posts"}],"about":[{"href":"https:\/\/faculdade.grancursosonline.com.br\/blog\/wp-json\/wp\/v2\/types\/post"}],"author":[{"embeddable":true,"href":"https:\/\/faculdade.grancursosonline.com.br\/blog\/wp-json\/wp\/v2\/users\/486"}],"replies":[{"embeddable":true,"href":"https:\/\/faculdade.grancursosonline.com.br\/blog\/wp-json\/wp\/v2\/comments?post=79756274"}],"version-history":[{"count":3,"href":"https:\/\/faculdade.grancursosonline.com.br\/blog\/wp-json\/wp\/v2\/posts\/79756274\/revisions"}],"predecessor-version":[{"id":79756288,"href":"https:\/\/faculdade.grancursosonline.com.br\/blog\/wp-json\/wp\/v2\/posts\/79756274\/revisions\/79756288"}],"wp:featuredmedia":[{"embeddable":true,"href":"https:\/\/faculdade.grancursosonline.com.br\/blog\/wp-json\/wp\/v2\/media\/79756486"}],"wp:attachment":[{"href":"https:\/\/faculdade.grancursosonline.com.br\/blog\/wp-json\/wp\/v2\/media?parent=79756274"}],"wp:term":[{"taxonomy":"category","embeddable":true,"href":"https:\/\/faculdade.grancursosonline.com.br\/blog\/wp-json\/wp\/v2\/categories?post=79756274"},{"taxonomy":"post_tag","embeddable":true,"href":"https:\/\/faculdade.grancursosonline.com.br\/blog\/wp-json\/wp\/v2\/tags?post=79756274"}],"curies":[{"name":"wp","href":"https:\/\/api.w.org\/{rel}","templated":true}]}}