{"id":79756326,"date":"2025-07-29T18:49:53","date_gmt":"2025-07-29T21:49:53","guid":{"rendered":"https:\/\/faculdade.grancursosonline.com.br\/blog\/?p=79756326"},"modified":"2025-08-01T16:00:57","modified_gmt":"2025-08-01T19:00:57","slug":"pos-graduacao-areas-vagas-brasil","status":"publish","type":"post","link":"https:\/\/faculdade.grancursosonline.com.br\/blog\/pos-graduacao-areas-vagas-brasil\/","title":{"rendered":"P\u00f3s-gradua\u00e7\u00e3o: \u00e1reas com vagas para profissionais no Brasil"},"content":{"rendered":"\n<p>Em um mercado de trabalho cada vez mais seletivo, o diploma de gradua\u00e7\u00e3o tornou-se um ponto de partida, e n\u00e3o a linha de chegada. A busca por conhecimento espec\u00edfico e habilidades aprofundadas \u00e9 o que diferencia um profissional comum de um especialista disputado pelas empresas. <\/p>\n\n\n\n<p>Nesse contexto, a p\u00f3s-gradua\u00e7\u00e3o surge como a principal ferramenta para quem almeja n\u00e3o apenas uma vaga, mas uma carreira s\u00f3lida e com maior potencial de crescimento.<\/p>\n\n\n\n<p>Se voc\u00ea est\u00e1 buscando uma promo\u00e7\u00e3o, uma recoloca\u00e7\u00e3o profissional ou simplesmente deseja se tornar mais competitivo, entender quais s\u00e3o as \u00e1reas de p\u00f3s-gradua\u00e7\u00e3o com mais vagas \u00e9 o primeiro passo para um investimento de tempo e dinheiro com retorno garantido.<\/p>\n\n\n\n<div class=\"wp-block-columns is-layout-flex wp-container-core-columns-is-layout-9d6595d7 wp-block-columns-is-layout-flex\">\n<div class=\"wp-block-column is-layout-flow wp-block-column-is-layout-flow\" style=\"flex-basis:100%\"><div class=\"wp-block-image\">\n<figure class=\"aligncenter size-full\"><a href=\"https:\/\/whatsapp.com\/channel\/0029VaG1sChI7Be7PNndhL43\" target=\"_blank\" rel=\"noopener\"><img decoding=\"async\" src=\"https:\/\/blog-es-static.infra.grancursosonline.com.br\/wp-content\/uploads\/2025\/09\/09112354\/banner-wp-600x142-80.webp\" alt=\"Acesse o canal do WhatsApp da Gran Faculdade\" class=\"wp-image-79751904\"\/><\/a><\/figure>\n<\/div><\/div>\n<\/div>\n\n\n\n<p>Acompanhe o artigo para saber mais ou navegue pelo \u00edndice:<\/p>\n\n\n\n<ul class=\"wp-block-list\">\n<li><a href=\"#demandas\">Quais s\u00e3o as \u00e1reas com maior demanda por profissionais p\u00f3s-graduados no Brasil?<\/a><\/li>\n\n\n\n<li><a href=\"#setores\">Quais setores mais contratam profissionais com p\u00f3s-gradua\u00e7\u00e3o?<\/a><\/li>\n\n\n\n<li><a href=\"#chances\">A p\u00f3s-gradua\u00e7\u00e3o aumenta as chances de conseguir emprego no Brasil?<\/a><\/li>\n\n\n\n<li><a href=\"#areas\">Quais ser\u00e3o as \u00e1reas com mais oportunidades para p\u00f3s-graduados nos pr\u00f3ximos anos?<\/a><\/li>\n\n\n\n<li><a href=\"#escolher\">Como escolher uma p\u00f3s-gradua\u00e7\u00e3o com boas chances de empregabilidade?<\/a><\/li>\n\n\n\n<li><a href=\"#mba\">P\u00f3s-gradua\u00e7\u00e3o ou MBA: qual traz mais oportunidades de emprego?<\/a><\/li>\n\n\n\n<li><a href=\"#vale-a-pena\">Vale a pena fazer p\u00f3s-gradua\u00e7\u00e3o para se recolocar no mercado?<\/a><\/li>\n<\/ul>\n\n\n\n<h2 class=\"wp-block-heading\" id=\"areas\">Quais s\u00e3o as \u00e1reas com maior demanda por profissionais p\u00f3s-graduados no Brasil?<\/h2>\n\n\n\n<p>A din\u00e2mica do mercado de trabalho brasileiro, impulsionada pela transforma\u00e7\u00e3o digital e novas demandas da sociedade, coloca certas \u00e1reas em evid\u00eancia. Profissionais com especializa\u00e7\u00e3o nos seguintes campos encontram um mercado aquecido:<\/p>\n\n\n\n<h3 class=\"wp-block-heading\" id=\"h-tecnologia-da-informacao\">Tecnologia da informa\u00e7\u00e3o: <\/h3>\n\n\n\n<p>A demanda \u00e9 constante e crescente, especialmente em ciberseguran\u00e7a; ci\u00eancia de dados (data science); e intelig\u00eancia artificial. A Associa\u00e7\u00e3o das Empresas de Tecnologia (Brasscom) projeta um d\u00e9ficit de milhares de profissionais na \u00e1rea at\u00e9 2025, tornando a especializa\u00e7\u00e3o um passaporte para a empregabilidade.<\/p>\n\n\n\n<h3 class=\"wp-block-heading\" id=\"h-gestao-e-negocios\">Gest\u00e3o e neg\u00f3cios<\/h3>\n\n\n\n<p>Especializa\u00e7\u00f5es em gest\u00e3o de projetos; finan\u00e7as e controladoria; e lideran\u00e7a (MBAs) s\u00e3o cruciais, pois as empresas precisam de l\u00edderes capazes de navegar em cen\u00e1rios complexos e orientar equipes para resultados.<\/p>\n\n\n\n<h3 class=\"wp-block-heading\" id=\"h-saude-e-bem-estar\">Sa\u00fade e bem-estar<\/h3>\n\n\n\n<p>O envelhecimento da popula\u00e7\u00e3o e uma maior preocupa\u00e7\u00e3o com a qualidade de vida impulsionam a busca por especialistas em psicologia organizacional; gest\u00e3o hospitalar; nutri\u00e7\u00e3o cl\u00ednica; e outras \u00e1reas correlatas;<\/p>\n\n\n\n<h3 class=\"wp-block-heading\" id=\"h-direito-digital-e-compliance\">Direito digital e compliance<\/h3>\n\n\n\n<p>A adequa\u00e7\u00e3o a novas legisla\u00e7\u00f5es, como a lei geral de prote\u00e7\u00e3o de dados (LGPD), criou um novo e vasto campo de trabalho para advogados e outros profissionais especializados em conformidade e direito digital.<\/p>\n\n\n\n<h2 class=\"wp-block-heading\" id=\"setores\">Quais setores mais contratam profissionais com p\u00f3s-gradua\u00e7\u00e3o?<\/h2>\n\n\n\n<p>Alguns setores da economia s\u00e3o tradicionalmente mais intensivos em conhecimento e, por isso, valorizam e contratam mais profissionais com p\u00f3s-gradua\u00e7\u00e3o. Atualmente, os principais s\u00e3o:<\/p>\n\n\n\n<ul class=\"wp-block-list\">\n<li><strong>Setor de tecnologia:<\/strong> startups, fintechs e grandes empresas de software e hardware buscam constantemente especialistas para inovar e se manterem competitivas;<\/li>\n\n\n\n<li><strong>Mercado financeiro:<\/strong> bancos, seguradoras e gestoras de investimentos necessitam de profissionais com alta capacidade anal\u00edtica para \u00e1reas como an\u00e1lise de risco, fus\u00f5es e aquisi\u00e7\u00f5es e compliance;<\/li>\n\n\n\n<li><strong>Setor de sa\u00fade:<\/strong> hospitais, laborat\u00f3rios, cl\u00ednicas e ind\u00fastrias farmac\u00eauticas contratam especialistas tanto para a \u00e1rea t\u00e9cnica quanto para a gest\u00e3o;<\/li>\n\n\n\n<li><strong>Consultoria empresarial:<\/strong> empresas de consultoria em gest\u00e3o, finan\u00e7as e tecnologia absorvem muitos p\u00f3s-graduados para atuarem em projetos estrat\u00e9gicos para outras organiza\u00e7\u00f5es.<\/li>\n<\/ul>\n\n\n\n<h2 class=\"wp-block-heading\" id=\"chances\">A p\u00f3s-gradua\u00e7\u00e3o aumenta as chances de conseguir emprego no Brasil?<\/h2>\n\n\n\n<p>Sim, e os dados confirmam essa percep\u00e7\u00e3o. De acordo com uma pesquisa do instituto Semesp, divulgada com base em dados da pnad cont\u00ednua (IBGE), a taxa de empregabilidade entre os p\u00f3s-graduados \u00e9 significativamente maior. <\/p>\n\n\n\n<p>A especializa\u00e7\u00e3o funciona como um filtro para os recrutadores, que veem no candidato um profissional mais dedicado, atualizado e com maior capacidade de agregar valor \u00e0 empresa. Al\u00e9m do aumento nas chances de contrata\u00e7\u00e3o, a p\u00f3s-gradua\u00e7\u00e3o impacta diretamente na remunera\u00e7\u00e3o, podendo gerar aumentos salariais superiores a 50%, segundo pesquisas do setor.<\/p>\n\n\n\n<h2 class=\"wp-block-heading\" id=\"areas\">Quais ser\u00e3o as \u00e1reas com mais oportunidades para p\u00f3s-graduados nos pr\u00f3ximos anos?<\/h2>\n\n\n\n<p>Olhar para o futuro \u00e9 essencial ao escolher uma especializa\u00e7\u00e3o. As tend\u00eancias apontam para a consolida\u00e7\u00e3o e expans\u00e3o de \u00e1reas que j\u00e1 est\u00e3o em alta, com destaque para:<\/p>\n\n\n\n<ul class=\"wp-block-list\">\n<li><strong>Sustentabilidade e ESG (environmental, social, and governance)<\/strong>: a press\u00e3o por pr\u00e1ticas mais sustent\u00e1veis far\u00e1 com que empresas de todos os portes busquem especialistas em gest\u00e3o ambiental e governan\u00e7a corporativa;<\/li>\n\n\n\n<li><strong>Intelig\u00eancia artificial e automa\u00e7\u00e3o:<\/strong> profissionais que souberem n\u00e3o apenas usar, mas gerenciar e desenvolver projetos com IA ter\u00e3o uma vantagem competitiva imensa;<\/li>\n\n\n\n<li><strong>Educa\u00e7\u00e3o digital:<\/strong> a necessidade de capacita\u00e7\u00e3o cont\u00ednua (lifelong learning) e o avan\u00e7o do ensino a dist\u00e2ncia criam uma forte demanda por especialistas em metodologias ativas, design instrucional e tecnologia educacional.<\/li>\n<\/ul>\n\n\n\n<h2 class=\"wp-block-heading\" id=\"escolher\">Como escolher uma p\u00f3s-gradua\u00e7\u00e3o com boas chances de empregabilidade?<\/h2>\n\n\n\n<p>A escolha estrat\u00e9gica envolve analisar tr\u00eas pilares:<\/p>\n\n\n\n<ul class=\"wp-block-list\">\n<li>Escolha uma \u00e1rea com a qual voc\u00ea tenha afinidade e que potencialize suas habilidades j\u00e1 existentes;<\/li>\n\n\n\n<li>Pesquise sobre as \u00e1reas em alta e as compet\u00eancias mais pedidas pelas empresas em vagas que te interessam;<\/li>\n\n\n\n<li>Opte por uma institui\u00e7\u00e3o com nota m\u00e1xima no MEC e que ofere\u00e7a um modelo de ensino flex\u00edvel, como a Gran Faculdade. <\/li>\n<\/ul>\n\n\n\n<p>Com um ecossistema 100% digital e focado na empregabilidade, o Gran oferece especializa\u00e7\u00f5es alinhadas \u00e0s tend\u00eancias de mercado, com um corpo docente experiente e um custo-benef\u00edcio que democratiza o acesso ao ensino de ponta.<\/p>\n\n\n\n<h2 class=\"wp-block-heading\" id=\"mba\">P\u00f3s-gradua\u00e7\u00e3o ou MBA: qual traz mais oportunidades de emprego?<\/h2>\n\n\n\n<p>Ambos aumentam a empregabilidade, mas para p\u00fablicos e objetivos distintos.<\/p>\n\n\n\n<ul class=\"wp-block-list\">\n<li><strong>Especializa\u00e7\u00e3o<\/strong>: ideal para quem busca se aprofundar em uma \u00e1rea t\u00e9cnica espec\u00edfica e se tornar um especialista no assunto. Gera muitas oportunidades em cargos t\u00e9cnicos, de an\u00e1lise e de consultoria especializada.<\/li>\n\n\n\n<li><strong>MBA<\/strong>: voltado para o desenvolvimento de compet\u00eancias de gest\u00e3o e lideran\u00e7a. \u00c9 a escolha certa para profissionais que j\u00e1 t\u00eam alguma experi\u00eancia e almejam cargos de ger\u00eancia, diretoria ou desejam empreender. As oportunidades est\u00e3o concentradas em posi\u00e7\u00f5es de gest\u00e3o estrat\u00e9gica.<\/li>\n<\/ul>\n\n\n\n<h2 class=\"wp-block-heading\" id=\"vale-a-pena\">Vale a pena fazer p\u00f3s-gradua\u00e7\u00e3o para se recolocar no mercado?<\/h2>\n\n\n\n<p>Sem d\u00favida. Para quem est\u00e1 fora do mercado de trabalho ou busca uma transi\u00e7\u00e3o de carreira, a p\u00f3s-gradua\u00e7\u00e3o \u00e9 uma ferramenta poderosa. Ela sinaliza aos recrutadores que voc\u00ea se manteve ativo e atualizado, al\u00e9m de permitir a aquisi\u00e7\u00e3o de novas compet\u00eancias para atuar em uma \u00e1rea diferente. <\/p>\n\n\n\n<p>Com isso, cursar uma especializa\u00e7\u00e3o tamb\u00e9m reativa e expande seu networking, conectando voc\u00ea a professores e colegas que podem indicar novas oportunidades, tornando o caminho da recoloca\u00e7\u00e3o muito mais eficiente.<\/p>\n\n\n\n<h2 class=\"wp-block-heading\" id=\"conheca\">Conhe\u00e7a os cursos de p\u00f3s-gradua\u00e7\u00e3o do Gran!<\/h2>\n\n\n\n<p>Aqui na <a href=\"https:\/\/faculdade.grancursosonline.com.br\/\" target=\"_blank\" rel=\"noreferrer noopener\">Gran Faculdade<\/a>, os <a href=\"https:\/\/pos.grancursosonline.com.br\/nossos-cursos\" target=\"_blank\" rel=\"noreferrer noopener\">cursos de p\u00f3s-gradua\u00e7\u00e3o EAD<\/a> s\u00e3o especializa\u00e7\u00f5es 100% online que otimizam tamb\u00e9m seus estudos para concursos e podem ser conclu\u00eddos entre 6 e 18 meses.<\/p>\n\n\n\n<p>S\u00e3o mais de 80 op\u00e7\u00f5es de cursos de especializa\u00e7\u00e3o EAD para as \u00e1reas de Gest\u00e3o, Educa\u00e7\u00e3o, Direito, Policial, Tecnologia e Engenharia. Dessa forma, voc\u00ea estuda em uma institui\u00e7\u00e3o reconhecida com nota m\u00e1xima pelo MEC, com mensalidades que cabem no seu bolso, de acordo com seu tempo e rotina!<\/p>\n\n\n\n<p>Confira nossos cursos, fa\u00e7a sua matr\u00edcula e comece hoje mesmo seu curso de <a href=\"https:\/\/blog.grancursosonline.com.br\/pos-ead-como-tirar-duvidas\/\" target=\"_blank\" rel=\"noreferrer noopener\">p\u00f3s EAD<\/a> da Gran Faculdade. Clique na sua \u00e1rea de interesse e encontre a p\u00f3s-gradua\u00e7\u00e3o que voc\u00ea deseja fazer com o Gran:<\/p>\n\n\n\n<ul class=\"wp-block-list\">\n<li><a href=\"https:\/\/pos.grancursosonline.com.br\/nossos-cursos?category=educacao\" target=\"_blank\" rel=\"noreferrer noopener\">Educa\u00e7\u00e3o<\/a><\/li>\n\n\n\n<li><a href=\"https:\/\/pos.grancursosonline.com.br\/nossos-cursos?category=administracao\" target=\"_blank\" rel=\"noreferrer noopener\">Gest\u00e3o<\/a><\/li>\n\n\n\n<li><a href=\"https:\/\/pos.grancursosonline.com.br\/nossos-cursos?category=tecnologia-da-informacao\" target=\"_blank\" rel=\"noreferrer noopener\">Tecnologia<\/a><\/li>\n\n\n\n<li><a href=\"https:\/\/pos.grancursosonline.com.br\/nossos-cursos?category=policial\" target=\"_blank\" rel=\"noreferrer noopener\">Policial<\/a><\/li>\n\n\n\n<li><a href=\"https:\/\/pos.grancursosonline.com.br\/nossos-cursos?category=saude\" target=\"_blank\" rel=\"noreferrer noopener\">Sa\u00fade<\/a><\/li>\n\n\n\n<li><a href=\"https:\/\/pos.grancursosonline.com.br\/nossos-cursos?category=engenharia\" target=\"_blank\" rel=\"noreferrer noopener\">Engenharia<\/a><\/li>\n\n\n\n<li><a href=\"https:\/\/pos.grancursosonline.com.br\/nossos-cursos?category=controle&amp;category=economia&amp;category=fiscal\" target=\"_blank\" rel=\"noreferrer noopener\">Finan\u00e7as<\/a> (Controle e Contabilidade, Economia e Fiscal)<\/li>\n\n\n\n<li><a href=\"https:\/\/pos.grancursosonline.com.br\/nossos-cursos?category=advocacia&amp;category=direito&amp;category=magistratura\" target=\"_blank\" rel=\"noreferrer noopener\">Jur\u00eddicas<\/a> (Direito, Advocacia e Magistratura)<\/li>\n<\/ul>\n\n\n\n<h2 class=\"wp-block-heading\" id=\"h-vem-pra-gran-faculdade\">Vem pra Gran Faculdade!<\/h2>\n\n\n\n<p>A Gran Faculdade vem mudando a vida de milhares de pessoas por meio de cursos \u00e0 dist\u00e2ncia de <a href=\"https:\/\/faculdade.grancursosonline.com.br\/\" target=\"_blank\" rel=\"noreferrer noopener\">gradua\u00e7\u00e3o<\/a>, <a href=\"https:\/\/pos.grancursosonline.com.br\/\" target=\"_blank\" rel=\"noreferrer noopener\">p\u00f3s-gradua\u00e7\u00e3o<\/a> e <a href=\"https:\/\/pos.grancursosonline.com.br\/mba\" target=\"_blank\" rel=\"noreferrer noopener\">MBA<\/a>. Seja no digital ou em nosso <a href=\"https:\/\/presencial.grancursosonline.com.br\/\" target=\"_blank\" rel=\"noreferrer noopener\">Campus Presencial em Curitiba<\/a>, a nossa miss\u00e3o \u00e9 transformar a educa\u00e7\u00e3o superior.<\/p>\n\n\n\n<p>Como parte de Sistema Gran de Ensino, que \u00e9 reconhecido como marca aprovadora h\u00e1 mais de 10 anos, constru\u00edmos uma renomada reputa\u00e7\u00e3o na \u00e1rea de educa\u00e7\u00e3o.<\/p>\n\n\n\n<p>Veja algumas de nossas conquistas:<\/p>\n\n\n\n<ul class=\"wp-block-list\">\n<li>Reconhecido pela Amazon como um dos projetos mais relevantes do mundo na \u00e1rea de Tecnologia e Educa\u00e7\u00e3o;<\/li>\n\n\n\n<li>Foi eleito pelo Project Management Institute (PMI), um dos 50 Projetos Mais Influentes do mundo;<\/li>\n\n\n\n<li>Somos o site de educa\u00e7\u00e3o mais acessado do Brasil;<\/li>\n\n\n\n<li>Somos avaliados com a nota m\u00e1xima pelo MEC;<\/li>\n\n\n\n<li>Aqui o semestre come\u00e7a quando quiser: entrada imediata e cont\u00ednua!<\/li>\n\n\n\n<li>Melhores pre\u00e7os do mercado;<\/li>\n\n\n\n<li>Mais de 500 mil alunos pagantes e mais de 1000 funcion\u00e1rios;<\/li>\n\n\n\n<li>Diversas ferramentas de estudo: PDFs, audiobooks, mapas mentais, videoaulas, quest\u00f5es, gerenciador de estudos e muito mais!<\/li>\n\n\n\n<li>Professores experientes e capacitados;<\/li>\n\n\n\n<li>Acesso imediato e 100% online.<\/li>\n<\/ul>\n\n\n\n<p class=\"has-text-align-center has-text-align-center\"><strong><a href=\"https:\/\/faculdade.grancursosonline.com.br\/\" target=\"_blank\" rel=\"noreferrer noopener\">Quero ser aluno da Gran Faculdade!<\/a><\/strong><\/p>\n\n\n\n<div class=\"wp-block-group has-background\" style=\"background-color:#8dd2fc7a\"><div class=\"wp-block-group__inner-container is-layout-constrained wp-block-group-is-layout-constrained\">\n<p><strong>Outras not\u00edcias em destaque:<\/strong><\/p>\n\n\n\n<ul class=\"wp-block-list\">\n<li><a href=\"https:\/\/faculdade.grancursosonline.com.br\/blog\/pos-para-autonomos\/\" target=\"_blank\" rel=\"noreferrer noopener\">P\u00f3s para aut\u00f4nomos: quais as op\u00e7\u00f5es e como escolher uma?<\/a><\/li>\n\n\n\n<li><a href=\"https:\/\/faculdade.grancursosonline.com.br\/blog\/certificacoes-ou-pos-graduacao\/\" target=\"_blank\" rel=\"noreferrer noopener\">Certifica\u00e7\u00f5es ou p\u00f3s-gradua\u00e7\u00e3o: qual desenvolve a carreira?<\/a><\/li>\n\n\n\n<li><a href=\"https:\/\/faculdade.grancursosonline.com.br\/blog\/considerar-antes-matricular-pos-graduacao\/\" target=\"_blank\" rel=\"noreferrer noopener\">O que considerar antes de se matricular em uma p\u00f3s-gradua\u00e7\u00e3o?<\/a><\/li>\n<\/ul>\n<\/div><\/div>\n\n\n\n<div class=\"wp-block-group\"><div class=\"wp-block-group__inner-container is-layout-constrained wp-block-group-is-layout-constrained\">\n<div class=\"wp-block-group\"><div class=\"wp-block-group__inner-container is-layout-constrained wp-block-group-is-layout-constrained\">\n<section style=\"text-align: center;\">\n<p>Quer ficar por dentro da Faculdade Digital mais inovadora do Brasil?<\/p>\n<nav>\n<p class=\"has-background has-dark-bluish-background-color\" style=\"font-size: 25px; text-align: center; background: #f0f0f0; color: #ffffff; padding: 4px 0px 4xp 0px;\"><a style=\"color: #0d134c; text-decoration: underline;\" href=\"https:\/\/faculdade.grancursosonline.com.br\/\" target=\"_blank\" rel=\"noopener\">GRADUA\u00c7\u00c3O<\/a><\/p>\n<p class=\"has-background has-dark-bluish-background-color\" style=\"font-size: 25px; text-align: center; background: #f0f0f0; color: #ffffff; padding: 4px 0px 4xp 0px;\"><a style=\"color: #0d134c; text-decoration: underline;\" href=\"https:\/\/pos.grancursosonline.com.br\/\" target=\"_blank\" rel=\"noopener\">P\u00d3S-GRADUA\u00c7\u00c3O<\/a><\/p>\n<p class=\"has-background has-dark-bluish-background-color\" style=\"font-size: 25px; text-align: center; background: #f0f0f0; color: #ffffff; padding: 4px 0px 4xp 0px;\"><a style=\"color: #0d134c; text-decoration: underline;\" href=\"https:\/\/faculdade.grancursosonline.com.br\/nossos-cursos\/\" target=\"_blank\" rel=\"noopener\">TUDO SOBRE A GRAN FACULDADE<\/a><\/p>\n<\/nav>\n<p><strong>Receba <span style=\"color: #cf1e25;\">gratuitamente<\/span> no seu celular as principais not\u00edcias sobre a Gran Faculdade! <br \/>Clique no link abaixo e inscreva-se:<\/strong><\/p>\n<p class=\"has-background has-dark-bluish-background-color\" style=\"font-size: 25px; text-align: center; background: #f0f0f0; color: #ffffff; padding: 4px 0px 4xp 0px;\"><a style=\"color: #0d134c; text-decoration: underline;\" href=\"https:\/\/whatsapp.com\/channel\/0029VaG1sChI7Be7PNndhL43\" target=\"_blank\" rel=\"noopener noreferrer\">WHATSAPP<\/a><\/p>\n<p class=\"has-background has-dark-bluish-background-color\" style=\"font-size: 25px; text-align: center; background: #f0f0f0; color: #ffffff; padding: 4px 0px 4xp 0px;\"><a style=\"color: #0d134c; text-decoration: underline;\" href=\"https:\/\/t.me\/GranFaculdade\" target=\"_blank\" rel=\"noopener noreferrer\">TELEGRAM<\/a><\/p>\n<\/section>\n<\/div><\/div>\n<\/div><\/div>\n","protected":false},"excerpt":{"rendered":"<p>Em um mercado de trabalho cada vez mais seletivo, o diploma de gradua\u00e7\u00e3o tornou-se um ponto de partida, e n\u00e3o a linha de chegada. A busca por conhecimento espec\u00edfico e habilidades aprofundadas \u00e9 o que diferencia um profissional comum de um especialista disputado pelas empresas. Nesse contexto, a p\u00f3s-gradua\u00e7\u00e3o surge como a principal ferramenta para&hellip;<\/p>\n","protected":false},"author":486,"featured_media":79756491,"comment_status":"open","ping_status":"open","sticky":false,"template":"","format":"standard","meta":{"_acf_changed":false,"content-type":"","footnotes":""},"categories":[209229,2],"tags":[],"class_list":["post-79756326","post","type-post","status-publish","format-standard","has-post-thumbnail","hentry","category-pos-graduacao","category-ultimas-noticias"],"acf":[],"yoast_head":"<!-- This site is optimized with the Yoast SEO Premium plugin v27.2 (Yoast SEO v27.2) - https:\/\/yoast.com\/product\/yoast-seo-premium-wordpress\/ -->\n<title>P\u00f3s-gradua\u00e7\u00e3o: \u00e1reas com vagas para profissionais no Brasil<\/title>\n<meta name=\"description\" content=\"Descubra quais \u00e1reas de p\u00f3s-gradua\u00e7\u00e3o est\u00e3o em alta no Brasil, os setores que mais contratam e como aumentar sua empregabilidade\" \/>\n<meta name=\"robots\" content=\"index, follow, max-snippet:-1, max-image-preview:large, max-video-preview:-1\" \/>\n<link rel=\"canonical\" href=\"https:\/\/faculdade.grancursosonline.com.br\/blog\/pos-graduacao-areas-vagas-brasil\/\" \/>\n<meta property=\"og:locale\" content=\"pt_BR\" \/>\n<meta property=\"og:type\" content=\"article\" \/>\n<meta property=\"og:title\" content=\"P\u00f3s-gradua\u00e7\u00e3o: \u00e1reas com vagas para profissionais no Brasil\" \/>\n<meta property=\"og:description\" content=\"Descubra quais \u00e1reas de p\u00f3s-gradua\u00e7\u00e3o est\u00e3o em alta no Brasil, os setores que mais contratam e como aumentar sua empregabilidade\" \/>\n<meta property=\"og:url\" content=\"https:\/\/faculdade.grancursosonline.com.br\/blog\/pos-graduacao-areas-vagas-brasil\/\" \/>\n<meta property=\"og:site_name\" content=\"Blog Gran Faculdade\" \/>\n<meta property=\"article:publisher\" content=\"https:\/\/www.facebook.com\/grancursosonline\/\" \/>\n<meta property=\"article:published_time\" content=\"2025-07-29T21:49:53+00:00\" \/>\n<meta property=\"article:modified_time\" content=\"2025-08-01T19:00:57+00:00\" \/>\n<meta property=\"og:image\" content=\"https:\/\/blog-es-static.infra.grancursosonline.com.br\/wp-content\/uploads\/2025\/07\/01155817\/pos-graduacao-areas-vagas-brasil-social.webp\" \/>\n\t<meta property=\"og:image:width\" content=\"511\" \/>\n\t<meta property=\"og:image:height\" content=\"311\" \/>\n\t<meta property=\"og:image:type\" content=\"image\/webp\" \/>\n<meta name=\"author\" content=\"Equipe Gran\" \/>\n<meta name=\"twitter:card\" content=\"summary_large_image\" \/>\n<meta name=\"twitter:creator\" content=\"@gran_online\" \/>\n<meta name=\"twitter:site\" content=\"@gran_online\" \/>\n<meta name=\"twitter:label1\" content=\"Written by\" \/>\n\t<meta name=\"twitter:data1\" content=\"Equipe Gran\" \/>\n\t<meta name=\"twitter:label2\" content=\"Est. reading time\" \/>\n\t<meta name=\"twitter:data2\" content=\"29 minutos\" \/>\n<script type=\"application\/ld+json\" class=\"yoast-schema-graph\">{\"@context\":\"https:\/\/schema.org\",\"@graph\":[{\"@type\":\"NewsArticle\",\"@id\":\"https:\/\/faculdade.grancursosonline.com.br\/blog\/pos-graduacao-areas-vagas-brasil\/#article\",\"isPartOf\":{\"@id\":\"https:\/\/faculdade.grancursosonline.com.br\/blog\/pos-graduacao-areas-vagas-brasil\/\"},\"author\":{\"name\":\"Equipe Gran\",\"@id\":\"https:\/\/faculdade.grancursosonline.com.br\/blog\/#\/schema\/person\/c05f350f8ea43a7138aaffc6a87bc5e0\"},\"headline\":\"P\u00f3s-gradua\u00e7\u00e3o: \u00e1reas com vagas para profissionais no Brasil\",\"datePublished\":\"2025-07-29T21:49:53+00:00\",\"dateModified\":\"2025-08-01T19:00:57+00:00\",\"mainEntityOfPage\":{\"@id\":\"https:\/\/faculdade.grancursosonline.com.br\/blog\/pos-graduacao-areas-vagas-brasil\/\"},\"wordCount\":1192,\"commentCount\":0,\"publisher\":{\"@id\":\"https:\/\/faculdade.grancursosonline.com.br\/blog\/#organization\"},\"image\":{\"@id\":\"https:\/\/faculdade.grancursosonline.com.br\/blog\/pos-graduacao-areas-vagas-brasil\/#primaryimage\"},\"thumbnailUrl\":\"https:\/\/blog-es-static.infra.grancursosonline.com.br\/wp-content\/uploads\/2025\/07\/01155821\/pos-graduacao-areas-vagas-brasil.webp\",\"articleSection\":[\"P\u00f3s-Gradua\u00e7\u00e3o Gran Faculdade\",\"\u00daltimas Not\u00edcias\"],\"inLanguage\":\"pt-BR\",\"potentialAction\":[{\"@type\":\"CommentAction\",\"name\":\"Comment\",\"target\":[\"https:\/\/faculdade.grancursosonline.com.br\/blog\/pos-graduacao-areas-vagas-brasil\/#respond\"]}],\"copyrightYear\":\"2025\",\"copyrightHolder\":{\"@id\":\"https:\/\/faculdade.grancursosonline.com.br\/blog\/#organization\"}},{\"@type\":\"WebPage\",\"@id\":\"https:\/\/faculdade.grancursosonline.com.br\/blog\/pos-graduacao-areas-vagas-brasil\/\",\"url\":\"https:\/\/faculdade.grancursosonline.com.br\/blog\/pos-graduacao-areas-vagas-brasil\/\",\"name\":\"P\u00f3s-gradua\u00e7\u00e3o: \u00e1reas com vagas para profissionais no Brasil\",\"isPartOf\":{\"@id\":\"https:\/\/faculdade.grancursosonline.com.br\/blog\/#website\"},\"primaryImageOfPage\":{\"@id\":\"https:\/\/faculdade.grancursosonline.com.br\/blog\/pos-graduacao-areas-vagas-brasil\/#primaryimage\"},\"image\":{\"@id\":\"https:\/\/faculdade.grancursosonline.com.br\/blog\/pos-graduacao-areas-vagas-brasil\/#primaryimage\"},\"thumbnailUrl\":\"https:\/\/blog-es-static.infra.grancursosonline.com.br\/wp-content\/uploads\/2025\/07\/01155821\/pos-graduacao-areas-vagas-brasil.webp\",\"datePublished\":\"2025-07-29T21:49:53+00:00\",\"dateModified\":\"2025-08-01T19:00:57+00:00\",\"description\":\"Descubra quais \u00e1reas de p\u00f3s-gradua\u00e7\u00e3o est\u00e3o em alta no Brasil, os setores que mais contratam e como aumentar sua empregabilidade\",\"breadcrumb\":{\"@id\":\"https:\/\/faculdade.grancursosonline.com.br\/blog\/pos-graduacao-areas-vagas-brasil\/#breadcrumb\"},\"inLanguage\":\"pt-BR\",\"potentialAction\":[{\"@type\":\"ReadAction\",\"target\":[\"https:\/\/faculdade.grancursosonline.com.br\/blog\/pos-graduacao-areas-vagas-brasil\/\"]}]},{\"@type\":\"ImageObject\",\"inLanguage\":\"pt-BR\",\"@id\":\"https:\/\/faculdade.grancursosonline.com.br\/blog\/pos-graduacao-areas-vagas-brasil\/#primaryimage\",\"url\":\"https:\/\/blog-es-static.infra.grancursosonline.com.br\/wp-content\/uploads\/2025\/07\/01155821\/pos-graduacao-areas-vagas-brasil.webp\",\"contentUrl\":\"https:\/\/blog-es-static.infra.grancursosonline.com.br\/wp-content\/uploads\/2025\/07\/01155821\/pos-graduacao-areas-vagas-brasil.webp\",\"width\":1001,\"height\":601,\"caption\":\"P\u00f3s-gradua\u00e7\u00e3o: \u00e1reas com vagas para profissionais no Brasil\"},{\"@type\":\"BreadcrumbList\",\"@id\":\"https:\/\/faculdade.grancursosonline.com.br\/blog\/pos-graduacao-areas-vagas-brasil\/#breadcrumb\",\"itemListElement\":[{\"@type\":\"ListItem\",\"position\":1,\"name\":\"In\u00edcio\",\"item\":\"https:\/\/faculdade.grancursosonline.com.br\/blog\/\"},{\"@type\":\"ListItem\",\"position\":2,\"name\":\"P\u00f3s-Gradua\u00e7\u00e3o Gran Faculdade\",\"item\":\"https:\/\/faculdade.grancursosonline.com.br\/blog\/pos-graduacao\/\"},{\"@type\":\"ListItem\",\"position\":3,\"name\":\"P\u00f3s-gradua\u00e7\u00e3o: \u00e1reas com vagas para profissionais no Brasil\"}]},{\"@type\":\"WebSite\",\"@id\":\"https:\/\/faculdade.grancursosonline.com.br\/blog\/#website\",\"url\":\"https:\/\/faculdade.grancursosonline.com.br\/blog\/\",\"name\":\"Blog Gran Faculdade\",\"description\":\"Tudo sobre ensino superior, p\u00f3s-gradua\u00e7\u00e3o, enem e carreira.\",\"publisher\":{\"@id\":\"https:\/\/faculdade.grancursosonline.com.br\/blog\/#organization\"},\"potentialAction\":[{\"@type\":\"SearchAction\",\"target\":{\"@type\":\"EntryPoint\",\"urlTemplate\":\"https:\/\/faculdade.grancursosonline.com.br\/blog\/?s={search_term_string}\"},\"query-input\":{\"@type\":\"PropertyValueSpecification\",\"valueRequired\":true,\"valueName\":\"search_term_string\"}}],\"inLanguage\":\"pt-BR\"},{\"@type\":\"Organization\",\"@id\":\"https:\/\/faculdade.grancursosonline.com.br\/blog\/#organization\",\"name\":\"Gran Cursos Online\",\"url\":\"https:\/\/faculdade.grancursosonline.com.br\/blog\/\",\"logo\":{\"@type\":\"ImageObject\",\"inLanguage\":\"pt-BR\",\"@id\":\"https:\/\/faculdade.grancursosonline.com.br\/blog\/#\/schema\/logo\/image\/\",\"url\":\"https:\/\/blog-es-static.infra.grancursosonline.com.br\/wp-content\/uploads\/2019\/08\/03123934\/logo.png\",\"contentUrl\":\"https:\/\/blog-es-static.infra.grancursosonline.com.br\/wp-content\/uploads\/2019\/08\/03123934\/logo.png\",\"width\":300,\"height\":57,\"caption\":\"Gran Cursos Online\"},\"image\":{\"@id\":\"https:\/\/faculdade.grancursosonline.com.br\/blog\/#\/schema\/logo\/image\/\"},\"sameAs\":[\"https:\/\/www.facebook.com\/grancursosonline\/\",\"https:\/\/x.com\/gran_online\",\"https:\/\/www.instagram.com\/grancursosonline\/\",\"https:\/\/www.youtube.com\/user\/grancursostv\"]},{\"@type\":\"Person\",\"@id\":\"https:\/\/faculdade.grancursosonline.com.br\/blog\/#\/schema\/person\/c05f350f8ea43a7138aaffc6a87bc5e0\",\"name\":\"Equipe Gran\",\"sameAs\":[\"http:\/\/www.grancursosonline.com.br\"],\"url\":\"https:\/\/faculdade.grancursosonline.com.br\/blog\/author\/hugo-oliveira\/\"}]}<\/script>\n<!-- \/ Yoast SEO Premium plugin. -->","yoast_head_json":{"title":"P\u00f3s-gradua\u00e7\u00e3o: \u00e1reas com vagas para profissionais no Brasil","description":"Descubra quais \u00e1reas de p\u00f3s-gradua\u00e7\u00e3o est\u00e3o em alta no Brasil, os setores que mais contratam e como aumentar sua empregabilidade","robots":{"index":"index","follow":"follow","max-snippet":"max-snippet:-1","max-image-preview":"max-image-preview:large","max-video-preview":"max-video-preview:-1"},"canonical":"https:\/\/faculdade.grancursosonline.com.br\/blog\/pos-graduacao-areas-vagas-brasil\/","og_locale":"pt_BR","og_type":"article","og_title":"P\u00f3s-gradua\u00e7\u00e3o: \u00e1reas com vagas para profissionais no Brasil","og_description":"Descubra quais \u00e1reas de p\u00f3s-gradua\u00e7\u00e3o est\u00e3o em alta no Brasil, os setores que mais contratam e como aumentar sua empregabilidade","og_url":"https:\/\/faculdade.grancursosonline.com.br\/blog\/pos-graduacao-areas-vagas-brasil\/","og_site_name":"Blog Gran Faculdade","article_publisher":"https:\/\/www.facebook.com\/grancursosonline\/","article_published_time":"2025-07-29T21:49:53+00:00","article_modified_time":"2025-08-01T19:00:57+00:00","og_image":[{"width":511,"height":311,"url":"https:\/\/blog-es-static.infra.grancursosonline.com.br\/wp-content\/uploads\/2025\/07\/01155817\/pos-graduacao-areas-vagas-brasil-social.webp","type":"image\/webp"}],"author":"Equipe Gran","twitter_card":"summary_large_image","twitter_creator":"@gran_online","twitter_site":"@gran_online","twitter_misc":{"Written by":"Equipe Gran","Est. reading time":"29 minutos"},"schema":{"@context":"https:\/\/schema.org","@graph":[{"@type":"NewsArticle","@id":"https:\/\/faculdade.grancursosonline.com.br\/blog\/pos-graduacao-areas-vagas-brasil\/#article","isPartOf":{"@id":"https:\/\/faculdade.grancursosonline.com.br\/blog\/pos-graduacao-areas-vagas-brasil\/"},"author":{"name":"Equipe Gran","@id":"https:\/\/faculdade.grancursosonline.com.br\/blog\/#\/schema\/person\/c05f350f8ea43a7138aaffc6a87bc5e0"},"headline":"P\u00f3s-gradua\u00e7\u00e3o: \u00e1reas com vagas para profissionais no Brasil","datePublished":"2025-07-29T21:49:53+00:00","dateModified":"2025-08-01T19:00:57+00:00","mainEntityOfPage":{"@id":"https:\/\/faculdade.grancursosonline.com.br\/blog\/pos-graduacao-areas-vagas-brasil\/"},"wordCount":1192,"commentCount":0,"publisher":{"@id":"https:\/\/faculdade.grancursosonline.com.br\/blog\/#organization"},"image":{"@id":"https:\/\/faculdade.grancursosonline.com.br\/blog\/pos-graduacao-areas-vagas-brasil\/#primaryimage"},"thumbnailUrl":"https:\/\/blog-es-static.infra.grancursosonline.com.br\/wp-content\/uploads\/2025\/07\/01155821\/pos-graduacao-areas-vagas-brasil.webp","articleSection":["P\u00f3s-Gradua\u00e7\u00e3o Gran Faculdade","\u00daltimas Not\u00edcias"],"inLanguage":"pt-BR","potentialAction":[{"@type":"CommentAction","name":"Comment","target":["https:\/\/faculdade.grancursosonline.com.br\/blog\/pos-graduacao-areas-vagas-brasil\/#respond"]}],"copyrightYear":"2025","copyrightHolder":{"@id":"https:\/\/faculdade.grancursosonline.com.br\/blog\/#organization"}},{"@type":"WebPage","@id":"https:\/\/faculdade.grancursosonline.com.br\/blog\/pos-graduacao-areas-vagas-brasil\/","url":"https:\/\/faculdade.grancursosonline.com.br\/blog\/pos-graduacao-areas-vagas-brasil\/","name":"P\u00f3s-gradua\u00e7\u00e3o: \u00e1reas com vagas para profissionais no Brasil","isPartOf":{"@id":"https:\/\/faculdade.grancursosonline.com.br\/blog\/#website"},"primaryImageOfPage":{"@id":"https:\/\/faculdade.grancursosonline.com.br\/blog\/pos-graduacao-areas-vagas-brasil\/#primaryimage"},"image":{"@id":"https:\/\/faculdade.grancursosonline.com.br\/blog\/pos-graduacao-areas-vagas-brasil\/#primaryimage"},"thumbnailUrl":"https:\/\/blog-es-static.infra.grancursosonline.com.br\/wp-content\/uploads\/2025\/07\/01155821\/pos-graduacao-areas-vagas-brasil.webp","datePublished":"2025-07-29T21:49:53+00:00","dateModified":"2025-08-01T19:00:57+00:00","description":"Descubra quais \u00e1reas de p\u00f3s-gradua\u00e7\u00e3o est\u00e3o em alta no Brasil, os setores que mais contratam e como aumentar sua empregabilidade","breadcrumb":{"@id":"https:\/\/faculdade.grancursosonline.com.br\/blog\/pos-graduacao-areas-vagas-brasil\/#breadcrumb"},"inLanguage":"pt-BR","potentialAction":[{"@type":"ReadAction","target":["https:\/\/faculdade.grancursosonline.com.br\/blog\/pos-graduacao-areas-vagas-brasil\/"]}]},{"@type":"ImageObject","inLanguage":"pt-BR","@id":"https:\/\/faculdade.grancursosonline.com.br\/blog\/pos-graduacao-areas-vagas-brasil\/#primaryimage","url":"https:\/\/blog-es-static.infra.grancursosonline.com.br\/wp-content\/uploads\/2025\/07\/01155821\/pos-graduacao-areas-vagas-brasil.webp","contentUrl":"https:\/\/blog-es-static.infra.grancursosonline.com.br\/wp-content\/uploads\/2025\/07\/01155821\/pos-graduacao-areas-vagas-brasil.webp","width":1001,"height":601,"caption":"P\u00f3s-gradua\u00e7\u00e3o: \u00e1reas com vagas para profissionais no Brasil"},{"@type":"BreadcrumbList","@id":"https:\/\/faculdade.grancursosonline.com.br\/blog\/pos-graduacao-areas-vagas-brasil\/#breadcrumb","itemListElement":[{"@type":"ListItem","position":1,"name":"In\u00edcio","item":"https:\/\/faculdade.grancursosonline.com.br\/blog\/"},{"@type":"ListItem","position":2,"name":"P\u00f3s-Gradua\u00e7\u00e3o Gran Faculdade","item":"https:\/\/faculdade.grancursosonline.com.br\/blog\/pos-graduacao\/"},{"@type":"ListItem","position":3,"name":"P\u00f3s-gradua\u00e7\u00e3o: \u00e1reas com vagas para profissionais no Brasil"}]},{"@type":"WebSite","@id":"https:\/\/faculdade.grancursosonline.com.br\/blog\/#website","url":"https:\/\/faculdade.grancursosonline.com.br\/blog\/","name":"Blog Gran Faculdade","description":"Tudo sobre ensino superior, p\u00f3s-gradua\u00e7\u00e3o, enem e carreira.","publisher":{"@id":"https:\/\/faculdade.grancursosonline.com.br\/blog\/#organization"},"potentialAction":[{"@type":"SearchAction","target":{"@type":"EntryPoint","urlTemplate":"https:\/\/faculdade.grancursosonline.com.br\/blog\/?s={search_term_string}"},"query-input":{"@type":"PropertyValueSpecification","valueRequired":true,"valueName":"search_term_string"}}],"inLanguage":"pt-BR"},{"@type":"Organization","@id":"https:\/\/faculdade.grancursosonline.com.br\/blog\/#organization","name":"Gran Cursos Online","url":"https:\/\/faculdade.grancursosonline.com.br\/blog\/","logo":{"@type":"ImageObject","inLanguage":"pt-BR","@id":"https:\/\/faculdade.grancursosonline.com.br\/blog\/#\/schema\/logo\/image\/","url":"https:\/\/blog-es-static.infra.grancursosonline.com.br\/wp-content\/uploads\/2019\/08\/03123934\/logo.png","contentUrl":"https:\/\/blog-es-static.infra.grancursosonline.com.br\/wp-content\/uploads\/2019\/08\/03123934\/logo.png","width":300,"height":57,"caption":"Gran Cursos Online"},"image":{"@id":"https:\/\/faculdade.grancursosonline.com.br\/blog\/#\/schema\/logo\/image\/"},"sameAs":["https:\/\/www.facebook.com\/grancursosonline\/","https:\/\/x.com\/gran_online","https:\/\/www.instagram.com\/grancursosonline\/","https:\/\/www.youtube.com\/user\/grancursostv"]},{"@type":"Person","@id":"https:\/\/faculdade.grancursosonline.com.br\/blog\/#\/schema\/person\/c05f350f8ea43a7138aaffc6a87bc5e0","name":"Equipe Gran","sameAs":["http:\/\/www.grancursosonline.com.br"],"url":"https:\/\/faculdade.grancursosonline.com.br\/blog\/author\/hugo-oliveira\/"}]}},"_links":{"self":[{"href":"https:\/\/faculdade.grancursosonline.com.br\/blog\/wp-json\/wp\/v2\/posts\/79756326","targetHints":{"allow":["GET"]}}],"collection":[{"href":"https:\/\/faculdade.grancursosonline.com.br\/blog\/wp-json\/wp\/v2\/posts"}],"about":[{"href":"https:\/\/faculdade.grancursosonline.com.br\/blog\/wp-json\/wp\/v2\/types\/post"}],"author":[{"embeddable":true,"href":"https:\/\/faculdade.grancursosonline.com.br\/blog\/wp-json\/wp\/v2\/users\/486"}],"replies":[{"embeddable":true,"href":"https:\/\/faculdade.grancursosonline.com.br\/blog\/wp-json\/wp\/v2\/comments?post=79756326"}],"version-history":[{"count":4,"href":"https:\/\/faculdade.grancursosonline.com.br\/blog\/wp-json\/wp\/v2\/posts\/79756326\/revisions"}],"predecessor-version":[{"id":79756362,"href":"https:\/\/faculdade.grancursosonline.com.br\/blog\/wp-json\/wp\/v2\/posts\/79756326\/revisions\/79756362"}],"wp:featuredmedia":[{"embeddable":true,"href":"https:\/\/faculdade.grancursosonline.com.br\/blog\/wp-json\/wp\/v2\/media\/79756491"}],"wp:attachment":[{"href":"https:\/\/faculdade.grancursosonline.com.br\/blog\/wp-json\/wp\/v2\/media?parent=79756326"}],"wp:term":[{"taxonomy":"category","embeddable":true,"href":"https:\/\/faculdade.grancursosonline.com.br\/blog\/wp-json\/wp\/v2\/categories?post=79756326"},{"taxonomy":"post_tag","embeddable":true,"href":"https:\/\/faculdade.grancursosonline.com.br\/blog\/wp-json\/wp\/v2\/tags?post=79756326"}],"curies":[{"name":"wp","href":"https:\/\/api.w.org\/{rel}","templated":true}]}}