{"id":79756761,"date":"2025-08-13T12:57:01","date_gmt":"2025-08-13T15:57:01","guid":{"rendered":"https:\/\/faculdade.grancursosonline.com.br\/blog\/?p=79756761"},"modified":"2025-08-13T12:58:02","modified_gmt":"2025-08-13T15:58:02","slug":"o-futuro-do-trabalho","status":"publish","type":"post","link":"https:\/\/faculdade.grancursosonline.com.br\/blog\/o-futuro-do-trabalho\/","title":{"rendered":"O Futuro do Trabalho: quais profiss\u00f5es v\u00e3o crescer nos pr\u00f3ximos anos?"},"content":{"rendered":"\n<p>O mundo est\u00e1 mudando a cada momento, e com ele, o mercado de trabalho tamb\u00e9m se transforma a cada dia. Pensar sobre o futuro do trabalho n\u00e3o \u00e9 mais um exerc\u00edcio para o futuro, mas uma necessidade para quem quer construir uma carreira s\u00f3lida e relevante hoje.<\/p>\n\n\n\n<p>Diante de tanta inova\u00e7\u00e3o, especialmente com o avan\u00e7o da intelig\u00eancia artificial, a grande d\u00favida \u00e9: quais profiss\u00f5es v\u00e3o crescer e continuar em alta nos pr\u00f3ximos anos? Vamos explorar as \u00e1reas mais promissoras que devem ditar o ritmo do mercado e oferecer as melhores oportunidades.<\/p>\n\n\n\n<p>Para saber mais, acompanhe o conte\u00fado na \u00edntegra, ou navegue pelo \u00edndice se preferir:<\/p>\n\n\n\n<ul class=\"wp-block-list\">\n<li><a href=\"#h-quais-profissoes-serao-mais-valorizadas-com-o-avanco-da-inteligencia-artificial\">Quais profiss\u00f5es ser\u00e3o mais valorizadas com o avan\u00e7o da Intelig\u00eancia Artificial?<\/a><\/li>\n\n\n\n<li><a href=\"#h-quais-as-areas-de-tecnologia-com-maior-crescimento-de-vagas-no-futuro\">Quais as \u00e1reas de tecnologia com maior crescimento de vagas no futuro?<\/a><\/li>\n\n\n\n<li><a href=\"#h-as-profissoes-ligadas-a-sustentabilidade-terao-mais-oportunidades\">As profiss\u00f5es ligadas \u00e0 sustentabilidade ter\u00e3o mais oportunidades?<\/a><\/li>\n\n\n\n<li><a href=\"#h-quais-habilidades-serao-mais-importantes-para-o-futuro-do-trabalho\">Quais habilidades ser\u00e3o mais importantes para o futuro do trabalho?<\/a><\/li>\n\n\n\n<li><a href=\"#h-profissoes-da-area-da-saude-vao-continuar-em-alta-no-futuro\">Profiss\u00f5es da \u00e1rea da sa\u00fade v\u00e3o continuar em alta no futuro?<\/a><\/li>\n\n\n\n<li><a href=\"#h-como-se-preparar-para-as-profissoes-do-futuro\">Como se preparar para as profiss\u00f5es do futuro?<\/a><\/li>\n<\/ul>\n\n\n\n<div class=\"wp-block-columns is-layout-flex wp-container-core-columns-is-layout-9d6595d7 wp-block-columns-is-layout-flex\">\n<div class=\"wp-block-column is-layout-flow wp-block-column-is-layout-flow\" style=\"flex-basis:100%\"><div class=\"wp-block-image\">\n<figure class=\"aligncenter size-full\"><a href=\"https:\/\/whatsapp.com\/channel\/0029VaG1sChI7Be7PNndhL43\" target=\"_blank\" rel=\"noopener\"><img decoding=\"async\" src=\"https:\/\/blog-es-static.infra.grancursosonline.com.br\/wp-content\/uploads\/2025\/09\/09112354\/banner-wp-600x142-80.webp\" alt=\"Acesse o canal do WhatsApp da Gran Faculdade\" class=\"wp-image-79751904\"\/><\/a><\/figure>\n<\/div><\/div>\n<\/div>\n\n\n\n<h2 class=\"wp-block-heading\" id=\"h-quais-profissoes-serao-mais-valorizadas-com-o-avanco-da-inteligencia-artificial\"><strong>Quais profiss\u00f5es ser\u00e3o mais valorizadas com o avan\u00e7o da Intelig\u00eancia Artificial?<\/strong><br><\/h2>\n\n\n\n<p>Muitas pessoas temem que a <a href=\"https:\/\/faculdade.grancursosonline.com.br\/curso\/inteligencia-artificial\/\" target=\"_blank\" rel=\"noreferrer noopener\">Intelig\u00eancia Artificial (IA)<\/a> v\u00e1 roubar empregos, mas a verdade \u00e9 que a ferramenta vai criar novas fun\u00e7\u00f5es e valorizar outras. No futuro do trabalho, as profiss\u00f5es que souberem usar a IA como uma aliada ser\u00e3o as mais valorizadas.<\/p>\n\n\n\n<p>As principais s\u00e3o:<\/p>\n\n\n\n<ul class=\"wp-block-list\">\n<li><strong>Engenheiro(a) de IA e <\/strong><a href=\"https:\/\/faculdade.grancursosonline.com.br\/blog\/machine-learning\/\" target=\"_blank\" rel=\"noreferrer noopener\"><strong>Machine Learning<\/strong><\/a>: profissionais que criam, treinam e aprimoram os pr\u00f3prios sistemas de intelig\u00eancia artificial;<\/li>\n\n\n\n<li><strong>Analista de Dados<\/strong>: a IA gera uma quantidade imensa de dados. Profissionais que sabem interpretar essas informa\u00e7\u00f5es para gerar insights para as empresas ser\u00e3o essenciais;<\/li>\n\n\n\n<li><strong>Especialista em \u00c9tica de IA<\/strong>: algu\u00e9m que garanta que os algoritmos sejam justos, transparentes e n\u00e3o causem danos \u00e0 sociedade. Uma profiss\u00e3o super nova e importante.<\/li>\n<\/ul>\n\n\n\n<h2 class=\"wp-block-heading\" id=\"h-quais-as-areas-de-tecnologia-com-maior-crescimento-de-vagas-no-futuro\"><strong>Quais as \u00e1reas de tecnologia com maior crescimento de vagas no futuro?<\/strong><br><\/h2>\n\n\n\n<p>A tecnologia \u00e9 o motor do futuro do trabalho. Dentro dela, algumas \u00e1reas se destacam com um potencial de crescimento gigante, pois s\u00e3o a base para todas as outras inova\u00e7\u00f5es.<\/p>\n\n\n\n<ul class=\"wp-block-list\">\n<li><strong>Computa\u00e7\u00e3o em Nuvem (Cloud Computing)<\/strong>: toda a tecnologia usada hoje (streaming, redes sociais, IA) depende de uma infraestrutura em nuvem. Profissionais que sabem gerenciar e otimizar esses sistemas s\u00e3o disputad\u00edssimos;<\/li>\n\n\n\n<li><strong>Ciberseguran\u00e7a (<\/strong><a href=\"https:\/\/faculdade.grancursosonline.com.br\/curso\/seguranca-da-informacao\/\" target=\"_blank\" rel=\"noreferrer noopener\"><strong>Seguran\u00e7a da Informa\u00e7\u00e3o<\/strong><\/a><strong>)<\/strong>: quanto mais digitais nos tornamos, mais vulner\u00e1veis ficamos. Proteger dados de empresas e pessoas \u00e9 uma das \u00e1reas mais cr\u00edticas e com crescimento garantido;<\/li>\n\n\n\n<li><a href=\"https:\/\/faculdade.grancursosonline.com.br\/curso\/analise-e-desenvolvimento-de-sistemas\/\" target=\"_blank\" rel=\"noreferrer noopener\"><strong>Desenvolvimento de Software<\/strong><\/a>: a necessidade de criar novos aplicativos, programas e solu\u00e7\u00f5es digitais personalizadas s\u00f3 aumenta.<\/li>\n<\/ul>\n\n\n\n<h2 class=\"wp-block-heading\" id=\"h-as-profissoes-ligadas-a-sustentabilidade-terao-mais-oportunidades\"><strong>As profiss\u00f5es ligadas \u00e0 sustentabilidade ter\u00e3o mais oportunidades?<\/strong><br><\/h2>\n\n\n\n<p>Sim! A preocupa\u00e7\u00e3o com o meio ambiente e com as quest\u00f5es sociais (o famoso <a href=\"https:\/\/faculdade.grancursosonline.com.br\/blog\/carreira-em-esg\/\" target=\"_blank\" rel=\"noreferrer noopener\">ESG<\/a>) deixou de ser um diferencial para se tornar uma necessidade para as empresas. O futuro do trabalho ser\u00e1, sem d\u00favida, mais sustent\u00e1vel.<\/p>\n\n\n\n<p>Profiss\u00f5es como:<\/p>\n\n\n\n<ul class=\"wp-block-list\">\n<li><strong>Engenheiro(a) ambiental<\/strong>: para criar projetos de baixo impacto e recuperar \u00e1reas desmatadas;<\/li>\n\n\n\n<li><strong>Especialista em energias renov\u00e1veis<\/strong>: para desenvolver e gerenciar fontes de energia limpa, como a solar e a e\u00f3lica;<\/li>\n\n\n\n<li><strong>Gestor(a) de sustentabilidade<\/strong>: profissional que ajuda as empresas a serem mais respons\u00e1veis do ponto de vista ambiental, social e de governan\u00e7a.<\/li>\n<\/ul>\n\n\n\n<h2 class=\"wp-block-heading\" id=\"h-quais-habilidades-serao-mais-importantes-para-o-futuro-do-trabalho\"><strong>Quais habilidades ser\u00e3o mais importantes para o futuro do trabalho?<\/strong><br><\/h2>\n\n\n\n<p>No futuro do trabalho, as habilidades que nos diferenciam das m\u00e1quinas ser\u00e3o as mais valiosas. O conhecimento t\u00e9cnico ser\u00e1 importante, mas as chamadas &#8220;<a href=\"https:\/\/faculdade.grancursosonline.com.br\/blog\/soft-skills\/\" target=\"_blank\" rel=\"noreferrer noopener\">soft skills<\/a>&#8221; (habilidades comportamentais) ser\u00e3o o grande diferencial.<\/p>\n\n\n\n<p>As mais importantes ser\u00e3o:<\/p>\n\n\n\n<ul class=\"wp-block-list\">\n<li><strong>Pensamento cr\u00edtico e resolu\u00e7\u00e3o de problemas complexos<\/strong>: a capacidade de analisar uma situa\u00e7\u00e3o dif\u00edcil e encontrar solu\u00e7\u00f5es criativas;<\/li>\n\n\n\n<li><strong>Intelig\u00eancia emocional e empatia<\/strong>: saber se relacionar bem com outras pessoas, liderar equipes de forma emp\u00e1tica e entender as necessidades dos clientes;<\/li>\n\n\n\n<li><strong>Criatividade e originalidade<\/strong>: as m\u00e1quinas s\u00e3o \u00f3timas para repetir padr\u00f5es, mas a capacidade de criar algo novo e original ainda \u00e9 capacidade humana;<\/li>\n\n\n\n<li><strong>Adaptabilidade e aprendizado cont\u00ednuo<\/strong>: a habilidade de aprender coisas novas rapidamente e se adaptar a novas tecnologias e cen\u00e1rios.<\/li>\n<\/ul>\n\n\n\n<h2 class=\"wp-block-heading\" id=\"h-profissoes-da-area-da-saude-vao-continuar-em-alta-no-futuro\"><strong>Profiss\u00f5es da \u00e1rea da sa\u00fade v\u00e3o continuar em alta no futuro?<\/strong><br><\/h2>\n\n\n\n<p>Com certeza. O envelhecimento da popula\u00e7\u00e3o mundial e a busca por mais qualidade de vida garantem que a \u00e1rea da sa\u00fade continue sendo fundamental no futuro do trabalho. A tecnologia vai transformar a \u00e1rea, mas n\u00e3o substituir\u00e1 o cuidado humano.<\/p>\n\n\n\n<p>Profiss\u00f5es como m\u00e9dicos, enfermeiros e fisioterapeutas continuar\u00e3o fundamentais. Al\u00e9m delas, novas fun\u00e7\u00f5es poder\u00e3o surgir, como:<\/p>\n\n\n\n<ul class=\"wp-block-list\">\n<li><strong>Especialista em telemedicina<\/strong>: profissionais que usam a tecnologia para realizar consultas e monitorar pacientes a dist\u00e2ncia;<\/li>\n\n\n\n<li><strong>Bioinformata<\/strong>: que une biologia e dados para personalizar tratamentos m\u00e9dicos com base no DNA do paciente;<\/li>\n\n\n\n<li><strong>Conselheiro de bem-estar e sa\u00fade mental<\/strong>: a preocupa\u00e7\u00e3o com a sa\u00fade mental \u00e9 uma tend\u00eancia crescente e que demandar\u00e1 muitos profissionais.<\/li>\n<\/ul>\n\n\n\n<h2 class=\"wp-block-heading\" id=\"h-como-se-preparar-para-as-profissoes-do-futuro\"><strong>Como se preparar para as profiss\u00f5es do futuro?<\/strong><br><\/h2>\n\n\n\n<p>A prepara\u00e7\u00e3o para o futuro do trabalho n\u00e3o \u00e9 sobre adivinhar qual ser\u00e1 a profiss\u00e3o fundamental no amanh\u00e3 , mas sim sobre construir uma base s\u00f3lida hoje e ser adapt\u00e1vel.<\/p>\n\n\n\n<ol class=\"wp-block-list\">\n<li><strong>Invista em uma boa forma\u00e7\u00e3o<\/strong>: escolha uma gradua\u00e7\u00e3o que te d\u00ea uma base forte de conhecimento, de prefer\u00eancia em \u00e1reas com bom potencial de crescimento, como as de <a href=\"https:\/\/faculdade.grancursosonline.com.br\/blog\/carreiras-stem\/\" target=\"_blank\" rel=\"noreferrer noopener\">STEM<\/a> (Ci\u00eancia, Tecnologia, Engenharia e Matem\u00e1tica);<\/li>\n\n\n\n<li><strong>Nunca pare de aprender<\/strong>: o diploma \u00e9 s\u00f3 o come\u00e7o. Fa\u00e7a cursos, leia, participe de workshops. A mentalidade de &#8220;aprendiz eterno&#8221; (lifelong learning) \u00e9 a chave;<\/li>\n\n\n\n<li><strong>Desenvolva suas habilidades humanas<\/strong>: foque em melhorar sua comunica\u00e7\u00e3o, sua criatividade e sua capacidade de trabalhar em equipe. S\u00e3o essas habilidades que nenhuma m\u00e1quina poder\u00e1 replicar;<\/li>\n\n\n\n<li><strong>Aprenda sobre tecnologia<\/strong>: mesmo que sua \u00e1rea n\u00e3o seja de TI, entenda o b\u00e1sico sobre as novas tecnologias. Certamente v\u00e3o impactar o seu trabalho de alguma forma.<\/li>\n<\/ol>\n\n\n\n<h2 class=\"wp-block-heading\" id=\"h-vem-pra-gran-faculdade\">Vem pra Gran Faculdade!<\/h2>\n\n\n\n<p>A Gran Faculdade vem mudando a vida de milhares de pessoas por meio de cursos \u00e0 dist\u00e2ncia de <a href=\"https:\/\/faculdade.grancursosonline.com.br\/\" target=\"_blank\" rel=\"noreferrer noopener\">gradua\u00e7\u00e3o<\/a>, <a href=\"https:\/\/pos.grancursosonline.com.br\/\" target=\"_blank\" rel=\"noreferrer noopener\">p\u00f3s-gradua\u00e7\u00e3o<\/a> e <a href=\"https:\/\/pos.grancursosonline.com.br\/mba\" target=\"_blank\" rel=\"noreferrer noopener\">MBA<\/a>. Seja no digital ou em nosso <a href=\"https:\/\/presencial.grancursosonline.com.br\/\" target=\"_blank\" rel=\"noreferrer noopener\">Campus Presencial em Curitiba<\/a>, a nossa miss\u00e3o \u00e9 transformar a educa\u00e7\u00e3o superior.<\/p>\n\n\n\n<p>Como parte de Sistema Gran de Ensino, que \u00e9 reconhecido como marca aprovadora h\u00e1 mais de 10 anos, constru\u00edmos uma renomada reputa\u00e7\u00e3o na \u00e1rea de educa\u00e7\u00e3o.<\/p>\n\n\n\n<p>Veja algumas de nossas conquistas:<\/p>\n\n\n\n<ul class=\"wp-block-list\">\n<li>Reconhecido pela Amazon como um dos projetos mais relevantes do mundo na \u00e1rea de Tecnologia e Educa\u00e7\u00e3o;<\/li>\n\n\n\n<li>Foi eleito pelo Project Management Institute (PMI), um dos 50 Projetos Mais Influentes do mundo;<\/li>\n\n\n\n<li>Somos o site de educa\u00e7\u00e3o mais acessado do Brasil;<\/li>\n\n\n\n<li>Somos avaliados com a nota m\u00e1xima pelo MEC;<\/li>\n\n\n\n<li>Aqui o semestre come\u00e7a quando quiser: entrada imediata e cont\u00ednua!<\/li>\n\n\n\n<li>Melhores pre\u00e7os do mercado;<\/li>\n\n\n\n<li>Mais de 800 mil alunos pagantes e mais de 1000 funcion\u00e1rios;<\/li>\n\n\n\n<li>Diversas ferramentas de estudo: PDFs, audiobooks, mapas mentais, videoaulas, quest\u00f5es, gerenciador de estudos e muito mais!<\/li>\n\n\n\n<li>Professores experientes e capacitados;<\/li>\n\n\n\n<li>Acesso imediato e 100% online.<\/li>\n<\/ul>\n\n\n\n<p class=\"has-text-align-center has-text-align-center\"><strong><a href=\"https:\/\/faculdade.grancursosonline.com.br\/\">Quero ser aluno da Gran Faculdade<\/a><\/strong><\/p>\n\n\n\n<div class=\"wp-block-group has-background\" style=\"background-color:#8dd2fc7a\"><div class=\"wp-block-group__inner-container is-layout-constrained wp-block-group-is-layout-constrained\">\n<p><strong>Outras not\u00edcias em destaque:<\/strong><\/p>\n\n\n\n<ul class=\"wp-block-list\">\n<li><a href=\"https:\/\/faculdade.grancursosonline.com.br\/blog\/vestibular-unicamp-2026\/\" target=\"_blank\" rel=\"noreferrer noopener\">Vestibular Unicamp 2026 est\u00e1 com inscri\u00e7\u00f5es abertas; saiba mais informa\u00e7\u00f5es!<\/a><\/li>\n\n\n\n<li><a href=\"https:\/\/faculdade.grancursosonline.com.br\/blog\/bioinformatica\/\" target=\"_blank\" rel=\"noreferrer noopener\">Bioinform\u00e1tica: o que \u00e9, com o que trabalha e onde se aplica?<\/a><\/li>\n\n\n\n<li><a href=\"https:\/\/faculdade.grancursosonline.com.br\/blog\/faculdade-do-futuro\/\" target=\"_blank\" rel=\"noreferrer noopener\">Faculdade do Futuro: o que esperar das universidades at\u00e9 2030?<\/a><\/li>\n<\/ul>\n<\/div><\/div>\n\n\n\n<div class=\"wp-block-group\"><div class=\"wp-block-group__inner-container is-layout-constrained wp-block-group-is-layout-constrained\">\n<div class=\"wp-block-group\"><div class=\"wp-block-group__inner-container is-layout-constrained wp-block-group-is-layout-constrained\">\n<section style=\"text-align: center;\">\n<p>Quer ficar por dentro da Faculdade Digital mais inovadora do Brasil?<\/p>\n<nav>\n<p class=\"has-background has-dark-bluish-background-color\" style=\"font-size: 25px; text-align: center; background: #f0f0f0; color: #ffffff; padding: 4px 0px 4xp 0px;\"><a style=\"color: #0d134c; text-decoration: underline;\" href=\"https:\/\/faculdade.grancursosonline.com.br\/\" target=\"_blank\" rel=\"noopener\">GRADUA\u00c7\u00c3O<\/a><\/p>\n<p class=\"has-background has-dark-bluish-background-color\" style=\"font-size: 25px; text-align: center; background: #f0f0f0; color: #ffffff; padding: 4px 0px 4xp 0px;\"><a style=\"color: #0d134c; text-decoration: underline;\" href=\"https:\/\/pos.grancursosonline.com.br\/\" target=\"_blank\" rel=\"noopener\">P\u00d3S-GRADUA\u00c7\u00c3O<\/a><\/p>\n<p class=\"has-background has-dark-bluish-background-color\" style=\"font-size: 25px; text-align: center; background: #f0f0f0; color: #ffffff; padding: 4px 0px 4xp 0px;\"><a style=\"color: #0d134c; text-decoration: underline;\" href=\"https:\/\/faculdade.grancursosonline.com.br\/nossos-cursos\/\" target=\"_blank\" rel=\"noopener\">TUDO SOBRE A GRAN FACULDADE<\/a><\/p>\n<\/nav>\n<p><strong>Receba <span style=\"color: #cf1e25;\">gratuitamente<\/span> no seu celular as principais not\u00edcias sobre a Gran Faculdade! <br \/>Clique no link abaixo e inscreva-se:<\/strong><\/p>\n<p class=\"has-background has-dark-bluish-background-color\" style=\"font-size: 25px; text-align: center; background: #f0f0f0; color: #ffffff; padding: 4px 0px 4xp 0px;\"><a style=\"color: #0d134c; text-decoration: underline;\" href=\"https:\/\/whatsapp.com\/channel\/0029VaG1sChI7Be7PNndhL43\" target=\"_blank\" rel=\"noopener noreferrer\">WHATSAPP<\/a><\/p>\n<p class=\"has-background has-dark-bluish-background-color\" style=\"font-size: 25px; text-align: center; background: #f0f0f0; color: #ffffff; padding: 4px 0px 4xp 0px;\"><a style=\"color: #0d134c; text-decoration: underline;\" href=\"https:\/\/t.me\/GranFaculdade\" target=\"_blank\" rel=\"noopener noreferrer\">TELEGRAM<\/a><\/p>\n<\/section>\n<\/div><\/div>\n<\/div><\/div>\n","protected":false},"excerpt":{"rendered":"<p>O mundo est\u00e1 mudando a cada momento, e com ele, o mercado de trabalho tamb\u00e9m se transforma a cada dia. Pensar sobre o futuro do trabalho n\u00e3o \u00e9 mais um exerc\u00edcio para o futuro, mas uma necessidade para quem quer construir uma carreira s\u00f3lida e relevante hoje. Diante de tanta inova\u00e7\u00e3o, especialmente com o avan\u00e7o&hellip;<\/p>\n","protected":false},"author":514,"featured_media":79756762,"comment_status":"open","ping_status":"open","sticky":false,"template":"","format":"standard","meta":{"_acf_changed":false,"content-type":"","footnotes":""},"categories":[219790,218545,2],"tags":[],"class_list":["post-79756761","post","type-post","status-publish","format-standard","has-post-thumbnail","hentry","category-graduacao-ead","category-graduacao","category-ultimas-noticias"],"acf":[],"yoast_head":"<!-- This site is optimized with the Yoast SEO Premium plugin v27.2 (Yoast SEO v27.2) - https:\/\/yoast.com\/product\/yoast-seo-premium-wordpress\/ -->\n<title>O Futuro do Trabalho: quais profiss\u00f5es v\u00e3o crescer nos pr\u00f3ximos anos?<\/title>\n<meta name=\"description\" content=\"O futuro do trabalho est\u00e1 mudando rapidamente, e certas \u00e1reas prometem oportunidades \u00fanicas nos pr\u00f3ximos anos.\" \/>\n<meta name=\"robots\" content=\"index, follow, max-snippet:-1, max-image-preview:large, max-video-preview:-1\" \/>\n<link rel=\"canonical\" href=\"https:\/\/faculdade.grancursosonline.com.br\/blog\/o-futuro-do-trabalho\/\" \/>\n<meta property=\"og:locale\" content=\"pt_BR\" \/>\n<meta property=\"og:type\" content=\"article\" \/>\n<meta property=\"og:title\" content=\"O Futuro do Trabalho: quais profiss\u00f5es v\u00e3o crescer nos pr\u00f3ximos anos?\" \/>\n<meta property=\"og:description\" content=\"O futuro do trabalho est\u00e1 mudando rapidamente, e certas \u00e1reas prometem oportunidades \u00fanicas nos pr\u00f3ximos anos.\" \/>\n<meta property=\"og:url\" content=\"https:\/\/faculdade.grancursosonline.com.br\/blog\/o-futuro-do-trabalho\/\" \/>\n<meta property=\"og:site_name\" content=\"Blog Gran Faculdade\" \/>\n<meta property=\"article:publisher\" content=\"https:\/\/www.facebook.com\/grancursosonline\/\" \/>\n<meta property=\"article:published_time\" content=\"2025-08-13T15:57:01+00:00\" \/>\n<meta property=\"article:modified_time\" content=\"2025-08-13T15:58:02+00:00\" \/>\n<meta property=\"og:image\" content=\"https:\/\/blog-es-static.infra.grancursosonline.com.br\/wp-content\/uploads\/2025\/08\/13125205\/futuro-do-trabalho.jpg\" \/>\n\t<meta property=\"og:image:width\" content=\"511\" \/>\n\t<meta property=\"og:image:height\" content=\"311\" \/>\n\t<meta property=\"og:image:type\" content=\"image\/jpeg\" \/>\n<meta name=\"author\" content=\"Guilherme Henrique\" \/>\n<meta name=\"twitter:card\" content=\"summary_large_image\" \/>\n<meta name=\"twitter:creator\" content=\"@gran_online\" \/>\n<meta name=\"twitter:site\" content=\"@gran_online\" \/>\n<meta name=\"twitter:label1\" content=\"Written by\" \/>\n\t<meta name=\"twitter:data1\" content=\"Guilherme Henrique\" \/>\n\t<meta name=\"twitter:label2\" content=\"Est. reading time\" \/>\n\t<meta name=\"twitter:data2\" content=\"21 minutos\" \/>\n<script type=\"application\/ld+json\" class=\"yoast-schema-graph\">{\"@context\":\"https:\/\/schema.org\",\"@graph\":[{\"@type\":\"NewsArticle\",\"@id\":\"https:\/\/faculdade.grancursosonline.com.br\/blog\/o-futuro-do-trabalho\/#article\",\"isPartOf\":{\"@id\":\"https:\/\/faculdade.grancursosonline.com.br\/blog\/o-futuro-do-trabalho\/\"},\"author\":{\"name\":\"Guilherme Henrique\",\"@id\":\"https:\/\/faculdade.grancursosonline.com.br\/blog\/#\/schema\/person\/9745f9b6db8976613c1f439dbcfe717d\"},\"headline\":\"O Futuro do Trabalho: quais profiss\u00f5es v\u00e3o crescer nos pr\u00f3ximos anos?\",\"datePublished\":\"2025-08-13T15:57:01+00:00\",\"dateModified\":\"2025-08-13T15:58:02+00:00\",\"mainEntityOfPage\":{\"@id\":\"https:\/\/faculdade.grancursosonline.com.br\/blog\/o-futuro-do-trabalho\/\"},\"wordCount\":1062,\"commentCount\":0,\"publisher\":{\"@id\":\"https:\/\/faculdade.grancursosonline.com.br\/blog\/#organization\"},\"image\":{\"@id\":\"https:\/\/faculdade.grancursosonline.com.br\/blog\/o-futuro-do-trabalho\/#primaryimage\"},\"thumbnailUrl\":\"https:\/\/blog-es-static.infra.grancursosonline.com.br\/wp-content\/uploads\/2025\/08\/13125148\/futuro-do-trabalho-2.jpg\",\"articleSection\":[\"Gradua\u00e7\u00e3o EAD\",\"Gradua\u00e7\u00e3o Gran Faculdade\",\"\u00daltimas Not\u00edcias\"],\"inLanguage\":\"pt-BR\",\"potentialAction\":[{\"@type\":\"CommentAction\",\"name\":\"Comment\",\"target\":[\"https:\/\/faculdade.grancursosonline.com.br\/blog\/o-futuro-do-trabalho\/#respond\"]}],\"copyrightYear\":\"2025\",\"copyrightHolder\":{\"@id\":\"https:\/\/faculdade.grancursosonline.com.br\/blog\/#organization\"}},{\"@type\":\"WebPage\",\"@id\":\"https:\/\/faculdade.grancursosonline.com.br\/blog\/o-futuro-do-trabalho\/\",\"url\":\"https:\/\/faculdade.grancursosonline.com.br\/blog\/o-futuro-do-trabalho\/\",\"name\":\"O Futuro do Trabalho: quais profiss\u00f5es v\u00e3o crescer nos pr\u00f3ximos anos?\",\"isPartOf\":{\"@id\":\"https:\/\/faculdade.grancursosonline.com.br\/blog\/#website\"},\"primaryImageOfPage\":{\"@id\":\"https:\/\/faculdade.grancursosonline.com.br\/blog\/o-futuro-do-trabalho\/#primaryimage\"},\"image\":{\"@id\":\"https:\/\/faculdade.grancursosonline.com.br\/blog\/o-futuro-do-trabalho\/#primaryimage\"},\"thumbnailUrl\":\"https:\/\/blog-es-static.infra.grancursosonline.com.br\/wp-content\/uploads\/2025\/08\/13125148\/futuro-do-trabalho-2.jpg\",\"datePublished\":\"2025-08-13T15:57:01+00:00\",\"dateModified\":\"2025-08-13T15:58:02+00:00\",\"description\":\"O futuro do trabalho est\u00e1 mudando rapidamente, e certas \u00e1reas prometem oportunidades \u00fanicas nos pr\u00f3ximos anos.\",\"breadcrumb\":{\"@id\":\"https:\/\/faculdade.grancursosonline.com.br\/blog\/o-futuro-do-trabalho\/#breadcrumb\"},\"inLanguage\":\"pt-BR\",\"potentialAction\":[{\"@type\":\"ReadAction\",\"target\":[\"https:\/\/faculdade.grancursosonline.com.br\/blog\/o-futuro-do-trabalho\/\"]}]},{\"@type\":\"ImageObject\",\"inLanguage\":\"pt-BR\",\"@id\":\"https:\/\/faculdade.grancursosonline.com.br\/blog\/o-futuro-do-trabalho\/#primaryimage\",\"url\":\"https:\/\/blog-es-static.infra.grancursosonline.com.br\/wp-content\/uploads\/2025\/08\/13125148\/futuro-do-trabalho-2.jpg\",\"contentUrl\":\"https:\/\/blog-es-static.infra.grancursosonline.com.br\/wp-content\/uploads\/2025\/08\/13125148\/futuro-do-trabalho-2.jpg\",\"width\":1001,\"height\":601,\"caption\":\"O Futuro do Trabalho: quais profiss\u00f5es v\u00e3o crescer nos pr\u00f3ximos anos?\"},{\"@type\":\"BreadcrumbList\",\"@id\":\"https:\/\/faculdade.grancursosonline.com.br\/blog\/o-futuro-do-trabalho\/#breadcrumb\",\"itemListElement\":[{\"@type\":\"ListItem\",\"position\":1,\"name\":\"In\u00edcio\",\"item\":\"https:\/\/faculdade.grancursosonline.com.br\/blog\/\"},{\"@type\":\"ListItem\",\"position\":2,\"name\":\"Gradua\u00e7\u00e3o Gran Faculdade\",\"item\":\"https:\/\/faculdade.grancursosonline.com.br\/blog\/graduacao\/\"},{\"@type\":\"ListItem\",\"position\":3,\"name\":\"O Futuro do Trabalho: quais profiss\u00f5es v\u00e3o crescer nos pr\u00f3ximos anos?\"}]},{\"@type\":\"WebSite\",\"@id\":\"https:\/\/faculdade.grancursosonline.com.br\/blog\/#website\",\"url\":\"https:\/\/faculdade.grancursosonline.com.br\/blog\/\",\"name\":\"Blog Gran Faculdade\",\"description\":\"Tudo sobre ensino superior, p\u00f3s-gradua\u00e7\u00e3o, enem e carreira.\",\"publisher\":{\"@id\":\"https:\/\/faculdade.grancursosonline.com.br\/blog\/#organization\"},\"potentialAction\":[{\"@type\":\"SearchAction\",\"target\":{\"@type\":\"EntryPoint\",\"urlTemplate\":\"https:\/\/faculdade.grancursosonline.com.br\/blog\/?s={search_term_string}\"},\"query-input\":{\"@type\":\"PropertyValueSpecification\",\"valueRequired\":true,\"valueName\":\"search_term_string\"}}],\"inLanguage\":\"pt-BR\"},{\"@type\":\"Organization\",\"@id\":\"https:\/\/faculdade.grancursosonline.com.br\/blog\/#organization\",\"name\":\"Gran Cursos Online\",\"url\":\"https:\/\/faculdade.grancursosonline.com.br\/blog\/\",\"logo\":{\"@type\":\"ImageObject\",\"inLanguage\":\"pt-BR\",\"@id\":\"https:\/\/faculdade.grancursosonline.com.br\/blog\/#\/schema\/logo\/image\/\",\"url\":\"https:\/\/blog-es-static.infra.grancursosonline.com.br\/wp-content\/uploads\/2019\/08\/03123934\/logo.png\",\"contentUrl\":\"https:\/\/blog-es-static.infra.grancursosonline.com.br\/wp-content\/uploads\/2019\/08\/03123934\/logo.png\",\"width\":300,\"height\":57,\"caption\":\"Gran Cursos Online\"},\"image\":{\"@id\":\"https:\/\/faculdade.grancursosonline.com.br\/blog\/#\/schema\/logo\/image\/\"},\"sameAs\":[\"https:\/\/www.facebook.com\/grancursosonline\/\",\"https:\/\/x.com\/gran_online\",\"https:\/\/www.instagram.com\/grancursosonline\/\",\"https:\/\/www.youtube.com\/user\/grancursostv\"]},{\"@type\":\"Person\",\"@id\":\"https:\/\/faculdade.grancursosonline.com.br\/blog\/#\/schema\/person\/9745f9b6db8976613c1f439dbcfe717d\",\"name\":\"Guilherme Henrique\",\"url\":\"https:\/\/faculdade.grancursosonline.com.br\/blog\/author\/guilherme-lourenco\/\"}]}<\/script>\n<!-- \/ Yoast SEO Premium plugin. -->","yoast_head_json":{"title":"O Futuro do Trabalho: quais profiss\u00f5es v\u00e3o crescer nos pr\u00f3ximos anos?","description":"O futuro do trabalho est\u00e1 mudando rapidamente, e certas \u00e1reas prometem oportunidades \u00fanicas nos pr\u00f3ximos anos.","robots":{"index":"index","follow":"follow","max-snippet":"max-snippet:-1","max-image-preview":"max-image-preview:large","max-video-preview":"max-video-preview:-1"},"canonical":"https:\/\/faculdade.grancursosonline.com.br\/blog\/o-futuro-do-trabalho\/","og_locale":"pt_BR","og_type":"article","og_title":"O Futuro do Trabalho: quais profiss\u00f5es v\u00e3o crescer nos pr\u00f3ximos anos?","og_description":"O futuro do trabalho est\u00e1 mudando rapidamente, e certas \u00e1reas prometem oportunidades \u00fanicas nos pr\u00f3ximos anos.","og_url":"https:\/\/faculdade.grancursosonline.com.br\/blog\/o-futuro-do-trabalho\/","og_site_name":"Blog Gran Faculdade","article_publisher":"https:\/\/www.facebook.com\/grancursosonline\/","article_published_time":"2025-08-13T15:57:01+00:00","article_modified_time":"2025-08-13T15:58:02+00:00","og_image":[{"width":511,"height":311,"url":"https:\/\/blog-es-static.infra.grancursosonline.com.br\/wp-content\/uploads\/2025\/08\/13125205\/futuro-do-trabalho.jpg","type":"image\/jpeg"}],"author":"Guilherme Henrique","twitter_card":"summary_large_image","twitter_creator":"@gran_online","twitter_site":"@gran_online","twitter_misc":{"Written by":"Guilherme Henrique","Est. reading time":"21 minutos"},"schema":{"@context":"https:\/\/schema.org","@graph":[{"@type":"NewsArticle","@id":"https:\/\/faculdade.grancursosonline.com.br\/blog\/o-futuro-do-trabalho\/#article","isPartOf":{"@id":"https:\/\/faculdade.grancursosonline.com.br\/blog\/o-futuro-do-trabalho\/"},"author":{"name":"Guilherme Henrique","@id":"https:\/\/faculdade.grancursosonline.com.br\/blog\/#\/schema\/person\/9745f9b6db8976613c1f439dbcfe717d"},"headline":"O Futuro do Trabalho: quais profiss\u00f5es v\u00e3o crescer nos pr\u00f3ximos anos?","datePublished":"2025-08-13T15:57:01+00:00","dateModified":"2025-08-13T15:58:02+00:00","mainEntityOfPage":{"@id":"https:\/\/faculdade.grancursosonline.com.br\/blog\/o-futuro-do-trabalho\/"},"wordCount":1062,"commentCount":0,"publisher":{"@id":"https:\/\/faculdade.grancursosonline.com.br\/blog\/#organization"},"image":{"@id":"https:\/\/faculdade.grancursosonline.com.br\/blog\/o-futuro-do-trabalho\/#primaryimage"},"thumbnailUrl":"https:\/\/blog-es-static.infra.grancursosonline.com.br\/wp-content\/uploads\/2025\/08\/13125148\/futuro-do-trabalho-2.jpg","articleSection":["Gradua\u00e7\u00e3o EAD","Gradua\u00e7\u00e3o Gran Faculdade","\u00daltimas Not\u00edcias"],"inLanguage":"pt-BR","potentialAction":[{"@type":"CommentAction","name":"Comment","target":["https:\/\/faculdade.grancursosonline.com.br\/blog\/o-futuro-do-trabalho\/#respond"]}],"copyrightYear":"2025","copyrightHolder":{"@id":"https:\/\/faculdade.grancursosonline.com.br\/blog\/#organization"}},{"@type":"WebPage","@id":"https:\/\/faculdade.grancursosonline.com.br\/blog\/o-futuro-do-trabalho\/","url":"https:\/\/faculdade.grancursosonline.com.br\/blog\/o-futuro-do-trabalho\/","name":"O Futuro do Trabalho: quais profiss\u00f5es v\u00e3o crescer nos pr\u00f3ximos anos?","isPartOf":{"@id":"https:\/\/faculdade.grancursosonline.com.br\/blog\/#website"},"primaryImageOfPage":{"@id":"https:\/\/faculdade.grancursosonline.com.br\/blog\/o-futuro-do-trabalho\/#primaryimage"},"image":{"@id":"https:\/\/faculdade.grancursosonline.com.br\/blog\/o-futuro-do-trabalho\/#primaryimage"},"thumbnailUrl":"https:\/\/blog-es-static.infra.grancursosonline.com.br\/wp-content\/uploads\/2025\/08\/13125148\/futuro-do-trabalho-2.jpg","datePublished":"2025-08-13T15:57:01+00:00","dateModified":"2025-08-13T15:58:02+00:00","description":"O futuro do trabalho est\u00e1 mudando rapidamente, e certas \u00e1reas prometem oportunidades \u00fanicas nos pr\u00f3ximos anos.","breadcrumb":{"@id":"https:\/\/faculdade.grancursosonline.com.br\/blog\/o-futuro-do-trabalho\/#breadcrumb"},"inLanguage":"pt-BR","potentialAction":[{"@type":"ReadAction","target":["https:\/\/faculdade.grancursosonline.com.br\/blog\/o-futuro-do-trabalho\/"]}]},{"@type":"ImageObject","inLanguage":"pt-BR","@id":"https:\/\/faculdade.grancursosonline.com.br\/blog\/o-futuro-do-trabalho\/#primaryimage","url":"https:\/\/blog-es-static.infra.grancursosonline.com.br\/wp-content\/uploads\/2025\/08\/13125148\/futuro-do-trabalho-2.jpg","contentUrl":"https:\/\/blog-es-static.infra.grancursosonline.com.br\/wp-content\/uploads\/2025\/08\/13125148\/futuro-do-trabalho-2.jpg","width":1001,"height":601,"caption":"O Futuro do Trabalho: quais profiss\u00f5es v\u00e3o crescer nos pr\u00f3ximos anos?"},{"@type":"BreadcrumbList","@id":"https:\/\/faculdade.grancursosonline.com.br\/blog\/o-futuro-do-trabalho\/#breadcrumb","itemListElement":[{"@type":"ListItem","position":1,"name":"In\u00edcio","item":"https:\/\/faculdade.grancursosonline.com.br\/blog\/"},{"@type":"ListItem","position":2,"name":"Gradua\u00e7\u00e3o Gran Faculdade","item":"https:\/\/faculdade.grancursosonline.com.br\/blog\/graduacao\/"},{"@type":"ListItem","position":3,"name":"O Futuro do Trabalho: quais profiss\u00f5es v\u00e3o crescer nos pr\u00f3ximos anos?"}]},{"@type":"WebSite","@id":"https:\/\/faculdade.grancursosonline.com.br\/blog\/#website","url":"https:\/\/faculdade.grancursosonline.com.br\/blog\/","name":"Blog Gran Faculdade","description":"Tudo sobre ensino superior, p\u00f3s-gradua\u00e7\u00e3o, enem e carreira.","publisher":{"@id":"https:\/\/faculdade.grancursosonline.com.br\/blog\/#organization"},"potentialAction":[{"@type":"SearchAction","target":{"@type":"EntryPoint","urlTemplate":"https:\/\/faculdade.grancursosonline.com.br\/blog\/?s={search_term_string}"},"query-input":{"@type":"PropertyValueSpecification","valueRequired":true,"valueName":"search_term_string"}}],"inLanguage":"pt-BR"},{"@type":"Organization","@id":"https:\/\/faculdade.grancursosonline.com.br\/blog\/#organization","name":"Gran Cursos Online","url":"https:\/\/faculdade.grancursosonline.com.br\/blog\/","logo":{"@type":"ImageObject","inLanguage":"pt-BR","@id":"https:\/\/faculdade.grancursosonline.com.br\/blog\/#\/schema\/logo\/image\/","url":"https:\/\/blog-es-static.infra.grancursosonline.com.br\/wp-content\/uploads\/2019\/08\/03123934\/logo.png","contentUrl":"https:\/\/blog-es-static.infra.grancursosonline.com.br\/wp-content\/uploads\/2019\/08\/03123934\/logo.png","width":300,"height":57,"caption":"Gran Cursos Online"},"image":{"@id":"https:\/\/faculdade.grancursosonline.com.br\/blog\/#\/schema\/logo\/image\/"},"sameAs":["https:\/\/www.facebook.com\/grancursosonline\/","https:\/\/x.com\/gran_online","https:\/\/www.instagram.com\/grancursosonline\/","https:\/\/www.youtube.com\/user\/grancursostv"]},{"@type":"Person","@id":"https:\/\/faculdade.grancursosonline.com.br\/blog\/#\/schema\/person\/9745f9b6db8976613c1f439dbcfe717d","name":"Guilherme Henrique","url":"https:\/\/faculdade.grancursosonline.com.br\/blog\/author\/guilherme-lourenco\/"}]}},"_links":{"self":[{"href":"https:\/\/faculdade.grancursosonline.com.br\/blog\/wp-json\/wp\/v2\/posts\/79756761","targetHints":{"allow":["GET"]}}],"collection":[{"href":"https:\/\/faculdade.grancursosonline.com.br\/blog\/wp-json\/wp\/v2\/posts"}],"about":[{"href":"https:\/\/faculdade.grancursosonline.com.br\/blog\/wp-json\/wp\/v2\/types\/post"}],"author":[{"embeddable":true,"href":"https:\/\/faculdade.grancursosonline.com.br\/blog\/wp-json\/wp\/v2\/users\/514"}],"replies":[{"embeddable":true,"href":"https:\/\/faculdade.grancursosonline.com.br\/blog\/wp-json\/wp\/v2\/comments?post=79756761"}],"version-history":[{"count":2,"href":"https:\/\/faculdade.grancursosonline.com.br\/blog\/wp-json\/wp\/v2\/posts\/79756761\/revisions"}],"predecessor-version":[{"id":79756765,"href":"https:\/\/faculdade.grancursosonline.com.br\/blog\/wp-json\/wp\/v2\/posts\/79756761\/revisions\/79756765"}],"wp:featuredmedia":[{"embeddable":true,"href":"https:\/\/faculdade.grancursosonline.com.br\/blog\/wp-json\/wp\/v2\/media\/79756762"}],"wp:attachment":[{"href":"https:\/\/faculdade.grancursosonline.com.br\/blog\/wp-json\/wp\/v2\/media?parent=79756761"}],"wp:term":[{"taxonomy":"category","embeddable":true,"href":"https:\/\/faculdade.grancursosonline.com.br\/blog\/wp-json\/wp\/v2\/categories?post=79756761"},{"taxonomy":"post_tag","embeddable":true,"href":"https:\/\/faculdade.grancursosonline.com.br\/blog\/wp-json\/wp\/v2\/tags?post=79756761"}],"curies":[{"name":"wp","href":"https:\/\/api.w.org\/{rel}","templated":true}]}}