{"id":79757004,"date":"2025-08-20T11:09:27","date_gmt":"2025-08-20T14:09:27","guid":{"rendered":"https:\/\/faculdade.grancursosonline.com.br\/blog\/?p=79757004"},"modified":"2025-08-20T11:09:29","modified_gmt":"2025-08-20T14:09:29","slug":"edital-enem-ppl-2025","status":"publish","type":"post","link":"https:\/\/faculdade.grancursosonline.com.br\/blog\/edital-enem-ppl-2025\/","title":{"rendered":"Edital Enem PPL 2025 publicado: saiba tudo!"},"content":{"rendered":"\n<p>Garantir o acesso \u00e0 educa\u00e7\u00e3o \u00e9 um pilar fundamental para a constru\u00e7\u00e3o de uma sociedade mais justa e para a reintegra\u00e7\u00e3o de indiv\u00edduos. Nesse contexto, o Exame Nacional do Ensino M\u00e9dio para Pessoas Privadas de Liberdade, conhecido como Enem PPL, surge como uma iniciativa crucial, oferecendo um caminho de esperan\u00e7a e novas possibilidades.<\/p>\n\n\n\n<div class=\"wp-block-columns is-layout-flex wp-container-core-columns-is-layout-9d6595d7 wp-block-columns-is-layout-flex\">\n<div class=\"wp-block-column is-layout-flow wp-block-column-is-layout-flow\" style=\"flex-basis:100%\"><div class=\"wp-block-image\">\n<figure class=\"aligncenter size-full\"><a href=\"https:\/\/whatsapp.com\/channel\/0029VaG1sChI7Be7PNndhL43\" target=\"_blank\" rel=\"noopener\"><img decoding=\"async\" src=\"https:\/\/blog-es-static.infra.grancursosonline.com.br\/wp-content\/uploads\/2025\/09\/09112354\/banner-wp-600x142-80.webp\" alt=\"Acesse o canal do WhatsApp da Gran Faculdade\" class=\"wp-image-79751904\"\/><\/a><\/figure>\n<\/div><\/div>\n<\/div>\n\n\n\n<p>Acompanhe o artigo para saber mais ou navegue pelo \u00edndice:<\/p>\n\n\n\n<ul class=\"wp-block-list\">\n<li><a href=\"#conceito\">O que \u00e9 o Enem PPL?<\/a><\/li>\n\n\n\n<li><a href=\"#participar\">Quem pode participar do Enem PPL?<\/a><\/li>\n\n\n\n<li><a href=\"#cronograma\">Cronograma do Enem PPL 2025<\/a><\/li>\n\n\n\n<li><a href=\"#funcao\">Para que serve o Enem PPL?<\/a><\/li>\n\n\n\n<li><a href=\"#adesao\">Como funciona a ades\u00e3o das unidades prisionais e socioeducativas?<\/a><\/li>\n\n\n\n<li><a href=\"#responsavel\">Qual o papel do respons\u00e1vel pedag\u00f3gico no processo?<\/a><\/li>\n\n\n\n<li><a href=\"#nome-social\">Atendimento especializado e tratamento por nome social<\/a><\/li>\n\n\n\n<li><a href=\"#eliminacao\">O que pode levar \u00e0 elimina\u00e7\u00e3o do participante?<\/a><\/li>\n<\/ul>\n\n\n\n<h2 class=\"wp-block-heading\" id=\"h-quer-saber-mais-sobre-o-enem-preparamos-um-manual-completo-para-voce-baixar-gratuitamente\">Quer saber mais sobre o Enem? Preparamos um manual completo para voc\u00ea baixar gratuitamente!<\/h2>\n\n\n\n<p>O Manual do Enem da Gran Faculdade <strong>foi baseado no Edital publicado pelo MEC e Inep <\/strong>e conta com todas as informa\u00e7\u00f5es oficiais que foram utilizadas no programa.<\/p>\n\n\n\n<p>Neste material 100% gratuito voc\u00ea vai saber:<\/p>\n\n\n\n<ul class=\"wp-block-list\">\n<li>Hist\u00f3ria e import\u00e2ncia do Enem;<\/li>\n\n\n\n<li>Datas, prazos e taxas de inscri\u00e7\u00e3o;<\/li>\n\n\n\n<li>Como fazer o Teste Vocacional;<\/li>\n\n\n\n<li>O que estudar para o Enem;<\/li>\n\n\n\n<li>Como \u00e9 calculada a nota do Enem;<\/li>\n\n\n\n<li>E mais de 40 t\u00f3picos explicativos sobre outras d\u00favidas relacionadas ao programa.<\/li>\n<\/ul>\n\n\n\n<p>Preencha o formul\u00e1rio abaixo e receba o manual gratuitamente:<\/p>\n\n\n\n<script charset=\"utf-8\" type=\"text\/javascript\" src=\"\/\/js.hsforms.net\/forms\/embed\/v2.js\"><\/script>\n<script>\n  hbspt.forms.create({\n    region: \"na1\",\n    portalId: \"302036\",\n    formId: \"0fe5415a-ece9-4459-950a-7a8aa13baf90\"\n  });\n<\/script>\n\n\n<p><script charset=\"utf-8\" type=\"text\/javascript\" src=\"\/\/js.hsforms.net\/forms\/embed\/v2.js\"><\/script> <script><br \/>\n  hbspt.forms.create({<br \/>\n    region: \"na1\",<br \/>\n    portalId: \"302036\",<br \/>\n    formId: \"0fe5415a-ece9-4459-950a-7a8aa13baf90\"<br \/>\n  });<br \/>\n<\/script><\/p>\n\n\n<h2 class=\"wp-block-heading\" id=\"conceito\">O que \u00e9 o Enem PPL?<\/h2>\n\n\n\n<p>O Enem PPL \u00e9 a vers\u00e3o do Exame Nacional do Ensino M\u00e9dio aplicada especificamente para pessoas privadas de liberdade e jovens que est\u00e3o sob medida socioeducativa com restri\u00e7\u00e3o de liberdade. O principal objetivo da prova \u00e9 avaliar o desempenho dos participantes ao final do ensino m\u00e9dio, possuindo o mesmo n\u00edvel de dificuldade da aplica\u00e7\u00e3o regular. <\/p>\n\n\n\n<p>Mais do que uma avalia\u00e7\u00e3o, o exame \u00e9 uma porta de acesso a diversos programas educacionais brasileiros, contribuindo de forma significativa para a redu\u00e7\u00e3o da exclus\u00e3o social e da reincid\u00eancia criminal.<\/p>\n\n\n\n<h2 class=\"wp-block-heading\" id=\"participar\">Quem pode participar do Enem PPL?<\/h2>\n\n\n\n<p>A participa\u00e7\u00e3o no Enem PPL \u00e9 volunt\u00e1ria, gratuita e destinada a dois grupos espec\u00edficos:<\/p>\n\n\n\n<ul class=\"wp-block-list\">\n<li>Pessoas submetidas a penas privativas de liberdade;<\/li>\n\n\n\n<li>Jovens sob medida socioeducativa que inclua priva\u00e7\u00e3o de liberdade.<\/li>\n<\/ul>\n\n\n\n<p>Os interessados devem manifestar seu interesse e solicitar a inscri\u00e7\u00e3o diretamente ao respons\u00e1vel pedag\u00f3gico de sua unidade prisional ou socioeducativa. A participa\u00e7\u00e3o, no entanto, est\u00e1 condicionada \u00e0 ades\u00e3o pr\u00e9via da unidade ao exame, atrav\u00e9s de um termo firmado com o Inep.<\/p>\n\n\n\n<h2 class=\"wp-block-heading\" id=\"cronograma\">Cronograma do Enem PPL 2025<\/h2>\n\n\n\n<p>O processo do Enem PPL possui um calend\u00e1rio pr\u00f3prio. Para 2025, as datas mais importantes s\u00e3o:<\/p>\n\n\n\n<ul class=\"wp-block-list\">\n<li><strong>Ades\u00e3o das unidades: <\/strong>29 de setembro a 17 de outubro de 2025;<\/li>\n\n\n\n<li><strong>Inscri\u00e7\u00f5es dos participantes: <\/strong>6 a 24 de outubro de 2025;<\/li>\n\n\n\n<li><strong>Solicita\u00e7\u00e3o de atendimento especializado: <\/strong>6 a 24 de outubro de 2025;<\/li>\n\n\n\n<li><strong>Aplica\u00e7\u00e3o das provas: <\/strong>16 e 17 de dezembro de 2025;<\/li>\n\n\n\n<li><strong>Divulga\u00e7\u00e3o do gabarito: <\/strong>a partir de 29 de dezembro de 2025.<\/li>\n<\/ul>\n\n\n\n<h2 class=\"wp-block-heading\" id=\"funcao\">Para que serve a nota do Enem PPL?<\/h2>\n\n\n\n<p>Assim como na vers\u00e3o regular, os resultados do Enem PPL s\u00e3o uma chave que abre diversas portas para o futuro educacional e profissional do participante. Eles podem ser utilizados para:<\/p>\n\n\n\n<ul class=\"wp-block-list\">\n<li><strong>Acesso ao ensino superior: <\/strong>a nota pode ser usada no Sisu para concorrer a vagas em universidades p\u00fablicas, no ProUni para bolsas em faculdades privadas e no Fies para financiamento estudantil. Institui\u00e7\u00f5es como a Gran Faculdade, que valorizam a democratiza\u00e7\u00e3o do ensino, tamb\u00e9m utilizam a nota do Enem como uma das formas de ingresso, facilitando o acesso a uma educa\u00e7\u00e3o de qualidade;<\/li>\n\n\n\n<li><strong>Certifica\u00e7\u00e3o de conclus\u00e3o do ensino m\u00e9dio: <\/strong>participantes com 18 anos ou mais podem usar o resultado para obter o diploma do ensino m\u00e9dio, desde que atinjam a pontua\u00e7\u00e3o m\u00ednima de 450 pontos em cada \u00e1rea do conhecimento e 500 na reda\u00e7\u00e3o;<\/li>\n\n\n\n<li><strong>Autoavalia\u00e7\u00e3o:<\/strong> permite que o participante entenda seu n\u00edvel de conhecimento para planejar os pr\u00f3ximos passos de sua forma\u00e7\u00e3o.<\/li>\n<\/ul>\n\n\n\n<h2 class=\"wp-block-heading\" id=\"adesao\">Como funciona a ades\u00e3o das unidades prisionais e socioeducativas?<\/h2>\n\n\n\n<p>Os \u00f3rg\u00e3os estaduais de administra\u00e7\u00e3o prisional ou socioeducativa devem formalizar o interesse enviando um of\u00edcio de ades\u00e3o ao Inep (aplicacao.ppl@inep.gov.br) no per\u00edodo de 29 de setembro a 17 de outubro de 2025. <\/p>\n\n\n\n<p>A partir da\u00ed, as unidades indicadas se comprometem a garantir as condi\u00e7\u00f5es necess\u00e1rias para a aplica\u00e7\u00e3o, como um espa\u00e7o f\u00edsico adequado, seguran\u00e7a para os aplicadores e o cumprimento rigoroso dos hor\u00e1rios.<\/p>\n\n\n\n<h2 class=\"wp-block-heading\" id=\"responsavel\">Qual o papel do respons\u00e1vel pedag\u00f3gico no processo?<\/h2>\n\n\n\n<p>O respons\u00e1vel pedag\u00f3gico \u00e9 a figura central que conecta o participante ao exame. Suas atribui\u00e7\u00f5es s\u00e3o cruciais e incluem: <\/p>\n\n\n\n<ul class=\"wp-block-list\">\n<li>Divulgar as regras aos interessados; efetuar as inscri\u00e7\u00f5es no sistema do Inep; <\/li>\n\n\n\n<li>Solicitar atendimento especializado ou tratamento por nome social, quando necess\u00e1rio; <\/li>\n\n\n\n<li>Indicar a pretens\u00e3o de certifica\u00e7\u00e3o do ensino m\u00e9dio; <\/li>\n\n\n\n<li>e, por fim, entregar os resultados e certificados aos participantes.<\/li>\n<\/ul>\n\n\n\n<h2 class=\"wp-block-heading\" id=\"nome-social\">Atendimento especializado e tratamento por nome social<\/h2>\n\n\n\n<p>O Inep garante recursos de acessibilidade para participantes com condi\u00e7\u00f5es como baixa vis\u00e3o, cegueira, defici\u00eancia f\u00edsica, auditiva, intelectual, discalculia, entre outras. <\/p>\n\n\n\n<p>A solicita\u00e7\u00e3o, acompanhada de laudo comprobat\u00f3rio, deve ser feita pelo respons\u00e1vel pedag\u00f3gico durante a inscri\u00e7\u00e3o (de 6 a 24 de outubro). Os recursos incluem prova em braile, com letra ampliada, tempo adicional de 60 minutos por dia e o uso de calculadora (para discalculia).<\/p>\n\n\n\n<p>O tratamento por nome social tamb\u00e9m \u00e9 um direito assegurado, destinado a pessoas travestis, transexuais ou transg\u00eaneros. Para isso, o nome social j\u00e1 deve estar cadastrado na Receita Federal, e o respons\u00e1vel pedag\u00f3gico deve indicar essa op\u00e7\u00e3o no ato da inscri\u00e7\u00e3o.<\/p>\n\n\n\n<h2 class=\"wp-block-heading\" id=\"eliminacao\">O que pode levar \u00e0 elimina\u00e7\u00e3o do participante?<\/h2>\n\n\n\n<p>Para garantir a lisura do processo, o participante ser\u00e1 eliminado caso cometa qualquer uma das seguintes infra\u00e7\u00f5es:<\/p>\n\n\n\n<ul class=\"wp-block-list\">\n<li>Prestar declara\u00e7\u00e3o falsa;<\/li>\n\n\n\n<li>Perturbar a ordem no local de prova ou desrespeitar a equipe de aplica\u00e7\u00e3o;<\/li>\n\n\n\n<li>Tentar se comunicar com outros participantes;<\/li>\n\n\n\n<li>Utilizar meios fraudulentos, livros, notas ou qualquer material n\u00e3o permitido;<\/li>\n\n\n\n<li>Ausentar-se da sala sem o acompanhamento de um fiscal;<\/li>\n\n\n\n<li>N\u00e3o entregar todos os materiais de prova ao final do exame, incluindo o caderno de quest\u00f5es e o cart\u00e3o-resposta.<\/li>\n<\/ul>\n\n\n\n<h2 class=\"wp-block-heading\" id=\"h-vem-pra-gran-faculdade\">Vem pra Gran Faculdade!<\/h2>\n\n\n\n<p>A Gran Faculdade vem mudando a vida de milhares de pessoas por meio de cursos \u00e0 dist\u00e2ncia de <a href=\"https:\/\/faculdade.grancursosonline.com.br\/\" target=\"_blank\" rel=\"noreferrer noopener\">gradua\u00e7\u00e3o<\/a>, <a href=\"https:\/\/pos.grancursosonline.com.br\/\" target=\"_blank\" rel=\"noreferrer noopener\">p\u00f3s-gradua\u00e7\u00e3o<\/a> e <a href=\"https:\/\/pos.grancursosonline.com.br\/mba\" target=\"_blank\" rel=\"noreferrer noopener\">MBA<\/a>. Seja no digital ou em nosso <a href=\"https:\/\/presencial.grancursosonline.com.br\/\" target=\"_blank\" rel=\"noreferrer noopener\">Campus Presencial em Curitiba<\/a>, a nossa miss\u00e3o \u00e9 transformar a educa\u00e7\u00e3o superior.<\/p>\n\n\n\n<p>Como parte de Sistema Gran de Ensino, que \u00e9 reconhecido como marca aprovadora h\u00e1 mais de 10 anos, constru\u00edmos uma renomada reputa\u00e7\u00e3o na \u00e1rea de educa\u00e7\u00e3o.<\/p>\n\n\n\n<p>Veja algumas de nossas conquistas:<\/p>\n\n\n\n<ul class=\"wp-block-list\">\n<li>Reconhecido pela Amazon como um dos projetos mais relevantes do mundo na \u00e1rea de Tecnologia e Educa\u00e7\u00e3o;<\/li>\n\n\n\n<li>Foi eleito pelo Project Management Institute (PMI), um dos 50 Projetos Mais Influentes do mundo;<\/li>\n\n\n\n<li>Somos o site de educa\u00e7\u00e3o mais acessado do Brasil;<\/li>\n\n\n\n<li>Somos avaliados com a nota m\u00e1xima pelo MEC;<\/li>\n\n\n\n<li>Aqui o semestre come\u00e7a quando quiser: entrada imediata e cont\u00ednua!<\/li>\n\n\n\n<li>Melhores pre\u00e7os do mercado;<\/li>\n\n\n\n<li>Mais de 500 mil alunos pagantes e mais de 1000 funcion\u00e1rios;<\/li>\n\n\n\n<li>Diversas ferramentas de estudo: PDFs, audiobooks, mapas mentais, videoaulas, quest\u00f5es, gerenciador de estudos e muito mais!<\/li>\n\n\n\n<li>Professores experientes e capacitados;<\/li>\n\n\n\n<li>Acesso imediato e 100% online.<\/li>\n<\/ul>\n\n\n\n<p class=\"has-text-align-center has-text-align-center\"><strong><a href=\"https:\/\/faculdade.grancursosonline.com.br\/\" target=\"_blank\" rel=\"noreferrer noopener\">Quero ser aluno da Gran Faculdade!<\/a><\/strong><\/p>\n\n\n\n<div class=\"wp-block-group has-background\" style=\"background-color:#8dd2fc7a\"><div class=\"wp-block-group__inner-container is-layout-constrained wp-block-group-is-layout-constrained\">\n<p><strong>Outras not\u00edcias em destaque:<\/strong><\/p>\n\n\n\n<ul class=\"wp-block-list\">\n<li><a href=\"https:\/\/faculdade.grancursosonline.com.br\/blog\/plano-de-estudos-para-o-enem\/\" target=\"_blank\" rel=\"noreferrer noopener\">Plano de Estudos para o Enem: como se organizar para a aprova\u00e7\u00e3o<\/a><\/li>\n\n\n\n<li><a href=\"https:\/\/faculdade.grancursosonline.com.br\/blog\/enem-e-encceja-qual-a-diferenca\/\" target=\"_blank\" rel=\"noreferrer noopener\">Enem e Encceja: qual a diferen\u00e7a e para quem serve cada um?<\/a><\/li>\n\n\n\n<li><a href=\"https:\/\/faculdade.grancursosonline.com.br\/blog\/assuntos-que-mais-caem-no-enem\/\" target=\"_blank\" rel=\"noreferrer noopener\">Assuntos que mais caem no Enem<\/a><\/li>\n<\/ul>\n<\/div><\/div>\n\n\n\n<div class=\"wp-block-group\"><div class=\"wp-block-group__inner-container is-layout-constrained wp-block-group-is-layout-constrained\">\n<div class=\"wp-block-group\"><div class=\"wp-block-group__inner-container is-layout-constrained wp-block-group-is-layout-constrained\">\n<section style=\"text-align: center;\">\n<p>Quer ficar por dentro da Faculdade Digital mais inovadora do Brasil?<\/p>\n<nav>\n<p class=\"has-background has-dark-bluish-background-color\" style=\"font-size: 25px; text-align: center; background: #f0f0f0; color: #ffffff; padding: 4px 0px 4xp 0px;\"><a style=\"color: #0d134c; text-decoration: underline;\" href=\"https:\/\/faculdade.grancursosonline.com.br\/\" target=\"_blank\" rel=\"noopener\">GRADUA\u00c7\u00c3O<\/a><\/p>\n<p class=\"has-background has-dark-bluish-background-color\" style=\"font-size: 25px; text-align: center; background: #f0f0f0; color: #ffffff; padding: 4px 0px 4xp 0px;\"><a style=\"color: #0d134c; text-decoration: underline;\" href=\"https:\/\/pos.grancursosonline.com.br\/\" target=\"_blank\" rel=\"noopener\">P\u00d3S-GRADUA\u00c7\u00c3O<\/a><\/p>\n<p class=\"has-background has-dark-bluish-background-color\" style=\"font-size: 25px; text-align: center; background: #f0f0f0; color: #ffffff; padding: 4px 0px 4xp 0px;\"><a style=\"color: #0d134c; text-decoration: underline;\" href=\"https:\/\/faculdade.grancursosonline.com.br\/nossos-cursos\/\" target=\"_blank\" rel=\"noopener\">TUDO SOBRE A GRAN FACULDADE<\/a><\/p>\n<\/nav>\n<p><strong>Receba <span style=\"color: #cf1e25;\">gratuitamente<\/span> no seu celular as principais not\u00edcias sobre a Gran Faculdade! <br \/>Clique no link abaixo e inscreva-se:<\/strong><\/p>\n<p class=\"has-background has-dark-bluish-background-color\" style=\"font-size: 25px; text-align: center; background: #f0f0f0; color: #ffffff; padding: 4px 0px 4xp 0px;\"><a style=\"color: #0d134c; text-decoration: underline;\" href=\"https:\/\/whatsapp.com\/channel\/0029VaG1sChI7Be7PNndhL43\" target=\"_blank\" rel=\"noopener noreferrer\">WHATSAPP<\/a><\/p>\n<p class=\"has-background has-dark-bluish-background-color\" style=\"font-size: 25px; text-align: center; background: #f0f0f0; color: #ffffff; padding: 4px 0px 4xp 0px;\"><a style=\"color: #0d134c; text-decoration: underline;\" href=\"https:\/\/t.me\/GranFaculdade\" target=\"_blank\" rel=\"noopener noreferrer\">TELEGRAM<\/a><\/p>\n<\/section>\n<\/div><\/div>\n<\/div><\/div>\n","protected":false},"excerpt":{"rendered":"<p>Garantir o acesso \u00e0 educa\u00e7\u00e3o \u00e9 um pilar fundamental para a constru\u00e7\u00e3o de uma sociedade mais justa e para a reintegra\u00e7\u00e3o de indiv\u00edduos. Nesse contexto, o Exame Nacional do Ensino M\u00e9dio para Pessoas Privadas de Liberdade, conhecido como Enem PPL, surge como uma iniciativa crucial, oferecendo um caminho de esperan\u00e7a e novas possibilidades. Acompanhe o&hellip;<\/p>\n","protected":false},"author":486,"featured_media":79750849,"comment_status":"open","ping_status":"open","sticky":false,"template":"","format":"standard","meta":{"_acf_changed":false,"content-type":"","footnotes":""},"categories":[1543,218545,2],"tags":[],"class_list":["post-79757004","post","type-post","status-publish","format-standard","has-post-thumbnail","hentry","category-enem","category-graduacao","category-ultimas-noticias"],"acf":[],"yoast_head":"<!-- This site is optimized with the Yoast SEO Premium plugin v27.2 (Yoast SEO v27.2) - https:\/\/yoast.com\/product\/yoast-seo-premium-wordpress\/ -->\n<title>Edital Enem PPL 2025 publicado: saiba tudo!<\/title>\n<meta name=\"description\" content=\"Saiba tudo sobre o Enem PPL 2025. Veja o que \u00e9 o exame, quem pode participar, o cronograma completo com datas de inscri\u00e7\u00e3o e provas!\" \/>\n<meta name=\"robots\" content=\"index, follow, max-snippet:-1, max-image-preview:large, max-video-preview:-1\" \/>\n<link rel=\"canonical\" href=\"https:\/\/faculdade.grancursosonline.com.br\/blog\/edital-enem-ppl-2025\/\" \/>\n<meta property=\"og:locale\" content=\"pt_BR\" \/>\n<meta property=\"og:type\" content=\"article\" \/>\n<meta property=\"og:title\" content=\"Edital Enem PPL 2025 publicado: saiba tudo!\" \/>\n<meta property=\"og:description\" content=\"Saiba tudo sobre o Enem PPL 2025. Veja o que \u00e9 o exame, quem pode participar, o cronograma completo com datas de inscri\u00e7\u00e3o e provas!\" \/>\n<meta property=\"og:url\" content=\"https:\/\/faculdade.grancursosonline.com.br\/blog\/edital-enem-ppl-2025\/\" \/>\n<meta property=\"og:site_name\" content=\"Blog Gran Faculdade\" \/>\n<meta property=\"article:publisher\" content=\"https:\/\/www.facebook.com\/grancursosonline\/\" \/>\n<meta property=\"article:published_time\" content=\"2025-08-20T14:09:27+00:00\" \/>\n<meta property=\"article:modified_time\" content=\"2025-08-20T14:09:29+00:00\" \/>\n<meta property=\"og:image\" content=\"https:\/\/faculdade.grancursosonline.com.br\/blog\/wp-content\/uploads\/2017\/11\/7-dicas-para-a-redacao-perfeita-no-enem-por-elias-santana.webp\" \/>\n\t<meta property=\"og:image:width\" content=\"1000\" \/>\n\t<meta property=\"og:image:height\" content=\"600\" \/>\n\t<meta property=\"og:image:type\" content=\"image\/webp\" \/>\n<meta name=\"author\" content=\"Equipe Gran\" \/>\n<meta name=\"twitter:card\" content=\"summary_large_image\" \/>\n<meta name=\"twitter:creator\" content=\"@gran_online\" \/>\n<meta name=\"twitter:site\" content=\"@gran_online\" \/>\n<meta name=\"twitter:label1\" content=\"Written by\" \/>\n\t<meta name=\"twitter:data1\" content=\"Equipe Gran\" \/>\n\t<meta name=\"twitter:label2\" content=\"Est. reading time\" \/>\n\t<meta name=\"twitter:data2\" content=\"8 minutos\" \/>\n<script type=\"application\/ld+json\" class=\"yoast-schema-graph\">{\"@context\":\"https:\/\/schema.org\",\"@graph\":[{\"@type\":\"NewsArticle\",\"@id\":\"https:\/\/faculdade.grancursosonline.com.br\/blog\/edital-enem-ppl-2025\/#article\",\"isPartOf\":{\"@id\":\"https:\/\/faculdade.grancursosonline.com.br\/blog\/edital-enem-ppl-2025\/\"},\"author\":{\"name\":\"Equipe Gran\",\"@id\":\"https:\/\/faculdade.grancursosonline.com.br\/blog\/#\/schema\/person\/c05f350f8ea43a7138aaffc6a87bc5e0\"},\"headline\":\"Edital Enem PPL 2025 publicado: saiba tudo!\",\"datePublished\":\"2025-08-20T14:09:27+00:00\",\"dateModified\":\"2025-08-20T14:09:29+00:00\",\"mainEntityOfPage\":{\"@id\":\"https:\/\/faculdade.grancursosonline.com.br\/blog\/edital-enem-ppl-2025\/\"},\"wordCount\":971,\"commentCount\":0,\"publisher\":{\"@id\":\"https:\/\/faculdade.grancursosonline.com.br\/blog\/#organization\"},\"image\":{\"@id\":\"https:\/\/faculdade.grancursosonline.com.br\/blog\/edital-enem-ppl-2025\/#primaryimage\"},\"thumbnailUrl\":\"https:\/\/faculdade.grancursosonline.com.br\/blog\/wp-content\/uploads\/2017\/11\/7-dicas-para-a-redacao-perfeita-no-enem-por-elias-santana.webp\",\"articleSection\":[\"ENEM\",\"Gradua\u00e7\u00e3o Gran Faculdade\",\"\u00daltimas Not\u00edcias\"],\"inLanguage\":\"pt-BR\",\"potentialAction\":[{\"@type\":\"CommentAction\",\"name\":\"Comment\",\"target\":[\"https:\/\/faculdade.grancursosonline.com.br\/blog\/edital-enem-ppl-2025\/#respond\"]}],\"copyrightYear\":\"2025\",\"copyrightHolder\":{\"@id\":\"https:\/\/faculdade.grancursosonline.com.br\/blog\/#organization\"}},{\"@type\":\"WebPage\",\"@id\":\"https:\/\/faculdade.grancursosonline.com.br\/blog\/edital-enem-ppl-2025\/\",\"url\":\"https:\/\/faculdade.grancursosonline.com.br\/blog\/edital-enem-ppl-2025\/\",\"name\":\"Edital Enem PPL 2025 publicado: saiba tudo!\",\"isPartOf\":{\"@id\":\"https:\/\/faculdade.grancursosonline.com.br\/blog\/#website\"},\"primaryImageOfPage\":{\"@id\":\"https:\/\/faculdade.grancursosonline.com.br\/blog\/edital-enem-ppl-2025\/#primaryimage\"},\"image\":{\"@id\":\"https:\/\/faculdade.grancursosonline.com.br\/blog\/edital-enem-ppl-2025\/#primaryimage\"},\"thumbnailUrl\":\"https:\/\/faculdade.grancursosonline.com.br\/blog\/wp-content\/uploads\/2017\/11\/7-dicas-para-a-redacao-perfeita-no-enem-por-elias-santana.webp\",\"datePublished\":\"2025-08-20T14:09:27+00:00\",\"dateModified\":\"2025-08-20T14:09:29+00:00\",\"description\":\"Saiba tudo sobre o Enem PPL 2025. Veja o que \u00e9 o exame, quem pode participar, o cronograma completo com datas de inscri\u00e7\u00e3o e provas!\",\"breadcrumb\":{\"@id\":\"https:\/\/faculdade.grancursosonline.com.br\/blog\/edital-enem-ppl-2025\/#breadcrumb\"},\"inLanguage\":\"pt-BR\",\"potentialAction\":[{\"@type\":\"ReadAction\",\"target\":[\"https:\/\/faculdade.grancursosonline.com.br\/blog\/edital-enem-ppl-2025\/\"]}]},{\"@type\":\"ImageObject\",\"inLanguage\":\"pt-BR\",\"@id\":\"https:\/\/faculdade.grancursosonline.com.br\/blog\/edital-enem-ppl-2025\/#primaryimage\",\"url\":\"https:\/\/faculdade.grancursosonline.com.br\/blog\/wp-content\/uploads\/2017\/11\/7-dicas-para-a-redacao-perfeita-no-enem-por-elias-santana.webp\",\"contentUrl\":\"https:\/\/faculdade.grancursosonline.com.br\/blog\/wp-content\/uploads\/2017\/11\/7-dicas-para-a-redacao-perfeita-no-enem-por-elias-santana.webp\",\"width\":1000,\"height\":600,\"caption\":\"As 7 dicas para a reda\u00e7\u00e3o perfeita no ENEM. Por: Elias Santana\"},{\"@type\":\"BreadcrumbList\",\"@id\":\"https:\/\/faculdade.grancursosonline.com.br\/blog\/edital-enem-ppl-2025\/#breadcrumb\",\"itemListElement\":[{\"@type\":\"ListItem\",\"position\":1,\"name\":\"In\u00edcio\",\"item\":\"https:\/\/faculdade.grancursosonline.com.br\/blog\/\"},{\"@type\":\"ListItem\",\"position\":2,\"name\":\"ENEM\",\"item\":\"https:\/\/faculdade.grancursosonline.com.br\/blog\/enem\/\"},{\"@type\":\"ListItem\",\"position\":3,\"name\":\"Edital Enem PPL 2025 publicado: saiba tudo!\"}]},{\"@type\":\"WebSite\",\"@id\":\"https:\/\/faculdade.grancursosonline.com.br\/blog\/#website\",\"url\":\"https:\/\/faculdade.grancursosonline.com.br\/blog\/\",\"name\":\"Blog Gran Faculdade\",\"description\":\"Tudo sobre ensino superior, p\u00f3s-gradua\u00e7\u00e3o, enem e carreira.\",\"publisher\":{\"@id\":\"https:\/\/faculdade.grancursosonline.com.br\/blog\/#organization\"},\"potentialAction\":[{\"@type\":\"SearchAction\",\"target\":{\"@type\":\"EntryPoint\",\"urlTemplate\":\"https:\/\/faculdade.grancursosonline.com.br\/blog\/?s={search_term_string}\"},\"query-input\":{\"@type\":\"PropertyValueSpecification\",\"valueRequired\":true,\"valueName\":\"search_term_string\"}}],\"inLanguage\":\"pt-BR\"},{\"@type\":\"Organization\",\"@id\":\"https:\/\/faculdade.grancursosonline.com.br\/blog\/#organization\",\"name\":\"Gran Cursos Online\",\"url\":\"https:\/\/faculdade.grancursosonline.com.br\/blog\/\",\"logo\":{\"@type\":\"ImageObject\",\"inLanguage\":\"pt-BR\",\"@id\":\"https:\/\/faculdade.grancursosonline.com.br\/blog\/#\/schema\/logo\/image\/\",\"url\":\"https:\/\/blog-es-static.infra.grancursosonline.com.br\/wp-content\/uploads\/2019\/08\/03123934\/logo.png\",\"contentUrl\":\"https:\/\/blog-es-static.infra.grancursosonline.com.br\/wp-content\/uploads\/2019\/08\/03123934\/logo.png\",\"width\":300,\"height\":57,\"caption\":\"Gran Cursos Online\"},\"image\":{\"@id\":\"https:\/\/faculdade.grancursosonline.com.br\/blog\/#\/schema\/logo\/image\/\"},\"sameAs\":[\"https:\/\/www.facebook.com\/grancursosonline\/\",\"https:\/\/x.com\/gran_online\",\"https:\/\/www.instagram.com\/grancursosonline\/\",\"https:\/\/www.youtube.com\/user\/grancursostv\"]},{\"@type\":\"Person\",\"@id\":\"https:\/\/faculdade.grancursosonline.com.br\/blog\/#\/schema\/person\/c05f350f8ea43a7138aaffc6a87bc5e0\",\"name\":\"Equipe Gran\",\"sameAs\":[\"http:\/\/www.grancursosonline.com.br\"],\"url\":\"https:\/\/faculdade.grancursosonline.com.br\/blog\/author\/hugo-oliveira\/\"}]}<\/script>\n<!-- \/ Yoast SEO Premium plugin. -->","yoast_head_json":{"title":"Edital Enem PPL 2025 publicado: saiba tudo!","description":"Saiba tudo sobre o Enem PPL 2025. Veja o que \u00e9 o exame, quem pode participar, o cronograma completo com datas de inscri\u00e7\u00e3o e provas!","robots":{"index":"index","follow":"follow","max-snippet":"max-snippet:-1","max-image-preview":"max-image-preview:large","max-video-preview":"max-video-preview:-1"},"canonical":"https:\/\/faculdade.grancursosonline.com.br\/blog\/edital-enem-ppl-2025\/","og_locale":"pt_BR","og_type":"article","og_title":"Edital Enem PPL 2025 publicado: saiba tudo!","og_description":"Saiba tudo sobre o Enem PPL 2025. Veja o que \u00e9 o exame, quem pode participar, o cronograma completo com datas de inscri\u00e7\u00e3o e provas!","og_url":"https:\/\/faculdade.grancursosonline.com.br\/blog\/edital-enem-ppl-2025\/","og_site_name":"Blog Gran Faculdade","article_publisher":"https:\/\/www.facebook.com\/grancursosonline\/","article_published_time":"2025-08-20T14:09:27+00:00","article_modified_time":"2025-08-20T14:09:29+00:00","og_image":[{"width":1000,"height":600,"url":"https:\/\/faculdade.grancursosonline.com.br\/blog\/wp-content\/uploads\/2017\/11\/7-dicas-para-a-redacao-perfeita-no-enem-por-elias-santana.webp","type":"image\/webp"}],"author":"Equipe Gran","twitter_card":"summary_large_image","twitter_creator":"@gran_online","twitter_site":"@gran_online","twitter_misc":{"Written by":"Equipe Gran","Est. reading time":"8 minutos"},"schema":{"@context":"https:\/\/schema.org","@graph":[{"@type":"NewsArticle","@id":"https:\/\/faculdade.grancursosonline.com.br\/blog\/edital-enem-ppl-2025\/#article","isPartOf":{"@id":"https:\/\/faculdade.grancursosonline.com.br\/blog\/edital-enem-ppl-2025\/"},"author":{"name":"Equipe Gran","@id":"https:\/\/faculdade.grancursosonline.com.br\/blog\/#\/schema\/person\/c05f350f8ea43a7138aaffc6a87bc5e0"},"headline":"Edital Enem PPL 2025 publicado: saiba tudo!","datePublished":"2025-08-20T14:09:27+00:00","dateModified":"2025-08-20T14:09:29+00:00","mainEntityOfPage":{"@id":"https:\/\/faculdade.grancursosonline.com.br\/blog\/edital-enem-ppl-2025\/"},"wordCount":971,"commentCount":0,"publisher":{"@id":"https:\/\/faculdade.grancursosonline.com.br\/blog\/#organization"},"image":{"@id":"https:\/\/faculdade.grancursosonline.com.br\/blog\/edital-enem-ppl-2025\/#primaryimage"},"thumbnailUrl":"https:\/\/faculdade.grancursosonline.com.br\/blog\/wp-content\/uploads\/2017\/11\/7-dicas-para-a-redacao-perfeita-no-enem-por-elias-santana.webp","articleSection":["ENEM","Gradua\u00e7\u00e3o Gran Faculdade","\u00daltimas Not\u00edcias"],"inLanguage":"pt-BR","potentialAction":[{"@type":"CommentAction","name":"Comment","target":["https:\/\/faculdade.grancursosonline.com.br\/blog\/edital-enem-ppl-2025\/#respond"]}],"copyrightYear":"2025","copyrightHolder":{"@id":"https:\/\/faculdade.grancursosonline.com.br\/blog\/#organization"}},{"@type":"WebPage","@id":"https:\/\/faculdade.grancursosonline.com.br\/blog\/edital-enem-ppl-2025\/","url":"https:\/\/faculdade.grancursosonline.com.br\/blog\/edital-enem-ppl-2025\/","name":"Edital Enem PPL 2025 publicado: saiba tudo!","isPartOf":{"@id":"https:\/\/faculdade.grancursosonline.com.br\/blog\/#website"},"primaryImageOfPage":{"@id":"https:\/\/faculdade.grancursosonline.com.br\/blog\/edital-enem-ppl-2025\/#primaryimage"},"image":{"@id":"https:\/\/faculdade.grancursosonline.com.br\/blog\/edital-enem-ppl-2025\/#primaryimage"},"thumbnailUrl":"https:\/\/faculdade.grancursosonline.com.br\/blog\/wp-content\/uploads\/2017\/11\/7-dicas-para-a-redacao-perfeita-no-enem-por-elias-santana.webp","datePublished":"2025-08-20T14:09:27+00:00","dateModified":"2025-08-20T14:09:29+00:00","description":"Saiba tudo sobre o Enem PPL 2025. Veja o que \u00e9 o exame, quem pode participar, o cronograma completo com datas de inscri\u00e7\u00e3o e provas!","breadcrumb":{"@id":"https:\/\/faculdade.grancursosonline.com.br\/blog\/edital-enem-ppl-2025\/#breadcrumb"},"inLanguage":"pt-BR","potentialAction":[{"@type":"ReadAction","target":["https:\/\/faculdade.grancursosonline.com.br\/blog\/edital-enem-ppl-2025\/"]}]},{"@type":"ImageObject","inLanguage":"pt-BR","@id":"https:\/\/faculdade.grancursosonline.com.br\/blog\/edital-enem-ppl-2025\/#primaryimage","url":"https:\/\/faculdade.grancursosonline.com.br\/blog\/wp-content\/uploads\/2017\/11\/7-dicas-para-a-redacao-perfeita-no-enem-por-elias-santana.webp","contentUrl":"https:\/\/faculdade.grancursosonline.com.br\/blog\/wp-content\/uploads\/2017\/11\/7-dicas-para-a-redacao-perfeita-no-enem-por-elias-santana.webp","width":1000,"height":600,"caption":"As 7 dicas para a reda\u00e7\u00e3o perfeita no ENEM. Por: Elias Santana"},{"@type":"BreadcrumbList","@id":"https:\/\/faculdade.grancursosonline.com.br\/blog\/edital-enem-ppl-2025\/#breadcrumb","itemListElement":[{"@type":"ListItem","position":1,"name":"In\u00edcio","item":"https:\/\/faculdade.grancursosonline.com.br\/blog\/"},{"@type":"ListItem","position":2,"name":"ENEM","item":"https:\/\/faculdade.grancursosonline.com.br\/blog\/enem\/"},{"@type":"ListItem","position":3,"name":"Edital Enem PPL 2025 publicado: saiba tudo!"}]},{"@type":"WebSite","@id":"https:\/\/faculdade.grancursosonline.com.br\/blog\/#website","url":"https:\/\/faculdade.grancursosonline.com.br\/blog\/","name":"Blog Gran Faculdade","description":"Tudo sobre ensino superior, p\u00f3s-gradua\u00e7\u00e3o, enem e carreira.","publisher":{"@id":"https:\/\/faculdade.grancursosonline.com.br\/blog\/#organization"},"potentialAction":[{"@type":"SearchAction","target":{"@type":"EntryPoint","urlTemplate":"https:\/\/faculdade.grancursosonline.com.br\/blog\/?s={search_term_string}"},"query-input":{"@type":"PropertyValueSpecification","valueRequired":true,"valueName":"search_term_string"}}],"inLanguage":"pt-BR"},{"@type":"Organization","@id":"https:\/\/faculdade.grancursosonline.com.br\/blog\/#organization","name":"Gran Cursos Online","url":"https:\/\/faculdade.grancursosonline.com.br\/blog\/","logo":{"@type":"ImageObject","inLanguage":"pt-BR","@id":"https:\/\/faculdade.grancursosonline.com.br\/blog\/#\/schema\/logo\/image\/","url":"https:\/\/blog-es-static.infra.grancursosonline.com.br\/wp-content\/uploads\/2019\/08\/03123934\/logo.png","contentUrl":"https:\/\/blog-es-static.infra.grancursosonline.com.br\/wp-content\/uploads\/2019\/08\/03123934\/logo.png","width":300,"height":57,"caption":"Gran Cursos Online"},"image":{"@id":"https:\/\/faculdade.grancursosonline.com.br\/blog\/#\/schema\/logo\/image\/"},"sameAs":["https:\/\/www.facebook.com\/grancursosonline\/","https:\/\/x.com\/gran_online","https:\/\/www.instagram.com\/grancursosonline\/","https:\/\/www.youtube.com\/user\/grancursostv"]},{"@type":"Person","@id":"https:\/\/faculdade.grancursosonline.com.br\/blog\/#\/schema\/person\/c05f350f8ea43a7138aaffc6a87bc5e0","name":"Equipe Gran","sameAs":["http:\/\/www.grancursosonline.com.br"],"url":"https:\/\/faculdade.grancursosonline.com.br\/blog\/author\/hugo-oliveira\/"}]}},"_links":{"self":[{"href":"https:\/\/faculdade.grancursosonline.com.br\/blog\/wp-json\/wp\/v2\/posts\/79757004","targetHints":{"allow":["GET"]}}],"collection":[{"href":"https:\/\/faculdade.grancursosonline.com.br\/blog\/wp-json\/wp\/v2\/posts"}],"about":[{"href":"https:\/\/faculdade.grancursosonline.com.br\/blog\/wp-json\/wp\/v2\/types\/post"}],"author":[{"embeddable":true,"href":"https:\/\/faculdade.grancursosonline.com.br\/blog\/wp-json\/wp\/v2\/users\/486"}],"replies":[{"embeddable":true,"href":"https:\/\/faculdade.grancursosonline.com.br\/blog\/wp-json\/wp\/v2\/comments?post=79757004"}],"version-history":[{"count":1,"href":"https:\/\/faculdade.grancursosonline.com.br\/blog\/wp-json\/wp\/v2\/posts\/79757004\/revisions"}],"predecessor-version":[{"id":79757006,"href":"https:\/\/faculdade.grancursosonline.com.br\/blog\/wp-json\/wp\/v2\/posts\/79757004\/revisions\/79757006"}],"wp:featuredmedia":[{"embeddable":true,"href":"https:\/\/faculdade.grancursosonline.com.br\/blog\/wp-json\/wp\/v2\/media\/79750849"}],"wp:attachment":[{"href":"https:\/\/faculdade.grancursosonline.com.br\/blog\/wp-json\/wp\/v2\/media?parent=79757004"}],"wp:term":[{"taxonomy":"category","embeddable":true,"href":"https:\/\/faculdade.grancursosonline.com.br\/blog\/wp-json\/wp\/v2\/categories?post=79757004"},{"taxonomy":"post_tag","embeddable":true,"href":"https:\/\/faculdade.grancursosonline.com.br\/blog\/wp-json\/wp\/v2\/tags?post=79757004"}],"curies":[{"name":"wp","href":"https:\/\/api.w.org\/{rel}","templated":true}]}}