{"id":79757227,"date":"2025-08-26T13:33:06","date_gmt":"2025-08-26T16:33:06","guid":{"rendered":"https:\/\/faculdade.grancursosonline.com.br\/blog\/?p=79757227"},"modified":"2025-08-26T13:34:05","modified_gmt":"2025-08-26T16:34:05","slug":"pas-unb-2025-inscricoes-abertas","status":"publish","type":"post","link":"https:\/\/faculdade.grancursosonline.com.br\/blog\/pas-unb-2025-inscricoes-abertas\/","title":{"rendered":"PAS UnB 2025: inscri\u00e7\u00f5es abertas; confira!"},"content":{"rendered":"\n<p>As inscri\u00e7\u00f5es para o PAS UnB 2025 est\u00e3o abertas! Voc\u00ea j\u00e1 pode garantir a sua participa\u00e7\u00e3o no Programa de Avalia\u00e7\u00e3o Seriada da Universidade de Bras\u00edlia. As inscri\u00e7\u00f5es para o PAS 1 e 2 come\u00e7am hoje e v\u00e3o at\u00e9 o dia 24 de setembro, e para o PAS 3 o per\u00edodo \u00e9 de 26 de agosto a 18 de setembro.<\/p>\n\n\n\n<p>Acompanhe na \u00edntegra para saber mais, ou navegue pelo \u00edndice se preferir: <\/p>\n\n\n\n<ul class=\"wp-block-list\">\n<li><a href=\"#h-quando-comecam-as-inscricoes-para-o-pas-unb-2025\">Quando come\u00e7am as inscri\u00e7\u00f5es para o PAS UnB 2025?<\/a><\/li>\n\n\n\n<li><a href=\"#h-onde-faco-minha-inscricao-para-o-pas-unb-2025\">Onde fa\u00e7o minha inscri\u00e7\u00e3o para o PAS Unb 2025?<\/a><\/li>\n\n\n\n<li><a href=\"#h-qual-o-valor-da-taxa-de-inscricao-do-pas-unb-2025\">Qual o valor da taxa de inscri\u00e7\u00e3o do PAS UnB 2025? <\/a><\/li>\n\n\n\n<li><a href=\"#h-quando-sera-a-prova-do-pas-unb-2025\">Quando ser\u00e1 a prova do PAS UnB 2025?<\/a><\/li>\n\n\n\n<li><a href=\"#h-quantas-vagas-o-pas-unb-2025-ira-oferecer\">Quantas vagas o PAS UnB 2025 ir\u00e1 oferecer?<\/a><\/li>\n<\/ul>\n\n\n\n<div class=\"wp-block-columns is-layout-flex wp-container-core-columns-is-layout-9d6595d7 wp-block-columns-is-layout-flex\">\n<div class=\"wp-block-column is-layout-flow wp-block-column-is-layout-flow\" style=\"flex-basis:100%\"><div class=\"wp-block-image\">\n<figure class=\"aligncenter size-full\"><a href=\"https:\/\/whatsapp.com\/channel\/0029VaG1sChI7Be7PNndhL43\" target=\"_blank\" rel=\"noopener\"><img decoding=\"async\" src=\"https:\/\/blog-es-static.infra.grancursosonline.com.br\/wp-content\/uploads\/2025\/09\/09112354\/banner-wp-600x142-80.webp\" alt=\"Acesse o canal do WhatsApp da Gran Faculdade\" class=\"wp-image-79751904\"\/><\/a><\/figure>\n<\/div><\/div>\n<\/div>\n\n\n\n<h2 class=\"wp-block-heading\" id=\"h-quando-comecam-as-inscricoes-para-o-pas-unb-2025\">Quando come\u00e7am as inscri\u00e7\u00f5es para o PAS UnB 2025?<\/h2>\n\n\n\n<p>As inscri\u00e7\u00f5es do PAS UnB 2025 come\u00e7am hoje, dia 26 de agosto. A data de t\u00e9rmino das inscri\u00e7\u00f5es varia de acordo com cada Subprograma, confira o prazo de cada um:<\/p>\n\n\n\n<ul class=\"wp-block-list\">\n<li><strong>Subprograma 2025-2027 (PAS 1)<\/strong> &#8211; Inscri\u00e7\u00f5es de 26 de agosto at\u00e9 \u00e0s 18h do dia 24 de setembro de 2025;<\/li>\n\n\n\n<li><strong>Subprograma 2024-2026 (PAS 2)<\/strong> &#8211; Inscri\u00e7\u00f5es de 26 de agosto at\u00e9 \u00e0s 18h do dia 24 de setembro de 2025;<\/li>\n\n\n\n<li><strong>Subprograma 2023-2025 (PAS 3)<\/strong> &#8211; Inscri\u00e7\u00f5es de 26 de agosto at\u00e9 \u00e0s 18h do dia 18 de setembro. <\/li>\n<\/ul>\n\n\n\n<h2 class=\"wp-block-heading\" id=\"h-onde-faco-minha-inscricao-para-o-pas-unb-2025\">Onde fa\u00e7o minha inscri\u00e7\u00e3o para o PAS Unb 2025?<\/h2>\n\n\n\n<p>Com as inscri\u00e7\u00f5es abertas, muitos estudantes talvez estejam se perguntando por onde fazer. Voc\u00ea pode fazer a sua inscri\u00e7\u00e3o no site do CEBRASPE, banca organizadora do PAS, atrav\u00e9s do link: https:\/\/www.cebraspe.org.br\/pas\/subprogramas\/<\/p>\n\n\n\n<h2 class=\"wp-block-heading\" id=\"h-qual-o-valor-da-taxa-de-inscricao-do-pas-unb-2025\">Qual o valor da taxa de inscri\u00e7\u00e3o do PAS UnB 2025?<\/h2>\n\n\n\n<p>O PAS UNB 2025 tamb\u00e9m tem valores de taxas que mudam de acordo com o Subprograma do candidato, veja:<\/p>\n\n\n\n<ul class=\"wp-block-list\">\n<li><strong>Subprograma 2025-2027 (PAS 1)<\/strong> &#8211; taxa de R$ 133,80;<\/li>\n\n\n\n<li><strong>Subprograma 2024-2026 (PAS 2)<\/strong> &#8211; taxa de R$ 137,84;<\/li>\n\n\n\n<li><strong>Subprograma 2023-2025 (PAS 3)<\/strong> &#8211; taxa de R$ 133,80.<\/li>\n<\/ul>\n\n\n\n<h2 class=\"wp-block-heading\" id=\"h-quando-sera-a-prova-do-pas-unb-2025\">Quando ser\u00e1 a prova do PAS UnB 2025?<\/h2>\n\n\n\n<p>As provas do Programa de Avalia\u00e7\u00e3o Seriada da Univers\u00eddade de Bras\u00edlia, ter\u00e3o datas variadas de acordo com o subprograma de cada candidato, as datas s\u00e3o:<\/p>\n\n\n\n<ul class=\"wp-block-list\">\n<li><strong>Prova do PAS 3<\/strong>: 30 de novembro de 2025;<\/li>\n\n\n\n<li><strong>Prova do PAS 1<\/strong>: 7 de dezembro de 2025;<\/li>\n\n\n\n<li><strong>Prova do PAS 2<\/strong>: 14 de dezembro de 2025.<\/li>\n<\/ul>\n\n\n\n<h3 class=\"wp-block-heading\" id=\"h-quando-sai-o-resultado-do-pas-unb-2025\">Quando sai o resultado do PAS UnB 2025?<\/h3>\n\n\n\n<p>O resultado final do PAS 3, dever\u00e1 ser divulgado no dia 9 de fevereiro de 2026.<\/p>\n\n\n\n<h2 class=\"wp-block-heading\" id=\"h-quantas-vagas-o-pas-unb-2025-ira-oferecer\">Quantas vagas o PAS UnB 2025 ir\u00e1 oferecer?<\/h2>\n\n\n\n<p>De acordo com informa\u00e7\u00f5es do edital do PAS UnB 2025, divulgado pelo CEBRASPE no come\u00e7o de agosto, o quantitativo de vagas oferecidas, ser\u00e1 de 4.212. Sendo 2.102 para o primeiro semestre letivo de 2026 e 2.110 para o segundo semestre letivo de 2026.<\/p>\n\n\n\n<p>Acompanhe mais informa\u00e7\u00f5es sobre o <a href=\"https:\/\/faculdade.grancursosonline.com.br\/blog\/vestibular-unb-2026-inscricoes-abertas\/\" target=\"_blank\" rel=\"noreferrer noopener\">Vestibular da UnB<\/a> e o <a href=\"https:\/\/faculdade.grancursosonline.com.br\/blog\/pas-unb\/\" target=\"_blank\" rel=\"noreferrer noopener\">PAS UnB<\/a> no nosso blog! <\/p>\n\n\n\n<div class=\"wp-block-group\"><div class=\"wp-block-group__inner-container is-layout-constrained wp-block-group-is-layout-constrained\">\n<div class=\"wp-block-group\"><div class=\"wp-block-group__inner-container is-layout-constrained wp-block-group-is-layout-constrained\">\n<section style=\"text-align: center;\">\n<p>Quer ficar por dentro da Faculdade Digital mais inovadora do Brasil?<\/p>\n<nav>\n<p class=\"has-background has-dark-bluish-background-color\" style=\"font-size: 25px; text-align: center; background: #f0f0f0; color: #ffffff; padding: 4px 0px 4xp 0px;\"><a style=\"color: #0d134c; text-decoration: underline;\" href=\"https:\/\/faculdade.grancursosonline.com.br\/\" target=\"_blank\" rel=\"noopener\">GRADUA\u00c7\u00c3O<\/a><\/p>\n<p class=\"has-background has-dark-bluish-background-color\" style=\"font-size: 25px; text-align: center; background: #f0f0f0; color: #ffffff; padding: 4px 0px 4xp 0px;\"><a style=\"color: #0d134c; text-decoration: underline;\" href=\"https:\/\/pos.grancursosonline.com.br\/\" target=\"_blank\" rel=\"noopener\">P\u00d3S-GRADUA\u00c7\u00c3O<\/a><\/p>\n<p class=\"has-background has-dark-bluish-background-color\" style=\"font-size: 25px; text-align: center; background: #f0f0f0; color: #ffffff; padding: 4px 0px 4xp 0px;\"><a style=\"color: #0d134c; text-decoration: underline;\" href=\"https:\/\/faculdade.grancursosonline.com.br\/nossos-cursos\/\" target=\"_blank\" rel=\"noopener\">TUDO SOBRE A GRAN FACULDADE<\/a><\/p>\n<\/nav>\n<p><strong>Receba <span style=\"color: #cf1e25;\">gratuitamente<\/span> no seu celular as principais not\u00edcias sobre a Gran Faculdade! <br \/>Clique no link abaixo e inscreva-se:<\/strong><\/p>\n<p class=\"has-background has-dark-bluish-background-color\" style=\"font-size: 25px; text-align: center; background: #f0f0f0; color: #ffffff; padding: 4px 0px 4xp 0px;\"><a style=\"color: #0d134c; text-decoration: underline;\" href=\"https:\/\/whatsapp.com\/channel\/0029VaG1sChI7Be7PNndhL43\" target=\"_blank\" rel=\"noopener noreferrer\">WHATSAPP<\/a><\/p>\n<p class=\"has-background has-dark-bluish-background-color\" style=\"font-size: 25px; text-align: center; background: #f0f0f0; color: #ffffff; padding: 4px 0px 4xp 0px;\"><a style=\"color: #0d134c; text-decoration: underline;\" href=\"https:\/\/t.me\/GranFaculdade\" target=\"_blank\" rel=\"noopener noreferrer\">TELEGRAM<\/a><\/p>\n<\/section>\n<\/div><\/div>\n<\/div><\/div>\n","protected":false},"excerpt":{"rendered":"<p>As inscri\u00e7\u00f5es para o PAS UnB 2025 est\u00e3o abertas! Voc\u00ea j\u00e1 pode garantir a sua participa\u00e7\u00e3o no Programa de Avalia\u00e7\u00e3o Seriada da Universidade de Bras\u00edlia. As inscri\u00e7\u00f5es para o PAS 1 e 2 come\u00e7am hoje e v\u00e3o at\u00e9 o dia 24 de setembro, e para o PAS 3 o per\u00edodo \u00e9 de 26 de agosto&hellip;<\/p>\n","protected":false},"author":514,"featured_media":79757231,"comment_status":"open","ping_status":"open","sticky":false,"template":"","format":"standard","meta":{"_acf_changed":false,"content-type":"","footnotes":""},"categories":[219790,218545,2],"tags":[],"class_list":["post-79757227","post","type-post","status-publish","format-standard","has-post-thumbnail","hentry","category-graduacao-ead","category-graduacao","category-ultimas-noticias"],"acf":[],"yoast_head":"<!-- This site is optimized with the Yoast SEO Premium plugin v27.2 (Yoast SEO v27.2) - https:\/\/yoast.com\/product\/yoast-seo-premium-wordpress\/ -->\n<title>PAS UnB 2025: inscri\u00e7\u00f5es abertas; confira!<\/title>\n<meta name=\"description\" content=\"O PAS UnB 2025 est\u00e1 com inscri\u00e7\u00f5es abertas. Saiba tudo sobre o Programa de Avalia\u00e7\u00e3o Seriada da Universidade de Bras\u00edlia aqui!\" \/>\n<meta name=\"robots\" content=\"index, follow, max-snippet:-1, max-image-preview:large, max-video-preview:-1\" \/>\n<link rel=\"canonical\" href=\"https:\/\/faculdade.grancursosonline.com.br\/blog\/pas-unb-2025-inscricoes-abertas\/\" \/>\n<meta property=\"og:locale\" content=\"pt_BR\" \/>\n<meta property=\"og:type\" content=\"article\" \/>\n<meta property=\"og:title\" content=\"PAS UnB 2025: inscri\u00e7\u00f5es abertas; confira!\" \/>\n<meta property=\"og:description\" content=\"O PAS UnB 2025 est\u00e1 com inscri\u00e7\u00f5es abertas. Saiba tudo sobre o Programa de Avalia\u00e7\u00e3o Seriada da Universidade de Bras\u00edlia aqui!\" \/>\n<meta property=\"og:url\" content=\"https:\/\/faculdade.grancursosonline.com.br\/blog\/pas-unb-2025-inscricoes-abertas\/\" \/>\n<meta property=\"og:site_name\" content=\"Blog Gran Faculdade\" \/>\n<meta property=\"article:publisher\" content=\"https:\/\/www.facebook.com\/grancursosonline\/\" \/>\n<meta property=\"article:published_time\" content=\"2025-08-26T16:33:06+00:00\" \/>\n<meta property=\"article:modified_time\" content=\"2025-08-26T16:34:05+00:00\" \/>\n<meta property=\"og:image\" content=\"https:\/\/blog-es-static.infra.grancursosonline.com.br\/wp-content\/uploads\/2025\/08\/26133157\/pas-unb-2025-2.jpg\" \/>\n\t<meta property=\"og:image:width\" content=\"511\" \/>\n\t<meta property=\"og:image:height\" content=\"311\" \/>\n\t<meta property=\"og:image:type\" content=\"image\/jpeg\" \/>\n<meta name=\"author\" content=\"Guilherme Henrique\" \/>\n<meta name=\"twitter:card\" content=\"summary_large_image\" \/>\n<meta name=\"twitter:creator\" content=\"@gran_online\" \/>\n<meta name=\"twitter:site\" content=\"@gran_online\" \/>\n<meta name=\"twitter:label1\" content=\"Written by\" \/>\n\t<meta name=\"twitter:data1\" content=\"Guilherme Henrique\" \/>\n\t<meta name=\"twitter:label2\" content=\"Est. reading time\" \/>\n\t<meta name=\"twitter:data2\" content=\"8 minutos\" \/>\n<script type=\"application\/ld+json\" class=\"yoast-schema-graph\">{\"@context\":\"https:\/\/schema.org\",\"@graph\":[{\"@type\":\"NewsArticle\",\"@id\":\"https:\/\/faculdade.grancursosonline.com.br\/blog\/pas-unb-2025-inscricoes-abertas\/#article\",\"isPartOf\":{\"@id\":\"https:\/\/faculdade.grancursosonline.com.br\/blog\/pas-unb-2025-inscricoes-abertas\/\"},\"author\":{\"name\":\"Guilherme Henrique\",\"@id\":\"https:\/\/faculdade.grancursosonline.com.br\/blog\/#\/schema\/person\/9745f9b6db8976613c1f439dbcfe717d\"},\"headline\":\"PAS UnB 2025: inscri\u00e7\u00f5es abertas; confira!\",\"datePublished\":\"2025-08-26T16:33:06+00:00\",\"dateModified\":\"2025-08-26T16:34:05+00:00\",\"mainEntityOfPage\":{\"@id\":\"https:\/\/faculdade.grancursosonline.com.br\/blog\/pas-unb-2025-inscricoes-abertas\/\"},\"wordCount\":453,\"commentCount\":1,\"publisher\":{\"@id\":\"https:\/\/faculdade.grancursosonline.com.br\/blog\/#organization\"},\"image\":{\"@id\":\"https:\/\/faculdade.grancursosonline.com.br\/blog\/pas-unb-2025-inscricoes-abertas\/#primaryimage\"},\"thumbnailUrl\":\"https:\/\/blog-es-static.infra.grancursosonline.com.br\/wp-content\/uploads\/2025\/08\/26133129\/pas-unb-2025.jpg\",\"articleSection\":[\"Gradua\u00e7\u00e3o EAD\",\"Gradua\u00e7\u00e3o Gran Faculdade\",\"\u00daltimas Not\u00edcias\"],\"inLanguage\":\"pt-BR\",\"potentialAction\":[{\"@type\":\"CommentAction\",\"name\":\"Comment\",\"target\":[\"https:\/\/faculdade.grancursosonline.com.br\/blog\/pas-unb-2025-inscricoes-abertas\/#respond\"]}],\"copyrightYear\":\"2025\",\"copyrightHolder\":{\"@id\":\"https:\/\/faculdade.grancursosonline.com.br\/blog\/#organization\"}},{\"@type\":\"WebPage\",\"@id\":\"https:\/\/faculdade.grancursosonline.com.br\/blog\/pas-unb-2025-inscricoes-abertas\/\",\"url\":\"https:\/\/faculdade.grancursosonline.com.br\/blog\/pas-unb-2025-inscricoes-abertas\/\",\"name\":\"PAS UnB 2025: inscri\u00e7\u00f5es abertas; confira!\",\"isPartOf\":{\"@id\":\"https:\/\/faculdade.grancursosonline.com.br\/blog\/#website\"},\"primaryImageOfPage\":{\"@id\":\"https:\/\/faculdade.grancursosonline.com.br\/blog\/pas-unb-2025-inscricoes-abertas\/#primaryimage\"},\"image\":{\"@id\":\"https:\/\/faculdade.grancursosonline.com.br\/blog\/pas-unb-2025-inscricoes-abertas\/#primaryimage\"},\"thumbnailUrl\":\"https:\/\/blog-es-static.infra.grancursosonline.com.br\/wp-content\/uploads\/2025\/08\/26133129\/pas-unb-2025.jpg\",\"datePublished\":\"2025-08-26T16:33:06+00:00\",\"dateModified\":\"2025-08-26T16:34:05+00:00\",\"description\":\"O PAS UnB 2025 est\u00e1 com inscri\u00e7\u00f5es abertas. Saiba tudo sobre o Programa de Avalia\u00e7\u00e3o Seriada da Universidade de Bras\u00edlia aqui!\",\"breadcrumb\":{\"@id\":\"https:\/\/faculdade.grancursosonline.com.br\/blog\/pas-unb-2025-inscricoes-abertas\/#breadcrumb\"},\"inLanguage\":\"pt-BR\",\"potentialAction\":[{\"@type\":\"ReadAction\",\"target\":[\"https:\/\/faculdade.grancursosonline.com.br\/blog\/pas-unb-2025-inscricoes-abertas\/\"]}]},{\"@type\":\"ImageObject\",\"inLanguage\":\"pt-BR\",\"@id\":\"https:\/\/faculdade.grancursosonline.com.br\/blog\/pas-unb-2025-inscricoes-abertas\/#primaryimage\",\"url\":\"https:\/\/blog-es-static.infra.grancursosonline.com.br\/wp-content\/uploads\/2025\/08\/26133129\/pas-unb-2025.jpg\",\"contentUrl\":\"https:\/\/blog-es-static.infra.grancursosonline.com.br\/wp-content\/uploads\/2025\/08\/26133129\/pas-unb-2025.jpg\",\"width\":1001,\"height\":601,\"caption\":\"PAS UnB 2025: inscri\u00e7\u00f5es abertas; confira!\"},{\"@type\":\"BreadcrumbList\",\"@id\":\"https:\/\/faculdade.grancursosonline.com.br\/blog\/pas-unb-2025-inscricoes-abertas\/#breadcrumb\",\"itemListElement\":[{\"@type\":\"ListItem\",\"position\":1,\"name\":\"In\u00edcio\",\"item\":\"https:\/\/faculdade.grancursosonline.com.br\/blog\/\"},{\"@type\":\"ListItem\",\"position\":2,\"name\":\"Gradua\u00e7\u00e3o Gran Faculdade\",\"item\":\"https:\/\/faculdade.grancursosonline.com.br\/blog\/graduacao\/\"},{\"@type\":\"ListItem\",\"position\":3,\"name\":\"PAS UnB 2025: inscri\u00e7\u00f5es abertas; confira!\"}]},{\"@type\":\"WebSite\",\"@id\":\"https:\/\/faculdade.grancursosonline.com.br\/blog\/#website\",\"url\":\"https:\/\/faculdade.grancursosonline.com.br\/blog\/\",\"name\":\"Blog Gran Faculdade\",\"description\":\"Tudo sobre ensino superior, p\u00f3s-gradua\u00e7\u00e3o, enem e carreira.\",\"publisher\":{\"@id\":\"https:\/\/faculdade.grancursosonline.com.br\/blog\/#organization\"},\"potentialAction\":[{\"@type\":\"SearchAction\",\"target\":{\"@type\":\"EntryPoint\",\"urlTemplate\":\"https:\/\/faculdade.grancursosonline.com.br\/blog\/?s={search_term_string}\"},\"query-input\":{\"@type\":\"PropertyValueSpecification\",\"valueRequired\":true,\"valueName\":\"search_term_string\"}}],\"inLanguage\":\"pt-BR\"},{\"@type\":\"Organization\",\"@id\":\"https:\/\/faculdade.grancursosonline.com.br\/blog\/#organization\",\"name\":\"Gran Cursos Online\",\"url\":\"https:\/\/faculdade.grancursosonline.com.br\/blog\/\",\"logo\":{\"@type\":\"ImageObject\",\"inLanguage\":\"pt-BR\",\"@id\":\"https:\/\/faculdade.grancursosonline.com.br\/blog\/#\/schema\/logo\/image\/\",\"url\":\"https:\/\/blog-es-static.infra.grancursosonline.com.br\/wp-content\/uploads\/2019\/08\/03123934\/logo.png\",\"contentUrl\":\"https:\/\/blog-es-static.infra.grancursosonline.com.br\/wp-content\/uploads\/2019\/08\/03123934\/logo.png\",\"width\":300,\"height\":57,\"caption\":\"Gran Cursos Online\"},\"image\":{\"@id\":\"https:\/\/faculdade.grancursosonline.com.br\/blog\/#\/schema\/logo\/image\/\"},\"sameAs\":[\"https:\/\/www.facebook.com\/grancursosonline\/\",\"https:\/\/x.com\/gran_online\",\"https:\/\/www.instagram.com\/grancursosonline\/\",\"https:\/\/www.youtube.com\/user\/grancursostv\"]},{\"@type\":\"Person\",\"@id\":\"https:\/\/faculdade.grancursosonline.com.br\/blog\/#\/schema\/person\/9745f9b6db8976613c1f439dbcfe717d\",\"name\":\"Guilherme Henrique\",\"url\":\"https:\/\/faculdade.grancursosonline.com.br\/blog\/author\/guilherme-lourenco\/\"}]}<\/script>\n<!-- \/ Yoast SEO Premium plugin. -->","yoast_head_json":{"title":"PAS UnB 2025: inscri\u00e7\u00f5es abertas; confira!","description":"O PAS UnB 2025 est\u00e1 com inscri\u00e7\u00f5es abertas. Saiba tudo sobre o Programa de Avalia\u00e7\u00e3o Seriada da Universidade de Bras\u00edlia aqui!","robots":{"index":"index","follow":"follow","max-snippet":"max-snippet:-1","max-image-preview":"max-image-preview:large","max-video-preview":"max-video-preview:-1"},"canonical":"https:\/\/faculdade.grancursosonline.com.br\/blog\/pas-unb-2025-inscricoes-abertas\/","og_locale":"pt_BR","og_type":"article","og_title":"PAS UnB 2025: inscri\u00e7\u00f5es abertas; confira!","og_description":"O PAS UnB 2025 est\u00e1 com inscri\u00e7\u00f5es abertas. Saiba tudo sobre o Programa de Avalia\u00e7\u00e3o Seriada da Universidade de Bras\u00edlia aqui!","og_url":"https:\/\/faculdade.grancursosonline.com.br\/blog\/pas-unb-2025-inscricoes-abertas\/","og_site_name":"Blog Gran Faculdade","article_publisher":"https:\/\/www.facebook.com\/grancursosonline\/","article_published_time":"2025-08-26T16:33:06+00:00","article_modified_time":"2025-08-26T16:34:05+00:00","og_image":[{"width":511,"height":311,"url":"https:\/\/blog-es-static.infra.grancursosonline.com.br\/wp-content\/uploads\/2025\/08\/26133157\/pas-unb-2025-2.jpg","type":"image\/jpeg"}],"author":"Guilherme Henrique","twitter_card":"summary_large_image","twitter_creator":"@gran_online","twitter_site":"@gran_online","twitter_misc":{"Written by":"Guilherme Henrique","Est. reading time":"8 minutos"},"schema":{"@context":"https:\/\/schema.org","@graph":[{"@type":"NewsArticle","@id":"https:\/\/faculdade.grancursosonline.com.br\/blog\/pas-unb-2025-inscricoes-abertas\/#article","isPartOf":{"@id":"https:\/\/faculdade.grancursosonline.com.br\/blog\/pas-unb-2025-inscricoes-abertas\/"},"author":{"name":"Guilherme Henrique","@id":"https:\/\/faculdade.grancursosonline.com.br\/blog\/#\/schema\/person\/9745f9b6db8976613c1f439dbcfe717d"},"headline":"PAS UnB 2025: inscri\u00e7\u00f5es abertas; confira!","datePublished":"2025-08-26T16:33:06+00:00","dateModified":"2025-08-26T16:34:05+00:00","mainEntityOfPage":{"@id":"https:\/\/faculdade.grancursosonline.com.br\/blog\/pas-unb-2025-inscricoes-abertas\/"},"wordCount":453,"commentCount":1,"publisher":{"@id":"https:\/\/faculdade.grancursosonline.com.br\/blog\/#organization"},"image":{"@id":"https:\/\/faculdade.grancursosonline.com.br\/blog\/pas-unb-2025-inscricoes-abertas\/#primaryimage"},"thumbnailUrl":"https:\/\/blog-es-static.infra.grancursosonline.com.br\/wp-content\/uploads\/2025\/08\/26133129\/pas-unb-2025.jpg","articleSection":["Gradua\u00e7\u00e3o EAD","Gradua\u00e7\u00e3o Gran Faculdade","\u00daltimas Not\u00edcias"],"inLanguage":"pt-BR","potentialAction":[{"@type":"CommentAction","name":"Comment","target":["https:\/\/faculdade.grancursosonline.com.br\/blog\/pas-unb-2025-inscricoes-abertas\/#respond"]}],"copyrightYear":"2025","copyrightHolder":{"@id":"https:\/\/faculdade.grancursosonline.com.br\/blog\/#organization"}},{"@type":"WebPage","@id":"https:\/\/faculdade.grancursosonline.com.br\/blog\/pas-unb-2025-inscricoes-abertas\/","url":"https:\/\/faculdade.grancursosonline.com.br\/blog\/pas-unb-2025-inscricoes-abertas\/","name":"PAS UnB 2025: inscri\u00e7\u00f5es abertas; confira!","isPartOf":{"@id":"https:\/\/faculdade.grancursosonline.com.br\/blog\/#website"},"primaryImageOfPage":{"@id":"https:\/\/faculdade.grancursosonline.com.br\/blog\/pas-unb-2025-inscricoes-abertas\/#primaryimage"},"image":{"@id":"https:\/\/faculdade.grancursosonline.com.br\/blog\/pas-unb-2025-inscricoes-abertas\/#primaryimage"},"thumbnailUrl":"https:\/\/blog-es-static.infra.grancursosonline.com.br\/wp-content\/uploads\/2025\/08\/26133129\/pas-unb-2025.jpg","datePublished":"2025-08-26T16:33:06+00:00","dateModified":"2025-08-26T16:34:05+00:00","description":"O PAS UnB 2025 est\u00e1 com inscri\u00e7\u00f5es abertas. Saiba tudo sobre o Programa de Avalia\u00e7\u00e3o Seriada da Universidade de Bras\u00edlia aqui!","breadcrumb":{"@id":"https:\/\/faculdade.grancursosonline.com.br\/blog\/pas-unb-2025-inscricoes-abertas\/#breadcrumb"},"inLanguage":"pt-BR","potentialAction":[{"@type":"ReadAction","target":["https:\/\/faculdade.grancursosonline.com.br\/blog\/pas-unb-2025-inscricoes-abertas\/"]}]},{"@type":"ImageObject","inLanguage":"pt-BR","@id":"https:\/\/faculdade.grancursosonline.com.br\/blog\/pas-unb-2025-inscricoes-abertas\/#primaryimage","url":"https:\/\/blog-es-static.infra.grancursosonline.com.br\/wp-content\/uploads\/2025\/08\/26133129\/pas-unb-2025.jpg","contentUrl":"https:\/\/blog-es-static.infra.grancursosonline.com.br\/wp-content\/uploads\/2025\/08\/26133129\/pas-unb-2025.jpg","width":1001,"height":601,"caption":"PAS UnB 2025: inscri\u00e7\u00f5es abertas; confira!"},{"@type":"BreadcrumbList","@id":"https:\/\/faculdade.grancursosonline.com.br\/blog\/pas-unb-2025-inscricoes-abertas\/#breadcrumb","itemListElement":[{"@type":"ListItem","position":1,"name":"In\u00edcio","item":"https:\/\/faculdade.grancursosonline.com.br\/blog\/"},{"@type":"ListItem","position":2,"name":"Gradua\u00e7\u00e3o Gran Faculdade","item":"https:\/\/faculdade.grancursosonline.com.br\/blog\/graduacao\/"},{"@type":"ListItem","position":3,"name":"PAS UnB 2025: inscri\u00e7\u00f5es abertas; confira!"}]},{"@type":"WebSite","@id":"https:\/\/faculdade.grancursosonline.com.br\/blog\/#website","url":"https:\/\/faculdade.grancursosonline.com.br\/blog\/","name":"Blog Gran Faculdade","description":"Tudo sobre ensino superior, p\u00f3s-gradua\u00e7\u00e3o, enem e carreira.","publisher":{"@id":"https:\/\/faculdade.grancursosonline.com.br\/blog\/#organization"},"potentialAction":[{"@type":"SearchAction","target":{"@type":"EntryPoint","urlTemplate":"https:\/\/faculdade.grancursosonline.com.br\/blog\/?s={search_term_string}"},"query-input":{"@type":"PropertyValueSpecification","valueRequired":true,"valueName":"search_term_string"}}],"inLanguage":"pt-BR"},{"@type":"Organization","@id":"https:\/\/faculdade.grancursosonline.com.br\/blog\/#organization","name":"Gran Cursos Online","url":"https:\/\/faculdade.grancursosonline.com.br\/blog\/","logo":{"@type":"ImageObject","inLanguage":"pt-BR","@id":"https:\/\/faculdade.grancursosonline.com.br\/blog\/#\/schema\/logo\/image\/","url":"https:\/\/blog-es-static.infra.grancursosonline.com.br\/wp-content\/uploads\/2019\/08\/03123934\/logo.png","contentUrl":"https:\/\/blog-es-static.infra.grancursosonline.com.br\/wp-content\/uploads\/2019\/08\/03123934\/logo.png","width":300,"height":57,"caption":"Gran Cursos Online"},"image":{"@id":"https:\/\/faculdade.grancursosonline.com.br\/blog\/#\/schema\/logo\/image\/"},"sameAs":["https:\/\/www.facebook.com\/grancursosonline\/","https:\/\/x.com\/gran_online","https:\/\/www.instagram.com\/grancursosonline\/","https:\/\/www.youtube.com\/user\/grancursostv"]},{"@type":"Person","@id":"https:\/\/faculdade.grancursosonline.com.br\/blog\/#\/schema\/person\/9745f9b6db8976613c1f439dbcfe717d","name":"Guilherme Henrique","url":"https:\/\/faculdade.grancursosonline.com.br\/blog\/author\/guilherme-lourenco\/"}]}},"_links":{"self":[{"href":"https:\/\/faculdade.grancursosonline.com.br\/blog\/wp-json\/wp\/v2\/posts\/79757227","targetHints":{"allow":["GET"]}}],"collection":[{"href":"https:\/\/faculdade.grancursosonline.com.br\/blog\/wp-json\/wp\/v2\/posts"}],"about":[{"href":"https:\/\/faculdade.grancursosonline.com.br\/blog\/wp-json\/wp\/v2\/types\/post"}],"author":[{"embeddable":true,"href":"https:\/\/faculdade.grancursosonline.com.br\/blog\/wp-json\/wp\/v2\/users\/514"}],"replies":[{"embeddable":true,"href":"https:\/\/faculdade.grancursosonline.com.br\/blog\/wp-json\/wp\/v2\/comments?post=79757227"}],"version-history":[{"count":1,"href":"https:\/\/faculdade.grancursosonline.com.br\/blog\/wp-json\/wp\/v2\/posts\/79757227\/revisions"}],"predecessor-version":[{"id":79757233,"href":"https:\/\/faculdade.grancursosonline.com.br\/blog\/wp-json\/wp\/v2\/posts\/79757227\/revisions\/79757233"}],"wp:featuredmedia":[{"embeddable":true,"href":"https:\/\/faculdade.grancursosonline.com.br\/blog\/wp-json\/wp\/v2\/media\/79757231"}],"wp:attachment":[{"href":"https:\/\/faculdade.grancursosonline.com.br\/blog\/wp-json\/wp\/v2\/media?parent=79757227"}],"wp:term":[{"taxonomy":"category","embeddable":true,"href":"https:\/\/faculdade.grancursosonline.com.br\/blog\/wp-json\/wp\/v2\/categories?post=79757227"},{"taxonomy":"post_tag","embeddable":true,"href":"https:\/\/faculdade.grancursosonline.com.br\/blog\/wp-json\/wp\/v2\/tags?post=79757227"}],"curies":[{"name":"wp","href":"https:\/\/api.w.org\/{rel}","templated":true}]}}