{"id":79757234,"date":"2025-08-26T17:04:11","date_gmt":"2025-08-26T20:04:11","guid":{"rendered":"https:\/\/faculdade.grancursosonline.com.br\/blog\/?p=79757234"},"modified":"2025-08-26T17:04:12","modified_gmt":"2025-08-26T20:04:12","slug":"relacoes-publicas","status":"publish","type":"post","link":"https:\/\/faculdade.grancursosonline.com.br\/blog\/relacoes-publicas\/","title":{"rendered":"Rela\u00e7\u00f5es P\u00fablicas: o que \u00e9 e como funciona essa profiss\u00e3o?"},"content":{"rendered":"\n<p>Rela\u00e7\u00f5es P\u00fablicas n\u00e3o se trata somente de organizar festas e eventos, vai muito al\u00e9m disso. O profissional de RP \u00e9 considerado o arquiteto da reputa\u00e7\u00e3o de uma marca, empresa ou de uma pessoa p\u00fablica.<\/p>\n\n\n\n<p>Seu principal objetivo \u00e9 construir e manter uma imagem positiva, criando uma ponte de confian\u00e7a entre a organiza\u00e7\u00e3o e seus p\u00fablicos. Vamos saber o que realmente faz algu\u00e9m que trabalha com Rela\u00e7\u00f5es P\u00fablicas e como funciona essa carreira t\u00e3o estrat\u00e9gica e importante.<\/p>\n\n\n\n<p>Por isso, para saber mais, acompanhe o conte\u00fado na \u00edntegra, ou navegue pelo \u00edndice se preferir:<br><\/p>\n\n\n\n<ul class=\"wp-block-list\">\n<li><a href=\"#h-o-que-e-relacoes-publicas\">O que \u00e9 Rela\u00e7\u00f5es P\u00fablicas?<\/a><\/li>\n\n\n\n<li><a href=\"#h-o-que-faz-um-profissional-de-relacoes-publicas\">O que faz um profissional de Rela\u00e7\u00f5es P\u00fablicas?<\/a><\/li>\n\n\n\n<li><a href=\"#h-qual-a-diferenca-entre-relacoes-publicas-publicidade-e-jornalismo\">Qual a diferen\u00e7a entre Rela\u00e7\u00f5es P\u00fablicas, Publicidade e Jornalismo?<\/a><\/li>\n\n\n\n<li><a href=\"#h-quanto-ganha-um-profissional-de-relacoes-publicas\">Quanto ganha um profissional de Rela\u00e7\u00f5es P\u00fablicas?<\/a><\/li>\n\n\n\n<li><a href=\"#h-onde-um-profissional-de-relacoes-publicas-pode-trabalhar\">Onde um profissional de Rela\u00e7\u00f5es P\u00fablicas pode trabalhar?<\/a><\/li>\n\n\n\n<li><a href=\"#h-qual-faculdade-fazer-para-atuar-com-relacoes-publicas\">Qual faculdade fazer para atuar com Rela\u00e7\u00f5es P\u00fablicas?<\/a><\/li>\n<\/ul>\n\n\n\n<div class=\"wp-block-columns is-layout-flex wp-container-core-columns-is-layout-9d6595d7 wp-block-columns-is-layout-flex\">\n<div class=\"wp-block-column is-layout-flow wp-block-column-is-layout-flow\" style=\"flex-basis:100%\"><div class=\"wp-block-image\">\n<figure class=\"aligncenter size-full\"><a href=\"https:\/\/whatsapp.com\/channel\/0029VaG1sChI7Be7PNndhL43\" target=\"_blank\" rel=\"noopener\"><img decoding=\"async\" src=\"https:\/\/blog-es-static.infra.grancursosonline.com.br\/wp-content\/uploads\/2025\/09\/09112354\/banner-wp-600x142-80.webp\" alt=\"Acesse o canal do WhatsApp da Gran Faculdade\" class=\"wp-image-79751904\"\/><\/a><\/figure>\n<\/div><\/div>\n<\/div>\n\n\n\n<h2 class=\"wp-block-heading\" id=\"h-o-que-e-relacoes-publicas\"><strong>O que \u00e9 Rela\u00e7\u00f5es P\u00fablicas?<\/strong><br><\/h2>\n\n\n\n<p>Rela\u00e7\u00f5es P\u00fablicas ou simplesmente RP, \u00e9 a \u00e1rea da comunica\u00e7\u00e3o que cuida da reputa\u00e7\u00e3o de uma empresa, marca ou pessoa. O objetivo principal \u00e9 construir e manter um relacionamento positivo e de confian\u00e7a entre a organiza\u00e7\u00e3o e seus diversos p\u00fablicos, como clientes, funcion\u00e1rios, investidores, imprensa e a sociedade.<\/p>\n\n\n\n<p>Diferente de vender um produto diretamente, o trabalho de RP foca em criar uma imagem positiva e uma percep\u00e7\u00e3o de valor a longo prazo. \u00c9 a gest\u00e3o estrat\u00e9gica de como o mundo v\u00ea e se relaciona com uma marca.<\/p>\n\n\n\n<h2 class=\"wp-block-heading\" id=\"h-o-que-faz-um-profissional-de-relacoes-publicas\"><strong>O que faz um profissional de Rela\u00e7\u00f5es P\u00fablicas?<\/strong><br><\/h2>\n\n\n\n<p>O dia a dia de um profissional de Rela\u00e7\u00f5es P\u00fablicas \u00e9 bem din\u00e2mico e envolve muita estrat\u00e9gia. As principais tarefas incluem:<\/p>\n\n\n\n<ul class=\"wp-block-list\">\n<li><strong>Planejamento de comunica\u00e7\u00e3o<\/strong>: define como a empresa vai se comunicar, qual a mensagem principal e qual o tom de voz ela usar\u00e1;<\/li>\n\n\n\n<li><strong>Assessoria de imprensa<\/strong>: faz a ponte com jornalistas, sugerindo pautas, enviando comunicados e organizando entrevistas para que a marca apare\u00e7a de forma positiva na m\u00eddia;<\/li>\n\n\n\n<li><strong>Gerenciamento de crises<\/strong>: quando algo d\u00e1 errado (um produto com defeito, uma reclama\u00e7\u00e3o viral), o RP entra em a\u00e7\u00e3o para controlar os danos, comunicar-se de forma transparente e proteger a reputa\u00e7\u00e3o da empresa;<\/li>\n\n\n\n<li><strong>Comunica\u00e7\u00e3o interna<\/strong>: o profissional tamb\u00e9m cuida da comunica\u00e7\u00e3o com os pr\u00f3prios funcion\u00e1rios, mantendo-os informados e engajados com os valores da empresa.<\/li>\n<\/ul>\n\n\n\n<h2 class=\"wp-block-heading\" id=\"h-qual-a-diferenca-entre-relacoes-publicas-publicidade-e-jornalismo\"><strong>Qual a diferen\u00e7a entre Rela\u00e7\u00f5es P\u00fablicas, Publicidade e Jornalismo?<\/strong><\/h2>\n\n\n\n<p>Essa \u00e9 uma d\u00favida bastante comum. As tr\u00eas \u00e1reas trabalham com comunica\u00e7\u00e3o, mas cada uma tem um objetivo bem diferente. Confira a diferen\u00e7a:<\/p>\n\n\n\n<ul class=\"wp-block-list\">\n<li><strong>Rela\u00e7\u00f5es P\u00fablicas<\/strong>: o objetivo \u00e9 construir reputa\u00e7\u00e3o e relacionamento. O RP busca conquistar espa\u00e7o na m\u00eddia de forma espont\u00e2nea (sem pagar pelo an\u00fancio) e gerenciar a imagem da marca a longo prazo. O foco \u00e9 a credibilidade;<\/li>\n\n\n\n<li><strong>Publicidade<\/strong>: o objetivo \u00e9 vender um produto ou servi\u00e7o. A Publicidade cria an\u00fancios e campanhas pagas para persuadir o consumidor a comprar. O foco \u00e9 comercial e direto;<\/li>\n\n\n\n<li><strong>Jornalismo<\/strong>: o objetivo \u00e9 informar o p\u00fablico com fatos de interesse social, de forma imparcial. O jornalista busca a not\u00edcia, apura os fatos e os divulga para a sociedade. O foco \u00e9 a informa\u00e7\u00e3o e o interesse p\u00fablico.<\/li>\n<\/ul>\n\n\n\n<p>Resumindo: O jornalista informa, o publicit\u00e1rio vende e o RP constr\u00f3i a ponte de confian\u00e7a entre a marca e o p\u00fablico.<\/p>\n\n\n\n<h2 class=\"wp-block-heading\" id=\"h-quanto-ganha-um-profissional-de-relacoes-publicas\"><strong>Quanto ganha um profissional de Rela\u00e7\u00f5es P\u00fablicas?<\/strong><\/h2>\n\n\n\n<p>A remunera\u00e7\u00e3o na \u00e1rea de <strong>Rela\u00e7\u00f5es P\u00fablicas<\/strong> pode variar bastante, dependendo da experi\u00eancia, do porte da empresa (ag\u00eancia, grande corpora\u00e7\u00e3o) e da regi\u00e3o. Costuma ficar entre:<\/p>\n\n\n\n<ul class=\"wp-block-list\">\n<li><strong>N\u00edvel J\u00fanior\/Iniciante:<\/strong>\u00a0um profissional em in\u00edcio de carreira, como analista, geralmente t\u00eam sal\u00e1rios que variam de\u00a0<strong>R$ 3 mil a R$ 5 mil<\/strong>;<\/li>\n\n\n\n<li><strong>N\u00edvel Pleno\/S\u00eanior:<\/strong>\u00a0com mais experi\u00eancia e assumindo mais responsabilidades, os sal\u00e1rios podem ir de\u00a0<strong>R$ 5,5 mil a R$ 9 mil<\/strong>;<\/li>\n\n\n\n<li><strong>Cargos de lideran\u00e7a:<\/strong>\u00a0Gerentes, diretores de comunica\u00e7\u00e3o ou profissionais que t\u00eam a pr\u00f3pria ag\u00eancia podem ter ganhos que ultrapassam os\u00a0<strong>R$ 15 mil<\/strong>.<\/li>\n<\/ul>\n\n\n\n<p>Segundo o site Vagas.com.br, a m\u00e9dia salarial para um Analista de Rela\u00e7\u00f5es P\u00fablicas no Brasil \u00e9 de R$ 4 mil.<\/p>\n\n\n\n<h2 class=\"wp-block-heading\" id=\"h-onde-um-profissional-de-relacoes-publicas-pode-trabalhar\"><strong>Onde um profissional de Rela\u00e7\u00f5es P\u00fablicas pode trabalhar?<\/strong><\/h2>\n\n\n\n<p>A carreira de RP \u00e9 bem vers\u00e1til, e o profissional pode atuar em muitos lugares diferentes. Os principais s\u00e3o:<\/p>\n\n\n\n<ul class=\"wp-block-list\">\n<li><strong>Ag\u00eancias de comunica\u00e7\u00e3o:<\/strong>\u00a0s\u00e3o empresas especializadas que atendem a v\u00e1rios clientes (marcas) ao mesmo tempo, cuidando da assessoria de imprensa e da estrat\u00e9gia de comunica\u00e7\u00e3o deles;<\/li>\n\n\n\n<li><strong>Grandes empresas:<\/strong>\u00a0praticamente toda grande empresa tem um departamento de comunica\u00e7\u00e3o ou de Rela\u00e7\u00f5es P\u00fablicas interno para cuidar da sua pr\u00f3pria imagem;<\/li>\n\n\n\n<li><strong>\u00d3rg\u00e3os P\u00fablicos:<\/strong>\u00a0Prefeituras, governos e outras institui\u00e7\u00f5es p\u00fablicas tamb\u00e9m precisam de profissionais de RP para se comunicar com a popula\u00e7\u00e3o e a imprensa;<\/li>\n\n\n\n<li><strong>Organiza\u00e7\u00f5es do Terceiro Setor (ONGs):<\/strong>\u00a0atuando para fortalecer a imagem da organiza\u00e7\u00e3o, atraindo doadores e volunt\u00e1rios;<\/li>\n\n\n\n<li><strong>Carreira solo:<\/strong>\u00a0muitos profissionais experientes abrem suas pr\u00f3prias ag\u00eancias ou trabalham como consultores aut\u00f4nomos.<\/li>\n<\/ul>\n\n\n\n<h2 class=\"wp-block-heading\" id=\"h-qual-faculdade-fazer-para-atuar-com-relacoes-publicas\"><strong>Qual faculdade fazer para atuar com Rela\u00e7\u00f5es P\u00fablicas?<\/strong><\/h2>\n\n\n\n<p>O caminho tradicional e mais indicado \u00e9 fazer a gradua\u00e7\u00e3o em Comunica\u00e7\u00e3o Social com habilita\u00e7\u00e3o em Rela\u00e7\u00f5es P\u00fablicas. O curso dura em m\u00e9dia 4 anos e oferece toda a base te\u00f3rica e pr\u00e1tica que voc\u00ea precisa para atuar na \u00e1rea.<\/p>\n\n\n\n<p>No entanto, a \u00e1rea tamb\u00e9m \u00e9 aberta a profissionais de outras forma\u00e7\u00f5es da comunica\u00e7\u00e3o, como <a href=\"https:\/\/faculdade.grancursosonline.com.br\/curso\/marketing\/\" target=\"_blank\" rel=\"noreferrer noopener\">Marketing<\/a>, Jornalismo e Publicidade e Propaganda.\u00a0<\/p>\n\n\n\n<p>Muitas vezes, esses profissionais fazem uma p\u00f3s-gradua\u00e7\u00e3o ou cursos de especializa\u00e7\u00e3o em RP para direcionar a carreira. O importante \u00e9 ter uma base s\u00f3lida em comunica\u00e7\u00e3o e entender de estrat\u00e9gia, gest\u00e3o e relacionamento.<\/p>\n\n\n\n<h2 class=\"wp-block-heading\" id=\"h-vem-pra-gran-faculdade\">Vem pra Gran Faculdade!<\/h2>\n\n\n\n<p>A Gran Faculdade vem mudando a vida de milhares de pessoas por meio de cursos \u00e0 dist\u00e2ncia de <a href=\"https:\/\/faculdade.grancursosonline.com.br\/\" target=\"_blank\" rel=\"noreferrer noopener\">gradua\u00e7\u00e3o<\/a>, <a href=\"https:\/\/pos.grancursosonline.com.br\/\" target=\"_blank\" rel=\"noreferrer noopener\">p\u00f3s-gradua\u00e7\u00e3o<\/a> e <a href=\"https:\/\/pos.grancursosonline.com.br\/mba\" target=\"_blank\" rel=\"noreferrer noopener\">MBA<\/a>. Seja no digital ou em nosso <a href=\"https:\/\/presencial.grancursosonline.com.br\/\" target=\"_blank\" rel=\"noreferrer noopener\">Campus Presencial em Curitiba<\/a>, a nossa miss\u00e3o \u00e9 transformar a educa\u00e7\u00e3o superior.<\/p>\n\n\n\n<p>Como parte de Sistema Gran de Ensino, que \u00e9 reconhecido como marca aprovadora h\u00e1 mais de 10 anos, constru\u00edmos uma renomada reputa\u00e7\u00e3o na \u00e1rea de educa\u00e7\u00e3o.<\/p>\n\n\n\n<p>Veja algumas de nossas conquistas:<\/p>\n\n\n\n<ul class=\"wp-block-list\">\n<li>Reconhecido pela Amazon como um dos projetos mais relevantes do mundo na \u00e1rea de Tecnologia e Educa\u00e7\u00e3o;<\/li>\n\n\n\n<li>Foi eleito pelo Project Management Institute (PMI), um dos 50 Projetos Mais Influentes do mundo;<\/li>\n\n\n\n<li>Somos o site de educa\u00e7\u00e3o mais acessado do Brasil;<\/li>\n\n\n\n<li>Somos avaliados com a nota m\u00e1xima pelo MEC;<\/li>\n\n\n\n<li>Aqui o semestre come\u00e7a quando quiser: entrada imediata e cont\u00ednua!<\/li>\n\n\n\n<li>Melhores pre\u00e7os do mercado;<\/li>\n\n\n\n<li>Mais de 800 mil alunos pagantes e mais de 1000 funcion\u00e1rios;<\/li>\n\n\n\n<li>Diversas ferramentas de estudo: PDFs, audiobooks, mapas mentais, videoaulas, quest\u00f5es, gerenciador de estudos e muito mais!<\/li>\n\n\n\n<li>Professores experientes e capacitados;<\/li>\n\n\n\n<li>Acesso imediato e 100% online.<\/li>\n<\/ul>\n\n\n\n<p class=\"has-text-align-center has-text-align-center\"><strong><a href=\"https:\/\/faculdade.grancursosonline.com.br\/\">Quero ser aluno da Gran Faculdade<\/a><\/strong><\/p>\n\n\n\n<div class=\"wp-block-group has-background\" style=\"background-color:#8dd2fc7a\"><div class=\"wp-block-group__inner-container is-layout-constrained wp-block-group-is-layout-constrained\">\n<p><strong>Outras not\u00edcias em destaque:<\/strong><\/p>\n\n\n\n<ul class=\"wp-block-list\">\n<li><a href=\"https:\/\/blog.grancursosonline.com.br\/cursos-para-colocar-curriculo\/\" target=\"_blank\" rel=\"noreferrer noopener\">Cursos para colocar no curr\u00edculo: quais s\u00e3o os melhores?<\/a><\/li>\n\n\n\n<li><a href=\"https:\/\/blog.grancursosonline.com.br\/habilidade-profissional\/\" target=\"_blank\" rel=\"noreferrer noopener\">Habilidades profissionais do futuro segundo a ONU<\/a><\/li>\n\n\n\n<li><a href=\"https:\/\/blog.grancursosonline.com.br\/melhores-cursos-faculdade\/\" target=\"_blank\" rel=\"noreferrer noopener\">Melhores cursos de faculdade: quais s\u00e3o e como escolher?<\/a><\/li>\n<\/ul>\n<\/div><\/div>\n\n\n\n<div class=\"wp-block-group\"><div class=\"wp-block-group__inner-container is-layout-constrained wp-block-group-is-layout-constrained\">\n<div class=\"wp-block-group\"><div class=\"wp-block-group__inner-container is-layout-constrained wp-block-group-is-layout-constrained\">\n<section style=\"text-align: center;\">\n<p>Quer ficar por dentro da Faculdade Digital mais inovadora do Brasil?<\/p>\n<nav>\n<p class=\"has-background has-dark-bluish-background-color\" style=\"font-size: 25px; text-align: center; background: #f0f0f0; color: #ffffff; padding: 4px 0px 4xp 0px;\"><a style=\"color: #0d134c; text-decoration: underline;\" href=\"https:\/\/faculdade.grancursosonline.com.br\/\" target=\"_blank\" rel=\"noopener\">GRADUA\u00c7\u00c3O<\/a><\/p>\n<p class=\"has-background has-dark-bluish-background-color\" style=\"font-size: 25px; text-align: center; background: #f0f0f0; color: #ffffff; padding: 4px 0px 4xp 0px;\"><a style=\"color: #0d134c; text-decoration: underline;\" href=\"https:\/\/pos.grancursosonline.com.br\/\" target=\"_blank\" rel=\"noopener\">P\u00d3S-GRADUA\u00c7\u00c3O<\/a><\/p>\n<p class=\"has-background has-dark-bluish-background-color\" style=\"font-size: 25px; text-align: center; background: #f0f0f0; color: #ffffff; padding: 4px 0px 4xp 0px;\"><a style=\"color: #0d134c; text-decoration: underline;\" href=\"https:\/\/faculdade.grancursosonline.com.br\/nossos-cursos\/\" target=\"_blank\" rel=\"noopener\">TUDO SOBRE A GRAN FACULDADE<\/a><\/p>\n<\/nav>\n<p><strong>Receba <span style=\"color: #cf1e25;\">gratuitamente<\/span> no seu celular as principais not\u00edcias sobre a Gran Faculdade! <br \/>Clique no link abaixo e inscreva-se:<\/strong><\/p>\n<p class=\"has-background has-dark-bluish-background-color\" style=\"font-size: 25px; text-align: center; background: #f0f0f0; color: #ffffff; padding: 4px 0px 4xp 0px;\"><a style=\"color: #0d134c; text-decoration: underline;\" href=\"https:\/\/whatsapp.com\/channel\/0029VaG1sChI7Be7PNndhL43\" target=\"_blank\" rel=\"noopener noreferrer\">WHATSAPP<\/a><\/p>\n<p class=\"has-background has-dark-bluish-background-color\" style=\"font-size: 25px; text-align: center; background: #f0f0f0; color: #ffffff; padding: 4px 0px 4xp 0px;\"><a style=\"color: #0d134c; text-decoration: underline;\" href=\"https:\/\/t.me\/GranFaculdade\" target=\"_blank\" rel=\"noopener noreferrer\">TELEGRAM<\/a><\/p>\n<\/section>\n<\/div><\/div>\n<\/div><\/div>\n","protected":false},"excerpt":{"rendered":"<p>Rela\u00e7\u00f5es P\u00fablicas n\u00e3o se trata somente de organizar festas e eventos, vai muito al\u00e9m disso. O profissional de RP \u00e9 considerado o arquiteto da reputa\u00e7\u00e3o de uma marca, empresa ou de uma pessoa p\u00fablica. Seu principal objetivo \u00e9 construir e manter uma imagem positiva, criando uma ponte de confian\u00e7a entre a organiza\u00e7\u00e3o e seus p\u00fablicos.&hellip;<\/p>\n","protected":false},"author":514,"featured_media":79757235,"comment_status":"open","ping_status":"open","sticky":false,"template":"","format":"standard","meta":{"_acf_changed":false,"content-type":"","footnotes":""},"categories":[219790,218545,2],"tags":[],"class_list":["post-79757234","post","type-post","status-publish","format-standard","has-post-thumbnail","hentry","category-graduacao-ead","category-graduacao","category-ultimas-noticias"],"acf":[],"yoast_head":"<!-- This site is optimized with the Yoast SEO Premium plugin v27.2 (Yoast SEO v27.2) - https:\/\/yoast.com\/product\/yoast-seo-premium-wordpress\/ -->\n<title>Rela\u00e7\u00f5es P\u00fablicas: o que \u00e9 e como funciona essa profiss\u00e3o?<\/title>\n<meta name=\"description\" content=\"Muito al\u00e9m de eventos, Rela\u00e7\u00f5es P\u00fablicas \u00e9 sobre estrat\u00e9gia e confian\u00e7a. Conhe\u00e7a a profiss\u00e3o que cuida da imagem das empresas.\" \/>\n<meta name=\"robots\" content=\"index, follow, max-snippet:-1, max-image-preview:large, max-video-preview:-1\" \/>\n<link rel=\"canonical\" href=\"https:\/\/faculdade.grancursosonline.com.br\/blog\/relacoes-publicas\/\" \/>\n<meta property=\"og:locale\" content=\"pt_BR\" \/>\n<meta property=\"og:type\" content=\"article\" \/>\n<meta property=\"og:title\" content=\"Rela\u00e7\u00f5es P\u00fablicas: o que \u00e9 e como funciona essa profiss\u00e3o?\" \/>\n<meta property=\"og:description\" content=\"Muito al\u00e9m de eventos, Rela\u00e7\u00f5es P\u00fablicas \u00e9 sobre estrat\u00e9gia e confian\u00e7a. Conhe\u00e7a a profiss\u00e3o que cuida da imagem das empresas.\" \/>\n<meta property=\"og:url\" content=\"https:\/\/faculdade.grancursosonline.com.br\/blog\/relacoes-publicas\/\" \/>\n<meta property=\"og:site_name\" content=\"Blog Gran Faculdade\" \/>\n<meta property=\"article:publisher\" content=\"https:\/\/www.facebook.com\/grancursosonline\/\" \/>\n<meta property=\"article:published_time\" content=\"2025-08-26T20:04:11+00:00\" \/>\n<meta property=\"article:modified_time\" content=\"2025-08-26T20:04:12+00:00\" \/>\n<meta property=\"og:image\" content=\"https:\/\/blog-es-static.infra.grancursosonline.com.br\/wp-content\/uploads\/2025\/08\/26170124\/relacoes-publicas.webp\" \/>\n\t<meta property=\"og:image:width\" content=\"511\" \/>\n\t<meta property=\"og:image:height\" content=\"311\" \/>\n\t<meta property=\"og:image:type\" content=\"image\/webp\" \/>\n<meta name=\"author\" content=\"Guilherme Henrique\" \/>\n<meta name=\"twitter:card\" content=\"summary_large_image\" \/>\n<meta name=\"twitter:creator\" content=\"@gran_online\" \/>\n<meta name=\"twitter:site\" content=\"@gran_online\" \/>\n<meta name=\"twitter:label1\" content=\"Written by\" \/>\n\t<meta name=\"twitter:data1\" content=\"Guilherme Henrique\" \/>\n\t<meta name=\"twitter:label2\" content=\"Est. reading time\" \/>\n\t<meta name=\"twitter:data2\" content=\"7 minutos\" \/>\n<script type=\"application\/ld+json\" class=\"yoast-schema-graph\">{\"@context\":\"https:\/\/schema.org\",\"@graph\":[{\"@type\":\"NewsArticle\",\"@id\":\"https:\/\/faculdade.grancursosonline.com.br\/blog\/relacoes-publicas\/#article\",\"isPartOf\":{\"@id\":\"https:\/\/faculdade.grancursosonline.com.br\/blog\/relacoes-publicas\/\"},\"author\":{\"name\":\"Guilherme Henrique\",\"@id\":\"https:\/\/faculdade.grancursosonline.com.br\/blog\/#\/schema\/person\/9745f9b6db8976613c1f439dbcfe717d\"},\"headline\":\"Rela\u00e7\u00f5es P\u00fablicas: o que \u00e9 e como funciona essa profiss\u00e3o?\",\"datePublished\":\"2025-08-26T20:04:11+00:00\",\"dateModified\":\"2025-08-26T20:04:12+00:00\",\"mainEntityOfPage\":{\"@id\":\"https:\/\/faculdade.grancursosonline.com.br\/blog\/relacoes-publicas\/\"},\"wordCount\":1045,\"commentCount\":0,\"publisher\":{\"@id\":\"https:\/\/faculdade.grancursosonline.com.br\/blog\/#organization\"},\"image\":{\"@id\":\"https:\/\/faculdade.grancursosonline.com.br\/blog\/relacoes-publicas\/#primaryimage\"},\"thumbnailUrl\":\"https:\/\/blog-es-static.infra.grancursosonline.com.br\/wp-content\/uploads\/2025\/08\/26170055\/relacoes-publicas-2.webp\",\"articleSection\":[\"Gradua\u00e7\u00e3o EAD\",\"Gradua\u00e7\u00e3o Gran Faculdade\",\"\u00daltimas Not\u00edcias\"],\"inLanguage\":\"pt-BR\",\"potentialAction\":[{\"@type\":\"CommentAction\",\"name\":\"Comment\",\"target\":[\"https:\/\/faculdade.grancursosonline.com.br\/blog\/relacoes-publicas\/#respond\"]}],\"copyrightYear\":\"2025\",\"copyrightHolder\":{\"@id\":\"https:\/\/faculdade.grancursosonline.com.br\/blog\/#organization\"}},{\"@type\":\"WebPage\",\"@id\":\"https:\/\/faculdade.grancursosonline.com.br\/blog\/relacoes-publicas\/\",\"url\":\"https:\/\/faculdade.grancursosonline.com.br\/blog\/relacoes-publicas\/\",\"name\":\"Rela\u00e7\u00f5es P\u00fablicas: o que \u00e9 e como funciona essa profiss\u00e3o?\",\"isPartOf\":{\"@id\":\"https:\/\/faculdade.grancursosonline.com.br\/blog\/#website\"},\"primaryImageOfPage\":{\"@id\":\"https:\/\/faculdade.grancursosonline.com.br\/blog\/relacoes-publicas\/#primaryimage\"},\"image\":{\"@id\":\"https:\/\/faculdade.grancursosonline.com.br\/blog\/relacoes-publicas\/#primaryimage\"},\"thumbnailUrl\":\"https:\/\/blog-es-static.infra.grancursosonline.com.br\/wp-content\/uploads\/2025\/08\/26170055\/relacoes-publicas-2.webp\",\"datePublished\":\"2025-08-26T20:04:11+00:00\",\"dateModified\":\"2025-08-26T20:04:12+00:00\",\"description\":\"Muito al\u00e9m de eventos, Rela\u00e7\u00f5es P\u00fablicas \u00e9 sobre estrat\u00e9gia e confian\u00e7a. Conhe\u00e7a a profiss\u00e3o que cuida da imagem das empresas.\",\"breadcrumb\":{\"@id\":\"https:\/\/faculdade.grancursosonline.com.br\/blog\/relacoes-publicas\/#breadcrumb\"},\"inLanguage\":\"pt-BR\",\"potentialAction\":[{\"@type\":\"ReadAction\",\"target\":[\"https:\/\/faculdade.grancursosonline.com.br\/blog\/relacoes-publicas\/\"]}]},{\"@type\":\"ImageObject\",\"inLanguage\":\"pt-BR\",\"@id\":\"https:\/\/faculdade.grancursosonline.com.br\/blog\/relacoes-publicas\/#primaryimage\",\"url\":\"https:\/\/blog-es-static.infra.grancursosonline.com.br\/wp-content\/uploads\/2025\/08\/26170055\/relacoes-publicas-2.webp\",\"contentUrl\":\"https:\/\/blog-es-static.infra.grancursosonline.com.br\/wp-content\/uploads\/2025\/08\/26170055\/relacoes-publicas-2.webp\",\"width\":1001,\"height\":601,\"caption\":\"Rela\u00e7\u00f5es P\u00fablicas: o que \u00e9 e como funciona essa profiss\u00e3o?\"},{\"@type\":\"BreadcrumbList\",\"@id\":\"https:\/\/faculdade.grancursosonline.com.br\/blog\/relacoes-publicas\/#breadcrumb\",\"itemListElement\":[{\"@type\":\"ListItem\",\"position\":1,\"name\":\"In\u00edcio\",\"item\":\"https:\/\/faculdade.grancursosonline.com.br\/blog\/\"},{\"@type\":\"ListItem\",\"position\":2,\"name\":\"Gradua\u00e7\u00e3o Gran Faculdade\",\"item\":\"https:\/\/faculdade.grancursosonline.com.br\/blog\/graduacao\/\"},{\"@type\":\"ListItem\",\"position\":3,\"name\":\"Rela\u00e7\u00f5es P\u00fablicas: o que \u00e9 e como funciona essa profiss\u00e3o?\"}]},{\"@type\":\"WebSite\",\"@id\":\"https:\/\/faculdade.grancursosonline.com.br\/blog\/#website\",\"url\":\"https:\/\/faculdade.grancursosonline.com.br\/blog\/\",\"name\":\"Blog Gran Faculdade\",\"description\":\"Tudo sobre ensino superior, p\u00f3s-gradua\u00e7\u00e3o, enem e carreira.\",\"publisher\":{\"@id\":\"https:\/\/faculdade.grancursosonline.com.br\/blog\/#organization\"},\"potentialAction\":[{\"@type\":\"SearchAction\",\"target\":{\"@type\":\"EntryPoint\",\"urlTemplate\":\"https:\/\/faculdade.grancursosonline.com.br\/blog\/?s={search_term_string}\"},\"query-input\":{\"@type\":\"PropertyValueSpecification\",\"valueRequired\":true,\"valueName\":\"search_term_string\"}}],\"inLanguage\":\"pt-BR\"},{\"@type\":\"Organization\",\"@id\":\"https:\/\/faculdade.grancursosonline.com.br\/blog\/#organization\",\"name\":\"Gran Cursos Online\",\"url\":\"https:\/\/faculdade.grancursosonline.com.br\/blog\/\",\"logo\":{\"@type\":\"ImageObject\",\"inLanguage\":\"pt-BR\",\"@id\":\"https:\/\/faculdade.grancursosonline.com.br\/blog\/#\/schema\/logo\/image\/\",\"url\":\"https:\/\/blog-es-static.infra.grancursosonline.com.br\/wp-content\/uploads\/2019\/08\/03123934\/logo.png\",\"contentUrl\":\"https:\/\/blog-es-static.infra.grancursosonline.com.br\/wp-content\/uploads\/2019\/08\/03123934\/logo.png\",\"width\":300,\"height\":57,\"caption\":\"Gran Cursos Online\"},\"image\":{\"@id\":\"https:\/\/faculdade.grancursosonline.com.br\/blog\/#\/schema\/logo\/image\/\"},\"sameAs\":[\"https:\/\/www.facebook.com\/grancursosonline\/\",\"https:\/\/x.com\/gran_online\",\"https:\/\/www.instagram.com\/grancursosonline\/\",\"https:\/\/www.youtube.com\/user\/grancursostv\"]},{\"@type\":\"Person\",\"@id\":\"https:\/\/faculdade.grancursosonline.com.br\/blog\/#\/schema\/person\/9745f9b6db8976613c1f439dbcfe717d\",\"name\":\"Guilherme Henrique\",\"url\":\"https:\/\/faculdade.grancursosonline.com.br\/blog\/author\/guilherme-lourenco\/\"}]}<\/script>\n<!-- \/ Yoast SEO Premium plugin. -->","yoast_head_json":{"title":"Rela\u00e7\u00f5es P\u00fablicas: o que \u00e9 e como funciona essa profiss\u00e3o?","description":"Muito al\u00e9m de eventos, Rela\u00e7\u00f5es P\u00fablicas \u00e9 sobre estrat\u00e9gia e confian\u00e7a. Conhe\u00e7a a profiss\u00e3o que cuida da imagem das empresas.","robots":{"index":"index","follow":"follow","max-snippet":"max-snippet:-1","max-image-preview":"max-image-preview:large","max-video-preview":"max-video-preview:-1"},"canonical":"https:\/\/faculdade.grancursosonline.com.br\/blog\/relacoes-publicas\/","og_locale":"pt_BR","og_type":"article","og_title":"Rela\u00e7\u00f5es P\u00fablicas: o que \u00e9 e como funciona essa profiss\u00e3o?","og_description":"Muito al\u00e9m de eventos, Rela\u00e7\u00f5es P\u00fablicas \u00e9 sobre estrat\u00e9gia e confian\u00e7a. Conhe\u00e7a a profiss\u00e3o que cuida da imagem das empresas.","og_url":"https:\/\/faculdade.grancursosonline.com.br\/blog\/relacoes-publicas\/","og_site_name":"Blog Gran Faculdade","article_publisher":"https:\/\/www.facebook.com\/grancursosonline\/","article_published_time":"2025-08-26T20:04:11+00:00","article_modified_time":"2025-08-26T20:04:12+00:00","og_image":[{"width":511,"height":311,"url":"https:\/\/blog-es-static.infra.grancursosonline.com.br\/wp-content\/uploads\/2025\/08\/26170124\/relacoes-publicas.webp","type":"image\/webp"}],"author":"Guilherme Henrique","twitter_card":"summary_large_image","twitter_creator":"@gran_online","twitter_site":"@gran_online","twitter_misc":{"Written by":"Guilherme Henrique","Est. reading time":"7 minutos"},"schema":{"@context":"https:\/\/schema.org","@graph":[{"@type":"NewsArticle","@id":"https:\/\/faculdade.grancursosonline.com.br\/blog\/relacoes-publicas\/#article","isPartOf":{"@id":"https:\/\/faculdade.grancursosonline.com.br\/blog\/relacoes-publicas\/"},"author":{"name":"Guilherme Henrique","@id":"https:\/\/faculdade.grancursosonline.com.br\/blog\/#\/schema\/person\/9745f9b6db8976613c1f439dbcfe717d"},"headline":"Rela\u00e7\u00f5es P\u00fablicas: o que \u00e9 e como funciona essa profiss\u00e3o?","datePublished":"2025-08-26T20:04:11+00:00","dateModified":"2025-08-26T20:04:12+00:00","mainEntityOfPage":{"@id":"https:\/\/faculdade.grancursosonline.com.br\/blog\/relacoes-publicas\/"},"wordCount":1045,"commentCount":0,"publisher":{"@id":"https:\/\/faculdade.grancursosonline.com.br\/blog\/#organization"},"image":{"@id":"https:\/\/faculdade.grancursosonline.com.br\/blog\/relacoes-publicas\/#primaryimage"},"thumbnailUrl":"https:\/\/blog-es-static.infra.grancursosonline.com.br\/wp-content\/uploads\/2025\/08\/26170055\/relacoes-publicas-2.webp","articleSection":["Gradua\u00e7\u00e3o EAD","Gradua\u00e7\u00e3o Gran Faculdade","\u00daltimas Not\u00edcias"],"inLanguage":"pt-BR","potentialAction":[{"@type":"CommentAction","name":"Comment","target":["https:\/\/faculdade.grancursosonline.com.br\/blog\/relacoes-publicas\/#respond"]}],"copyrightYear":"2025","copyrightHolder":{"@id":"https:\/\/faculdade.grancursosonline.com.br\/blog\/#organization"}},{"@type":"WebPage","@id":"https:\/\/faculdade.grancursosonline.com.br\/blog\/relacoes-publicas\/","url":"https:\/\/faculdade.grancursosonline.com.br\/blog\/relacoes-publicas\/","name":"Rela\u00e7\u00f5es P\u00fablicas: o que \u00e9 e como funciona essa profiss\u00e3o?","isPartOf":{"@id":"https:\/\/faculdade.grancursosonline.com.br\/blog\/#website"},"primaryImageOfPage":{"@id":"https:\/\/faculdade.grancursosonline.com.br\/blog\/relacoes-publicas\/#primaryimage"},"image":{"@id":"https:\/\/faculdade.grancursosonline.com.br\/blog\/relacoes-publicas\/#primaryimage"},"thumbnailUrl":"https:\/\/blog-es-static.infra.grancursosonline.com.br\/wp-content\/uploads\/2025\/08\/26170055\/relacoes-publicas-2.webp","datePublished":"2025-08-26T20:04:11+00:00","dateModified":"2025-08-26T20:04:12+00:00","description":"Muito al\u00e9m de eventos, Rela\u00e7\u00f5es P\u00fablicas \u00e9 sobre estrat\u00e9gia e confian\u00e7a. Conhe\u00e7a a profiss\u00e3o que cuida da imagem das empresas.","breadcrumb":{"@id":"https:\/\/faculdade.grancursosonline.com.br\/blog\/relacoes-publicas\/#breadcrumb"},"inLanguage":"pt-BR","potentialAction":[{"@type":"ReadAction","target":["https:\/\/faculdade.grancursosonline.com.br\/blog\/relacoes-publicas\/"]}]},{"@type":"ImageObject","inLanguage":"pt-BR","@id":"https:\/\/faculdade.grancursosonline.com.br\/blog\/relacoes-publicas\/#primaryimage","url":"https:\/\/blog-es-static.infra.grancursosonline.com.br\/wp-content\/uploads\/2025\/08\/26170055\/relacoes-publicas-2.webp","contentUrl":"https:\/\/blog-es-static.infra.grancursosonline.com.br\/wp-content\/uploads\/2025\/08\/26170055\/relacoes-publicas-2.webp","width":1001,"height":601,"caption":"Rela\u00e7\u00f5es P\u00fablicas: o que \u00e9 e como funciona essa profiss\u00e3o?"},{"@type":"BreadcrumbList","@id":"https:\/\/faculdade.grancursosonline.com.br\/blog\/relacoes-publicas\/#breadcrumb","itemListElement":[{"@type":"ListItem","position":1,"name":"In\u00edcio","item":"https:\/\/faculdade.grancursosonline.com.br\/blog\/"},{"@type":"ListItem","position":2,"name":"Gradua\u00e7\u00e3o Gran Faculdade","item":"https:\/\/faculdade.grancursosonline.com.br\/blog\/graduacao\/"},{"@type":"ListItem","position":3,"name":"Rela\u00e7\u00f5es P\u00fablicas: o que \u00e9 e como funciona essa profiss\u00e3o?"}]},{"@type":"WebSite","@id":"https:\/\/faculdade.grancursosonline.com.br\/blog\/#website","url":"https:\/\/faculdade.grancursosonline.com.br\/blog\/","name":"Blog Gran Faculdade","description":"Tudo sobre ensino superior, p\u00f3s-gradua\u00e7\u00e3o, enem e carreira.","publisher":{"@id":"https:\/\/faculdade.grancursosonline.com.br\/blog\/#organization"},"potentialAction":[{"@type":"SearchAction","target":{"@type":"EntryPoint","urlTemplate":"https:\/\/faculdade.grancursosonline.com.br\/blog\/?s={search_term_string}"},"query-input":{"@type":"PropertyValueSpecification","valueRequired":true,"valueName":"search_term_string"}}],"inLanguage":"pt-BR"},{"@type":"Organization","@id":"https:\/\/faculdade.grancursosonline.com.br\/blog\/#organization","name":"Gran Cursos Online","url":"https:\/\/faculdade.grancursosonline.com.br\/blog\/","logo":{"@type":"ImageObject","inLanguage":"pt-BR","@id":"https:\/\/faculdade.grancursosonline.com.br\/blog\/#\/schema\/logo\/image\/","url":"https:\/\/blog-es-static.infra.grancursosonline.com.br\/wp-content\/uploads\/2019\/08\/03123934\/logo.png","contentUrl":"https:\/\/blog-es-static.infra.grancursosonline.com.br\/wp-content\/uploads\/2019\/08\/03123934\/logo.png","width":300,"height":57,"caption":"Gran Cursos Online"},"image":{"@id":"https:\/\/faculdade.grancursosonline.com.br\/blog\/#\/schema\/logo\/image\/"},"sameAs":["https:\/\/www.facebook.com\/grancursosonline\/","https:\/\/x.com\/gran_online","https:\/\/www.instagram.com\/grancursosonline\/","https:\/\/www.youtube.com\/user\/grancursostv"]},{"@type":"Person","@id":"https:\/\/faculdade.grancursosonline.com.br\/blog\/#\/schema\/person\/9745f9b6db8976613c1f439dbcfe717d","name":"Guilherme Henrique","url":"https:\/\/faculdade.grancursosonline.com.br\/blog\/author\/guilherme-lourenco\/"}]}},"_links":{"self":[{"href":"https:\/\/faculdade.grancursosonline.com.br\/blog\/wp-json\/wp\/v2\/posts\/79757234","targetHints":{"allow":["GET"]}}],"collection":[{"href":"https:\/\/faculdade.grancursosonline.com.br\/blog\/wp-json\/wp\/v2\/posts"}],"about":[{"href":"https:\/\/faculdade.grancursosonline.com.br\/blog\/wp-json\/wp\/v2\/types\/post"}],"author":[{"embeddable":true,"href":"https:\/\/faculdade.grancursosonline.com.br\/blog\/wp-json\/wp\/v2\/users\/514"}],"replies":[{"embeddable":true,"href":"https:\/\/faculdade.grancursosonline.com.br\/blog\/wp-json\/wp\/v2\/comments?post=79757234"}],"version-history":[{"count":1,"href":"https:\/\/faculdade.grancursosonline.com.br\/blog\/wp-json\/wp\/v2\/posts\/79757234\/revisions"}],"predecessor-version":[{"id":79757237,"href":"https:\/\/faculdade.grancursosonline.com.br\/blog\/wp-json\/wp\/v2\/posts\/79757234\/revisions\/79757237"}],"wp:featuredmedia":[{"embeddable":true,"href":"https:\/\/faculdade.grancursosonline.com.br\/blog\/wp-json\/wp\/v2\/media\/79757235"}],"wp:attachment":[{"href":"https:\/\/faculdade.grancursosonline.com.br\/blog\/wp-json\/wp\/v2\/media?parent=79757234"}],"wp:term":[{"taxonomy":"category","embeddable":true,"href":"https:\/\/faculdade.grancursosonline.com.br\/blog\/wp-json\/wp\/v2\/categories?post=79757234"},{"taxonomy":"post_tag","embeddable":true,"href":"https:\/\/faculdade.grancursosonline.com.br\/blog\/wp-json\/wp\/v2\/tags?post=79757234"}],"curies":[{"name":"wp","href":"https:\/\/api.w.org\/{rel}","templated":true}]}}