{"id":79757386,"date":"2025-09-01T17:50:48","date_gmt":"2025-09-01T20:50:48","guid":{"rendered":"https:\/\/faculdade.grancursosonline.com.br\/blog\/?p=79757386"},"modified":"2025-09-03T09:54:37","modified_gmt":"2025-09-03T12:54:37","slug":"educacao-midiatica","status":"publish","type":"post","link":"https:\/\/faculdade.grancursosonline.com.br\/blog\/educacao-midiatica\/","title":{"rendered":"Educa\u00e7\u00e3o midi\u00e1tica: o que \u00e9 e qual a import\u00e2ncia?"},"content":{"rendered":"\n<p>Em um mundo cheio de informa\u00e7\u00f5es, a educa\u00e7\u00e3o midi\u00e1tica se torna cada vez mais importante, pois nos ajuda a entender o que vemos e lemos nas not\u00edcias e redes sociais. Assim, podemos formar nossas pr\u00f3prias opini\u00f5es.<\/p>\n\n\n\n<p>Com a educa\u00e7\u00e3o midi\u00e1tica, aprendemos a identificar not\u00edcias falsas e a usar a internet de forma segura. \u00c9 um aprendizado que nos prepara para os desafios do dia a dia digital.<\/p>\n\n\n\n<p>Se deseja saber mais, acompanhe o conte\u00fado na \u00edntegra, ou navegue pelo \u00edndice, se preferir:<\/p>\n\n\n\n<ul class=\"wp-block-list\">\n<li><a href=\"#h-o-que-e-educacao-midiatica\">O que \u00e9 educa\u00e7\u00e3o midi\u00e1tica?<\/a><\/li>\n\n\n\n<li><a href=\"#h-por-que-a-educacao-midiatica-e-importante-hoje-em-dia\">Por que a educa\u00e7\u00e3o midi\u00e1tica \u00e9 importante hoje em dia?<\/a><\/li>\n\n\n\n<li><a href=\"#h-quem-pode-se-beneficiar-da-educacao-midiatica\">Quem pode se beneficiar da educa\u00e7\u00e3o midi\u00e1tica?<\/a><\/li>\n\n\n\n<li><a href=\"#h-onde-a-educacao-midiatica-pode-ser-aplicada\">Onde a educa\u00e7\u00e3o midi\u00e1tica pode ser aplicada?<\/a><\/li>\n\n\n\n<li><a href=\"#h-qual-o-papel-da-educacao-midiatica-na-formacao-de-cidadaos\">Qual o papel da educa\u00e7\u00e3o midi\u00e1tica na forma\u00e7\u00e3o de cidad\u00e3os?<\/a><\/li>\n<\/ul>\n\n\n\n<div class=\"wp-block-columns is-layout-flex wp-container-core-columns-is-layout-9d6595d7 wp-block-columns-is-layout-flex\">\n<div class=\"wp-block-column is-layout-flow wp-block-column-is-layout-flow\" style=\"flex-basis:100%\"><div class=\"wp-block-image\">\n<figure class=\"aligncenter size-full\"><a href=\"https:\/\/whatsapp.com\/channel\/0029VaG1sChI7Be7PNndhL43\" target=\"_blank\" rel=\"noopener\"><img decoding=\"async\" src=\"https:\/\/blog-es-static.infra.grancursosonline.com.br\/wp-content\/uploads\/2025\/09\/09112354\/banner-wp-600x142-80.webp\" alt=\"Acesse o canal do WhatsApp da Gran Faculdade\" class=\"wp-image-79751904\"\/><\/a><\/figure>\n<\/div><\/div>\n<\/div>\n\n\n\n<h2 class=\"wp-block-heading\" id=\"h-o-que-e-educacao-midiatica\"><strong>O que \u00e9 educa\u00e7\u00e3o midi\u00e1tica?<\/strong><\/h2>\n\n\n\n<p>Educa\u00e7\u00e3o midi\u00e1tica \u00e9 um conjunto de habilidades que permite lidar com as informa\u00e7\u00f5es que chegam todos os dias. Isso inclui saber como acessar, analisar e at\u00e9 mesmo criar conte\u00fado de forma consciente e respons\u00e1vel.&nbsp;<\/p>\n\n\n\n<p>Em resumo, se trata de entender o mundo da m\u00eddia e como ele realmente funciona. \u00c9 uma forma de te guiar para que voc\u00ea se torne um(a) leitor(a) consciente e que saiba discernir e absorver o que ler, ver e ouve.<\/p>\n\n\n\n<h2 class=\"wp-block-heading\" id=\"h-por-que-a-educacao-midiatica-e-importante-hoje-em-dia\"><strong>Por que a educa\u00e7\u00e3o midi\u00e1tica \u00e9 importante hoje em dia?<\/strong><\/h2>\n\n\n\n<p>A educa\u00e7\u00e3o midi\u00e1tica \u00e9 muito importante porque vivemos em um mundo onde a informa\u00e7\u00e3o chega a todo momento e de todas as dire\u00e7\u00f5es. Com tantas not\u00edcias, v\u00eddeos e opini\u00f5es, \u00e9 f\u00e1cil se perder ou acreditar em algo que n\u00e3o \u00e9 verdade.&nbsp;<\/p>\n\n\n\n<p>Ao entender como a m\u00eddia funciona, voc\u00ea pode participar melhor das discuss\u00f5es e decis\u00f5es da sociedade, contribuindo para um ambiente digital mais saud\u00e1vel e verdadeiro.&nbsp;<\/p>\n\n\n\n<p>A educa\u00e7\u00e3o midi\u00e1tica oferece aux\u00edlio para que cada pessoa possa fazer escolhas informadas e se proteger de conte\u00fados enganosos, construindo um futuro mais seguro para todos.<\/p>\n\n\n\n<h2 class=\"wp-block-heading\" id=\"h-quem-pode-se-beneficiar-da-educacao-midiatica\"><strong>Quem pode se beneficiar da educa\u00e7\u00e3o midi\u00e1tica?<\/strong><\/h2>\n\n\n\n<p>A educa\u00e7\u00e3o midi\u00e1tica \u00e9 \u00fatil para todos, sem exce\u00e7\u00e3o, pois a informa\u00e7\u00e3o nos cerca em todas as idades e em todos os lugares. Em um mundo cada vez mais conectado, saber lidar com a informa\u00e7\u00e3o \u00e9 uma vantagem para qualquer pessoa, independentemente de sua \u00e1rea de atua\u00e7\u00e3o ou idade. Veja quem pode se beneficiar:<\/p>\n\n\n\n<ul class=\"wp-block-list\">\n<li><strong>Crian\u00e7as e jovens<\/strong>: para aprenderem a usar a internet de forma segura e a identificar conte\u00fados inadequados ou enganosos desde cedo, construindo uma base s\u00f3lida para o futuro digital;<\/li>\n\n\n\n<li><strong>Adultos e idosos<\/strong>: para se manterem atualizados, protegerem-se de golpes online com mais conhecimento e seguran\u00e7a;<\/li>\n\n\n\n<li><strong>Estudantes<\/strong>: para desenvolverem o pensamento cr\u00edtico, aprimorarem suas pesquisas e produzirem trabalhos acad\u00eamicos com mais qualidade e credibilidade, destacando-se em seus estudos;<\/li>\n\n\n\n<li><strong>Professores<\/strong>: para ensinar seus alunos a navegar no mundo digital e a se tornarem cidad\u00e3os mais conscientes e respons\u00e1veis;<\/li>\n\n\n\n<li><strong>Profissionais de comunica\u00e7\u00e3o<\/strong>: para aprimorarem suas pr\u00e1ticas, garantindo a \u00e9tica e a responsabilidade na produ\u00e7\u00e3o e divulga\u00e7\u00e3o de not\u00edcias, fortalecendo a credibilidade da informa\u00e7\u00e3o.<\/li>\n<\/ul>\n\n\n\n<h2 class=\"wp-block-heading\" id=\"h-onde-a-educacao-midiatica-pode-ser-aplicada\"><strong>Onde a educa\u00e7\u00e3o midi\u00e1tica pode ser aplicada?<\/strong><\/h2>\n\n\n\n<p>A educa\u00e7\u00e3o midi\u00e1tica pode ser aplicada em muitos lugares, pois a necessidade de lidar com a informa\u00e7\u00e3o de forma cr\u00edtica e consciente est\u00e1 presente em diversos contextos da nossa vida.&nbsp;<\/p>\n\n\n\n<p>Confira alguns exemplos de onde ela pode ser aplicada:<\/p>\n\n\n\n<ul class=\"wp-block-list\">\n<li><strong>Escolas e universidades<\/strong>: integrando o curr\u00edculo para desenvolver habilidades de an\u00e1lise cr\u00edtica e produ\u00e7\u00e3o de conte\u00fado em alunos de todas as idades, formando pensadores independentes;<\/li>\n\n\n\n<li><strong>Ambientes familiares<\/strong>: promovendo conversas sobre o uso seguro da internet, a identifica\u00e7\u00e3o de fake news e o consumo consciente de m\u00eddia entre pais e filhos, fortalecendo os la\u00e7os e a seguran\u00e7a;<\/li>\n\n\n\n<li><strong>Empresas e organiza\u00e7\u00f5es<\/strong>: treinando funcion\u00e1rios para identificar desinforma\u00e7\u00e3o, proteger dados e comunicar de forma respons\u00e1vel, tanto interna quanto externamente, garantindo a integridade da informa\u00e7\u00e3o;<\/li>\n\n\n\n<li><strong>M\u00eddia e jornalismo<\/strong>: incentivando a \u00e9tica na produ\u00e7\u00e3o de not\u00edcias, a verifica\u00e7\u00e3o de fatos e a transpar\u00eancia nas informa\u00e7\u00f5es divulgadas, construindo uma imprensa mais confi\u00e1vel;<\/li>\n\n\n\n<li><strong>Campanhas de sa\u00fade p\u00fablica<\/strong>: ajudando a popula\u00e7\u00e3o a diferenciar informa\u00e7\u00f5es confi\u00e1veis de boatos, especialmente em momentos de crise ou epidemias, protegendo a sa\u00fade coletiva e evitando a histeria.<\/li>\n<\/ul>\n\n\n\n<h2 class=\"wp-block-heading\" id=\"h-qual-o-papel-da-educacao-midiatica-na-formacao-de-cidadaos\"><strong>Qual o papel da educa\u00e7\u00e3o midi\u00e1tica na forma\u00e7\u00e3o de cidad\u00e3os?<\/strong><\/h2>\n\n\n\n<p>A educa\u00e7\u00e3o midi\u00e1tica tem um papel muito importante na forma\u00e7\u00e3o de cidad\u00e3os conscientes e participativos. Pois ajuda a entender como as informa\u00e7\u00f5es s\u00e3o criadas e divulgadas, e como podem influenciar suas opini\u00f5es e decis\u00f5es. Assim, o cidad\u00e3o se torna mais cr\u00edtico e menos suscet\u00edvel a manipula\u00e7\u00f5es e discursos enganosos.<\/p>\n\n\n\n<p>Ao desenvolver essas habilidades, voc\u00ea consegue se posicionar de forma mais ativa na sociedade, defendendo seus pontos de vista com base em fatos ver\u00eddicos e respeitando as demais ideias.<\/p>\n\n\n\n<p>Essa autonomia de pensamento \u00e9 um dos pilares para a constru\u00e7\u00e3o de uma sociedade mais justa, informada e engajada, onde cada voz importa e contribui para o bem comum.<\/p>\n\n\n\n<h2 class=\"wp-block-heading\" id=\"h-vem-pra-gran-faculdade\">Vem pra Gran Faculdade!<\/h2>\n\n\n\n<p>A Gran Faculdade vem mudando a vida de milhares de pessoas por meio de cursos \u00e0 dist\u00e2ncia de <a href=\"https:\/\/faculdade.grancursosonline.com.br\/\" target=\"_blank\" rel=\"noreferrer noopener\">gradua\u00e7\u00e3o<\/a>, <a href=\"https:\/\/pos.grancursosonline.com.br\/\" target=\"_blank\" rel=\"noreferrer noopener\">p\u00f3s-gradua\u00e7\u00e3o<\/a> e <a href=\"https:\/\/pos.grancursosonline.com.br\/mba\" target=\"_blank\" rel=\"noreferrer noopener\">MBA<\/a>. Seja no digital ou em nosso <a href=\"https:\/\/presencial.grancursosonline.com.br\/\" target=\"_blank\" rel=\"noreferrer noopener\">Campus Presencial em Curitiba<\/a>, a nossa miss\u00e3o \u00e9 transformar a educa\u00e7\u00e3o superior.<\/p>\n\n\n\n<p>Como parte de Sistema Gran de Ensino, que \u00e9 reconhecido como marca aprovadora h\u00e1 mais de 10 anos, constru\u00edmos uma renomada reputa\u00e7\u00e3o na \u00e1rea de educa\u00e7\u00e3o.<\/p>\n\n\n\n<p>Veja algumas de nossas conquistas:<\/p>\n\n\n\n<ul class=\"wp-block-list\">\n<li>Reconhecido pela Amazon como um dos projetos mais relevantes do mundo na \u00e1rea de Tecnologia e Educa\u00e7\u00e3o;<\/li>\n\n\n\n<li>Foi eleito pelo Project Management Institute (PMI), um dos 50 Projetos Mais Influentes do mundo;<\/li>\n\n\n\n<li>Somos o site de educa\u00e7\u00e3o mais acessado do Brasil;<\/li>\n\n\n\n<li>Somos avaliados com a nota m\u00e1xima pelo MEC;<\/li>\n\n\n\n<li>Aqui o semestre come\u00e7a quando quiser: entrada imediata e cont\u00ednua!<\/li>\n\n\n\n<li>Melhores pre\u00e7os do mercado;<\/li>\n\n\n\n<li>Mais de 800 mil alunos pagantes e mais de 1000 funcion\u00e1rios;<\/li>\n\n\n\n<li>Diversas ferramentas de estudo: PDFs, audiobooks, mapas mentais, videoaulas, quest\u00f5es, gerenciador de estudos e muito mais!<\/li>\n\n\n\n<li>Professores experientes e capacitados;<\/li>\n\n\n\n<li>Acesso imediato e 100% online.<\/li>\n<\/ul>\n\n\n\n<p class=\"has-text-align-center has-text-align-center\"><strong><a href=\"https:\/\/faculdade.grancursosonline.com.br\/\">Quero ser aluno da Gran Faculdade<\/a><\/strong><\/p>\n\n\n\n<div class=\"wp-block-group has-background\" style=\"background-color:#8dd2fc7a\"><div class=\"wp-block-group__inner-container is-layout-constrained wp-block-group-is-layout-constrained\">\n<p><strong>Outras not\u00edcias em destaque:<\/strong><\/p>\n\n\n\n<ul class=\"wp-block-list\">\n<li><a href=\"https:\/\/blog.grancursosonline.com.br\/cursos-para-colocar-curriculo\/\" target=\"_blank\" rel=\"noreferrer noopener\">Cursos para colocar no curr\u00edculo: quais s\u00e3o os melhores?<\/a><\/li>\n\n\n\n<li><a href=\"https:\/\/blog.grancursosonline.com.br\/habilidade-profissional\/\" target=\"_blank\" rel=\"noreferrer noopener\">Habilidades profissionais do futuro segundo a ONU<\/a><\/li>\n\n\n\n<li><a href=\"https:\/\/blog.grancursosonline.com.br\/melhores-cursos-faculdade\/\" target=\"_blank\" rel=\"noreferrer noopener\">Melhores cursos de faculdade: quais s\u00e3o e como escolher?<\/a><\/li>\n<\/ul>\n<\/div><\/div>\n\n\n\n<div class=\"wp-block-group\"><div class=\"wp-block-group__inner-container is-layout-constrained wp-block-group-is-layout-constrained\">\n<div class=\"wp-block-group\"><div class=\"wp-block-group__inner-container is-layout-constrained wp-block-group-is-layout-constrained\">\n<section style=\"text-align: center;\">\n<p>Quer ficar por dentro da Faculdade Digital mais inovadora do Brasil?<\/p>\n<nav>\n<p class=\"has-background has-dark-bluish-background-color\" style=\"font-size: 25px; text-align: center; background: #f0f0f0; color: #ffffff; padding: 4px 0px 4xp 0px;\"><a style=\"color: #0d134c; text-decoration: underline;\" href=\"https:\/\/faculdade.grancursosonline.com.br\/\" target=\"_blank\" rel=\"noopener\">GRADUA\u00c7\u00c3O<\/a><\/p>\n<p class=\"has-background has-dark-bluish-background-color\" style=\"font-size: 25px; text-align: center; background: #f0f0f0; color: #ffffff; padding: 4px 0px 4xp 0px;\"><a style=\"color: #0d134c; text-decoration: underline;\" href=\"https:\/\/pos.grancursosonline.com.br\/\" target=\"_blank\" rel=\"noopener\">P\u00d3S-GRADUA\u00c7\u00c3O<\/a><\/p>\n<p class=\"has-background has-dark-bluish-background-color\" style=\"font-size: 25px; text-align: center; background: #f0f0f0; color: #ffffff; padding: 4px 0px 4xp 0px;\"><a style=\"color: #0d134c; text-decoration: underline;\" href=\"https:\/\/faculdade.grancursosonline.com.br\/nossos-cursos\/\" target=\"_blank\" rel=\"noopener\">TUDO SOBRE A GRAN FACULDADE<\/a><\/p>\n<\/nav>\n<p><strong>Receba <span style=\"color: #cf1e25;\">gratuitamente<\/span> no seu celular as principais not\u00edcias sobre a Gran Faculdade! <br \/>Clique no link abaixo e inscreva-se:<\/strong><\/p>\n<p class=\"has-background has-dark-bluish-background-color\" style=\"font-size: 25px; text-align: center; background: #f0f0f0; color: #ffffff; padding: 4px 0px 4xp 0px;\"><a style=\"color: #0d134c; text-decoration: underline;\" href=\"https:\/\/whatsapp.com\/channel\/0029VaG1sChI7Be7PNndhL43\" target=\"_blank\" rel=\"noopener noreferrer\">WHATSAPP<\/a><\/p>\n<p class=\"has-background has-dark-bluish-background-color\" style=\"font-size: 25px; text-align: center; background: #f0f0f0; color: #ffffff; padding: 4px 0px 4xp 0px;\"><a style=\"color: #0d134c; text-decoration: underline;\" href=\"https:\/\/t.me\/GranFaculdade\" target=\"_blank\" rel=\"noopener noreferrer\">TELEGRAM<\/a><\/p>\n<\/section>\n<\/div><\/div>\n<\/div><\/div>\n","protected":false},"excerpt":{"rendered":"<p>Em um mundo cheio de informa\u00e7\u00f5es, a educa\u00e7\u00e3o midi\u00e1tica se torna cada vez mais importante, pois nos ajuda a entender o que vemos e lemos nas not\u00edcias e redes sociais. Assim, podemos formar nossas pr\u00f3prias opini\u00f5es. Com a educa\u00e7\u00e3o midi\u00e1tica, aprendemos a identificar not\u00edcias falsas e a usar a internet de forma segura. \u00c9 um&hellip;<\/p>\n","protected":false},"author":514,"featured_media":79757435,"comment_status":"open","ping_status":"open","sticky":false,"template":"","format":"standard","meta":{"_acf_changed":false,"content-type":"","footnotes":""},"categories":[219790,218545,2],"tags":[],"class_list":["post-79757386","post","type-post","status-publish","format-standard","has-post-thumbnail","hentry","category-graduacao-ead","category-graduacao","category-ultimas-noticias"],"acf":[],"yoast_head":"<!-- This site is optimized with the Yoast SEO Premium plugin v27.2 (Yoast SEO v27.2) - https:\/\/yoast.com\/product\/yoast-seo-premium-wordpress\/ -->\n<title>Educa\u00e7\u00e3o midi\u00e1tica: o que \u00e9 e qual a import\u00e2ncia?<\/title>\n<meta name=\"description\" content=\"Educa\u00e7\u00e3o midi\u00e1tica ajuda a compreender e analisar informa\u00e7\u00f5es no dia a dia. Veja como essa habilidade pode transformar a sociedade.\" \/>\n<meta name=\"robots\" content=\"index, follow, max-snippet:-1, max-image-preview:large, max-video-preview:-1\" \/>\n<link rel=\"canonical\" href=\"https:\/\/faculdade.grancursosonline.com.br\/blog\/educacao-midiatica\/\" \/>\n<meta property=\"og:locale\" content=\"pt_BR\" \/>\n<meta property=\"og:type\" content=\"article\" \/>\n<meta property=\"og:title\" content=\"Educa\u00e7\u00e3o midi\u00e1tica: o que \u00e9 e qual a import\u00e2ncia?\" \/>\n<meta property=\"og:description\" content=\"Educa\u00e7\u00e3o midi\u00e1tica ajuda a compreender e analisar informa\u00e7\u00f5es no dia a dia. Veja como essa habilidade pode transformar a sociedade.\" \/>\n<meta property=\"og:url\" content=\"https:\/\/faculdade.grancursosonline.com.br\/blog\/educacao-midiatica\/\" \/>\n<meta property=\"og:site_name\" content=\"Blog Gran Faculdade\" \/>\n<meta property=\"article:publisher\" content=\"https:\/\/www.facebook.com\/grancursosonline\/\" \/>\n<meta property=\"article:published_time\" content=\"2025-09-01T20:50:48+00:00\" \/>\n<meta property=\"article:modified_time\" content=\"2025-09-03T12:54:37+00:00\" \/>\n<meta property=\"og:image\" content=\"https:\/\/blog-es-static.infra.grancursosonline.com.br\/wp-content\/uploads\/2025\/09\/03095413\/educacao-midiatica.jpg\" \/>\n\t<meta property=\"og:image:width\" content=\"511\" \/>\n\t<meta property=\"og:image:height\" content=\"311\" \/>\n\t<meta property=\"og:image:type\" content=\"image\/jpeg\" \/>\n<meta name=\"author\" content=\"Guilherme Henrique\" \/>\n<meta name=\"twitter:card\" content=\"summary_large_image\" \/>\n<meta name=\"twitter:creator\" content=\"@gran_online\" \/>\n<meta name=\"twitter:site\" content=\"@gran_online\" \/>\n<meta name=\"twitter:label1\" content=\"Written by\" \/>\n\t<meta name=\"twitter:data1\" content=\"Guilherme Henrique\" \/>\n\t<meta name=\"twitter:label2\" content=\"Est. reading time\" \/>\n\t<meta name=\"twitter:data2\" content=\"18 minutos\" \/>\n<script type=\"application\/ld+json\" class=\"yoast-schema-graph\">{\"@context\":\"https:\/\/schema.org\",\"@graph\":[{\"@type\":\"NewsArticle\",\"@id\":\"https:\/\/faculdade.grancursosonline.com.br\/blog\/educacao-midiatica\/#article\",\"isPartOf\":{\"@id\":\"https:\/\/faculdade.grancursosonline.com.br\/blog\/educacao-midiatica\/\"},\"author\":{\"name\":\"Guilherme Henrique\",\"@id\":\"https:\/\/faculdade.grancursosonline.com.br\/blog\/#\/schema\/person\/9745f9b6db8976613c1f439dbcfe717d\"},\"headline\":\"Educa\u00e7\u00e3o midi\u00e1tica: o que \u00e9 e qual a import\u00e2ncia?\",\"datePublished\":\"2025-09-01T20:50:48+00:00\",\"dateModified\":\"2025-09-03T12:54:37+00:00\",\"mainEntityOfPage\":{\"@id\":\"https:\/\/faculdade.grancursosonline.com.br\/blog\/educacao-midiatica\/\"},\"wordCount\":933,\"commentCount\":0,\"publisher\":{\"@id\":\"https:\/\/faculdade.grancursosonline.com.br\/blog\/#organization\"},\"image\":{\"@id\":\"https:\/\/faculdade.grancursosonline.com.br\/blog\/educacao-midiatica\/#primaryimage\"},\"thumbnailUrl\":\"https:\/\/blog-es-static.infra.grancursosonline.com.br\/wp-content\/uploads\/2025\/09\/03095345\/educacao-midiatica-2.jpg\",\"articleSection\":[\"Gradua\u00e7\u00e3o EAD\",\"Gradua\u00e7\u00e3o Gran Faculdade\",\"\u00daltimas Not\u00edcias\"],\"inLanguage\":\"pt-BR\",\"potentialAction\":[{\"@type\":\"CommentAction\",\"name\":\"Comment\",\"target\":[\"https:\/\/faculdade.grancursosonline.com.br\/blog\/educacao-midiatica\/#respond\"]}],\"copyrightYear\":\"2025\",\"copyrightHolder\":{\"@id\":\"https:\/\/faculdade.grancursosonline.com.br\/blog\/#organization\"}},{\"@type\":\"WebPage\",\"@id\":\"https:\/\/faculdade.grancursosonline.com.br\/blog\/educacao-midiatica\/\",\"url\":\"https:\/\/faculdade.grancursosonline.com.br\/blog\/educacao-midiatica\/\",\"name\":\"Educa\u00e7\u00e3o midi\u00e1tica: o que \u00e9 e qual a import\u00e2ncia?\",\"isPartOf\":{\"@id\":\"https:\/\/faculdade.grancursosonline.com.br\/blog\/#website\"},\"primaryImageOfPage\":{\"@id\":\"https:\/\/faculdade.grancursosonline.com.br\/blog\/educacao-midiatica\/#primaryimage\"},\"image\":{\"@id\":\"https:\/\/faculdade.grancursosonline.com.br\/blog\/educacao-midiatica\/#primaryimage\"},\"thumbnailUrl\":\"https:\/\/blog-es-static.infra.grancursosonline.com.br\/wp-content\/uploads\/2025\/09\/03095345\/educacao-midiatica-2.jpg\",\"datePublished\":\"2025-09-01T20:50:48+00:00\",\"dateModified\":\"2025-09-03T12:54:37+00:00\",\"description\":\"Educa\u00e7\u00e3o midi\u00e1tica ajuda a compreender e analisar informa\u00e7\u00f5es no dia a dia. Veja como essa habilidade pode transformar a sociedade.\",\"breadcrumb\":{\"@id\":\"https:\/\/faculdade.grancursosonline.com.br\/blog\/educacao-midiatica\/#breadcrumb\"},\"inLanguage\":\"pt-BR\",\"potentialAction\":[{\"@type\":\"ReadAction\",\"target\":[\"https:\/\/faculdade.grancursosonline.com.br\/blog\/educacao-midiatica\/\"]}]},{\"@type\":\"ImageObject\",\"inLanguage\":\"pt-BR\",\"@id\":\"https:\/\/faculdade.grancursosonline.com.br\/blog\/educacao-midiatica\/#primaryimage\",\"url\":\"https:\/\/blog-es-static.infra.grancursosonline.com.br\/wp-content\/uploads\/2025\/09\/03095345\/educacao-midiatica-2.jpg\",\"contentUrl\":\"https:\/\/blog-es-static.infra.grancursosonline.com.br\/wp-content\/uploads\/2025\/09\/03095345\/educacao-midiatica-2.jpg\",\"width\":1001,\"height\":601,\"caption\":\"Educa\u00e7\u00e3o midi\u00e1tica: o que \u00e9 e qual a import\u00e2ncia?\"},{\"@type\":\"BreadcrumbList\",\"@id\":\"https:\/\/faculdade.grancursosonline.com.br\/blog\/educacao-midiatica\/#breadcrumb\",\"itemListElement\":[{\"@type\":\"ListItem\",\"position\":1,\"name\":\"In\u00edcio\",\"item\":\"https:\/\/faculdade.grancursosonline.com.br\/blog\/\"},{\"@type\":\"ListItem\",\"position\":2,\"name\":\"Gradua\u00e7\u00e3o Gran Faculdade\",\"item\":\"https:\/\/faculdade.grancursosonline.com.br\/blog\/graduacao\/\"},{\"@type\":\"ListItem\",\"position\":3,\"name\":\"Educa\u00e7\u00e3o midi\u00e1tica: o que \u00e9 e qual a import\u00e2ncia?\"}]},{\"@type\":\"WebSite\",\"@id\":\"https:\/\/faculdade.grancursosonline.com.br\/blog\/#website\",\"url\":\"https:\/\/faculdade.grancursosonline.com.br\/blog\/\",\"name\":\"Blog Gran Faculdade\",\"description\":\"Tudo sobre ensino superior, p\u00f3s-gradua\u00e7\u00e3o, enem e carreira.\",\"publisher\":{\"@id\":\"https:\/\/faculdade.grancursosonline.com.br\/blog\/#organization\"},\"potentialAction\":[{\"@type\":\"SearchAction\",\"target\":{\"@type\":\"EntryPoint\",\"urlTemplate\":\"https:\/\/faculdade.grancursosonline.com.br\/blog\/?s={search_term_string}\"},\"query-input\":{\"@type\":\"PropertyValueSpecification\",\"valueRequired\":true,\"valueName\":\"search_term_string\"}}],\"inLanguage\":\"pt-BR\"},{\"@type\":\"Organization\",\"@id\":\"https:\/\/faculdade.grancursosonline.com.br\/blog\/#organization\",\"name\":\"Gran Cursos Online\",\"url\":\"https:\/\/faculdade.grancursosonline.com.br\/blog\/\",\"logo\":{\"@type\":\"ImageObject\",\"inLanguage\":\"pt-BR\",\"@id\":\"https:\/\/faculdade.grancursosonline.com.br\/blog\/#\/schema\/logo\/image\/\",\"url\":\"https:\/\/blog-es-static.infra.grancursosonline.com.br\/wp-content\/uploads\/2019\/08\/03123934\/logo.png\",\"contentUrl\":\"https:\/\/blog-es-static.infra.grancursosonline.com.br\/wp-content\/uploads\/2019\/08\/03123934\/logo.png\",\"width\":300,\"height\":57,\"caption\":\"Gran Cursos Online\"},\"image\":{\"@id\":\"https:\/\/faculdade.grancursosonline.com.br\/blog\/#\/schema\/logo\/image\/\"},\"sameAs\":[\"https:\/\/www.facebook.com\/grancursosonline\/\",\"https:\/\/x.com\/gran_online\",\"https:\/\/www.instagram.com\/grancursosonline\/\",\"https:\/\/www.youtube.com\/user\/grancursostv\"]},{\"@type\":\"Person\",\"@id\":\"https:\/\/faculdade.grancursosonline.com.br\/blog\/#\/schema\/person\/9745f9b6db8976613c1f439dbcfe717d\",\"name\":\"Guilherme Henrique\",\"url\":\"https:\/\/faculdade.grancursosonline.com.br\/blog\/author\/guilherme-lourenco\/\"}]}<\/script>\n<!-- \/ Yoast SEO Premium plugin. -->","yoast_head_json":{"title":"Educa\u00e7\u00e3o midi\u00e1tica: o que \u00e9 e qual a import\u00e2ncia?","description":"Educa\u00e7\u00e3o midi\u00e1tica ajuda a compreender e analisar informa\u00e7\u00f5es no dia a dia. Veja como essa habilidade pode transformar a sociedade.","robots":{"index":"index","follow":"follow","max-snippet":"max-snippet:-1","max-image-preview":"max-image-preview:large","max-video-preview":"max-video-preview:-1"},"canonical":"https:\/\/faculdade.grancursosonline.com.br\/blog\/educacao-midiatica\/","og_locale":"pt_BR","og_type":"article","og_title":"Educa\u00e7\u00e3o midi\u00e1tica: o que \u00e9 e qual a import\u00e2ncia?","og_description":"Educa\u00e7\u00e3o midi\u00e1tica ajuda a compreender e analisar informa\u00e7\u00f5es no dia a dia. Veja como essa habilidade pode transformar a sociedade.","og_url":"https:\/\/faculdade.grancursosonline.com.br\/blog\/educacao-midiatica\/","og_site_name":"Blog Gran Faculdade","article_publisher":"https:\/\/www.facebook.com\/grancursosonline\/","article_published_time":"2025-09-01T20:50:48+00:00","article_modified_time":"2025-09-03T12:54:37+00:00","og_image":[{"width":511,"height":311,"url":"https:\/\/blog-es-static.infra.grancursosonline.com.br\/wp-content\/uploads\/2025\/09\/03095413\/educacao-midiatica.jpg","type":"image\/jpeg"}],"author":"Guilherme Henrique","twitter_card":"summary_large_image","twitter_creator":"@gran_online","twitter_site":"@gran_online","twitter_misc":{"Written by":"Guilherme Henrique","Est. reading time":"18 minutos"},"schema":{"@context":"https:\/\/schema.org","@graph":[{"@type":"NewsArticle","@id":"https:\/\/faculdade.grancursosonline.com.br\/blog\/educacao-midiatica\/#article","isPartOf":{"@id":"https:\/\/faculdade.grancursosonline.com.br\/blog\/educacao-midiatica\/"},"author":{"name":"Guilherme Henrique","@id":"https:\/\/faculdade.grancursosonline.com.br\/blog\/#\/schema\/person\/9745f9b6db8976613c1f439dbcfe717d"},"headline":"Educa\u00e7\u00e3o midi\u00e1tica: o que \u00e9 e qual a import\u00e2ncia?","datePublished":"2025-09-01T20:50:48+00:00","dateModified":"2025-09-03T12:54:37+00:00","mainEntityOfPage":{"@id":"https:\/\/faculdade.grancursosonline.com.br\/blog\/educacao-midiatica\/"},"wordCount":933,"commentCount":0,"publisher":{"@id":"https:\/\/faculdade.grancursosonline.com.br\/blog\/#organization"},"image":{"@id":"https:\/\/faculdade.grancursosonline.com.br\/blog\/educacao-midiatica\/#primaryimage"},"thumbnailUrl":"https:\/\/blog-es-static.infra.grancursosonline.com.br\/wp-content\/uploads\/2025\/09\/03095345\/educacao-midiatica-2.jpg","articleSection":["Gradua\u00e7\u00e3o EAD","Gradua\u00e7\u00e3o Gran Faculdade","\u00daltimas Not\u00edcias"],"inLanguage":"pt-BR","potentialAction":[{"@type":"CommentAction","name":"Comment","target":["https:\/\/faculdade.grancursosonline.com.br\/blog\/educacao-midiatica\/#respond"]}],"copyrightYear":"2025","copyrightHolder":{"@id":"https:\/\/faculdade.grancursosonline.com.br\/blog\/#organization"}},{"@type":"WebPage","@id":"https:\/\/faculdade.grancursosonline.com.br\/blog\/educacao-midiatica\/","url":"https:\/\/faculdade.grancursosonline.com.br\/blog\/educacao-midiatica\/","name":"Educa\u00e7\u00e3o midi\u00e1tica: o que \u00e9 e qual a import\u00e2ncia?","isPartOf":{"@id":"https:\/\/faculdade.grancursosonline.com.br\/blog\/#website"},"primaryImageOfPage":{"@id":"https:\/\/faculdade.grancursosonline.com.br\/blog\/educacao-midiatica\/#primaryimage"},"image":{"@id":"https:\/\/faculdade.grancursosonline.com.br\/blog\/educacao-midiatica\/#primaryimage"},"thumbnailUrl":"https:\/\/blog-es-static.infra.grancursosonline.com.br\/wp-content\/uploads\/2025\/09\/03095345\/educacao-midiatica-2.jpg","datePublished":"2025-09-01T20:50:48+00:00","dateModified":"2025-09-03T12:54:37+00:00","description":"Educa\u00e7\u00e3o midi\u00e1tica ajuda a compreender e analisar informa\u00e7\u00f5es no dia a dia. Veja como essa habilidade pode transformar a sociedade.","breadcrumb":{"@id":"https:\/\/faculdade.grancursosonline.com.br\/blog\/educacao-midiatica\/#breadcrumb"},"inLanguage":"pt-BR","potentialAction":[{"@type":"ReadAction","target":["https:\/\/faculdade.grancursosonline.com.br\/blog\/educacao-midiatica\/"]}]},{"@type":"ImageObject","inLanguage":"pt-BR","@id":"https:\/\/faculdade.grancursosonline.com.br\/blog\/educacao-midiatica\/#primaryimage","url":"https:\/\/blog-es-static.infra.grancursosonline.com.br\/wp-content\/uploads\/2025\/09\/03095345\/educacao-midiatica-2.jpg","contentUrl":"https:\/\/blog-es-static.infra.grancursosonline.com.br\/wp-content\/uploads\/2025\/09\/03095345\/educacao-midiatica-2.jpg","width":1001,"height":601,"caption":"Educa\u00e7\u00e3o midi\u00e1tica: o que \u00e9 e qual a import\u00e2ncia?"},{"@type":"BreadcrumbList","@id":"https:\/\/faculdade.grancursosonline.com.br\/blog\/educacao-midiatica\/#breadcrumb","itemListElement":[{"@type":"ListItem","position":1,"name":"In\u00edcio","item":"https:\/\/faculdade.grancursosonline.com.br\/blog\/"},{"@type":"ListItem","position":2,"name":"Gradua\u00e7\u00e3o Gran Faculdade","item":"https:\/\/faculdade.grancursosonline.com.br\/blog\/graduacao\/"},{"@type":"ListItem","position":3,"name":"Educa\u00e7\u00e3o midi\u00e1tica: o que \u00e9 e qual a import\u00e2ncia?"}]},{"@type":"WebSite","@id":"https:\/\/faculdade.grancursosonline.com.br\/blog\/#website","url":"https:\/\/faculdade.grancursosonline.com.br\/blog\/","name":"Blog Gran Faculdade","description":"Tudo sobre ensino superior, p\u00f3s-gradua\u00e7\u00e3o, enem e carreira.","publisher":{"@id":"https:\/\/faculdade.grancursosonline.com.br\/blog\/#organization"},"potentialAction":[{"@type":"SearchAction","target":{"@type":"EntryPoint","urlTemplate":"https:\/\/faculdade.grancursosonline.com.br\/blog\/?s={search_term_string}"},"query-input":{"@type":"PropertyValueSpecification","valueRequired":true,"valueName":"search_term_string"}}],"inLanguage":"pt-BR"},{"@type":"Organization","@id":"https:\/\/faculdade.grancursosonline.com.br\/blog\/#organization","name":"Gran Cursos Online","url":"https:\/\/faculdade.grancursosonline.com.br\/blog\/","logo":{"@type":"ImageObject","inLanguage":"pt-BR","@id":"https:\/\/faculdade.grancursosonline.com.br\/blog\/#\/schema\/logo\/image\/","url":"https:\/\/blog-es-static.infra.grancursosonline.com.br\/wp-content\/uploads\/2019\/08\/03123934\/logo.png","contentUrl":"https:\/\/blog-es-static.infra.grancursosonline.com.br\/wp-content\/uploads\/2019\/08\/03123934\/logo.png","width":300,"height":57,"caption":"Gran Cursos Online"},"image":{"@id":"https:\/\/faculdade.grancursosonline.com.br\/blog\/#\/schema\/logo\/image\/"},"sameAs":["https:\/\/www.facebook.com\/grancursosonline\/","https:\/\/x.com\/gran_online","https:\/\/www.instagram.com\/grancursosonline\/","https:\/\/www.youtube.com\/user\/grancursostv"]},{"@type":"Person","@id":"https:\/\/faculdade.grancursosonline.com.br\/blog\/#\/schema\/person\/9745f9b6db8976613c1f439dbcfe717d","name":"Guilherme Henrique","url":"https:\/\/faculdade.grancursosonline.com.br\/blog\/author\/guilherme-lourenco\/"}]}},"_links":{"self":[{"href":"https:\/\/faculdade.grancursosonline.com.br\/blog\/wp-json\/wp\/v2\/posts\/79757386","targetHints":{"allow":["GET"]}}],"collection":[{"href":"https:\/\/faculdade.grancursosonline.com.br\/blog\/wp-json\/wp\/v2\/posts"}],"about":[{"href":"https:\/\/faculdade.grancursosonline.com.br\/blog\/wp-json\/wp\/v2\/types\/post"}],"author":[{"embeddable":true,"href":"https:\/\/faculdade.grancursosonline.com.br\/blog\/wp-json\/wp\/v2\/users\/514"}],"replies":[{"embeddable":true,"href":"https:\/\/faculdade.grancursosonline.com.br\/blog\/wp-json\/wp\/v2\/comments?post=79757386"}],"version-history":[{"count":2,"href":"https:\/\/faculdade.grancursosonline.com.br\/blog\/wp-json\/wp\/v2\/posts\/79757386\/revisions"}],"predecessor-version":[{"id":79757397,"href":"https:\/\/faculdade.grancursosonline.com.br\/blog\/wp-json\/wp\/v2\/posts\/79757386\/revisions\/79757397"}],"wp:featuredmedia":[{"embeddable":true,"href":"https:\/\/faculdade.grancursosonline.com.br\/blog\/wp-json\/wp\/v2\/media\/79757435"}],"wp:attachment":[{"href":"https:\/\/faculdade.grancursosonline.com.br\/blog\/wp-json\/wp\/v2\/media?parent=79757386"}],"wp:term":[{"taxonomy":"category","embeddable":true,"href":"https:\/\/faculdade.grancursosonline.com.br\/blog\/wp-json\/wp\/v2\/categories?post=79757386"},{"taxonomy":"post_tag","embeddable":true,"href":"https:\/\/faculdade.grancursosonline.com.br\/blog\/wp-json\/wp\/v2\/tags?post=79757386"}],"curies":[{"name":"wp","href":"https:\/\/api.w.org\/{rel}","templated":true}]}}