{"id":79757558,"date":"2025-09-04T17:40:58","date_gmt":"2025-09-04T20:40:58","guid":{"rendered":"https:\/\/faculdade.grancursosonline.com.br\/blog\/?p=79757558"},"modified":"2025-09-04T17:40:59","modified_gmt":"2025-09-04T20:40:59","slug":"quem-e-conceicao-evaristo","status":"publish","type":"post","link":"https:\/\/faculdade.grancursosonline.com.br\/blog\/quem-e-conceicao-evaristo\/","title":{"rendered":"Quem \u00e9 Concei\u00e7\u00e3o Evaristo? 6 cita\u00e7\u00f5es para usar na reda\u00e7\u00e3o do Enem"},"content":{"rendered":"\n<p>Voc\u00ea j\u00e1 ouviu falar em Concei\u00e7\u00e3o Evaristo? A escritora brasileira \u00e9 uma das vozes mais importantes da literatura. Suas obras trazem reflex\u00f5es sobre desigualdade, identidade e resist\u00eancia, temas que dialogam diretamente com os assuntos cobrados no Enem.<\/p>\n\n\n\n<p>Saber quem \u00e9 Concei\u00e7\u00e3o Evaristo e utilizar cita\u00e7\u00f5es da autora na sua reda\u00e7\u00e3o mostra repert\u00f3rio cultural e fortalece os seus argumentos. Mas ser\u00e1 que voc\u00ea sabe como fazer isso de forma estrat\u00e9gica? Continue a leitura e descubra.<\/p>\n\n\n\n<p>Acompanhe o conte\u00fado na \u00edntegra, ou navegue pelo \u00edndice se preferir:<\/p>\n\n\n\n<ul class=\"wp-block-list\">\n<li><a href=\"#h-quem-e-conceicao-evaristo\">Quem \u00e9 Concei\u00e7\u00e3o Evaristo?<\/a><\/li>\n\n\n\n<li><a href=\"#h-a-importancia-de-usar-citacoes-na-redacao-do-enem\">A import\u00e2ncia de usar cita\u00e7\u00f5es na reda\u00e7\u00e3o do Enem<\/a><\/li>\n\n\n\n<li><a href=\"#h-6-citacoes-de-conceicao-evaristo-para-usar-na-redacao-do-enem\">6 cita\u00e7\u00f5es de Concei\u00e7\u00e3o Evaristo para usar na reda\u00e7\u00e3o do Enem<\/a><\/li>\n\n\n\n<li><a href=\"#h-dicas-para-usar-citacoes-de-forma-estrategica\">Dicas para usar cita\u00e7\u00f5es de forma estrat\u00e9gica<\/a><\/li>\n<\/ul>\n\n\n\n<div class=\"wp-block-columns is-layout-flex wp-container-core-columns-is-layout-9d6595d7 wp-block-columns-is-layout-flex\">\n<div class=\"wp-block-column is-layout-flow wp-block-column-is-layout-flow\" style=\"flex-basis:100%\"><div class=\"wp-block-image\">\n<figure class=\"aligncenter size-full\"><a href=\"https:\/\/whatsapp.com\/channel\/0029VaG1sChI7Be7PNndhL43\" target=\"_blank\" rel=\"noopener\"><img decoding=\"async\" src=\"https:\/\/blog-es-static.infra.grancursosonline.com.br\/wp-content\/uploads\/2025\/09\/09112354\/banner-wp-600x142-80.webp\" alt=\"Acesse o canal do WhatsApp da Gran Faculdade\" class=\"wp-image-79751904\"\/><\/a><\/figure>\n<\/div><\/div>\n<\/div>\n\n\n\n<h2 class=\"wp-block-heading\" id=\"h-quem-e-conceicao-evaristo\"><strong>Quem \u00e9 Concei\u00e7\u00e3o Evaristo<\/strong>?<\/h2>\n\n\n\n<p>Concei\u00e7\u00e3o Evaristo \u00e9 uma escritora, poeta e professora mineira, nascida em 1946. A escritora cresceu em uma realidade marcada pela pobreza, mas sempre encontrou nos livros um espa\u00e7o de resist\u00eancia. Sua trajet\u00f3ria \u00e9 um exemplo de for\u00e7a e transforma\u00e7\u00e3o pela educa\u00e7\u00e3o.<\/p>\n\n\n\n<p>Concei\u00e7\u00e3o se destacou no cen\u00e1rio liter\u00e1rio ao abordar temas como racismo, desigualdade e a experi\u00eancia da mulher negra na sociedade.&nbsp;<\/p>\n\n\n\n<p>Hoje, Concei\u00e7\u00e3o Evaristo \u00e9 reconhecida como uma das vozes mais potentes da literatura brasileira contempor\u00e2nea. Sua escrita vai al\u00e9m da arte, tornando-se uma ferramenta de den\u00fancia, reflex\u00e3o e mudan\u00e7a.<\/p>\n\n\n\n<h2 class=\"wp-block-heading\" id=\"h-a-importancia-de-usar-citacoes-na-redacao-do-enem\"><strong>A import\u00e2ncia de usar cita\u00e7\u00f5es na reda\u00e7\u00e3o do Enem<\/strong><\/h2>\n\n\n\n<p>As cita\u00e7\u00f5es s\u00e3o um recurso valioso para refor\u00e7ar ideias na reda\u00e7\u00e3o do Enem. Elas acabam mostrando ao avaliador que o estudante domina refer\u00eancias importantes e sabe utiliz\u00e1-las para dar for\u00e7a aos seus argumentos.<\/p>\n\n\n\n<p>Quando bem aplicadas, as cita\u00e7\u00f5es tamb\u00e9m ajudam a enriquecer o repert\u00f3rio sociocultural, um dos pontos mais valorizados na corre\u00e7\u00e3o. Esse recurso mostra que o candidato consegue dialogar com grandes pensadores e autores.<\/p>\n\n\n\n<p>As cita\u00e7\u00f5es conectam as ideias do estudante a reflex\u00f5es j\u00e1 consolidadas, ampliando a for\u00e7a da reda\u00e7\u00e3o.<\/p>\n\n\n\n<h2 class=\"wp-block-heading\" id=\"h-6-citacoes-de-conceicao-evaristo-para-usar-na-redacao-do-enem\"><strong>6 cita\u00e7\u00f5es de Concei\u00e7\u00e3o Evaristo para usar na reda\u00e7\u00e3o do Enem<\/strong><\/h2>\n\n\n\n<p>Agora que voc\u00ea j\u00e1 sabe quem \u00e9 Concei\u00e7\u00e3o Evaristo e a import\u00e2ncia da autora no cen\u00e1rio liter\u00e1rio, confira algumas cita\u00e7\u00f5es que podem ser usadas na reda\u00e7\u00e3o do Enem:<\/p>\n\n\n\n<ul class=\"wp-block-list\">\n<li><strong>\u201cA escreviv\u00eancia \u00e9 a nossa forma de inscrever mem\u00f3rias, dores e sonhos no papel.\u201d<\/strong><strong><br><\/strong>Essa frase mostra como a escrita pode ser um instrumento de resist\u00eancia e identidade, \u00f3tima para temas sobre mem\u00f3ria social, cultura e igualdade;<br><\/li>\n\n\n\n<li><strong>\u201cA nossa escreviv\u00eancia n\u00e3o pode ser lida como hist\u00f3rias para \u2018ninar\u2019 os da casa grande, e sim para incomod\u00e1-los.\u201d<\/strong><strong><br><\/strong>Nessa frase, Evaristo refor\u00e7a o papel da literatura como den\u00fancia, \u00fatil em reda\u00e7\u00f5es sobre desigualdade e mem\u00f3ria;<br><\/li>\n\n\n\n<li><strong>\u201cO importante n\u00e3o \u00e9 ser o primeiro ou primeira, o importante \u00e9 abrir caminhos.\u201d<\/strong><strong><br><\/strong>Aqui, a autora refor\u00e7a a ideia de representatividade e coletividade. \u00c9 \u00fatil em temas sobre inclus\u00e3o social, igualdade de g\u00eanero e oportunidades;<br><\/li>\n\n\n\n<li><strong>\u201cSe ao menos o medo me fizesse recuar, pelo contr\u00e1rio, avan\u00e7o mais e mais na mesma propor\u00e7\u00e3o desse medo. \u00c9 como se o medo fosse uma coragem ao contr\u00e1rio.\u201d<\/strong><strong><br><\/strong>Essa frase pode ser aplicada em discuss\u00f5es sobre supera\u00e7\u00e3o, coragem e enfrentamento de desafios sociais e pessoais;<br><\/li>\n\n\n\n<li><strong>\u201cAchava tamb\u00e9m que qualquer vida era um risco e o risco maior era o de n\u00e3o tentar viver.\u201d<\/strong><strong><br><\/strong>Essa cita\u00e7\u00e3o se encaixa em temas sobre coragem, tomada de decis\u00e3o e enfrentamento das dificuldades como parte da vida;<br><\/li>\n\n\n\n<li><strong>\u201cA voz de minha filha recolhe todas as nossas vozes, recolhe em si as vozes mudas caladas, engasgadas nas gargantas.\u201d<\/strong><\/li>\n<\/ul>\n\n\n\n<p>Essa frase destaca a import\u00e2ncia da coletividade e da continuidade das lutas sociais, podendo ser usada em reda\u00e7\u00f5es sobre representatividade, mem\u00f3ria e resist\u00eancia.<\/p>\n\n\n\n<h2 class=\"wp-block-heading\" id=\"h-dicas-para-usar-citacoes-de-forma-estrategica\"><strong>Dicas para usar cita\u00e7\u00f5es de forma estrat\u00e9gica<\/strong><br><\/h2>\n\n\n\n<p>Antes das dicas, \u00e9 importante lembrar que as cita\u00e7\u00f5es n\u00e3o devem ser usadas de forma solta no texto. Elas precisam estar conectadas \u00e0 ideia que voc\u00ea quer defender e sempre bem explicadas. Confira dicas:<\/p>\n\n\n\n<ul class=\"wp-block-list\">\n<li>Use apenas cita\u00e7\u00f5es que tenham rela\u00e7\u00e3o direta com o tema proposto;<br><\/li>\n\n\n\n<li>Evite exageros: uma ou duas cita\u00e7\u00f5es j\u00e1 s\u00e3o suficientes;<br><\/li>\n\n\n\n<li>Sempre explique a frase com suas pr\u00f3prias palavras para mostrar que voc\u00ea realmente entendeu;<br><\/li>\n\n\n\n<li>Prefira inserir a cita\u00e7\u00e3o no desenvolvimento, onde seus argumentos s\u00e3o constru\u00eddos;<br><\/li>\n\n\n\n<li>Treine antes: pratique encaixar cita\u00e7\u00f5es em diferentes temas para ganhar seguran\u00e7a.<\/li>\n<\/ul>\n\n\n\n<h2 class=\"wp-block-heading\" id=\"h-redacao-nota-mil-comece-a-preparar-a-sua-agora\">Reda\u00e7\u00e3o Nota Mil: Comece a preparar a sua agora!<\/h2>\n\n\n\n<p>Seja no Enem, em vestibulares ou at\u00e9 mesmo nos concursos p\u00fablicos, surge a necessidade de dominar t\u00e9cnicas de escrita para obter um bom desempenho nas provas dissertativas.<\/p>\n\n\n\n<p>Se voc\u00ea quer escrever melhor e conseguir pontuar bem na Reda\u00e7\u00e3o, baixe gratuitamente o Guia que a Gran Faculdade preparou para voc\u00ea. Basta preencher o formul\u00e1rio abaixo:<\/p>\n\n\n\n<script charset=\"utf-8\" type=\"text\/javascript\" src=\"\/\/js.hsforms.net\/forms\/embed\/v2.js\"><\/script>\n<script>\n  hbspt.forms.create({\n    portalId: \"302036\",\n    formId: \"d401baf7-44f0-4c45-82dd-b63f4ebc4740\",\n    region: \"na1\"\n  });\n<\/script>\n\n\n\n<h2 class=\"wp-block-heading\" id=\"h-vem-pra-gran-faculdade\">Vem pra Gran Faculdade!<\/h2>\n\n\n\n<p>A Gran Faculdade vem mudando a vida de milhares de pessoas por meio de cursos \u00e0 dist\u00e2ncia de <a href=\"https:\/\/faculdade.grancursosonline.com.br\/\" target=\"_blank\" rel=\"noreferrer noopener\">gradua\u00e7\u00e3o<\/a>, <a href=\"https:\/\/pos.grancursosonline.com.br\/\" target=\"_blank\" rel=\"noreferrer noopener\">p\u00f3s-gradua\u00e7\u00e3o<\/a> e <a href=\"https:\/\/pos.grancursosonline.com.br\/mba\" target=\"_blank\" rel=\"noreferrer noopener\">MBA<\/a>. Seja no digital ou em nosso <a href=\"https:\/\/presencial.grancursosonline.com.br\/\" target=\"_blank\" rel=\"noreferrer noopener\">Campus Presencial em Curitiba<\/a>, a nossa miss\u00e3o \u00e9 transformar a educa\u00e7\u00e3o superior.<\/p>\n\n\n\n<p>Como parte de Sistema Gran de Ensino, que \u00e9 reconhecido como marca aprovadora h\u00e1 mais de 10 anos, constru\u00edmos uma renomada reputa\u00e7\u00e3o na \u00e1rea de educa\u00e7\u00e3o.<\/p>\n\n\n\n<p>Veja algumas de nossas conquistas:<\/p>\n\n\n\n<ul class=\"wp-block-list\">\n<li>Reconhecido pela Amazon como um dos projetos mais relevantes do mundo na \u00e1rea de Tecnologia e Educa\u00e7\u00e3o;<\/li>\n\n\n\n<li>Foi eleito pelo Project Management Institute (PMI), um dos 50 Projetos Mais Influentes do mundo;<\/li>\n\n\n\n<li>Somos o site de educa\u00e7\u00e3o mais acessado do Brasil;<\/li>\n\n\n\n<li>Somos avaliados com a nota m\u00e1xima pelo MEC;<\/li>\n\n\n\n<li>Aqui o semestre come\u00e7a quando quiser: entrada imediata e cont\u00ednua!<\/li>\n\n\n\n<li>Melhores pre\u00e7os do mercado;<\/li>\n\n\n\n<li>Mais de 800 mil alunos pagantes e mais de 1000 funcion\u00e1rios;<\/li>\n\n\n\n<li>Diversas ferramentas de estudo: PDFs, audiobooks, mapas mentais, videoaulas, quest\u00f5es, gerenciador de estudos e muito mais!<\/li>\n\n\n\n<li>Professores experientes e capacitados;<\/li>\n\n\n\n<li>Acesso imediato e 100% online.<\/li>\n<\/ul>\n\n\n\n<p class=\"has-text-align-center has-text-align-center\"><strong><a href=\"https:\/\/faculdade.grancursosonline.com.br\/\">Quero ser aluno da Gran Faculdade<\/a><\/strong><\/p>\n\n\n\n<div class=\"wp-block-group has-background\" style=\"background-color:#8dd2fc7a\"><div class=\"wp-block-group__inner-container is-layout-constrained wp-block-group-is-layout-constrained\">\n<p><strong>Outras not\u00edcias em destaque:<\/strong><\/p>\n\n\n\n<ul class=\"wp-block-list\">\n<li><a href=\"https:\/\/faculdade.grancursosonline.com.br\/blog\/quantas-linhas-tem-a-redacao-do-enem\/\" target=\"_blank\" rel=\"noreferrer noopener\">Quantas linhas tem a reda\u00e7\u00e3o do Enem?<\/a><\/li>\n\n\n\n<li><a href=\"https:\/\/faculdade.grancursosonline.com.br\/blog\/redacao-precisa-de-titulo\/\" target=\"_blank\" rel=\"noreferrer noopener\">Reda\u00e7\u00e3o precisa de t\u00edtulo?<\/a><\/li>\n\n\n\n<li><a href=\"https:\/\/blog.grancursosonline.com.br\/as-7-dicas-para-a-redacao-perfeita-no-enem-por-elias-santana\/\" target=\"_blank\" rel=\"noreferrer noopener\">7 dicas para a reda\u00e7\u00e3o perfeita no Enem<\/a><\/li>\n<\/ul>\n<\/div><\/div>\n\n\n\n<div class=\"wp-block-group\"><div class=\"wp-block-group__inner-container is-layout-constrained wp-block-group-is-layout-constrained\">\n<div class=\"wp-block-group\"><div class=\"wp-block-group__inner-container is-layout-constrained wp-block-group-is-layout-constrained\">\n<section style=\"text-align: center;\">\n<p>Quer ficar por dentro da Faculdade Digital mais inovadora do Brasil?<\/p>\n<nav>\n<p class=\"has-background has-dark-bluish-background-color\" style=\"font-size: 25px; text-align: center; background: #f0f0f0; color: #ffffff; padding: 4px 0px 4xp 0px;\"><a style=\"color: #0d134c; text-decoration: underline;\" href=\"https:\/\/faculdade.grancursosonline.com.br\/\" target=\"_blank\" rel=\"noopener\">GRADUA\u00c7\u00c3O<\/a><\/p>\n<p class=\"has-background has-dark-bluish-background-color\" style=\"font-size: 25px; text-align: center; background: #f0f0f0; color: #ffffff; padding: 4px 0px 4xp 0px;\"><a style=\"color: #0d134c; text-decoration: underline;\" href=\"https:\/\/pos.grancursosonline.com.br\/\" target=\"_blank\" rel=\"noopener\">P\u00d3S-GRADUA\u00c7\u00c3O<\/a><\/p>\n<p class=\"has-background has-dark-bluish-background-color\" style=\"font-size: 25px; text-align: center; background: #f0f0f0; color: #ffffff; padding: 4px 0px 4xp 0px;\"><a style=\"color: #0d134c; text-decoration: underline;\" href=\"https:\/\/faculdade.grancursosonline.com.br\/nossos-cursos\/\" target=\"_blank\" rel=\"noopener\">TUDO SOBRE A GRAN FACULDADE<\/a><\/p>\n<\/nav>\n<p><strong>Receba <span style=\"color: #cf1e25;\">gratuitamente<\/span> no seu celular as principais not\u00edcias sobre a Gran Faculdade! <br \/>Clique no link abaixo e inscreva-se:<\/strong><\/p>\n<p class=\"has-background has-dark-bluish-background-color\" style=\"font-size: 25px; text-align: center; background: #f0f0f0; color: #ffffff; padding: 4px 0px 4xp 0px;\"><a style=\"color: #0d134c; text-decoration: underline;\" href=\"https:\/\/whatsapp.com\/channel\/0029VaG1sChI7Be7PNndhL43\" target=\"_blank\" rel=\"noopener noreferrer\">WHATSAPP<\/a><\/p>\n<p class=\"has-background has-dark-bluish-background-color\" style=\"font-size: 25px; text-align: center; background: #f0f0f0; color: #ffffff; padding: 4px 0px 4xp 0px;\"><a style=\"color: #0d134c; text-decoration: underline;\" href=\"https:\/\/t.me\/GranFaculdade\" target=\"_blank\" rel=\"noopener noreferrer\">TELEGRAM<\/a><\/p>\n<\/section>\n<\/div><\/div>\n<\/div><\/div>\n","protected":false},"excerpt":{"rendered":"<p>Voc\u00ea j\u00e1 ouviu falar em Concei\u00e7\u00e3o Evaristo? A escritora brasileira \u00e9 uma das vozes mais importantes da literatura. Suas obras trazem reflex\u00f5es sobre desigualdade, identidade e resist\u00eancia, temas que dialogam diretamente com os assuntos cobrados no Enem. Saber quem \u00e9 Concei\u00e7\u00e3o Evaristo e utilizar cita\u00e7\u00f5es da autora na sua reda\u00e7\u00e3o mostra repert\u00f3rio cultural e fortalece&hellip;<\/p>\n","protected":false},"author":514,"featured_media":79757559,"comment_status":"open","ping_status":"open","sticky":false,"template":"","format":"standard","meta":{"_acf_changed":false,"content-type":"","footnotes":""},"categories":[1543,219790,218545,2],"tags":[],"class_list":["post-79757558","post","type-post","status-publish","format-standard","has-post-thumbnail","hentry","category-enem","category-graduacao-ead","category-graduacao","category-ultimas-noticias"],"acf":[],"yoast_head":"<!-- This site is optimized with the Yoast SEO Premium plugin v27.2 (Yoast SEO v27.2) - https:\/\/yoast.com\/product\/yoast-seo-premium-wordpress\/ -->\n<title>Quem \u00e9 Concei\u00e7\u00e3o Evaristo? 6 cita\u00e7\u00f5es para usar na reda\u00e7\u00e3o do Enem<\/title>\n<meta name=\"description\" content=\"Saiba quem \u00e9 Concei\u00e7\u00e3o Evaristo e como suas cita\u00e7\u00f5es podem enriquecer e valorizar sua reda\u00e7\u00e3o do Enem.\" \/>\n<meta name=\"robots\" content=\"index, follow, max-snippet:-1, max-image-preview:large, max-video-preview:-1\" \/>\n<link rel=\"canonical\" href=\"https:\/\/faculdade.grancursosonline.com.br\/blog\/quem-e-conceicao-evaristo\/\" \/>\n<meta property=\"og:locale\" content=\"pt_BR\" \/>\n<meta property=\"og:type\" content=\"article\" \/>\n<meta property=\"og:title\" content=\"Quem \u00e9 Concei\u00e7\u00e3o Evaristo? 6 cita\u00e7\u00f5es para usar na reda\u00e7\u00e3o do Enem\" \/>\n<meta property=\"og:description\" content=\"Saiba quem \u00e9 Concei\u00e7\u00e3o Evaristo e como suas cita\u00e7\u00f5es podem enriquecer e valorizar sua reda\u00e7\u00e3o do Enem.\" \/>\n<meta property=\"og:url\" content=\"https:\/\/faculdade.grancursosonline.com.br\/blog\/quem-e-conceicao-evaristo\/\" \/>\n<meta property=\"og:site_name\" content=\"Blog Gran Faculdade\" \/>\n<meta property=\"article:publisher\" content=\"https:\/\/www.facebook.com\/grancursosonline\/\" \/>\n<meta property=\"article:published_time\" content=\"2025-09-04T20:40:58+00:00\" \/>\n<meta property=\"article:modified_time\" content=\"2025-09-04T20:40:59+00:00\" \/>\n<meta property=\"og:image\" content=\"https:\/\/blog-es-static.infra.grancursosonline.com.br\/wp-content\/uploads\/2025\/09\/04173746\/quem-e-Conceicao-Evaristo.webp\" \/>\n\t<meta property=\"og:image:width\" content=\"511\" \/>\n\t<meta property=\"og:image:height\" content=\"311\" \/>\n\t<meta property=\"og:image:type\" content=\"image\/webp\" \/>\n<meta name=\"author\" content=\"Guilherme Henrique\" \/>\n<meta name=\"twitter:card\" content=\"summary_large_image\" \/>\n<meta name=\"twitter:creator\" content=\"@gran_online\" \/>\n<meta name=\"twitter:site\" content=\"@gran_online\" \/>\n<meta name=\"twitter:label1\" content=\"Written by\" \/>\n\t<meta name=\"twitter:data1\" content=\"Guilherme Henrique\" \/>\n\t<meta name=\"twitter:label2\" content=\"Est. reading time\" \/>\n\t<meta name=\"twitter:data2\" content=\"6 minutos\" \/>\n<script type=\"application\/ld+json\" class=\"yoast-schema-graph\">{\"@context\":\"https:\/\/schema.org\",\"@graph\":[{\"@type\":\"NewsArticle\",\"@id\":\"https:\/\/faculdade.grancursosonline.com.br\/blog\/quem-e-conceicao-evaristo\/#article\",\"isPartOf\":{\"@id\":\"https:\/\/faculdade.grancursosonline.com.br\/blog\/quem-e-conceicao-evaristo\/\"},\"author\":{\"name\":\"Guilherme Henrique\",\"@id\":\"https:\/\/faculdade.grancursosonline.com.br\/blog\/#\/schema\/person\/9745f9b6db8976613c1f439dbcfe717d\"},\"headline\":\"Quem \u00e9 Concei\u00e7\u00e3o Evaristo? 6 cita\u00e7\u00f5es para usar na reda\u00e7\u00e3o do Enem\",\"datePublished\":\"2025-09-04T20:40:58+00:00\",\"dateModified\":\"2025-09-04T20:40:59+00:00\",\"mainEntityOfPage\":{\"@id\":\"https:\/\/faculdade.grancursosonline.com.br\/blog\/quem-e-conceicao-evaristo\/\"},\"wordCount\":805,\"commentCount\":0,\"publisher\":{\"@id\":\"https:\/\/faculdade.grancursosonline.com.br\/blog\/#organization\"},\"image\":{\"@id\":\"https:\/\/faculdade.grancursosonline.com.br\/blog\/quem-e-conceicao-evaristo\/#primaryimage\"},\"thumbnailUrl\":\"https:\/\/blog-es-static.infra.grancursosonline.com.br\/wp-content\/uploads\/2025\/09\/04173732\/quem-e-Conceicao-Evaristo-2.webp\",\"articleSection\":[\"ENEM\",\"Gradua\u00e7\u00e3o EAD\",\"Gradua\u00e7\u00e3o Gran Faculdade\",\"\u00daltimas Not\u00edcias\"],\"inLanguage\":\"pt-BR\",\"potentialAction\":[{\"@type\":\"CommentAction\",\"name\":\"Comment\",\"target\":[\"https:\/\/faculdade.grancursosonline.com.br\/blog\/quem-e-conceicao-evaristo\/#respond\"]}],\"copyrightYear\":\"2025\",\"copyrightHolder\":{\"@id\":\"https:\/\/faculdade.grancursosonline.com.br\/blog\/#organization\"}},{\"@type\":\"WebPage\",\"@id\":\"https:\/\/faculdade.grancursosonline.com.br\/blog\/quem-e-conceicao-evaristo\/\",\"url\":\"https:\/\/faculdade.grancursosonline.com.br\/blog\/quem-e-conceicao-evaristo\/\",\"name\":\"Quem \u00e9 Concei\u00e7\u00e3o Evaristo? 6 cita\u00e7\u00f5es para usar na reda\u00e7\u00e3o do Enem\",\"isPartOf\":{\"@id\":\"https:\/\/faculdade.grancursosonline.com.br\/blog\/#website\"},\"primaryImageOfPage\":{\"@id\":\"https:\/\/faculdade.grancursosonline.com.br\/blog\/quem-e-conceicao-evaristo\/#primaryimage\"},\"image\":{\"@id\":\"https:\/\/faculdade.grancursosonline.com.br\/blog\/quem-e-conceicao-evaristo\/#primaryimage\"},\"thumbnailUrl\":\"https:\/\/blog-es-static.infra.grancursosonline.com.br\/wp-content\/uploads\/2025\/09\/04173732\/quem-e-Conceicao-Evaristo-2.webp\",\"datePublished\":\"2025-09-04T20:40:58+00:00\",\"dateModified\":\"2025-09-04T20:40:59+00:00\",\"description\":\"Saiba quem \u00e9 Concei\u00e7\u00e3o Evaristo e como suas cita\u00e7\u00f5es podem enriquecer e valorizar sua reda\u00e7\u00e3o do Enem.\",\"breadcrumb\":{\"@id\":\"https:\/\/faculdade.grancursosonline.com.br\/blog\/quem-e-conceicao-evaristo\/#breadcrumb\"},\"inLanguage\":\"pt-BR\",\"potentialAction\":[{\"@type\":\"ReadAction\",\"target\":[\"https:\/\/faculdade.grancursosonline.com.br\/blog\/quem-e-conceicao-evaristo\/\"]}]},{\"@type\":\"ImageObject\",\"inLanguage\":\"pt-BR\",\"@id\":\"https:\/\/faculdade.grancursosonline.com.br\/blog\/quem-e-conceicao-evaristo\/#primaryimage\",\"url\":\"https:\/\/blog-es-static.infra.grancursosonline.com.br\/wp-content\/uploads\/2025\/09\/04173732\/quem-e-Conceicao-Evaristo-2.webp\",\"contentUrl\":\"https:\/\/blog-es-static.infra.grancursosonline.com.br\/wp-content\/uploads\/2025\/09\/04173732\/quem-e-Conceicao-Evaristo-2.webp\",\"width\":1001,\"height\":601,\"caption\":\"Quem \u00e9 Concei\u00e7\u00e3o Evaristo? 6 cita\u00e7\u00f5es para usar na reda\u00e7\u00e3o do Enem\"},{\"@type\":\"BreadcrumbList\",\"@id\":\"https:\/\/faculdade.grancursosonline.com.br\/blog\/quem-e-conceicao-evaristo\/#breadcrumb\",\"itemListElement\":[{\"@type\":\"ListItem\",\"position\":1,\"name\":\"In\u00edcio\",\"item\":\"https:\/\/faculdade.grancursosonline.com.br\/blog\/\"},{\"@type\":\"ListItem\",\"position\":2,\"name\":\"ENEM\",\"item\":\"https:\/\/faculdade.grancursosonline.com.br\/blog\/enem\/\"},{\"@type\":\"ListItem\",\"position\":3,\"name\":\"Quem \u00e9 Concei\u00e7\u00e3o Evaristo? 6 cita\u00e7\u00f5es para usar na reda\u00e7\u00e3o do Enem\"}]},{\"@type\":\"WebSite\",\"@id\":\"https:\/\/faculdade.grancursosonline.com.br\/blog\/#website\",\"url\":\"https:\/\/faculdade.grancursosonline.com.br\/blog\/\",\"name\":\"Blog Gran Faculdade\",\"description\":\"Tudo sobre ensino superior, p\u00f3s-gradua\u00e7\u00e3o, enem e carreira.\",\"publisher\":{\"@id\":\"https:\/\/faculdade.grancursosonline.com.br\/blog\/#organization\"},\"potentialAction\":[{\"@type\":\"SearchAction\",\"target\":{\"@type\":\"EntryPoint\",\"urlTemplate\":\"https:\/\/faculdade.grancursosonline.com.br\/blog\/?s={search_term_string}\"},\"query-input\":{\"@type\":\"PropertyValueSpecification\",\"valueRequired\":true,\"valueName\":\"search_term_string\"}}],\"inLanguage\":\"pt-BR\"},{\"@type\":\"Organization\",\"@id\":\"https:\/\/faculdade.grancursosonline.com.br\/blog\/#organization\",\"name\":\"Gran Cursos Online\",\"url\":\"https:\/\/faculdade.grancursosonline.com.br\/blog\/\",\"logo\":{\"@type\":\"ImageObject\",\"inLanguage\":\"pt-BR\",\"@id\":\"https:\/\/faculdade.grancursosonline.com.br\/blog\/#\/schema\/logo\/image\/\",\"url\":\"https:\/\/blog-es-static.infra.grancursosonline.com.br\/wp-content\/uploads\/2019\/08\/03123934\/logo.png\",\"contentUrl\":\"https:\/\/blog-es-static.infra.grancursosonline.com.br\/wp-content\/uploads\/2019\/08\/03123934\/logo.png\",\"width\":300,\"height\":57,\"caption\":\"Gran Cursos Online\"},\"image\":{\"@id\":\"https:\/\/faculdade.grancursosonline.com.br\/blog\/#\/schema\/logo\/image\/\"},\"sameAs\":[\"https:\/\/www.facebook.com\/grancursosonline\/\",\"https:\/\/x.com\/gran_online\",\"https:\/\/www.instagram.com\/grancursosonline\/\",\"https:\/\/www.youtube.com\/user\/grancursostv\"]},{\"@type\":\"Person\",\"@id\":\"https:\/\/faculdade.grancursosonline.com.br\/blog\/#\/schema\/person\/9745f9b6db8976613c1f439dbcfe717d\",\"name\":\"Guilherme Henrique\",\"url\":\"https:\/\/faculdade.grancursosonline.com.br\/blog\/author\/guilherme-lourenco\/\"}]}<\/script>\n<!-- \/ Yoast SEO Premium plugin. -->","yoast_head_json":{"title":"Quem \u00e9 Concei\u00e7\u00e3o Evaristo? 6 cita\u00e7\u00f5es para usar na reda\u00e7\u00e3o do Enem","description":"Saiba quem \u00e9 Concei\u00e7\u00e3o Evaristo e como suas cita\u00e7\u00f5es podem enriquecer e valorizar sua reda\u00e7\u00e3o do Enem.","robots":{"index":"index","follow":"follow","max-snippet":"max-snippet:-1","max-image-preview":"max-image-preview:large","max-video-preview":"max-video-preview:-1"},"canonical":"https:\/\/faculdade.grancursosonline.com.br\/blog\/quem-e-conceicao-evaristo\/","og_locale":"pt_BR","og_type":"article","og_title":"Quem \u00e9 Concei\u00e7\u00e3o Evaristo? 6 cita\u00e7\u00f5es para usar na reda\u00e7\u00e3o do Enem","og_description":"Saiba quem \u00e9 Concei\u00e7\u00e3o Evaristo e como suas cita\u00e7\u00f5es podem enriquecer e valorizar sua reda\u00e7\u00e3o do Enem.","og_url":"https:\/\/faculdade.grancursosonline.com.br\/blog\/quem-e-conceicao-evaristo\/","og_site_name":"Blog Gran Faculdade","article_publisher":"https:\/\/www.facebook.com\/grancursosonline\/","article_published_time":"2025-09-04T20:40:58+00:00","article_modified_time":"2025-09-04T20:40:59+00:00","og_image":[{"width":511,"height":311,"url":"https:\/\/blog-es-static.infra.grancursosonline.com.br\/wp-content\/uploads\/2025\/09\/04173746\/quem-e-Conceicao-Evaristo.webp","type":"image\/webp"}],"author":"Guilherme Henrique","twitter_card":"summary_large_image","twitter_creator":"@gran_online","twitter_site":"@gran_online","twitter_misc":{"Written by":"Guilherme Henrique","Est. reading time":"6 minutos"},"schema":{"@context":"https:\/\/schema.org","@graph":[{"@type":"NewsArticle","@id":"https:\/\/faculdade.grancursosonline.com.br\/blog\/quem-e-conceicao-evaristo\/#article","isPartOf":{"@id":"https:\/\/faculdade.grancursosonline.com.br\/blog\/quem-e-conceicao-evaristo\/"},"author":{"name":"Guilherme Henrique","@id":"https:\/\/faculdade.grancursosonline.com.br\/blog\/#\/schema\/person\/9745f9b6db8976613c1f439dbcfe717d"},"headline":"Quem \u00e9 Concei\u00e7\u00e3o Evaristo? 6 cita\u00e7\u00f5es para usar na reda\u00e7\u00e3o do Enem","datePublished":"2025-09-04T20:40:58+00:00","dateModified":"2025-09-04T20:40:59+00:00","mainEntityOfPage":{"@id":"https:\/\/faculdade.grancursosonline.com.br\/blog\/quem-e-conceicao-evaristo\/"},"wordCount":805,"commentCount":0,"publisher":{"@id":"https:\/\/faculdade.grancursosonline.com.br\/blog\/#organization"},"image":{"@id":"https:\/\/faculdade.grancursosonline.com.br\/blog\/quem-e-conceicao-evaristo\/#primaryimage"},"thumbnailUrl":"https:\/\/blog-es-static.infra.grancursosonline.com.br\/wp-content\/uploads\/2025\/09\/04173732\/quem-e-Conceicao-Evaristo-2.webp","articleSection":["ENEM","Gradua\u00e7\u00e3o EAD","Gradua\u00e7\u00e3o Gran Faculdade","\u00daltimas Not\u00edcias"],"inLanguage":"pt-BR","potentialAction":[{"@type":"CommentAction","name":"Comment","target":["https:\/\/faculdade.grancursosonline.com.br\/blog\/quem-e-conceicao-evaristo\/#respond"]}],"copyrightYear":"2025","copyrightHolder":{"@id":"https:\/\/faculdade.grancursosonline.com.br\/blog\/#organization"}},{"@type":"WebPage","@id":"https:\/\/faculdade.grancursosonline.com.br\/blog\/quem-e-conceicao-evaristo\/","url":"https:\/\/faculdade.grancursosonline.com.br\/blog\/quem-e-conceicao-evaristo\/","name":"Quem \u00e9 Concei\u00e7\u00e3o Evaristo? 6 cita\u00e7\u00f5es para usar na reda\u00e7\u00e3o do Enem","isPartOf":{"@id":"https:\/\/faculdade.grancursosonline.com.br\/blog\/#website"},"primaryImageOfPage":{"@id":"https:\/\/faculdade.grancursosonline.com.br\/blog\/quem-e-conceicao-evaristo\/#primaryimage"},"image":{"@id":"https:\/\/faculdade.grancursosonline.com.br\/blog\/quem-e-conceicao-evaristo\/#primaryimage"},"thumbnailUrl":"https:\/\/blog-es-static.infra.grancursosonline.com.br\/wp-content\/uploads\/2025\/09\/04173732\/quem-e-Conceicao-Evaristo-2.webp","datePublished":"2025-09-04T20:40:58+00:00","dateModified":"2025-09-04T20:40:59+00:00","description":"Saiba quem \u00e9 Concei\u00e7\u00e3o Evaristo e como suas cita\u00e7\u00f5es podem enriquecer e valorizar sua reda\u00e7\u00e3o do Enem.","breadcrumb":{"@id":"https:\/\/faculdade.grancursosonline.com.br\/blog\/quem-e-conceicao-evaristo\/#breadcrumb"},"inLanguage":"pt-BR","potentialAction":[{"@type":"ReadAction","target":["https:\/\/faculdade.grancursosonline.com.br\/blog\/quem-e-conceicao-evaristo\/"]}]},{"@type":"ImageObject","inLanguage":"pt-BR","@id":"https:\/\/faculdade.grancursosonline.com.br\/blog\/quem-e-conceicao-evaristo\/#primaryimage","url":"https:\/\/blog-es-static.infra.grancursosonline.com.br\/wp-content\/uploads\/2025\/09\/04173732\/quem-e-Conceicao-Evaristo-2.webp","contentUrl":"https:\/\/blog-es-static.infra.grancursosonline.com.br\/wp-content\/uploads\/2025\/09\/04173732\/quem-e-Conceicao-Evaristo-2.webp","width":1001,"height":601,"caption":"Quem \u00e9 Concei\u00e7\u00e3o Evaristo? 6 cita\u00e7\u00f5es para usar na reda\u00e7\u00e3o do Enem"},{"@type":"BreadcrumbList","@id":"https:\/\/faculdade.grancursosonline.com.br\/blog\/quem-e-conceicao-evaristo\/#breadcrumb","itemListElement":[{"@type":"ListItem","position":1,"name":"In\u00edcio","item":"https:\/\/faculdade.grancursosonline.com.br\/blog\/"},{"@type":"ListItem","position":2,"name":"ENEM","item":"https:\/\/faculdade.grancursosonline.com.br\/blog\/enem\/"},{"@type":"ListItem","position":3,"name":"Quem \u00e9 Concei\u00e7\u00e3o Evaristo? 6 cita\u00e7\u00f5es para usar na reda\u00e7\u00e3o do Enem"}]},{"@type":"WebSite","@id":"https:\/\/faculdade.grancursosonline.com.br\/blog\/#website","url":"https:\/\/faculdade.grancursosonline.com.br\/blog\/","name":"Blog Gran Faculdade","description":"Tudo sobre ensino superior, p\u00f3s-gradua\u00e7\u00e3o, enem e carreira.","publisher":{"@id":"https:\/\/faculdade.grancursosonline.com.br\/blog\/#organization"},"potentialAction":[{"@type":"SearchAction","target":{"@type":"EntryPoint","urlTemplate":"https:\/\/faculdade.grancursosonline.com.br\/blog\/?s={search_term_string}"},"query-input":{"@type":"PropertyValueSpecification","valueRequired":true,"valueName":"search_term_string"}}],"inLanguage":"pt-BR"},{"@type":"Organization","@id":"https:\/\/faculdade.grancursosonline.com.br\/blog\/#organization","name":"Gran Cursos Online","url":"https:\/\/faculdade.grancursosonline.com.br\/blog\/","logo":{"@type":"ImageObject","inLanguage":"pt-BR","@id":"https:\/\/faculdade.grancursosonline.com.br\/blog\/#\/schema\/logo\/image\/","url":"https:\/\/blog-es-static.infra.grancursosonline.com.br\/wp-content\/uploads\/2019\/08\/03123934\/logo.png","contentUrl":"https:\/\/blog-es-static.infra.grancursosonline.com.br\/wp-content\/uploads\/2019\/08\/03123934\/logo.png","width":300,"height":57,"caption":"Gran Cursos Online"},"image":{"@id":"https:\/\/faculdade.grancursosonline.com.br\/blog\/#\/schema\/logo\/image\/"},"sameAs":["https:\/\/www.facebook.com\/grancursosonline\/","https:\/\/x.com\/gran_online","https:\/\/www.instagram.com\/grancursosonline\/","https:\/\/www.youtube.com\/user\/grancursostv"]},{"@type":"Person","@id":"https:\/\/faculdade.grancursosonline.com.br\/blog\/#\/schema\/person\/9745f9b6db8976613c1f439dbcfe717d","name":"Guilherme Henrique","url":"https:\/\/faculdade.grancursosonline.com.br\/blog\/author\/guilherme-lourenco\/"}]}},"_links":{"self":[{"href":"https:\/\/faculdade.grancursosonline.com.br\/blog\/wp-json\/wp\/v2\/posts\/79757558","targetHints":{"allow":["GET"]}}],"collection":[{"href":"https:\/\/faculdade.grancursosonline.com.br\/blog\/wp-json\/wp\/v2\/posts"}],"about":[{"href":"https:\/\/faculdade.grancursosonline.com.br\/blog\/wp-json\/wp\/v2\/types\/post"}],"author":[{"embeddable":true,"href":"https:\/\/faculdade.grancursosonline.com.br\/blog\/wp-json\/wp\/v2\/users\/514"}],"replies":[{"embeddable":true,"href":"https:\/\/faculdade.grancursosonline.com.br\/blog\/wp-json\/wp\/v2\/comments?post=79757558"}],"version-history":[{"count":1,"href":"https:\/\/faculdade.grancursosonline.com.br\/blog\/wp-json\/wp\/v2\/posts\/79757558\/revisions"}],"predecessor-version":[{"id":79757561,"href":"https:\/\/faculdade.grancursosonline.com.br\/blog\/wp-json\/wp\/v2\/posts\/79757558\/revisions\/79757561"}],"wp:featuredmedia":[{"embeddable":true,"href":"https:\/\/faculdade.grancursosonline.com.br\/blog\/wp-json\/wp\/v2\/media\/79757559"}],"wp:attachment":[{"href":"https:\/\/faculdade.grancursosonline.com.br\/blog\/wp-json\/wp\/v2\/media?parent=79757558"}],"wp:term":[{"taxonomy":"category","embeddable":true,"href":"https:\/\/faculdade.grancursosonline.com.br\/blog\/wp-json\/wp\/v2\/categories?post=79757558"},{"taxonomy":"post_tag","embeddable":true,"href":"https:\/\/faculdade.grancursosonline.com.br\/blog\/wp-json\/wp\/v2\/tags?post=79757558"}],"curies":[{"name":"wp","href":"https:\/\/api.w.org\/{rel}","templated":true}]}}