{"id":79757789,"date":"2025-09-12T17:19:02","date_gmt":"2025-09-12T20:19:02","guid":{"rendered":"https:\/\/faculdade.grancursosonline.com.br\/blog\/?p=79757789"},"modified":"2025-09-12T17:19:07","modified_gmt":"2025-09-12T20:19:07","slug":"redacao-vestibular-unb-5-ultimos-temas","status":"publish","type":"post","link":"https:\/\/faculdade.grancursosonline.com.br\/blog\/redacao-vestibular-unb-5-ultimos-temas\/","title":{"rendered":"Reda\u00e7\u00e3o Vestibular UnB: confira os 5 \u00faltimos temas!"},"content":{"rendered":"\n<p>A reda\u00e7\u00e3o Vestibular UnB \u00e9 um dos momentos mais aguardados pelos candidatos, j\u00e1 que pode definir a aprova\u00e7\u00e3o. Al\u00e9m de avaliar a escrita, a prova exige capacidade de argumenta\u00e7\u00e3o e dom\u00ednio de temas atuais e relevantes.<\/p>\n\n\n\n<p>Conhecer os \u00faltimos temas da reda\u00e7\u00e3o da UnB ajuda a entender o perfil das propostas e a se preparar melhor. Isso amplia o repert\u00f3rio e aumenta as chances de escrever um texto consistente e que possa ser bem avaliado.<\/p>\n\n\n\n<p>Por isso, para saber mais, acompanhe o conte\u00fado na \u00edntegra, ou navegue pelo \u00edndice:<\/p>\n\n\n\n<ul class=\"wp-block-list\">\n<li><a href=\"#h-por-que-e-importante-conhecer-os-temas-anteriores-da-redacao-unb\">Por que \u00e9 importante conhecer os temas anteriores da reda\u00e7\u00e3o da UnB?<\/a><\/li>\n\n\n\n<li><a href=\"#h-tema-da-redacao-unb-2024\">Tema da reda\u00e7\u00e3o UnB 2024<\/a><\/li>\n\n\n\n<li><a href=\"#h-tema-da-redacao-unb-2023\">Tema da reda\u00e7\u00e3o UnB 2023<\/a><\/li>\n\n\n\n<li><a href=\"#h-tema-da-redacao-unb-2022\">Tema da reda\u00e7\u00e3o UnB 2022<\/a><\/li>\n\n\n\n<li><a href=\"#h-tema-da-redacao-unb-2019\">Tema da reda\u00e7\u00e3o UnB 2019<\/a><\/li>\n\n\n\n<li><a href=\"#h-tema-da-redacao-unb-2018\">Tema da reda\u00e7\u00e3o UnB 2018<\/a><\/li>\n\n\n\n<li><a href=\"#h-o-que-podemos-aprender-com-os-ultimos-temas-da-redacao-da-unb\">O que podemos aprender com os \u00faltimos temas da reda\u00e7\u00e3o da UnB?<\/a><\/li>\n<\/ul>\n\n\n\n<div class=\"wp-block-columns is-layout-flex wp-container-core-columns-is-layout-9d6595d7 wp-block-columns-is-layout-flex\">\n<div class=\"wp-block-column is-layout-flow wp-block-column-is-layout-flow\" style=\"flex-basis:100%\"><div class=\"wp-block-image\">\n<figure class=\"aligncenter size-full\"><a href=\"https:\/\/whatsapp.com\/channel\/0029VaG1sChI7Be7PNndhL43\" target=\"_blank\" rel=\"noopener\"><img decoding=\"async\" src=\"https:\/\/blog-es-static.infra.grancursosonline.com.br\/wp-content\/uploads\/2025\/09\/09112354\/banner-wp-600x142-80.webp\" alt=\"Acesse o canal do WhatsApp da Gran Faculdade\" class=\"wp-image-79751904\"\/><\/a><\/figure>\n<\/div><\/div>\n<\/div>\n\n\n\n<h2 class=\"wp-block-heading\" id=\"h-participe-de-uma-imersao-exclusiva-com-especialistas-em-ia-e-transforme-sua-carreira\">Participe de uma imers\u00e3o exclusiva com especialistas em IA e transforme sua carreira<\/h2>\n\n\n<div class=\"wp-block-image\">\n<figure class=\"aligncenter size-large is-resized\"><a href=\"https:\/\/lp.grancursosonline.com.br\/imersao-em-ia\/?utm_source=Wordpress&amp;utm_medium=sidebar&amp;utm_campaign=Capta%C3%A7%C3%A3o+Imers%C3%A3o+em+IA+-+Abril%2F2026+-+Blog+Ensino+Superior+-+Conte%C3%BAdo+e+SEO&amp;utm_id=Capta%C3%A7%C3%A3o+Imers%C3%A3o+em+IA+-+Abril%2F2026+-+Blog+Ensino+Superior+-+Conte%C3%BAdo+e+SEO\" target=\"_blank\" rel=\" noreferrer noopener\"><img loading=\"lazy\" decoding=\"async\" width=\"1024\" height=\"576\" src=\"https:\/\/blog-es-static.infra.grancursosonline.com.br\/wp-content\/uploads\/2026\/03\/31105919\/imersao_em_ia-1024x576.webp\" alt=\"\" class=\"wp-image-79763836\" style=\"width:488px;height:auto\"\/><\/a><\/figure>\n<\/div>\n\n\n<p><strong>Se voc\u00ea quer sair do b\u00e1sico e entender, na pr\u00e1tica, como a Intelig\u00eancia Artificial (IA) est\u00e1 moldando o mercado, esta \u00e9 a sua oportunidade.<\/strong> <\/p>\n\n\n\n<p>A Imers\u00e3o em IA re\u00fane especialistas renomados do mercado, incluindo profissionais com experi\u00eancia em grandes empresas de tecnologia como Google e Amazon, que v\u00e3o compartilhar<strong> insights estrat\u00e9gicos e aplica\u00e7\u00f5es reais<\/strong> para acelerar sua evolu\u00e7\u00e3o profissional.<\/p>\n\n\n\n<p>O evento acontecer\u00e1 em <strong>tr\u00eas encontros ao vivo, a partir do dia 13 de abril, sempre \u00e0s 20h<\/strong> (hor\u00e1rio de Bras\u00edlia), com uma programa\u00e7\u00e3o estruturada para levar voc\u00ea do entendimento dos conceitos at\u00e9 a aplica\u00e7\u00e3o pr\u00e1tica de agentes de IA.<\/p>\n\n\n\n<p>Clique no link abaixo e garanta sua participa\u00e7\u00e3o nesta experi\u00eancia <strong>gratuita, ao vivo e com potencial real de impacto na sua carreira<\/strong>.<\/p>\n\n\n\n<p class=\"has-text-align-center\"><strong><a href=\"https:\/\/lp.grancursosonline.com.br\/imersao-em-ia\/?utm_source=Wordpress&amp;utm_medium=sidebar&amp;utm_campaign=Capta%C3%A7%C3%A3o+Imers%C3%A3o+em+IA+-+Abril%2F2026+-+Blog+Ensino+Superior+-+Conte%C3%BAdo+e+SEO&amp;utm_id=Capta%C3%A7%C3%A3o+Imers%C3%A3o+em+IA+-+Abril%2F2026+-+Blog+Ensino+Superior+-+Conte%C3%BAdo+e+SEO\" target=\"_blank\" rel=\"noreferrer noopener\">Quero participar da Imers\u00e3o para aprender mais sobre IA<\/a><\/strong><\/p>\n\n\n\n<h2 class=\"wp-block-heading\" id=\"h-por-que-e-importante-conhecer-os-temas-anteriores-da-redacao-unb\"><strong>Por que \u00e9 importante conhecer os temas anteriores da reda\u00e7\u00e3o UnB?<\/strong><br><\/h2>\n\n\n\n<p>Conhecer os temas anteriores da reda\u00e7\u00e3o vestibular UnB ajuda o candidato a se familiarizar com os assuntos que costumam ser cobrados, como quest\u00f5es sociais, culturais e educacionais. Isso permite treinar a forma de argumentar e desenvolver ideias de maneira consistente.<\/p>\n\n\n\n<p>Al\u00e9m disso, analisar propostas passadas contribui para ampliar o repert\u00f3rio cultural e textual, facilitando a constru\u00e7\u00e3o de textos mais s\u00f3lidos. Estudar os temas anteriores d\u00e1 mais seguran\u00e7a na hora de produzir a reda\u00e7\u00e3o, reduzindo o risco de n\u00e3o saber o estilo e tem\u00e1tica que costuma ser cobrado.<\/p>\n\n\n\n<h2 class=\"wp-block-heading\" id=\"h-tema-da-redacao-unb-2024\"><strong>Tema da reda\u00e7\u00e3o UnB 2024<\/strong><\/h2>\n\n\n\n<p><strong>Tema:<\/strong> <em>&#8220;Demarca\u00e7\u00e3o de terras ind\u00edgenas no Brasil como estrat\u00e9gia de enfrentamento da crise clim\u00e1tica&#8221;<\/em><\/p>\n\n\n\n<p>Este tema abordou a import\u00e2ncia da demarca\u00e7\u00e3o das terras ind\u00edgenas como uma medida para combater a crise clim\u00e1tica. Os candidatos foram convidados a refletir sobre o papel das comunidades ind\u00edgenas na preserva\u00e7\u00e3o ambiental e na promo\u00e7\u00e3o de pr\u00e1ticas sustent\u00e1veis.<\/p>\n\n\n\n<h2 class=\"wp-block-heading\" id=\"h-tema-da-redacao-unb-2023\"><strong>Tema da reda\u00e7\u00e3o UnB 2023<\/strong><\/h2>\n\n\n\n<p><strong>Tema:<\/strong> <em>&#8220;Concep\u00e7\u00f5es de mundo dos povos ind\u00edgenas brasileiros&#8221;<\/em><\/p>\n\n\n\n<p>O tema de 2023 explorou as diferentes vis\u00f5es de mundo dos povos ind\u00edgenas, destacando suas cosmovis\u00f5es, culturas e formas de organiza\u00e7\u00e3o social. A proposta incentivou os candidatos a analisar e valorizar a diversidade cultural presente no Brasil.<\/p>\n\n\n\n<h2 class=\"wp-block-heading\" id=\"h-tema-da-redacao-unb-2022\"><strong>Tema da reda\u00e7\u00e3o UnB 2022<\/strong><\/h2>\n\n\n\n<p><strong>Tema:<\/strong> <em>&#8220;A cor da sua pele na constru\u00e7\u00e3o da sua identidade e das suas rela\u00e7\u00f5es com o outro&#8221;<\/em><\/p>\n\n\n\n<p>Neste ano, o tema convidou os candidatos a refletirem sobre como a cor da pele influencia a forma\u00e7\u00e3o da identidade pessoal e as intera\u00e7\u00f5es sociais. A proposta abordou quest\u00f5es de racismo, identidade e rela\u00e7\u00f5es interpessoais.<\/p>\n\n\n\n<h2 class=\"wp-block-heading\" id=\"h-tema-da-redacao-unb-2019\"><strong>Tema da reda\u00e7\u00e3o UnB 2019<\/strong><br><\/h2>\n\n\n\n<p><strong>Tema:<\/strong> <em>&#8220;Muros: um s\u00edmbolo do medo&#8221;<\/em><\/p>\n\n\n\n<p>A proposta de reda\u00e7\u00e3o de 2019 desafiou os candidatos a refletirem sobre como muros, al\u00e9m de separarem fisicamente, representam o medo presente em diversos contextos sociais. Os textos base inclu\u00edam o poema &#8220;O Medo&#8221;, de Carlos Drummond de Andrade, e o texto &#8220;Murar o medo&#8221;.<\/p>\n\n\n\n<h2 class=\"wp-block-heading\" id=\"h-tema-da-redacao-unb-2018\"><strong>Tema da reda\u00e7\u00e3o UnB 2018<\/strong><\/h2>\n\n\n\n<p><strong>Tema:<\/strong> <em>&#8220;A pressa nossa de cada dia: o tempo na contemporaneidade&#8221;<\/em><\/p>\n\n\n\n<p>Em 2018, o tema abordou a rela\u00e7\u00e3o da sociedade contempor\u00e2nea com o tempo, destacando a pressa cotidiana. Os textos base inclu\u00edam trechos de &#8220;A ditadura do rel\u00f3gio&#8221;, de George Woodcock, &#8220;Poemas inconjuntos&#8221;, de Alberto Caeiro, e &#8220;Kant e Prints&#8221;.<\/p>\n\n\n\n<h2 class=\"wp-block-heading\" id=\"h-o-que-podemos-aprender-com-os-ultimos-temas-da-redacao-da-unb\"><strong>O que podemos aprender com os \u00faltimos temas da reda\u00e7\u00e3o da UnB?<\/strong><\/h2>\n\n\n\n<p>Analisando os temas das \u00faltimas edi\u00e7\u00f5es, \u00e9 poss\u00edvel identificar algumas tend\u00eancias e \u00e1reas de foco:<\/p>\n\n\n\n<ul class=\"wp-block-list\">\n<li><strong>Diversidade cultural e identidade:<\/strong> A UnB tem abordado quest\u00f5es relacionadas \u00e0 diversidade cultural, identidade e rela\u00e7\u00f5es sociais, incentivando os candidatos a refletirem sobre esses aspectos;<\/li>\n\n\n\n<li><strong>Quest\u00f5es ambientais e sustentabilidade:<\/strong> Temas que envolvem a preserva\u00e7\u00e3o ambiental e pr\u00e1ticas sustent\u00e1veis t\u00eam sido recorrentes, destacando a import\u00e2ncia desses assuntos na atualidade;<\/li>\n\n\n\n<li><strong>Reflex\u00e3o social e responsabilidade:<\/strong> Os temas incentivam os candidatos a refletirem sobre seu papel na sociedade e as implica\u00e7\u00f5es de suas a\u00e7\u00f5es para o futuro.<\/li>\n<\/ul>\n\n\n\n<h2 class=\"wp-block-heading\" id=\"h-vem-pra-gran-faculdade\">Vem pra Gran Faculdade!<\/h2>\n\n\n\n<p>A Gran Faculdade vem mudando a vida de milhares de pessoas por meio de cursos \u00e0 dist\u00e2ncia de <a href=\"https:\/\/faculdade.grancursosonline.com.br\/\" target=\"_blank\" rel=\"noreferrer noopener\">gradua\u00e7\u00e3o<\/a>, <a href=\"https:\/\/pos.grancursosonline.com.br\/\" target=\"_blank\" rel=\"noreferrer noopener\">p\u00f3s-gradua\u00e7\u00e3o<\/a> e <a href=\"https:\/\/pos.grancursosonline.com.br\/mba\" target=\"_blank\" rel=\"noreferrer noopener\">MBA<\/a>. Seja no digital ou em nosso <a href=\"https:\/\/presencial.grancursosonline.com.br\/\" target=\"_blank\" rel=\"noreferrer noopener\">Campus Presencial em Curitiba<\/a>, a nossa miss\u00e3o \u00e9 transformar a educa\u00e7\u00e3o superior.<\/p>\n\n\n\n<p>Como parte de Sistema Gran de Ensino, que \u00e9 reconhecido como marca aprovadora h\u00e1 mais de 10 anos, constru\u00edmos uma renomada reputa\u00e7\u00e3o na \u00e1rea de educa\u00e7\u00e3o.<\/p>\n\n\n\n<p>Veja algumas de nossas conquistas:<\/p>\n\n\n\n<ul class=\"wp-block-list\">\n<li>Reconhecido pela Amazon como um dos projetos mais relevantes do mundo na \u00e1rea de Tecnologia e Educa\u00e7\u00e3o;<\/li>\n\n\n\n<li>Foi eleito pelo Project Management Institute (PMI), um dos 50 Projetos Mais Influentes do mundo;<\/li>\n\n\n\n<li>Somos o site de educa\u00e7\u00e3o mais acessado do Brasil;<\/li>\n\n\n\n<li>Somos avaliados com a nota m\u00e1xima pelo MEC;<\/li>\n\n\n\n<li>Aqui o semestre come\u00e7a quando quiser: entrada imediata e cont\u00ednua!<\/li>\n\n\n\n<li>Melhores pre\u00e7os do mercado;<\/li>\n\n\n\n<li>Mais de 800 mil alunos pagantes e mais de 1000 funcion\u00e1rios;<\/li>\n\n\n\n<li>Diversas ferramentas de estudo: PDFs, audiobooks, mapas mentais, videoaulas, quest\u00f5es, gerenciador de estudos e muito mais!<\/li>\n\n\n\n<li>Professores experientes e capacitados;<\/li>\n\n\n\n<li>Acesso imediato e 100% online.<\/li>\n<\/ul>\n\n\n\n<p class=\"has-text-align-center has-text-align-center\"><strong><a href=\"https:\/\/faculdade.grancursosonline.com.br\/\">Quero ser aluno da Gran Faculdade<\/a><\/strong><\/p>\n\n\n\n<div class=\"wp-block-group has-background\" style=\"background-color:#8dd2fc7a\"><div class=\"wp-block-group__inner-container is-layout-constrained wp-block-group-is-layout-constrained\">\n<p><strong>Outras not\u00edcias em destaque:<\/strong><\/p>\n\n\n\n<ul class=\"wp-block-list\">\n<li><a href=\"https:\/\/faculdade.grancursosonline.com.br\/blog\/quantas-linhas-tem-a-redacao-do-enem\/\" target=\"_blank\" rel=\"noreferrer noopener\">Quantas linhas tem a reda\u00e7\u00e3o do Enem?<\/a><\/li>\n\n\n\n<li><a href=\"https:\/\/faculdade.grancursosonline.com.br\/blog\/quais-foram-os-ultimos-temas-da-redacao-do-enem\/\" target=\"_blank\" rel=\"noreferrer noopener\">Quais foram os \u00faltimos temas da reda\u00e7\u00e3o do Enem? Confira as 5 edi\u00e7\u00f5es anteriores!<\/a><\/li>\n\n\n\n<li><a href=\"https:\/\/faculdade.grancursosonline.com.br\/blog\/redacao-usp-5-ultimos-temas\/\" target=\"_blank\" rel=\"noreferrer noopener\">Reda\u00e7\u00e3o USP: confira os 5 \u00faltimos temas e prepare-se para a prova!<\/a><\/li>\n<\/ul>\n<\/div><\/div>\n\n\n\n<div class=\"wp-block-group\"><div class=\"wp-block-group__inner-container is-layout-constrained wp-block-group-is-layout-constrained\">\n<div class=\"wp-block-group\"><div class=\"wp-block-group__inner-container is-layout-constrained wp-block-group-is-layout-constrained\">\n<section style=\"text-align: center;\">\n<p>Quer ficar por dentro da Faculdade Digital mais inovadora do Brasil?<\/p>\n<nav>\n<p class=\"has-background has-dark-bluish-background-color\" style=\"font-size: 25px; text-align: center; background: #f0f0f0; color: #ffffff; padding: 4px 0px 4xp 0px;\"><a style=\"color: #0d134c; text-decoration: underline;\" href=\"https:\/\/faculdade.grancursosonline.com.br\/\" target=\"_blank\" rel=\"noopener\">GRADUA\u00c7\u00c3O<\/a><\/p>\n<p class=\"has-background has-dark-bluish-background-color\" style=\"font-size: 25px; text-align: center; background: #f0f0f0; color: #ffffff; padding: 4px 0px 4xp 0px;\"><a style=\"color: #0d134c; text-decoration: underline;\" href=\"https:\/\/pos.grancursosonline.com.br\/\" target=\"_blank\" rel=\"noopener\">P\u00d3S-GRADUA\u00c7\u00c3O<\/a><\/p>\n<p class=\"has-background has-dark-bluish-background-color\" style=\"font-size: 25px; text-align: center; background: #f0f0f0; color: #ffffff; padding: 4px 0px 4xp 0px;\"><a style=\"color: #0d134c; text-decoration: underline;\" href=\"https:\/\/faculdade.grancursosonline.com.br\/nossos-cursos\/\" target=\"_blank\" rel=\"noopener\">TUDO SOBRE A GRAN FACULDADE<\/a><\/p>\n<\/nav>\n<p><strong>Receba <span style=\"color: #cf1e25;\">gratuitamente<\/span> no seu celular as principais not\u00edcias sobre a Gran Faculdade! <br \/>Clique no link abaixo e inscreva-se:<\/strong><\/p>\n<p class=\"has-background has-dark-bluish-background-color\" style=\"font-size: 25px; text-align: center; background: #f0f0f0; color: #ffffff; padding: 4px 0px 4xp 0px;\"><a style=\"color: #0d134c; text-decoration: underline;\" href=\"https:\/\/whatsapp.com\/channel\/0029VaG1sChI7Be7PNndhL43\" target=\"_blank\" rel=\"noopener noreferrer\">WHATSAPP<\/a><\/p>\n<p class=\"has-background has-dark-bluish-background-color\" style=\"font-size: 25px; text-align: center; background: #f0f0f0; color: #ffffff; padding: 4px 0px 4xp 0px;\"><a style=\"color: #0d134c; text-decoration: underline;\" href=\"https:\/\/t.me\/GranFaculdade\" target=\"_blank\" rel=\"noopener noreferrer\">TELEGRAM<\/a><\/p>\n<\/section>\n<\/div><\/div>\n<\/div><\/div>\n","protected":false},"excerpt":{"rendered":"<p>A reda\u00e7\u00e3o Vestibular UnB \u00e9 um dos momentos mais aguardados pelos candidatos, j\u00e1 que pode definir a aprova\u00e7\u00e3o. Al\u00e9m de avaliar a escrita, a prova exige capacidade de argumenta\u00e7\u00e3o e dom\u00ednio de temas atuais e relevantes. Conhecer os \u00faltimos temas da reda\u00e7\u00e3o da UnB ajuda a entender o perfil das propostas e a se preparar&hellip;<\/p>\n","protected":false},"author":514,"featured_media":79757790,"comment_status":"open","ping_status":"open","sticky":false,"template":"","format":"standard","meta":{"_acf_changed":false,"content-type":"","footnotes":""},"categories":[219790,218545,2],"tags":[],"class_list":["post-79757789","post","type-post","status-publish","format-standard","has-post-thumbnail","hentry","category-graduacao-ead","category-graduacao","category-ultimas-noticias"],"acf":[],"yoast_head":"<!-- This site is optimized with the Yoast SEO Premium plugin v27.2 (Yoast SEO v27.2) - https:\/\/yoast.com\/product\/yoast-seo-premium-wordpress\/ -->\n<title>Reda\u00e7\u00e3o Vestibular UnB: confira os 5 \u00faltimos temas!<\/title>\n<meta name=\"description\" content=\"Conhe\u00e7a os \u00faltimos temas da reda\u00e7\u00e3o vestibular UnB e veja como s\u00e3o cobradas reflex\u00f5es profundas da sociedade e temas atuais.\" \/>\n<meta name=\"robots\" content=\"index, follow, max-snippet:-1, max-image-preview:large, max-video-preview:-1\" \/>\n<link rel=\"canonical\" href=\"https:\/\/faculdade.grancursosonline.com.br\/blog\/redacao-vestibular-unb-5-ultimos-temas\/\" \/>\n<meta property=\"og:locale\" content=\"pt_BR\" \/>\n<meta property=\"og:type\" content=\"article\" \/>\n<meta property=\"og:title\" content=\"Reda\u00e7\u00e3o Vestibular UnB: confira os 5 \u00faltimos temas!\" \/>\n<meta property=\"og:description\" content=\"Conhe\u00e7a os \u00faltimos temas da reda\u00e7\u00e3o vestibular UnB e veja como s\u00e3o cobradas reflex\u00f5es profundas da sociedade e temas atuais.\" \/>\n<meta property=\"og:url\" content=\"https:\/\/faculdade.grancursosonline.com.br\/blog\/redacao-vestibular-unb-5-ultimos-temas\/\" \/>\n<meta property=\"og:site_name\" content=\"Blog Gran Faculdade\" \/>\n<meta property=\"article:publisher\" content=\"https:\/\/www.facebook.com\/grancursosonline\/\" \/>\n<meta property=\"article:published_time\" content=\"2025-09-12T20:19:02+00:00\" \/>\n<meta property=\"article:modified_time\" content=\"2025-09-12T20:19:07+00:00\" \/>\n<meta property=\"og:image\" content=\"https:\/\/blog-es-static.infra.grancursosonline.com.br\/wp-content\/uploads\/2025\/09\/12171540\/redacao-vestibular-unb-2.jpg\" \/>\n\t<meta property=\"og:image:width\" content=\"511\" \/>\n\t<meta property=\"og:image:height\" content=\"311\" \/>\n\t<meta property=\"og:image:type\" content=\"image\/jpeg\" \/>\n<meta name=\"author\" content=\"Guilherme Henrique\" \/>\n<meta name=\"twitter:card\" content=\"summary_large_image\" \/>\n<meta name=\"twitter:creator\" content=\"@gran_online\" \/>\n<meta name=\"twitter:site\" content=\"@gran_online\" \/>\n<meta name=\"twitter:label1\" content=\"Written by\" \/>\n\t<meta name=\"twitter:data1\" content=\"Guilherme Henrique\" \/>\n\t<meta name=\"twitter:label2\" content=\"Est. reading time\" \/>\n\t<meta name=\"twitter:data2\" content=\"6 minutos\" \/>\n<script type=\"application\/ld+json\" class=\"yoast-schema-graph\">{\"@context\":\"https:\/\/schema.org\",\"@graph\":[{\"@type\":\"NewsArticle\",\"@id\":\"https:\/\/faculdade.grancursosonline.com.br\/blog\/redacao-vestibular-unb-5-ultimos-temas\/#article\",\"isPartOf\":{\"@id\":\"https:\/\/faculdade.grancursosonline.com.br\/blog\/redacao-vestibular-unb-5-ultimos-temas\/\"},\"author\":{\"name\":\"Guilherme Henrique\",\"@id\":\"https:\/\/faculdade.grancursosonline.com.br\/blog\/#\/schema\/person\/9745f9b6db8976613c1f439dbcfe717d\"},\"headline\":\"Reda\u00e7\u00e3o Vestibular UnB: confira os 5 \u00faltimos temas!\",\"datePublished\":\"2025-09-12T20:19:02+00:00\",\"dateModified\":\"2025-09-12T20:19:07+00:00\",\"mainEntityOfPage\":{\"@id\":\"https:\/\/faculdade.grancursosonline.com.br\/blog\/redacao-vestibular-unb-5-ultimos-temas\/\"},\"wordCount\":726,\"commentCount\":0,\"publisher\":{\"@id\":\"https:\/\/faculdade.grancursosonline.com.br\/blog\/#organization\"},\"image\":{\"@id\":\"https:\/\/faculdade.grancursosonline.com.br\/blog\/redacao-vestibular-unb-5-ultimos-temas\/#primaryimage\"},\"thumbnailUrl\":\"https:\/\/blog-es-static.infra.grancursosonline.com.br\/wp-content\/uploads\/2025\/09\/12171506\/redacao-vestibular-unb.jpg\",\"articleSection\":[\"Gradua\u00e7\u00e3o EAD\",\"Gradua\u00e7\u00e3o Gran Faculdade\",\"\u00daltimas Not\u00edcias\"],\"inLanguage\":\"pt-BR\",\"potentialAction\":[{\"@type\":\"CommentAction\",\"name\":\"Comment\",\"target\":[\"https:\/\/faculdade.grancursosonline.com.br\/blog\/redacao-vestibular-unb-5-ultimos-temas\/#respond\"]}],\"copyrightYear\":\"2025\",\"copyrightHolder\":{\"@id\":\"https:\/\/faculdade.grancursosonline.com.br\/blog\/#organization\"}},{\"@type\":\"WebPage\",\"@id\":\"https:\/\/faculdade.grancursosonline.com.br\/blog\/redacao-vestibular-unb-5-ultimos-temas\/\",\"url\":\"https:\/\/faculdade.grancursosonline.com.br\/blog\/redacao-vestibular-unb-5-ultimos-temas\/\",\"name\":\"Reda\u00e7\u00e3o Vestibular UnB: confira os 5 \u00faltimos temas!\",\"isPartOf\":{\"@id\":\"https:\/\/faculdade.grancursosonline.com.br\/blog\/#website\"},\"primaryImageOfPage\":{\"@id\":\"https:\/\/faculdade.grancursosonline.com.br\/blog\/redacao-vestibular-unb-5-ultimos-temas\/#primaryimage\"},\"image\":{\"@id\":\"https:\/\/faculdade.grancursosonline.com.br\/blog\/redacao-vestibular-unb-5-ultimos-temas\/#primaryimage\"},\"thumbnailUrl\":\"https:\/\/blog-es-static.infra.grancursosonline.com.br\/wp-content\/uploads\/2025\/09\/12171506\/redacao-vestibular-unb.jpg\",\"datePublished\":\"2025-09-12T20:19:02+00:00\",\"dateModified\":\"2025-09-12T20:19:07+00:00\",\"description\":\"Conhe\u00e7a os \u00faltimos temas da reda\u00e7\u00e3o vestibular UnB e veja como s\u00e3o cobradas reflex\u00f5es profundas da sociedade e temas atuais.\",\"breadcrumb\":{\"@id\":\"https:\/\/faculdade.grancursosonline.com.br\/blog\/redacao-vestibular-unb-5-ultimos-temas\/#breadcrumb\"},\"inLanguage\":\"pt-BR\",\"potentialAction\":[{\"@type\":\"ReadAction\",\"target\":[\"https:\/\/faculdade.grancursosonline.com.br\/blog\/redacao-vestibular-unb-5-ultimos-temas\/\"]}]},{\"@type\":\"ImageObject\",\"inLanguage\":\"pt-BR\",\"@id\":\"https:\/\/faculdade.grancursosonline.com.br\/blog\/redacao-vestibular-unb-5-ultimos-temas\/#primaryimage\",\"url\":\"https:\/\/blog-es-static.infra.grancursosonline.com.br\/wp-content\/uploads\/2025\/09\/12171506\/redacao-vestibular-unb.jpg\",\"contentUrl\":\"https:\/\/blog-es-static.infra.grancursosonline.com.br\/wp-content\/uploads\/2025\/09\/12171506\/redacao-vestibular-unb.jpg\",\"width\":1001,\"height\":601,\"caption\":\"Reda\u00e7\u00e3o Vestibular UnB: confira os 5 \u00faltimos temas!\"},{\"@type\":\"BreadcrumbList\",\"@id\":\"https:\/\/faculdade.grancursosonline.com.br\/blog\/redacao-vestibular-unb-5-ultimos-temas\/#breadcrumb\",\"itemListElement\":[{\"@type\":\"ListItem\",\"position\":1,\"name\":\"In\u00edcio\",\"item\":\"https:\/\/faculdade.grancursosonline.com.br\/blog\/\"},{\"@type\":\"ListItem\",\"position\":2,\"name\":\"Gradua\u00e7\u00e3o Gran Faculdade\",\"item\":\"https:\/\/faculdade.grancursosonline.com.br\/blog\/graduacao\/\"},{\"@type\":\"ListItem\",\"position\":3,\"name\":\"Reda\u00e7\u00e3o Vestibular UnB: confira os 5 \u00faltimos temas!\"}]},{\"@type\":\"WebSite\",\"@id\":\"https:\/\/faculdade.grancursosonline.com.br\/blog\/#website\",\"url\":\"https:\/\/faculdade.grancursosonline.com.br\/blog\/\",\"name\":\"Blog Gran Faculdade\",\"description\":\"Tudo sobre ensino superior, p\u00f3s-gradua\u00e7\u00e3o, enem e carreira.\",\"publisher\":{\"@id\":\"https:\/\/faculdade.grancursosonline.com.br\/blog\/#organization\"},\"potentialAction\":[{\"@type\":\"SearchAction\",\"target\":{\"@type\":\"EntryPoint\",\"urlTemplate\":\"https:\/\/faculdade.grancursosonline.com.br\/blog\/?s={search_term_string}\"},\"query-input\":{\"@type\":\"PropertyValueSpecification\",\"valueRequired\":true,\"valueName\":\"search_term_string\"}}],\"inLanguage\":\"pt-BR\"},{\"@type\":\"Organization\",\"@id\":\"https:\/\/faculdade.grancursosonline.com.br\/blog\/#organization\",\"name\":\"Gran Cursos Online\",\"url\":\"https:\/\/faculdade.grancursosonline.com.br\/blog\/\",\"logo\":{\"@type\":\"ImageObject\",\"inLanguage\":\"pt-BR\",\"@id\":\"https:\/\/faculdade.grancursosonline.com.br\/blog\/#\/schema\/logo\/image\/\",\"url\":\"https:\/\/blog-es-static.infra.grancursosonline.com.br\/wp-content\/uploads\/2019\/08\/03123934\/logo.png\",\"contentUrl\":\"https:\/\/blog-es-static.infra.grancursosonline.com.br\/wp-content\/uploads\/2019\/08\/03123934\/logo.png\",\"width\":300,\"height\":57,\"caption\":\"Gran Cursos Online\"},\"image\":{\"@id\":\"https:\/\/faculdade.grancursosonline.com.br\/blog\/#\/schema\/logo\/image\/\"},\"sameAs\":[\"https:\/\/www.facebook.com\/grancursosonline\/\",\"https:\/\/x.com\/gran_online\",\"https:\/\/www.instagram.com\/grancursosonline\/\",\"https:\/\/www.youtube.com\/user\/grancursostv\"]},{\"@type\":\"Person\",\"@id\":\"https:\/\/faculdade.grancursosonline.com.br\/blog\/#\/schema\/person\/9745f9b6db8976613c1f439dbcfe717d\",\"name\":\"Guilherme Henrique\",\"url\":\"https:\/\/faculdade.grancursosonline.com.br\/blog\/author\/guilherme-lourenco\/\"}]}<\/script>\n<!-- \/ Yoast SEO Premium plugin. -->","yoast_head_json":{"title":"Reda\u00e7\u00e3o Vestibular UnB: confira os 5 \u00faltimos temas!","description":"Conhe\u00e7a os \u00faltimos temas da reda\u00e7\u00e3o vestibular UnB e veja como s\u00e3o cobradas reflex\u00f5es profundas da sociedade e temas atuais.","robots":{"index":"index","follow":"follow","max-snippet":"max-snippet:-1","max-image-preview":"max-image-preview:large","max-video-preview":"max-video-preview:-1"},"canonical":"https:\/\/faculdade.grancursosonline.com.br\/blog\/redacao-vestibular-unb-5-ultimos-temas\/","og_locale":"pt_BR","og_type":"article","og_title":"Reda\u00e7\u00e3o Vestibular UnB: confira os 5 \u00faltimos temas!","og_description":"Conhe\u00e7a os \u00faltimos temas da reda\u00e7\u00e3o vestibular UnB e veja como s\u00e3o cobradas reflex\u00f5es profundas da sociedade e temas atuais.","og_url":"https:\/\/faculdade.grancursosonline.com.br\/blog\/redacao-vestibular-unb-5-ultimos-temas\/","og_site_name":"Blog Gran Faculdade","article_publisher":"https:\/\/www.facebook.com\/grancursosonline\/","article_published_time":"2025-09-12T20:19:02+00:00","article_modified_time":"2025-09-12T20:19:07+00:00","og_image":[{"width":511,"height":311,"url":"https:\/\/blog-es-static.infra.grancursosonline.com.br\/wp-content\/uploads\/2025\/09\/12171540\/redacao-vestibular-unb-2.jpg","type":"image\/jpeg"}],"author":"Guilherme Henrique","twitter_card":"summary_large_image","twitter_creator":"@gran_online","twitter_site":"@gran_online","twitter_misc":{"Written by":"Guilherme Henrique","Est. reading time":"6 minutos"},"schema":{"@context":"https:\/\/schema.org","@graph":[{"@type":"NewsArticle","@id":"https:\/\/faculdade.grancursosonline.com.br\/blog\/redacao-vestibular-unb-5-ultimos-temas\/#article","isPartOf":{"@id":"https:\/\/faculdade.grancursosonline.com.br\/blog\/redacao-vestibular-unb-5-ultimos-temas\/"},"author":{"name":"Guilherme Henrique","@id":"https:\/\/faculdade.grancursosonline.com.br\/blog\/#\/schema\/person\/9745f9b6db8976613c1f439dbcfe717d"},"headline":"Reda\u00e7\u00e3o Vestibular UnB: confira os 5 \u00faltimos temas!","datePublished":"2025-09-12T20:19:02+00:00","dateModified":"2025-09-12T20:19:07+00:00","mainEntityOfPage":{"@id":"https:\/\/faculdade.grancursosonline.com.br\/blog\/redacao-vestibular-unb-5-ultimos-temas\/"},"wordCount":726,"commentCount":0,"publisher":{"@id":"https:\/\/faculdade.grancursosonline.com.br\/blog\/#organization"},"image":{"@id":"https:\/\/faculdade.grancursosonline.com.br\/blog\/redacao-vestibular-unb-5-ultimos-temas\/#primaryimage"},"thumbnailUrl":"https:\/\/blog-es-static.infra.grancursosonline.com.br\/wp-content\/uploads\/2025\/09\/12171506\/redacao-vestibular-unb.jpg","articleSection":["Gradua\u00e7\u00e3o EAD","Gradua\u00e7\u00e3o Gran Faculdade","\u00daltimas Not\u00edcias"],"inLanguage":"pt-BR","potentialAction":[{"@type":"CommentAction","name":"Comment","target":["https:\/\/faculdade.grancursosonline.com.br\/blog\/redacao-vestibular-unb-5-ultimos-temas\/#respond"]}],"copyrightYear":"2025","copyrightHolder":{"@id":"https:\/\/faculdade.grancursosonline.com.br\/blog\/#organization"}},{"@type":"WebPage","@id":"https:\/\/faculdade.grancursosonline.com.br\/blog\/redacao-vestibular-unb-5-ultimos-temas\/","url":"https:\/\/faculdade.grancursosonline.com.br\/blog\/redacao-vestibular-unb-5-ultimos-temas\/","name":"Reda\u00e7\u00e3o Vestibular UnB: confira os 5 \u00faltimos temas!","isPartOf":{"@id":"https:\/\/faculdade.grancursosonline.com.br\/blog\/#website"},"primaryImageOfPage":{"@id":"https:\/\/faculdade.grancursosonline.com.br\/blog\/redacao-vestibular-unb-5-ultimos-temas\/#primaryimage"},"image":{"@id":"https:\/\/faculdade.grancursosonline.com.br\/blog\/redacao-vestibular-unb-5-ultimos-temas\/#primaryimage"},"thumbnailUrl":"https:\/\/blog-es-static.infra.grancursosonline.com.br\/wp-content\/uploads\/2025\/09\/12171506\/redacao-vestibular-unb.jpg","datePublished":"2025-09-12T20:19:02+00:00","dateModified":"2025-09-12T20:19:07+00:00","description":"Conhe\u00e7a os \u00faltimos temas da reda\u00e7\u00e3o vestibular UnB e veja como s\u00e3o cobradas reflex\u00f5es profundas da sociedade e temas atuais.","breadcrumb":{"@id":"https:\/\/faculdade.grancursosonline.com.br\/blog\/redacao-vestibular-unb-5-ultimos-temas\/#breadcrumb"},"inLanguage":"pt-BR","potentialAction":[{"@type":"ReadAction","target":["https:\/\/faculdade.grancursosonline.com.br\/blog\/redacao-vestibular-unb-5-ultimos-temas\/"]}]},{"@type":"ImageObject","inLanguage":"pt-BR","@id":"https:\/\/faculdade.grancursosonline.com.br\/blog\/redacao-vestibular-unb-5-ultimos-temas\/#primaryimage","url":"https:\/\/blog-es-static.infra.grancursosonline.com.br\/wp-content\/uploads\/2025\/09\/12171506\/redacao-vestibular-unb.jpg","contentUrl":"https:\/\/blog-es-static.infra.grancursosonline.com.br\/wp-content\/uploads\/2025\/09\/12171506\/redacao-vestibular-unb.jpg","width":1001,"height":601,"caption":"Reda\u00e7\u00e3o Vestibular UnB: confira os 5 \u00faltimos temas!"},{"@type":"BreadcrumbList","@id":"https:\/\/faculdade.grancursosonline.com.br\/blog\/redacao-vestibular-unb-5-ultimos-temas\/#breadcrumb","itemListElement":[{"@type":"ListItem","position":1,"name":"In\u00edcio","item":"https:\/\/faculdade.grancursosonline.com.br\/blog\/"},{"@type":"ListItem","position":2,"name":"Gradua\u00e7\u00e3o Gran Faculdade","item":"https:\/\/faculdade.grancursosonline.com.br\/blog\/graduacao\/"},{"@type":"ListItem","position":3,"name":"Reda\u00e7\u00e3o Vestibular UnB: confira os 5 \u00faltimos temas!"}]},{"@type":"WebSite","@id":"https:\/\/faculdade.grancursosonline.com.br\/blog\/#website","url":"https:\/\/faculdade.grancursosonline.com.br\/blog\/","name":"Blog Gran Faculdade","description":"Tudo sobre ensino superior, p\u00f3s-gradua\u00e7\u00e3o, enem e carreira.","publisher":{"@id":"https:\/\/faculdade.grancursosonline.com.br\/blog\/#organization"},"potentialAction":[{"@type":"SearchAction","target":{"@type":"EntryPoint","urlTemplate":"https:\/\/faculdade.grancursosonline.com.br\/blog\/?s={search_term_string}"},"query-input":{"@type":"PropertyValueSpecification","valueRequired":true,"valueName":"search_term_string"}}],"inLanguage":"pt-BR"},{"@type":"Organization","@id":"https:\/\/faculdade.grancursosonline.com.br\/blog\/#organization","name":"Gran Cursos Online","url":"https:\/\/faculdade.grancursosonline.com.br\/blog\/","logo":{"@type":"ImageObject","inLanguage":"pt-BR","@id":"https:\/\/faculdade.grancursosonline.com.br\/blog\/#\/schema\/logo\/image\/","url":"https:\/\/blog-es-static.infra.grancursosonline.com.br\/wp-content\/uploads\/2019\/08\/03123934\/logo.png","contentUrl":"https:\/\/blog-es-static.infra.grancursosonline.com.br\/wp-content\/uploads\/2019\/08\/03123934\/logo.png","width":300,"height":57,"caption":"Gran Cursos Online"},"image":{"@id":"https:\/\/faculdade.grancursosonline.com.br\/blog\/#\/schema\/logo\/image\/"},"sameAs":["https:\/\/www.facebook.com\/grancursosonline\/","https:\/\/x.com\/gran_online","https:\/\/www.instagram.com\/grancursosonline\/","https:\/\/www.youtube.com\/user\/grancursostv"]},{"@type":"Person","@id":"https:\/\/faculdade.grancursosonline.com.br\/blog\/#\/schema\/person\/9745f9b6db8976613c1f439dbcfe717d","name":"Guilherme Henrique","url":"https:\/\/faculdade.grancursosonline.com.br\/blog\/author\/guilherme-lourenco\/"}]}},"_links":{"self":[{"href":"https:\/\/faculdade.grancursosonline.com.br\/blog\/wp-json\/wp\/v2\/posts\/79757789","targetHints":{"allow":["GET"]}}],"collection":[{"href":"https:\/\/faculdade.grancursosonline.com.br\/blog\/wp-json\/wp\/v2\/posts"}],"about":[{"href":"https:\/\/faculdade.grancursosonline.com.br\/blog\/wp-json\/wp\/v2\/types\/post"}],"author":[{"embeddable":true,"href":"https:\/\/faculdade.grancursosonline.com.br\/blog\/wp-json\/wp\/v2\/users\/514"}],"replies":[{"embeddable":true,"href":"https:\/\/faculdade.grancursosonline.com.br\/blog\/wp-json\/wp\/v2\/comments?post=79757789"}],"version-history":[{"count":1,"href":"https:\/\/faculdade.grancursosonline.com.br\/blog\/wp-json\/wp\/v2\/posts\/79757789\/revisions"}],"predecessor-version":[{"id":79757792,"href":"https:\/\/faculdade.grancursosonline.com.br\/blog\/wp-json\/wp\/v2\/posts\/79757789\/revisions\/79757792"}],"wp:featuredmedia":[{"embeddable":true,"href":"https:\/\/faculdade.grancursosonline.com.br\/blog\/wp-json\/wp\/v2\/media\/79757790"}],"wp:attachment":[{"href":"https:\/\/faculdade.grancursosonline.com.br\/blog\/wp-json\/wp\/v2\/media?parent=79757789"}],"wp:term":[{"taxonomy":"category","embeddable":true,"href":"https:\/\/faculdade.grancursosonline.com.br\/blog\/wp-json\/wp\/v2\/categories?post=79757789"},{"taxonomy":"post_tag","embeddable":true,"href":"https:\/\/faculdade.grancursosonline.com.br\/blog\/wp-json\/wp\/v2\/tags?post=79757789"}],"curies":[{"name":"wp","href":"https:\/\/api.w.org\/{rel}","templated":true}]}}