{"id":79757823,"date":"2025-09-15T17:48:25","date_gmt":"2025-09-15T20:48:25","guid":{"rendered":"https:\/\/faculdade.grancursosonline.com.br\/blog\/?p=79757823"},"modified":"2025-09-15T17:50:02","modified_gmt":"2025-09-15T20:50:02","slug":"semana-do-programador-condicoes-exclusivas","status":"publish","type":"post","link":"https:\/\/faculdade.grancursosonline.com.br\/blog\/semana-do-programador-condicoes-exclusivas\/","title":{"rendered":"Semana do programador: condi\u00e7\u00f5es exclusivas para voc\u00ea come\u00e7ar sua carreira!"},"content":{"rendered":"\n<p>Hoje no canal da Gran Faculdade tivemos a live da Semana do programador! A bancada contou com a presen\u00e7a do nosso vice-presidente e CTO do Gran Rodrigo Calado, com o professor Miguel Carvalho, com o gerente de Dados do Gran, Miller Horvath e com a desenvolvedora fullstack plena do Gran, Maria Em\u00edlia.<\/p>\n\n\n\n<p>A live apresentou condi\u00e7\u00f5es exclusivas para voc\u00ea iniciar a sua carreira em tecnologia! Se voc\u00ea perdeu, n\u00e3o se preocupe! Vamos te mostrar todos os descontos, benef\u00edcios e como garantir sua vaga.&nbsp;<\/p>\n\n\n\n<p>Acompanhe na \u00edntegra, ou navegue pelo \u00edndice se preferir:<\/p>\n\n\n\n<ul class=\"wp-block-list\">\n<li><a href=\"#h-por-que-iniciar-na-carreira-de-tecnologia\">Por que iniciar na carreira de tecnologia?<\/a><\/li>\n\n\n\n<li><a href=\"#h-por-que-eu-devo-fazer-minha-matricula-na-semana-do-programador\">Por que eu devo fazer minha matr\u00edcula na semana do programador?<\/a><\/li>\n\n\n\n<li><a href=\"#h-formacao-tech-dados-cloud-e-seguranca\">Forma\u00e7\u00e3o Tech: Dados, Cloud e Seguran\u00e7a<\/a><\/li>\n<\/ul>\n\n\n\n<div class=\"wp-block-columns is-layout-flex wp-container-core-columns-is-layout-9d6595d7 wp-block-columns-is-layout-flex\">\n<div class=\"wp-block-column is-layout-flow wp-block-column-is-layout-flow\" style=\"flex-basis:100%\"><div class=\"wp-block-image\">\n<figure class=\"aligncenter size-full\"><a href=\"https:\/\/whatsapp.com\/channel\/0029VaG1sChI7Be7PNndhL43\" target=\"_blank\" rel=\"noopener\"><img decoding=\"async\" src=\"https:\/\/blog-es-static.infra.grancursosonline.com.br\/wp-content\/uploads\/2025\/09\/09112354\/banner-wp-600x142-80.webp\" alt=\"Acesse o canal do WhatsApp da Gran Faculdade\" class=\"wp-image-79751904\"\/><\/a><\/figure>\n<\/div><\/div>\n<\/div>\n\n\n\n<h2 class=\"wp-block-heading\" id=\"h-por-que-iniciar-na-carreira-de-tecnologia\"><strong>Por que iniciar na carreira de tecnologia?<\/strong><br><\/h2>\n\n\n\n<p>Come\u00e7ar uma carreira em tecnologia \u00e9 abrir portas para um dos mercados mais promissores da atualidade. A \u00e1rea n\u00e3o para de crescer, e empresas de todos os setores precisam de profissionais de TI para desenvolver solu\u00e7\u00f5es digitais, cuidar da seguran\u00e7a de dados e criar inova\u00e7\u00f5es.&nbsp;<\/p>\n\n\n\n<p>Isso significa muitas vagas dispon\u00edveis e oportunidades de se destacar. Outro ponto positivo \u00e9 a diversidade de caminhos que a tecnologia oferece. Voc\u00ea pode atuar em programa\u00e7\u00e3o, an\u00e1lise de dados, design de interfaces, ciberseguran\u00e7a e muito mais.&nbsp;<\/p>\n\n\n\n<p>Al\u00e9m disso, muitas vagas permitem trabalho remoto, flexibilidade de hor\u00e1rios e crescimento constante, j\u00e1 que o aprendizado nunca para.<\/p>\n\n\n\n<p>E o melhor: os sal\u00e1rios costumam ser bastante atrativos, mesmo para quem est\u00e1 no in\u00edcio da carreira. Como h\u00e1 car\u00eancia de profissionais qualificados, quem investe em cursos e forma\u00e7\u00f5es na \u00e1rea aumenta suas chances de conquistar boas posi\u00e7\u00f5es.&nbsp;<\/p>\n\n\n\n<h2 class=\"wp-block-heading\" id=\"h-por-que-eu-devo-fazer-minha-matricula-na-semana-do-programador\"><strong>Por que eu devo fazer minha matr\u00edcula na semana do programador?<\/strong><br><\/h2>\n\n\n\n<p>Pensando nas oportunidades do mercado e no crescimento exponencial da \u00e1rea, a Gran Faculdade nesta semana do programador, decidiu fazer condi\u00e7\u00f5es imperd\u00edveis para que voc\u00ea inicie na carreira de tecnologia da informa\u00e7\u00e3o.&nbsp;<\/p>\n\n\n\n<p>Ao fazer sua matr\u00edcula hoje, dia 15, at\u00e9 \u00e0s 23h59, em qualquer curso da \u00e1rea de tecnologia, voc\u00ea ganhar\u00e1:<\/p>\n\n\n\n<ul class=\"wp-block-list\">\n<li><strong>A Mentoria Primeiros Passos Tech<\/strong>: 5 encontros pensando em transmitir uma vis\u00e3o pr\u00e1tica e estrat\u00e9gica das principais \u00e1reas da tecnologia da informa\u00e7\u00e3o. Cada encontro ser\u00e1 conduzido por diferentes especialistas com vasta experi\u00eancia acad\u00eamica e de mercado.\n<ul class=\"wp-block-list\">\n<li>Carreira em TI \u2013 Jos\u00e9 Thomaselli e Miguel Carvalho;<\/li>\n\n\n\n<li>Banco de Dados e Ci\u00eancia de Dados \u2013 Anderson Nascimento e Jos\u00e9 Thomaselli ;<\/li>\n\n\n\n<li>Intelig\u00eancia Artificial \u2013 Marcelo Marques Lima e Rubens Oliveira;<\/li>\n\n\n\n<li>Desenvolvimento de Sistemas \u2013 Nat\u00e1lia Oliveira e Oswaldo Borges;<\/li>\n\n\n\n<li>Infraestrutura e Seguran\u00e7a da Informa\u00e7\u00e3o \u2013 Jo\u00e3o Francisco Antunes e Beatriz\u00a0 Santana.<\/li>\n<\/ul>\n<\/li>\n\n\n\n<li><strong>Forma\u00e7\u00e3o Tech: Dados, Cloud e Seguran\u00e7a: <\/strong>ainda para potencializar seu conhecimento e crescimento na \u00e1rea, ao matricular-se em qualquer curso de tecnologia, voc\u00ea vai ganhar acesso a 4 cursos livres:\n<ul class=\"wp-block-list\">\n<li>Introdu\u00e7\u00e3o ao Data Lake;<\/li>\n\n\n\n<li>Computa\u00e7\u00e3o em Nuvem e Infraestrutura Virtualizada;<\/li>\n\n\n\n<li>Testes de Software na Pr\u00e1tica: Qualidade, T\u00e9cnicas e Ferramentas;<\/li>\n\n\n\n<li>Ciberseguran\u00e7a ofensiva e preven\u00e7\u00e3o de ataques.<\/li>\n<\/ul>\n<\/li>\n<\/ul>\n\n\n\n<p>Saiba mais sobre os cursos livres da forma\u00e7\u00e3o no t\u00f3pico abaixo.<\/p>\n\n\n\n<h2 class=\"wp-block-heading\" id=\"h-formacao-tech-dados-cloud-e-seguranca\"><strong>Forma\u00e7\u00e3o Tech: Dados, Cloud e Seguran\u00e7a<\/strong><br><\/h2>\n\n\n\n<p>O b\u00f4nus secreto anunciado pelos apresentadores da bancada deixou muita gente de queixo ca\u00eddo! S\u00e3o 4 cursos livres, com a qualidade que s\u00f3 a Gran Faculdade t\u00eam. Para ter acesso a esses cursos, basta fazer a matr\u00edcula hoje, dia 15 de setembro. Confira o que esperar de cada curso livre:<br><\/p>\n\n\n\n<figure class=\"wp-block-table\"><div class=\"container-tabela\"><table class=\"has-fixed-layout\"><thead><tr><th>Curso<\/th><th>Professor<\/th><th>Descri\u00e7\u00e3o<\/th><th>Benef\u00edcios para Concursos<\/th><\/tr><\/thead><tbody><tr><td><strong>Introdu\u00e7\u00e3o ao Data Lake<\/strong><\/td><td>Vitor Kessler. Mestre. Auditor Federal de Finan\u00e7as e Controle \u2013 CGU. Gradua\u00e7\u00e3o em Biologia (UFRPE), Computa\u00e7\u00e3o (UFRPE), Mestrado em Oceanografia (UFPE), Especializa\u00e7\u00e3o em An\u00e1lise de Dados (ISC\/TCU).<\/td><td><strong>Aborda fundamentos da arquitetura de Data Lake. Explora pipeline de dados, ingest\u00e3o, compress\u00e3o e governan\u00e7a. Ensina gest\u00e3o de grandes volumes de dados estruturados, semiestruturados e n\u00e3o estruturados.<\/strong><\/td><td>Traz conceitos de armazenamento distribu\u00eddo, Big Data e pipelines. Cada vez mais presentes em concursos de TI. Diferencial tamb\u00e9m em processos seletivos da iniciativa privada.<\/td><\/tr><tr><td><strong>Computa\u00e7\u00e3o em Nuvem e Infraestrutura Virtualizada<\/strong><\/td><td>Bruno Malhano. Bacharel em Sistemas de Informa\u00e7\u00e3o. Arquiteto S\u00eanior de Solu\u00e7\u00f5es em Nuvem na Microsoft. P\u00f3s-graduado em Gest\u00e3o de Projetos e Neg\u00f3cios em TI.<\/td><td>Introdu\u00e7\u00e3o pr\u00e1tica aos conceitos e modelos da computa\u00e7\u00e3o em nuvem. Explora recursos de infraestrutura virtualizada. Mostra servi\u00e7os e solu\u00e7\u00f5es mais usados no mercado atual.<\/td><td>Dominar fundamentos de nuvem e virtualiza\u00e7\u00e3o \u00e9 diferencial. Conte\u00fados cada vez mais cobrados em concursos p\u00fablicos. Valorizados tamb\u00e9m em fun\u00e7\u00f5es t\u00e9cnicas na iniciativa privada.<\/td><\/tr><tr><td><strong>Testes de Software na Pr\u00e1tica<\/strong><\/td><td>Nataniel Paiva. Especialista Java, mais de 12 anos em desenvolvimento. Palestrante no TDC (maior evento de programadores da Am\u00e9rica Latina). Experi\u00eancia com Scrum, Kanban, Java, NodeJS, React, Angular e mais.<\/td><td>Oferece forma\u00e7\u00e3o pr\u00e1tica em testes de software. Ensina t\u00e9cnicas de qualidade, metodologias \u00e1geis e ferramentas. Trabalha com testes funcionais, n\u00e3o funcionais e automatizados.<\/td><td>Capacita para atuar como analista ou engenheiro de testes. Desenvolve vis\u00e3o cr\u00edtica sobre qualidade. Prepara tamb\u00e9m para certifica\u00e7\u00f5es de mercado, como CTFL e CTAL.<\/td><\/tr><tr><td><strong>Ciberseguran\u00e7a Ofensiva e Preven\u00e7\u00e3o de Ataques<\/strong><\/td><td>Profissional com mais de 25 anos em TI. Experi\u00eancia em IBM e setor p\u00fablico. Gestor t\u00e9cnico e engenheiro DevSecOps desde 2018. Mestre em Transforma\u00e7\u00e3o Digital (Universidad Europea del Atl\u00e1ntico).<\/td><td>Introdu\u00e7\u00e3o ao hacking \u00e9tico e ciberseguran\u00e7a. Aborda t\u00e9cnicas de preven\u00e7\u00e3o de ataques e seguran\u00e7a digital. Envolve tamb\u00e9m pr\u00e1ticas de DevOps e arquitetura de TI.<\/td><td>Conhecimentos em seguran\u00e7a digital v\u00eam crescendo em concursos. Essencial para cargos ligados a TI, auditoria e an\u00e1lise de riscos. Diferencial tamb\u00e9m em processos seletivos privados.<\/td><\/tr><\/tbody><\/table><\/div><\/figure>\n\n\n\n<p>\u00c9 muito conhecimento, n\u00e3o \u00e9 mesmo?<br>Aproveite tudo isso fazendo sua matr\u00edcula HOJE em um curso de tecnologia.<\/p>\n\n\n\n<p>Clique no link abaixo, selecione o curso que deseja come\u00e7ar e ganhe todos os b\u00f4nus imperd\u00edveis desta semana do programador!<\/p>\n\n\n\n<h2 class=\"wp-block-heading has-text-align-center\" id=\"h-quero-aproveitar-a-semana-do-programador\"><a href=\"https:\/\/faculdade.grancursosonline.com.br\/nossos-cursos\/?area=tecnologia-da-informacao\"><strong>QUERO APROVEITAR A SEMANA DO PROGRAMADOR!<\/strong><\/a><br><\/h2>\n\n\n\n<div class=\"wp-block-group\"><div class=\"wp-block-group__inner-container is-layout-constrained wp-block-group-is-layout-constrained\">\n<div class=\"wp-block-group\"><div class=\"wp-block-group__inner-container is-layout-constrained wp-block-group-is-layout-constrained\">\n<section style=\"text-align: center;\">\n<p>Quer ficar por dentro da Faculdade Digital mais inovadora do Brasil?<\/p>\n<nav>\n<p class=\"has-background has-dark-bluish-background-color\" style=\"font-size: 25px; text-align: center; background: #f0f0f0; color: #ffffff; padding: 4px 0px 4xp 0px;\"><a style=\"color: #0d134c; text-decoration: underline;\" href=\"https:\/\/faculdade.grancursosonline.com.br\/\" target=\"_blank\" rel=\"noopener\">GRADUA\u00c7\u00c3O<\/a><\/p>\n<p class=\"has-background has-dark-bluish-background-color\" style=\"font-size: 25px; text-align: center; background: #f0f0f0; color: #ffffff; padding: 4px 0px 4xp 0px;\"><a style=\"color: #0d134c; text-decoration: underline;\" href=\"https:\/\/pos.grancursosonline.com.br\/\" target=\"_blank\" rel=\"noopener\">P\u00d3S-GRADUA\u00c7\u00c3O<\/a><\/p>\n<p class=\"has-background has-dark-bluish-background-color\" style=\"font-size: 25px; text-align: center; background: #f0f0f0; color: #ffffff; padding: 4px 0px 4xp 0px;\"><a style=\"color: #0d134c; text-decoration: underline;\" href=\"https:\/\/faculdade.grancursosonline.com.br\/nossos-cursos\/\" target=\"_blank\" rel=\"noopener\">TUDO SOBRE A GRAN FACULDADE<\/a><\/p>\n<\/nav>\n<p><strong>Receba <span style=\"color: #cf1e25;\">gratuitamente<\/span> no seu celular as principais not\u00edcias sobre a Gran Faculdade! <br \/>Clique no link abaixo e inscreva-se:<\/strong><\/p>\n<p class=\"has-background has-dark-bluish-background-color\" style=\"font-size: 25px; text-align: center; background: #f0f0f0; color: #ffffff; padding: 4px 0px 4xp 0px;\"><a style=\"color: #0d134c; text-decoration: underline;\" href=\"https:\/\/whatsapp.com\/channel\/0029VaG1sChI7Be7PNndhL43\" target=\"_blank\" rel=\"noopener noreferrer\">WHATSAPP<\/a><\/p>\n<p class=\"has-background has-dark-bluish-background-color\" style=\"font-size: 25px; text-align: center; background: #f0f0f0; color: #ffffff; padding: 4px 0px 4xp 0px;\"><a style=\"color: #0d134c; text-decoration: underline;\" href=\"https:\/\/t.me\/GranFaculdade\" target=\"_blank\" rel=\"noopener noreferrer\">TELEGRAM<\/a><\/p>\n<\/section>\n<\/div><\/div>\n<\/div><\/div>\n","protected":false},"excerpt":{"rendered":"<p>Hoje no canal da Gran Faculdade tivemos a live da Semana do programador! A bancada contou com a presen\u00e7a do nosso vice-presidente e CTO do Gran Rodrigo Calado, com o professor Miguel Carvalho, com o gerente de Dados do Gran, Miller Horvath e com a desenvolvedora fullstack plena do Gran, Maria Em\u00edlia. A live apresentou&hellip;<\/p>\n","protected":false},"author":514,"featured_media":79757824,"comment_status":"open","ping_status":"open","sticky":false,"template":"","format":"standard","meta":{"_acf_changed":false,"content-type":"","footnotes":""},"categories":[219790,218545,2],"tags":[],"class_list":["post-79757823","post","type-post","status-publish","format-standard","has-post-thumbnail","hentry","category-graduacao-ead","category-graduacao","category-ultimas-noticias"],"acf":[],"yoast_head":"<!-- This site is optimized with the Yoast SEO Premium plugin v27.2 (Yoast SEO v27.2) - https:\/\/yoast.com\/product\/yoast-seo-premium-wordpress\/ -->\n<title>Semana do programador: condi\u00e7\u00f5es exclusivas para voc\u00ea come\u00e7ar sua carreira!<\/title>\n<meta name=\"description\" content=\"A semana do programador come\u00e7ou, e com ela, condi\u00e7\u00f5es exclusivas para quem fizer a matr\u00edcula em um curso de tecnologia. Confira!\" \/>\n<meta name=\"robots\" content=\"index, follow, max-snippet:-1, max-image-preview:large, max-video-preview:-1\" \/>\n<link rel=\"canonical\" href=\"https:\/\/faculdade.grancursosonline.com.br\/blog\/semana-do-programador-condicoes-exclusivas\/\" \/>\n<meta property=\"og:locale\" content=\"pt_BR\" \/>\n<meta property=\"og:type\" content=\"article\" \/>\n<meta property=\"og:title\" content=\"Semana do programador: condi\u00e7\u00f5es exclusivas para voc\u00ea come\u00e7ar sua carreira!\" \/>\n<meta property=\"og:description\" content=\"A semana do programador come\u00e7ou, e com ela, condi\u00e7\u00f5es exclusivas para quem fizer a matr\u00edcula em um curso de tecnologia. Confira!\" \/>\n<meta property=\"og:url\" content=\"https:\/\/faculdade.grancursosonline.com.br\/blog\/semana-do-programador-condicoes-exclusivas\/\" \/>\n<meta property=\"og:site_name\" content=\"Blog Gran Faculdade\" \/>\n<meta property=\"article:publisher\" content=\"https:\/\/www.facebook.com\/grancursosonline\/\" \/>\n<meta property=\"article:published_time\" content=\"2025-09-15T20:48:25+00:00\" \/>\n<meta property=\"article:modified_time\" content=\"2025-09-15T20:50:02+00:00\" \/>\n<meta property=\"og:image\" content=\"https:\/\/blog-es-static.infra.grancursosonline.com.br\/wp-content\/uploads\/2025\/09\/15174608\/semana-do-programador.jpg\" \/>\n\t<meta property=\"og:image:width\" content=\"511\" \/>\n\t<meta property=\"og:image:height\" content=\"311\" \/>\n\t<meta property=\"og:image:type\" content=\"image\/jpeg\" \/>\n<meta name=\"author\" content=\"Guilherme Henrique\" \/>\n<meta name=\"twitter:card\" content=\"summary_large_image\" \/>\n<meta name=\"twitter:creator\" content=\"@gran_online\" \/>\n<meta name=\"twitter:site\" content=\"@gran_online\" \/>\n<meta name=\"twitter:label1\" content=\"Written by\" \/>\n\t<meta name=\"twitter:data1\" content=\"Guilherme Henrique\" \/>\n\t<meta name=\"twitter:label2\" content=\"Est. reading time\" \/>\n\t<meta name=\"twitter:data2\" content=\"16 minutos\" \/>\n<script type=\"application\/ld+json\" class=\"yoast-schema-graph\">{\"@context\":\"https:\/\/schema.org\",\"@graph\":[{\"@type\":\"NewsArticle\",\"@id\":\"https:\/\/faculdade.grancursosonline.com.br\/blog\/semana-do-programador-condicoes-exclusivas\/#article\",\"isPartOf\":{\"@id\":\"https:\/\/faculdade.grancursosonline.com.br\/blog\/semana-do-programador-condicoes-exclusivas\/\"},\"author\":{\"name\":\"Guilherme Henrique\",\"@id\":\"https:\/\/faculdade.grancursosonline.com.br\/blog\/#\/schema\/person\/9745f9b6db8976613c1f439dbcfe717d\"},\"headline\":\"Semana do programador: condi\u00e7\u00f5es exclusivas para voc\u00ea come\u00e7ar sua carreira!\",\"datePublished\":\"2025-09-15T20:48:25+00:00\",\"dateModified\":\"2025-09-15T20:50:02+00:00\",\"mainEntityOfPage\":{\"@id\":\"https:\/\/faculdade.grancursosonline.com.br\/blog\/semana-do-programador-condicoes-exclusivas\/\"},\"wordCount\":1035,\"commentCount\":0,\"publisher\":{\"@id\":\"https:\/\/faculdade.grancursosonline.com.br\/blog\/#organization\"},\"image\":{\"@id\":\"https:\/\/faculdade.grancursosonline.com.br\/blog\/semana-do-programador-condicoes-exclusivas\/#primaryimage\"},\"thumbnailUrl\":\"https:\/\/blog-es-static.infra.grancursosonline.com.br\/wp-content\/uploads\/2025\/09\/15174553\/semana-do-programador-2.jpg\",\"articleSection\":[\"Gradua\u00e7\u00e3o EAD\",\"Gradua\u00e7\u00e3o Gran Faculdade\",\"\u00daltimas Not\u00edcias\"],\"inLanguage\":\"pt-BR\",\"potentialAction\":[{\"@type\":\"CommentAction\",\"name\":\"Comment\",\"target\":[\"https:\/\/faculdade.grancursosonline.com.br\/blog\/semana-do-programador-condicoes-exclusivas\/#respond\"]}],\"copyrightYear\":\"2025\",\"copyrightHolder\":{\"@id\":\"https:\/\/faculdade.grancursosonline.com.br\/blog\/#organization\"}},{\"@type\":\"WebPage\",\"@id\":\"https:\/\/faculdade.grancursosonline.com.br\/blog\/semana-do-programador-condicoes-exclusivas\/\",\"url\":\"https:\/\/faculdade.grancursosonline.com.br\/blog\/semana-do-programador-condicoes-exclusivas\/\",\"name\":\"Semana do programador: condi\u00e7\u00f5es exclusivas para voc\u00ea come\u00e7ar sua carreira!\",\"isPartOf\":{\"@id\":\"https:\/\/faculdade.grancursosonline.com.br\/blog\/#website\"},\"primaryImageOfPage\":{\"@id\":\"https:\/\/faculdade.grancursosonline.com.br\/blog\/semana-do-programador-condicoes-exclusivas\/#primaryimage\"},\"image\":{\"@id\":\"https:\/\/faculdade.grancursosonline.com.br\/blog\/semana-do-programador-condicoes-exclusivas\/#primaryimage\"},\"thumbnailUrl\":\"https:\/\/blog-es-static.infra.grancursosonline.com.br\/wp-content\/uploads\/2025\/09\/15174553\/semana-do-programador-2.jpg\",\"datePublished\":\"2025-09-15T20:48:25+00:00\",\"dateModified\":\"2025-09-15T20:50:02+00:00\",\"description\":\"A semana do programador come\u00e7ou, e com ela, condi\u00e7\u00f5es exclusivas para quem fizer a matr\u00edcula em um curso de tecnologia. Confira!\",\"breadcrumb\":{\"@id\":\"https:\/\/faculdade.grancursosonline.com.br\/blog\/semana-do-programador-condicoes-exclusivas\/#breadcrumb\"},\"inLanguage\":\"pt-BR\",\"potentialAction\":[{\"@type\":\"ReadAction\",\"target\":[\"https:\/\/faculdade.grancursosonline.com.br\/blog\/semana-do-programador-condicoes-exclusivas\/\"]}]},{\"@type\":\"ImageObject\",\"inLanguage\":\"pt-BR\",\"@id\":\"https:\/\/faculdade.grancursosonline.com.br\/blog\/semana-do-programador-condicoes-exclusivas\/#primaryimage\",\"url\":\"https:\/\/blog-es-static.infra.grancursosonline.com.br\/wp-content\/uploads\/2025\/09\/15174553\/semana-do-programador-2.jpg\",\"contentUrl\":\"https:\/\/blog-es-static.infra.grancursosonline.com.br\/wp-content\/uploads\/2025\/09\/15174553\/semana-do-programador-2.jpg\",\"width\":1001,\"height\":601,\"caption\":\"Semana do programador: condi\u00e7\u00f5es exclusivas para voc\u00ea come\u00e7ar sua carreira!\"},{\"@type\":\"BreadcrumbList\",\"@id\":\"https:\/\/faculdade.grancursosonline.com.br\/blog\/semana-do-programador-condicoes-exclusivas\/#breadcrumb\",\"itemListElement\":[{\"@type\":\"ListItem\",\"position\":1,\"name\":\"In\u00edcio\",\"item\":\"https:\/\/faculdade.grancursosonline.com.br\/blog\/\"},{\"@type\":\"ListItem\",\"position\":2,\"name\":\"Gradua\u00e7\u00e3o Gran Faculdade\",\"item\":\"https:\/\/faculdade.grancursosonline.com.br\/blog\/graduacao\/\"},{\"@type\":\"ListItem\",\"position\":3,\"name\":\"Semana do programador: condi\u00e7\u00f5es exclusivas para voc\u00ea come\u00e7ar sua carreira!\"}]},{\"@type\":\"WebSite\",\"@id\":\"https:\/\/faculdade.grancursosonline.com.br\/blog\/#website\",\"url\":\"https:\/\/faculdade.grancursosonline.com.br\/blog\/\",\"name\":\"Blog Gran Faculdade\",\"description\":\"Tudo sobre ensino superior, p\u00f3s-gradua\u00e7\u00e3o, enem e carreira.\",\"publisher\":{\"@id\":\"https:\/\/faculdade.grancursosonline.com.br\/blog\/#organization\"},\"potentialAction\":[{\"@type\":\"SearchAction\",\"target\":{\"@type\":\"EntryPoint\",\"urlTemplate\":\"https:\/\/faculdade.grancursosonline.com.br\/blog\/?s={search_term_string}\"},\"query-input\":{\"@type\":\"PropertyValueSpecification\",\"valueRequired\":true,\"valueName\":\"search_term_string\"}}],\"inLanguage\":\"pt-BR\"},{\"@type\":\"Organization\",\"@id\":\"https:\/\/faculdade.grancursosonline.com.br\/blog\/#organization\",\"name\":\"Gran Cursos Online\",\"url\":\"https:\/\/faculdade.grancursosonline.com.br\/blog\/\",\"logo\":{\"@type\":\"ImageObject\",\"inLanguage\":\"pt-BR\",\"@id\":\"https:\/\/faculdade.grancursosonline.com.br\/blog\/#\/schema\/logo\/image\/\",\"url\":\"https:\/\/blog-es-static.infra.grancursosonline.com.br\/wp-content\/uploads\/2019\/08\/03123934\/logo.png\",\"contentUrl\":\"https:\/\/blog-es-static.infra.grancursosonline.com.br\/wp-content\/uploads\/2019\/08\/03123934\/logo.png\",\"width\":300,\"height\":57,\"caption\":\"Gran Cursos Online\"},\"image\":{\"@id\":\"https:\/\/faculdade.grancursosonline.com.br\/blog\/#\/schema\/logo\/image\/\"},\"sameAs\":[\"https:\/\/www.facebook.com\/grancursosonline\/\",\"https:\/\/x.com\/gran_online\",\"https:\/\/www.instagram.com\/grancursosonline\/\",\"https:\/\/www.youtube.com\/user\/grancursostv\"]},{\"@type\":\"Person\",\"@id\":\"https:\/\/faculdade.grancursosonline.com.br\/blog\/#\/schema\/person\/9745f9b6db8976613c1f439dbcfe717d\",\"name\":\"Guilherme Henrique\",\"url\":\"https:\/\/faculdade.grancursosonline.com.br\/blog\/author\/guilherme-lourenco\/\"}]}<\/script>\n<!-- \/ Yoast SEO Premium plugin. -->","yoast_head_json":{"title":"Semana do programador: condi\u00e7\u00f5es exclusivas para voc\u00ea come\u00e7ar sua carreira!","description":"A semana do programador come\u00e7ou, e com ela, condi\u00e7\u00f5es exclusivas para quem fizer a matr\u00edcula em um curso de tecnologia. Confira!","robots":{"index":"index","follow":"follow","max-snippet":"max-snippet:-1","max-image-preview":"max-image-preview:large","max-video-preview":"max-video-preview:-1"},"canonical":"https:\/\/faculdade.grancursosonline.com.br\/blog\/semana-do-programador-condicoes-exclusivas\/","og_locale":"pt_BR","og_type":"article","og_title":"Semana do programador: condi\u00e7\u00f5es exclusivas para voc\u00ea come\u00e7ar sua carreira!","og_description":"A semana do programador come\u00e7ou, e com ela, condi\u00e7\u00f5es exclusivas para quem fizer a matr\u00edcula em um curso de tecnologia. Confira!","og_url":"https:\/\/faculdade.grancursosonline.com.br\/blog\/semana-do-programador-condicoes-exclusivas\/","og_site_name":"Blog Gran Faculdade","article_publisher":"https:\/\/www.facebook.com\/grancursosonline\/","article_published_time":"2025-09-15T20:48:25+00:00","article_modified_time":"2025-09-15T20:50:02+00:00","og_image":[{"width":511,"height":311,"url":"https:\/\/blog-es-static.infra.grancursosonline.com.br\/wp-content\/uploads\/2025\/09\/15174608\/semana-do-programador.jpg","type":"image\/jpeg"}],"author":"Guilherme Henrique","twitter_card":"summary_large_image","twitter_creator":"@gran_online","twitter_site":"@gran_online","twitter_misc":{"Written by":"Guilherme Henrique","Est. reading time":"16 minutos"},"schema":{"@context":"https:\/\/schema.org","@graph":[{"@type":"NewsArticle","@id":"https:\/\/faculdade.grancursosonline.com.br\/blog\/semana-do-programador-condicoes-exclusivas\/#article","isPartOf":{"@id":"https:\/\/faculdade.grancursosonline.com.br\/blog\/semana-do-programador-condicoes-exclusivas\/"},"author":{"name":"Guilherme Henrique","@id":"https:\/\/faculdade.grancursosonline.com.br\/blog\/#\/schema\/person\/9745f9b6db8976613c1f439dbcfe717d"},"headline":"Semana do programador: condi\u00e7\u00f5es exclusivas para voc\u00ea come\u00e7ar sua carreira!","datePublished":"2025-09-15T20:48:25+00:00","dateModified":"2025-09-15T20:50:02+00:00","mainEntityOfPage":{"@id":"https:\/\/faculdade.grancursosonline.com.br\/blog\/semana-do-programador-condicoes-exclusivas\/"},"wordCount":1035,"commentCount":0,"publisher":{"@id":"https:\/\/faculdade.grancursosonline.com.br\/blog\/#organization"},"image":{"@id":"https:\/\/faculdade.grancursosonline.com.br\/blog\/semana-do-programador-condicoes-exclusivas\/#primaryimage"},"thumbnailUrl":"https:\/\/blog-es-static.infra.grancursosonline.com.br\/wp-content\/uploads\/2025\/09\/15174553\/semana-do-programador-2.jpg","articleSection":["Gradua\u00e7\u00e3o EAD","Gradua\u00e7\u00e3o Gran Faculdade","\u00daltimas Not\u00edcias"],"inLanguage":"pt-BR","potentialAction":[{"@type":"CommentAction","name":"Comment","target":["https:\/\/faculdade.grancursosonline.com.br\/blog\/semana-do-programador-condicoes-exclusivas\/#respond"]}],"copyrightYear":"2025","copyrightHolder":{"@id":"https:\/\/faculdade.grancursosonline.com.br\/blog\/#organization"}},{"@type":"WebPage","@id":"https:\/\/faculdade.grancursosonline.com.br\/blog\/semana-do-programador-condicoes-exclusivas\/","url":"https:\/\/faculdade.grancursosonline.com.br\/blog\/semana-do-programador-condicoes-exclusivas\/","name":"Semana do programador: condi\u00e7\u00f5es exclusivas para voc\u00ea come\u00e7ar sua carreira!","isPartOf":{"@id":"https:\/\/faculdade.grancursosonline.com.br\/blog\/#website"},"primaryImageOfPage":{"@id":"https:\/\/faculdade.grancursosonline.com.br\/blog\/semana-do-programador-condicoes-exclusivas\/#primaryimage"},"image":{"@id":"https:\/\/faculdade.grancursosonline.com.br\/blog\/semana-do-programador-condicoes-exclusivas\/#primaryimage"},"thumbnailUrl":"https:\/\/blog-es-static.infra.grancursosonline.com.br\/wp-content\/uploads\/2025\/09\/15174553\/semana-do-programador-2.jpg","datePublished":"2025-09-15T20:48:25+00:00","dateModified":"2025-09-15T20:50:02+00:00","description":"A semana do programador come\u00e7ou, e com ela, condi\u00e7\u00f5es exclusivas para quem fizer a matr\u00edcula em um curso de tecnologia. Confira!","breadcrumb":{"@id":"https:\/\/faculdade.grancursosonline.com.br\/blog\/semana-do-programador-condicoes-exclusivas\/#breadcrumb"},"inLanguage":"pt-BR","potentialAction":[{"@type":"ReadAction","target":["https:\/\/faculdade.grancursosonline.com.br\/blog\/semana-do-programador-condicoes-exclusivas\/"]}]},{"@type":"ImageObject","inLanguage":"pt-BR","@id":"https:\/\/faculdade.grancursosonline.com.br\/blog\/semana-do-programador-condicoes-exclusivas\/#primaryimage","url":"https:\/\/blog-es-static.infra.grancursosonline.com.br\/wp-content\/uploads\/2025\/09\/15174553\/semana-do-programador-2.jpg","contentUrl":"https:\/\/blog-es-static.infra.grancursosonline.com.br\/wp-content\/uploads\/2025\/09\/15174553\/semana-do-programador-2.jpg","width":1001,"height":601,"caption":"Semana do programador: condi\u00e7\u00f5es exclusivas para voc\u00ea come\u00e7ar sua carreira!"},{"@type":"BreadcrumbList","@id":"https:\/\/faculdade.grancursosonline.com.br\/blog\/semana-do-programador-condicoes-exclusivas\/#breadcrumb","itemListElement":[{"@type":"ListItem","position":1,"name":"In\u00edcio","item":"https:\/\/faculdade.grancursosonline.com.br\/blog\/"},{"@type":"ListItem","position":2,"name":"Gradua\u00e7\u00e3o Gran Faculdade","item":"https:\/\/faculdade.grancursosonline.com.br\/blog\/graduacao\/"},{"@type":"ListItem","position":3,"name":"Semana do programador: condi\u00e7\u00f5es exclusivas para voc\u00ea come\u00e7ar sua carreira!"}]},{"@type":"WebSite","@id":"https:\/\/faculdade.grancursosonline.com.br\/blog\/#website","url":"https:\/\/faculdade.grancursosonline.com.br\/blog\/","name":"Blog Gran Faculdade","description":"Tudo sobre ensino superior, p\u00f3s-gradua\u00e7\u00e3o, enem e carreira.","publisher":{"@id":"https:\/\/faculdade.grancursosonline.com.br\/blog\/#organization"},"potentialAction":[{"@type":"SearchAction","target":{"@type":"EntryPoint","urlTemplate":"https:\/\/faculdade.grancursosonline.com.br\/blog\/?s={search_term_string}"},"query-input":{"@type":"PropertyValueSpecification","valueRequired":true,"valueName":"search_term_string"}}],"inLanguage":"pt-BR"},{"@type":"Organization","@id":"https:\/\/faculdade.grancursosonline.com.br\/blog\/#organization","name":"Gran Cursos Online","url":"https:\/\/faculdade.grancursosonline.com.br\/blog\/","logo":{"@type":"ImageObject","inLanguage":"pt-BR","@id":"https:\/\/faculdade.grancursosonline.com.br\/blog\/#\/schema\/logo\/image\/","url":"https:\/\/blog-es-static.infra.grancursosonline.com.br\/wp-content\/uploads\/2019\/08\/03123934\/logo.png","contentUrl":"https:\/\/blog-es-static.infra.grancursosonline.com.br\/wp-content\/uploads\/2019\/08\/03123934\/logo.png","width":300,"height":57,"caption":"Gran Cursos Online"},"image":{"@id":"https:\/\/faculdade.grancursosonline.com.br\/blog\/#\/schema\/logo\/image\/"},"sameAs":["https:\/\/www.facebook.com\/grancursosonline\/","https:\/\/x.com\/gran_online","https:\/\/www.instagram.com\/grancursosonline\/","https:\/\/www.youtube.com\/user\/grancursostv"]},{"@type":"Person","@id":"https:\/\/faculdade.grancursosonline.com.br\/blog\/#\/schema\/person\/9745f9b6db8976613c1f439dbcfe717d","name":"Guilherme Henrique","url":"https:\/\/faculdade.grancursosonline.com.br\/blog\/author\/guilherme-lourenco\/"}]}},"_links":{"self":[{"href":"https:\/\/faculdade.grancursosonline.com.br\/blog\/wp-json\/wp\/v2\/posts\/79757823","targetHints":{"allow":["GET"]}}],"collection":[{"href":"https:\/\/faculdade.grancursosonline.com.br\/blog\/wp-json\/wp\/v2\/posts"}],"about":[{"href":"https:\/\/faculdade.grancursosonline.com.br\/blog\/wp-json\/wp\/v2\/types\/post"}],"author":[{"embeddable":true,"href":"https:\/\/faculdade.grancursosonline.com.br\/blog\/wp-json\/wp\/v2\/users\/514"}],"replies":[{"embeddable":true,"href":"https:\/\/faculdade.grancursosonline.com.br\/blog\/wp-json\/wp\/v2\/comments?post=79757823"}],"version-history":[{"count":1,"href":"https:\/\/faculdade.grancursosonline.com.br\/blog\/wp-json\/wp\/v2\/posts\/79757823\/revisions"}],"predecessor-version":[{"id":79757826,"href":"https:\/\/faculdade.grancursosonline.com.br\/blog\/wp-json\/wp\/v2\/posts\/79757823\/revisions\/79757826"}],"wp:featuredmedia":[{"embeddable":true,"href":"https:\/\/faculdade.grancursosonline.com.br\/blog\/wp-json\/wp\/v2\/media\/79757824"}],"wp:attachment":[{"href":"https:\/\/faculdade.grancursosonline.com.br\/blog\/wp-json\/wp\/v2\/media?parent=79757823"}],"wp:term":[{"taxonomy":"category","embeddable":true,"href":"https:\/\/faculdade.grancursosonline.com.br\/blog\/wp-json\/wp\/v2\/categories?post=79757823"},{"taxonomy":"post_tag","embeddable":true,"href":"https:\/\/faculdade.grancursosonline.com.br\/blog\/wp-json\/wp\/v2\/tags?post=79757823"}],"curies":[{"name":"wp","href":"https:\/\/api.w.org\/{rel}","templated":true}]}}