{"id":79758031,"date":"2025-09-19T18:03:11","date_gmt":"2025-09-19T21:03:11","guid":{"rendered":"https:\/\/faculdade.grancursosonline.com.br\/blog\/?p=79758031"},"modified":"2025-09-19T18:03:16","modified_gmt":"2025-09-19T21:03:16","slug":"musica-no-enem","status":"publish","type":"post","link":"https:\/\/faculdade.grancursosonline.com.br\/blog\/musica-no-enem\/","title":{"rendered":"M\u00fasica no Enem: como \u00e9 cobrado?"},"content":{"rendered":"\n<p>A m\u00fasica no Enem aparece como um recurso interdisciplinar que conecta arte, cultura e linguagem em diferentes \u00e1reas do exame. Muitas vezes, ela \u00e9 utilizada em quest\u00f5es de Linguagens e Ci\u00eancias Humanas para provocar reflex\u00f5es cr\u00edticas e interpreta\u00e7\u00f5es.<\/p>\n\n\n\n<p>Al\u00e9m disso, a m\u00fasica pode servir de apoio para a an\u00e1lise de contextos hist\u00f3ricos, sociais e at\u00e9 filos\u00f3ficos. Dessa forma, os candidatos precisam estar preparados para relacionar letras, estilos musicais e movimentos culturais com os conte\u00fados cobrados na prova.<\/p>\n\n\n\n<p>Por isso, para saber mais, acompanhe o conte\u00fado na \u00edntegra, ou navegue pelo \u00edndice se preferir:<\/p>\n\n\n\n<ul class=\"wp-block-list\">\n<li><a href=\"#h-o-que-significa-a-presenca-da-musica-no-enem\">O que significa a presen\u00e7a da m\u00fasica no Enem<\/a><\/li>\n\n\n\n<li><a href=\"#h-como-a-musica-aparece-nas-questoes-do-enem\">Como a m\u00fasica aparece nas quest\u00f5es do Enem<\/a><\/li>\n\n\n\n<li><a href=\"#h-exemplos-de-cobranca-de-musica-no-enem\">Exemplos de cobran\u00e7a de m\u00fasica no Enem<\/a><\/li>\n\n\n\n<li><a href=\"#h-importancia-da-musica-no-processo-de-aprendizagem\">Import\u00e2ncia da m\u00fasica no processo de aprendizagem<\/a><\/li>\n\n\n\n<li><a href=\"#h-dicas-para-estudar-musica-para-o-enem\">Dicas para estudar m\u00fasica para o Enem<\/a><\/li>\n<\/ul>\n\n\n\n<div class=\"wp-block-columns is-layout-flex wp-container-core-columns-is-layout-9d6595d7 wp-block-columns-is-layout-flex\">\n<div class=\"wp-block-column is-layout-flow wp-block-column-is-layout-flow\" style=\"flex-basis:100%\"><div class=\"wp-block-image\">\n<figure class=\"aligncenter size-full\"><a href=\"https:\/\/whatsapp.com\/channel\/0029VaG1sChI7Be7PNndhL43\" target=\"_blank\" rel=\"noopener\"><img decoding=\"async\" src=\"https:\/\/blog-es-static.infra.grancursosonline.com.br\/wp-content\/uploads\/2025\/09\/09112354\/banner-wp-600x142-80.webp\" alt=\"Acesse o canal do WhatsApp da Gran Faculdade\" class=\"wp-image-79751904\"\/><\/a><\/figure>\n<\/div><\/div>\n<\/div>\n\n\n\n<h2 class=\"wp-block-heading\" id=\"h-o-que-significa-a-presenca-da-musica-no-enem\"><strong>O que significa a presen\u00e7a da m\u00fasica no Enem<\/strong><\/h2>\n\n\n\n<p>A m\u00fasica no <a href=\"https:\/\/faculdade.grancursosonline.com.br\/blog\/enem-exame-nacional-do-ensino-medio\/\" target=\"_blank\" rel=\"noreferrer noopener\">Enem<\/a> costuma aparecer como parte de enunciados ou textos motivadores, um fragmento de letra usado para ilustrar temas das provas. Isso ocorre principalmente nas \u00e1reas de Linguagens e Ci\u00eancias Humanas.<\/p>\n\n\n\n<p>Isso n\u00e3o quer dizer que o aluno deve decorar can\u00e7\u00f5es, mas que leia e interprete o trecho apresentado, ligando o conte\u00fado musical com contexto hist\u00f3rico, social ou cultural. O importante \u00e9 entender o sentido do trecho e relacion\u00e1-lo ao tema da quest\u00e3o.<\/p>\n\n\n\n<h2 class=\"wp-block-heading\" id=\"h-como-a-musica-aparece-nas-questoes-do-enem\"><strong>Como a m\u00fasica aparece nas quest\u00f5es do Enem<\/strong><\/h2>\n\n\n\n<p>Em diversas edi\u00e7\u00f5es, letras de m\u00fasica foram usadas como base para perguntas de interpreta\u00e7\u00e3o de texto. Por exemplo, quest\u00f5es podem pedir para identificar figuras de linguagem presentes na letra ou compreender o contexto social retratado.&nbsp;<\/p>\n\n\n\n<p>Tamb\u00e9m pode ocorrer de m\u00fasicas servirem como motivadores de reda\u00e7\u00e3o ou para introduzir temas como desigualdade, cultura ou identidade.<\/p>\n\n\n\n<p>\u00c0s vezes, a m\u00fasica aparece apenas como ilustra\u00e7\u00e3o hist\u00f3rica ou cultural, fazendo com que o aluno relacione aquilo com conhecimentos escolares, como movimentos art\u00edsticos, contexto pol\u00edtico ou transforma\u00e7\u00f5es sociais.<\/p>\n\n\n\n<h2 class=\"wp-block-heading\" id=\"h-exemplos-de-cobranca-de-musica-no-enem\"><strong>Exemplos de cobran\u00e7a de m\u00fasica no Enem<\/strong><\/h2>\n\n\n\n<p>Aqui v\u00e3o alguns casos reais mostrando como a m\u00fasica j\u00e1 foi usada em provas do Enem para inspirar suas respostas:<\/p>\n\n\n\n<ul class=\"wp-block-list\">\n<li><em>Aquarela do Brasil<\/em> \u2013 Ary Barroso. Cobrada como ilustra\u00e7\u00e3o hist\u00f3rica-cultural, destacando aspectos da identidade nacional e heran\u00e7a cultural do Brasil;<\/li>\n\n\n\n<li><em>Tempo Perdido<\/em> \u2013 Legi\u00e3o Urbana. Trechos aparecem para an\u00e1lises de linguagem, estilo po\u00e9tico e reflex\u00f5es sobre tempo, mem\u00f3ria pessoal e coletiva;<\/li>\n\n\n\n<li><em>Disneyl\u00e2ndia<\/em> \u2013 Tit\u00e3s. Utilizada em prova de hist\u00f3ria (Enem 2013) para refletir sobre globaliza\u00e7\u00e3o, desigualdade econ\u00f4mica e impactos sociais no com\u00e9rcio internacional;<\/li>\n\n\n\n<li><em>Meu Lugar<\/em> \u2013 Arlindo Cruz. Empregada em quest\u00e3o de geografia (ou similar) para trabalhar o tema da identidade espacial, percep\u00e7\u00e3o do espa\u00e7o vivido e la\u00e7os culturais com locais de origem.;<\/li>\n\n\n\n<li><em>Alegria, Alegria<\/em> \u2013 Caetano Veloso. M\u00fasica do movimento tropicalista presente no Enem para trabalhar a linguagem, express\u00e3o cultural e cr\u00edtica social.;<\/li>\n\n\n\n<li><em>Admir\u00e1vel Gado Novo<\/em> \u2013 Z\u00e9 Ramalho. Tamb\u00e9m usada para discutir temas sociais e hist\u00f3ricos atrav\u00e9s da m\u00fasica, como cr\u00edtica \u00e0 condi\u00e7\u00e3o humana, desigualdades e realidades rurais ou perif\u00e9ricas.\u00a0<\/li>\n\n\n\n<li><em>Asa Branca<\/em> \u2013 Luiz Gonzaga e Humberto Teixeira. Apareceu no Enem 2017, usada em quest\u00e3o de geografia para identificar biomas brasileiros, com trechos que falam de seca, migra\u00e7\u00e3o e condi\u00e7\u00f5es clim\u00e1ticas.\u00a0<\/li>\n<\/ul>\n\n\n\n<h2 class=\"wp-block-heading\" id=\"h-importancia-da-musica-no-processo-de-aprendizagem\"><strong>Import\u00e2ncia da m\u00fasica no processo de aprendizagem<\/strong><\/h2>\n\n\n\n<p>A inclus\u00e3o de m\u00fasica no Enem ajuda a tornar as provas mais pr\u00f3ximas da realidade vivida pelos estudantes. Esse uso permite conectar temas escolares com cultura, hist\u00f3ria e vida cotidiana.<\/p>\n\n\n\n<p>Al\u00e9m disso, motiva o aluno a desenvolver habilidades de interpreta\u00e7\u00e3o de texto que s\u00e3o \u00fateis em v\u00e1rias disciplinas. Ler uma letra de m\u00fasica exige aten\u00e7\u00e3o ao vocabul\u00e1rio, contexto hist\u00f3rico e fun\u00e7\u00e3o social da can\u00e7\u00e3o.<\/p>\n\n\n\n<p>Tamb\u00e9m amplia o repert\u00f3rio sociocultural, algo valorizado no Enem. Ter conhecimento de m\u00fasicas, artistas e movimentos culturais pode melhorar sua argumenta\u00e7\u00e3o, especialmente na reda\u00e7\u00e3o ou em quest\u00f5es de Linguagens.<\/p>\n\n\n\n<h2 class=\"wp-block-heading\" id=\"h-dicas-para-estudar-musica-para-o-enem\"><strong>Dicas para estudar m\u00fasica para o Enem<\/strong><\/h2>\n\n\n\n<p>Treinar com m\u00fasicas pode te dar uma vantagem. Aqui v\u00e3o algumas ideias de como voc\u00ea pode se preparar:<\/p>\n\n\n\n<ul class=\"wp-block-list\">\n<li>Leia letras de diferentes g\u00eaneros musicais e entenda seu contexto hist\u00f3rico ou cultural;<\/li>\n\n\n\n<li>Pratique com provas antigas que usaram m\u00fasicas nos enunciados para identificar o tipo de pergunta que aparece;<\/li>\n\n\n\n<li>Explore artistas brasileiros que tratam de temas sociais, culturais ou hist\u00f3ricos, pois podem aparecer nas provas;<\/li>\n\n\n\n<li>Quando usar m\u00fasica em reda\u00e7\u00e3o ou argumento, escolha trechos curtos que dialoguem com o tema proposto.<\/li>\n<\/ul>\n\n\n\n<h2 class=\"wp-block-heading\" id=\"h-quer-saber-mais-sobre-o-enem-preparamos-um-manual-completo-para-voce-baixar-gratuitamente\">Quer saber mais sobre o Enem? Preparamos um manual completo para voc\u00ea baixar gratuitamente!<\/h2>\n\n\n\n<p>O Manual do Enem da Gran Faculdade <strong>foi baseado no Edital publicado pelo MEC e Inep <\/strong>e conta com todas as informa\u00e7\u00f5es oficiais que foram utilizadas no programa.<\/p>\n\n\n\n<p>Neste material 100% gratuito voc\u00ea vai saber:<\/p>\n\n\n\n<ul class=\"wp-block-list\">\n<li>Hist\u00f3ria e import\u00e2ncia do Enem;<\/li>\n\n\n\n<li>Datas, prazos e taxas de inscri\u00e7\u00e3o;<\/li>\n\n\n\n<li>Como fazer o Teste Vocacional;<\/li>\n\n\n\n<li>O que estudar para o Enem;<\/li>\n\n\n\n<li>Como \u00e9 calculada a nota do Enem;<\/li>\n\n\n\n<li>E mais de 40 t\u00f3picos explicativos sobre outras d\u00favidas relacionadas ao programa.<\/li>\n<\/ul>\n\n\n\n<p>Preencha o formul\u00e1rio abaixo e receba o manual gratuitamente:<\/p>\n\n\n\n<script charset=\"utf-8\" type=\"text\/javascript\" src=\"\/\/js.hsforms.net\/forms\/embed\/v2.js\"><\/script>\n<script>\n  hbspt.forms.create({\n    region: \"na1\",\n    portalId: \"302036\",\n    formId: \"0fe5415a-ece9-4459-950a-7a8aa13baf90\"\n  });\n<\/script>\n\n\n<p><script charset=\"utf-8\" type=\"text\/javascript\" src=\"\/\/js.hsforms.net\/forms\/embed\/v2.js\"><\/script> <script><br \/>\n  hbspt.forms.create({<br \/>\n    region: \"na1\",<br \/>\n    portalId: \"302036\",<br \/>\n    formId: \"0fe5415a-ece9-4459-950a-7a8aa13baf90\"<br \/>\n  });<br \/>\n<\/script><\/p>\n\n\n<h2 class=\"wp-block-heading\" id=\"h-vem-pra-gran-faculdade\">Vem pra Gran Faculdade!<\/h2>\n\n\n\n<p>A Gran Faculdade vem mudando a vida de milhares de pessoas por meio de cursos \u00e0 dist\u00e2ncia de <a href=\"https:\/\/faculdade.grancursosonline.com.br\/\" target=\"_blank\" rel=\"noreferrer noopener\">gradua\u00e7\u00e3o<\/a>, <a href=\"https:\/\/pos.grancursosonline.com.br\/\" target=\"_blank\" rel=\"noreferrer noopener\">p\u00f3s-gradua\u00e7\u00e3o<\/a> e <a href=\"https:\/\/pos.grancursosonline.com.br\/mba\" target=\"_blank\" rel=\"noreferrer noopener\">MBA<\/a>. Seja no digital ou em nosso <a href=\"https:\/\/presencial.grancursosonline.com.br\/\" target=\"_blank\" rel=\"noreferrer noopener\">Campus Presencial em Curitiba<\/a>, a nossa miss\u00e3o \u00e9 transformar a educa\u00e7\u00e3o superior.<\/p>\n\n\n\n<p>Como parte de Sistema Gran de Ensino, que \u00e9 reconhecido como marca aprovadora h\u00e1 mais de 10 anos, constru\u00edmos uma renomada reputa\u00e7\u00e3o na \u00e1rea de educa\u00e7\u00e3o.<\/p>\n\n\n\n<p>Veja algumas de nossas conquistas:<\/p>\n\n\n\n<ul class=\"wp-block-list\">\n<li>Reconhecido pela Amazon como um dos projetos mais relevantes do mundo na \u00e1rea de Tecnologia e Educa\u00e7\u00e3o;<\/li>\n\n\n\n<li>Foi eleito pelo Project Management Institute (PMI), um dos 50 Projetos Mais Influentes do mundo;<\/li>\n\n\n\n<li>Somos o site de educa\u00e7\u00e3o mais acessado do Brasil;<\/li>\n\n\n\n<li>Somos avaliados com a nota m\u00e1xima pelo MEC;<\/li>\n\n\n\n<li>Aqui o semestre come\u00e7a quando quiser: entrada imediata e cont\u00ednua!<\/li>\n\n\n\n<li>Melhores pre\u00e7os do mercado;<\/li>\n\n\n\n<li>Mais de 800 mil alunos pagantes e mais de 1000 funcion\u00e1rios;<\/li>\n\n\n\n<li>Diversas ferramentas de estudo: PDFs, audiobooks, mapas mentais, videoaulas, quest\u00f5es, gerenciador de estudos e muito mais!<\/li>\n\n\n\n<li>Professores experientes e capacitados;<\/li>\n\n\n\n<li>Acesso imediato e 100% online.<\/li>\n<\/ul>\n\n\n\n<p class=\"has-text-align-center has-text-align-center\"><strong><a href=\"https:\/\/faculdade.grancursosonline.com.br\/\">Quero ser aluno da Gran Faculdade<\/a><\/strong><\/p>\n\n\n\n<div class=\"wp-block-group has-background\" style=\"background-color:#8dd2fc7a\"><div class=\"wp-block-group__inner-container is-layout-constrained wp-block-group-is-layout-constrained\">\n<p><strong>Outras not\u00edcias em destaque:<\/strong><\/p>\n\n\n\n<ul class=\"wp-block-list\">\n<li><a href=\"https:\/\/faculdade.grancursosonline.com.br\/blog\/tema-redacao-enem\/\" target=\"_blank\" rel=\"noreferrer noopener\">Tema da reda\u00e7\u00e3o do Enem: como interpretar e ir bem?<\/a><\/li>\n\n\n\n<li><a href=\"https:\/\/faculdade.grancursosonline.com.br\/blog\/quais-foram-os-ultimos-temas-da-redacao-do-enem\/\" target=\"_blank\" rel=\"noreferrer noopener\">Quais foram os \u00faltimos temas da reda\u00e7\u00e3o do Enem? Confira as 5 edi\u00e7\u00f5es anteriores!<\/a><\/li>\n\n\n\n<li><a href=\"https:\/\/faculdade.grancursosonline.com.br\/blog\/livros-que-caem-no-enem\/\" target=\"_blank\" rel=\"noreferrer noopener\">Livros que caem no Enem: saiba quais obras estudar<\/a><\/li>\n<\/ul>\n<\/div><\/div>\n\n\n\n<div class=\"wp-block-group\"><div class=\"wp-block-group__inner-container is-layout-constrained wp-block-group-is-layout-constrained\">\n<div class=\"wp-block-group\"><div class=\"wp-block-group__inner-container is-layout-constrained wp-block-group-is-layout-constrained\">\n<section style=\"text-align: center;\">\n<p>Quer ficar por dentro da Faculdade Digital mais inovadora do Brasil?<\/p>\n<nav>\n<p class=\"has-background has-dark-bluish-background-color\" style=\"font-size: 25px; text-align: center; background: #f0f0f0; color: #ffffff; padding: 4px 0px 4xp 0px;\"><a style=\"color: #0d134c; text-decoration: underline;\" href=\"https:\/\/faculdade.grancursosonline.com.br\/\" target=\"_blank\" rel=\"noopener\">GRADUA\u00c7\u00c3O<\/a><\/p>\n<p class=\"has-background has-dark-bluish-background-color\" style=\"font-size: 25px; text-align: center; background: #f0f0f0; color: #ffffff; padding: 4px 0px 4xp 0px;\"><a style=\"color: #0d134c; text-decoration: underline;\" href=\"https:\/\/pos.grancursosonline.com.br\/\" target=\"_blank\" rel=\"noopener\">P\u00d3S-GRADUA\u00c7\u00c3O<\/a><\/p>\n<p class=\"has-background has-dark-bluish-background-color\" style=\"font-size: 25px; text-align: center; background: #f0f0f0; color: #ffffff; padding: 4px 0px 4xp 0px;\"><a style=\"color: #0d134c; text-decoration: underline;\" href=\"https:\/\/faculdade.grancursosonline.com.br\/nossos-cursos\/\" target=\"_blank\" rel=\"noopener\">TUDO SOBRE A GRAN FACULDADE<\/a><\/p>\n<\/nav>\n<p><strong>Receba <span style=\"color: #cf1e25;\">gratuitamente<\/span> no seu celular as principais not\u00edcias sobre a Gran Faculdade! <br \/>Clique no link abaixo e inscreva-se:<\/strong><\/p>\n<p class=\"has-background has-dark-bluish-background-color\" style=\"font-size: 25px; text-align: center; background: #f0f0f0; color: #ffffff; padding: 4px 0px 4xp 0px;\"><a style=\"color: #0d134c; text-decoration: underline;\" href=\"https:\/\/whatsapp.com\/channel\/0029VaG1sChI7Be7PNndhL43\" target=\"_blank\" rel=\"noopener noreferrer\">WHATSAPP<\/a><\/p>\n<p class=\"has-background has-dark-bluish-background-color\" style=\"font-size: 25px; text-align: center; background: #f0f0f0; color: #ffffff; padding: 4px 0px 4xp 0px;\"><a style=\"color: #0d134c; text-decoration: underline;\" href=\"https:\/\/t.me\/GranFaculdade\" target=\"_blank\" rel=\"noopener noreferrer\">TELEGRAM<\/a><\/p>\n<\/section>\n<\/div><\/div>\n<\/div><\/div>\n","protected":false},"excerpt":{"rendered":"<p>A m\u00fasica no Enem aparece como um recurso interdisciplinar que conecta arte, cultura e linguagem em diferentes \u00e1reas do exame. Muitas vezes, ela \u00e9 utilizada em quest\u00f5es de Linguagens e Ci\u00eancias Humanas para provocar reflex\u00f5es cr\u00edticas e interpreta\u00e7\u00f5es. Al\u00e9m disso, a m\u00fasica pode servir de apoio para a an\u00e1lise de contextos hist\u00f3ricos, sociais e at\u00e9&hellip;<\/p>\n","protected":false},"author":514,"featured_media":79758032,"comment_status":"open","ping_status":"open","sticky":false,"template":"","format":"standard","meta":{"_acf_changed":false,"content-type":"","footnotes":""},"categories":[219790,218545,2],"tags":[],"class_list":["post-79758031","post","type-post","status-publish","format-standard","has-post-thumbnail","hentry","category-graduacao-ead","category-graduacao","category-ultimas-noticias"],"acf":[],"yoast_head":"<!-- This site is optimized with the Yoast SEO Premium plugin v27.2 (Yoast SEO v27.2) - https:\/\/yoast.com\/product\/yoast-seo-premium-wordpress\/ -->\n<title>M\u00fasica no Enem: como \u00e9 cobrado?<\/title>\n<meta name=\"description\" content=\"Entenda de que forma a m\u00fasica no Enem aparece nas quest\u00f5es e como interpretar letras pode ajudar no exame.\" \/>\n<meta name=\"robots\" content=\"index, follow, max-snippet:-1, max-image-preview:large, max-video-preview:-1\" \/>\n<link rel=\"canonical\" href=\"https:\/\/faculdade.grancursosonline.com.br\/blog\/musica-no-enem\/\" \/>\n<meta property=\"og:locale\" content=\"pt_BR\" \/>\n<meta property=\"og:type\" content=\"article\" \/>\n<meta property=\"og:title\" content=\"M\u00fasica no Enem: como \u00e9 cobrado?\" \/>\n<meta property=\"og:description\" content=\"Entenda de que forma a m\u00fasica no Enem aparece nas quest\u00f5es e como interpretar letras pode ajudar no exame.\" \/>\n<meta property=\"og:url\" content=\"https:\/\/faculdade.grancursosonline.com.br\/blog\/musica-no-enem\/\" \/>\n<meta property=\"og:site_name\" content=\"Blog Gran Faculdade\" \/>\n<meta property=\"article:publisher\" content=\"https:\/\/www.facebook.com\/grancursosonline\/\" \/>\n<meta property=\"article:published_time\" content=\"2025-09-19T21:03:11+00:00\" \/>\n<meta property=\"article:modified_time\" content=\"2025-09-19T21:03:16+00:00\" \/>\n<meta property=\"og:image\" content=\"https:\/\/blog-es-static.infra.grancursosonline.com.br\/wp-content\/uploads\/2025\/09\/19180144\/musica-no-enem.webp\" \/>\n\t<meta property=\"og:image:width\" content=\"511\" \/>\n\t<meta property=\"og:image:height\" content=\"311\" \/>\n\t<meta property=\"og:image:type\" content=\"image\/webp\" \/>\n<meta name=\"author\" content=\"Guilherme Henrique\" \/>\n<meta name=\"twitter:card\" content=\"summary_large_image\" \/>\n<meta name=\"twitter:creator\" content=\"@gran_online\" \/>\n<meta name=\"twitter:site\" content=\"@gran_online\" \/>\n<meta name=\"twitter:label1\" content=\"Written by\" \/>\n\t<meta name=\"twitter:data1\" content=\"Guilherme Henrique\" \/>\n\t<meta name=\"twitter:label2\" content=\"Est. reading time\" \/>\n\t<meta name=\"twitter:data2\" content=\"7 minutos\" \/>\n<script type=\"application\/ld+json\" class=\"yoast-schema-graph\">{\"@context\":\"https:\/\/schema.org\",\"@graph\":[{\"@type\":\"NewsArticle\",\"@id\":\"https:\/\/faculdade.grancursosonline.com.br\/blog\/musica-no-enem\/#article\",\"isPartOf\":{\"@id\":\"https:\/\/faculdade.grancursosonline.com.br\/blog\/musica-no-enem\/\"},\"author\":{\"name\":\"Guilherme Henrique\",\"@id\":\"https:\/\/faculdade.grancursosonline.com.br\/blog\/#\/schema\/person\/9745f9b6db8976613c1f439dbcfe717d\"},\"headline\":\"M\u00fasica no Enem: como \u00e9 cobrado?\",\"datePublished\":\"2025-09-19T21:03:11+00:00\",\"dateModified\":\"2025-09-19T21:03:16+00:00\",\"mainEntityOfPage\":{\"@id\":\"https:\/\/faculdade.grancursosonline.com.br\/blog\/musica-no-enem\/\"},\"wordCount\":847,\"commentCount\":0,\"publisher\":{\"@id\":\"https:\/\/faculdade.grancursosonline.com.br\/blog\/#organization\"},\"image\":{\"@id\":\"https:\/\/faculdade.grancursosonline.com.br\/blog\/musica-no-enem\/#primaryimage\"},\"thumbnailUrl\":\"https:\/\/blog-es-static.infra.grancursosonline.com.br\/wp-content\/uploads\/2025\/09\/19180130\/musica-no-enem-2.webp\",\"articleSection\":[\"Gradua\u00e7\u00e3o EAD\",\"Gradua\u00e7\u00e3o Gran Faculdade\",\"\u00daltimas Not\u00edcias\"],\"inLanguage\":\"pt-BR\",\"potentialAction\":[{\"@type\":\"CommentAction\",\"name\":\"Comment\",\"target\":[\"https:\/\/faculdade.grancursosonline.com.br\/blog\/musica-no-enem\/#respond\"]}],\"copyrightYear\":\"2025\",\"copyrightHolder\":{\"@id\":\"https:\/\/faculdade.grancursosonline.com.br\/blog\/#organization\"}},{\"@type\":\"WebPage\",\"@id\":\"https:\/\/faculdade.grancursosonline.com.br\/blog\/musica-no-enem\/\",\"url\":\"https:\/\/faculdade.grancursosonline.com.br\/blog\/musica-no-enem\/\",\"name\":\"M\u00fasica no Enem: como \u00e9 cobrado?\",\"isPartOf\":{\"@id\":\"https:\/\/faculdade.grancursosonline.com.br\/blog\/#website\"},\"primaryImageOfPage\":{\"@id\":\"https:\/\/faculdade.grancursosonline.com.br\/blog\/musica-no-enem\/#primaryimage\"},\"image\":{\"@id\":\"https:\/\/faculdade.grancursosonline.com.br\/blog\/musica-no-enem\/#primaryimage\"},\"thumbnailUrl\":\"https:\/\/blog-es-static.infra.grancursosonline.com.br\/wp-content\/uploads\/2025\/09\/19180130\/musica-no-enem-2.webp\",\"datePublished\":\"2025-09-19T21:03:11+00:00\",\"dateModified\":\"2025-09-19T21:03:16+00:00\",\"description\":\"Entenda de que forma a m\u00fasica no Enem aparece nas quest\u00f5es e como interpretar letras pode ajudar no exame.\",\"breadcrumb\":{\"@id\":\"https:\/\/faculdade.grancursosonline.com.br\/blog\/musica-no-enem\/#breadcrumb\"},\"inLanguage\":\"pt-BR\",\"potentialAction\":[{\"@type\":\"ReadAction\",\"target\":[\"https:\/\/faculdade.grancursosonline.com.br\/blog\/musica-no-enem\/\"]}]},{\"@type\":\"ImageObject\",\"inLanguage\":\"pt-BR\",\"@id\":\"https:\/\/faculdade.grancursosonline.com.br\/blog\/musica-no-enem\/#primaryimage\",\"url\":\"https:\/\/blog-es-static.infra.grancursosonline.com.br\/wp-content\/uploads\/2025\/09\/19180130\/musica-no-enem-2.webp\",\"contentUrl\":\"https:\/\/blog-es-static.infra.grancursosonline.com.br\/wp-content\/uploads\/2025\/09\/19180130\/musica-no-enem-2.webp\",\"width\":1001,\"height\":601,\"caption\":\"M\u00fasica no Enem: como \u00e9 cobrado?\"},{\"@type\":\"BreadcrumbList\",\"@id\":\"https:\/\/faculdade.grancursosonline.com.br\/blog\/musica-no-enem\/#breadcrumb\",\"itemListElement\":[{\"@type\":\"ListItem\",\"position\":1,\"name\":\"In\u00edcio\",\"item\":\"https:\/\/faculdade.grancursosonline.com.br\/blog\/\"},{\"@type\":\"ListItem\",\"position\":2,\"name\":\"Gradua\u00e7\u00e3o Gran Faculdade\",\"item\":\"https:\/\/faculdade.grancursosonline.com.br\/blog\/graduacao\/\"},{\"@type\":\"ListItem\",\"position\":3,\"name\":\"M\u00fasica no Enem: como \u00e9 cobrado?\"}]},{\"@type\":\"WebSite\",\"@id\":\"https:\/\/faculdade.grancursosonline.com.br\/blog\/#website\",\"url\":\"https:\/\/faculdade.grancursosonline.com.br\/blog\/\",\"name\":\"Blog Gran Faculdade\",\"description\":\"Tudo sobre ensino superior, p\u00f3s-gradua\u00e7\u00e3o, enem e carreira.\",\"publisher\":{\"@id\":\"https:\/\/faculdade.grancursosonline.com.br\/blog\/#organization\"},\"potentialAction\":[{\"@type\":\"SearchAction\",\"target\":{\"@type\":\"EntryPoint\",\"urlTemplate\":\"https:\/\/faculdade.grancursosonline.com.br\/blog\/?s={search_term_string}\"},\"query-input\":{\"@type\":\"PropertyValueSpecification\",\"valueRequired\":true,\"valueName\":\"search_term_string\"}}],\"inLanguage\":\"pt-BR\"},{\"@type\":\"Organization\",\"@id\":\"https:\/\/faculdade.grancursosonline.com.br\/blog\/#organization\",\"name\":\"Gran Cursos Online\",\"url\":\"https:\/\/faculdade.grancursosonline.com.br\/blog\/\",\"logo\":{\"@type\":\"ImageObject\",\"inLanguage\":\"pt-BR\",\"@id\":\"https:\/\/faculdade.grancursosonline.com.br\/blog\/#\/schema\/logo\/image\/\",\"url\":\"https:\/\/blog-es-static.infra.grancursosonline.com.br\/wp-content\/uploads\/2019\/08\/03123934\/logo.png\",\"contentUrl\":\"https:\/\/blog-es-static.infra.grancursosonline.com.br\/wp-content\/uploads\/2019\/08\/03123934\/logo.png\",\"width\":300,\"height\":57,\"caption\":\"Gran Cursos Online\"},\"image\":{\"@id\":\"https:\/\/faculdade.grancursosonline.com.br\/blog\/#\/schema\/logo\/image\/\"},\"sameAs\":[\"https:\/\/www.facebook.com\/grancursosonline\/\",\"https:\/\/x.com\/gran_online\",\"https:\/\/www.instagram.com\/grancursosonline\/\",\"https:\/\/www.youtube.com\/user\/grancursostv\"]},{\"@type\":\"Person\",\"@id\":\"https:\/\/faculdade.grancursosonline.com.br\/blog\/#\/schema\/person\/9745f9b6db8976613c1f439dbcfe717d\",\"name\":\"Guilherme Henrique\",\"url\":\"https:\/\/faculdade.grancursosonline.com.br\/blog\/author\/guilherme-lourenco\/\"}]}<\/script>\n<!-- \/ Yoast SEO Premium plugin. -->","yoast_head_json":{"title":"M\u00fasica no Enem: como \u00e9 cobrado?","description":"Entenda de que forma a m\u00fasica no Enem aparece nas quest\u00f5es e como interpretar letras pode ajudar no exame.","robots":{"index":"index","follow":"follow","max-snippet":"max-snippet:-1","max-image-preview":"max-image-preview:large","max-video-preview":"max-video-preview:-1"},"canonical":"https:\/\/faculdade.grancursosonline.com.br\/blog\/musica-no-enem\/","og_locale":"pt_BR","og_type":"article","og_title":"M\u00fasica no Enem: como \u00e9 cobrado?","og_description":"Entenda de que forma a m\u00fasica no Enem aparece nas quest\u00f5es e como interpretar letras pode ajudar no exame.","og_url":"https:\/\/faculdade.grancursosonline.com.br\/blog\/musica-no-enem\/","og_site_name":"Blog Gran Faculdade","article_publisher":"https:\/\/www.facebook.com\/grancursosonline\/","article_published_time":"2025-09-19T21:03:11+00:00","article_modified_time":"2025-09-19T21:03:16+00:00","og_image":[{"width":511,"height":311,"url":"https:\/\/blog-es-static.infra.grancursosonline.com.br\/wp-content\/uploads\/2025\/09\/19180144\/musica-no-enem.webp","type":"image\/webp"}],"author":"Guilherme Henrique","twitter_card":"summary_large_image","twitter_creator":"@gran_online","twitter_site":"@gran_online","twitter_misc":{"Written by":"Guilherme Henrique","Est. reading time":"7 minutos"},"schema":{"@context":"https:\/\/schema.org","@graph":[{"@type":"NewsArticle","@id":"https:\/\/faculdade.grancursosonline.com.br\/blog\/musica-no-enem\/#article","isPartOf":{"@id":"https:\/\/faculdade.grancursosonline.com.br\/blog\/musica-no-enem\/"},"author":{"name":"Guilherme Henrique","@id":"https:\/\/faculdade.grancursosonline.com.br\/blog\/#\/schema\/person\/9745f9b6db8976613c1f439dbcfe717d"},"headline":"M\u00fasica no Enem: como \u00e9 cobrado?","datePublished":"2025-09-19T21:03:11+00:00","dateModified":"2025-09-19T21:03:16+00:00","mainEntityOfPage":{"@id":"https:\/\/faculdade.grancursosonline.com.br\/blog\/musica-no-enem\/"},"wordCount":847,"commentCount":0,"publisher":{"@id":"https:\/\/faculdade.grancursosonline.com.br\/blog\/#organization"},"image":{"@id":"https:\/\/faculdade.grancursosonline.com.br\/blog\/musica-no-enem\/#primaryimage"},"thumbnailUrl":"https:\/\/blog-es-static.infra.grancursosonline.com.br\/wp-content\/uploads\/2025\/09\/19180130\/musica-no-enem-2.webp","articleSection":["Gradua\u00e7\u00e3o EAD","Gradua\u00e7\u00e3o Gran Faculdade","\u00daltimas Not\u00edcias"],"inLanguage":"pt-BR","potentialAction":[{"@type":"CommentAction","name":"Comment","target":["https:\/\/faculdade.grancursosonline.com.br\/blog\/musica-no-enem\/#respond"]}],"copyrightYear":"2025","copyrightHolder":{"@id":"https:\/\/faculdade.grancursosonline.com.br\/blog\/#organization"}},{"@type":"WebPage","@id":"https:\/\/faculdade.grancursosonline.com.br\/blog\/musica-no-enem\/","url":"https:\/\/faculdade.grancursosonline.com.br\/blog\/musica-no-enem\/","name":"M\u00fasica no Enem: como \u00e9 cobrado?","isPartOf":{"@id":"https:\/\/faculdade.grancursosonline.com.br\/blog\/#website"},"primaryImageOfPage":{"@id":"https:\/\/faculdade.grancursosonline.com.br\/blog\/musica-no-enem\/#primaryimage"},"image":{"@id":"https:\/\/faculdade.grancursosonline.com.br\/blog\/musica-no-enem\/#primaryimage"},"thumbnailUrl":"https:\/\/blog-es-static.infra.grancursosonline.com.br\/wp-content\/uploads\/2025\/09\/19180130\/musica-no-enem-2.webp","datePublished":"2025-09-19T21:03:11+00:00","dateModified":"2025-09-19T21:03:16+00:00","description":"Entenda de que forma a m\u00fasica no Enem aparece nas quest\u00f5es e como interpretar letras pode ajudar no exame.","breadcrumb":{"@id":"https:\/\/faculdade.grancursosonline.com.br\/blog\/musica-no-enem\/#breadcrumb"},"inLanguage":"pt-BR","potentialAction":[{"@type":"ReadAction","target":["https:\/\/faculdade.grancursosonline.com.br\/blog\/musica-no-enem\/"]}]},{"@type":"ImageObject","inLanguage":"pt-BR","@id":"https:\/\/faculdade.grancursosonline.com.br\/blog\/musica-no-enem\/#primaryimage","url":"https:\/\/blog-es-static.infra.grancursosonline.com.br\/wp-content\/uploads\/2025\/09\/19180130\/musica-no-enem-2.webp","contentUrl":"https:\/\/blog-es-static.infra.grancursosonline.com.br\/wp-content\/uploads\/2025\/09\/19180130\/musica-no-enem-2.webp","width":1001,"height":601,"caption":"M\u00fasica no Enem: como \u00e9 cobrado?"},{"@type":"BreadcrumbList","@id":"https:\/\/faculdade.grancursosonline.com.br\/blog\/musica-no-enem\/#breadcrumb","itemListElement":[{"@type":"ListItem","position":1,"name":"In\u00edcio","item":"https:\/\/faculdade.grancursosonline.com.br\/blog\/"},{"@type":"ListItem","position":2,"name":"Gradua\u00e7\u00e3o Gran Faculdade","item":"https:\/\/faculdade.grancursosonline.com.br\/blog\/graduacao\/"},{"@type":"ListItem","position":3,"name":"M\u00fasica no Enem: como \u00e9 cobrado?"}]},{"@type":"WebSite","@id":"https:\/\/faculdade.grancursosonline.com.br\/blog\/#website","url":"https:\/\/faculdade.grancursosonline.com.br\/blog\/","name":"Blog Gran Faculdade","description":"Tudo sobre ensino superior, p\u00f3s-gradua\u00e7\u00e3o, enem e carreira.","publisher":{"@id":"https:\/\/faculdade.grancursosonline.com.br\/blog\/#organization"},"potentialAction":[{"@type":"SearchAction","target":{"@type":"EntryPoint","urlTemplate":"https:\/\/faculdade.grancursosonline.com.br\/blog\/?s={search_term_string}"},"query-input":{"@type":"PropertyValueSpecification","valueRequired":true,"valueName":"search_term_string"}}],"inLanguage":"pt-BR"},{"@type":"Organization","@id":"https:\/\/faculdade.grancursosonline.com.br\/blog\/#organization","name":"Gran Cursos Online","url":"https:\/\/faculdade.grancursosonline.com.br\/blog\/","logo":{"@type":"ImageObject","inLanguage":"pt-BR","@id":"https:\/\/faculdade.grancursosonline.com.br\/blog\/#\/schema\/logo\/image\/","url":"https:\/\/blog-es-static.infra.grancursosonline.com.br\/wp-content\/uploads\/2019\/08\/03123934\/logo.png","contentUrl":"https:\/\/blog-es-static.infra.grancursosonline.com.br\/wp-content\/uploads\/2019\/08\/03123934\/logo.png","width":300,"height":57,"caption":"Gran Cursos Online"},"image":{"@id":"https:\/\/faculdade.grancursosonline.com.br\/blog\/#\/schema\/logo\/image\/"},"sameAs":["https:\/\/www.facebook.com\/grancursosonline\/","https:\/\/x.com\/gran_online","https:\/\/www.instagram.com\/grancursosonline\/","https:\/\/www.youtube.com\/user\/grancursostv"]},{"@type":"Person","@id":"https:\/\/faculdade.grancursosonline.com.br\/blog\/#\/schema\/person\/9745f9b6db8976613c1f439dbcfe717d","name":"Guilherme Henrique","url":"https:\/\/faculdade.grancursosonline.com.br\/blog\/author\/guilherme-lourenco\/"}]}},"_links":{"self":[{"href":"https:\/\/faculdade.grancursosonline.com.br\/blog\/wp-json\/wp\/v2\/posts\/79758031","targetHints":{"allow":["GET"]}}],"collection":[{"href":"https:\/\/faculdade.grancursosonline.com.br\/blog\/wp-json\/wp\/v2\/posts"}],"about":[{"href":"https:\/\/faculdade.grancursosonline.com.br\/blog\/wp-json\/wp\/v2\/types\/post"}],"author":[{"embeddable":true,"href":"https:\/\/faculdade.grancursosonline.com.br\/blog\/wp-json\/wp\/v2\/users\/514"}],"replies":[{"embeddable":true,"href":"https:\/\/faculdade.grancursosonline.com.br\/blog\/wp-json\/wp\/v2\/comments?post=79758031"}],"version-history":[{"count":1,"href":"https:\/\/faculdade.grancursosonline.com.br\/blog\/wp-json\/wp\/v2\/posts\/79758031\/revisions"}],"predecessor-version":[{"id":79758034,"href":"https:\/\/faculdade.grancursosonline.com.br\/blog\/wp-json\/wp\/v2\/posts\/79758031\/revisions\/79758034"}],"wp:featuredmedia":[{"embeddable":true,"href":"https:\/\/faculdade.grancursosonline.com.br\/blog\/wp-json\/wp\/v2\/media\/79758032"}],"wp:attachment":[{"href":"https:\/\/faculdade.grancursosonline.com.br\/blog\/wp-json\/wp\/v2\/media?parent=79758031"}],"wp:term":[{"taxonomy":"category","embeddable":true,"href":"https:\/\/faculdade.grancursosonline.com.br\/blog\/wp-json\/wp\/v2\/categories?post=79758031"},{"taxonomy":"post_tag","embeddable":true,"href":"https:\/\/faculdade.grancursosonline.com.br\/blog\/wp-json\/wp\/v2\/tags?post=79758031"}],"curies":[{"name":"wp","href":"https:\/\/api.w.org\/{rel}","templated":true}]}}