{"id":79758069,"date":"2025-09-23T16:43:57","date_gmt":"2025-09-23T19:43:57","guid":{"rendered":"https:\/\/faculdade.grancursosonline.com.br\/blog\/?p=79758069"},"modified":"2025-10-03T16:47:12","modified_gmt":"2025-10-03T19:47:12","slug":"estagio-e-residencia-juridica-tre-maranhao","status":"publish","type":"post","link":"https:\/\/faculdade.grancursosonline.com.br\/blog\/estagio-e-residencia-juridica-tre-maranhao\/","title":{"rendered":"Est\u00e1gio e Resid\u00eancia Jur\u00eddica TRE Maranh\u00e3o: confira!"},"content":{"rendered":"\n<p>Uma experi\u00eancia de est\u00e1gio ou resid\u00eancia em um \u00f3rg\u00e3o p\u00fablico do calibre do Tribunal Regional Eleitoral do Maranh\u00e3o (TRE-MA) \u00e9 uma oportunidade valiosa para iniciar ou impulsionar uma carreira s\u00f3lida. Al\u00e9m de aplicar conhecimentos te\u00f3ricos na pr\u00e1tica, voc\u00ea vivencia o funcionamento de uma institui\u00e7\u00e3o essencial para a democracia brasileira, agregando um diferencial competitivo ao seu curr\u00edculo.<\/p>\n\n\n\n<div class=\"wp-block-columns is-layout-flex wp-container-core-columns-is-layout-9d6595d7 wp-block-columns-is-layout-flex\">\n<div class=\"wp-block-column is-layout-flow wp-block-column-is-layout-flow\" style=\"flex-basis:100%\"><div class=\"wp-block-image\">\n<figure class=\"aligncenter size-full\"><a href=\"https:\/\/whatsapp.com\/channel\/0029VaG1sChI7Be7PNndhL43\" target=\"_blank\" rel=\"noopener\"><img decoding=\"async\" src=\"https:\/\/blog-es-static.infra.grancursosonline.com.br\/wp-content\/uploads\/2025\/09\/09112354\/banner-wp-600x142-80.webp\" alt=\"Acesse o canal do WhatsApp da Gran Faculdade\" class=\"wp-image-79751904\"\/><\/a><\/figure>\n<\/div><\/div>\n<\/div>\n\n\n\n<p>Acompanhe o artigo para saber mais ou navegue pelo \u00edndice:<\/p>\n\n\n\n<ul class=\"wp-block-list\">\n<li><a href=\"#conceito\">O que \u00e9 o TRE MA?<\/a><\/li>\n\n\n\n<li><a href=\"#remuneracao\">Remunera\u00e7\u00e3o e Rotina<\/a><\/li>\n\n\n\n<li><a href=\"#estagio\">Como funciona o est\u00e1gio TRE MA?<\/a><\/li>\n\n\n\n<li><a href=\"#requisitos\">Quem pode se candidatar?<\/a><\/li>\n\n\n\n<li><a href=\"#processo-seletivo\">Como \u00e9 o processo seletivo do TRE MA?<\/a><\/li>\n\n\n\n<li><a href=\"#areas\">\u00c1reas e cursos contemplados<\/a><\/li>\n\n\n\n<li><a href=\"#pontuacao\">Pontua\u00e7\u00e3o Extra e Cotas<\/a><\/li>\n\n\n\n<li><a href=\"#cronograma\">Cronograma Est\u00e1gio TRE MA<\/a><\/li>\n<\/ul>\n\n\n\n<h2 class=\"wp-block-heading\" id=\"conceito\">O que \u00e9 o TRE MA?<\/h2>\n\n\n\n<p>Um TRE, ou Tribunal Regional Eleitoral, de forma geral \u00e9 um dos \u00f3rg\u00e3os que comp\u00f5em a Justi\u00e7a Eleitoral no Brasil, atuando no \u00e2mbito de cada estado e do Distrito Federal. Ao todo, existem 27 Tribunais Regionais Eleitorais no pa\u00eds.<\/p>\n\n\n\n<p>A principal fun\u00e7\u00e3o de um TRE \u00e9 a organiza\u00e7\u00e3o das elei\u00e7\u00f5es em n\u00edvel estadual ou distrital. Suas atribui\u00e7\u00f5es s\u00e3o diversas e abrangem \u00e1reas administrativas, judiciais e de engajamento c\u00edvico. As responsabilidades de um TRE incluem:<\/p>\n\n\n\n<ul class=\"wp-block-list\">\n<li>Organiza\u00e7\u00e3o e Execu\u00e7\u00e3o das Elei\u00e7\u00f5es;<\/li>\n\n\n\n<li>Administrar o cadastro de eleitores em n\u00edvel estadual;<\/li>\n\n\n\n<li>Organizar a distribui\u00e7\u00e3o de urnas eletr\u00f4nicas e a convoca\u00e7\u00e3o de mes\u00e1rios;<\/li>\n\n\n\n<li>Processar e julgar o registro (e o cancelamento de registro) de diret\u00f3rios estaduais e municipais de partidos pol\u00edticos;<\/li>\n\n\n\n<li>Julgar os registros de candidaturas a cargos como governador, vice-governador, membros do Congresso Nacional e das assembleias legislativas;<\/li>\n\n\n\n<li>Cumprir e fazer cumprir as decis\u00f5es e instru\u00e7\u00f5es do TSE, e afins.<\/li>\n<\/ul>\n\n\n\n<h2 class=\"wp-block-heading\" id=\"remuneracao\">Remunera\u00e7\u00e3o e Rotina<\/h2>\n\n\n\n<p>Conhecer os benef\u00edcios e a dedica\u00e7\u00e3o exigida \u00e9 fundamental para o seu planejamento. Veja os detalhes sobre remunera\u00e7\u00e3o e jornada de trabalho:<\/p>\n\n\n\n<ul class=\"wp-block-list\">\n<li><strong>Bolsa para Gradua\u00e7\u00e3o<\/strong>: o valor mensal \u00e9 equivalente a 1 sal\u00e1rio m\u00ednimo vigente, acrescido de aux\u00edlio-transporte.<\/li>\n\n\n\n<li><strong>Carga Hor\u00e1ria (Gradua\u00e7\u00e3o):<\/strong> 20 horas semanais, distribu\u00eddas em jornadas de 4 horas di\u00e1rias.<\/li>\n\n\n\n<li><strong>Bolsa para P\u00f3s-Gradua\u00e7\u00e3o e Resid\u00eancia Jur\u00eddica:<\/strong> o valor mensal \u00e9 equivalente a 1,5 sal\u00e1rios m\u00ednimos vigentes, acrescido de aux\u00edlio-transporte.<\/li>\n\n\n\n<li><strong>Carga Hor\u00e1ria (P\u00f3s-Gradua\u00e7\u00e3o e Resid\u00eancia Jur\u00eddica)<\/strong>: 30 horas semanais, distribu\u00eddas em jornadas de 6 horas di\u00e1rias.<\/li>\n<\/ul>\n\n\n\n<h2 class=\"wp-block-heading\" id=\"estagio\">Como funciona o est\u00e1gio TRE MA?<\/h2>\n\n\n\n<p>Entender as etapas do processo seletivo \u00e9 o primeiro passo para uma candidatura bem-sucedida. Abaixo, detalhamos o fluxo completo, da inscri\u00e7\u00e3o inicial at\u00e9 a aguardada convoca\u00e7\u00e3o.<\/p>\n\n\n\n<h3 class=\"wp-block-heading\" id=\"h-inscricao-online\">Inscri\u00e7\u00e3o Online<\/h3>\n\n\n\n<p>As inscri\u00e7\u00f5es s\u00e3o gratuitas e devem ser feitas exclusivamente pelo portal da Super Est\u00e1gios. Fique atento ao per\u00edodo: de 15\/09\/2025 a 01\/10\/2025 (at\u00e9 \u00e0s 18h). O site para se inscrever \u00e9 o www.superestagios.com.br.<\/p>\n\n\n\n<h3 class=\"wp-block-heading\" id=\"h-prova-objetiva-online\">Prova Objetiva Online<\/h3>\n\n\n\n<p>A prova ser\u00e1 realizada de forma online, com dura\u00e7\u00e3o m\u00e1xima de 1 hora. Os candidatos poder\u00e3o realiz\u00e1-la nos dias 02 e 03 de outubro de 2025, entre 10h e 17h. A estrutura da prova varia conforme o n\u00edvel:<\/p>\n\n\n\n<ul class=\"wp-block-list\">\n<li><strong>Gradua\u00e7\u00e3o<\/strong>: 30 quest\u00f5es (15 de L\u00edngua Portuguesa e 15 de Conhecimentos Gerais).<\/li>\n\n\n\n<li><strong>P\u00f3s-Gradua\u00e7\u00e3o<\/strong>: 30 quest\u00f5es (10 de L\u00edngua Portuguesa e 20 de Conhecimentos Gerais).<\/li>\n\n\n\n<li><strong>Residente Jur\u00eddico<\/strong>: 30 quest\u00f5es (10 de L\u00edngua Portuguesa, 10 de Conhecimentos Gerais e 10 de Direito).<\/li>\n<\/ul>\n\n\n\n<h3 class=\"wp-block-heading\" id=\"h-classificacao-e-criterios\">Classifica\u00e7\u00e3o e Crit\u00e9rios<\/h3>\n\n\n\n<p>Para ser considerado habilitado, o candidato deve acertar, no m\u00ednimo, 50% das quest\u00f5es da prova. Para os n\u00edveis de p\u00f3s-gradua\u00e7\u00e3o e resid\u00eancia jur\u00eddica, h\u00e1 uma fase adicional de pontua\u00e7\u00e3o por an\u00e1lise de t\u00edtulos, que pode aumentar a nota final. Em caso de empate, os crit\u00e9rios de desempate incluem horas em cursos e eventos, maior nota em L\u00edngua Portuguesa e, por \u00faltimo, maior idade.<\/p>\n\n\n\n<h3 class=\"wp-block-heading\" id=\"h-entrevistas-opcional\">Entrevistas (Opcional)<\/h3>\n\n\n\n<p>O TRE-MA pode optar por realizar entrevistas ou testes pr\u00e1ticos como um crit\u00e9rio adicional de sele\u00e7\u00e3o. A boa not\u00edcia \u00e9 que a n\u00e3o aprova\u00e7\u00e3o nesta etapa n\u00e3o elimina o candidato do processo; ele apenas retorna para a lista geral de classificados para aguardar uma nova oportunidade. Isso significa que uma entrevista que n\u00e3o se encaixe com uma vaga espec\u00edfica n\u00e3o prejudica sua chance geral.<\/p>\n\n\n\n<h3 class=\"wp-block-heading\" id=\"h-convocacao\">Convoca\u00e7\u00e3o<\/h3>\n\n\n\n<p>Uma vez aprovado, voc\u00ea far\u00e1 parte de um cadastro de reserva. Ser aprovado para o cadastro significa que voc\u00ea est\u00e1 em uma lista de espera qualificada, e a convoca\u00e7\u00e3o pode acontecer a qualquer momento durante a validade do processo. Por isso, \u00e9 fundamental manter seus dados de contato (e-mail e telefone) sempre atualizados no portal de inscri\u00e7\u00e3o para n\u00e3o perder a chamada.<\/p>\n\n\n\n<h2 class=\"wp-block-heading\" id=\"requisitos\">Quem pode se candidatar? <\/h2>\n\n\n\n<p>Antes de se inscrever, \u00e9 crucial verificar se voc\u00ea atende a todos os pr\u00e9-requisitos. A falta de um desses crit\u00e9rios pode levar \u00e0 desclassifica\u00e7\u00e3o.<\/p>\n\n\n\n<ul class=\"wp-block-list\">\n<li><strong>Coeficiente de Rendimento<\/strong>: \u00e9 exigido um coeficiente de rendimento (ou nota m\u00e9dia global) igual ou superior a 7,0 (sete) para todos os n\u00edveis;<\/li>\n\n\n\n<li><strong>Per\u00edodo M\u00ednimo (Gradua\u00e7\u00e3o)<\/strong>: \u00e9 preciso estar cursando a partir do 5\u00ba per\u00edodo. A exce\u00e7\u00e3o \u00e9 para os cursos de Gest\u00e3o Hospitalar e Marketing, que aceitam alunos a partir do 2\u00ba per\u00edodo;<\/li>\n\n\n\n<li><strong>Tempo de Formatura (P\u00f3s-Gradua\u00e7\u00e3o):<\/strong> candidatos \u00e0 p\u00f3s-gradua\u00e7\u00e3o ou resid\u00eancia devem ter se formado h\u00e1, no m\u00e1ximo, 5 anos;<\/li>\n\n\n\n<li><strong>Disponibilidade<\/strong>: \u00e9 necess\u00e1rio ter disponibilidade para estagiar por, no m\u00ednimo, 6 meses;<\/li>\n\n\n\n<li><strong>Filia\u00e7\u00e3o Partid\u00e1ria:<\/strong> o candidato n\u00e3o pode pertencer a diret\u00f3rios de partidos pol\u00edticos nem exercer atividades partid\u00e1rias.<\/li>\n<\/ul>\n\n\n\n<h2 class=\"wp-block-heading\" id=\"areas\">\u00c1reas e cursos contemplados<\/h2>\n\n\n\n<p>O TRE-MA busca talentos em diversas \u00e1reas do conhecimento, oferecendo oportunidades para estudantes de gradua\u00e7\u00e3o e p\u00f3s-gradua\u00e7\u00e3o. Confira se o seu curso est\u00e1 na lista.<\/p>\n\n\n\n<h3 class=\"wp-block-heading\" id=\"h-cursos-de-graduacao-aceitos\">Cursos de Gradua\u00e7\u00e3o Aceitos:<\/h3>\n\n\n\n<ul class=\"wp-block-list\">\n<li>ADMINISTRA\u00c7\u00c3O<\/li>\n\n\n\n<li>ARQUITETURA E URBANISMO<\/li>\n\n\n\n<li>BIBLIOTECONOMIA<\/li>\n\n\n\n<li>CI\u00caNCIAS CONT\u00c1BEIS<\/li>\n\n\n\n<li>CINEMA E AUDIOVISUAL<\/li>\n\n\n\n<li>DESIGN<\/li>\n\n\n\n<li>DIREITO<\/li>\n\n\n\n<li>ENGENHARIA AMBIENTAL<\/li>\n\n\n\n<li>ENGENHARIA CIVIL<\/li>\n\n\n\n<li>ENGENHARIA DE PRODU\u00c7\u00c3O<\/li>\n\n\n\n<li>ENGENHARIA EL\u00c9TRICA<\/li>\n\n\n\n<li>GEST\u00c3O HOSPITALAR<\/li>\n\n\n\n<li>INFORM\u00c1TICA (CURSOS DE N\u00cdVEL SUPERIOR NA \u00c1REA DE TI)<\/li>\n\n\n\n<li>JORNALISMO<\/li>\n\n\n\n<li>MARKETING<\/li>\n\n\n\n<li>PEDAGOGIA<\/li>\n\n\n\n<li>PSICOLOGIA<\/li>\n\n\n\n<li>PUBLICIDADE E PROPAGANDA<\/li>\n\n\n\n<li>R\u00c1DIO E TV<\/li>\n<\/ul>\n\n\n\n<h3 class=\"wp-block-heading\" id=\"h-cursos-de-pos-graduacao-aceitos\">Cursos de P\u00f3s-Gradua\u00e7\u00e3o Aceitos<\/h3>\n\n\n\n<ul class=\"wp-block-list\">\n<li>ADMINISTRA\u00c7\u00c3O<\/li>\n\n\n\n<li>ARQUITETURA<\/li>\n\n\n\n<li>ARQUIVISTA<\/li>\n\n\n\n<li>CI\u00caNCIAS CONT\u00c1BEIS<\/li>\n\n\n\n<li>COMUNICA\u00c7\u00c3O SOCIAL<\/li>\n\n\n\n<li>DIREITO (RESIDENTE JUR\u00cdDICO)<\/li>\n\n\n\n<li>ENFERMAGEM<\/li>\n\n\n\n<li>ENGENHARIA AMBIENTAL OU GEST\u00c3O AMBIENTAL OU AFINS<\/li>\n\n\n\n<li>ENGENHARIA CIVIL<\/li>\n\n\n\n<li>ENGENHARIA EL\u00c9TRICA<\/li>\n\n\n\n<li>ENGENHARIA MEC\u00c2NICA<\/li>\n\n\n\n<li>INFORM\u00c1TICA<\/li>\n\n\n\n<li>ODONTOLOGIA<\/li>\n<\/ul>\n\n\n\n<h2 class=\"wp-block-heading\" id=\"pontuacao\">Pontua\u00e7\u00e3o Extra e Cotas<\/h2>\n\n\n\n<p>O processo seletivo valoriza experi\u00eancias pr\u00e9vias e adota pol\u00edticas de inclus\u00e3o que podem ser decisivas para a sua aprova\u00e7\u00e3o. Candidatos de p\u00f3s-gradua\u00e7\u00e3o e resid\u00eancia jur\u00eddica podem somar pontos \u00e0 nota da prova objetiva com base em t\u00edtulos e experi\u00eancias anteriores. Veja as pontua\u00e7\u00f5es:<\/p>\n\n\n\n<ul class=\"wp-block-list\">\n<li><strong>Volunt\u00e1rio na Justi\u00e7a Eleitoral: <\/strong>3 pontos.<\/li>\n\n\n\n<li><strong>Est\u00e1gio em \u00d3rg\u00e3o P\u00fablico (Municipal, Estadual ou Federal):<\/strong> 2 pontos.<\/li>\n\n\n\n<li><strong>Trabalho como Mes\u00e1rio (Elei\u00e7\u00f5es de 2022 e\/ou 2024): <\/strong>1 ponto para cada ano de atua\u00e7\u00e3o.<\/li>\n<\/ul>\n\n\n\n<p>Al\u00e9m disso, o TRE-MA reserva um percentual de vagas para promover a diversidade e valorizar o servi\u00e7o c\u00edvico, distribu\u00eddas da seguinte forma:<\/p>\n\n\n\n<ul class=\"wp-block-list\">\n<li>30% das vagas para candidatos autodeclarados pretos ou pardos (cotas raciais).<\/li>\n\n\n\n<li>20% das vagas para mes\u00e1rios volunt\u00e1rios que trabalharam nas Elei\u00e7\u00f5es de 2024.<\/li>\n\n\n\n<li>10% das vagas para Pessoas com Defici\u00eancia (PCD) e Pessoas Neurodivergentes (PND).<\/li>\n<\/ul>\n\n\n\n<h2 class=\"wp-block-heading\" id=\"cronograma\">Cronograma Est\u00e1gio TRE MA<\/h2>\n\n\n\n<p>N\u00e3o perca nenhum prazo! Organize-se com as datas mais importantes deste processo seletivo. Veja:<\/p>\n\n\n\n<figure class=\"wp-block-table\"><div class=\"container-tabela\"><table class=\"has-fixed-layout\"><tbody><tr><td>Evento<\/td><td>Data<\/td><\/tr><tr><td>Per\u00edodo de Inscri\u00e7\u00f5es<\/td><td>15\/09\/2025 a 01\/10\/2025<\/td><\/tr><tr><td>Aplica\u00e7\u00e3o da Prova Online<\/td><td>02\/10\/2025 e 03\/10\/2025<\/td><\/tr><tr><td>Divulga\u00e7\u00e3o dos Gabaritos Preliminares<\/td><td>06\/10\/2025<\/td><\/tr><tr><td>Resultado Final (Gradua\u00e7\u00e3o)<\/td><td>14\/10\/2025<\/td><\/tr><tr><td>Resultado Final (P\u00f3s-gradua\u00e7\u00e3o e Residentes)<\/td><td>21\/10\/2025<\/td><\/tr><\/tbody><\/table><\/div><\/figure>\n\n\n\n<p>A oportunidade de estagiar ou participar de um programa de resid\u00eancia no TRE-MA \u00e9 um passo significativo para quem busca uma carreira de impacto no setor p\u00fablico. O processo seletivo \u00e9 estruturado, competitivo e valoriza tanto o conhecimento t\u00e9cnico quanto experi\u00eancias c\u00edvicas e a diversidade.<\/p>\n\n\n\n<h2 class=\"wp-block-heading\" id=\"conheca\">Conhe\u00e7a os cursos de p\u00f3s-gradua\u00e7\u00e3o do Gran!<\/h2>\n\n\n\n<p>Aqui na <a href=\"https:\/\/faculdade.grancursosonline.com.br\/\" target=\"_blank\" rel=\"noreferrer noopener\">Gran Faculdade<\/a>, os <a href=\"https:\/\/pos.grancursosonline.com.br\/nossos-cursos\" target=\"_blank\" rel=\"noreferrer noopener\">cursos de p\u00f3s-gradua\u00e7\u00e3o EAD<\/a> s\u00e3o especializa\u00e7\u00f5es 100% online que otimizam tamb\u00e9m seus estudos para concursos e podem ser conclu\u00eddos entre 6 e 18 meses.<\/p>\n\n\n\n<p>S\u00e3o mais de 80 op\u00e7\u00f5es de cursos de especializa\u00e7\u00e3o EAD para as \u00e1reas de Gest\u00e3o, Educa\u00e7\u00e3o, Direito, Policial, Tecnologia e Engenharia. Dessa forma, voc\u00ea estuda em uma institui\u00e7\u00e3o reconhecida com nota m\u00e1xima pelo MEC, com mensalidades que cabem no seu bolso, de acordo com seu tempo e rotina!<\/p>\n\n\n\n<p>Confira nossos cursos, fa\u00e7a sua matr\u00edcula e comece hoje mesmo seu curso de <a href=\"https:\/\/blog.grancursosonline.com.br\/pos-ead-como-tirar-duvidas\/\" target=\"_blank\" rel=\"noreferrer noopener\">p\u00f3s EAD<\/a> da Gran Faculdade. Clique na sua \u00e1rea de interesse e encontre a p\u00f3s-gradua\u00e7\u00e3o que voc\u00ea deseja fazer com o Gran:<\/p>\n\n\n\n<ul class=\"wp-block-list\">\n<li><a href=\"https:\/\/pos.grancursosonline.com.br\/nossos-cursos?category=educacao\" target=\"_blank\" rel=\"noreferrer noopener\">Educa\u00e7\u00e3o<\/a><\/li>\n\n\n\n<li><a href=\"https:\/\/pos.grancursosonline.com.br\/nossos-cursos?category=administracao\" target=\"_blank\" rel=\"noreferrer noopener\">Gest\u00e3o<\/a><\/li>\n\n\n\n<li><a href=\"https:\/\/pos.grancursosonline.com.br\/nossos-cursos?category=tecnologia-da-informacao\" target=\"_blank\" rel=\"noreferrer noopener\">Tecnologia<\/a><\/li>\n\n\n\n<li><a href=\"https:\/\/pos.grancursosonline.com.br\/nossos-cursos?category=policial\" target=\"_blank\" rel=\"noreferrer noopener\">Policial<\/a><\/li>\n\n\n\n<li><a href=\"https:\/\/pos.grancursosonline.com.br\/nossos-cursos?category=saude\" target=\"_blank\" rel=\"noreferrer noopener\">Sa\u00fade<\/a><\/li>\n\n\n\n<li><a href=\"https:\/\/pos.grancursosonline.com.br\/nossos-cursos?category=engenharia\" target=\"_blank\" rel=\"noreferrer noopener\">Engenharia<\/a><\/li>\n\n\n\n<li><a href=\"https:\/\/pos.grancursosonline.com.br\/nossos-cursos?category=controle&amp;category=economia&amp;category=fiscal\" target=\"_blank\" rel=\"noreferrer noopener\">Finan\u00e7as<\/a> (Controle e Contabilidade, Economia e Fiscal)<\/li>\n\n\n\n<li><a href=\"https:\/\/pos.grancursosonline.com.br\/nossos-cursos?category=advocacia&amp;category=direito&amp;category=magistratura\" target=\"_blank\" rel=\"noreferrer noopener\">Jur\u00eddicas<\/a> (Direito, Advocacia e Magistratura)<\/li>\n<\/ul>\n\n\n\n<h2 class=\"wp-block-heading\" id=\"h-vem-pra-gran-faculdade\">Vem pra Gran Faculdade!<\/h2>\n\n\n\n<p>A Gran Faculdade vem mudando a vida de milhares de pessoas por meio de cursos \u00e0 dist\u00e2ncia de <a href=\"https:\/\/faculdade.grancursosonline.com.br\/\" target=\"_blank\" rel=\"noreferrer noopener\">gradua\u00e7\u00e3o<\/a>, <a href=\"https:\/\/pos.grancursosonline.com.br\/\" target=\"_blank\" rel=\"noreferrer noopener\">p\u00f3s-gradua\u00e7\u00e3o<\/a> e <a href=\"https:\/\/pos.grancursosonline.com.br\/mba\" target=\"_blank\" rel=\"noreferrer noopener\">MBA<\/a>. Seja no digital ou em nosso <a href=\"https:\/\/presencial.grancursosonline.com.br\/\" target=\"_blank\" rel=\"noreferrer noopener\">Campus Presencial em Curitiba<\/a>, a nossa miss\u00e3o \u00e9 transformar a educa\u00e7\u00e3o superior.<\/p>\n\n\n\n<p>Como parte de Sistema Gran de Ensino, que \u00e9 reconhecido como marca aprovadora h\u00e1 mais de 10 anos, constru\u00edmos uma renomada reputa\u00e7\u00e3o na \u00e1rea de educa\u00e7\u00e3o.<\/p>\n\n\n\n<p>Veja algumas de nossas conquistas:<\/p>\n\n\n\n<ul class=\"wp-block-list\">\n<li>Reconhecido pela Amazon como um dos projetos mais relevantes do mundo na \u00e1rea de Tecnologia e Educa\u00e7\u00e3o;<\/li>\n\n\n\n<li>Foi eleito pelo Project Management Institute (PMI), um dos 50 Projetos Mais Influentes do mundo;<\/li>\n\n\n\n<li>Somos o site de educa\u00e7\u00e3o mais acessado do Brasil;<\/li>\n\n\n\n<li>Somos avaliados com a nota m\u00e1xima pelo MEC;<\/li>\n\n\n\n<li>Aqui o semestre come\u00e7a quando quiser: entrada imediata e cont\u00ednua!<\/li>\n\n\n\n<li>Melhores pre\u00e7os do mercado;<\/li>\n\n\n\n<li>Mais de 500 mil alunos pagantes e mais de 1000 funcion\u00e1rios;<\/li>\n\n\n\n<li>Diversas ferramentas de estudo: PDFs, audiobooks, mapas mentais, videoaulas, quest\u00f5es, gerenciador de estudos e muito mais!<\/li>\n\n\n\n<li>Professores experientes e capacitados;<\/li>\n\n\n\n<li>Acesso imediato e 100% online.<\/li>\n<\/ul>\n\n\n\n<p class=\"has-text-align-center has-text-align-center\"><strong><a href=\"https:\/\/faculdade.grancursosonline.com.br\/\" target=\"_blank\" rel=\"noreferrer noopener\">Quero ser aluno da Gran Faculdade!<\/a><\/strong><\/p>\n\n\n\n<div class=\"wp-block-group has-background\" style=\"background-color:#8dd2fc7a\"><div class=\"wp-block-group__inner-container is-layout-constrained wp-block-group-is-layout-constrained\">\n<p><strong>Outras not\u00edcias em destaque:<\/strong><\/p>\n\n\n\n<ul class=\"wp-block-list\">\n<li><a href=\"https:\/\/faculdade.grancursosonline.com.br\/blog\/termo-de-estagio-na-pos-graduacao\/\" target=\"_blank\" rel=\"noreferrer noopener\">Termo de est\u00e1gio na p\u00f3s-gradua\u00e7\u00e3o: o que \u00e9 e como conseguir?<\/a><\/li>\n\n\n\n<li><a href=\"https:\/\/faculdade.grancursosonline.com.br\/blog\/lei-do-estagio-pos-graduacao\/\" target=\"_blank\" rel=\"noreferrer noopener\">Lei do Est\u00e1gio: saiba como influencia estudantes da p\u00f3s!<\/a><\/li>\n\n\n\n<li><a href=\"https:\/\/faculdade.grancursosonline.com.br\/blog\/estagio-e-tcc\/\" target=\"_blank\" rel=\"noreferrer noopener\">Est\u00e1gio e TCC: como conciliar? Dicas pr\u00e1ticas para estudos!<\/a><\/li>\n<\/ul>\n<\/div><\/div>\n\n\n\n<div class=\"wp-block-group\"><div class=\"wp-block-group__inner-container is-layout-constrained wp-block-group-is-layout-constrained\">\n<div class=\"wp-block-group\"><div class=\"wp-block-group__inner-container is-layout-constrained wp-block-group-is-layout-constrained\">\n<section style=\"text-align: center;\">\n<p>Quer ficar por dentro da Faculdade Digital mais inovadora do Brasil?<\/p>\n<nav>\n<p class=\"has-background has-dark-bluish-background-color\" style=\"font-size: 25px; text-align: center; background: #f0f0f0; color: #ffffff; padding: 4px 0px 4xp 0px;\"><a style=\"color: #0d134c; text-decoration: underline;\" href=\"https:\/\/faculdade.grancursosonline.com.br\/\" target=\"_blank\" rel=\"noopener\">GRADUA\u00c7\u00c3O<\/a><\/p>\n<p class=\"has-background has-dark-bluish-background-color\" style=\"font-size: 25px; text-align: center; background: #f0f0f0; color: #ffffff; padding: 4px 0px 4xp 0px;\"><a style=\"color: #0d134c; text-decoration: underline;\" href=\"https:\/\/pos.grancursosonline.com.br\/\" target=\"_blank\" rel=\"noopener\">P\u00d3S-GRADUA\u00c7\u00c3O<\/a><\/p>\n<p class=\"has-background has-dark-bluish-background-color\" style=\"font-size: 25px; text-align: center; background: #f0f0f0; color: #ffffff; padding: 4px 0px 4xp 0px;\"><a style=\"color: #0d134c; text-decoration: underline;\" href=\"https:\/\/faculdade.grancursosonline.com.br\/nossos-cursos\/\" target=\"_blank\" rel=\"noopener\">TUDO SOBRE A GRAN FACULDADE<\/a><\/p>\n<\/nav>\n<p><strong>Receba <span style=\"color: #cf1e25;\">gratuitamente<\/span> no seu celular as principais not\u00edcias sobre a Gran Faculdade! <br \/>Clique no link abaixo e inscreva-se:<\/strong><\/p>\n<p class=\"has-background has-dark-bluish-background-color\" style=\"font-size: 25px; text-align: center; background: #f0f0f0; color: #ffffff; padding: 4px 0px 4xp 0px;\"><a style=\"color: #0d134c; text-decoration: underline;\" href=\"https:\/\/whatsapp.com\/channel\/0029VaG1sChI7Be7PNndhL43\" target=\"_blank\" rel=\"noopener noreferrer\">WHATSAPP<\/a><\/p>\n<p class=\"has-background has-dark-bluish-background-color\" style=\"font-size: 25px; text-align: center; background: #f0f0f0; color: #ffffff; padding: 4px 0px 4xp 0px;\"><a style=\"color: #0d134c; text-decoration: underline;\" href=\"https:\/\/t.me\/GranFaculdade\" target=\"_blank\" rel=\"noopener noreferrer\">TELEGRAM<\/a><\/p>\n<\/section>\n<\/div><\/div>\n<\/div><\/div>\n","protected":false},"excerpt":{"rendered":"<p>Uma experi\u00eancia de est\u00e1gio ou resid\u00eancia em um \u00f3rg\u00e3o p\u00fablico do calibre do Tribunal Regional Eleitoral do Maranh\u00e3o (TRE-MA) \u00e9 uma oportunidade valiosa para iniciar ou impulsionar uma carreira s\u00f3lida. Al\u00e9m de aplicar conhecimentos te\u00f3ricos na pr\u00e1tica, voc\u00ea vivencia o funcionamento de uma institui\u00e7\u00e3o essencial para a democracia brasileira, agregando um diferencial competitivo ao seu&hellip;<\/p>\n","protected":false},"author":486,"featured_media":79758389,"comment_status":"open","ping_status":"open","sticky":false,"template":"","format":"standard","meta":{"_acf_changed":false,"content-type":"","footnotes":""},"categories":[209229,2],"tags":[],"class_list":["post-79758069","post","type-post","status-publish","format-standard","has-post-thumbnail","hentry","category-pos-graduacao","category-ultimas-noticias"],"acf":[],"yoast_head":"<!-- This site is optimized with the Yoast SEO Premium plugin v27.2 (Yoast SEO v27.2) - https:\/\/yoast.com\/product\/yoast-seo-premium-wordpress\/ -->\n<title>Est\u00e1gio e Resid\u00eancia Jur\u00eddica TRE Maranh\u00e3o: confira!<\/title>\n<meta name=\"description\" content=\"Veja todos os detalhes do est\u00e1gio no TRE Maranh\u00e3o e saiba como se destacar no processo seletivo: prova, cronograma e benef\u00edcios!\" \/>\n<meta name=\"robots\" content=\"index, follow, max-snippet:-1, max-image-preview:large, max-video-preview:-1\" \/>\n<link rel=\"canonical\" href=\"https:\/\/faculdade.grancursosonline.com.br\/blog\/estagio-e-residencia-juridica-tre-maranhao\/\" \/>\n<meta property=\"og:locale\" content=\"pt_BR\" \/>\n<meta property=\"og:type\" content=\"article\" \/>\n<meta property=\"og:title\" content=\"Est\u00e1gio e Resid\u00eancia Jur\u00eddica TRE Maranh\u00e3o: confira!\" \/>\n<meta property=\"og:description\" content=\"Veja todos os detalhes do est\u00e1gio no TRE Maranh\u00e3o e saiba como se destacar no processo seletivo: prova, cronograma e benef\u00edcios!\" \/>\n<meta property=\"og:url\" content=\"https:\/\/faculdade.grancursosonline.com.br\/blog\/estagio-e-residencia-juridica-tre-maranhao\/\" \/>\n<meta property=\"og:site_name\" content=\"Blog Gran Faculdade\" \/>\n<meta property=\"article:publisher\" content=\"https:\/\/www.facebook.com\/grancursosonline\/\" \/>\n<meta property=\"article:published_time\" content=\"2025-09-23T19:43:57+00:00\" \/>\n<meta property=\"article:modified_time\" content=\"2025-10-03T19:47:12+00:00\" \/>\n<meta property=\"og:image\" content=\"https:\/\/blog-es-static.infra.grancursosonline.com.br\/wp-content\/uploads\/2025\/09\/03164636\/estagio-e-residencia-juridica-tre-maranhao-social.jpg\" \/>\n\t<meta property=\"og:image:width\" content=\"511\" \/>\n\t<meta property=\"og:image:height\" content=\"311\" \/>\n\t<meta property=\"og:image:type\" content=\"image\/jpeg\" \/>\n<meta name=\"author\" content=\"Equipe Gran\" \/>\n<meta name=\"twitter:card\" content=\"summary_large_image\" \/>\n<meta name=\"twitter:creator\" content=\"@gran_online\" \/>\n<meta name=\"twitter:site\" content=\"@gran_online\" \/>\n<meta name=\"twitter:label1\" content=\"Written by\" \/>\n\t<meta name=\"twitter:data1\" content=\"Equipe Gran\" \/>\n\t<meta name=\"twitter:label2\" content=\"Est. reading time\" \/>\n\t<meta name=\"twitter:data2\" content=\"33 minutos\" \/>\n<script type=\"application\/ld+json\" class=\"yoast-schema-graph\">{\"@context\":\"https:\/\/schema.org\",\"@graph\":[{\"@type\":\"NewsArticle\",\"@id\":\"https:\/\/faculdade.grancursosonline.com.br\/blog\/estagio-e-residencia-juridica-tre-maranhao\/#article\",\"isPartOf\":{\"@id\":\"https:\/\/faculdade.grancursosonline.com.br\/blog\/estagio-e-residencia-juridica-tre-maranhao\/\"},\"author\":{\"name\":\"Equipe Gran\",\"@id\":\"https:\/\/faculdade.grancursosonline.com.br\/blog\/#\/schema\/person\/c05f350f8ea43a7138aaffc6a87bc5e0\"},\"headline\":\"Est\u00e1gio e Resid\u00eancia Jur\u00eddica TRE Maranh\u00e3o: confira!\",\"datePublished\":\"2025-09-23T19:43:57+00:00\",\"dateModified\":\"2025-10-03T19:47:12+00:00\",\"mainEntityOfPage\":{\"@id\":\"https:\/\/faculdade.grancursosonline.com.br\/blog\/estagio-e-residencia-juridica-tre-maranhao\/\"},\"wordCount\":1346,\"commentCount\":0,\"publisher\":{\"@id\":\"https:\/\/faculdade.grancursosonline.com.br\/blog\/#organization\"},\"image\":{\"@id\":\"https:\/\/faculdade.grancursosonline.com.br\/blog\/estagio-e-residencia-juridica-tre-maranhao\/#primaryimage\"},\"thumbnailUrl\":\"https:\/\/blog-es-static.infra.grancursosonline.com.br\/wp-content\/uploads\/2025\/09\/03164632\/estagio-e-residencia-juridica-tre-maranhao.jpg\",\"articleSection\":[\"P\u00f3s-Gradua\u00e7\u00e3o Gran Faculdade\",\"\u00daltimas Not\u00edcias\"],\"inLanguage\":\"pt-BR\",\"potentialAction\":[{\"@type\":\"CommentAction\",\"name\":\"Comment\",\"target\":[\"https:\/\/faculdade.grancursosonline.com.br\/blog\/estagio-e-residencia-juridica-tre-maranhao\/#respond\"]}],\"copyrightYear\":\"2025\",\"copyrightHolder\":{\"@id\":\"https:\/\/faculdade.grancursosonline.com.br\/blog\/#organization\"}},{\"@type\":\"WebPage\",\"@id\":\"https:\/\/faculdade.grancursosonline.com.br\/blog\/estagio-e-residencia-juridica-tre-maranhao\/\",\"url\":\"https:\/\/faculdade.grancursosonline.com.br\/blog\/estagio-e-residencia-juridica-tre-maranhao\/\",\"name\":\"Est\u00e1gio e Resid\u00eancia Jur\u00eddica TRE Maranh\u00e3o: confira!\",\"isPartOf\":{\"@id\":\"https:\/\/faculdade.grancursosonline.com.br\/blog\/#website\"},\"primaryImageOfPage\":{\"@id\":\"https:\/\/faculdade.grancursosonline.com.br\/blog\/estagio-e-residencia-juridica-tre-maranhao\/#primaryimage\"},\"image\":{\"@id\":\"https:\/\/faculdade.grancursosonline.com.br\/blog\/estagio-e-residencia-juridica-tre-maranhao\/#primaryimage\"},\"thumbnailUrl\":\"https:\/\/blog-es-static.infra.grancursosonline.com.br\/wp-content\/uploads\/2025\/09\/03164632\/estagio-e-residencia-juridica-tre-maranhao.jpg\",\"datePublished\":\"2025-09-23T19:43:57+00:00\",\"dateModified\":\"2025-10-03T19:47:12+00:00\",\"description\":\"Veja todos os detalhes do est\u00e1gio no TRE Maranh\u00e3o e saiba como se destacar no processo seletivo: prova, cronograma e benef\u00edcios!\",\"breadcrumb\":{\"@id\":\"https:\/\/faculdade.grancursosonline.com.br\/blog\/estagio-e-residencia-juridica-tre-maranhao\/#breadcrumb\"},\"inLanguage\":\"pt-BR\",\"potentialAction\":[{\"@type\":\"ReadAction\",\"target\":[\"https:\/\/faculdade.grancursosonline.com.br\/blog\/estagio-e-residencia-juridica-tre-maranhao\/\"]}]},{\"@type\":\"ImageObject\",\"inLanguage\":\"pt-BR\",\"@id\":\"https:\/\/faculdade.grancursosonline.com.br\/blog\/estagio-e-residencia-juridica-tre-maranhao\/#primaryimage\",\"url\":\"https:\/\/blog-es-static.infra.grancursosonline.com.br\/wp-content\/uploads\/2025\/09\/03164632\/estagio-e-residencia-juridica-tre-maranhao.jpg\",\"contentUrl\":\"https:\/\/blog-es-static.infra.grancursosonline.com.br\/wp-content\/uploads\/2025\/09\/03164632\/estagio-e-residencia-juridica-tre-maranhao.jpg\",\"width\":1001,\"height\":601,\"caption\":\"Est\u00e1gio e Resid\u00eancia Jur\u00eddica TRE Maranh\u00e3o: confira!\"},{\"@type\":\"BreadcrumbList\",\"@id\":\"https:\/\/faculdade.grancursosonline.com.br\/blog\/estagio-e-residencia-juridica-tre-maranhao\/#breadcrumb\",\"itemListElement\":[{\"@type\":\"ListItem\",\"position\":1,\"name\":\"In\u00edcio\",\"item\":\"https:\/\/faculdade.grancursosonline.com.br\/blog\/\"},{\"@type\":\"ListItem\",\"position\":2,\"name\":\"P\u00f3s-Gradua\u00e7\u00e3o Gran Faculdade\",\"item\":\"https:\/\/faculdade.grancursosonline.com.br\/blog\/pos-graduacao\/\"},{\"@type\":\"ListItem\",\"position\":3,\"name\":\"Est\u00e1gio e Resid\u00eancia Jur\u00eddica TRE Maranh\u00e3o: confira!\"}]},{\"@type\":\"WebSite\",\"@id\":\"https:\/\/faculdade.grancursosonline.com.br\/blog\/#website\",\"url\":\"https:\/\/faculdade.grancursosonline.com.br\/blog\/\",\"name\":\"Blog Gran Faculdade\",\"description\":\"Tudo sobre ensino superior, p\u00f3s-gradua\u00e7\u00e3o, enem e carreira.\",\"publisher\":{\"@id\":\"https:\/\/faculdade.grancursosonline.com.br\/blog\/#organization\"},\"potentialAction\":[{\"@type\":\"SearchAction\",\"target\":{\"@type\":\"EntryPoint\",\"urlTemplate\":\"https:\/\/faculdade.grancursosonline.com.br\/blog\/?s={search_term_string}\"},\"query-input\":{\"@type\":\"PropertyValueSpecification\",\"valueRequired\":true,\"valueName\":\"search_term_string\"}}],\"inLanguage\":\"pt-BR\"},{\"@type\":\"Organization\",\"@id\":\"https:\/\/faculdade.grancursosonline.com.br\/blog\/#organization\",\"name\":\"Gran Cursos Online\",\"url\":\"https:\/\/faculdade.grancursosonline.com.br\/blog\/\",\"logo\":{\"@type\":\"ImageObject\",\"inLanguage\":\"pt-BR\",\"@id\":\"https:\/\/faculdade.grancursosonline.com.br\/blog\/#\/schema\/logo\/image\/\",\"url\":\"https:\/\/blog-es-static.infra.grancursosonline.com.br\/wp-content\/uploads\/2019\/08\/03123934\/logo.png\",\"contentUrl\":\"https:\/\/blog-es-static.infra.grancursosonline.com.br\/wp-content\/uploads\/2019\/08\/03123934\/logo.png\",\"width\":300,\"height\":57,\"caption\":\"Gran Cursos Online\"},\"image\":{\"@id\":\"https:\/\/faculdade.grancursosonline.com.br\/blog\/#\/schema\/logo\/image\/\"},\"sameAs\":[\"https:\/\/www.facebook.com\/grancursosonline\/\",\"https:\/\/x.com\/gran_online\",\"https:\/\/www.instagram.com\/grancursosonline\/\",\"https:\/\/www.youtube.com\/user\/grancursostv\"]},{\"@type\":\"Person\",\"@id\":\"https:\/\/faculdade.grancursosonline.com.br\/blog\/#\/schema\/person\/c05f350f8ea43a7138aaffc6a87bc5e0\",\"name\":\"Equipe Gran\",\"sameAs\":[\"http:\/\/www.grancursosonline.com.br\"],\"url\":\"https:\/\/faculdade.grancursosonline.com.br\/blog\/author\/hugo-oliveira\/\"}]}<\/script>\n<!-- \/ Yoast SEO Premium plugin. -->","yoast_head_json":{"title":"Est\u00e1gio e Resid\u00eancia Jur\u00eddica TRE Maranh\u00e3o: confira!","description":"Veja todos os detalhes do est\u00e1gio no TRE Maranh\u00e3o e saiba como se destacar no processo seletivo: prova, cronograma e benef\u00edcios!","robots":{"index":"index","follow":"follow","max-snippet":"max-snippet:-1","max-image-preview":"max-image-preview:large","max-video-preview":"max-video-preview:-1"},"canonical":"https:\/\/faculdade.grancursosonline.com.br\/blog\/estagio-e-residencia-juridica-tre-maranhao\/","og_locale":"pt_BR","og_type":"article","og_title":"Est\u00e1gio e Resid\u00eancia Jur\u00eddica TRE Maranh\u00e3o: confira!","og_description":"Veja todos os detalhes do est\u00e1gio no TRE Maranh\u00e3o e saiba como se destacar no processo seletivo: prova, cronograma e benef\u00edcios!","og_url":"https:\/\/faculdade.grancursosonline.com.br\/blog\/estagio-e-residencia-juridica-tre-maranhao\/","og_site_name":"Blog Gran Faculdade","article_publisher":"https:\/\/www.facebook.com\/grancursosonline\/","article_published_time":"2025-09-23T19:43:57+00:00","article_modified_time":"2025-10-03T19:47:12+00:00","og_image":[{"width":511,"height":311,"url":"https:\/\/blog-es-static.infra.grancursosonline.com.br\/wp-content\/uploads\/2025\/09\/03164636\/estagio-e-residencia-juridica-tre-maranhao-social.jpg","type":"image\/jpeg"}],"author":"Equipe Gran","twitter_card":"summary_large_image","twitter_creator":"@gran_online","twitter_site":"@gran_online","twitter_misc":{"Written by":"Equipe Gran","Est. reading time":"33 minutos"},"schema":{"@context":"https:\/\/schema.org","@graph":[{"@type":"NewsArticle","@id":"https:\/\/faculdade.grancursosonline.com.br\/blog\/estagio-e-residencia-juridica-tre-maranhao\/#article","isPartOf":{"@id":"https:\/\/faculdade.grancursosonline.com.br\/blog\/estagio-e-residencia-juridica-tre-maranhao\/"},"author":{"name":"Equipe Gran","@id":"https:\/\/faculdade.grancursosonline.com.br\/blog\/#\/schema\/person\/c05f350f8ea43a7138aaffc6a87bc5e0"},"headline":"Est\u00e1gio e Resid\u00eancia Jur\u00eddica TRE Maranh\u00e3o: confira!","datePublished":"2025-09-23T19:43:57+00:00","dateModified":"2025-10-03T19:47:12+00:00","mainEntityOfPage":{"@id":"https:\/\/faculdade.grancursosonline.com.br\/blog\/estagio-e-residencia-juridica-tre-maranhao\/"},"wordCount":1346,"commentCount":0,"publisher":{"@id":"https:\/\/faculdade.grancursosonline.com.br\/blog\/#organization"},"image":{"@id":"https:\/\/faculdade.grancursosonline.com.br\/blog\/estagio-e-residencia-juridica-tre-maranhao\/#primaryimage"},"thumbnailUrl":"https:\/\/blog-es-static.infra.grancursosonline.com.br\/wp-content\/uploads\/2025\/09\/03164632\/estagio-e-residencia-juridica-tre-maranhao.jpg","articleSection":["P\u00f3s-Gradua\u00e7\u00e3o Gran Faculdade","\u00daltimas Not\u00edcias"],"inLanguage":"pt-BR","potentialAction":[{"@type":"CommentAction","name":"Comment","target":["https:\/\/faculdade.grancursosonline.com.br\/blog\/estagio-e-residencia-juridica-tre-maranhao\/#respond"]}],"copyrightYear":"2025","copyrightHolder":{"@id":"https:\/\/faculdade.grancursosonline.com.br\/blog\/#organization"}},{"@type":"WebPage","@id":"https:\/\/faculdade.grancursosonline.com.br\/blog\/estagio-e-residencia-juridica-tre-maranhao\/","url":"https:\/\/faculdade.grancursosonline.com.br\/blog\/estagio-e-residencia-juridica-tre-maranhao\/","name":"Est\u00e1gio e Resid\u00eancia Jur\u00eddica TRE Maranh\u00e3o: confira!","isPartOf":{"@id":"https:\/\/faculdade.grancursosonline.com.br\/blog\/#website"},"primaryImageOfPage":{"@id":"https:\/\/faculdade.grancursosonline.com.br\/blog\/estagio-e-residencia-juridica-tre-maranhao\/#primaryimage"},"image":{"@id":"https:\/\/faculdade.grancursosonline.com.br\/blog\/estagio-e-residencia-juridica-tre-maranhao\/#primaryimage"},"thumbnailUrl":"https:\/\/blog-es-static.infra.grancursosonline.com.br\/wp-content\/uploads\/2025\/09\/03164632\/estagio-e-residencia-juridica-tre-maranhao.jpg","datePublished":"2025-09-23T19:43:57+00:00","dateModified":"2025-10-03T19:47:12+00:00","description":"Veja todos os detalhes do est\u00e1gio no TRE Maranh\u00e3o e saiba como se destacar no processo seletivo: prova, cronograma e benef\u00edcios!","breadcrumb":{"@id":"https:\/\/faculdade.grancursosonline.com.br\/blog\/estagio-e-residencia-juridica-tre-maranhao\/#breadcrumb"},"inLanguage":"pt-BR","potentialAction":[{"@type":"ReadAction","target":["https:\/\/faculdade.grancursosonline.com.br\/blog\/estagio-e-residencia-juridica-tre-maranhao\/"]}]},{"@type":"ImageObject","inLanguage":"pt-BR","@id":"https:\/\/faculdade.grancursosonline.com.br\/blog\/estagio-e-residencia-juridica-tre-maranhao\/#primaryimage","url":"https:\/\/blog-es-static.infra.grancursosonline.com.br\/wp-content\/uploads\/2025\/09\/03164632\/estagio-e-residencia-juridica-tre-maranhao.jpg","contentUrl":"https:\/\/blog-es-static.infra.grancursosonline.com.br\/wp-content\/uploads\/2025\/09\/03164632\/estagio-e-residencia-juridica-tre-maranhao.jpg","width":1001,"height":601,"caption":"Est\u00e1gio e Resid\u00eancia Jur\u00eddica TRE Maranh\u00e3o: confira!"},{"@type":"BreadcrumbList","@id":"https:\/\/faculdade.grancursosonline.com.br\/blog\/estagio-e-residencia-juridica-tre-maranhao\/#breadcrumb","itemListElement":[{"@type":"ListItem","position":1,"name":"In\u00edcio","item":"https:\/\/faculdade.grancursosonline.com.br\/blog\/"},{"@type":"ListItem","position":2,"name":"P\u00f3s-Gradua\u00e7\u00e3o Gran Faculdade","item":"https:\/\/faculdade.grancursosonline.com.br\/blog\/pos-graduacao\/"},{"@type":"ListItem","position":3,"name":"Est\u00e1gio e Resid\u00eancia Jur\u00eddica TRE Maranh\u00e3o: confira!"}]},{"@type":"WebSite","@id":"https:\/\/faculdade.grancursosonline.com.br\/blog\/#website","url":"https:\/\/faculdade.grancursosonline.com.br\/blog\/","name":"Blog Gran Faculdade","description":"Tudo sobre ensino superior, p\u00f3s-gradua\u00e7\u00e3o, enem e carreira.","publisher":{"@id":"https:\/\/faculdade.grancursosonline.com.br\/blog\/#organization"},"potentialAction":[{"@type":"SearchAction","target":{"@type":"EntryPoint","urlTemplate":"https:\/\/faculdade.grancursosonline.com.br\/blog\/?s={search_term_string}"},"query-input":{"@type":"PropertyValueSpecification","valueRequired":true,"valueName":"search_term_string"}}],"inLanguage":"pt-BR"},{"@type":"Organization","@id":"https:\/\/faculdade.grancursosonline.com.br\/blog\/#organization","name":"Gran Cursos Online","url":"https:\/\/faculdade.grancursosonline.com.br\/blog\/","logo":{"@type":"ImageObject","inLanguage":"pt-BR","@id":"https:\/\/faculdade.grancursosonline.com.br\/blog\/#\/schema\/logo\/image\/","url":"https:\/\/blog-es-static.infra.grancursosonline.com.br\/wp-content\/uploads\/2019\/08\/03123934\/logo.png","contentUrl":"https:\/\/blog-es-static.infra.grancursosonline.com.br\/wp-content\/uploads\/2019\/08\/03123934\/logo.png","width":300,"height":57,"caption":"Gran Cursos Online"},"image":{"@id":"https:\/\/faculdade.grancursosonline.com.br\/blog\/#\/schema\/logo\/image\/"},"sameAs":["https:\/\/www.facebook.com\/grancursosonline\/","https:\/\/x.com\/gran_online","https:\/\/www.instagram.com\/grancursosonline\/","https:\/\/www.youtube.com\/user\/grancursostv"]},{"@type":"Person","@id":"https:\/\/faculdade.grancursosonline.com.br\/blog\/#\/schema\/person\/c05f350f8ea43a7138aaffc6a87bc5e0","name":"Equipe Gran","sameAs":["http:\/\/www.grancursosonline.com.br"],"url":"https:\/\/faculdade.grancursosonline.com.br\/blog\/author\/hugo-oliveira\/"}]}},"_links":{"self":[{"href":"https:\/\/faculdade.grancursosonline.com.br\/blog\/wp-json\/wp\/v2\/posts\/79758069","targetHints":{"allow":["GET"]}}],"collection":[{"href":"https:\/\/faculdade.grancursosonline.com.br\/blog\/wp-json\/wp\/v2\/posts"}],"about":[{"href":"https:\/\/faculdade.grancursosonline.com.br\/blog\/wp-json\/wp\/v2\/types\/post"}],"author":[{"embeddable":true,"href":"https:\/\/faculdade.grancursosonline.com.br\/blog\/wp-json\/wp\/v2\/users\/486"}],"replies":[{"embeddable":true,"href":"https:\/\/faculdade.grancursosonline.com.br\/blog\/wp-json\/wp\/v2\/comments?post=79758069"}],"version-history":[{"count":3,"href":"https:\/\/faculdade.grancursosonline.com.br\/blog\/wp-json\/wp\/v2\/posts\/79758069\/revisions"}],"predecessor-version":[{"id":79758095,"href":"https:\/\/faculdade.grancursosonline.com.br\/blog\/wp-json\/wp\/v2\/posts\/79758069\/revisions\/79758095"}],"wp:featuredmedia":[{"embeddable":true,"href":"https:\/\/faculdade.grancursosonline.com.br\/blog\/wp-json\/wp\/v2\/media\/79758389"}],"wp:attachment":[{"href":"https:\/\/faculdade.grancursosonline.com.br\/blog\/wp-json\/wp\/v2\/media?parent=79758069"}],"wp:term":[{"taxonomy":"category","embeddable":true,"href":"https:\/\/faculdade.grancursosonline.com.br\/blog\/wp-json\/wp\/v2\/categories?post=79758069"},{"taxonomy":"post_tag","embeddable":true,"href":"https:\/\/faculdade.grancursosonline.com.br\/blog\/wp-json\/wp\/v2\/tags?post=79758069"}],"curies":[{"name":"wp","href":"https:\/\/api.w.org\/{rel}","templated":true}]}}