{"id":79758160,"date":"2025-09-25T17:31:07","date_gmt":"2025-09-25T20:31:07","guid":{"rendered":"https:\/\/faculdade.grancursosonline.com.br\/blog\/?p=79758160"},"modified":"2025-09-25T17:31:16","modified_gmt":"2025-09-25T20:31:16","slug":"curso-de-verao","status":"publish","type":"post","link":"https:\/\/faculdade.grancursosonline.com.br\/blog\/curso-de-verao\/","title":{"rendered":"Curso de ver\u00e3o: onde encontrar e como fazer? Descubra!"},"content":{"rendered":"\n<p>Voc\u00ea j\u00e1 ouviu falar em curso de ver\u00e3o? Eles acontecem em per\u00edodos curtos, normalmente nas f\u00e9rias, e s\u00e3o uma \u00f3tima chance de aprender algo novo sem pesar na rotina. Al\u00e9m disso, podem ajudar tanto no lado profissional quanto no pessoal.<\/p>\n\n\n\n<p>Seja para refor\u00e7ar conhecimentos, experimentar uma \u00e1rea diferente ou at\u00e9 turbinar o curr\u00edculo, o curso de ver\u00e3o pode ser exatamente o que voc\u00ea procura. Quer saber onde encontrar e como participar? Ent\u00e3o vamos juntos descobrir!<\/p>\n\n\n\n<p>Para isso, acompanhe o artigo na \u00edntegra, ou navegue pelo \u00edndice caso prefira:<\/p>\n\n\n\n<ul class=\"wp-block-list\">\n<li><a href=\"#h-o-que-e-um-curso-de-verao-e-como-funciona\">O que \u00e9 um curso de ver\u00e3o e como funciona?<\/a><\/li>\n\n\n\n<li><a href=\"#h-vantagens-de-fazer-um-curso-de-verao\">Vantagens de fazer um curso de ver\u00e3o<\/a><\/li>\n\n\n\n<li><a href=\"#h-onde-encontrar-cursos-de-verao-presenciais-e-online\">Onde encontrar cursos de ver\u00e3o presenciais e online<\/a><\/li>\n\n\n\n<li><a href=\"#h-areas-mais-procuradas-em-cursos-de-verao\">\u00c1reas mais procuradas em cursos de ver\u00e3o<\/a><\/li>\n\n\n\n<li><a href=\"#h-como-escolher-o-curso-de-verao-ideal-para-voce\">Como escolher o curso de ver\u00e3o ideal para voc\u00ea<\/a><\/li>\n\n\n\n<li><a href=\"#h-dicas-para-aproveitar-ao-maximo-seu-curso-de-verao\">Dicas para aproveitar ao m\u00e1ximo seu curso de ver\u00e3o<\/a><\/li>\n\n\n\n<li><a href=\"#h-curso-de-verao-no-curriculo-faz-diferenca\">Curso de ver\u00e3o no curr\u00edculo: faz diferen\u00e7a?<\/a><\/li>\n<\/ul>\n\n\n\n<div class=\"wp-block-columns is-layout-flex wp-container-core-columns-is-layout-9d6595d7 wp-block-columns-is-layout-flex\">\n<div class=\"wp-block-column is-layout-flow wp-block-column-is-layout-flow\" style=\"flex-basis:100%\"><div class=\"wp-block-image\">\n<figure class=\"aligncenter size-full\"><a href=\"https:\/\/whatsapp.com\/channel\/0029VaG1sChI7Be7PNndhL43\" target=\"_blank\" rel=\"noopener\"><img decoding=\"async\" src=\"https:\/\/blog-es-static.infra.grancursosonline.com.br\/wp-content\/uploads\/2025\/09\/09112354\/banner-wp-600x142-80.webp\" alt=\"Acesse o canal do WhatsApp da Gran Faculdade\" class=\"wp-image-79751904\"\/><\/a><\/figure>\n<\/div><\/div>\n<\/div>\n\n\n\n<h2 class=\"wp-block-heading\" id=\"h-o-que-e-um-curso-de-verao-e-como-funciona\"><strong>O que \u00e9 um curso de ver\u00e3o e como funciona?<\/strong><\/h2>\n\n\n\n<p>Um curso de ver\u00e3o \u00e9 uma oportunidade de aprendizado que acontece em per\u00edodos mais curtos, geralmente durante as f\u00e9rias. Eles podem variar de algumas semanas a um m\u00eas, e trazem conte\u00fados pr\u00e1ticos e bem focados, ideais para quem n\u00e3o quer esperar o semestre inteiro para estudar.<\/p>\n\n\n\n<p>O interessante \u00e9 que o curso de ver\u00e3o pode ser at\u00e9 um curso livre, voltado para desenvolver habilidades espec\u00edficas. Essa flexibilidade faz com que ele se encaixe em diferentes perfis de estudante.<\/p>\n\n\n\n<p>Os cursos livres s\u00e3o uma das formas mais pr\u00e1ticas de come\u00e7ar, j\u00e1 que n\u00e3o exigem uma matr\u00edcula formal na faculdade. Ou seja: d\u00e1 para experimentar e aprender sem burocracia.<\/p>\n\n\n\n<h2 class=\"wp-block-heading\" id=\"h-vantagens-de-fazer-um-curso-de-verao\"><strong>Vantagens de fazer um curso de ver\u00e3o<\/strong><\/h2>\n\n\n\n<p>Fazer um curso de ver\u00e3o pode trazer benef\u00edcios tanto pessoais quanto profissionais. Olha s\u00f3 algumas vantagens:<\/p>\n\n\n\n<ul class=\"wp-block-list\">\n<li><strong>Aprendizado r\u00e1pido:<\/strong> conte\u00fados concentrados em pouco tempo;<\/li>\n\n\n\n<li><strong>Flexibilidade:<\/strong> op\u00e7\u00f5es presenciais e online para diferentes rotinas;<\/li>\n\n\n\n<li><strong>Networking:<\/strong> contato com professores e colegas que podem agregar na carreira;<\/li>\n\n\n\n<li><strong>Explora\u00e7\u00e3o de \u00e1reas novas:<\/strong> perfeito para quem quer testar uma \u00e1rea antes de se aprofundar;<\/li>\n\n\n\n<li><strong>Curr\u00edculo fortalecido:<\/strong> mostra iniciativa e interesse em aprender sempre.<\/li>\n<\/ul>\n\n\n\n<h2 class=\"wp-block-heading\" id=\"h-onde-encontrar-cursos-de-verao-presenciais-e-online\"><strong>Onde encontrar cursos de ver\u00e3o presenciais e online<\/strong><\/h2>\n\n\n\n<p>Hoje em dia, \u00e9 poss\u00edvel encontrar cursos de ver\u00e3o em universidades, escolas especializadas e em plataformas digitais. As op\u00e7\u00f5es presenciais podem ser \u00f3timas para quem gosta do contato direto com professores e colegas, j\u00e1 as online d\u00e3o liberdade para estudar de qualquer lugar.<\/p>\n\n\n\n<p>Uma boa dica \u00e9 dar uma olhada nos<a href=\"https:\/\/faculdade.grancursosonline.com.br\/blog\/cursos-livres-da-gran-faculdade\/\" target=\"_blank\" rel=\"noreferrer noopener\"> <strong>cursos livres da Gran Faculdade<\/strong><\/a>, que oferecem conte\u00fados pr\u00e1ticos, acess\u00edveis e totalmente online. Eles s\u00e3o ideais para quem deseja se atualizar ou experimentar novas \u00e1reas sem complica\u00e7\u00e3o.<\/p>\n\n\n\n<p>Al\u00e9m disso, outras institui\u00e7\u00f5es tamb\u00e9m oferecem boas op\u00e7\u00f5es, como universidades p\u00fablicas e privadas, centros culturais e at\u00e9 escolas de idiomas. Basta definir sua necessidade e procurar o formato que mais combina com voc\u00ea.<\/p>\n\n\n\n<h2 class=\"wp-block-heading\" id=\"h-areas-mais-procuradas-em-cursos-de-verao\"><strong>\u00c1reas mais procuradas em cursos de ver\u00e3o<\/strong><\/h2>\n\n\n\n<p>Os cursos de ver\u00e3o abrangem v\u00e1rios temas, mas alguns costumam atrair mais interessados. Veja os mais procurados:<\/p>\n\n\n\n<ul class=\"wp-block-list\">\n<li><strong>Idiomas<\/strong> (como ingl\u00eas e espanhol);<\/li>\n\n\n\n<li><strong>Tecnologia e programa\u00e7\u00e3o;<\/strong><\/li>\n\n\n\n<li><strong>Educa\u00e7\u00e3o e pedagogia;<\/strong><\/li>\n\n\n\n<li><strong>Gest\u00e3o e neg\u00f3cios;<\/strong><\/li>\n\n\n\n<li><strong>Comunica\u00e7\u00e3o e marketing;<\/strong><\/li>\n\n\n\n<li><strong>Arte e cultura.<\/strong><strong><br><\/strong><\/li>\n<\/ul>\n\n\n\n<h2 class=\"wp-block-heading\" id=\"h-como-escolher-o-curso-de-verao-ideal-para-voce\"><strong>Como escolher o curso de ver\u00e3o ideal para voc\u00ea<\/strong><\/h2>\n\n\n\n<p>Com tantas op\u00e7\u00f5es, pode bater a d\u00favida sobre qual seguir. Para n\u00e3o errar, considere alguns pontos importantes:<\/p>\n\n\n\n<ul class=\"wp-block-list\">\n<li><strong>Defina seu objetivo:<\/strong> \u00e9 aprender algo novo, refor\u00e7ar o que j\u00e1 sabe ou dar um upgrade no curr\u00edculo?;<\/li>\n\n\n\n<li><strong>Veja a carga hor\u00e1ria:<\/strong> escolha um curso que caiba na sua rotina de f\u00e9rias;<\/li>\n\n\n\n<li><strong>Pesquise a institui\u00e7\u00e3o:<\/strong> procure locais confi\u00e1veis e com boas avalia\u00e7\u00f5es;<\/li>\n\n\n\n<li><strong>Analise o conte\u00fado:<\/strong> leia a ementa para saber se o curso entrega o que voc\u00ea procura;<\/li>\n\n\n\n<li><strong>Considere o formato:<\/strong> se prefere flexibilidade, talvez o online seja a melhor escolha.<\/li>\n<\/ul>\n\n\n\n<h2 class=\"wp-block-heading\" id=\"h-dicas-para-aproveitar-ao-maximo-seu-curso-de-verao\"><strong>Dicas para aproveitar ao m\u00e1ximo seu curso de ver\u00e3o<\/strong><\/h2>\n\n\n\n<p>N\u00e3o adianta s\u00f3 se inscrever, \u00e9 importante aproveitar bem essa experi\u00eancia. Melhore seu aproveitamento com algumas dicas:<\/p>\n\n\n\n<ul class=\"wp-block-list\">\n<li><strong>Organize sua rotina:<\/strong> reserve hor\u00e1rios fixos para se dedicar ao curso;<\/li>\n\n\n\n<li><strong>Participe ativamente:<\/strong> fa\u00e7a perguntas e interaja com colegas;<\/li>\n\n\n\n<li><strong>Anote insights:<\/strong> registre ideias importantes para aplicar depois;<\/li>\n\n\n\n<li><strong>Conecte teoria e pr\u00e1tica:<\/strong> sempre que poss\u00edvel, leve o conte\u00fado para o dia a dia;<\/li>\n\n\n\n<li><strong>Construa conex\u00f5es:<\/strong> mantenha contato com professores e colegas ap\u00f3s o curso.<\/li>\n<\/ul>\n\n\n\n<h2 class=\"wp-block-heading\" id=\"h-curso-de-verao-no-curriculo-faz-diferenca\"><strong>Curso de ver\u00e3o no curr\u00edculo: faz diferen\u00e7a?<\/strong><\/h2>\n\n\n\n<p>Com certeza! Incluir um curso de ver\u00e3o no curr\u00edculo mostra que voc\u00ea gosta de aprender e busca se atualizar. Isso \u00e9 um ponto super positivo em processos seletivos.<\/p>\n\n\n\n<p>Empresas valorizam candidatos que se dedicam ao aprendizado cont\u00ednuo, e os cursos de ver\u00e3o ajudam a transmitir essa mensagem. Al\u00e9m disso, esses cursos demonstram curiosidade intelectual, que \u00e9 uma qualidade importante em qualquer \u00e1rea.<\/p>\n\n\n\n<p>Por fim, mesmo que voc\u00ea n\u00e3o use o certificado diretamente, o conhecimento adquirido j\u00e1 ser\u00e1 um diferencial. Afinal, ter repert\u00f3rio faz toda a diferen\u00e7a em entrevistas, apresenta\u00e7\u00f5es e no dia a dia do trabalho.<\/p>\n\n\n\n<h2 class=\"wp-block-heading\" id=\"h-vem-pra-gran-faculdade\">Vem pra Gran Faculdade!<\/h2>\n\n\n\n<p>A Gran Faculdade vem mudando a vida de milhares de pessoas por meio de cursos \u00e0 dist\u00e2ncia de <a href=\"https:\/\/faculdade.grancursosonline.com.br\/\" target=\"_blank\" rel=\"noreferrer noopener\">gradua\u00e7\u00e3o<\/a>, <a href=\"https:\/\/pos.grancursosonline.com.br\/\" target=\"_blank\" rel=\"noreferrer noopener\">p\u00f3s-gradua\u00e7\u00e3o<\/a> e <a href=\"https:\/\/pos.grancursosonline.com.br\/mba\" target=\"_blank\" rel=\"noreferrer noopener\">MBA<\/a>. Seja no digital ou em nosso <a href=\"https:\/\/presencial.grancursosonline.com.br\/\" target=\"_blank\" rel=\"noreferrer noopener\">Campus Presencial em Curitiba<\/a>, a nossa miss\u00e3o \u00e9 transformar a educa\u00e7\u00e3o superior.<\/p>\n\n\n\n<p>Como parte de Sistema Gran de Ensino, que \u00e9 reconhecido como marca aprovadora h\u00e1 mais de 10 anos, constru\u00edmos uma renomada reputa\u00e7\u00e3o na \u00e1rea de educa\u00e7\u00e3o.<\/p>\n\n\n\n<p>Veja algumas de nossas conquistas:<\/p>\n\n\n\n<ul class=\"wp-block-list\">\n<li>Reconhecido pela Amazon como um dos projetos mais relevantes do mundo na \u00e1rea de Tecnologia e Educa\u00e7\u00e3o;<\/li>\n\n\n\n<li>Foi eleito pelo Project Management Institute (PMI), um dos 50 Projetos Mais Influentes do mundo;<\/li>\n\n\n\n<li>Somos o site de educa\u00e7\u00e3o mais acessado do Brasil;<\/li>\n\n\n\n<li>Somos avaliados com a nota m\u00e1xima pelo MEC;<\/li>\n\n\n\n<li>Aqui o semestre come\u00e7a quando quiser: entrada imediata e cont\u00ednua!<\/li>\n\n\n\n<li>Melhores pre\u00e7os do mercado;<\/li>\n\n\n\n<li>Mais de 800 mil alunos pagantes e mais de 1000 funcion\u00e1rios;<\/li>\n\n\n\n<li>Diversas ferramentas de estudo: PDFs, audiobooks, mapas mentais, videoaulas, quest\u00f5es, gerenciador de estudos e muito mais!<\/li>\n\n\n\n<li>Professores experientes e capacitados;<\/li>\n\n\n\n<li>Acesso imediato e 100% online.<\/li>\n<\/ul>\n\n\n\n<p class=\"has-text-align-center has-text-align-center\"><strong><a href=\"https:\/\/faculdade.grancursosonline.com.br\/\">Quero ser aluno da Gran Faculdade<\/a><\/strong><\/p>\n\n\n\n<div class=\"wp-block-group has-background\" style=\"background-color:#8dd2fc7a\"><div class=\"wp-block-group__inner-container is-layout-constrained wp-block-group-is-layout-constrained\">\n<p><strong>Outras not\u00edcias em destaque:<\/strong><\/p>\n\n\n\n<ul class=\"wp-block-list\">\n<li><a href=\"https:\/\/faculdade.grancursosonline.com.br\/blog\/cursos-livres-da-gran-faculdade\/\" target=\"_blank\" rel=\"noreferrer noopener\">Cursos livres da Gran Faculdade: o que s\u00e3o e como ter acesso?<\/a><\/li>\n\n\n\n<li><a href=\"https:\/\/faculdade.grancursosonline.com.br\/blog\/cursos-livres\/\" target=\"_blank\" rel=\"noreferrer noopener\">Cursos livres: o que s\u00e3o e para que servem?<\/a><\/li>\n\n\n\n<li><a href=\"https:\/\/faculdade.grancursosonline.com.br\/blog\/feriados-2026\/\" target=\"_blank\" rel=\"noreferrer noopener\">Feriados 2026: como utilizar as datas para otimizar seus estudos?<\/a><\/li>\n<\/ul>\n<\/div><\/div>\n\n\n\n<div class=\"wp-block-group\"><div class=\"wp-block-group__inner-container is-layout-constrained wp-block-group-is-layout-constrained\">\n<div class=\"wp-block-group\"><div class=\"wp-block-group__inner-container is-layout-constrained wp-block-group-is-layout-constrained\">\n<section style=\"text-align: center;\">\n<p>Quer ficar por dentro da Faculdade Digital mais inovadora do Brasil?<\/p>\n<nav>\n<p class=\"has-background has-dark-bluish-background-color\" style=\"font-size: 25px; text-align: center; background: #f0f0f0; color: #ffffff; padding: 4px 0px 4xp 0px;\"><a style=\"color: #0d134c; text-decoration: underline;\" href=\"https:\/\/faculdade.grancursosonline.com.br\/\" target=\"_blank\" rel=\"noopener\">GRADUA\u00c7\u00c3O<\/a><\/p>\n<p class=\"has-background has-dark-bluish-background-color\" style=\"font-size: 25px; text-align: center; background: #f0f0f0; color: #ffffff; padding: 4px 0px 4xp 0px;\"><a style=\"color: #0d134c; text-decoration: underline;\" href=\"https:\/\/pos.grancursosonline.com.br\/\" target=\"_blank\" rel=\"noopener\">P\u00d3S-GRADUA\u00c7\u00c3O<\/a><\/p>\n<p class=\"has-background has-dark-bluish-background-color\" style=\"font-size: 25px; text-align: center; background: #f0f0f0; color: #ffffff; padding: 4px 0px 4xp 0px;\"><a style=\"color: #0d134c; text-decoration: underline;\" href=\"https:\/\/faculdade.grancursosonline.com.br\/nossos-cursos\/\" target=\"_blank\" rel=\"noopener\">TUDO SOBRE A GRAN FACULDADE<\/a><\/p>\n<\/nav>\n<p><strong>Receba <span style=\"color: #cf1e25;\">gratuitamente<\/span> no seu celular as principais not\u00edcias sobre a Gran Faculdade! <br \/>Clique no link abaixo e inscreva-se:<\/strong><\/p>\n<p class=\"has-background has-dark-bluish-background-color\" style=\"font-size: 25px; text-align: center; background: #f0f0f0; color: #ffffff; padding: 4px 0px 4xp 0px;\"><a style=\"color: #0d134c; text-decoration: underline;\" href=\"https:\/\/whatsapp.com\/channel\/0029VaG1sChI7Be7PNndhL43\" target=\"_blank\" rel=\"noopener noreferrer\">WHATSAPP<\/a><\/p>\n<p class=\"has-background has-dark-bluish-background-color\" style=\"font-size: 25px; text-align: center; background: #f0f0f0; color: #ffffff; padding: 4px 0px 4xp 0px;\"><a style=\"color: #0d134c; text-decoration: underline;\" href=\"https:\/\/t.me\/GranFaculdade\" target=\"_blank\" rel=\"noopener noreferrer\">TELEGRAM<\/a><\/p>\n<\/section>\n<\/div><\/div>\n<\/div><\/div>\n","protected":false},"excerpt":{"rendered":"<p>Voc\u00ea j\u00e1 ouviu falar em curso de ver\u00e3o? Eles acontecem em per\u00edodos curtos, normalmente nas f\u00e9rias, e s\u00e3o uma \u00f3tima chance de aprender algo novo sem pesar na rotina. Al\u00e9m disso, podem ajudar tanto no lado profissional quanto no pessoal. Seja para refor\u00e7ar conhecimentos, experimentar uma \u00e1rea diferente ou at\u00e9 turbinar o curr\u00edculo, o curso&hellip;<\/p>\n","protected":false},"author":514,"featured_media":79758161,"comment_status":"open","ping_status":"open","sticky":false,"template":"","format":"standard","meta":{"_acf_changed":false,"content-type":"","footnotes":""},"categories":[219790,218545,2],"tags":[],"class_list":["post-79758160","post","type-post","status-publish","format-standard","has-post-thumbnail","hentry","category-graduacao-ead","category-graduacao","category-ultimas-noticias"],"acf":[],"yoast_head":"<!-- This site is optimized with the Yoast SEO Premium plugin v27.2 (Yoast SEO v27.2) - https:\/\/yoast.com\/product\/yoast-seo-premium-wordpress\/ -->\n<title>Curso de ver\u00e3o: onde encontrar e como fazer? Descubra!<\/title>\n<meta name=\"description\" content=\"Quer aproveitar o tempo livre de forma produtiva? Conhe\u00e7a cursos de ver\u00e3o e surpreenda-se com o que pode aprender.\" \/>\n<meta name=\"robots\" content=\"index, follow, max-snippet:-1, max-image-preview:large, max-video-preview:-1\" \/>\n<link rel=\"canonical\" href=\"https:\/\/faculdade.grancursosonline.com.br\/blog\/curso-de-verao\/\" \/>\n<meta property=\"og:locale\" content=\"pt_BR\" \/>\n<meta property=\"og:type\" content=\"article\" \/>\n<meta property=\"og:title\" content=\"Curso de ver\u00e3o: onde encontrar e como fazer? Descubra!\" \/>\n<meta property=\"og:description\" content=\"Quer aproveitar o tempo livre de forma produtiva? Conhe\u00e7a cursos de ver\u00e3o e surpreenda-se com o que pode aprender.\" \/>\n<meta property=\"og:url\" content=\"https:\/\/faculdade.grancursosonline.com.br\/blog\/curso-de-verao\/\" \/>\n<meta property=\"og:site_name\" content=\"Blog Gran Faculdade\" \/>\n<meta property=\"article:publisher\" content=\"https:\/\/www.facebook.com\/grancursosonline\/\" \/>\n<meta property=\"article:published_time\" content=\"2025-09-25T20:31:07+00:00\" \/>\n<meta property=\"article:modified_time\" content=\"2025-09-25T20:31:16+00:00\" \/>\n<meta property=\"og:image\" content=\"https:\/\/blog-es-static.infra.grancursosonline.com.br\/wp-content\/uploads\/2025\/09\/25172959\/curso-de-verao.jpg\" \/>\n\t<meta property=\"og:image:width\" content=\"511\" \/>\n\t<meta property=\"og:image:height\" content=\"311\" \/>\n\t<meta property=\"og:image:type\" content=\"image\/jpeg\" \/>\n<meta name=\"author\" content=\"Guilherme Henrique\" \/>\n<meta name=\"twitter:card\" content=\"summary_large_image\" \/>\n<meta name=\"twitter:creator\" content=\"@gran_online\" \/>\n<meta name=\"twitter:site\" content=\"@gran_online\" \/>\n<meta name=\"twitter:label1\" content=\"Written by\" \/>\n\t<meta name=\"twitter:data1\" content=\"Guilherme Henrique\" \/>\n\t<meta name=\"twitter:label2\" content=\"Est. reading time\" \/>\n\t<meta name=\"twitter:data2\" content=\"7 minutos\" \/>\n<script type=\"application\/ld+json\" class=\"yoast-schema-graph\">{\"@context\":\"https:\/\/schema.org\",\"@graph\":[{\"@type\":\"NewsArticle\",\"@id\":\"https:\/\/faculdade.grancursosonline.com.br\/blog\/curso-de-verao\/#article\",\"isPartOf\":{\"@id\":\"https:\/\/faculdade.grancursosonline.com.br\/blog\/curso-de-verao\/\"},\"author\":{\"name\":\"Guilherme Henrique\",\"@id\":\"https:\/\/faculdade.grancursosonline.com.br\/blog\/#\/schema\/person\/9745f9b6db8976613c1f439dbcfe717d\"},\"headline\":\"Curso de ver\u00e3o: onde encontrar e como fazer? Descubra!\",\"datePublished\":\"2025-09-25T20:31:07+00:00\",\"dateModified\":\"2025-09-25T20:31:16+00:00\",\"mainEntityOfPage\":{\"@id\":\"https:\/\/faculdade.grancursosonline.com.br\/blog\/curso-de-verao\/\"},\"wordCount\":919,\"commentCount\":0,\"publisher\":{\"@id\":\"https:\/\/faculdade.grancursosonline.com.br\/blog\/#organization\"},\"image\":{\"@id\":\"https:\/\/faculdade.grancursosonline.com.br\/blog\/curso-de-verao\/#primaryimage\"},\"thumbnailUrl\":\"https:\/\/blog-es-static.infra.grancursosonline.com.br\/wp-content\/uploads\/2025\/09\/25172946\/curso-de-verao-2.jpg\",\"articleSection\":[\"Gradua\u00e7\u00e3o EAD\",\"Gradua\u00e7\u00e3o Gran Faculdade\",\"\u00daltimas Not\u00edcias\"],\"inLanguage\":\"pt-BR\",\"potentialAction\":[{\"@type\":\"CommentAction\",\"name\":\"Comment\",\"target\":[\"https:\/\/faculdade.grancursosonline.com.br\/blog\/curso-de-verao\/#respond\"]}],\"copyrightYear\":\"2025\",\"copyrightHolder\":{\"@id\":\"https:\/\/faculdade.grancursosonline.com.br\/blog\/#organization\"}},{\"@type\":\"WebPage\",\"@id\":\"https:\/\/faculdade.grancursosonline.com.br\/blog\/curso-de-verao\/\",\"url\":\"https:\/\/faculdade.grancursosonline.com.br\/blog\/curso-de-verao\/\",\"name\":\"Curso de ver\u00e3o: onde encontrar e como fazer? Descubra!\",\"isPartOf\":{\"@id\":\"https:\/\/faculdade.grancursosonline.com.br\/blog\/#website\"},\"primaryImageOfPage\":{\"@id\":\"https:\/\/faculdade.grancursosonline.com.br\/blog\/curso-de-verao\/#primaryimage\"},\"image\":{\"@id\":\"https:\/\/faculdade.grancursosonline.com.br\/blog\/curso-de-verao\/#primaryimage\"},\"thumbnailUrl\":\"https:\/\/blog-es-static.infra.grancursosonline.com.br\/wp-content\/uploads\/2025\/09\/25172946\/curso-de-verao-2.jpg\",\"datePublished\":\"2025-09-25T20:31:07+00:00\",\"dateModified\":\"2025-09-25T20:31:16+00:00\",\"description\":\"Quer aproveitar o tempo livre de forma produtiva? Conhe\u00e7a cursos de ver\u00e3o e surpreenda-se com o que pode aprender.\",\"breadcrumb\":{\"@id\":\"https:\/\/faculdade.grancursosonline.com.br\/blog\/curso-de-verao\/#breadcrumb\"},\"inLanguage\":\"pt-BR\",\"potentialAction\":[{\"@type\":\"ReadAction\",\"target\":[\"https:\/\/faculdade.grancursosonline.com.br\/blog\/curso-de-verao\/\"]}]},{\"@type\":\"ImageObject\",\"inLanguage\":\"pt-BR\",\"@id\":\"https:\/\/faculdade.grancursosonline.com.br\/blog\/curso-de-verao\/#primaryimage\",\"url\":\"https:\/\/blog-es-static.infra.grancursosonline.com.br\/wp-content\/uploads\/2025\/09\/25172946\/curso-de-verao-2.jpg\",\"contentUrl\":\"https:\/\/blog-es-static.infra.grancursosonline.com.br\/wp-content\/uploads\/2025\/09\/25172946\/curso-de-verao-2.jpg\",\"width\":1001,\"height\":601,\"caption\":\"Curso de ver\u00e3o: onde encontrar e como fazer? Descubra!\"},{\"@type\":\"BreadcrumbList\",\"@id\":\"https:\/\/faculdade.grancursosonline.com.br\/blog\/curso-de-verao\/#breadcrumb\",\"itemListElement\":[{\"@type\":\"ListItem\",\"position\":1,\"name\":\"In\u00edcio\",\"item\":\"https:\/\/faculdade.grancursosonline.com.br\/blog\/\"},{\"@type\":\"ListItem\",\"position\":2,\"name\":\"Gradua\u00e7\u00e3o Gran Faculdade\",\"item\":\"https:\/\/faculdade.grancursosonline.com.br\/blog\/graduacao\/\"},{\"@type\":\"ListItem\",\"position\":3,\"name\":\"Curso de ver\u00e3o: onde encontrar e como fazer? Descubra!\"}]},{\"@type\":\"WebSite\",\"@id\":\"https:\/\/faculdade.grancursosonline.com.br\/blog\/#website\",\"url\":\"https:\/\/faculdade.grancursosonline.com.br\/blog\/\",\"name\":\"Blog Gran Faculdade\",\"description\":\"Tudo sobre ensino superior, p\u00f3s-gradua\u00e7\u00e3o, enem e carreira.\",\"publisher\":{\"@id\":\"https:\/\/faculdade.grancursosonline.com.br\/blog\/#organization\"},\"potentialAction\":[{\"@type\":\"SearchAction\",\"target\":{\"@type\":\"EntryPoint\",\"urlTemplate\":\"https:\/\/faculdade.grancursosonline.com.br\/blog\/?s={search_term_string}\"},\"query-input\":{\"@type\":\"PropertyValueSpecification\",\"valueRequired\":true,\"valueName\":\"search_term_string\"}}],\"inLanguage\":\"pt-BR\"},{\"@type\":\"Organization\",\"@id\":\"https:\/\/faculdade.grancursosonline.com.br\/blog\/#organization\",\"name\":\"Gran Cursos Online\",\"url\":\"https:\/\/faculdade.grancursosonline.com.br\/blog\/\",\"logo\":{\"@type\":\"ImageObject\",\"inLanguage\":\"pt-BR\",\"@id\":\"https:\/\/faculdade.grancursosonline.com.br\/blog\/#\/schema\/logo\/image\/\",\"url\":\"https:\/\/blog-es-static.infra.grancursosonline.com.br\/wp-content\/uploads\/2019\/08\/03123934\/logo.png\",\"contentUrl\":\"https:\/\/blog-es-static.infra.grancursosonline.com.br\/wp-content\/uploads\/2019\/08\/03123934\/logo.png\",\"width\":300,\"height\":57,\"caption\":\"Gran Cursos Online\"},\"image\":{\"@id\":\"https:\/\/faculdade.grancursosonline.com.br\/blog\/#\/schema\/logo\/image\/\"},\"sameAs\":[\"https:\/\/www.facebook.com\/grancursosonline\/\",\"https:\/\/x.com\/gran_online\",\"https:\/\/www.instagram.com\/grancursosonline\/\",\"https:\/\/www.youtube.com\/user\/grancursostv\"]},{\"@type\":\"Person\",\"@id\":\"https:\/\/faculdade.grancursosonline.com.br\/blog\/#\/schema\/person\/9745f9b6db8976613c1f439dbcfe717d\",\"name\":\"Guilherme Henrique\",\"url\":\"https:\/\/faculdade.grancursosonline.com.br\/blog\/author\/guilherme-lourenco\/\"}]}<\/script>\n<!-- \/ Yoast SEO Premium plugin. -->","yoast_head_json":{"title":"Curso de ver\u00e3o: onde encontrar e como fazer? Descubra!","description":"Quer aproveitar o tempo livre de forma produtiva? Conhe\u00e7a cursos de ver\u00e3o e surpreenda-se com o que pode aprender.","robots":{"index":"index","follow":"follow","max-snippet":"max-snippet:-1","max-image-preview":"max-image-preview:large","max-video-preview":"max-video-preview:-1"},"canonical":"https:\/\/faculdade.grancursosonline.com.br\/blog\/curso-de-verao\/","og_locale":"pt_BR","og_type":"article","og_title":"Curso de ver\u00e3o: onde encontrar e como fazer? Descubra!","og_description":"Quer aproveitar o tempo livre de forma produtiva? Conhe\u00e7a cursos de ver\u00e3o e surpreenda-se com o que pode aprender.","og_url":"https:\/\/faculdade.grancursosonline.com.br\/blog\/curso-de-verao\/","og_site_name":"Blog Gran Faculdade","article_publisher":"https:\/\/www.facebook.com\/grancursosonline\/","article_published_time":"2025-09-25T20:31:07+00:00","article_modified_time":"2025-09-25T20:31:16+00:00","og_image":[{"width":511,"height":311,"url":"https:\/\/blog-es-static.infra.grancursosonline.com.br\/wp-content\/uploads\/2025\/09\/25172959\/curso-de-verao.jpg","type":"image\/jpeg"}],"author":"Guilherme Henrique","twitter_card":"summary_large_image","twitter_creator":"@gran_online","twitter_site":"@gran_online","twitter_misc":{"Written by":"Guilherme Henrique","Est. reading time":"7 minutos"},"schema":{"@context":"https:\/\/schema.org","@graph":[{"@type":"NewsArticle","@id":"https:\/\/faculdade.grancursosonline.com.br\/blog\/curso-de-verao\/#article","isPartOf":{"@id":"https:\/\/faculdade.grancursosonline.com.br\/blog\/curso-de-verao\/"},"author":{"name":"Guilherme Henrique","@id":"https:\/\/faculdade.grancursosonline.com.br\/blog\/#\/schema\/person\/9745f9b6db8976613c1f439dbcfe717d"},"headline":"Curso de ver\u00e3o: onde encontrar e como fazer? Descubra!","datePublished":"2025-09-25T20:31:07+00:00","dateModified":"2025-09-25T20:31:16+00:00","mainEntityOfPage":{"@id":"https:\/\/faculdade.grancursosonline.com.br\/blog\/curso-de-verao\/"},"wordCount":919,"commentCount":0,"publisher":{"@id":"https:\/\/faculdade.grancursosonline.com.br\/blog\/#organization"},"image":{"@id":"https:\/\/faculdade.grancursosonline.com.br\/blog\/curso-de-verao\/#primaryimage"},"thumbnailUrl":"https:\/\/blog-es-static.infra.grancursosonline.com.br\/wp-content\/uploads\/2025\/09\/25172946\/curso-de-verao-2.jpg","articleSection":["Gradua\u00e7\u00e3o EAD","Gradua\u00e7\u00e3o Gran Faculdade","\u00daltimas Not\u00edcias"],"inLanguage":"pt-BR","potentialAction":[{"@type":"CommentAction","name":"Comment","target":["https:\/\/faculdade.grancursosonline.com.br\/blog\/curso-de-verao\/#respond"]}],"copyrightYear":"2025","copyrightHolder":{"@id":"https:\/\/faculdade.grancursosonline.com.br\/blog\/#organization"}},{"@type":"WebPage","@id":"https:\/\/faculdade.grancursosonline.com.br\/blog\/curso-de-verao\/","url":"https:\/\/faculdade.grancursosonline.com.br\/blog\/curso-de-verao\/","name":"Curso de ver\u00e3o: onde encontrar e como fazer? Descubra!","isPartOf":{"@id":"https:\/\/faculdade.grancursosonline.com.br\/blog\/#website"},"primaryImageOfPage":{"@id":"https:\/\/faculdade.grancursosonline.com.br\/blog\/curso-de-verao\/#primaryimage"},"image":{"@id":"https:\/\/faculdade.grancursosonline.com.br\/blog\/curso-de-verao\/#primaryimage"},"thumbnailUrl":"https:\/\/blog-es-static.infra.grancursosonline.com.br\/wp-content\/uploads\/2025\/09\/25172946\/curso-de-verao-2.jpg","datePublished":"2025-09-25T20:31:07+00:00","dateModified":"2025-09-25T20:31:16+00:00","description":"Quer aproveitar o tempo livre de forma produtiva? Conhe\u00e7a cursos de ver\u00e3o e surpreenda-se com o que pode aprender.","breadcrumb":{"@id":"https:\/\/faculdade.grancursosonline.com.br\/blog\/curso-de-verao\/#breadcrumb"},"inLanguage":"pt-BR","potentialAction":[{"@type":"ReadAction","target":["https:\/\/faculdade.grancursosonline.com.br\/blog\/curso-de-verao\/"]}]},{"@type":"ImageObject","inLanguage":"pt-BR","@id":"https:\/\/faculdade.grancursosonline.com.br\/blog\/curso-de-verao\/#primaryimage","url":"https:\/\/blog-es-static.infra.grancursosonline.com.br\/wp-content\/uploads\/2025\/09\/25172946\/curso-de-verao-2.jpg","contentUrl":"https:\/\/blog-es-static.infra.grancursosonline.com.br\/wp-content\/uploads\/2025\/09\/25172946\/curso-de-verao-2.jpg","width":1001,"height":601,"caption":"Curso de ver\u00e3o: onde encontrar e como fazer? Descubra!"},{"@type":"BreadcrumbList","@id":"https:\/\/faculdade.grancursosonline.com.br\/blog\/curso-de-verao\/#breadcrumb","itemListElement":[{"@type":"ListItem","position":1,"name":"In\u00edcio","item":"https:\/\/faculdade.grancursosonline.com.br\/blog\/"},{"@type":"ListItem","position":2,"name":"Gradua\u00e7\u00e3o Gran Faculdade","item":"https:\/\/faculdade.grancursosonline.com.br\/blog\/graduacao\/"},{"@type":"ListItem","position":3,"name":"Curso de ver\u00e3o: onde encontrar e como fazer? Descubra!"}]},{"@type":"WebSite","@id":"https:\/\/faculdade.grancursosonline.com.br\/blog\/#website","url":"https:\/\/faculdade.grancursosonline.com.br\/blog\/","name":"Blog Gran Faculdade","description":"Tudo sobre ensino superior, p\u00f3s-gradua\u00e7\u00e3o, enem e carreira.","publisher":{"@id":"https:\/\/faculdade.grancursosonline.com.br\/blog\/#organization"},"potentialAction":[{"@type":"SearchAction","target":{"@type":"EntryPoint","urlTemplate":"https:\/\/faculdade.grancursosonline.com.br\/blog\/?s={search_term_string}"},"query-input":{"@type":"PropertyValueSpecification","valueRequired":true,"valueName":"search_term_string"}}],"inLanguage":"pt-BR"},{"@type":"Organization","@id":"https:\/\/faculdade.grancursosonline.com.br\/blog\/#organization","name":"Gran Cursos Online","url":"https:\/\/faculdade.grancursosonline.com.br\/blog\/","logo":{"@type":"ImageObject","inLanguage":"pt-BR","@id":"https:\/\/faculdade.grancursosonline.com.br\/blog\/#\/schema\/logo\/image\/","url":"https:\/\/blog-es-static.infra.grancursosonline.com.br\/wp-content\/uploads\/2019\/08\/03123934\/logo.png","contentUrl":"https:\/\/blog-es-static.infra.grancursosonline.com.br\/wp-content\/uploads\/2019\/08\/03123934\/logo.png","width":300,"height":57,"caption":"Gran Cursos Online"},"image":{"@id":"https:\/\/faculdade.grancursosonline.com.br\/blog\/#\/schema\/logo\/image\/"},"sameAs":["https:\/\/www.facebook.com\/grancursosonline\/","https:\/\/x.com\/gran_online","https:\/\/www.instagram.com\/grancursosonline\/","https:\/\/www.youtube.com\/user\/grancursostv"]},{"@type":"Person","@id":"https:\/\/faculdade.grancursosonline.com.br\/blog\/#\/schema\/person\/9745f9b6db8976613c1f439dbcfe717d","name":"Guilherme Henrique","url":"https:\/\/faculdade.grancursosonline.com.br\/blog\/author\/guilherme-lourenco\/"}]}},"_links":{"self":[{"href":"https:\/\/faculdade.grancursosonline.com.br\/blog\/wp-json\/wp\/v2\/posts\/79758160","targetHints":{"allow":["GET"]}}],"collection":[{"href":"https:\/\/faculdade.grancursosonline.com.br\/blog\/wp-json\/wp\/v2\/posts"}],"about":[{"href":"https:\/\/faculdade.grancursosonline.com.br\/blog\/wp-json\/wp\/v2\/types\/post"}],"author":[{"embeddable":true,"href":"https:\/\/faculdade.grancursosonline.com.br\/blog\/wp-json\/wp\/v2\/users\/514"}],"replies":[{"embeddable":true,"href":"https:\/\/faculdade.grancursosonline.com.br\/blog\/wp-json\/wp\/v2\/comments?post=79758160"}],"version-history":[{"count":1,"href":"https:\/\/faculdade.grancursosonline.com.br\/blog\/wp-json\/wp\/v2\/posts\/79758160\/revisions"}],"predecessor-version":[{"id":79758163,"href":"https:\/\/faculdade.grancursosonline.com.br\/blog\/wp-json\/wp\/v2\/posts\/79758160\/revisions\/79758163"}],"wp:featuredmedia":[{"embeddable":true,"href":"https:\/\/faculdade.grancursosonline.com.br\/blog\/wp-json\/wp\/v2\/media\/79758161"}],"wp:attachment":[{"href":"https:\/\/faculdade.grancursosonline.com.br\/blog\/wp-json\/wp\/v2\/media?parent=79758160"}],"wp:term":[{"taxonomy":"category","embeddable":true,"href":"https:\/\/faculdade.grancursosonline.com.br\/blog\/wp-json\/wp\/v2\/categories?post=79758160"},{"taxonomy":"post_tag","embeddable":true,"href":"https:\/\/faculdade.grancursosonline.com.br\/blog\/wp-json\/wp\/v2\/tags?post=79758160"}],"curies":[{"name":"wp","href":"https:\/\/api.w.org\/{rel}","templated":true}]}}