{"id":79758199,"date":"2025-09-29T17:29:47","date_gmt":"2025-09-29T20:29:47","guid":{"rendered":"https:\/\/faculdade.grancursosonline.com.br\/blog\/?p=79758199"},"modified":"2025-10-01T09:31:14","modified_gmt":"2025-10-01T12:31:14","slug":"pensamento-critico","status":"publish","type":"post","link":"https:\/\/faculdade.grancursosonline.com.br\/blog\/pensamento-critico\/","title":{"rendered":"Pensamento Cr\u00edtico: o que \u00e9 e como desenvolver? Confira!"},"content":{"rendered":"\n<p>Voc\u00ea j\u00e1 parou para pensar em como tomamos decis\u00f5es no dia a dia? Muitas vezes, seguimos pelo autom\u00e1tico, sem questionar ou analisar as informa\u00e7\u00f5es ao nosso redor. \u00c9 a\u00ed que entra o pensamento cr\u00edtico: uma habilidade que nos ajuda a enxergar al\u00e9m do \u00f3bvio.<\/p>\n\n\n\n<p>Desenvolver essa forma de pensar n\u00e3o \u00e9 apenas \u00fatil para estudar ou trabalhar, mas tamb\u00e9m para lidar com situa\u00e7\u00f5es comuns da vida. Afinal, ter pensamento cr\u00edtico significa avaliar melhor, refletir antes de agir e fazer escolhas mais conscientes.<\/p>\n\n\n\n<p>Por isso, se deseja saber como desenvolver um pensamento cr\u00edtico, acompanhe este artigo na \u00edntegra, ou navegue pelo \u00edndice se achar melhor:<\/p>\n\n\n\n<ul class=\"wp-block-list\">\n<li><a href=\"#h-o-que-e-pensamento-critico\">O que \u00e9 pensamento cr\u00edtico?<\/a><\/li>\n\n\n\n<li><a href=\"#h-por-que-o-pensamento-critico-e-importante\">Por que o pensamento cr\u00edtico \u00e9 importante?<\/a><\/li>\n\n\n\n<li><a href=\"#h-habilidades-que-fazem-parte-do-pensamento-critico\">Habilidades que fazem parte do pensamento cr\u00edtico<\/a><\/li>\n\n\n\n<li><a href=\"#h-como-desenvolver-o-pensamento-critico-no-dia-a-dia\">Como desenvolver o pensamento cr\u00edtico no dia a dia?<\/a><\/li>\n\n\n\n<li><a href=\"#h-exemplos-de-situacoes-em-que-o-pensamento-critico-faz-diferenca\">Exemplos de situa\u00e7\u00f5es em que o pensamento cr\u00edtico faz diferen\u00e7a<\/a><\/li>\n\n\n\n<li><a href=\"#h-o-papel-da-educacao-e-da-pratica-no-fortalecimento-do-pensamento-critico\">O papel da educa\u00e7\u00e3o e da pr\u00e1tica no fortalecimento do pensamento cr\u00edtico<\/a><\/li>\n<\/ul>\n\n\n\n<div class=\"wp-block-columns is-layout-flex wp-container-core-columns-is-layout-9d6595d7 wp-block-columns-is-layout-flex\">\n<div class=\"wp-block-column is-layout-flow wp-block-column-is-layout-flow\" style=\"flex-basis:100%\"><div class=\"wp-block-image\">\n<figure class=\"aligncenter size-full\"><a href=\"https:\/\/whatsapp.com\/channel\/0029VaG1sChI7Be7PNndhL43\" target=\"_blank\" rel=\"noopener\"><img decoding=\"async\" src=\"https:\/\/blog-es-static.infra.grancursosonline.com.br\/wp-content\/uploads\/2025\/09\/09112354\/banner-wp-600x142-80.webp\" alt=\"Acesse o canal do WhatsApp da Gran Faculdade\" class=\"wp-image-79751904\"\/><\/a><\/figure>\n<\/div><\/div>\n<\/div>\n\n\n\n<h2 class=\"wp-block-heading\" id=\"h-o-que-e-pensamento-critico\"><strong>O que \u00e9 pensamento cr\u00edtico?<\/strong><br><\/h2>\n\n\n\n<p>Pensamento cr\u00edtico \u00e9 a habilidade de analisar informa\u00e7\u00f5es de forma mais profunda, questionando e refletindo antes de tomar decis\u00f5es. Isso envolve tamb\u00e9m buscar entender os diferentes pontos de vista antes de tirar conclus\u00f5es.<\/p>\n\n\n\n<p>N\u00e3o \u00e9 apenas sobre duvidar de tudo, mas sim sobre avaliar o que faz sentido e o que precisa de mais aten\u00e7\u00e3o. Ao usar o pensamento cr\u00edtico, voc\u00ea desenvolve a habilidade de separar fatos de opini\u00f5es.<\/p>\n\n\n\n<p>Com o pensamento cr\u00edtico, conseguimos n\u00e3o s\u00f3&nbsp; enxergar diferentes pontos de vista, mas avaliar riscos e agir de forma mais consciente. \u00c9 uma habilidade que pode ser praticada e aprimorada com o tempo.<\/p>\n\n\n\n<h2 class=\"wp-block-heading\" id=\"h-por-que-o-pensamento-critico-e-importante\"><strong>Por que o pensamento cr\u00edtico \u00e9 importante?<\/strong><br><\/h2>\n\n\n\n<p>Vivemos em um mundo cheio de informa\u00e7\u00f5es, muitas vezes r\u00e1pidas e superficiais. O pensamento cr\u00edtico \u00e9 importante justamente porque nos ajuda a filtrar o que realmente importa.<\/p>\n\n\n\n<p>Al\u00e9m disso, essa habilidade ajuda no estudo, no trabalho e at\u00e9 em escolhas pessoais. Veja alguns pontos onde o pensamento cr\u00edtico faz a diferen\u00e7a:<\/p>\n\n\n\n<ul class=\"wp-block-list\">\n<li><strong>No aprendizado:<\/strong> melhora a compreens\u00e3o de conte\u00fados e estimula a busca por respostas;<\/li>\n\n\n\n<li><strong>Na carreira:<\/strong> ajuda a resolver problemas e tomar decis\u00f5es mais seguras;<\/li>\n\n\n\n<li><strong>No consumo de informa\u00e7\u00f5es:<\/strong> evita cair em fake news ou acreditar em dados sem base;<\/li>\n\n\n\n<li><strong>Nas rela\u00e7\u00f5es pessoais:<\/strong> fortalece a comunica\u00e7\u00e3o e a empatia ao considerar diferentes perspectivas;<\/li>\n\n\n\n<li><strong>Na vida pr\u00e1tica:<\/strong> torna as escolhas mais conscientes e menos impulsivas.<\/li>\n<\/ul>\n\n\n\n<h2 class=\"wp-block-heading\" id=\"h-habilidades-que-fazem-parte-do-pensamento-critico\"><strong>Habilidades que fazem parte do pensamento cr\u00edtico<\/strong><\/h2>\n\n\n\n<p>O pensamento cr\u00edtico n\u00e3o acontece de uma hora para outra. Para desenvolv\u00ea-lo, algumas habilidades precisam caminhar juntas. Elas s\u00e3o como pe\u00e7as de um quebra-cabe\u00e7a que, quando combinadas, fortalecem nossa forma de analisar e decidir. \u00c9 poss\u00edvel citar:<\/p>\n\n\n\n<ul class=\"wp-block-list\">\n<li><strong>Capacidade de questionar:<\/strong> fazer perguntas certas para entender melhor um assunto;<\/li>\n\n\n\n<li><strong>An\u00e1lise de informa\u00e7\u00f5es:<\/strong> avaliar dados, argumentos e fontes de forma criteriosa;<\/li>\n\n\n\n<li><strong>Argumenta\u00e7\u00e3o:<\/strong> construir opini\u00f5es s\u00f3lidas, baseadas em fatos e l\u00f3gica;<\/li>\n\n\n\n<li><strong>Resolu\u00e7\u00e3o de problemas:<\/strong> buscar solu\u00e7\u00f5es criativas e eficazes para diferentes situa\u00e7\u00f5es;<\/li>\n\n\n\n<li><strong>Criatividade:<\/strong> olhar para os desafios de novos \u00e2ngulos, explorando possibilidades.<\/li>\n<\/ul>\n\n\n\n<p>Essas habilidades, somadas, tornam o pensamento cr\u00edtico uma forma de lidar com a vida de forma mais consciente e estrat\u00e9gica.<\/p>\n\n\n\n<h2 class=\"wp-block-heading\" id=\"h-como-desenvolver-o-pensamento-critico-no-dia-a-dia\"><strong>Como desenvolver o pensamento cr\u00edtico no dia a dia?<\/strong><br><\/h2>\n\n\n\n<p>Para treinar o pensamento cr\u00edtico, \u00e9 preciso come\u00e7ar pelo h\u00e1bito de fazer perguntas. Em vez de aceitar a primeira resposta ou informa\u00e7\u00e3o, tente investigar mais e buscar outras fontes.<\/p>\n\n\n\n<p>Tamb\u00e9m \u00e9 importante refletir sobre as pr\u00f3prias escolhas. Pergunte-se: \u201cPor que decidi isso? Poderia ter feito diferente?\u201d Esse exerc\u00edcio simples ajuda a criar mais consci\u00eancia nas suas a\u00e7\u00f5es.<\/p>\n\n\n\n<p>Al\u00e9m disso, ler bastante, debater ideias e refletir sobre as pr\u00f3prias decis\u00f5es s\u00e3o h\u00e1bitos que ajudam a fortalecer o pensamento cr\u00edtico. Quanto mais voc\u00ea se exercita, mais natural esse pensamento se torna.<\/p>\n\n\n\n<h2 class=\"wp-block-heading\" id=\"h-exemplos-de-situacoes-em-que-o-pensamento-critico-faz-diferenca\"><strong>Exemplos de situa\u00e7\u00f5es em que o pensamento cr\u00edtico faz diferen\u00e7a<\/strong><br><\/h2>\n\n\n\n<p>O pensamento cr\u00edtico pode ser aplicado em v\u00e1rias situa\u00e7\u00f5es do dia a dia, e \u00e9 justamente nesses momentos que percebemos sua import\u00e2ncia. Confira alguns exemplos:<\/p>\n\n\n\n<ul class=\"wp-block-list\">\n<li>Analisar se uma promo\u00e7\u00e3o realmente vale a pena antes de comprar;<\/li>\n\n\n\n<li>Analisar se uma not\u00edcia compartilhada nas redes sociais \u00e9 verdadeira;<\/li>\n\n\n\n<li>Decidir qual curso ou profiss\u00e3o seguir, avaliando pr\u00f3s e contras;<\/li>\n\n\n\n<li>Avaliar pr\u00f3s e contras de uma decis\u00e3o importante no trabalho;<\/li>\n\n\n\n<li>Debater opini\u00f5es sem conflitos, entendendo diferentes pontos de vista.<\/li>\n<\/ul>\n\n\n\n<h2 class=\"wp-block-heading\" id=\"h-o-papel-da-educacao-e-da-pratica-no-fortalecimento-do-pensamento-critico\"><strong>O papel da educa\u00e7\u00e3o e da pr\u00e1tica no fortalecimento do pensamento cr\u00edtico<\/strong><\/h2>\n\n\n\n<p>A educa\u00e7\u00e3o tem um papel fundamental no desenvolvimento do pensamento cr\u00edtico, pois incentiva a busca pelo conhecimento e o h\u00e1bito de questionar. Cada aprendizado \u00e9 uma oportunidade para exercitar a mente.<\/p>\n\n\n\n<p>Mas apenas conhecer o conceito n\u00e3o basta: \u00e9 a pr\u00e1tica di\u00e1ria que torna essa habilidade parte natural da nossa forma de agir. Quanto mais usamos, mais ela se fortalece.<\/p>\n\n\n\n<p>Com o tempo, o pensamento cr\u00edtico se torna parte natural do jeito de pensar. Ele passa a guiar decis\u00f5es, a melhorar rela\u00e7\u00f5es e a abrir caminhos para o crescimento pessoal e profissional.<\/p>\n\n\n\n<h2 class=\"wp-block-heading\" id=\"h-vem-pra-gran-faculdade\">Vem pra Gran Faculdade!<\/h2>\n\n\n\n<p>A Gran Faculdade vem mudando a vida de milhares de pessoas por meio de cursos \u00e0 dist\u00e2ncia de <a href=\"https:\/\/faculdade.grancursosonline.com.br\/\" target=\"_blank\" rel=\"noreferrer noopener\">gradua\u00e7\u00e3o<\/a>, <a href=\"https:\/\/pos.grancursosonline.com.br\/\" target=\"_blank\" rel=\"noreferrer noopener\">p\u00f3s-gradua\u00e7\u00e3o<\/a> e <a href=\"https:\/\/pos.grancursosonline.com.br\/mba\" target=\"_blank\" rel=\"noreferrer noopener\">MBA<\/a>. Seja no digital ou em nosso <a href=\"https:\/\/presencial.grancursosonline.com.br\/\" target=\"_blank\" rel=\"noreferrer noopener\">Campus Presencial em Curitiba<\/a>, a nossa miss\u00e3o \u00e9 transformar a educa\u00e7\u00e3o superior.<\/p>\n\n\n\n<p>Como parte de Sistema Gran de Ensino, que \u00e9 reconhecido como marca aprovadora h\u00e1 mais de 10 anos, constru\u00edmos uma renomada reputa\u00e7\u00e3o na \u00e1rea de educa\u00e7\u00e3o.<\/p>\n\n\n\n<p>Veja algumas de nossas conquistas:<\/p>\n\n\n\n<ul class=\"wp-block-list\">\n<li>Reconhecido pela Amazon como um dos projetos mais relevantes do mundo na \u00e1rea de Tecnologia e Educa\u00e7\u00e3o;<\/li>\n\n\n\n<li>Foi eleito pelo Project Management Institute (PMI), um dos 50 Projetos Mais Influentes do mundo;<\/li>\n\n\n\n<li>Somos o site de educa\u00e7\u00e3o mais acessado do Brasil;<\/li>\n\n\n\n<li>Somos avaliados com a nota m\u00e1xima pelo MEC;<\/li>\n\n\n\n<li>Aqui o semestre come\u00e7a quando quiser: entrada imediata e cont\u00ednua!<\/li>\n\n\n\n<li>Melhores pre\u00e7os do mercado;<\/li>\n\n\n\n<li>Mais de 800 mil alunos pagantes e mais de 1000 funcion\u00e1rios;<\/li>\n\n\n\n<li>Diversas ferramentas de estudo: PDFs, audiobooks, mapas mentais, videoaulas, quest\u00f5es, gerenciador de estudos e muito mais!<\/li>\n\n\n\n<li>Professores experientes e capacitados;<\/li>\n\n\n\n<li>Acesso imediato e 100% online.<\/li>\n<\/ul>\n\n\n\n<p class=\"has-text-align-center has-text-align-center\"><strong><a href=\"https:\/\/faculdade.grancursosonline.com.br\/\">Quero ser aluno da Gran Faculdade<\/a><\/strong><\/p>\n\n\n\n<div class=\"wp-block-group has-background\" style=\"background-color:#8dd2fc7a\"><div class=\"wp-block-group__inner-container is-layout-constrained wp-block-group-is-layout-constrained\">\n<p><strong>Outras not\u00edcias em destaque:<\/strong><\/p>\n\n\n\n<ul class=\"wp-block-list\">\n<li><a href=\"https:\/\/faculdade.grancursosonline.com.br\/blog\/pensamento-computacional\/\" target=\"_blank\" rel=\"noreferrer noopener\">Pensamento computacional: o que \u00e9 e por que \u00e9 importante?<\/a><\/li>\n\n\n\n<li><a href=\"https:\/\/faculdade.grancursosonline.com.br\/blog\/cursos-para-quem-gosta-de-filosofia\/\" target=\"_blank\" rel=\"noreferrer noopener\">Cursos para quem gosta de filosofia: 4 op\u00e7\u00f5es de gradua\u00e7\u00e3o! Confira<\/a><\/li>\n\n\n\n<li><a href=\"https:\/\/faculdade.grancursosonline.com.br\/blog\/mbti\/\" target=\"_blank\" rel=\"noreferrer noopener\">MBTI: o que \u00e9 e como funciona esse teste de personalidade?<\/a><\/li>\n<\/ul>\n<\/div><\/div>\n\n\n\n<div class=\"wp-block-group\"><div class=\"wp-block-group__inner-container is-layout-constrained wp-block-group-is-layout-constrained\">\n<div class=\"wp-block-group\"><div class=\"wp-block-group__inner-container is-layout-constrained wp-block-group-is-layout-constrained\">\n<section style=\"text-align: center;\">\n<p>Quer ficar por dentro da Faculdade Digital mais inovadora do Brasil?<\/p>\n<nav>\n<p class=\"has-background has-dark-bluish-background-color\" style=\"font-size: 25px; text-align: center; background: #f0f0f0; color: #ffffff; padding: 4px 0px 4xp 0px;\"><a style=\"color: #0d134c; text-decoration: underline;\" href=\"https:\/\/faculdade.grancursosonline.com.br\/\" target=\"_blank\" rel=\"noopener\">GRADUA\u00c7\u00c3O<\/a><\/p>\n<p class=\"has-background has-dark-bluish-background-color\" style=\"font-size: 25px; text-align: center; background: #f0f0f0; color: #ffffff; padding: 4px 0px 4xp 0px;\"><a style=\"color: #0d134c; text-decoration: underline;\" href=\"https:\/\/pos.grancursosonline.com.br\/\" target=\"_blank\" rel=\"noopener\">P\u00d3S-GRADUA\u00c7\u00c3O<\/a><\/p>\n<p class=\"has-background has-dark-bluish-background-color\" style=\"font-size: 25px; text-align: center; background: #f0f0f0; color: #ffffff; padding: 4px 0px 4xp 0px;\"><a style=\"color: #0d134c; text-decoration: underline;\" href=\"https:\/\/faculdade.grancursosonline.com.br\/nossos-cursos\/\" target=\"_blank\" rel=\"noopener\">TUDO SOBRE A GRAN FACULDADE<\/a><\/p>\n<\/nav>\n<p><strong>Receba <span style=\"color: #cf1e25;\">gratuitamente<\/span> no seu celular as principais not\u00edcias sobre a Gran Faculdade! <br \/>Clique no link abaixo e inscreva-se:<\/strong><\/p>\n<p class=\"has-background has-dark-bluish-background-color\" style=\"font-size: 25px; text-align: center; background: #f0f0f0; color: #ffffff; padding: 4px 0px 4xp 0px;\"><a style=\"color: #0d134c; text-decoration: underline;\" href=\"https:\/\/whatsapp.com\/channel\/0029VaG1sChI7Be7PNndhL43\" target=\"_blank\" rel=\"noopener noreferrer\">WHATSAPP<\/a><\/p>\n<p class=\"has-background has-dark-bluish-background-color\" style=\"font-size: 25px; text-align: center; background: #f0f0f0; color: #ffffff; padding: 4px 0px 4xp 0px;\"><a style=\"color: #0d134c; text-decoration: underline;\" href=\"https:\/\/t.me\/GranFaculdade\" target=\"_blank\" rel=\"noopener noreferrer\">TELEGRAM<\/a><\/p>\n<\/section>\n<\/div><\/div>\n<\/div><\/div>\n","protected":false},"excerpt":{"rendered":"<p>Voc\u00ea j\u00e1 parou para pensar em como tomamos decis\u00f5es no dia a dia? Muitas vezes, seguimos pelo autom\u00e1tico, sem questionar ou analisar as informa\u00e7\u00f5es ao nosso redor. \u00c9 a\u00ed que entra o pensamento cr\u00edtico: uma habilidade que nos ajuda a enxergar al\u00e9m do \u00f3bvio. Desenvolver essa forma de pensar n\u00e3o \u00e9 apenas \u00fatil para estudar&hellip;<\/p>\n","protected":false},"author":514,"featured_media":79758252,"comment_status":"open","ping_status":"open","sticky":false,"template":"","format":"standard","meta":{"_acf_changed":false,"content-type":"","footnotes":""},"categories":[219790,218545,2],"tags":[],"class_list":["post-79758199","post","type-post","status-publish","format-standard","has-post-thumbnail","hentry","category-graduacao-ead","category-graduacao","category-ultimas-noticias"],"acf":[],"yoast_head":"<!-- This site is optimized with the Yoast SEO Premium plugin v27.2 (Yoast SEO v27.2) - https:\/\/yoast.com\/product\/yoast-seo-premium-wordpress\/ -->\n<title>Pensamento Cr\u00edtico: o que \u00e9 e como desenvolver? Confira!<\/title>\n<meta name=\"description\" content=\"Pensamento cr\u00edtico: entenda o que \u00e9, por que faz diferen\u00e7a e descubra dicas pr\u00e1ticas para desenvolver essa habilidade no dia a dia.\" \/>\n<meta name=\"robots\" content=\"index, follow, max-snippet:-1, max-image-preview:large, max-video-preview:-1\" \/>\n<link rel=\"canonical\" href=\"https:\/\/faculdade.grancursosonline.com.br\/blog\/pensamento-critico\/\" \/>\n<meta property=\"og:locale\" content=\"pt_BR\" \/>\n<meta property=\"og:type\" content=\"article\" \/>\n<meta property=\"og:title\" content=\"Pensamento Cr\u00edtico: o que \u00e9 e como desenvolver? Confira!\" \/>\n<meta property=\"og:description\" content=\"Pensamento cr\u00edtico: entenda o que \u00e9, por que faz diferen\u00e7a e descubra dicas pr\u00e1ticas para desenvolver essa habilidade no dia a dia.\" \/>\n<meta property=\"og:url\" content=\"https:\/\/faculdade.grancursosonline.com.br\/blog\/pensamento-critico\/\" \/>\n<meta property=\"og:site_name\" content=\"Blog Gran Faculdade\" \/>\n<meta property=\"article:publisher\" content=\"https:\/\/www.facebook.com\/grancursosonline\/\" \/>\n<meta property=\"article:published_time\" content=\"2025-09-29T20:29:47+00:00\" \/>\n<meta property=\"article:modified_time\" content=\"2025-10-01T12:31:14+00:00\" \/>\n<meta property=\"og:image\" content=\"https:\/\/blog-es-static.infra.grancursosonline.com.br\/wp-content\/uploads\/2025\/09\/01093055\/pensamento-critico-2.webp\" \/>\n\t<meta property=\"og:image:width\" content=\"1063\" \/>\n\t<meta property=\"og:image:height\" content=\"648\" \/>\n\t<meta property=\"og:image:type\" content=\"image\/webp\" \/>\n<meta name=\"author\" content=\"Guilherme Henrique\" \/>\n<meta name=\"twitter:card\" content=\"summary_large_image\" \/>\n<meta name=\"twitter:creator\" content=\"@gran_online\" \/>\n<meta name=\"twitter:site\" content=\"@gran_online\" \/>\n<meta name=\"twitter:label1\" content=\"Written by\" \/>\n\t<meta name=\"twitter:data1\" content=\"Guilherme Henrique\" \/>\n\t<meta name=\"twitter:label2\" content=\"Est. reading time\" \/>\n\t<meta name=\"twitter:data2\" content=\"19 minutos\" \/>\n<script type=\"application\/ld+json\" class=\"yoast-schema-graph\">{\"@context\":\"https:\/\/schema.org\",\"@graph\":[{\"@type\":\"NewsArticle\",\"@id\":\"https:\/\/faculdade.grancursosonline.com.br\/blog\/pensamento-critico\/#article\",\"isPartOf\":{\"@id\":\"https:\/\/faculdade.grancursosonline.com.br\/blog\/pensamento-critico\/\"},\"author\":{\"name\":\"Guilherme Henrique\",\"@id\":\"https:\/\/faculdade.grancursosonline.com.br\/blog\/#\/schema\/person\/9745f9b6db8976613c1f439dbcfe717d\"},\"headline\":\"Pensamento Cr\u00edtico: o que \u00e9 e como desenvolver? Confira!\",\"datePublished\":\"2025-09-29T20:29:47+00:00\",\"dateModified\":\"2025-10-01T12:31:14+00:00\",\"mainEntityOfPage\":{\"@id\":\"https:\/\/faculdade.grancursosonline.com.br\/blog\/pensamento-critico\/\"},\"wordCount\":924,\"commentCount\":0,\"publisher\":{\"@id\":\"https:\/\/faculdade.grancursosonline.com.br\/blog\/#organization\"},\"image\":{\"@id\":\"https:\/\/faculdade.grancursosonline.com.br\/blog\/pensamento-critico\/#primaryimage\"},\"thumbnailUrl\":\"https:\/\/blog-es-static.infra.grancursosonline.com.br\/wp-content\/uploads\/2025\/09\/01093026\/pensamento-critico.webp\",\"articleSection\":[\"Gradua\u00e7\u00e3o EAD\",\"Gradua\u00e7\u00e3o Gran Faculdade\",\"\u00daltimas Not\u00edcias\"],\"inLanguage\":\"pt-BR\",\"potentialAction\":[{\"@type\":\"CommentAction\",\"name\":\"Comment\",\"target\":[\"https:\/\/faculdade.grancursosonline.com.br\/blog\/pensamento-critico\/#respond\"]}],\"copyrightYear\":\"2025\",\"copyrightHolder\":{\"@id\":\"https:\/\/faculdade.grancursosonline.com.br\/blog\/#organization\"}},{\"@type\":\"WebPage\",\"@id\":\"https:\/\/faculdade.grancursosonline.com.br\/blog\/pensamento-critico\/\",\"url\":\"https:\/\/faculdade.grancursosonline.com.br\/blog\/pensamento-critico\/\",\"name\":\"Pensamento Cr\u00edtico: o que \u00e9 e como desenvolver? Confira!\",\"isPartOf\":{\"@id\":\"https:\/\/faculdade.grancursosonline.com.br\/blog\/#website\"},\"primaryImageOfPage\":{\"@id\":\"https:\/\/faculdade.grancursosonline.com.br\/blog\/pensamento-critico\/#primaryimage\"},\"image\":{\"@id\":\"https:\/\/faculdade.grancursosonline.com.br\/blog\/pensamento-critico\/#primaryimage\"},\"thumbnailUrl\":\"https:\/\/blog-es-static.infra.grancursosonline.com.br\/wp-content\/uploads\/2025\/09\/01093026\/pensamento-critico.webp\",\"datePublished\":\"2025-09-29T20:29:47+00:00\",\"dateModified\":\"2025-10-01T12:31:14+00:00\",\"description\":\"Pensamento cr\u00edtico: entenda o que \u00e9, por que faz diferen\u00e7a e descubra dicas pr\u00e1ticas para desenvolver essa habilidade no dia a dia.\",\"breadcrumb\":{\"@id\":\"https:\/\/faculdade.grancursosonline.com.br\/blog\/pensamento-critico\/#breadcrumb\"},\"inLanguage\":\"pt-BR\",\"potentialAction\":[{\"@type\":\"ReadAction\",\"target\":[\"https:\/\/faculdade.grancursosonline.com.br\/blog\/pensamento-critico\/\"]}]},{\"@type\":\"ImageObject\",\"inLanguage\":\"pt-BR\",\"@id\":\"https:\/\/faculdade.grancursosonline.com.br\/blog\/pensamento-critico\/#primaryimage\",\"url\":\"https:\/\/blog-es-static.infra.grancursosonline.com.br\/wp-content\/uploads\/2025\/09\/01093026\/pensamento-critico.webp\",\"contentUrl\":\"https:\/\/blog-es-static.infra.grancursosonline.com.br\/wp-content\/uploads\/2025\/09\/01093026\/pensamento-critico.webp\",\"width\":2084,\"height\":1252,\"caption\":\"Pensamento Cr\u00edtico: o que \u00e9 e como desenvolver?\"},{\"@type\":\"BreadcrumbList\",\"@id\":\"https:\/\/faculdade.grancursosonline.com.br\/blog\/pensamento-critico\/#breadcrumb\",\"itemListElement\":[{\"@type\":\"ListItem\",\"position\":1,\"name\":\"In\u00edcio\",\"item\":\"https:\/\/faculdade.grancursosonline.com.br\/blog\/\"},{\"@type\":\"ListItem\",\"position\":2,\"name\":\"Gradua\u00e7\u00e3o Gran Faculdade\",\"item\":\"https:\/\/faculdade.grancursosonline.com.br\/blog\/graduacao\/\"},{\"@type\":\"ListItem\",\"position\":3,\"name\":\"Pensamento Cr\u00edtico: o que \u00e9 e como desenvolver? Confira!\"}]},{\"@type\":\"WebSite\",\"@id\":\"https:\/\/faculdade.grancursosonline.com.br\/blog\/#website\",\"url\":\"https:\/\/faculdade.grancursosonline.com.br\/blog\/\",\"name\":\"Blog Gran Faculdade\",\"description\":\"Tudo sobre ensino superior, p\u00f3s-gradua\u00e7\u00e3o, enem e carreira.\",\"publisher\":{\"@id\":\"https:\/\/faculdade.grancursosonline.com.br\/blog\/#organization\"},\"potentialAction\":[{\"@type\":\"SearchAction\",\"target\":{\"@type\":\"EntryPoint\",\"urlTemplate\":\"https:\/\/faculdade.grancursosonline.com.br\/blog\/?s={search_term_string}\"},\"query-input\":{\"@type\":\"PropertyValueSpecification\",\"valueRequired\":true,\"valueName\":\"search_term_string\"}}],\"inLanguage\":\"pt-BR\"},{\"@type\":\"Organization\",\"@id\":\"https:\/\/faculdade.grancursosonline.com.br\/blog\/#organization\",\"name\":\"Gran Cursos Online\",\"url\":\"https:\/\/faculdade.grancursosonline.com.br\/blog\/\",\"logo\":{\"@type\":\"ImageObject\",\"inLanguage\":\"pt-BR\",\"@id\":\"https:\/\/faculdade.grancursosonline.com.br\/blog\/#\/schema\/logo\/image\/\",\"url\":\"https:\/\/blog-es-static.infra.grancursosonline.com.br\/wp-content\/uploads\/2019\/08\/03123934\/logo.png\",\"contentUrl\":\"https:\/\/blog-es-static.infra.grancursosonline.com.br\/wp-content\/uploads\/2019\/08\/03123934\/logo.png\",\"width\":300,\"height\":57,\"caption\":\"Gran Cursos Online\"},\"image\":{\"@id\":\"https:\/\/faculdade.grancursosonline.com.br\/blog\/#\/schema\/logo\/image\/\"},\"sameAs\":[\"https:\/\/www.facebook.com\/grancursosonline\/\",\"https:\/\/x.com\/gran_online\",\"https:\/\/www.instagram.com\/grancursosonline\/\",\"https:\/\/www.youtube.com\/user\/grancursostv\"]},{\"@type\":\"Person\",\"@id\":\"https:\/\/faculdade.grancursosonline.com.br\/blog\/#\/schema\/person\/9745f9b6db8976613c1f439dbcfe717d\",\"name\":\"Guilherme Henrique\",\"url\":\"https:\/\/faculdade.grancursosonline.com.br\/blog\/author\/guilherme-lourenco\/\"}]}<\/script>\n<!-- \/ Yoast SEO Premium plugin. -->","yoast_head_json":{"title":"Pensamento Cr\u00edtico: o que \u00e9 e como desenvolver? Confira!","description":"Pensamento cr\u00edtico: entenda o que \u00e9, por que faz diferen\u00e7a e descubra dicas pr\u00e1ticas para desenvolver essa habilidade no dia a dia.","robots":{"index":"index","follow":"follow","max-snippet":"max-snippet:-1","max-image-preview":"max-image-preview:large","max-video-preview":"max-video-preview:-1"},"canonical":"https:\/\/faculdade.grancursosonline.com.br\/blog\/pensamento-critico\/","og_locale":"pt_BR","og_type":"article","og_title":"Pensamento Cr\u00edtico: o que \u00e9 e como desenvolver? Confira!","og_description":"Pensamento cr\u00edtico: entenda o que \u00e9, por que faz diferen\u00e7a e descubra dicas pr\u00e1ticas para desenvolver essa habilidade no dia a dia.","og_url":"https:\/\/faculdade.grancursosonline.com.br\/blog\/pensamento-critico\/","og_site_name":"Blog Gran Faculdade","article_publisher":"https:\/\/www.facebook.com\/grancursosonline\/","article_published_time":"2025-09-29T20:29:47+00:00","article_modified_time":"2025-10-01T12:31:14+00:00","og_image":[{"width":1063,"height":648,"url":"https:\/\/blog-es-static.infra.grancursosonline.com.br\/wp-content\/uploads\/2025\/09\/01093055\/pensamento-critico-2.webp","type":"image\/webp"}],"author":"Guilherme Henrique","twitter_card":"summary_large_image","twitter_creator":"@gran_online","twitter_site":"@gran_online","twitter_misc":{"Written by":"Guilherme Henrique","Est. reading time":"19 minutos"},"schema":{"@context":"https:\/\/schema.org","@graph":[{"@type":"NewsArticle","@id":"https:\/\/faculdade.grancursosonline.com.br\/blog\/pensamento-critico\/#article","isPartOf":{"@id":"https:\/\/faculdade.grancursosonline.com.br\/blog\/pensamento-critico\/"},"author":{"name":"Guilherme Henrique","@id":"https:\/\/faculdade.grancursosonline.com.br\/blog\/#\/schema\/person\/9745f9b6db8976613c1f439dbcfe717d"},"headline":"Pensamento Cr\u00edtico: o que \u00e9 e como desenvolver? Confira!","datePublished":"2025-09-29T20:29:47+00:00","dateModified":"2025-10-01T12:31:14+00:00","mainEntityOfPage":{"@id":"https:\/\/faculdade.grancursosonline.com.br\/blog\/pensamento-critico\/"},"wordCount":924,"commentCount":0,"publisher":{"@id":"https:\/\/faculdade.grancursosonline.com.br\/blog\/#organization"},"image":{"@id":"https:\/\/faculdade.grancursosonline.com.br\/blog\/pensamento-critico\/#primaryimage"},"thumbnailUrl":"https:\/\/blog-es-static.infra.grancursosonline.com.br\/wp-content\/uploads\/2025\/09\/01093026\/pensamento-critico.webp","articleSection":["Gradua\u00e7\u00e3o EAD","Gradua\u00e7\u00e3o Gran Faculdade","\u00daltimas Not\u00edcias"],"inLanguage":"pt-BR","potentialAction":[{"@type":"CommentAction","name":"Comment","target":["https:\/\/faculdade.grancursosonline.com.br\/blog\/pensamento-critico\/#respond"]}],"copyrightYear":"2025","copyrightHolder":{"@id":"https:\/\/faculdade.grancursosonline.com.br\/blog\/#organization"}},{"@type":"WebPage","@id":"https:\/\/faculdade.grancursosonline.com.br\/blog\/pensamento-critico\/","url":"https:\/\/faculdade.grancursosonline.com.br\/blog\/pensamento-critico\/","name":"Pensamento Cr\u00edtico: o que \u00e9 e como desenvolver? Confira!","isPartOf":{"@id":"https:\/\/faculdade.grancursosonline.com.br\/blog\/#website"},"primaryImageOfPage":{"@id":"https:\/\/faculdade.grancursosonline.com.br\/blog\/pensamento-critico\/#primaryimage"},"image":{"@id":"https:\/\/faculdade.grancursosonline.com.br\/blog\/pensamento-critico\/#primaryimage"},"thumbnailUrl":"https:\/\/blog-es-static.infra.grancursosonline.com.br\/wp-content\/uploads\/2025\/09\/01093026\/pensamento-critico.webp","datePublished":"2025-09-29T20:29:47+00:00","dateModified":"2025-10-01T12:31:14+00:00","description":"Pensamento cr\u00edtico: entenda o que \u00e9, por que faz diferen\u00e7a e descubra dicas pr\u00e1ticas para desenvolver essa habilidade no dia a dia.","breadcrumb":{"@id":"https:\/\/faculdade.grancursosonline.com.br\/blog\/pensamento-critico\/#breadcrumb"},"inLanguage":"pt-BR","potentialAction":[{"@type":"ReadAction","target":["https:\/\/faculdade.grancursosonline.com.br\/blog\/pensamento-critico\/"]}]},{"@type":"ImageObject","inLanguage":"pt-BR","@id":"https:\/\/faculdade.grancursosonline.com.br\/blog\/pensamento-critico\/#primaryimage","url":"https:\/\/blog-es-static.infra.grancursosonline.com.br\/wp-content\/uploads\/2025\/09\/01093026\/pensamento-critico.webp","contentUrl":"https:\/\/blog-es-static.infra.grancursosonline.com.br\/wp-content\/uploads\/2025\/09\/01093026\/pensamento-critico.webp","width":2084,"height":1252,"caption":"Pensamento Cr\u00edtico: o que \u00e9 e como desenvolver?"},{"@type":"BreadcrumbList","@id":"https:\/\/faculdade.grancursosonline.com.br\/blog\/pensamento-critico\/#breadcrumb","itemListElement":[{"@type":"ListItem","position":1,"name":"In\u00edcio","item":"https:\/\/faculdade.grancursosonline.com.br\/blog\/"},{"@type":"ListItem","position":2,"name":"Gradua\u00e7\u00e3o Gran Faculdade","item":"https:\/\/faculdade.grancursosonline.com.br\/blog\/graduacao\/"},{"@type":"ListItem","position":3,"name":"Pensamento Cr\u00edtico: o que \u00e9 e como desenvolver? Confira!"}]},{"@type":"WebSite","@id":"https:\/\/faculdade.grancursosonline.com.br\/blog\/#website","url":"https:\/\/faculdade.grancursosonline.com.br\/blog\/","name":"Blog Gran Faculdade","description":"Tudo sobre ensino superior, p\u00f3s-gradua\u00e7\u00e3o, enem e carreira.","publisher":{"@id":"https:\/\/faculdade.grancursosonline.com.br\/blog\/#organization"},"potentialAction":[{"@type":"SearchAction","target":{"@type":"EntryPoint","urlTemplate":"https:\/\/faculdade.grancursosonline.com.br\/blog\/?s={search_term_string}"},"query-input":{"@type":"PropertyValueSpecification","valueRequired":true,"valueName":"search_term_string"}}],"inLanguage":"pt-BR"},{"@type":"Organization","@id":"https:\/\/faculdade.grancursosonline.com.br\/blog\/#organization","name":"Gran Cursos Online","url":"https:\/\/faculdade.grancursosonline.com.br\/blog\/","logo":{"@type":"ImageObject","inLanguage":"pt-BR","@id":"https:\/\/faculdade.grancursosonline.com.br\/blog\/#\/schema\/logo\/image\/","url":"https:\/\/blog-es-static.infra.grancursosonline.com.br\/wp-content\/uploads\/2019\/08\/03123934\/logo.png","contentUrl":"https:\/\/blog-es-static.infra.grancursosonline.com.br\/wp-content\/uploads\/2019\/08\/03123934\/logo.png","width":300,"height":57,"caption":"Gran Cursos Online"},"image":{"@id":"https:\/\/faculdade.grancursosonline.com.br\/blog\/#\/schema\/logo\/image\/"},"sameAs":["https:\/\/www.facebook.com\/grancursosonline\/","https:\/\/x.com\/gran_online","https:\/\/www.instagram.com\/grancursosonline\/","https:\/\/www.youtube.com\/user\/grancursostv"]},{"@type":"Person","@id":"https:\/\/faculdade.grancursosonline.com.br\/blog\/#\/schema\/person\/9745f9b6db8976613c1f439dbcfe717d","name":"Guilherme Henrique","url":"https:\/\/faculdade.grancursosonline.com.br\/blog\/author\/guilherme-lourenco\/"}]}},"_links":{"self":[{"href":"https:\/\/faculdade.grancursosonline.com.br\/blog\/wp-json\/wp\/v2\/posts\/79758199","targetHints":{"allow":["GET"]}}],"collection":[{"href":"https:\/\/faculdade.grancursosonline.com.br\/blog\/wp-json\/wp\/v2\/posts"}],"about":[{"href":"https:\/\/faculdade.grancursosonline.com.br\/blog\/wp-json\/wp\/v2\/types\/post"}],"author":[{"embeddable":true,"href":"https:\/\/faculdade.grancursosonline.com.br\/blog\/wp-json\/wp\/v2\/users\/514"}],"replies":[{"embeddable":true,"href":"https:\/\/faculdade.grancursosonline.com.br\/blog\/wp-json\/wp\/v2\/comments?post=79758199"}],"version-history":[{"count":1,"href":"https:\/\/faculdade.grancursosonline.com.br\/blog\/wp-json\/wp\/v2\/posts\/79758199\/revisions"}],"predecessor-version":[{"id":79758203,"href":"https:\/\/faculdade.grancursosonline.com.br\/blog\/wp-json\/wp\/v2\/posts\/79758199\/revisions\/79758203"}],"wp:featuredmedia":[{"embeddable":true,"href":"https:\/\/faculdade.grancursosonline.com.br\/blog\/wp-json\/wp\/v2\/media\/79758252"}],"wp:attachment":[{"href":"https:\/\/faculdade.grancursosonline.com.br\/blog\/wp-json\/wp\/v2\/media?parent=79758199"}],"wp:term":[{"taxonomy":"category","embeddable":true,"href":"https:\/\/faculdade.grancursosonline.com.br\/blog\/wp-json\/wp\/v2\/categories?post=79758199"},{"taxonomy":"post_tag","embeddable":true,"href":"https:\/\/faculdade.grancursosonline.com.br\/blog\/wp-json\/wp\/v2\/tags?post=79758199"}],"curies":[{"name":"wp","href":"https:\/\/api.w.org\/{rel}","templated":true}]}}