{"id":79758532,"date":"2025-10-09T16:29:56","date_gmt":"2025-10-09T19:29:56","guid":{"rendered":"https:\/\/faculdade.grancursosonline.com.br\/blog\/?p=79758532"},"modified":"2025-10-13T10:01:58","modified_gmt":"2025-10-13T13:01:58","slug":"mundo-digital","status":"publish","type":"post","link":"https:\/\/faculdade.grancursosonline.com.br\/blog\/mundo-digital\/","title":{"rendered":"Mundo Digital: como a tecnologia transforma nossas vidas? Entenda mais sobre o tema!"},"content":{"rendered":"\n<p>O mundo digital faz parte do nosso dia a dia de um jeito que, muitas vezes, nem percebemos. Estamos conectados o tempo todo, seja ao estudar, trabalhar, conversar com amigos ou fazer compras online. A tecnologia deixou de ser um recurso distante para se tornar uma extens\u00e3o da nossa rotina.<\/p>\n\n\n\n<p>Essa transforma\u00e7\u00e3o trouxe muitas facilidades, mas tamb\u00e9m novos desafios. As mudan\u00e7as na forma de se comunicar, aprender e pensar, mostram como o mundo digital est\u00e1 mudando a sociedade. O primeiro passo para usar a tecnologia de forma mais equilibrada e inteligente \u00e9 entender esse impacto.<\/p>\n\n\n\n<p>Por isso, para saber mais, acompanhe na \u00edntegra, ou navegue pelo \u00edndice se preferir:<\/p>\n\n\n\n<ul class=\"wp-block-list\">\n<li><a href=\"#h-o-que-e-o-mundo-digital-e-como-ele-surgiu\">O que \u00e9 mundo digital e como ele surgiu?<\/a><\/li>\n\n\n\n<li><a href=\"#h-qual-o-impacto-da-tecnologia-na-comunicacao\">Qual o impacto da tecnologia na comunica\u00e7\u00e3o?<\/a><\/li>\n\n\n\n<li><a href=\"#h-qual-o-papel-da-tecnologia-na-educacao\">Qual o papel da tecnologia na educa\u00e7\u00e3o?<\/a><\/li>\n\n\n\n<li><a href=\"#h-como-e-o-trabalho-no-mundo-digital\">Como \u00e9 o trabalho no mundo digital?<\/a><\/li>\n\n\n\n<li><a href=\"#h-como-funciona-o-cerebro-no-mundo-digital\">Como funciona o c\u00e9rebro no mundo digital?<\/a><\/li>\n\n\n\n<li><a href=\"#h-quais-os-desafios-do-mundo-digital\">Quais os desafios do mundo digital?<\/a><\/li>\n\n\n\n<li><a href=\"#h-como-usar-a-tecnologia-de-forma-equilibrada\">Como usar a tecnologia de forma equilibrada?<\/a><\/li>\n\n\n\n<li><a href=\"#h-qual-o-futuro-do-mundo-digital\">Qual o futuro do mundo digital?<\/a><\/li>\n<\/ul>\n\n\n\n<div class=\"wp-block-columns is-layout-flex wp-container-core-columns-is-layout-9d6595d7 wp-block-columns-is-layout-flex\">\n<div class=\"wp-block-column is-layout-flow wp-block-column-is-layout-flow\" style=\"flex-basis:100%\"><div class=\"wp-block-image\">\n<figure class=\"aligncenter size-full\"><a href=\"https:\/\/whatsapp.com\/channel\/0029VaG1sChI7Be7PNndhL43\" target=\"_blank\" rel=\"noopener\"><img decoding=\"async\" src=\"https:\/\/blog-es-static.infra.grancursosonline.com.br\/wp-content\/uploads\/2025\/09\/09112354\/banner-wp-600x142-80.webp\" alt=\"Acesse o canal do WhatsApp da Gran Faculdade\" class=\"wp-image-79751904\"\/><\/a><\/figure>\n<\/div><\/div>\n<\/div>\n\n\n\n<h2 class=\"wp-block-heading\" id=\"h-o-que-e-o-mundo-digital-e-como-ele-surgiu\"><strong>O que \u00e9 o mundo digital e como ele surgiu?<\/strong><br><\/h2>\n\n\n\n<p>O mundo digital \u00e9 o resultado da uni\u00e3o entre tecnologia, conectividade e informa\u00e7\u00e3o. Ele come\u00e7ou a se formar a partir da populariza\u00e7\u00e3o dos computadores e da internet, no final do s\u00e9culo 20. Desde ent\u00e3o, transformou a maneira como nos comunicamos, aprendemos e vivemos.<\/p>\n\n\n\n<p>Com a chegada dos smartphones e das redes sociais, tudo ficou mais r\u00e1pido e acess\u00edvel. Hoje, quase tudo pode ser feito de forma online, desde estudar, trabalhar, fazer compras ou conversar com algu\u00e9m do outro lado do mundo. Essa revolu\u00e7\u00e3o digital conectou pessoas e encurtou dist\u00e2ncias.<\/p>\n\n\n\n<p>Mas o mundo digital n\u00e3o \u00e9 s\u00f3 sobre tecnologia, \u00e9 tamb\u00e9m sobre comportamento. Mudamos a forma de pensar, consumir e de nos relacionar. Vivemos em uma era em que a informa\u00e7\u00e3o \u00e9 o novo \u201cpoder\u201d, e saber us\u00e1-la com consci\u00eancia \u00e9 importante.<\/p>\n\n\n\n<h2 class=\"wp-block-heading\" id=\"h-qual-o-impacto-da-tecnologia-na-comunicacao\"><strong>Qual o impacto da tecnologia na comunica\u00e7\u00e3o?<\/strong><br><\/h2>\n\n\n\n<p>A tecnologia transformou completamente a maneira como nos comunicamos. Antes, a troca de mensagens era lenta e dependia de cartas, telefonemas ou encontros presenciais. Hoje, tudo acontece em segundos, com um simples toque na tela.<\/p>\n\n\n\n<p>As redes sociais e os aplicativos de mensagens nos aproximaram, permitindo conversas instant\u00e2neas com pessoas de qualquer lugar do mundo. Por\u00e9m, essa praticidade tamb\u00e9m trouxe desafios, como o excesso de informa\u00e7\u00e3o e a superficialidade nas intera\u00e7\u00f5es.<\/p>\n\n\n\n<p>Com a tecnologia, a comunica\u00e7\u00e3o ficou mais democr\u00e1tica, mas tamb\u00e9m mais complexa. Saber usar as ferramentas digitais de forma consciente \u00e9 fundamental para evitar ru\u00eddos, preservar rela\u00e7\u00f5es e garantir que a conex\u00e3o continue sendo essencialmente humana.<\/p>\n\n\n\n<h2 class=\"wp-block-heading\" id=\"h-qual-o-papel-da-tecnologia-na-educacao\"><strong>Qual o papel da tecnologia na educa\u00e7\u00e3o?<\/strong><br><\/h2>\n\n\n\n<p>A tecnologia trouxe novas possibilidades para o aprendizado, quebrando barreiras de tempo e espa\u00e7o. Com o ensino online, o estudante pode aprender de onde estiver e no seu pr\u00f3prio ritmo, com aulas gravadas, f\u00f3runs e materiais digitais.<\/p>\n\n\n\n<p>As plataformas educacionais tamb\u00e9m ajudam a tornar o estudo mais interativo, com simulados, v\u00eddeo aulas e recursos personalizados. Isso incentiva a autonomia do aluno e facilita o acompanhamento do desempenho.<\/p>\n\n\n\n<p>Al\u00e9m disso, a tecnologia tem um papel social importante, pois democratiza o acesso \u00e0 educa\u00e7\u00e3o. Cada vez mais pessoas podem estudar, se preparar para o Enem ou fazer uma faculdade sem sair de casa, aproveitando as vantagens do mundo digital.<\/p>\n\n\n\n<h2 class=\"wp-block-heading\" id=\"h-como-e-o-trabalho-no-mundo-digital\"><strong>Como \u00e9 o trabalho no mundo digital?<\/strong><br><\/h2>\n\n\n\n<p>O mundo do trabalho mudou com a transforma\u00e7\u00e3o digital. Hoje, muitas profiss\u00f5es surgiram por causa da internet e da tecnologia, enquanto outras foram reinventadas. Confira alguns exemplos:<\/p>\n\n\n\n<ul class=\"wp-block-list\">\n<li><strong>Home office e trabalho h\u00edbrido:<\/strong> empresas adotaram o modelo remoto, dando mais flexibilidade aos profissionais;<br><\/li>\n\n\n\n<li><strong>Novas profiss\u00f5es digitais:<\/strong> \u00e1reas como marketing digital, programa\u00e7\u00e3o e design cresceram com a expans\u00e3o online;<br><\/li>\n\n\n\n<li><strong>Automa\u00e7\u00e3o e IA:<\/strong> tarefas repetitivas est\u00e3o sendo substitu\u00eddas por ferramentas inteligentes, exigindo novas habilidades humanas.<br><\/li>\n<\/ul>\n\n\n\n<p>O profissional moderno precisa estar preparado para esse cen\u00e1rio, desenvolvendo compet\u00eancias digitais e aprendendo de forma cont\u00ednua.<\/p>\n\n\n\n<h2 class=\"wp-block-heading\" id=\"h-como-funciona-o-cerebro-no-mundo-digital\"><strong>Como funciona o c\u00e9rebro no mundo digital?<\/strong><br><\/h2>\n\n\n\n<p>Nosso c\u00e9rebro tamb\u00e9m sente o impacto da vida conectada. O fluxo constante de informa\u00e7\u00f5es, notifica\u00e7\u00f5es e est\u00edmulos visuais muda a forma como pensamos e prestamos aten\u00e7\u00e3o.&nbsp;<\/p>\n\n\n\n<p>Estamos cada vez mais acostumados a conte\u00fados r\u00e1pidos e imediatos, o que pode reduzir nossa capacidade de concentra\u00e7\u00e3o.&nbsp;<\/p>\n\n\n\n<p>Pesquisas mostram que o uso excessivo de telas afeta a mem\u00f3ria e o foco, j\u00e1 que o c\u00e9rebro passa a alternar entre muitas tarefas ao mesmo tempo. Isso causa uma sensa\u00e7\u00e3o de cansa\u00e7o mental e pode dificultar at\u00e9 mesmo o aprendizado.<\/p>\n\n\n\n<p>Equilibrar o tempo online e offline \u00e9 importante. Momentos de pausa, leitura profunda e contato com o mundo real ajudam o c\u00e9rebro a descansar, fortalecendo a criatividade, o racioc\u00ednio e o bem-estar.<\/p>\n\n\n\n<h2 class=\"wp-block-heading\" id=\"h-quais-os-desafios-do-mundo-digital\"><strong>Quais os desafios do mundo digital?<\/strong><br><\/h2>\n\n\n\n<p>Embora o mundo digital traga muitos benef\u00edcios, tamb\u00e9m apresenta desafios importantes. Confira alguns:<\/p>\n\n\n\n<ul class=\"wp-block-list\">\n<li><strong>Depend\u00eancia tecnol\u00f3gica:<\/strong> o uso excessivo das telas pode afetar a concentra\u00e7\u00e3o e a sa\u00fade mental;<br><\/li>\n\n\n\n<li><strong>Desinforma\u00e7\u00e3o:<\/strong> as fake news se espalham rapidamente e exigem aten\u00e7\u00e3o redobrada na hora de compartilhar conte\u00fados;<br><\/li>\n\n\n\n<li><strong>Privacidade e seguran\u00e7a:<\/strong> com tantos dados online, proteger informa\u00e7\u00f5es pessoais \u00e9 uma necessidade constante;<br><\/li>\n\n\n\n<li><strong>Excesso de est\u00edmulos:<\/strong> a quantidade de notifica\u00e7\u00f5es e conte\u00fados pode gerar ansiedade e distra\u00e7\u00e3o.<\/li>\n<\/ul>\n\n\n\n<h2 class=\"wp-block-heading\" id=\"h-como-usar-a-tecnologia-de-forma-equilibrada\"><strong>Como usar a tecnologia de forma equilibrada?<\/strong><br><\/h2>\n\n\n\n<p>Usar a tecnologia com equil\u00edbrio \u00e9 importante para manter uma rotina saud\u00e1vel. Confira algumas dicas valiosas que podem ajudar:<\/p>\n\n\n\n<ul class=\"wp-block-list\">\n<li><strong>Defina limites de tempo:<\/strong> reserve hor\u00e1rios espec\u00edficos para o uso das redes sociais e evite distra\u00e7\u00f5es durante o trabalho ou estudo;<br><\/li>\n\n\n\n<li><strong>Desconecte-se de vez em quando:<\/strong> momentos offline s\u00e3o importantes para descansar e se reconectar com o mundo real;<br><\/li>\n\n\n\n<li><strong>Verifique fontes antes de compartilhar:<\/strong> garanta que as informa\u00e7\u00f5es sejam verdadeiras;<br><\/li>\n\n\n\n<li><strong>Use a tecnologia a seu favor:<\/strong> explore aplicativos e ferramentas que melhorem sua produtividade e aprendizado.<br><\/li>\n<\/ul>\n\n\n\n<p>Essas pr\u00e1ticas ajudam a aproveitar os benef\u00edcios do mundo digital sem perder o equil\u00edbrio.<\/p>\n\n\n\n<h2 class=\"wp-block-heading\" id=\"h-qual-o-futuro-do-mundo-digital\"><strong>Qual o futuro do mundo digital?<\/strong><br><\/h2>\n\n\n\n<p>O futuro promete ser ainda mais conectado e inteligente. A intelig\u00eancia artificial, a realidade virtual e o avan\u00e7o da rob\u00f3tica est\u00e3o moldando uma nova forma de viver e trabalhar. Essas tecnologias j\u00e1 est\u00e3o presentes em \u00e1reas como sa\u00fade, educa\u00e7\u00e3o e comunica\u00e7\u00e3o.<\/p>\n\n\n\n<p>Nos pr\u00f3ximos anos, o universo digital deve se tornar ainda mais integrado \u00e0 vida cotidiana, com cidades inteligentes e experi\u00eancias personalizadas. Tudo ser\u00e1 cada vez mais automatizado, r\u00e1pido e conectado.<\/p>\n\n\n\n<p>Por outro lado, essa evolu\u00e7\u00e3o tamb\u00e9m exige responsabilidade. \u00c9 importante discutir \u00e9tica, privacidade e o impacto humano das inova\u00e7\u00f5es tecnol\u00f3gicas.<\/p>\n\n\n\n<p>O mundo digital continuar\u00e1 transformando a sociedade, e cabe a cada um de n\u00f3s aprender a us\u00e1-lo com sabedoria. Afinal, a tecnologia deve servir \u00e0s pessoas, e n\u00e3o o contr\u00e1rio.<\/p>\n\n\n\n<h2 class=\"wp-block-heading\" id=\"h-vem-pra-gran-faculdade\">Vem pra Gran Faculdade!<\/h2>\n\n\n\n<p>A Gran Faculdade vem mudando a vida de milhares de pessoas por meio de cursos \u00e0 dist\u00e2ncia de <a href=\"https:\/\/faculdade.grancursosonline.com.br\/\" target=\"_blank\" rel=\"noreferrer noopener\">gradua\u00e7\u00e3o<\/a>, <a href=\"https:\/\/pos.grancursosonline.com.br\/\" target=\"_blank\" rel=\"noreferrer noopener\">p\u00f3s-gradua\u00e7\u00e3o<\/a> e <a href=\"https:\/\/pos.grancursosonline.com.br\/mba\" target=\"_blank\" rel=\"noreferrer noopener\">MBA<\/a>. Seja no digital ou em nosso <a href=\"https:\/\/presencial.grancursosonline.com.br\/\" target=\"_blank\" rel=\"noreferrer noopener\">Campus Presencial em Curitiba<\/a>, a nossa miss\u00e3o \u00e9 transformar a educa\u00e7\u00e3o superior.<\/p>\n\n\n\n<p>Como parte de Sistema Gran de Ensino, que \u00e9 reconhecido como marca aprovadora h\u00e1 mais de 10 anos, constru\u00edmos uma renomada reputa\u00e7\u00e3o na \u00e1rea de educa\u00e7\u00e3o.<\/p>\n\n\n\n<p>Veja algumas de nossas conquistas:<\/p>\n\n\n\n<ul class=\"wp-block-list\">\n<li>Reconhecido pela Amazon como um dos projetos mais relevantes do mundo na \u00e1rea de Tecnologia e Educa\u00e7\u00e3o;<\/li>\n\n\n\n<li>Foi eleito pelo Project Management Institute (PMI), um dos 50 Projetos Mais Influentes do mundo;<\/li>\n\n\n\n<li>Somos o site de educa\u00e7\u00e3o mais acessado do Brasil;<\/li>\n\n\n\n<li>Somos avaliados com a nota m\u00e1xima pelo MEC;<\/li>\n\n\n\n<li>Aqui o semestre come\u00e7a quando quiser: entrada imediata e cont\u00ednua!<\/li>\n\n\n\n<li>Melhores pre\u00e7os do mercado;<\/li>\n\n\n\n<li>Mais de 800 mil alunos pagantes e mais de 1000 funcion\u00e1rios;<\/li>\n\n\n\n<li>Diversas ferramentas de estudo: PDFs, audiobooks, mapas mentais, videoaulas, quest\u00f5es, gerenciador de estudos e muito mais!<\/li>\n\n\n\n<li>Professores experientes e capacitados;<\/li>\n\n\n\n<li>Acesso imediato e 100% online.<\/li>\n<\/ul>\n\n\n\n<p class=\"has-text-align-center has-text-align-center\"><strong><a href=\"https:\/\/faculdade.grancursosonline.com.br\/\">Quero ser aluno da Gran Faculdade<\/a><\/strong><\/p>\n\n\n\n<h2 class=\"wp-block-heading\" id=\"h-participe-de-uma-imersao-exclusiva-com-especialistas-em-ia-e-transforme-sua-carreira\">Participe de uma imers\u00e3o exclusiva com especialistas em IA e transforme sua carreira<\/h2>\n\n\n<div class=\"wp-block-image\">\n<figure class=\"aligncenter size-large is-resized\"><a href=\"https:\/\/lp.grancursosonline.com.br\/imersao-em-ia\/?utm_source=Wordpress&amp;utm_medium=sidebar&amp;utm_campaign=Capta%C3%A7%C3%A3o+Imers%C3%A3o+em+IA+-+Abril%2F2026+-+Blog+Ensino+Superior+-+Conte%C3%BAdo+e+SEO&amp;utm_id=Capta%C3%A7%C3%A3o+Imers%C3%A3o+em+IA+-+Abril%2F2026+-+Blog+Ensino+Superior+-+Conte%C3%BAdo+e+SEO\" target=\"_blank\" rel=\" noreferrer noopener\"><img loading=\"lazy\" decoding=\"async\" width=\"1024\" height=\"576\" src=\"https:\/\/blog-es-static.infra.grancursosonline.com.br\/wp-content\/uploads\/2026\/03\/31105919\/imersao_em_ia-1024x576.webp\" alt=\"\" class=\"wp-image-79763836\" style=\"width:488px;height:auto\"\/><\/a><\/figure>\n<\/div>\n\n\n<p><strong>Se voc\u00ea quer sair do b\u00e1sico e entender, na pr\u00e1tica, como a Intelig\u00eancia Artificial (IA) est\u00e1 moldando o mercado, esta \u00e9 a sua oportunidade.<\/strong> <\/p>\n\n\n\n<p>A Imers\u00e3o em IA re\u00fane especialistas renomados do mercado, incluindo profissionais com experi\u00eancia em grandes empresas de tecnologia como Google e Amazon, que v\u00e3o compartilhar<strong> insights estrat\u00e9gicos e aplica\u00e7\u00f5es reais<\/strong> para acelerar sua evolu\u00e7\u00e3o profissional.<\/p>\n\n\n\n<p>O evento acontecer\u00e1 em <strong>tr\u00eas encontros ao vivo, a partir do dia 13 de abril, sempre \u00e0s 20h<\/strong> (hor\u00e1rio de Bras\u00edlia), com uma programa\u00e7\u00e3o estruturada para levar voc\u00ea do entendimento dos conceitos at\u00e9 a aplica\u00e7\u00e3o pr\u00e1tica de agentes de IA.<\/p>\n\n\n\n<p>Clique no link abaixo e garanta sua participa\u00e7\u00e3o nesta experi\u00eancia <strong>gratuita, ao vivo e com potencial real de impacto na sua carreira<\/strong>.<\/p>\n\n\n\n<p class=\"has-text-align-center\"><strong><a href=\"https:\/\/lp.grancursosonline.com.br\/imersao-em-ia\/?utm_source=Wordpress&amp;utm_medium=sidebar&amp;utm_campaign=Capta%C3%A7%C3%A3o+Imers%C3%A3o+em+IA+-+Abril%2F2026+-+Blog+Ensino+Superior+-+Conte%C3%BAdo+e+SEO&amp;utm_id=Capta%C3%A7%C3%A3o+Imers%C3%A3o+em+IA+-+Abril%2F2026+-+Blog+Ensino+Superior+-+Conte%C3%BAdo+e+SEO\" target=\"_blank\" rel=\"noreferrer noopener\">Quero participar da Imers\u00e3o para aprender mais sobre IA<\/a><\/strong><\/p>\n\n\n\n<div class=\"wp-block-group has-background\" style=\"background-color:#8dd2fc7a\"><div class=\"wp-block-group__inner-container is-layout-constrained wp-block-group-is-layout-constrained\">\n<div class=\"wp-block-group\"><div class=\"wp-block-group__inner-container is-layout-constrained wp-block-group-is-layout-constrained\">\n<p><strong>Outras not\u00edcias em destaque:<\/strong><\/p>\n\n\n\n<ul class=\"wp-block-list\">\n<li><a href=\"https:\/\/faculdade.grancursosonline.com.br\/blog\/ensino-digital-na-pratica\/\" target=\"_blank\" rel=\"noreferrer noopener\">Ensino Digital na Pr\u00e1tica: vantagens, desafios e oportunidades<\/a><\/li>\n\n\n\n<li><a href=\"https:\/\/faculdade.grancursosonline.com.br\/blog\/como-trabalhar-com-marketing-digital\/\" target=\"_blank\" rel=\"noreferrer noopener\">Como trabalhar com Marketing Digital? Veja cursos e dicas!<\/a><\/li>\n\n\n\n<li><a href=\"https:\/\/faculdade.grancursosonline.com.br\/blog\/biblioteca-digital\/\" target=\"_blank\" rel=\"noreferrer noopener\">Biblioteca digital: o que \u00e9, para que serve e como usar?<\/a><\/li>\n<\/ul>\n<\/div><\/div>\n<\/div><\/div>\n\n\n\n<div class=\"wp-block-group\"><div class=\"wp-block-group__inner-container is-layout-constrained wp-block-group-is-layout-constrained\">\n<div class=\"wp-block-group\"><div class=\"wp-block-group__inner-container is-layout-constrained wp-block-group-is-layout-constrained\">\n<section style=\"text-align: center;\">\n<p>Quer ficar por dentro da Faculdade Digital mais inovadora do Brasil?<\/p>\n<nav>\n<p class=\"has-background has-dark-bluish-background-color\" style=\"font-size: 25px; text-align: center; background: #f0f0f0; color: #ffffff; padding: 4px 0px 4xp 0px;\"><a style=\"color: #0d134c; text-decoration: underline;\" href=\"https:\/\/faculdade.grancursosonline.com.br\/\" target=\"_blank\" rel=\"noopener\">GRADUA\u00c7\u00c3O<\/a><\/p>\n<p class=\"has-background has-dark-bluish-background-color\" style=\"font-size: 25px; text-align: center; background: #f0f0f0; color: #ffffff; padding: 4px 0px 4xp 0px;\"><a style=\"color: #0d134c; text-decoration: underline;\" href=\"https:\/\/pos.grancursosonline.com.br\/\" target=\"_blank\" rel=\"noopener\">P\u00d3S-GRADUA\u00c7\u00c3O<\/a><\/p>\n<p class=\"has-background has-dark-bluish-background-color\" style=\"font-size: 25px; text-align: center; background: #f0f0f0; color: #ffffff; padding: 4px 0px 4xp 0px;\"><a style=\"color: #0d134c; text-decoration: underline;\" href=\"https:\/\/faculdade.grancursosonline.com.br\/nossos-cursos\/\" target=\"_blank\" rel=\"noopener\">TUDO SOBRE A GRAN FACULDADE<\/a><\/p>\n<\/nav>\n<p><strong>Receba <span style=\"color: #cf1e25;\">gratuitamente<\/span> no seu celular as principais not\u00edcias sobre a Gran Faculdade! <br \/>Clique no link abaixo e inscreva-se:<\/strong><\/p>\n<p class=\"has-background has-dark-bluish-background-color\" style=\"font-size: 25px; text-align: center; background: #f0f0f0; color: #ffffff; padding: 4px 0px 4xp 0px;\"><a style=\"color: #0d134c; text-decoration: underline;\" href=\"https:\/\/whatsapp.com\/channel\/0029VaG1sChI7Be7PNndhL43\" target=\"_blank\" rel=\"noopener noreferrer\">WHATSAPP<\/a><\/p>\n<p class=\"has-background has-dark-bluish-background-color\" style=\"font-size: 25px; text-align: center; background: #f0f0f0; color: #ffffff; padding: 4px 0px 4xp 0px;\"><a style=\"color: #0d134c; text-decoration: underline;\" href=\"https:\/\/t.me\/GranFaculdade\" target=\"_blank\" rel=\"noopener noreferrer\">TELEGRAM<\/a><\/p>\n<\/section>\n<\/div><\/div>\n<\/div><\/div>\n","protected":false},"excerpt":{"rendered":"<p>O mundo digital faz parte do nosso dia a dia de um jeito que, muitas vezes, nem percebemos. Estamos conectados o tempo todo, seja ao estudar, trabalhar, conversar com amigos ou fazer compras online. A tecnologia deixou de ser um recurso distante para se tornar uma extens\u00e3o da nossa rotina. Essa transforma\u00e7\u00e3o trouxe muitas facilidades,&hellip;<\/p>\n","protected":false},"author":514,"featured_media":79758592,"comment_status":"open","ping_status":"open","sticky":false,"template":"","format":"standard","meta":{"_acf_changed":false,"content-type":"","footnotes":""},"categories":[219790,218545,2],"tags":[],"class_list":["post-79758532","post","type-post","status-publish","format-standard","has-post-thumbnail","hentry","category-graduacao-ead","category-graduacao","category-ultimas-noticias"],"acf":[],"yoast_head":"<!-- This site is optimized with the Yoast SEO Premium plugin v27.2 (Yoast SEO v27.2) - https:\/\/yoast.com\/product\/yoast-seo-premium-wordpress\/ -->\n<title>Mundo Digital: como a tecnologia transforma nossas vidas? Entenda mais sobre o tema!<\/title>\n<meta name=\"description\" content=\"Explore o impacto da tecnologia no dia a dia, no trabalho e na aprendizagem. Saiba como o mundo digital molda a sociedade.\" \/>\n<meta name=\"robots\" content=\"index, follow, max-snippet:-1, max-image-preview:large, max-video-preview:-1\" \/>\n<link rel=\"canonical\" href=\"https:\/\/faculdade.grancursosonline.com.br\/blog\/mundo-digital\/\" \/>\n<meta property=\"og:locale\" content=\"pt_BR\" \/>\n<meta property=\"og:type\" content=\"article\" \/>\n<meta property=\"og:title\" content=\"Mundo Digital: como a tecnologia transforma nossas vidas? Entenda mais sobre o tema!\" \/>\n<meta property=\"og:description\" content=\"Explore o impacto da tecnologia no dia a dia, no trabalho e na aprendizagem. Saiba como o mundo digital molda a sociedade.\" \/>\n<meta property=\"og:url\" content=\"https:\/\/faculdade.grancursosonline.com.br\/blog\/mundo-digital\/\" \/>\n<meta property=\"og:site_name\" content=\"Blog Gran Faculdade\" \/>\n<meta property=\"article:publisher\" content=\"https:\/\/www.facebook.com\/grancursosonline\/\" \/>\n<meta property=\"article:published_time\" content=\"2025-10-09T19:29:56+00:00\" \/>\n<meta property=\"article:modified_time\" content=\"2025-10-13T13:01:58+00:00\" \/>\n<meta property=\"og:image\" content=\"https:\/\/blog-es-static.infra.grancursosonline.com.br\/wp-content\/uploads\/2025\/10\/13100134\/mundo-digital-2.jpg\" \/>\n\t<meta property=\"og:image:width\" content=\"511\" \/>\n\t<meta property=\"og:image:height\" content=\"311\" \/>\n\t<meta property=\"og:image:type\" content=\"image\/jpeg\" \/>\n<meta name=\"author\" content=\"Guilherme Henrique\" \/>\n<meta name=\"twitter:card\" content=\"summary_large_image\" \/>\n<meta name=\"twitter:creator\" content=\"@gran_online\" \/>\n<meta name=\"twitter:site\" content=\"@gran_online\" \/>\n<meta name=\"twitter:label1\" content=\"Written by\" \/>\n\t<meta name=\"twitter:data1\" content=\"Guilherme Henrique\" \/>\n\t<meta name=\"twitter:label2\" content=\"Est. reading time\" \/>\n\t<meta name=\"twitter:data2\" content=\"31 minutos\" \/>\n<script type=\"application\/ld+json\" class=\"yoast-schema-graph\">{\"@context\":\"https:\/\/schema.org\",\"@graph\":[{\"@type\":\"NewsArticle\",\"@id\":\"https:\/\/faculdade.grancursosonline.com.br\/blog\/mundo-digital\/#article\",\"isPartOf\":{\"@id\":\"https:\/\/faculdade.grancursosonline.com.br\/blog\/mundo-digital\/\"},\"author\":{\"name\":\"Guilherme Henrique\",\"@id\":\"https:\/\/faculdade.grancursosonline.com.br\/blog\/#\/schema\/person\/9745f9b6db8976613c1f439dbcfe717d\"},\"headline\":\"Mundo Digital: como a tecnologia transforma nossas vidas? Entenda mais sobre o tema!\",\"datePublished\":\"2025-10-09T19:29:56+00:00\",\"dateModified\":\"2025-10-13T13:01:58+00:00\",\"mainEntityOfPage\":{\"@id\":\"https:\/\/faculdade.grancursosonline.com.br\/blog\/mundo-digital\/\"},\"wordCount\":1214,\"commentCount\":1,\"publisher\":{\"@id\":\"https:\/\/faculdade.grancursosonline.com.br\/blog\/#organization\"},\"image\":{\"@id\":\"https:\/\/faculdade.grancursosonline.com.br\/blog\/mundo-digital\/#primaryimage\"},\"thumbnailUrl\":\"https:\/\/blog-es-static.infra.grancursosonline.com.br\/wp-content\/uploads\/2025\/10\/13100108\/mundo-digital.jpg\",\"articleSection\":[\"Gradua\u00e7\u00e3o EAD\",\"Gradua\u00e7\u00e3o Gran Faculdade\",\"\u00daltimas Not\u00edcias\"],\"inLanguage\":\"pt-BR\",\"potentialAction\":[{\"@type\":\"CommentAction\",\"name\":\"Comment\",\"target\":[\"https:\/\/faculdade.grancursosonline.com.br\/blog\/mundo-digital\/#respond\"]}],\"copyrightYear\":\"2025\",\"copyrightHolder\":{\"@id\":\"https:\/\/faculdade.grancursosonline.com.br\/blog\/#organization\"}},{\"@type\":\"WebPage\",\"@id\":\"https:\/\/faculdade.grancursosonline.com.br\/blog\/mundo-digital\/\",\"url\":\"https:\/\/faculdade.grancursosonline.com.br\/blog\/mundo-digital\/\",\"name\":\"Mundo Digital: como a tecnologia transforma nossas vidas? Entenda mais sobre o tema!\",\"isPartOf\":{\"@id\":\"https:\/\/faculdade.grancursosonline.com.br\/blog\/#website\"},\"primaryImageOfPage\":{\"@id\":\"https:\/\/faculdade.grancursosonline.com.br\/blog\/mundo-digital\/#primaryimage\"},\"image\":{\"@id\":\"https:\/\/faculdade.grancursosonline.com.br\/blog\/mundo-digital\/#primaryimage\"},\"thumbnailUrl\":\"https:\/\/blog-es-static.infra.grancursosonline.com.br\/wp-content\/uploads\/2025\/10\/13100108\/mundo-digital.jpg\",\"datePublished\":\"2025-10-09T19:29:56+00:00\",\"dateModified\":\"2025-10-13T13:01:58+00:00\",\"description\":\"Explore o impacto da tecnologia no dia a dia, no trabalho e na aprendizagem. Saiba como o mundo digital molda a sociedade.\",\"breadcrumb\":{\"@id\":\"https:\/\/faculdade.grancursosonline.com.br\/blog\/mundo-digital\/#breadcrumb\"},\"inLanguage\":\"pt-BR\",\"potentialAction\":[{\"@type\":\"ReadAction\",\"target\":[\"https:\/\/faculdade.grancursosonline.com.br\/blog\/mundo-digital\/\"]}]},{\"@type\":\"ImageObject\",\"inLanguage\":\"pt-BR\",\"@id\":\"https:\/\/faculdade.grancursosonline.com.br\/blog\/mundo-digital\/#primaryimage\",\"url\":\"https:\/\/blog-es-static.infra.grancursosonline.com.br\/wp-content\/uploads\/2025\/10\/13100108\/mundo-digital.jpg\",\"contentUrl\":\"https:\/\/blog-es-static.infra.grancursosonline.com.br\/wp-content\/uploads\/2025\/10\/13100108\/mundo-digital.jpg\",\"width\":1001,\"height\":601,\"caption\":\"Mundo Digital: como a tecnologia transforma nossas vidas? Entenda mais sobre o tema!\"},{\"@type\":\"BreadcrumbList\",\"@id\":\"https:\/\/faculdade.grancursosonline.com.br\/blog\/mundo-digital\/#breadcrumb\",\"itemListElement\":[{\"@type\":\"ListItem\",\"position\":1,\"name\":\"In\u00edcio\",\"item\":\"https:\/\/faculdade.grancursosonline.com.br\/blog\/\"},{\"@type\":\"ListItem\",\"position\":2,\"name\":\"Gradua\u00e7\u00e3o Gran Faculdade\",\"item\":\"https:\/\/faculdade.grancursosonline.com.br\/blog\/graduacao\/\"},{\"@type\":\"ListItem\",\"position\":3,\"name\":\"Mundo Digital: como a tecnologia transforma nossas vidas? Entenda mais sobre o tema!\"}]},{\"@type\":\"WebSite\",\"@id\":\"https:\/\/faculdade.grancursosonline.com.br\/blog\/#website\",\"url\":\"https:\/\/faculdade.grancursosonline.com.br\/blog\/\",\"name\":\"Blog Gran Faculdade\",\"description\":\"Tudo sobre ensino superior, p\u00f3s-gradua\u00e7\u00e3o, enem e carreira.\",\"publisher\":{\"@id\":\"https:\/\/faculdade.grancursosonline.com.br\/blog\/#organization\"},\"potentialAction\":[{\"@type\":\"SearchAction\",\"target\":{\"@type\":\"EntryPoint\",\"urlTemplate\":\"https:\/\/faculdade.grancursosonline.com.br\/blog\/?s={search_term_string}\"},\"query-input\":{\"@type\":\"PropertyValueSpecification\",\"valueRequired\":true,\"valueName\":\"search_term_string\"}}],\"inLanguage\":\"pt-BR\"},{\"@type\":\"Organization\",\"@id\":\"https:\/\/faculdade.grancursosonline.com.br\/blog\/#organization\",\"name\":\"Gran Cursos Online\",\"url\":\"https:\/\/faculdade.grancursosonline.com.br\/blog\/\",\"logo\":{\"@type\":\"ImageObject\",\"inLanguage\":\"pt-BR\",\"@id\":\"https:\/\/faculdade.grancursosonline.com.br\/blog\/#\/schema\/logo\/image\/\",\"url\":\"https:\/\/blog-es-static.infra.grancursosonline.com.br\/wp-content\/uploads\/2019\/08\/03123934\/logo.png\",\"contentUrl\":\"https:\/\/blog-es-static.infra.grancursosonline.com.br\/wp-content\/uploads\/2019\/08\/03123934\/logo.png\",\"width\":300,\"height\":57,\"caption\":\"Gran Cursos Online\"},\"image\":{\"@id\":\"https:\/\/faculdade.grancursosonline.com.br\/blog\/#\/schema\/logo\/image\/\"},\"sameAs\":[\"https:\/\/www.facebook.com\/grancursosonline\/\",\"https:\/\/x.com\/gran_online\",\"https:\/\/www.instagram.com\/grancursosonline\/\",\"https:\/\/www.youtube.com\/user\/grancursostv\"]},{\"@type\":\"Person\",\"@id\":\"https:\/\/faculdade.grancursosonline.com.br\/blog\/#\/schema\/person\/9745f9b6db8976613c1f439dbcfe717d\",\"name\":\"Guilherme Henrique\",\"url\":\"https:\/\/faculdade.grancursosonline.com.br\/blog\/author\/guilherme-lourenco\/\"}]}<\/script>\n<!-- \/ Yoast SEO Premium plugin. -->","yoast_head_json":{"title":"Mundo Digital: como a tecnologia transforma nossas vidas? Entenda mais sobre o tema!","description":"Explore o impacto da tecnologia no dia a dia, no trabalho e na aprendizagem. Saiba como o mundo digital molda a sociedade.","robots":{"index":"index","follow":"follow","max-snippet":"max-snippet:-1","max-image-preview":"max-image-preview:large","max-video-preview":"max-video-preview:-1"},"canonical":"https:\/\/faculdade.grancursosonline.com.br\/blog\/mundo-digital\/","og_locale":"pt_BR","og_type":"article","og_title":"Mundo Digital: como a tecnologia transforma nossas vidas? Entenda mais sobre o tema!","og_description":"Explore o impacto da tecnologia no dia a dia, no trabalho e na aprendizagem. Saiba como o mundo digital molda a sociedade.","og_url":"https:\/\/faculdade.grancursosonline.com.br\/blog\/mundo-digital\/","og_site_name":"Blog Gran Faculdade","article_publisher":"https:\/\/www.facebook.com\/grancursosonline\/","article_published_time":"2025-10-09T19:29:56+00:00","article_modified_time":"2025-10-13T13:01:58+00:00","og_image":[{"width":511,"height":311,"url":"https:\/\/blog-es-static.infra.grancursosonline.com.br\/wp-content\/uploads\/2025\/10\/13100134\/mundo-digital-2.jpg","type":"image\/jpeg"}],"author":"Guilherme Henrique","twitter_card":"summary_large_image","twitter_creator":"@gran_online","twitter_site":"@gran_online","twitter_misc":{"Written by":"Guilherme Henrique","Est. reading time":"31 minutos"},"schema":{"@context":"https:\/\/schema.org","@graph":[{"@type":"NewsArticle","@id":"https:\/\/faculdade.grancursosonline.com.br\/blog\/mundo-digital\/#article","isPartOf":{"@id":"https:\/\/faculdade.grancursosonline.com.br\/blog\/mundo-digital\/"},"author":{"name":"Guilherme Henrique","@id":"https:\/\/faculdade.grancursosonline.com.br\/blog\/#\/schema\/person\/9745f9b6db8976613c1f439dbcfe717d"},"headline":"Mundo Digital: como a tecnologia transforma nossas vidas? Entenda mais sobre o tema!","datePublished":"2025-10-09T19:29:56+00:00","dateModified":"2025-10-13T13:01:58+00:00","mainEntityOfPage":{"@id":"https:\/\/faculdade.grancursosonline.com.br\/blog\/mundo-digital\/"},"wordCount":1214,"commentCount":1,"publisher":{"@id":"https:\/\/faculdade.grancursosonline.com.br\/blog\/#organization"},"image":{"@id":"https:\/\/faculdade.grancursosonline.com.br\/blog\/mundo-digital\/#primaryimage"},"thumbnailUrl":"https:\/\/blog-es-static.infra.grancursosonline.com.br\/wp-content\/uploads\/2025\/10\/13100108\/mundo-digital.jpg","articleSection":["Gradua\u00e7\u00e3o EAD","Gradua\u00e7\u00e3o Gran Faculdade","\u00daltimas Not\u00edcias"],"inLanguage":"pt-BR","potentialAction":[{"@type":"CommentAction","name":"Comment","target":["https:\/\/faculdade.grancursosonline.com.br\/blog\/mundo-digital\/#respond"]}],"copyrightYear":"2025","copyrightHolder":{"@id":"https:\/\/faculdade.grancursosonline.com.br\/blog\/#organization"}},{"@type":"WebPage","@id":"https:\/\/faculdade.grancursosonline.com.br\/blog\/mundo-digital\/","url":"https:\/\/faculdade.grancursosonline.com.br\/blog\/mundo-digital\/","name":"Mundo Digital: como a tecnologia transforma nossas vidas? Entenda mais sobre o tema!","isPartOf":{"@id":"https:\/\/faculdade.grancursosonline.com.br\/blog\/#website"},"primaryImageOfPage":{"@id":"https:\/\/faculdade.grancursosonline.com.br\/blog\/mundo-digital\/#primaryimage"},"image":{"@id":"https:\/\/faculdade.grancursosonline.com.br\/blog\/mundo-digital\/#primaryimage"},"thumbnailUrl":"https:\/\/blog-es-static.infra.grancursosonline.com.br\/wp-content\/uploads\/2025\/10\/13100108\/mundo-digital.jpg","datePublished":"2025-10-09T19:29:56+00:00","dateModified":"2025-10-13T13:01:58+00:00","description":"Explore o impacto da tecnologia no dia a dia, no trabalho e na aprendizagem. Saiba como o mundo digital molda a sociedade.","breadcrumb":{"@id":"https:\/\/faculdade.grancursosonline.com.br\/blog\/mundo-digital\/#breadcrumb"},"inLanguage":"pt-BR","potentialAction":[{"@type":"ReadAction","target":["https:\/\/faculdade.grancursosonline.com.br\/blog\/mundo-digital\/"]}]},{"@type":"ImageObject","inLanguage":"pt-BR","@id":"https:\/\/faculdade.grancursosonline.com.br\/blog\/mundo-digital\/#primaryimage","url":"https:\/\/blog-es-static.infra.grancursosonline.com.br\/wp-content\/uploads\/2025\/10\/13100108\/mundo-digital.jpg","contentUrl":"https:\/\/blog-es-static.infra.grancursosonline.com.br\/wp-content\/uploads\/2025\/10\/13100108\/mundo-digital.jpg","width":1001,"height":601,"caption":"Mundo Digital: como a tecnologia transforma nossas vidas? Entenda mais sobre o tema!"},{"@type":"BreadcrumbList","@id":"https:\/\/faculdade.grancursosonline.com.br\/blog\/mundo-digital\/#breadcrumb","itemListElement":[{"@type":"ListItem","position":1,"name":"In\u00edcio","item":"https:\/\/faculdade.grancursosonline.com.br\/blog\/"},{"@type":"ListItem","position":2,"name":"Gradua\u00e7\u00e3o Gran Faculdade","item":"https:\/\/faculdade.grancursosonline.com.br\/blog\/graduacao\/"},{"@type":"ListItem","position":3,"name":"Mundo Digital: como a tecnologia transforma nossas vidas? Entenda mais sobre o tema!"}]},{"@type":"WebSite","@id":"https:\/\/faculdade.grancursosonline.com.br\/blog\/#website","url":"https:\/\/faculdade.grancursosonline.com.br\/blog\/","name":"Blog Gran Faculdade","description":"Tudo sobre ensino superior, p\u00f3s-gradua\u00e7\u00e3o, enem e carreira.","publisher":{"@id":"https:\/\/faculdade.grancursosonline.com.br\/blog\/#organization"},"potentialAction":[{"@type":"SearchAction","target":{"@type":"EntryPoint","urlTemplate":"https:\/\/faculdade.grancursosonline.com.br\/blog\/?s={search_term_string}"},"query-input":{"@type":"PropertyValueSpecification","valueRequired":true,"valueName":"search_term_string"}}],"inLanguage":"pt-BR"},{"@type":"Organization","@id":"https:\/\/faculdade.grancursosonline.com.br\/blog\/#organization","name":"Gran Cursos Online","url":"https:\/\/faculdade.grancursosonline.com.br\/blog\/","logo":{"@type":"ImageObject","inLanguage":"pt-BR","@id":"https:\/\/faculdade.grancursosonline.com.br\/blog\/#\/schema\/logo\/image\/","url":"https:\/\/blog-es-static.infra.grancursosonline.com.br\/wp-content\/uploads\/2019\/08\/03123934\/logo.png","contentUrl":"https:\/\/blog-es-static.infra.grancursosonline.com.br\/wp-content\/uploads\/2019\/08\/03123934\/logo.png","width":300,"height":57,"caption":"Gran Cursos Online"},"image":{"@id":"https:\/\/faculdade.grancursosonline.com.br\/blog\/#\/schema\/logo\/image\/"},"sameAs":["https:\/\/www.facebook.com\/grancursosonline\/","https:\/\/x.com\/gran_online","https:\/\/www.instagram.com\/grancursosonline\/","https:\/\/www.youtube.com\/user\/grancursostv"]},{"@type":"Person","@id":"https:\/\/faculdade.grancursosonline.com.br\/blog\/#\/schema\/person\/9745f9b6db8976613c1f439dbcfe717d","name":"Guilherme Henrique","url":"https:\/\/faculdade.grancursosonline.com.br\/blog\/author\/guilherme-lourenco\/"}]}},"_links":{"self":[{"href":"https:\/\/faculdade.grancursosonline.com.br\/blog\/wp-json\/wp\/v2\/posts\/79758532","targetHints":{"allow":["GET"]}}],"collection":[{"href":"https:\/\/faculdade.grancursosonline.com.br\/blog\/wp-json\/wp\/v2\/posts"}],"about":[{"href":"https:\/\/faculdade.grancursosonline.com.br\/blog\/wp-json\/wp\/v2\/types\/post"}],"author":[{"embeddable":true,"href":"https:\/\/faculdade.grancursosonline.com.br\/blog\/wp-json\/wp\/v2\/users\/514"}],"replies":[{"embeddable":true,"href":"https:\/\/faculdade.grancursosonline.com.br\/blog\/wp-json\/wp\/v2\/comments?post=79758532"}],"version-history":[{"count":1,"href":"https:\/\/faculdade.grancursosonline.com.br\/blog\/wp-json\/wp\/v2\/posts\/79758532\/revisions"}],"predecessor-version":[{"id":79758534,"href":"https:\/\/faculdade.grancursosonline.com.br\/blog\/wp-json\/wp\/v2\/posts\/79758532\/revisions\/79758534"}],"wp:featuredmedia":[{"embeddable":true,"href":"https:\/\/faculdade.grancursosonline.com.br\/blog\/wp-json\/wp\/v2\/media\/79758592"}],"wp:attachment":[{"href":"https:\/\/faculdade.grancursosonline.com.br\/blog\/wp-json\/wp\/v2\/media?parent=79758532"}],"wp:term":[{"taxonomy":"category","embeddable":true,"href":"https:\/\/faculdade.grancursosonline.com.br\/blog\/wp-json\/wp\/v2\/categories?post=79758532"},{"taxonomy":"post_tag","embeddable":true,"href":"https:\/\/faculdade.grancursosonline.com.br\/blog\/wp-json\/wp\/v2\/tags?post=79758532"}],"curies":[{"name":"wp","href":"https:\/\/api.w.org\/{rel}","templated":true}]}}