{"id":79758566,"date":"2025-10-10T18:01:25","date_gmt":"2025-10-10T21:01:25","guid":{"rendered":"https:\/\/faculdade.grancursosonline.com.br\/blog\/?p=79758566"},"modified":"2025-10-10T18:01:29","modified_gmt":"2025-10-10T21:01:29","slug":"hackaton-gran-faculdade-2025","status":"publish","type":"post","link":"https:\/\/faculdade.grancursosonline.com.br\/blog\/hackaton-gran-faculdade-2025\/","title":{"rendered":"Hackaton Gran Faculdade: como foi a cerim\u00f4nia de encerramento? Confira!"},"content":{"rendered":"\n<p>Na \u00faltima ter\u00e7a-feira, 7 de outubro, foi realizada a cerim\u00f4nia de encerramento do Gran Hackaton, evento que marcou o fim de dois meses de atividades dedicadas ao desenvolvimento de ferramentas voltadas \u00e0 empregabilidade. <\/p>\n\n\n\n<p>A iniciativa do hackaton Gran Faculdade foi conclu\u00edda com a premia\u00e7\u00e3o das equipes que apresentaram solu\u00e7\u00f5es reais e inovadoras para impulsionar o acesso ao mercado de trabalho e aproximar a forma\u00e7\u00e3o acad\u00eamica das demandas profissionais atuais.<\/p>\n\n\n\n<div class=\"wp-block-columns is-layout-flex wp-container-core-columns-is-layout-9d6595d7 wp-block-columns-is-layout-flex\">\n<div class=\"wp-block-column is-layout-flow wp-block-column-is-layout-flow\" style=\"flex-basis:100%\"><div class=\"wp-block-image\">\n<figure class=\"aligncenter size-full\"><a href=\"https:\/\/whatsapp.com\/channel\/0029VaG1sChI7Be7PNndhL43\" target=\"_blank\" rel=\"noopener\"><img decoding=\"async\" src=\"https:\/\/blog-es-static.infra.grancursosonline.com.br\/wp-content\/uploads\/2025\/09\/09112354\/banner-wp-600x142-80.webp\" alt=\"Acesse o canal do WhatsApp da Gran Faculdade\" class=\"wp-image-79751904\"\/><\/a><\/figure>\n<\/div><\/div>\n<\/div>\n\n\n\n<p>Acompanhe o artigo para saber mais sobre o Gran Hackaton, ou navegue pelo \u00edndice:<\/p>\n\n\n\n<ul class=\"wp-block-list\">\n<li><a href=\"#h-o-que-foi-o-gran-hackaton\">O que foi o Gran Hackaton?<\/a><\/li>\n\n\n\n<li><a href=\"#h-quem-foram-os-jurados-do-gran-hackaton\">Quem foram os jurados do Gran Hackaton?<\/a><\/li>\n\n\n\n<li><a href=\"#h-quais-os-premios-do-gran-hackaton\">Quais os pr\u00eamios do Gran Hackaton?<\/a><\/li>\n\n\n\n<li><a href=\"#h-estude-na-gran-faculdade\">Estude na Gran Faculdade<\/a><\/li>\n<\/ul>\n\n\n\n<h2 class=\"wp-block-heading\" id=\"h-o-que-foi-o-gran-hackaton\">O que foi o Gran Hackaton?<\/h2>\n\n\n\n<p>O Gran Hackaton foi um evento 100% online promovido pela Gran Faculdade, voltado exclusivamente para alunos matriculados na institui\u00e7\u00e3o. Com o tema \u201cInova\u00e7\u00e3o na Educa\u00e7\u00e3o: IA, Engajamento e Empregabilidade no Ensino do Futuro\u201d, o hackaton teve como objetivo estimular a cria\u00e7\u00e3o de solu\u00e7\u00f5es tecnol\u00f3gicas que conectassem o aprendizado acad\u00eamico \u00e0s demandas reais do mercado de trabalho.<\/p>\n\n\n\n<p>A iniciativa buscou responder a desafios importantes da educa\u00e7\u00e3o e da empregabilidade, como a dificuldade de aproximar os alunos das oportunidades profissionais, fomentar o networking em um ambiente de ensino a dist\u00e2ncia, avaliar perfis para vagas de forma escal\u00e1vel, oferecer orienta\u00e7\u00e3o de carreira e compreender as necessidades do ingresso em carreiras p\u00fablicas.<\/p>\n\n\n\n<p>A proposta atraiu o interesse de centenas de estudantes que desejavam aplicar o conhecimento adquirido na gradua\u00e7\u00e3o em projetos pr\u00e1ticos e inovadores. Ao todo, 697 alunos se inscreveram, e, ap\u00f3s o processo seletivo, 10 times com m\u00e9dia de cinco integrantes foram formados. Durante o evento, os grupos desenvolveram nove projetos, que avan\u00e7aram para a etapa de avalia\u00e7\u00e3o final.<\/p>\n\n\n\n<p>O hackaton contou com diversas fases. A primeira delas, conhecida no universo dos hackatons como \u201cWarm Up\u201d, teve como prop\u00f3sito \u201caquecer os motores\u201d dos participantes por meio de oficinas e encontros com especialistas. Nessa etapa, os alunos tiveram a oportunidade de acompanhar palestras de grandes nomes do setor, como Vitor Vieira (Google), Alex Ivonika (Gran) e Rafael Almeida (Amazon), que compartilharam experi\u00eancias e insights sobre inova\u00e7\u00e3o, tecnologia e carreira.<\/p>\n\n\n\n<p>Ap\u00f3s essa prepara\u00e7\u00e3o, os times colocaram a m\u00e3o na massa. Foram mais de 1.680 horas de trabalho dedicadas ao desenvolvimento das propostas. Ao fim de dois meses de atividades, os projetos foram entregues e avaliados por uma banca de jurados, encerrando um ciclo marcado por aprendizado, colabora\u00e7\u00e3o e solu\u00e7\u00f5es criativas voltadas \u00e0 empregabilidade.<\/p>\n\n\n\n<h2 class=\"wp-block-heading\" id=\"h-quem-foram-os-jurados-do-gran-hackaton\">Quem foram os jurados do Gran Hackaton?<\/h2>\n\n\n\n<p>O time de avaliadores do Gran Hackaton, promovido pela Gran Faculdade, contou com nomes de destaque na \u00e1rea da tecnologia. Estiveram na banca julgadora:<\/p>\n\n\n\n<ul class=\"wp-block-list\">\n<li>Rodrigo Calado &#8211; VP e CPO do Gran;<\/li>\n\n\n\n<li>Manoel Almeida &#8211; CTO do Gran;<\/li>\n\n\n\n<li>Alex Ivonika &#8211; Head de Produto do Gran;<\/li>\n\n\n\n<li>Rafael Caubit &#8211; Head de Cybersecurity do Gran;<\/li>\n\n\n\n<li>Orion Teles &#8211; Professor da Gran Faculdade;<\/li>\n\n\n\n<li>Marcelo Heitor &#8211; Professor da Gran Faculdade.<\/li>\n<\/ul>\n\n\n\n<p>Al\u00e9m desses profissionais, vale destacar que o Gran Hackaton 2025 foi idealizado por Bruno Henrique Trindade (Coordenador de Growth no Gran) e Miguel Carvalho (Coordenador e Professor dos cursos de Tecnologia do Gran).<\/p>\n\n\n\n<p>Toda a iniciativa foi planejada para estimular a participa\u00e7\u00e3o dos estudantes, independentemente de estarem matriculados em cursos da \u00e1rea de tecnologia. <\/p>\n\n\n\n<p>Essa proposta inclusiva permitiu a participa\u00e7\u00e3o de alunos de diferentes gradua\u00e7\u00f5es, o que enriqueceu a experi\u00eancia e trouxe m\u00faltiplas perspectivas para o desenvolvimento de solu\u00e7\u00f5es reais voltadas \u00e0 empregabilidade.<\/p>\n\n\n\n<p>Isso permitiu a participa\u00e7\u00e3o de alunos de outros cursos de gradua\u00e7\u00e3o, o que enriqueceu a experi\u00eancia, que trouxe diversas perspectivas para o desenvolvimento de solu\u00e7\u00f5es reais.<\/p>\n\n\n\n<h2 class=\"wp-block-heading\" id=\"h-quais-os-premios-do-gran-hackaton\">Quais os pr\u00eamios do Gran Hackaton?<\/h2>\n\n\n\n<p>Os vencedores do hackaton da Gran Faculdade foram premiados com incentivos voltados ao desenvolvimento acad\u00eamico e profissional. Confira o que os integrantes dos melhores times levaram:<\/p>\n\n\n\n<ul class=\"wp-block-list\">\n<li>Terceiro lugar: Bolsa de P\u00f3s-gradua\u00e7\u00e3o na Gran Faculdade;<\/li>\n\n\n\n<li>Segundo lugar: Mentoria especializada + Bolsa de P\u00f3s-gradua\u00e7\u00e3o na Gran Faculdade;<\/li>\n\n\n\n<li><strong>Primeiro lugar <\/strong>\ud83c\udfc6: Consultoria profissional de prepara\u00e7\u00e3o para o mercado de trabalho + Mentoria especializada + Bolsa de P\u00f3s-gradua\u00e7\u00e3o na Gran Faculdade.<\/li>\n<\/ul>\n\n\n\n<p>Estes pr\u00eamios refor\u00e7am o compromisso da Gran Faculdade em impulsionar a carreira e a empregabilidade de seus alunos por meio de uma competi\u00e7\u00e3o que desperta o potencial criativo, incentiva o trabalho em equipe e transforma ideias em oportunidades reais.<\/p>\n\n\n\n<h2 class=\"wp-block-heading\" id=\"h-estude-na-gran-faculdade\">Estude na Gran Faculdade<\/h2>\n\n\n\n<p>A Gran Faculdade vem mudando a vida de milhares de pessoas por meio de cursos \u00e0 dist\u00e2ncia de <a href=\"https:\/\/faculdade.grancursosonline.com.br\/\" target=\"_blank\" rel=\"noreferrer noopener\">gradua\u00e7\u00e3o<\/a>, <a href=\"https:\/\/pos.grancursosonline.com.br\/\" target=\"_blank\" rel=\"noreferrer noopener\">p\u00f3s-gradua\u00e7\u00e3o<\/a> e <a href=\"https:\/\/pos.grancursosonline.com.br\/mba\" target=\"_blank\" rel=\"noreferrer noopener\">MBA<\/a>. Seja no digital ou em nosso <a href=\"https:\/\/presencial.grancursosonline.com.br\/\" target=\"_blank\" rel=\"noreferrer noopener\">Campus Presencial em Curitiba<\/a>, a nossa miss\u00e3o \u00e9 transformar a educa\u00e7\u00e3o superior.<\/p>\n\n\n\n<p>Como parte de Sistema Gran de Ensino, que \u00e9 reconhecido como marca aprovadora h\u00e1 mais de 10 anos, constru\u00edmos uma renomada reputa\u00e7\u00e3o na \u00e1rea de educa\u00e7\u00e3o.<\/p>\n\n\n\n<p>Veja algumas de nossas conquistas:<\/p>\n\n\n\n<ul class=\"wp-block-list\">\n<li>Reconhecido pela Amazon como um dos projetos mais relevantes do mundo na \u00e1rea de Tecnologia e Educa\u00e7\u00e3o;<\/li>\n\n\n\n<li>Foi eleito pelo Project Management Institute (PMI), um dos 50 Projetos Mais Influentes do mundo;<\/li>\n\n\n\n<li>Somos o site de educa\u00e7\u00e3o mais acessado do Brasil;<\/li>\n\n\n\n<li>Somos avaliados com a nota m\u00e1xima pelo MEC;<\/li>\n\n\n\n<li>Aqui o semestre come\u00e7a quando quiser: entrada imediata e cont\u00ednua!<\/li>\n\n\n\n<li>Melhores pre\u00e7os do mercado;<\/li>\n\n\n\n<li>Mais de 800 mil alunos pagantes e mais de 1000 funcion\u00e1rios;<\/li>\n\n\n\n<li>Diversas ferramentas de estudo: PDFs, audiobooks, mapas mentais, videoaulas, quest\u00f5es, gerenciador de estudos e muito mais!<\/li>\n\n\n\n<li>Professores experientes e capacitados;<\/li>\n\n\n\n<li>Acesso imediato e 100% online.<\/li>\n<\/ul>\n\n\n\n<p class=\"has-text-align-center has-text-align-center\"><strong><a href=\"https:\/\/faculdade.grancursosonline.com.br\/\">Quero ser aluno da Gran Faculdade<\/a><\/strong><\/p>\n\n\n\n<h2 class=\"wp-block-heading\" id=\"h-participe-de-uma-imersao-exclusiva-com-especialistas-em-ia-e-transforme-sua-carreira\">Participe de uma imers\u00e3o exclusiva com especialistas em IA e transforme sua carreira<\/h2>\n\n\n<div class=\"wp-block-image\">\n<figure class=\"aligncenter size-large is-resized\"><a href=\"https:\/\/lp.grancursosonline.com.br\/imersao-em-ia\/?utm_source=Wordpress&amp;utm_medium=sidebar&amp;utm_campaign=Capta%C3%A7%C3%A3o+Imers%C3%A3o+em+IA+-+Abril%2F2026+-+Blog+Ensino+Superior+-+Conte%C3%BAdo+e+SEO&amp;utm_id=Capta%C3%A7%C3%A3o+Imers%C3%A3o+em+IA+-+Abril%2F2026+-+Blog+Ensino+Superior+-+Conte%C3%BAdo+e+SEO\" target=\"_blank\" rel=\" noreferrer noopener\"><img loading=\"lazy\" decoding=\"async\" width=\"1024\" height=\"576\" src=\"https:\/\/blog-es-static.infra.grancursosonline.com.br\/wp-content\/uploads\/2026\/03\/31105919\/imersao_em_ia-1024x576.webp\" alt=\"\" class=\"wp-image-79763836\" style=\"width:488px;height:auto\"\/><\/a><\/figure>\n<\/div>\n\n\n<p><strong>Se voc\u00ea quer sair do b\u00e1sico e entender, na pr\u00e1tica, como a Intelig\u00eancia Artificial (IA) est\u00e1 moldando o mercado, esta \u00e9 a sua oportunidade.<\/strong> <\/p>\n\n\n\n<p>A Imers\u00e3o em IA re\u00fane especialistas renomados do mercado, incluindo profissionais com experi\u00eancia em grandes empresas de tecnologia como Google e Amazon, que v\u00e3o compartilhar<strong> insights estrat\u00e9gicos e aplica\u00e7\u00f5es reais<\/strong> para acelerar sua evolu\u00e7\u00e3o profissional.<\/p>\n\n\n\n<p>O evento acontecer\u00e1 em <strong>tr\u00eas encontros ao vivo, a partir do dia 13 de abril, sempre \u00e0s 20h<\/strong> (hor\u00e1rio de Bras\u00edlia), com uma programa\u00e7\u00e3o estruturada para levar voc\u00ea do entendimento dos conceitos at\u00e9 a aplica\u00e7\u00e3o pr\u00e1tica de agentes de IA.<\/p>\n\n\n\n<p>Clique no link abaixo e garanta sua participa\u00e7\u00e3o nesta experi\u00eancia <strong>gratuita, ao vivo e com potencial real de impacto na sua carreira<\/strong>.<\/p>\n\n\n\n<p class=\"has-text-align-center\"><strong><a href=\"https:\/\/lp.grancursosonline.com.br\/imersao-em-ia\/?utm_source=Wordpress&amp;utm_medium=sidebar&amp;utm_campaign=Capta%C3%A7%C3%A3o+Imers%C3%A3o+em+IA+-+Abril%2F2026+-+Blog+Ensino+Superior+-+Conte%C3%BAdo+e+SEO&amp;utm_id=Capta%C3%A7%C3%A3o+Imers%C3%A3o+em+IA+-+Abril%2F2026+-+Blog+Ensino+Superior+-+Conte%C3%BAdo+e+SEO\" target=\"_blank\" rel=\"noreferrer noopener\">Quero participar da Imers\u00e3o para aprender mais sobre IA<\/a><\/strong><\/p>\n\n\n\n<div class=\"wp-block-group\"><div class=\"wp-block-group__inner-container is-layout-constrained wp-block-group-is-layout-constrained\">\n<div class=\"wp-block-group\"><div class=\"wp-block-group__inner-container is-layout-constrained wp-block-group-is-layout-constrained\">\n<section style=\"text-align: center;\">\n<p>Quer ficar por dentro da Faculdade Digital mais inovadora do Brasil?<\/p>\n<nav>\n<p class=\"has-background has-dark-bluish-background-color\" style=\"font-size: 25px; text-align: center; background: #f0f0f0; color: #ffffff; padding: 4px 0px 4xp 0px;\"><a style=\"color: #0d134c; text-decoration: underline;\" href=\"https:\/\/faculdade.grancursosonline.com.br\/\" target=\"_blank\" rel=\"noopener\">GRADUA\u00c7\u00c3O<\/a><\/p>\n<p class=\"has-background has-dark-bluish-background-color\" style=\"font-size: 25px; text-align: center; background: #f0f0f0; color: #ffffff; padding: 4px 0px 4xp 0px;\"><a style=\"color: #0d134c; text-decoration: underline;\" href=\"https:\/\/pos.grancursosonline.com.br\/\" target=\"_blank\" rel=\"noopener\">P\u00d3S-GRADUA\u00c7\u00c3O<\/a><\/p>\n<p class=\"has-background has-dark-bluish-background-color\" style=\"font-size: 25px; text-align: center; background: #f0f0f0; color: #ffffff; padding: 4px 0px 4xp 0px;\"><a style=\"color: #0d134c; text-decoration: underline;\" href=\"https:\/\/faculdade.grancursosonline.com.br\/nossos-cursos\/\" target=\"_blank\" rel=\"noopener\">TUDO SOBRE A GRAN FACULDADE<\/a><\/p>\n<\/nav>\n<p><strong>Receba <span style=\"color: #cf1e25;\">gratuitamente<\/span> no seu celular as principais not\u00edcias sobre a Gran Faculdade! <br \/>Clique no link abaixo e inscreva-se:<\/strong><\/p>\n<p class=\"has-background has-dark-bluish-background-color\" style=\"font-size: 25px; text-align: center; background: #f0f0f0; color: #ffffff; padding: 4px 0px 4xp 0px;\"><a style=\"color: #0d134c; text-decoration: underline;\" href=\"https:\/\/whatsapp.com\/channel\/0029VaG1sChI7Be7PNndhL43\" target=\"_blank\" rel=\"noopener noreferrer\">WHATSAPP<\/a><\/p>\n<p class=\"has-background has-dark-bluish-background-color\" style=\"font-size: 25px; text-align: center; background: #f0f0f0; color: #ffffff; padding: 4px 0px 4xp 0px;\"><a style=\"color: #0d134c; text-decoration: underline;\" href=\"https:\/\/t.me\/GranFaculdade\" target=\"_blank\" rel=\"noopener noreferrer\">TELEGRAM<\/a><\/p>\n<\/section>\n<\/div><\/div>\n<\/div><\/div>\n","protected":false},"excerpt":{"rendered":"<p>Na \u00faltima ter\u00e7a-feira, 7 de outubro, foi realizada a cerim\u00f4nia de encerramento do Gran Hackaton, evento que marcou o fim de dois meses de atividades dedicadas ao desenvolvimento de ferramentas voltadas \u00e0 empregabilidade. A iniciativa do hackaton Gran Faculdade foi conclu\u00edda com a premia\u00e7\u00e3o das equipes que apresentaram solu\u00e7\u00f5es reais e inovadoras para impulsionar o&hellip;<\/p>\n","protected":false},"author":513,"featured_media":79758567,"comment_status":"open","ping_status":"open","sticky":false,"template":"","format":"standard","meta":{"_acf_changed":false,"content-type":"","footnotes":""},"categories":[218669,219790,218545,2],"tags":[],"class_list":["post-79758566","post","type-post","status-publish","format-standard","has-post-thumbnail","hentry","category-empregabilidade","category-graduacao-ead","category-graduacao","category-ultimas-noticias"],"acf":[],"yoast_head":"<!-- This site is optimized with the Yoast SEO Premium plugin v27.2 (Yoast SEO v27.2) - https:\/\/yoast.com\/product\/yoast-seo-premium-wordpress\/ -->\n<title>Hackaton Gran Faculdade: como foi a cerim\u00f4nia de encerramento? Confira!<\/title>\n<meta name=\"description\" content=\"Confira como foi o hackaton Gran Faculdade e conhe\u00e7a as solu\u00e7\u00f5es inovadoras criadas pelos alunos para impulsionar a empregabilidade.\" \/>\n<meta name=\"robots\" content=\"index, follow, max-snippet:-1, max-image-preview:large, max-video-preview:-1\" \/>\n<link rel=\"canonical\" href=\"https:\/\/faculdade.grancursosonline.com.br\/blog\/hackaton-gran-faculdade-2025\/\" \/>\n<meta property=\"og:locale\" content=\"pt_BR\" \/>\n<meta property=\"og:type\" content=\"article\" \/>\n<meta property=\"og:title\" content=\"Hackaton Gran Faculdade: como foi a cerim\u00f4nia de encerramento? Confira!\" \/>\n<meta property=\"og:description\" content=\"Confira como foi o hackaton Gran Faculdade e conhe\u00e7a as solu\u00e7\u00f5es inovadoras criadas pelos alunos para impulsionar a empregabilidade.\" \/>\n<meta property=\"og:url\" content=\"https:\/\/faculdade.grancursosonline.com.br\/blog\/hackaton-gran-faculdade-2025\/\" \/>\n<meta property=\"og:site_name\" content=\"Blog Gran Faculdade\" \/>\n<meta property=\"article:publisher\" content=\"https:\/\/www.facebook.com\/grancursosonline\/\" \/>\n<meta property=\"article:published_time\" content=\"2025-10-10T21:01:25+00:00\" \/>\n<meta property=\"article:modified_time\" content=\"2025-10-10T21:01:29+00:00\" \/>\n<meta property=\"og:image\" content=\"https:\/\/blog-es-static.infra.grancursosonline.com.br\/wp-content\/uploads\/2025\/10\/10164352\/hackaton-gran-faculdade.jpg\" \/>\n\t<meta property=\"og:image:width\" content=\"1001\" \/>\n\t<meta property=\"og:image:height\" content=\"601\" \/>\n\t<meta property=\"og:image:type\" content=\"image\/jpeg\" \/>\n<meta name=\"author\" content=\"Larissa de Fran\u00e7a\" \/>\n<meta name=\"twitter:card\" content=\"summary_large_image\" \/>\n<meta name=\"twitter:creator\" content=\"@gran_online\" \/>\n<meta name=\"twitter:site\" content=\"@gran_online\" \/>\n<meta name=\"twitter:label1\" content=\"Written by\" \/>\n\t<meta name=\"twitter:data1\" content=\"Larissa de Fran\u00e7a\" \/>\n\t<meta name=\"twitter:label2\" content=\"Est. reading time\" \/>\n\t<meta name=\"twitter:data2\" content=\"7 minutos\" \/>\n<script type=\"application\/ld+json\" class=\"yoast-schema-graph\">{\"@context\":\"https:\/\/schema.org\",\"@graph\":[{\"@type\":\"NewsArticle\",\"@id\":\"https:\/\/faculdade.grancursosonline.com.br\/blog\/hackaton-gran-faculdade-2025\/#article\",\"isPartOf\":{\"@id\":\"https:\/\/faculdade.grancursosonline.com.br\/blog\/hackaton-gran-faculdade-2025\/\"},\"author\":{\"name\":\"Larissa de Fran\u00e7a\",\"@id\":\"https:\/\/faculdade.grancursosonline.com.br\/blog\/#\/schema\/person\/e41590de43e91fa2adf3cf8b740a6a34\"},\"headline\":\"Hackaton Gran Faculdade: como foi a cerim\u00f4nia de encerramento? Confira!\",\"datePublished\":\"2025-10-10T21:01:25+00:00\",\"dateModified\":\"2025-10-10T21:01:29+00:00\",\"mainEntityOfPage\":{\"@id\":\"https:\/\/faculdade.grancursosonline.com.br\/blog\/hackaton-gran-faculdade-2025\/\"},\"wordCount\":755,\"commentCount\":0,\"publisher\":{\"@id\":\"https:\/\/faculdade.grancursosonline.com.br\/blog\/#organization\"},\"image\":{\"@id\":\"https:\/\/faculdade.grancursosonline.com.br\/blog\/hackaton-gran-faculdade-2025\/#primaryimage\"},\"thumbnailUrl\":\"https:\/\/blog-es-static.infra.grancursosonline.com.br\/wp-content\/uploads\/2025\/10\/10164352\/hackaton-gran-faculdade.jpg\",\"articleSection\":[\"Empregabilidade\",\"Gradua\u00e7\u00e3o EAD\",\"Gradua\u00e7\u00e3o Gran Faculdade\",\"\u00daltimas Not\u00edcias\"],\"inLanguage\":\"pt-BR\",\"potentialAction\":[{\"@type\":\"CommentAction\",\"name\":\"Comment\",\"target\":[\"https:\/\/faculdade.grancursosonline.com.br\/blog\/hackaton-gran-faculdade-2025\/#respond\"]}],\"copyrightYear\":\"2025\",\"copyrightHolder\":{\"@id\":\"https:\/\/faculdade.grancursosonline.com.br\/blog\/#organization\"}},{\"@type\":\"WebPage\",\"@id\":\"https:\/\/faculdade.grancursosonline.com.br\/blog\/hackaton-gran-faculdade-2025\/\",\"url\":\"https:\/\/faculdade.grancursosonline.com.br\/blog\/hackaton-gran-faculdade-2025\/\",\"name\":\"Hackaton Gran Faculdade: como foi a cerim\u00f4nia de encerramento? Confira!\",\"isPartOf\":{\"@id\":\"https:\/\/faculdade.grancursosonline.com.br\/blog\/#website\"},\"primaryImageOfPage\":{\"@id\":\"https:\/\/faculdade.grancursosonline.com.br\/blog\/hackaton-gran-faculdade-2025\/#primaryimage\"},\"image\":{\"@id\":\"https:\/\/faculdade.grancursosonline.com.br\/blog\/hackaton-gran-faculdade-2025\/#primaryimage\"},\"thumbnailUrl\":\"https:\/\/blog-es-static.infra.grancursosonline.com.br\/wp-content\/uploads\/2025\/10\/10164352\/hackaton-gran-faculdade.jpg\",\"datePublished\":\"2025-10-10T21:01:25+00:00\",\"dateModified\":\"2025-10-10T21:01:29+00:00\",\"description\":\"Confira como foi o hackaton Gran Faculdade e conhe\u00e7a as solu\u00e7\u00f5es inovadoras criadas pelos alunos para impulsionar a empregabilidade.\",\"breadcrumb\":{\"@id\":\"https:\/\/faculdade.grancursosonline.com.br\/blog\/hackaton-gran-faculdade-2025\/#breadcrumb\"},\"inLanguage\":\"pt-BR\",\"potentialAction\":[{\"@type\":\"ReadAction\",\"target\":[\"https:\/\/faculdade.grancursosonline.com.br\/blog\/hackaton-gran-faculdade-2025\/\"]}]},{\"@type\":\"ImageObject\",\"inLanguage\":\"pt-BR\",\"@id\":\"https:\/\/faculdade.grancursosonline.com.br\/blog\/hackaton-gran-faculdade-2025\/#primaryimage\",\"url\":\"https:\/\/blog-es-static.infra.grancursosonline.com.br\/wp-content\/uploads\/2025\/10\/10164352\/hackaton-gran-faculdade.jpg\",\"contentUrl\":\"https:\/\/blog-es-static.infra.grancursosonline.com.br\/wp-content\/uploads\/2025\/10\/10164352\/hackaton-gran-faculdade.jpg\",\"width\":1001,\"height\":601},{\"@type\":\"BreadcrumbList\",\"@id\":\"https:\/\/faculdade.grancursosonline.com.br\/blog\/hackaton-gran-faculdade-2025\/#breadcrumb\",\"itemListElement\":[{\"@type\":\"ListItem\",\"position\":1,\"name\":\"In\u00edcio\",\"item\":\"https:\/\/faculdade.grancursosonline.com.br\/blog\/\"},{\"@type\":\"ListItem\",\"position\":2,\"name\":\"Gradua\u00e7\u00e3o Gran Faculdade\",\"item\":\"https:\/\/faculdade.grancursosonline.com.br\/blog\/graduacao\/\"},{\"@type\":\"ListItem\",\"position\":3,\"name\":\"Hackaton Gran Faculdade: como foi a cerim\u00f4nia de encerramento? Confira!\"}]},{\"@type\":\"WebSite\",\"@id\":\"https:\/\/faculdade.grancursosonline.com.br\/blog\/#website\",\"url\":\"https:\/\/faculdade.grancursosonline.com.br\/blog\/\",\"name\":\"Blog Gran Faculdade\",\"description\":\"Tudo sobre ensino superior, p\u00f3s-gradua\u00e7\u00e3o, enem e carreira.\",\"publisher\":{\"@id\":\"https:\/\/faculdade.grancursosonline.com.br\/blog\/#organization\"},\"potentialAction\":[{\"@type\":\"SearchAction\",\"target\":{\"@type\":\"EntryPoint\",\"urlTemplate\":\"https:\/\/faculdade.grancursosonline.com.br\/blog\/?s={search_term_string}\"},\"query-input\":{\"@type\":\"PropertyValueSpecification\",\"valueRequired\":true,\"valueName\":\"search_term_string\"}}],\"inLanguage\":\"pt-BR\"},{\"@type\":\"Organization\",\"@id\":\"https:\/\/faculdade.grancursosonline.com.br\/blog\/#organization\",\"name\":\"Gran Cursos Online\",\"url\":\"https:\/\/faculdade.grancursosonline.com.br\/blog\/\",\"logo\":{\"@type\":\"ImageObject\",\"inLanguage\":\"pt-BR\",\"@id\":\"https:\/\/faculdade.grancursosonline.com.br\/blog\/#\/schema\/logo\/image\/\",\"url\":\"https:\/\/blog-es-static.infra.grancursosonline.com.br\/wp-content\/uploads\/2019\/08\/03123934\/logo.png\",\"contentUrl\":\"https:\/\/blog-es-static.infra.grancursosonline.com.br\/wp-content\/uploads\/2019\/08\/03123934\/logo.png\",\"width\":300,\"height\":57,\"caption\":\"Gran Cursos Online\"},\"image\":{\"@id\":\"https:\/\/faculdade.grancursosonline.com.br\/blog\/#\/schema\/logo\/image\/\"},\"sameAs\":[\"https:\/\/www.facebook.com\/grancursosonline\/\",\"https:\/\/x.com\/gran_online\",\"https:\/\/www.instagram.com\/grancursosonline\/\",\"https:\/\/www.youtube.com\/user\/grancursostv\"]},{\"@type\":\"Person\",\"@id\":\"https:\/\/faculdade.grancursosonline.com.br\/blog\/#\/schema\/person\/e41590de43e91fa2adf3cf8b740a6a34\",\"name\":\"Larissa de Fran\u00e7a\",\"url\":\"https:\/\/faculdade.grancursosonline.com.br\/blog\/author\/larisa-leonardo\/\"}]}<\/script>\n<!-- \/ Yoast SEO Premium plugin. -->","yoast_head_json":{"title":"Hackaton Gran Faculdade: como foi a cerim\u00f4nia de encerramento? Confira!","description":"Confira como foi o hackaton Gran Faculdade e conhe\u00e7a as solu\u00e7\u00f5es inovadoras criadas pelos alunos para impulsionar a empregabilidade.","robots":{"index":"index","follow":"follow","max-snippet":"max-snippet:-1","max-image-preview":"max-image-preview:large","max-video-preview":"max-video-preview:-1"},"canonical":"https:\/\/faculdade.grancursosonline.com.br\/blog\/hackaton-gran-faculdade-2025\/","og_locale":"pt_BR","og_type":"article","og_title":"Hackaton Gran Faculdade: como foi a cerim\u00f4nia de encerramento? Confira!","og_description":"Confira como foi o hackaton Gran Faculdade e conhe\u00e7a as solu\u00e7\u00f5es inovadoras criadas pelos alunos para impulsionar a empregabilidade.","og_url":"https:\/\/faculdade.grancursosonline.com.br\/blog\/hackaton-gran-faculdade-2025\/","og_site_name":"Blog Gran Faculdade","article_publisher":"https:\/\/www.facebook.com\/grancursosonline\/","article_published_time":"2025-10-10T21:01:25+00:00","article_modified_time":"2025-10-10T21:01:29+00:00","og_image":[{"width":1001,"height":601,"url":"https:\/\/blog-es-static.infra.grancursosonline.com.br\/wp-content\/uploads\/2025\/10\/10164352\/hackaton-gran-faculdade.jpg","type":"image\/jpeg"}],"author":"Larissa de Fran\u00e7a","twitter_card":"summary_large_image","twitter_creator":"@gran_online","twitter_site":"@gran_online","twitter_misc":{"Written by":"Larissa de Fran\u00e7a","Est. reading time":"7 minutos"},"schema":{"@context":"https:\/\/schema.org","@graph":[{"@type":"NewsArticle","@id":"https:\/\/faculdade.grancursosonline.com.br\/blog\/hackaton-gran-faculdade-2025\/#article","isPartOf":{"@id":"https:\/\/faculdade.grancursosonline.com.br\/blog\/hackaton-gran-faculdade-2025\/"},"author":{"name":"Larissa de Fran\u00e7a","@id":"https:\/\/faculdade.grancursosonline.com.br\/blog\/#\/schema\/person\/e41590de43e91fa2adf3cf8b740a6a34"},"headline":"Hackaton Gran Faculdade: como foi a cerim\u00f4nia de encerramento? Confira!","datePublished":"2025-10-10T21:01:25+00:00","dateModified":"2025-10-10T21:01:29+00:00","mainEntityOfPage":{"@id":"https:\/\/faculdade.grancursosonline.com.br\/blog\/hackaton-gran-faculdade-2025\/"},"wordCount":755,"commentCount":0,"publisher":{"@id":"https:\/\/faculdade.grancursosonline.com.br\/blog\/#organization"},"image":{"@id":"https:\/\/faculdade.grancursosonline.com.br\/blog\/hackaton-gran-faculdade-2025\/#primaryimage"},"thumbnailUrl":"https:\/\/blog-es-static.infra.grancursosonline.com.br\/wp-content\/uploads\/2025\/10\/10164352\/hackaton-gran-faculdade.jpg","articleSection":["Empregabilidade","Gradua\u00e7\u00e3o EAD","Gradua\u00e7\u00e3o Gran Faculdade","\u00daltimas Not\u00edcias"],"inLanguage":"pt-BR","potentialAction":[{"@type":"CommentAction","name":"Comment","target":["https:\/\/faculdade.grancursosonline.com.br\/blog\/hackaton-gran-faculdade-2025\/#respond"]}],"copyrightYear":"2025","copyrightHolder":{"@id":"https:\/\/faculdade.grancursosonline.com.br\/blog\/#organization"}},{"@type":"WebPage","@id":"https:\/\/faculdade.grancursosonline.com.br\/blog\/hackaton-gran-faculdade-2025\/","url":"https:\/\/faculdade.grancursosonline.com.br\/blog\/hackaton-gran-faculdade-2025\/","name":"Hackaton Gran Faculdade: como foi a cerim\u00f4nia de encerramento? Confira!","isPartOf":{"@id":"https:\/\/faculdade.grancursosonline.com.br\/blog\/#website"},"primaryImageOfPage":{"@id":"https:\/\/faculdade.grancursosonline.com.br\/blog\/hackaton-gran-faculdade-2025\/#primaryimage"},"image":{"@id":"https:\/\/faculdade.grancursosonline.com.br\/blog\/hackaton-gran-faculdade-2025\/#primaryimage"},"thumbnailUrl":"https:\/\/blog-es-static.infra.grancursosonline.com.br\/wp-content\/uploads\/2025\/10\/10164352\/hackaton-gran-faculdade.jpg","datePublished":"2025-10-10T21:01:25+00:00","dateModified":"2025-10-10T21:01:29+00:00","description":"Confira como foi o hackaton Gran Faculdade e conhe\u00e7a as solu\u00e7\u00f5es inovadoras criadas pelos alunos para impulsionar a empregabilidade.","breadcrumb":{"@id":"https:\/\/faculdade.grancursosonline.com.br\/blog\/hackaton-gran-faculdade-2025\/#breadcrumb"},"inLanguage":"pt-BR","potentialAction":[{"@type":"ReadAction","target":["https:\/\/faculdade.grancursosonline.com.br\/blog\/hackaton-gran-faculdade-2025\/"]}]},{"@type":"ImageObject","inLanguage":"pt-BR","@id":"https:\/\/faculdade.grancursosonline.com.br\/blog\/hackaton-gran-faculdade-2025\/#primaryimage","url":"https:\/\/blog-es-static.infra.grancursosonline.com.br\/wp-content\/uploads\/2025\/10\/10164352\/hackaton-gran-faculdade.jpg","contentUrl":"https:\/\/blog-es-static.infra.grancursosonline.com.br\/wp-content\/uploads\/2025\/10\/10164352\/hackaton-gran-faculdade.jpg","width":1001,"height":601},{"@type":"BreadcrumbList","@id":"https:\/\/faculdade.grancursosonline.com.br\/blog\/hackaton-gran-faculdade-2025\/#breadcrumb","itemListElement":[{"@type":"ListItem","position":1,"name":"In\u00edcio","item":"https:\/\/faculdade.grancursosonline.com.br\/blog\/"},{"@type":"ListItem","position":2,"name":"Gradua\u00e7\u00e3o Gran Faculdade","item":"https:\/\/faculdade.grancursosonline.com.br\/blog\/graduacao\/"},{"@type":"ListItem","position":3,"name":"Hackaton Gran Faculdade: como foi a cerim\u00f4nia de encerramento? Confira!"}]},{"@type":"WebSite","@id":"https:\/\/faculdade.grancursosonline.com.br\/blog\/#website","url":"https:\/\/faculdade.grancursosonline.com.br\/blog\/","name":"Blog Gran Faculdade","description":"Tudo sobre ensino superior, p\u00f3s-gradua\u00e7\u00e3o, enem e carreira.","publisher":{"@id":"https:\/\/faculdade.grancursosonline.com.br\/blog\/#organization"},"potentialAction":[{"@type":"SearchAction","target":{"@type":"EntryPoint","urlTemplate":"https:\/\/faculdade.grancursosonline.com.br\/blog\/?s={search_term_string}"},"query-input":{"@type":"PropertyValueSpecification","valueRequired":true,"valueName":"search_term_string"}}],"inLanguage":"pt-BR"},{"@type":"Organization","@id":"https:\/\/faculdade.grancursosonline.com.br\/blog\/#organization","name":"Gran Cursos Online","url":"https:\/\/faculdade.grancursosonline.com.br\/blog\/","logo":{"@type":"ImageObject","inLanguage":"pt-BR","@id":"https:\/\/faculdade.grancursosonline.com.br\/blog\/#\/schema\/logo\/image\/","url":"https:\/\/blog-es-static.infra.grancursosonline.com.br\/wp-content\/uploads\/2019\/08\/03123934\/logo.png","contentUrl":"https:\/\/blog-es-static.infra.grancursosonline.com.br\/wp-content\/uploads\/2019\/08\/03123934\/logo.png","width":300,"height":57,"caption":"Gran Cursos Online"},"image":{"@id":"https:\/\/faculdade.grancursosonline.com.br\/blog\/#\/schema\/logo\/image\/"},"sameAs":["https:\/\/www.facebook.com\/grancursosonline\/","https:\/\/x.com\/gran_online","https:\/\/www.instagram.com\/grancursosonline\/","https:\/\/www.youtube.com\/user\/grancursostv"]},{"@type":"Person","@id":"https:\/\/faculdade.grancursosonline.com.br\/blog\/#\/schema\/person\/e41590de43e91fa2adf3cf8b740a6a34","name":"Larissa de Fran\u00e7a","url":"https:\/\/faculdade.grancursosonline.com.br\/blog\/author\/larisa-leonardo\/"}]}},"_links":{"self":[{"href":"https:\/\/faculdade.grancursosonline.com.br\/blog\/wp-json\/wp\/v2\/posts\/79758566","targetHints":{"allow":["GET"]}}],"collection":[{"href":"https:\/\/faculdade.grancursosonline.com.br\/blog\/wp-json\/wp\/v2\/posts"}],"about":[{"href":"https:\/\/faculdade.grancursosonline.com.br\/blog\/wp-json\/wp\/v2\/types\/post"}],"author":[{"embeddable":true,"href":"https:\/\/faculdade.grancursosonline.com.br\/blog\/wp-json\/wp\/v2\/users\/513"}],"replies":[{"embeddable":true,"href":"https:\/\/faculdade.grancursosonline.com.br\/blog\/wp-json\/wp\/v2\/comments?post=79758566"}],"version-history":[{"count":2,"href":"https:\/\/faculdade.grancursosonline.com.br\/blog\/wp-json\/wp\/v2\/posts\/79758566\/revisions"}],"predecessor-version":[{"id":79758584,"href":"https:\/\/faculdade.grancursosonline.com.br\/blog\/wp-json\/wp\/v2\/posts\/79758566\/revisions\/79758584"}],"wp:featuredmedia":[{"embeddable":true,"href":"https:\/\/faculdade.grancursosonline.com.br\/blog\/wp-json\/wp\/v2\/media\/79758567"}],"wp:attachment":[{"href":"https:\/\/faculdade.grancursosonline.com.br\/blog\/wp-json\/wp\/v2\/media?parent=79758566"}],"wp:term":[{"taxonomy":"category","embeddable":true,"href":"https:\/\/faculdade.grancursosonline.com.br\/blog\/wp-json\/wp\/v2\/categories?post=79758566"},{"taxonomy":"post_tag","embeddable":true,"href":"https:\/\/faculdade.grancursosonline.com.br\/blog\/wp-json\/wp\/v2\/tags?post=79758566"}],"curies":[{"name":"wp","href":"https:\/\/api.w.org\/{rel}","templated":true}]}}