{"id":79758769,"date":"2025-10-17T16:36:57","date_gmt":"2025-10-17T19:36:57","guid":{"rendered":"https:\/\/faculdade.grancursosonline.com.br\/blog\/?p=79758769"},"modified":"2025-10-17T17:03:11","modified_gmt":"2025-10-17T20:03:11","slug":"imersao-ia-2025-gran-faculdade","status":"publish","type":"post","link":"https:\/\/faculdade.grancursosonline.com.br\/blog\/imersao-ia-2025-gran-faculdade\/","title":{"rendered":"Imers\u00e3o em IA: saiba como foram os tr\u00eas dias de palestras da Gran Faculdade"},"content":{"rendered":"\n<p>Na \u00faltima segunda-feira, a Gran Faculdade deu in\u00edcio \u00e0 segunda edi\u00e7\u00e3o da Imers\u00e3o em IA, evento voltado para estudantes e profissionais que buscam informa\u00e7\u00f5es relevantes sobre o avan\u00e7o da intelig\u00eancia artificial e como ela pode agregar n\u00e3o s\u00f3 na carreira, mas tamb\u00e9m no dia a dia.<\/p>\n\n\n\n<p>Foram 3 encontros mediados pelo CPO do Gran, Rodrigo Calado, e tamb\u00e9m pelo Coordenador dos cursos de Tecnologia da faculdade, professor Miguel Carvalho. <\/p>\n\n\n\n<p>Os convidados foram nomes de peso do mercado de intelig\u00eancia artificial internacional, como Google e Amazon. Os palestrantes trouxeram suas experi\u00eancias e o que est\u00e1 por vir quando falamos de agente aut\u00f4nomos.<\/p>\n\n\n\n<div class=\"wp-block-columns is-layout-flex wp-container-core-columns-is-layout-9d6595d7 wp-block-columns-is-layout-flex\">\n<div class=\"wp-block-column is-layout-flow wp-block-column-is-layout-flow\" style=\"flex-basis:100%\"><div class=\"wp-block-image\">\n<figure class=\"aligncenter size-full\"><a href=\"https:\/\/whatsapp.com\/channel\/0029VaG1sChI7Be7PNndhL43\" target=\"_blank\" rel=\"noopener\"><img decoding=\"async\" src=\"https:\/\/blog-es-static.infra.grancursosonline.com.br\/wp-content\/uploads\/2025\/09\/09112354\/banner-wp-600x142-80.webp\" alt=\"Acesse o canal do WhatsApp da Gran Faculdade\" class=\"wp-image-79751904\"\/><\/a><\/figure>\n<\/div><\/div>\n<\/div>\n\n\n\n<p>Vamos conferir como foi cada um dos tr\u00eas dias de evento? Navegue pelo \u00edndice ou continue a leitura do artigo!<\/p>\n\n\n\n<ul class=\"wp-block-list\">\n<li><a href=\"#h-dia-1-a-revolucao-dos-agentes-autonomos\">Dia 1: A revolu\u00e7\u00e3o dos Agentes Aut\u00f4nomos<\/a><\/li>\n\n\n\n<li><a href=\"#h-dia-2-introducao-aos-agentes-de-ia-e-como-construi-los-na-aws\">Dia 2: Introdu\u00e7\u00e3o aos agentes de IA e como constru\u00ed-los na AWS<\/a><\/li>\n\n\n\n<li><a href=\"#h-dia-3-ia-e-aplicacoes-no-dia-a-dia\">Dia 3: IA e Aplica\u00e7\u00f5es no dia a dia<\/a><\/li>\n\n\n\n<li><a href=\"#h-estude-na-gran-faculdade\">Estude na Gran Faculdade<\/a><\/li>\n<\/ul>\n\n\n\n<h2 class=\"wp-block-heading\" id=\"h-dia-1-a-revolucao-dos-agentes-autonomos\">Dia 1: A revolu\u00e7\u00e3o dos Agentes Aut\u00f4nomos<\/h2>\n\n\n\n<blockquote class=\"wp-block-quote is-layout-flow wp-block-quote-is-layout-flow\">\n<p><em>&#8220;A mentalidade de experimenta\u00e7\u00e3o e inova\u00e7\u00e3o \u00e9 um motor fundamental para impulsionar o desenvolvimento de agentes de Intelig\u00eancia Artificial (IA), sendo essa era vista como uma &#8216;outra nova grande revolu\u00e7\u00e3o&#8217; tecnol\u00f3gica.&#8221;<\/em><\/p>\n<\/blockquote>\n\n\n\n<p>Essa fala foi trazida por Mariana Martins, executiva de neg\u00f3cios da \u00e1rea de educa\u00e7\u00e3o do Google h\u00e1 oito anos.<\/p>\n\n\n\n<p>Mariana \u00e9 considerada refer\u00eancia no assunto, e uma das pessoas no Brasil que mais entendem a evolu\u00e7\u00e3o das ferramentas tecnol\u00f3gicas e sua aplicabilidade no dia a dia. Sempre por dentro do que diz respeito \u00e0 inova\u00e7\u00e3o, Mariana ressalta que a intelig\u00eancia artificial acelera o avan\u00e7o da tecnologia e permite a cria\u00e7\u00e3o de solu\u00e7\u00f5es mais robustas e r\u00e1pidas, que facilitam a rotina.<\/p>\n\n\n\n<p>Mariana trouxe 5 dicas fundamentais sobre a mentalidade de experimenta\u00e7\u00e3o para lidar com um futuro, que exigir\u00e1 que os profissionais e estudantes mantenham a curiosidade e resolvam desafios em busca de melhores resultados.<\/p>\n\n\n\n<p>Conhe\u00e7a a Mariana e confira as dicas na \u00edntegra:<\/p>\n\n\n\n<figure class=\"wp-block-embed is-type-video is-provider-youtube wp-block-embed-youtube wp-embed-aspect-16-9 wp-has-aspect-ratio\"><div class=\"wp-block-embed__wrapper\">\n<div class=\"video-container\"><iframe loading=\"lazy\" loading=\"lazy\" title=\"Imers\u00e3o Gratuita sobre IA - DIA 1 | A revolu\u00e7\u00e3o dos Agentes Aut\u00f4nomos\" width=\"500\" height=\"281\" src=\"https:\/\/www.youtube.com\/embed\/mpGmV2KmNVQ?feature=oembed\" frameborder=\"0\" allow=\"accelerometer; autoplay; clipboard-write; encrypted-media; gyroscope; picture-in-picture; web-share\" referrerpolicy=\"strict-origin-when-cross-origin\" allowfullscreen><\/iframe><\/div>\n<\/div><\/figure>\n\n\n\n<h2 class=\"wp-block-heading\" id=\"h-dia-2-introducao-aos-agentes-de-ia-e-como-construi-los-na-aws\">Dia 2: Introdu\u00e7\u00e3o aos agentes de IA e como constru\u00ed-los na AWS<\/h2>\n\n\n\n<p>J\u00e1 no dia 2, n\u00f3s acompanhamos a palestra de Rafael Almeida, arquiteto de solu\u00e7\u00f5es e especialista em intelig\u00eancia artificial na Amazon.<\/p>\n\n\n\n<p>Neste encontro, Rafael explicou de forma detalhada o conceito de IA ag\u00eantica, como ela acelera o desenvolvimento de software e como ela otimiza fluxos de trabalho usando o Amazon Bedrock.<\/p>\n\n\n\n<p>Nas palavras de Rafael: <\/p>\n\n\n\n<blockquote class=\"wp-block-quote is-layout-flow wp-block-quote-is-layout-flow\">\n<p><em>&#8220;Os Agentes de Intelig\u00eancia Artificial (IA), tamb\u00e9m chamados de IA Ag\u00eantica (Agentic AI), representam uma das tecnologias mais disruptivas atualmente, sendo comparados ao advento da internet em termos de impacto global. Esses agentes transformam a maneira como tarefas s\u00e3o executadas, introduzindo automa\u00e7\u00e3o e capacidades avan\u00e7adas de racioc\u00ednio.<\/em><\/p>\n<\/blockquote>\n\n\n\n<p>Especialista em arquitetura de solu\u00e7\u00f5es, Rafael tamb\u00e9m trouxe dicas de como a constru\u00e7\u00e3o destes agentes podem ser facilitadas por de softwares. E o mais importante: que n\u00e3o \u00e9 estritamente necess\u00e1rio ser um cientista de dados com anos de experi\u00eancia para criar agentes operacionais.<\/p>\n\n\n\n<p>Por isso, compreender as ferramentas de intelig\u00eancia artificial e como operacionaliz\u00e1-las no dia a dia est\u00e1 ao alcance de todos. A Imers\u00e3o em IA quis trazer essa abordagem para reafirmar que todo mundo pode!<\/p>\n\n\n\n<p>Assista abaixo a grava\u00e7\u00e3o completa do dia 2 e confira as dicas valiosas de Rafael Almeida:<\/p>\n\n\n\n<figure class=\"wp-block-embed is-type-video is-provider-youtube wp-block-embed-youtube wp-embed-aspect-16-9 wp-has-aspect-ratio\"><div class=\"wp-block-embed__wrapper\">\n<div class=\"video-container\"><iframe loading=\"lazy\" loading=\"lazy\" title=\"Imers\u00e3o Gratuita sobre IA - DIA 2 | Introdu\u00e7\u00e3o aos agentes de IA e como constru\u00ed-los na AWS\" width=\"500\" height=\"281\" src=\"https:\/\/www.youtube.com\/embed\/2UQzYjw7uZ8?feature=oembed\" frameborder=\"0\" allow=\"accelerometer; autoplay; clipboard-write; encrypted-media; gyroscope; picture-in-picture; web-share\" referrerpolicy=\"strict-origin-when-cross-origin\" allowfullscreen><\/iframe><\/div>\n<\/div><\/figure>\n\n\n\n<h2 class=\"wp-block-heading\" id=\"h-dia-3-ia-e-aplicacoes-no-dia-a-dia\">Dia 3: IA e Aplica\u00e7\u00f5es no dia a dia<\/h2>\n\n\n\n<p>Para encerrar os tr\u00eas encontros com chave de ouro, a cerim\u00f4nia de encerramento contou com um workshop para unir a teoria \u00e0 pr\u00e1tica, e fixar o que foi aprendido nos dias de Imers\u00e3o.<\/p>\n\n\n\n<p>O \u00faltimo dia de evento foi conduzido por especialistas do Gran. O professor Miguel Carvalho demonstrou o uso de IAs para otimizar o tempo e resolver problemas pr\u00e1ticos em softwares como o Excel.<\/p>\n\n\n\n<p>J\u00e1 as desenvolvedoras Maria Eduarda e M\u00e1rcia Cunha continuaram aprofundando o tema, introduzindo conceitos como agentes aut\u00f4nomos e a integra\u00e7\u00e3o de ci\u00eancia de dados com agentes de IA.<\/p>\n\n\n\n<p>Por fim, nosso anfitri\u00e3o e CPO do Gran, Rodrigo Calado, demonstrou a aplica\u00e7\u00e3o da IA para resolver um problema complexo de programa\u00e7\u00e3o em segundos, refor\u00e7ando que o futuro exige a cria\u00e7\u00e3o e n\u00e3o apenas o uso da tecnologia.<\/p>\n\n\n\n<p>Confira como foi o \u00faltimo dia de Imers\u00e3o em IA no v\u00eddeo abaixo:<\/p>\n\n\n\n<figure class=\"wp-block-embed is-type-video is-provider-youtube wp-block-embed-youtube wp-embed-aspect-16-9 wp-has-aspect-ratio\"><div class=\"wp-block-embed__wrapper\">\n<div class=\"video-container\"><iframe loading=\"lazy\" loading=\"lazy\" title=\"Imers\u00e3o Gratuita sobre Intelig\u00eancia Artificial - DIA 3 - IA e Aplica\u00e7\u00f5es no dia a dia\" width=\"500\" height=\"281\" src=\"https:\/\/www.youtube.com\/embed\/AB_FI6EQcgc?feature=oembed\" frameborder=\"0\" allow=\"accelerometer; autoplay; clipboard-write; encrypted-media; gyroscope; picture-in-picture; web-share\" referrerpolicy=\"strict-origin-when-cross-origin\" allowfullscreen><\/iframe><\/div>\n<\/div><\/figure>\n\n\n\n<h2 class=\"wp-block-heading\" id=\"h-estude-na-gran-faculdade\">Estude na Gran Faculdade<\/h2>\n\n\n\n<p>A Gran Faculdade vem mudando a vida de milhares de pessoas por meio de cursos \u00e0 dist\u00e2ncia de <a href=\"https:\/\/faculdade.grancursosonline.com.br\/\" target=\"_blank\" rel=\"noreferrer noopener\">gradua\u00e7\u00e3o<\/a>, <a href=\"https:\/\/pos.grancursosonline.com.br\/\" target=\"_blank\" rel=\"noreferrer noopener\">p\u00f3s-gradua\u00e7\u00e3o<\/a> e <a href=\"https:\/\/pos.grancursosonline.com.br\/mba\" target=\"_blank\" rel=\"noreferrer noopener\">MBA<\/a>. Seja no digital ou em nosso <a href=\"https:\/\/presencial.grancursosonline.com.br\/\" target=\"_blank\" rel=\"noreferrer noopener\">Campus Presencial em Curitiba<\/a>, a nossa miss\u00e3o \u00e9 transformar a educa\u00e7\u00e3o superior.<\/p>\n\n\n\n<p>Como parte de Sistema Gran de Ensino, que \u00e9 reconhecido como marca aprovadora h\u00e1 mais de 10 anos, constru\u00edmos uma renomada reputa\u00e7\u00e3o na \u00e1rea de educa\u00e7\u00e3o.<\/p>\n\n\n\n<p>Veja algumas de nossas conquistas:<\/p>\n\n\n\n<ul class=\"wp-block-list\">\n<li>Reconhecido pela Amazon como um dos projetos mais relevantes do mundo na \u00e1rea de Tecnologia e Educa\u00e7\u00e3o;<\/li>\n\n\n\n<li>Foi eleito pelo Project Management Institute (PMI), um dos 50 Projetos Mais Influentes do mundo;<\/li>\n\n\n\n<li>Somos o site de educa\u00e7\u00e3o mais acessado do Brasil;<\/li>\n\n\n\n<li>Somos avaliados com a nota m\u00e1xima pelo MEC;<\/li>\n\n\n\n<li>Aqui o semestre come\u00e7a quando quiser: entrada imediata e cont\u00ednua!<\/li>\n\n\n\n<li>Melhores pre\u00e7os do mercado;<\/li>\n\n\n\n<li>Mais de 800 mil alunos pagantes e mais de 1000 funcion\u00e1rios;<\/li>\n\n\n\n<li>Diversas ferramentas de estudo: PDFs, audiobooks, mapas mentais, videoaulas, quest\u00f5es, gerenciador de estudos e muito mais!<\/li>\n\n\n\n<li>Professores experientes e capacitados;<\/li>\n\n\n\n<li>Acesso imediato e 100% online.<\/li>\n<\/ul>\n\n\n\n<p class=\"has-text-align-center has-text-align-center\"><strong><a href=\"https:\/\/faculdade.grancursosonline.com.br\/\">Quero ser aluno da Gran Faculdade<\/a><\/strong><\/p>\n\n\n\n<h2 class=\"wp-block-heading\" id=\"h-participe-de-uma-imersao-exclusiva-com-especialistas-em-ia-e-transforme-sua-carreira\">Participe de uma imers\u00e3o exclusiva com especialistas em IA e transforme sua carreira<\/h2>\n\n\n<div class=\"wp-block-image\">\n<figure class=\"aligncenter size-large is-resized\"><a href=\"https:\/\/lp.grancursosonline.com.br\/imersao-em-ia\/?utm_source=Wordpress&amp;utm_medium=sidebar&amp;utm_campaign=Capta%C3%A7%C3%A3o+Imers%C3%A3o+em+IA+-+Abril%2F2026+-+Blog+Ensino+Superior+-+Conte%C3%BAdo+e+SEO&amp;utm_id=Capta%C3%A7%C3%A3o+Imers%C3%A3o+em+IA+-+Abril%2F2026+-+Blog+Ensino+Superior+-+Conte%C3%BAdo+e+SEO\" target=\"_blank\" rel=\" noreferrer noopener\"><img loading=\"lazy\" decoding=\"async\" width=\"1024\" height=\"576\" src=\"https:\/\/blog-es-static.infra.grancursosonline.com.br\/wp-content\/uploads\/2026\/03\/31105919\/imersao_em_ia-1024x576.webp\" alt=\"\" class=\"wp-image-79763836\" style=\"width:488px;height:auto\"\/><\/a><\/figure>\n<\/div>\n\n\n<p><strong>Se voc\u00ea quer sair do b\u00e1sico e entender, na pr\u00e1tica, como a Intelig\u00eancia Artificial (IA) est\u00e1 moldando o mercado, esta \u00e9 a sua oportunidade.<\/strong> <\/p>\n\n\n\n<p>A Imers\u00e3o em IA re\u00fane especialistas renomados do mercado, incluindo profissionais com experi\u00eancia em grandes empresas de tecnologia como Google e Amazon, que v\u00e3o compartilhar<strong> insights estrat\u00e9gicos e aplica\u00e7\u00f5es reais<\/strong> para acelerar sua evolu\u00e7\u00e3o profissional.<\/p>\n\n\n\n<p>O evento acontecer\u00e1 em <strong>tr\u00eas encontros ao vivo, a partir do dia 13 de abril, sempre \u00e0s 20h<\/strong> (hor\u00e1rio de Bras\u00edlia), com uma programa\u00e7\u00e3o estruturada para levar voc\u00ea do entendimento dos conceitos at\u00e9 a aplica\u00e7\u00e3o pr\u00e1tica de agentes de IA.<\/p>\n\n\n\n<p>Clique no link abaixo e garanta sua participa\u00e7\u00e3o nesta experi\u00eancia <strong>gratuita, ao vivo e com potencial real de impacto na sua carreira<\/strong>.<\/p>\n\n\n\n<p class=\"has-text-align-center\"><strong><a href=\"https:\/\/lp.grancursosonline.com.br\/imersao-em-ia\/?utm_source=Wordpress&amp;utm_medium=sidebar&amp;utm_campaign=Capta%C3%A7%C3%A3o+Imers%C3%A3o+em+IA+-+Abril%2F2026+-+Blog+Ensino+Superior+-+Conte%C3%BAdo+e+SEO&amp;utm_id=Capta%C3%A7%C3%A3o+Imers%C3%A3o+em+IA+-+Abril%2F2026+-+Blog+Ensino+Superior+-+Conte%C3%BAdo+e+SEO\" target=\"_blank\" rel=\"noreferrer noopener\">Quero participar da Imers\u00e3o para aprender mais sobre IA<\/a><\/strong><\/p>\n\n\n\n<div class=\"wp-block-group has-background\" style=\"background-color:#8dd2fc7a\"><div class=\"wp-block-group__inner-container is-layout-constrained wp-block-group-is-layout-constrained\">\n<p><strong>Outras not\u00edcias em destaque:<\/strong><\/p>\n\n\n\n<ul class=\"wp-block-list\">\n<li><a href=\"https:\/\/faculdade.grancursosonline.com.br\/blog\/inteligencia-artificial-nos-negocios\/\" target=\"_blank\" rel=\"noreferrer noopener\">Intelig\u00eancia artificial nos neg\u00f3cios: como transformar dados em estrat\u00e9gias inteligentes<\/a><\/li>\n\n\n\n<li><a href=\"https:\/\/faculdade.grancursosonline.com.br\/blog\/tema-redacao-enem-2025-o-avanco-da-ia\/\" target=\"_blank\" rel=\"noreferrer noopener\">Tema Reda\u00e7\u00e3o Enem 2025: O avan\u00e7o da Intelig\u00eancia Artificial e os desafios \u00e9ticos<\/a><\/li>\n\n\n\n<li><a href=\"https:\/\/faculdade.grancursosonline.com.br\/blog\/curso-inteligencia-artificial\/\" target=\"_blank\" rel=\"noreferrer noopener\">Curso de Intelig\u00eancia Artificial: como \u00e9 a faculdade EAD?<\/a><\/li>\n<\/ul>\n<\/div><\/div>\n\n\n\n<div class=\"wp-block-group\"><div class=\"wp-block-group__inner-container is-layout-constrained wp-block-group-is-layout-constrained\">\n<div class=\"wp-block-group\"><div class=\"wp-block-group__inner-container is-layout-constrained wp-block-group-is-layout-constrained\">\n<section style=\"text-align: center;\">\n<p>Quer ficar por dentro da Faculdade Digital mais inovadora do Brasil?<\/p>\n<nav>\n<p class=\"has-background has-dark-bluish-background-color\" style=\"font-size: 25px; text-align: center; background: #f0f0f0; color: #ffffff; padding: 4px 0px 4xp 0px;\"><a style=\"color: #0d134c; text-decoration: underline;\" href=\"https:\/\/faculdade.grancursosonline.com.br\/\" target=\"_blank\" rel=\"noopener\">GRADUA\u00c7\u00c3O<\/a><\/p>\n<p class=\"has-background has-dark-bluish-background-color\" style=\"font-size: 25px; text-align: center; background: #f0f0f0; color: #ffffff; padding: 4px 0px 4xp 0px;\"><a style=\"color: #0d134c; text-decoration: underline;\" href=\"https:\/\/pos.grancursosonline.com.br\/\" target=\"_blank\" rel=\"noopener\">P\u00d3S-GRADUA\u00c7\u00c3O<\/a><\/p>\n<p class=\"has-background has-dark-bluish-background-color\" style=\"font-size: 25px; text-align: center; background: #f0f0f0; color: #ffffff; padding: 4px 0px 4xp 0px;\"><a style=\"color: #0d134c; text-decoration: underline;\" href=\"https:\/\/faculdade.grancursosonline.com.br\/nossos-cursos\/\" target=\"_blank\" rel=\"noopener\">TUDO SOBRE A GRAN FACULDADE<\/a><\/p>\n<\/nav>\n<p><strong>Receba <span style=\"color: #cf1e25;\">gratuitamente<\/span> no seu celular as principais not\u00edcias sobre a Gran Faculdade! <br \/>Clique no link abaixo e inscreva-se:<\/strong><\/p>\n<p class=\"has-background has-dark-bluish-background-color\" style=\"font-size: 25px; text-align: center; background: #f0f0f0; color: #ffffff; padding: 4px 0px 4xp 0px;\"><a style=\"color: #0d134c; text-decoration: underline;\" href=\"https:\/\/whatsapp.com\/channel\/0029VaG1sChI7Be7PNndhL43\" target=\"_blank\" rel=\"noopener noreferrer\">WHATSAPP<\/a><\/p>\n<p class=\"has-background has-dark-bluish-background-color\" style=\"font-size: 25px; text-align: center; background: #f0f0f0; color: #ffffff; padding: 4px 0px 4xp 0px;\"><a style=\"color: #0d134c; text-decoration: underline;\" href=\"https:\/\/t.me\/GranFaculdade\" target=\"_blank\" rel=\"noopener noreferrer\">TELEGRAM<\/a><\/p>\n<\/section>\n<\/div><\/div>\n<\/div><\/div>\n","protected":false},"excerpt":{"rendered":"<p>Na \u00faltima segunda-feira, a Gran Faculdade deu in\u00edcio \u00e0 segunda edi\u00e7\u00e3o da Imers\u00e3o em IA, evento voltado para estudantes e profissionais que buscam informa\u00e7\u00f5es relevantes sobre o avan\u00e7o da intelig\u00eancia artificial e como ela pode agregar n\u00e3o s\u00f3 na carreira, mas tamb\u00e9m no dia a dia. Foram 3 encontros mediados pelo CPO do Gran, Rodrigo&hellip;<\/p>\n","protected":false},"author":513,"featured_media":79758770,"comment_status":"open","ping_status":"open","sticky":false,"template":"","format":"standard","meta":{"_acf_changed":false,"content-type":"","footnotes":""},"categories":[219790,218545,2],"tags":[],"class_list":["post-79758769","post","type-post","status-publish","format-standard","has-post-thumbnail","hentry","category-graduacao-ead","category-graduacao","category-ultimas-noticias"],"acf":[],"yoast_head":"<!-- This site is optimized with the Yoast SEO Premium plugin v27.2 (Yoast SEO v27.2) - https:\/\/yoast.com\/product\/yoast-seo-premium-wordpress\/ -->\n<title>Imers\u00e3o em IA: saiba como foram os tr\u00eas dias de palestras da Gran Faculdade<\/title>\n<meta name=\"description\" content=\"Saiba como foram os tr\u00eas dias de palestras da Imers\u00e3o em IA da Gran Faculdade e como os agentes aut\u00f4nomos podem facilitar o nosso dia a dia. Confira!\" \/>\n<meta name=\"robots\" content=\"index, follow, max-snippet:-1, max-image-preview:large, max-video-preview:-1\" \/>\n<link rel=\"canonical\" href=\"https:\/\/faculdade.grancursosonline.com.br\/blog\/imersao-ia-2025-gran-faculdade\/\" \/>\n<meta property=\"og:locale\" content=\"pt_BR\" \/>\n<meta property=\"og:type\" content=\"article\" \/>\n<meta property=\"og:title\" content=\"Imers\u00e3o em IA: saiba como foram os tr\u00eas dias de palestras da Gran Faculdade\" \/>\n<meta property=\"og:description\" content=\"Saiba como foram os tr\u00eas dias de palestras da Imers\u00e3o em IA da Gran Faculdade e como os agentes aut\u00f4nomos podem facilitar o nosso dia a dia. Confira!\" \/>\n<meta property=\"og:url\" content=\"https:\/\/faculdade.grancursosonline.com.br\/blog\/imersao-ia-2025-gran-faculdade\/\" \/>\n<meta property=\"og:site_name\" content=\"Blog Gran Faculdade\" \/>\n<meta property=\"article:publisher\" content=\"https:\/\/www.facebook.com\/grancursosonline\/\" \/>\n<meta property=\"article:published_time\" content=\"2025-10-17T19:36:57+00:00\" \/>\n<meta property=\"article:modified_time\" content=\"2025-10-17T20:03:11+00:00\" \/>\n<meta property=\"og:image\" content=\"https:\/\/blog-es-static.infra.grancursosonline.com.br\/wp-content\/uploads\/2025\/10\/17163538\/imersao-ia.jpg\" \/>\n\t<meta property=\"og:image:width\" content=\"1001\" \/>\n\t<meta property=\"og:image:height\" content=\"601\" \/>\n\t<meta property=\"og:image:type\" content=\"image\/jpeg\" \/>\n<meta name=\"author\" content=\"Larissa de Fran\u00e7a\" \/>\n<meta name=\"twitter:card\" content=\"summary_large_image\" \/>\n<meta name=\"twitter:creator\" content=\"@gran_online\" \/>\n<meta name=\"twitter:site\" content=\"@gran_online\" \/>\n<meta name=\"twitter:label1\" content=\"Written by\" \/>\n\t<meta name=\"twitter:data1\" content=\"Larissa de Fran\u00e7a\" \/>\n\t<meta name=\"twitter:label2\" content=\"Est. reading time\" \/>\n\t<meta name=\"twitter:data2\" content=\"6 minutos\" \/>\n<script type=\"application\/ld+json\" class=\"yoast-schema-graph\">{\"@context\":\"https:\/\/schema.org\",\"@graph\":[{\"@type\":\"NewsArticle\",\"@id\":\"https:\/\/faculdade.grancursosonline.com.br\/blog\/imersao-ia-2025-gran-faculdade\/#article\",\"isPartOf\":{\"@id\":\"https:\/\/faculdade.grancursosonline.com.br\/blog\/imersao-ia-2025-gran-faculdade\/\"},\"author\":{\"name\":\"Larissa de Fran\u00e7a\",\"@id\":\"https:\/\/faculdade.grancursosonline.com.br\/blog\/#\/schema\/person\/e41590de43e91fa2adf3cf8b740a6a34\"},\"headline\":\"Imers\u00e3o em IA: saiba como foram os tr\u00eas dias de palestras da Gran Faculdade\",\"datePublished\":\"2025-10-17T19:36:57+00:00\",\"dateModified\":\"2025-10-17T20:03:11+00:00\",\"mainEntityOfPage\":{\"@id\":\"https:\/\/faculdade.grancursosonline.com.br\/blog\/imersao-ia-2025-gran-faculdade\/\"},\"wordCount\":818,\"commentCount\":0,\"publisher\":{\"@id\":\"https:\/\/faculdade.grancursosonline.com.br\/blog\/#organization\"},\"image\":{\"@id\":\"https:\/\/faculdade.grancursosonline.com.br\/blog\/imersao-ia-2025-gran-faculdade\/#primaryimage\"},\"thumbnailUrl\":\"https:\/\/blog-es-static.infra.grancursosonline.com.br\/wp-content\/uploads\/2025\/10\/17163538\/imersao-ia.jpg\",\"articleSection\":[\"Gradua\u00e7\u00e3o EAD\",\"Gradua\u00e7\u00e3o Gran Faculdade\",\"\u00daltimas Not\u00edcias\"],\"inLanguage\":\"pt-BR\",\"potentialAction\":[{\"@type\":\"CommentAction\",\"name\":\"Comment\",\"target\":[\"https:\/\/faculdade.grancursosonline.com.br\/blog\/imersao-ia-2025-gran-faculdade\/#respond\"]}],\"copyrightYear\":\"2025\",\"copyrightHolder\":{\"@id\":\"https:\/\/faculdade.grancursosonline.com.br\/blog\/#organization\"}},{\"@type\":\"WebPage\",\"@id\":\"https:\/\/faculdade.grancursosonline.com.br\/blog\/imersao-ia-2025-gran-faculdade\/\",\"url\":\"https:\/\/faculdade.grancursosonline.com.br\/blog\/imersao-ia-2025-gran-faculdade\/\",\"name\":\"Imers\u00e3o em IA: saiba como foram os tr\u00eas dias de palestras da Gran Faculdade\",\"isPartOf\":{\"@id\":\"https:\/\/faculdade.grancursosonline.com.br\/blog\/#website\"},\"primaryImageOfPage\":{\"@id\":\"https:\/\/faculdade.grancursosonline.com.br\/blog\/imersao-ia-2025-gran-faculdade\/#primaryimage\"},\"image\":{\"@id\":\"https:\/\/faculdade.grancursosonline.com.br\/blog\/imersao-ia-2025-gran-faculdade\/#primaryimage\"},\"thumbnailUrl\":\"https:\/\/blog-es-static.infra.grancursosonline.com.br\/wp-content\/uploads\/2025\/10\/17163538\/imersao-ia.jpg\",\"datePublished\":\"2025-10-17T19:36:57+00:00\",\"dateModified\":\"2025-10-17T20:03:11+00:00\",\"description\":\"Saiba como foram os tr\u00eas dias de palestras da Imers\u00e3o em IA da Gran Faculdade e como os agentes aut\u00f4nomos podem facilitar o nosso dia a dia. Confira!\",\"breadcrumb\":{\"@id\":\"https:\/\/faculdade.grancursosonline.com.br\/blog\/imersao-ia-2025-gran-faculdade\/#breadcrumb\"},\"inLanguage\":\"pt-BR\",\"potentialAction\":[{\"@type\":\"ReadAction\",\"target\":[\"https:\/\/faculdade.grancursosonline.com.br\/blog\/imersao-ia-2025-gran-faculdade\/\"]}]},{\"@type\":\"ImageObject\",\"inLanguage\":\"pt-BR\",\"@id\":\"https:\/\/faculdade.grancursosonline.com.br\/blog\/imersao-ia-2025-gran-faculdade\/#primaryimage\",\"url\":\"https:\/\/blog-es-static.infra.grancursosonline.com.br\/wp-content\/uploads\/2025\/10\/17163538\/imersao-ia.jpg\",\"contentUrl\":\"https:\/\/blog-es-static.infra.grancursosonline.com.br\/wp-content\/uploads\/2025\/10\/17163538\/imersao-ia.jpg\",\"width\":1001,\"height\":601},{\"@type\":\"BreadcrumbList\",\"@id\":\"https:\/\/faculdade.grancursosonline.com.br\/blog\/imersao-ia-2025-gran-faculdade\/#breadcrumb\",\"itemListElement\":[{\"@type\":\"ListItem\",\"position\":1,\"name\":\"In\u00edcio\",\"item\":\"https:\/\/faculdade.grancursosonline.com.br\/blog\/\"},{\"@type\":\"ListItem\",\"position\":2,\"name\":\"Gradua\u00e7\u00e3o Gran Faculdade\",\"item\":\"https:\/\/faculdade.grancursosonline.com.br\/blog\/graduacao\/\"},{\"@type\":\"ListItem\",\"position\":3,\"name\":\"Imers\u00e3o em IA: saiba como foram os tr\u00eas dias de palestras da Gran Faculdade\"}]},{\"@type\":\"WebSite\",\"@id\":\"https:\/\/faculdade.grancursosonline.com.br\/blog\/#website\",\"url\":\"https:\/\/faculdade.grancursosonline.com.br\/blog\/\",\"name\":\"Blog Gran Faculdade\",\"description\":\"Tudo sobre ensino superior, p\u00f3s-gradua\u00e7\u00e3o, enem e carreira.\",\"publisher\":{\"@id\":\"https:\/\/faculdade.grancursosonline.com.br\/blog\/#organization\"},\"potentialAction\":[{\"@type\":\"SearchAction\",\"target\":{\"@type\":\"EntryPoint\",\"urlTemplate\":\"https:\/\/faculdade.grancursosonline.com.br\/blog\/?s={search_term_string}\"},\"query-input\":{\"@type\":\"PropertyValueSpecification\",\"valueRequired\":true,\"valueName\":\"search_term_string\"}}],\"inLanguage\":\"pt-BR\"},{\"@type\":\"Organization\",\"@id\":\"https:\/\/faculdade.grancursosonline.com.br\/blog\/#organization\",\"name\":\"Gran Cursos Online\",\"url\":\"https:\/\/faculdade.grancursosonline.com.br\/blog\/\",\"logo\":{\"@type\":\"ImageObject\",\"inLanguage\":\"pt-BR\",\"@id\":\"https:\/\/faculdade.grancursosonline.com.br\/blog\/#\/schema\/logo\/image\/\",\"url\":\"https:\/\/blog-es-static.infra.grancursosonline.com.br\/wp-content\/uploads\/2019\/08\/03123934\/logo.png\",\"contentUrl\":\"https:\/\/blog-es-static.infra.grancursosonline.com.br\/wp-content\/uploads\/2019\/08\/03123934\/logo.png\",\"width\":300,\"height\":57,\"caption\":\"Gran Cursos Online\"},\"image\":{\"@id\":\"https:\/\/faculdade.grancursosonline.com.br\/blog\/#\/schema\/logo\/image\/\"},\"sameAs\":[\"https:\/\/www.facebook.com\/grancursosonline\/\",\"https:\/\/x.com\/gran_online\",\"https:\/\/www.instagram.com\/grancursosonline\/\",\"https:\/\/www.youtube.com\/user\/grancursostv\"]},{\"@type\":\"Person\",\"@id\":\"https:\/\/faculdade.grancursosonline.com.br\/blog\/#\/schema\/person\/e41590de43e91fa2adf3cf8b740a6a34\",\"name\":\"Larissa de Fran\u00e7a\",\"url\":\"https:\/\/faculdade.grancursosonline.com.br\/blog\/author\/larisa-leonardo\/\"}]}<\/script>\n<!-- \/ Yoast SEO Premium plugin. -->","yoast_head_json":{"title":"Imers\u00e3o em IA: saiba como foram os tr\u00eas dias de palestras da Gran Faculdade","description":"Saiba como foram os tr\u00eas dias de palestras da Imers\u00e3o em IA da Gran Faculdade e como os agentes aut\u00f4nomos podem facilitar o nosso dia a dia. Confira!","robots":{"index":"index","follow":"follow","max-snippet":"max-snippet:-1","max-image-preview":"max-image-preview:large","max-video-preview":"max-video-preview:-1"},"canonical":"https:\/\/faculdade.grancursosonline.com.br\/blog\/imersao-ia-2025-gran-faculdade\/","og_locale":"pt_BR","og_type":"article","og_title":"Imers\u00e3o em IA: saiba como foram os tr\u00eas dias de palestras da Gran Faculdade","og_description":"Saiba como foram os tr\u00eas dias de palestras da Imers\u00e3o em IA da Gran Faculdade e como os agentes aut\u00f4nomos podem facilitar o nosso dia a dia. Confira!","og_url":"https:\/\/faculdade.grancursosonline.com.br\/blog\/imersao-ia-2025-gran-faculdade\/","og_site_name":"Blog Gran Faculdade","article_publisher":"https:\/\/www.facebook.com\/grancursosonline\/","article_published_time":"2025-10-17T19:36:57+00:00","article_modified_time":"2025-10-17T20:03:11+00:00","og_image":[{"width":1001,"height":601,"url":"https:\/\/blog-es-static.infra.grancursosonline.com.br\/wp-content\/uploads\/2025\/10\/17163538\/imersao-ia.jpg","type":"image\/jpeg"}],"author":"Larissa de Fran\u00e7a","twitter_card":"summary_large_image","twitter_creator":"@gran_online","twitter_site":"@gran_online","twitter_misc":{"Written by":"Larissa de Fran\u00e7a","Est. reading time":"6 minutos"},"schema":{"@context":"https:\/\/schema.org","@graph":[{"@type":"NewsArticle","@id":"https:\/\/faculdade.grancursosonline.com.br\/blog\/imersao-ia-2025-gran-faculdade\/#article","isPartOf":{"@id":"https:\/\/faculdade.grancursosonline.com.br\/blog\/imersao-ia-2025-gran-faculdade\/"},"author":{"name":"Larissa de Fran\u00e7a","@id":"https:\/\/faculdade.grancursosonline.com.br\/blog\/#\/schema\/person\/e41590de43e91fa2adf3cf8b740a6a34"},"headline":"Imers\u00e3o em IA: saiba como foram os tr\u00eas dias de palestras da Gran Faculdade","datePublished":"2025-10-17T19:36:57+00:00","dateModified":"2025-10-17T20:03:11+00:00","mainEntityOfPage":{"@id":"https:\/\/faculdade.grancursosonline.com.br\/blog\/imersao-ia-2025-gran-faculdade\/"},"wordCount":818,"commentCount":0,"publisher":{"@id":"https:\/\/faculdade.grancursosonline.com.br\/blog\/#organization"},"image":{"@id":"https:\/\/faculdade.grancursosonline.com.br\/blog\/imersao-ia-2025-gran-faculdade\/#primaryimage"},"thumbnailUrl":"https:\/\/blog-es-static.infra.grancursosonline.com.br\/wp-content\/uploads\/2025\/10\/17163538\/imersao-ia.jpg","articleSection":["Gradua\u00e7\u00e3o EAD","Gradua\u00e7\u00e3o Gran Faculdade","\u00daltimas Not\u00edcias"],"inLanguage":"pt-BR","potentialAction":[{"@type":"CommentAction","name":"Comment","target":["https:\/\/faculdade.grancursosonline.com.br\/blog\/imersao-ia-2025-gran-faculdade\/#respond"]}],"copyrightYear":"2025","copyrightHolder":{"@id":"https:\/\/faculdade.grancursosonline.com.br\/blog\/#organization"}},{"@type":"WebPage","@id":"https:\/\/faculdade.grancursosonline.com.br\/blog\/imersao-ia-2025-gran-faculdade\/","url":"https:\/\/faculdade.grancursosonline.com.br\/blog\/imersao-ia-2025-gran-faculdade\/","name":"Imers\u00e3o em IA: saiba como foram os tr\u00eas dias de palestras da Gran Faculdade","isPartOf":{"@id":"https:\/\/faculdade.grancursosonline.com.br\/blog\/#website"},"primaryImageOfPage":{"@id":"https:\/\/faculdade.grancursosonline.com.br\/blog\/imersao-ia-2025-gran-faculdade\/#primaryimage"},"image":{"@id":"https:\/\/faculdade.grancursosonline.com.br\/blog\/imersao-ia-2025-gran-faculdade\/#primaryimage"},"thumbnailUrl":"https:\/\/blog-es-static.infra.grancursosonline.com.br\/wp-content\/uploads\/2025\/10\/17163538\/imersao-ia.jpg","datePublished":"2025-10-17T19:36:57+00:00","dateModified":"2025-10-17T20:03:11+00:00","description":"Saiba como foram os tr\u00eas dias de palestras da Imers\u00e3o em IA da Gran Faculdade e como os agentes aut\u00f4nomos podem facilitar o nosso dia a dia. Confira!","breadcrumb":{"@id":"https:\/\/faculdade.grancursosonline.com.br\/blog\/imersao-ia-2025-gran-faculdade\/#breadcrumb"},"inLanguage":"pt-BR","potentialAction":[{"@type":"ReadAction","target":["https:\/\/faculdade.grancursosonline.com.br\/blog\/imersao-ia-2025-gran-faculdade\/"]}]},{"@type":"ImageObject","inLanguage":"pt-BR","@id":"https:\/\/faculdade.grancursosonline.com.br\/blog\/imersao-ia-2025-gran-faculdade\/#primaryimage","url":"https:\/\/blog-es-static.infra.grancursosonline.com.br\/wp-content\/uploads\/2025\/10\/17163538\/imersao-ia.jpg","contentUrl":"https:\/\/blog-es-static.infra.grancursosonline.com.br\/wp-content\/uploads\/2025\/10\/17163538\/imersao-ia.jpg","width":1001,"height":601},{"@type":"BreadcrumbList","@id":"https:\/\/faculdade.grancursosonline.com.br\/blog\/imersao-ia-2025-gran-faculdade\/#breadcrumb","itemListElement":[{"@type":"ListItem","position":1,"name":"In\u00edcio","item":"https:\/\/faculdade.grancursosonline.com.br\/blog\/"},{"@type":"ListItem","position":2,"name":"Gradua\u00e7\u00e3o Gran Faculdade","item":"https:\/\/faculdade.grancursosonline.com.br\/blog\/graduacao\/"},{"@type":"ListItem","position":3,"name":"Imers\u00e3o em IA: saiba como foram os tr\u00eas dias de palestras da Gran Faculdade"}]},{"@type":"WebSite","@id":"https:\/\/faculdade.grancursosonline.com.br\/blog\/#website","url":"https:\/\/faculdade.grancursosonline.com.br\/blog\/","name":"Blog Gran Faculdade","description":"Tudo sobre ensino superior, p\u00f3s-gradua\u00e7\u00e3o, enem e carreira.","publisher":{"@id":"https:\/\/faculdade.grancursosonline.com.br\/blog\/#organization"},"potentialAction":[{"@type":"SearchAction","target":{"@type":"EntryPoint","urlTemplate":"https:\/\/faculdade.grancursosonline.com.br\/blog\/?s={search_term_string}"},"query-input":{"@type":"PropertyValueSpecification","valueRequired":true,"valueName":"search_term_string"}}],"inLanguage":"pt-BR"},{"@type":"Organization","@id":"https:\/\/faculdade.grancursosonline.com.br\/blog\/#organization","name":"Gran Cursos Online","url":"https:\/\/faculdade.grancursosonline.com.br\/blog\/","logo":{"@type":"ImageObject","inLanguage":"pt-BR","@id":"https:\/\/faculdade.grancursosonline.com.br\/blog\/#\/schema\/logo\/image\/","url":"https:\/\/blog-es-static.infra.grancursosonline.com.br\/wp-content\/uploads\/2019\/08\/03123934\/logo.png","contentUrl":"https:\/\/blog-es-static.infra.grancursosonline.com.br\/wp-content\/uploads\/2019\/08\/03123934\/logo.png","width":300,"height":57,"caption":"Gran Cursos Online"},"image":{"@id":"https:\/\/faculdade.grancursosonline.com.br\/blog\/#\/schema\/logo\/image\/"},"sameAs":["https:\/\/www.facebook.com\/grancursosonline\/","https:\/\/x.com\/gran_online","https:\/\/www.instagram.com\/grancursosonline\/","https:\/\/www.youtube.com\/user\/grancursostv"]},{"@type":"Person","@id":"https:\/\/faculdade.grancursosonline.com.br\/blog\/#\/schema\/person\/e41590de43e91fa2adf3cf8b740a6a34","name":"Larissa de Fran\u00e7a","url":"https:\/\/faculdade.grancursosonline.com.br\/blog\/author\/larisa-leonardo\/"}]}},"_links":{"self":[{"href":"https:\/\/faculdade.grancursosonline.com.br\/blog\/wp-json\/wp\/v2\/posts\/79758769","targetHints":{"allow":["GET"]}}],"collection":[{"href":"https:\/\/faculdade.grancursosonline.com.br\/blog\/wp-json\/wp\/v2\/posts"}],"about":[{"href":"https:\/\/faculdade.grancursosonline.com.br\/blog\/wp-json\/wp\/v2\/types\/post"}],"author":[{"embeddable":true,"href":"https:\/\/faculdade.grancursosonline.com.br\/blog\/wp-json\/wp\/v2\/users\/513"}],"replies":[{"embeddable":true,"href":"https:\/\/faculdade.grancursosonline.com.br\/blog\/wp-json\/wp\/v2\/comments?post=79758769"}],"version-history":[{"count":3,"href":"https:\/\/faculdade.grancursosonline.com.br\/blog\/wp-json\/wp\/v2\/posts\/79758769\/revisions"}],"predecessor-version":[{"id":79758775,"href":"https:\/\/faculdade.grancursosonline.com.br\/blog\/wp-json\/wp\/v2\/posts\/79758769\/revisions\/79758775"}],"wp:featuredmedia":[{"embeddable":true,"href":"https:\/\/faculdade.grancursosonline.com.br\/blog\/wp-json\/wp\/v2\/media\/79758770"}],"wp:attachment":[{"href":"https:\/\/faculdade.grancursosonline.com.br\/blog\/wp-json\/wp\/v2\/media?parent=79758769"}],"wp:term":[{"taxonomy":"category","embeddable":true,"href":"https:\/\/faculdade.grancursosonline.com.br\/blog\/wp-json\/wp\/v2\/categories?post=79758769"},{"taxonomy":"post_tag","embeddable":true,"href":"https:\/\/faculdade.grancursosonline.com.br\/blog\/wp-json\/wp\/v2\/tags?post=79758769"}],"curies":[{"name":"wp","href":"https:\/\/api.w.org\/{rel}","templated":true}]}}