{"id":79758857,"date":"2025-10-23T17:47:49","date_gmt":"2025-10-23T20:47:49","guid":{"rendered":"https:\/\/faculdade.grancursosonline.com.br\/blog\/?p=79758857"},"modified":"2025-10-23T17:47:53","modified_gmt":"2025-10-23T20:47:53","slug":"carlos-drummond-de-andrade","status":"publish","type":"post","link":"https:\/\/faculdade.grancursosonline.com.br\/blog\/carlos-drummond-de-andrade\/","title":{"rendered":"Carlos Drummond de Andrade: vida, obras e como \u00e9 cobrado no Enem e nos vestibulares"},"content":{"rendered":"\n<p>Carlos Drummond de Andrade \u00e9 um dos escritores mais importantes da literatura brasileira. Reconhecido por sua poesia moderna e reflexiva, ele abordou temas como o cotidiano, as rela\u00e7\u00f5es humanas e as transforma\u00e7\u00f5es da sociedade ao longo do s\u00e9culo 20.<\/p>\n\n\n\n<p>Com uma carreira marcada por inova\u00e7\u00e3o e linguagem acess\u00edvel, Drummond se tornou leitura obrigat\u00f3ria nas escolas e presen\u00e7a constante nas provas do Enem e dos principais vestibulares. Conhecer sua trajet\u00f3ria e suas obras \u00e9 fundamental para entender a evolu\u00e7\u00e3o da poesia no Brasil.<\/p>\n\n\n\n<p>Para saber mais, acompanhe na \u00edntegra ou navegue pelo \u00edndice se preferir:<\/p>\n\n\n\n<ul class=\"wp-block-list\">\n<li><a href=\"#h-quem-foi-carlos-drummond-de-andrade\">Quem foi Carlos Drummond de Andrade?<\/a><\/li>\n\n\n\n<li><a href=\"#h-contexto-historico-e-literario-de-carlos-drummond-de-andrade\">Contexto hist\u00f3rico e liter\u00e1rio de Carlos Drummond de Andrade<\/a><\/li>\n\n\n\n<li><a href=\"#h-quais-sao-as-principais-obras-de-carlos-drummond-de-andrade\">Quais s\u00e3o as principais obras de Carlos Drummond de Andrade?<\/a><\/li>\n\n\n\n<li><a href=\"#h-temas-recorrentes-na-poesia-de-carlos-drummond-de-andrade\">Temas recorrentes na poesia de Carlos Drummond de Andrade<\/a><\/li>\n\n\n\n<li><a href=\"#h-qual-a-importancia-de-carlos-drummond-de-andrade-para-a-literatura-brasileira\">Qual a import\u00e2ncia de Carlos Drummond de Andrade para a literatura brasileira?<\/a><\/li>\n\n\n\n<li><a href=\"#h-como-carlos-drummond-de-andrade-e-cobrado-no-enem-e-nos-vestibulares\">Como Carlos Drummond de Andrade \u00e9 cobrado no Enem e nos vestibulares?<\/a><\/li>\n\n\n\n<li><a href=\"#h-por-que-ler-drummond-ainda-hoje\">Por que ler Drummond ainda hoje?<\/a><\/li>\n<\/ul>\n\n\n\n<div class=\"wp-block-columns is-layout-flex wp-container-core-columns-is-layout-9d6595d7 wp-block-columns-is-layout-flex\">\n<div class=\"wp-block-column is-layout-flow wp-block-column-is-layout-flow\" style=\"flex-basis:100%\"><div class=\"wp-block-image\">\n<figure class=\"aligncenter size-full\"><a href=\"https:\/\/whatsapp.com\/channel\/0029VaG1sChI7Be7PNndhL43\" target=\"_blank\" rel=\"noopener\"><img decoding=\"async\" src=\"https:\/\/blog-es-static.infra.grancursosonline.com.br\/wp-content\/uploads\/2025\/09\/09112354\/banner-wp-600x142-80.webp\" alt=\"Acesse o canal do WhatsApp da Gran Faculdade\" class=\"wp-image-79751904\"\/><\/a><\/figure>\n<\/div><\/div>\n<\/div>\n\n\n\n<h2 class=\"wp-block-heading\" id=\"h-quem-foi-carlos-drummond-de-andrade\"><strong>Quem foi Carlos Drummond de Andrade?<\/strong><\/h2>\n\n\n\n<p>Carlos Drummond de Andrade foi um dos maiores poetas brasileiros e um dos nomes mais marcantes do <a href=\"https:\/\/faculdade.grancursosonline.com.br\/blog\/modernismo\/\" target=\"_blank\" rel=\"noreferrer noopener\">Modernismo<\/a>. Nascido em 1902, ele viveu intensamente as transforma\u00e7\u00f5es sociais e culturais do s\u00e9culo 20, refletindo em sua poesia as contradi\u00e7\u00f5es e emo\u00e7\u00f5es do ser humano.<\/p>\n\n\n\n<p>Al\u00e9m de poeta, Drummond tamb\u00e9m foi cronista e funcion\u00e1rio p\u00fablico. Sua escrita simples, mas profunda, conquistou gera\u00e7\u00f5es e consolidou sua posi\u00e7\u00e3o como uma das vozes mais influentes da literatura brasileira.<\/p>\n\n\n\n<h3 class=\"wp-block-heading\" id=\"h-onde-carlos-drummond-de-andrade-nasceu\"><strong>Onde Carlos Drummond de Andrade nasceu?<\/strong><\/h3>\n\n\n\n<p>Drummond nasceu em Itabira, no estado de Minas Gerais, em 31 de outubro de 1902. A cidade natal inspirou muitos de seus poemas, nos quais ele expressa tanto o apego \u00e0s origens quanto o olhar cr\u00edtico sobre o interior e a vida moderna.<br><\/p>\n\n\n\n<h2 class=\"wp-block-heading\" id=\"h-contexto-historico-e-literario-de-carlos-drummond-de-andrade\"><strong>Contexto hist\u00f3rico e liter\u00e1rio de Carlos Drummond de Andrade<\/strong><\/h2>\n\n\n\n<p>Drummond fez parte da segunda gera\u00e7\u00e3o do Modernismo brasileiro, per\u00edodo marcado por uma poesia mais madura e reflexiva. Enquanto a primeira fase modernista se destacou pela quebra de regras e experimenta\u00e7\u00e3o, a segunda buscou equil\u00edbrio entre forma e conte\u00fado.<\/p>\n\n\n\n<p>O poeta viveu durante momentos decisivos da hist\u00f3ria, como a Revolu\u00e7\u00e3o de 1930 e a Segunda Guerra Mundial. Esses acontecimentos influenciaram sua obra, trazendo \u00e0 tona temas como a desigualdade social, o tempo e a busca por sentido na vida.<\/p>\n\n\n\n<h2 class=\"wp-block-heading\" id=\"h-quais-sao-as-principais-obras-de-carlos-drummond-de-andrade\"><strong>Quais s\u00e3o as principais obras de Carlos Drummond de Andrade?<\/strong><\/h2>\n\n\n\n<p>Entre suas obras mais conhecidas est\u00e3o:<\/p>\n\n\n\n<ul class=\"wp-block-list\">\n<li><em>Alguma Poesia<\/em> (1930), seu livro de estreia, que j\u00e1 apresentava o tom ir\u00f4nico e introspectivo que o caracterizaria;<br><\/li>\n\n\n\n<li><em>Sentimento do Mundo<\/em> (1940), com reflex\u00f5es sobre a guerra e a coletividade;<br><\/li>\n\n\n\n<li><em>A Rosa do Povo<\/em> (1945), considerada sua obra-prima, com forte cr\u00edtica social;<br><\/li>\n\n\n\n<li><em>Claro Enigma<\/em> (1951), onde a poesia assume um car\u00e1ter mais filos\u00f3fico e existencial.<\/li>\n<\/ul>\n\n\n\n<h3 class=\"wp-block-heading\" id=\"h-carlos-drummond-de-andrade-poemas\"><strong>Carlos Drummond de Andrade poemas<\/strong><\/h3>\n\n\n\n<p>Alguns dos poemas mais famosos de Drummond s\u00e3o <em>No Meio do Caminho<\/em>, <em>Jos\u00e9<\/em>, <em>Quadrilha<\/em> e <em>Poema de Sete Faces<\/em>. Essas obras se tornaram refer\u00eancia na literatura brasileira e s\u00e3o amplamente estudadas por expressarem de forma simples sentimentos universais, como o amor, a solid\u00e3o e a passagem do tempo.<br><\/p>\n\n\n\n<h2 class=\"wp-block-heading\" id=\"h-temas-recorrentes-na-poesia-de-carlos-drummond-de-andrade\"><strong>Temas recorrentes na poesia de Carlos Drummond de Andrade<\/strong><\/h2>\n\n\n\n<p>A poesia de Drummond \u00e9 marcada pela reflex\u00e3o sobre a vida, o indiv\u00edduo e o mundo moderno. Seus versos tratam de temas como a solid\u00e3o, o amor, a injusti\u00e7a social e a busca por identidade.<\/p>\n\n\n\n<p>O tom de seus poemas varia entre o humor sutil e a melancolia, revelando um olhar sens\u00edvel sobre o cotidiano. Mesmo quando fala de si, Drummond consegue representar sentimentos universais, o que torna sua obra atemporal.<\/p>\n\n\n\n<h2 class=\"wp-block-heading\" id=\"h-qual-a-importancia-de-carlos-drummond-de-andrade-para-a-literatura-brasileira\"><strong>Qual a import\u00e2ncia de Carlos Drummond de Andrade para a literatura brasileira?<\/strong><\/h2>\n\n\n\n<p>Drummond foi importante para a consolida\u00e7\u00e3o da poesia moderna no Brasil. Ele mostrou que era poss\u00edvel escrever com simplicidade sem perder profundidade, aproximando a poesia do p\u00fablico comum.<\/p>\n\n\n\n<p>Sua influ\u00eancia ultrapassa gera\u00e7\u00f5es: muitos autores posteriores se inspiraram em seu estilo direto, intimista e questionador. Al\u00e9m disso, Drummond ajudou a transformar a poesia em um espa\u00e7o de reflex\u00e3o sobre a sociedade e o pr\u00f3prio ser humano.<\/p>\n\n\n\n<h2 class=\"wp-block-heading\" id=\"h-como-carlos-drummond-de-andrade-e-cobrado-no-enem-e-nos-vestibulares\"><strong>Como Carlos Drummond de Andrade \u00e9 cobrado no Enem e nos vestibulares?<\/strong><\/h2>\n\n\n\n<p>Nas provas do Enem e de vestibulares, Drummond \u00e9 frequentemente citado em quest\u00f5es de interpreta\u00e7\u00e3o de texto e an\u00e1lise liter\u00e1ria. Seus poemas aparecem como exemplo do Modernismo e tamb\u00e9m como reflex\u00e3o sobre temas sociais e existenciais.<\/p>\n\n\n\n<p>Os versos de <em>A Rosa do Povo<\/em> e <em>Sentimento do Mundo<\/em> s\u00e3o muito usados para discutir assuntos como desigualdade, humanidade e consci\u00eancia coletiva. Por isso, conhecer seu contexto e estilo \u00e9 fundamental para quem vai prestar provas.<\/p>\n\n\n\n<h2 class=\"wp-block-heading\" id=\"h-por-que-ler-drummond-ainda-hoje\"><strong>Por que ler Drummond ainda hoje?<\/strong><\/h2>\n\n\n\n<p>Ler Carlos Drummond de Andrade \u00e9 mergulhar em uma poesia que continua atual. Seus versos falam sobre dilemas que ainda fazem parte da vida moderna, como a solid\u00e3o, o amor e a busca por significado.<\/p>\n\n\n\n<p>Drummond soube unir sensibilidade e cr\u00edtica social, o que faz com que suas obras continuem sendo lidas, estudadas e admiradas. Entender sua poesia \u00e9 compreender um pouco mais sobre o Brasil e sobre n\u00f3s mesmos.<\/p>\n\n\n\n<h2 class=\"wp-block-heading\" id=\"h-vem-pra-gran-faculdade\">Vem pra Gran Faculdade!<\/h2>\n\n\n\n<p>A Gran Faculdade vem mudando a vida de milhares de pessoas por meio de cursos \u00e0 dist\u00e2ncia de <a href=\"https:\/\/faculdade.grancursosonline.com.br\/\" target=\"_blank\" rel=\"noreferrer noopener\">gradua\u00e7\u00e3o<\/a>, <a href=\"https:\/\/pos.grancursosonline.com.br\/\" target=\"_blank\" rel=\"noreferrer noopener\">p\u00f3s-gradua\u00e7\u00e3o<\/a> e <a href=\"https:\/\/pos.grancursosonline.com.br\/mba\" target=\"_blank\" rel=\"noreferrer noopener\">MBA<\/a>. Seja no digital ou em nosso <a href=\"https:\/\/presencial.grancursosonline.com.br\/\" target=\"_blank\" rel=\"noreferrer noopener\">Campus Presencial em Curitiba<\/a>, a nossa miss\u00e3o \u00e9 transformar a educa\u00e7\u00e3o superior.<\/p>\n\n\n\n<p>Como parte de Sistema Gran de Ensino, que \u00e9 reconhecido como marca aprovadora h\u00e1 mais de 10 anos, constru\u00edmos uma renomada reputa\u00e7\u00e3o na \u00e1rea de educa\u00e7\u00e3o.<\/p>\n\n\n\n<p>Veja algumas de nossas conquistas:<\/p>\n\n\n\n<ul class=\"wp-block-list\">\n<li>Reconhecido pela Amazon como um dos projetos mais relevantes do mundo na \u00e1rea de Tecnologia e Educa\u00e7\u00e3o;<\/li>\n\n\n\n<li>Foi eleito pelo Project Management Institute (PMI), um dos 50 Projetos Mais Influentes do mundo;<\/li>\n\n\n\n<li>Somos o site de educa\u00e7\u00e3o mais acessado do Brasil;<\/li>\n\n\n\n<li>Somos avaliados com a nota m\u00e1xima pelo MEC;<\/li>\n\n\n\n<li>Aqui o semestre come\u00e7a quando quiser: entrada imediata e cont\u00ednua!<\/li>\n\n\n\n<li>Melhores pre\u00e7os do mercado;<\/li>\n\n\n\n<li>Mais de 800 mil alunos pagantes e mais de 1000 funcion\u00e1rios;<\/li>\n\n\n\n<li>Diversas ferramentas de estudo: PDFs, audiobooks, mapas mentais, videoaulas, quest\u00f5es, gerenciador de estudos e muito mais!<\/li>\n\n\n\n<li>Professores experientes e capacitados;<\/li>\n\n\n\n<li>Acesso imediato e 100% online.<\/li>\n<\/ul>\n\n\n\n<p class=\"has-text-align-center has-text-align-center\"><strong><a href=\"https:\/\/faculdade.grancursosonline.com.br\/\">Quero ser aluno da Gran Faculdade<\/a><\/strong><\/p>\n\n\n\n<h2 class=\"wp-block-heading\" id=\"h-participe-de-uma-imersao-exclusiva-com-especialistas-em-ia-e-transforme-sua-carreira\">Participe de uma imers\u00e3o exclusiva com especialistas em IA e transforme sua carreira<\/h2>\n\n\n<div class=\"wp-block-image\">\n<figure class=\"aligncenter size-large is-resized\"><a href=\"https:\/\/lp.grancursosonline.com.br\/imersao-em-ia\/?utm_source=Wordpress&amp;utm_medium=sidebar&amp;utm_campaign=Capta%C3%A7%C3%A3o+Imers%C3%A3o+em+IA+-+Abril%2F2026+-+Blog+Ensino+Superior+-+Conte%C3%BAdo+e+SEO&amp;utm_id=Capta%C3%A7%C3%A3o+Imers%C3%A3o+em+IA+-+Abril%2F2026+-+Blog+Ensino+Superior+-+Conte%C3%BAdo+e+SEO\" target=\"_blank\" rel=\" noreferrer noopener\"><img loading=\"lazy\" decoding=\"async\" width=\"1024\" height=\"576\" src=\"https:\/\/blog-es-static.infra.grancursosonline.com.br\/wp-content\/uploads\/2026\/03\/31105919\/imersao_em_ia-1024x576.webp\" alt=\"\" class=\"wp-image-79763836\" style=\"width:488px;height:auto\"\/><\/a><\/figure>\n<\/div>\n\n\n<p><strong>Se voc\u00ea quer sair do b\u00e1sico e entender, na pr\u00e1tica, como a Intelig\u00eancia Artificial (IA) est\u00e1 moldando o mercado, esta \u00e9 a sua oportunidade.<\/strong> <\/p>\n\n\n\n<p>A Imers\u00e3o em IA re\u00fane especialistas renomados do mercado, incluindo profissionais com experi\u00eancia em grandes empresas de tecnologia como Google e Amazon, que v\u00e3o compartilhar<strong> insights estrat\u00e9gicos e aplica\u00e7\u00f5es reais<\/strong> para acelerar sua evolu\u00e7\u00e3o profissional.<\/p>\n\n\n\n<p>O evento acontecer\u00e1 em <strong>tr\u00eas encontros ao vivo, a partir do dia 13 de abril, sempre \u00e0s 20h<\/strong> (hor\u00e1rio de Bras\u00edlia), com uma programa\u00e7\u00e3o estruturada para levar voc\u00ea do entendimento dos conceitos at\u00e9 a aplica\u00e7\u00e3o pr\u00e1tica de agentes de IA.<\/p>\n\n\n\n<p>Clique no link abaixo e garanta sua participa\u00e7\u00e3o nesta experi\u00eancia <strong>gratuita, ao vivo e com potencial real de impacto na sua carreira<\/strong>.<\/p>\n\n\n\n<p class=\"has-text-align-center\"><strong><a href=\"https:\/\/lp.grancursosonline.com.br\/imersao-em-ia\/?utm_source=Wordpress&amp;utm_medium=sidebar&amp;utm_campaign=Capta%C3%A7%C3%A3o+Imers%C3%A3o+em+IA+-+Abril%2F2026+-+Blog+Ensino+Superior+-+Conte%C3%BAdo+e+SEO&amp;utm_id=Capta%C3%A7%C3%A3o+Imers%C3%A3o+em+IA+-+Abril%2F2026+-+Blog+Ensino+Superior+-+Conte%C3%BAdo+e+SEO\" target=\"_blank\" rel=\"noreferrer noopener\">Quero participar da Imers\u00e3o para aprender mais sobre IA<\/a><\/strong><\/p>\n\n\n\n<div class=\"wp-block-group has-background\" style=\"background-color:#8dd2fc7a\"><div class=\"wp-block-group__inner-container is-layout-constrained wp-block-group-is-layout-constrained\">\n<p><strong>Outras not\u00edcias em destaque:<\/strong><\/p>\n\n\n\n<ul class=\"wp-block-list\">\n<li><a href=\"https:\/\/faculdade.grancursosonline.com.br\/blog\/modernismo\/\" target=\"_blank\" rel=\"noreferrer noopener\">Modernismo: caracter\u00edsticas, fases e artistas! Saiba mais<\/a><\/li>\n\n\n\n<li><a href=\"https:\/\/faculdade.grancursosonline.com.br\/blog\/citacoes-para-redacao\/\" target=\"_blank\" rel=\"noreferrer noopener\">Cita\u00e7\u00f5es para reda\u00e7\u00e3o: lista com 34 cita\u00e7\u00f5es para usar em qualquer tema<\/a><\/li>\n\n\n\n<li><a href=\"https:\/\/faculdade.grancursosonline.com.br\/blog\/literatura-brasileira-para-o-enem\/\" target=\"_blank\" rel=\"noreferrer noopener\">Literatura Brasileira para o Enem: tudo o que voc\u00ea precisa saber<\/a><\/li>\n<\/ul>\n<\/div><\/div>\n\n\n\n<div class=\"wp-block-group\"><div class=\"wp-block-group__inner-container is-layout-constrained wp-block-group-is-layout-constrained\">\n<div class=\"wp-block-group\"><div class=\"wp-block-group__inner-container is-layout-constrained wp-block-group-is-layout-constrained\">\n<section style=\"text-align: center;\">\n<p>Quer ficar por dentro da Faculdade Digital mais inovadora do Brasil?<\/p>\n<nav>\n<p class=\"has-background has-dark-bluish-background-color\" style=\"font-size: 25px; text-align: center; background: #f0f0f0; color: #ffffff; padding: 4px 0px 4xp 0px;\"><a style=\"color: #0d134c; text-decoration: underline;\" href=\"https:\/\/faculdade.grancursosonline.com.br\/\" target=\"_blank\" rel=\"noopener\">GRADUA\u00c7\u00c3O<\/a><\/p>\n<p class=\"has-background has-dark-bluish-background-color\" style=\"font-size: 25px; text-align: center; background: #f0f0f0; color: #ffffff; padding: 4px 0px 4xp 0px;\"><a style=\"color: #0d134c; text-decoration: underline;\" href=\"https:\/\/pos.grancursosonline.com.br\/\" target=\"_blank\" rel=\"noopener\">P\u00d3S-GRADUA\u00c7\u00c3O<\/a><\/p>\n<p class=\"has-background has-dark-bluish-background-color\" style=\"font-size: 25px; text-align: center; background: #f0f0f0; color: #ffffff; padding: 4px 0px 4xp 0px;\"><a style=\"color: #0d134c; text-decoration: underline;\" href=\"https:\/\/faculdade.grancursosonline.com.br\/nossos-cursos\/\" target=\"_blank\" rel=\"noopener\">TUDO SOBRE A GRAN FACULDADE<\/a><\/p>\n<\/nav>\n<p><strong>Receba <span style=\"color: #cf1e25;\">gratuitamente<\/span> no seu celular as principais not\u00edcias sobre a Gran Faculdade! <br \/>Clique no link abaixo e inscreva-se:<\/strong><\/p>\n<p class=\"has-background has-dark-bluish-background-color\" style=\"font-size: 25px; text-align: center; background: #f0f0f0; color: #ffffff; padding: 4px 0px 4xp 0px;\"><a style=\"color: #0d134c; text-decoration: underline;\" href=\"https:\/\/whatsapp.com\/channel\/0029VaG1sChI7Be7PNndhL43\" target=\"_blank\" rel=\"noopener noreferrer\">WHATSAPP<\/a><\/p>\n<p class=\"has-background has-dark-bluish-background-color\" style=\"font-size: 25px; text-align: center; background: #f0f0f0; color: #ffffff; padding: 4px 0px 4xp 0px;\"><a style=\"color: #0d134c; text-decoration: underline;\" href=\"https:\/\/t.me\/GranFaculdade\" target=\"_blank\" rel=\"noopener noreferrer\">TELEGRAM<\/a><\/p>\n<\/section>\n<\/div><\/div>\n<\/div><\/div>\n","protected":false},"excerpt":{"rendered":"<p>Carlos Drummond de Andrade \u00e9 um dos escritores mais importantes da literatura brasileira. Reconhecido por sua poesia moderna e reflexiva, ele abordou temas como o cotidiano, as rela\u00e7\u00f5es humanas e as transforma\u00e7\u00f5es da sociedade ao longo do s\u00e9culo 20. Com uma carreira marcada por inova\u00e7\u00e3o e linguagem acess\u00edvel, Drummond se tornou leitura obrigat\u00f3ria nas escolas&hellip;<\/p>\n","protected":false},"author":514,"featured_media":79758858,"comment_status":"open","ping_status":"open","sticky":false,"template":"","format":"standard","meta":{"_acf_changed":false,"content-type":"","footnotes":""},"categories":[219790,218545,2],"tags":[],"class_list":["post-79758857","post","type-post","status-publish","format-standard","has-post-thumbnail","hentry","category-graduacao-ead","category-graduacao","category-ultimas-noticias"],"acf":[],"yoast_head":"<!-- This site is optimized with the Yoast SEO Premium plugin v27.2 (Yoast SEO v27.2) - https:\/\/yoast.com\/product\/yoast-seo-premium-wordpress\/ -->\n<title>Carlos Drummond de Andrade: vida, obras e como \u00e9 cobrado no Enem e nos vestibulares<\/title>\n<meta name=\"description\" content=\"Descubra os principais poemas de Drummond, seu estilo liter\u00e1rio e como ele \u00e9 cobrado no Enem e nos vestibulares.\" \/>\n<meta name=\"robots\" content=\"index, follow, max-snippet:-1, max-image-preview:large, max-video-preview:-1\" \/>\n<link rel=\"canonical\" href=\"https:\/\/faculdade.grancursosonline.com.br\/blog\/carlos-drummond-de-andrade\/\" \/>\n<meta property=\"og:locale\" content=\"pt_BR\" \/>\n<meta property=\"og:type\" content=\"article\" \/>\n<meta property=\"og:title\" content=\"Carlos Drummond de Andrade: vida, obras e como \u00e9 cobrado no Enem e nos vestibulares\" \/>\n<meta property=\"og:description\" content=\"Descubra os principais poemas de Drummond, seu estilo liter\u00e1rio e como ele \u00e9 cobrado no Enem e nos vestibulares.\" \/>\n<meta property=\"og:url\" content=\"https:\/\/faculdade.grancursosonline.com.br\/blog\/carlos-drummond-de-andrade\/\" \/>\n<meta property=\"og:site_name\" content=\"Blog Gran Faculdade\" \/>\n<meta property=\"article:publisher\" content=\"https:\/\/www.facebook.com\/grancursosonline\/\" \/>\n<meta property=\"article:published_time\" content=\"2025-10-23T20:47:49+00:00\" \/>\n<meta property=\"article:modified_time\" content=\"2025-10-23T20:47:53+00:00\" \/>\n<meta property=\"og:image\" content=\"https:\/\/blog-es-static.infra.grancursosonline.com.br\/wp-content\/uploads\/2025\/10\/23174712\/Carlos-Drummond-de-Andrade-2.jpg\" \/>\n\t<meta property=\"og:image:width\" content=\"511\" \/>\n\t<meta property=\"og:image:height\" content=\"311\" \/>\n\t<meta property=\"og:image:type\" content=\"image\/jpeg\" \/>\n<meta name=\"author\" content=\"Guilherme Henrique\" \/>\n<meta name=\"twitter:card\" content=\"summary_large_image\" \/>\n<meta name=\"twitter:creator\" content=\"@gran_online\" \/>\n<meta name=\"twitter:site\" content=\"@gran_online\" \/>\n<meta name=\"twitter:label1\" content=\"Written by\" \/>\n\t<meta name=\"twitter:data1\" content=\"Guilherme Henrique\" \/>\n\t<meta name=\"twitter:label2\" content=\"Est. reading time\" \/>\n\t<meta name=\"twitter:data2\" content=\"8 minutos\" \/>\n<script type=\"application\/ld+json\" class=\"yoast-schema-graph\">{\"@context\":\"https:\/\/schema.org\",\"@graph\":[{\"@type\":\"NewsArticle\",\"@id\":\"https:\/\/faculdade.grancursosonline.com.br\/blog\/carlos-drummond-de-andrade\/#article\",\"isPartOf\":{\"@id\":\"https:\/\/faculdade.grancursosonline.com.br\/blog\/carlos-drummond-de-andrade\/\"},\"author\":{\"name\":\"Guilherme Henrique\",\"@id\":\"https:\/\/faculdade.grancursosonline.com.br\/blog\/#\/schema\/person\/9745f9b6db8976613c1f439dbcfe717d\"},\"headline\":\"Carlos Drummond de Andrade: vida, obras e como \u00e9 cobrado no Enem e nos vestibulares\",\"datePublished\":\"2025-10-23T20:47:49+00:00\",\"dateModified\":\"2025-10-23T20:47:53+00:00\",\"mainEntityOfPage\":{\"@id\":\"https:\/\/faculdade.grancursosonline.com.br\/blog\/carlos-drummond-de-andrade\/\"},\"wordCount\":922,\"commentCount\":0,\"publisher\":{\"@id\":\"https:\/\/faculdade.grancursosonline.com.br\/blog\/#organization\"},\"image\":{\"@id\":\"https:\/\/faculdade.grancursosonline.com.br\/blog\/carlos-drummond-de-andrade\/#primaryimage\"},\"thumbnailUrl\":\"https:\/\/blog-es-static.infra.grancursosonline.com.br\/wp-content\/uploads\/2025\/10\/23174643\/Carlos-Drummond-de-Andrade.jpg\",\"articleSection\":[\"Gradua\u00e7\u00e3o EAD\",\"Gradua\u00e7\u00e3o Gran Faculdade\",\"\u00daltimas Not\u00edcias\"],\"inLanguage\":\"pt-BR\",\"potentialAction\":[{\"@type\":\"CommentAction\",\"name\":\"Comment\",\"target\":[\"https:\/\/faculdade.grancursosonline.com.br\/blog\/carlos-drummond-de-andrade\/#respond\"]}],\"copyrightYear\":\"2025\",\"copyrightHolder\":{\"@id\":\"https:\/\/faculdade.grancursosonline.com.br\/blog\/#organization\"}},{\"@type\":\"WebPage\",\"@id\":\"https:\/\/faculdade.grancursosonline.com.br\/blog\/carlos-drummond-de-andrade\/\",\"url\":\"https:\/\/faculdade.grancursosonline.com.br\/blog\/carlos-drummond-de-andrade\/\",\"name\":\"Carlos Drummond de Andrade: vida, obras e como \u00e9 cobrado no Enem e nos vestibulares\",\"isPartOf\":{\"@id\":\"https:\/\/faculdade.grancursosonline.com.br\/blog\/#website\"},\"primaryImageOfPage\":{\"@id\":\"https:\/\/faculdade.grancursosonline.com.br\/blog\/carlos-drummond-de-andrade\/#primaryimage\"},\"image\":{\"@id\":\"https:\/\/faculdade.grancursosonline.com.br\/blog\/carlos-drummond-de-andrade\/#primaryimage\"},\"thumbnailUrl\":\"https:\/\/blog-es-static.infra.grancursosonline.com.br\/wp-content\/uploads\/2025\/10\/23174643\/Carlos-Drummond-de-Andrade.jpg\",\"datePublished\":\"2025-10-23T20:47:49+00:00\",\"dateModified\":\"2025-10-23T20:47:53+00:00\",\"description\":\"Descubra os principais poemas de Drummond, seu estilo liter\u00e1rio e como ele \u00e9 cobrado no Enem e nos vestibulares.\",\"breadcrumb\":{\"@id\":\"https:\/\/faculdade.grancursosonline.com.br\/blog\/carlos-drummond-de-andrade\/#breadcrumb\"},\"inLanguage\":\"pt-BR\",\"potentialAction\":[{\"@type\":\"ReadAction\",\"target\":[\"https:\/\/faculdade.grancursosonline.com.br\/blog\/carlos-drummond-de-andrade\/\"]}]},{\"@type\":\"ImageObject\",\"inLanguage\":\"pt-BR\",\"@id\":\"https:\/\/faculdade.grancursosonline.com.br\/blog\/carlos-drummond-de-andrade\/#primaryimage\",\"url\":\"https:\/\/blog-es-static.infra.grancursosonline.com.br\/wp-content\/uploads\/2025\/10\/23174643\/Carlos-Drummond-de-Andrade.jpg\",\"contentUrl\":\"https:\/\/blog-es-static.infra.grancursosonline.com.br\/wp-content\/uploads\/2025\/10\/23174643\/Carlos-Drummond-de-Andrade.jpg\",\"width\":1001,\"height\":601,\"caption\":\"Carlos Drummond de Andrade: vida, obras e como \u00e9 cobrado no Enem e nos vestibulares\"},{\"@type\":\"BreadcrumbList\",\"@id\":\"https:\/\/faculdade.grancursosonline.com.br\/blog\/carlos-drummond-de-andrade\/#breadcrumb\",\"itemListElement\":[{\"@type\":\"ListItem\",\"position\":1,\"name\":\"In\u00edcio\",\"item\":\"https:\/\/faculdade.grancursosonline.com.br\/blog\/\"},{\"@type\":\"ListItem\",\"position\":2,\"name\":\"Gradua\u00e7\u00e3o Gran Faculdade\",\"item\":\"https:\/\/faculdade.grancursosonline.com.br\/blog\/graduacao\/\"},{\"@type\":\"ListItem\",\"position\":3,\"name\":\"Carlos Drummond de Andrade: vida, obras e como \u00e9 cobrado no Enem e nos vestibulares\"}]},{\"@type\":\"WebSite\",\"@id\":\"https:\/\/faculdade.grancursosonline.com.br\/blog\/#website\",\"url\":\"https:\/\/faculdade.grancursosonline.com.br\/blog\/\",\"name\":\"Blog Gran Faculdade\",\"description\":\"Tudo sobre ensino superior, p\u00f3s-gradua\u00e7\u00e3o, enem e carreira.\",\"publisher\":{\"@id\":\"https:\/\/faculdade.grancursosonline.com.br\/blog\/#organization\"},\"potentialAction\":[{\"@type\":\"SearchAction\",\"target\":{\"@type\":\"EntryPoint\",\"urlTemplate\":\"https:\/\/faculdade.grancursosonline.com.br\/blog\/?s={search_term_string}\"},\"query-input\":{\"@type\":\"PropertyValueSpecification\",\"valueRequired\":true,\"valueName\":\"search_term_string\"}}],\"inLanguage\":\"pt-BR\"},{\"@type\":\"Organization\",\"@id\":\"https:\/\/faculdade.grancursosonline.com.br\/blog\/#organization\",\"name\":\"Gran Cursos Online\",\"url\":\"https:\/\/faculdade.grancursosonline.com.br\/blog\/\",\"logo\":{\"@type\":\"ImageObject\",\"inLanguage\":\"pt-BR\",\"@id\":\"https:\/\/faculdade.grancursosonline.com.br\/blog\/#\/schema\/logo\/image\/\",\"url\":\"https:\/\/blog-es-static.infra.grancursosonline.com.br\/wp-content\/uploads\/2019\/08\/03123934\/logo.png\",\"contentUrl\":\"https:\/\/blog-es-static.infra.grancursosonline.com.br\/wp-content\/uploads\/2019\/08\/03123934\/logo.png\",\"width\":300,\"height\":57,\"caption\":\"Gran Cursos Online\"},\"image\":{\"@id\":\"https:\/\/faculdade.grancursosonline.com.br\/blog\/#\/schema\/logo\/image\/\"},\"sameAs\":[\"https:\/\/www.facebook.com\/grancursosonline\/\",\"https:\/\/x.com\/gran_online\",\"https:\/\/www.instagram.com\/grancursosonline\/\",\"https:\/\/www.youtube.com\/user\/grancursostv\"]},{\"@type\":\"Person\",\"@id\":\"https:\/\/faculdade.grancursosonline.com.br\/blog\/#\/schema\/person\/9745f9b6db8976613c1f439dbcfe717d\",\"name\":\"Guilherme Henrique\",\"url\":\"https:\/\/faculdade.grancursosonline.com.br\/blog\/author\/guilherme-lourenco\/\"}]}<\/script>\n<!-- \/ Yoast SEO Premium plugin. -->","yoast_head_json":{"title":"Carlos Drummond de Andrade: vida, obras e como \u00e9 cobrado no Enem e nos vestibulares","description":"Descubra os principais poemas de Drummond, seu estilo liter\u00e1rio e como ele \u00e9 cobrado no Enem e nos vestibulares.","robots":{"index":"index","follow":"follow","max-snippet":"max-snippet:-1","max-image-preview":"max-image-preview:large","max-video-preview":"max-video-preview:-1"},"canonical":"https:\/\/faculdade.grancursosonline.com.br\/blog\/carlos-drummond-de-andrade\/","og_locale":"pt_BR","og_type":"article","og_title":"Carlos Drummond de Andrade: vida, obras e como \u00e9 cobrado no Enem e nos vestibulares","og_description":"Descubra os principais poemas de Drummond, seu estilo liter\u00e1rio e como ele \u00e9 cobrado no Enem e nos vestibulares.","og_url":"https:\/\/faculdade.grancursosonline.com.br\/blog\/carlos-drummond-de-andrade\/","og_site_name":"Blog Gran Faculdade","article_publisher":"https:\/\/www.facebook.com\/grancursosonline\/","article_published_time":"2025-10-23T20:47:49+00:00","article_modified_time":"2025-10-23T20:47:53+00:00","og_image":[{"width":511,"height":311,"url":"https:\/\/blog-es-static.infra.grancursosonline.com.br\/wp-content\/uploads\/2025\/10\/23174712\/Carlos-Drummond-de-Andrade-2.jpg","type":"image\/jpeg"}],"author":"Guilherme Henrique","twitter_card":"summary_large_image","twitter_creator":"@gran_online","twitter_site":"@gran_online","twitter_misc":{"Written by":"Guilherme Henrique","Est. reading time":"8 minutos"},"schema":{"@context":"https:\/\/schema.org","@graph":[{"@type":"NewsArticle","@id":"https:\/\/faculdade.grancursosonline.com.br\/blog\/carlos-drummond-de-andrade\/#article","isPartOf":{"@id":"https:\/\/faculdade.grancursosonline.com.br\/blog\/carlos-drummond-de-andrade\/"},"author":{"name":"Guilherme Henrique","@id":"https:\/\/faculdade.grancursosonline.com.br\/blog\/#\/schema\/person\/9745f9b6db8976613c1f439dbcfe717d"},"headline":"Carlos Drummond de Andrade: vida, obras e como \u00e9 cobrado no Enem e nos vestibulares","datePublished":"2025-10-23T20:47:49+00:00","dateModified":"2025-10-23T20:47:53+00:00","mainEntityOfPage":{"@id":"https:\/\/faculdade.grancursosonline.com.br\/blog\/carlos-drummond-de-andrade\/"},"wordCount":922,"commentCount":0,"publisher":{"@id":"https:\/\/faculdade.grancursosonline.com.br\/blog\/#organization"},"image":{"@id":"https:\/\/faculdade.grancursosonline.com.br\/blog\/carlos-drummond-de-andrade\/#primaryimage"},"thumbnailUrl":"https:\/\/blog-es-static.infra.grancursosonline.com.br\/wp-content\/uploads\/2025\/10\/23174643\/Carlos-Drummond-de-Andrade.jpg","articleSection":["Gradua\u00e7\u00e3o EAD","Gradua\u00e7\u00e3o Gran Faculdade","\u00daltimas Not\u00edcias"],"inLanguage":"pt-BR","potentialAction":[{"@type":"CommentAction","name":"Comment","target":["https:\/\/faculdade.grancursosonline.com.br\/blog\/carlos-drummond-de-andrade\/#respond"]}],"copyrightYear":"2025","copyrightHolder":{"@id":"https:\/\/faculdade.grancursosonline.com.br\/blog\/#organization"}},{"@type":"WebPage","@id":"https:\/\/faculdade.grancursosonline.com.br\/blog\/carlos-drummond-de-andrade\/","url":"https:\/\/faculdade.grancursosonline.com.br\/blog\/carlos-drummond-de-andrade\/","name":"Carlos Drummond de Andrade: vida, obras e como \u00e9 cobrado no Enem e nos vestibulares","isPartOf":{"@id":"https:\/\/faculdade.grancursosonline.com.br\/blog\/#website"},"primaryImageOfPage":{"@id":"https:\/\/faculdade.grancursosonline.com.br\/blog\/carlos-drummond-de-andrade\/#primaryimage"},"image":{"@id":"https:\/\/faculdade.grancursosonline.com.br\/blog\/carlos-drummond-de-andrade\/#primaryimage"},"thumbnailUrl":"https:\/\/blog-es-static.infra.grancursosonline.com.br\/wp-content\/uploads\/2025\/10\/23174643\/Carlos-Drummond-de-Andrade.jpg","datePublished":"2025-10-23T20:47:49+00:00","dateModified":"2025-10-23T20:47:53+00:00","description":"Descubra os principais poemas de Drummond, seu estilo liter\u00e1rio e como ele \u00e9 cobrado no Enem e nos vestibulares.","breadcrumb":{"@id":"https:\/\/faculdade.grancursosonline.com.br\/blog\/carlos-drummond-de-andrade\/#breadcrumb"},"inLanguage":"pt-BR","potentialAction":[{"@type":"ReadAction","target":["https:\/\/faculdade.grancursosonline.com.br\/blog\/carlos-drummond-de-andrade\/"]}]},{"@type":"ImageObject","inLanguage":"pt-BR","@id":"https:\/\/faculdade.grancursosonline.com.br\/blog\/carlos-drummond-de-andrade\/#primaryimage","url":"https:\/\/blog-es-static.infra.grancursosonline.com.br\/wp-content\/uploads\/2025\/10\/23174643\/Carlos-Drummond-de-Andrade.jpg","contentUrl":"https:\/\/blog-es-static.infra.grancursosonline.com.br\/wp-content\/uploads\/2025\/10\/23174643\/Carlos-Drummond-de-Andrade.jpg","width":1001,"height":601,"caption":"Carlos Drummond de Andrade: vida, obras e como \u00e9 cobrado no Enem e nos vestibulares"},{"@type":"BreadcrumbList","@id":"https:\/\/faculdade.grancursosonline.com.br\/blog\/carlos-drummond-de-andrade\/#breadcrumb","itemListElement":[{"@type":"ListItem","position":1,"name":"In\u00edcio","item":"https:\/\/faculdade.grancursosonline.com.br\/blog\/"},{"@type":"ListItem","position":2,"name":"Gradua\u00e7\u00e3o Gran Faculdade","item":"https:\/\/faculdade.grancursosonline.com.br\/blog\/graduacao\/"},{"@type":"ListItem","position":3,"name":"Carlos Drummond de Andrade: vida, obras e como \u00e9 cobrado no Enem e nos vestibulares"}]},{"@type":"WebSite","@id":"https:\/\/faculdade.grancursosonline.com.br\/blog\/#website","url":"https:\/\/faculdade.grancursosonline.com.br\/blog\/","name":"Blog Gran Faculdade","description":"Tudo sobre ensino superior, p\u00f3s-gradua\u00e7\u00e3o, enem e carreira.","publisher":{"@id":"https:\/\/faculdade.grancursosonline.com.br\/blog\/#organization"},"potentialAction":[{"@type":"SearchAction","target":{"@type":"EntryPoint","urlTemplate":"https:\/\/faculdade.grancursosonline.com.br\/blog\/?s={search_term_string}"},"query-input":{"@type":"PropertyValueSpecification","valueRequired":true,"valueName":"search_term_string"}}],"inLanguage":"pt-BR"},{"@type":"Organization","@id":"https:\/\/faculdade.grancursosonline.com.br\/blog\/#organization","name":"Gran Cursos Online","url":"https:\/\/faculdade.grancursosonline.com.br\/blog\/","logo":{"@type":"ImageObject","inLanguage":"pt-BR","@id":"https:\/\/faculdade.grancursosonline.com.br\/blog\/#\/schema\/logo\/image\/","url":"https:\/\/blog-es-static.infra.grancursosonline.com.br\/wp-content\/uploads\/2019\/08\/03123934\/logo.png","contentUrl":"https:\/\/blog-es-static.infra.grancursosonline.com.br\/wp-content\/uploads\/2019\/08\/03123934\/logo.png","width":300,"height":57,"caption":"Gran Cursos Online"},"image":{"@id":"https:\/\/faculdade.grancursosonline.com.br\/blog\/#\/schema\/logo\/image\/"},"sameAs":["https:\/\/www.facebook.com\/grancursosonline\/","https:\/\/x.com\/gran_online","https:\/\/www.instagram.com\/grancursosonline\/","https:\/\/www.youtube.com\/user\/grancursostv"]},{"@type":"Person","@id":"https:\/\/faculdade.grancursosonline.com.br\/blog\/#\/schema\/person\/9745f9b6db8976613c1f439dbcfe717d","name":"Guilherme Henrique","url":"https:\/\/faculdade.grancursosonline.com.br\/blog\/author\/guilherme-lourenco\/"}]}},"_links":{"self":[{"href":"https:\/\/faculdade.grancursosonline.com.br\/blog\/wp-json\/wp\/v2\/posts\/79758857","targetHints":{"allow":["GET"]}}],"collection":[{"href":"https:\/\/faculdade.grancursosonline.com.br\/blog\/wp-json\/wp\/v2\/posts"}],"about":[{"href":"https:\/\/faculdade.grancursosonline.com.br\/blog\/wp-json\/wp\/v2\/types\/post"}],"author":[{"embeddable":true,"href":"https:\/\/faculdade.grancursosonline.com.br\/blog\/wp-json\/wp\/v2\/users\/514"}],"replies":[{"embeddable":true,"href":"https:\/\/faculdade.grancursosonline.com.br\/blog\/wp-json\/wp\/v2\/comments?post=79758857"}],"version-history":[{"count":1,"href":"https:\/\/faculdade.grancursosonline.com.br\/blog\/wp-json\/wp\/v2\/posts\/79758857\/revisions"}],"predecessor-version":[{"id":79758860,"href":"https:\/\/faculdade.grancursosonline.com.br\/blog\/wp-json\/wp\/v2\/posts\/79758857\/revisions\/79758860"}],"wp:featuredmedia":[{"embeddable":true,"href":"https:\/\/faculdade.grancursosonline.com.br\/blog\/wp-json\/wp\/v2\/media\/79758858"}],"wp:attachment":[{"href":"https:\/\/faculdade.grancursosonline.com.br\/blog\/wp-json\/wp\/v2\/media?parent=79758857"}],"wp:term":[{"taxonomy":"category","embeddable":true,"href":"https:\/\/faculdade.grancursosonline.com.br\/blog\/wp-json\/wp\/v2\/categories?post=79758857"},{"taxonomy":"post_tag","embeddable":true,"href":"https:\/\/faculdade.grancursosonline.com.br\/blog\/wp-json\/wp\/v2\/tags?post=79758857"}],"curies":[{"name":"wp","href":"https:\/\/api.w.org\/{rel}","templated":true}]}}