{"id":79759045,"date":"2025-11-03T18:18:11","date_gmt":"2025-11-03T21:18:11","guid":{"rendered":"https:\/\/faculdade.grancursosonline.com.br\/blog\/?p=79759045"},"modified":"2025-11-06T17:25:57","modified_gmt":"2025-11-06T20:25:57","slug":"o-que-levar-para-o-enem","status":"publish","type":"post","link":"https:\/\/faculdade.grancursosonline.com.br\/blog\/o-que-levar-para-o-enem\/","title":{"rendered":"O que levar para o Enem?"},"content":{"rendered":"\n<p>Faltando pouco menos de uma semana para a prova, saber o que levar para o Enem \u00e9 uma das principais d\u00favidas dos estudantes nesta reta final. Afinal, o exame \u00e9 longo e cheio de regras, e esquecer um item fundamental pode significar ficar de fora da prova. <\/p>\n\n\n\n<p>Al\u00e9m dos itens exigidos pelo Inep, tamb\u00e9m existem objetos recomendados que ajudam o candidato a se sentir mais confort\u00e1vel e preparado. Conhecer bem o que levar para o Enem evita imprevistos, reduz a ansiedade e garante que o foco esteja totalmente voltado para o desempenho na prova.<\/p>\n\n\n\n<p>Acompanhe o conte\u00fado na \u00edntegra, ou navegue pelo \u00edndice se preferir:<\/p>\n\n\n\n<ul class=\"wp-block-list\">\n<li><a href=\"#h-o-que-levar-para-o-enem\">O que levar para o Enem?<\/a><\/li>\n\n\n\n<li><a href=\"#h-documentos-obrigatorios-para-o-enem\">Documentos obrigat\u00f3rios para o Enem<\/a><\/li>\n\n\n\n<li><a href=\"#h-o-que-nao-pode-levar-para-o-enem\">O que n\u00e3o pode levar para o Enem?<\/a><\/li>\n\n\n\n<li><a href=\"#h-o-que-e-recomendado-levar-para-o-enem\">O que \u00e9 recomendado levar para o Enem?<\/a><\/li>\n\n\n\n<li><a href=\"#h-dicas-finais-para-o-dia-da-prova\">Dicas finais para o dia da prova<\/a><\/li>\n<\/ul>\n\n\n\n<div class=\"wp-block-columns is-layout-flex wp-container-core-columns-is-layout-9d6595d7 wp-block-columns-is-layout-flex\">\n<div class=\"wp-block-column is-layout-flow wp-block-column-is-layout-flow\" style=\"flex-basis:100%\"><div class=\"wp-block-image\">\n<figure class=\"aligncenter size-full\"><a href=\"https:\/\/whatsapp.com\/channel\/0029VaG1sChI7Be7PNndhL43\" target=\"_blank\" rel=\"noopener\"><img decoding=\"async\" src=\"https:\/\/blog-es-static.infra.grancursosonline.com.br\/wp-content\/uploads\/2025\/09\/09112354\/banner-wp-600x142-80.webp\" alt=\"Acesse o canal do WhatsApp da Gran Faculdade\" class=\"wp-image-79751904\"\/><\/a><\/figure>\n<\/div><\/div>\n<\/div>\n\n\n\n<h2 class=\"wp-block-heading\" id=\"h-o-que-levar-para-o-enem\"><strong>O que levar para o Enem?<\/strong><\/h2>\n\n\n\n<p>Antes de tudo, \u00e9 importante entender que o exame tem regras espec\u00edficas sobre o que levar para o Enem e o que deve ficar em casa. Essas normas garantem seguran\u00e7a e igualdade entre todos os participantes.<\/p>\n\n\n\n<p>De forma geral, o candidato deve levar:<\/p>\n\n\n\n<ul class=\"wp-block-list\">\n<li><strong>Documento oficial com foto<\/strong> (como RG ou CNH);<\/li>\n\n\n\n<li><strong>Caneta esferogr\u00e1fica preta de corpo transparente<\/strong>;<\/li>\n\n\n\n<li><strong>Cart\u00e3o de confirma\u00e7\u00e3o da inscri\u00e7\u00e3o<\/strong> (opcional, mas recomendado);<\/li>\n\n\n\n<li><strong>Garrafa de \u00e1gua transparente e sem r\u00f3tulo<\/strong>;<\/li>\n\n\n\n<li><strong>Lanches leves<\/strong> para ajudar na concentra\u00e7\u00e3o durante a prova.<br><\/li>\n<\/ul>\n\n\n\n<p>Montar essa lista de o que levar para o Enem no dia anterior \u00e9 uma forma simples de evitar esquecimento e come\u00e7ar a prova com mais tranquilidade.<\/p>\n\n\n\n<h2 class=\"wp-block-heading\" id=\"h-documentos-obrigatorios-para-o-enem\"><strong>Documentos obrigat\u00f3rios para o Enem<\/strong><\/h2>\n\n\n\n<p>Entre o que levar para o Enem, o documento de identifica\u00e7\u00e3o com foto \u00e9 o item mais importante, sem ele, o candidato n\u00e3o entra.<br>S\u00e3o aceitos:<\/p>\n\n\n\n<ul class=\"wp-block-list\">\n<li>RG (Carteira de Identidade);<\/li>\n\n\n\n<li>CNH (Carteira Nacional de Habilita\u00e7\u00e3o);<\/li>\n\n\n\n<li>Carteira de Trabalho;<\/li>\n\n\n\n<li>Passaporte;<\/li>\n\n\n\n<li>Documento de identidade de estrangeiro (para candidatos de fora do pa\u00eds).<br><\/li>\n<\/ul>\n\n\n\n<p>C\u00f3pias, fotos digitais ou documentos danificados n\u00e3o s\u00e3o aceitos. Al\u00e9m disso, leve caneta preta de corpo transparente, pois \u00e9 o \u00fanico tipo permitido. Ter uma extra na mochila \u00e9 sempre uma boa ideia.<\/p>\n\n\n\n<h2 class=\"wp-block-heading\" id=\"h-o-que-nao-pode-levar-para-o-enem\"><strong>O que n\u00e3o pode levar para o Enem<\/strong>?<\/h2>\n\n\n\n<p>Saber o que n\u00e3o pode levar para o Enem \u00e9 t\u00e3o importante quanto conhecer o que \u00e9 obrigat\u00f3rio. Alguns itens s\u00e3o proibidos para evitar fraudes e distra\u00e7\u00f5es durante a prova.<br>Confira o que deve ficar em casa:<\/p>\n\n\n\n<ul class=\"wp-block-list\">\n<li>Celulares e outros aparelhos eletr\u00f4nicos;<\/li>\n\n\n\n<li>Fones de ouvido, rel\u00f3gios digitais e smartwatches;<\/li>\n\n\n\n<li>Livros, anota\u00e7\u00f5es ou folhas soltas;<\/li>\n\n\n\n<li>L\u00e1pis, borracha e canetas coloridas;<\/li>\n\n\n\n<li>Bon\u00e9s, gorros e \u00f3culos escuros.<br><\/li>\n<\/ul>\n\n\n\n<p>Caso leve o celular, ele deve estar desligado e guardado dentro do envelope lacrado fornecido pelo fiscal. Se tocar, o participante \u00e9 eliminado.<\/p>\n\n\n\n<h2 class=\"wp-block-heading\" id=\"h-o-que-e-recomendado-levar-para-o-enem\"><strong>O que \u00e9 recomendado levar para o Enem<\/strong>?<\/h2>\n\n\n\n<p>Al\u00e9m dos itens obrigat\u00f3rios, alguns objetos ajudam a deixar o dia mais tranquilo e confort\u00e1vel. Veja o que levar para o Enem para garantir uma boa experi\u00eancia:<\/p>\n\n\n\n<ul class=\"wp-block-list\">\n<li><strong>Cart\u00e3o de confirma\u00e7\u00e3o do Enem<\/strong>, com dados sobre local, sala e hor\u00e1rios;<\/li>\n\n\n\n<li><strong>Garrafa de \u00e1gua<\/strong> transparente;<\/li>\n\n\n\n<li><strong>Lanches leves<\/strong>, como frutas, biscoitos ou barras de cereal.<br><\/li>\n<\/ul>\n\n\n\n<p>Esses itens n\u00e3o s\u00e3o obrigat\u00f3rios, mas ajudam a manter a concentra\u00e7\u00e3o e o bem-estar durante a longa jornada da prova.<\/p>\n\n\n\n<h2 class=\"wp-block-heading\" id=\"h-dicas-finais-para-o-dia-da-prova\"><strong>Dicas finais para o dia da prova<\/strong><\/h2>\n\n\n\n<p>Al\u00e9m de saber o que levar para o Enem, \u00e9 importante planejar bem o dia do exame. Chegue com pelo menos uma hora de anteced\u00eancia, evitando atrasos e imprevistos.<\/p>\n\n\n\n<p>Lembre-se: os port\u00f5es abrem ao meio-dia e fecham pontualmente \u00e0s 13h (hor\u00e1rio de Bras\u00edlia).<\/p>\n\n\n\n<p>Outras dicas \u00fateis incluem:<\/p>\n\n\n\n<ul class=\"wp-block-list\">\n<li>Dormir bem na v\u00e9spera da prova;<\/li>\n\n\n\n<li>Alimentar-se de forma leve;<\/li>\n\n\n\n<li>Usar roupas confort\u00e1veis;<\/li>\n\n\n\n<li>Levar apenas o necess\u00e1rio.<\/li>\n<\/ul>\n\n\n\n<p>Estar preparado e confiante \u00e9 o segredo para ter um bom desempenho e transformar o esfor\u00e7o de estudo em resultado.<\/p>\n\n\n\n<h2 class=\"wp-block-heading\" id=\"h-vem-pra-gran-faculdade\">Vem pra Gran Faculdade!<\/h2>\n\n\n\n<p>A Gran Faculdade vem mudando a vida de milhares de pessoas por meio de cursos \u00e0 dist\u00e2ncia de <a href=\"https:\/\/faculdade.grancursosonline.com.br\/\" target=\"_blank\" rel=\"noreferrer noopener\">gradua\u00e7\u00e3o<\/a>, <a href=\"https:\/\/pos.grancursosonline.com.br\/\" target=\"_blank\" rel=\"noreferrer noopener\">p\u00f3s-gradua\u00e7\u00e3o<\/a> e <a href=\"https:\/\/pos.grancursosonline.com.br\/mba\" target=\"_blank\" rel=\"noreferrer noopener\">MBA<\/a>. Seja no digital ou em nosso <a href=\"https:\/\/presencial.grancursosonline.com.br\/\" target=\"_blank\" rel=\"noreferrer noopener\">Campus Presencial em Curitiba<\/a>, a nossa miss\u00e3o \u00e9 transformar a educa\u00e7\u00e3o superior.<\/p>\n\n\n\n<p>Como parte de Sistema Gran de Ensino, que \u00e9 reconhecido como marca aprovadora h\u00e1 mais de 10 anos, constru\u00edmos uma renomada reputa\u00e7\u00e3o na \u00e1rea de educa\u00e7\u00e3o.<\/p>\n\n\n\n<p>Veja algumas de nossas conquistas:<\/p>\n\n\n\n<ul class=\"wp-block-list\">\n<li>Reconhecido pela Amazon como um dos projetos mais relevantes do mundo na \u00e1rea de Tecnologia e Educa\u00e7\u00e3o;<\/li>\n\n\n\n<li>Foi eleito pelo Project Management Institute (PMI), um dos 50 Projetos Mais Influentes do mundo;<\/li>\n\n\n\n<li>Somos o site de educa\u00e7\u00e3o mais acessado do Brasil;<\/li>\n\n\n\n<li>Somos avaliados com a nota m\u00e1xima pelo MEC;<\/li>\n\n\n\n<li>Aqui o semestre come\u00e7a quando quiser: entrada imediata e cont\u00ednua!<\/li>\n\n\n\n<li>Melhores pre\u00e7os do mercado;<\/li>\n\n\n\n<li>Mais de 800 mil alunos pagantes e mais de 1000 funcion\u00e1rios;<\/li>\n\n\n\n<li>Diversas ferramentas de estudo: PDFs, audiobooks, mapas mentais, videoaulas, quest\u00f5es, gerenciador de estudos e muito mais!<\/li>\n\n\n\n<li>Professores experientes e capacitados;<\/li>\n\n\n\n<li>Acesso imediato e 100% online.<\/li>\n<\/ul>\n\n\n\n<p class=\"has-text-align-center has-text-align-center\"><strong><a href=\"https:\/\/faculdade.grancursosonline.com.br\/\">Quero ser aluno da Gran Faculdade<\/a><\/strong><\/p>\n\n\n\n<h2 class=\"wp-block-heading\" id=\"h-participe-de-uma-imersao-exclusiva-com-especialistas-em-ia-e-transforme-sua-carreira\">Participe de uma imers\u00e3o exclusiva com especialistas em IA e transforme sua carreira<\/h2>\n\n\n<div class=\"wp-block-image\">\n<figure class=\"aligncenter size-large is-resized\"><a href=\"https:\/\/lp.grancursosonline.com.br\/imersao-em-ia\/?utm_source=Wordpress&amp;utm_medium=sidebar&amp;utm_campaign=Capta%C3%A7%C3%A3o+Imers%C3%A3o+em+IA+-+Abril%2F2026+-+Blog+Ensino+Superior+-+Conte%C3%BAdo+e+SEO&amp;utm_id=Capta%C3%A7%C3%A3o+Imers%C3%A3o+em+IA+-+Abril%2F2026+-+Blog+Ensino+Superior+-+Conte%C3%BAdo+e+SEO\" target=\"_blank\" rel=\" noreferrer noopener\"><img loading=\"lazy\" decoding=\"async\" width=\"1024\" height=\"576\" src=\"https:\/\/blog-es-static.infra.grancursosonline.com.br\/wp-content\/uploads\/2026\/03\/31105919\/imersao_em_ia-1024x576.webp\" alt=\"\" class=\"wp-image-79763836\" style=\"width:488px;height:auto\"\/><\/a><\/figure>\n<\/div>\n\n\n<p><strong>Se voc\u00ea quer sair do b\u00e1sico e entender, na pr\u00e1tica, como a Intelig\u00eancia Artificial (IA) est\u00e1 moldando o mercado, esta \u00e9 a sua oportunidade.<\/strong> <\/p>\n\n\n\n<p>A Imers\u00e3o em IA re\u00fane especialistas renomados do mercado, incluindo profissionais com experi\u00eancia em grandes empresas de tecnologia como Google e Amazon, que v\u00e3o compartilhar<strong> insights estrat\u00e9gicos e aplica\u00e7\u00f5es reais<\/strong> para acelerar sua evolu\u00e7\u00e3o profissional.<\/p>\n\n\n\n<p>O evento acontecer\u00e1 em <strong>tr\u00eas encontros ao vivo, a partir do dia 13 de abril, sempre \u00e0s 20h<\/strong> (hor\u00e1rio de Bras\u00edlia), com uma programa\u00e7\u00e3o estruturada para levar voc\u00ea do entendimento dos conceitos at\u00e9 a aplica\u00e7\u00e3o pr\u00e1tica de agentes de IA.<\/p>\n\n\n\n<p>Clique no link abaixo e garanta sua participa\u00e7\u00e3o nesta experi\u00eancia <strong>gratuita, ao vivo e com potencial real de impacto na sua carreira<\/strong>.<\/p>\n\n\n\n<p class=\"has-text-align-center\"><strong><a href=\"https:\/\/lp.grancursosonline.com.br\/imersao-em-ia\/?utm_source=Wordpress&amp;utm_medium=sidebar&amp;utm_campaign=Capta%C3%A7%C3%A3o+Imers%C3%A3o+em+IA+-+Abril%2F2026+-+Blog+Ensino+Superior+-+Conte%C3%BAdo+e+SEO&amp;utm_id=Capta%C3%A7%C3%A3o+Imers%C3%A3o+em+IA+-+Abril%2F2026+-+Blog+Ensino+Superior+-+Conte%C3%BAdo+e+SEO\" target=\"_blank\" rel=\"noreferrer noopener\">Quero participar da Imers\u00e3o para aprender mais sobre IA<\/a><\/strong><\/p>\n\n\n\n<div class=\"wp-block-group has-background\" style=\"background-color:#8dd2fc7a\"><div class=\"wp-block-group__inner-container is-layout-constrained wp-block-group-is-layout-constrained\">\n<p><strong>Outras not\u00edcias em destaque:<\/strong><\/p>\n\n\n\n<ul class=\"wp-block-list\">\n<li><a href=\"https:\/\/faculdade.grancursosonline.com.br\/blog\/certificadores-enem-2025\/\" target=\"_blank\" rel=\"noopener\">Certificadores Enem 2025: o que s\u00e3o e como validar seu certificado de conclus\u00e3o<\/a><\/li>\n\n\n\n<li><a href=\"https:\/\/faculdade.grancursosonline.com.br\/blog\/cartao-de-confirmacao-enem\/\" target=\"_blank\" rel=\"noopener\">Cart\u00e3o de Confirma\u00e7\u00e3o Enem: o que \u00e9, como acessar e quais informa\u00e7\u00f5es traz<\/a><\/li>\n\n\n\n<li><a href=\"https:\/\/faculdade.grancursosonline.com.br\/blog\/enem-area-do-candidato\/\" target=\"_blank\" rel=\"noopener\">Enem \u00e1rea do candidato: como acessar, o que consultar e principais servi\u00e7os dispon\u00edveis<\/a><\/li>\n<\/ul>\n<\/div><\/div>\n\n\n\n<div class=\"wp-block-group\"><div class=\"wp-block-group__inner-container is-layout-constrained wp-block-group-is-layout-constrained\">\n<div class=\"wp-block-group\"><div class=\"wp-block-group__inner-container is-layout-constrained wp-block-group-is-layout-constrained\">\n<section style=\"text-align: center;\">\n<p>Quer ficar por dentro da Faculdade Digital mais inovadora do Brasil?<\/p>\n<nav>\n<p class=\"has-background has-dark-bluish-background-color\" style=\"font-size: 25px; text-align: center; background: #f0f0f0; color: #ffffff; padding: 4px 0px 4xp 0px;\"><a style=\"color: #0d134c; text-decoration: underline;\" href=\"https:\/\/faculdade.grancursosonline.com.br\/\" target=\"_blank\" rel=\"noopener\">GRADUA\u00c7\u00c3O<\/a><\/p>\n<p class=\"has-background has-dark-bluish-background-color\" style=\"font-size: 25px; text-align: center; background: #f0f0f0; color: #ffffff; padding: 4px 0px 4xp 0px;\"><a style=\"color: #0d134c; text-decoration: underline;\" href=\"https:\/\/pos.grancursosonline.com.br\/\" target=\"_blank\" rel=\"noopener\">P\u00d3S-GRADUA\u00c7\u00c3O<\/a><\/p>\n<p class=\"has-background has-dark-bluish-background-color\" style=\"font-size: 25px; text-align: center; background: #f0f0f0; color: #ffffff; padding: 4px 0px 4xp 0px;\"><a style=\"color: #0d134c; text-decoration: underline;\" href=\"https:\/\/faculdade.grancursosonline.com.br\/nossos-cursos\/\" target=\"_blank\" rel=\"noopener\">TUDO SOBRE A GRAN FACULDADE<\/a><\/p>\n<\/nav>\n<p><strong>Receba <span style=\"color: #cf1e25;\">gratuitamente<\/span> no seu celular as principais not\u00edcias sobre a Gran Faculdade! <br \/>Clique no link abaixo e inscreva-se:<\/strong><\/p>\n<p class=\"has-background has-dark-bluish-background-color\" style=\"font-size: 25px; text-align: center; background: #f0f0f0; color: #ffffff; padding: 4px 0px 4xp 0px;\"><a style=\"color: #0d134c; text-decoration: underline;\" href=\"https:\/\/whatsapp.com\/channel\/0029VaG1sChI7Be7PNndhL43\" target=\"_blank\" rel=\"noopener noreferrer\">WHATSAPP<\/a><\/p>\n<p class=\"has-background has-dark-bluish-background-color\" style=\"font-size: 25px; text-align: center; background: #f0f0f0; color: #ffffff; padding: 4px 0px 4xp 0px;\"><a style=\"color: #0d134c; text-decoration: underline;\" href=\"https:\/\/t.me\/GranFaculdade\" target=\"_blank\" rel=\"noopener noreferrer\">TELEGRAM<\/a><\/p>\n<\/section>\n<\/div><\/div>\n<\/div><\/div>\n","protected":false},"excerpt":{"rendered":"<p>Faltando pouco menos de uma semana para a prova, saber o que levar para o Enem \u00e9 uma das principais d\u00favidas dos estudantes nesta reta final. Afinal, o exame \u00e9 longo e cheio de regras, e esquecer um item fundamental pode significar ficar de fora da prova. Al\u00e9m dos itens exigidos pelo Inep, tamb\u00e9m existem&hellip;<\/p>\n","protected":false},"author":514,"featured_media":79759046,"comment_status":"open","ping_status":"open","sticky":false,"template":"","format":"standard","meta":{"_acf_changed":false,"content-type":"","footnotes":""},"categories":[1543,219790,218545,2],"tags":[],"class_list":["post-79759045","post","type-post","status-publish","format-standard","has-post-thumbnail","hentry","category-enem","category-graduacao-ead","category-graduacao","category-ultimas-noticias"],"acf":[],"yoast_head":"<!-- This site is optimized with the Yoast SEO Premium plugin v27.2 (Yoast SEO v27.2) - https:\/\/yoast.com\/product\/yoast-seo-premium-wordpress\/ -->\n<title>O que levar para o Enem?<\/title>\n<meta name=\"description\" content=\"Descubra o que levar para o Enem e evite imprevistos. Saiba o que \u00e9 permitido, o que \u00e9 proibido e como se preparar para o exame.\" \/>\n<meta name=\"robots\" content=\"index, follow, max-snippet:-1, max-image-preview:large, max-video-preview:-1\" \/>\n<link rel=\"canonical\" href=\"https:\/\/faculdade.grancursosonline.com.br\/blog\/o-que-levar-para-o-enem\/\" \/>\n<meta property=\"og:locale\" content=\"pt_BR\" \/>\n<meta property=\"og:type\" content=\"article\" \/>\n<meta property=\"og:title\" content=\"O que levar para o Enem?\" \/>\n<meta property=\"og:description\" content=\"Descubra o que levar para o Enem e evite imprevistos. Saiba o que \u00e9 permitido, o que \u00e9 proibido e como se preparar para o exame.\" \/>\n<meta property=\"og:url\" content=\"https:\/\/faculdade.grancursosonline.com.br\/blog\/o-que-levar-para-o-enem\/\" \/>\n<meta property=\"og:site_name\" content=\"Blog Gran Faculdade\" \/>\n<meta property=\"article:publisher\" content=\"https:\/\/www.facebook.com\/grancursosonline\/\" \/>\n<meta property=\"article:published_time\" content=\"2025-11-03T21:18:11+00:00\" \/>\n<meta property=\"article:modified_time\" content=\"2025-11-06T20:25:57+00:00\" \/>\n<meta property=\"og:image\" content=\"https:\/\/blog-es-static.infra.grancursosonline.com.br\/wp-content\/uploads\/2025\/11\/03181641\/O-que-levar-para-o-Enem-2.webp\" \/>\n\t<meta property=\"og:image:width\" content=\"511\" \/>\n\t<meta property=\"og:image:height\" content=\"311\" \/>\n\t<meta property=\"og:image:type\" content=\"image\/webp\" \/>\n<meta name=\"author\" content=\"Guilherme Henrique\" \/>\n<meta name=\"twitter:card\" content=\"summary_large_image\" \/>\n<meta name=\"twitter:creator\" content=\"@gran_online\" \/>\n<meta name=\"twitter:site\" content=\"@gran_online\" \/>\n<meta name=\"twitter:label1\" content=\"Written by\" \/>\n\t<meta name=\"twitter:data1\" content=\"Guilherme Henrique\" \/>\n\t<meta name=\"twitter:label2\" content=\"Est. reading time\" \/>\n\t<meta name=\"twitter:data2\" content=\"6 minutos\" \/>\n<script type=\"application\/ld+json\" class=\"yoast-schema-graph\">{\"@context\":\"https:\/\/schema.org\",\"@graph\":[{\"@type\":\"NewsArticle\",\"@id\":\"https:\/\/faculdade.grancursosonline.com.br\/blog\/o-que-levar-para-o-enem\/#article\",\"isPartOf\":{\"@id\":\"https:\/\/faculdade.grancursosonline.com.br\/blog\/o-que-levar-para-o-enem\/\"},\"author\":{\"name\":\"Guilherme Henrique\",\"@id\":\"https:\/\/faculdade.grancursosonline.com.br\/blog\/#\/schema\/person\/9745f9b6db8976613c1f439dbcfe717d\"},\"headline\":\"O que levar para o Enem?\",\"datePublished\":\"2025-11-03T21:18:11+00:00\",\"dateModified\":\"2025-11-06T20:25:57+00:00\",\"mainEntityOfPage\":{\"@id\":\"https:\/\/faculdade.grancursosonline.com.br\/blog\/o-que-levar-para-o-enem\/\"},\"wordCount\":709,\"commentCount\":0,\"publisher\":{\"@id\":\"https:\/\/faculdade.grancursosonline.com.br\/blog\/#organization\"},\"image\":{\"@id\":\"https:\/\/faculdade.grancursosonline.com.br\/blog\/o-que-levar-para-o-enem\/#primaryimage\"},\"thumbnailUrl\":\"https:\/\/blog-es-static.infra.grancursosonline.com.br\/wp-content\/uploads\/2025\/11\/03181606\/O-que-levar-para-o-Enem.webp\",\"articleSection\":[\"ENEM\",\"Gradua\u00e7\u00e3o EAD\",\"Gradua\u00e7\u00e3o Gran Faculdade\",\"\u00daltimas Not\u00edcias\"],\"inLanguage\":\"pt-BR\",\"potentialAction\":[{\"@type\":\"CommentAction\",\"name\":\"Comment\",\"target\":[\"https:\/\/faculdade.grancursosonline.com.br\/blog\/o-que-levar-para-o-enem\/#respond\"]}],\"copyrightYear\":\"2025\",\"copyrightHolder\":{\"@id\":\"https:\/\/faculdade.grancursosonline.com.br\/blog\/#organization\"}},{\"@type\":\"WebPage\",\"@id\":\"https:\/\/faculdade.grancursosonline.com.br\/blog\/o-que-levar-para-o-enem\/\",\"url\":\"https:\/\/faculdade.grancursosonline.com.br\/blog\/o-que-levar-para-o-enem\/\",\"name\":\"O que levar para o Enem?\",\"isPartOf\":{\"@id\":\"https:\/\/faculdade.grancursosonline.com.br\/blog\/#website\"},\"primaryImageOfPage\":{\"@id\":\"https:\/\/faculdade.grancursosonline.com.br\/blog\/o-que-levar-para-o-enem\/#primaryimage\"},\"image\":{\"@id\":\"https:\/\/faculdade.grancursosonline.com.br\/blog\/o-que-levar-para-o-enem\/#primaryimage\"},\"thumbnailUrl\":\"https:\/\/blog-es-static.infra.grancursosonline.com.br\/wp-content\/uploads\/2025\/11\/03181606\/O-que-levar-para-o-Enem.webp\",\"datePublished\":\"2025-11-03T21:18:11+00:00\",\"dateModified\":\"2025-11-06T20:25:57+00:00\",\"description\":\"Descubra o que levar para o Enem e evite imprevistos. Saiba o que \u00e9 permitido, o que \u00e9 proibido e como se preparar para o exame.\",\"breadcrumb\":{\"@id\":\"https:\/\/faculdade.grancursosonline.com.br\/blog\/o-que-levar-para-o-enem\/#breadcrumb\"},\"inLanguage\":\"pt-BR\",\"potentialAction\":[{\"@type\":\"ReadAction\",\"target\":[\"https:\/\/faculdade.grancursosonline.com.br\/blog\/o-que-levar-para-o-enem\/\"]}]},{\"@type\":\"ImageObject\",\"inLanguage\":\"pt-BR\",\"@id\":\"https:\/\/faculdade.grancursosonline.com.br\/blog\/o-que-levar-para-o-enem\/#primaryimage\",\"url\":\"https:\/\/blog-es-static.infra.grancursosonline.com.br\/wp-content\/uploads\/2025\/11\/03181606\/O-que-levar-para-o-Enem.webp\",\"contentUrl\":\"https:\/\/blog-es-static.infra.grancursosonline.com.br\/wp-content\/uploads\/2025\/11\/03181606\/O-que-levar-para-o-Enem.webp\",\"width\":1001,\"height\":601,\"caption\":\"O que levar para o Enem?\"},{\"@type\":\"BreadcrumbList\",\"@id\":\"https:\/\/faculdade.grancursosonline.com.br\/blog\/o-que-levar-para-o-enem\/#breadcrumb\",\"itemListElement\":[{\"@type\":\"ListItem\",\"position\":1,\"name\":\"In\u00edcio\",\"item\":\"https:\/\/faculdade.grancursosonline.com.br\/blog\/\"},{\"@type\":\"ListItem\",\"position\":2,\"name\":\"ENEM\",\"item\":\"https:\/\/faculdade.grancursosonline.com.br\/blog\/enem\/\"},{\"@type\":\"ListItem\",\"position\":3,\"name\":\"O que levar para o Enem?\"}]},{\"@type\":\"WebSite\",\"@id\":\"https:\/\/faculdade.grancursosonline.com.br\/blog\/#website\",\"url\":\"https:\/\/faculdade.grancursosonline.com.br\/blog\/\",\"name\":\"Blog Gran Faculdade\",\"description\":\"Tudo sobre ensino superior, p\u00f3s-gradua\u00e7\u00e3o, enem e carreira.\",\"publisher\":{\"@id\":\"https:\/\/faculdade.grancursosonline.com.br\/blog\/#organization\"},\"potentialAction\":[{\"@type\":\"SearchAction\",\"target\":{\"@type\":\"EntryPoint\",\"urlTemplate\":\"https:\/\/faculdade.grancursosonline.com.br\/blog\/?s={search_term_string}\"},\"query-input\":{\"@type\":\"PropertyValueSpecification\",\"valueRequired\":true,\"valueName\":\"search_term_string\"}}],\"inLanguage\":\"pt-BR\"},{\"@type\":\"Organization\",\"@id\":\"https:\/\/faculdade.grancursosonline.com.br\/blog\/#organization\",\"name\":\"Gran Cursos Online\",\"url\":\"https:\/\/faculdade.grancursosonline.com.br\/blog\/\",\"logo\":{\"@type\":\"ImageObject\",\"inLanguage\":\"pt-BR\",\"@id\":\"https:\/\/faculdade.grancursosonline.com.br\/blog\/#\/schema\/logo\/image\/\",\"url\":\"https:\/\/blog-es-static.infra.grancursosonline.com.br\/wp-content\/uploads\/2019\/08\/03123934\/logo.png\",\"contentUrl\":\"https:\/\/blog-es-static.infra.grancursosonline.com.br\/wp-content\/uploads\/2019\/08\/03123934\/logo.png\",\"width\":300,\"height\":57,\"caption\":\"Gran Cursos Online\"},\"image\":{\"@id\":\"https:\/\/faculdade.grancursosonline.com.br\/blog\/#\/schema\/logo\/image\/\"},\"sameAs\":[\"https:\/\/www.facebook.com\/grancursosonline\/\",\"https:\/\/x.com\/gran_online\",\"https:\/\/www.instagram.com\/grancursosonline\/\",\"https:\/\/www.youtube.com\/user\/grancursostv\"]},{\"@type\":\"Person\",\"@id\":\"https:\/\/faculdade.grancursosonline.com.br\/blog\/#\/schema\/person\/9745f9b6db8976613c1f439dbcfe717d\",\"name\":\"Guilherme Henrique\",\"url\":\"https:\/\/faculdade.grancursosonline.com.br\/blog\/author\/guilherme-lourenco\/\"}]}<\/script>\n<!-- \/ Yoast SEO Premium plugin. -->","yoast_head_json":{"title":"O que levar para o Enem?","description":"Descubra o que levar para o Enem e evite imprevistos. Saiba o que \u00e9 permitido, o que \u00e9 proibido e como se preparar para o exame.","robots":{"index":"index","follow":"follow","max-snippet":"max-snippet:-1","max-image-preview":"max-image-preview:large","max-video-preview":"max-video-preview:-1"},"canonical":"https:\/\/faculdade.grancursosonline.com.br\/blog\/o-que-levar-para-o-enem\/","og_locale":"pt_BR","og_type":"article","og_title":"O que levar para o Enem?","og_description":"Descubra o que levar para o Enem e evite imprevistos. Saiba o que \u00e9 permitido, o que \u00e9 proibido e como se preparar para o exame.","og_url":"https:\/\/faculdade.grancursosonline.com.br\/blog\/o-que-levar-para-o-enem\/","og_site_name":"Blog Gran Faculdade","article_publisher":"https:\/\/www.facebook.com\/grancursosonline\/","article_published_time":"2025-11-03T21:18:11+00:00","article_modified_time":"2025-11-06T20:25:57+00:00","og_image":[{"width":511,"height":311,"url":"https:\/\/blog-es-static.infra.grancursosonline.com.br\/wp-content\/uploads\/2025\/11\/03181641\/O-que-levar-para-o-Enem-2.webp","type":"image\/webp"}],"author":"Guilherme Henrique","twitter_card":"summary_large_image","twitter_creator":"@gran_online","twitter_site":"@gran_online","twitter_misc":{"Written by":"Guilherme Henrique","Est. reading time":"6 minutos"},"schema":{"@context":"https:\/\/schema.org","@graph":[{"@type":"NewsArticle","@id":"https:\/\/faculdade.grancursosonline.com.br\/blog\/o-que-levar-para-o-enem\/#article","isPartOf":{"@id":"https:\/\/faculdade.grancursosonline.com.br\/blog\/o-que-levar-para-o-enem\/"},"author":{"name":"Guilherme Henrique","@id":"https:\/\/faculdade.grancursosonline.com.br\/blog\/#\/schema\/person\/9745f9b6db8976613c1f439dbcfe717d"},"headline":"O que levar para o Enem?","datePublished":"2025-11-03T21:18:11+00:00","dateModified":"2025-11-06T20:25:57+00:00","mainEntityOfPage":{"@id":"https:\/\/faculdade.grancursosonline.com.br\/blog\/o-que-levar-para-o-enem\/"},"wordCount":709,"commentCount":0,"publisher":{"@id":"https:\/\/faculdade.grancursosonline.com.br\/blog\/#organization"},"image":{"@id":"https:\/\/faculdade.grancursosonline.com.br\/blog\/o-que-levar-para-o-enem\/#primaryimage"},"thumbnailUrl":"https:\/\/blog-es-static.infra.grancursosonline.com.br\/wp-content\/uploads\/2025\/11\/03181606\/O-que-levar-para-o-Enem.webp","articleSection":["ENEM","Gradua\u00e7\u00e3o EAD","Gradua\u00e7\u00e3o Gran Faculdade","\u00daltimas Not\u00edcias"],"inLanguage":"pt-BR","potentialAction":[{"@type":"CommentAction","name":"Comment","target":["https:\/\/faculdade.grancursosonline.com.br\/blog\/o-que-levar-para-o-enem\/#respond"]}],"copyrightYear":"2025","copyrightHolder":{"@id":"https:\/\/faculdade.grancursosonline.com.br\/blog\/#organization"}},{"@type":"WebPage","@id":"https:\/\/faculdade.grancursosonline.com.br\/blog\/o-que-levar-para-o-enem\/","url":"https:\/\/faculdade.grancursosonline.com.br\/blog\/o-que-levar-para-o-enem\/","name":"O que levar para o Enem?","isPartOf":{"@id":"https:\/\/faculdade.grancursosonline.com.br\/blog\/#website"},"primaryImageOfPage":{"@id":"https:\/\/faculdade.grancursosonline.com.br\/blog\/o-que-levar-para-o-enem\/#primaryimage"},"image":{"@id":"https:\/\/faculdade.grancursosonline.com.br\/blog\/o-que-levar-para-o-enem\/#primaryimage"},"thumbnailUrl":"https:\/\/blog-es-static.infra.grancursosonline.com.br\/wp-content\/uploads\/2025\/11\/03181606\/O-que-levar-para-o-Enem.webp","datePublished":"2025-11-03T21:18:11+00:00","dateModified":"2025-11-06T20:25:57+00:00","description":"Descubra o que levar para o Enem e evite imprevistos. Saiba o que \u00e9 permitido, o que \u00e9 proibido e como se preparar para o exame.","breadcrumb":{"@id":"https:\/\/faculdade.grancursosonline.com.br\/blog\/o-que-levar-para-o-enem\/#breadcrumb"},"inLanguage":"pt-BR","potentialAction":[{"@type":"ReadAction","target":["https:\/\/faculdade.grancursosonline.com.br\/blog\/o-que-levar-para-o-enem\/"]}]},{"@type":"ImageObject","inLanguage":"pt-BR","@id":"https:\/\/faculdade.grancursosonline.com.br\/blog\/o-que-levar-para-o-enem\/#primaryimage","url":"https:\/\/blog-es-static.infra.grancursosonline.com.br\/wp-content\/uploads\/2025\/11\/03181606\/O-que-levar-para-o-Enem.webp","contentUrl":"https:\/\/blog-es-static.infra.grancursosonline.com.br\/wp-content\/uploads\/2025\/11\/03181606\/O-que-levar-para-o-Enem.webp","width":1001,"height":601,"caption":"O que levar para o Enem?"},{"@type":"BreadcrumbList","@id":"https:\/\/faculdade.grancursosonline.com.br\/blog\/o-que-levar-para-o-enem\/#breadcrumb","itemListElement":[{"@type":"ListItem","position":1,"name":"In\u00edcio","item":"https:\/\/faculdade.grancursosonline.com.br\/blog\/"},{"@type":"ListItem","position":2,"name":"ENEM","item":"https:\/\/faculdade.grancursosonline.com.br\/blog\/enem\/"},{"@type":"ListItem","position":3,"name":"O que levar para o Enem?"}]},{"@type":"WebSite","@id":"https:\/\/faculdade.grancursosonline.com.br\/blog\/#website","url":"https:\/\/faculdade.grancursosonline.com.br\/blog\/","name":"Blog Gran Faculdade","description":"Tudo sobre ensino superior, p\u00f3s-gradua\u00e7\u00e3o, enem e carreira.","publisher":{"@id":"https:\/\/faculdade.grancursosonline.com.br\/blog\/#organization"},"potentialAction":[{"@type":"SearchAction","target":{"@type":"EntryPoint","urlTemplate":"https:\/\/faculdade.grancursosonline.com.br\/blog\/?s={search_term_string}"},"query-input":{"@type":"PropertyValueSpecification","valueRequired":true,"valueName":"search_term_string"}}],"inLanguage":"pt-BR"},{"@type":"Organization","@id":"https:\/\/faculdade.grancursosonline.com.br\/blog\/#organization","name":"Gran Cursos Online","url":"https:\/\/faculdade.grancursosonline.com.br\/blog\/","logo":{"@type":"ImageObject","inLanguage":"pt-BR","@id":"https:\/\/faculdade.grancursosonline.com.br\/blog\/#\/schema\/logo\/image\/","url":"https:\/\/blog-es-static.infra.grancursosonline.com.br\/wp-content\/uploads\/2019\/08\/03123934\/logo.png","contentUrl":"https:\/\/blog-es-static.infra.grancursosonline.com.br\/wp-content\/uploads\/2019\/08\/03123934\/logo.png","width":300,"height":57,"caption":"Gran Cursos Online"},"image":{"@id":"https:\/\/faculdade.grancursosonline.com.br\/blog\/#\/schema\/logo\/image\/"},"sameAs":["https:\/\/www.facebook.com\/grancursosonline\/","https:\/\/x.com\/gran_online","https:\/\/www.instagram.com\/grancursosonline\/","https:\/\/www.youtube.com\/user\/grancursostv"]},{"@type":"Person","@id":"https:\/\/faculdade.grancursosonline.com.br\/blog\/#\/schema\/person\/9745f9b6db8976613c1f439dbcfe717d","name":"Guilherme Henrique","url":"https:\/\/faculdade.grancursosonline.com.br\/blog\/author\/guilherme-lourenco\/"}]}},"_links":{"self":[{"href":"https:\/\/faculdade.grancursosonline.com.br\/blog\/wp-json\/wp\/v2\/posts\/79759045","targetHints":{"allow":["GET"]}}],"collection":[{"href":"https:\/\/faculdade.grancursosonline.com.br\/blog\/wp-json\/wp\/v2\/posts"}],"about":[{"href":"https:\/\/faculdade.grancursosonline.com.br\/blog\/wp-json\/wp\/v2\/types\/post"}],"author":[{"embeddable":true,"href":"https:\/\/faculdade.grancursosonline.com.br\/blog\/wp-json\/wp\/v2\/users\/514"}],"replies":[{"embeddable":true,"href":"https:\/\/faculdade.grancursosonline.com.br\/blog\/wp-json\/wp\/v2\/comments?post=79759045"}],"version-history":[{"count":2,"href":"https:\/\/faculdade.grancursosonline.com.br\/blog\/wp-json\/wp\/v2\/posts\/79759045\/revisions"}],"predecessor-version":[{"id":79759096,"href":"https:\/\/faculdade.grancursosonline.com.br\/blog\/wp-json\/wp\/v2\/posts\/79759045\/revisions\/79759096"}],"wp:featuredmedia":[{"embeddable":true,"href":"https:\/\/faculdade.grancursosonline.com.br\/blog\/wp-json\/wp\/v2\/media\/79759046"}],"wp:attachment":[{"href":"https:\/\/faculdade.grancursosonline.com.br\/blog\/wp-json\/wp\/v2\/media?parent=79759045"}],"wp:term":[{"taxonomy":"category","embeddable":true,"href":"https:\/\/faculdade.grancursosonline.com.br\/blog\/wp-json\/wp\/v2\/categories?post=79759045"},{"taxonomy":"post_tag","embeddable":true,"href":"https:\/\/faculdade.grancursosonline.com.br\/blog\/wp-json\/wp\/v2\/tags?post=79759045"}],"curies":[{"name":"wp","href":"https:\/\/api.w.org\/{rel}","templated":true}]}}