{"id":79759121,"date":"2025-11-08T08:07:00","date_gmt":"2025-11-08T11:07:00","guid":{"rendered":"https:\/\/faculdade.grancursosonline.com.br\/blog\/?p=79759121"},"modified":"2025-11-07T17:44:37","modified_gmt":"2025-11-07T20:44:37","slug":"primeiro-dia-do-enem-2025-e-amanha","status":"publish","type":"post","link":"https:\/\/faculdade.grancursosonline.com.br\/blog\/primeiro-dia-do-enem-2025-e-amanha\/","title":{"rendered":"O primeiro dia do Enem 2025 \u00e9 amanh\u00e3: confira os \u00faltimos preparativos!"},"content":{"rendered":"\n<p>Amanh\u00e3 \u00e9 o primeiro dia de aplica\u00e7\u00e3o das provas do Enem 2025. Neste momento, voc\u00ea deve se preparar e separar o que for necess\u00e1rio levar para a prova amanh\u00e3. Confira a seguir o que fazer nesta reta final.<\/p>\n\n\n\n<p>Acompanhe pelo \u00edndice se preferir:&nbsp;<\/p>\n\n\n\n<ul class=\"wp-block-list\">\n<li><a href=\"#h-que-horas-comeca-o-enem\">Que horas come\u00e7a o Enem?<\/a><\/li>\n\n\n\n<li><a href=\"#h-como-saber-onde-e-o-meu-local-de-prova\">Como saber onde \u00e9 o meu local de prova?<\/a><\/li>\n\n\n\n<li><a href=\"#h-o-que-levar-para-o-primeiro-dia-de-prova-do-enem-2025\">O que levar para o primeiro dia de prova do Enem 2025?<\/a><\/li>\n\n\n\n<li><a href=\"#h-redacao-do-enem-2025\">Reda\u00e7\u00e3o do Enem 2025<\/a><\/li>\n\n\n\n<li><a href=\"#h-como-se-preparar-no-dia-anterior-a-prova\">Como se preparar no dia anterior \u00e0 prova?<\/a><\/li>\n<\/ul>\n\n\n\n<div class=\"wp-block-columns is-layout-flex wp-container-core-columns-is-layout-9d6595d7 wp-block-columns-is-layout-flex\">\n<div class=\"wp-block-column is-layout-flow wp-block-column-is-layout-flow\" style=\"flex-basis:100%\"><div class=\"wp-block-image\">\n<figure class=\"aligncenter size-full\"><a href=\"https:\/\/whatsapp.com\/channel\/0029VaG1sChI7Be7PNndhL43\" target=\"_blank\" rel=\"noopener\"><img decoding=\"async\" src=\"https:\/\/blog-es-static.infra.grancursosonline.com.br\/wp-content\/uploads\/2025\/09\/09112354\/banner-wp-600x142-80.webp\" alt=\"Acesse o canal do WhatsApp da Gran Faculdade\" class=\"wp-image-79751904\"\/><\/a><\/figure>\n<\/div><\/div>\n<\/div>\n\n\n\n<h2 class=\"wp-block-heading\" id=\"h-que-horas-comeca-o-enem\"><strong>Que horas come\u00e7a o Enem?<\/strong><\/h2>\n\n\n\n<p>Amanh\u00e3 \u00e9 o grande dia, ent\u00e3o vale refor\u00e7ar os hor\u00e1rios para evitar sustos. Os port\u00f5es abrem \u00e0s 12h (hor\u00e1rio de Bras\u00edlia) e fecham pontualmente \u00e0s 13h. Depois que fecharem, ningu\u00e9m entra, mesmo que esteja \u201cquase l\u00e1\u201d. Por isso, j\u00e1 deixe o trajeto planejado e saia com anteced\u00eancia.<\/p>\n\n\n\n<p>A prova come\u00e7a \u00e0s 13h30 e vai at\u00e9 19h no primeiro dia, j\u00e1 que temos a reda\u00e7\u00e3o e quest\u00f5es de Linguagens e Ci\u00eancias Humanas.<\/p>\n\n\n\n<h2 class=\"wp-block-heading\" id=\"h-como-saber-onde-e-o-meu-local-de-prova\"><strong>Como saber onde \u00e9 o meu local de prova?<\/strong><\/h2>\n\n\n\n<p>Se voc\u00ea ainda n\u00e3o conferiu, esse \u00e9 o momento. Entre na \u00c1rea do Participante do Enem (no site do Inep) e baixe o seu <a href=\"https:\/\/faculdade.grancursosonline.com.br\/blog\/cartao-de-confirmacao-enem\/\">Cart\u00e3o de Confirma\u00e7\u00e3o<\/a>. L\u00e1 voc\u00ea encontra:<\/p>\n\n\n\n<ul class=\"wp-block-list\">\n<li>Endere\u00e7o da sua escola de prova;<\/li>\n\n\n\n<li>Sala;<\/li>\n\n\n\n<li>N\u00famero da inscri\u00e7\u00e3o;<\/li>\n\n\n\n<li>Atendimento especial (se tiver solicitado).<br><\/li>\n<\/ul>\n\n\n\n<p>Se poss\u00edvel, veja o caminho no mapa, calcule o tempo e at\u00e9 fa\u00e7a uma passagem r\u00e1pida hoje, para evitar imprevistos amanh\u00e3.<\/p>\n\n\n\n<h2 class=\"wp-block-heading\" id=\"h-o-que-levar-para-o-primeiro-dia-de-prova-do-enem-2025\"><strong>O que levar para o primeiro dia de prova do Enem 2025?<\/strong><\/h2>\n\n\n\n<p>Hoje \u00e9 o dia de separar tudo. Para n\u00e3o ter erro, confira o essencial:<\/p>\n\n\n\n<p><strong>Obrigat\u00f3rios<\/strong><\/p>\n\n\n\n<ul class=\"wp-block-list\">\n<li><strong>Documento original com foto<\/strong> (RG, CNH, passaporte, carteira de trabalho, etc.);<\/li>\n\n\n\n<li><strong>Caneta preta<\/strong> de corpo transparente (leve duas para garantir).<br><\/li>\n<\/ul>\n\n\n\n<p><strong>Recomendados<\/strong><\/p>\n\n\n\n<ul class=\"wp-block-list\">\n<li>Garrafa de \u00e1gua transparente sem o r\u00f3tulo;<\/li>\n\n\n\n<li>Um lanche leve em saco transparente (barra de cereal, frutas, biscoito simples);<\/li>\n\n\n\n<li>Cart\u00e3o de confirma\u00e7\u00e3o.<br><\/li>\n<\/ul>\n\n\n\n<p><strong>Lembrete importante:<\/strong> Celular pode ir, mas deve ser desligado e guardado no envelope lacrado assim que voc\u00ea entrar na sala.<\/p>\n\n\n\n<h2 class=\"wp-block-heading\" id=\"h-redacao-do-enem-2025\"><strong>Reda\u00e7\u00e3o do Enem 2025<\/strong><\/h2>\n\n\n\n<p>Amanh\u00e3 \u00e9 o dia da reda\u00e7\u00e3o, ent\u00e3o vale lembrar alguns pontos importantes:<\/p>\n\n\n\n<ul class=\"wp-block-list\">\n<li>O formato \u00e9 <strong>dissertativo-argumentativo;<\/strong><\/li>\n\n\n\n<li>Voc\u00ea precisa apresentar <strong>uma tese<\/strong> (sua opini\u00e3o);<\/li>\n\n\n\n<li>Usar argumentos claros e organizados que justifiquem o tema;<\/li>\n\n\n\n<li>E finalizar com uma <strong>proposta de interven\u00e7\u00e3o<\/strong> poss\u00edvel e detalhada.<br><\/li>\n<\/ul>\n\n\n\n<p>Hoje, nada de estudar tema novo. Foque apenas em relembrar a estrutura e pensar com calma. Voc\u00ea j\u00e1 treinou o ano todo.<\/p>\n\n\n\n<h2 class=\"wp-block-heading\" id=\"h-como-se-preparar-no-dia-anterior-a-prova\"><strong>Como se preparar no dia anterior \u00e0 prova?<\/strong><\/h2>\n\n\n\n<p>Hoje o que faz diferen\u00e7a n\u00e3o \u00e9 \u201caprender mais\u201d, e sim chegar bem amanh\u00e3. Algumas sugest\u00f5es:<\/p>\n\n\n\n<ul class=\"wp-block-list\">\n<li>Separe tudo que vai levar;<\/li>\n\n\n\n<li>Escolha uma roupa confort\u00e1vel;<\/li>\n\n\n\n<li>Beba \u00e1gua ao longo do dia;<\/li>\n\n\n\n<li>Fa\u00e7a refei\u00e7\u00f5es leves;<\/li>\n\n\n\n<li>Descanse a mente no fim da tarde;<\/li>\n\n\n\n<li>Durma mais cedo.<br><\/li>\n<\/ul>\n\n\n\n<p>Voc\u00ea j\u00e1 fez a sua parte durante o ano. Agora \u00e9 confian\u00e7a, tranquilidade e acreditar em voc\u00ea.<\/p>\n\n\n\n<div class=\"wp-block-group\"><div class=\"wp-block-group__inner-container is-layout-constrained wp-block-group-is-layout-constrained\">\n<div class=\"wp-block-group\"><div class=\"wp-block-group__inner-container is-layout-constrained wp-block-group-is-layout-constrained\">\n<section style=\"text-align: center;\">\n<p>Quer ficar por dentro da Faculdade Digital mais inovadora do Brasil?<\/p>\n<nav>\n<p class=\"has-background has-dark-bluish-background-color\" style=\"font-size: 25px; text-align: center; background: #f0f0f0; color: #ffffff; padding: 4px 0px 4xp 0px;\"><a style=\"color: #0d134c; text-decoration: underline;\" href=\"https:\/\/faculdade.grancursosonline.com.br\/\" target=\"_blank\" rel=\"noopener\">GRADUA\u00c7\u00c3O<\/a><\/p>\n<p class=\"has-background has-dark-bluish-background-color\" style=\"font-size: 25px; text-align: center; background: #f0f0f0; color: #ffffff; padding: 4px 0px 4xp 0px;\"><a style=\"color: #0d134c; text-decoration: underline;\" href=\"https:\/\/pos.grancursosonline.com.br\/\" target=\"_blank\" rel=\"noopener\">P\u00d3S-GRADUA\u00c7\u00c3O<\/a><\/p>\n<p class=\"has-background has-dark-bluish-background-color\" style=\"font-size: 25px; text-align: center; background: #f0f0f0; color: #ffffff; padding: 4px 0px 4xp 0px;\"><a style=\"color: #0d134c; text-decoration: underline;\" href=\"https:\/\/faculdade.grancursosonline.com.br\/nossos-cursos\/\" target=\"_blank\" rel=\"noopener\">TUDO SOBRE A GRAN FACULDADE<\/a><\/p>\n<\/nav>\n<p><strong>Receba <span style=\"color: #cf1e25;\">gratuitamente<\/span> no seu celular as principais not\u00edcias sobre a Gran Faculdade! <br \/>Clique no link abaixo e inscreva-se:<\/strong><\/p>\n<p class=\"has-background has-dark-bluish-background-color\" style=\"font-size: 25px; text-align: center; background: #f0f0f0; color: #ffffff; padding: 4px 0px 4xp 0px;\"><a style=\"color: #0d134c; text-decoration: underline;\" href=\"https:\/\/whatsapp.com\/channel\/0029VaG1sChI7Be7PNndhL43\" target=\"_blank\" rel=\"noopener noreferrer\">WHATSAPP<\/a><\/p>\n<p class=\"has-background has-dark-bluish-background-color\" style=\"font-size: 25px; text-align: center; background: #f0f0f0; color: #ffffff; padding: 4px 0px 4xp 0px;\"><a style=\"color: #0d134c; text-decoration: underline;\" href=\"https:\/\/t.me\/GranFaculdade\" target=\"_blank\" rel=\"noopener noreferrer\">TELEGRAM<\/a><\/p>\n<\/section>\n<\/div><\/div>\n<\/div><\/div>\n","protected":false},"excerpt":{"rendered":"<p>Amanh\u00e3 \u00e9 o primeiro dia de aplica\u00e7\u00e3o das provas do Enem 2025. Neste momento, voc\u00ea deve se preparar e separar o que for necess\u00e1rio levar para a prova amanh\u00e3. Confira a seguir o que fazer nesta reta final. Acompanhe pelo \u00edndice se preferir:&nbsp; Que horas come\u00e7a o Enem? Amanh\u00e3 \u00e9 o grande dia, ent\u00e3o vale&hellip;<\/p>\n","protected":false},"author":514,"featured_media":79759122,"comment_status":"open","ping_status":"open","sticky":false,"template":"","format":"standard","meta":{"_acf_changed":false,"content-type":"","footnotes":""},"categories":[1543,219790,218545,2],"tags":[],"class_list":["post-79759121","post","type-post","status-publish","format-standard","has-post-thumbnail","hentry","category-enem","category-graduacao-ead","category-graduacao","category-ultimas-noticias"],"acf":[],"yoast_head":"<!-- This site is optimized with the Yoast SEO Premium plugin v27.2 (Yoast SEO v27.2) - https:\/\/yoast.com\/product\/yoast-seo-premium-wordpress\/ -->\n<title>O primeiro dia do Enem 2025 \u00e9 amanh\u00e3: confira os \u00faltimos preparativos!<\/title>\n<meta name=\"description\" content=\"Saiba o que levar para o primeiro dia do Enem 2025, como acessar seu local de prova, hor\u00e1rios e orienta\u00e7\u00f5es para evitar imprevistos.\" \/>\n<meta name=\"robots\" content=\"index, follow, max-snippet:-1, max-image-preview:large, max-video-preview:-1\" \/>\n<link rel=\"canonical\" href=\"https:\/\/faculdade.grancursosonline.com.br\/blog\/primeiro-dia-do-enem-2025-e-amanha\/\" \/>\n<meta property=\"og:locale\" content=\"pt_BR\" \/>\n<meta property=\"og:type\" content=\"article\" \/>\n<meta property=\"og:title\" content=\"O primeiro dia do Enem 2025 \u00e9 amanh\u00e3: confira os \u00faltimos preparativos!\" \/>\n<meta property=\"og:description\" content=\"Saiba o que levar para o primeiro dia do Enem 2025, como acessar seu local de prova, hor\u00e1rios e orienta\u00e7\u00f5es para evitar imprevistos.\" \/>\n<meta property=\"og:url\" content=\"https:\/\/faculdade.grancursosonline.com.br\/blog\/primeiro-dia-do-enem-2025-e-amanha\/\" \/>\n<meta property=\"og:site_name\" content=\"Blog Gran Faculdade\" \/>\n<meta property=\"article:publisher\" content=\"https:\/\/www.facebook.com\/grancursosonline\/\" \/>\n<meta property=\"article:published_time\" content=\"2025-11-08T11:07:00+00:00\" \/>\n<meta property=\"og:image\" content=\"https:\/\/blog-es-static.infra.grancursosonline.com.br\/wp-content\/uploads\/2025\/11\/07173852\/Enem-2025-2-2.jpg\" \/>\n\t<meta property=\"og:image:width\" content=\"511\" \/>\n\t<meta property=\"og:image:height\" content=\"311\" \/>\n\t<meta property=\"og:image:type\" content=\"image\/jpeg\" \/>\n<meta name=\"author\" content=\"Guilherme Henrique\" \/>\n<meta name=\"twitter:card\" content=\"summary_large_image\" \/>\n<meta name=\"twitter:creator\" content=\"@gran_online\" \/>\n<meta name=\"twitter:site\" content=\"@gran_online\" \/>\n<meta name=\"twitter:label1\" content=\"Written by\" \/>\n\t<meta name=\"twitter:data1\" content=\"Guilherme Henrique\" \/>\n\t<meta name=\"twitter:label2\" content=\"Est. reading time\" \/>\n\t<meta name=\"twitter:data2\" content=\"4 minutos\" \/>\n<script type=\"application\/ld+json\" class=\"yoast-schema-graph\">{\"@context\":\"https:\/\/schema.org\",\"@graph\":[{\"@type\":\"NewsArticle\",\"@id\":\"https:\/\/faculdade.grancursosonline.com.br\/blog\/primeiro-dia-do-enem-2025-e-amanha\/#article\",\"isPartOf\":{\"@id\":\"https:\/\/faculdade.grancursosonline.com.br\/blog\/primeiro-dia-do-enem-2025-e-amanha\/\"},\"author\":{\"name\":\"Guilherme Henrique\",\"@id\":\"https:\/\/faculdade.grancursosonline.com.br\/blog\/#\/schema\/person\/9745f9b6db8976613c1f439dbcfe717d\"},\"headline\":\"O primeiro dia do Enem 2025 \u00e9 amanh\u00e3: confira os \u00faltimos preparativos!\",\"datePublished\":\"2025-11-08T11:07:00+00:00\",\"mainEntityOfPage\":{\"@id\":\"https:\/\/faculdade.grancursosonline.com.br\/blog\/primeiro-dia-do-enem-2025-e-amanha\/\"},\"wordCount\":497,\"commentCount\":0,\"publisher\":{\"@id\":\"https:\/\/faculdade.grancursosonline.com.br\/blog\/#organization\"},\"image\":{\"@id\":\"https:\/\/faculdade.grancursosonline.com.br\/blog\/primeiro-dia-do-enem-2025-e-amanha\/#primaryimage\"},\"thumbnailUrl\":\"https:\/\/blog-es-static.infra.grancursosonline.com.br\/wp-content\/uploads\/2025\/11\/07173833\/Enem-2025-3.jpg\",\"articleSection\":[\"ENEM\",\"Gradua\u00e7\u00e3o EAD\",\"Gradua\u00e7\u00e3o Gran Faculdade\",\"\u00daltimas Not\u00edcias\"],\"inLanguage\":\"pt-BR\",\"potentialAction\":[{\"@type\":\"CommentAction\",\"name\":\"Comment\",\"target\":[\"https:\/\/faculdade.grancursosonline.com.br\/blog\/primeiro-dia-do-enem-2025-e-amanha\/#respond\"]}],\"copyrightYear\":\"2025\",\"copyrightHolder\":{\"@id\":\"https:\/\/faculdade.grancursosonline.com.br\/blog\/#organization\"}},{\"@type\":\"WebPage\",\"@id\":\"https:\/\/faculdade.grancursosonline.com.br\/blog\/primeiro-dia-do-enem-2025-e-amanha\/\",\"url\":\"https:\/\/faculdade.grancursosonline.com.br\/blog\/primeiro-dia-do-enem-2025-e-amanha\/\",\"name\":\"O primeiro dia do Enem 2025 \u00e9 amanh\u00e3: confira os \u00faltimos preparativos!\",\"isPartOf\":{\"@id\":\"https:\/\/faculdade.grancursosonline.com.br\/blog\/#website\"},\"primaryImageOfPage\":{\"@id\":\"https:\/\/faculdade.grancursosonline.com.br\/blog\/primeiro-dia-do-enem-2025-e-amanha\/#primaryimage\"},\"image\":{\"@id\":\"https:\/\/faculdade.grancursosonline.com.br\/blog\/primeiro-dia-do-enem-2025-e-amanha\/#primaryimage\"},\"thumbnailUrl\":\"https:\/\/blog-es-static.infra.grancursosonline.com.br\/wp-content\/uploads\/2025\/11\/07173833\/Enem-2025-3.jpg\",\"datePublished\":\"2025-11-08T11:07:00+00:00\",\"description\":\"Saiba o que levar para o primeiro dia do Enem 2025, como acessar seu local de prova, hor\u00e1rios e orienta\u00e7\u00f5es para evitar imprevistos.\",\"breadcrumb\":{\"@id\":\"https:\/\/faculdade.grancursosonline.com.br\/blog\/primeiro-dia-do-enem-2025-e-amanha\/#breadcrumb\"},\"inLanguage\":\"pt-BR\",\"potentialAction\":[{\"@type\":\"ReadAction\",\"target\":[\"https:\/\/faculdade.grancursosonline.com.br\/blog\/primeiro-dia-do-enem-2025-e-amanha\/\"]}]},{\"@type\":\"ImageObject\",\"inLanguage\":\"pt-BR\",\"@id\":\"https:\/\/faculdade.grancursosonline.com.br\/blog\/primeiro-dia-do-enem-2025-e-amanha\/#primaryimage\",\"url\":\"https:\/\/blog-es-static.infra.grancursosonline.com.br\/wp-content\/uploads\/2025\/11\/07173833\/Enem-2025-3.jpg\",\"contentUrl\":\"https:\/\/blog-es-static.infra.grancursosonline.com.br\/wp-content\/uploads\/2025\/11\/07173833\/Enem-2025-3.jpg\",\"width\":1001,\"height\":601},{\"@type\":\"BreadcrumbList\",\"@id\":\"https:\/\/faculdade.grancursosonline.com.br\/blog\/primeiro-dia-do-enem-2025-e-amanha\/#breadcrumb\",\"itemListElement\":[{\"@type\":\"ListItem\",\"position\":1,\"name\":\"In\u00edcio\",\"item\":\"https:\/\/faculdade.grancursosonline.com.br\/blog\/\"},{\"@type\":\"ListItem\",\"position\":2,\"name\":\"ENEM\",\"item\":\"https:\/\/faculdade.grancursosonline.com.br\/blog\/enem\/\"},{\"@type\":\"ListItem\",\"position\":3,\"name\":\"O primeiro dia do Enem 2025 \u00e9 amanh\u00e3: confira os \u00faltimos preparativos!\"}]},{\"@type\":\"WebSite\",\"@id\":\"https:\/\/faculdade.grancursosonline.com.br\/blog\/#website\",\"url\":\"https:\/\/faculdade.grancursosonline.com.br\/blog\/\",\"name\":\"Blog Gran Faculdade\",\"description\":\"Tudo sobre ensino superior, p\u00f3s-gradua\u00e7\u00e3o, enem e carreira.\",\"publisher\":{\"@id\":\"https:\/\/faculdade.grancursosonline.com.br\/blog\/#organization\"},\"potentialAction\":[{\"@type\":\"SearchAction\",\"target\":{\"@type\":\"EntryPoint\",\"urlTemplate\":\"https:\/\/faculdade.grancursosonline.com.br\/blog\/?s={search_term_string}\"},\"query-input\":{\"@type\":\"PropertyValueSpecification\",\"valueRequired\":true,\"valueName\":\"search_term_string\"}}],\"inLanguage\":\"pt-BR\"},{\"@type\":\"Organization\",\"@id\":\"https:\/\/faculdade.grancursosonline.com.br\/blog\/#organization\",\"name\":\"Gran Cursos Online\",\"url\":\"https:\/\/faculdade.grancursosonline.com.br\/blog\/\",\"logo\":{\"@type\":\"ImageObject\",\"inLanguage\":\"pt-BR\",\"@id\":\"https:\/\/faculdade.grancursosonline.com.br\/blog\/#\/schema\/logo\/image\/\",\"url\":\"https:\/\/blog-es-static.infra.grancursosonline.com.br\/wp-content\/uploads\/2019\/08\/03123934\/logo.png\",\"contentUrl\":\"https:\/\/blog-es-static.infra.grancursosonline.com.br\/wp-content\/uploads\/2019\/08\/03123934\/logo.png\",\"width\":300,\"height\":57,\"caption\":\"Gran Cursos Online\"},\"image\":{\"@id\":\"https:\/\/faculdade.grancursosonline.com.br\/blog\/#\/schema\/logo\/image\/\"},\"sameAs\":[\"https:\/\/www.facebook.com\/grancursosonline\/\",\"https:\/\/x.com\/gran_online\",\"https:\/\/www.instagram.com\/grancursosonline\/\",\"https:\/\/www.youtube.com\/user\/grancursostv\"]},{\"@type\":\"Person\",\"@id\":\"https:\/\/faculdade.grancursosonline.com.br\/blog\/#\/schema\/person\/9745f9b6db8976613c1f439dbcfe717d\",\"name\":\"Guilherme Henrique\",\"url\":\"https:\/\/faculdade.grancursosonline.com.br\/blog\/author\/guilherme-lourenco\/\"}]}<\/script>\n<!-- \/ Yoast SEO Premium plugin. -->","yoast_head_json":{"title":"O primeiro dia do Enem 2025 \u00e9 amanh\u00e3: confira os \u00faltimos preparativos!","description":"Saiba o que levar para o primeiro dia do Enem 2025, como acessar seu local de prova, hor\u00e1rios e orienta\u00e7\u00f5es para evitar imprevistos.","robots":{"index":"index","follow":"follow","max-snippet":"max-snippet:-1","max-image-preview":"max-image-preview:large","max-video-preview":"max-video-preview:-1"},"canonical":"https:\/\/faculdade.grancursosonline.com.br\/blog\/primeiro-dia-do-enem-2025-e-amanha\/","og_locale":"pt_BR","og_type":"article","og_title":"O primeiro dia do Enem 2025 \u00e9 amanh\u00e3: confira os \u00faltimos preparativos!","og_description":"Saiba o que levar para o primeiro dia do Enem 2025, como acessar seu local de prova, hor\u00e1rios e orienta\u00e7\u00f5es para evitar imprevistos.","og_url":"https:\/\/faculdade.grancursosonline.com.br\/blog\/primeiro-dia-do-enem-2025-e-amanha\/","og_site_name":"Blog Gran Faculdade","article_publisher":"https:\/\/www.facebook.com\/grancursosonline\/","article_published_time":"2025-11-08T11:07:00+00:00","og_image":[{"width":511,"height":311,"url":"https:\/\/blog-es-static.infra.grancursosonline.com.br\/wp-content\/uploads\/2025\/11\/07173852\/Enem-2025-2-2.jpg","type":"image\/jpeg"}],"author":"Guilherme Henrique","twitter_card":"summary_large_image","twitter_creator":"@gran_online","twitter_site":"@gran_online","twitter_misc":{"Written by":"Guilherme Henrique","Est. reading time":"4 minutos"},"schema":{"@context":"https:\/\/schema.org","@graph":[{"@type":"NewsArticle","@id":"https:\/\/faculdade.grancursosonline.com.br\/blog\/primeiro-dia-do-enem-2025-e-amanha\/#article","isPartOf":{"@id":"https:\/\/faculdade.grancursosonline.com.br\/blog\/primeiro-dia-do-enem-2025-e-amanha\/"},"author":{"name":"Guilherme Henrique","@id":"https:\/\/faculdade.grancursosonline.com.br\/blog\/#\/schema\/person\/9745f9b6db8976613c1f439dbcfe717d"},"headline":"O primeiro dia do Enem 2025 \u00e9 amanh\u00e3: confira os \u00faltimos preparativos!","datePublished":"2025-11-08T11:07:00+00:00","mainEntityOfPage":{"@id":"https:\/\/faculdade.grancursosonline.com.br\/blog\/primeiro-dia-do-enem-2025-e-amanha\/"},"wordCount":497,"commentCount":0,"publisher":{"@id":"https:\/\/faculdade.grancursosonline.com.br\/blog\/#organization"},"image":{"@id":"https:\/\/faculdade.grancursosonline.com.br\/blog\/primeiro-dia-do-enem-2025-e-amanha\/#primaryimage"},"thumbnailUrl":"https:\/\/blog-es-static.infra.grancursosonline.com.br\/wp-content\/uploads\/2025\/11\/07173833\/Enem-2025-3.jpg","articleSection":["ENEM","Gradua\u00e7\u00e3o EAD","Gradua\u00e7\u00e3o Gran Faculdade","\u00daltimas Not\u00edcias"],"inLanguage":"pt-BR","potentialAction":[{"@type":"CommentAction","name":"Comment","target":["https:\/\/faculdade.grancursosonline.com.br\/blog\/primeiro-dia-do-enem-2025-e-amanha\/#respond"]}],"copyrightYear":"2025","copyrightHolder":{"@id":"https:\/\/faculdade.grancursosonline.com.br\/blog\/#organization"}},{"@type":"WebPage","@id":"https:\/\/faculdade.grancursosonline.com.br\/blog\/primeiro-dia-do-enem-2025-e-amanha\/","url":"https:\/\/faculdade.grancursosonline.com.br\/blog\/primeiro-dia-do-enem-2025-e-amanha\/","name":"O primeiro dia do Enem 2025 \u00e9 amanh\u00e3: confira os \u00faltimos preparativos!","isPartOf":{"@id":"https:\/\/faculdade.grancursosonline.com.br\/blog\/#website"},"primaryImageOfPage":{"@id":"https:\/\/faculdade.grancursosonline.com.br\/blog\/primeiro-dia-do-enem-2025-e-amanha\/#primaryimage"},"image":{"@id":"https:\/\/faculdade.grancursosonline.com.br\/blog\/primeiro-dia-do-enem-2025-e-amanha\/#primaryimage"},"thumbnailUrl":"https:\/\/blog-es-static.infra.grancursosonline.com.br\/wp-content\/uploads\/2025\/11\/07173833\/Enem-2025-3.jpg","datePublished":"2025-11-08T11:07:00+00:00","description":"Saiba o que levar para o primeiro dia do Enem 2025, como acessar seu local de prova, hor\u00e1rios e orienta\u00e7\u00f5es para evitar imprevistos.","breadcrumb":{"@id":"https:\/\/faculdade.grancursosonline.com.br\/blog\/primeiro-dia-do-enem-2025-e-amanha\/#breadcrumb"},"inLanguage":"pt-BR","potentialAction":[{"@type":"ReadAction","target":["https:\/\/faculdade.grancursosonline.com.br\/blog\/primeiro-dia-do-enem-2025-e-amanha\/"]}]},{"@type":"ImageObject","inLanguage":"pt-BR","@id":"https:\/\/faculdade.grancursosonline.com.br\/blog\/primeiro-dia-do-enem-2025-e-amanha\/#primaryimage","url":"https:\/\/blog-es-static.infra.grancursosonline.com.br\/wp-content\/uploads\/2025\/11\/07173833\/Enem-2025-3.jpg","contentUrl":"https:\/\/blog-es-static.infra.grancursosonline.com.br\/wp-content\/uploads\/2025\/11\/07173833\/Enem-2025-3.jpg","width":1001,"height":601},{"@type":"BreadcrumbList","@id":"https:\/\/faculdade.grancursosonline.com.br\/blog\/primeiro-dia-do-enem-2025-e-amanha\/#breadcrumb","itemListElement":[{"@type":"ListItem","position":1,"name":"In\u00edcio","item":"https:\/\/faculdade.grancursosonline.com.br\/blog\/"},{"@type":"ListItem","position":2,"name":"ENEM","item":"https:\/\/faculdade.grancursosonline.com.br\/blog\/enem\/"},{"@type":"ListItem","position":3,"name":"O primeiro dia do Enem 2025 \u00e9 amanh\u00e3: confira os \u00faltimos preparativos!"}]},{"@type":"WebSite","@id":"https:\/\/faculdade.grancursosonline.com.br\/blog\/#website","url":"https:\/\/faculdade.grancursosonline.com.br\/blog\/","name":"Blog Gran Faculdade","description":"Tudo sobre ensino superior, p\u00f3s-gradua\u00e7\u00e3o, enem e carreira.","publisher":{"@id":"https:\/\/faculdade.grancursosonline.com.br\/blog\/#organization"},"potentialAction":[{"@type":"SearchAction","target":{"@type":"EntryPoint","urlTemplate":"https:\/\/faculdade.grancursosonline.com.br\/blog\/?s={search_term_string}"},"query-input":{"@type":"PropertyValueSpecification","valueRequired":true,"valueName":"search_term_string"}}],"inLanguage":"pt-BR"},{"@type":"Organization","@id":"https:\/\/faculdade.grancursosonline.com.br\/blog\/#organization","name":"Gran Cursos Online","url":"https:\/\/faculdade.grancursosonline.com.br\/blog\/","logo":{"@type":"ImageObject","inLanguage":"pt-BR","@id":"https:\/\/faculdade.grancursosonline.com.br\/blog\/#\/schema\/logo\/image\/","url":"https:\/\/blog-es-static.infra.grancursosonline.com.br\/wp-content\/uploads\/2019\/08\/03123934\/logo.png","contentUrl":"https:\/\/blog-es-static.infra.grancursosonline.com.br\/wp-content\/uploads\/2019\/08\/03123934\/logo.png","width":300,"height":57,"caption":"Gran Cursos Online"},"image":{"@id":"https:\/\/faculdade.grancursosonline.com.br\/blog\/#\/schema\/logo\/image\/"},"sameAs":["https:\/\/www.facebook.com\/grancursosonline\/","https:\/\/x.com\/gran_online","https:\/\/www.instagram.com\/grancursosonline\/","https:\/\/www.youtube.com\/user\/grancursostv"]},{"@type":"Person","@id":"https:\/\/faculdade.grancursosonline.com.br\/blog\/#\/schema\/person\/9745f9b6db8976613c1f439dbcfe717d","name":"Guilherme Henrique","url":"https:\/\/faculdade.grancursosonline.com.br\/blog\/author\/guilherme-lourenco\/"}]}},"_links":{"self":[{"href":"https:\/\/faculdade.grancursosonline.com.br\/blog\/wp-json\/wp\/v2\/posts\/79759121","targetHints":{"allow":["GET"]}}],"collection":[{"href":"https:\/\/faculdade.grancursosonline.com.br\/blog\/wp-json\/wp\/v2\/posts"}],"about":[{"href":"https:\/\/faculdade.grancursosonline.com.br\/blog\/wp-json\/wp\/v2\/types\/post"}],"author":[{"embeddable":true,"href":"https:\/\/faculdade.grancursosonline.com.br\/blog\/wp-json\/wp\/v2\/users\/514"}],"replies":[{"embeddable":true,"href":"https:\/\/faculdade.grancursosonline.com.br\/blog\/wp-json\/wp\/v2\/comments?post=79759121"}],"version-history":[{"count":2,"href":"https:\/\/faculdade.grancursosonline.com.br\/blog\/wp-json\/wp\/v2\/posts\/79759121\/revisions"}],"predecessor-version":[{"id":79759126,"href":"https:\/\/faculdade.grancursosonline.com.br\/blog\/wp-json\/wp\/v2\/posts\/79759121\/revisions\/79759126"}],"wp:featuredmedia":[{"embeddable":true,"href":"https:\/\/faculdade.grancursosonline.com.br\/blog\/wp-json\/wp\/v2\/media\/79759122"}],"wp:attachment":[{"href":"https:\/\/faculdade.grancursosonline.com.br\/blog\/wp-json\/wp\/v2\/media?parent=79759121"}],"wp:term":[{"taxonomy":"category","embeddable":true,"href":"https:\/\/faculdade.grancursosonline.com.br\/blog\/wp-json\/wp\/v2\/categories?post=79759121"},{"taxonomy":"post_tag","embeddable":true,"href":"https:\/\/faculdade.grancursosonline.com.br\/blog\/wp-json\/wp\/v2\/tags?post=79759121"}],"curies":[{"name":"wp","href":"https:\/\/api.w.org\/{rel}","templated":true}]}}