{"id":79759199,"date":"2025-11-13T15:47:00","date_gmt":"2025-11-13T18:47:00","guid":{"rendered":"https:\/\/faculdade.grancursosonline.com.br\/blog\/?p=79759199"},"modified":"2025-11-14T10:41:33","modified_gmt":"2025-11-14T13:41:33","slug":"gabarito-enem-2025-primeiro-dia-publicado","status":"publish","type":"post","link":"https:\/\/faculdade.grancursosonline.com.br\/blog\/gabarito-enem-2025-primeiro-dia-publicado\/","title":{"rendered":"Gabarito do ENEM 2025 \u00e9 publicado. Confira seus acertos!"},"content":{"rendered":"\n<p>Hoje, o Inep divulgou oficialmente o gabarito Enem 2025 do primeiro dia. Diferente de edi\u00e7\u00f5es anteriores, os participantes do exame j\u00e1 podem conferir antecipadamente as respostas corretas relativas ao primeiro dia de aplica\u00e7\u00e3o.<\/p>\n\n\n\n<p>Confira onde acessar o gabarito Enem 2025 do primeiro dia e saiba como conferir\u00a0os seus acertos acompanhando o artigo na \u00edntegra, ou navegando pelo \u00edndice, se preferir:<\/p>\n\n\n\n<ul class=\"wp-block-list\">\n<li><a href=\"#h-quando-sai-o-gabarito-enem-2025\">Quando sai o gabarito Enem 2025?<\/a><\/li>\n\n\n\n<li><a href=\"#h-onde-posso-conferir-o-gabarito-enem-2025\">Onde posso conferir o gabarito Enem 2025?<\/a><\/li>\n\n\n\n<li><a href=\"#h-ja-consigo-saber-minha-nota-atraves-do-gabarito-enem-2025\">J\u00e1 consigo saber minha nota atrav\u00e9s do gabarito Enem 2025?&nbsp;<\/a><\/li>\n\n\n\n<li><a href=\"#h-quando-sai-o-gabarito-enem-2025-do-segundo-dia\">Quando sai o gabarito Enem 2025 do segundo dia?<\/a><\/li>\n<\/ul>\n\n\n\n<div class=\"wp-block-columns is-layout-flex wp-container-core-columns-is-layout-9d6595d7 wp-block-columns-is-layout-flex\">\n<div class=\"wp-block-column is-layout-flow wp-block-column-is-layout-flow\" style=\"flex-basis:100%\"><div class=\"wp-block-image\">\n<figure class=\"aligncenter size-full\"><a href=\"https:\/\/whatsapp.com\/channel\/0029VaG1sChI7Be7PNndhL43\" target=\"_blank\" rel=\"noopener\"><img decoding=\"async\" src=\"https:\/\/blog-es-static.infra.grancursosonline.com.br\/wp-content\/uploads\/2025\/09\/09112354\/banner-wp-600x142-80.webp\" alt=\"Acesse o canal do WhatsApp da Gran Faculdade\" class=\"wp-image-79751904\"\/><\/a><\/figure>\n<\/div><\/div>\n<\/div>\n\n\n\n<h2 class=\"wp-block-heading\" id=\"h-quando-sai-o-gabarito-enem-2025\"><strong>Quando sai o gabarito Enem 2025?<\/strong><br><\/h2>\n\n\n\n<p>O gabarito Enem 2025 do primeiro dia foi divulgado oficialmente hoje, quinta-feira, 13 de novembro. Diferente das edi\u00e7\u00f5es anteriores, este ano o Minist\u00e9rio da Educa\u00e7\u00e3o, atrav\u00e9s do Inep, adiantou a publica\u00e7\u00e3o do documento referente \u00e0s respostas do primeiro dia de aplica\u00e7\u00e3o.<br><\/p>\n\n\n\n<h2 class=\"wp-block-heading\" id=\"h-onde-posso-conferir-o-gabarito-enem-2025\"><strong>Onde posso conferir o gabarito Enem 2025?<\/strong><\/h2>\n\n\n\n<p>Para consultar o gabarito Enem 2025, acesse o endere\u00e7o eletr\u00f4nico: https:\/\/www.gov.br\/inep\/pt-br\/areas-de-atuacao\/avaliacao-e-exames-educacionais\/enem\/provas-e-gabaritos\/.\u00a0<\/p>\n\n\n\n<p>No site, o candidato pode visualizar as quest\u00f5es da prova e conferir o gabarito de todos os diferentes cadernos.&nbsp;<\/p>\n\n\n\n<h2 class=\"wp-block-heading\" id=\"h-ja-consigo-saber-minha-nota-atraves-do-gabarito-enem-2025-nbsp\"><strong>J\u00e1 consigo saber minha nota atrav\u00e9s do gabarito Enem 2025?&nbsp;<\/strong><br><\/h2>\n\n\n\n<p>N\u00e3o. N\u00e3o \u00e9 poss\u00edvel saber a sua nota atrav\u00e9s deste gabarito, por diversos motivos. Inicialmente, s\u00f3 consta a resposta do primeiro dia de aplica\u00e7\u00e3o do Enem 2025, tendo em vista tamb\u00e9m que o segundo dia ainda n\u00e3o ocorreu.<\/p>\n\n\n\n<p>Outro motivo, \u00e9 que para saber a nota final, \u00e9 preciso ter a pontua\u00e7\u00e3o da reda\u00e7\u00e3o, que s\u00f3 \u00e9 divulgada com o resultado final do Exame, que tem previs\u00e3o de ser publicado em janeiro de 2026.<\/p>\n\n\n\n<p>Por \u00faltimo, e n\u00e3o menos importante, o c\u00e1lculo da nota dos participantes do Enem, \u00e9 feito atrav\u00e9s da <a href=\"https:\/\/faculdade.grancursosonline.com.br\/blog\/teoria-de-resposta-ao-item\/\" target=\"_blank\" rel=\"noopener\">Teoria de Resposta ao Item<\/a> (TRI), que distribui pesos diferentes a cada quest\u00e3o, tendo como base a sua dificuldade, al\u00e9m de considerar a coer\u00eancia dos acertos em determinados temas.<\/p>\n\n\n\n<h2 class=\"wp-block-heading\" id=\"h-quando-sai-o-gabarito-enem-2025-do-segundo-dia\"><strong>Quando sai o gabarito Enem 2025 do segundo dia?<\/strong><br><\/h2>\n\n\n\n<p>Ainda n\u00e3o foi divulgada a data da publica\u00e7\u00e3o do gabarito Enem 2025 do segundo dia. A publica\u00e7\u00e3o do gabarito referente ao primeiro dia foi de grande surpresa, pois a pr\u00e1tica n\u00e3o foi realizada em anos anteriores.<\/p>\n\n\n\n<p>No entanto, a data de publica\u00e7\u00e3o do gabarito Enem 2025 do segundo dia deve ser revelada ap\u00f3s a aplica\u00e7\u00e3o, no dia 16 de novembro.&nbsp;<\/p>\n\n\n\n<p>Estas datas e mais informa\u00e7\u00f5es voc\u00ea acompanha diretamente aqui, no blog da Gran Faculdade. Portanto, continue nos acompanhando para saber todas as informa\u00e7\u00f5es do Enem 2025!<\/p>\n\n\n\n<div class=\"wp-block-group\"><div class=\"wp-block-group__inner-container is-layout-constrained wp-block-group-is-layout-constrained\">\n<div class=\"wp-block-group\"><div class=\"wp-block-group__inner-container is-layout-constrained wp-block-group-is-layout-constrained\">\n<section style=\"text-align: center;\">\n<p>Quer ficar por dentro da Faculdade Digital mais inovadora do Brasil?<\/p>\n<nav>\n<p class=\"has-background has-dark-bluish-background-color\" style=\"font-size: 25px; text-align: center; background: #f0f0f0; color: #ffffff; padding: 4px 0px 4xp 0px;\"><a style=\"color: #0d134c; text-decoration: underline;\" href=\"https:\/\/faculdade.grancursosonline.com.br\/\" target=\"_blank\" rel=\"noopener\">GRADUA\u00c7\u00c3O<\/a><\/p>\n<p class=\"has-background has-dark-bluish-background-color\" style=\"font-size: 25px; text-align: center; background: #f0f0f0; color: #ffffff; padding: 4px 0px 4xp 0px;\"><a style=\"color: #0d134c; text-decoration: underline;\" href=\"https:\/\/pos.grancursosonline.com.br\/\" target=\"_blank\" rel=\"noopener\">P\u00d3S-GRADUA\u00c7\u00c3O<\/a><\/p>\n<p class=\"has-background has-dark-bluish-background-color\" style=\"font-size: 25px; text-align: center; background: #f0f0f0; color: #ffffff; padding: 4px 0px 4xp 0px;\"><a style=\"color: #0d134c; text-decoration: underline;\" href=\"https:\/\/faculdade.grancursosonline.com.br\/nossos-cursos\/\" target=\"_blank\" rel=\"noopener\">TUDO SOBRE A GRAN FACULDADE<\/a><\/p>\n<\/nav>\n<p><strong>Receba <span style=\"color: #cf1e25;\">gratuitamente<\/span> no seu celular as principais not\u00edcias sobre a Gran Faculdade! <br \/>Clique no link abaixo e inscreva-se:<\/strong><\/p>\n<p class=\"has-background has-dark-bluish-background-color\" style=\"font-size: 25px; text-align: center; background: #f0f0f0; color: #ffffff; padding: 4px 0px 4xp 0px;\"><a style=\"color: #0d134c; text-decoration: underline;\" href=\"https:\/\/whatsapp.com\/channel\/0029VaG1sChI7Be7PNndhL43\" target=\"_blank\" rel=\"noopener noreferrer\">WHATSAPP<\/a><\/p>\n<p class=\"has-background has-dark-bluish-background-color\" style=\"font-size: 25px; text-align: center; background: #f0f0f0; color: #ffffff; padding: 4px 0px 4xp 0px;\"><a style=\"color: #0d134c; text-decoration: underline;\" href=\"https:\/\/t.me\/GranFaculdade\" target=\"_blank\" rel=\"noopener noreferrer\">TELEGRAM<\/a><\/p>\n<\/section>\n<\/div><\/div>\n<\/div><\/div>\n","protected":false},"excerpt":{"rendered":"<p>Hoje, o Inep divulgou oficialmente o gabarito Enem 2025 do primeiro dia. Diferente de edi\u00e7\u00f5es anteriores, os participantes do exame j\u00e1 podem conferir antecipadamente as respostas corretas relativas ao primeiro dia de aplica\u00e7\u00e3o. Confira onde acessar o gabarito Enem 2025 do primeiro dia e saiba como conferir\u00a0os seus acertos acompanhando o artigo na \u00edntegra, ou&hellip;<\/p>\n","protected":false},"author":514,"featured_media":79759254,"comment_status":"open","ping_status":"open","sticky":false,"template":"","format":"standard","meta":{"_acf_changed":false,"content-type":"","footnotes":""},"categories":[1543,2],"tags":[],"class_list":["post-79759199","post","type-post","status-publish","format-standard","has-post-thumbnail","hentry","category-enem","category-ultimas-noticias"],"acf":[],"yoast_head":"<!-- This site is optimized with the Yoast SEO Premium plugin v27.2 (Yoast SEO v27.2) - https:\/\/yoast.com\/product\/yoast-seo-premium-wordpress\/ -->\n<title>Gabarito do ENEM 2025 \u00e9 publicado. Confira seus acertos!<\/title>\n<meta name=\"description\" content=\"O gabarito oficial do ENEM (Exame Nacional do Ensino M\u00e9dio) foi divulgado nesta ter\u00e7a-feira, 13\/11 no site do INEP. Confira aqui as respostas das provas de Linguagens, C\u00f3digos, Ci\u00eancias Humanas e suas Tecnologias.\" \/>\n<meta name=\"robots\" content=\"index, follow, max-snippet:-1, max-image-preview:large, max-video-preview:-1\" \/>\n<link rel=\"canonical\" href=\"https:\/\/faculdade.grancursosonline.com.br\/blog\/gabarito-enem-2025-primeiro-dia-publicado\/\" \/>\n<meta property=\"og:locale\" content=\"pt_BR\" \/>\n<meta property=\"og:type\" content=\"article\" \/>\n<meta property=\"og:title\" content=\"Gabarito do ENEM 2025 \u00e9 publicado. Confira seus acertos!\" \/>\n<meta property=\"og:description\" content=\"O gabarito oficial do ENEM (Exame Nacional do Ensino M\u00e9dio) foi divulgado nesta ter\u00e7a-feira, 13\/11 no site do INEP. Confira aqui as respostas das provas de Linguagens, C\u00f3digos, Ci\u00eancias Humanas e suas Tecnologias.\" \/>\n<meta property=\"og:url\" content=\"https:\/\/faculdade.grancursosonline.com.br\/blog\/gabarito-enem-2025-primeiro-dia-publicado\/\" \/>\n<meta property=\"og:site_name\" content=\"Blog Gran Faculdade\" \/>\n<meta property=\"article:publisher\" content=\"https:\/\/www.facebook.com\/grancursosonline\/\" \/>\n<meta property=\"article:published_time\" content=\"2025-11-13T18:47:00+00:00\" \/>\n<meta property=\"article:modified_time\" content=\"2025-11-14T13:41:33+00:00\" \/>\n<meta property=\"og:image\" content=\"https:\/\/blog-es-static.infra.grancursosonline.com.br\/wp-content\/uploads\/2025\/11\/14104115\/gabarito-enem-2025-2.webp\" \/>\n\t<meta property=\"og:image:width\" content=\"1063\" \/>\n\t<meta property=\"og:image:height\" content=\"648\" \/>\n\t<meta property=\"og:image:type\" content=\"image\/webp\" \/>\n<meta name=\"author\" content=\"Guilherme Henrique\" \/>\n<meta name=\"twitter:card\" content=\"summary_large_image\" \/>\n<meta name=\"twitter:creator\" content=\"@gran_online\" \/>\n<meta name=\"twitter:site\" content=\"@gran_online\" \/>\n<meta name=\"twitter:label1\" content=\"Written by\" \/>\n\t<meta name=\"twitter:data1\" content=\"Guilherme Henrique\" \/>\n\t<meta name=\"twitter:label2\" content=\"Est. reading time\" \/>\n\t<meta name=\"twitter:data2\" content=\"7 minutos\" \/>\n<script type=\"application\/ld+json\" class=\"yoast-schema-graph\">{\"@context\":\"https:\/\/schema.org\",\"@graph\":[{\"@type\":\"NewsArticle\",\"@id\":\"https:\/\/faculdade.grancursosonline.com.br\/blog\/gabarito-enem-2025-primeiro-dia-publicado\/#article\",\"isPartOf\":{\"@id\":\"https:\/\/faculdade.grancursosonline.com.br\/blog\/gabarito-enem-2025-primeiro-dia-publicado\/\"},\"author\":{\"name\":\"Guilherme Henrique\",\"@id\":\"https:\/\/faculdade.grancursosonline.com.br\/blog\/#\/schema\/person\/9745f9b6db8976613c1f439dbcfe717d\"},\"headline\":\"Gabarito do ENEM 2025 \u00e9 publicado. Confira seus acertos!\",\"datePublished\":\"2025-11-13T18:47:00+00:00\",\"dateModified\":\"2025-11-14T13:41:33+00:00\",\"mainEntityOfPage\":{\"@id\":\"https:\/\/faculdade.grancursosonline.com.br\/blog\/gabarito-enem-2025-primeiro-dia-publicado\/\"},\"wordCount\":438,\"commentCount\":0,\"publisher\":{\"@id\":\"https:\/\/faculdade.grancursosonline.com.br\/blog\/#organization\"},\"image\":{\"@id\":\"https:\/\/faculdade.grancursosonline.com.br\/blog\/gabarito-enem-2025-primeiro-dia-publicado\/#primaryimage\"},\"thumbnailUrl\":\"https:\/\/blog-es-static.infra.grancursosonline.com.br\/wp-content\/uploads\/2025\/11\/14104044\/gabarito-Enem-2025.webp\",\"articleSection\":[\"ENEM\",\"\u00daltimas Not\u00edcias\"],\"inLanguage\":\"pt-BR\",\"potentialAction\":[{\"@type\":\"CommentAction\",\"name\":\"Comment\",\"target\":[\"https:\/\/faculdade.grancursosonline.com.br\/blog\/gabarito-enem-2025-primeiro-dia-publicado\/#respond\"]}],\"copyrightYear\":\"2025\",\"copyrightHolder\":{\"@id\":\"https:\/\/faculdade.grancursosonline.com.br\/blog\/#organization\"}},{\"@type\":\"WebPage\",\"@id\":\"https:\/\/faculdade.grancursosonline.com.br\/blog\/gabarito-enem-2025-primeiro-dia-publicado\/\",\"url\":\"https:\/\/faculdade.grancursosonline.com.br\/blog\/gabarito-enem-2025-primeiro-dia-publicado\/\",\"name\":\"Gabarito do ENEM 2025 \u00e9 publicado. Confira seus acertos!\",\"isPartOf\":{\"@id\":\"https:\/\/faculdade.grancursosonline.com.br\/blog\/#website\"},\"primaryImageOfPage\":{\"@id\":\"https:\/\/faculdade.grancursosonline.com.br\/blog\/gabarito-enem-2025-primeiro-dia-publicado\/#primaryimage\"},\"image\":{\"@id\":\"https:\/\/faculdade.grancursosonline.com.br\/blog\/gabarito-enem-2025-primeiro-dia-publicado\/#primaryimage\"},\"thumbnailUrl\":\"https:\/\/blog-es-static.infra.grancursosonline.com.br\/wp-content\/uploads\/2025\/11\/14104044\/gabarito-Enem-2025.webp\",\"datePublished\":\"2025-11-13T18:47:00+00:00\",\"dateModified\":\"2025-11-14T13:41:33+00:00\",\"description\":\"O gabarito oficial do ENEM (Exame Nacional do Ensino M\u00e9dio) foi divulgado nesta ter\u00e7a-feira, 13\/11 no site do INEP. Confira aqui as respostas das provas de Linguagens, C\u00f3digos, Ci\u00eancias Humanas e suas Tecnologias.\",\"breadcrumb\":{\"@id\":\"https:\/\/faculdade.grancursosonline.com.br\/blog\/gabarito-enem-2025-primeiro-dia-publicado\/#breadcrumb\"},\"inLanguage\":\"pt-BR\",\"potentialAction\":[{\"@type\":\"ReadAction\",\"target\":[\"https:\/\/faculdade.grancursosonline.com.br\/blog\/gabarito-enem-2025-primeiro-dia-publicado\/\"]}]},{\"@type\":\"ImageObject\",\"inLanguage\":\"pt-BR\",\"@id\":\"https:\/\/faculdade.grancursosonline.com.br\/blog\/gabarito-enem-2025-primeiro-dia-publicado\/#primaryimage\",\"url\":\"https:\/\/blog-es-static.infra.grancursosonline.com.br\/wp-content\/uploads\/2025\/11\/14104044\/gabarito-Enem-2025.webp\",\"contentUrl\":\"https:\/\/blog-es-static.infra.grancursosonline.com.br\/wp-content\/uploads\/2025\/11\/14104044\/gabarito-Enem-2025.webp\",\"width\":2084,\"height\":1251,\"caption\":\"Gabarito do ENEM 2025 \u00e9 publicado. Confira seus acertos!\"},{\"@type\":\"BreadcrumbList\",\"@id\":\"https:\/\/faculdade.grancursosonline.com.br\/blog\/gabarito-enem-2025-primeiro-dia-publicado\/#breadcrumb\",\"itemListElement\":[{\"@type\":\"ListItem\",\"position\":1,\"name\":\"In\u00edcio\",\"item\":\"https:\/\/faculdade.grancursosonline.com.br\/blog\/\"},{\"@type\":\"ListItem\",\"position\":2,\"name\":\"ENEM\",\"item\":\"https:\/\/faculdade.grancursosonline.com.br\/blog\/enem\/\"},{\"@type\":\"ListItem\",\"position\":3,\"name\":\"Gabarito do ENEM 2025 \u00e9 publicado. Confira seus acertos!\"}]},{\"@type\":\"WebSite\",\"@id\":\"https:\/\/faculdade.grancursosonline.com.br\/blog\/#website\",\"url\":\"https:\/\/faculdade.grancursosonline.com.br\/blog\/\",\"name\":\"Blog Gran Faculdade\",\"description\":\"Tudo sobre ensino superior, p\u00f3s-gradua\u00e7\u00e3o, enem e carreira.\",\"publisher\":{\"@id\":\"https:\/\/faculdade.grancursosonline.com.br\/blog\/#organization\"},\"potentialAction\":[{\"@type\":\"SearchAction\",\"target\":{\"@type\":\"EntryPoint\",\"urlTemplate\":\"https:\/\/faculdade.grancursosonline.com.br\/blog\/?s={search_term_string}\"},\"query-input\":{\"@type\":\"PropertyValueSpecification\",\"valueRequired\":true,\"valueName\":\"search_term_string\"}}],\"inLanguage\":\"pt-BR\"},{\"@type\":\"Organization\",\"@id\":\"https:\/\/faculdade.grancursosonline.com.br\/blog\/#organization\",\"name\":\"Gran Cursos Online\",\"url\":\"https:\/\/faculdade.grancursosonline.com.br\/blog\/\",\"logo\":{\"@type\":\"ImageObject\",\"inLanguage\":\"pt-BR\",\"@id\":\"https:\/\/faculdade.grancursosonline.com.br\/blog\/#\/schema\/logo\/image\/\",\"url\":\"https:\/\/blog-es-static.infra.grancursosonline.com.br\/wp-content\/uploads\/2019\/08\/03123934\/logo.png\",\"contentUrl\":\"https:\/\/blog-es-static.infra.grancursosonline.com.br\/wp-content\/uploads\/2019\/08\/03123934\/logo.png\",\"width\":300,\"height\":57,\"caption\":\"Gran Cursos Online\"},\"image\":{\"@id\":\"https:\/\/faculdade.grancursosonline.com.br\/blog\/#\/schema\/logo\/image\/\"},\"sameAs\":[\"https:\/\/www.facebook.com\/grancursosonline\/\",\"https:\/\/x.com\/gran_online\",\"https:\/\/www.instagram.com\/grancursosonline\/\",\"https:\/\/www.youtube.com\/user\/grancursostv\"]},{\"@type\":\"Person\",\"@id\":\"https:\/\/faculdade.grancursosonline.com.br\/blog\/#\/schema\/person\/9745f9b6db8976613c1f439dbcfe717d\",\"name\":\"Guilherme Henrique\",\"url\":\"https:\/\/faculdade.grancursosonline.com.br\/blog\/author\/guilherme-lourenco\/\"}]}<\/script>\n<!-- \/ Yoast SEO Premium plugin. -->","yoast_head_json":{"title":"Gabarito do ENEM 2025 \u00e9 publicado. Confira seus acertos!","description":"O gabarito oficial do ENEM (Exame Nacional do Ensino M\u00e9dio) foi divulgado nesta ter\u00e7a-feira, 13\/11 no site do INEP. Confira aqui as respostas das provas de Linguagens, C\u00f3digos, Ci\u00eancias Humanas e suas Tecnologias.","robots":{"index":"index","follow":"follow","max-snippet":"max-snippet:-1","max-image-preview":"max-image-preview:large","max-video-preview":"max-video-preview:-1"},"canonical":"https:\/\/faculdade.grancursosonline.com.br\/blog\/gabarito-enem-2025-primeiro-dia-publicado\/","og_locale":"pt_BR","og_type":"article","og_title":"Gabarito do ENEM 2025 \u00e9 publicado. Confira seus acertos!","og_description":"O gabarito oficial do ENEM (Exame Nacional do Ensino M\u00e9dio) foi divulgado nesta ter\u00e7a-feira, 13\/11 no site do INEP. Confira aqui as respostas das provas de Linguagens, C\u00f3digos, Ci\u00eancias Humanas e suas Tecnologias.","og_url":"https:\/\/faculdade.grancursosonline.com.br\/blog\/gabarito-enem-2025-primeiro-dia-publicado\/","og_site_name":"Blog Gran Faculdade","article_publisher":"https:\/\/www.facebook.com\/grancursosonline\/","article_published_time":"2025-11-13T18:47:00+00:00","article_modified_time":"2025-11-14T13:41:33+00:00","og_image":[{"width":1063,"height":648,"url":"https:\/\/blog-es-static.infra.grancursosonline.com.br\/wp-content\/uploads\/2025\/11\/14104115\/gabarito-enem-2025-2.webp","type":"image\/webp"}],"author":"Guilherme Henrique","twitter_card":"summary_large_image","twitter_creator":"@gran_online","twitter_site":"@gran_online","twitter_misc":{"Written by":"Guilherme Henrique","Est. reading time":"7 minutos"},"schema":{"@context":"https:\/\/schema.org","@graph":[{"@type":"NewsArticle","@id":"https:\/\/faculdade.grancursosonline.com.br\/blog\/gabarito-enem-2025-primeiro-dia-publicado\/#article","isPartOf":{"@id":"https:\/\/faculdade.grancursosonline.com.br\/blog\/gabarito-enem-2025-primeiro-dia-publicado\/"},"author":{"name":"Guilherme Henrique","@id":"https:\/\/faculdade.grancursosonline.com.br\/blog\/#\/schema\/person\/9745f9b6db8976613c1f439dbcfe717d"},"headline":"Gabarito do ENEM 2025 \u00e9 publicado. Confira seus acertos!","datePublished":"2025-11-13T18:47:00+00:00","dateModified":"2025-11-14T13:41:33+00:00","mainEntityOfPage":{"@id":"https:\/\/faculdade.grancursosonline.com.br\/blog\/gabarito-enem-2025-primeiro-dia-publicado\/"},"wordCount":438,"commentCount":0,"publisher":{"@id":"https:\/\/faculdade.grancursosonline.com.br\/blog\/#organization"},"image":{"@id":"https:\/\/faculdade.grancursosonline.com.br\/blog\/gabarito-enem-2025-primeiro-dia-publicado\/#primaryimage"},"thumbnailUrl":"https:\/\/blog-es-static.infra.grancursosonline.com.br\/wp-content\/uploads\/2025\/11\/14104044\/gabarito-Enem-2025.webp","articleSection":["ENEM","\u00daltimas Not\u00edcias"],"inLanguage":"pt-BR","potentialAction":[{"@type":"CommentAction","name":"Comment","target":["https:\/\/faculdade.grancursosonline.com.br\/blog\/gabarito-enem-2025-primeiro-dia-publicado\/#respond"]}],"copyrightYear":"2025","copyrightHolder":{"@id":"https:\/\/faculdade.grancursosonline.com.br\/blog\/#organization"}},{"@type":"WebPage","@id":"https:\/\/faculdade.grancursosonline.com.br\/blog\/gabarito-enem-2025-primeiro-dia-publicado\/","url":"https:\/\/faculdade.grancursosonline.com.br\/blog\/gabarito-enem-2025-primeiro-dia-publicado\/","name":"Gabarito do ENEM 2025 \u00e9 publicado. Confira seus acertos!","isPartOf":{"@id":"https:\/\/faculdade.grancursosonline.com.br\/blog\/#website"},"primaryImageOfPage":{"@id":"https:\/\/faculdade.grancursosonline.com.br\/blog\/gabarito-enem-2025-primeiro-dia-publicado\/#primaryimage"},"image":{"@id":"https:\/\/faculdade.grancursosonline.com.br\/blog\/gabarito-enem-2025-primeiro-dia-publicado\/#primaryimage"},"thumbnailUrl":"https:\/\/blog-es-static.infra.grancursosonline.com.br\/wp-content\/uploads\/2025\/11\/14104044\/gabarito-Enem-2025.webp","datePublished":"2025-11-13T18:47:00+00:00","dateModified":"2025-11-14T13:41:33+00:00","description":"O gabarito oficial do ENEM (Exame Nacional do Ensino M\u00e9dio) foi divulgado nesta ter\u00e7a-feira, 13\/11 no site do INEP. Confira aqui as respostas das provas de Linguagens, C\u00f3digos, Ci\u00eancias Humanas e suas Tecnologias.","breadcrumb":{"@id":"https:\/\/faculdade.grancursosonline.com.br\/blog\/gabarito-enem-2025-primeiro-dia-publicado\/#breadcrumb"},"inLanguage":"pt-BR","potentialAction":[{"@type":"ReadAction","target":["https:\/\/faculdade.grancursosonline.com.br\/blog\/gabarito-enem-2025-primeiro-dia-publicado\/"]}]},{"@type":"ImageObject","inLanguage":"pt-BR","@id":"https:\/\/faculdade.grancursosonline.com.br\/blog\/gabarito-enem-2025-primeiro-dia-publicado\/#primaryimage","url":"https:\/\/blog-es-static.infra.grancursosonline.com.br\/wp-content\/uploads\/2025\/11\/14104044\/gabarito-Enem-2025.webp","contentUrl":"https:\/\/blog-es-static.infra.grancursosonline.com.br\/wp-content\/uploads\/2025\/11\/14104044\/gabarito-Enem-2025.webp","width":2084,"height":1251,"caption":"Gabarito do ENEM 2025 \u00e9 publicado. Confira seus acertos!"},{"@type":"BreadcrumbList","@id":"https:\/\/faculdade.grancursosonline.com.br\/blog\/gabarito-enem-2025-primeiro-dia-publicado\/#breadcrumb","itemListElement":[{"@type":"ListItem","position":1,"name":"In\u00edcio","item":"https:\/\/faculdade.grancursosonline.com.br\/blog\/"},{"@type":"ListItem","position":2,"name":"ENEM","item":"https:\/\/faculdade.grancursosonline.com.br\/blog\/enem\/"},{"@type":"ListItem","position":3,"name":"Gabarito do ENEM 2025 \u00e9 publicado. Confira seus acertos!"}]},{"@type":"WebSite","@id":"https:\/\/faculdade.grancursosonline.com.br\/blog\/#website","url":"https:\/\/faculdade.grancursosonline.com.br\/blog\/","name":"Blog Gran Faculdade","description":"Tudo sobre ensino superior, p\u00f3s-gradua\u00e7\u00e3o, enem e carreira.","publisher":{"@id":"https:\/\/faculdade.grancursosonline.com.br\/blog\/#organization"},"potentialAction":[{"@type":"SearchAction","target":{"@type":"EntryPoint","urlTemplate":"https:\/\/faculdade.grancursosonline.com.br\/blog\/?s={search_term_string}"},"query-input":{"@type":"PropertyValueSpecification","valueRequired":true,"valueName":"search_term_string"}}],"inLanguage":"pt-BR"},{"@type":"Organization","@id":"https:\/\/faculdade.grancursosonline.com.br\/blog\/#organization","name":"Gran Cursos Online","url":"https:\/\/faculdade.grancursosonline.com.br\/blog\/","logo":{"@type":"ImageObject","inLanguage":"pt-BR","@id":"https:\/\/faculdade.grancursosonline.com.br\/blog\/#\/schema\/logo\/image\/","url":"https:\/\/blog-es-static.infra.grancursosonline.com.br\/wp-content\/uploads\/2019\/08\/03123934\/logo.png","contentUrl":"https:\/\/blog-es-static.infra.grancursosonline.com.br\/wp-content\/uploads\/2019\/08\/03123934\/logo.png","width":300,"height":57,"caption":"Gran Cursos Online"},"image":{"@id":"https:\/\/faculdade.grancursosonline.com.br\/blog\/#\/schema\/logo\/image\/"},"sameAs":["https:\/\/www.facebook.com\/grancursosonline\/","https:\/\/x.com\/gran_online","https:\/\/www.instagram.com\/grancursosonline\/","https:\/\/www.youtube.com\/user\/grancursostv"]},{"@type":"Person","@id":"https:\/\/faculdade.grancursosonline.com.br\/blog\/#\/schema\/person\/9745f9b6db8976613c1f439dbcfe717d","name":"Guilherme Henrique","url":"https:\/\/faculdade.grancursosonline.com.br\/blog\/author\/guilherme-lourenco\/"}]}},"_links":{"self":[{"href":"https:\/\/faculdade.grancursosonline.com.br\/blog\/wp-json\/wp\/v2\/posts\/79759199","targetHints":{"allow":["GET"]}}],"collection":[{"href":"https:\/\/faculdade.grancursosonline.com.br\/blog\/wp-json\/wp\/v2\/posts"}],"about":[{"href":"https:\/\/faculdade.grancursosonline.com.br\/blog\/wp-json\/wp\/v2\/types\/post"}],"author":[{"embeddable":true,"href":"https:\/\/faculdade.grancursosonline.com.br\/blog\/wp-json\/wp\/v2\/users\/514"}],"replies":[{"embeddable":true,"href":"https:\/\/faculdade.grancursosonline.com.br\/blog\/wp-json\/wp\/v2\/comments?post=79759199"}],"version-history":[{"count":7,"href":"https:\/\/faculdade.grancursosonline.com.br\/blog\/wp-json\/wp\/v2\/posts\/79759199\/revisions"}],"predecessor-version":[{"id":79759236,"href":"https:\/\/faculdade.grancursosonline.com.br\/blog\/wp-json\/wp\/v2\/posts\/79759199\/revisions\/79759236"}],"wp:featuredmedia":[{"embeddable":true,"href":"https:\/\/faculdade.grancursosonline.com.br\/blog\/wp-json\/wp\/v2\/media\/79759254"}],"wp:attachment":[{"href":"https:\/\/faculdade.grancursosonline.com.br\/blog\/wp-json\/wp\/v2\/media?parent=79759199"}],"wp:term":[{"taxonomy":"category","embeddable":true,"href":"https:\/\/faculdade.grancursosonline.com.br\/blog\/wp-json\/wp\/v2\/categories?post=79759199"},{"taxonomy":"post_tag","embeddable":true,"href":"https:\/\/faculdade.grancursosonline.com.br\/blog\/wp-json\/wp\/v2\/tags?post=79759199"}],"curies":[{"name":"wp","href":"https:\/\/api.w.org\/{rel}","templated":true}]}}