{"id":79759250,"date":"2025-11-14T08:00:00","date_gmt":"2025-11-14T11:00:00","guid":{"rendered":"https:\/\/faculdade.grancursosonline.com.br\/blog\/?p=79759250"},"modified":"2025-11-13T18:08:31","modified_gmt":"2025-11-13T21:08:31","slug":"enem-2025-segundo-dia-de-aplicacao","status":"publish","type":"post","link":"https:\/\/faculdade.grancursosonline.com.br\/blog\/enem-2025-segundo-dia-de-aplicacao\/","title":{"rendered":"Enem 2025: segundo dia de aplica\u00e7\u00e3o; como funciona?"},"content":{"rendered":"\n<p>Estamos na reta final de prepara\u00e7\u00e3o para o segundo dia do Enem 2025. Como foi o primeiro dia de aplica\u00e7\u00e3o? Voc\u00ea se saiu bem? Esperamos que sim! O Enem segundo dia \u00e9 visto como mais tranquilo, por n\u00e3o ter mais a reda\u00e7\u00e3o \u00e0 frente.&nbsp;<\/p>\n\n\n\n<p>Mas n\u00e3o \u00e9 bem assim: \u00e9 recomendado que voc\u00ea n\u00e3o abaixe a sua guarda ainda, pois o segundo dia pode ser fundamental para quem quiser seguir carreira na \u00e1rea de exatas, por exemplo.<\/p>\n\n\n\n<p>Veja como funciona o segundo dia de aplica\u00e7\u00e3o do Enem 2025 acompanhando na \u00edntegra, ou navegando pelo \u00edndice se preferir:<\/p>\n\n\n\n<ul class=\"wp-block-list\">\n<li><a href=\"#h-que-horas-abre-o-portao-no-segundo-dia-do-enem-2025\">Que horas abre o port\u00e3o no segundo dia do Enem 2025?<\/a><\/li>\n\n\n\n<li><a href=\"#h-qual-o-tempo-de-duracao-da-prova-no-segundo-dia-do-enem-2025\">Qual o tempo de dura\u00e7\u00e3o da prova no segundo dia do Enem 2025?<\/a><\/li>\n\n\n\n<li><a href=\"#h-o-que-levar-para-o-segundo-dia-do-enem-2025\">O que levar para o segundo dia do Enem 2025?<\/a><\/li>\n\n\n\n<li><a href=\"#h-quando-sai-o-gabarito-do-enem-2025\">Quando sai o gabarito do Enem 2025?<\/a><\/li>\n<\/ul>\n\n\n\n<div class=\"wp-block-columns is-layout-flex wp-container-core-columns-is-layout-9d6595d7 wp-block-columns-is-layout-flex\">\n<div class=\"wp-block-column is-layout-flow wp-block-column-is-layout-flow\" style=\"flex-basis:100%\"><div class=\"wp-block-image\">\n<figure class=\"aligncenter size-full\"><a href=\"https:\/\/whatsapp.com\/channel\/0029VaG1sChI7Be7PNndhL43\" target=\"_blank\" rel=\"noopener\"><img decoding=\"async\" src=\"https:\/\/blog-es-static.infra.grancursosonline.com.br\/wp-content\/uploads\/2025\/09\/09112354\/banner-wp-600x142-80.webp\" alt=\"Acesse o canal do WhatsApp da Gran Faculdade\" class=\"wp-image-79751904\"\/><\/a><\/figure>\n<\/div><\/div>\n<\/div>\n\n\n\n<h2 class=\"wp-block-heading\" id=\"h-que-horas-abre-o-portao-no-segundo-dia-do-enem-2025\"><strong>Que horas abre o port\u00e3o no segundo dia do Enem 2025?<\/strong><br><\/h2>\n\n\n\n<p>No segundo dia de aplica\u00e7\u00e3o do Enem 2025, os port\u00f5es abrem \u00e0s 12h e fecham \u00e0s 13h do hor\u00e1rio de Bras\u00edlia. Vale a recomenda\u00e7\u00e3o dada aos candidatos dos estados de Mato Grosso, Mato Grosso do Sul, Roraima, Rond\u00f4nia e parte do Amazonas (estados que possuem fuso) que fiquem de olho no hor\u00e1rio oficial da capital federal.<\/p>\n\n\n\n<p>Portanto, programe-se! Almoce mais cedo, e tente chegar antes da abertura do port\u00e3o para localizar sua sala com calma, guardar seus pertences e concentrar-se antes da prova.<\/p>\n\n\n\n<h2 class=\"wp-block-heading\" id=\"h-qual-o-tempo-de-duracao-da-prova-no-segundo-dia-do-enem-2025\"><strong>Qual o tempo de dura\u00e7\u00e3o da prova no segundo dia do Enem 2025?<\/strong><br><\/h2>\n\n\n\n<p>O hor\u00e1rio de aplica\u00e7\u00e3o da prova no segundo dia do Enem 2025 \u00e9 das 13h30 \u00e0s 18h30, hor\u00e1rio oficial de Bras\u00edlia. O segundo dia conta com 5 horas para realiza\u00e7\u00e3o do exame, 30 minutos a menos do que no primeiro dia, que contava com a reda\u00e7\u00e3o para ser feita.<br><\/p>\n\n\n\n<h2 class=\"wp-block-heading\" id=\"h-o-que-levar-para-o-segundo-dia-do-enem-2025\"><strong>O que levar para o segundo dia do Enem 2025?<\/strong><br><\/h2>\n\n\n\n<p>As recomenda\u00e7\u00f5es seguem as mesmas do primeiro dia. Confira:<\/p>\n\n\n\n<ul class=\"wp-block-list\">\n<li>Leve documento oficial com foto: RG, passaporte, carteira de trabalho, CNH;<\/li>\n\n\n\n<li>Leve tamb\u00e9m o seu cart\u00e3o de confirma\u00e7\u00e3o por via das d\u00favidas;<\/li>\n\n\n\n<li>Lembre-se da sua \u00e1gua, leve em uma garrafa transparente sem o r\u00f3tulo;<\/li>\n\n\n\n<li>Se poss\u00edvel, leve um lanche saud\u00e1vel tamb\u00e9m.<\/li>\n<\/ul>\n\n\n\n<p>Importante: caso precise levar o celular, desative todos os alarmes e desligue o aparelho antes de colocar no envelope que ser\u00e1 fornecido pelo fiscal. Caso o telefone do participante toque, a elimina\u00e7\u00e3o \u00e9 imediata.<\/p>\n\n\n\n<h2 class=\"wp-block-heading\" id=\"h-quando-sai-o-gabarito-do-enem-2025\"><strong>Quando sai o gabarito do Enem 2025?<\/strong><br><\/h2>\n\n\n\n<p>Neste ano, o gabarito oficial do primeiro dia do Enem foi publicado antes da data prevista. No entanto, a data de publica\u00e7\u00e3o do documento com as respostas do segundo dia ainda n\u00e3o foi passada.&nbsp;<\/p>\n\n\n\n<p>A expectativa \u00e9 de que ocorra da mesma forma do gabarito do primeiro dia, com as respostas sendo divulgadas poucos dias ap\u00f3s a aplica\u00e7\u00e3o. Esteja atento(a) aos canais oficiais do Enem e ao blog da Gran Faculdade para n\u00e3o perder nenhuma informa\u00e7\u00e3o!&nbsp;<\/p>\n\n\n\n<div class=\"wp-block-group\"><div class=\"wp-block-group__inner-container is-layout-constrained wp-block-group-is-layout-constrained\">\n<div class=\"wp-block-group\"><div class=\"wp-block-group__inner-container is-layout-constrained wp-block-group-is-layout-constrained\">\n<section style=\"text-align: center;\">\n<p>Quer ficar por dentro da Faculdade Digital mais inovadora do Brasil?<\/p>\n<nav>\n<p class=\"has-background has-dark-bluish-background-color\" style=\"font-size: 25px; text-align: center; background: #f0f0f0; color: #ffffff; padding: 4px 0px 4xp 0px;\"><a style=\"color: #0d134c; text-decoration: underline;\" href=\"https:\/\/faculdade.grancursosonline.com.br\/\" target=\"_blank\" rel=\"noopener\">GRADUA\u00c7\u00c3O<\/a><\/p>\n<p class=\"has-background has-dark-bluish-background-color\" style=\"font-size: 25px; text-align: center; background: #f0f0f0; color: #ffffff; padding: 4px 0px 4xp 0px;\"><a style=\"color: #0d134c; text-decoration: underline;\" href=\"https:\/\/pos.grancursosonline.com.br\/\" target=\"_blank\" rel=\"noopener\">P\u00d3S-GRADUA\u00c7\u00c3O<\/a><\/p>\n<p class=\"has-background has-dark-bluish-background-color\" style=\"font-size: 25px; text-align: center; background: #f0f0f0; color: #ffffff; padding: 4px 0px 4xp 0px;\"><a style=\"color: #0d134c; text-decoration: underline;\" href=\"https:\/\/faculdade.grancursosonline.com.br\/nossos-cursos\/\" target=\"_blank\" rel=\"noopener\">TUDO SOBRE A GRAN FACULDADE<\/a><\/p>\n<\/nav>\n<p><strong>Receba <span style=\"color: #cf1e25;\">gratuitamente<\/span> no seu celular as principais not\u00edcias sobre a Gran Faculdade! <br \/>Clique no link abaixo e inscreva-se:<\/strong><\/p>\n<p class=\"has-background has-dark-bluish-background-color\" style=\"font-size: 25px; text-align: center; background: #f0f0f0; color: #ffffff; padding: 4px 0px 4xp 0px;\"><a style=\"color: #0d134c; text-decoration: underline;\" href=\"https:\/\/whatsapp.com\/channel\/0029VaG1sChI7Be7PNndhL43\" target=\"_blank\" rel=\"noopener noreferrer\">WHATSAPP<\/a><\/p>\n<p class=\"has-background has-dark-bluish-background-color\" style=\"font-size: 25px; text-align: center; background: #f0f0f0; color: #ffffff; padding: 4px 0px 4xp 0px;\"><a style=\"color: #0d134c; text-decoration: underline;\" href=\"https:\/\/t.me\/GranFaculdade\" target=\"_blank\" rel=\"noopener noreferrer\">TELEGRAM<\/a><\/p>\n<\/section>\n<\/div><\/div>\n<\/div><\/div>\n","protected":false},"excerpt":{"rendered":"<p>Estamos na reta final de prepara\u00e7\u00e3o para o segundo dia do Enem 2025. Como foi o primeiro dia de aplica\u00e7\u00e3o? Voc\u00ea se saiu bem? Esperamos que sim! O Enem segundo dia \u00e9 visto como mais tranquilo, por n\u00e3o ter mais a reda\u00e7\u00e3o \u00e0 frente.&nbsp; Mas n\u00e3o \u00e9 bem assim: \u00e9 recomendado que voc\u00ea n\u00e3o abaixe&hellip;<\/p>\n","protected":false},"author":514,"featured_media":79759251,"comment_status":"open","ping_status":"open","sticky":false,"template":"","format":"standard","meta":{"_acf_changed":false,"content-type":"","footnotes":""},"categories":[1543,219790,218545,2],"tags":[],"class_list":["post-79759250","post","type-post","status-publish","format-standard","has-post-thumbnail","hentry","category-enem","category-graduacao-ead","category-graduacao","category-ultimas-noticias"],"acf":[],"yoast_head":"<!-- This site is optimized with the Yoast SEO Premium plugin v27.2 (Yoast SEO v27.2) - https:\/\/yoast.com\/product\/yoast-seo-premium-wordpress\/ -->\n<title>Enem 2025: segundo dia de aplica\u00e7\u00e3o; como funciona?<\/title>\n<meta name=\"description\" content=\"Confira informa\u00e7\u00f5es importantes sobre o segundo dia de aplica\u00e7\u00e3o do Enem 2025, hor\u00e1rios e datas previstas relacionadas ao exame.\" \/>\n<meta name=\"robots\" content=\"index, follow, max-snippet:-1, max-image-preview:large, max-video-preview:-1\" \/>\n<link rel=\"canonical\" href=\"https:\/\/faculdade.grancursosonline.com.br\/blog\/enem-2025-segundo-dia-de-aplicacao\/\" \/>\n<meta property=\"og:locale\" content=\"pt_BR\" \/>\n<meta property=\"og:type\" content=\"article\" \/>\n<meta property=\"og:title\" content=\"Enem 2025: segundo dia de aplica\u00e7\u00e3o; como funciona?\" \/>\n<meta property=\"og:description\" content=\"Confira informa\u00e7\u00f5es importantes sobre o segundo dia de aplica\u00e7\u00e3o do Enem 2025, hor\u00e1rios e datas previstas relacionadas ao exame.\" \/>\n<meta property=\"og:url\" content=\"https:\/\/faculdade.grancursosonline.com.br\/blog\/enem-2025-segundo-dia-de-aplicacao\/\" \/>\n<meta property=\"og:site_name\" content=\"Blog Gran Faculdade\" \/>\n<meta property=\"article:publisher\" content=\"https:\/\/www.facebook.com\/grancursosonline\/\" \/>\n<meta property=\"article:published_time\" content=\"2025-11-14T11:00:00+00:00\" \/>\n<meta property=\"og:image\" content=\"https:\/\/blog-es-static.infra.grancursosonline.com.br\/wp-content\/uploads\/2025\/11\/13180709\/enem-2025-segundo-dia-2.jpg\" \/>\n\t<meta property=\"og:image:width\" content=\"511\" \/>\n\t<meta property=\"og:image:height\" content=\"311\" \/>\n\t<meta property=\"og:image:type\" content=\"image\/jpeg\" \/>\n<meta name=\"author\" content=\"Guilherme Henrique\" \/>\n<meta name=\"twitter:card\" content=\"summary_large_image\" \/>\n<meta name=\"twitter:creator\" content=\"@gran_online\" \/>\n<meta name=\"twitter:site\" content=\"@gran_online\" \/>\n<meta name=\"twitter:label1\" content=\"Written by\" \/>\n\t<meta name=\"twitter:data1\" content=\"Guilherme Henrique\" \/>\n\t<meta name=\"twitter:label2\" content=\"Est. reading time\" \/>\n\t<meta name=\"twitter:data2\" content=\"4 minutos\" \/>\n<script type=\"application\/ld+json\" class=\"yoast-schema-graph\">{\"@context\":\"https:\/\/schema.org\",\"@graph\":[{\"@type\":\"NewsArticle\",\"@id\":\"https:\/\/faculdade.grancursosonline.com.br\/blog\/enem-2025-segundo-dia-de-aplicacao\/#article\",\"isPartOf\":{\"@id\":\"https:\/\/faculdade.grancursosonline.com.br\/blog\/enem-2025-segundo-dia-de-aplicacao\/\"},\"author\":{\"name\":\"Guilherme Henrique\",\"@id\":\"https:\/\/faculdade.grancursosonline.com.br\/blog\/#\/schema\/person\/9745f9b6db8976613c1f439dbcfe717d\"},\"headline\":\"Enem 2025: segundo dia de aplica\u00e7\u00e3o; como funciona?\",\"datePublished\":\"2025-11-14T11:00:00+00:00\",\"mainEntityOfPage\":{\"@id\":\"https:\/\/faculdade.grancursosonline.com.br\/blog\/enem-2025-segundo-dia-de-aplicacao\/\"},\"wordCount\":503,\"commentCount\":0,\"publisher\":{\"@id\":\"https:\/\/faculdade.grancursosonline.com.br\/blog\/#organization\"},\"image\":{\"@id\":\"https:\/\/faculdade.grancursosonline.com.br\/blog\/enem-2025-segundo-dia-de-aplicacao\/#primaryimage\"},\"thumbnailUrl\":\"https:\/\/blog-es-static.infra.grancursosonline.com.br\/wp-content\/uploads\/2025\/11\/13180652\/enem-2025-segundo-dia.jpg\",\"articleSection\":[\"ENEM\",\"Gradua\u00e7\u00e3o EAD\",\"Gradua\u00e7\u00e3o Gran Faculdade\",\"\u00daltimas Not\u00edcias\"],\"inLanguage\":\"pt-BR\",\"potentialAction\":[{\"@type\":\"CommentAction\",\"name\":\"Comment\",\"target\":[\"https:\/\/faculdade.grancursosonline.com.br\/blog\/enem-2025-segundo-dia-de-aplicacao\/#respond\"]}],\"copyrightYear\":\"2025\",\"copyrightHolder\":{\"@id\":\"https:\/\/faculdade.grancursosonline.com.br\/blog\/#organization\"}},{\"@type\":\"WebPage\",\"@id\":\"https:\/\/faculdade.grancursosonline.com.br\/blog\/enem-2025-segundo-dia-de-aplicacao\/\",\"url\":\"https:\/\/faculdade.grancursosonline.com.br\/blog\/enem-2025-segundo-dia-de-aplicacao\/\",\"name\":\"Enem 2025: segundo dia de aplica\u00e7\u00e3o; como funciona?\",\"isPartOf\":{\"@id\":\"https:\/\/faculdade.grancursosonline.com.br\/blog\/#website\"},\"primaryImageOfPage\":{\"@id\":\"https:\/\/faculdade.grancursosonline.com.br\/blog\/enem-2025-segundo-dia-de-aplicacao\/#primaryimage\"},\"image\":{\"@id\":\"https:\/\/faculdade.grancursosonline.com.br\/blog\/enem-2025-segundo-dia-de-aplicacao\/#primaryimage\"},\"thumbnailUrl\":\"https:\/\/blog-es-static.infra.grancursosonline.com.br\/wp-content\/uploads\/2025\/11\/13180652\/enem-2025-segundo-dia.jpg\",\"datePublished\":\"2025-11-14T11:00:00+00:00\",\"description\":\"Confira informa\u00e7\u00f5es importantes sobre o segundo dia de aplica\u00e7\u00e3o do Enem 2025, hor\u00e1rios e datas previstas relacionadas ao exame.\",\"breadcrumb\":{\"@id\":\"https:\/\/faculdade.grancursosonline.com.br\/blog\/enem-2025-segundo-dia-de-aplicacao\/#breadcrumb\"},\"inLanguage\":\"pt-BR\",\"potentialAction\":[{\"@type\":\"ReadAction\",\"target\":[\"https:\/\/faculdade.grancursosonline.com.br\/blog\/enem-2025-segundo-dia-de-aplicacao\/\"]}]},{\"@type\":\"ImageObject\",\"inLanguage\":\"pt-BR\",\"@id\":\"https:\/\/faculdade.grancursosonline.com.br\/blog\/enem-2025-segundo-dia-de-aplicacao\/#primaryimage\",\"url\":\"https:\/\/blog-es-static.infra.grancursosonline.com.br\/wp-content\/uploads\/2025\/11\/13180652\/enem-2025-segundo-dia.jpg\",\"contentUrl\":\"https:\/\/blog-es-static.infra.grancursosonline.com.br\/wp-content\/uploads\/2025\/11\/13180652\/enem-2025-segundo-dia.jpg\",\"width\":1001,\"height\":601,\"caption\":\"Enem 2025: segundo dia de aplica\u00e7\u00e3o; como funciona?\"},{\"@type\":\"BreadcrumbList\",\"@id\":\"https:\/\/faculdade.grancursosonline.com.br\/blog\/enem-2025-segundo-dia-de-aplicacao\/#breadcrumb\",\"itemListElement\":[{\"@type\":\"ListItem\",\"position\":1,\"name\":\"In\u00edcio\",\"item\":\"https:\/\/faculdade.grancursosonline.com.br\/blog\/\"},{\"@type\":\"ListItem\",\"position\":2,\"name\":\"ENEM\",\"item\":\"https:\/\/faculdade.grancursosonline.com.br\/blog\/enem\/\"},{\"@type\":\"ListItem\",\"position\":3,\"name\":\"Enem 2025: segundo dia de aplica\u00e7\u00e3o; como funciona?\"}]},{\"@type\":\"WebSite\",\"@id\":\"https:\/\/faculdade.grancursosonline.com.br\/blog\/#website\",\"url\":\"https:\/\/faculdade.grancursosonline.com.br\/blog\/\",\"name\":\"Blog Gran Faculdade\",\"description\":\"Tudo sobre ensino superior, p\u00f3s-gradua\u00e7\u00e3o, enem e carreira.\",\"publisher\":{\"@id\":\"https:\/\/faculdade.grancursosonline.com.br\/blog\/#organization\"},\"potentialAction\":[{\"@type\":\"SearchAction\",\"target\":{\"@type\":\"EntryPoint\",\"urlTemplate\":\"https:\/\/faculdade.grancursosonline.com.br\/blog\/?s={search_term_string}\"},\"query-input\":{\"@type\":\"PropertyValueSpecification\",\"valueRequired\":true,\"valueName\":\"search_term_string\"}}],\"inLanguage\":\"pt-BR\"},{\"@type\":\"Organization\",\"@id\":\"https:\/\/faculdade.grancursosonline.com.br\/blog\/#organization\",\"name\":\"Gran Cursos Online\",\"url\":\"https:\/\/faculdade.grancursosonline.com.br\/blog\/\",\"logo\":{\"@type\":\"ImageObject\",\"inLanguage\":\"pt-BR\",\"@id\":\"https:\/\/faculdade.grancursosonline.com.br\/blog\/#\/schema\/logo\/image\/\",\"url\":\"https:\/\/blog-es-static.infra.grancursosonline.com.br\/wp-content\/uploads\/2019\/08\/03123934\/logo.png\",\"contentUrl\":\"https:\/\/blog-es-static.infra.grancursosonline.com.br\/wp-content\/uploads\/2019\/08\/03123934\/logo.png\",\"width\":300,\"height\":57,\"caption\":\"Gran Cursos Online\"},\"image\":{\"@id\":\"https:\/\/faculdade.grancursosonline.com.br\/blog\/#\/schema\/logo\/image\/\"},\"sameAs\":[\"https:\/\/www.facebook.com\/grancursosonline\/\",\"https:\/\/x.com\/gran_online\",\"https:\/\/www.instagram.com\/grancursosonline\/\",\"https:\/\/www.youtube.com\/user\/grancursostv\"]},{\"@type\":\"Person\",\"@id\":\"https:\/\/faculdade.grancursosonline.com.br\/blog\/#\/schema\/person\/9745f9b6db8976613c1f439dbcfe717d\",\"name\":\"Guilherme Henrique\",\"url\":\"https:\/\/faculdade.grancursosonline.com.br\/blog\/author\/guilherme-lourenco\/\"}]}<\/script>\n<!-- \/ Yoast SEO Premium plugin. -->","yoast_head_json":{"title":"Enem 2025: segundo dia de aplica\u00e7\u00e3o; como funciona?","description":"Confira informa\u00e7\u00f5es importantes sobre o segundo dia de aplica\u00e7\u00e3o do Enem 2025, hor\u00e1rios e datas previstas relacionadas ao exame.","robots":{"index":"index","follow":"follow","max-snippet":"max-snippet:-1","max-image-preview":"max-image-preview:large","max-video-preview":"max-video-preview:-1"},"canonical":"https:\/\/faculdade.grancursosonline.com.br\/blog\/enem-2025-segundo-dia-de-aplicacao\/","og_locale":"pt_BR","og_type":"article","og_title":"Enem 2025: segundo dia de aplica\u00e7\u00e3o; como funciona?","og_description":"Confira informa\u00e7\u00f5es importantes sobre o segundo dia de aplica\u00e7\u00e3o do Enem 2025, hor\u00e1rios e datas previstas relacionadas ao exame.","og_url":"https:\/\/faculdade.grancursosonline.com.br\/blog\/enem-2025-segundo-dia-de-aplicacao\/","og_site_name":"Blog Gran Faculdade","article_publisher":"https:\/\/www.facebook.com\/grancursosonline\/","article_published_time":"2025-11-14T11:00:00+00:00","og_image":[{"width":511,"height":311,"url":"https:\/\/blog-es-static.infra.grancursosonline.com.br\/wp-content\/uploads\/2025\/11\/13180709\/enem-2025-segundo-dia-2.jpg","type":"image\/jpeg"}],"author":"Guilherme Henrique","twitter_card":"summary_large_image","twitter_creator":"@gran_online","twitter_site":"@gran_online","twitter_misc":{"Written by":"Guilherme Henrique","Est. reading time":"4 minutos"},"schema":{"@context":"https:\/\/schema.org","@graph":[{"@type":"NewsArticle","@id":"https:\/\/faculdade.grancursosonline.com.br\/blog\/enem-2025-segundo-dia-de-aplicacao\/#article","isPartOf":{"@id":"https:\/\/faculdade.grancursosonline.com.br\/blog\/enem-2025-segundo-dia-de-aplicacao\/"},"author":{"name":"Guilherme Henrique","@id":"https:\/\/faculdade.grancursosonline.com.br\/blog\/#\/schema\/person\/9745f9b6db8976613c1f439dbcfe717d"},"headline":"Enem 2025: segundo dia de aplica\u00e7\u00e3o; como funciona?","datePublished":"2025-11-14T11:00:00+00:00","mainEntityOfPage":{"@id":"https:\/\/faculdade.grancursosonline.com.br\/blog\/enem-2025-segundo-dia-de-aplicacao\/"},"wordCount":503,"commentCount":0,"publisher":{"@id":"https:\/\/faculdade.grancursosonline.com.br\/blog\/#organization"},"image":{"@id":"https:\/\/faculdade.grancursosonline.com.br\/blog\/enem-2025-segundo-dia-de-aplicacao\/#primaryimage"},"thumbnailUrl":"https:\/\/blog-es-static.infra.grancursosonline.com.br\/wp-content\/uploads\/2025\/11\/13180652\/enem-2025-segundo-dia.jpg","articleSection":["ENEM","Gradua\u00e7\u00e3o EAD","Gradua\u00e7\u00e3o Gran Faculdade","\u00daltimas Not\u00edcias"],"inLanguage":"pt-BR","potentialAction":[{"@type":"CommentAction","name":"Comment","target":["https:\/\/faculdade.grancursosonline.com.br\/blog\/enem-2025-segundo-dia-de-aplicacao\/#respond"]}],"copyrightYear":"2025","copyrightHolder":{"@id":"https:\/\/faculdade.grancursosonline.com.br\/blog\/#organization"}},{"@type":"WebPage","@id":"https:\/\/faculdade.grancursosonline.com.br\/blog\/enem-2025-segundo-dia-de-aplicacao\/","url":"https:\/\/faculdade.grancursosonline.com.br\/blog\/enem-2025-segundo-dia-de-aplicacao\/","name":"Enem 2025: segundo dia de aplica\u00e7\u00e3o; como funciona?","isPartOf":{"@id":"https:\/\/faculdade.grancursosonline.com.br\/blog\/#website"},"primaryImageOfPage":{"@id":"https:\/\/faculdade.grancursosonline.com.br\/blog\/enem-2025-segundo-dia-de-aplicacao\/#primaryimage"},"image":{"@id":"https:\/\/faculdade.grancursosonline.com.br\/blog\/enem-2025-segundo-dia-de-aplicacao\/#primaryimage"},"thumbnailUrl":"https:\/\/blog-es-static.infra.grancursosonline.com.br\/wp-content\/uploads\/2025\/11\/13180652\/enem-2025-segundo-dia.jpg","datePublished":"2025-11-14T11:00:00+00:00","description":"Confira informa\u00e7\u00f5es importantes sobre o segundo dia de aplica\u00e7\u00e3o do Enem 2025, hor\u00e1rios e datas previstas relacionadas ao exame.","breadcrumb":{"@id":"https:\/\/faculdade.grancursosonline.com.br\/blog\/enem-2025-segundo-dia-de-aplicacao\/#breadcrumb"},"inLanguage":"pt-BR","potentialAction":[{"@type":"ReadAction","target":["https:\/\/faculdade.grancursosonline.com.br\/blog\/enem-2025-segundo-dia-de-aplicacao\/"]}]},{"@type":"ImageObject","inLanguage":"pt-BR","@id":"https:\/\/faculdade.grancursosonline.com.br\/blog\/enem-2025-segundo-dia-de-aplicacao\/#primaryimage","url":"https:\/\/blog-es-static.infra.grancursosonline.com.br\/wp-content\/uploads\/2025\/11\/13180652\/enem-2025-segundo-dia.jpg","contentUrl":"https:\/\/blog-es-static.infra.grancursosonline.com.br\/wp-content\/uploads\/2025\/11\/13180652\/enem-2025-segundo-dia.jpg","width":1001,"height":601,"caption":"Enem 2025: segundo dia de aplica\u00e7\u00e3o; como funciona?"},{"@type":"BreadcrumbList","@id":"https:\/\/faculdade.grancursosonline.com.br\/blog\/enem-2025-segundo-dia-de-aplicacao\/#breadcrumb","itemListElement":[{"@type":"ListItem","position":1,"name":"In\u00edcio","item":"https:\/\/faculdade.grancursosonline.com.br\/blog\/"},{"@type":"ListItem","position":2,"name":"ENEM","item":"https:\/\/faculdade.grancursosonline.com.br\/blog\/enem\/"},{"@type":"ListItem","position":3,"name":"Enem 2025: segundo dia de aplica\u00e7\u00e3o; como funciona?"}]},{"@type":"WebSite","@id":"https:\/\/faculdade.grancursosonline.com.br\/blog\/#website","url":"https:\/\/faculdade.grancursosonline.com.br\/blog\/","name":"Blog Gran Faculdade","description":"Tudo sobre ensino superior, p\u00f3s-gradua\u00e7\u00e3o, enem e carreira.","publisher":{"@id":"https:\/\/faculdade.grancursosonline.com.br\/blog\/#organization"},"potentialAction":[{"@type":"SearchAction","target":{"@type":"EntryPoint","urlTemplate":"https:\/\/faculdade.grancursosonline.com.br\/blog\/?s={search_term_string}"},"query-input":{"@type":"PropertyValueSpecification","valueRequired":true,"valueName":"search_term_string"}}],"inLanguage":"pt-BR"},{"@type":"Organization","@id":"https:\/\/faculdade.grancursosonline.com.br\/blog\/#organization","name":"Gran Cursos Online","url":"https:\/\/faculdade.grancursosonline.com.br\/blog\/","logo":{"@type":"ImageObject","inLanguage":"pt-BR","@id":"https:\/\/faculdade.grancursosonline.com.br\/blog\/#\/schema\/logo\/image\/","url":"https:\/\/blog-es-static.infra.grancursosonline.com.br\/wp-content\/uploads\/2019\/08\/03123934\/logo.png","contentUrl":"https:\/\/blog-es-static.infra.grancursosonline.com.br\/wp-content\/uploads\/2019\/08\/03123934\/logo.png","width":300,"height":57,"caption":"Gran Cursos Online"},"image":{"@id":"https:\/\/faculdade.grancursosonline.com.br\/blog\/#\/schema\/logo\/image\/"},"sameAs":["https:\/\/www.facebook.com\/grancursosonline\/","https:\/\/x.com\/gran_online","https:\/\/www.instagram.com\/grancursosonline\/","https:\/\/www.youtube.com\/user\/grancursostv"]},{"@type":"Person","@id":"https:\/\/faculdade.grancursosonline.com.br\/blog\/#\/schema\/person\/9745f9b6db8976613c1f439dbcfe717d","name":"Guilherme Henrique","url":"https:\/\/faculdade.grancursosonline.com.br\/blog\/author\/guilherme-lourenco\/"}]}},"_links":{"self":[{"href":"https:\/\/faculdade.grancursosonline.com.br\/blog\/wp-json\/wp\/v2\/posts\/79759250","targetHints":{"allow":["GET"]}}],"collection":[{"href":"https:\/\/faculdade.grancursosonline.com.br\/blog\/wp-json\/wp\/v2\/posts"}],"about":[{"href":"https:\/\/faculdade.grancursosonline.com.br\/blog\/wp-json\/wp\/v2\/types\/post"}],"author":[{"embeddable":true,"href":"https:\/\/faculdade.grancursosonline.com.br\/blog\/wp-json\/wp\/v2\/users\/514"}],"replies":[{"embeddable":true,"href":"https:\/\/faculdade.grancursosonline.com.br\/blog\/wp-json\/wp\/v2\/comments?post=79759250"}],"version-history":[{"count":1,"href":"https:\/\/faculdade.grancursosonline.com.br\/blog\/wp-json\/wp\/v2\/posts\/79759250\/revisions"}],"predecessor-version":[{"id":79759253,"href":"https:\/\/faculdade.grancursosonline.com.br\/blog\/wp-json\/wp\/v2\/posts\/79759250\/revisions\/79759253"}],"wp:featuredmedia":[{"embeddable":true,"href":"https:\/\/faculdade.grancursosonline.com.br\/blog\/wp-json\/wp\/v2\/media\/79759251"}],"wp:attachment":[{"href":"https:\/\/faculdade.grancursosonline.com.br\/blog\/wp-json\/wp\/v2\/media?parent=79759250"}],"wp:term":[{"taxonomy":"category","embeddable":true,"href":"https:\/\/faculdade.grancursosonline.com.br\/blog\/wp-json\/wp\/v2\/categories?post=79759250"},{"taxonomy":"post_tag","embeddable":true,"href":"https:\/\/faculdade.grancursosonline.com.br\/blog\/wp-json\/wp\/v2\/tags?post=79759250"}],"curies":[{"name":"wp","href":"https:\/\/api.w.org\/{rel}","templated":true}]}}