{"id":79759269,"date":"2025-11-15T08:02:00","date_gmt":"2025-11-15T11:02:00","guid":{"rendered":"https:\/\/faculdade.grancursosonline.com.br\/blog\/?p=79759269"},"modified":"2025-11-14T18:23:27","modified_gmt":"2025-11-14T21:23:27","slug":"enem-2025-o-segundo-dia-de-aplicacao-prepare-se","status":"publish","type":"post","link":"https:\/\/faculdade.grancursosonline.com.br\/blog\/enem-2025-o-segundo-dia-de-aplicacao-prepare-se\/","title":{"rendered":"Enem 2025: o segundo dia de aplica\u00e7\u00e3o \u00e9 amanh\u00e3; prepare-se com a gente!"},"content":{"rendered":"\n<p>Amanh\u00e3 \u00e9 o segundo dia de aplica\u00e7\u00e3o das provas do Enem 2025. E \u00e9 aquela hora de preparar o psicol\u00f3gico e separar o que \u00e9 necess\u00e1rio levar para o dia de prova. Neste artigo vamos te ajudar a lembrar de tudo, e chegar no domingo pronto(a) para arrebentar!<\/p>\n\n\n\n<p>Acompanhe na \u00edntegra, ou navegue pelo \u00edndice se preferir:<\/p>\n\n\n\n<ul class=\"wp-block-list\">\n<li><a href=\"#h-que-horas-comeca-o-segundo-dia-de-prova-do-enem-2025\">Que horas come\u00e7a o segundo dia de prova do Enem 2025?<\/a><\/li>\n\n\n\n<li><a href=\"#h-o-local-de-prova-e-o-mesmo-do-primeiro-dia-do-enem-2025\">O local de prova \u00e9 o mesmo do primeiro dia do Enem 2025?<\/a><\/li>\n\n\n\n<li><a href=\"#h-o-que-levar-para-o-segundo-dia-do-enem-2025\">O que levar para o segundo dia do Enem 2025?<\/a><\/li>\n\n\n\n<li><a href=\"#h-que-horas-posso-sair-com-o-caderno-de-questoes-do-enem-2025\">Que horas posso sair com o caderno de quest\u00f5es do Enem 2025?<\/a><\/li>\n\n\n\n<li><a href=\"#h-como-se-preparar-no-dia-anterior-a-prova\">Como se preparar no dia anterior \u00e0 prova?<br><\/a><\/li>\n<\/ul>\n\n\n\n<div class=\"wp-block-columns is-layout-flex wp-container-core-columns-is-layout-9d6595d7 wp-block-columns-is-layout-flex\">\n<div class=\"wp-block-column is-layout-flow wp-block-column-is-layout-flow\" style=\"flex-basis:100%\"><div class=\"wp-block-image\">\n<figure class=\"aligncenter size-full\"><a href=\"https:\/\/whatsapp.com\/channel\/0029VaG1sChI7Be7PNndhL43\" target=\"_blank\" rel=\"noopener\"><img decoding=\"async\" src=\"https:\/\/blog-es-static.infra.grancursosonline.com.br\/wp-content\/uploads\/2025\/09\/09112354\/banner-wp-600x142-80.webp\" alt=\"Acesse o canal do WhatsApp da Gran Faculdade\" class=\"wp-image-79751904\"\/><\/a><\/figure>\n<\/div><\/div>\n<\/div>\n\n\n\n<h2 class=\"wp-block-heading\" id=\"h-que-horas-comeca-o-segundo-dia-de-prova-do-enem-2025\"><strong>Que horas come\u00e7a o segundo dia de prova do Enem 2025?<\/strong><br><\/h2>\n\n\n\n<p>O hor\u00e1rio de aplica\u00e7\u00e3o do segundo dia do Enem 2025 \u00e9 das 13h30 at\u00e9 \u00e0s 18h30 no hor\u00e1rio de Bras\u00edlia. Os port\u00f5es abrem \u00e0s 12h, fechando \u00e0s 13h em ponto.&nbsp;<\/p>\n\n\n\n<p>Todos os hor\u00e1rios seguem o hor\u00e1rio oficial de Bras\u00edlia, desse modo, esteja atento ao hor\u00e1rio equivalente na sua regi\u00e3o. O segundo dia do Enem 2025 ter\u00e1 5 horas dispon\u00edveis para realiza\u00e7\u00e3o da prova.&nbsp;<\/p>\n\n\n\n<h2 class=\"wp-block-heading\" id=\"h-o-local-de-prova-e-o-mesmo-do-primeiro-dia-do-enem-2025\"><strong>O local de prova \u00e9 o mesmo do primeiro dia do Enem 2025?<\/strong><br><\/h2>\n\n\n\n<p>Sim! O local de prova do segundo dia \u00e9 o mesmo do primeiro dia. Ou seja, a sua prova ser\u00e1 aplicada na mesma sala onde foi no domingo, dia 9. O local de prova muda somente em casos de imprevistos ou situa\u00e7\u00f5es pontuais.&nbsp;<\/p>\n\n\n\n<p>\u00c9 recomendado que esteja com seu cart\u00e3o de confirma\u00e7\u00e3o em m\u00e3os, para localizar facilmente o n\u00famero da sua sala.<\/p>\n\n\n\n<h2 class=\"wp-block-heading\" id=\"h-o-que-levar-para-o-segundo-dia-do-enem-2025\"><strong>O que levar para o segundo dia do Enem 2025?<\/strong><br><\/h2>\n\n\n\n<p>Assim como no primeiro dia, para o segundo dia do Enem voc\u00ea precisa levar alguns itens obrigat\u00f3rios. Confira a lista para n\u00e3o ter problemas na entrada:<\/p>\n\n\n\n<ul class=\"wp-block-list\">\n<li><strong>Cart\u00e3o de confirma\u00e7\u00e3o de inscri\u00e7\u00e3o<\/strong>, preferencialmente impresso, com as informa\u00e7\u00f5es do seu local de prova (o mesmo do primeiro domingo);<\/li>\n\n\n\n<li><strong>Documento oficial com foto<\/strong>, como RG, CNH, Passaporte ou Carteira de Trabalho;<\/li>\n\n\n\n<li><strong>Caneta esferogr\u00e1fica preta com corpo transparente<\/strong>: leve uma extra para garantir;<\/li>\n\n\n\n<li>Garrafa de \u00e1gua transparente e sem r\u00f3tulo;<\/li>\n\n\n\n<li><strong>Lanches simples<\/strong> como frutas, barrinhas e biscoitos. As embalagens devem ser transparentes e podem ser verificadas pelos fiscais;<\/li>\n<\/ul>\n\n\n\n<p>Caso precise tomar algum rem\u00e9dio durante o exame, leve a receita e converse antes com a equipe aplicadora. Durante a prova voc\u00ea n\u00e3o pode acessar a mochila, ent\u00e3o alinhar tudo antes \u00e9 bom para evitar problemas.<\/p>\n\n\n\n<h2 class=\"wp-block-heading\" id=\"h-que-horas-posso-sair-com-o-caderno-de-questoes-do-enem-2025\"><strong>Que horas posso sair com o caderno de quest\u00f5es do Enem 2025?<\/strong><\/h2>\n\n\n\n<p>No segundo dia de provas do Enem 2025, \u00e9 permitida a sa\u00edda com o caderno de quest\u00f5es somente a partir das 18h. J\u00e1 a sa\u00edda sem o caderno \u00e9 permitida a partir das 15h30.<br><\/p>\n\n\n\n<h2 class=\"wp-block-heading\" id=\"h-como-se-preparar-no-dia-anterior-a-prova\"><strong>Como se preparar no dia anterior \u00e0 prova?<\/strong><br><\/h2>\n\n\n\n<p>Na v\u00e9spera do segundo dia do Enem, a melhor estrat\u00e9gia \u00e9 cuidar de voc\u00ea mesmo. N\u00e3o \u00e9 dia de tentar aprender algo novo, ou de fazer grandes revis\u00f5es, mas sim de deixar a mente e corpo prontos para o grande dia. Uma boa prepara\u00e7\u00e3o agora pode fazer toda a diferen\u00e7a no seu desempenho amanh\u00e3.<\/p>\n\n\n\n<p>Confira algumas dicas simples e pr\u00e1ticas para te ajudar:<\/p>\n\n\n\n<p><strong>Organize tudo o que vai levar<\/strong><\/p>\n\n\n\n<ul class=\"wp-block-list\">\n<li>Separe documento, caneta preta extra, lanche e \u00e1gua;<\/li>\n\n\n\n<li>Deixe tudo dentro da mochila para evitar correrias pela manh\u00e3.<br><\/li>\n<\/ul>\n\n\n\n<p><strong>Revise apenas o b\u00e1sico<\/strong><\/p>\n\n\n\n<ul class=\"wp-block-list\">\n<li>D\u00ea uma olhada leve no que voc\u00ea j\u00e1 sabe, sem estudar assuntos novos;<\/li>\n\n\n\n<li>Relembre estrat\u00e9gias de leitura e de controle de tempo.<br><\/li>\n<\/ul>\n\n\n\n<p><strong>Descanse de verdade<\/strong><\/p>\n\n\n\n<ul class=\"wp-block-list\">\n<li>Evite telas \u00e0 noite e tente relaxar com algo leve e que voc\u00ea goste de fazer;<\/li>\n\n\n\n<li>Fa\u00e7a um jantar tranquilo e busque dormir mais cedo.<br><\/li>\n<\/ul>\n\n\n\n<p><strong>Cuide do seu corpo<\/strong><\/p>\n\n\n\n<ul class=\"wp-block-list\">\n<li>Beba bastante \u00e1gua ao longo do dia;<\/li>\n\n\n\n<li>Fa\u00e7a alongamentos ou uma caminhada leve, s\u00f3 para reduzir a tens\u00e3o.<br><\/li>\n<\/ul>\n\n\n\n<p><strong>Verifique seu trajeto e hor\u00e1rio<\/strong><\/p>\n\n\n\n<ul class=\"wp-block-list\">\n<li>Relembre o local de prova e quanto tempo leva at\u00e9 l\u00e1;<\/li>\n\n\n\n<li>Defina o hor\u00e1rio em que vai sair de casa.<br><\/li>\n<\/ul>\n\n\n\n<p><strong>Separe uma roupa confort\u00e1vel<\/strong><\/p>\n\n\n\n<ul class=\"wp-block-list\">\n<li>Escolha algo leve e que te deixe \u00e0 vontade para ficar sentado por algumas horas.<br><\/li>\n<\/ul>\n\n\n\n<p><strong>Evite ansiedade desnecess\u00e1ria<\/strong><\/p>\n\n\n\n<ul class=\"wp-block-list\">\n<li>Afaste-se de conversas que s\u00f3 aumentam o nervosismo;<\/li>\n\n\n\n<li>Lembre-se de que voc\u00ea j\u00e1 fez a sua parte at\u00e9 aqui.<br><\/li>\n<\/ul>\n\n\n\n<p><strong><br><\/strong>No fim das contas, o dia anterior ao Enem \u00e9 sobre equil\u00edbrio. Prepare o necess\u00e1rio, cuide de voc\u00ea e tente descansar. Assim, voc\u00ea chega amanh\u00e3 mais calmo, focado e pronto para dar o seu melhor. Boa prova!&nbsp;<\/p>\n\n\n\n<div class=\"wp-block-group\"><div class=\"wp-block-group__inner-container is-layout-constrained wp-block-group-is-layout-constrained\">\n<div class=\"wp-block-group\"><div class=\"wp-block-group__inner-container is-layout-constrained wp-block-group-is-layout-constrained\">\n<section style=\"text-align: center;\">\n<p>Quer ficar por dentro da Faculdade Digital mais inovadora do Brasil?<\/p>\n<nav>\n<p class=\"has-background has-dark-bluish-background-color\" style=\"font-size: 25px; text-align: center; background: #f0f0f0; color: #ffffff; padding: 4px 0px 4xp 0px;\"><a style=\"color: #0d134c; text-decoration: underline;\" href=\"https:\/\/faculdade.grancursosonline.com.br\/\" target=\"_blank\" rel=\"noopener\">GRADUA\u00c7\u00c3O<\/a><\/p>\n<p class=\"has-background has-dark-bluish-background-color\" style=\"font-size: 25px; text-align: center; background: #f0f0f0; color: #ffffff; padding: 4px 0px 4xp 0px;\"><a style=\"color: #0d134c; text-decoration: underline;\" href=\"https:\/\/pos.grancursosonline.com.br\/\" target=\"_blank\" rel=\"noopener\">P\u00d3S-GRADUA\u00c7\u00c3O<\/a><\/p>\n<p class=\"has-background has-dark-bluish-background-color\" style=\"font-size: 25px; text-align: center; background: #f0f0f0; color: #ffffff; padding: 4px 0px 4xp 0px;\"><a style=\"color: #0d134c; text-decoration: underline;\" href=\"https:\/\/faculdade.grancursosonline.com.br\/nossos-cursos\/\" target=\"_blank\" rel=\"noopener\">TUDO SOBRE A GRAN FACULDADE<\/a><\/p>\n<\/nav>\n<p><strong>Receba <span style=\"color: #cf1e25;\">gratuitamente<\/span> no seu celular as principais not\u00edcias sobre a Gran Faculdade! <br \/>Clique no link abaixo e inscreva-se:<\/strong><\/p>\n<p class=\"has-background has-dark-bluish-background-color\" style=\"font-size: 25px; text-align: center; background: #f0f0f0; color: #ffffff; padding: 4px 0px 4xp 0px;\"><a style=\"color: #0d134c; text-decoration: underline;\" href=\"https:\/\/whatsapp.com\/channel\/0029VaG1sChI7Be7PNndhL43\" target=\"_blank\" rel=\"noopener noreferrer\">WHATSAPP<\/a><\/p>\n<p class=\"has-background has-dark-bluish-background-color\" style=\"font-size: 25px; text-align: center; background: #f0f0f0; color: #ffffff; padding: 4px 0px 4xp 0px;\"><a style=\"color: #0d134c; text-decoration: underline;\" href=\"https:\/\/t.me\/GranFaculdade\" target=\"_blank\" rel=\"noopener noreferrer\">TELEGRAM<\/a><\/p>\n<\/section>\n<\/div><\/div>\n<\/div><\/div>\n","protected":false},"excerpt":{"rendered":"<p>Amanh\u00e3 \u00e9 o segundo dia de aplica\u00e7\u00e3o das provas do Enem 2025. E \u00e9 aquela hora de preparar o psicol\u00f3gico e separar o que \u00e9 necess\u00e1rio levar para o dia de prova. Neste artigo vamos te ajudar a lembrar de tudo, e chegar no domingo pronto(a) para arrebentar! Acompanhe na \u00edntegra, ou navegue pelo \u00edndice&hellip;<\/p>\n","protected":false},"author":514,"featured_media":79759270,"comment_status":"open","ping_status":"open","sticky":false,"template":"","format":"standard","meta":{"_acf_changed":false,"content-type":"","footnotes":""},"categories":[1543,219790,218545,2],"tags":[],"class_list":["post-79759269","post","type-post","status-publish","format-standard","has-post-thumbnail","hentry","category-enem","category-graduacao-ead","category-graduacao","category-ultimas-noticias"],"acf":[],"yoast_head":"<!-- This site is optimized with the Yoast SEO Premium plugin v27.2 (Yoast SEO v27.2) - https:\/\/yoast.com\/product\/yoast-seo-premium-wordpress\/ -->\n<title>Enem 2025: o segundo dia de aplica\u00e7\u00e3o \u00e9 amanh\u00e3; prepare-se com a gente!<\/title>\n<meta name=\"description\" content=\"Vai fazer o segundo dia do Enem 2025? Confira hor\u00e1rios, documentos obrigat\u00f3rios, itens permitidos e dicas para se preparar para a prova.\" \/>\n<meta name=\"robots\" content=\"index, follow, max-snippet:-1, max-image-preview:large, max-video-preview:-1\" \/>\n<link rel=\"canonical\" href=\"https:\/\/faculdade.grancursosonline.com.br\/blog\/enem-2025-o-segundo-dia-de-aplicacao-prepare-se\/\" \/>\n<meta property=\"og:locale\" content=\"pt_BR\" \/>\n<meta property=\"og:type\" content=\"article\" \/>\n<meta property=\"og:title\" content=\"Enem 2025: o segundo dia de aplica\u00e7\u00e3o \u00e9 amanh\u00e3; prepare-se com a gente!\" \/>\n<meta property=\"og:description\" content=\"Vai fazer o segundo dia do Enem 2025? Confira hor\u00e1rios, documentos obrigat\u00f3rios, itens permitidos e dicas para se preparar para a prova.\" \/>\n<meta property=\"og:url\" content=\"https:\/\/faculdade.grancursosonline.com.br\/blog\/enem-2025-o-segundo-dia-de-aplicacao-prepare-se\/\" \/>\n<meta property=\"og:site_name\" content=\"Blog Gran Faculdade\" \/>\n<meta property=\"article:publisher\" content=\"https:\/\/www.facebook.com\/grancursosonline\/\" \/>\n<meta property=\"article:published_time\" content=\"2025-11-15T11:02:00+00:00\" \/>\n<meta property=\"og:image\" content=\"https:\/\/blog-es-static.infra.grancursosonline.com.br\/wp-content\/uploads\/2025\/11\/14182054\/Enem-2025-segundo-dia-2-1.jpg\" \/>\n\t<meta property=\"og:image:width\" content=\"511\" \/>\n\t<meta property=\"og:image:height\" content=\"311\" \/>\n\t<meta property=\"og:image:type\" content=\"image\/jpeg\" \/>\n<meta name=\"author\" content=\"Guilherme Henrique\" \/>\n<meta name=\"twitter:card\" content=\"summary_large_image\" \/>\n<meta name=\"twitter:creator\" content=\"@gran_online\" \/>\n<meta name=\"twitter:site\" content=\"@gran_online\" \/>\n<meta name=\"twitter:label1\" content=\"Written by\" \/>\n\t<meta name=\"twitter:data1\" content=\"Guilherme Henrique\" \/>\n\t<meta name=\"twitter:label2\" content=\"Est. reading time\" \/>\n\t<meta name=\"twitter:data2\" content=\"5 minutos\" \/>\n<script type=\"application\/ld+json\" class=\"yoast-schema-graph\">{\"@context\":\"https:\/\/schema.org\",\"@graph\":[{\"@type\":\"NewsArticle\",\"@id\":\"https:\/\/faculdade.grancursosonline.com.br\/blog\/enem-2025-o-segundo-dia-de-aplicacao-prepare-se\/#article\",\"isPartOf\":{\"@id\":\"https:\/\/faculdade.grancursosonline.com.br\/blog\/enem-2025-o-segundo-dia-de-aplicacao-prepare-se\/\"},\"author\":{\"name\":\"Guilherme Henrique\",\"@id\":\"https:\/\/faculdade.grancursosonline.com.br\/blog\/#\/schema\/person\/9745f9b6db8976613c1f439dbcfe717d\"},\"headline\":\"Enem 2025: o segundo dia de aplica\u00e7\u00e3o \u00e9 amanh\u00e3; prepare-se com a gente!\",\"datePublished\":\"2025-11-15T11:02:00+00:00\",\"mainEntityOfPage\":{\"@id\":\"https:\/\/faculdade.grancursosonline.com.br\/blog\/enem-2025-o-segundo-dia-de-aplicacao-prepare-se\/\"},\"wordCount\":761,\"commentCount\":0,\"publisher\":{\"@id\":\"https:\/\/faculdade.grancursosonline.com.br\/blog\/#organization\"},\"image\":{\"@id\":\"https:\/\/faculdade.grancursosonline.com.br\/blog\/enem-2025-o-segundo-dia-de-aplicacao-prepare-se\/#primaryimage\"},\"thumbnailUrl\":\"https:\/\/blog-es-static.infra.grancursosonline.com.br\/wp-content\/uploads\/2025\/11\/14182016\/Enem-2025-segundo-dia-1.jpg\",\"articleSection\":[\"ENEM\",\"Gradua\u00e7\u00e3o EAD\",\"Gradua\u00e7\u00e3o Gran Faculdade\",\"\u00daltimas Not\u00edcias\"],\"inLanguage\":\"pt-BR\",\"potentialAction\":[{\"@type\":\"CommentAction\",\"name\":\"Comment\",\"target\":[\"https:\/\/faculdade.grancursosonline.com.br\/blog\/enem-2025-o-segundo-dia-de-aplicacao-prepare-se\/#respond\"]}],\"copyrightYear\":\"2025\",\"copyrightHolder\":{\"@id\":\"https:\/\/faculdade.grancursosonline.com.br\/blog\/#organization\"}},{\"@type\":\"WebPage\",\"@id\":\"https:\/\/faculdade.grancursosonline.com.br\/blog\/enem-2025-o-segundo-dia-de-aplicacao-prepare-se\/\",\"url\":\"https:\/\/faculdade.grancursosonline.com.br\/blog\/enem-2025-o-segundo-dia-de-aplicacao-prepare-se\/\",\"name\":\"Enem 2025: o segundo dia de aplica\u00e7\u00e3o \u00e9 amanh\u00e3; prepare-se com a gente!\",\"isPartOf\":{\"@id\":\"https:\/\/faculdade.grancursosonline.com.br\/blog\/#website\"},\"primaryImageOfPage\":{\"@id\":\"https:\/\/faculdade.grancursosonline.com.br\/blog\/enem-2025-o-segundo-dia-de-aplicacao-prepare-se\/#primaryimage\"},\"image\":{\"@id\":\"https:\/\/faculdade.grancursosonline.com.br\/blog\/enem-2025-o-segundo-dia-de-aplicacao-prepare-se\/#primaryimage\"},\"thumbnailUrl\":\"https:\/\/blog-es-static.infra.grancursosonline.com.br\/wp-content\/uploads\/2025\/11\/14182016\/Enem-2025-segundo-dia-1.jpg\",\"datePublished\":\"2025-11-15T11:02:00+00:00\",\"description\":\"Vai fazer o segundo dia do Enem 2025? Confira hor\u00e1rios, documentos obrigat\u00f3rios, itens permitidos e dicas para se preparar para a prova.\",\"breadcrumb\":{\"@id\":\"https:\/\/faculdade.grancursosonline.com.br\/blog\/enem-2025-o-segundo-dia-de-aplicacao-prepare-se\/#breadcrumb\"},\"inLanguage\":\"pt-BR\",\"potentialAction\":[{\"@type\":\"ReadAction\",\"target\":[\"https:\/\/faculdade.grancursosonline.com.br\/blog\/enem-2025-o-segundo-dia-de-aplicacao-prepare-se\/\"]}]},{\"@type\":\"ImageObject\",\"inLanguage\":\"pt-BR\",\"@id\":\"https:\/\/faculdade.grancursosonline.com.br\/blog\/enem-2025-o-segundo-dia-de-aplicacao-prepare-se\/#primaryimage\",\"url\":\"https:\/\/blog-es-static.infra.grancursosonline.com.br\/wp-content\/uploads\/2025\/11\/14182016\/Enem-2025-segundo-dia-1.jpg\",\"contentUrl\":\"https:\/\/blog-es-static.infra.grancursosonline.com.br\/wp-content\/uploads\/2025\/11\/14182016\/Enem-2025-segundo-dia-1.jpg\",\"width\":1001,\"height\":601,\"caption\":\"Enem 2025: o segundo dia de aplica\u00e7\u00e3o \u00e9 amanh\u00e3; prepare-se com a gente!\"},{\"@type\":\"BreadcrumbList\",\"@id\":\"https:\/\/faculdade.grancursosonline.com.br\/blog\/enem-2025-o-segundo-dia-de-aplicacao-prepare-se\/#breadcrumb\",\"itemListElement\":[{\"@type\":\"ListItem\",\"position\":1,\"name\":\"In\u00edcio\",\"item\":\"https:\/\/faculdade.grancursosonline.com.br\/blog\/\"},{\"@type\":\"ListItem\",\"position\":2,\"name\":\"ENEM\",\"item\":\"https:\/\/faculdade.grancursosonline.com.br\/blog\/enem\/\"},{\"@type\":\"ListItem\",\"position\":3,\"name\":\"Enem 2025: o segundo dia de aplica\u00e7\u00e3o \u00e9 amanh\u00e3; prepare-se com a gente!\"}]},{\"@type\":\"WebSite\",\"@id\":\"https:\/\/faculdade.grancursosonline.com.br\/blog\/#website\",\"url\":\"https:\/\/faculdade.grancursosonline.com.br\/blog\/\",\"name\":\"Blog Gran Faculdade\",\"description\":\"Tudo sobre ensino superior, p\u00f3s-gradua\u00e7\u00e3o, enem e carreira.\",\"publisher\":{\"@id\":\"https:\/\/faculdade.grancursosonline.com.br\/blog\/#organization\"},\"potentialAction\":[{\"@type\":\"SearchAction\",\"target\":{\"@type\":\"EntryPoint\",\"urlTemplate\":\"https:\/\/faculdade.grancursosonline.com.br\/blog\/?s={search_term_string}\"},\"query-input\":{\"@type\":\"PropertyValueSpecification\",\"valueRequired\":true,\"valueName\":\"search_term_string\"}}],\"inLanguage\":\"pt-BR\"},{\"@type\":\"Organization\",\"@id\":\"https:\/\/faculdade.grancursosonline.com.br\/blog\/#organization\",\"name\":\"Gran Cursos Online\",\"url\":\"https:\/\/faculdade.grancursosonline.com.br\/blog\/\",\"logo\":{\"@type\":\"ImageObject\",\"inLanguage\":\"pt-BR\",\"@id\":\"https:\/\/faculdade.grancursosonline.com.br\/blog\/#\/schema\/logo\/image\/\",\"url\":\"https:\/\/blog-es-static.infra.grancursosonline.com.br\/wp-content\/uploads\/2019\/08\/03123934\/logo.png\",\"contentUrl\":\"https:\/\/blog-es-static.infra.grancursosonline.com.br\/wp-content\/uploads\/2019\/08\/03123934\/logo.png\",\"width\":300,\"height\":57,\"caption\":\"Gran Cursos Online\"},\"image\":{\"@id\":\"https:\/\/faculdade.grancursosonline.com.br\/blog\/#\/schema\/logo\/image\/\"},\"sameAs\":[\"https:\/\/www.facebook.com\/grancursosonline\/\",\"https:\/\/x.com\/gran_online\",\"https:\/\/www.instagram.com\/grancursosonline\/\",\"https:\/\/www.youtube.com\/user\/grancursostv\"]},{\"@type\":\"Person\",\"@id\":\"https:\/\/faculdade.grancursosonline.com.br\/blog\/#\/schema\/person\/9745f9b6db8976613c1f439dbcfe717d\",\"name\":\"Guilherme Henrique\",\"url\":\"https:\/\/faculdade.grancursosonline.com.br\/blog\/author\/guilherme-lourenco\/\"}]}<\/script>\n<!-- \/ Yoast SEO Premium plugin. -->","yoast_head_json":{"title":"Enem 2025: o segundo dia de aplica\u00e7\u00e3o \u00e9 amanh\u00e3; prepare-se com a gente!","description":"Vai fazer o segundo dia do Enem 2025? Confira hor\u00e1rios, documentos obrigat\u00f3rios, itens permitidos e dicas para se preparar para a prova.","robots":{"index":"index","follow":"follow","max-snippet":"max-snippet:-1","max-image-preview":"max-image-preview:large","max-video-preview":"max-video-preview:-1"},"canonical":"https:\/\/faculdade.grancursosonline.com.br\/blog\/enem-2025-o-segundo-dia-de-aplicacao-prepare-se\/","og_locale":"pt_BR","og_type":"article","og_title":"Enem 2025: o segundo dia de aplica\u00e7\u00e3o \u00e9 amanh\u00e3; prepare-se com a gente!","og_description":"Vai fazer o segundo dia do Enem 2025? Confira hor\u00e1rios, documentos obrigat\u00f3rios, itens permitidos e dicas para se preparar para a prova.","og_url":"https:\/\/faculdade.grancursosonline.com.br\/blog\/enem-2025-o-segundo-dia-de-aplicacao-prepare-se\/","og_site_name":"Blog Gran Faculdade","article_publisher":"https:\/\/www.facebook.com\/grancursosonline\/","article_published_time":"2025-11-15T11:02:00+00:00","og_image":[{"width":511,"height":311,"url":"https:\/\/blog-es-static.infra.grancursosonline.com.br\/wp-content\/uploads\/2025\/11\/14182054\/Enem-2025-segundo-dia-2-1.jpg","type":"image\/jpeg"}],"author":"Guilherme Henrique","twitter_card":"summary_large_image","twitter_creator":"@gran_online","twitter_site":"@gran_online","twitter_misc":{"Written by":"Guilherme Henrique","Est. reading time":"5 minutos"},"schema":{"@context":"https:\/\/schema.org","@graph":[{"@type":"NewsArticle","@id":"https:\/\/faculdade.grancursosonline.com.br\/blog\/enem-2025-o-segundo-dia-de-aplicacao-prepare-se\/#article","isPartOf":{"@id":"https:\/\/faculdade.grancursosonline.com.br\/blog\/enem-2025-o-segundo-dia-de-aplicacao-prepare-se\/"},"author":{"name":"Guilherme Henrique","@id":"https:\/\/faculdade.grancursosonline.com.br\/blog\/#\/schema\/person\/9745f9b6db8976613c1f439dbcfe717d"},"headline":"Enem 2025: o segundo dia de aplica\u00e7\u00e3o \u00e9 amanh\u00e3; prepare-se com a gente!","datePublished":"2025-11-15T11:02:00+00:00","mainEntityOfPage":{"@id":"https:\/\/faculdade.grancursosonline.com.br\/blog\/enem-2025-o-segundo-dia-de-aplicacao-prepare-se\/"},"wordCount":761,"commentCount":0,"publisher":{"@id":"https:\/\/faculdade.grancursosonline.com.br\/blog\/#organization"},"image":{"@id":"https:\/\/faculdade.grancursosonline.com.br\/blog\/enem-2025-o-segundo-dia-de-aplicacao-prepare-se\/#primaryimage"},"thumbnailUrl":"https:\/\/blog-es-static.infra.grancursosonline.com.br\/wp-content\/uploads\/2025\/11\/14182016\/Enem-2025-segundo-dia-1.jpg","articleSection":["ENEM","Gradua\u00e7\u00e3o EAD","Gradua\u00e7\u00e3o Gran Faculdade","\u00daltimas Not\u00edcias"],"inLanguage":"pt-BR","potentialAction":[{"@type":"CommentAction","name":"Comment","target":["https:\/\/faculdade.grancursosonline.com.br\/blog\/enem-2025-o-segundo-dia-de-aplicacao-prepare-se\/#respond"]}],"copyrightYear":"2025","copyrightHolder":{"@id":"https:\/\/faculdade.grancursosonline.com.br\/blog\/#organization"}},{"@type":"WebPage","@id":"https:\/\/faculdade.grancursosonline.com.br\/blog\/enem-2025-o-segundo-dia-de-aplicacao-prepare-se\/","url":"https:\/\/faculdade.grancursosonline.com.br\/blog\/enem-2025-o-segundo-dia-de-aplicacao-prepare-se\/","name":"Enem 2025: o segundo dia de aplica\u00e7\u00e3o \u00e9 amanh\u00e3; prepare-se com a gente!","isPartOf":{"@id":"https:\/\/faculdade.grancursosonline.com.br\/blog\/#website"},"primaryImageOfPage":{"@id":"https:\/\/faculdade.grancursosonline.com.br\/blog\/enem-2025-o-segundo-dia-de-aplicacao-prepare-se\/#primaryimage"},"image":{"@id":"https:\/\/faculdade.grancursosonline.com.br\/blog\/enem-2025-o-segundo-dia-de-aplicacao-prepare-se\/#primaryimage"},"thumbnailUrl":"https:\/\/blog-es-static.infra.grancursosonline.com.br\/wp-content\/uploads\/2025\/11\/14182016\/Enem-2025-segundo-dia-1.jpg","datePublished":"2025-11-15T11:02:00+00:00","description":"Vai fazer o segundo dia do Enem 2025? Confira hor\u00e1rios, documentos obrigat\u00f3rios, itens permitidos e dicas para se preparar para a prova.","breadcrumb":{"@id":"https:\/\/faculdade.grancursosonline.com.br\/blog\/enem-2025-o-segundo-dia-de-aplicacao-prepare-se\/#breadcrumb"},"inLanguage":"pt-BR","potentialAction":[{"@type":"ReadAction","target":["https:\/\/faculdade.grancursosonline.com.br\/blog\/enem-2025-o-segundo-dia-de-aplicacao-prepare-se\/"]}]},{"@type":"ImageObject","inLanguage":"pt-BR","@id":"https:\/\/faculdade.grancursosonline.com.br\/blog\/enem-2025-o-segundo-dia-de-aplicacao-prepare-se\/#primaryimage","url":"https:\/\/blog-es-static.infra.grancursosonline.com.br\/wp-content\/uploads\/2025\/11\/14182016\/Enem-2025-segundo-dia-1.jpg","contentUrl":"https:\/\/blog-es-static.infra.grancursosonline.com.br\/wp-content\/uploads\/2025\/11\/14182016\/Enem-2025-segundo-dia-1.jpg","width":1001,"height":601,"caption":"Enem 2025: o segundo dia de aplica\u00e7\u00e3o \u00e9 amanh\u00e3; prepare-se com a gente!"},{"@type":"BreadcrumbList","@id":"https:\/\/faculdade.grancursosonline.com.br\/blog\/enem-2025-o-segundo-dia-de-aplicacao-prepare-se\/#breadcrumb","itemListElement":[{"@type":"ListItem","position":1,"name":"In\u00edcio","item":"https:\/\/faculdade.grancursosonline.com.br\/blog\/"},{"@type":"ListItem","position":2,"name":"ENEM","item":"https:\/\/faculdade.grancursosonline.com.br\/blog\/enem\/"},{"@type":"ListItem","position":3,"name":"Enem 2025: o segundo dia de aplica\u00e7\u00e3o \u00e9 amanh\u00e3; prepare-se com a gente!"}]},{"@type":"WebSite","@id":"https:\/\/faculdade.grancursosonline.com.br\/blog\/#website","url":"https:\/\/faculdade.grancursosonline.com.br\/blog\/","name":"Blog Gran Faculdade","description":"Tudo sobre ensino superior, p\u00f3s-gradua\u00e7\u00e3o, enem e carreira.","publisher":{"@id":"https:\/\/faculdade.grancursosonline.com.br\/blog\/#organization"},"potentialAction":[{"@type":"SearchAction","target":{"@type":"EntryPoint","urlTemplate":"https:\/\/faculdade.grancursosonline.com.br\/blog\/?s={search_term_string}"},"query-input":{"@type":"PropertyValueSpecification","valueRequired":true,"valueName":"search_term_string"}}],"inLanguage":"pt-BR"},{"@type":"Organization","@id":"https:\/\/faculdade.grancursosonline.com.br\/blog\/#organization","name":"Gran Cursos Online","url":"https:\/\/faculdade.grancursosonline.com.br\/blog\/","logo":{"@type":"ImageObject","inLanguage":"pt-BR","@id":"https:\/\/faculdade.grancursosonline.com.br\/blog\/#\/schema\/logo\/image\/","url":"https:\/\/blog-es-static.infra.grancursosonline.com.br\/wp-content\/uploads\/2019\/08\/03123934\/logo.png","contentUrl":"https:\/\/blog-es-static.infra.grancursosonline.com.br\/wp-content\/uploads\/2019\/08\/03123934\/logo.png","width":300,"height":57,"caption":"Gran Cursos Online"},"image":{"@id":"https:\/\/faculdade.grancursosonline.com.br\/blog\/#\/schema\/logo\/image\/"},"sameAs":["https:\/\/www.facebook.com\/grancursosonline\/","https:\/\/x.com\/gran_online","https:\/\/www.instagram.com\/grancursosonline\/","https:\/\/www.youtube.com\/user\/grancursostv"]},{"@type":"Person","@id":"https:\/\/faculdade.grancursosonline.com.br\/blog\/#\/schema\/person\/9745f9b6db8976613c1f439dbcfe717d","name":"Guilherme Henrique","url":"https:\/\/faculdade.grancursosonline.com.br\/blog\/author\/guilherme-lourenco\/"}]}},"_links":{"self":[{"href":"https:\/\/faculdade.grancursosonline.com.br\/blog\/wp-json\/wp\/v2\/posts\/79759269","targetHints":{"allow":["GET"]}}],"collection":[{"href":"https:\/\/faculdade.grancursosonline.com.br\/blog\/wp-json\/wp\/v2\/posts"}],"about":[{"href":"https:\/\/faculdade.grancursosonline.com.br\/blog\/wp-json\/wp\/v2\/types\/post"}],"author":[{"embeddable":true,"href":"https:\/\/faculdade.grancursosonline.com.br\/blog\/wp-json\/wp\/v2\/users\/514"}],"replies":[{"embeddable":true,"href":"https:\/\/faculdade.grancursosonline.com.br\/blog\/wp-json\/wp\/v2\/comments?post=79759269"}],"version-history":[{"count":1,"href":"https:\/\/faculdade.grancursosonline.com.br\/blog\/wp-json\/wp\/v2\/posts\/79759269\/revisions"}],"predecessor-version":[{"id":79759272,"href":"https:\/\/faculdade.grancursosonline.com.br\/blog\/wp-json\/wp\/v2\/posts\/79759269\/revisions\/79759272"}],"wp:featuredmedia":[{"embeddable":true,"href":"https:\/\/faculdade.grancursosonline.com.br\/blog\/wp-json\/wp\/v2\/media\/79759270"}],"wp:attachment":[{"href":"https:\/\/faculdade.grancursosonline.com.br\/blog\/wp-json\/wp\/v2\/media?parent=79759269"}],"wp:term":[{"taxonomy":"category","embeddable":true,"href":"https:\/\/faculdade.grancursosonline.com.br\/blog\/wp-json\/wp\/v2\/categories?post=79759269"},{"taxonomy":"post_tag","embeddable":true,"href":"https:\/\/faculdade.grancursosonline.com.br\/blog\/wp-json\/wp\/v2\/tags?post=79759269"}],"curies":[{"name":"wp","href":"https:\/\/api.w.org\/{rel}","templated":true}]}}