{"id":79759509,"date":"2025-11-27T12:24:20","date_gmt":"2025-11-27T15:24:20","guid":{"rendered":"https:\/\/faculdade.grancursosonline.com.br\/blog\/?p=79759509"},"modified":"2025-11-27T12:24:30","modified_gmt":"2025-11-27T15:24:30","slug":"oswaldo-cruz","status":"publish","type":"post","link":"https:\/\/faculdade.grancursosonline.com.br\/blog\/oswaldo-cruz\/","title":{"rendered":"Oswaldo Cruz: quem foi, hist\u00f3ria e qual a import\u00e2ncia"},"content":{"rendered":"\n<p>Oswaldo Cruz foi um dos nomes mais importantes da ci\u00eancia brasileira e um dos respons\u00e1veis por modernizar a sa\u00fade p\u00fablica no pa\u00eds. Sua atua\u00e7\u00e3o transformou o combate a doen\u00e7as e ajudou o Brasil a enfrentar epidemias que amea\u00e7avam grandes cidades.&nbsp;<\/p>\n\n\n\n<p>Neste artigo, voc\u00ea vai conhecer quem foi Oswaldo Cruz, como ele construiu sua carreira e por que sua contribui\u00e7\u00e3o foi t\u00e3o decisiva para o avan\u00e7o da medicina. Entender sua hist\u00f3ria \u00e9 entender tamb\u00e9m um per\u00edodo de grandes desafios sanit\u00e1rios no Brasil e como a ci\u00eancia foi importante para super\u00e1-los.<\/p>\n\n\n\n<p>Saiba mais acompanhando o artigo na \u00edntegra, ou navegando pelo \u00edndice:<\/p>\n\n\n\n<ul class=\"wp-block-list\">\n<li><a href=\"#h-quem-foi-oswaldo-cruz\">Quem foi Oswaldo Cruz?<\/a><\/li>\n\n\n\n<li><a href=\"#h-onde-nasceu-oswaldo-cruz\">Onde nasceu Oswaldo Cruz?<\/a><\/li>\n\n\n\n<li><a href=\"#h-como-comecou-a-carreira-de-oswaldo-cruz-na-saude-publica\">Como come\u00e7ou a carreira de Oswaldo Cruz na sa\u00fade p\u00fablica?<\/a><\/li>\n\n\n\n<li><a href=\"#h-quais-doencas-oswaldo-cruz-ajudou-a-combater-no-brasil\">Quais doen\u00e7as Oswaldo Cruz ajudou a combater no Brasil?<\/a><\/li>\n\n\n\n<li><a href=\"#h-o-que-foi-a-revolta-da-vacina-e-qual-sua-relacao-com-oswaldo-cruz\">O que foi a revolta da vacina e qual sua rela\u00e7\u00e3o com Oswaldo Cruz?<\/a><\/li>\n\n\n\n<li><a href=\"#h-quais-foram-as-principais-contribuicoes-cientificas-de-oswaldo-cruz\">Quais foram as principais contribui\u00e7\u00f5es cient\u00edficas de Oswaldo Cruz?<\/a><\/li>\n\n\n\n<li><a href=\"#h-qual-foi-a-importancia-de-oswaldo-cruz-para-o-combate-a-epidemias\">Qual foi a import\u00e2ncia de Oswaldo Cruz para o combate a epidemias?<\/a><\/li>\n\n\n\n<li><a href=\"#h-qual-e-o-legado-de-oswaldo-cruz-para-a-medicina-e-saude-publicas\">Qual \u00e9 o legado de Oswaldo Cruz para a medicina e sa\u00fade p\u00fablicas?<\/a><\/li>\n\n\n\n<li><a href=\"#h-morte-de-oswaldo-cruz\">Morte de Oswaldo Cruz<\/a><\/li>\n<\/ul>\n\n\n\n<div class=\"wp-block-columns is-layout-flex wp-container-core-columns-is-layout-9d6595d7 wp-block-columns-is-layout-flex\">\n<div class=\"wp-block-column is-layout-flow wp-block-column-is-layout-flow\" style=\"flex-basis:100%\"><div class=\"wp-block-image\">\n<figure class=\"aligncenter size-full\"><a href=\"https:\/\/whatsapp.com\/channel\/0029VaG1sChI7Be7PNndhL43\" target=\"_blank\" rel=\"noopener\"><img decoding=\"async\" src=\"https:\/\/blog-es-static.infra.grancursosonline.com.br\/wp-content\/uploads\/2025\/09\/09112354\/banner-wp-600x142-80.webp\" alt=\"Acesse o canal do WhatsApp da Gran Faculdade\" class=\"wp-image-79751904\"\/><\/a><\/figure>\n<\/div><\/div>\n<\/div>\n\n\n\n<h2 class=\"wp-block-heading\" id=\"h-quem-foi-oswaldo-cruz\"><strong>Quem foi Oswaldo Cruz?<\/strong><\/h2>\n\n\n\n<p>Oswaldo Gon\u00e7alves Cruz foi um m\u00e9dico, cientista e sanitarista brasileiro que revolucionou a sa\u00fade p\u00fablica no in\u00edcio do s\u00e9culo 20. Ele ganhou destaque nacional ao liderar campanhas contra epidemias que devastavam o Rio de Janeiro. Sua atua\u00e7\u00e3o firme e baseada em ci\u00eancia mudou para sempre a forma como o Brasil enfrentava doen\u00e7as.<\/p>\n\n\n\n<p>Considerado um dos maiores nomes da medicina brasileira, Oswaldo Cruz introduziu pr\u00e1ticas modernas de combate a epidemias. Sua influ\u00eancia ultrapassou seu tempo e abriu caminhos para o desenvolvimento de pol\u00edticas sanit\u00e1rias e de pesquisa cient\u00edfica no pa\u00eds. At\u00e9 hoje, seu nome \u00e9 refer\u00eancia em sa\u00fade p\u00fablica.<\/p>\n\n\n\n<h2 class=\"wp-block-heading\" id=\"h-onde-nasceu-oswaldo-cruz\"><strong>Onde nasceu Oswaldo Cruz?<\/strong><\/h2>\n\n\n\n<p>Oswaldo Cruz nasceu em <strong>S\u00e3o Luiz do Paraitinga<\/strong>, interior de S\u00e3o Paulo, em 5 de agosto de 1872. Ele cresceu em um ambiente familiar ligado \u00e0 medicina, pois seu pai tamb\u00e9m era m\u00e9dico. Esse contato precoce com a \u00e1rea influenciou fortemente sua escolha profissional.<\/p>\n\n\n\n<p>Ainda jovem, mudou-se para o Rio de Janeiro, onde estudou na Faculdade de Medicina. Posteriormente, complementou sua forma\u00e7\u00e3o no famoso Instituto Pasteur, em Paris, ampliando seus conhecimentos em microbiologia e bacteriologia.<\/p>\n\n\n\n<h2 class=\"wp-block-heading\" id=\"h-como-comecou-a-carreira-de-oswaldo-cruz-na-saude-publica\"><strong>Como come\u00e7ou a carreira de Oswaldo Cruz na sa\u00fade p\u00fablica?<\/strong><\/h2>\n\n\n\n<p>Sua carreira p\u00fablica come\u00e7ou de fato quando assumiu, em 1903, o cargo de diretor da Sa\u00fade P\u00fablica no Rio de Janeiro. Na \u00e9poca, a cidade sofria com surtos graves de febre amarela, peste bub\u00f4nica e var\u00edola. A situa\u00e7\u00e3o afetava o com\u00e9rcio, a economia e a imagem internacional do Brasil.<\/p>\n\n\n\n<p>Com m\u00e9todos modernos aprendidos na Europa, Oswaldo Cruz implementou campanhas de higieniza\u00e7\u00e3o, vacina\u00e7\u00e3o e controle de vetores. Sua atua\u00e7\u00e3o marcou o in\u00edcio de uma nova era na sa\u00fade p\u00fablica brasileira. Apesar da resist\u00eancia inicial da popula\u00e7\u00e3o, os resultados foram expressivos e reduziram drasticamente os casos das doen\u00e7as.<\/p>\n\n\n\n<h2 class=\"wp-block-heading\" id=\"h-quais-doencas-oswaldo-cruz-ajudou-a-combater-no-brasil\"><strong>Quais doen\u00e7as Oswaldo Cruz ajudou a combater no Brasil?<\/strong><\/h2>\n\n\n\n<p>Antes de apresentar a lista, \u00e9 importante lembrar que estas doen\u00e7as eram respons\u00e1veis por altos \u00edndices de mortalidade no in\u00edcio do s\u00e9culo 20. O Rio de Janeiro era considerado uma das cidades mais insalubres da Am\u00e9rica do Sul, e isso afetava o crescimento do pa\u00eds. As medidas sanit\u00e1rias de Oswaldo Cruz foram fundamentais para mudar esse cen\u00e1rio.<\/p>\n\n\n\n<p><strong>As principais doen\u00e7as combatidas por Oswaldo Cruz foram:<\/strong><\/p>\n\n\n\n<ul class=\"wp-block-list\">\n<li><strong>Febre amarela:<\/strong> combate ao mosquito <em>Aedes aegypti<\/em>, respons\u00e1vel pela transmiss\u00e3o.<\/li>\n\n\n\n<li><strong>Peste bub\u00f4nica:<\/strong> controle de ratos e uso de soros espec\u00edficos.<\/li>\n\n\n\n<li><strong>Var\u00edola:<\/strong> campanha intensa de vacina\u00e7\u00e3o em massa.<\/li>\n<\/ul>\n\n\n\n<h2 class=\"wp-block-heading\" id=\"h-o-que-foi-a-revolta-da-vacina-e-qual-sua-relacao-com-oswaldo-cruz\"><strong>O que foi a Revolta da Vacina e qual sua rela\u00e7\u00e3o com Oswaldo Cruz?<\/strong><\/h2>\n\n\n\n<p>A Revolta da Vacina foi um movimento popular ocorrido em 1904, no Rio de Janeiro, em rea\u00e7\u00e3o \u00e0 obrigatoriedade da vacina contra a var\u00edola.&nbsp;<\/p>\n\n\n\n<p>Na \u00e9poca, a popula\u00e7\u00e3o desconfiava do governo e n\u00e3o entendia a import\u00e2ncia da vacina\u00e7\u00e3o. Esse conflito pol\u00edtico e social gerou grandes protestos e confrontos nas ruas.<\/p>\n\n\n\n<p>Como diretor de Sa\u00fade P\u00fablica, Oswaldo Cruz foi o respons\u00e1vel pela campanha de vacina\u00e7\u00e3o que gerou a revolta. Apesar da resist\u00eancia inicial, suas medidas foram fundamentais para controlar a var\u00edola. Pouco tempo depois, a doen\u00e7a praticamente desapareceu da cidade, comprovando a efic\u00e1cia da estrat\u00e9gia.<\/p>\n\n\n\n<h2 class=\"wp-block-heading\" id=\"h-quais-foram-as-principais-contribuicoes-cientificas-de-oswaldo-cruz\"><strong>Quais foram as principais contribui\u00e7\u00f5es cient\u00edficas de Oswaldo Cruz?<\/strong><\/h2>\n\n\n\n<p>Antes de listar suas contribui\u00e7\u00f5es, vale refor\u00e7ar que Oswaldo Cruz n\u00e3o foi apenas um sanitarista, mas tamb\u00e9m um pesquisador. Ele trouxe para o Brasil os conceitos modernos da microbiologia e impulsionou a ci\u00eancia nacional. Seu trabalho lan\u00e7ou bases para o desenvolvimento de vacinas, soros e estudos epidemiol\u00f3gicos.<\/p>\n\n\n\n<p><strong>Principais contribui\u00e7\u00f5es cient\u00edficas:<\/strong><\/p>\n\n\n\n<ul class=\"wp-block-list\">\n<li>Introdu\u00e7\u00e3o de m\u00e9todos modernos de bacteriologia no Brasil;<\/li>\n\n\n\n<li>Cria\u00e7\u00e3o de campanhas sanit\u00e1rias pioneiras e bem-sucedidas;<\/li>\n\n\n\n<li>Desenvolvimento e produ\u00e7\u00e3o de soros para combate a epidemias;<\/li>\n\n\n\n<li>Fundador do Instituto Soroter\u00e1pico Federal, futuro Instituto Oswaldo Cruz (Fiocruz).<\/li>\n<\/ul>\n\n\n\n<h2 class=\"wp-block-heading\" id=\"h-qual-foi-a-importancia-de-oswaldo-cruz-para-o-combate-a-epidemias\"><strong>Qual foi a import\u00e2ncia de Oswaldo Cruz para o combate a epidemias?<\/strong><\/h2>\n\n\n\n<p>A import\u00e2ncia de Oswaldo Cruz foi decisiva para que o Brasil deixasse de ser considerado um pa\u00eds atrasado sanitariamente. Suas a\u00e7\u00f5es transformaram a sa\u00fade p\u00fablica e reduziram a mortalidade causada por doen\u00e7as que eram comuns nas grandes cidades. Seu trabalho impactou diretamente o desenvolvimento econ\u00f4mico e social do pa\u00eds.<\/p>\n\n\n\n<p>Ele introduziu pr\u00e1ticas de vigil\u00e2ncia sanit\u00e1ria, vacina\u00e7\u00e3o em massa e controle de vetores que continuam sendo usados at\u00e9 hoje. Al\u00e9m disso, formou equipes de especialistas que deram continuidade a seu legado, consolidando uma cultura de ci\u00eancia e preven\u00e7\u00e3o.<\/p>\n\n\n\n<h2 class=\"wp-block-heading\" id=\"h-qual-e-o-legado-de-oswaldo-cruz-para-a-medicina-e-saude-publicas\"><strong>Qual \u00e9 o legado de Oswaldo Cruz para a medicina e sa\u00fade p\u00fablicas?<\/strong><\/h2>\n\n\n\n<p>O legado de Oswaldo Cruz \u00e9 amplo e permanece vivo mais de um s\u00e9culo depois. Ele deixou uma estrutura de pesquisa cient\u00edfica s\u00f3lida e ajudou a construir pol\u00edticas de sa\u00fade que salvaram milh\u00f5es de vidas ao longo da hist\u00f3ria do Brasil.<\/p>\n\n\n\n<p><strong>Entre seus principais legados est\u00e3o:<\/strong><\/p>\n\n\n\n<ul class=\"wp-block-list\">\n<li>Funda\u00e7\u00e3o da Fiocruz, uma das institui\u00e7\u00f5es cient\u00edficas mais importantes do mundo;<\/li>\n\n\n\n<li>Institucionaliza\u00e7\u00e3o da sa\u00fade p\u00fablica moderna no Brasil;<\/li>\n\n\n\n<li>Transforma\u00e7\u00e3o do Rio de Janeiro em refer\u00eancia sanit\u00e1ria naquela \u00e9poca;<\/li>\n\n\n\n<li>Forma\u00e7\u00e3o de gera\u00e7\u00f5es de m\u00e9dicos, pesquisadores e sanitaristas.<br><\/li>\n<\/ul>\n\n\n\n<p>Seu nome \u00e9 lembrado como s\u00edmbolo de ci\u00eancia, coragem e compromisso com a sa\u00fade da popula\u00e7\u00e3o.<\/p>\n\n\n\n<h2 class=\"wp-block-heading\" id=\"h-morte-de-oswaldo-cruz\"><strong>Morte de Oswaldo Cruz<\/strong><\/h2>\n\n\n\n<p>Oswaldo Cruz morreu em 11 de fevereiro de 1917, aos 44 anos, v\u00edtima de nefrite, uma inflama\u00e7\u00e3o grave nos rins que, com o tempo, comprometeu totalmente seu estado de sa\u00fade. A doen\u00e7a evoluiu de forma progressiva, limitando suas atividades. Mesmo assim, ele continuou acompanhando projetos cient\u00edficos e administrativos sempre que poss\u00edvel.<\/p>\n\n\n\n<p>Nos \u00faltimos anos de vida, Oswaldo Cruz havia assumido o cargo de prefeito de Petr\u00f3polis, onde buscou melhorar o saneamento e as condi\u00e7\u00f5es de sa\u00fade do munic\u00edpio. Apesar da doen\u00e7a, mantinha-se envolvido em decis\u00f5es e orienta\u00e7\u00f5es t\u00e9cnicas. Por\u00e9m, o agravamento da nefrite fez com que ele se afastasse das fun\u00e7\u00f5es p\u00fablicas pouco antes de sua morte.<\/p>\n\n\n\n<p>Ele morreu em Petr\u00f3polis-RJ, cidade onde escolheu viver devido ao clima mais ameno, que ajudava a aliviar os sintomas da enfermidade. Sua morte gerou grande como\u00e7\u00e3o no Brasil, j\u00e1 que era reconhecido como o maior sanitarista do pa\u00eds. Mesmo falecendo jovem, deixou um legado cient\u00edfico que continua influenciando a sa\u00fade p\u00fablica at\u00e9 hoje.<\/p>\n\n\n\n<h2 class=\"wp-block-heading\" id=\"h-vem-pra-gran-faculdade\">Vem pra Gran Faculdade!<\/h2>\n\n\n\n<p>A Gran Faculdade vem mudando a vida de milhares de pessoas por meio de cursos \u00e0 dist\u00e2ncia de <a href=\"https:\/\/faculdade.grancursosonline.com.br\/\" target=\"_blank\" rel=\"noreferrer noopener\">gradua\u00e7\u00e3o<\/a>, <a href=\"https:\/\/pos.grancursosonline.com.br\/\" target=\"_blank\" rel=\"noreferrer noopener\">p\u00f3s-gradua\u00e7\u00e3o<\/a> e <a href=\"https:\/\/pos.grancursosonline.com.br\/mba\" target=\"_blank\" rel=\"noreferrer noopener\">MBA<\/a>. Seja no digital ou em nosso <a href=\"https:\/\/presencial.grancursosonline.com.br\/\" target=\"_blank\" rel=\"noreferrer noopener\">Campus Presencial em Curitiba<\/a>, a nossa miss\u00e3o \u00e9 transformar a educa\u00e7\u00e3o superior.<\/p>\n\n\n\n<p>Como parte de Sistema Gran de Ensino, que \u00e9 reconhecido como marca aprovadora h\u00e1 mais de 10 anos, constru\u00edmos uma renomada reputa\u00e7\u00e3o na \u00e1rea de educa\u00e7\u00e3o.<\/p>\n\n\n\n<p>Veja algumas de nossas conquistas:<\/p>\n\n\n\n<ul class=\"wp-block-list\">\n<li>Reconhecido pela Amazon como um dos projetos mais relevantes do mundo na \u00e1rea de Tecnologia e Educa\u00e7\u00e3o;<\/li>\n\n\n\n<li>Foi eleito pelo Project Management Institute (PMI), um dos 50 Projetos Mais Influentes do mundo;<\/li>\n\n\n\n<li>Somos o site de educa\u00e7\u00e3o mais acessado do Brasil;<\/li>\n\n\n\n<li>Somos avaliados com a nota m\u00e1xima pelo MEC;<\/li>\n\n\n\n<li>Aqui o semestre come\u00e7a quando quiser: entrada imediata e cont\u00ednua!<\/li>\n\n\n\n<li>Melhores pre\u00e7os do mercado;<\/li>\n\n\n\n<li>Mais de 800 mil alunos pagantes e mais de 1000 funcion\u00e1rios;<\/li>\n\n\n\n<li>Diversas ferramentas de estudo: PDFs, audiobooks, mapas mentais, videoaulas, quest\u00f5es, gerenciador de estudos e muito mais!<\/li>\n\n\n\n<li>Professores experientes e capacitados;<\/li>\n\n\n\n<li>Acesso imediato e 100% online.<\/li>\n<\/ul>\n\n\n\n<p class=\"has-text-align-center has-text-align-center\"><strong><a href=\"https:\/\/faculdade.grancursosonline.com.br\/\">Quero ser aluno da Gran Faculdade<\/a><\/strong><\/p>\n\n\n\n<h2 class=\"wp-block-heading\" id=\"h-participe-de-uma-imersao-exclusiva-com-especialistas-em-ia-e-transforme-sua-carreira\">Participe de uma imers\u00e3o exclusiva com especialistas em IA e transforme sua carreira<\/h2>\n\n\n<div class=\"wp-block-image\">\n<figure class=\"aligncenter size-large is-resized\"><a href=\"https:\/\/lp.grancursosonline.com.br\/imersao-em-ia\/?utm_source=Wordpress&amp;utm_medium=sidebar&amp;utm_campaign=Capta%C3%A7%C3%A3o+Imers%C3%A3o+em+IA+-+Abril%2F2026+-+Blog+Ensino+Superior+-+Conte%C3%BAdo+e+SEO&amp;utm_id=Capta%C3%A7%C3%A3o+Imers%C3%A3o+em+IA+-+Abril%2F2026+-+Blog+Ensino+Superior+-+Conte%C3%BAdo+e+SEO\" target=\"_blank\" rel=\" noreferrer noopener\"><img loading=\"lazy\" decoding=\"async\" width=\"1024\" height=\"576\" src=\"https:\/\/blog-es-static.infra.grancursosonline.com.br\/wp-content\/uploads\/2026\/03\/31105919\/imersao_em_ia-1024x576.webp\" alt=\"\" class=\"wp-image-79763836\" style=\"width:488px;height:auto\"\/><\/a><\/figure>\n<\/div>\n\n\n<p><strong>Se voc\u00ea quer sair do b\u00e1sico e entender, na pr\u00e1tica, como a Intelig\u00eancia Artificial (IA) est\u00e1 moldando o mercado, esta \u00e9 a sua oportunidade.<\/strong> <\/p>\n\n\n\n<p>A Imers\u00e3o em IA re\u00fane especialistas renomados do mercado, incluindo profissionais com experi\u00eancia em grandes empresas de tecnologia como Google e Amazon, que v\u00e3o compartilhar<strong> insights estrat\u00e9gicos e aplica\u00e7\u00f5es reais<\/strong> para acelerar sua evolu\u00e7\u00e3o profissional.<\/p>\n\n\n\n<p>O evento acontecer\u00e1 em <strong>tr\u00eas encontros ao vivo, a partir do dia 13 de abril, sempre \u00e0s 20h<\/strong> (hor\u00e1rio de Bras\u00edlia), com uma programa\u00e7\u00e3o estruturada para levar voc\u00ea do entendimento dos conceitos at\u00e9 a aplica\u00e7\u00e3o pr\u00e1tica de agentes de IA.<\/p>\n\n\n\n<p>Clique no link abaixo e garanta sua participa\u00e7\u00e3o nesta experi\u00eancia <strong>gratuita, ao vivo e com potencial real de impacto na sua carreira<\/strong>.<\/p>\n\n\n\n<p class=\"has-text-align-center\"><strong><a href=\"https:\/\/lp.grancursosonline.com.br\/imersao-em-ia\/?utm_source=Wordpress&amp;utm_medium=sidebar&amp;utm_campaign=Capta%C3%A7%C3%A3o+Imers%C3%A3o+em+IA+-+Abril%2F2026+-+Blog+Ensino+Superior+-+Conte%C3%BAdo+e+SEO&amp;utm_id=Capta%C3%A7%C3%A3o+Imers%C3%A3o+em+IA+-+Abril%2F2026+-+Blog+Ensino+Superior+-+Conte%C3%BAdo+e+SEO\" target=\"_blank\" rel=\"noreferrer noopener\">Quero participar da Imers\u00e3o para aprender mais sobre IA<\/a><\/strong><\/p>\n\n\n\n<div class=\"wp-block-group has-background\" style=\"background-color:#8dd2fc7a\"><div class=\"wp-block-group__inner-container is-layout-constrained wp-block-group-is-layout-constrained\">\n<p><strong>Outras not\u00edcias em destaque:<\/strong><\/p>\n\n\n\n<ul class=\"wp-block-list\">\n<li><a href=\"https:\/\/faculdade.grancursosonline.com.br\/blog\/metanol\/\" target=\"_blank\" rel=\"noopener\">Metanol: composi\u00e7\u00e3o qu\u00edmica, riscos \u00e0 sa\u00fade e presen\u00e7a no Enem<\/a><\/li>\n\n\n\n<li><a href=\"https:\/\/faculdade.grancursosonline.com.br\/blog\/pos-graduacao-area-da-saude-publica\/\" target=\"_blank\" rel=\"noopener\">7 motivos para fazer p\u00f3s-gradua\u00e7\u00e3o na \u00e1rea da sa\u00fade p\u00fablica<\/a><\/li>\n\n\n\n<li><a href=\"https:\/\/faculdade.grancursosonline.com.br\/blog\/saude-mental-nos-estudos-dicas\/\" target=\"_blank\" rel=\"noopener\">Sa\u00fade mental nos estudos: 10 dicas de autocuidado<\/a><\/li>\n<\/ul>\n<\/div><\/div>\n\n\n\n<div class=\"wp-block-group\"><div class=\"wp-block-group__inner-container is-layout-constrained wp-block-group-is-layout-constrained\">\n<div class=\"wp-block-group\"><div class=\"wp-block-group__inner-container is-layout-constrained wp-block-group-is-layout-constrained\">\n<section style=\"text-align: center;\">\n<p>Quer ficar por dentro da Faculdade Digital mais inovadora do Brasil?<\/p>\n<nav>\n<p class=\"has-background has-dark-bluish-background-color\" style=\"font-size: 25px; text-align: center; background: #f0f0f0; color: #ffffff; padding: 4px 0px 4xp 0px;\"><a style=\"color: #0d134c; text-decoration: underline;\" href=\"https:\/\/faculdade.grancursosonline.com.br\/\" target=\"_blank\" rel=\"noopener\">GRADUA\u00c7\u00c3O<\/a><\/p>\n<p class=\"has-background has-dark-bluish-background-color\" style=\"font-size: 25px; text-align: center; background: #f0f0f0; color: #ffffff; padding: 4px 0px 4xp 0px;\"><a style=\"color: #0d134c; text-decoration: underline;\" href=\"https:\/\/pos.grancursosonline.com.br\/\" target=\"_blank\" rel=\"noopener\">P\u00d3S-GRADUA\u00c7\u00c3O<\/a><\/p>\n<p class=\"has-background has-dark-bluish-background-color\" style=\"font-size: 25px; text-align: center; background: #f0f0f0; color: #ffffff; padding: 4px 0px 4xp 0px;\"><a style=\"color: #0d134c; text-decoration: underline;\" href=\"https:\/\/faculdade.grancursosonline.com.br\/nossos-cursos\/\" target=\"_blank\" rel=\"noopener\">TUDO SOBRE A GRAN FACULDADE<\/a><\/p>\n<\/nav>\n<p><strong>Receba <span style=\"color: #cf1e25;\">gratuitamente<\/span> no seu celular as principais not\u00edcias sobre a Gran Faculdade! <br \/>Clique no link abaixo e inscreva-se:<\/strong><\/p>\n<p class=\"has-background has-dark-bluish-background-color\" style=\"font-size: 25px; text-align: center; background: #f0f0f0; color: #ffffff; padding: 4px 0px 4xp 0px;\"><a style=\"color: #0d134c; text-decoration: underline;\" href=\"https:\/\/whatsapp.com\/channel\/0029VaG1sChI7Be7PNndhL43\" target=\"_blank\" rel=\"noopener noreferrer\">WHATSAPP<\/a><\/p>\n<p class=\"has-background has-dark-bluish-background-color\" style=\"font-size: 25px; text-align: center; background: #f0f0f0; color: #ffffff; padding: 4px 0px 4xp 0px;\"><a style=\"color: #0d134c; text-decoration: underline;\" href=\"https:\/\/t.me\/GranFaculdade\" target=\"_blank\" rel=\"noopener noreferrer\">TELEGRAM<\/a><\/p>\n<\/section>\n<\/div><\/div>\n<\/div><\/div>\n","protected":false},"excerpt":{"rendered":"<p>Oswaldo Cruz foi um dos nomes mais importantes da ci\u00eancia brasileira e um dos respons\u00e1veis por modernizar a sa\u00fade p\u00fablica no pa\u00eds. Sua atua\u00e7\u00e3o transformou o combate a doen\u00e7as e ajudou o Brasil a enfrentar epidemias que amea\u00e7avam grandes cidades.&nbsp; Neste artigo, voc\u00ea vai conhecer quem foi Oswaldo Cruz, como ele construiu sua carreira e&hellip;<\/p>\n","protected":false},"author":514,"featured_media":79759510,"comment_status":"open","ping_status":"open","sticky":false,"template":"","format":"standard","meta":{"_acf_changed":false,"content-type":"","footnotes":""},"categories":[219790,218545,2],"tags":[],"class_list":["post-79759509","post","type-post","status-publish","format-standard","has-post-thumbnail","hentry","category-graduacao-ead","category-graduacao","category-ultimas-noticias"],"acf":[],"yoast_head":"<!-- This site is optimized with the Yoast SEO Premium plugin v27.2 (Yoast SEO v27.2) - https:\/\/yoast.com\/product\/yoast-seo-premium-wordpress\/ -->\n<title>Oswaldo Cruz: quem foi, hist\u00f3ria e qual a import\u00e2ncia<\/title>\n<meta name=\"description\" content=\"Saiba como Oswaldo Cruz transformou a medicina brasileira, enfrentou doen\u00e7as e marcou a hist\u00f3ria da sa\u00fade no pa\u00eds.\" \/>\n<meta name=\"robots\" content=\"index, follow, max-snippet:-1, max-image-preview:large, max-video-preview:-1\" \/>\n<link rel=\"canonical\" href=\"https:\/\/faculdade.grancursosonline.com.br\/blog\/oswaldo-cruz\/\" \/>\n<meta property=\"og:locale\" content=\"pt_BR\" \/>\n<meta property=\"og:type\" content=\"article\" \/>\n<meta property=\"og:title\" content=\"Oswaldo Cruz: quem foi, hist\u00f3ria e qual a import\u00e2ncia\" \/>\n<meta property=\"og:description\" content=\"Saiba como Oswaldo Cruz transformou a medicina brasileira, enfrentou doen\u00e7as e marcou a hist\u00f3ria da sa\u00fade no pa\u00eds.\" \/>\n<meta property=\"og:url\" content=\"https:\/\/faculdade.grancursosonline.com.br\/blog\/oswaldo-cruz\/\" \/>\n<meta property=\"og:site_name\" content=\"Blog Gran Faculdade\" \/>\n<meta property=\"article:publisher\" content=\"https:\/\/www.facebook.com\/grancursosonline\/\" \/>\n<meta property=\"article:published_time\" content=\"2025-11-27T15:24:20+00:00\" \/>\n<meta property=\"article:modified_time\" content=\"2025-11-27T15:24:30+00:00\" \/>\n<meta property=\"og:image\" content=\"https:\/\/blog-es-static.infra.grancursosonline.com.br\/wp-content\/uploads\/2025\/11\/27122324\/Oswaldo-Cruz.jpg\" \/>\n\t<meta property=\"og:image:width\" content=\"511\" \/>\n\t<meta property=\"og:image:height\" content=\"311\" \/>\n\t<meta property=\"og:image:type\" content=\"image\/jpeg\" \/>\n<meta name=\"author\" content=\"Guilherme Henrique\" \/>\n<meta name=\"twitter:card\" content=\"summary_large_image\" \/>\n<meta name=\"twitter:creator\" content=\"@gran_online\" \/>\n<meta name=\"twitter:site\" content=\"@gran_online\" \/>\n<meta name=\"twitter:label1\" content=\"Written by\" \/>\n\t<meta name=\"twitter:data1\" content=\"Guilherme Henrique\" \/>\n\t<meta name=\"twitter:label2\" content=\"Est. reading time\" \/>\n\t<meta name=\"twitter:data2\" content=\"9 minutos\" \/>\n<script type=\"application\/ld+json\" class=\"yoast-schema-graph\">{\"@context\":\"https:\/\/schema.org\",\"@graph\":[{\"@type\":\"NewsArticle\",\"@id\":\"https:\/\/faculdade.grancursosonline.com.br\/blog\/oswaldo-cruz\/#article\",\"isPartOf\":{\"@id\":\"https:\/\/faculdade.grancursosonline.com.br\/blog\/oswaldo-cruz\/\"},\"author\":{\"name\":\"Guilherme Henrique\",\"@id\":\"https:\/\/faculdade.grancursosonline.com.br\/blog\/#\/schema\/person\/9745f9b6db8976613c1f439dbcfe717d\"},\"headline\":\"Oswaldo Cruz: quem foi, hist\u00f3ria e qual a import\u00e2ncia\",\"datePublished\":\"2025-11-27T15:24:20+00:00\",\"dateModified\":\"2025-11-27T15:24:30+00:00\",\"mainEntityOfPage\":{\"@id\":\"https:\/\/faculdade.grancursosonline.com.br\/blog\/oswaldo-cruz\/\"},\"wordCount\":1366,\"commentCount\":0,\"publisher\":{\"@id\":\"https:\/\/faculdade.grancursosonline.com.br\/blog\/#organization\"},\"image\":{\"@id\":\"https:\/\/faculdade.grancursosonline.com.br\/blog\/oswaldo-cruz\/#primaryimage\"},\"thumbnailUrl\":\"https:\/\/blog-es-static.infra.grancursosonline.com.br\/wp-content\/uploads\/2025\/11\/27122305\/Oswaldo-Cruz-2.jpg\",\"articleSection\":[\"Gradua\u00e7\u00e3o EAD\",\"Gradua\u00e7\u00e3o Gran Faculdade\",\"\u00daltimas Not\u00edcias\"],\"inLanguage\":\"pt-BR\",\"potentialAction\":[{\"@type\":\"CommentAction\",\"name\":\"Comment\",\"target\":[\"https:\/\/faculdade.grancursosonline.com.br\/blog\/oswaldo-cruz\/#respond\"]}],\"copyrightYear\":\"2025\",\"copyrightHolder\":{\"@id\":\"https:\/\/faculdade.grancursosonline.com.br\/blog\/#organization\"}},{\"@type\":\"WebPage\",\"@id\":\"https:\/\/faculdade.grancursosonline.com.br\/blog\/oswaldo-cruz\/\",\"url\":\"https:\/\/faculdade.grancursosonline.com.br\/blog\/oswaldo-cruz\/\",\"name\":\"Oswaldo Cruz: quem foi, hist\u00f3ria e qual a import\u00e2ncia\",\"isPartOf\":{\"@id\":\"https:\/\/faculdade.grancursosonline.com.br\/blog\/#website\"},\"primaryImageOfPage\":{\"@id\":\"https:\/\/faculdade.grancursosonline.com.br\/blog\/oswaldo-cruz\/#primaryimage\"},\"image\":{\"@id\":\"https:\/\/faculdade.grancursosonline.com.br\/blog\/oswaldo-cruz\/#primaryimage\"},\"thumbnailUrl\":\"https:\/\/blog-es-static.infra.grancursosonline.com.br\/wp-content\/uploads\/2025\/11\/27122305\/Oswaldo-Cruz-2.jpg\",\"datePublished\":\"2025-11-27T15:24:20+00:00\",\"dateModified\":\"2025-11-27T15:24:30+00:00\",\"description\":\"Saiba como Oswaldo Cruz transformou a medicina brasileira, enfrentou doen\u00e7as e marcou a hist\u00f3ria da sa\u00fade no pa\u00eds.\",\"breadcrumb\":{\"@id\":\"https:\/\/faculdade.grancursosonline.com.br\/blog\/oswaldo-cruz\/#breadcrumb\"},\"inLanguage\":\"pt-BR\",\"potentialAction\":[{\"@type\":\"ReadAction\",\"target\":[\"https:\/\/faculdade.grancursosonline.com.br\/blog\/oswaldo-cruz\/\"]}]},{\"@type\":\"ImageObject\",\"inLanguage\":\"pt-BR\",\"@id\":\"https:\/\/faculdade.grancursosonline.com.br\/blog\/oswaldo-cruz\/#primaryimage\",\"url\":\"https:\/\/blog-es-static.infra.grancursosonline.com.br\/wp-content\/uploads\/2025\/11\/27122305\/Oswaldo-Cruz-2.jpg\",\"contentUrl\":\"https:\/\/blog-es-static.infra.grancursosonline.com.br\/wp-content\/uploads\/2025\/11\/27122305\/Oswaldo-Cruz-2.jpg\",\"width\":1001,\"height\":601,\"caption\":\"Oswaldo Cruz: quem foi, sua hist\u00f3ria e qual a import\u00e2ncia\"},{\"@type\":\"BreadcrumbList\",\"@id\":\"https:\/\/faculdade.grancursosonline.com.br\/blog\/oswaldo-cruz\/#breadcrumb\",\"itemListElement\":[{\"@type\":\"ListItem\",\"position\":1,\"name\":\"In\u00edcio\",\"item\":\"https:\/\/faculdade.grancursosonline.com.br\/blog\/\"},{\"@type\":\"ListItem\",\"position\":2,\"name\":\"Gradua\u00e7\u00e3o Gran Faculdade\",\"item\":\"https:\/\/faculdade.grancursosonline.com.br\/blog\/graduacao\/\"},{\"@type\":\"ListItem\",\"position\":3,\"name\":\"Oswaldo Cruz: quem foi, hist\u00f3ria e qual a import\u00e2ncia\"}]},{\"@type\":\"WebSite\",\"@id\":\"https:\/\/faculdade.grancursosonline.com.br\/blog\/#website\",\"url\":\"https:\/\/faculdade.grancursosonline.com.br\/blog\/\",\"name\":\"Blog Gran Faculdade\",\"description\":\"Tudo sobre ensino superior, p\u00f3s-gradua\u00e7\u00e3o, enem e carreira.\",\"publisher\":{\"@id\":\"https:\/\/faculdade.grancursosonline.com.br\/blog\/#organization\"},\"potentialAction\":[{\"@type\":\"SearchAction\",\"target\":{\"@type\":\"EntryPoint\",\"urlTemplate\":\"https:\/\/faculdade.grancursosonline.com.br\/blog\/?s={search_term_string}\"},\"query-input\":{\"@type\":\"PropertyValueSpecification\",\"valueRequired\":true,\"valueName\":\"search_term_string\"}}],\"inLanguage\":\"pt-BR\"},{\"@type\":\"Organization\",\"@id\":\"https:\/\/faculdade.grancursosonline.com.br\/blog\/#organization\",\"name\":\"Gran Cursos Online\",\"url\":\"https:\/\/faculdade.grancursosonline.com.br\/blog\/\",\"logo\":{\"@type\":\"ImageObject\",\"inLanguage\":\"pt-BR\",\"@id\":\"https:\/\/faculdade.grancursosonline.com.br\/blog\/#\/schema\/logo\/image\/\",\"url\":\"https:\/\/blog-es-static.infra.grancursosonline.com.br\/wp-content\/uploads\/2019\/08\/03123934\/logo.png\",\"contentUrl\":\"https:\/\/blog-es-static.infra.grancursosonline.com.br\/wp-content\/uploads\/2019\/08\/03123934\/logo.png\",\"width\":300,\"height\":57,\"caption\":\"Gran Cursos Online\"},\"image\":{\"@id\":\"https:\/\/faculdade.grancursosonline.com.br\/blog\/#\/schema\/logo\/image\/\"},\"sameAs\":[\"https:\/\/www.facebook.com\/grancursosonline\/\",\"https:\/\/x.com\/gran_online\",\"https:\/\/www.instagram.com\/grancursosonline\/\",\"https:\/\/www.youtube.com\/user\/grancursostv\"]},{\"@type\":\"Person\",\"@id\":\"https:\/\/faculdade.grancursosonline.com.br\/blog\/#\/schema\/person\/9745f9b6db8976613c1f439dbcfe717d\",\"name\":\"Guilherme Henrique\",\"url\":\"https:\/\/faculdade.grancursosonline.com.br\/blog\/author\/guilherme-lourenco\/\"}]}<\/script>\n<!-- \/ Yoast SEO Premium plugin. -->","yoast_head_json":{"title":"Oswaldo Cruz: quem foi, hist\u00f3ria e qual a import\u00e2ncia","description":"Saiba como Oswaldo Cruz transformou a medicina brasileira, enfrentou doen\u00e7as e marcou a hist\u00f3ria da sa\u00fade no pa\u00eds.","robots":{"index":"index","follow":"follow","max-snippet":"max-snippet:-1","max-image-preview":"max-image-preview:large","max-video-preview":"max-video-preview:-1"},"canonical":"https:\/\/faculdade.grancursosonline.com.br\/blog\/oswaldo-cruz\/","og_locale":"pt_BR","og_type":"article","og_title":"Oswaldo Cruz: quem foi, hist\u00f3ria e qual a import\u00e2ncia","og_description":"Saiba como Oswaldo Cruz transformou a medicina brasileira, enfrentou doen\u00e7as e marcou a hist\u00f3ria da sa\u00fade no pa\u00eds.","og_url":"https:\/\/faculdade.grancursosonline.com.br\/blog\/oswaldo-cruz\/","og_site_name":"Blog Gran Faculdade","article_publisher":"https:\/\/www.facebook.com\/grancursosonline\/","article_published_time":"2025-11-27T15:24:20+00:00","article_modified_time":"2025-11-27T15:24:30+00:00","og_image":[{"width":511,"height":311,"url":"https:\/\/blog-es-static.infra.grancursosonline.com.br\/wp-content\/uploads\/2025\/11\/27122324\/Oswaldo-Cruz.jpg","type":"image\/jpeg"}],"author":"Guilherme Henrique","twitter_card":"summary_large_image","twitter_creator":"@gran_online","twitter_site":"@gran_online","twitter_misc":{"Written by":"Guilherme Henrique","Est. reading time":"9 minutos"},"schema":{"@context":"https:\/\/schema.org","@graph":[{"@type":"NewsArticle","@id":"https:\/\/faculdade.grancursosonline.com.br\/blog\/oswaldo-cruz\/#article","isPartOf":{"@id":"https:\/\/faculdade.grancursosonline.com.br\/blog\/oswaldo-cruz\/"},"author":{"name":"Guilherme Henrique","@id":"https:\/\/faculdade.grancursosonline.com.br\/blog\/#\/schema\/person\/9745f9b6db8976613c1f439dbcfe717d"},"headline":"Oswaldo Cruz: quem foi, hist\u00f3ria e qual a import\u00e2ncia","datePublished":"2025-11-27T15:24:20+00:00","dateModified":"2025-11-27T15:24:30+00:00","mainEntityOfPage":{"@id":"https:\/\/faculdade.grancursosonline.com.br\/blog\/oswaldo-cruz\/"},"wordCount":1366,"commentCount":0,"publisher":{"@id":"https:\/\/faculdade.grancursosonline.com.br\/blog\/#organization"},"image":{"@id":"https:\/\/faculdade.grancursosonline.com.br\/blog\/oswaldo-cruz\/#primaryimage"},"thumbnailUrl":"https:\/\/blog-es-static.infra.grancursosonline.com.br\/wp-content\/uploads\/2025\/11\/27122305\/Oswaldo-Cruz-2.jpg","articleSection":["Gradua\u00e7\u00e3o EAD","Gradua\u00e7\u00e3o Gran Faculdade","\u00daltimas Not\u00edcias"],"inLanguage":"pt-BR","potentialAction":[{"@type":"CommentAction","name":"Comment","target":["https:\/\/faculdade.grancursosonline.com.br\/blog\/oswaldo-cruz\/#respond"]}],"copyrightYear":"2025","copyrightHolder":{"@id":"https:\/\/faculdade.grancursosonline.com.br\/blog\/#organization"}},{"@type":"WebPage","@id":"https:\/\/faculdade.grancursosonline.com.br\/blog\/oswaldo-cruz\/","url":"https:\/\/faculdade.grancursosonline.com.br\/blog\/oswaldo-cruz\/","name":"Oswaldo Cruz: quem foi, hist\u00f3ria e qual a import\u00e2ncia","isPartOf":{"@id":"https:\/\/faculdade.grancursosonline.com.br\/blog\/#website"},"primaryImageOfPage":{"@id":"https:\/\/faculdade.grancursosonline.com.br\/blog\/oswaldo-cruz\/#primaryimage"},"image":{"@id":"https:\/\/faculdade.grancursosonline.com.br\/blog\/oswaldo-cruz\/#primaryimage"},"thumbnailUrl":"https:\/\/blog-es-static.infra.grancursosonline.com.br\/wp-content\/uploads\/2025\/11\/27122305\/Oswaldo-Cruz-2.jpg","datePublished":"2025-11-27T15:24:20+00:00","dateModified":"2025-11-27T15:24:30+00:00","description":"Saiba como Oswaldo Cruz transformou a medicina brasileira, enfrentou doen\u00e7as e marcou a hist\u00f3ria da sa\u00fade no pa\u00eds.","breadcrumb":{"@id":"https:\/\/faculdade.grancursosonline.com.br\/blog\/oswaldo-cruz\/#breadcrumb"},"inLanguage":"pt-BR","potentialAction":[{"@type":"ReadAction","target":["https:\/\/faculdade.grancursosonline.com.br\/blog\/oswaldo-cruz\/"]}]},{"@type":"ImageObject","inLanguage":"pt-BR","@id":"https:\/\/faculdade.grancursosonline.com.br\/blog\/oswaldo-cruz\/#primaryimage","url":"https:\/\/blog-es-static.infra.grancursosonline.com.br\/wp-content\/uploads\/2025\/11\/27122305\/Oswaldo-Cruz-2.jpg","contentUrl":"https:\/\/blog-es-static.infra.grancursosonline.com.br\/wp-content\/uploads\/2025\/11\/27122305\/Oswaldo-Cruz-2.jpg","width":1001,"height":601,"caption":"Oswaldo Cruz: quem foi, sua hist\u00f3ria e qual a import\u00e2ncia"},{"@type":"BreadcrumbList","@id":"https:\/\/faculdade.grancursosonline.com.br\/blog\/oswaldo-cruz\/#breadcrumb","itemListElement":[{"@type":"ListItem","position":1,"name":"In\u00edcio","item":"https:\/\/faculdade.grancursosonline.com.br\/blog\/"},{"@type":"ListItem","position":2,"name":"Gradua\u00e7\u00e3o Gran Faculdade","item":"https:\/\/faculdade.grancursosonline.com.br\/blog\/graduacao\/"},{"@type":"ListItem","position":3,"name":"Oswaldo Cruz: quem foi, hist\u00f3ria e qual a import\u00e2ncia"}]},{"@type":"WebSite","@id":"https:\/\/faculdade.grancursosonline.com.br\/blog\/#website","url":"https:\/\/faculdade.grancursosonline.com.br\/blog\/","name":"Blog Gran Faculdade","description":"Tudo sobre ensino superior, p\u00f3s-gradua\u00e7\u00e3o, enem e carreira.","publisher":{"@id":"https:\/\/faculdade.grancursosonline.com.br\/blog\/#organization"},"potentialAction":[{"@type":"SearchAction","target":{"@type":"EntryPoint","urlTemplate":"https:\/\/faculdade.grancursosonline.com.br\/blog\/?s={search_term_string}"},"query-input":{"@type":"PropertyValueSpecification","valueRequired":true,"valueName":"search_term_string"}}],"inLanguage":"pt-BR"},{"@type":"Organization","@id":"https:\/\/faculdade.grancursosonline.com.br\/blog\/#organization","name":"Gran Cursos Online","url":"https:\/\/faculdade.grancursosonline.com.br\/blog\/","logo":{"@type":"ImageObject","inLanguage":"pt-BR","@id":"https:\/\/faculdade.grancursosonline.com.br\/blog\/#\/schema\/logo\/image\/","url":"https:\/\/blog-es-static.infra.grancursosonline.com.br\/wp-content\/uploads\/2019\/08\/03123934\/logo.png","contentUrl":"https:\/\/blog-es-static.infra.grancursosonline.com.br\/wp-content\/uploads\/2019\/08\/03123934\/logo.png","width":300,"height":57,"caption":"Gran Cursos Online"},"image":{"@id":"https:\/\/faculdade.grancursosonline.com.br\/blog\/#\/schema\/logo\/image\/"},"sameAs":["https:\/\/www.facebook.com\/grancursosonline\/","https:\/\/x.com\/gran_online","https:\/\/www.instagram.com\/grancursosonline\/","https:\/\/www.youtube.com\/user\/grancursostv"]},{"@type":"Person","@id":"https:\/\/faculdade.grancursosonline.com.br\/blog\/#\/schema\/person\/9745f9b6db8976613c1f439dbcfe717d","name":"Guilherme Henrique","url":"https:\/\/faculdade.grancursosonline.com.br\/blog\/author\/guilherme-lourenco\/"}]}},"_links":{"self":[{"href":"https:\/\/faculdade.grancursosonline.com.br\/blog\/wp-json\/wp\/v2\/posts\/79759509","targetHints":{"allow":["GET"]}}],"collection":[{"href":"https:\/\/faculdade.grancursosonline.com.br\/blog\/wp-json\/wp\/v2\/posts"}],"about":[{"href":"https:\/\/faculdade.grancursosonline.com.br\/blog\/wp-json\/wp\/v2\/types\/post"}],"author":[{"embeddable":true,"href":"https:\/\/faculdade.grancursosonline.com.br\/blog\/wp-json\/wp\/v2\/users\/514"}],"replies":[{"embeddable":true,"href":"https:\/\/faculdade.grancursosonline.com.br\/blog\/wp-json\/wp\/v2\/comments?post=79759509"}],"version-history":[{"count":1,"href":"https:\/\/faculdade.grancursosonline.com.br\/blog\/wp-json\/wp\/v2\/posts\/79759509\/revisions"}],"predecessor-version":[{"id":79759512,"href":"https:\/\/faculdade.grancursosonline.com.br\/blog\/wp-json\/wp\/v2\/posts\/79759509\/revisions\/79759512"}],"wp:featuredmedia":[{"embeddable":true,"href":"https:\/\/faculdade.grancursosonline.com.br\/blog\/wp-json\/wp\/v2\/media\/79759510"}],"wp:attachment":[{"href":"https:\/\/faculdade.grancursosonline.com.br\/blog\/wp-json\/wp\/v2\/media?parent=79759509"}],"wp:term":[{"taxonomy":"category","embeddable":true,"href":"https:\/\/faculdade.grancursosonline.com.br\/blog\/wp-json\/wp\/v2\/categories?post=79759509"},{"taxonomy":"post_tag","embeddable":true,"href":"https:\/\/faculdade.grancursosonline.com.br\/blog\/wp-json\/wp\/v2\/tags?post=79759509"}],"curies":[{"name":"wp","href":"https:\/\/api.w.org\/{rel}","templated":true}]}}