{"id":79759736,"date":"2025-12-08T18:05:01","date_gmt":"2025-12-08T21:05:01","guid":{"rendered":"https:\/\/faculdade.grancursosonline.com.br\/blog\/?p=79759736"},"modified":"2025-12-08T18:14:29","modified_gmt":"2025-12-08T21:14:29","slug":"mes-de-aniversario-do-gran","status":"publish","type":"post","link":"https:\/\/faculdade.grancursosonline.com.br\/blog\/mes-de-aniversario-do-gran\/","title":{"rendered":"M\u00eas de anivers\u00e1rio do GRAN: aproveite a promo de Gradua\u00e7\u00e3o!"},"content":{"rendered":"\n<p>Em dezembro, o GRAN completa 13 anos e, como todo anivers\u00e1rio importante, este tamb\u00e9m marca um novo ciclo. \u00c9 o m\u00eas de olhar para tr\u00e1s com orgulho e para frente com coragem. E, para quem sonha com crescimento profissional, esse momento chega acompanhado da melhor oportunidade do ano para come\u00e7ar a sua faculdade!<\/p>\n\n\n\n<p>Com o reajuste de mensalidade confirmado para o in\u00edcio de 2026, dezembro se tornou o ponto decisivo: quem se matricular agora garante o menor pre\u00e7o de 2025. \u00c9 o tipo de oportunidade que n\u00e3o volta e que muda a vida de quem decide agir antes que o valor aumente.<\/p>\n\n\n\n<p>Saiba mais acompanhando na \u00edntegra, ou navegando pelo \u00edndice:<\/p>\n\n\n\n<ul class=\"wp-block-list\">\n<li><a href=\"#h-por-que-dezembro-e-o-melhor-mes-para-comecar-sua-graduacao\">Por que dezembro \u00e9 o melhor m\u00eas para come\u00e7ar sua gradua\u00e7\u00e3o?<\/a><\/li>\n\n\n\n<li><a href=\"#h-aniversario-do-gran-13-anos-levando-educacao-acessivel-a-todo-o-brasil\">Anivers\u00e1rio do GRAN: 13 anos levando educa\u00e7\u00e3o acess\u00edvel a todo o Brasil<\/a><\/li>\n\n\n\n<li><a href=\"#h-a-promocao-que-nao-volta-menor-preco-do-ano-nbsp\">A promo\u00e7\u00e3o que n\u00e3o volta: menor pre\u00e7o do ano\u00a0<\/a><\/li>\n\n\n\n<li><a href=\"#h-para-quem-ainda-esta-em-duvida-agora-e-o-melhor-momento-nbsp\">Para quem ainda est\u00e1 em d\u00favida: agora \u00e9 o melhor momento\u00a0<\/a><\/li>\n<\/ul>\n\n\n\n<div class=\"wp-block-columns is-layout-flex wp-container-core-columns-is-layout-9d6595d7 wp-block-columns-is-layout-flex\">\n<div class=\"wp-block-column is-layout-flow wp-block-column-is-layout-flow\" style=\"flex-basis:100%\"><div class=\"wp-block-image\">\n<figure class=\"aligncenter size-full\"><a href=\"https:\/\/whatsapp.com\/channel\/0029VaG1sChI7Be7PNndhL43\" target=\"_blank\" rel=\"noopener\"><img decoding=\"async\" src=\"https:\/\/blog-es-static.infra.grancursosonline.com.br\/wp-content\/uploads\/2025\/09\/09112354\/banner-wp-600x142-80.webp\" alt=\"Acesse o canal do WhatsApp da Gran Faculdade\" class=\"wp-image-79751904\"\/><\/a><\/figure>\n<\/div><\/div>\n<\/div>\n\n\n\n<h2 class=\"wp-block-heading\" id=\"h-por-que-dezembro-e-o-melhor-mes-para-comecar-sua-graduacao\"><strong>Por que dezembro \u00e9 o melhor m\u00eas para come\u00e7ar sua gradua\u00e7\u00e3o?<\/strong><\/h2>\n\n\n\n<p>Dezembro \u00e9 o m\u00eas da virada: 13\u00ba no bolso, energia de recome\u00e7o e mais clareza sobre o que voc\u00ea quer para o pr\u00f3ximo ano.&nbsp;<\/p>\n\n\n\n<p>\u00c9 quando muita gente finalmente decide investir em estabilidade, crescimento de carreira e aumento de renda. E agora existe um motivo extra: o reajuste j\u00e1 \u00e9 oficial. Esperar significa pagar mais.<\/p>\n\n\n\n<h2 class=\"wp-block-heading\" id=\"h-aniversario-do-gran-13-anos-levando-educacao-acessivel-a-todo-o-brasil\"><strong>Anivers\u00e1rio do GRAN: 13 anos levando educa\u00e7\u00e3o acess\u00edvel a todo o Brasil<\/strong><\/h2>\n\n\n\n<p>O Sistema Gran de Ensino chega ao seu 13\u00ba anivers\u00e1rio com mais de 800 mil alunos ativos, faculdade com reconhecimento no MEC e uma miss\u00e3o clara: democratizar o ensino superior.&nbsp;<\/p>\n\n\n\n<p>Para comemorar, criamos uma condi\u00e7\u00e3o especial que refor\u00e7a esse prop\u00f3sito: permitir que voc\u00ea estude mais pagando menos. \u00c9 assim que celebramos: abrindo portas para quem quer mudar de vida.<\/p>\n\n\n\n<h2 class=\"wp-block-heading\" id=\"h-a-promocao-que-nao-volta-menor-preco-do-ano-nbsp\"><strong>A promo\u00e7\u00e3o que n\u00e3o volta: menor pre\u00e7o do ano&nbsp;<\/strong><\/h2>\n\n\n\n<p>A oferta \u00e9 simples, transparente e baseada em um fato real: os pre\u00e7os v\u00e3o subir. Quem se matricular agora garante:<\/p>\n\n\n\n<ul class=\"wp-block-list\">\n<li>O menor valor de 2025 antes do reajuste;<\/li>\n\n\n\n<li>Gradua\u00e7\u00e3o a um pre\u00e7o justo.<br><\/li>\n<\/ul>\n\n\n\n<p>N\u00e3o \u00e9 \u201cmarketing\u201d. \u00c9 a verdade dita com clareza: esperar significa perder dinheiro. Aproveite a promo\u00e7\u00e3o:<\/p>\n\n\n\n<div class=\"wp-block-group\"><div class=\"wp-block-group__inner-container is-layout-constrained wp-block-group-is-layout-constrained\">\n<h3 class=\"wp-block-heading\" id=\"h-cupons-de-desconto-graduacao-ead\">Cupons de desconto Gradua\u00e7\u00e3o EAD<\/h3>\n\n\n\n<p>Confira os descontos abaixo e selecione a op\u00e7\u00e3o que melhor se encaixa para voc\u00ea (<strong>valores v\u00e1lidos at\u00e9 o preenchimento das vagas<\/strong> <strong>dispon\u00edveis<\/strong>, os valores para sua matr\u00edcula ser\u00e3o os exibidos no site de compra na hora de fazer sua matr\u00edcula):<\/p>\n\n\n\n<figure class=\"wp-block-table\"><div class=\"container-tabela\"><table><tbody><tr><td>Categoria<\/td><td>Valor mensal<\/td><td>Cupom<\/td><\/tr><tr><td>Gradua\u00e7\u00e3o Social + Mulher<\/td><td>a partir de 12x de <strong><strong><strong><strong>R$ 89,90<\/strong><\/strong><\/strong><\/strong> <\/td><td>GRADSOCIALGRAN<\/td><\/tr><tr><td>Gradua\u00e7\u00e3o Alunos e Ex-alunos Gran<\/td><td>a partir de 12x de <strong><strong><strong><strong>R$ 89,90<\/strong><\/strong><\/strong><\/strong> <\/td><td>GRADALUNOGRAN<\/td><\/tr><tr><td>Gradua\u00e7\u00e3o Novos Alunos<\/td><td>a partir de 12x de <strong><strong><strong><strong>R$ 99,90<\/strong><\/strong><\/strong><\/strong><\/td><td>NOVOGRADGRAN<\/td><\/tr><\/tbody><\/table><\/div><\/figure>\n\n\n\n<p>Al\u00e9m disso, voc\u00ea pode obter 5% de desconto fazendo o pagamento \u00e0 vista!<\/p>\n\n\n\n<p class=\"has-text-align-center\"><strong><a href=\"https:\/\/faculdade.grancursosonline.com.br\/\" target=\"_blank\" rel=\"noopener\">Garanta sua matr\u00edcula com desconto!<\/a><\/strong><\/p>\n<\/div><\/div>\n\n\n\n<h2 class=\"wp-block-heading\" id=\"h-para-quem-ainda-esta-em-duvida-agora-e-o-melhor-momento-nbsp\"><strong>Para quem ainda est\u00e1 em d\u00favida: agora \u00e9 o melhor momento&nbsp;<\/strong><\/h2>\n\n\n\n<p>O p\u00fablico do Gran \u00e9 feito de pessoas que sonham com uma mudan\u00e7a de vida atrav\u00e9s da educa\u00e7\u00e3o, quer seja atrav\u00e9s de uma gradua\u00e7\u00e3o ou sendo aprovado em um concurso p\u00fablico.&nbsp;<\/p>\n\n\n\n<p>Deixar para depois custa mais caro e significa adiar o sucesso dos seus projetos. Come\u00e7ar agora \u00e9 a escolha mais estrat\u00e9gica, para o bolso e para o futuro. Escolha a sua gradua\u00e7\u00e3o e aproveite uma gradua\u00e7\u00e3o de qualidade com o menor pre\u00e7o.&nbsp;<\/p>\n\n\n\n<h2 class=\"wp-block-heading\" id=\"h-conheca-os-cursos-da-gran-faculdade\">Conhe\u00e7a os cursos da Gran Faculdade!<\/h2>\n\n\n\n<p>Na <a href=\"https:\/\/faculdade.grancursosonline.com.br\/\" target=\"_blank\" rel=\"noreferrer noopener\">Gran Faculdade<\/a>, voc\u00ea encontra diversas op\u00e7\u00f5es para sua forma\u00e7\u00e3o, desde cursos de <a href=\"https:\/\/faculdade.grancursosonline.com.br\/\" target=\"_blank\" rel=\"noreferrer noopener\">gradua\u00e7\u00e3o<\/a> at\u00e9 <a href=\"https:\/\/pos.grancursosonline.com.br\/\" target=\"_blank\" rel=\"noreferrer noopener\">especializa\u00e7\u00f5es<\/a> e <a href=\"https:\/\/pos.grancursosonline.com.br\/mba\" target=\"_blank\" rel=\"noreferrer noopener\">MBAs<\/a>, com a flexibilidade e qualidade que voc\u00ea precisa para avan\u00e7ar na sua carreira.<\/p>\n\n\n\n<p>Nossos cursos de <a href=\"https:\/\/faculdade.grancursosonline.com.br\/\" target=\"_blank\" rel=\"noreferrer noopener\">gradua\u00e7\u00e3o<\/a> e <a href=\"https:\/\/pos.grancursosonline.com.br\/\" target=\"_blank\" rel=\"noreferrer noopener\">p\u00f3s-gradua\u00e7\u00e3o EAD<\/a> s\u00e3o 100% online, mas tamb\u00e9m oferecemos op\u00e7\u00f5es de <a href=\"https:\/\/presencial.grancursosonline.com.br\/\" target=\"_blank\" rel=\"noreferrer noopener\">cursos presenciais no Campus Curitiba<\/a>, permitindo que voc\u00ea estude de forma pr\u00e1tica e no seu ritmo e do seu jeito, otimizando tamb\u00e9m a prepara\u00e7\u00e3o para concursos p\u00fablicos. Eles oferecem uma base s\u00f3lida para sua atua\u00e7\u00e3o profissional e te ajudam a se destacar ainda mais no mercado.<\/p>\n\n\n\n<p>S\u00e3o v\u00e1rias op\u00e7\u00f5es de cursos nas \u00e1reas de Gest\u00e3o, Educa\u00e7\u00e3o, Direito, Policial, Tecnologia e Engenharia. Aqui, voc\u00ea estuda em uma institui\u00e7\u00e3o reconhecida pelo MEC com nota m\u00e1xima, aproveitando mensalidades acess\u00edveis e ajustadas \u00e0 sua rotina.<\/p>\n\n\n\n<p>N\u00e3o perca a chance de transformar sua vida acad\u00eamica e profissional! Confira nossos cursos, fa\u00e7a sua matr\u00edcula e comece hoje mesmo sua jornada com o Gran Faculdade:<\/p>\n\n\n\n<p class=\"has-text-align-center\"><a href=\"https:\/\/faculdade.grancursosonline.com.br\/\" target=\"_blank\" rel=\"noreferrer noopener\">Conhe\u00e7a os cursos da Gran Faculdade<\/a><\/p>\n\n\n\n<div class=\"wp-block-group\"><div class=\"wp-block-group__inner-container is-layout-constrained wp-block-group-is-layout-constrained\">\n<div class=\"wp-block-group\"><div class=\"wp-block-group__inner-container is-layout-constrained wp-block-group-is-layout-constrained\">\n<section style=\"text-align: center;\">\n<p>Quer ficar por dentro da Faculdade Digital mais inovadora do Brasil?<\/p>\n<nav>\n<p class=\"has-background has-dark-bluish-background-color\" style=\"font-size: 25px; text-align: center; background: #f0f0f0; color: #ffffff; padding: 4px 0px 4xp 0px;\"><a style=\"color: #0d134c; text-decoration: underline;\" href=\"https:\/\/faculdade.grancursosonline.com.br\/\" target=\"_blank\" rel=\"noopener\">GRADUA\u00c7\u00c3O<\/a><\/p>\n<p class=\"has-background has-dark-bluish-background-color\" style=\"font-size: 25px; text-align: center; background: #f0f0f0; color: #ffffff; padding: 4px 0px 4xp 0px;\"><a style=\"color: #0d134c; text-decoration: underline;\" href=\"https:\/\/pos.grancursosonline.com.br\/\" target=\"_blank\" rel=\"noopener\">P\u00d3S-GRADUA\u00c7\u00c3O<\/a><\/p>\n<p class=\"has-background has-dark-bluish-background-color\" style=\"font-size: 25px; text-align: center; background: #f0f0f0; color: #ffffff; padding: 4px 0px 4xp 0px;\"><a style=\"color: #0d134c; text-decoration: underline;\" href=\"https:\/\/faculdade.grancursosonline.com.br\/nossos-cursos\/\" target=\"_blank\" rel=\"noopener\">TUDO SOBRE A GRAN FACULDADE<\/a><\/p>\n<\/nav>\n<p><strong>Receba <span style=\"color: #cf1e25;\">gratuitamente<\/span> no seu celular as principais not\u00edcias sobre a Gran Faculdade! <br \/>Clique no link abaixo e inscreva-se:<\/strong><\/p>\n<p class=\"has-background has-dark-bluish-background-color\" style=\"font-size: 25px; text-align: center; background: #f0f0f0; color: #ffffff; padding: 4px 0px 4xp 0px;\"><a style=\"color: #0d134c; text-decoration: underline;\" href=\"https:\/\/whatsapp.com\/channel\/0029VaG1sChI7Be7PNndhL43\" target=\"_blank\" rel=\"noopener noreferrer\">WHATSAPP<\/a><\/p>\n<p class=\"has-background has-dark-bluish-background-color\" style=\"font-size: 25px; text-align: center; background: #f0f0f0; color: #ffffff; padding: 4px 0px 4xp 0px;\"><a style=\"color: #0d134c; text-decoration: underline;\" href=\"https:\/\/t.me\/GranFaculdade\" target=\"_blank\" rel=\"noopener noreferrer\">TELEGRAM<\/a><\/p>\n<\/section>\n<\/div><\/div>\n<\/div><\/div>\n","protected":false},"excerpt":{"rendered":"<p>Em dezembro, o GRAN completa 13 anos e, como todo anivers\u00e1rio importante, este tamb\u00e9m marca um novo ciclo. \u00c9 o m\u00eas de olhar para tr\u00e1s com orgulho e para frente com coragem. E, para quem sonha com crescimento profissional, esse momento chega acompanhado da melhor oportunidade do ano para come\u00e7ar a sua faculdade! Com o&hellip;<\/p>\n","protected":false},"author":514,"featured_media":79759737,"comment_status":"open","ping_status":"open","sticky":false,"template":"","format":"standard","meta":{"_acf_changed":false,"content-type":"","footnotes":""},"categories":[219790,218545,209229,2],"tags":[],"class_list":["post-79759736","post","type-post","status-publish","format-standard","has-post-thumbnail","hentry","category-graduacao-ead","category-graduacao","category-pos-graduacao","category-ultimas-noticias"],"acf":[],"yoast_head":"<!-- This site is optimized with the Yoast SEO Premium plugin v27.2 (Yoast SEO v27.2) - https:\/\/yoast.com\/product\/yoast-seo-premium-wordpress\/ -->\n<title>M\u00eas de anivers\u00e1rio do GRAN: aproveite a promo de Gradua\u00e7\u00e3o!<\/title>\n<meta name=\"description\" content=\"Promo de anivers\u00e1rio Gran: matr\u00edculas com pre\u00e7o congelado. Comece sua gradua\u00e7\u00e3o agora e evite o reajuste do pr\u00f3ximo ano.\" \/>\n<meta name=\"robots\" content=\"index, follow, max-snippet:-1, max-image-preview:large, max-video-preview:-1\" \/>\n<link rel=\"canonical\" href=\"https:\/\/faculdade.grancursosonline.com.br\/blog\/mes-de-aniversario-do-gran\/\" \/>\n<meta property=\"og:locale\" content=\"pt_BR\" \/>\n<meta property=\"og:type\" content=\"article\" \/>\n<meta property=\"og:title\" content=\"M\u00eas de anivers\u00e1rio do GRAN: aproveite a promo de Gradua\u00e7\u00e3o!\" \/>\n<meta property=\"og:description\" content=\"Promo de anivers\u00e1rio Gran: matr\u00edculas com pre\u00e7o congelado. Comece sua gradua\u00e7\u00e3o agora e evite o reajuste do pr\u00f3ximo ano.\" \/>\n<meta property=\"og:url\" content=\"https:\/\/faculdade.grancursosonline.com.br\/blog\/mes-de-aniversario-do-gran\/\" \/>\n<meta property=\"og:site_name\" content=\"Blog Gran Faculdade\" \/>\n<meta property=\"article:publisher\" content=\"https:\/\/www.facebook.com\/grancursosonline\/\" \/>\n<meta property=\"article:published_time\" content=\"2025-12-08T21:05:01+00:00\" \/>\n<meta property=\"article:modified_time\" content=\"2025-12-08T21:14:29+00:00\" \/>\n<meta property=\"og:image\" content=\"https:\/\/blog-es-static.infra.grancursosonline.com.br\/wp-content\/uploads\/2025\/12\/08180137\/ANIVERSARIO-GRAN-Artes-Blog-Gran-Faculdade-Graduacao_1200x628.webp\" \/>\n\t<meta property=\"og:image:width\" content=\"1201\" \/>\n\t<meta property=\"og:image:height\" content=\"629\" \/>\n\t<meta property=\"og:image:type\" content=\"image\/webp\" \/>\n<meta name=\"author\" content=\"Guilherme Henrique\" \/>\n<meta name=\"twitter:card\" content=\"summary_large_image\" \/>\n<meta name=\"twitter:creator\" content=\"@gran_online\" \/>\n<meta name=\"twitter:site\" content=\"@gran_online\" \/>\n<meta name=\"twitter:label1\" content=\"Written by\" \/>\n\t<meta name=\"twitter:data1\" content=\"Guilherme Henrique\" \/>\n\t<meta name=\"twitter:label2\" content=\"Est. reading time\" \/>\n\t<meta name=\"twitter:data2\" content=\"13 minutos\" \/>\n<script type=\"application\/ld+json\" class=\"yoast-schema-graph\">{\"@context\":\"https:\/\/schema.org\",\"@graph\":[{\"@type\":\"NewsArticle\",\"@id\":\"https:\/\/faculdade.grancursosonline.com.br\/blog\/mes-de-aniversario-do-gran\/#article\",\"isPartOf\":{\"@id\":\"https:\/\/faculdade.grancursosonline.com.br\/blog\/mes-de-aniversario-do-gran\/\"},\"author\":{\"name\":\"Guilherme Henrique\",\"@id\":\"https:\/\/faculdade.grancursosonline.com.br\/blog\/#\/schema\/person\/9745f9b6db8976613c1f439dbcfe717d\"},\"headline\":\"M\u00eas de anivers\u00e1rio do GRAN: aproveite a promo de Gradua\u00e7\u00e3o!\",\"datePublished\":\"2025-12-08T21:05:01+00:00\",\"dateModified\":\"2025-12-08T21:14:29+00:00\",\"mainEntityOfPage\":{\"@id\":\"https:\/\/faculdade.grancursosonline.com.br\/blog\/mes-de-aniversario-do-gran\/\"},\"wordCount\":482,\"commentCount\":0,\"publisher\":{\"@id\":\"https:\/\/faculdade.grancursosonline.com.br\/blog\/#organization\"},\"image\":{\"@id\":\"https:\/\/faculdade.grancursosonline.com.br\/blog\/mes-de-aniversario-do-gran\/#primaryimage\"},\"thumbnailUrl\":\"https:\/\/blog-es-static.infra.grancursosonline.com.br\/wp-content\/uploads\/2025\/12\/08180137\/ANIVERSARIO-GRAN-Artes-Blog-Gran-Faculdade-Graduacao_1200x628.webp\",\"articleSection\":[\"Gradua\u00e7\u00e3o EAD\",\"Gradua\u00e7\u00e3o Gran Faculdade\",\"P\u00f3s-Gradua\u00e7\u00e3o Gran Faculdade\",\"\u00daltimas Not\u00edcias\"],\"inLanguage\":\"pt-BR\",\"potentialAction\":[{\"@type\":\"CommentAction\",\"name\":\"Comment\",\"target\":[\"https:\/\/faculdade.grancursosonline.com.br\/blog\/mes-de-aniversario-do-gran\/#respond\"]}],\"copyrightYear\":\"2025\",\"copyrightHolder\":{\"@id\":\"https:\/\/faculdade.grancursosonline.com.br\/blog\/#organization\"}},{\"@type\":\"WebPage\",\"@id\":\"https:\/\/faculdade.grancursosonline.com.br\/blog\/mes-de-aniversario-do-gran\/\",\"url\":\"https:\/\/faculdade.grancursosonline.com.br\/blog\/mes-de-aniversario-do-gran\/\",\"name\":\"M\u00eas de anivers\u00e1rio do GRAN: aproveite a promo de Gradua\u00e7\u00e3o!\",\"isPartOf\":{\"@id\":\"https:\/\/faculdade.grancursosonline.com.br\/blog\/#website\"},\"primaryImageOfPage\":{\"@id\":\"https:\/\/faculdade.grancursosonline.com.br\/blog\/mes-de-aniversario-do-gran\/#primaryimage\"},\"image\":{\"@id\":\"https:\/\/faculdade.grancursosonline.com.br\/blog\/mes-de-aniversario-do-gran\/#primaryimage\"},\"thumbnailUrl\":\"https:\/\/blog-es-static.infra.grancursosonline.com.br\/wp-content\/uploads\/2025\/12\/08180137\/ANIVERSARIO-GRAN-Artes-Blog-Gran-Faculdade-Graduacao_1200x628.webp\",\"datePublished\":\"2025-12-08T21:05:01+00:00\",\"dateModified\":\"2025-12-08T21:14:29+00:00\",\"description\":\"Promo de anivers\u00e1rio Gran: matr\u00edculas com pre\u00e7o congelado. Comece sua gradua\u00e7\u00e3o agora e evite o reajuste do pr\u00f3ximo ano.\",\"breadcrumb\":{\"@id\":\"https:\/\/faculdade.grancursosonline.com.br\/blog\/mes-de-aniversario-do-gran\/#breadcrumb\"},\"inLanguage\":\"pt-BR\",\"potentialAction\":[{\"@type\":\"ReadAction\",\"target\":[\"https:\/\/faculdade.grancursosonline.com.br\/blog\/mes-de-aniversario-do-gran\/\"]}]},{\"@type\":\"ImageObject\",\"inLanguage\":\"pt-BR\",\"@id\":\"https:\/\/faculdade.grancursosonline.com.br\/blog\/mes-de-aniversario-do-gran\/#primaryimage\",\"url\":\"https:\/\/blog-es-static.infra.grancursosonline.com.br\/wp-content\/uploads\/2025\/12\/08180137\/ANIVERSARIO-GRAN-Artes-Blog-Gran-Faculdade-Graduacao_1200x628.webp\",\"contentUrl\":\"https:\/\/blog-es-static.infra.grancursosonline.com.br\/wp-content\/uploads\/2025\/12\/08180137\/ANIVERSARIO-GRAN-Artes-Blog-Gran-Faculdade-Graduacao_1200x628.webp\",\"width\":1201,\"height\":629},{\"@type\":\"BreadcrumbList\",\"@id\":\"https:\/\/faculdade.grancursosonline.com.br\/blog\/mes-de-aniversario-do-gran\/#breadcrumb\",\"itemListElement\":[{\"@type\":\"ListItem\",\"position\":1,\"name\":\"In\u00edcio\",\"item\":\"https:\/\/faculdade.grancursosonline.com.br\/blog\/\"},{\"@type\":\"ListItem\",\"position\":2,\"name\":\"Gradua\u00e7\u00e3o Gran Faculdade\",\"item\":\"https:\/\/faculdade.grancursosonline.com.br\/blog\/graduacao\/\"},{\"@type\":\"ListItem\",\"position\":3,\"name\":\"M\u00eas de anivers\u00e1rio do GRAN: aproveite a promo de Gradua\u00e7\u00e3o!\"}]},{\"@type\":\"WebSite\",\"@id\":\"https:\/\/faculdade.grancursosonline.com.br\/blog\/#website\",\"url\":\"https:\/\/faculdade.grancursosonline.com.br\/blog\/\",\"name\":\"Blog Gran Faculdade\",\"description\":\"Tudo sobre ensino superior, p\u00f3s-gradua\u00e7\u00e3o, enem e carreira.\",\"publisher\":{\"@id\":\"https:\/\/faculdade.grancursosonline.com.br\/blog\/#organization\"},\"potentialAction\":[{\"@type\":\"SearchAction\",\"target\":{\"@type\":\"EntryPoint\",\"urlTemplate\":\"https:\/\/faculdade.grancursosonline.com.br\/blog\/?s={search_term_string}\"},\"query-input\":{\"@type\":\"PropertyValueSpecification\",\"valueRequired\":true,\"valueName\":\"search_term_string\"}}],\"inLanguage\":\"pt-BR\"},{\"@type\":\"Organization\",\"@id\":\"https:\/\/faculdade.grancursosonline.com.br\/blog\/#organization\",\"name\":\"Gran Cursos Online\",\"url\":\"https:\/\/faculdade.grancursosonline.com.br\/blog\/\",\"logo\":{\"@type\":\"ImageObject\",\"inLanguage\":\"pt-BR\",\"@id\":\"https:\/\/faculdade.grancursosonline.com.br\/blog\/#\/schema\/logo\/image\/\",\"url\":\"https:\/\/blog-es-static.infra.grancursosonline.com.br\/wp-content\/uploads\/2019\/08\/03123934\/logo.png\",\"contentUrl\":\"https:\/\/blog-es-static.infra.grancursosonline.com.br\/wp-content\/uploads\/2019\/08\/03123934\/logo.png\",\"width\":300,\"height\":57,\"caption\":\"Gran Cursos Online\"},\"image\":{\"@id\":\"https:\/\/faculdade.grancursosonline.com.br\/blog\/#\/schema\/logo\/image\/\"},\"sameAs\":[\"https:\/\/www.facebook.com\/grancursosonline\/\",\"https:\/\/x.com\/gran_online\",\"https:\/\/www.instagram.com\/grancursosonline\/\",\"https:\/\/www.youtube.com\/user\/grancursostv\"]},{\"@type\":\"Person\",\"@id\":\"https:\/\/faculdade.grancursosonline.com.br\/blog\/#\/schema\/person\/9745f9b6db8976613c1f439dbcfe717d\",\"name\":\"Guilherme Henrique\",\"url\":\"https:\/\/faculdade.grancursosonline.com.br\/blog\/author\/guilherme-lourenco\/\"}]}<\/script>\n<!-- \/ Yoast SEO Premium plugin. -->","yoast_head_json":{"title":"M\u00eas de anivers\u00e1rio do GRAN: aproveite a promo de Gradua\u00e7\u00e3o!","description":"Promo de anivers\u00e1rio Gran: matr\u00edculas com pre\u00e7o congelado. Comece sua gradua\u00e7\u00e3o agora e evite o reajuste do pr\u00f3ximo ano.","robots":{"index":"index","follow":"follow","max-snippet":"max-snippet:-1","max-image-preview":"max-image-preview:large","max-video-preview":"max-video-preview:-1"},"canonical":"https:\/\/faculdade.grancursosonline.com.br\/blog\/mes-de-aniversario-do-gran\/","og_locale":"pt_BR","og_type":"article","og_title":"M\u00eas de anivers\u00e1rio do GRAN: aproveite a promo de Gradua\u00e7\u00e3o!","og_description":"Promo de anivers\u00e1rio Gran: matr\u00edculas com pre\u00e7o congelado. Comece sua gradua\u00e7\u00e3o agora e evite o reajuste do pr\u00f3ximo ano.","og_url":"https:\/\/faculdade.grancursosonline.com.br\/blog\/mes-de-aniversario-do-gran\/","og_site_name":"Blog Gran Faculdade","article_publisher":"https:\/\/www.facebook.com\/grancursosonline\/","article_published_time":"2025-12-08T21:05:01+00:00","article_modified_time":"2025-12-08T21:14:29+00:00","og_image":[{"width":1201,"height":629,"url":"https:\/\/blog-es-static.infra.grancursosonline.com.br\/wp-content\/uploads\/2025\/12\/08180137\/ANIVERSARIO-GRAN-Artes-Blog-Gran-Faculdade-Graduacao_1200x628.webp","type":"image\/webp"}],"author":"Guilherme Henrique","twitter_card":"summary_large_image","twitter_creator":"@gran_online","twitter_site":"@gran_online","twitter_misc":{"Written by":"Guilherme Henrique","Est. reading time":"13 minutos"},"schema":{"@context":"https:\/\/schema.org","@graph":[{"@type":"NewsArticle","@id":"https:\/\/faculdade.grancursosonline.com.br\/blog\/mes-de-aniversario-do-gran\/#article","isPartOf":{"@id":"https:\/\/faculdade.grancursosonline.com.br\/blog\/mes-de-aniversario-do-gran\/"},"author":{"name":"Guilherme Henrique","@id":"https:\/\/faculdade.grancursosonline.com.br\/blog\/#\/schema\/person\/9745f9b6db8976613c1f439dbcfe717d"},"headline":"M\u00eas de anivers\u00e1rio do GRAN: aproveite a promo de Gradua\u00e7\u00e3o!","datePublished":"2025-12-08T21:05:01+00:00","dateModified":"2025-12-08T21:14:29+00:00","mainEntityOfPage":{"@id":"https:\/\/faculdade.grancursosonline.com.br\/blog\/mes-de-aniversario-do-gran\/"},"wordCount":482,"commentCount":0,"publisher":{"@id":"https:\/\/faculdade.grancursosonline.com.br\/blog\/#organization"},"image":{"@id":"https:\/\/faculdade.grancursosonline.com.br\/blog\/mes-de-aniversario-do-gran\/#primaryimage"},"thumbnailUrl":"https:\/\/blog-es-static.infra.grancursosonline.com.br\/wp-content\/uploads\/2025\/12\/08180137\/ANIVERSARIO-GRAN-Artes-Blog-Gran-Faculdade-Graduacao_1200x628.webp","articleSection":["Gradua\u00e7\u00e3o EAD","Gradua\u00e7\u00e3o Gran Faculdade","P\u00f3s-Gradua\u00e7\u00e3o Gran Faculdade","\u00daltimas Not\u00edcias"],"inLanguage":"pt-BR","potentialAction":[{"@type":"CommentAction","name":"Comment","target":["https:\/\/faculdade.grancursosonline.com.br\/blog\/mes-de-aniversario-do-gran\/#respond"]}],"copyrightYear":"2025","copyrightHolder":{"@id":"https:\/\/faculdade.grancursosonline.com.br\/blog\/#organization"}},{"@type":"WebPage","@id":"https:\/\/faculdade.grancursosonline.com.br\/blog\/mes-de-aniversario-do-gran\/","url":"https:\/\/faculdade.grancursosonline.com.br\/blog\/mes-de-aniversario-do-gran\/","name":"M\u00eas de anivers\u00e1rio do GRAN: aproveite a promo de Gradua\u00e7\u00e3o!","isPartOf":{"@id":"https:\/\/faculdade.grancursosonline.com.br\/blog\/#website"},"primaryImageOfPage":{"@id":"https:\/\/faculdade.grancursosonline.com.br\/blog\/mes-de-aniversario-do-gran\/#primaryimage"},"image":{"@id":"https:\/\/faculdade.grancursosonline.com.br\/blog\/mes-de-aniversario-do-gran\/#primaryimage"},"thumbnailUrl":"https:\/\/blog-es-static.infra.grancursosonline.com.br\/wp-content\/uploads\/2025\/12\/08180137\/ANIVERSARIO-GRAN-Artes-Blog-Gran-Faculdade-Graduacao_1200x628.webp","datePublished":"2025-12-08T21:05:01+00:00","dateModified":"2025-12-08T21:14:29+00:00","description":"Promo de anivers\u00e1rio Gran: matr\u00edculas com pre\u00e7o congelado. Comece sua gradua\u00e7\u00e3o agora e evite o reajuste do pr\u00f3ximo ano.","breadcrumb":{"@id":"https:\/\/faculdade.grancursosonline.com.br\/blog\/mes-de-aniversario-do-gran\/#breadcrumb"},"inLanguage":"pt-BR","potentialAction":[{"@type":"ReadAction","target":["https:\/\/faculdade.grancursosonline.com.br\/blog\/mes-de-aniversario-do-gran\/"]}]},{"@type":"ImageObject","inLanguage":"pt-BR","@id":"https:\/\/faculdade.grancursosonline.com.br\/blog\/mes-de-aniversario-do-gran\/#primaryimage","url":"https:\/\/blog-es-static.infra.grancursosonline.com.br\/wp-content\/uploads\/2025\/12\/08180137\/ANIVERSARIO-GRAN-Artes-Blog-Gran-Faculdade-Graduacao_1200x628.webp","contentUrl":"https:\/\/blog-es-static.infra.grancursosonline.com.br\/wp-content\/uploads\/2025\/12\/08180137\/ANIVERSARIO-GRAN-Artes-Blog-Gran-Faculdade-Graduacao_1200x628.webp","width":1201,"height":629},{"@type":"BreadcrumbList","@id":"https:\/\/faculdade.grancursosonline.com.br\/blog\/mes-de-aniversario-do-gran\/#breadcrumb","itemListElement":[{"@type":"ListItem","position":1,"name":"In\u00edcio","item":"https:\/\/faculdade.grancursosonline.com.br\/blog\/"},{"@type":"ListItem","position":2,"name":"Gradua\u00e7\u00e3o Gran Faculdade","item":"https:\/\/faculdade.grancursosonline.com.br\/blog\/graduacao\/"},{"@type":"ListItem","position":3,"name":"M\u00eas de anivers\u00e1rio do GRAN: aproveite a promo de Gradua\u00e7\u00e3o!"}]},{"@type":"WebSite","@id":"https:\/\/faculdade.grancursosonline.com.br\/blog\/#website","url":"https:\/\/faculdade.grancursosonline.com.br\/blog\/","name":"Blog Gran Faculdade","description":"Tudo sobre ensino superior, p\u00f3s-gradua\u00e7\u00e3o, enem e carreira.","publisher":{"@id":"https:\/\/faculdade.grancursosonline.com.br\/blog\/#organization"},"potentialAction":[{"@type":"SearchAction","target":{"@type":"EntryPoint","urlTemplate":"https:\/\/faculdade.grancursosonline.com.br\/blog\/?s={search_term_string}"},"query-input":{"@type":"PropertyValueSpecification","valueRequired":true,"valueName":"search_term_string"}}],"inLanguage":"pt-BR"},{"@type":"Organization","@id":"https:\/\/faculdade.grancursosonline.com.br\/blog\/#organization","name":"Gran Cursos Online","url":"https:\/\/faculdade.grancursosonline.com.br\/blog\/","logo":{"@type":"ImageObject","inLanguage":"pt-BR","@id":"https:\/\/faculdade.grancursosonline.com.br\/blog\/#\/schema\/logo\/image\/","url":"https:\/\/blog-es-static.infra.grancursosonline.com.br\/wp-content\/uploads\/2019\/08\/03123934\/logo.png","contentUrl":"https:\/\/blog-es-static.infra.grancursosonline.com.br\/wp-content\/uploads\/2019\/08\/03123934\/logo.png","width":300,"height":57,"caption":"Gran Cursos Online"},"image":{"@id":"https:\/\/faculdade.grancursosonline.com.br\/blog\/#\/schema\/logo\/image\/"},"sameAs":["https:\/\/www.facebook.com\/grancursosonline\/","https:\/\/x.com\/gran_online","https:\/\/www.instagram.com\/grancursosonline\/","https:\/\/www.youtube.com\/user\/grancursostv"]},{"@type":"Person","@id":"https:\/\/faculdade.grancursosonline.com.br\/blog\/#\/schema\/person\/9745f9b6db8976613c1f439dbcfe717d","name":"Guilherme Henrique","url":"https:\/\/faculdade.grancursosonline.com.br\/blog\/author\/guilherme-lourenco\/"}]}},"_links":{"self":[{"href":"https:\/\/faculdade.grancursosonline.com.br\/blog\/wp-json\/wp\/v2\/posts\/79759736","targetHints":{"allow":["GET"]}}],"collection":[{"href":"https:\/\/faculdade.grancursosonline.com.br\/blog\/wp-json\/wp\/v2\/posts"}],"about":[{"href":"https:\/\/faculdade.grancursosonline.com.br\/blog\/wp-json\/wp\/v2\/types\/post"}],"author":[{"embeddable":true,"href":"https:\/\/faculdade.grancursosonline.com.br\/blog\/wp-json\/wp\/v2\/users\/514"}],"replies":[{"embeddable":true,"href":"https:\/\/faculdade.grancursosonline.com.br\/blog\/wp-json\/wp\/v2\/comments?post=79759736"}],"version-history":[{"count":1,"href":"https:\/\/faculdade.grancursosonline.com.br\/blog\/wp-json\/wp\/v2\/posts\/79759736\/revisions"}],"predecessor-version":[{"id":79759738,"href":"https:\/\/faculdade.grancursosonline.com.br\/blog\/wp-json\/wp\/v2\/posts\/79759736\/revisions\/79759738"}],"wp:featuredmedia":[{"embeddable":true,"href":"https:\/\/faculdade.grancursosonline.com.br\/blog\/wp-json\/wp\/v2\/media\/79759737"}],"wp:attachment":[{"href":"https:\/\/faculdade.grancursosonline.com.br\/blog\/wp-json\/wp\/v2\/media?parent=79759736"}],"wp:term":[{"taxonomy":"category","embeddable":true,"href":"https:\/\/faculdade.grancursosonline.com.br\/blog\/wp-json\/wp\/v2\/categories?post=79759736"},{"taxonomy":"post_tag","embeddable":true,"href":"https:\/\/faculdade.grancursosonline.com.br\/blog\/wp-json\/wp\/v2\/tags?post=79759736"}],"curies":[{"name":"wp","href":"https:\/\/api.w.org\/{rel}","templated":true}]}}