{"id":79760162,"date":"2025-12-30T17:29:44","date_gmt":"2025-12-30T20:29:44","guid":{"rendered":"https:\/\/faculdade.grancursosonline.com.br\/blog\/?p=79760162"},"modified":"2026-01-05T18:52:29","modified_gmt":"2026-01-05T21:52:29","slug":"modernidade-liquida","status":"publish","type":"post","link":"https:\/\/faculdade.grancursosonline.com.br\/blog\/modernidade-liquida\/","title":{"rendered":"Modernidade l\u00edquida: o que \u00e9 esse conceito, caracter\u00edsticas e impactos na sociedade atual"},"content":{"rendered":"\n<p>Se antes as institui\u00e7\u00f5es, as rela\u00e7\u00f5es e as carreiras eram vistas como &#8220;rochas&#8221; s\u00f3lidas e imut\u00e1veis, hoje tudo parece escorrer pelas m\u00e3os. Essa sensa\u00e7\u00e3o de imperman\u00eancia n\u00e3o \u00e9 mera coincid\u00eancia, ela \u00e9 o pilar da modernidade l\u00edquida, conceito desenvolvido por Zygmunt Bauman.<\/p>\n\n\n\n<p>Essa teoria busca explicar por que vivemos em um mundo marcado pela instabilidade, pela inseguran\u00e7a e pela fragilidade das rela\u00e7\u00f5es humanas, diferente das sociedades do passado, marcadas por estruturas est\u00e1veis e previs\u00edveis.<\/p>\n\n\n\n<p>Para estudantes de gradua\u00e7\u00e3o, p\u00f3s-gradua\u00e7\u00e3o e candidatos a concursos, compreender essa teoria \u00e9 essencial n\u00e3o apenas para o repert\u00f3rio acad\u00eamico, mas para entender a pr\u00f3pria din\u00e2mica do mercado de trabalho e da vida contempor\u00e2nea.<\/p>\n\n\n\n<p>Ent\u00e3o, continue a leitura e entenda o que \u00e9 a modernidade l\u00edquida, suas principais caracter\u00edsticas, exemplos na vida cotidiana, cr\u00edticas ao conceito e como utiliz\u00e1-lo de forma adequada em reda\u00e7\u00f5es e textos argumentativos.<\/p>\n\n\n\n<p>Se preferir, navegue pelo \u00edndice:<\/p>\n\n\n\n<ul class=\"wp-block-list\">\n<li><a href=\"#h-o-que-e-modernidade-liquida\">O que \u00e9 modernidade l\u00edquida?<\/a><\/li>\n\n\n\n<li><a href=\"#h-principais-caracteristicas-da-modernidade-liquida\">Principais caracter\u00edsticas da modernidade l\u00edquida<\/a><\/li>\n\n\n\n<li><a href=\"#h-modernidade-liquida-x-modernidade-solida-qual-a-diferenca\">Modernidade l\u00edquida x modernidade s\u00f3lida: qual a diferen\u00e7a?<\/a><\/li>\n\n\n\n<li><a href=\"#h-exemplos-na-vida-cotidiana\">Exemplos na vida cotidiana<\/a><\/li>\n\n\n\n<li><a href=\"#h-criticas-e-debates\">Cr\u00edticas e debates<\/a><\/li>\n\n\n\n<li><a href=\"#h-como-discutir-modernidade-liquida-na-redacao\">Como discutir modernidade l\u00edquida na reda\u00e7\u00e3o?<\/a><\/li>\n\n\n\n<li><a href=\"#h-modernidade-liquida-resumo\">Modernidade l\u00edquida: resumo<\/a><\/li>\n\n\n\n<li><a href=\"#h-perguntas-frequentes-faq\">Perguntas Frequentes (FAQ)<\/a><\/li>\n\n\n\n<li><a href=\"#h-vem-pra-gran-faculdade\">Vem pra Gran Faculdade!<\/a><\/li>\n<\/ul>\n\n\n\n<div class=\"wp-block-columns is-layout-flex wp-container-core-columns-is-layout-9d6595d7 wp-block-columns-is-layout-flex\">\n<div class=\"wp-block-column is-layout-flow wp-block-column-is-layout-flow\" style=\"flex-basis:100%\"><div class=\"wp-block-image\">\n<figure class=\"aligncenter size-full\"><a href=\"https:\/\/whatsapp.com\/channel\/0029VaG1sChI7Be7PNndhL43\" target=\"_blank\" rel=\"noopener\"><img decoding=\"async\" src=\"https:\/\/blog-es-static.infra.grancursosonline.com.br\/wp-content\/uploads\/2025\/09\/09112354\/banner-wp-600x142-80.webp\" alt=\"Acesse o canal do WhatsApp da Gran Faculdade\" class=\"wp-image-79751904\"\/><\/a><\/figure>\n<\/div><\/div>\n<\/div>\n\n\n\n<h2 class=\"wp-block-heading\" id=\"h-o-que-e-modernidade-liquida\">O que \u00e9 modernidade l\u00edquida?<\/h2>\n\n\n\n<p>A modernidade l\u00edquida \u00e9 um conceito sociol\u00f3gico que descreve a condi\u00e7\u00e3o da sociedade contempor\u00e2nea, caracterizada pela instabilidade das institui\u00e7\u00f5es, pela fragilidade dos v\u00ednculos humanos e pela aus\u00eancia de refer\u00eancias s\u00f3lidas.<\/p>\n\n\n\n<p>Ela \u00e9 usada como uma met\u00e1fora utilizada por Bauman para descrever a forma atual da nossa sociedade. Segundo o autor, passamos de uma fase &#8220;s\u00f3lida&#8221; onde as estruturas sociais, religiosas e familiares eram r\u00edgidas e previs\u00edveis para uma fase &#8220;l\u00edquida&#8221;, onde as formas sociais se decomp\u00f5em e se transformam rapidamente.<\/p>\n\n\n\n<p>Bauman utiliza a met\u00e1fora do \u201cl\u00edquido\u201d porque os l\u00edquidos n\u00e3o mant\u00eam uma forma fixa: eles se adaptam ao recipiente que os cont\u00e9m. Da mesma forma, na sociedade atual, valores, identidades, rela\u00e7\u00f5es sociais e projetos de vida mudam com facilidade, sem se fixarem por longos per\u00edodos.<\/p>\n\n\n\n<p>Nesse cen\u00e1rio, nada \u00e9 feito para durar. A fluidez \u00e9 a regra: as ideias, as modas e at\u00e9 as identidades pessoais mudam antes mesmo de se consolidarem. \u00c9 um estado de incerteza constante, onde a \u00fanica perman\u00eancia \u00e9 a pr\u00f3pria mudan\u00e7a.<\/p>\n\n\n\n<p>Segundo o autor, n\u00e3o vivemos o fim da modernidade, mas uma nova fase dela. A l\u00f3gica moderna permanece como o individualismo, o consumo e a racionalidade econ\u00f4mica, por\u00e9m sem as estruturas s\u00f3lidas que antes garantiam seguran\u00e7a e estabilidade.<\/p>\n\n\n\n<h3 class=\"wp-block-heading\" id=\"h-origem-do-termo-modernidade-liquida\">Origem do termo modernidade l\u00edquida<\/h3>\n\n\n\n<p>O conceito foi desenvolvido principalmente na obra Modernidade L\u00edquida (2000), considerada uma das mais importantes de Zygmunt Bauman.<\/p>\n\n\n\n<p>Nesse livro, o autor analisa como as transforma\u00e7\u00f5es do capitalismo global, da cultura de consumo e das rela\u00e7\u00f5es sociais produziram um tipo de modernidade marcada pela fluidez e pela aus\u00eancia de estruturas dur\u00e1veis.<\/p>\n\n\n\n<p>Bauman tamb\u00e9m utiliza a express\u00e3o liquidez social para se referir a esse processo cont\u00ednuo de dissolu\u00e7\u00e3o das formas sociais. Ela trata de uma condi\u00e7\u00e3o em que normas, institui\u00e7\u00f5es e rela\u00e7\u00f5es deixam de oferecer estabilidade, exigindo que os indiv\u00edduos se adaptem constantemente a novos cen\u00e1rios.<\/p>\n\n\n\n<h2 class=\"wp-block-heading\" id=\"h-principais-caracteristicas-da-modernidade-liquida\">Principais caracter\u00edsticas da modernidade l\u00edquida<\/h2>\n\n\n\n<p>A modernidade l\u00edquida se manifesta em diferentes dimens\u00f5es da vida social. Para identificar a fluidez da nossa era, Bauman destacou alguns pilares fundamentais:<\/p>\n\n\n\n<p><strong>Fragilidade das rela\u00e7\u00f5es humanas<\/strong><\/p>\n\n\n\n<p>Os v\u00ednculos afetivos se tornam mais superficiais e tempor\u00e1rios. As rela\u00e7\u00f5es amorosas, amizades e at\u00e9 la\u00e7os familiares s\u00e3o marcados pelo medo do compromisso e pela facilidade do rompimento.<\/p>\n\n\n\n<p><strong>Instabilidade no trabalho<\/strong><\/p>\n\n\n\n<p>As carreiras longas e empregos est\u00e1veis d\u00e3o lugar a trabalhos tempor\u00e1rios, contratos flex\u00edveis e constante inseguran\u00e7a profissional. O indiv\u00edduo passa a ser responsabilizado sozinho por seu sucesso ou fracasso.<\/p>\n\n\n\n<p><strong>Individualismo<\/strong><\/p>\n\n\n\n<p>Na sociedade l\u00edquida, o sujeito \u00e9 incentivado a buscar solu\u00e7\u00f5es individuais para problemas coletivos. Isso enfraquece a solidariedade social e amplia sentimentos de isolamento.<\/p>\n\n\n\n<p><strong>Consumismo<\/strong><\/p>\n\n\n\n<p>O consumo deixa de atender apenas \u00e0s necessidades b\u00e1sicas e passa a ser um elemento central na constru\u00e7\u00e3o da identidade. No entanto, os bens consumidos rapidamente perdem valor simb\u00f3lico, exigindo novas aquisi\u00e7\u00f5es constantes.<\/p>\n\n\n\n<p><strong>Incerteza e medo do futuro<\/strong><\/p>\n\n\n\n<p>A aus\u00eancia de estruturas s\u00f3lidas dificulta o planejamento de longo prazo. A vida passa a ser vivida sob constante sensa\u00e7\u00e3o de risco e instabilidade.<\/p>\n\n\n\n<h2 class=\"wp-block-heading\" id=\"h-modernidade-liquida-x-modernidade-solida-qual-a-diferenca\">Modernidade l\u00edquida x modernidade s\u00f3lida: qual a diferen\u00e7a?<\/h2>\n\n\n\n<p>Para compreender melhor a teoria de Bauman, \u00e9 importante comparar com a chamada modernidade s\u00f3lida. Entenda mais:<\/p>\n\n\n\n<figure class=\"wp-block-table\"><div class=\"container-tabela\"><table class=\"has-fixed-layout\"><tbody><tr><td>Caracter\u00edstica<\/td><td>Modernidade S\u00f3lida<\/td><td>Modernidade L\u00edquida<\/td><\/tr><tr><td>Trabalho<\/td><td>Empregos para a vida toda (carreira linear).<\/td><td>Gig economy (ocupa\u00e7\u00e3o sob demanda), transi\u00e7\u00e3o de carreira e instabilidade.<\/td><\/tr><tr><td>Rela\u00e7\u00f5es<\/td><td>Casamentos e amizades duradouros e &#8220;fixos&#8221;.<\/td><td>&#8220;Conex\u00f5es&#8221; em vez de relacionamentos (f\u00e1cil t\u00e9rmino).<\/td><\/tr><tr><td>Comunidade<\/td><td>Forte sentimento de pertencimento local.<\/td><td>Redes globais, mas sentimentos de isolamento.<\/td><\/tr><tr><td>Estruturas<\/td><td>Institui\u00e7\u00f5es fortes (Estado, Igreja, Fam\u00edlia).<\/td><td>Institui\u00e7\u00f5es em crise de confian\u00e7a e mut\u00e1veis.<\/td><\/tr><\/tbody><\/table><\/div><\/figure>\n\n\n\n<p><\/p>\n\n\n\n<p>Enquanto a modernidade s\u00f3lida buscava seguran\u00e7a e previsibilidade, a l\u00edquida prioriza a liberdade individual, ainda que o pre\u00e7o seja a inseguran\u00e7a. Essa transi\u00e7\u00e3o reflete as transforma\u00e7\u00f5es do capitalismo, da globaliza\u00e7\u00e3o e do avan\u00e7o tecnol\u00f3gico, que aceleraram o ritmo da vida social.<\/p>\n\n\n\n<h2 class=\"wp-block-heading\" id=\"h-exemplos-na-vida-cotidiana\">Exemplos na vida cotidiana<\/h2>\n\n\n\n<p>Podemos observar a teoria de Bauman em quase todos os aspectos do nosso dia a dia como:<\/p>\n\n\n\n<ul class=\"wp-block-list\">\n<li>Redes sociais: onde as amizades s\u00e3o contabilizadas em cliques e podem ser desfeitas com um bloqueio;<\/li>\n<\/ul>\n\n\n\n<ul class=\"wp-block-list\">\n<li>Mercado de trabalho: a necessidade constante de <em>reskilling <\/em>(requalifica\u00e7\u00e3o), j\u00e1 que profiss\u00f5es s\u00f3lidas desaparecem em poucos anos;<\/li>\n<\/ul>\n\n\n\n<ul class=\"wp-block-list\">\n<li>Namoro online: aplicativos de relacionamento que transformam o encontro afetivo em um cat\u00e1logo de produtos descart\u00e1veis.<\/li>\n<\/ul>\n\n\n\n<h2 class=\"wp-block-heading\" id=\"h-criticas-e-debates\">Cr\u00edticas e debates<\/h2>\n\n\n\n<p>Al\u00e9m de Bauman, outros soci\u00f3logos contempor\u00e2neos analisaram as transforma\u00e7\u00f5es da modernidade. Anthony Giddens, por exemplo, destaca o processo de reflexividade social, no qual os indiv\u00edduos precisam constantemente reorganizar suas identidades diante de mudan\u00e7as r\u00e1pidas.<\/p>\n\n\n\n<p>J\u00e1 Ulrich Beck desenvolveu o conceito de sociedade do risco, enfatizando como a modernidade produz novos perigos globais, como crises ambientais e instabilidade econ\u00f4mica.<\/p>\n\n\n\n<p>Apesar de sua grande influ\u00eancia, o conceito de modernidade l\u00edquida n\u00e3o est\u00e1 livre de cr\u00edticas. Alguns autores argumentam que Bauman apresenta uma vis\u00e3o muito pessimista da sociedade contempor\u00e2nea, enfatizando apenas a inseguran\u00e7a e a fragilidade dos v\u00ednculos.<\/p>\n\n\n\n<p>Alguns pensadores argumentam que:<\/p>\n\n\n\n<ul class=\"wp-block-list\">\n<li><strong>Generaliza\u00e7\u00e3o<\/strong>: a &#8220;liquidez&#8221; pode ser uma experi\u00eancia das elites globais, enquanto classes mais baixas ainda vivem sob estruturas muito r\u00edgidas (e s\u00f3lidas) de opress\u00e3o e falta de mobilidade;<\/li>\n<\/ul>\n\n\n\n<ul class=\"wp-block-list\">\n<li><strong>Resili\u00eancia institucional<\/strong>: algumas institui\u00e7\u00f5es s\u00f3lidas se mostraram mais resistentes do que Bauman previu, se adaptando em vez de simplesmente derreterem.<\/li>\n<\/ul>\n\n\n\n<p>Ainda assim, a teoria permanece relevante para compreender tend\u00eancias sociais e culturais do mundo atual. Por isso, ela \u00e9 muito cobrada em exames como Enem e vestibulares e, dessa forma, os estudantes precisam saber como us\u00e1-la da melhor maneira.<\/p>\n\n\n\n<h2 class=\"wp-block-heading\" id=\"h-como-discutir-modernidade-liquida-na-redacao\">Como discutir modernidade l\u00edquida na reda\u00e7\u00e3o?<\/h2>\n\n\n\n<p>Este tema \u00e9 um &#8220;coringa&#8221; para o Enem, vestibulares e concursos p\u00fablicos. Ele \u00e9 um \u00f3timo repert\u00f3rio sociol\u00f3gico para reda\u00e7\u00f5es e para us\u00e1-lo com autoridade, voc\u00ea pode fazer conex\u00f5es com:<\/p>\n\n\n\n<ul class=\"wp-block-list\">\n<li><strong>Sa\u00fade mental<\/strong>: relacione a fluidez com o aumento da ansiedade e depress\u00e3o;<\/li>\n\n\n\n<li><strong>Educa\u00e7\u00e3o<\/strong>: discuta como o ensino precisa se adaptar a um mundo onde a informa\u00e7\u00e3o \u00e9 ef\u00eamera;<\/li>\n\n\n\n<li><strong>Consumo sustent\u00e1vel<\/strong>: use a liquidez para explicar a cultura do descarte e seus impactos ambientais.<\/li>\n<\/ul>\n\n\n\n<p>Ent\u00e3o, na hora de escrever, apresente o conceito de forma clara, o relacione diretamente ao tema proposto, evite generaliza\u00e7\u00f5es excessivas e utilize exemplos concretos do cotidiano.<\/p>\n\n\n\n<p>Outra dica \u00e9 usar o termo &#8220;amor l\u00edquido&#8221; para falar de rela\u00e7\u00f5es l\u00edquidas ou &#8220;vigil\u00e2ncia l\u00edquida&#8221; para falar sobre privacidade na internet. Al\u00e9m disso, frases do autor s\u00e3o bem-vindas, por isso conhe\u00e7a algumas abaixo.<\/p>\n\n\n\n<h3 class=\"wp-block-heading\" id=\"h-citacoes-de-zygmunt-bauman-para-usar-na-redacao\">Cita\u00e7\u00f5es de Zygmunt Bauman para usar na reda\u00e7\u00e3o<\/h3>\n\n\n\n<p>Algumas frases de Bauman ajudam a refor\u00e7ar argumentos, desde que contextualizadas:<\/p>\n\n\n\n<p><em>\u201cA \u00fanica coisa que podemos ter certeza \u00e9 a incerteza\u201d<\/em> &#8211; essa frase sintetiza a instabilidade caracter\u00edstica da modernidade l\u00edquida.<\/p>\n\n\n\n<p><em>\u201cA vida \u00e9 muito maior que a soma de seus momentos.\u201d<\/em> &#8211; Bauman critica a fragmenta\u00e7\u00e3o da experi\u00eancia humana t\u00edpica da sociedade l\u00edquida.<\/p>\n\n\n\n<p><em>\u201c A vida l\u00edquida \u00e9 uma vida prec\u00e1ria, vivida em condi\u00e7\u00f5es de incerteza constante.\u201d<\/em> &#8211; essa cita\u00e7\u00e3o destaca a sensa\u00e7\u00e3o de inseguran\u00e7a que marca o cotidiano contempor\u00e2neo.<\/p>\n\n\n\n<h2 class=\"wp-block-heading\" id=\"h-modernidade-liquida-resumo\">Modernidade l\u00edquida: resumo<\/h2>\n\n\n\n<p>A modernidade l\u00edquida \u00e9 um conceito criado por Zygmunt Bauman para descrever a sociedade contempor\u00e2nea como inst\u00e1vel, fluida e marcada pela fragilidade das rela\u00e7\u00f5es, das institui\u00e7\u00f5es e das identidades.<\/p>\n\n\n\n<p>Diferente da modernidade s\u00f3lida, ela se caracteriza pela incerteza, pelo individualismo e pelo consumo constante. Vivemos em um mundo de conex\u00f5es, n\u00e3o de la\u00e7os; de consumidores, n\u00e3o de cidad\u00e3os fixos. \u00c9 uma era de infinitas possibilidades, mas que exige um alto custo emocional e psicol\u00f3gico.<\/p>\n\n\n\n<p>Por fim, compreender a modernidade l\u00edquida de Zygmunt Bauman \u00e9 fundamental para qualquer profissional ou estudante que deseja navegar com consci\u00eancia na sociedade atual.<\/p>\n\n\n\n<p>Ao reconhecer a fluidez do nosso tempo, podemos desenvolver a resili\u00eancia necess\u00e1ria para as constantes transforma\u00e7\u00f5es do mercado e da vida pessoal. Na Gran Faculdade, incentivamos que o pensamento cr\u00edtico seja o diferencial da sua forma\u00e7\u00e3o.<\/p>\n\n\n\n<h2 class=\"wp-block-heading\" id=\"h-perguntas-frequentes-faq\">Perguntas Frequentes (FAQ)<\/h2>\n\n\n\n<h3 class=\"wp-block-heading\" id=\"h-o-que-caracteriza-a-modernidade-liquida\">O que caracteriza a modernidade l\u00edquida?<\/h3>\n\n\n\n<p>Ela \u00e9 caracterizada pela transitoriedade, pelo individualismo, pelo consumo imediato e pela fragilidade dos v\u00ednculos sociais e profissionais.<\/p>\n\n\n\n<h3 class=\"wp-block-heading\" id=\"h-qual-a-diferenca-para-pos-modernidade\">Qual a diferen\u00e7a para p\u00f3s-modernidade?<\/h3>\n\n\n\n<p>Embora muitos usem como sin\u00f4nimos, a &#8220;modernidade l\u00edquida&#8221; sugere uma continuidade (e acelera\u00e7\u00e3o) da l\u00f3gica moderna, enquanto &#8220;p\u00f3s-modernidade&#8221; sugeriria uma ruptura total com o passado.<\/p>\n\n\n\n<h3 class=\"wp-block-heading\" id=\"h-por-que-bauman-rejeita-a-ideia-de-pos-modernidade\">Por que Bauman rejeita a ideia de p\u00f3s-modernidade?<\/h3>\n\n\n\n<p>Bauman preferia o termo &#8220;modernidade l\u00edquida&#8221; porque acreditava que ainda vivemos sob a l\u00f3gica da modernidade (capitalismo, busca pelo novo), mas de uma forma que &#8220;derreteu&#8221; as estruturas s\u00f3lidas anteriores.<\/p>\n\n\n\n<h3 class=\"wp-block-heading\" id=\"h-a-modernidade-liquida-e-algo-negativo\">A modernidade l\u00edquida \u00e9 algo negativo?<\/h3>\n\n\n\n<p>N\u00e3o necessariamente, mas \u00e9 ambivalente. Ela oferece mais liberdade de escolha e autonomia individual, por\u00e9m retira a seguran\u00e7a e o suporte das comunidades s\u00f3lidas, gerando mais instabilidade.<\/p>\n\n\n\n<h2 class=\"wp-block-heading\" id=\"h-vem-pra-gran-faculdade\">Vem pra Gran Faculdade!<\/h2>\n\n\n\n<p>A Gran Faculdade vem mudando a vida de milhares de pessoas por meio de cursos \u00e0 dist\u00e2ncia de <a href=\"https:\/\/faculdade.grancursosonline.com.br\/\" target=\"_blank\" rel=\"noreferrer noopener\">gradua\u00e7\u00e3o<\/a>, <a href=\"https:\/\/pos.grancursosonline.com.br\/\" target=\"_blank\" rel=\"noreferrer noopener\">p\u00f3s-gradua\u00e7\u00e3o<\/a> e <a href=\"https:\/\/pos.grancursosonline.com.br\/mba\" target=\"_blank\" rel=\"noreferrer noopener\">MBA<\/a>. Seja no digital ou em nosso <a href=\"https:\/\/presencial.grancursosonline.com.br\/\" target=\"_blank\" rel=\"noreferrer noopener\">Campus Presencial em Curitiba<\/a>, a nossa miss\u00e3o \u00e9 transformar a educa\u00e7\u00e3o superior.<\/p>\n\n\n\n<p>Como parte de Sistema Gran de Ensino, que \u00e9 reconhecido como marca aprovadora h\u00e1 mais de 10 anos, constru\u00edmos uma renomada reputa\u00e7\u00e3o na \u00e1rea de educa\u00e7\u00e3o.<\/p>\n\n\n\n<p>Veja algumas de nossas conquistas:<\/p>\n\n\n\n<ul class=\"wp-block-list\">\n<li>Reconhecido pela Amazon como um dos projetos mais relevantes do mundo na \u00e1rea de Tecnologia e Educa\u00e7\u00e3o;<\/li>\n\n\n\n<li>Foi eleito pelo Project Management Institute (PMI), um dos 50 Projetos Mais Influentes do mundo;<\/li>\n\n\n\n<li>Somos o site de educa\u00e7\u00e3o mais acessado do Brasil;<\/li>\n\n\n\n<li>Somos avaliados com a nota m\u00e1xima pelo MEC;<\/li>\n\n\n\n<li>Aqui o semestre come\u00e7a quando quiser: entrada imediata e cont\u00ednua!<\/li>\n\n\n\n<li>Melhores pre\u00e7os do mercado;<\/li>\n\n\n\n<li>Mais de 800 mil alunos pagantes e mais de 1000 funcion\u00e1rios;<\/li>\n\n\n\n<li>Diversas ferramentas de estudo: PDFs, audiobooks, mapas mentais, videoaulas, quest\u00f5es, gerenciador de estudos e muito mais!<\/li>\n\n\n\n<li>Professores experientes e capacitados;<\/li>\n\n\n\n<li>Acesso imediato e 100% online.<\/li>\n<\/ul>\n\n\n\n<p class=\"has-text-align-center has-text-align-center\"><strong><a href=\"https:\/\/faculdade.grancursosonline.com.br\/\">Quero ser aluno da Gran Faculdade<\/a><\/strong><\/p>\n\n\n\n<div class=\"wp-block-group has-background\" style=\"background-color:#8dd2fc7a\"><div class=\"wp-block-group__inner-container is-layout-constrained wp-block-group-is-layout-constrained\">\n<p><strong>Outras not\u00edcias em destaque:<\/strong><\/p>\n\n\n\n<ul class=\"wp-block-list\">\n<li><a href=\"https:\/\/faculdade.grancursosonline.com.br\/blog\/cursos-para-quem-gosta-de-filosofia\/\">Cursos para quem gosta de filosofia: 4 op\u00e7\u00f5es de gradua\u00e7\u00e3o! Confira<\/a><\/li>\n\n\n\n<li><a href=\"https:\/\/faculdade.grancursosonline.com.br\/blog\/vanguardas-europeias\/\">Vanguardas Europeias: o que s\u00e3o, movimentos e caracter\u00edsticas<\/a><\/li>\n\n\n\n<li><a href=\"https:\/\/faculdade.grancursosonline.com.br\/blog\/repertorio-sociocultural\/\">Repert\u00f3rio sociocultural: melhores exemplos para utilizar na reda\u00e7\u00e3o<\/a><\/li>\n<\/ul>\n<\/div><\/div>\n\n\n\n<div class=\"wp-block-group\"><div class=\"wp-block-group__inner-container is-layout-constrained wp-block-group-is-layout-constrained\">\n<div class=\"wp-block-group\"><div class=\"wp-block-group__inner-container is-layout-constrained wp-block-group-is-layout-constrained\">\n<section style=\"text-align: center;\">\n<p>Quer ficar por dentro da Faculdade Digital mais inovadora do Brasil?<\/p>\n<nav>\n<p class=\"has-background has-dark-bluish-background-color\" style=\"font-size: 25px; text-align: center; background: #f0f0f0; color: #ffffff; padding: 4px 0px 4xp 0px;\"><a style=\"color: #0d134c; text-decoration: underline;\" href=\"https:\/\/faculdade.grancursosonline.com.br\/\" target=\"_blank\" rel=\"noopener\">GRADUA\u00c7\u00c3O<\/a><\/p>\n<p class=\"has-background has-dark-bluish-background-color\" style=\"font-size: 25px; text-align: center; background: #f0f0f0; color: #ffffff; padding: 4px 0px 4xp 0px;\"><a style=\"color: #0d134c; text-decoration: underline;\" href=\"https:\/\/pos.grancursosonline.com.br\/\" target=\"_blank\" rel=\"noopener\">P\u00d3S-GRADUA\u00c7\u00c3O<\/a><\/p>\n<p class=\"has-background has-dark-bluish-background-color\" style=\"font-size: 25px; text-align: center; background: #f0f0f0; color: #ffffff; padding: 4px 0px 4xp 0px;\"><a style=\"color: #0d134c; text-decoration: underline;\" href=\"https:\/\/faculdade.grancursosonline.com.br\/nossos-cursos\/\" target=\"_blank\" rel=\"noopener\">TUDO SOBRE A GRAN FACULDADE<\/a><\/p>\n<\/nav>\n<p><strong>Receba <span style=\"color: #cf1e25;\">gratuitamente<\/span> no seu celular as principais not\u00edcias sobre a Gran Faculdade! <br \/>Clique no link abaixo e inscreva-se:<\/strong><\/p>\n<p class=\"has-background has-dark-bluish-background-color\" style=\"font-size: 25px; text-align: center; background: #f0f0f0; color: #ffffff; padding: 4px 0px 4xp 0px;\"><a style=\"color: #0d134c; text-decoration: underline;\" href=\"https:\/\/whatsapp.com\/channel\/0029VaG1sChI7Be7PNndhL43\" target=\"_blank\" rel=\"noopener noreferrer\">WHATSAPP<\/a><\/p>\n<p class=\"has-background has-dark-bluish-background-color\" style=\"font-size: 25px; text-align: center; background: #f0f0f0; color: #ffffff; padding: 4px 0px 4xp 0px;\"><a style=\"color: #0d134c; text-decoration: underline;\" href=\"https:\/\/t.me\/GranFaculdade\" target=\"_blank\" rel=\"noopener noreferrer\">TELEGRAM<\/a><\/p>\n<\/section>\n<\/div><\/div>\n<\/div><\/div>\n","protected":false},"excerpt":{"rendered":"<p>Se antes as institui\u00e7\u00f5es, as rela\u00e7\u00f5es e as carreiras eram vistas como &#8220;rochas&#8221; s\u00f3lidas e imut\u00e1veis, hoje tudo parece escorrer pelas m\u00e3os. Essa sensa\u00e7\u00e3o de imperman\u00eancia n\u00e3o \u00e9 mera coincid\u00eancia, ela \u00e9 o pilar da modernidade l\u00edquida, conceito desenvolvido por Zygmunt Bauman. Essa teoria busca explicar por que vivemos em um mundo marcado pela instabilidade,&hellip;<\/p>\n","protected":false},"author":525,"featured_media":79760266,"comment_status":"open","ping_status":"open","sticky":false,"template":"","format":"standard","meta":{"_acf_changed":false,"content-type":"","footnotes":""},"categories":[218545,2],"tags":[],"class_list":["post-79760162","post","type-post","status-publish","format-standard","has-post-thumbnail","hentry","category-graduacao","category-ultimas-noticias"],"acf":[],"yoast_head":"<!-- This site is optimized with the Yoast SEO Premium plugin v27.2 (Yoast SEO v27.2) - https:\/\/yoast.com\/product\/yoast-seo-premium-wordpress\/ -->\n<title>Modernidade l\u00edquida: o que \u00e9 esse conceito, caracter\u00edsticas e impactos na sociedade atual<\/title>\n<meta name=\"description\" content=\"Entenda o que \u00e9 modernidade l\u00edquida, suas caracter\u00edsticas, exemplos, cr\u00edticas e como usar o conceito de Bauman em reda\u00e7\u00f5es e estudos. Clique!\" \/>\n<meta name=\"robots\" content=\"index, follow, max-snippet:-1, max-image-preview:large, max-video-preview:-1\" \/>\n<link rel=\"canonical\" href=\"https:\/\/faculdade.grancursosonline.com.br\/blog\/modernidade-liquida\/\" \/>\n<meta property=\"og:locale\" content=\"pt_BR\" \/>\n<meta property=\"og:type\" content=\"article\" \/>\n<meta property=\"og:title\" content=\"Modernidade l\u00edquida: o que \u00e9 esse conceito, caracter\u00edsticas e impactos na sociedade atual\" \/>\n<meta property=\"og:description\" content=\"Entenda o que \u00e9 modernidade l\u00edquida, suas caracter\u00edsticas, exemplos, cr\u00edticas e como usar o conceito de Bauman em reda\u00e7\u00f5es e estudos. Clique!\" \/>\n<meta property=\"og:url\" content=\"https:\/\/faculdade.grancursosonline.com.br\/blog\/modernidade-liquida\/\" \/>\n<meta property=\"og:site_name\" content=\"Blog Gran Faculdade\" \/>\n<meta property=\"article:publisher\" content=\"https:\/\/www.facebook.com\/grancursosonline\/\" \/>\n<meta property=\"article:published_time\" content=\"2025-12-30T20:29:44+00:00\" \/>\n<meta property=\"article:modified_time\" content=\"2026-01-05T21:52:29+00:00\" \/>\n<meta property=\"og:image\" content=\"https:\/\/blog-es-static.infra.grancursosonline.com.br\/wp-content\/uploads\/2025\/12\/05185142\/Artes-para-o-blog-Ensino-Superior-Graduacao_3-1000x600-1.jpg\" \/>\n\t<meta property=\"og:image:width\" content=\"1001\" \/>\n\t<meta property=\"og:image:height\" content=\"601\" \/>\n\t<meta property=\"og:image:type\" content=\"image\/jpeg\" \/>\n<meta name=\"author\" content=\"Aline Damettos\" \/>\n<meta name=\"twitter:card\" content=\"summary_large_image\" \/>\n<meta name=\"twitter:creator\" content=\"@gran_online\" \/>\n<meta name=\"twitter:site\" content=\"@gran_online\" \/>\n<meta name=\"twitter:label1\" content=\"Written by\" \/>\n\t<meta name=\"twitter:data1\" content=\"Aline Damettos\" \/>\n\t<meta name=\"twitter:label2\" content=\"Est. reading time\" \/>\n\t<meta name=\"twitter:data2\" content=\"36 minutos\" \/>\n<script type=\"application\/ld+json\" class=\"yoast-schema-graph\">{\"@context\":\"https:\/\/schema.org\",\"@graph\":[{\"@type\":\"NewsArticle\",\"@id\":\"https:\/\/faculdade.grancursosonline.com.br\/blog\/modernidade-liquida\/#article\",\"isPartOf\":{\"@id\":\"https:\/\/faculdade.grancursosonline.com.br\/blog\/modernidade-liquida\/\"},\"author\":{\"name\":\"Aline Damettos\",\"@id\":\"https:\/\/faculdade.grancursosonline.com.br\/blog\/#\/schema\/person\/14e0fa771c0614c4b7434ee70589c075\"},\"headline\":\"Modernidade l\u00edquida: o que \u00e9 esse conceito, caracter\u00edsticas e impactos na sociedade atual\",\"datePublished\":\"2025-12-30T20:29:44+00:00\",\"dateModified\":\"2026-01-05T21:52:29+00:00\",\"mainEntityOfPage\":{\"@id\":\"https:\/\/faculdade.grancursosonline.com.br\/blog\/modernidade-liquida\/\"},\"wordCount\":1833,\"commentCount\":0,\"publisher\":{\"@id\":\"https:\/\/faculdade.grancursosonline.com.br\/blog\/#organization\"},\"image\":{\"@id\":\"https:\/\/faculdade.grancursosonline.com.br\/blog\/modernidade-liquida\/#primaryimage\"},\"thumbnailUrl\":\"https:\/\/blog-es-static.infra.grancursosonline.com.br\/wp-content\/uploads\/2025\/12\/05185142\/Artes-para-o-blog-Ensino-Superior-Graduacao_3-1000x600-1.jpg\",\"articleSection\":[\"Gradua\u00e7\u00e3o Gran Faculdade\",\"\u00daltimas Not\u00edcias\"],\"inLanguage\":\"pt-BR\",\"potentialAction\":[{\"@type\":\"CommentAction\",\"name\":\"Comment\",\"target\":[\"https:\/\/faculdade.grancursosonline.com.br\/blog\/modernidade-liquida\/#respond\"]}],\"copyrightYear\":\"2025\",\"copyrightHolder\":{\"@id\":\"https:\/\/faculdade.grancursosonline.com.br\/blog\/#organization\"}},{\"@type\":\"WebPage\",\"@id\":\"https:\/\/faculdade.grancursosonline.com.br\/blog\/modernidade-liquida\/\",\"url\":\"https:\/\/faculdade.grancursosonline.com.br\/blog\/modernidade-liquida\/\",\"name\":\"Modernidade l\u00edquida: o que \u00e9 esse conceito, caracter\u00edsticas e impactos na sociedade atual\",\"isPartOf\":{\"@id\":\"https:\/\/faculdade.grancursosonline.com.br\/blog\/#website\"},\"primaryImageOfPage\":{\"@id\":\"https:\/\/faculdade.grancursosonline.com.br\/blog\/modernidade-liquida\/#primaryimage\"},\"image\":{\"@id\":\"https:\/\/faculdade.grancursosonline.com.br\/blog\/modernidade-liquida\/#primaryimage\"},\"thumbnailUrl\":\"https:\/\/blog-es-static.infra.grancursosonline.com.br\/wp-content\/uploads\/2025\/12\/05185142\/Artes-para-o-blog-Ensino-Superior-Graduacao_3-1000x600-1.jpg\",\"datePublished\":\"2025-12-30T20:29:44+00:00\",\"dateModified\":\"2026-01-05T21:52:29+00:00\",\"description\":\"Entenda o que \u00e9 modernidade l\u00edquida, suas caracter\u00edsticas, exemplos, cr\u00edticas e como usar o conceito de Bauman em reda\u00e7\u00f5es e estudos. Clique!\",\"breadcrumb\":{\"@id\":\"https:\/\/faculdade.grancursosonline.com.br\/blog\/modernidade-liquida\/#breadcrumb\"},\"inLanguage\":\"pt-BR\",\"potentialAction\":[{\"@type\":\"ReadAction\",\"target\":[\"https:\/\/faculdade.grancursosonline.com.br\/blog\/modernidade-liquida\/\"]}]},{\"@type\":\"ImageObject\",\"inLanguage\":\"pt-BR\",\"@id\":\"https:\/\/faculdade.grancursosonline.com.br\/blog\/modernidade-liquida\/#primaryimage\",\"url\":\"https:\/\/blog-es-static.infra.grancursosonline.com.br\/wp-content\/uploads\/2025\/12\/05185142\/Artes-para-o-blog-Ensino-Superior-Graduacao_3-1000x600-1.jpg\",\"contentUrl\":\"https:\/\/blog-es-static.infra.grancursosonline.com.br\/wp-content\/uploads\/2025\/12\/05185142\/Artes-para-o-blog-Ensino-Superior-Graduacao_3-1000x600-1.jpg\",\"width\":1001,\"height\":601},{\"@type\":\"BreadcrumbList\",\"@id\":\"https:\/\/faculdade.grancursosonline.com.br\/blog\/modernidade-liquida\/#breadcrumb\",\"itemListElement\":[{\"@type\":\"ListItem\",\"position\":1,\"name\":\"In\u00edcio\",\"item\":\"https:\/\/faculdade.grancursosonline.com.br\/blog\/\"},{\"@type\":\"ListItem\",\"position\":2,\"name\":\"Gradua\u00e7\u00e3o Gran Faculdade\",\"item\":\"https:\/\/faculdade.grancursosonline.com.br\/blog\/graduacao\/\"},{\"@type\":\"ListItem\",\"position\":3,\"name\":\"Modernidade l\u00edquida: o que \u00e9 esse conceito, caracter\u00edsticas e impactos na sociedade atual\"}]},{\"@type\":\"WebSite\",\"@id\":\"https:\/\/faculdade.grancursosonline.com.br\/blog\/#website\",\"url\":\"https:\/\/faculdade.grancursosonline.com.br\/blog\/\",\"name\":\"Blog Gran Faculdade\",\"description\":\"Tudo sobre ensino superior, p\u00f3s-gradua\u00e7\u00e3o, enem e carreira.\",\"publisher\":{\"@id\":\"https:\/\/faculdade.grancursosonline.com.br\/blog\/#organization\"},\"potentialAction\":[{\"@type\":\"SearchAction\",\"target\":{\"@type\":\"EntryPoint\",\"urlTemplate\":\"https:\/\/faculdade.grancursosonline.com.br\/blog\/?s={search_term_string}\"},\"query-input\":{\"@type\":\"PropertyValueSpecification\",\"valueRequired\":true,\"valueName\":\"search_term_string\"}}],\"inLanguage\":\"pt-BR\"},{\"@type\":\"Organization\",\"@id\":\"https:\/\/faculdade.grancursosonline.com.br\/blog\/#organization\",\"name\":\"Gran Cursos Online\",\"url\":\"https:\/\/faculdade.grancursosonline.com.br\/blog\/\",\"logo\":{\"@type\":\"ImageObject\",\"inLanguage\":\"pt-BR\",\"@id\":\"https:\/\/faculdade.grancursosonline.com.br\/blog\/#\/schema\/logo\/image\/\",\"url\":\"https:\/\/blog-es-static.infra.grancursosonline.com.br\/wp-content\/uploads\/2019\/08\/03123934\/logo.png\",\"contentUrl\":\"https:\/\/blog-es-static.infra.grancursosonline.com.br\/wp-content\/uploads\/2019\/08\/03123934\/logo.png\",\"width\":300,\"height\":57,\"caption\":\"Gran Cursos Online\"},\"image\":{\"@id\":\"https:\/\/faculdade.grancursosonline.com.br\/blog\/#\/schema\/logo\/image\/\"},\"sameAs\":[\"https:\/\/www.facebook.com\/grancursosonline\/\",\"https:\/\/x.com\/gran_online\",\"https:\/\/www.instagram.com\/grancursosonline\/\",\"https:\/\/www.youtube.com\/user\/grancursostv\"]},{\"@type\":\"Person\",\"@id\":\"https:\/\/faculdade.grancursosonline.com.br\/blog\/#\/schema\/person\/14e0fa771c0614c4b7434ee70589c075\",\"name\":\"Aline Damettos\",\"url\":\"https:\/\/faculdade.grancursosonline.com.br\/blog\/author\/aline-damettos\/\"}]}<\/script>\n<!-- \/ Yoast SEO Premium plugin. -->","yoast_head_json":{"title":"Modernidade l\u00edquida: o que \u00e9 esse conceito, caracter\u00edsticas e impactos na sociedade atual","description":"Entenda o que \u00e9 modernidade l\u00edquida, suas caracter\u00edsticas, exemplos, cr\u00edticas e como usar o conceito de Bauman em reda\u00e7\u00f5es e estudos. Clique!","robots":{"index":"index","follow":"follow","max-snippet":"max-snippet:-1","max-image-preview":"max-image-preview:large","max-video-preview":"max-video-preview:-1"},"canonical":"https:\/\/faculdade.grancursosonline.com.br\/blog\/modernidade-liquida\/","og_locale":"pt_BR","og_type":"article","og_title":"Modernidade l\u00edquida: o que \u00e9 esse conceito, caracter\u00edsticas e impactos na sociedade atual","og_description":"Entenda o que \u00e9 modernidade l\u00edquida, suas caracter\u00edsticas, exemplos, cr\u00edticas e como usar o conceito de Bauman em reda\u00e7\u00f5es e estudos. Clique!","og_url":"https:\/\/faculdade.grancursosonline.com.br\/blog\/modernidade-liquida\/","og_site_name":"Blog Gran Faculdade","article_publisher":"https:\/\/www.facebook.com\/grancursosonline\/","article_published_time":"2025-12-30T20:29:44+00:00","article_modified_time":"2026-01-05T21:52:29+00:00","og_image":[{"width":1001,"height":601,"url":"https:\/\/blog-es-static.infra.grancursosonline.com.br\/wp-content\/uploads\/2025\/12\/05185142\/Artes-para-o-blog-Ensino-Superior-Graduacao_3-1000x600-1.jpg","type":"image\/jpeg"}],"author":"Aline Damettos","twitter_card":"summary_large_image","twitter_creator":"@gran_online","twitter_site":"@gran_online","twitter_misc":{"Written by":"Aline Damettos","Est. reading time":"36 minutos"},"schema":{"@context":"https:\/\/schema.org","@graph":[{"@type":"NewsArticle","@id":"https:\/\/faculdade.grancursosonline.com.br\/blog\/modernidade-liquida\/#article","isPartOf":{"@id":"https:\/\/faculdade.grancursosonline.com.br\/blog\/modernidade-liquida\/"},"author":{"name":"Aline Damettos","@id":"https:\/\/faculdade.grancursosonline.com.br\/blog\/#\/schema\/person\/14e0fa771c0614c4b7434ee70589c075"},"headline":"Modernidade l\u00edquida: o que \u00e9 esse conceito, caracter\u00edsticas e impactos na sociedade atual","datePublished":"2025-12-30T20:29:44+00:00","dateModified":"2026-01-05T21:52:29+00:00","mainEntityOfPage":{"@id":"https:\/\/faculdade.grancursosonline.com.br\/blog\/modernidade-liquida\/"},"wordCount":1833,"commentCount":0,"publisher":{"@id":"https:\/\/faculdade.grancursosonline.com.br\/blog\/#organization"},"image":{"@id":"https:\/\/faculdade.grancursosonline.com.br\/blog\/modernidade-liquida\/#primaryimage"},"thumbnailUrl":"https:\/\/blog-es-static.infra.grancursosonline.com.br\/wp-content\/uploads\/2025\/12\/05185142\/Artes-para-o-blog-Ensino-Superior-Graduacao_3-1000x600-1.jpg","articleSection":["Gradua\u00e7\u00e3o Gran Faculdade","\u00daltimas Not\u00edcias"],"inLanguage":"pt-BR","potentialAction":[{"@type":"CommentAction","name":"Comment","target":["https:\/\/faculdade.grancursosonline.com.br\/blog\/modernidade-liquida\/#respond"]}],"copyrightYear":"2025","copyrightHolder":{"@id":"https:\/\/faculdade.grancursosonline.com.br\/blog\/#organization"}},{"@type":"WebPage","@id":"https:\/\/faculdade.grancursosonline.com.br\/blog\/modernidade-liquida\/","url":"https:\/\/faculdade.grancursosonline.com.br\/blog\/modernidade-liquida\/","name":"Modernidade l\u00edquida: o que \u00e9 esse conceito, caracter\u00edsticas e impactos na sociedade atual","isPartOf":{"@id":"https:\/\/faculdade.grancursosonline.com.br\/blog\/#website"},"primaryImageOfPage":{"@id":"https:\/\/faculdade.grancursosonline.com.br\/blog\/modernidade-liquida\/#primaryimage"},"image":{"@id":"https:\/\/faculdade.grancursosonline.com.br\/blog\/modernidade-liquida\/#primaryimage"},"thumbnailUrl":"https:\/\/blog-es-static.infra.grancursosonline.com.br\/wp-content\/uploads\/2025\/12\/05185142\/Artes-para-o-blog-Ensino-Superior-Graduacao_3-1000x600-1.jpg","datePublished":"2025-12-30T20:29:44+00:00","dateModified":"2026-01-05T21:52:29+00:00","description":"Entenda o que \u00e9 modernidade l\u00edquida, suas caracter\u00edsticas, exemplos, cr\u00edticas e como usar o conceito de Bauman em reda\u00e7\u00f5es e estudos. Clique!","breadcrumb":{"@id":"https:\/\/faculdade.grancursosonline.com.br\/blog\/modernidade-liquida\/#breadcrumb"},"inLanguage":"pt-BR","potentialAction":[{"@type":"ReadAction","target":["https:\/\/faculdade.grancursosonline.com.br\/blog\/modernidade-liquida\/"]}]},{"@type":"ImageObject","inLanguage":"pt-BR","@id":"https:\/\/faculdade.grancursosonline.com.br\/blog\/modernidade-liquida\/#primaryimage","url":"https:\/\/blog-es-static.infra.grancursosonline.com.br\/wp-content\/uploads\/2025\/12\/05185142\/Artes-para-o-blog-Ensino-Superior-Graduacao_3-1000x600-1.jpg","contentUrl":"https:\/\/blog-es-static.infra.grancursosonline.com.br\/wp-content\/uploads\/2025\/12\/05185142\/Artes-para-o-blog-Ensino-Superior-Graduacao_3-1000x600-1.jpg","width":1001,"height":601},{"@type":"BreadcrumbList","@id":"https:\/\/faculdade.grancursosonline.com.br\/blog\/modernidade-liquida\/#breadcrumb","itemListElement":[{"@type":"ListItem","position":1,"name":"In\u00edcio","item":"https:\/\/faculdade.grancursosonline.com.br\/blog\/"},{"@type":"ListItem","position":2,"name":"Gradua\u00e7\u00e3o Gran Faculdade","item":"https:\/\/faculdade.grancursosonline.com.br\/blog\/graduacao\/"},{"@type":"ListItem","position":3,"name":"Modernidade l\u00edquida: o que \u00e9 esse conceito, caracter\u00edsticas e impactos na sociedade atual"}]},{"@type":"WebSite","@id":"https:\/\/faculdade.grancursosonline.com.br\/blog\/#website","url":"https:\/\/faculdade.grancursosonline.com.br\/blog\/","name":"Blog Gran Faculdade","description":"Tudo sobre ensino superior, p\u00f3s-gradua\u00e7\u00e3o, enem e carreira.","publisher":{"@id":"https:\/\/faculdade.grancursosonline.com.br\/blog\/#organization"},"potentialAction":[{"@type":"SearchAction","target":{"@type":"EntryPoint","urlTemplate":"https:\/\/faculdade.grancursosonline.com.br\/blog\/?s={search_term_string}"},"query-input":{"@type":"PropertyValueSpecification","valueRequired":true,"valueName":"search_term_string"}}],"inLanguage":"pt-BR"},{"@type":"Organization","@id":"https:\/\/faculdade.grancursosonline.com.br\/blog\/#organization","name":"Gran Cursos Online","url":"https:\/\/faculdade.grancursosonline.com.br\/blog\/","logo":{"@type":"ImageObject","inLanguage":"pt-BR","@id":"https:\/\/faculdade.grancursosonline.com.br\/blog\/#\/schema\/logo\/image\/","url":"https:\/\/blog-es-static.infra.grancursosonline.com.br\/wp-content\/uploads\/2019\/08\/03123934\/logo.png","contentUrl":"https:\/\/blog-es-static.infra.grancursosonline.com.br\/wp-content\/uploads\/2019\/08\/03123934\/logo.png","width":300,"height":57,"caption":"Gran Cursos Online"},"image":{"@id":"https:\/\/faculdade.grancursosonline.com.br\/blog\/#\/schema\/logo\/image\/"},"sameAs":["https:\/\/www.facebook.com\/grancursosonline\/","https:\/\/x.com\/gran_online","https:\/\/www.instagram.com\/grancursosonline\/","https:\/\/www.youtube.com\/user\/grancursostv"]},{"@type":"Person","@id":"https:\/\/faculdade.grancursosonline.com.br\/blog\/#\/schema\/person\/14e0fa771c0614c4b7434ee70589c075","name":"Aline Damettos","url":"https:\/\/faculdade.grancursosonline.com.br\/blog\/author\/aline-damettos\/"}]}},"_links":{"self":[{"href":"https:\/\/faculdade.grancursosonline.com.br\/blog\/wp-json\/wp\/v2\/posts\/79760162","targetHints":{"allow":["GET"]}}],"collection":[{"href":"https:\/\/faculdade.grancursosonline.com.br\/blog\/wp-json\/wp\/v2\/posts"}],"about":[{"href":"https:\/\/faculdade.grancursosonline.com.br\/blog\/wp-json\/wp\/v2\/types\/post"}],"author":[{"embeddable":true,"href":"https:\/\/faculdade.grancursosonline.com.br\/blog\/wp-json\/wp\/v2\/users\/525"}],"replies":[{"embeddable":true,"href":"https:\/\/faculdade.grancursosonline.com.br\/blog\/wp-json\/wp\/v2\/comments?post=79760162"}],"version-history":[{"count":11,"href":"https:\/\/faculdade.grancursosonline.com.br\/blog\/wp-json\/wp\/v2\/posts\/79760162\/revisions"}],"predecessor-version":[{"id":79760268,"href":"https:\/\/faculdade.grancursosonline.com.br\/blog\/wp-json\/wp\/v2\/posts\/79760162\/revisions\/79760268"}],"wp:featuredmedia":[{"embeddable":true,"href":"https:\/\/faculdade.grancursosonline.com.br\/blog\/wp-json\/wp\/v2\/media\/79760266"}],"wp:attachment":[{"href":"https:\/\/faculdade.grancursosonline.com.br\/blog\/wp-json\/wp\/v2\/media?parent=79760162"}],"wp:term":[{"taxonomy":"category","embeddable":true,"href":"https:\/\/faculdade.grancursosonline.com.br\/blog\/wp-json\/wp\/v2\/categories?post=79760162"},{"taxonomy":"post_tag","embeddable":true,"href":"https:\/\/faculdade.grancursosonline.com.br\/blog\/wp-json\/wp\/v2\/tags?post=79760162"}],"curies":[{"name":"wp","href":"https:\/\/api.w.org\/{rel}","templated":true}]}}